{"id":514,"date":"2026-01-04T05:45:36","date_gmt":"2026-01-04T05:45:36","guid":{"rendered":"https:\/\/www.encontracamacari.com.br\/sobre\/operarios-em-greve-em-obra-da-byd-incendeiam-camacari-e-desmascaram-oportunismo-petista\/"},"modified":"2026-01-04T05:45:36","modified_gmt":"2026-01-04T05:45:36","slug":"operarios-em-greve-em-obra-da-byd-incendeiam-camacari-e-desmascaram-oportunismo-petista","status":"publish","type":"post","link":"https:\/\/www.encontracamacari.com.br\/sobre\/operarios-em-greve-em-obra-da-byd-incendeiam-camacari-e-desmascaram-oportunismo-petista\/","title":{"rendered":"Oper\u00e1rios em greve em obra da BYD incendeiam Cama\u00e7ari e desmascaram oportunismo petista"},"content":{"rendered":"<div class=\"2410bb7248a64bb1f71103797e0f239b\" data-index=\"1\" style=\"float: none; margin:0px;\">\n<ins class=\"adsbygoogle\"\r\n     style=\"display:block\"\r\n     data-ad-client=\"ca-pub-8585364105181520\"\r\n     data-ad-slot=\"8789329856\"\r\n     data-ad-format=\"auto\"\r\n     data-full-width-responsive=\"true\"><\/ins>\r\n<script>\r\n     (adsbygoogle = window.adsbygoogle || []).push({});\r\n<\/script>\n<\/div>\n<h2>O Contexto da Greve em Cama\u00e7ari<\/h2>\n<p>A greve dos oper\u00e1rios na cidade de Cama\u00e7ari, localizada na Regi\u00e3o Metropolitana de Salvador, Bahia, reflete um cen\u00e1rio complexo e significativo na luta por direitos trabalhistas. Em um contexto de crescente explora\u00e7\u00e3o no mercado de trabalho, os oper\u00e1rios da empresa BYD, um monop\u00f3lio social-imperialista chin\u00eas, se mobilizaram em busca de melhores condi\u00e7\u00f5es. Desde a sua instala\u00e7\u00e3o na regi\u00e3o, a BYD tem sido objeto de cr\u00edticas severas, n\u00e3o apenas por suas pr\u00e1ticas empresariais, mas tamb\u00e9m pelo tipo de rela\u00e7\u00e3o que estabelece com os trabalhadores. A greve, iniciada em 2 de dezembro de 2025, representa um marco na reivindica\u00e7\u00e3o dos direitos trabalhistas, sendo um reflexo das condi\u00e7\u00f5es alarmantes que muitos trabalhadores enfrentam diariamente.<\/p>\n<p>As mobiliza\u00e7\u00f5es de Cama\u00e7ari est\u00e3o inseridas em um movimento mais amplo, que abrange outras regi\u00f5es do pa\u00eds e do mundo, onde oper\u00e1rios se levantam contra regimes de semi-servid\u00e3o e explora\u00e7\u00e3o. A cidade, conhecida por abrigar um polo industrial, tem visto um aumento na insatisfa\u00e7\u00e3o entre os trabalhadores devido a pr\u00e1ticas laborais que se assemelham \u00e0 escravid\u00e3o moderna. Essa greve espec\u00edfica surge ap\u00f3s uma s\u00e9rie de den\u00fancias que apontavam a imposi\u00e7\u00e3o de condi\u00e7\u00f5es de trabalho degradantes, revelando um desequil\u00edbrio de poder intenso entre empregadores e empregados.<\/p>\n<h2>As Demandas dos Oper\u00e1rios<\/h2>\n<p>No cerne da greve, encontra-se uma lista extensa de demandas dos oper\u00e1rios. Os trabalhadores exigem melhorias que v\u00e3o desde quest\u00f5es b\u00e1sicas at\u00e9 aquelas que impactam diretamente sua qualidade de vida no ambiente de trabalho. Entre as principais reclama\u00e7\u00f5es, destacam-se:<\/p>\n<p><img decoding=\"async\" src=\"https:\/\/www.encontracamacari.com.br\/sobre\/wp-content\/uploads\/2026\/01\/operarios-em-greve-em-obra-da-byd-incendeiam-camacari-e-desmascaram-oportunismo-petista.webp\" alt=\"greve em Cama\u00e7ari\" loading=\"lazy\" \/><\/p>\n<ul>\n<li><strong>Regulariza\u00e7\u00e3o do pagamento de sal\u00e1rios:<\/strong> Muitos oper\u00e1rios relataram atrasos frequentes, o que impacta diretamente seus or\u00e7amentos pessoais e familiares.<\/li>\n<li><strong>Aumento do adicional por insalubridade:<\/strong> A necessidade de um reconhecimento financeiro mais justo pelas condi\u00e7\u00f5es de trabalho em ambientes potencialmente perigosos \u00e9 clara e justificada.<\/li>\n<li><strong>Instala\u00e7\u00f5es adequadas:<\/strong> Os trabalhadores demandam a instala\u00e7\u00e3o de bebedouros, banheiros em condi\u00e7\u00f5es adequadas e \u00e1reas de descanso, elementos que s\u00e3o muitas vezes negligenciados.<\/li>\n<li><strong>Transporte adequado:<\/strong> A falta de transporte coletivo para os trabalhadores dentro da f\u00e1brica \u00e9 uma quest\u00e3o levantada, refletindo a desconsidera\u00e7\u00e3o pelas necessidades do trabalhador.<\/li>\n<li><strong>Fim da escala 6\u00d71:<\/strong> Essa escala de trabalho em que o trabalhador labora por seis dias seguidos e descansa somente um \u00e9 tamb\u00e9m uma quest\u00e3o urgente que os trabalhadores desejam mudar.<\/li>\n<\/ul>\n<p>Essas exig\u00eancias n\u00e3o s\u00e3o apenas demandas isoladas; elas evidenciam a luta por dignidade no trabalho. Os oper\u00e1rios de Cama\u00e7ari buscam a valida\u00e7\u00e3o de seus direitos, muitas vezes ignorados, e a implementa\u00e7\u00e3o de condi\u00e7\u00f5es que promovam uma vida digna.<\/p>\n<h2>A Rea\u00e7\u00e3o do Governo e da PM-BA<\/h2>\n<p>A resposta do governo e da Pol\u00edcia Militar da Bahia (PM-BA) foi r\u00e1pida e ostensiva. O governador Jer\u00f4nimo Rodrigues, que se apresentava como uma figura contr\u00e1ria ao uso da for\u00e7a em a\u00e7\u00f5es anteriores, despachou a PM-BA para reprimir a greve. O paradoxo em sua postura se torna evidente quando se considera que a repress\u00e3o ocorreu imediatamente depois de suas cr\u00edticas ao \u201cuso da for\u00e7a desmedida\u201d em opera\u00e7\u00f5es anteriores. Isso sugere uma estrat\u00e9gia muitas vezes utilizada por governos, que \u00e9 a de mostrar um lado &#8220;cavalheiresco&#8221; em momentos de press\u00e3o publica, enquanto de fato perpetua um estado de repress\u00e3o contra aqueles que lutam por seus direitos.<\/p>\n<p>No dia 9 de dezembro, durante um protesto pac\u00edfico, a PM-BA usou bombas de g\u00e1s lacrimog\u00eaneo para dispersar os grevistas, demonstrando uma falta de respeito pelas liberdades democr\u00e1ticas e pelos direitos dos trabalhadores. Essa a\u00e7\u00e3o n\u00e3o apenas violou o direito \u00e0 manifesta\u00e7\u00e3o, mas tamb\u00e9m deixou muitos oper\u00e1rios feridos e demonstrou a trucul\u00eancia do Estado contra aqueles que se levantam por melhores condi\u00e7\u00f5es de vida e trabalho.<\/p>\n<h2>Condi\u00e7\u00f5es de Trabalho e Semi-servid\u00e3o<\/h2>\n<p>As condi\u00e7\u00f5es de trabalho em que os oper\u00e1rios da BYD est\u00e3o inseridos t\u00eam sido classificadas como an\u00e1logas \u00e0 escravid\u00e3o, refletindo uma verdadeira semi-servid\u00e3o. Esta \u00e9 uma realidade alarmante em pleno s\u00e9culo XXI, onde os direitos humanos e trabalhistas devem ser observados e garantidos. Tais condi\u00e7\u00f5es incluem jornadas de trabalho exaustivas, baixa remunera\u00e7\u00e3o e uma completa falta de respeito pelas normas trabalhistas e pela dignidade dos trabalhadores.<\/p>\n<p>Em muitas situa\u00e7\u00f5es, os trabalhadores precisam lidar com a press\u00e3o constante por produtividade e a falta de garantias m\u00ednimas de sa\u00fade e seguran\u00e7a. Nesse contexto, o ambiente de trabalho se torna n\u00e3o apenas um lugar de produ\u00e7\u00e3o, mas um espa\u00e7o de medo e explora\u00e7\u00e3o. A luta pela regulariza\u00e7\u00e3o salarial e melhores condi\u00e7\u00f5esn\u00e3o \u00e9 apenas uma demanda trabalhista, \u00e9 uma exig\u00eancia social que visa restaurar a dignidade dos trabalhadores.<\/p><div class=\"2410bb7248a64bb1f71103797e0f239b\" data-index=\"2\" style=\"float: none; margin:0px;\">\n<ins class=\"adsbygoogle\"\r\n     style=\"display:block; text-align:center;\"\r\n     data-ad-layout=\"in-article\"\r\n     data-ad-format=\"fluid\"\r\n     data-ad-client=\"ca-pub-8585364105181520\"\r\n     data-ad-slot=\"2899217073\"><\/ins>\r\n<script>\r\n     (adsbygoogle = window.adsbygoogle || []).push({});\r\n<\/script>\r\n\r\n<\/br><\/br>\n<\/div>\n\n<h2>Cr\u00edticas \u00e0 Dire\u00e7\u00e3o Sindical<\/h2>\n<p>Um dos pontos mais cr\u00edticos e controversos da greve foi a atitude da dire\u00e7\u00e3o sindical local, que mostrou-se ineficaz e at\u00e9 mesmo opositora \u00e0s reivindica\u00e7\u00f5es dos trabalhadores. O Sindicato dos Trabalhadores da Constru\u00e7\u00e3o Civil, Montagem e Manuten\u00e7\u00e3o Industrial de Cama\u00e7ari e Regi\u00e3o (SINDTICCC), que deveria ser o representante e defensor dos oper\u00e1rios, negou-se a reconhecer a greve durante seus dias iniciais, ignorando as necessidades e os clamores dos trabalhadores.<\/p>\n<p>Os oper\u00e1rios, em resposta \u00e0 in\u00e9rcia e \u00e0 falta de apoio do sindicato, decidiram se organizar de maneira independente, formando o Sindicato Livre de Trabalhadores da Constru\u00e7\u00e3o Civil, Montagem e Manuten\u00e7\u00e3o Industrial de Cama\u00e7ari e Regi\u00e3o. Essa decis\u00e3o foi uma a\u00e7\u00e3o significativa que n\u00e3o s\u00f3 representa a necessidade de uma nova representa\u00e7\u00e3o, mas tamb\u00e9m destaca a insatisfa\u00e7\u00e3o crescente com lideran\u00e7as que n\u00e3o conseguem atender aos interesses da classe trabalhadora.<\/p>\n<h2>A Cria\u00e7\u00e3o do Sindicato Livre<\/h2>\n<p>A cria\u00e7\u00e3o do Sindicato Livre foi uma resposta direta \u00e0 trai\u00e7\u00e3o percebida por parte da dire\u00e7\u00e3o do SINDTICCC. Os trabalhadores, ao optarem por fundar um sindicato pr\u00f3prio, visam garantir que suas vozes sejam ouvidas e que suas reivindica\u00e7\u00f5es sejam defendidas de maneira eficaz. Essa nova organiza\u00e7\u00e3o n\u00e3o apenas permitir\u00e1 uma representa\u00e7\u00e3o que dialoga diretamente com as bases, mas tamb\u00e9m servir\u00e1 como um exemplo para outros trabalhadores que se encontram em situa\u00e7\u00f5es semelhantes em diferentes setores.<\/p>\n<p>Esta a\u00e7\u00e3o representa uma mudan\u00e7a significativa no panorama sindical e pol\u00edtico da regi\u00e3o, refor\u00e7ando a ideia de que os trabalhadores precisam ter controle sobre sua pr\u00f3pria organiza\u00e7\u00e3o e lutar por seus direitos sem a media\u00e7\u00e3o de lideran\u00e7as que n\u00e3o representam seus interesses. O Sindicato Livre emergiu como uma alternativa vi\u00e1vel e comprometida com a promo\u00e7\u00e3o dos direitos trabalhistas.<\/p>\n<h2>O Papel da BYD na Explora\u00e7\u00e3o<\/h2>\n<p>A BYD, como um gigante da ind\u00fastria automotiva e de tecnologia, exerce um papel crucial nas din\u00e2micas de emprego em Cama\u00e7ari. A empresa, que deveria ser uma for\u00e7a de desenvolvimento, transformou-se em sin\u00f4nimo de explora\u00e7\u00e3o e abuso em rela\u00e7\u00e3o a seus colaboradores. A imposi\u00e7\u00e3o de condi\u00e7\u00f5es de trabalho que violam direitos fundamentais ilumina a necessidade urgente de um exame mais profundo sobre como empresas multinacionais operam, especialmente em mercados emergentes.<\/p>\n<p>O investimento massivo, estimado em R$ 5,5 bilh\u00f5es por parte do governo, em constante conluio com interesses privados, eleva a quest\u00e3o da responsabilidade social empresarial. Como uma empresa que se beneficia de incentivos fiscais e apoio governamental, a BYD deveria respeitar os direitos dos trabalhadores e garantir condi\u00e7\u00f5es dignas de trabalho. Ao inv\u00e9s disso, optou por estrat\u00e9gias que privilegiam lucros em detrimento do bem-estar dos trabalhadores.<\/p>\n<h2>Repress\u00e3o e Resist\u00eancia dos Trabalhadores<\/h2>\n<p>A repress\u00e3o executada pela PM-BA e a\u00e7\u00f5es anti-sindicais da empresa revelam uma tentativa clara de desmantelar qualquer resist\u00eancia organizada. A resposta violenta \u00e0s reivindica\u00e7\u00f5es dos trabalhadores n\u00e3o s\u00f3 silencia a luta atual como tamb\u00e9m serve como um aviso para outros que possam se sentir inspirados a agir. No entanto, a resili\u00eancia demonstrada pelos oper\u00e1rios de Cama\u00e7ari \u00e9 emblem\u00e1tica da luta cont\u00ednua pela justi\u00e7a social e direitos trabalhistas.<\/p>\n<p>As mobiliza\u00e7\u00f5es e a greve s\u00e3o uma forma de resist\u00eancia que espelham um desejo coletivo de dignidade e respeito. A luta em Cama\u00e7ari n\u00e3o \u00e9 um caso isolado; \u00e9 uma parte do movimento global que se ergue contra desigualdades sociais e explora\u00e7\u00e3o do trabalho, trazendo \u00e0 tona o desejo de mudan\u00e7a e de um futuro mais igualit\u00e1rio.<\/p>\n<h2>Implica\u00e7\u00f5es para o Futuro<\/h2>\n<p>A luta dos oper\u00e1rios de Cama\u00e7ari pode ter implica\u00e7\u00f5es profundas tanto para a classe trabalhadora local quanto para outras comunidades que enfrentam problemas semelhantes. A vit\u00f3ria na greve pode servir como um catalisador para a organiza\u00e7\u00e3o de trabalhadores em todo o Brasil, incentivando outros a se levantarem contra a explora\u00e7\u00e3o e as injusti\u00e7as \u00e0 qual s\u00e3o submetidos.<\/p>\n<p>Enquanto a repress\u00e3o pode ser uma resposta imediata do governo e de monop\u00f3lios, a resist\u00eancia organizada tende a fomentar solidariedade entre os trabalhadores. Uma vit\u00f3ria significativa em Cama\u00e7ari pode inspirar a\u00e7\u00f5es semelhantes em outros setores e regi\u00f5es, promovendo um ambiente onde os direitos trabalhistas sejam respeitados e a dignidade do trabalho restaurada.<\/p>\n<h2>A Import\u00e2ncia da Mobiliza\u00e7\u00e3o Oper\u00e1ria<\/h2>\n<p>A mobiliza\u00e7\u00e3o oper\u00e1ria \u00e9 fundamental n\u00e3o apenas para a conquista de direitos imediatos, mas tamb\u00e9m para a constru\u00e7\u00e3o de uma sociedade mais justa. A luta em Cama\u00e7ari demonstra como a uni\u00e3o e a organiza\u00e7\u00e3o dos trabalhadores podem ser eficazes na luta contra a explora\u00e7\u00e3o. Quando os trabalhadores se mobilizam, eles criam uma voz coletiva que pode desafiar estruturas de poder estabelecidas.<br \/>\nEssa organiza\u00e7\u00e3o \u00e9 um passo significativo em dire\u00e7\u00e3o \u00e0 transforma\u00e7\u00e3o das condi\u00e7\u00f5es laborais e \u00e0 conquista de um futuro onde os direitos humanos e trabalhistas s\u00e3o inegoci\u00e1veis. Portanto, apoiar movimentos como o da greve em Cama\u00e7ari \u00e9 essencial para a constru\u00e7\u00e3o de uma sociedade mais equitativa e digna para todos.<\/p>\n<div class=\"2410bb7248a64bb1f71103797e0f239b\" data-index=\"3\" style=\"float: none; margin:0px;\">\n<\/br><\/br>\r\n\r\n<ins class=\"adsbygoogle\"\r\n     style=\"display:block\"\r\n     data-ad-format=\"fluid\"\r\n     data-ad-layout-key=\"-63+do+n-1s+9e\"\r\n     data-ad-client=\"ca-pub-8585364105181520\"\r\n     data-ad-slot=\"6838462089\"><\/ins>\r\n<script>\r\n     (adsbygoogle = window.adsbygoogle || []).push({});\r\n<\/script>\n<\/div>\n\n<div style=\"font-size: 0px; height: 0px; line-height: 0px; margin: 0; padding: 0; clear: both;\"><\/div>","protected":false},"excerpt":{"rendered":"<p>Oper\u00e1rios em greve em Cama\u00e7ari desmascaram a\u00e7\u00f5es de opress\u00e3o e resist\u00eancia.<\/p>\n","protected":false},"author":1,"featured_media":513,"comment_status":"open","ping_status":"closed","sticky":false,"template":"","format":"standard","meta":{"footnotes":""},"categories":[1],"tags":[],"class_list":["post-514","post","type-post","status-publish","format-standard","has-post-thumbnail","hentry","category-noticias-em-camacari","has_thumb"],"aioseo_notices":[],"aioseo_head":"\n\t\t<!-- All in One SEO 5.0.0.1 - aioseo.com -->\n\t<meta name=\"description\" content=\"Oper\u00e1rios em greve em Cama\u00e7ari desmascaram a\u00e7\u00f5es de opress\u00e3o e resist\u00eancia.\" \/>\n\t<meta name=\"robots\" content=\"max-image-preview:large\" \/>\n\t<meta name=\"author\" content=\"Encontra Cama\u00e7ari\"\/>\n\t<link rel=\"canonical\" href=\"https:\/\/www.encontracamacari.com.br\/sobre\/operarios-em-greve-em-obra-da-byd-incendeiam-camacari-e-desmascaram-oportunismo-petista\/\" \/>\n\t<meta name=\"generator\" content=\"All in One SEO (AIOSEO) 5.0.0.1\" \/>\n\t\t<meta property=\"og:locale\" content=\"pt_BR\" \/>\n\t\t<meta property=\"og:site_name\" content=\"Encontra Cama\u00e7ari - Not\u00edcias, eventos, informa\u00e7\u00f5es e dicas na cidade de Cama\u00e7ari e regi\u00e3o.\" \/>\n\t\t<meta property=\"og:type\" content=\"article\" \/>\n\t\t<meta property=\"og:title\" content=\"Oper\u00e1rios em greve em obra da BYD incendeiam Cama\u00e7ari e desmascaram oportunismo petista - Encontra Cama\u00e7ari\" \/>\n\t\t<meta property=\"og:description\" content=\"Oper\u00e1rios em greve em Cama\u00e7ari desmascaram a\u00e7\u00f5es de opress\u00e3o e resist\u00eancia.\" \/>\n\t\t<meta property=\"og:url\" content=\"https:\/\/www.encontracamacari.com.br\/sobre\/operarios-em-greve-em-obra-da-byd-incendeiam-camacari-e-desmascaram-oportunismo-petista\/\" \/>\n\t\t<meta property=\"article:published_time\" content=\"2026-01-04T05:45:36+00:00\" \/>\n\t\t<meta property=\"article:modified_time\" content=\"2026-01-04T05:45:36+00:00\" \/>\n\t\t<meta name=\"twitter:card\" content=\"summary_large_image\" \/>\n\t\t<meta name=\"twitter:title\" content=\"Oper\u00e1rios em greve em obra da BYD incendeiam Cama\u00e7ari e desmascaram oportunismo petista - Encontra Cama\u00e7ari\" \/>\n\t\t<meta name=\"twitter:description\" content=\"Oper\u00e1rios em greve em Cama\u00e7ari desmascaram a\u00e7\u00f5es de opress\u00e3o e resist\u00eancia.\" \/>\n\t\t<script type=\"application\/ld+json\" class=\"aioseo-schema\">\n\t\t\t{\"@context\":\"https:\\\/\\\/schema.org\",\"@graph\":[{\"@type\":\"BlogPosting\",\"@id\":\"https:\\\/\\\/www.encontracamacari.com.br\\\/sobre\\\/operarios-em-greve-em-obra-da-byd-incendeiam-camacari-e-desmascaram-oportunismo-petista\\\/#blogposting\",\"name\":\"Oper\\u00e1rios em greve em obra da BYD incendeiam Cama\\u00e7ari e desmascaram oportunismo petista - Encontra Cama\\u00e7ari\",\"headline\":\"Oper\\u00e1rios em greve em obra da BYD incendeiam Cama\\u00e7ari e desmascaram oportunismo petista\",\"author\":{\"@id\":\"https:\\\/\\\/www.encontracamacari.com.br\\\/sobre\\\/author\\\/ecamacari\\\/#author\"},\"publisher\":{\"@id\":\"https:\\\/\\\/www.encontracamacari.com.br\\\/sobre\\\/#organization\"},\"image\":{\"@type\":\"ImageObject\",\"url\":\"https:\\\/\\\/www.encontracamacari.com.br\\\/sobre\\\/wp-content\\\/uploads\\\/2026\\\/01\\\/operarios-em-greve-em-obra-da-byd-incendeiam-camacari-e-desmascaram-oportunismo-petista.webp\",\"width\":320,\"height\":280,\"caption\":\"greve em Cama\\u00e7ari\"},\"datePublished\":\"2026-01-04T05:45:36+00:00\",\"dateModified\":\"2026-01-04T05:45:36+00:00\",\"inLanguage\":\"pt-BR\",\"mainEntityOfPage\":{\"@id\":\"https:\\\/\\\/www.encontracamacari.com.br\\\/sobre\\\/operarios-em-greve-em-obra-da-byd-incendeiam-camacari-e-desmascaram-oportunismo-petista\\\/#webpage\"},\"isPartOf\":{\"@id\":\"https:\\\/\\\/www.encontracamacari.com.br\\\/sobre\\\/operarios-em-greve-em-obra-da-byd-incendeiam-camacari-e-desmascaram-oportunismo-petista\\\/#webpage\"},\"articleSection\":\"Not\\u00edcias Cama\\u00e7ari\"},{\"@type\":\"BreadcrumbList\",\"@id\":\"https:\\\/\\\/www.encontracamacari.com.br\\\/sobre\\\/operarios-em-greve-em-obra-da-byd-incendeiam-camacari-e-desmascaram-oportunismo-petista\\\/#breadcrumblist\",\"itemListElement\":[{\"@type\":\"ListItem\",\"@id\":\"https:\\\/\\\/www.encontracamacari.com.br\\\/sobre#listItem\",\"position\":1,\"name\":\"Home\",\"item\":\"https:\\\/\\\/www.encontracamacari.com.br\\\/sobre\",\"nextItem\":{\"@type\":\"ListItem\",\"@id\":\"https:\\\/\\\/www.encontracamacari.com.br\\\/sobre\\\/noticias-em-camacari\\\/#listItem\",\"name\":\"Not\\u00edcias Cama\\u00e7ari\"}},{\"@type\":\"ListItem\",\"@id\":\"https:\\\/\\\/www.encontracamacari.com.br\\\/sobre\\\/noticias-em-camacari\\\/#listItem\",\"position\":2,\"name\":\"Not\\u00edcias Cama\\u00e7ari\",\"item\":\"https:\\\/\\\/www.encontracamacari.com.br\\\/sobre\\\/noticias-em-camacari\\\/\",\"nextItem\":{\"@type\":\"ListItem\",\"@id\":\"https:\\\/\\\/www.encontracamacari.com.br\\\/sobre\\\/operarios-em-greve-em-obra-da-byd-incendeiam-camacari-e-desmascaram-oportunismo-petista\\\/#listItem\",\"name\":\"Oper\\u00e1rios em greve em obra da BYD incendeiam Cama\\u00e7ari e desmascaram oportunismo petista\"},\"previousItem\":{\"@type\":\"ListItem\",\"@id\":\"https:\\\/\\\/www.encontracamacari.com.br\\\/sobre#listItem\",\"name\":\"Home\"}},{\"@type\":\"ListItem\",\"@id\":\"https:\\\/\\\/www.encontracamacari.com.br\\\/sobre\\\/operarios-em-greve-em-obra-da-byd-incendeiam-camacari-e-desmascaram-oportunismo-petista\\\/#listItem\",\"position\":3,\"name\":\"Oper\\u00e1rios em greve em obra da BYD incendeiam Cama\\u00e7ari e desmascaram oportunismo petista\",\"previousItem\":{\"@type\":\"ListItem\",\"@id\":\"https:\\\/\\\/www.encontracamacari.com.br\\\/sobre\\\/noticias-em-camacari\\\/#listItem\",\"name\":\"Not\\u00edcias Cama\\u00e7ari\"}}]},{\"@type\":\"Organization\",\"@id\":\"https:\\\/\\\/www.encontracamacari.com.br\\\/sobre\\\/#organization\",\"name\":\"Encontra Cama\\u00e7ari\",\"description\":\"Not\\u00edcias, eventos, informa\\u00e7\\u00f5es e dicas na cidade de Cama\\u00e7ari e regi\\u00e3o.\",\"url\":\"https:\\\/\\\/www.encontracamacari.com.br\\\/sobre\\\/\"},{\"@type\":\"Person\",\"@id\":\"https:\\\/\\\/www.encontracamacari.com.br\\\/sobre\\\/author\\\/ecamacari\\\/#author\",\"url\":\"https:\\\/\\\/www.encontracamacari.com.br\\\/sobre\\\/author\\\/ecamacari\\\/\",\"name\":\"Encontra Cama\\u00e7ari\",\"image\":{\"@type\":\"ImageObject\",\"@id\":\"https:\\\/\\\/www.encontracamacari.com.br\\\/sobre\\\/operarios-em-greve-em-obra-da-byd-incendeiam-camacari-e-desmascaram-oportunismo-petista\\\/#authorImage\",\"url\":\"https:\\\/\\\/secure.gravatar.com\\\/avatar\\\/507340682b8270222e1f208e23198b6ae7e2c6a1033ae84e99bc6bce4f82a387?s=96&d=mm&r=g\",\"width\":96,\"height\":96,\"caption\":\"Encontra Cama\\u00e7ari\"}},{\"@type\":\"WebPage\",\"@id\":\"https:\\\/\\\/www.encontracamacari.com.br\\\/sobre\\\/operarios-em-greve-em-obra-da-byd-incendeiam-camacari-e-desmascaram-oportunismo-petista\\\/#webpage\",\"url\":\"https:\\\/\\\/www.encontracamacari.com.br\\\/sobre\\\/operarios-em-greve-em-obra-da-byd-incendeiam-camacari-e-desmascaram-oportunismo-petista\\\/\",\"name\":\"Oper\\u00e1rios em greve em obra da BYD incendeiam Cama\\u00e7ari e desmascaram oportunismo petista - Encontra Cama\\u00e7ari\",\"description\":\"Oper\\u00e1rios em greve em Cama\\u00e7ari desmascaram a\\u00e7\\u00f5es de opress\\u00e3o e resist\\u00eancia.\",\"inLanguage\":\"pt-BR\",\"isPartOf\":{\"@id\":\"https:\\\/\\\/www.encontracamacari.com.br\\\/sobre\\\/#website\"},\"breadcrumb\":{\"@id\":\"https:\\\/\\\/www.encontracamacari.com.br\\\/sobre\\\/operarios-em-greve-em-obra-da-byd-incendeiam-camacari-e-desmascaram-oportunismo-petista\\\/#breadcrumblist\"},\"author\":{\"@id\":\"https:\\\/\\\/www.encontracamacari.com.br\\\/sobre\\\/author\\\/ecamacari\\\/#author\"},\"creator\":{\"@id\":\"https:\\\/\\\/www.encontracamacari.com.br\\\/sobre\\\/author\\\/ecamacari\\\/#author\"},\"image\":{\"@type\":\"ImageObject\",\"url\":\"https:\\\/\\\/www.encontracamacari.com.br\\\/sobre\\\/wp-content\\\/uploads\\\/2026\\\/01\\\/operarios-em-greve-em-obra-da-byd-incendeiam-camacari-e-desmascaram-oportunismo-petista.webp\",\"@id\":\"https:\\\/\\\/www.encontracamacari.com.br\\\/sobre\\\/operarios-em-greve-em-obra-da-byd-incendeiam-camacari-e-desmascaram-oportunismo-petista\\\/#mainImage\",\"width\":320,\"height\":280,\"caption\":\"greve em Cama\\u00e7ari\"},\"primaryImageOfPage\":{\"@id\":\"https:\\\/\\\/www.encontracamacari.com.br\\\/sobre\\\/operarios-em-greve-em-obra-da-byd-incendeiam-camacari-e-desmascaram-oportunismo-petista\\\/#mainImage\"},\"datePublished\":\"2026-01-04T05:45:36+00:00\",\"dateModified\":\"2026-01-04T05:45:36+00:00\"},{\"@type\":\"WebSite\",\"@id\":\"https:\\\/\\\/www.encontracamacari.com.br\\\/sobre\\\/#website\",\"url\":\"https:\\\/\\\/www.encontracamacari.com.br\\\/sobre\\\/\",\"name\":\"Encontra Cama\\u00e7ari\",\"description\":\"Not\\u00edcias, eventos, informa\\u00e7\\u00f5es e dicas na cidade de Cama\\u00e7ari e regi\\u00e3o.\",\"inLanguage\":\"pt-BR\",\"publisher\":{\"@id\":\"https:\\\/\\\/www.encontracamacari.com.br\\\/sobre\\\/#organization\"}}]}\n\t\t<\/script>\n\t\t<!-- All in One SEO -->\n\n","aioseo_head_json":{"title":"Oper\u00e1rios em greve em obra da BYD incendeiam Cama\u00e7ari e desmascaram oportunismo petista - Encontra Cama\u00e7ari","description":"Oper\u00e1rios em greve em Cama\u00e7ari desmascaram a\u00e7\u00f5es de opress\u00e3o e resist\u00eancia.","canonical_url":"https:\/\/www.encontracamacari.com.br\/sobre\/operarios-em-greve-em-obra-da-byd-incendeiam-camacari-e-desmascaram-oportunismo-petista\/","robots":"max-image-preview:large","keywords":"","webmasterTools":{"miscellaneous":""},"schema":{"@context":"https:\/\/schema.org","@graph":[{"@type":"BlogPosting","@id":"https:\/\/www.encontracamacari.com.br\/sobre\/operarios-em-greve-em-obra-da-byd-incendeiam-camacari-e-desmascaram-oportunismo-petista\/#blogposting","name":"Oper\u00e1rios em greve em obra da BYD incendeiam Cama\u00e7ari e desmascaram oportunismo petista - Encontra Cama\u00e7ari","headline":"Oper\u00e1rios em greve em obra da BYD incendeiam Cama\u00e7ari e desmascaram oportunismo petista","author":{"@id":"https:\/\/www.encontracamacari.com.br\/sobre\/author\/ecamacari\/#author"},"publisher":{"@id":"https:\/\/www.encontracamacari.com.br\/sobre\/#organization"},"image":{"@type":"ImageObject","url":"https:\/\/www.encontracamacari.com.br\/sobre\/wp-content\/uploads\/2026\/01\/operarios-em-greve-em-obra-da-byd-incendeiam-camacari-e-desmascaram-oportunismo-petista.webp","width":320,"height":280,"caption":"greve em Cama\u00e7ari"},"datePublished":"2026-01-04T05:45:36+00:00","dateModified":"2026-01-04T05:45:36+00:00","inLanguage":"pt-BR","mainEntityOfPage":{"@id":"https:\/\/www.encontracamacari.com.br\/sobre\/operarios-em-greve-em-obra-da-byd-incendeiam-camacari-e-desmascaram-oportunismo-petista\/#webpage"},"isPartOf":{"@id":"https:\/\/www.encontracamacari.com.br\/sobre\/operarios-em-greve-em-obra-da-byd-incendeiam-camacari-e-desmascaram-oportunismo-petista\/#webpage"},"articleSection":"Not\u00edcias Cama\u00e7ari"},{"@type":"BreadcrumbList","@id":"https:\/\/www.encontracamacari.com.br\/sobre\/operarios-em-greve-em-obra-da-byd-incendeiam-camacari-e-desmascaram-oportunismo-petista\/#breadcrumblist","itemListElement":[{"@type":"ListItem","@id":"https:\/\/www.encontracamacari.com.br\/sobre#listItem","position":1,"name":"Home","item":"https:\/\/www.encontracamacari.com.br\/sobre","nextItem":{"@type":"ListItem","@id":"https:\/\/www.encontracamacari.com.br\/sobre\/noticias-em-camacari\/#listItem","name":"Not\u00edcias Cama\u00e7ari"}},{"@type":"ListItem","@id":"https:\/\/www.encontracamacari.com.br\/sobre\/noticias-em-camacari\/#listItem","position":2,"name":"Not\u00edcias Cama\u00e7ari","item":"https:\/\/www.encontracamacari.com.br\/sobre\/noticias-em-camacari\/","nextItem":{"@type":"ListItem","@id":"https:\/\/www.encontracamacari.com.br\/sobre\/operarios-em-greve-em-obra-da-byd-incendeiam-camacari-e-desmascaram-oportunismo-petista\/#listItem","name":"Oper\u00e1rios em greve em obra da BYD incendeiam Cama\u00e7ari e desmascaram oportunismo petista"},"previousItem":{"@type":"ListItem","@id":"https:\/\/www.encontracamacari.com.br\/sobre#listItem","name":"Home"}},{"@type":"ListItem","@id":"https:\/\/www.encontracamacari.com.br\/sobre\/operarios-em-greve-em-obra-da-byd-incendeiam-camacari-e-desmascaram-oportunismo-petista\/#listItem","position":3,"name":"Oper\u00e1rios em greve em obra da BYD incendeiam Cama\u00e7ari e desmascaram oportunismo petista","previousItem":{"@type":"ListItem","@id":"https:\/\/www.encontracamacari.com.br\/sobre\/noticias-em-camacari\/#listItem","name":"Not\u00edcias Cama\u00e7ari"}}]},{"@type":"Organization","@id":"https:\/\/www.encontracamacari.com.br\/sobre\/#organization","name":"Encontra Cama\u00e7ari","description":"Not\u00edcias, eventos, informa\u00e7\u00f5es e dicas na cidade de Cama\u00e7ari e regi\u00e3o.","url":"https:\/\/www.encontracamacari.com.br\/sobre\/"},{"@type":"Person","@id":"https:\/\/www.encontracamacari.com.br\/sobre\/author\/ecamacari\/#author","url":"https:\/\/www.encontracamacari.com.br\/sobre\/author\/ecamacari\/","name":"Encontra Cama\u00e7ari","image":{"@type":"ImageObject","@id":"https:\/\/www.encontracamacari.com.br\/sobre\/operarios-em-greve-em-obra-da-byd-incendeiam-camacari-e-desmascaram-oportunismo-petista\/#authorImage","url":"https:\/\/secure.gravatar.com\/avatar\/507340682b8270222e1f208e23198b6ae7e2c6a1033ae84e99bc6bce4f82a387?s=96&d=mm&r=g","width":96,"height":96,"caption":"Encontra Cama\u00e7ari"}},{"@type":"WebPage","@id":"https:\/\/www.encontracamacari.com.br\/sobre\/operarios-em-greve-em-obra-da-byd-incendeiam-camacari-e-desmascaram-oportunismo-petista\/#webpage","url":"https:\/\/www.encontracamacari.com.br\/sobre\/operarios-em-greve-em-obra-da-byd-incendeiam-camacari-e-desmascaram-oportunismo-petista\/","name":"Oper\u00e1rios em greve em obra da BYD incendeiam Cama\u00e7ari e desmascaram oportunismo petista - Encontra Cama\u00e7ari","description":"Oper\u00e1rios em greve em Cama\u00e7ari desmascaram a\u00e7\u00f5es de opress\u00e3o e resist\u00eancia.","inLanguage":"pt-BR","isPartOf":{"@id":"https:\/\/www.encontracamacari.com.br\/sobre\/#website"},"breadcrumb":{"@id":"https:\/\/www.encontracamacari.com.br\/sobre\/operarios-em-greve-em-obra-da-byd-incendeiam-camacari-e-desmascaram-oportunismo-petista\/#breadcrumblist"},"author":{"@id":"https:\/\/www.encontracamacari.com.br\/sobre\/author\/ecamacari\/#author"},"creator":{"@id":"https:\/\/www.encontracamacari.com.br\/sobre\/author\/ecamacari\/#author"},"image":{"@type":"ImageObject","url":"https:\/\/www.encontracamacari.com.br\/sobre\/wp-content\/uploads\/2026\/01\/operarios-em-greve-em-obra-da-byd-incendeiam-camacari-e-desmascaram-oportunismo-petista.webp","@id":"https:\/\/www.encontracamacari.com.br\/sobre\/operarios-em-greve-em-obra-da-byd-incendeiam-camacari-e-desmascaram-oportunismo-petista\/#mainImage","width":320,"height":280,"caption":"greve em Cama\u00e7ari"},"primaryImageOfPage":{"@id":"https:\/\/www.encontracamacari.com.br\/sobre\/operarios-em-greve-em-obra-da-byd-incendeiam-camacari-e-desmascaram-oportunismo-petista\/#mainImage"},"datePublished":"2026-01-04T05:45:36+00:00","dateModified":"2026-01-04T05:45:36+00:00"},{"@type":"WebSite","@id":"https:\/\/www.encontracamacari.com.br\/sobre\/#website","url":"https:\/\/www.encontracamacari.com.br\/sobre\/","name":"Encontra Cama\u00e7ari","description":"Not\u00edcias, eventos, informa\u00e7\u00f5es e dicas na cidade de Cama\u00e7ari e regi\u00e3o.","inLanguage":"pt-BR","publisher":{"@id":"https:\/\/www.encontracamacari.com.br\/sobre\/#organization"}}]},"og:locale":"pt_BR","og:site_name":"Encontra Cama\u00e7ari - Not\u00edcias, eventos, informa\u00e7\u00f5es e dicas na cidade de Cama\u00e7ari e regi\u00e3o.","og:type":"article","og:title":"Oper\u00e1rios em greve em obra da BYD incendeiam Cama\u00e7ari e desmascaram oportunismo petista - Encontra Cama\u00e7ari","og:description":"Oper\u00e1rios em greve em Cama\u00e7ari desmascaram a\u00e7\u00f5es de opress\u00e3o e resist\u00eancia.","og:url":"https:\/\/www.encontracamacari.com.br\/sobre\/operarios-em-greve-em-obra-da-byd-incendeiam-camacari-e-desmascaram-oportunismo-petista\/","article:published_time":"2026-01-04T05:45:36+00:00","article:modified_time":"2026-01-04T05:45:36+00:00","twitter:card":"summary_large_image","twitter:title":"Oper\u00e1rios em greve em obra da BYD incendeiam Cama\u00e7ari e desmascaram oportunismo petista - Encontra Cama\u00e7ari","twitter:description":"Oper\u00e1rios em greve em Cama\u00e7ari desmascaram a\u00e7\u00f5es de opress\u00e3o e resist\u00eancia."},"aioseo_meta_data":{"post_id":"514","title":null,"description":null,"keywords":null,"keyphrases":null,"primary_term":null,"canonical_url":null,"og_title":null,"og_description":null,"og_object_type":"default","og_image_type":"default","og_image_url":null,"og_image_width":null,"og_image_height":null,"og_image_custom_url":null,"og_image_custom_fields":null,"og_video":null,"og_custom_url":null,"og_article_section":null,"og_article_tags":null,"twitter_use_og":false,"twitter_card":"default","twitter_image_type":"default","twitter_image_url":null,"twitter_image_custom_url":null,"twitter_image_custom_fields":null,"twitter_title":null,"twitter_description":null,"schema":{"blockGraphs":[],"customGraphs":[],"default":{"data":{"Article":[],"Course":[],"Dataset":[],"FAQPage":[],"Movie":[],"Person":[],"Product":[],"ProductReview":[],"Car":[],"Recipe":[],"Service":[],"SoftwareApplication":[],"WebPage":[]},"graphName":"BlogPosting","isEnabled":true},"graphs":[]},"schema_type":"default","schema_type_options":null,"pillar_content":false,"robots_default":true,"robots_noindex":false,"robots_noarchive":false,"robots_nosnippet":false,"robots_nofollow":false,"robots_noimageindex":false,"robots_noodp":false,"robots_notranslate":false,"robots_max_snippet":null,"robots_max_videopreview":null,"robots_max_imagepreview":"large","priority":null,"frequency":null,"local_seo":null,"limit_modified_date":false,"created":"2026-01-04 05:45:41","updated":"2026-08-06 00:38:20","focus_keyword":null,"additional_keywords":null,"truseo_locale":null,"ai":null,"breadcrumb_settings":null,"seo_analyzer_scan_date":null},"aioseo_breadcrumb":"<div class=\"aioseo-breadcrumbs\"><span class=\"aioseo-breadcrumb\">\n\t\t\t<a href=\"https:\/\/www.encontracamacari.com.br\/sobre\" title=\"Home\">Home<\/a>\n\t\t<\/span><span class=\"aioseo-breadcrumb-separator\">&raquo;<\/span><span class=\"aioseo-breadcrumb\">\n\t\t\t<a href=\"https:\/\/www.encontracamacari.com.br\/sobre\/noticias-em-camacari\/\" title=\"Not\u00edcias Cama\u00e7ari\">Not\u00edcias Cama\u00e7ari<\/a>\n\t\t<\/span><span class=\"aioseo-breadcrumb-separator\">&raquo;<\/span><span class=\"aioseo-breadcrumb\">\n\t\t\tOper\u00e1rios em greve em obra da BYD incendeiam Cama\u00e7ari e desmascaram oportunismo petista\n\t\t<\/span><\/div>","aioseo_breadcrumb_json":[{"label":"Home","link":"https:\/\/www.encontracamacari.com.br\/sobre"},{"label":"Not\u00edcias Cama\u00e7ari","link":"https:\/\/www.encontracamacari.com.br\/sobre\/noticias-em-camacari\/"},{"label":"Oper\u00e1rios em greve em obra da BYD incendeiam Cama\u00e7ari e desmascaram oportunismo petista","link":"https:\/\/www.encontracamacari.com.br\/sobre\/operarios-em-greve-em-obra-da-byd-incendeiam-camacari-e-desmascaram-oportunismo-petista\/"}],"_links":{"self":[{"href":"https:\/\/www.encontracamacari.com.br\/sobre\/wp-json\/wp\/v2\/posts\/514","targetHints":{"allow":["GET"]}}],"collection":[{"href":"https:\/\/www.encontracamacari.com.br\/sobre\/wp-json\/wp\/v2\/posts"}],"about":[{"href":"https:\/\/www.encontracamacari.com.br\/sobre\/wp-json\/wp\/v2\/types\/post"}],"author":[{"embeddable":true,"href":"https:\/\/www.encontracamacari.com.br\/sobre\/wp-json\/wp\/v2\/users\/1"}],"replies":[{"embeddable":true,"href":"https:\/\/www.encontracamacari.com.br\/sobre\/wp-json\/wp\/v2\/comments?post=514"}],"version-history":[{"count":0,"href":"https:\/\/www.encontracamacari.com.br\/sobre\/wp-json\/wp\/v2\/posts\/514\/revisions"}],"wp:featuredmedia":[{"embeddable":true,"href":"https:\/\/www.encontracamacari.com.br\/sobre\/wp-json\/wp\/v2\/media\/513"}],"wp:attachment":[{"href":"https:\/\/www.encontracamacari.com.br\/sobre\/wp-json\/wp\/v2\/media?parent=514"}],"wp:term":[{"taxonomy":"category","embeddable":true,"href":"https:\/\/www.encontracamacari.com.br\/sobre\/wp-json\/wp\/v2\/categories?post=514"},{"taxonomy":"post_tag","embeddable":true,"href":"https:\/\/www.encontracamacari.com.br\/sobre\/wp-json\/wp\/v2\/tags?post=514"}],"curies":[{"name":"wp","href":"https:\/\/api.w.org\/{rel}","templated":true}]}}