{"id":488,"date":"2025-12-14T10:17:00","date_gmt":"2025-12-14T10:17:00","guid":{"rendered":"https:\/\/www.encontracamacari.com.br\/sobre\/byd-ultrapassa-100-mil-carros-eletricos-no-brasil-e-reforca-dominio\/"},"modified":"2025-12-14T10:17:00","modified_gmt":"2025-12-14T10:17:00","slug":"byd-ultrapassa-100-mil-carros-eletricos-no-brasil-e-reforca-dominio","status":"publish","type":"post","link":"https:\/\/www.encontracamacari.com.br\/sobre\/byd-ultrapassa-100-mil-carros-eletricos-no-brasil-e-reforca-dominio\/","title":{"rendered":"BYD ultrapassa 100 mil carros el\u00e9tricos no Brasil e refor\u00e7a dom\u00ednio"},"content":{"rendered":"<div class=\"2410bb7248a64bb1f71103797e0f239b\" data-index=\"1\" style=\"float: none; margin:0px;\">\n<ins class=\"adsbygoogle\"\r\n     style=\"display:block\"\r\n     data-ad-client=\"ca-pub-8585364105181520\"\r\n     data-ad-slot=\"8789329856\"\r\n     data-ad-format=\"auto\"\r\n     data-full-width-responsive=\"true\"><\/ins>\r\n<script>\r\n     (adsbygoogle = window.adsbygoogle || []).push({});\r\n<\/script>\n<\/div>\n<h2>Crescimento da Mobilidade El\u00e9trica no Brasil<\/h2>\n<p>Nos \u00faltimos anos, o Brasil tem testemunhado um crescimento excepcional na ado\u00e7\u00e3o de ve\u00edculos el\u00e9tricos (EVs). Este fen\u00f4meno \u00e9 um reflexo de uma mudan\u00e7a cultural e econ\u00f4mica, onde a sociedade est\u00e1 cada vez mais consciente da necessidade de alternativas sustent\u00e1veis em rela\u00e7\u00e3o aos combust\u00edveis f\u00f3sseis. A mobilidade el\u00e9trica deixa de ser um conceito distante e se torna parte da rotina, tanto em \u00e1reas urbanas quanto em regi\u00f5es mais isoladas.<\/p>\n<p>Com a evolu\u00e7\u00e3o tecnol\u00f3gica e a redu\u00e7\u00e3o dos custos de produ\u00e7\u00e3o, ve\u00edculos el\u00e9tricos se tornaram mais acess\u00edveis ao consumidor m\u00e9dio. As montadoras, como a BYD, lideram este movimento no Brasil, lan\u00e7ando uma gama de ve\u00edculos que atendem a diferentes perfis e demandas. Com mais de 100 mil carros el\u00e9tricos emplacados, o pa\u00eds est\u00e1 em um caminho acelerado rumo \u00e0 eletrifica\u00e7\u00e3o total do setor automotivo.<\/p>\n<p>Esse crescimento \u00e9 apoiado por uma infraestrutura mais robusta, com a instala\u00e7\u00e3o de pontos de recarga em locais estrat\u00e9gicos, al\u00e9m de incentivos governamentais que visam a desonera\u00e7\u00e3o fiscal e a promo\u00e7\u00e3o de tecnologias limpas. A consci\u00eancia ambiental da popula\u00e7\u00e3o tamb\u00e9m influencia a transi\u00e7\u00e3o para uma frota menos poluente, tornando o futuro da mobilidade no Brasil mais sustent\u00e1vel e inovador.<\/p>\n<p><img decoding=\"async\" src=\"https:\/\/www.encontracamacari.com.br\/sobre\/wp-content\/uploads\/2025\/12\/byd-ultrapassa-100-mil-carros-eletricos-no-brasil-e-reforca-dominio.webp\" alt=\"carros el\u00e9tricos\" loading=\"lazy\" \/><\/p>\n<h2>O Impacto Econ\u00f3mico dos Carros El\u00e9tricos<\/h2>\n<p>A transi\u00e7\u00e3o para ve\u00edculos el\u00e9tricos n\u00e3o \u00e9 apenas uma quest\u00e3o ambiental, mas tamb\u00e9m uma quest\u00e3o econ\u00f4mica. O impacto financeiro da mudan\u00e7a para a mobilidade el\u00e9trica \u00e9 significativo, tanto para os consumidores quanto para a economia como um todo. O custo por quil\u00f4metro rodado tem mostrado que um carro el\u00e9trico pode ser at\u00e9 80% mais barato para operar do que um ve\u00edculo \u00e0 combust\u00e3o, especialmente nas regi\u00f5es onde a eletricidade \u00e9 mais acess\u00edvel.<\/p>\n<p>Al\u00e9m da economia nas despesas com combust\u00edvel, os ve\u00edculos el\u00e9tricos tamb\u00e9m proporcionam uma redu\u00e7\u00e3o em custos indiretos, como manuten\u00e7\u00e3o. Com menos pe\u00e7as m\u00f3veis e um sistema mais simples, os EVs geralmente requerem menos manuten\u00e7\u00e3o ao longo do tempo. Esta economia \u00e9 um incentivo adicional para os consumidores que est\u00e3o considerando a transi\u00e7\u00e3o.<\/p>\n<p>O crescimento da ind\u00fastria de ve\u00edculos el\u00e9tricos tamb\u00e9m gera novos empregos e estimula a economia local. F\u00e1bricas que produzem estes ve\u00edculos, assim como as ind\u00fastrias que fabricam baterias e componentes eletr\u00f4nicos, contribuem para a cria\u00e7\u00e3o de postos de trabalho e para o desenvolvimento tecnol\u00f3gico no Brasil. A BYD, por exemplo, est\u00e1 investindo pesado em f\u00e1bricas no pa\u00eds e prevendo expans\u00e3o, o que refor\u00e7a este ciclo positivo de crescimento econ\u00f4mico.<\/p>\n<h2>A Democracia da Tecnologia El\u00e9trica<\/h2>\n<p>A democratiza\u00e7\u00e3o da tecnologia el\u00e9trica \u00e9 um dos fatores mais impressionantes do crescimento dos ve\u00edculos el\u00e9tricos no Brasil. Historicamente, a mobilidade el\u00e9trica era vista como uma op\u00e7\u00e3o de nicho, acess\u00edvel apenas a uma elite privilegiada. No entanto, com os avan\u00e7os nas tecnologias de bateria e uma variedade crescente de modelos no mercado, essa realidade vem mudando rapidamente.<\/p>\n<p>O lan\u00e7amento de modelos de entrada, como o BYD Dolphin Mini, permitiu que mais brasileiros tivessem acesso a um carro el\u00e9trico. Esses modelos s\u00e3o projetados para serem acess\u00edveis e pr\u00e1ticos, atendendo necessidades di\u00e1rias e, ao mesmo tempo, sendo sustent\u00e1veis. A BYD lidera essa transforma\u00e7\u00e3o, oferecendo uma linha de produtos que variam desde compactos acess\u00edveis at\u00e9 SUVs mais sofisticados.<\/p>\n<p>Este movimento em dire\u00e7\u00e3o \u00e0 acessibilidade n\u00e3o se limita apenas \u00e0 compra dos ve\u00edculos. O governo e as empresas privadas t\u00eam investido na cria\u00e7\u00e3o de uma infraestrutura de carregamento acess\u00edvel, que pode ser instalada em \u00e1reas urbanas e rurais. Com pontos de recarga localizados em supermercados, shoppings e esta\u00e7\u00f5es de servi\u00e7o, a disponibilidade de energia el\u00e9trica se torna um aspecto vi\u00e1vel para aqueles que optam pela mobilidade el\u00e9trica.<\/p>\n<h2>Desafios para a Expans\u00e3o da Rede de Concession\u00e1rias<\/h2>\n<p>Apesar do crescimento impressionante, a expans\u00e3o da rede de concession\u00e1rias para ve\u00edculos el\u00e9tricos enfrenta desafios significativos. Em regi\u00f5es menos urbanizadas, a presen\u00e7a de concession\u00e1rias \u00e9 escassa, dificultando a compra e o suporte p\u00f3s-venda para os consumidores. Esse desafio \u00e9 reconhecido por empresas como a BYD, que est\u00e1 investindo na abertura de novas concession\u00e1rias em diversas regi\u00f5es do Brasil.<\/p>\n<p>Outro desafio \u00e9 a falta de informa\u00e7\u00e3o. Muitos consumidores ainda possuem d\u00favidas sobre a viabilidade da mobilidade el\u00e9trica e a manuten\u00e7\u00e3o de um carro el\u00e9trico. Iniciativas educacionais que informem sobre os benef\u00edcios e a opera\u00e7\u00e3o de ve\u00edculos el\u00e9tricos s\u00e3o essenciais para acelerar a aceita\u00e7\u00e3o da tecnologia.<\/p>\n<p>Al\u00e9m disso, a concorr\u00eancia com os ve\u00edculos \u00e0 combust\u00e3o ainda \u00e9 um fator relevante. Muitos consumidores t\u00eam resist\u00eancia \u00e0 mudan\u00e7a, principalmente devido ao h\u00e1bito de abastecimento e ao custo inicial elevado no momento da compra. Portanto, criar campanhas de conscientiza\u00e7\u00e3o que abordem n\u00e3o apenas os custos, mas tamb\u00e9m os benef\u00edcios ambientais e econ\u00f4micos da mobilidade el\u00e9trica \u00e9 fundamental para aumentar a penetra\u00e7\u00e3o desse mercado.<\/p>\n<h2>O Papel dos Modelos de Entrada no Sucesso<\/h2>\n<p>Os modelos de entrada desempenham um papel crucial na populariza\u00e7\u00e3o dos ve\u00edculos el\u00e9tricos no Brasil. Carros como o BYD Dolphin Mini e outros modelos acess\u00edveis s\u00e3o projetados para atender a uma nova gera\u00e7\u00e3o de motoristas que busca alternativas mais sustent\u00e1veis sem abrir m\u00e3o da praticidade e do pre\u00e7o justo.<\/p>\n<p>Esses ve\u00edculos s\u00e3o muitas vezes mais compactos e adaptados \u00e0s necessidades urbanas, o que os torna ideais para o tr\u00e1fego intenso das cidades brasileiras. Al\u00e9m disso, eles apresentam design moderno e solu\u00e7\u00f5es tecnol\u00f3gicas que atraem um p\u00fablico mais jovem e consciente. Resultados mostram que os modelos de entrada est\u00e3o se tornando os mais vendidos, com o Dolphin Mini alcan\u00e7ando n\u00fameros impressionantes de emplacamento.<\/p><div class=\"2410bb7248a64bb1f71103797e0f239b\" data-index=\"2\" style=\"float: none; margin:0px;\">\n<ins class=\"adsbygoogle\"\r\n     style=\"display:block; text-align:center;\"\r\n     data-ad-layout=\"in-article\"\r\n     data-ad-format=\"fluid\"\r\n     data-ad-client=\"ca-pub-8585364105181520\"\r\n     data-ad-slot=\"2899217073\"><\/ins>\r\n<script>\r\n     (adsbygoogle = window.adsbygoogle || []).push({});\r\n<\/script>\r\n\r\n<\/br><\/br>\n<\/div>\n\n<p>O sucesso desses ve\u00edculos el\u00e9tricos de entrada n\u00e3o s\u00f3 amplia a base de consumidores, mas tamb\u00e9m impulsiona a reputa\u00e7\u00e3o da marca perante o p\u00fablico em geral. Marcas que investem em ve\u00edculos de entrada e expandem seu portf\u00f3lio s\u00e3o vistas como inovadoras e atentas \u00e0s necessidades do mercado, contribuindo para a consolida\u00e7\u00e3o da eletrifica\u00e7\u00e3o no Brasil.<\/p>\n<h2>O Futuro do Transporte Sustent\u00e1vel<\/h2>\n<p>O futuro do transporte sustent\u00e1vel no Brasil parece promissor, com diversas inova\u00e7\u00f5es e tecnologias emergindo no horizonte. Espera-se que a mobilidade el\u00e9trica evolua ainda mais com o advento de novas solu\u00e7\u00f5es de energia, como o hidrog\u00eanio e avan\u00e7os significativos em baterias que permitem maior autonomia e menor tempo de recarga.<\/p>\n<p>Al\u00e9m disso, a integra\u00e7\u00e3o de ve\u00edculos el\u00e9tricos com fontes de energia renov\u00e1veis, como solar e e\u00f3lica, poder\u00e1 potencializar ainda mais a redu\u00e7\u00e3o das emiss\u00f5es de carbono. A cria\u00e7\u00e3o de uma infraestrutura que permita o abastecimento em casa, em empresas e em espa\u00e7os p\u00fablicos se torna cada vez mais uma necessidade premente, e isso est\u00e1 sendo priorizado por governos estaduais e federais.<\/p>\n<p>As parcerias entre governos, empresas e institui\u00e7\u00f5es de pesquisa tamb\u00e9m s\u00e3o essenciais para fomentar a pesquisa e desenvolvimento de tecnologias de mobilidade el\u00e9trica. H\u00e1 uma crescente procura por solu\u00e7\u00f5es que n\u00e3o apenas beneficiem a economia, mas que tamb\u00e9m se alinhem com os objetivos globais de redu\u00e7\u00e3o de carbono e sustentabilidade.<\/p>\n<h2>Pol\u00edticas de Incentivo \u00e0 Mobilidade El\u00e9trica<\/h2>\n<p>As pol\u00edticas p\u00fablicas t\u00eam um papel decisivo na promo\u00e7\u00e3o da mobilidade el\u00e9trica no Brasil. Incentivos fiscais, como isen\u00e7\u00e3o de IPVA e isen\u00e7\u00e3o de rod\u00edzio em grandes cidades, t\u00eam sido implementados com o intuito de reduzir o custo de aquisi\u00e7\u00e3o e opera\u00e7\u00e3o de ve\u00edculos el\u00e9tricos.<\/p>\n<p>As leis estaduais e federais est\u00e3o sendo adaptadas para favorecer a eletrifica\u00e7\u00e3o, e muitos governos locais est\u00e3o promovendo a instala\u00e7\u00e3o de infraestrutura de recarga, o que \u00e9 fundamental para a mobiliza\u00e7\u00e3o de mais consumidores. Al\u00e9m disso, os programas de incentivo \u00e0 troca de ve\u00edculos \u00e0 combust\u00e3o por el\u00e9tricos est\u00e3o se provando eficazes na transi\u00e7\u00e3o da frota nacional.<\/p>\n<p>A cria\u00e7\u00e3o de metas de redu\u00e7\u00e3o das emiss\u00f5es \u00e9 outro aspecto importante. A press\u00e3o para reduzir a depend\u00eancia de combust\u00edveis f\u00f3sseis \u00e9 forte, o que leva os respons\u00e1veis pela formula\u00e7\u00e3o de pol\u00edticas a se comprometerem em aprimorar o mercado de ve\u00edculos el\u00e9tricos e as suas condi\u00e7\u00f5es de conviv\u00eancia no espa\u00e7o urbano.<\/p>\n<h2>A Lideran\u00e7a da BYD no Mercado Brasileiro<\/h2>\n<p>A BYD adquiriu uma posi\u00e7\u00e3o de lideran\u00e7a indiscut\u00edvel no mercado de ve\u00edculos el\u00e9tricos no Brasil, sendo a pioneira nesse segmento a ultrapassar a marca de 100 mil emplacamentos. A empresa adotou uma estrat\u00e9gia focada na democratiza\u00e7\u00e3o da tecnologia el\u00e9trica, ampliando seu portf\u00f3lio e expandindo a rede de concession\u00e1rias rapidamente.<\/p>\n<p>Com um modelo de neg\u00f3cios que prioriza a acessibilidade e a inova\u00e7\u00e3o, a BYD se destaca n\u00e3o apenas pela quantidade, mas tamb\u00e9m pela qualidade de seus produtos. Os carros el\u00e9tricos da marca s\u00e3o reconhecidos pela resist\u00eancia, efici\u00eancia e tecnologia avan\u00e7ada, fazendo com que eles se tornem uma escolha popular entre os consumidores.<\/p>\n<p>Ao estabelecer parcerias estrat\u00e9gicas e promover o investimento em infraestrutura de carregamento, a BYD n\u00e3o s\u00f3 amplia sua presen\u00e7a no mercado como tamb\u00e9m contribui para um ecossistema favor\u00e1vel \u00e0 eletrifica\u00e7\u00e3o. Sua postura proativa e constante inova\u00e7\u00e3o s\u00e3o fundamentais para sustentar sua lideran\u00e7a \u00e0 medida que o mercado de ve\u00edculos el\u00e9tricos continua a crescer.<\/p>\n<h2>Tecnologia e Inova\u00e7\u00e3o em Ve\u00edculos El\u00e9tricos<\/h2>\n<p>A inova\u00e7\u00e3o tecnol\u00f3gica \u00e9 uma das principais for\u00e7as propulsoras do crescimento da mobilidade el\u00e9trica. As montadoras t\u00eam investido continuamente em pesquisa e desenvolvimento para aumentar a efici\u00eancia das baterias, melhorar a conectividade dos ve\u00edculos e oferecer designs mais atrativos.<\/p>\n<p>Uma das \u00e1reas de maior desenvolvimento \u00e9 a de baterias. A evolu\u00e7\u00e3o para baterias de maior autonomia e menor tempo de recarga tem sido um dos principais focos das ind\u00fastrias automotivas. A BYD, por exemplo, desenvolve tecnologias que permitem reduzir custos de produ\u00e7\u00e3o, o que se reflete em ve\u00edculos mais acess\u00edveis.<\/p>\n<p>A conectividade tamb\u00e9m se torna um diferencial competitivo. Ve\u00edculos el\u00e9tricos modernos s\u00e3o equipados com sistemas que oferecem recursos de assist\u00eancia ao motorista, como o controle de cruzeiro adaptativo e navega\u00e7\u00e3o com base em intelig\u00eancia artificial. Esses recursos aumentam a seguran\u00e7a e a experi\u00eancia do usu\u00e1rio, consolidando os carros el\u00e9tricos como uma escolha pr\u00e1tica e eficiente.<\/p>\n<h2>Expectativas para os Pr\u00f3ximos Anos<\/h2>\n<p>As expectativas para o futuro do transporte el\u00e9trico no Brasil s\u00e3o otimistas. Com investimentos cont\u00ednuos em infraestrutura, inova\u00e7\u00e3o tecnol\u00f3gica e pol\u00edticas de incentivo, espera-se um crescimento acentuado na ado\u00e7\u00e3o de ve\u00edculos el\u00e9tricos nos pr\u00f3ximos anos. Al\u00e9m disso, o aumento da conscientiza\u00e7\u00e3o ambiental entre os consumidores est\u00e1 alinhado com a transi\u00e7\u00e3o global em dire\u00e7\u00e3o a uma economia de baixo carbono.<\/p>\n<p>Estima-se que, at\u00e9 2030, os ve\u00edculos el\u00e9tricos representar\u00e3o uma fatia significativa do mercado automotivo brasileiro. Montadoras como a BYD, que j\u00e1 est\u00e3o \u00e0 frente na eletrifica\u00e7\u00e3o, dever\u00e3o continuar expandindo sua participa\u00e7\u00e3o e explorando novas oportunidades, inclusive no segmento de ve\u00edculos comerciais.<\/p>\n<p>Por fim, o Brasil tem um papel chave no cen\u00e1rio global da mobilidade el\u00e9trica, e as a\u00e7\u00f5es realizadas agora s\u00e3o fundamentais para garantir um futuro sustent\u00e1vel. O compromisso com a eletrifica\u00e7\u00e3o n\u00e3o s\u00f3 atende \u00e0s necessidades locais, mas tamb\u00e9m se alinha \u00e0 tend\u00eancia global de redu\u00e7\u00e3o de emiss\u00f5es e \u00e0 busca por um futuro mais limpo.<\/p>\n<div class=\"2410bb7248a64bb1f71103797e0f239b\" data-index=\"3\" style=\"float: none; margin:0px;\">\n<\/br><\/br>\r\n\r\n<ins class=\"adsbygoogle\"\r\n     style=\"display:block\"\r\n     data-ad-format=\"fluid\"\r\n     data-ad-layout-key=\"-63+do+n-1s+9e\"\r\n     data-ad-client=\"ca-pub-8585364105181520\"\r\n     data-ad-slot=\"6838462089\"><\/ins>\r\n<script>\r\n     (adsbygoogle = window.adsbygoogle || []).push({});\r\n<\/script>\n<\/div>\n\n<div style=\"font-size: 0px; height: 0px; line-height: 0px; margin: 0; padding: 0; clear: both;\"><\/div>","protected":false},"excerpt":{"rendered":"<p>BYD atinge a marca de 100 mil carros el\u00e9tricos vendidos no Brasil.<\/p>\n","protected":false},"author":1,"featured_media":487,"comment_status":"open","ping_status":"closed","sticky":false,"template":"","format":"standard","meta":{"footnotes":""},"categories":[1],"tags":[],"class_list":["post-488","post","type-post","status-publish","format-standard","has-post-thumbnail","hentry","category-noticias-em-camacari","has_thumb"],"aioseo_notices":[],"aioseo_head":"\n\t\t<!-- All in One SEO 5.0.0.1 - aioseo.com -->\n\t<meta name=\"description\" content=\"BYD atinge a marca de 100 mil carros el\u00e9tricos vendidos no Brasil.\" \/>\n\t<meta name=\"robots\" content=\"max-image-preview:large\" \/>\n\t<meta name=\"author\" content=\"Encontra Cama\u00e7ari\"\/>\n\t<link rel=\"canonical\" href=\"https:\/\/www.encontracamacari.com.br\/sobre\/byd-ultrapassa-100-mil-carros-eletricos-no-brasil-e-reforca-dominio\/\" \/>\n\t<meta name=\"generator\" content=\"All in One SEO (AIOSEO) 5.0.0.1\" \/>\n\t\t<meta property=\"og:locale\" content=\"pt_BR\" \/>\n\t\t<meta property=\"og:site_name\" content=\"Encontra Cama\u00e7ari - Not\u00edcias, eventos, informa\u00e7\u00f5es e dicas na cidade de Cama\u00e7ari e regi\u00e3o.\" \/>\n\t\t<meta property=\"og:type\" content=\"article\" \/>\n\t\t<meta property=\"og:title\" content=\"BYD ultrapassa 100 mil carros el\u00e9tricos no Brasil e refor\u00e7a dom\u00ednio - Encontra Cama\u00e7ari\" \/>\n\t\t<meta property=\"og:description\" content=\"BYD atinge a marca de 100 mil carros el\u00e9tricos vendidos no Brasil.\" \/>\n\t\t<meta property=\"og:url\" content=\"https:\/\/www.encontracamacari.com.br\/sobre\/byd-ultrapassa-100-mil-carros-eletricos-no-brasil-e-reforca-dominio\/\" \/>\n\t\t<meta property=\"article:published_time\" content=\"2025-12-14T10:17:00+00:00\" \/>\n\t\t<meta property=\"article:modified_time\" content=\"2025-12-14T10:17:00+00:00\" \/>\n\t\t<meta name=\"twitter:card\" content=\"summary_large_image\" \/>\n\t\t<meta name=\"twitter:title\" content=\"BYD ultrapassa 100 mil carros el\u00e9tricos no Brasil e refor\u00e7a dom\u00ednio - Encontra Cama\u00e7ari\" \/>\n\t\t<meta name=\"twitter:description\" content=\"BYD atinge a marca de 100 mil carros el\u00e9tricos vendidos no Brasil.\" \/>\n\t\t<script type=\"application\/ld+json\" class=\"aioseo-schema\">\n\t\t\t{\"@context\":\"https:\\\/\\\/schema.org\",\"@graph\":[{\"@type\":\"BlogPosting\",\"@id\":\"https:\\\/\\\/www.encontracamacari.com.br\\\/sobre\\\/byd-ultrapassa-100-mil-carros-eletricos-no-brasil-e-reforca-dominio\\\/#blogposting\",\"name\":\"BYD ultrapassa 100 mil carros el\\u00e9tricos no Brasil e refor\\u00e7a dom\\u00ednio - Encontra Cama\\u00e7ari\",\"headline\":\"BYD ultrapassa 100 mil carros el\\u00e9tricos no Brasil e refor\\u00e7a dom\\u00ednio\",\"author\":{\"@id\":\"https:\\\/\\\/www.encontracamacari.com.br\\\/sobre\\\/author\\\/ecamacari\\\/#author\"},\"publisher\":{\"@id\":\"https:\\\/\\\/www.encontracamacari.com.br\\\/sobre\\\/#organization\"},\"image\":{\"@type\":\"ImageObject\",\"url\":\"https:\\\/\\\/www.encontracamacari.com.br\\\/sobre\\\/wp-content\\\/uploads\\\/2025\\\/12\\\/byd-ultrapassa-100-mil-carros-eletricos-no-brasil-e-reforca-dominio.webp\",\"width\":320,\"height\":280,\"caption\":\"carros el\\u00e9tricos\"},\"datePublished\":\"2025-12-14T10:17:00+00:00\",\"dateModified\":\"2025-12-14T10:17:00+00:00\",\"inLanguage\":\"pt-BR\",\"mainEntityOfPage\":{\"@id\":\"https:\\\/\\\/www.encontracamacari.com.br\\\/sobre\\\/byd-ultrapassa-100-mil-carros-eletricos-no-brasil-e-reforca-dominio\\\/#webpage\"},\"isPartOf\":{\"@id\":\"https:\\\/\\\/www.encontracamacari.com.br\\\/sobre\\\/byd-ultrapassa-100-mil-carros-eletricos-no-brasil-e-reforca-dominio\\\/#webpage\"},\"articleSection\":\"Not\\u00edcias Cama\\u00e7ari\"},{\"@type\":\"BreadcrumbList\",\"@id\":\"https:\\\/\\\/www.encontracamacari.com.br\\\/sobre\\\/byd-ultrapassa-100-mil-carros-eletricos-no-brasil-e-reforca-dominio\\\/#breadcrumblist\",\"itemListElement\":[{\"@type\":\"ListItem\",\"@id\":\"https:\\\/\\\/www.encontracamacari.com.br\\\/sobre#listItem\",\"position\":1,\"name\":\"Home\",\"item\":\"https:\\\/\\\/www.encontracamacari.com.br\\\/sobre\",\"nextItem\":{\"@type\":\"ListItem\",\"@id\":\"https:\\\/\\\/www.encontracamacari.com.br\\\/sobre\\\/noticias-em-camacari\\\/#listItem\",\"name\":\"Not\\u00edcias Cama\\u00e7ari\"}},{\"@type\":\"ListItem\",\"@id\":\"https:\\\/\\\/www.encontracamacari.com.br\\\/sobre\\\/noticias-em-camacari\\\/#listItem\",\"position\":2,\"name\":\"Not\\u00edcias Cama\\u00e7ari\",\"item\":\"https:\\\/\\\/www.encontracamacari.com.br\\\/sobre\\\/noticias-em-camacari\\\/\",\"nextItem\":{\"@type\":\"ListItem\",\"@id\":\"https:\\\/\\\/www.encontracamacari.com.br\\\/sobre\\\/byd-ultrapassa-100-mil-carros-eletricos-no-brasil-e-reforca-dominio\\\/#listItem\",\"name\":\"BYD ultrapassa 100 mil carros el\\u00e9tricos no Brasil e refor\\u00e7a dom\\u00ednio\"},\"previousItem\":{\"@type\":\"ListItem\",\"@id\":\"https:\\\/\\\/www.encontracamacari.com.br\\\/sobre#listItem\",\"name\":\"Home\"}},{\"@type\":\"ListItem\",\"@id\":\"https:\\\/\\\/www.encontracamacari.com.br\\\/sobre\\\/byd-ultrapassa-100-mil-carros-eletricos-no-brasil-e-reforca-dominio\\\/#listItem\",\"position\":3,\"name\":\"BYD ultrapassa 100 mil carros el\\u00e9tricos no Brasil e refor\\u00e7a dom\\u00ednio\",\"previousItem\":{\"@type\":\"ListItem\",\"@id\":\"https:\\\/\\\/www.encontracamacari.com.br\\\/sobre\\\/noticias-em-camacari\\\/#listItem\",\"name\":\"Not\\u00edcias Cama\\u00e7ari\"}}]},{\"@type\":\"Organization\",\"@id\":\"https:\\\/\\\/www.encontracamacari.com.br\\\/sobre\\\/#organization\",\"name\":\"Encontra Cama\\u00e7ari\",\"description\":\"Not\\u00edcias, eventos, informa\\u00e7\\u00f5es e dicas na cidade de Cama\\u00e7ari e regi\\u00e3o.\",\"url\":\"https:\\\/\\\/www.encontracamacari.com.br\\\/sobre\\\/\"},{\"@type\":\"Person\",\"@id\":\"https:\\\/\\\/www.encontracamacari.com.br\\\/sobre\\\/author\\\/ecamacari\\\/#author\",\"url\":\"https:\\\/\\\/www.encontracamacari.com.br\\\/sobre\\\/author\\\/ecamacari\\\/\",\"name\":\"Encontra Cama\\u00e7ari\",\"image\":{\"@type\":\"ImageObject\",\"@id\":\"https:\\\/\\\/www.encontracamacari.com.br\\\/sobre\\\/byd-ultrapassa-100-mil-carros-eletricos-no-brasil-e-reforca-dominio\\\/#authorImage\",\"url\":\"https:\\\/\\\/secure.gravatar.com\\\/avatar\\\/507340682b8270222e1f208e23198b6ae7e2c6a1033ae84e99bc6bce4f82a387?s=96&d=mm&r=g\",\"width\":96,\"height\":96,\"caption\":\"Encontra Cama\\u00e7ari\"}},{\"@type\":\"WebPage\",\"@id\":\"https:\\\/\\\/www.encontracamacari.com.br\\\/sobre\\\/byd-ultrapassa-100-mil-carros-eletricos-no-brasil-e-reforca-dominio\\\/#webpage\",\"url\":\"https:\\\/\\\/www.encontracamacari.com.br\\\/sobre\\\/byd-ultrapassa-100-mil-carros-eletricos-no-brasil-e-reforca-dominio\\\/\",\"name\":\"BYD ultrapassa 100 mil carros el\\u00e9tricos no Brasil e refor\\u00e7a dom\\u00ednio - Encontra Cama\\u00e7ari\",\"description\":\"BYD atinge a marca de 100 mil carros el\\u00e9tricos vendidos no Brasil.\",\"inLanguage\":\"pt-BR\",\"isPartOf\":{\"@id\":\"https:\\\/\\\/www.encontracamacari.com.br\\\/sobre\\\/#website\"},\"breadcrumb\":{\"@id\":\"https:\\\/\\\/www.encontracamacari.com.br\\\/sobre\\\/byd-ultrapassa-100-mil-carros-eletricos-no-brasil-e-reforca-dominio\\\/#breadcrumblist\"},\"author\":{\"@id\":\"https:\\\/\\\/www.encontracamacari.com.br\\\/sobre\\\/author\\\/ecamacari\\\/#author\"},\"creator\":{\"@id\":\"https:\\\/\\\/www.encontracamacari.com.br\\\/sobre\\\/author\\\/ecamacari\\\/#author\"},\"image\":{\"@type\":\"ImageObject\",\"url\":\"https:\\\/\\\/www.encontracamacari.com.br\\\/sobre\\\/wp-content\\\/uploads\\\/2025\\\/12\\\/byd-ultrapassa-100-mil-carros-eletricos-no-brasil-e-reforca-dominio.webp\",\"@id\":\"https:\\\/\\\/www.encontracamacari.com.br\\\/sobre\\\/byd-ultrapassa-100-mil-carros-eletricos-no-brasil-e-reforca-dominio\\\/#mainImage\",\"width\":320,\"height\":280,\"caption\":\"carros el\\u00e9tricos\"},\"primaryImageOfPage\":{\"@id\":\"https:\\\/\\\/www.encontracamacari.com.br\\\/sobre\\\/byd-ultrapassa-100-mil-carros-eletricos-no-brasil-e-reforca-dominio\\\/#mainImage\"},\"datePublished\":\"2025-12-14T10:17:00+00:00\",\"dateModified\":\"2025-12-14T10:17:00+00:00\"},{\"@type\":\"WebSite\",\"@id\":\"https:\\\/\\\/www.encontracamacari.com.br\\\/sobre\\\/#website\",\"url\":\"https:\\\/\\\/www.encontracamacari.com.br\\\/sobre\\\/\",\"name\":\"Encontra Cama\\u00e7ari\",\"description\":\"Not\\u00edcias, eventos, informa\\u00e7\\u00f5es e dicas na cidade de Cama\\u00e7ari e regi\\u00e3o.\",\"inLanguage\":\"pt-BR\",\"publisher\":{\"@id\":\"https:\\\/\\\/www.encontracamacari.com.br\\\/sobre\\\/#organization\"}}]}\n\t\t<\/script>\n\t\t<!-- All in One SEO -->\n\n","aioseo_head_json":{"title":"BYD ultrapassa 100 mil carros el\u00e9tricos no Brasil e refor\u00e7a dom\u00ednio - Encontra Cama\u00e7ari","description":"BYD atinge a marca de 100 mil carros el\u00e9tricos vendidos no Brasil.","canonical_url":"https:\/\/www.encontracamacari.com.br\/sobre\/byd-ultrapassa-100-mil-carros-eletricos-no-brasil-e-reforca-dominio\/","robots":"max-image-preview:large","keywords":"","webmasterTools":{"miscellaneous":""},"schema":{"@context":"https:\/\/schema.org","@graph":[{"@type":"BlogPosting","@id":"https:\/\/www.encontracamacari.com.br\/sobre\/byd-ultrapassa-100-mil-carros-eletricos-no-brasil-e-reforca-dominio\/#blogposting","name":"BYD ultrapassa 100 mil carros el\u00e9tricos no Brasil e refor\u00e7a dom\u00ednio - Encontra Cama\u00e7ari","headline":"BYD ultrapassa 100 mil carros el\u00e9tricos no Brasil e refor\u00e7a dom\u00ednio","author":{"@id":"https:\/\/www.encontracamacari.com.br\/sobre\/author\/ecamacari\/#author"},"publisher":{"@id":"https:\/\/www.encontracamacari.com.br\/sobre\/#organization"},"image":{"@type":"ImageObject","url":"https:\/\/www.encontracamacari.com.br\/sobre\/wp-content\/uploads\/2025\/12\/byd-ultrapassa-100-mil-carros-eletricos-no-brasil-e-reforca-dominio.webp","width":320,"height":280,"caption":"carros el\u00e9tricos"},"datePublished":"2025-12-14T10:17:00+00:00","dateModified":"2025-12-14T10:17:00+00:00","inLanguage":"pt-BR","mainEntityOfPage":{"@id":"https:\/\/www.encontracamacari.com.br\/sobre\/byd-ultrapassa-100-mil-carros-eletricos-no-brasil-e-reforca-dominio\/#webpage"},"isPartOf":{"@id":"https:\/\/www.encontracamacari.com.br\/sobre\/byd-ultrapassa-100-mil-carros-eletricos-no-brasil-e-reforca-dominio\/#webpage"},"articleSection":"Not\u00edcias Cama\u00e7ari"},{"@type":"BreadcrumbList","@id":"https:\/\/www.encontracamacari.com.br\/sobre\/byd-ultrapassa-100-mil-carros-eletricos-no-brasil-e-reforca-dominio\/#breadcrumblist","itemListElement":[{"@type":"ListItem","@id":"https:\/\/www.encontracamacari.com.br\/sobre#listItem","position":1,"name":"Home","item":"https:\/\/www.encontracamacari.com.br\/sobre","nextItem":{"@type":"ListItem","@id":"https:\/\/www.encontracamacari.com.br\/sobre\/noticias-em-camacari\/#listItem","name":"Not\u00edcias Cama\u00e7ari"}},{"@type":"ListItem","@id":"https:\/\/www.encontracamacari.com.br\/sobre\/noticias-em-camacari\/#listItem","position":2,"name":"Not\u00edcias Cama\u00e7ari","item":"https:\/\/www.encontracamacari.com.br\/sobre\/noticias-em-camacari\/","nextItem":{"@type":"ListItem","@id":"https:\/\/www.encontracamacari.com.br\/sobre\/byd-ultrapassa-100-mil-carros-eletricos-no-brasil-e-reforca-dominio\/#listItem","name":"BYD ultrapassa 100 mil carros el\u00e9tricos no Brasil e refor\u00e7a dom\u00ednio"},"previousItem":{"@type":"ListItem","@id":"https:\/\/www.encontracamacari.com.br\/sobre#listItem","name":"Home"}},{"@type":"ListItem","@id":"https:\/\/www.encontracamacari.com.br\/sobre\/byd-ultrapassa-100-mil-carros-eletricos-no-brasil-e-reforca-dominio\/#listItem","position":3,"name":"BYD ultrapassa 100 mil carros el\u00e9tricos no Brasil e refor\u00e7a dom\u00ednio","previousItem":{"@type":"ListItem","@id":"https:\/\/www.encontracamacari.com.br\/sobre\/noticias-em-camacari\/#listItem","name":"Not\u00edcias Cama\u00e7ari"}}]},{"@type":"Organization","@id":"https:\/\/www.encontracamacari.com.br\/sobre\/#organization","name":"Encontra Cama\u00e7ari","description":"Not\u00edcias, eventos, informa\u00e7\u00f5es e dicas na cidade de Cama\u00e7ari e regi\u00e3o.","url":"https:\/\/www.encontracamacari.com.br\/sobre\/"},{"@type":"Person","@id":"https:\/\/www.encontracamacari.com.br\/sobre\/author\/ecamacari\/#author","url":"https:\/\/www.encontracamacari.com.br\/sobre\/author\/ecamacari\/","name":"Encontra Cama\u00e7ari","image":{"@type":"ImageObject","@id":"https:\/\/www.encontracamacari.com.br\/sobre\/byd-ultrapassa-100-mil-carros-eletricos-no-brasil-e-reforca-dominio\/#authorImage","url":"https:\/\/secure.gravatar.com\/avatar\/507340682b8270222e1f208e23198b6ae7e2c6a1033ae84e99bc6bce4f82a387?s=96&d=mm&r=g","width":96,"height":96,"caption":"Encontra Cama\u00e7ari"}},{"@type":"WebPage","@id":"https:\/\/www.encontracamacari.com.br\/sobre\/byd-ultrapassa-100-mil-carros-eletricos-no-brasil-e-reforca-dominio\/#webpage","url":"https:\/\/www.encontracamacari.com.br\/sobre\/byd-ultrapassa-100-mil-carros-eletricos-no-brasil-e-reforca-dominio\/","name":"BYD ultrapassa 100 mil carros el\u00e9tricos no Brasil e refor\u00e7a dom\u00ednio - Encontra Cama\u00e7ari","description":"BYD atinge a marca de 100 mil carros el\u00e9tricos vendidos no Brasil.","inLanguage":"pt-BR","isPartOf":{"@id":"https:\/\/www.encontracamacari.com.br\/sobre\/#website"},"breadcrumb":{"@id":"https:\/\/www.encontracamacari.com.br\/sobre\/byd-ultrapassa-100-mil-carros-eletricos-no-brasil-e-reforca-dominio\/#breadcrumblist"},"author":{"@id":"https:\/\/www.encontracamacari.com.br\/sobre\/author\/ecamacari\/#author"},"creator":{"@id":"https:\/\/www.encontracamacari.com.br\/sobre\/author\/ecamacari\/#author"},"image":{"@type":"ImageObject","url":"https:\/\/www.encontracamacari.com.br\/sobre\/wp-content\/uploads\/2025\/12\/byd-ultrapassa-100-mil-carros-eletricos-no-brasil-e-reforca-dominio.webp","@id":"https:\/\/www.encontracamacari.com.br\/sobre\/byd-ultrapassa-100-mil-carros-eletricos-no-brasil-e-reforca-dominio\/#mainImage","width":320,"height":280,"caption":"carros el\u00e9tricos"},"primaryImageOfPage":{"@id":"https:\/\/www.encontracamacari.com.br\/sobre\/byd-ultrapassa-100-mil-carros-eletricos-no-brasil-e-reforca-dominio\/#mainImage"},"datePublished":"2025-12-14T10:17:00+00:00","dateModified":"2025-12-14T10:17:00+00:00"},{"@type":"WebSite","@id":"https:\/\/www.encontracamacari.com.br\/sobre\/#website","url":"https:\/\/www.encontracamacari.com.br\/sobre\/","name":"Encontra Cama\u00e7ari","description":"Not\u00edcias, eventos, informa\u00e7\u00f5es e dicas na cidade de Cama\u00e7ari e regi\u00e3o.","inLanguage":"pt-BR","publisher":{"@id":"https:\/\/www.encontracamacari.com.br\/sobre\/#organization"}}]},"og:locale":"pt_BR","og:site_name":"Encontra Cama\u00e7ari - Not\u00edcias, eventos, informa\u00e7\u00f5es e dicas na cidade de Cama\u00e7ari e regi\u00e3o.","og:type":"article","og:title":"BYD ultrapassa 100 mil carros el\u00e9tricos no Brasil e refor\u00e7a dom\u00ednio - Encontra Cama\u00e7ari","og:description":"BYD atinge a marca de 100 mil carros el\u00e9tricos vendidos no Brasil.","og:url":"https:\/\/www.encontracamacari.com.br\/sobre\/byd-ultrapassa-100-mil-carros-eletricos-no-brasil-e-reforca-dominio\/","article:published_time":"2025-12-14T10:17:00+00:00","article:modified_time":"2025-12-14T10:17:00+00:00","twitter:card":"summary_large_image","twitter:title":"BYD ultrapassa 100 mil carros el\u00e9tricos no Brasil e refor\u00e7a dom\u00ednio - Encontra Cama\u00e7ari","twitter:description":"BYD atinge a marca de 100 mil carros el\u00e9tricos vendidos no Brasil."},"aioseo_meta_data":{"post_id":"488","title":null,"description":null,"keywords":null,"keyphrases":null,"primary_term":null,"canonical_url":null,"og_title":null,"og_description":null,"og_object_type":"default","og_image_type":"default","og_image_url":null,"og_image_width":null,"og_image_height":null,"og_image_custom_url":null,"og_image_custom_fields":null,"og_video":null,"og_custom_url":null,"og_article_section":null,"og_article_tags":null,"twitter_use_og":false,"twitter_card":"default","twitter_image_type":"default","twitter_image_url":null,"twitter_image_custom_url":null,"twitter_image_custom_fields":null,"twitter_title":null,"twitter_description":null,"schema":{"blockGraphs":[],"customGraphs":[],"default":{"data":{"Article":[],"Course":[],"Dataset":[],"FAQPage":[],"Movie":[],"Person":[],"Product":[],"ProductReview":[],"Car":[],"Recipe":[],"Service":[],"SoftwareApplication":[],"WebPage":[]},"graphName":"BlogPosting","isEnabled":true},"graphs":[]},"schema_type":"default","schema_type_options":null,"pillar_content":false,"robots_default":true,"robots_noindex":false,"robots_noarchive":false,"robots_nosnippet":false,"robots_nofollow":false,"robots_noimageindex":false,"robots_noodp":false,"robots_notranslate":false,"robots_max_snippet":null,"robots_max_videopreview":null,"robots_max_imagepreview":"large","priority":null,"frequency":null,"local_seo":null,"limit_modified_date":false,"created":"2025-12-18 19:53:21","updated":"2026-08-06 00:34:53","focus_keyword":null,"additional_keywords":null,"truseo_locale":null,"ai":null,"breadcrumb_settings":null,"seo_analyzer_scan_date":null},"aioseo_breadcrumb":"<div class=\"aioseo-breadcrumbs\"><span class=\"aioseo-breadcrumb\">\n\t\t\t<a href=\"https:\/\/www.encontracamacari.com.br\/sobre\" title=\"Home\">Home<\/a>\n\t\t<\/span><span class=\"aioseo-breadcrumb-separator\">&raquo;<\/span><span class=\"aioseo-breadcrumb\">\n\t\t\t<a href=\"https:\/\/www.encontracamacari.com.br\/sobre\/noticias-em-camacari\/\" title=\"Not\u00edcias Cama\u00e7ari\">Not\u00edcias Cama\u00e7ari<\/a>\n\t\t<\/span><span class=\"aioseo-breadcrumb-separator\">&raquo;<\/span><span class=\"aioseo-breadcrumb\">\n\t\t\tBYD ultrapassa 100 mil carros el\u00e9tricos no Brasil e refor\u00e7a dom\u00ednio\n\t\t<\/span><\/div>","aioseo_breadcrumb_json":[{"label":"Home","link":"https:\/\/www.encontracamacari.com.br\/sobre"},{"label":"Not\u00edcias Cama\u00e7ari","link":"https:\/\/www.encontracamacari.com.br\/sobre\/noticias-em-camacari\/"},{"label":"BYD ultrapassa 100 mil carros el\u00e9tricos no Brasil e refor\u00e7a dom\u00ednio","link":"https:\/\/www.encontracamacari.com.br\/sobre\/byd-ultrapassa-100-mil-carros-eletricos-no-brasil-e-reforca-dominio\/"}],"_links":{"self":[{"href":"https:\/\/www.encontracamacari.com.br\/sobre\/wp-json\/wp\/v2\/posts\/488","targetHints":{"allow":["GET"]}}],"collection":[{"href":"https:\/\/www.encontracamacari.com.br\/sobre\/wp-json\/wp\/v2\/posts"}],"about":[{"href":"https:\/\/www.encontracamacari.com.br\/sobre\/wp-json\/wp\/v2\/types\/post"}],"author":[{"embeddable":true,"href":"https:\/\/www.encontracamacari.com.br\/sobre\/wp-json\/wp\/v2\/users\/1"}],"replies":[{"embeddable":true,"href":"https:\/\/www.encontracamacari.com.br\/sobre\/wp-json\/wp\/v2\/comments?post=488"}],"version-history":[{"count":0,"href":"https:\/\/www.encontracamacari.com.br\/sobre\/wp-json\/wp\/v2\/posts\/488\/revisions"}],"wp:featuredmedia":[{"embeddable":true,"href":"https:\/\/www.encontracamacari.com.br\/sobre\/wp-json\/wp\/v2\/media\/487"}],"wp:attachment":[{"href":"https:\/\/www.encontracamacari.com.br\/sobre\/wp-json\/wp\/v2\/media?parent=488"}],"wp:term":[{"taxonomy":"category","embeddable":true,"href":"https:\/\/www.encontracamacari.com.br\/sobre\/wp-json\/wp\/v2\/categories?post=488"},{"taxonomy":"post_tag","embeddable":true,"href":"https:\/\/www.encontracamacari.com.br\/sobre\/wp-json\/wp\/v2\/tags?post=488"}],"curies":[{"name":"wp","href":"https:\/\/api.w.org\/{rel}","templated":true}]}}