{"id":478,"date":"2025-12-12T14:14:00","date_gmt":"2025-12-12T14:14:00","guid":{"rendered":"https:\/\/www.encontracamacari.com.br\/sobre\/prefeitura-de-camacari-decreta-ponto-facultativo-na-sexta\/"},"modified":"2025-12-12T14:14:00","modified_gmt":"2025-12-12T14:14:00","slug":"prefeitura-de-camacari-decreta-ponto-facultativo-na-sexta","status":"publish","type":"post","link":"https:\/\/www.encontracamacari.com.br\/sobre\/prefeitura-de-camacari-decreta-ponto-facultativo-na-sexta\/","title":{"rendered":"Prefeitura de Cama\u00e7ari decreta ponto facultativo na sexta"},"content":{"rendered":"<div class=\"2410bb7248a64bb1f71103797e0f239b\" data-index=\"1\" style=\"float: none; margin:0px;\">\n<ins class=\"adsbygoogle\"\r\n     style=\"display:block\"\r\n     data-ad-client=\"ca-pub-8585364105181520\"\r\n     data-ad-slot=\"8789329856\"\r\n     data-ad-format=\"auto\"\r\n     data-full-width-responsive=\"true\"><\/ins>\r\n<script>\r\n     (adsbygoogle = window.adsbygoogle || []).push({});\r\n<\/script>\n<\/div>\n<h2>Ponto Facultativo e Suas Implica\u00e7\u00f5es<\/h2>\n<p>O conceito de ponto facultativo \u00e9 bastante relevante no contexto da administra\u00e7\u00e3o p\u00fablica. Ele se refere a uma decis\u00e3o que permite a suspens\u00e3o das atividades normais de um \u00f3rg\u00e3o durante um dia espec\u00edfico, possibilitando que os servidores p\u00fablicos tenham uma folga ou o dia livre para celebra\u00e7\u00f5es e reflex\u00f5es sobre feriados importantes.<\/p>\n<p>No caso da Prefeitura de Cama\u00e7ari, a recente declara\u00e7\u00e3o de ponto facultativo na sexta-feira seguinte ao Dia da Consci\u00eancia Negra, que ocorre na quinta-feira (20 de novembro), exemplifica bem essa pr\u00e1tica. A decis\u00e3o, publicada no <strong>Decreto n.\u00ba 8264\/2025<\/strong>, foi apoiada por um contexto hist\u00f3rico e social relevante, onde a administra\u00e7\u00e3o buscou alinhar as atividades do munic\u00edpio \u00e0 import\u00e2ncia cultural e hist\u00f3rica do feriado.<\/p>\n<p>Esse dia sem expediente para o funcionalismo p\u00fablico visa, portanto, proporcionar aos servidores uma oportunidade de descanso e reflex\u00e3o. A implementa\u00e7\u00e3o deste ponto facultativo, no entanto, deve ser planejada para que n\u00e3o cause impactos negativos na presta\u00e7\u00e3o dos servi\u00e7os p\u00fablicos. H\u00e1 uma necessidade de gest\u00e3o cuidadosa para que a suspens\u00e3o das atividades n\u00e3o prejudique o funcionamento adequado da administra\u00e7\u00e3o p\u00fablica ou a entrega dos servi\u00e7os \u00e0 popula\u00e7\u00e3o.<\/p>\n<p><img decoding=\"async\" src=\"https:\/\/www.encontracamacari.com.br\/sobre\/wp-content\/uploads\/2025\/12\/prefeitura-de-camacari-decreta-ponto-facultativo-na-sexta.webp\" alt=\"Ponto facultativo Cama\u00e7ari\" loading=\"lazy\" \/><\/p>\n<h2>Import\u00e2ncia do Dia da Consci\u00eancia Negra<\/h2>\n<p>O Dia da Consci\u00eancia Negra, celebrado em 20 de novembro, carrega um profundo significado cultural e social no Brasil. A data \u00e9 um tributo \u00e0 resist\u00eancia \u00e0 escravid\u00e3o e homenageia a mem\u00f3ria de <strong>Zumbi dos Palmares<\/strong>, l\u00edder do movimento pela liberta\u00e7\u00e3o dos negros e s\u00edmbolo da luta contra a opress\u00e3o. Esse dia foi elevado \u00e0 condi\u00e7\u00e3o de feriado nacional em 2023, incorporando-se ao calend\u00e1rio de todos os entes federativos.<\/p>\n<p>A import\u00e2ncia dessa data vai al\u00e9m da mem\u00f3ria hist\u00f3rica, sendo tamb\u00e9m um momento de reflex\u00e3o sobre a desigualdade racial ainda presente na sociedade brasileira. O feriado \u00e9 uma oportunidade para que a popula\u00e7\u00e3o celebre a cultura afro-brasileira, promova debates sobre igualdade e enfrente os desafios da discrimina\u00e7\u00e3o e da exclus\u00e3o social.<\/p>\n<p>Para muitos munic\u00edpios, incluindo Cama\u00e7ari, o Dia da Consci\u00eancia Negra se tornou um momento para realizar atividades culturais, como palestras, exibi\u00e7\u00f5es art\u00edsticas e exposi\u00e7\u00f5es que enaltecem a cultura afro-brasileira. Portanto, a decis\u00e3o de instituir o ponto facultativo na sexta-feira com o feriado na quinta-feira foi uma estrat\u00e9gia para permitir que mais pessoas possam participar dessas a\u00e7\u00f5es e contribuir para a valoriza\u00e7\u00e3o desta importante data da hist\u00f3ria do Brasil.<\/p>\n<h2>Como o Decreto Foi Publicado<\/h2>\n<p>A publica\u00e7\u00e3o do decreto que institui o ponto facultativo foi feita de maneira formal, conforme as diretrizes que regem a administra\u00e7\u00e3o p\u00fablica. O <strong>Di\u00e1rio Oficial do Munic\u00edpio<\/strong> foi o ve\u00edculo escolhido para divulgar a decis\u00e3o, garantindo transpar\u00eancia e legalidade ao ato administrativo.<\/p>\n<p>A edi\u00e7\u00e3o n.\u00ba 2754 do Di\u00e1rio Oficial, publicada na ter\u00e7a-feira (18 de novembro), traz o decreto na \u00edntegra, onde s\u00e3o estabelecidas as condi\u00e7\u00f5es da suspens\u00e3o das atividades. Esse passo \u00e9 fundamental, pois permite que a popula\u00e7\u00e3o tenha acesso ao conhecimento sobre o funcionamento da administra\u00e7\u00e3o p\u00fablica e suas decis\u00f5es, refor\u00e7ando o compromisso da gest\u00e3o em manter um di\u00e1logo aberto com os cidad\u00e3os.<\/p>\n<p>Al\u00e9m disso, a formaliza\u00e7\u00e3o do ato por meio de decreto assegura que todos os servidores municipais estejam cientes da decis\u00e3o, podendo se programar adequadamente para as mudan\u00e7as em seus hor\u00e1rios de trabalho. \u00c9 um exemplo de como a burocracia do servi\u00e7o p\u00fablico pode ser utilizada de maneira eficiente e efetiva para beneficiar n\u00e3o apenas os servidores, mas a popula\u00e7\u00e3o como um todo.<\/p>\n<h2>O Que o P\u00fablico Pode Esperar<\/h2>\n<p>Com a declara\u00e7\u00e3o do ponto facultativo em Cama\u00e7ari, a expectativa \u00e9 que a popula\u00e7\u00e3o possa aproveitar a oportunidade para celebrar, refletir e participar das atividades programadas em homenagem ao Dia da Consci\u00eancia Negra. Essa \u00e9 uma chance para despertar a consci\u00eancia sobre a luta pela igualdade racial e a import\u00e2ncia da cultura afro-brasileira.<\/p>\n<p>Os eventos relacionados a essa data, que podem incluir atividades culturais, educativas e esportivas, s\u00e3o essenciais para promover um ambiente de inclus\u00e3o e di\u00e1logo social. As administra\u00e7\u00f5es municipais s\u00e3o incentivadas a organizar eventos que incentivem a participa\u00e7\u00e3o popular, trazendo \u00e0 tona quest\u00f5es sociais relevantes.<\/p>\n<p>Portanto, a decis\u00e3o tomada pela prefeitura n\u00e3o apenas proporciona um dia a mais de descanso para os servidores, mas tamb\u00e9m representa um esfor\u00e7o para fortalecer a cultura e a identidade afro-brasileira. Espera-se que essa medida gere um ambiente de festividade e aprendizado, estimulando a uni\u00e3o da comunidade em torno de causas importantes.<\/p>\n<h2>Compensa\u00e7\u00e3o do Expediente<\/h2>\n<p>Uma das preocupa\u00e7\u00f5es comuns quando se estabelece um ponto facultativo \u00e9 a compensa\u00e7\u00e3o das jornadas de trabalho. No caso de Cama\u00e7ari, o decreto especifica que a suspens\u00e3o das atividades n\u00e3o ter\u00e1 implica\u00e7\u00f5es negativas na administra\u00e7\u00e3o p\u00fablica, uma vez que o dia de expediente ser\u00e1 posteriormente compensado.<\/p>\n<p>A compensa\u00e7\u00e3o pode ser realizada de diversas formas, dependendo das orienta\u00e7\u00f5es da administra\u00e7\u00e3o municipal. Isso pode incluir a amplia\u00e7\u00e3o das horas de trabalho em outros dias ou o ajuste das escalas de servi\u00e7o para atender demandas priorit\u00e1rias da popula\u00e7\u00e3o. Essa abordagem \u00e9 essencial, pois garante que todos os servidores cumpram sua carga hor\u00e1ria, mantendo a efici\u00eancia dos servi\u00e7os p\u00fablicos.<\/p><div class=\"2410bb7248a64bb1f71103797e0f239b\" data-index=\"2\" style=\"float: none; margin:0px;\">\n<ins class=\"adsbygoogle\"\r\n     style=\"display:block; text-align:center;\"\r\n     data-ad-layout=\"in-article\"\r\n     data-ad-format=\"fluid\"\r\n     data-ad-client=\"ca-pub-8585364105181520\"\r\n     data-ad-slot=\"2899217073\"><\/ins>\r\n<script>\r\n     (adsbygoogle = window.adsbygoogle || []).push({});\r\n<\/script>\r\n\r\n<\/br><\/br>\n<\/div>\n\n<p>Al\u00e9m disso, a compensa\u00e7\u00e3o \u00e9 uma pr\u00e1tica que contribui para a valoriza\u00e7\u00e3o dos servidores, permitindo que eles tenham um momento de descanso sem perder os direitos trabalhistas. O planejamento adequado \u00e9 fundamental para que os servidores se sintam valorizados e a popula\u00e7\u00e3o continue recebendo os servi\u00e7os de que precisa.<\/p>\n<h2>Hist\u00f3rico do Ponto Facultativo em Cama\u00e7ari<\/h2>\n<p>Cama\u00e7ari, assim como v\u00e1rios outros munic\u00edpios brasileiros, tem adotado o ponto facultativo em diversas situa\u00e7\u00f5es. O hist\u00f3rico dessa pr\u00e1tica remete a momentos de celebra\u00e7\u00f5es juninas, nacionais ou locais, e est\u00e1 sempre ligado ao contexto cultural e social da cidade. A pr\u00e1tica \u00e9 uma forma de reconhecer a import\u00e2ncia das datas comemorativas e de permitir que a popula\u00e7\u00e3o possa celebrar e se envolver nas festividades.<\/p>\n<p>Nos \u00faltimos anos, a gest\u00e3o municipal tem buscado aumentar a frequ\u00eancia e a relev\u00e2ncia dos pontos facultativos, principalmente em datas que promovem diversidade, inclus\u00e3o e reflex\u00f5es sociais. A consolida\u00e7\u00e3o do Dia da Consci\u00eancia Negra como um feriado nacional e sua incorpora\u00e7\u00e3o no calend\u00e1rio municipal s\u00e3o exemplos de como a administra\u00e7\u00e3o de Cama\u00e7ari est\u00e1 atenta \u00e0s demandas sociais e hist\u00f3ricas da popula\u00e7\u00e3o.<\/p>\n<p>Esses pontos facultativos t\u00eam proporcionado a oportunidade para a realiza\u00e7\u00e3o de atividades que buscam fortalecer a no\u00e7\u00e3o de comunidade e cidadania, e t\u00eam contribu\u00eddo para o fortalecimento dos la\u00e7os sociais entre os cidad\u00e3os. A pr\u00e1tica reflete um compromisso cont\u00ednuo da administra\u00e7\u00e3o em valorizar a cultura e as mem\u00f3rias do povo, promovendo um ambiente mais democr\u00e1tico e inclusivo.<\/p>\n<h2>O Papel da Mem\u00f3ria Coletiva<\/h2>\n<p>A mem\u00f3ria coletiva \u00e9 um aspecto vital para a forma\u00e7\u00e3o da identidade de uma sociedade. O reconhecimento de figuras como Zumbi dos Palmares por meio da celebra\u00e7\u00e3o do Dia da Consci\u00eancia Negra \u00e9 um exemplo de como a mem\u00f3ria hist\u00f3rica \u00e9 fundamental para a constru\u00e7\u00e3o da cidadania e da igualdade social.<\/p>\n<p>Promover o ponto facultativo para lembrar essas figuras e eventos hist\u00f3ricos contribui para que as novas gera\u00e7\u00f5es entendam a relev\u00e2ncia das lutas do passado e do presente, refor\u00e7ando a import\u00e2ncia de movimentos sociais e culturais. Essa perspectiva n\u00e3o apenas enriquece a educa\u00e7\u00e3o sobre a hist\u00f3ria do Brasil, mas tamb\u00e9m estimula a reflex\u00e3o cr\u00edtica sobre as desigualdades enfrentadas por diferentes grupos sociais.<\/p>\n<p>Os eventos programados durante esses per\u00edodos oferecidos pelo ponto facultativo contribuem para a forma\u00e7\u00e3o da consci\u00eancia p\u00fablica e educacional. Assim, ao engajar a popula\u00e7\u00e3o em reflex\u00f5es sobre a opress\u00e3o, resist\u00eancia e conquistas, a administra\u00e7\u00e3o municipal promove um di\u00e1logo constante sobre o que significa ser parte de uma sociedade diversa e plural.<\/p>\n<h2>Repercuss\u00f5es Entre os Servidores<\/h2>\n<p>A decis\u00e3o de decretar ponto facultativo recebe diversas rea\u00e7\u00f5es entre os servidores p\u00fablicos. Para muitos, essa medida \u00e9 uma oportunidade bem-vinda de descanso e uma chance de participar de atividades que enaltecem a cultura e a hist\u00f3ria afro-brasileira.<\/p>\n<p>No entanto, pode haver preocupa\u00e7\u00f5es relacionadas ao cumprimento das obriga\u00e7\u00f5es e servi\u00e7os que precisam ser prestados. Servidores que atuam em \u00e1reas essenciais, como sa\u00fade e seguran\u00e7a p\u00fablica, podem sentir a press\u00e3o de garantir que as atividades continuem sem interrup\u00e7\u00f5es, mesmo durante o ponto facultativo. Nesses casos, a administra\u00e7\u00e3o municipal geralmente implementa escalas especiais para garantir a efici\u00eancia dos servi\u00e7os.<\/p>\n<p>Portanto, a necessidade de di\u00e1logo e planejamento entre a administra\u00e7\u00e3o e os servidores \u00e9 crucial para que as expectativas sejam alinhadas. O reconhecimento do valor do ponto facultativo deve ser acompanhado por uma gest\u00e3o cuidadosa, que leve em considera\u00e7\u00e3o as vozes e as necessidades de todos os envolvidos para que a medida seja efetivamente positiva.<\/p>\n<h2>Preparativos para o Feriado<\/h2>\n<p>Os preparativos para o feriado e o ponto facultativo incluem uma s\u00e9rie de atividades organizacionais que podem impactar a gest\u00e3o p\u00fablica. \u00c9 essencial que a administra\u00e7\u00e3o tome medidas eficazes para comunicar a decis\u00e3o \u00e0 popula\u00e7\u00e3o, garantindo que todos estejam cientes das mudan\u00e7as nos hor\u00e1rios de atendimento.<\/p>\n<p>As comunica\u00e7\u00f5es podem envolver a cria\u00e7\u00e3o de an\u00fancios nas redes sociais, publica\u00e7\u00f5es em meios de comunica\u00e7\u00e3o locais e o uso de outros canais de informa\u00e7\u00e3o para alcan\u00e7ar o maior n\u00famero poss\u00edvel de cidad\u00e3os. Al\u00e9m disso, \u00e9 importante que a administra\u00e7\u00e3o municipal esteja preparada para atender qualquer demanda que surja durante esse per\u00edodo, como solicita\u00e7\u00f5es de servi\u00e7os emergenciais ou esclarecimento de d\u00favidas.<\/p>\n<p>Os organizadores de eventos tamb\u00e9m desempenham um papel crucial, pois eles precisam planejar adequadamente as atividades que ocorrer\u00e3o no Dia da Consci\u00eancia Negra. Isso pode incluir a coordena\u00e7\u00e3o com artistas locais, a mobiliza\u00e7\u00e3o de recursos e a cria\u00e7\u00e3o de um cronograma que maximize a participa\u00e7\u00e3o p\u00fablica.<\/p>\n<h2>Pr\u00f3ximos Passos da Administra\u00e7\u00e3o<\/h2>\n<p>Ap\u00f3s a implementa\u00e7\u00e3o do ponto facultativo, a administra\u00e7\u00e3o municipal tem a responsabilidade de avaliar o impacto da decis\u00e3o sobre os servi\u00e7os p\u00fablicos e a participa\u00e7\u00e3o da comunidade no feriado. Esse \u00e9 um momento oportuno para coletar feedback dos servidores e da popula\u00e7\u00e3o sobre como a celebra\u00e7\u00e3o foi recebida e quais melhorias podem ser feitas para futuras comemora\u00e7\u00f5es.<\/p>\n<p>Al\u00e9m disso, considerando a import\u00e2ncia da data, a administra\u00e7\u00e3o pode iniciar discuss\u00f5es sobre como aprimorar as iniciativas relacionadas \u00e0 promo\u00e7\u00e3o da cultura afro-brasileira e da igualdade racial ao longo do ano, e n\u00e3o apenas em um dia espec\u00edfico. Projetos educacionais, a\u00e7\u00f5es afirmativas e parcerias com organiza\u00e7\u00f5es da sociedade civil podem ser explorados para manter a relev\u00e2ncia das discuss\u00f5es sociais que o Dia da Consci\u00eancia Negra ressalta.<\/p>\n<p>Esse compromisso cont\u00ednuo n\u00e3o apenas refor\u00e7a a mem\u00f3ria coletiva, mas tamb\u00e9m assegura que a luta por igualdade e justi\u00e7a permane\u00e7a viva, contribuindo para uma sociedade mais justa e inclusiva para todos.<\/p>\n<div class=\"2410bb7248a64bb1f71103797e0f239b\" data-index=\"3\" style=\"float: none; margin:0px;\">\n<\/br><\/br>\r\n\r\n<ins class=\"adsbygoogle\"\r\n     style=\"display:block\"\r\n     data-ad-format=\"fluid\"\r\n     data-ad-layout-key=\"-63+do+n-1s+9e\"\r\n     data-ad-client=\"ca-pub-8585364105181520\"\r\n     data-ad-slot=\"6838462089\"><\/ins>\r\n<script>\r\n     (adsbygoogle = window.adsbygoogle || []).push({});\r\n<\/script>\n<\/div>\n\n<div style=\"font-size: 0px; height: 0px; line-height: 0px; margin: 0; padding: 0; clear: both;\"><\/div>","protected":false},"excerpt":{"rendered":"<p>Prefeitura de Cama\u00e7ari anuncia ponto facultativo na sexta-feira, garantindo descanso aos servidores p\u00fablicos municipais.<\/p>\n","protected":false},"author":1,"featured_media":477,"comment_status":"open","ping_status":"closed","sticky":false,"template":"","format":"standard","meta":{"footnotes":""},"categories":[1],"tags":[],"class_list":["post-478","post","type-post","status-publish","format-standard","has-post-thumbnail","hentry","category-noticias-em-camacari","has_thumb"],"aioseo_notices":[],"aioseo_head":"\n\t\t<!-- All in One SEO 5.0.0.1 - aioseo.com -->\n\t<meta name=\"description\" content=\"Prefeitura de Cama\u00e7ari anuncia ponto facultativo na sexta-feira, garantindo descanso aos servidores p\u00fablicos municipais.\" \/>\n\t<meta name=\"robots\" content=\"max-image-preview:large\" \/>\n\t<meta name=\"author\" content=\"Encontra Cama\u00e7ari\"\/>\n\t<link rel=\"canonical\" href=\"https:\/\/www.encontracamacari.com.br\/sobre\/prefeitura-de-camacari-decreta-ponto-facultativo-na-sexta\/\" \/>\n\t<meta name=\"generator\" content=\"All in One SEO (AIOSEO) 5.0.0.1\" \/>\n\t\t<meta property=\"og:locale\" content=\"pt_BR\" \/>\n\t\t<meta property=\"og:site_name\" content=\"Encontra Cama\u00e7ari - Not\u00edcias, eventos, informa\u00e7\u00f5es e dicas na cidade de Cama\u00e7ari e regi\u00e3o.\" \/>\n\t\t<meta property=\"og:type\" content=\"article\" \/>\n\t\t<meta property=\"og:title\" content=\"Prefeitura de Cama\u00e7ari decreta ponto facultativo na sexta - Encontra Cama\u00e7ari\" \/>\n\t\t<meta property=\"og:description\" content=\"Prefeitura de Cama\u00e7ari anuncia ponto facultativo na sexta-feira, garantindo descanso aos servidores p\u00fablicos municipais.\" \/>\n\t\t<meta property=\"og:url\" content=\"https:\/\/www.encontracamacari.com.br\/sobre\/prefeitura-de-camacari-decreta-ponto-facultativo-na-sexta\/\" \/>\n\t\t<meta property=\"article:published_time\" content=\"2025-12-12T14:14:00+00:00\" \/>\n\t\t<meta property=\"article:modified_time\" content=\"2025-12-12T14:14:00+00:00\" \/>\n\t\t<meta name=\"twitter:card\" content=\"summary_large_image\" \/>\n\t\t<meta name=\"twitter:title\" content=\"Prefeitura de Cama\u00e7ari decreta ponto facultativo na sexta - Encontra Cama\u00e7ari\" \/>\n\t\t<meta name=\"twitter:description\" content=\"Prefeitura de Cama\u00e7ari anuncia ponto facultativo na sexta-feira, garantindo descanso aos servidores p\u00fablicos municipais.\" \/>\n\t\t<script type=\"application\/ld+json\" class=\"aioseo-schema\">\n\t\t\t{\"@context\":\"https:\\\/\\\/schema.org\",\"@graph\":[{\"@type\":\"BlogPosting\",\"@id\":\"https:\\\/\\\/www.encontracamacari.com.br\\\/sobre\\\/prefeitura-de-camacari-decreta-ponto-facultativo-na-sexta\\\/#blogposting\",\"name\":\"Prefeitura de Cama\\u00e7ari decreta ponto facultativo na sexta - Encontra Cama\\u00e7ari\",\"headline\":\"Prefeitura de Cama\\u00e7ari decreta ponto facultativo na sexta\",\"author\":{\"@id\":\"https:\\\/\\\/www.encontracamacari.com.br\\\/sobre\\\/author\\\/ecamacari\\\/#author\"},\"publisher\":{\"@id\":\"https:\\\/\\\/www.encontracamacari.com.br\\\/sobre\\\/#organization\"},\"image\":{\"@type\":\"ImageObject\",\"url\":\"https:\\\/\\\/www.encontracamacari.com.br\\\/sobre\\\/wp-content\\\/uploads\\\/2025\\\/12\\\/prefeitura-de-camacari-decreta-ponto-facultativo-na-sexta.webp\",\"width\":320,\"height\":280,\"caption\":\"Ponto facultativo Cama\\u00e7ari\"},\"datePublished\":\"2025-12-12T14:14:00+00:00\",\"dateModified\":\"2025-12-12T14:14:00+00:00\",\"inLanguage\":\"pt-BR\",\"mainEntityOfPage\":{\"@id\":\"https:\\\/\\\/www.encontracamacari.com.br\\\/sobre\\\/prefeitura-de-camacari-decreta-ponto-facultativo-na-sexta\\\/#webpage\"},\"isPartOf\":{\"@id\":\"https:\\\/\\\/www.encontracamacari.com.br\\\/sobre\\\/prefeitura-de-camacari-decreta-ponto-facultativo-na-sexta\\\/#webpage\"},\"articleSection\":\"Not\\u00edcias Cama\\u00e7ari\"},{\"@type\":\"BreadcrumbList\",\"@id\":\"https:\\\/\\\/www.encontracamacari.com.br\\\/sobre\\\/prefeitura-de-camacari-decreta-ponto-facultativo-na-sexta\\\/#breadcrumblist\",\"itemListElement\":[{\"@type\":\"ListItem\",\"@id\":\"https:\\\/\\\/www.encontracamacari.com.br\\\/sobre#listItem\",\"position\":1,\"name\":\"Home\",\"item\":\"https:\\\/\\\/www.encontracamacari.com.br\\\/sobre\",\"nextItem\":{\"@type\":\"ListItem\",\"@id\":\"https:\\\/\\\/www.encontracamacari.com.br\\\/sobre\\\/noticias-em-camacari\\\/#listItem\",\"name\":\"Not\\u00edcias Cama\\u00e7ari\"}},{\"@type\":\"ListItem\",\"@id\":\"https:\\\/\\\/www.encontracamacari.com.br\\\/sobre\\\/noticias-em-camacari\\\/#listItem\",\"position\":2,\"name\":\"Not\\u00edcias Cama\\u00e7ari\",\"item\":\"https:\\\/\\\/www.encontracamacari.com.br\\\/sobre\\\/noticias-em-camacari\\\/\",\"nextItem\":{\"@type\":\"ListItem\",\"@id\":\"https:\\\/\\\/www.encontracamacari.com.br\\\/sobre\\\/prefeitura-de-camacari-decreta-ponto-facultativo-na-sexta\\\/#listItem\",\"name\":\"Prefeitura de Cama\\u00e7ari decreta ponto facultativo na sexta\"},\"previousItem\":{\"@type\":\"ListItem\",\"@id\":\"https:\\\/\\\/www.encontracamacari.com.br\\\/sobre#listItem\",\"name\":\"Home\"}},{\"@type\":\"ListItem\",\"@id\":\"https:\\\/\\\/www.encontracamacari.com.br\\\/sobre\\\/prefeitura-de-camacari-decreta-ponto-facultativo-na-sexta\\\/#listItem\",\"position\":3,\"name\":\"Prefeitura de Cama\\u00e7ari decreta ponto facultativo na sexta\",\"previousItem\":{\"@type\":\"ListItem\",\"@id\":\"https:\\\/\\\/www.encontracamacari.com.br\\\/sobre\\\/noticias-em-camacari\\\/#listItem\",\"name\":\"Not\\u00edcias Cama\\u00e7ari\"}}]},{\"@type\":\"Organization\",\"@id\":\"https:\\\/\\\/www.encontracamacari.com.br\\\/sobre\\\/#organization\",\"name\":\"Encontra Cama\\u00e7ari\",\"description\":\"Not\\u00edcias, eventos, informa\\u00e7\\u00f5es e dicas na cidade de Cama\\u00e7ari e regi\\u00e3o.\",\"url\":\"https:\\\/\\\/www.encontracamacari.com.br\\\/sobre\\\/\"},{\"@type\":\"Person\",\"@id\":\"https:\\\/\\\/www.encontracamacari.com.br\\\/sobre\\\/author\\\/ecamacari\\\/#author\",\"url\":\"https:\\\/\\\/www.encontracamacari.com.br\\\/sobre\\\/author\\\/ecamacari\\\/\",\"name\":\"Encontra Cama\\u00e7ari\",\"image\":{\"@type\":\"ImageObject\",\"@id\":\"https:\\\/\\\/www.encontracamacari.com.br\\\/sobre\\\/prefeitura-de-camacari-decreta-ponto-facultativo-na-sexta\\\/#authorImage\",\"url\":\"https:\\\/\\\/secure.gravatar.com\\\/avatar\\\/507340682b8270222e1f208e23198b6ae7e2c6a1033ae84e99bc6bce4f82a387?s=96&d=mm&r=g\",\"width\":96,\"height\":96,\"caption\":\"Encontra Cama\\u00e7ari\"}},{\"@type\":\"WebPage\",\"@id\":\"https:\\\/\\\/www.encontracamacari.com.br\\\/sobre\\\/prefeitura-de-camacari-decreta-ponto-facultativo-na-sexta\\\/#webpage\",\"url\":\"https:\\\/\\\/www.encontracamacari.com.br\\\/sobre\\\/prefeitura-de-camacari-decreta-ponto-facultativo-na-sexta\\\/\",\"name\":\"Prefeitura de Cama\\u00e7ari decreta ponto facultativo na sexta - Encontra Cama\\u00e7ari\",\"description\":\"Prefeitura de Cama\\u00e7ari anuncia ponto facultativo na sexta-feira, garantindo descanso aos servidores p\\u00fablicos municipais.\",\"inLanguage\":\"pt-BR\",\"isPartOf\":{\"@id\":\"https:\\\/\\\/www.encontracamacari.com.br\\\/sobre\\\/#website\"},\"breadcrumb\":{\"@id\":\"https:\\\/\\\/www.encontracamacari.com.br\\\/sobre\\\/prefeitura-de-camacari-decreta-ponto-facultativo-na-sexta\\\/#breadcrumblist\"},\"author\":{\"@id\":\"https:\\\/\\\/www.encontracamacari.com.br\\\/sobre\\\/author\\\/ecamacari\\\/#author\"},\"creator\":{\"@id\":\"https:\\\/\\\/www.encontracamacari.com.br\\\/sobre\\\/author\\\/ecamacari\\\/#author\"},\"image\":{\"@type\":\"ImageObject\",\"url\":\"https:\\\/\\\/www.encontracamacari.com.br\\\/sobre\\\/wp-content\\\/uploads\\\/2025\\\/12\\\/prefeitura-de-camacari-decreta-ponto-facultativo-na-sexta.webp\",\"@id\":\"https:\\\/\\\/www.encontracamacari.com.br\\\/sobre\\\/prefeitura-de-camacari-decreta-ponto-facultativo-na-sexta\\\/#mainImage\",\"width\":320,\"height\":280,\"caption\":\"Ponto facultativo Cama\\u00e7ari\"},\"primaryImageOfPage\":{\"@id\":\"https:\\\/\\\/www.encontracamacari.com.br\\\/sobre\\\/prefeitura-de-camacari-decreta-ponto-facultativo-na-sexta\\\/#mainImage\"},\"datePublished\":\"2025-12-12T14:14:00+00:00\",\"dateModified\":\"2025-12-12T14:14:00+00:00\"},{\"@type\":\"WebSite\",\"@id\":\"https:\\\/\\\/www.encontracamacari.com.br\\\/sobre\\\/#website\",\"url\":\"https:\\\/\\\/www.encontracamacari.com.br\\\/sobre\\\/\",\"name\":\"Encontra Cama\\u00e7ari\",\"description\":\"Not\\u00edcias, eventos, informa\\u00e7\\u00f5es e dicas na cidade de Cama\\u00e7ari e regi\\u00e3o.\",\"inLanguage\":\"pt-BR\",\"publisher\":{\"@id\":\"https:\\\/\\\/www.encontracamacari.com.br\\\/sobre\\\/#organization\"}}]}\n\t\t<\/script>\n\t\t<!-- All in One SEO -->\n\n","aioseo_head_json":{"title":"Prefeitura de Cama\u00e7ari decreta ponto facultativo na sexta - Encontra Cama\u00e7ari","description":"Prefeitura de Cama\u00e7ari anuncia ponto facultativo na sexta-feira, garantindo descanso aos servidores p\u00fablicos municipais.","canonical_url":"https:\/\/www.encontracamacari.com.br\/sobre\/prefeitura-de-camacari-decreta-ponto-facultativo-na-sexta\/","robots":"max-image-preview:large","keywords":"","webmasterTools":{"miscellaneous":""},"schema":{"@context":"https:\/\/schema.org","@graph":[{"@type":"BlogPosting","@id":"https:\/\/www.encontracamacari.com.br\/sobre\/prefeitura-de-camacari-decreta-ponto-facultativo-na-sexta\/#blogposting","name":"Prefeitura de Cama\u00e7ari decreta ponto facultativo na sexta - Encontra Cama\u00e7ari","headline":"Prefeitura de Cama\u00e7ari decreta ponto facultativo na sexta","author":{"@id":"https:\/\/www.encontracamacari.com.br\/sobre\/author\/ecamacari\/#author"},"publisher":{"@id":"https:\/\/www.encontracamacari.com.br\/sobre\/#organization"},"image":{"@type":"ImageObject","url":"https:\/\/www.encontracamacari.com.br\/sobre\/wp-content\/uploads\/2025\/12\/prefeitura-de-camacari-decreta-ponto-facultativo-na-sexta.webp","width":320,"height":280,"caption":"Ponto facultativo Cama\u00e7ari"},"datePublished":"2025-12-12T14:14:00+00:00","dateModified":"2025-12-12T14:14:00+00:00","inLanguage":"pt-BR","mainEntityOfPage":{"@id":"https:\/\/www.encontracamacari.com.br\/sobre\/prefeitura-de-camacari-decreta-ponto-facultativo-na-sexta\/#webpage"},"isPartOf":{"@id":"https:\/\/www.encontracamacari.com.br\/sobre\/prefeitura-de-camacari-decreta-ponto-facultativo-na-sexta\/#webpage"},"articleSection":"Not\u00edcias Cama\u00e7ari"},{"@type":"BreadcrumbList","@id":"https:\/\/www.encontracamacari.com.br\/sobre\/prefeitura-de-camacari-decreta-ponto-facultativo-na-sexta\/#breadcrumblist","itemListElement":[{"@type":"ListItem","@id":"https:\/\/www.encontracamacari.com.br\/sobre#listItem","position":1,"name":"Home","item":"https:\/\/www.encontracamacari.com.br\/sobre","nextItem":{"@type":"ListItem","@id":"https:\/\/www.encontracamacari.com.br\/sobre\/noticias-em-camacari\/#listItem","name":"Not\u00edcias Cama\u00e7ari"}},{"@type":"ListItem","@id":"https:\/\/www.encontracamacari.com.br\/sobre\/noticias-em-camacari\/#listItem","position":2,"name":"Not\u00edcias Cama\u00e7ari","item":"https:\/\/www.encontracamacari.com.br\/sobre\/noticias-em-camacari\/","nextItem":{"@type":"ListItem","@id":"https:\/\/www.encontracamacari.com.br\/sobre\/prefeitura-de-camacari-decreta-ponto-facultativo-na-sexta\/#listItem","name":"Prefeitura de Cama\u00e7ari decreta ponto facultativo na sexta"},"previousItem":{"@type":"ListItem","@id":"https:\/\/www.encontracamacari.com.br\/sobre#listItem","name":"Home"}},{"@type":"ListItem","@id":"https:\/\/www.encontracamacari.com.br\/sobre\/prefeitura-de-camacari-decreta-ponto-facultativo-na-sexta\/#listItem","position":3,"name":"Prefeitura de Cama\u00e7ari decreta ponto facultativo na sexta","previousItem":{"@type":"ListItem","@id":"https:\/\/www.encontracamacari.com.br\/sobre\/noticias-em-camacari\/#listItem","name":"Not\u00edcias Cama\u00e7ari"}}]},{"@type":"Organization","@id":"https:\/\/www.encontracamacari.com.br\/sobre\/#organization","name":"Encontra Cama\u00e7ari","description":"Not\u00edcias, eventos, informa\u00e7\u00f5es e dicas na cidade de Cama\u00e7ari e regi\u00e3o.","url":"https:\/\/www.encontracamacari.com.br\/sobre\/"},{"@type":"Person","@id":"https:\/\/www.encontracamacari.com.br\/sobre\/author\/ecamacari\/#author","url":"https:\/\/www.encontracamacari.com.br\/sobre\/author\/ecamacari\/","name":"Encontra Cama\u00e7ari","image":{"@type":"ImageObject","@id":"https:\/\/www.encontracamacari.com.br\/sobre\/prefeitura-de-camacari-decreta-ponto-facultativo-na-sexta\/#authorImage","url":"https:\/\/secure.gravatar.com\/avatar\/507340682b8270222e1f208e23198b6ae7e2c6a1033ae84e99bc6bce4f82a387?s=96&d=mm&r=g","width":96,"height":96,"caption":"Encontra Cama\u00e7ari"}},{"@type":"WebPage","@id":"https:\/\/www.encontracamacari.com.br\/sobre\/prefeitura-de-camacari-decreta-ponto-facultativo-na-sexta\/#webpage","url":"https:\/\/www.encontracamacari.com.br\/sobre\/prefeitura-de-camacari-decreta-ponto-facultativo-na-sexta\/","name":"Prefeitura de Cama\u00e7ari decreta ponto facultativo na sexta - Encontra Cama\u00e7ari","description":"Prefeitura de Cama\u00e7ari anuncia ponto facultativo na sexta-feira, garantindo descanso aos servidores p\u00fablicos municipais.","inLanguage":"pt-BR","isPartOf":{"@id":"https:\/\/www.encontracamacari.com.br\/sobre\/#website"},"breadcrumb":{"@id":"https:\/\/www.encontracamacari.com.br\/sobre\/prefeitura-de-camacari-decreta-ponto-facultativo-na-sexta\/#breadcrumblist"},"author":{"@id":"https:\/\/www.encontracamacari.com.br\/sobre\/author\/ecamacari\/#author"},"creator":{"@id":"https:\/\/www.encontracamacari.com.br\/sobre\/author\/ecamacari\/#author"},"image":{"@type":"ImageObject","url":"https:\/\/www.encontracamacari.com.br\/sobre\/wp-content\/uploads\/2025\/12\/prefeitura-de-camacari-decreta-ponto-facultativo-na-sexta.webp","@id":"https:\/\/www.encontracamacari.com.br\/sobre\/prefeitura-de-camacari-decreta-ponto-facultativo-na-sexta\/#mainImage","width":320,"height":280,"caption":"Ponto facultativo Cama\u00e7ari"},"primaryImageOfPage":{"@id":"https:\/\/www.encontracamacari.com.br\/sobre\/prefeitura-de-camacari-decreta-ponto-facultativo-na-sexta\/#mainImage"},"datePublished":"2025-12-12T14:14:00+00:00","dateModified":"2025-12-12T14:14:00+00:00"},{"@type":"WebSite","@id":"https:\/\/www.encontracamacari.com.br\/sobre\/#website","url":"https:\/\/www.encontracamacari.com.br\/sobre\/","name":"Encontra Cama\u00e7ari","description":"Not\u00edcias, eventos, informa\u00e7\u00f5es e dicas na cidade de Cama\u00e7ari e regi\u00e3o.","inLanguage":"pt-BR","publisher":{"@id":"https:\/\/www.encontracamacari.com.br\/sobre\/#organization"}}]},"og:locale":"pt_BR","og:site_name":"Encontra Cama\u00e7ari - Not\u00edcias, eventos, informa\u00e7\u00f5es e dicas na cidade de Cama\u00e7ari e regi\u00e3o.","og:type":"article","og:title":"Prefeitura de Cama\u00e7ari decreta ponto facultativo na sexta - Encontra Cama\u00e7ari","og:description":"Prefeitura de Cama\u00e7ari anuncia ponto facultativo na sexta-feira, garantindo descanso aos servidores p\u00fablicos municipais.","og:url":"https:\/\/www.encontracamacari.com.br\/sobre\/prefeitura-de-camacari-decreta-ponto-facultativo-na-sexta\/","article:published_time":"2025-12-12T14:14:00+00:00","article:modified_time":"2025-12-12T14:14:00+00:00","twitter:card":"summary_large_image","twitter:title":"Prefeitura de Cama\u00e7ari decreta ponto facultativo na sexta - Encontra Cama\u00e7ari","twitter:description":"Prefeitura de Cama\u00e7ari anuncia ponto facultativo na sexta-feira, garantindo descanso aos servidores p\u00fablicos municipais."},"aioseo_meta_data":{"post_id":"478","title":null,"description":null,"keywords":null,"keyphrases":null,"primary_term":null,"canonical_url":null,"og_title":null,"og_description":null,"og_object_type":"default","og_image_type":"default","og_image_url":null,"og_image_width":null,"og_image_height":null,"og_image_custom_url":null,"og_image_custom_fields":null,"og_video":null,"og_custom_url":null,"og_article_section":null,"og_article_tags":null,"twitter_use_og":false,"twitter_card":"default","twitter_image_type":"default","twitter_image_url":null,"twitter_image_custom_url":null,"twitter_image_custom_fields":null,"twitter_title":null,"twitter_description":null,"schema":{"blockGraphs":[],"customGraphs":[],"default":{"data":{"Article":[],"Course":[],"Dataset":[],"FAQPage":[],"Movie":[],"Person":[],"Product":[],"ProductReview":[],"Car":[],"Recipe":[],"Service":[],"SoftwareApplication":[],"WebPage":[]},"graphName":"BlogPosting","isEnabled":true},"graphs":[]},"schema_type":"default","schema_type_options":null,"pillar_content":false,"robots_default":true,"robots_noindex":false,"robots_noarchive":false,"robots_nosnippet":false,"robots_nofollow":false,"robots_noimageindex":false,"robots_noodp":false,"robots_notranslate":false,"robots_max_snippet":null,"robots_max_videopreview":null,"robots_max_imagepreview":"large","priority":null,"frequency":null,"local_seo":null,"limit_modified_date":false,"created":"2025-12-18 19:42:22","updated":"2026-08-06 00:33:16","focus_keyword":null,"additional_keywords":null,"truseo_locale":null,"ai":null,"breadcrumb_settings":null,"seo_analyzer_scan_date":null},"aioseo_breadcrumb":"<div class=\"aioseo-breadcrumbs\"><span class=\"aioseo-breadcrumb\">\n\t\t\t<a href=\"https:\/\/www.encontracamacari.com.br\/sobre\" title=\"Home\">Home<\/a>\n\t\t<\/span><span class=\"aioseo-breadcrumb-separator\">&raquo;<\/span><span class=\"aioseo-breadcrumb\">\n\t\t\t<a href=\"https:\/\/www.encontracamacari.com.br\/sobre\/noticias-em-camacari\/\" title=\"Not\u00edcias Cama\u00e7ari\">Not\u00edcias Cama\u00e7ari<\/a>\n\t\t<\/span><span class=\"aioseo-breadcrumb-separator\">&raquo;<\/span><span class=\"aioseo-breadcrumb\">\n\t\t\tPrefeitura de Cama\u00e7ari decreta ponto facultativo na sexta\n\t\t<\/span><\/div>","aioseo_breadcrumb_json":[{"label":"Home","link":"https:\/\/www.encontracamacari.com.br\/sobre"},{"label":"Not\u00edcias Cama\u00e7ari","link":"https:\/\/www.encontracamacari.com.br\/sobre\/noticias-em-camacari\/"},{"label":"Prefeitura de Cama\u00e7ari decreta ponto facultativo na sexta","link":"https:\/\/www.encontracamacari.com.br\/sobre\/prefeitura-de-camacari-decreta-ponto-facultativo-na-sexta\/"}],"_links":{"self":[{"href":"https:\/\/www.encontracamacari.com.br\/sobre\/wp-json\/wp\/v2\/posts\/478","targetHints":{"allow":["GET"]}}],"collection":[{"href":"https:\/\/www.encontracamacari.com.br\/sobre\/wp-json\/wp\/v2\/posts"}],"about":[{"href":"https:\/\/www.encontracamacari.com.br\/sobre\/wp-json\/wp\/v2\/types\/post"}],"author":[{"embeddable":true,"href":"https:\/\/www.encontracamacari.com.br\/sobre\/wp-json\/wp\/v2\/users\/1"}],"replies":[{"embeddable":true,"href":"https:\/\/www.encontracamacari.com.br\/sobre\/wp-json\/wp\/v2\/comments?post=478"}],"version-history":[{"count":0,"href":"https:\/\/www.encontracamacari.com.br\/sobre\/wp-json\/wp\/v2\/posts\/478\/revisions"}],"wp:featuredmedia":[{"embeddable":true,"href":"https:\/\/www.encontracamacari.com.br\/sobre\/wp-json\/wp\/v2\/media\/477"}],"wp:attachment":[{"href":"https:\/\/www.encontracamacari.com.br\/sobre\/wp-json\/wp\/v2\/media?parent=478"}],"wp:term":[{"taxonomy":"category","embeddable":true,"href":"https:\/\/www.encontracamacari.com.br\/sobre\/wp-json\/wp\/v2\/categories?post=478"},{"taxonomy":"post_tag","embeddable":true,"href":"https:\/\/www.encontracamacari.com.br\/sobre\/wp-json\/wp\/v2\/tags?post=478"}],"curies":[{"name":"wp","href":"https:\/\/api.w.org\/{rel}","templated":true}]}}