{"id":468,"date":"2025-12-10T10:15:00","date_gmt":"2025-12-10T10:15:00","guid":{"rendered":"https:\/\/www.encontracamacari.com.br\/sobre\/manifestacao-contra-a-demolicao-de-casas-pela-prefeitura-de-camacari-travou-a-ba\/"},"modified":"2025-12-10T10:15:00","modified_gmt":"2025-12-10T10:15:00","slug":"manifestacao-contra-a-demolicao-de-casas-pela-prefeitura-de-camacari-travou-a-ba","status":"publish","type":"post","link":"https:\/\/www.encontracamacari.com.br\/sobre\/manifestacao-contra-a-demolicao-de-casas-pela-prefeitura-de-camacari-travou-a-ba\/","title":{"rendered":"Manifesta\u00e7\u00e3o contra a demoli\u00e7\u00e3o de casas pela Prefeitura de Cama\u00e7ari travou a BA"},"content":{"rendered":"<div class=\"2410bb7248a64bb1f71103797e0f239b\" data-index=\"1\" style=\"float: none; margin:0px;\">\n<ins class=\"adsbygoogle\"\r\n     style=\"display:block\"\r\n     data-ad-client=\"ca-pub-8585364105181520\"\r\n     data-ad-slot=\"8789329856\"\r\n     data-ad-format=\"auto\"\r\n     data-full-width-responsive=\"true\"><\/ins>\r\n<script>\r\n     (adsbygoogle = window.adsbygoogle || []).push({});\r\n<\/script>\n<\/div>\n<h2>Contexto da Demoli\u00e7\u00e3o<\/h2>\n<p>A situa\u00e7\u00e3o envolvendo a demoli\u00e7\u00e3o de casas na regi\u00e3o de Cama\u00e7ari, Bahia, gerou grande descontentamento entre os moradores e a comunidade. As casas que foram alvo de demoli\u00e7\u00e3o estavam localizadas em uma \u00e1rea considerada de prote\u00e7\u00e3o ambiental, a \u00c1rea de Prote\u00e7\u00e3o Permanente (APP), que visa preservar ecossistemas sens\u00edveis, como as dunas da regi\u00e3o. A decis\u00e3o da prefeitura de nossa querida Cama\u00e7ari se baseou em alega\u00e7\u00f5es de constru\u00e7\u00f5es ilegais, ocorre em meio a um contexto mais amplo de necessidade urgente de prote\u00e7\u00e3o ambiental e ordenamento urbano.<\/p>\n<p>Nesta particularidade, \u00e9 importante notar que a exist\u00eancia de constru\u00e7\u00f5es em APPs pode impactar negativamente o meio ambiente local, afetando a fauna e flora que dependem dessas \u00e1reas para a sua sobreviv\u00eancia. Al\u00e9m disso, a press\u00e3o de ocupa\u00e7\u00f5es irregulares tem levado a um aumento de conflitos entre o poder p\u00fablico e os moradores. O impacto dessas demoli\u00e7\u00f5es vai al\u00e9m da destrui\u00e7\u00e3o f\u00edsica de lares; trata-se tamb\u00e9m de um ataque ao pr\u00f3prio sentido de pertencimento e seguran\u00e7a das fam\u00edlias afetadas.<\/p>\n<p>Al\u00e9m disso, a quest\u00e3o ambiental \u00e9 sens\u00edvel e complexa. Munidos de argumentos t\u00e9cnicos, o governo explica que as interven\u00e7\u00f5es s\u00e3o essenciais para manter a integridade do ecossistema. As APPs, segundo a legisla\u00e7\u00e3o brasileira, visam proteger os recursos h\u00eddricos, a biodiversidade e os solos, sendo vital para o equil\u00edbrio ambiental e redu\u00e7\u00e3o dos riscos de desastres naturais. Nesse sentido, as a\u00e7\u00f5es de demoli\u00e7\u00e3o devem ser analisadas sob uma \u00f3tica mais respons\u00e1vel e equilibrada, considerando tanto a necessidade de preserva\u00e7\u00e3o ambiental quanto os direitos dos moradores.<\/p>\n<p><img decoding=\"async\" src=\"https:\/\/www.encontracamacari.com.br\/sobre\/wp-content\/uploads\/2025\/12\/manifestacao-contra-a-demolicao-de-casas-pela-prefeitura-de-camacari-travou-a-ba.webp\" alt=\"manifesta\u00e7\u00e3o contra a demoli\u00e7\u00e3o de casas\" loading=\"lazy\" \/><\/p>\n<h2>Motivos da Manifesta\u00e7\u00e3o<\/h2>\n<p>A manifesta\u00e7\u00e3o realizada pelos moradores em rea\u00e7\u00e3o \u00e0 demoli\u00e7\u00e3o de suas casas foi motivada por uma combina\u00e7\u00e3o de frustra\u00e7\u00e3o, temor e a busca por justi\u00e7a. Os moradores, ao perceberem que suas casas seriam demolidas sem aviso pr\u00e9vio, sentiram-se desrespeitados e abandonados pelo poder p\u00fablico. Muitos alegaram que estas constru\u00e7\u00f5es foram erguidas ao longo de anos, com investimentos significativos e, em alguns casos, em di\u00e1logo com a pr\u00f3pria prefeitura.<\/p>\n<p>Um dos principais pontos levantados pelos participantes da manifesta\u00e7\u00e3o foi a falta de comunica\u00e7\u00e3o entre a prefeitura e os moradores. Relatos de que ningu\u00e9m havia sido notificado adequadamente sobre a demoli\u00e7\u00e3o e as raz\u00f5es para tal a\u00e7\u00e3o se tornaram o combust\u00edvel para a revolta. As queimadas e bloqueios nas estradas n\u00e3o apenas apontam para a insatisfa\u00e7\u00e3o com a decis\u00e3o do governo, mas tamb\u00e9m transmitem uma necessidade muito mais profunda: a busca por um espa\u00e7o para di\u00e1logo e considera\u00e7\u00e3o.<\/p>\n<p>Al\u00e9m disso, a manifesta\u00e7\u00e3o trouxe \u00e0 tona a realidade de fam\u00edlias que, em muitos casos, n\u00e3o t\u00eam para onde ir. A constru\u00e7\u00e3o das casas representa o sonho de um lar para diversas fam\u00edlias, e o ato de demolir essas estruturas significa prejudicar a estabilidade e a seguran\u00e7a de crian\u00e7as e adultos. O desejo de resist\u00eancia, portanto, n\u00e3o \u00e9 apenas uma luta contra uma decis\u00e3o imposta, mas uma defesa do lar, da comunidade e da esperan\u00e7a.<\/p>\n<h2>Rea\u00e7\u00e3o da Prefeitura<\/h2>\n<p>Ap\u00f3s a execu\u00e7\u00e3o da demoli\u00e7\u00e3o, a prefeitura de Cama\u00e7ari se pronunciou, esclarecendo que a opera\u00e7\u00e3o teve como objetivo combater constru\u00e7\u00f5es irregulares, que, segundo eles, eram respons\u00e1veis por danos ambientais e que estavam em desacordo com as normas vigentes. No entanto, a fala oficial n\u00e3o foi suficiente para contornar a indigna\u00e7\u00e3o da popula\u00e7\u00e3o, que sentiu a medida como um ato de opress\u00e3o.<\/p>\n<p>Em nota, a prefeitura declarou que as demoli\u00e7\u00f5es estavam embasadas em recomenda\u00e7\u00f5es do Minist\u00e9rio P\u00fablico e que as a\u00e7\u00f5es visam proteger n\u00e3o s\u00f3 o meio ambiente, mas tamb\u00e9m a qualidade de vida dos cidad\u00e3os, que podem ser afetados por constru\u00e7\u00f5es inadequadas. Esse discurso, no entanto, muitas vezes foi recebido com desconfian\u00e7a pelos protestantes, que questionavam o real interesse da administra\u00e7\u00e3o p\u00fablica na prote\u00e7\u00e3o do meio ambiente em compara\u00e7\u00e3o com o respeito aos direitos dos cidad\u00e3os.<\/p>\n<p>A gest\u00e3o p\u00fablica tem a obriga\u00e7\u00e3o de garantir a prote\u00e7\u00e3o ambiental, mas tamb\u00e9m \u00e9 sua responsabilidade dar suporte aos cidad\u00e3os em situa\u00e7\u00f5es legais complexas. O di\u00e1logo \u00e9 essencial nesse processo. Em vez de promover uma pol\u00edtica de choque, o governo poderia ter buscado alternativas mais amig\u00e1veis e colaborativas, que respeitassem tanto o meio ambiente quanto os interesses dos moradores.<\/p>\n<h2>Perspectivas dos Moradores<\/h2>\n<p>As perspectivas dos moradores que foram afetados pela demoli\u00e7\u00e3o s\u00e3o de sincera apreens\u00e3o e incerteza. Para muitos, a demoli\u00e7\u00e3o representa n\u00e3o apenas a perda de um patrim\u00f4nio simb\u00f3lico, mas tamb\u00e9m uma ang\u00fastia financeira e emocional. Temendo pela estabilidade de suas fam\u00edlias e pela seguran\u00e7a de suas crian\u00e7as, as vozes que clamam por justi\u00e7a e reconcilia\u00e7\u00e3o se multiplicam nas esquinas das comunidades.<\/p>\n<p>Al\u00e9m disso, muitos moradores questionam: &#8220;O que ser\u00e1 de n\u00f3s agora?&#8221; Esta pergunta reflete uma preocupa\u00e7\u00e3o que transcende o ato f\u00edsico de demolir uma casa. Em comunidades onde os la\u00e7os familiares e de vizinhan\u00e7a s\u00e3o a base de apoio, a incerteza do futuro \u00e9 especialmente aterrorizante. E, ainda que as casas estivessem em \u00e1reas de prote\u00e7\u00e3o, muitos acreditam que essas constru\u00e7\u00f5es poderiam ter sido regularizadas atrav\u00e9s de processos que envolvessem a participa\u00e7\u00e3o da comunidade.<\/p>\n<p>Os moradores desejam ver um futuro que n\u00e3o envolva apenas press\u00e3o e desmandos, mas um di\u00e1logo efetivo entre a comunidade e o poder p\u00fablico. Eles esperam que a solu\u00e7\u00e3o inclua discuss\u00f5es sobre como habitar essas \u00e1reas de forma sustent\u00e1vel sem comprometer o meio ambiente. Na vis\u00e3o deles, iniciativas colaborativas s\u00e3o o caminho para encontrar um equil\u00edbrio saud\u00e1vel entre desenvolvimento e preserva\u00e7\u00e3o.<\/p>\n<h2>Implica\u00e7\u00f5es Legais<\/h2>\n<p>A quest\u00e3o da demoli\u00e7\u00e3o de casas em \u00e1reas de prote\u00e7\u00e3o tamb\u00e9m levanta uma s\u00e9rie de implica\u00e7\u00f5es legais que precisam ser cuidadosamente analisadas. O primeiro aspecto est\u00e1 relacionado \u00e0 regulariza\u00e7\u00e3o fundi\u00e1ria, que deve ser uma prioridade no pa\u00eds, principalmente em \u00e1reas vulner\u00e1veis onde as comunidades enfrentam condi\u00e7\u00f5es de habita\u00e7\u00e3o prec\u00e1rias.<\/p><div class=\"2410bb7248a64bb1f71103797e0f239b\" data-index=\"2\" style=\"float: none; margin:0px;\">\n<ins class=\"adsbygoogle\"\r\n     style=\"display:block; text-align:center;\"\r\n     data-ad-layout=\"in-article\"\r\n     data-ad-format=\"fluid\"\r\n     data-ad-client=\"ca-pub-8585364105181520\"\r\n     data-ad-slot=\"2899217073\"><\/ins>\r\n<script>\r\n     (adsbygoogle = window.adsbygoogle || []).push({});\r\n<\/script>\r\n\r\n<\/br><\/br>\n<\/div>\n\n<p>Os moradores afetados t\u00eam o direito, segundo a Constitui\u00e7\u00e3o Brasileira, de buscar medidas legais e recorrer \u00e0 Justi\u00e7a. Esses direitos incluem a possibilidade de solicitar uma indeniza\u00e7\u00e3o, o reconhecimento de posse e at\u00e9 mesmo a luta por alternativas habitacionais. \u00c9 importante que todos os afetados conhe\u00e7am suas op\u00e7\u00f5es e, se necess\u00e1rio, procurem assist\u00eancia jur\u00eddica adequada para defender seus interesses.<\/p>\n<p>Al\u00e9m disso, a demoli\u00e7\u00e3o de casas sem o devido processo legal pode configurar viola\u00e7\u00e3o de direitos humanos. A falta de di\u00e1logo e a aus\u00eancia de notifica\u00e7\u00f5es podem criar um precedente perigoso para futuros conflitos entre a popula\u00e7\u00e3o e os governos locais. Esse tipo de situa\u00e7\u00e3o levanta questionamentos sobre a legitimidade da atua\u00e7\u00e3o estatal ao for\u00e7ar uma medida sem considerar as realidades sociais dos moradores.<\/p>\n<h2>Desdobramentos da Situa\u00e7\u00e3o<\/h2>\n<p>\u00c0 medida que a controv\u00e9rsia sobre as demoli\u00e7\u00f5es se desenrola, os desdobramentos se multiplicam. A comunidade continua mobilizada e empenhada em obter justi\u00e7a, enquanto a press\u00e3o sobre a prefeitura aumenta para que dialogue e considere solu\u00e7\u00f5es alternativas. Existe a possibilidade de que as manifesta\u00e7\u00f5es organizadas resultem em um movimento social mais amplo, capaz de unir diversas comunidades em torno da luta por habita\u00e7\u00e3o digna e respeito \u00e0s leis de prote\u00e7\u00e3o ambiental.<\/p>\n<p>Os desdobramentos tamb\u00e9m podem incluir uma revis\u00e3o das pol\u00edticas p\u00fablicas relacionadas \u00e0 habita\u00e7\u00e3o e ao meio ambiente em Cama\u00e7ari. A forma como essas pol\u00edticas s\u00e3o implementadas e comunicadas \u00e9 cr\u00edtica e deve, a partir de agora, envolver a popula\u00e7\u00e3o local em um processo participativo. Al\u00e9m disso, informa\u00e7\u00f5es sobre suas a\u00e7\u00f5es precisam ser transparentes e acess\u00edveis, para que as comunidades possam compreender melhor suas obriga\u00e7\u00f5es e direitos.<\/p>\n<p>Outro desdobramento relevante \u00e9 o papel da m\u00eddia e das redes sociais, que t\u00eam amplificado as vozes da comunidade e gerado conscientiza\u00e7\u00e3o sobre a situa\u00e7\u00e3o. As manifesta\u00e7\u00f5es t\u00eam sido registradas e compartilhadas, contribuindo para um maior debate p\u00fablico sobre a rela\u00e7\u00e3o entre habita\u00e7\u00e3o, prote\u00e7\u00e3o ambiental e justi\u00e7a social.<\/p>\n<h2>O Papel da Pol\u00edcia<\/h2>\n<p>A atua\u00e7\u00e3o da pol\u00edcia foi um fator crucial durante a demoli\u00e7\u00e3o e nas manifesta\u00e7\u00f5es que se seguiram. Embora a presen\u00e7a da pol\u00edcia tenha como objetivo garantir a seguran\u00e7a, muitos manifestantes relataram sentir-se amea\u00e7ados ou intimidados pela for\u00e7a policial. A falta de comunica\u00e7\u00e3o e acompanhamento humano por parte das autoridades durante a opera\u00e7\u00e3o exacerbou a desconfian\u00e7a entre os cidad\u00e3os.<\/p>\n<p>As intera\u00e7\u00f5es entre a pol\u00edcia e a comunidade precisam ser reavaliadas. Existe uma necessidade cr\u00edtica de treinamento para que a pol\u00edcia possa lidar com situa\u00e7\u00f5es de conflito de maneira mais sens\u00edvel. O mesmo vale para a desescalada de situa\u00e7\u00f5es tensas, onde o objetivo deve ser a media\u00e7\u00e3o e o respeito, em vez de uma abordagem confrontacional.<\/p>\n<p>Um papel mais colaborativo por parte da pol\u00edcia poderia ajudar a restaurar a confian\u00e7a da comunidade nas institui\u00e7\u00f5es p\u00fablicas. Al\u00e9m disso, a presen\u00e7a policial deve servir como um mediador de di\u00e1logos construtivos entre os cidad\u00e3os e a administra\u00e7\u00e3o p\u00fablica, oferecendo prote\u00e7\u00e3o \u00e0 comunidade e n\u00e3o um sentimento de opress\u00e3o.<\/p>\n<h2>Imprensa e M\u00eddia Social<\/h2>\n<p>A cobertura da m\u00eddia e o gerenciamento das redes sociais t\u00eam sido fundamentais para dar visibilidade ao conflito entre os moradores de Cama\u00e7ari e a prefeitura. A maneira como esses canais abordam o problema molda a opini\u00e3o p\u00fablica e pode influenciar a resposta das autoridades locais.<\/p>\n<p>As reportagens t\u00eam sido um dos principais meios pelos quais a comunidade expressa suas dificuldades e reivindica\u00e7\u00f5es. Ao mesmo tempo, o uso de plataformas digitais permite que moradores compartilhem suas experi\u00eancias, organizem manifesta\u00e7\u00f5es e promovam a solidariedade entre si. Essa visibilidade \u00e9 vital no cen\u00e1rio atual, onde a m\u00eddia tradicional nem sempre capta as vozes mais vulner\u00e1veis.<\/p>\n<p>Al\u00e9m disso, a atua\u00e7\u00e3o nas redes sociais tem ampliado o alcance da luta dos moradores, atraindo o apoio de movimentos sociais e compradores e fortalecendo a sensa\u00e7\u00e3o de coletividade. Essa solidariedade digital se transforma em press\u00e3o sobre os tomadores de decis\u00e3o para que adotem uma abordagem mais equilibrada e sens\u00edvel \u00e0s necessidades dos moradores.<\/p>\n<h2>Impacto na Comunidade<\/h2>\n<p>O impacto da demoli\u00e7\u00e3o de casas em Cama\u00e7ari na comunidade \u00e9 profundo e multifacetado. Al\u00e9m da dor pela perda dos lares, a situa\u00e7\u00e3o gera um sentimento de inseguran\u00e7a e instabilidade entre os moradores. A perda de habita\u00e7\u00e3o \u00e9 um golpe ao n\u00facleo da vida familiar, refletindo na sa\u00fade mental e no bem-estar de crian\u00e7as e adultos.<\/p>\n<p>O sentimento de inseguran\u00e7a \u00e9 amplificado pela incerteza do futuro. Sem um local seguro para viver, muitos moradores enfrentam o temor de enfrentar a pobreza e a falta de op\u00e7\u00f5es habitacionais adequadas. Isso tamb\u00e9m alimenta um ciclo de medo e desconfian\u00e7a em rela\u00e7\u00e3o \u00e0s autoridades e \u00e0s pol\u00edticas p\u00fablicas.<\/p>\n<p>Com o tempo, o tribalismo social pode se intensificar, e a fragmenta\u00e7\u00e3o da comunidade pode ser um resultado. A luta pela moradia e preserva\u00e7\u00e3o do ecossistema, quando bem articulada, pode incentivar modos mais sustent\u00e1veis de desenvolvimento e habita\u00e7\u00e3o na regi\u00e3o. Portanto, o desafio \u00e9 transformar essa adversidade em uma oportunidade para a constru\u00e7\u00e3o de um futuro colaborativo e sustent\u00e1vel.<\/p>\n<h2>Futuro da \u00c1rea de Prote\u00e7\u00e3o<\/h2>\n<p>O futuro da \u00c1rea de Prote\u00e7\u00e3o em Cama\u00e7ari depende, em \u00faltima an\u00e1lise, da capacidade de construir um di\u00e1logo significativo entre as autoridades municipais, os moradores e organiza\u00e7\u00f5es da sociedade civil. O que est\u00e1 em jogo \u00e9 o equil\u00edbrio entre a preserva\u00e7\u00e3o ambiental e os direitos humanos fundamentais.<\/p>\n<p>As li\u00e7\u00f5es que emergem da situa\u00e7\u00e3o atual s\u00e3o sobre a necessidade urgente de reavaliar as pol\u00edticas de habita\u00e7\u00e3o, intensificando a regulariza\u00e7\u00e3o fundi\u00e1ria e criando espa\u00e7os onde as vozes dos cidad\u00e3os possam ser ouvidas. Nesse sentido, o futuro n\u00e3o deve ser visto apenas sob a \u00f3tica da demoli\u00e7\u00e3o, mas como um convite para reimaginar solu\u00e7\u00f5es habitacionais que respeitem o meio ambiente e o direito \u00e0 moradia digna.<\/p>\n<p>No entanto, o caminho para um futuro sustent\u00e1vel ainda \u00e9 longo. A experi\u00eancia da comunidade de Cama\u00e7ari deve ecoar em assembleias de debate, com \u00eanfase na referencia\u00e7\u00e3o de pr\u00e1ticas sustent\u00e1veis que garantam tanto os direitos das pessoas quanto a prote\u00e7\u00e3o do ecossistema. Recorrendo \u00e0 solidariedade e \u00e0 uni\u00e3o, \u00e9 poss\u00edvel que a comunidade transforme um momento de crise em um novo amanhecer para todos, onde possa haver harmonia entre os interesses humanos e ambientais.<\/p>\n<div class=\"2410bb7248a64bb1f71103797e0f239b\" data-index=\"3\" style=\"float: none; margin:0px;\">\n<\/br><\/br>\r\n\r\n<ins class=\"adsbygoogle\"\r\n     style=\"display:block\"\r\n     data-ad-format=\"fluid\"\r\n     data-ad-layout-key=\"-63+do+n-1s+9e\"\r\n     data-ad-client=\"ca-pub-8585364105181520\"\r\n     data-ad-slot=\"6838462089\"><\/ins>\r\n<script>\r\n     (adsbygoogle = window.adsbygoogle || []).push({});\r\n<\/script>\n<\/div>\n\n<div style=\"font-size: 0px; height: 0px; line-height: 0px; margin: 0; padding: 0; clear: both;\"><\/div>","protected":false},"excerpt":{"rendered":"<p>Manifesta\u00e7\u00e3o contra a demoli\u00e7\u00e3o de casas provoca caos na BA-099 em Cama\u00e7ari.<\/p>\n","protected":false},"author":1,"featured_media":467,"comment_status":"open","ping_status":"closed","sticky":false,"template":"","format":"standard","meta":{"footnotes":""},"categories":[1],"tags":[],"class_list":["post-468","post","type-post","status-publish","format-standard","has-post-thumbnail","hentry","category-noticias-em-camacari","has_thumb"],"aioseo_notices":[],"aioseo_head":"\n\t\t<!-- All in One SEO 5.0.0.1 - aioseo.com -->\n\t<meta name=\"description\" content=\"Manifesta\u00e7\u00e3o contra a demoli\u00e7\u00e3o de casas provoca caos na BA-099 em Cama\u00e7ari.\" \/>\n\t<meta name=\"robots\" content=\"max-image-preview:large\" \/>\n\t<meta name=\"author\" content=\"Encontra Cama\u00e7ari\"\/>\n\t<link rel=\"canonical\" href=\"https:\/\/www.encontracamacari.com.br\/sobre\/manifestacao-contra-a-demolicao-de-casas-pela-prefeitura-de-camacari-travou-a-ba\/\" \/>\n\t<meta name=\"generator\" content=\"All in One SEO (AIOSEO) 5.0.0.1\" \/>\n\t\t<meta property=\"og:locale\" content=\"pt_BR\" \/>\n\t\t<meta property=\"og:site_name\" content=\"Encontra Cama\u00e7ari - Not\u00edcias, eventos, informa\u00e7\u00f5es e dicas na cidade de Cama\u00e7ari e regi\u00e3o.\" \/>\n\t\t<meta property=\"og:type\" content=\"article\" \/>\n\t\t<meta property=\"og:title\" content=\"Manifesta\u00e7\u00e3o contra a demoli\u00e7\u00e3o de casas pela Prefeitura de Cama\u00e7ari travou a BA - Encontra Cama\u00e7ari\" \/>\n\t\t<meta property=\"og:description\" content=\"Manifesta\u00e7\u00e3o contra a demoli\u00e7\u00e3o de casas provoca caos na BA-099 em Cama\u00e7ari.\" \/>\n\t\t<meta property=\"og:url\" content=\"https:\/\/www.encontracamacari.com.br\/sobre\/manifestacao-contra-a-demolicao-de-casas-pela-prefeitura-de-camacari-travou-a-ba\/\" \/>\n\t\t<meta property=\"article:published_time\" content=\"2025-12-10T10:15:00+00:00\" \/>\n\t\t<meta property=\"article:modified_time\" content=\"2025-12-10T10:15:00+00:00\" \/>\n\t\t<meta name=\"twitter:card\" content=\"summary_large_image\" \/>\n\t\t<meta name=\"twitter:title\" content=\"Manifesta\u00e7\u00e3o contra a demoli\u00e7\u00e3o de casas pela Prefeitura de Cama\u00e7ari travou a BA - Encontra Cama\u00e7ari\" \/>\n\t\t<meta name=\"twitter:description\" content=\"Manifesta\u00e7\u00e3o contra a demoli\u00e7\u00e3o de casas provoca caos na BA-099 em Cama\u00e7ari.\" \/>\n\t\t<script type=\"application\/ld+json\" class=\"aioseo-schema\">\n\t\t\t{\"@context\":\"https:\\\/\\\/schema.org\",\"@graph\":[{\"@type\":\"BlogPosting\",\"@id\":\"https:\\\/\\\/www.encontracamacari.com.br\\\/sobre\\\/manifestacao-contra-a-demolicao-de-casas-pela-prefeitura-de-camacari-travou-a-ba\\\/#blogposting\",\"name\":\"Manifesta\\u00e7\\u00e3o contra a demoli\\u00e7\\u00e3o de casas pela Prefeitura de Cama\\u00e7ari travou a BA - Encontra Cama\\u00e7ari\",\"headline\":\"Manifesta\\u00e7\\u00e3o contra a demoli\\u00e7\\u00e3o de casas pela Prefeitura de Cama\\u00e7ari travou a BA\",\"author\":{\"@id\":\"https:\\\/\\\/www.encontracamacari.com.br\\\/sobre\\\/author\\\/ecamacari\\\/#author\"},\"publisher\":{\"@id\":\"https:\\\/\\\/www.encontracamacari.com.br\\\/sobre\\\/#organization\"},\"image\":{\"@type\":\"ImageObject\",\"url\":\"https:\\\/\\\/www.encontracamacari.com.br\\\/sobre\\\/wp-content\\\/uploads\\\/2025\\\/12\\\/manifestacao-contra-a-demolicao-de-casas-pela-prefeitura-de-camacari-travou-a-ba.webp\",\"width\":320,\"height\":280,\"caption\":\"manifesta\\u00e7\\u00e3o contra a demoli\\u00e7\\u00e3o de casas\"},\"datePublished\":\"2025-12-10T10:15:00+00:00\",\"dateModified\":\"2025-12-10T10:15:00+00:00\",\"inLanguage\":\"pt-BR\",\"mainEntityOfPage\":{\"@id\":\"https:\\\/\\\/www.encontracamacari.com.br\\\/sobre\\\/manifestacao-contra-a-demolicao-de-casas-pela-prefeitura-de-camacari-travou-a-ba\\\/#webpage\"},\"isPartOf\":{\"@id\":\"https:\\\/\\\/www.encontracamacari.com.br\\\/sobre\\\/manifestacao-contra-a-demolicao-de-casas-pela-prefeitura-de-camacari-travou-a-ba\\\/#webpage\"},\"articleSection\":\"Not\\u00edcias Cama\\u00e7ari\"},{\"@type\":\"BreadcrumbList\",\"@id\":\"https:\\\/\\\/www.encontracamacari.com.br\\\/sobre\\\/manifestacao-contra-a-demolicao-de-casas-pela-prefeitura-de-camacari-travou-a-ba\\\/#breadcrumblist\",\"itemListElement\":[{\"@type\":\"ListItem\",\"@id\":\"https:\\\/\\\/www.encontracamacari.com.br\\\/sobre#listItem\",\"position\":1,\"name\":\"Home\",\"item\":\"https:\\\/\\\/www.encontracamacari.com.br\\\/sobre\",\"nextItem\":{\"@type\":\"ListItem\",\"@id\":\"https:\\\/\\\/www.encontracamacari.com.br\\\/sobre\\\/noticias-em-camacari\\\/#listItem\",\"name\":\"Not\\u00edcias Cama\\u00e7ari\"}},{\"@type\":\"ListItem\",\"@id\":\"https:\\\/\\\/www.encontracamacari.com.br\\\/sobre\\\/noticias-em-camacari\\\/#listItem\",\"position\":2,\"name\":\"Not\\u00edcias Cama\\u00e7ari\",\"item\":\"https:\\\/\\\/www.encontracamacari.com.br\\\/sobre\\\/noticias-em-camacari\\\/\",\"nextItem\":{\"@type\":\"ListItem\",\"@id\":\"https:\\\/\\\/www.encontracamacari.com.br\\\/sobre\\\/manifestacao-contra-a-demolicao-de-casas-pela-prefeitura-de-camacari-travou-a-ba\\\/#listItem\",\"name\":\"Manifesta\\u00e7\\u00e3o contra a demoli\\u00e7\\u00e3o de casas pela Prefeitura de Cama\\u00e7ari travou a BA\"},\"previousItem\":{\"@type\":\"ListItem\",\"@id\":\"https:\\\/\\\/www.encontracamacari.com.br\\\/sobre#listItem\",\"name\":\"Home\"}},{\"@type\":\"ListItem\",\"@id\":\"https:\\\/\\\/www.encontracamacari.com.br\\\/sobre\\\/manifestacao-contra-a-demolicao-de-casas-pela-prefeitura-de-camacari-travou-a-ba\\\/#listItem\",\"position\":3,\"name\":\"Manifesta\\u00e7\\u00e3o contra a demoli\\u00e7\\u00e3o de casas pela Prefeitura de Cama\\u00e7ari travou a BA\",\"previousItem\":{\"@type\":\"ListItem\",\"@id\":\"https:\\\/\\\/www.encontracamacari.com.br\\\/sobre\\\/noticias-em-camacari\\\/#listItem\",\"name\":\"Not\\u00edcias Cama\\u00e7ari\"}}]},{\"@type\":\"Organization\",\"@id\":\"https:\\\/\\\/www.encontracamacari.com.br\\\/sobre\\\/#organization\",\"name\":\"Encontra Cama\\u00e7ari\",\"description\":\"Not\\u00edcias, eventos, informa\\u00e7\\u00f5es e dicas na cidade de Cama\\u00e7ari e regi\\u00e3o.\",\"url\":\"https:\\\/\\\/www.encontracamacari.com.br\\\/sobre\\\/\"},{\"@type\":\"Person\",\"@id\":\"https:\\\/\\\/www.encontracamacari.com.br\\\/sobre\\\/author\\\/ecamacari\\\/#author\",\"url\":\"https:\\\/\\\/www.encontracamacari.com.br\\\/sobre\\\/author\\\/ecamacari\\\/\",\"name\":\"Encontra Cama\\u00e7ari\",\"image\":{\"@type\":\"ImageObject\",\"@id\":\"https:\\\/\\\/www.encontracamacari.com.br\\\/sobre\\\/manifestacao-contra-a-demolicao-de-casas-pela-prefeitura-de-camacari-travou-a-ba\\\/#authorImage\",\"url\":\"https:\\\/\\\/secure.gravatar.com\\\/avatar\\\/507340682b8270222e1f208e23198b6ae7e2c6a1033ae84e99bc6bce4f82a387?s=96&d=mm&r=g\",\"width\":96,\"height\":96,\"caption\":\"Encontra Cama\\u00e7ari\"}},{\"@type\":\"WebPage\",\"@id\":\"https:\\\/\\\/www.encontracamacari.com.br\\\/sobre\\\/manifestacao-contra-a-demolicao-de-casas-pela-prefeitura-de-camacari-travou-a-ba\\\/#webpage\",\"url\":\"https:\\\/\\\/www.encontracamacari.com.br\\\/sobre\\\/manifestacao-contra-a-demolicao-de-casas-pela-prefeitura-de-camacari-travou-a-ba\\\/\",\"name\":\"Manifesta\\u00e7\\u00e3o contra a demoli\\u00e7\\u00e3o de casas pela Prefeitura de Cama\\u00e7ari travou a BA - Encontra Cama\\u00e7ari\",\"description\":\"Manifesta\\u00e7\\u00e3o contra a demoli\\u00e7\\u00e3o de casas provoca caos na BA-099 em Cama\\u00e7ari.\",\"inLanguage\":\"pt-BR\",\"isPartOf\":{\"@id\":\"https:\\\/\\\/www.encontracamacari.com.br\\\/sobre\\\/#website\"},\"breadcrumb\":{\"@id\":\"https:\\\/\\\/www.encontracamacari.com.br\\\/sobre\\\/manifestacao-contra-a-demolicao-de-casas-pela-prefeitura-de-camacari-travou-a-ba\\\/#breadcrumblist\"},\"author\":{\"@id\":\"https:\\\/\\\/www.encontracamacari.com.br\\\/sobre\\\/author\\\/ecamacari\\\/#author\"},\"creator\":{\"@id\":\"https:\\\/\\\/www.encontracamacari.com.br\\\/sobre\\\/author\\\/ecamacari\\\/#author\"},\"image\":{\"@type\":\"ImageObject\",\"url\":\"https:\\\/\\\/www.encontracamacari.com.br\\\/sobre\\\/wp-content\\\/uploads\\\/2025\\\/12\\\/manifestacao-contra-a-demolicao-de-casas-pela-prefeitura-de-camacari-travou-a-ba.webp\",\"@id\":\"https:\\\/\\\/www.encontracamacari.com.br\\\/sobre\\\/manifestacao-contra-a-demolicao-de-casas-pela-prefeitura-de-camacari-travou-a-ba\\\/#mainImage\",\"width\":320,\"height\":280,\"caption\":\"manifesta\\u00e7\\u00e3o contra a demoli\\u00e7\\u00e3o de casas\"},\"primaryImageOfPage\":{\"@id\":\"https:\\\/\\\/www.encontracamacari.com.br\\\/sobre\\\/manifestacao-contra-a-demolicao-de-casas-pela-prefeitura-de-camacari-travou-a-ba\\\/#mainImage\"},\"datePublished\":\"2025-12-10T10:15:00+00:00\",\"dateModified\":\"2025-12-10T10:15:00+00:00\"},{\"@type\":\"WebSite\",\"@id\":\"https:\\\/\\\/www.encontracamacari.com.br\\\/sobre\\\/#website\",\"url\":\"https:\\\/\\\/www.encontracamacari.com.br\\\/sobre\\\/\",\"name\":\"Encontra Cama\\u00e7ari\",\"description\":\"Not\\u00edcias, eventos, informa\\u00e7\\u00f5es e dicas na cidade de Cama\\u00e7ari e regi\\u00e3o.\",\"inLanguage\":\"pt-BR\",\"publisher\":{\"@id\":\"https:\\\/\\\/www.encontracamacari.com.br\\\/sobre\\\/#organization\"}}]}\n\t\t<\/script>\n\t\t<!-- All in One SEO -->\n\n","aioseo_head_json":{"title":"Manifesta\u00e7\u00e3o contra a demoli\u00e7\u00e3o de casas pela Prefeitura de Cama\u00e7ari travou a BA - Encontra Cama\u00e7ari","description":"Manifesta\u00e7\u00e3o contra a demoli\u00e7\u00e3o de casas provoca caos na BA-099 em Cama\u00e7ari.","canonical_url":"https:\/\/www.encontracamacari.com.br\/sobre\/manifestacao-contra-a-demolicao-de-casas-pela-prefeitura-de-camacari-travou-a-ba\/","robots":"max-image-preview:large","keywords":"","webmasterTools":{"miscellaneous":""},"schema":{"@context":"https:\/\/schema.org","@graph":[{"@type":"BlogPosting","@id":"https:\/\/www.encontracamacari.com.br\/sobre\/manifestacao-contra-a-demolicao-de-casas-pela-prefeitura-de-camacari-travou-a-ba\/#blogposting","name":"Manifesta\u00e7\u00e3o contra a demoli\u00e7\u00e3o de casas pela Prefeitura de Cama\u00e7ari travou a BA - Encontra Cama\u00e7ari","headline":"Manifesta\u00e7\u00e3o contra a demoli\u00e7\u00e3o de casas pela Prefeitura de Cama\u00e7ari travou a BA","author":{"@id":"https:\/\/www.encontracamacari.com.br\/sobre\/author\/ecamacari\/#author"},"publisher":{"@id":"https:\/\/www.encontracamacari.com.br\/sobre\/#organization"},"image":{"@type":"ImageObject","url":"https:\/\/www.encontracamacari.com.br\/sobre\/wp-content\/uploads\/2025\/12\/manifestacao-contra-a-demolicao-de-casas-pela-prefeitura-de-camacari-travou-a-ba.webp","width":320,"height":280,"caption":"manifesta\u00e7\u00e3o contra a demoli\u00e7\u00e3o de casas"},"datePublished":"2025-12-10T10:15:00+00:00","dateModified":"2025-12-10T10:15:00+00:00","inLanguage":"pt-BR","mainEntityOfPage":{"@id":"https:\/\/www.encontracamacari.com.br\/sobre\/manifestacao-contra-a-demolicao-de-casas-pela-prefeitura-de-camacari-travou-a-ba\/#webpage"},"isPartOf":{"@id":"https:\/\/www.encontracamacari.com.br\/sobre\/manifestacao-contra-a-demolicao-de-casas-pela-prefeitura-de-camacari-travou-a-ba\/#webpage"},"articleSection":"Not\u00edcias Cama\u00e7ari"},{"@type":"BreadcrumbList","@id":"https:\/\/www.encontracamacari.com.br\/sobre\/manifestacao-contra-a-demolicao-de-casas-pela-prefeitura-de-camacari-travou-a-ba\/#breadcrumblist","itemListElement":[{"@type":"ListItem","@id":"https:\/\/www.encontracamacari.com.br\/sobre#listItem","position":1,"name":"Home","item":"https:\/\/www.encontracamacari.com.br\/sobre","nextItem":{"@type":"ListItem","@id":"https:\/\/www.encontracamacari.com.br\/sobre\/noticias-em-camacari\/#listItem","name":"Not\u00edcias Cama\u00e7ari"}},{"@type":"ListItem","@id":"https:\/\/www.encontracamacari.com.br\/sobre\/noticias-em-camacari\/#listItem","position":2,"name":"Not\u00edcias Cama\u00e7ari","item":"https:\/\/www.encontracamacari.com.br\/sobre\/noticias-em-camacari\/","nextItem":{"@type":"ListItem","@id":"https:\/\/www.encontracamacari.com.br\/sobre\/manifestacao-contra-a-demolicao-de-casas-pela-prefeitura-de-camacari-travou-a-ba\/#listItem","name":"Manifesta\u00e7\u00e3o contra a demoli\u00e7\u00e3o de casas pela Prefeitura de Cama\u00e7ari travou a BA"},"previousItem":{"@type":"ListItem","@id":"https:\/\/www.encontracamacari.com.br\/sobre#listItem","name":"Home"}},{"@type":"ListItem","@id":"https:\/\/www.encontracamacari.com.br\/sobre\/manifestacao-contra-a-demolicao-de-casas-pela-prefeitura-de-camacari-travou-a-ba\/#listItem","position":3,"name":"Manifesta\u00e7\u00e3o contra a demoli\u00e7\u00e3o de casas pela Prefeitura de Cama\u00e7ari travou a BA","previousItem":{"@type":"ListItem","@id":"https:\/\/www.encontracamacari.com.br\/sobre\/noticias-em-camacari\/#listItem","name":"Not\u00edcias Cama\u00e7ari"}}]},{"@type":"Organization","@id":"https:\/\/www.encontracamacari.com.br\/sobre\/#organization","name":"Encontra Cama\u00e7ari","description":"Not\u00edcias, eventos, informa\u00e7\u00f5es e dicas na cidade de Cama\u00e7ari e regi\u00e3o.","url":"https:\/\/www.encontracamacari.com.br\/sobre\/"},{"@type":"Person","@id":"https:\/\/www.encontracamacari.com.br\/sobre\/author\/ecamacari\/#author","url":"https:\/\/www.encontracamacari.com.br\/sobre\/author\/ecamacari\/","name":"Encontra Cama\u00e7ari","image":{"@type":"ImageObject","@id":"https:\/\/www.encontracamacari.com.br\/sobre\/manifestacao-contra-a-demolicao-de-casas-pela-prefeitura-de-camacari-travou-a-ba\/#authorImage","url":"https:\/\/secure.gravatar.com\/avatar\/507340682b8270222e1f208e23198b6ae7e2c6a1033ae84e99bc6bce4f82a387?s=96&d=mm&r=g","width":96,"height":96,"caption":"Encontra Cama\u00e7ari"}},{"@type":"WebPage","@id":"https:\/\/www.encontracamacari.com.br\/sobre\/manifestacao-contra-a-demolicao-de-casas-pela-prefeitura-de-camacari-travou-a-ba\/#webpage","url":"https:\/\/www.encontracamacari.com.br\/sobre\/manifestacao-contra-a-demolicao-de-casas-pela-prefeitura-de-camacari-travou-a-ba\/","name":"Manifesta\u00e7\u00e3o contra a demoli\u00e7\u00e3o de casas pela Prefeitura de Cama\u00e7ari travou a BA - Encontra Cama\u00e7ari","description":"Manifesta\u00e7\u00e3o contra a demoli\u00e7\u00e3o de casas provoca caos na BA-099 em Cama\u00e7ari.","inLanguage":"pt-BR","isPartOf":{"@id":"https:\/\/www.encontracamacari.com.br\/sobre\/#website"},"breadcrumb":{"@id":"https:\/\/www.encontracamacari.com.br\/sobre\/manifestacao-contra-a-demolicao-de-casas-pela-prefeitura-de-camacari-travou-a-ba\/#breadcrumblist"},"author":{"@id":"https:\/\/www.encontracamacari.com.br\/sobre\/author\/ecamacari\/#author"},"creator":{"@id":"https:\/\/www.encontracamacari.com.br\/sobre\/author\/ecamacari\/#author"},"image":{"@type":"ImageObject","url":"https:\/\/www.encontracamacari.com.br\/sobre\/wp-content\/uploads\/2025\/12\/manifestacao-contra-a-demolicao-de-casas-pela-prefeitura-de-camacari-travou-a-ba.webp","@id":"https:\/\/www.encontracamacari.com.br\/sobre\/manifestacao-contra-a-demolicao-de-casas-pela-prefeitura-de-camacari-travou-a-ba\/#mainImage","width":320,"height":280,"caption":"manifesta\u00e7\u00e3o contra a demoli\u00e7\u00e3o de casas"},"primaryImageOfPage":{"@id":"https:\/\/www.encontracamacari.com.br\/sobre\/manifestacao-contra-a-demolicao-de-casas-pela-prefeitura-de-camacari-travou-a-ba\/#mainImage"},"datePublished":"2025-12-10T10:15:00+00:00","dateModified":"2025-12-10T10:15:00+00:00"},{"@type":"WebSite","@id":"https:\/\/www.encontracamacari.com.br\/sobre\/#website","url":"https:\/\/www.encontracamacari.com.br\/sobre\/","name":"Encontra Cama\u00e7ari","description":"Not\u00edcias, eventos, informa\u00e7\u00f5es e dicas na cidade de Cama\u00e7ari e regi\u00e3o.","inLanguage":"pt-BR","publisher":{"@id":"https:\/\/www.encontracamacari.com.br\/sobre\/#organization"}}]},"og:locale":"pt_BR","og:site_name":"Encontra Cama\u00e7ari - Not\u00edcias, eventos, informa\u00e7\u00f5es e dicas na cidade de Cama\u00e7ari e regi\u00e3o.","og:type":"article","og:title":"Manifesta\u00e7\u00e3o contra a demoli\u00e7\u00e3o de casas pela Prefeitura de Cama\u00e7ari travou a BA - Encontra Cama\u00e7ari","og:description":"Manifesta\u00e7\u00e3o contra a demoli\u00e7\u00e3o de casas provoca caos na BA-099 em Cama\u00e7ari.","og:url":"https:\/\/www.encontracamacari.com.br\/sobre\/manifestacao-contra-a-demolicao-de-casas-pela-prefeitura-de-camacari-travou-a-ba\/","article:published_time":"2025-12-10T10:15:00+00:00","article:modified_time":"2025-12-10T10:15:00+00:00","twitter:card":"summary_large_image","twitter:title":"Manifesta\u00e7\u00e3o contra a demoli\u00e7\u00e3o de casas pela Prefeitura de Cama\u00e7ari travou a BA - Encontra Cama\u00e7ari","twitter:description":"Manifesta\u00e7\u00e3o contra a demoli\u00e7\u00e3o de casas provoca caos na BA-099 em Cama\u00e7ari."},"aioseo_meta_data":{"post_id":"468","title":null,"description":null,"keywords":null,"keyphrases":null,"primary_term":null,"canonical_url":null,"og_title":null,"og_description":null,"og_object_type":"default","og_image_type":"default","og_image_url":null,"og_image_width":null,"og_image_height":null,"og_image_custom_url":null,"og_image_custom_fields":null,"og_video":null,"og_custom_url":null,"og_article_section":null,"og_article_tags":null,"twitter_use_og":false,"twitter_card":"default","twitter_image_type":"default","twitter_image_url":null,"twitter_image_custom_url":null,"twitter_image_custom_fields":null,"twitter_title":null,"twitter_description":null,"schema":{"blockGraphs":[],"customGraphs":[],"default":{"data":{"Article":[],"Course":[],"Dataset":[],"FAQPage":[],"Movie":[],"Person":[],"Product":[],"ProductReview":[],"Car":[],"Recipe":[],"Service":[],"SoftwareApplication":[],"WebPage":[]},"graphName":"BlogPosting","isEnabled":true},"graphs":[]},"schema_type":"default","schema_type_options":null,"pillar_content":false,"robots_default":true,"robots_noindex":false,"robots_noarchive":false,"robots_nosnippet":false,"robots_nofollow":false,"robots_noimageindex":false,"robots_noodp":false,"robots_notranslate":false,"robots_max_snippet":null,"robots_max_videopreview":null,"robots_max_imagepreview":"large","priority":null,"frequency":null,"local_seo":null,"limit_modified_date":false,"created":"2025-12-18 19:32:25","updated":"2026-08-06 00:33:16","focus_keyword":null,"additional_keywords":null,"truseo_locale":null,"ai":null,"breadcrumb_settings":null,"seo_analyzer_scan_date":null},"aioseo_breadcrumb":"<div class=\"aioseo-breadcrumbs\"><span class=\"aioseo-breadcrumb\">\n\t\t\t<a href=\"https:\/\/www.encontracamacari.com.br\/sobre\" title=\"Home\">Home<\/a>\n\t\t<\/span><span class=\"aioseo-breadcrumb-separator\">&raquo;<\/span><span class=\"aioseo-breadcrumb\">\n\t\t\t<a href=\"https:\/\/www.encontracamacari.com.br\/sobre\/noticias-em-camacari\/\" title=\"Not\u00edcias Cama\u00e7ari\">Not\u00edcias Cama\u00e7ari<\/a>\n\t\t<\/span><span class=\"aioseo-breadcrumb-separator\">&raquo;<\/span><span class=\"aioseo-breadcrumb\">\n\t\t\tManifesta\u00e7\u00e3o contra a demoli\u00e7\u00e3o de casas pela Prefeitura de Cama\u00e7ari travou a BA\n\t\t<\/span><\/div>","aioseo_breadcrumb_json":[{"label":"Home","link":"https:\/\/www.encontracamacari.com.br\/sobre"},{"label":"Not\u00edcias Cama\u00e7ari","link":"https:\/\/www.encontracamacari.com.br\/sobre\/noticias-em-camacari\/"},{"label":"Manifesta\u00e7\u00e3o contra a demoli\u00e7\u00e3o de casas pela Prefeitura de Cama\u00e7ari travou a BA","link":"https:\/\/www.encontracamacari.com.br\/sobre\/manifestacao-contra-a-demolicao-de-casas-pela-prefeitura-de-camacari-travou-a-ba\/"}],"_links":{"self":[{"href":"https:\/\/www.encontracamacari.com.br\/sobre\/wp-json\/wp\/v2\/posts\/468","targetHints":{"allow":["GET"]}}],"collection":[{"href":"https:\/\/www.encontracamacari.com.br\/sobre\/wp-json\/wp\/v2\/posts"}],"about":[{"href":"https:\/\/www.encontracamacari.com.br\/sobre\/wp-json\/wp\/v2\/types\/post"}],"author":[{"embeddable":true,"href":"https:\/\/www.encontracamacari.com.br\/sobre\/wp-json\/wp\/v2\/users\/1"}],"replies":[{"embeddable":true,"href":"https:\/\/www.encontracamacari.com.br\/sobre\/wp-json\/wp\/v2\/comments?post=468"}],"version-history":[{"count":0,"href":"https:\/\/www.encontracamacari.com.br\/sobre\/wp-json\/wp\/v2\/posts\/468\/revisions"}],"wp:featuredmedia":[{"embeddable":true,"href":"https:\/\/www.encontracamacari.com.br\/sobre\/wp-json\/wp\/v2\/media\/467"}],"wp:attachment":[{"href":"https:\/\/www.encontracamacari.com.br\/sobre\/wp-json\/wp\/v2\/media?parent=468"}],"wp:term":[{"taxonomy":"category","embeddable":true,"href":"https:\/\/www.encontracamacari.com.br\/sobre\/wp-json\/wp\/v2\/categories?post=468"},{"taxonomy":"post_tag","embeddable":true,"href":"https:\/\/www.encontracamacari.com.br\/sobre\/wp-json\/wp\/v2\/tags?post=468"}],"curies":[{"name":"wp","href":"https:\/\/api.w.org\/{rel}","templated":true}]}}