{"id":457,"date":"2025-12-07T09:14:00","date_gmt":"2025-12-07T09:14:00","guid":{"rendered":"https:\/\/www.encontracamacari.com.br\/sobre\/trabalhadores-protestam-em-frente-a-fabrica-da-byd-em-camacari\/"},"modified":"2025-12-07T09:14:00","modified_gmt":"2025-12-07T09:14:00","slug":"trabalhadores-protestam-em-frente-a-fabrica-da-byd-em-camacari","status":"publish","type":"post","link":"https:\/\/www.encontracamacari.com.br\/sobre\/trabalhadores-protestam-em-frente-a-fabrica-da-byd-em-camacari\/","title":{"rendered":"Trabalhadores protestam em frente \u00e0 f\u00e1brica da BYD em Cama\u00e7ari"},"content":{"rendered":"<div class=\"2410bb7248a64bb1f71103797e0f239b\" data-index=\"1\" style=\"float: none; margin:0px;\">\n<ins class=\"adsbygoogle\"\r\n     style=\"display:block\"\r\n     data-ad-client=\"ca-pub-8585364105181520\"\r\n     data-ad-slot=\"8789329856\"\r\n     data-ad-format=\"auto\"\r\n     data-full-width-responsive=\"true\"><\/ins>\r\n<script>\r\n     (adsbygoogle = window.adsbygoogle || []).push({});\r\n<\/script>\n<\/div>\n<h2>Cen\u00e1rio Atual em Cama\u00e7ari<\/h2>\n<p>A cidade de Cama\u00e7ari, localizada na Regi\u00e3o Metropolitana de Salvador, tem se destacado como um polo industrial importante no Brasil, especialmente ap\u00f3s a instala\u00e7\u00e3o de grandes montadoras, como a BYD. Recentemente, esse cen\u00e1rio industrial foi agitado por protestos de trabalhadores da constru\u00e7\u00e3o civil que prestam servi\u00e7os para a empresa. Estes manifestantes expressaram suas preocupa\u00e7\u00f5es sobre as condi\u00e7\u00f5es de trabalho que enfrentam, refletindo um problema que afeta muitos setores da economia brasileira. A movimenta\u00e7\u00e3o do mercado de trabalho na regi\u00e3o, atra\u00edda por investimentos significativos, contrasta com as dificuldades enfrentadas pelos trabalhadores, gerando um clima de tens\u00e3o que n\u00e3o pode ser ignorado.<\/p>\n<p>O protesto em quest\u00e3o ocorreu em frente \u00e0 f\u00e1brica da BYD, marcando um momento emblem\u00e1tico para os direitos dos trabalhadores na ind\u00fastria automotiva. Essa manifesta\u00e7\u00e3o n\u00e3o apenas reflete as tens\u00f5es trabalhistas espec\u00edficas da montadora, mas tamb\u00e9m ecoa um sentimento mais amplo de insatisfa\u00e7\u00e3o entre os trabalhadores da regi\u00e3o. Para entender melhor esse cen\u00e1rio, \u00e9 crucial explorar as causas e o contexto desses protestos, as demandas dos trabalhadores e as rea\u00e7\u00f5es das empresas e sindicatos envolvidos.<\/p>\n<h2>Causas do Protesto<\/h2>\n<p>Os protestos dos trabalhadores da constru\u00e7\u00e3o civil em Cama\u00e7ari n\u00e3o surgiram do nada. Eles s\u00e3o o resultado de uma s\u00e9rie de fatores que se acumulam ao longo do tempo. Inicialmente, muitos trabalhadores relatam que as condi\u00e7\u00f5es de trabalho em obras de grandes montadoras, como a BYD, n\u00e3o s\u00e3o adequadas. Isso inclui lares de obras com equipamentos e infraestrutura insuficientes e a falta de medidas de seguran\u00e7a adequadas.<\/p>\n<p><img decoding=\"async\" src=\"https:\/\/www.encontracamacari.com.br\/sobre\/wp-content\/uploads\/2025\/12\/trabalhadores-protestam-em-frente-a-fabrica-da-byd-em-camacari.webp\" alt=\"protesto trabalhadores BYD Cama\u00e7ari\" loading=\"lazy\" \/><\/p>\n<p>Al\u00e9m disso, os trabalhadores reclamam de sal\u00e1rios baixos e horas de trabalho excessivas. Muitas vezes, contratos tempor\u00e1rios e a falta de estabilidade contribuem para uma inseguran\u00e7a ainda maior em rela\u00e7\u00e3o ao emprego. Agravando a situa\u00e7\u00e3o, h\u00e1 uma percep\u00e7\u00e3o de que as empresas est\u00e3o ignorando as demandas leg\u00edtimas dos trabalhadores para melhorar suas condi\u00e7\u00f5es de vida e trabalho, levando \u00e0 necessidade de mobiliza\u00e7\u00e3o para ser ouvidos. Portanto, os protestos refletem uma luta maior por direitos e dignidade no trabalho.<\/p>\n<h2>O Papel da Constru\u00e7\u00e3o Civil<\/h2>\n<p>A constru\u00e7\u00e3o civil desempenha um papel fundamental no desenvolvimento econ\u00f4mico de muitas regi\u00f5es do Brasil, incluindo Cama\u00e7ari. Ela \u00e9 respons\u00e1vel por gerar empregos e impulsionar a economia local. Contudo, o setor tamb\u00e9m enfrenta desafios significativos, especialmente no que diz respeito \u00e0s condi\u00e7\u00f5es de trabalho e \u00e0 prote\u00e7\u00e3o dos direitos dos trabalhadores.<\/p>\n<p>Os trabalhadores da constru\u00e7\u00e3o civil frequentemente atuam em regime de subcontrata\u00e7\u00e3o, o que pode levar a uma s\u00e9rie de consequ\u00eancias negativas. A falta de v\u00ednculos diretos com as grandes montadoras diminui sua capacidade de reivindicar melhores condi\u00e7\u00f5es de trabalho e sal\u00e1rios. Al\u00e9m disso, as pr\u00e1ticas de terceiriza\u00e7\u00e3o podem criar um ambiente de competi\u00e7\u00e3o entre os trabalhadores, reduzindo ainda mais as chances de melhorias reais nas condi\u00e7\u00f5es de trabalho.<\/p>\n<p>Os protestos em Cama\u00e7ari, portanto, s\u00e3o uma maneira de esses trabalhadores reivindicarem os direitos que muitas vezes s\u00e3o ignorados. Ao se unirem e lutar coletivamente, eles desafiam o status quo e buscam transformar a realidade do setor, exigindo que as empresas violem os direitos humanos b\u00e1sicos de todos os trabalhadores.<\/p>\n<h2>Manifestantes e suas Demandas<\/h2>\n<p>Os manifestantes que se reuniram em frente \u00e0 f\u00e1brica da BYD t\u00eam uma s\u00e9rie de demandas claras que v\u00e3o al\u00e9m das quest\u00f5es superficiais de condi\u00e7\u00f5es de trabalho. Eles buscam melhorias abrangentes que afetem suas vidas cotidianas. Entre as principais reivindica\u00e7\u00f5es est\u00e3o aumentos salariais, melhores condi\u00e7\u00f5es de seguran\u00e7a no trabalho, estabilidade de emprego e condi\u00e7\u00f5es adequadas de habita\u00e7\u00e3o nas obras.<\/p>\n<p>A seguran\u00e7a no trabalho \u00e9 uma preocupa\u00e7\u00e3o primordial, dado o hist\u00f3rico de acidentes em canteiros de obras. Os trabalhadores clamam por medidas que garantam n\u00e3o apenas o cumprimento das normas de seguran\u00e7a, mas tamb\u00e9m programas de treinamento e educa\u00e7\u00e3o para que todos os envolvidos estejam cientes dos riscos e das melhores pr\u00e1ticas.<\/p>\n<p>Al\u00e9m disso, os trabalhadores desejam melhores condi\u00e7\u00f5es de vida, que incluem n\u00e3o apenas sal\u00e1rios justos, mas tamb\u00e9m benef\u00edcios como assist\u00eancia m\u00e9dica, apoio em tempos de desemprego e um ambiente de trabalho respeitoso. Essas reivindica\u00e7\u00f5es s\u00e3o leg\u00edtimas e refletem uma luta cont\u00ednua por justi\u00e7a social no ambiente de trabalho.<\/p>\n<h2>Impacto no Tr\u00e2nsito Local<\/h2>\n<p>As manifesta\u00e7\u00f5es dos trabalhadores em frente \u00e0 BYD tiveram um impacto significativo no tr\u00e1fego local, especialmente na BA-530, principal via de acesso ao Polo Industrial. O bloqueio parcial da estrada n\u00e3o s\u00f3 causou congestionamentos, mas tamb\u00e9m destacou a interconex\u00e3o entre as quest\u00f5es de trabalho e a vida cotidiana das pessoas que dependem dessa rota para se deslocar.<\/p>\n<p>Os transtornos no tr\u00e2nsito refletiram a import\u00e2ncia da luta dos trabalhadores, mas tamb\u00e9m levantaram quest\u00f5es sobre como a mobiliza\u00e7\u00e3o e a luta por direitos podem ser percebidas pela sociedade como um todo. Enquanto alguns motoristas e passageiros expressaram compreens\u00e3o e apoio aos manifestantes, outros demonstraram frustra\u00e7\u00e3o pelos atrasos e interrup\u00e7\u00f5es.<\/p>\n<p>No entanto, \u00e9 fundamental entender que o protesto n\u00e3o era apenas um obst\u00e1culo tempor\u00e1rio, mas uma declara\u00e7\u00e3o vis\u00edvel da luta por condi\u00e7\u00f5es de trabalho justas. O impacto no tr\u00e2nsito pode ser visto como um reflexo das tens\u00f5es que permeiam n\u00e3o apenas a ind\u00fastria, mas tamb\u00e9m toda a din\u00e2mica socioecon\u00f4mica da regi\u00e3o. A justi\u00e7a social precisa ser uma prioridade, e muitas vezes, isso significa enfrentar os desconfortos tempor\u00e1rios que acompanham a busca por melhorias significativas.<\/p><div class=\"2410bb7248a64bb1f71103797e0f239b\" data-index=\"2\" style=\"float: none; margin:0px;\">\n<ins class=\"adsbygoogle\"\r\n     style=\"display:block; text-align:center;\"\r\n     data-ad-layout=\"in-article\"\r\n     data-ad-format=\"fluid\"\r\n     data-ad-client=\"ca-pub-8585364105181520\"\r\n     data-ad-slot=\"2899217073\"><\/ins>\r\n<script>\r\n     (adsbygoogle = window.adsbygoogle || []).push({});\r\n<\/script>\r\n\r\n<\/br><\/br>\n<\/div>\n\n<h2>Rea\u00e7\u00e3o da BYD ao Protesto<\/h2>\n<p>A rea\u00e7\u00e3o da empresa BYD ao protesto foi um ponto de discuss\u00e3o significativo ap\u00f3s os eventos. At\u00e9 o momento, a montadora n\u00e3o emitiu um comunicado oficial referente \u00e0s demandas dos trabalhadores, deixando muitos a se perguntarem qual \u00e9 a posi\u00e7\u00e3o da empresa em rela\u00e7\u00e3o \u00e0s preocupa\u00e7\u00f5es levantadas pelos manifestantes.<\/p>\n<p>Essa falta de resposta pode ser interpretada de v\u00e1rias maneiras. Para alguns, isso pode indicar uma falta de interesse ou compromisso em resolver os problemas enfrentados pelos trabalhadores. Para outros, pode ser visto como uma estrat\u00e9gia de gerenciamento da comunica\u00e7\u00e3o, buscando evitar conflitos maiores enquanto evalia as consequ\u00eancias da manifesta\u00e7\u00e3o.<\/p>\n<p>Entretanto, a ina\u00e7\u00e3o da empresa pode ter implica\u00e7\u00f5es de longo prazo. Os trabalhadores e sindicatos, ao n\u00e3o receberem respostas adequadas, podem aumentar a press\u00e3o por mais mobiliza\u00e7\u00f5es e a\u00e7\u00f5es, levando a um ciclo cont\u00ednuo de manifesta\u00e7\u00f5es. Portanto, a forma como a BYD lida com essa situa\u00e7\u00e3o pode ter um impacto duradouro na rela\u00e7\u00e3o com seus trabalhadores e na reputa\u00e7\u00e3o da marca na regi\u00e3o.<\/p>\n<h2>Apoio das Entidades Sindicais<\/h2>\n<p>Embora a manifesta\u00e7\u00e3o em frente \u00e0 f\u00e1brica da BYD tenha sido organizada por grupos como o Movimento Luta de Classes e a Unidade Popular pelo Socialismo, as entidades sindicais tamb\u00e9m desempenham um papel crucial neste cen\u00e1rio. A presen\u00e7a e o apoio das associa\u00e7\u00f5es de trabalhadores e sindicatos s\u00e3o fundamentais para garantir que as vozes dos trabalhadores sejam ouvidas e que suas demandas sejam legitimadas.<\/p>\n<p>Os sindicatos t\u00eam a capacidade de impulsionar as preocupa\u00e7\u00f5es dos trabalhadores para um f\u00f3rum mais amplo, podendo oferecer apoio jur\u00eddico e organizacional. Al\u00e9m disso, ao se unirem aos trabalhadores em protestos, eles n\u00e3o apenas aumentam a visibilidade das demandas, mas tamb\u00e9m conseguem negociar de maneira mais efetiva com as empresas.<\/p>\n<p>No caso espec\u00edfico da BYD, a omiss\u00e3o do Sindicato dos Trabalhadores Metal\u00fargicos de Cama\u00e7ari na manifesta\u00e7\u00e3o levanta quest\u00f5es sobre a unidade de a\u00e7\u00e3o no movimento trabalhista e sobre como as divis\u00f5es entre os trabalhadores e suas representa\u00e7\u00f5es podem afetar as negocia\u00e7\u00f5es futuras. Uma a\u00e7\u00e3o mais coesa e coordenada, liderada por sindicatos comprometidos, pode ser essencial para alcan\u00e7ar mudan\u00e7as reais e duradouras nas condi\u00e7\u00f5es de trabalho.<\/p>\n<h2>Hist\u00f3rico de Conflitos Trabalhadores<\/h2>\n<p>Cama\u00e7ari possui um hist\u00f3rico de conflitos trabalhistas que remontam \u00e0 sua r\u00e1pida industrializa\u00e7\u00e3o. Desde a d\u00e9cada de 1990, a regi\u00e3o viu a instala\u00e7\u00e3o de v\u00e1rias f\u00e1bricas e ind\u00fastrias, que atra\u00edram trabalhadores de diversas partes do Brasil em busca de melhores oportunidades. No entanto, essa r\u00e1pida evolu\u00e7\u00e3o industrial frequentemente resultou em uma luta por direitos trabalhistas e por melhores condi\u00e7\u00f5es de vida.<\/p>\n<p>Os conflitos t\u00eam geralmente girado em torno de quest\u00f5es como sal\u00e1rios, garantias trabalhistas, e direitos \u00e0 sa\u00fade e seguran\u00e7a no ambiente de trabalho. Durante anos, os trabalhadores t\u00eam lutado contra pr\u00e1ticas de explora\u00e7\u00e3o, como turnos extenuantes e falta de recursos para seguran\u00e7a e prote\u00e7\u00e3o. Esse hist\u00f3rico formou uma cultura de resist\u00eancia entre os trabalhadores, que se mobilizam cada vez mais em resposta a situa\u00e7\u00f5es injustas.<\/p>\n<p>Esse ciclo de protestos e reivindica\u00e7\u00f5es \u00e9 um reflexo de grupos de trabalhadores que se tornam mais organizados e conscientes de seus direitos. O desafio cont\u00ednuo \u00e9 encontrar um equil\u00edbrio entre as necessidades das empresas, que buscam lucros, e os direitos dos trabalhadores, que merecem respeito e dignidade em seus ambientes de trabalho.<\/p>\n<h2>Como os Protestos Influenciam Pol\u00edticas<\/h2>\n<p>Os protestos dos trabalhadores, como o ocorrido em Cama\u00e7ari, t\u00eam o potencial de influenciar n\u00e3o apenas as condi\u00e7\u00f5es de trabalho em uma empresa, mas tamb\u00e9m pol\u00edticas mais amplas relacionadas ao trabalho em n\u00edvel local e nacional. Quando os trabalhadores se mobilizam, eles chamam a aten\u00e7\u00e3o de figuras p\u00fablicas, sindicatos e organiza\u00e7\u00f5es da sociedade civil.<\/p>\n<p>As manifesta\u00e7\u00f5es podem funcionar como catalisadores para o debate p\u00fablico sobre direitos trabalhistas e podem pressionar governos e empresas a agir. Nesse contexto, o papel da m\u00eddia \u00e9 vital, pois coberturas e not\u00edcias sobre esses eventos ajudam a informar o p\u00fablico e criar empatia em rela\u00e7\u00e3o \u00e0 causa dos trabalhadores.<\/p>\n<p>Historicamente, muitos movimentos trabalhistas levaram a mudan\u00e7as significativas na legisla\u00e7\u00e3o trabalhista. Por exemplo, as conquistas em termos de direitos sociais e trabalhistas muitas vezes resultaram de press\u00f5es similares de trabalhadores que se uniram em protesto. Portanto, o impacto dos protestos vai muito al\u00e9m do momento imediato, podendo reverberar em mudan\u00e7as importantes e positivas para o setor como um todo.<\/p>\n<h2>Pr\u00f3ximos Passos para os Trabalhadores<\/h2>\n<p>Para os trabalhadores da constru\u00e7\u00e3o civil em Cama\u00e7ari, os pr\u00f3ximos passos ap\u00f3s a manifesta\u00e7\u00e3o s\u00e3o cruciais. \u00c9 essencial que eles mantenham a press\u00e3o sobre as empresas para que as demandas sejam atendidas, enquanto tamb\u00e9m buscam formar alian\u00e7as com grupos de apoio e sindicatos. A uni\u00e3o entre os trabalhadores pode garantir um movimento mais forte e efetivo em favor de seus direitos.<\/p>\n<p>Al\u00e9m disso, os trabalhadores podem considerar estrat\u00e9gias de comunica\u00e7\u00e3o e organiza\u00e7\u00e3o mais amplas para assegurar que suas vozes sejam ouvidas n\u00e3o apenas no n\u00edvel local, mas tamb\u00e9m em esferas mais altas. Isso pode incluir buscar apoio em redes de defesa dos direitos dos trabalhadores e envolver a m\u00eddia para garantir cobertura das quest\u00f5es que enfrentam.<\/p>\n<p>Por fim, a constru\u00e7\u00e3o de um movimento persistente e coeso ser\u00e1 fundamental para influenciar as pol\u00edticas e pr\u00e1ticas n\u00e3o apenas da BYD, mas de toda a ind\u00fastria em Cama\u00e7ari. A luta por melhores condi\u00e7\u00f5es de trabalho \u00e9 uma parte vital da busca por justi\u00e7a social. <\/p>\n<div class=\"2410bb7248a64bb1f71103797e0f239b\" data-index=\"3\" style=\"float: none; margin:0px;\">\n<\/br><\/br>\r\n\r\n<ins class=\"adsbygoogle\"\r\n     style=\"display:block\"\r\n     data-ad-format=\"fluid\"\r\n     data-ad-layout-key=\"-63+do+n-1s+9e\"\r\n     data-ad-client=\"ca-pub-8585364105181520\"\r\n     data-ad-slot=\"6838462089\"><\/ins>\r\n<script>\r\n     (adsbygoogle = window.adsbygoogle || []).push({});\r\n<\/script>\n<\/div>\n\n<div style=\"font-size: 0px; height: 0px; line-height: 0px; margin: 0; padding: 0; clear: both;\"><\/div>","protected":false},"excerpt":{"rendered":"<p>Trabalhadores protestam em Cama\u00e7ari exigindo melhores condi\u00e7\u00f5es na f\u00e1brica da BYD.<\/p>\n","protected":false},"author":1,"featured_media":456,"comment_status":"open","ping_status":"closed","sticky":false,"template":"","format":"standard","meta":{"footnotes":""},"categories":[1],"tags":[],"class_list":["post-457","post","type-post","status-publish","format-standard","has-post-thumbnail","hentry","category-noticias-em-camacari","has_thumb"],"aioseo_notices":[],"aioseo_head":"\n\t\t<!-- All in One SEO 5.0.0.1 - aioseo.com -->\n\t<meta name=\"description\" content=\"Trabalhadores protestam em Cama\u00e7ari exigindo melhores condi\u00e7\u00f5es na f\u00e1brica da BYD.\" \/>\n\t<meta name=\"robots\" content=\"max-image-preview:large\" \/>\n\t<meta name=\"author\" content=\"Encontra Cama\u00e7ari\"\/>\n\t<link rel=\"canonical\" href=\"https:\/\/www.encontracamacari.com.br\/sobre\/trabalhadores-protestam-em-frente-a-fabrica-da-byd-em-camacari\/\" \/>\n\t<meta name=\"generator\" content=\"All in One SEO (AIOSEO) 5.0.0.1\" \/>\n\t\t<meta property=\"og:locale\" content=\"pt_BR\" \/>\n\t\t<meta property=\"og:site_name\" content=\"Encontra Cama\u00e7ari - Not\u00edcias, eventos, informa\u00e7\u00f5es e dicas na cidade de Cama\u00e7ari e regi\u00e3o.\" \/>\n\t\t<meta property=\"og:type\" content=\"article\" \/>\n\t\t<meta property=\"og:title\" content=\"Trabalhadores protestam em frente \u00e0 f\u00e1brica da BYD em Cama\u00e7ari - Encontra Cama\u00e7ari\" \/>\n\t\t<meta property=\"og:description\" content=\"Trabalhadores protestam em Cama\u00e7ari exigindo melhores condi\u00e7\u00f5es na f\u00e1brica da BYD.\" \/>\n\t\t<meta property=\"og:url\" content=\"https:\/\/www.encontracamacari.com.br\/sobre\/trabalhadores-protestam-em-frente-a-fabrica-da-byd-em-camacari\/\" \/>\n\t\t<meta property=\"article:published_time\" content=\"2025-12-07T09:14:00+00:00\" \/>\n\t\t<meta property=\"article:modified_time\" content=\"2025-12-07T09:14:00+00:00\" \/>\n\t\t<meta name=\"twitter:card\" content=\"summary_large_image\" \/>\n\t\t<meta name=\"twitter:title\" content=\"Trabalhadores protestam em frente \u00e0 f\u00e1brica da BYD em Cama\u00e7ari - Encontra Cama\u00e7ari\" \/>\n\t\t<meta name=\"twitter:description\" content=\"Trabalhadores protestam em Cama\u00e7ari exigindo melhores condi\u00e7\u00f5es na f\u00e1brica da BYD.\" \/>\n\t\t<script type=\"application\/ld+json\" class=\"aioseo-schema\">\n\t\t\t{\"@context\":\"https:\\\/\\\/schema.org\",\"@graph\":[{\"@type\":\"BlogPosting\",\"@id\":\"https:\\\/\\\/www.encontracamacari.com.br\\\/sobre\\\/trabalhadores-protestam-em-frente-a-fabrica-da-byd-em-camacari\\\/#blogposting\",\"name\":\"Trabalhadores protestam em frente \\u00e0 f\\u00e1brica da BYD em Cama\\u00e7ari - Encontra Cama\\u00e7ari\",\"headline\":\"Trabalhadores protestam em frente \\u00e0 f\\u00e1brica da BYD em Cama\\u00e7ari\",\"author\":{\"@id\":\"https:\\\/\\\/www.encontracamacari.com.br\\\/sobre\\\/author\\\/ecamacari\\\/#author\"},\"publisher\":{\"@id\":\"https:\\\/\\\/www.encontracamacari.com.br\\\/sobre\\\/#organization\"},\"image\":{\"@type\":\"ImageObject\",\"url\":\"https:\\\/\\\/www.encontracamacari.com.br\\\/sobre\\\/wp-content\\\/uploads\\\/2025\\\/12\\\/trabalhadores-protestam-em-frente-a-fabrica-da-byd-em-camacari.webp\",\"width\":320,\"height\":280,\"caption\":\"protesto trabalhadores BYD Cama\\u00e7ari\"},\"datePublished\":\"2025-12-07T09:14:00+00:00\",\"dateModified\":\"2025-12-07T09:14:00+00:00\",\"inLanguage\":\"pt-BR\",\"mainEntityOfPage\":{\"@id\":\"https:\\\/\\\/www.encontracamacari.com.br\\\/sobre\\\/trabalhadores-protestam-em-frente-a-fabrica-da-byd-em-camacari\\\/#webpage\"},\"isPartOf\":{\"@id\":\"https:\\\/\\\/www.encontracamacari.com.br\\\/sobre\\\/trabalhadores-protestam-em-frente-a-fabrica-da-byd-em-camacari\\\/#webpage\"},\"articleSection\":\"Not\\u00edcias Cama\\u00e7ari\"},{\"@type\":\"BreadcrumbList\",\"@id\":\"https:\\\/\\\/www.encontracamacari.com.br\\\/sobre\\\/trabalhadores-protestam-em-frente-a-fabrica-da-byd-em-camacari\\\/#breadcrumblist\",\"itemListElement\":[{\"@type\":\"ListItem\",\"@id\":\"https:\\\/\\\/www.encontracamacari.com.br\\\/sobre#listItem\",\"position\":1,\"name\":\"Home\",\"item\":\"https:\\\/\\\/www.encontracamacari.com.br\\\/sobre\",\"nextItem\":{\"@type\":\"ListItem\",\"@id\":\"https:\\\/\\\/www.encontracamacari.com.br\\\/sobre\\\/noticias-em-camacari\\\/#listItem\",\"name\":\"Not\\u00edcias Cama\\u00e7ari\"}},{\"@type\":\"ListItem\",\"@id\":\"https:\\\/\\\/www.encontracamacari.com.br\\\/sobre\\\/noticias-em-camacari\\\/#listItem\",\"position\":2,\"name\":\"Not\\u00edcias Cama\\u00e7ari\",\"item\":\"https:\\\/\\\/www.encontracamacari.com.br\\\/sobre\\\/noticias-em-camacari\\\/\",\"nextItem\":{\"@type\":\"ListItem\",\"@id\":\"https:\\\/\\\/www.encontracamacari.com.br\\\/sobre\\\/trabalhadores-protestam-em-frente-a-fabrica-da-byd-em-camacari\\\/#listItem\",\"name\":\"Trabalhadores protestam em frente \\u00e0 f\\u00e1brica da BYD em Cama\\u00e7ari\"},\"previousItem\":{\"@type\":\"ListItem\",\"@id\":\"https:\\\/\\\/www.encontracamacari.com.br\\\/sobre#listItem\",\"name\":\"Home\"}},{\"@type\":\"ListItem\",\"@id\":\"https:\\\/\\\/www.encontracamacari.com.br\\\/sobre\\\/trabalhadores-protestam-em-frente-a-fabrica-da-byd-em-camacari\\\/#listItem\",\"position\":3,\"name\":\"Trabalhadores protestam em frente \\u00e0 f\\u00e1brica da BYD em Cama\\u00e7ari\",\"previousItem\":{\"@type\":\"ListItem\",\"@id\":\"https:\\\/\\\/www.encontracamacari.com.br\\\/sobre\\\/noticias-em-camacari\\\/#listItem\",\"name\":\"Not\\u00edcias Cama\\u00e7ari\"}}]},{\"@type\":\"Organization\",\"@id\":\"https:\\\/\\\/www.encontracamacari.com.br\\\/sobre\\\/#organization\",\"name\":\"Encontra Cama\\u00e7ari\",\"description\":\"Not\\u00edcias, eventos, informa\\u00e7\\u00f5es e dicas na cidade de Cama\\u00e7ari e regi\\u00e3o.\",\"url\":\"https:\\\/\\\/www.encontracamacari.com.br\\\/sobre\\\/\"},{\"@type\":\"Person\",\"@id\":\"https:\\\/\\\/www.encontracamacari.com.br\\\/sobre\\\/author\\\/ecamacari\\\/#author\",\"url\":\"https:\\\/\\\/www.encontracamacari.com.br\\\/sobre\\\/author\\\/ecamacari\\\/\",\"name\":\"Encontra Cama\\u00e7ari\",\"image\":{\"@type\":\"ImageObject\",\"@id\":\"https:\\\/\\\/www.encontracamacari.com.br\\\/sobre\\\/trabalhadores-protestam-em-frente-a-fabrica-da-byd-em-camacari\\\/#authorImage\",\"url\":\"https:\\\/\\\/secure.gravatar.com\\\/avatar\\\/507340682b8270222e1f208e23198b6ae7e2c6a1033ae84e99bc6bce4f82a387?s=96&d=mm&r=g\",\"width\":96,\"height\":96,\"caption\":\"Encontra Cama\\u00e7ari\"}},{\"@type\":\"WebPage\",\"@id\":\"https:\\\/\\\/www.encontracamacari.com.br\\\/sobre\\\/trabalhadores-protestam-em-frente-a-fabrica-da-byd-em-camacari\\\/#webpage\",\"url\":\"https:\\\/\\\/www.encontracamacari.com.br\\\/sobre\\\/trabalhadores-protestam-em-frente-a-fabrica-da-byd-em-camacari\\\/\",\"name\":\"Trabalhadores protestam em frente \\u00e0 f\\u00e1brica da BYD em Cama\\u00e7ari - Encontra Cama\\u00e7ari\",\"description\":\"Trabalhadores protestam em Cama\\u00e7ari exigindo melhores condi\\u00e7\\u00f5es na f\\u00e1brica da BYD.\",\"inLanguage\":\"pt-BR\",\"isPartOf\":{\"@id\":\"https:\\\/\\\/www.encontracamacari.com.br\\\/sobre\\\/#website\"},\"breadcrumb\":{\"@id\":\"https:\\\/\\\/www.encontracamacari.com.br\\\/sobre\\\/trabalhadores-protestam-em-frente-a-fabrica-da-byd-em-camacari\\\/#breadcrumblist\"},\"author\":{\"@id\":\"https:\\\/\\\/www.encontracamacari.com.br\\\/sobre\\\/author\\\/ecamacari\\\/#author\"},\"creator\":{\"@id\":\"https:\\\/\\\/www.encontracamacari.com.br\\\/sobre\\\/author\\\/ecamacari\\\/#author\"},\"image\":{\"@type\":\"ImageObject\",\"url\":\"https:\\\/\\\/www.encontracamacari.com.br\\\/sobre\\\/wp-content\\\/uploads\\\/2025\\\/12\\\/trabalhadores-protestam-em-frente-a-fabrica-da-byd-em-camacari.webp\",\"@id\":\"https:\\\/\\\/www.encontracamacari.com.br\\\/sobre\\\/trabalhadores-protestam-em-frente-a-fabrica-da-byd-em-camacari\\\/#mainImage\",\"width\":320,\"height\":280,\"caption\":\"protesto trabalhadores BYD Cama\\u00e7ari\"},\"primaryImageOfPage\":{\"@id\":\"https:\\\/\\\/www.encontracamacari.com.br\\\/sobre\\\/trabalhadores-protestam-em-frente-a-fabrica-da-byd-em-camacari\\\/#mainImage\"},\"datePublished\":\"2025-12-07T09:14:00+00:00\",\"dateModified\":\"2025-12-07T09:14:00+00:00\"},{\"@type\":\"WebSite\",\"@id\":\"https:\\\/\\\/www.encontracamacari.com.br\\\/sobre\\\/#website\",\"url\":\"https:\\\/\\\/www.encontracamacari.com.br\\\/sobre\\\/\",\"name\":\"Encontra Cama\\u00e7ari\",\"description\":\"Not\\u00edcias, eventos, informa\\u00e7\\u00f5es e dicas na cidade de Cama\\u00e7ari e regi\\u00e3o.\",\"inLanguage\":\"pt-BR\",\"publisher\":{\"@id\":\"https:\\\/\\\/www.encontracamacari.com.br\\\/sobre\\\/#organization\"}}]}\n\t\t<\/script>\n\t\t<!-- All in One SEO -->\n\n","aioseo_head_json":{"title":"Trabalhadores protestam em frente \u00e0 f\u00e1brica da BYD em Cama\u00e7ari - Encontra Cama\u00e7ari","description":"Trabalhadores protestam em Cama\u00e7ari exigindo melhores condi\u00e7\u00f5es na f\u00e1brica da BYD.","canonical_url":"https:\/\/www.encontracamacari.com.br\/sobre\/trabalhadores-protestam-em-frente-a-fabrica-da-byd-em-camacari\/","robots":"max-image-preview:large","keywords":"","webmasterTools":{"miscellaneous":""},"schema":{"@context":"https:\/\/schema.org","@graph":[{"@type":"BlogPosting","@id":"https:\/\/www.encontracamacari.com.br\/sobre\/trabalhadores-protestam-em-frente-a-fabrica-da-byd-em-camacari\/#blogposting","name":"Trabalhadores protestam em frente \u00e0 f\u00e1brica da BYD em Cama\u00e7ari - Encontra Cama\u00e7ari","headline":"Trabalhadores protestam em frente \u00e0 f\u00e1brica da BYD em Cama\u00e7ari","author":{"@id":"https:\/\/www.encontracamacari.com.br\/sobre\/author\/ecamacari\/#author"},"publisher":{"@id":"https:\/\/www.encontracamacari.com.br\/sobre\/#organization"},"image":{"@type":"ImageObject","url":"https:\/\/www.encontracamacari.com.br\/sobre\/wp-content\/uploads\/2025\/12\/trabalhadores-protestam-em-frente-a-fabrica-da-byd-em-camacari.webp","width":320,"height":280,"caption":"protesto trabalhadores BYD Cama\u00e7ari"},"datePublished":"2025-12-07T09:14:00+00:00","dateModified":"2025-12-07T09:14:00+00:00","inLanguage":"pt-BR","mainEntityOfPage":{"@id":"https:\/\/www.encontracamacari.com.br\/sobre\/trabalhadores-protestam-em-frente-a-fabrica-da-byd-em-camacari\/#webpage"},"isPartOf":{"@id":"https:\/\/www.encontracamacari.com.br\/sobre\/trabalhadores-protestam-em-frente-a-fabrica-da-byd-em-camacari\/#webpage"},"articleSection":"Not\u00edcias Cama\u00e7ari"},{"@type":"BreadcrumbList","@id":"https:\/\/www.encontracamacari.com.br\/sobre\/trabalhadores-protestam-em-frente-a-fabrica-da-byd-em-camacari\/#breadcrumblist","itemListElement":[{"@type":"ListItem","@id":"https:\/\/www.encontracamacari.com.br\/sobre#listItem","position":1,"name":"Home","item":"https:\/\/www.encontracamacari.com.br\/sobre","nextItem":{"@type":"ListItem","@id":"https:\/\/www.encontracamacari.com.br\/sobre\/noticias-em-camacari\/#listItem","name":"Not\u00edcias Cama\u00e7ari"}},{"@type":"ListItem","@id":"https:\/\/www.encontracamacari.com.br\/sobre\/noticias-em-camacari\/#listItem","position":2,"name":"Not\u00edcias Cama\u00e7ari","item":"https:\/\/www.encontracamacari.com.br\/sobre\/noticias-em-camacari\/","nextItem":{"@type":"ListItem","@id":"https:\/\/www.encontracamacari.com.br\/sobre\/trabalhadores-protestam-em-frente-a-fabrica-da-byd-em-camacari\/#listItem","name":"Trabalhadores protestam em frente \u00e0 f\u00e1brica da BYD em Cama\u00e7ari"},"previousItem":{"@type":"ListItem","@id":"https:\/\/www.encontracamacari.com.br\/sobre#listItem","name":"Home"}},{"@type":"ListItem","@id":"https:\/\/www.encontracamacari.com.br\/sobre\/trabalhadores-protestam-em-frente-a-fabrica-da-byd-em-camacari\/#listItem","position":3,"name":"Trabalhadores protestam em frente \u00e0 f\u00e1brica da BYD em Cama\u00e7ari","previousItem":{"@type":"ListItem","@id":"https:\/\/www.encontracamacari.com.br\/sobre\/noticias-em-camacari\/#listItem","name":"Not\u00edcias Cama\u00e7ari"}}]},{"@type":"Organization","@id":"https:\/\/www.encontracamacari.com.br\/sobre\/#organization","name":"Encontra Cama\u00e7ari","description":"Not\u00edcias, eventos, informa\u00e7\u00f5es e dicas na cidade de Cama\u00e7ari e regi\u00e3o.","url":"https:\/\/www.encontracamacari.com.br\/sobre\/"},{"@type":"Person","@id":"https:\/\/www.encontracamacari.com.br\/sobre\/author\/ecamacari\/#author","url":"https:\/\/www.encontracamacari.com.br\/sobre\/author\/ecamacari\/","name":"Encontra Cama\u00e7ari","image":{"@type":"ImageObject","@id":"https:\/\/www.encontracamacari.com.br\/sobre\/trabalhadores-protestam-em-frente-a-fabrica-da-byd-em-camacari\/#authorImage","url":"https:\/\/secure.gravatar.com\/avatar\/507340682b8270222e1f208e23198b6ae7e2c6a1033ae84e99bc6bce4f82a387?s=96&d=mm&r=g","width":96,"height":96,"caption":"Encontra Cama\u00e7ari"}},{"@type":"WebPage","@id":"https:\/\/www.encontracamacari.com.br\/sobre\/trabalhadores-protestam-em-frente-a-fabrica-da-byd-em-camacari\/#webpage","url":"https:\/\/www.encontracamacari.com.br\/sobre\/trabalhadores-protestam-em-frente-a-fabrica-da-byd-em-camacari\/","name":"Trabalhadores protestam em frente \u00e0 f\u00e1brica da BYD em Cama\u00e7ari - Encontra Cama\u00e7ari","description":"Trabalhadores protestam em Cama\u00e7ari exigindo melhores condi\u00e7\u00f5es na f\u00e1brica da BYD.","inLanguage":"pt-BR","isPartOf":{"@id":"https:\/\/www.encontracamacari.com.br\/sobre\/#website"},"breadcrumb":{"@id":"https:\/\/www.encontracamacari.com.br\/sobre\/trabalhadores-protestam-em-frente-a-fabrica-da-byd-em-camacari\/#breadcrumblist"},"author":{"@id":"https:\/\/www.encontracamacari.com.br\/sobre\/author\/ecamacari\/#author"},"creator":{"@id":"https:\/\/www.encontracamacari.com.br\/sobre\/author\/ecamacari\/#author"},"image":{"@type":"ImageObject","url":"https:\/\/www.encontracamacari.com.br\/sobre\/wp-content\/uploads\/2025\/12\/trabalhadores-protestam-em-frente-a-fabrica-da-byd-em-camacari.webp","@id":"https:\/\/www.encontracamacari.com.br\/sobre\/trabalhadores-protestam-em-frente-a-fabrica-da-byd-em-camacari\/#mainImage","width":320,"height":280,"caption":"protesto trabalhadores BYD Cama\u00e7ari"},"primaryImageOfPage":{"@id":"https:\/\/www.encontracamacari.com.br\/sobre\/trabalhadores-protestam-em-frente-a-fabrica-da-byd-em-camacari\/#mainImage"},"datePublished":"2025-12-07T09:14:00+00:00","dateModified":"2025-12-07T09:14:00+00:00"},{"@type":"WebSite","@id":"https:\/\/www.encontracamacari.com.br\/sobre\/#website","url":"https:\/\/www.encontracamacari.com.br\/sobre\/","name":"Encontra Cama\u00e7ari","description":"Not\u00edcias, eventos, informa\u00e7\u00f5es e dicas na cidade de Cama\u00e7ari e regi\u00e3o.","inLanguage":"pt-BR","publisher":{"@id":"https:\/\/www.encontracamacari.com.br\/sobre\/#organization"}}]},"og:locale":"pt_BR","og:site_name":"Encontra Cama\u00e7ari - Not\u00edcias, eventos, informa\u00e7\u00f5es e dicas na cidade de Cama\u00e7ari e regi\u00e3o.","og:type":"article","og:title":"Trabalhadores protestam em frente \u00e0 f\u00e1brica da BYD em Cama\u00e7ari - Encontra Cama\u00e7ari","og:description":"Trabalhadores protestam em Cama\u00e7ari exigindo melhores condi\u00e7\u00f5es na f\u00e1brica da BYD.","og:url":"https:\/\/www.encontracamacari.com.br\/sobre\/trabalhadores-protestam-em-frente-a-fabrica-da-byd-em-camacari\/","article:published_time":"2025-12-07T09:14:00+00:00","article:modified_time":"2025-12-07T09:14:00+00:00","twitter:card":"summary_large_image","twitter:title":"Trabalhadores protestam em frente \u00e0 f\u00e1brica da BYD em Cama\u00e7ari - Encontra Cama\u00e7ari","twitter:description":"Trabalhadores protestam em Cama\u00e7ari exigindo melhores condi\u00e7\u00f5es na f\u00e1brica da BYD."},"aioseo_meta_data":{"post_id":"457","title":null,"description":null,"keywords":null,"keyphrases":null,"primary_term":null,"canonical_url":null,"og_title":null,"og_description":null,"og_object_type":"default","og_image_type":"default","og_image_url":null,"og_image_width":null,"og_image_height":null,"og_image_custom_url":null,"og_image_custom_fields":null,"og_video":null,"og_custom_url":null,"og_article_section":null,"og_article_tags":null,"twitter_use_og":false,"twitter_card":"default","twitter_image_type":"default","twitter_image_url":null,"twitter_image_custom_url":null,"twitter_image_custom_fields":null,"twitter_title":null,"twitter_description":null,"schema":{"blockGraphs":[],"customGraphs":[],"default":{"data":{"Article":[],"Course":[],"Dataset":[],"FAQPage":[],"Movie":[],"Person":[],"Product":[],"ProductReview":[],"Car":[],"Recipe":[],"Service":[],"SoftwareApplication":[],"WebPage":[]},"graphName":"BlogPosting","isEnabled":true},"graphs":[]},"schema_type":"default","schema_type_options":null,"pillar_content":false,"robots_default":true,"robots_noindex":false,"robots_noarchive":false,"robots_nosnippet":false,"robots_nofollow":false,"robots_noimageindex":false,"robots_noodp":false,"robots_notranslate":false,"robots_max_snippet":null,"robots_max_videopreview":null,"robots_max_imagepreview":"large","priority":null,"frequency":null,"local_seo":null,"limit_modified_date":false,"created":"2025-12-14 05:47:51","updated":"2026-08-06 00:31:44","focus_keyword":null,"additional_keywords":null,"truseo_locale":null,"ai":null,"breadcrumb_settings":null,"seo_analyzer_scan_date":null},"aioseo_breadcrumb":"<div class=\"aioseo-breadcrumbs\"><span class=\"aioseo-breadcrumb\">\n\t\t\t<a href=\"https:\/\/www.encontracamacari.com.br\/sobre\" title=\"Home\">Home<\/a>\n\t\t<\/span><span class=\"aioseo-breadcrumb-separator\">&raquo;<\/span><span class=\"aioseo-breadcrumb\">\n\t\t\t<a href=\"https:\/\/www.encontracamacari.com.br\/sobre\/noticias-em-camacari\/\" title=\"Not\u00edcias Cama\u00e7ari\">Not\u00edcias Cama\u00e7ari<\/a>\n\t\t<\/span><span class=\"aioseo-breadcrumb-separator\">&raquo;<\/span><span class=\"aioseo-breadcrumb\">\n\t\t\tTrabalhadores protestam em frente \u00e0 f\u00e1brica da BYD em Cama\u00e7ari\n\t\t<\/span><\/div>","aioseo_breadcrumb_json":[{"label":"Home","link":"https:\/\/www.encontracamacari.com.br\/sobre"},{"label":"Not\u00edcias Cama\u00e7ari","link":"https:\/\/www.encontracamacari.com.br\/sobre\/noticias-em-camacari\/"},{"label":"Trabalhadores protestam em frente \u00e0 f\u00e1brica da BYD em Cama\u00e7ari","link":"https:\/\/www.encontracamacari.com.br\/sobre\/trabalhadores-protestam-em-frente-a-fabrica-da-byd-em-camacari\/"}],"_links":{"self":[{"href":"https:\/\/www.encontracamacari.com.br\/sobre\/wp-json\/wp\/v2\/posts\/457","targetHints":{"allow":["GET"]}}],"collection":[{"href":"https:\/\/www.encontracamacari.com.br\/sobre\/wp-json\/wp\/v2\/posts"}],"about":[{"href":"https:\/\/www.encontracamacari.com.br\/sobre\/wp-json\/wp\/v2\/types\/post"}],"author":[{"embeddable":true,"href":"https:\/\/www.encontracamacari.com.br\/sobre\/wp-json\/wp\/v2\/users\/1"}],"replies":[{"embeddable":true,"href":"https:\/\/www.encontracamacari.com.br\/sobre\/wp-json\/wp\/v2\/comments?post=457"}],"version-history":[{"count":0,"href":"https:\/\/www.encontracamacari.com.br\/sobre\/wp-json\/wp\/v2\/posts\/457\/revisions"}],"wp:featuredmedia":[{"embeddable":true,"href":"https:\/\/www.encontracamacari.com.br\/sobre\/wp-json\/wp\/v2\/media\/456"}],"wp:attachment":[{"href":"https:\/\/www.encontracamacari.com.br\/sobre\/wp-json\/wp\/v2\/media?parent=457"}],"wp:term":[{"taxonomy":"category","embeddable":true,"href":"https:\/\/www.encontracamacari.com.br\/sobre\/wp-json\/wp\/v2\/categories?post=457"},{"taxonomy":"post_tag","embeddable":true,"href":"https:\/\/www.encontracamacari.com.br\/sobre\/wp-json\/wp\/v2\/tags?post=457"}],"curies":[{"name":"wp","href":"https:\/\/api.w.org\/{rel}","templated":true}]}}