{"id":450,"date":"2025-12-06T10:52:00","date_gmt":"2025-12-06T10:52:00","guid":{"rendered":"https:\/\/www.encontracamacari.com.br\/sobre\/camacari-recebe-relogio-digital-do-sicredi-em-ponto-central-da-cidade\/"},"modified":"2025-12-06T10:52:00","modified_gmt":"2025-12-06T10:52:00","slug":"camacari-recebe-relogio-digital-do-sicredi-em-ponto-central-da-cidade","status":"publish","type":"post","link":"https:\/\/www.encontracamacari.com.br\/sobre\/camacari-recebe-relogio-digital-do-sicredi-em-ponto-central-da-cidade\/","title":{"rendered":"Cama\u00e7ari recebe rel\u00f3gio digital do Sicredi em ponto central da cidade"},"content":{"rendered":"<div class=\"2410bb7248a64bb1f71103797e0f239b\" data-index=\"1\" style=\"float: none; margin:0px;\">\n<ins class=\"adsbygoogle\"\r\n     style=\"display:block\"\r\n     data-ad-client=\"ca-pub-8585364105181520\"\r\n     data-ad-slot=\"8789329856\"\r\n     data-ad-format=\"auto\"\r\n     data-full-width-responsive=\"true\"><\/ins>\r\n<script>\r\n     (adsbygoogle = window.adsbygoogle || []).push({});\r\n<\/script>\n<\/div>\n<h2>Hist\u00f3ria da iniciativa do Sicredi<\/h2>\n<p>O Sicredi, que faz parte de um sistema cooperativo financeiro, \u00e9 uma institui\u00e7\u00e3o pioneira no Brasil em oferecer servi\u00e7os financeiros de forma cooperativa. Desde sua funda\u00e7\u00e3o, o Sicredi tem se dedicado a promover o desenvolvimento de comunidades e a inclus\u00e3o financeira dos seus associados. A iniciativa em Cama\u00e7ari, Bahia, que resultou na instala\u00e7\u00e3o de um rel\u00f3gio digital, \u00e9 uma extens\u00e3o desse compromisso hist\u00f3rico com a sociedade.<\/p>\n<p>A ideia de revitalizar espa\u00e7os p\u00fablicos \u00e9 uma estrat\u00e9gia que visa aproximar a cooperativa da comunidade local, criando la\u00e7os que v\u00e3o al\u00e9m das transa\u00e7\u00f5es financeiras. O Sicredi busca constantemente inovar em suas maneiras de engajar com os cidad\u00e3os, e a instala\u00e7\u00e3o do rel\u00f3gio \u00e9 uma maneira de reafirmar sua presen\u00e7a em Cama\u00e7ari, que agora conta com uma ag\u00eancia que atende aos moradores da regi\u00e3o.<\/p>\n<p>Al\u00e9m de marcar o tempo, o rel\u00f3gio digital simboliza a modernidade e o uso de tecnologias em prol de causas coletivas. Ele \u00e9 uma resposta \u00e0s necessidades de informa\u00e7\u00e3o e serve como um novo ponto de refer\u00eancia na cidade, indicando n\u00e3o apenas a hora e a temperatura, mas tamb\u00e9m mensagens importantes que promovem a coopera\u00e7\u00e3o e o bem-estar social.<\/p>\n<p><img decoding=\"async\" src=\"https:\/\/www.encontracamacari.com.br\/sobre\/wp-content\/uploads\/2025\/12\/camacari-recebe-relogio-digital-do-sicredi-em-ponto-central-da-cidade.webp\" alt=\"Cama\u00e7ari recebe rel\u00f3gio digital do Sicredi\" loading=\"lazy\" \/><\/p>\n<h2>Import\u00e2ncia do rel\u00f3gio digital<\/h2>\n<p>A instala\u00e7\u00e3o do rel\u00f3gio digital em Cama\u00e7ari n\u00e3o \u00e9 apenas uma quest\u00e3o est\u00e9tica ou de conveni\u00eancia; ele desempenha um papel importante na vida da comunidade. Por um lado, serve para mostrar informa\u00e7\u00f5es \u00fateis, como a hora e a temperatura, mas, por outro, representa algo maior: um marco da presen\u00e7a ativa do Sicredi na cidade.<\/p>\n<p>A sinaliza\u00e7\u00e3o clara do tempo e das condi\u00e7\u00f5es clim\u00e1ticas pode ser valiosa, especialmente em \u00e1reas de grande movimenta\u00e7\u00e3o, onde as pessoas est\u00e3o sempre em movimento. Assim, o rel\u00f3gio digital atua como um facilitador na rotina cotidiana dos habitantes, contribuindo para uma experi\u00eancia mais informada e organizada.<\/p>\n<p>Adicionalmente, ao exibir mensagens institucional, o rel\u00f3gio serve como um canal de comunica\u00e7\u00e3o eficaz entre o Sicredi e a popula\u00e7\u00e3o. A divulga\u00e7\u00e3o de eventos, iniciativas e campanhas de conscientiza\u00e7\u00e3o podem ser veiculadas, fazendo com que a comunidade esteja sempre atualizada sobre as a\u00e7\u00f5es e os recursos dispon\u00edveis para ela.<\/p>\n<p>Esse tipo de intera\u00e7\u00e3o \u00e9 vital, pois promove um sentimento de pertencimento e colabora\u00e7\u00e3o, essenciais para fortalecer la\u00e7os comunit\u00e1rios.<\/p>\n<h2>Revitaliza\u00e7\u00e3o do espa\u00e7o urbano<\/h2>\n<p>A revitaliza\u00e7\u00e3o do espa\u00e7o ao redor do rel\u00f3gio digital \u00e9 outra grande conquista do projeto do Sicredi em Cama\u00e7ari. N\u00e3o se tratou apenas de instalar um novo equipamento, mas de transformar a \u00e1rea ao seu redor em um ambiente mais agrad\u00e1vel e acolhedor para a popula\u00e7\u00e3o. O projeto de revitaliza\u00e7\u00e3o vai ao encontro das atuais demandas por espa\u00e7os p\u00fablicos mais agrad\u00e1veis e que promovam o bem-estar e o conv\u00edvio social.<\/p>\n<p>Espa\u00e7os bem cuidados, com \u00e1reas verdes e oportunidades para socializa\u00e7\u00e3o, impactam diretamente na qualidade de vida da popula\u00e7\u00e3o. A inclus\u00e3o de \u00e1reas verdes e espa\u00e7os para descanso pode incentivar os cidad\u00e3os a sair de casa, interagir e at\u00e9 mesmo participar de eventos comunit\u00e1rios.<\/p>\n<p>Al\u00e9m disso, a revitaliza\u00e7\u00e3o do espa\u00e7o p\u00fablico contribui para o aumento da seguran\u00e7a na \u00e1rea. Ambientes bem iluminados e cuidados tendem a desencorajar comportamentos indesej\u00e1veis, criando um clima mais seguro e amig\u00e1vel. A presen\u00e7a do Sicredi, atrav\u00e9s de a\u00e7\u00f5es como essa, refor\u00e7a o compromisso da cooperativa com o desenvolvimento sustent\u00e1vel e a melhoria da qualidade de vida da popula\u00e7\u00e3o local.<\/p>\n<h2>Alinhamento com o projeto Cidade Mais Verde<\/h2>\n<p>A instala\u00e7\u00e3o do rel\u00f3gio digital e a revitaliza\u00e7\u00e3o do espa\u00e7o urbano em Cama\u00e7ari est\u00e3o alinhadas com o projeto \u201cCidade Mais Verde\u201d, uma iniciativa da Prefeitura Municipal que visa aumentar a \u00e1rea verde da cidade e promover a consci\u00eancia ambiental. O Sicredi se engaja ativamente em pr\u00e1ticas sustent\u00e1veis, e essa parceria com o programa municipal demonstra um modelo de coopera\u00e7\u00e3o entre a iniciativa privada e o poder p\u00fablico.<\/p>\n<p>O projeto \u201cCidade Mais Verde\u201d busca n\u00e3o apenas o embelezamento urbano, mas tamb\u00e9m promove a educa\u00e7\u00e3o ambiental e o incentivo ao uso consciente dos recursos naturais. O rel\u00f3gio digital, que se tornou um \u00edcone em um ponto estrat\u00e9gico da cidade, \u00e9 uma oportunidade para disseminar mensagens sobre sustentabilidade e preservar o meio ambiente.<\/p>\n<p>Com essa sinergia entre a cooperativa e a prefeitura, mais cidad\u00e3os podem se envolver em pr\u00e1ticas que beneficiam a cidade como um todo, como a reciclagem e o cuidado com \u00e1reas p\u00fablicas. Essa conex\u00e3o fortalece o papel do Sicredi como uma institui\u00e7\u00e3o respons\u00e1vel e comprometida com a transforma\u00e7\u00e3o social e ambiental.<\/p>\n<h2>Ponto estrat\u00e9gico na Avenida Deputado Lu\u00eds Eduardo Magalh\u00e3es<\/h2>\n<p>A localiza\u00e7\u00e3o do rel\u00f3gio digital na Avenida Deputado Lu\u00eds Eduardo Magalh\u00e3es, uma das principais art\u00e9rias de Cama\u00e7ari, n\u00e3o foi uma escolha aleat\u00f3ria. Essa avenida \u00e9 uma das mais movimentadas da cidade, tornando-se um ponto crucial para garantir que a informa\u00e7\u00e3o chegue a um maior n\u00famero de cidad\u00e3os.<\/p>\n<p>A escolha de um local com grande fluxo de pessoas demonstra uma estrat\u00e9gia bem pensada, onde o Sicredi procura maximizar a visibilidade de suas a\u00e7\u00f5es. Ao posicionar o rel\u00f3gio em um ponto central, n\u00e3o s\u00f3 atende \u00e0s necessidades de informa\u00e7\u00e3o da popula\u00e7\u00e3o, mas tamb\u00e9m solidifica a presen\u00e7a da cooperativa no cotidiano dos cidad\u00e3os. O investimento em um local estrat\u00e9gico como esse indica a inten\u00e7\u00e3o de se integrar de maneira efetiva \u00e0 rotina da cidade.<\/p>\n<p>Al\u00e9m de ser um ponto de refer\u00eancia, a instala\u00e7\u00e3o do rel\u00f3gio digital contribui para a identidade visual da cidade. Em um ambiente urbano repleto de agita\u00e7\u00e3o, ter um s\u00edmbolo de modernidade e comprometimento ao alcance de todos \u00e9 uma adi\u00e7\u00e3o valiosa. Um olhar atento para os detalhes pode fazer toda a diferen\u00e7a na forma como as pessoas interagem com o espa\u00e7o ao seu redor.<\/p>\n<p>O rel\u00f3gio digital pode estimular a atra\u00e7\u00e3o de eventos e a\u00e7\u00f5es comunit\u00e1rias ao redor de sua localiza\u00e7\u00e3o. Equipamentos como esse t\u00eam o potencial de se transformar em plataformas para o engajamento social, promovendo o contato entre a cooperativa e os moradores de forma mais intensa.<\/p><div class=\"2410bb7248a64bb1f71103797e0f239b\" data-index=\"2\" style=\"float: none; margin:0px;\">\n<ins class=\"adsbygoogle\"\r\n     style=\"display:block; text-align:center;\"\r\n     data-ad-layout=\"in-article\"\r\n     data-ad-format=\"fluid\"\r\n     data-ad-client=\"ca-pub-8585364105181520\"\r\n     data-ad-slot=\"2899217073\"><\/ins>\r\n<script>\r\n     (adsbygoogle = window.adsbygoogle || []).push({});\r\n<\/script>\r\n\r\n<\/br><\/br>\n<\/div>\n\n<h2>Compromisso com a sustentabilidade<\/h2>\n<p>O compromisso do Sicredi com a sustentabilidade transcende a simples instala\u00e7\u00e3o de um rel\u00f3gio digital. \u00c9 um reflexo de uma filosofia de atua\u00e7\u00e3o em que a cooperativa se integra ativamente ao meio ambiente e \u00e0 sociedade. Essa vis\u00e3o sustent\u00e1vel est\u00e1 presente nas decis\u00f5es da cooperativa, que busca sempre alinhar suas a\u00e7\u00f5es \u00e0 sustentabilidade e \u00e0 \u00e9tica.<\/p>\n<p>Al\u00e9m da instala\u00e7\u00e3o do rel\u00f3gio e da revitaliza\u00e7\u00e3o do espa\u00e7o urbano, o grande foco \u00e9 a promo\u00e7\u00e3o de iniciativas que inspirem a comunidade a adotar pr\u00e1ticas sustent\u00e1veis em suas vidas cotidianas. A educa\u00e7\u00e3o ambiental, apresentada em campanhas e a\u00e7\u00f5es educativas, \u00e9 uma continua\u00e7\u00e3o do que come\u00e7a com a instala\u00e7\u00e3o de equipamentos p\u00fablicos como o rel\u00f3gio.<\/p>\n<p>O Sicredi utiliza sua plataforma para disseminar informa\u00e7\u00f5es sobre como a comunidade pode contribuir para o cuidado do meio ambiente. A consci\u00eancia coletiva \u00e9 fundamental para garantir um futuro mais saud\u00e1vel e equilibrado, e a cooperativa busca inspirar e capacitar os cidad\u00e3os a se tornarem agentes ativos nas suas pr\u00f3prias comunidades.<\/p>\n<p>Portanto, a instala\u00e7\u00e3o do rel\u00f3gio digital \u00e9 mais um passo na longa jornada que a institui\u00e7\u00e3o vem empreendendo em prol de uma sociedade mais consciente e participativa.<\/p>\n<h2>Depoimentos da comunidade local<\/h2>\n<p>Ap\u00f3s a instala\u00e7\u00e3o do rel\u00f3gio digital, diversos moradores de Cama\u00e7ari compartilharam suas percep\u00e7\u00f5es sobre a nova adi\u00e7\u00e3o \u00e0 cidade. Os depoimentos revelam um sentimento de alegria e de gratid\u00e3o por ver a cooperativa se empenhando em prol do bem-estar da popula\u00e7\u00e3o e do desenvolvimento urbano.<\/p>\n<p>Muitos habitantes mencionaram que a presen\u00e7a do rel\u00f3gio digital trouxe um sentido de modernidade e aprimorou a est\u00e9tica do local. Para alguns, ele se tornou um ponto de encontro e intera\u00e7\u00e3o, facilitando di\u00e1logos e trocas entre aqueles que passam por ali.<\/p>\n<p>\u201cAntes, sentia falta de um ponto de refer\u00eancia aqui na cidade. Agora, com o rel\u00f3gio digital, n\u00e3o s\u00f3 sei as horas, mas tamb\u00e9m tenho um lugar para encontrar amigos e familiares\u201d, comentou um frequentador habitual da avenida.<\/p>\n<p>Al\u00e9m disso, o esp\u00edrito de colabora\u00e7\u00e3o e unidade que a instala\u00e7\u00e3o desse equipamento trouxe \u00e0 cidade \u00e9 visivelmente palp\u00e1vel. Moradores expressaram um sentimento renovado de pertencimento \u00e0 cidade, um aspecto vital para a constru\u00e7\u00e3o de uma comunidade coesa. Os impactos positivos da a\u00e7\u00e3o n\u00e3o s\u00e3o apenas vis\u00edveis, mas tamb\u00e9m sent\u00edveis nas intera\u00e7\u00f5es di\u00e1rias da comunidade.<\/p>\n<h2>A presen\u00e7a do Sicredi em Cama\u00e7ari<\/h2>\n<p>A opera\u00e7\u00e3o do Sicredi em Cama\u00e7ari representa mais do que uma simples ag\u00eancia financeira; trata-se de um espa\u00e7o de encontro, de troca e de crescimento m\u00fatuo. Desde a sua chegada ao munic\u00edpio, a cooperativa tem se empenhado em criar la\u00e7os com a popula\u00e7\u00e3o local, promovendo servi\u00e7os que atendam \u00e0s suas necessidades espec\u00edficas.<\/p>\n<p>A presen\u00e7a do Sicredi na cidade contribui para a inclus\u00e3o financeira, oferecendo aos cidad\u00e3os servi\u00e7os que t\u00eam o potencial de transformar n\u00e3o apenas as finan\u00e7as pessoais, mas toda a din\u00e2mica econ\u00f4mica da regi\u00e3o. O fomento de micro e pequenas empresas atrav\u00e9s de cr\u00e9dito acess\u00edvel reflete o compromisso da cooperativa em contribuir para a economia local.<\/p>\n<p>Ademais, os eventos promovidos pela institui\u00e7\u00e3o buscam envolver a comunidade em discuss\u00f5es sobre planejamento financeiro e empreendedorismo, capacitando cidad\u00e3os a tomarem decis\u00f5es informadas em suas vidas financeiras.<\/p>\n<p>Com o rel\u00f3gio digital como s\u00edmbolo da presen\u00e7a do Sicredi, a cooperativa se posiciona como um agente transformador na cidade, impulsionando n\u00e3o s\u00f3 o desenvolvimento econ\u00f4mico, mas tamb\u00e9m o social atrav\u00e9s da educa\u00e7\u00e3o e do empoderamento comunit\u00e1rio.<\/p>\n<h2>Os benef\u00edcios da integra\u00e7\u00e3o comunit\u00e1ria<\/h2>\n<p>Um dos principais objetivos do Sicredi em suas a\u00e7\u00f5es \u00e9 promover a integra\u00e7\u00e3o comunit\u00e1ria. A instala\u00e7\u00e3o do rel\u00f3gio digital serve como um dispositivo que n\u00e3o apenas fornece informa\u00e7\u00f5es, mas cria oportunidades de intera\u00e7\u00e3o entre os cidad\u00e3os. A implementa\u00e7\u00e3o de a\u00e7\u00f5es que envolvem as comunidades gera um ciclo virtuoso de participa\u00e7\u00e3o c\u00edvica e colabora\u00e7\u00e3o.<\/p>\n<p>Quando as pessoas se envolvem em iniciativas comunit\u00e1rias, elas se tornam mais conscientes do ambiente em que vivem e da import\u00e2ncia de agir em conjunto por um bem maior. Esse tipo de intera\u00e7\u00e3o promove o sentimento de pertencimento e responsabilidade, vital para o fortalecimento das rela\u00e7\u00f5es sociais e da coes\u00e3o comunit\u00e1ria.<\/p>\n<p>Os benef\u00edcios dessa integra\u00e7\u00e3o n\u00e3o se limitam a eventos e iniciativas espec\u00edficas; eles permeiam a vida di\u00e1ria, fortalecendo a comunidade e incentivando a participa\u00e7\u00e3o ativa de cada cidad\u00e3o. O rel\u00f3gio digital se torna, assim, uma plataforma que sustenta essas intera\u00e7\u00f5es e promove novas conex\u00f5es.<\/p>\n<p>Al\u00e9m disso, atrav\u00e9s de iniciativas comunit\u00e1rias, o Sicredi pode identificar e atender demandas locais espec\u00edficas, contribuindo para o desenvolvimento de a\u00e7\u00f5es que sejam realmente significativas e relevantes para a popula\u00e7\u00e3o. Estar pr\u00f3ximo ajuda a cooperativa a compreender melhor as necessidades e expectativas dos cidad\u00e3os, consolidando assim um ciclo de feedback positivo.<\/p>\n<h2>O futuro de Cama\u00e7ari e suas inova\u00e7\u00f5es<\/h2>\n<p>O futuro de Cama\u00e7ari se apresenta promissor, especialmente com a presen\u00e7a de iniciativas que buscam promover inova\u00e7\u00f5es e melhorias para a cidade. O rel\u00f3gio digital do Sicredi \u00e9 um exemplo claro de como a modernidade pode ser integrada ao cotidiano da popula\u00e7\u00e3o de forma que v\u00e1 al\u00e9m da est\u00e9tica e da pura funcionalidade.<\/p>\n<p>Cidade que busca se desenvolver e se adaptar \u00e0s novas demandas sociais precisar\u00e1 cada vez mais de solu\u00e7\u00f5es que promovam a qualidade de vida, a sustentabilidade e a inclus\u00e3o. A presen\u00e7a do Sicredi, com sua abordagem cooperativa, est\u00e1 alinhada a essas necessidades, trazendo experi\u00eancias e insights que podem guiar o caminho a ser seguido.<\/p>\n<p>\u00c9 importante que a popula\u00e7\u00e3o continue a se envolver nas discuss\u00f5es e decis\u00f5es acerca do futuro da cidade, e o Sicredi pode se tornar um instrumento potente para viabilizar essa participa\u00e7\u00e3o. As a\u00e7\u00f5es voltadas para a educa\u00e7\u00e3o e a conscientiza\u00e7\u00e3o servem para preparar cidad\u00e3os para n\u00e3o apenas reagirem \u00e0s mudan\u00e7as, mas para tamb\u00e9m serem protagonistas nas inova\u00e7\u00f5es que moldar\u00e3o Cama\u00e7ari nos pr\u00f3ximos anos.<\/p>\n<p>O potencial de transforma\u00e7\u00e3o social e comunit\u00e1ria \u00e9 vasto, e cada passo dado em dire\u00e7\u00e3o a um futuro mais colaborativo traz consigo a chance de novas oportunidades e uma vida melhor para todos os cidad\u00e3os.<\/p>\n<div class=\"2410bb7248a64bb1f71103797e0f239b\" data-index=\"3\" style=\"float: none; margin:0px;\">\n<\/br><\/br>\r\n\r\n<ins class=\"adsbygoogle\"\r\n     style=\"display:block\"\r\n     data-ad-format=\"fluid\"\r\n     data-ad-layout-key=\"-63+do+n-1s+9e\"\r\n     data-ad-client=\"ca-pub-8585364105181520\"\r\n     data-ad-slot=\"6838462089\"><\/ins>\r\n<script>\r\n     (adsbygoogle = window.adsbygoogle || []).push({});\r\n<\/script>\n<\/div>\n\n<div style=\"font-size: 0px; height: 0px; line-height: 0px; margin: 0; padding: 0; clear: both;\"><\/div>","protected":false},"excerpt":{"rendered":"<p>Cama\u00e7ari recebe rel\u00f3gio digital do Sicredi em local central na cidade.<\/p>\n","protected":false},"author":1,"featured_media":449,"comment_status":"open","ping_status":"closed","sticky":false,"template":"","format":"standard","meta":{"footnotes":""},"categories":[1],"tags":[],"class_list":["post-450","post","type-post","status-publish","format-standard","has-post-thumbnail","hentry","category-noticias-em-camacari","has_thumb"],"aioseo_notices":[],"aioseo_head":"\n\t\t<!-- All in One SEO 5.0.0.1 - aioseo.com -->\n\t<meta name=\"description\" content=\"Cama\u00e7ari recebe rel\u00f3gio digital do Sicredi em local central na cidade.\" \/>\n\t<meta name=\"robots\" content=\"max-image-preview:large\" \/>\n\t<meta name=\"author\" content=\"Encontra Cama\u00e7ari\"\/>\n\t<link rel=\"canonical\" href=\"https:\/\/www.encontracamacari.com.br\/sobre\/camacari-recebe-relogio-digital-do-sicredi-em-ponto-central-da-cidade\/\" \/>\n\t<meta name=\"generator\" content=\"All in One SEO (AIOSEO) 5.0.0.1\" \/>\n\t\t<meta property=\"og:locale\" content=\"pt_BR\" \/>\n\t\t<meta property=\"og:site_name\" content=\"Encontra Cama\u00e7ari - Not\u00edcias, eventos, informa\u00e7\u00f5es e dicas na cidade de Cama\u00e7ari e regi\u00e3o.\" \/>\n\t\t<meta property=\"og:type\" content=\"article\" \/>\n\t\t<meta property=\"og:title\" content=\"Cama\u00e7ari recebe rel\u00f3gio digital do Sicredi em ponto central da cidade - Encontra Cama\u00e7ari\" \/>\n\t\t<meta property=\"og:description\" content=\"Cama\u00e7ari recebe rel\u00f3gio digital do Sicredi em local central na cidade.\" \/>\n\t\t<meta property=\"og:url\" content=\"https:\/\/www.encontracamacari.com.br\/sobre\/camacari-recebe-relogio-digital-do-sicredi-em-ponto-central-da-cidade\/\" \/>\n\t\t<meta property=\"article:published_time\" content=\"2025-12-06T10:52:00+00:00\" \/>\n\t\t<meta property=\"article:modified_time\" content=\"2025-12-06T10:52:00+00:00\" \/>\n\t\t<meta name=\"twitter:card\" content=\"summary_large_image\" \/>\n\t\t<meta name=\"twitter:title\" content=\"Cama\u00e7ari recebe rel\u00f3gio digital do Sicredi em ponto central da cidade - Encontra Cama\u00e7ari\" \/>\n\t\t<meta name=\"twitter:description\" content=\"Cama\u00e7ari recebe rel\u00f3gio digital do Sicredi em local central na cidade.\" \/>\n\t\t<script type=\"application\/ld+json\" class=\"aioseo-schema\">\n\t\t\t{\"@context\":\"https:\\\/\\\/schema.org\",\"@graph\":[{\"@type\":\"BlogPosting\",\"@id\":\"https:\\\/\\\/www.encontracamacari.com.br\\\/sobre\\\/camacari-recebe-relogio-digital-do-sicredi-em-ponto-central-da-cidade\\\/#blogposting\",\"name\":\"Cama\\u00e7ari recebe rel\\u00f3gio digital do Sicredi em ponto central da cidade - Encontra Cama\\u00e7ari\",\"headline\":\"Cama\\u00e7ari recebe rel\\u00f3gio digital do Sicredi em ponto central da cidade\",\"author\":{\"@id\":\"https:\\\/\\\/www.encontracamacari.com.br\\\/sobre\\\/author\\\/ecamacari\\\/#author\"},\"publisher\":{\"@id\":\"https:\\\/\\\/www.encontracamacari.com.br\\\/sobre\\\/#organization\"},\"image\":{\"@type\":\"ImageObject\",\"url\":\"https:\\\/\\\/www.encontracamacari.com.br\\\/sobre\\\/wp-content\\\/uploads\\\/2025\\\/12\\\/camacari-recebe-relogio-digital-do-sicredi-em-ponto-central-da-cidade.webp\",\"width\":320,\"height\":280,\"caption\":\"Cama\\u00e7ari recebe rel\\u00f3gio digital do Sicredi\"},\"datePublished\":\"2025-12-06T10:52:00+00:00\",\"dateModified\":\"2025-12-06T10:52:00+00:00\",\"inLanguage\":\"pt-BR\",\"mainEntityOfPage\":{\"@id\":\"https:\\\/\\\/www.encontracamacari.com.br\\\/sobre\\\/camacari-recebe-relogio-digital-do-sicredi-em-ponto-central-da-cidade\\\/#webpage\"},\"isPartOf\":{\"@id\":\"https:\\\/\\\/www.encontracamacari.com.br\\\/sobre\\\/camacari-recebe-relogio-digital-do-sicredi-em-ponto-central-da-cidade\\\/#webpage\"},\"articleSection\":\"Not\\u00edcias Cama\\u00e7ari\"},{\"@type\":\"BreadcrumbList\",\"@id\":\"https:\\\/\\\/www.encontracamacari.com.br\\\/sobre\\\/camacari-recebe-relogio-digital-do-sicredi-em-ponto-central-da-cidade\\\/#breadcrumblist\",\"itemListElement\":[{\"@type\":\"ListItem\",\"@id\":\"https:\\\/\\\/www.encontracamacari.com.br\\\/sobre#listItem\",\"position\":1,\"name\":\"Home\",\"item\":\"https:\\\/\\\/www.encontracamacari.com.br\\\/sobre\",\"nextItem\":{\"@type\":\"ListItem\",\"@id\":\"https:\\\/\\\/www.encontracamacari.com.br\\\/sobre\\\/noticias-em-camacari\\\/#listItem\",\"name\":\"Not\\u00edcias Cama\\u00e7ari\"}},{\"@type\":\"ListItem\",\"@id\":\"https:\\\/\\\/www.encontracamacari.com.br\\\/sobre\\\/noticias-em-camacari\\\/#listItem\",\"position\":2,\"name\":\"Not\\u00edcias Cama\\u00e7ari\",\"item\":\"https:\\\/\\\/www.encontracamacari.com.br\\\/sobre\\\/noticias-em-camacari\\\/\",\"nextItem\":{\"@type\":\"ListItem\",\"@id\":\"https:\\\/\\\/www.encontracamacari.com.br\\\/sobre\\\/camacari-recebe-relogio-digital-do-sicredi-em-ponto-central-da-cidade\\\/#listItem\",\"name\":\"Cama\\u00e7ari recebe rel\\u00f3gio digital do Sicredi em ponto central da cidade\"},\"previousItem\":{\"@type\":\"ListItem\",\"@id\":\"https:\\\/\\\/www.encontracamacari.com.br\\\/sobre#listItem\",\"name\":\"Home\"}},{\"@type\":\"ListItem\",\"@id\":\"https:\\\/\\\/www.encontracamacari.com.br\\\/sobre\\\/camacari-recebe-relogio-digital-do-sicredi-em-ponto-central-da-cidade\\\/#listItem\",\"position\":3,\"name\":\"Cama\\u00e7ari recebe rel\\u00f3gio digital do Sicredi em ponto central da cidade\",\"previousItem\":{\"@type\":\"ListItem\",\"@id\":\"https:\\\/\\\/www.encontracamacari.com.br\\\/sobre\\\/noticias-em-camacari\\\/#listItem\",\"name\":\"Not\\u00edcias Cama\\u00e7ari\"}}]},{\"@type\":\"Organization\",\"@id\":\"https:\\\/\\\/www.encontracamacari.com.br\\\/sobre\\\/#organization\",\"name\":\"Encontra Cama\\u00e7ari\",\"description\":\"Not\\u00edcias, eventos, informa\\u00e7\\u00f5es e dicas na cidade de Cama\\u00e7ari e regi\\u00e3o.\",\"url\":\"https:\\\/\\\/www.encontracamacari.com.br\\\/sobre\\\/\"},{\"@type\":\"Person\",\"@id\":\"https:\\\/\\\/www.encontracamacari.com.br\\\/sobre\\\/author\\\/ecamacari\\\/#author\",\"url\":\"https:\\\/\\\/www.encontracamacari.com.br\\\/sobre\\\/author\\\/ecamacari\\\/\",\"name\":\"Encontra Cama\\u00e7ari\",\"image\":{\"@type\":\"ImageObject\",\"@id\":\"https:\\\/\\\/www.encontracamacari.com.br\\\/sobre\\\/camacari-recebe-relogio-digital-do-sicredi-em-ponto-central-da-cidade\\\/#authorImage\",\"url\":\"https:\\\/\\\/secure.gravatar.com\\\/avatar\\\/507340682b8270222e1f208e23198b6ae7e2c6a1033ae84e99bc6bce4f82a387?s=96&d=mm&r=g\",\"width\":96,\"height\":96,\"caption\":\"Encontra Cama\\u00e7ari\"}},{\"@type\":\"WebPage\",\"@id\":\"https:\\\/\\\/www.encontracamacari.com.br\\\/sobre\\\/camacari-recebe-relogio-digital-do-sicredi-em-ponto-central-da-cidade\\\/#webpage\",\"url\":\"https:\\\/\\\/www.encontracamacari.com.br\\\/sobre\\\/camacari-recebe-relogio-digital-do-sicredi-em-ponto-central-da-cidade\\\/\",\"name\":\"Cama\\u00e7ari recebe rel\\u00f3gio digital do Sicredi em ponto central da cidade - Encontra Cama\\u00e7ari\",\"description\":\"Cama\\u00e7ari recebe rel\\u00f3gio digital do Sicredi em local central na cidade.\",\"inLanguage\":\"pt-BR\",\"isPartOf\":{\"@id\":\"https:\\\/\\\/www.encontracamacari.com.br\\\/sobre\\\/#website\"},\"breadcrumb\":{\"@id\":\"https:\\\/\\\/www.encontracamacari.com.br\\\/sobre\\\/camacari-recebe-relogio-digital-do-sicredi-em-ponto-central-da-cidade\\\/#breadcrumblist\"},\"author\":{\"@id\":\"https:\\\/\\\/www.encontracamacari.com.br\\\/sobre\\\/author\\\/ecamacari\\\/#author\"},\"creator\":{\"@id\":\"https:\\\/\\\/www.encontracamacari.com.br\\\/sobre\\\/author\\\/ecamacari\\\/#author\"},\"image\":{\"@type\":\"ImageObject\",\"url\":\"https:\\\/\\\/www.encontracamacari.com.br\\\/sobre\\\/wp-content\\\/uploads\\\/2025\\\/12\\\/camacari-recebe-relogio-digital-do-sicredi-em-ponto-central-da-cidade.webp\",\"@id\":\"https:\\\/\\\/www.encontracamacari.com.br\\\/sobre\\\/camacari-recebe-relogio-digital-do-sicredi-em-ponto-central-da-cidade\\\/#mainImage\",\"width\":320,\"height\":280,\"caption\":\"Cama\\u00e7ari recebe rel\\u00f3gio digital do Sicredi\"},\"primaryImageOfPage\":{\"@id\":\"https:\\\/\\\/www.encontracamacari.com.br\\\/sobre\\\/camacari-recebe-relogio-digital-do-sicredi-em-ponto-central-da-cidade\\\/#mainImage\"},\"datePublished\":\"2025-12-06T10:52:00+00:00\",\"dateModified\":\"2025-12-06T10:52:00+00:00\"},{\"@type\":\"WebSite\",\"@id\":\"https:\\\/\\\/www.encontracamacari.com.br\\\/sobre\\\/#website\",\"url\":\"https:\\\/\\\/www.encontracamacari.com.br\\\/sobre\\\/\",\"name\":\"Encontra Cama\\u00e7ari\",\"description\":\"Not\\u00edcias, eventos, informa\\u00e7\\u00f5es e dicas na cidade de Cama\\u00e7ari e regi\\u00e3o.\",\"inLanguage\":\"pt-BR\",\"publisher\":{\"@id\":\"https:\\\/\\\/www.encontracamacari.com.br\\\/sobre\\\/#organization\"}}]}\n\t\t<\/script>\n\t\t<!-- All in One SEO -->\n\n","aioseo_head_json":{"title":"Cama\u00e7ari recebe rel\u00f3gio digital do Sicredi em ponto central da cidade - Encontra Cama\u00e7ari","description":"Cama\u00e7ari recebe rel\u00f3gio digital do Sicredi em local central na cidade.","canonical_url":"https:\/\/www.encontracamacari.com.br\/sobre\/camacari-recebe-relogio-digital-do-sicredi-em-ponto-central-da-cidade\/","robots":"max-image-preview:large","keywords":"","webmasterTools":{"miscellaneous":""},"schema":{"@context":"https:\/\/schema.org","@graph":[{"@type":"BlogPosting","@id":"https:\/\/www.encontracamacari.com.br\/sobre\/camacari-recebe-relogio-digital-do-sicredi-em-ponto-central-da-cidade\/#blogposting","name":"Cama\u00e7ari recebe rel\u00f3gio digital do Sicredi em ponto central da cidade - Encontra Cama\u00e7ari","headline":"Cama\u00e7ari recebe rel\u00f3gio digital do Sicredi em ponto central da cidade","author":{"@id":"https:\/\/www.encontracamacari.com.br\/sobre\/author\/ecamacari\/#author"},"publisher":{"@id":"https:\/\/www.encontracamacari.com.br\/sobre\/#organization"},"image":{"@type":"ImageObject","url":"https:\/\/www.encontracamacari.com.br\/sobre\/wp-content\/uploads\/2025\/12\/camacari-recebe-relogio-digital-do-sicredi-em-ponto-central-da-cidade.webp","width":320,"height":280,"caption":"Cama\u00e7ari recebe rel\u00f3gio digital do Sicredi"},"datePublished":"2025-12-06T10:52:00+00:00","dateModified":"2025-12-06T10:52:00+00:00","inLanguage":"pt-BR","mainEntityOfPage":{"@id":"https:\/\/www.encontracamacari.com.br\/sobre\/camacari-recebe-relogio-digital-do-sicredi-em-ponto-central-da-cidade\/#webpage"},"isPartOf":{"@id":"https:\/\/www.encontracamacari.com.br\/sobre\/camacari-recebe-relogio-digital-do-sicredi-em-ponto-central-da-cidade\/#webpage"},"articleSection":"Not\u00edcias Cama\u00e7ari"},{"@type":"BreadcrumbList","@id":"https:\/\/www.encontracamacari.com.br\/sobre\/camacari-recebe-relogio-digital-do-sicredi-em-ponto-central-da-cidade\/#breadcrumblist","itemListElement":[{"@type":"ListItem","@id":"https:\/\/www.encontracamacari.com.br\/sobre#listItem","position":1,"name":"Home","item":"https:\/\/www.encontracamacari.com.br\/sobre","nextItem":{"@type":"ListItem","@id":"https:\/\/www.encontracamacari.com.br\/sobre\/noticias-em-camacari\/#listItem","name":"Not\u00edcias Cama\u00e7ari"}},{"@type":"ListItem","@id":"https:\/\/www.encontracamacari.com.br\/sobre\/noticias-em-camacari\/#listItem","position":2,"name":"Not\u00edcias Cama\u00e7ari","item":"https:\/\/www.encontracamacari.com.br\/sobre\/noticias-em-camacari\/","nextItem":{"@type":"ListItem","@id":"https:\/\/www.encontracamacari.com.br\/sobre\/camacari-recebe-relogio-digital-do-sicredi-em-ponto-central-da-cidade\/#listItem","name":"Cama\u00e7ari recebe rel\u00f3gio digital do Sicredi em ponto central da cidade"},"previousItem":{"@type":"ListItem","@id":"https:\/\/www.encontracamacari.com.br\/sobre#listItem","name":"Home"}},{"@type":"ListItem","@id":"https:\/\/www.encontracamacari.com.br\/sobre\/camacari-recebe-relogio-digital-do-sicredi-em-ponto-central-da-cidade\/#listItem","position":3,"name":"Cama\u00e7ari recebe rel\u00f3gio digital do Sicredi em ponto central da cidade","previousItem":{"@type":"ListItem","@id":"https:\/\/www.encontracamacari.com.br\/sobre\/noticias-em-camacari\/#listItem","name":"Not\u00edcias Cama\u00e7ari"}}]},{"@type":"Organization","@id":"https:\/\/www.encontracamacari.com.br\/sobre\/#organization","name":"Encontra Cama\u00e7ari","description":"Not\u00edcias, eventos, informa\u00e7\u00f5es e dicas na cidade de Cama\u00e7ari e regi\u00e3o.","url":"https:\/\/www.encontracamacari.com.br\/sobre\/"},{"@type":"Person","@id":"https:\/\/www.encontracamacari.com.br\/sobre\/author\/ecamacari\/#author","url":"https:\/\/www.encontracamacari.com.br\/sobre\/author\/ecamacari\/","name":"Encontra Cama\u00e7ari","image":{"@type":"ImageObject","@id":"https:\/\/www.encontracamacari.com.br\/sobre\/camacari-recebe-relogio-digital-do-sicredi-em-ponto-central-da-cidade\/#authorImage","url":"https:\/\/secure.gravatar.com\/avatar\/507340682b8270222e1f208e23198b6ae7e2c6a1033ae84e99bc6bce4f82a387?s=96&d=mm&r=g","width":96,"height":96,"caption":"Encontra Cama\u00e7ari"}},{"@type":"WebPage","@id":"https:\/\/www.encontracamacari.com.br\/sobre\/camacari-recebe-relogio-digital-do-sicredi-em-ponto-central-da-cidade\/#webpage","url":"https:\/\/www.encontracamacari.com.br\/sobre\/camacari-recebe-relogio-digital-do-sicredi-em-ponto-central-da-cidade\/","name":"Cama\u00e7ari recebe rel\u00f3gio digital do Sicredi em ponto central da cidade - Encontra Cama\u00e7ari","description":"Cama\u00e7ari recebe rel\u00f3gio digital do Sicredi em local central na cidade.","inLanguage":"pt-BR","isPartOf":{"@id":"https:\/\/www.encontracamacari.com.br\/sobre\/#website"},"breadcrumb":{"@id":"https:\/\/www.encontracamacari.com.br\/sobre\/camacari-recebe-relogio-digital-do-sicredi-em-ponto-central-da-cidade\/#breadcrumblist"},"author":{"@id":"https:\/\/www.encontracamacari.com.br\/sobre\/author\/ecamacari\/#author"},"creator":{"@id":"https:\/\/www.encontracamacari.com.br\/sobre\/author\/ecamacari\/#author"},"image":{"@type":"ImageObject","url":"https:\/\/www.encontracamacari.com.br\/sobre\/wp-content\/uploads\/2025\/12\/camacari-recebe-relogio-digital-do-sicredi-em-ponto-central-da-cidade.webp","@id":"https:\/\/www.encontracamacari.com.br\/sobre\/camacari-recebe-relogio-digital-do-sicredi-em-ponto-central-da-cidade\/#mainImage","width":320,"height":280,"caption":"Cama\u00e7ari recebe rel\u00f3gio digital do Sicredi"},"primaryImageOfPage":{"@id":"https:\/\/www.encontracamacari.com.br\/sobre\/camacari-recebe-relogio-digital-do-sicredi-em-ponto-central-da-cidade\/#mainImage"},"datePublished":"2025-12-06T10:52:00+00:00","dateModified":"2025-12-06T10:52:00+00:00"},{"@type":"WebSite","@id":"https:\/\/www.encontracamacari.com.br\/sobre\/#website","url":"https:\/\/www.encontracamacari.com.br\/sobre\/","name":"Encontra Cama\u00e7ari","description":"Not\u00edcias, eventos, informa\u00e7\u00f5es e dicas na cidade de Cama\u00e7ari e regi\u00e3o.","inLanguage":"pt-BR","publisher":{"@id":"https:\/\/www.encontracamacari.com.br\/sobre\/#organization"}}]},"og:locale":"pt_BR","og:site_name":"Encontra Cama\u00e7ari - Not\u00edcias, eventos, informa\u00e7\u00f5es e dicas na cidade de Cama\u00e7ari e regi\u00e3o.","og:type":"article","og:title":"Cama\u00e7ari recebe rel\u00f3gio digital do Sicredi em ponto central da cidade - Encontra Cama\u00e7ari","og:description":"Cama\u00e7ari recebe rel\u00f3gio digital do Sicredi em local central na cidade.","og:url":"https:\/\/www.encontracamacari.com.br\/sobre\/camacari-recebe-relogio-digital-do-sicredi-em-ponto-central-da-cidade\/","article:published_time":"2025-12-06T10:52:00+00:00","article:modified_time":"2025-12-06T10:52:00+00:00","twitter:card":"summary_large_image","twitter:title":"Cama\u00e7ari recebe rel\u00f3gio digital do Sicredi em ponto central da cidade - Encontra Cama\u00e7ari","twitter:description":"Cama\u00e7ari recebe rel\u00f3gio digital do Sicredi em local central na cidade."},"aioseo_meta_data":{"post_id":"450","title":null,"description":null,"keywords":null,"keyphrases":null,"primary_term":null,"canonical_url":null,"og_title":null,"og_description":null,"og_object_type":"default","og_image_type":"default","og_image_url":null,"og_image_width":null,"og_image_height":null,"og_image_custom_url":null,"og_image_custom_fields":null,"og_video":null,"og_custom_url":null,"og_article_section":null,"og_article_tags":null,"twitter_use_og":false,"twitter_card":"default","twitter_image_type":"default","twitter_image_url":null,"twitter_image_custom_url":null,"twitter_image_custom_fields":null,"twitter_title":null,"twitter_description":null,"schema":{"blockGraphs":[],"customGraphs":[],"default":{"data":{"Article":[],"Course":[],"Dataset":[],"FAQPage":[],"Movie":[],"Person":[],"Product":[],"ProductReview":[],"Car":[],"Recipe":[],"Service":[],"SoftwareApplication":[],"WebPage":[]},"graphName":"BlogPosting","isEnabled":true},"graphs":[]},"schema_type":"default","schema_type_options":null,"pillar_content":false,"robots_default":true,"robots_noindex":false,"robots_noarchive":false,"robots_nosnippet":false,"robots_nofollow":false,"robots_noimageindex":false,"robots_noodp":false,"robots_notranslate":false,"robots_max_snippet":null,"robots_max_videopreview":null,"robots_max_imagepreview":"large","priority":null,"frequency":null,"local_seo":null,"limit_modified_date":false,"created":"2025-12-12 05:51:47","updated":"2026-08-06 00:31:43","focus_keyword":null,"additional_keywords":null,"truseo_locale":null,"ai":null,"breadcrumb_settings":null,"seo_analyzer_scan_date":null},"aioseo_breadcrumb":"<div class=\"aioseo-breadcrumbs\"><span class=\"aioseo-breadcrumb\">\n\t\t\t<a href=\"https:\/\/www.encontracamacari.com.br\/sobre\" title=\"Home\">Home<\/a>\n\t\t<\/span><span class=\"aioseo-breadcrumb-separator\">&raquo;<\/span><span class=\"aioseo-breadcrumb\">\n\t\t\t<a href=\"https:\/\/www.encontracamacari.com.br\/sobre\/noticias-em-camacari\/\" title=\"Not\u00edcias Cama\u00e7ari\">Not\u00edcias Cama\u00e7ari<\/a>\n\t\t<\/span><span class=\"aioseo-breadcrumb-separator\">&raquo;<\/span><span class=\"aioseo-breadcrumb\">\n\t\t\tCama\u00e7ari recebe rel\u00f3gio digital do Sicredi em ponto central da cidade\n\t\t<\/span><\/div>","aioseo_breadcrumb_json":[{"label":"Home","link":"https:\/\/www.encontracamacari.com.br\/sobre"},{"label":"Not\u00edcias Cama\u00e7ari","link":"https:\/\/www.encontracamacari.com.br\/sobre\/noticias-em-camacari\/"},{"label":"Cama\u00e7ari recebe rel\u00f3gio digital do Sicredi em ponto central da cidade","link":"https:\/\/www.encontracamacari.com.br\/sobre\/camacari-recebe-relogio-digital-do-sicredi-em-ponto-central-da-cidade\/"}],"_links":{"self":[{"href":"https:\/\/www.encontracamacari.com.br\/sobre\/wp-json\/wp\/v2\/posts\/450","targetHints":{"allow":["GET"]}}],"collection":[{"href":"https:\/\/www.encontracamacari.com.br\/sobre\/wp-json\/wp\/v2\/posts"}],"about":[{"href":"https:\/\/www.encontracamacari.com.br\/sobre\/wp-json\/wp\/v2\/types\/post"}],"author":[{"embeddable":true,"href":"https:\/\/www.encontracamacari.com.br\/sobre\/wp-json\/wp\/v2\/users\/1"}],"replies":[{"embeddable":true,"href":"https:\/\/www.encontracamacari.com.br\/sobre\/wp-json\/wp\/v2\/comments?post=450"}],"version-history":[{"count":0,"href":"https:\/\/www.encontracamacari.com.br\/sobre\/wp-json\/wp\/v2\/posts\/450\/revisions"}],"wp:featuredmedia":[{"embeddable":true,"href":"https:\/\/www.encontracamacari.com.br\/sobre\/wp-json\/wp\/v2\/media\/449"}],"wp:attachment":[{"href":"https:\/\/www.encontracamacari.com.br\/sobre\/wp-json\/wp\/v2\/media?parent=450"}],"wp:term":[{"taxonomy":"category","embeddable":true,"href":"https:\/\/www.encontracamacari.com.br\/sobre\/wp-json\/wp\/v2\/categories?post=450"},{"taxonomy":"post_tag","embeddable":true,"href":"https:\/\/www.encontracamacari.com.br\/sobre\/wp-json\/wp\/v2\/tags?post=450"}],"curies":[{"name":"wp","href":"https:\/\/api.w.org\/{rel}","templated":true}]}}