{"id":45,"date":"2013-11-22T10:13:11","date_gmt":"2013-11-22T10:13:11","guid":{"rendered":"http:\/\/www.encontracamacari.com.br\/noticias\/?p=45"},"modified":"2019-04-29T20:48:26","modified_gmt":"2019-04-29T20:48:26","slug":"rosa-de-saron-traz-tour-latitude-longitude-para-camacari","status":"publish","type":"post","link":"https:\/\/www.encontracamacari.com.br\/sobre\/rosa-de-saron-traz-tour-latitude-longitude-para-camacari\/","title":{"rendered":"Rosa de Saron traz Tour Latitude Longitude para Cama\u00e7ari"},"content":{"rendered":"<div class=\"2410bb7248a64bb1f71103797e0f239b\" data-index=\"1\" style=\"float: none; margin:0px;\">\n<ins class=\"adsbygoogle\"\r\n     style=\"display:block\"\r\n     data-ad-client=\"ca-pub-8585364105181520\"\r\n     data-ad-slot=\"8789329856\"\r\n     data-ad-format=\"auto\"\r\n     data-full-width-responsive=\"true\"><\/ins>\r\n<script>\r\n     (adsbygoogle = window.adsbygoogle || []).push({});\r\n<\/script>\n<\/div>\n<p>A banda Rosa de Saron, uma das mais importantes do cen\u00e1rio crist\u00e3o nacional, traz para Cama\u00e7ari a turn\u00ea do seu novo trabalho, DVD \u201cLatitude Longitude\u201d, dia 24 de novembro, domingo, durante o \u201cAlegrai-vos\u201d, evento em comemora\u00e7\u00e3o ao Jubileu de Ouro da Par\u00f3quia Catedral S\u00e3o Thomaz de Cantu\u00e1ria, que tem como tema \u201cNosso povo, nossa f\u00e9, nossa miss\u00e3o\u201d.<\/p>\n<p>Ser\u00e1 no Espa\u00e7o Cama\u00e7ari, na Avenida Jorge Amado s\/n, Novo Horizonte.<\/p>\n<p>A entrada \u00e9 franca, com abertura dos port\u00f5es \u00e0s 16H. O show est\u00e1 previsto para as 20H e \u00e9 livre para todos os p\u00fablicos.<\/p>\n<p>Mais informa\u00e7\u00f5es poder\u00e3o ser obtidas pelos telefones (71)8189-0444 e (71)9110-8175 (Aline).<b><br \/>\n<\/b><\/p>\n<p><b>O novo trabalho<br \/>\n<\/b><\/p>\n<p>Depois de seis meses de intensa dedica\u00e7\u00e3o, o DVD \u201cLatitude Longitude\u201d, terceiro DVD ao vivo do grupo e 12\u00ba na carreira, saiu do papel e se tornou um projeto grandioso, gravado em abril desse ano no Chevrolet Hall, em Belo Horizonte \u2013 com lota\u00e7\u00e3o total da casa \u2013 e lan\u00e7ado no \u00faltimo m\u00eas de julho, durante a Jornada Mundial da Juventude, no Rio de Janeiro.<\/p>\n<p>O baixista e fundador da Banda, Rog\u00e9rio Feltrin, explica que esse novo trabalho \u00e9 uma continuidade do \u00faltimo DVD, Horizonte Vivo Distante, lan\u00e7ado em 2010. \u201cApesar de ser um trabalho novo, o DVD Latitude Longitude tem muita similaridade com nosso \u00faltimo DVD. Pra gente, ele \u00e9 uma extens\u00e3o, uma continua\u00e7\u00e3o do Horizonte Vivo Distante, como se fosse um trabalho s\u00f3 dividido em dois\u201d, conta.<\/p><div class=\"2410bb7248a64bb1f71103797e0f239b\" data-index=\"2\" style=\"float: none; margin:0px;\">\n<ins class=\"adsbygoogle\"\r\n     style=\"display:block; text-align:center;\"\r\n     data-ad-layout=\"in-article\"\r\n     data-ad-format=\"fluid\"\r\n     data-ad-client=\"ca-pub-8585364105181520\"\r\n     data-ad-slot=\"2899217073\"><\/ins>\r\n<script>\r\n     (adsbygoogle = window.adsbygoogle || []).push({});\r\n<\/script>\r\n\r\n<\/br><\/br>\n<\/div>\n\n<p>Aliado a isso, Feltrin deixa clara a influ\u00eancia do \u00faltimo trabalho no 3\u00ba DVD da Banda. \u201cO DVD Latitude Longitude \u00e9 uma jun\u00e7\u00e3o de percep\u00e7\u00f5es positivas acerca do nosso \u00faltimo trabalho. Foi baseado na tour \u2018O Agora e o Eterno\u2019, que estava muito bonita e nos fez ter vontade de registr\u00e1-la em v\u00eddeo. \u2018O Agora e o Eterno\u2019 foi um \u00e1lbum bem vendido, que gerou \u00f3timos shows. Foi considerado por muitos f\u00e3s antigos o melhor \u00e1lbum da banda ate hoje\u201d, comenta.<\/p>\n<p>O repert\u00f3rio do novo DVD \u00e9 composto por m\u00fasicas que fizeram parte da turn\u00ea \u201cO Agora e o Eterno\u201d, al\u00e9m de quatro m\u00fasicas in\u00e9ditas: \u201cLatitude Longitude\u201d (que d\u00e1 nome ao trabalho e conta com participa\u00e7\u00e3o especial de Mauro Henrique, da banda Oficina G3), \u201cSe\u201d, \u201cIronia S\/A\u201d e \u201cAurora\u201d (composta especialmente para ser hino da JMJ do Rio de Janeiro), esta \u00faltima com participa\u00e7\u00f5es de Jonny Voice e Renato Vianna, dividindo os vocais com Guilherme de S\u00e1.<\/p>\n<p>A escolha do nome \u201cLatitude Longitude\u201d n\u00e3o foi por acaso. Em todos os t\u00edtulos de projetos da Banda Rosa de Saron h\u00e1 sempre uma reflex\u00e3o que gera o nome, na inten\u00e7\u00e3o de que o oposto tamb\u00e9m ocorra: as pessoas fa\u00e7am uma reflex\u00e3o sobre o que o t\u00edtulo quer passar. \u201cLatitude Longitude\u201d tem, primeiramente, a simbologia: as retas que formam uma cruz, um sinal. O segundo ponto \u00e9 que latitude e longitude s\u00e3o coordenadas que indicam uma dire\u00e7\u00e3o, um lugar. \u201c\u00c9 aquela hist\u00f3ria de apontar um caminho, avaliarmos onde estamos e onde queremos chegar\u201d, conta Feltrin.<\/p>\n<div class=\"2410bb7248a64bb1f71103797e0f239b\" data-index=\"3\" style=\"float: none; margin:0px;\">\n<\/br><\/br>\r\n\r\n<ins class=\"adsbygoogle\"\r\n     style=\"display:block\"\r\n     data-ad-format=\"fluid\"\r\n     data-ad-layout-key=\"-63+do+n-1s+9e\"\r\n     data-ad-client=\"ca-pub-8585364105181520\"\r\n     data-ad-slot=\"6838462089\"><\/ins>\r\n<script>\r\n     (adsbygoogle = window.adsbygoogle || []).push({});\r\n<\/script>\n<\/div>\n\n<div style=\"font-size: 0px; height: 0px; line-height: 0px; margin: 0; padding: 0; clear: both;\"><\/div>","protected":false},"excerpt":{"rendered":"<p>A banda Rosa de Saron, uma das mais importantes do cen\u00e1rio crist\u00e3o nacional, traz para Cama\u00e7ari a turn\u00ea do seu novo trabalho, DVD \u201cLatitude Longitude\u201d, dia 24 de novembro, domingo, durante o \u201cAlegrai-vos\u201d, evento em comemora\u00e7\u00e3o ao Jubileu de Ouro da Par\u00f3quia Catedral S\u00e3o Thomaz de Cantu\u00e1ria, que tem como tema \u201cNosso povo, nossa f\u00e9, nossa miss\u00e3o\u201d. Ser\u00e1 no Espa\u00e7o Cama\u00e7ari, na Avenida Jorge Amado s\/n, Novo Horizonte. A entrada \u00e9 franca, com abertura dos port\u00f5es \u00e0s 16H. O show est\u00e1 previsto para as 20H e \u00e9 livre para todos os p\u00fablicos. Mais informa\u00e7\u00f5es poder\u00e3o ser obtidas pelos telefones (71)8189-0444 <\/p>\n","protected":false},"author":1,"featured_media":0,"comment_status":"open","ping_status":"closed","sticky":false,"template":"","format":"standard","meta":{"footnotes":""},"categories":[1],"tags":[],"class_list":["post-45","post","type-post","status-publish","format-standard","hentry","category-noticias-em-camacari"],"aioseo_notices":[],"aioseo_head":"\n\t\t<!-- All in One SEO 5.0.0.1 - aioseo.com -->\n\t<meta name=\"description\" content=\"A banda Rosa de Saron, uma das mais importantes do cen\u00e1rio crist\u00e3o nacional, traz para Cama\u00e7ari a turn\u00ea do seu novo trabalho, DVD \u201cLatitude Longitude\u201d, dia 24 de novembro, domingo, durante o \u201cAlegrai-vos\u201d, evento em comemora\u00e7\u00e3o ao Jubileu de Ouro da Par\u00f3quia Catedral S\u00e3o Thomaz de Cantu\u00e1ria, que tem como tema \u201cNosso povo, nossa f\u00e9,\" \/>\n\t<meta name=\"robots\" content=\"max-image-preview:large\" \/>\n\t<meta name=\"author\" content=\"Encontra Cama\u00e7ari\"\/>\n\t<link rel=\"canonical\" href=\"https:\/\/www.encontracamacari.com.br\/sobre\/rosa-de-saron-traz-tour-latitude-longitude-para-camacari\/\" \/>\n\t<meta name=\"generator\" content=\"All in One SEO (AIOSEO) 5.0.0.1\" \/>\n\t\t<meta property=\"og:locale\" content=\"pt_BR\" \/>\n\t\t<meta property=\"og:site_name\" content=\"Encontra Cama\u00e7ari - Not\u00edcias, eventos, informa\u00e7\u00f5es e dicas na cidade de Cama\u00e7ari e regi\u00e3o.\" \/>\n\t\t<meta property=\"og:type\" content=\"article\" \/>\n\t\t<meta property=\"og:title\" content=\"Rosa de Saron traz Tour Latitude Longitude para Cama\u00e7ari - Encontra Cama\u00e7ari\" \/>\n\t\t<meta property=\"og:description\" content=\"A banda Rosa de Saron, uma das mais importantes do cen\u00e1rio crist\u00e3o nacional, traz para Cama\u00e7ari a turn\u00ea do seu novo trabalho, DVD \u201cLatitude Longitude\u201d, dia 24 de novembro, domingo, durante o \u201cAlegrai-vos\u201d, evento em comemora\u00e7\u00e3o ao Jubileu de Ouro da Par\u00f3quia Catedral S\u00e3o Thomaz de Cantu\u00e1ria, que tem como tema \u201cNosso povo, nossa f\u00e9,\" \/>\n\t\t<meta property=\"og:url\" content=\"https:\/\/www.encontracamacari.com.br\/sobre\/rosa-de-saron-traz-tour-latitude-longitude-para-camacari\/\" \/>\n\t\t<meta property=\"article:published_time\" content=\"2013-11-22T10:13:11+00:00\" \/>\n\t\t<meta property=\"article:modified_time\" content=\"2019-04-29T20:48:26+00:00\" \/>\n\t\t<meta name=\"twitter:card\" content=\"summary_large_image\" \/>\n\t\t<meta name=\"twitter:title\" content=\"Rosa de Saron traz Tour Latitude Longitude para Cama\u00e7ari - Encontra Cama\u00e7ari\" \/>\n\t\t<meta name=\"twitter:description\" content=\"A banda Rosa de Saron, uma das mais importantes do cen\u00e1rio crist\u00e3o nacional, traz para Cama\u00e7ari a turn\u00ea do seu novo trabalho, DVD \u201cLatitude Longitude\u201d, dia 24 de novembro, domingo, durante o \u201cAlegrai-vos\u201d, evento em comemora\u00e7\u00e3o ao Jubileu de Ouro da Par\u00f3quia Catedral S\u00e3o Thomaz de Cantu\u00e1ria, que tem como tema \u201cNosso povo, nossa f\u00e9,\" \/>\n\t\t<script type=\"application\/ld+json\" class=\"aioseo-schema\">\n\t\t\t{\"@context\":\"https:\\\/\\\/schema.org\",\"@graph\":[{\"@type\":\"BlogPosting\",\"@id\":\"https:\\\/\\\/www.encontracamacari.com.br\\\/sobre\\\/rosa-de-saron-traz-tour-latitude-longitude-para-camacari\\\/#blogposting\",\"name\":\"Rosa de Saron traz Tour Latitude Longitude para Cama\\u00e7ari - Encontra Cama\\u00e7ari\",\"headline\":\"Rosa de Saron traz Tour Latitude Longitude para Cama\\u00e7ari\",\"author\":{\"@id\":\"https:\\\/\\\/www.encontracamacari.com.br\\\/sobre\\\/author\\\/ecamacari\\\/#author\"},\"publisher\":{\"@id\":\"https:\\\/\\\/www.encontracamacari.com.br\\\/sobre\\\/#organization\"},\"datePublished\":\"2013-11-22T10:13:11+00:00\",\"dateModified\":\"2019-04-29T20:48:26+00:00\",\"inLanguage\":\"pt-BR\",\"mainEntityOfPage\":{\"@id\":\"https:\\\/\\\/www.encontracamacari.com.br\\\/sobre\\\/rosa-de-saron-traz-tour-latitude-longitude-para-camacari\\\/#webpage\"},\"isPartOf\":{\"@id\":\"https:\\\/\\\/www.encontracamacari.com.br\\\/sobre\\\/rosa-de-saron-traz-tour-latitude-longitude-para-camacari\\\/#webpage\"},\"articleSection\":\"Not\\u00edcias Cama\\u00e7ari\"},{\"@type\":\"BreadcrumbList\",\"@id\":\"https:\\\/\\\/www.encontracamacari.com.br\\\/sobre\\\/rosa-de-saron-traz-tour-latitude-longitude-para-camacari\\\/#breadcrumblist\",\"itemListElement\":[{\"@type\":\"ListItem\",\"@id\":\"https:\\\/\\\/www.encontracamacari.com.br\\\/sobre#listItem\",\"position\":1,\"name\":\"Home\",\"item\":\"https:\\\/\\\/www.encontracamacari.com.br\\\/sobre\",\"nextItem\":{\"@type\":\"ListItem\",\"@id\":\"https:\\\/\\\/www.encontracamacari.com.br\\\/sobre\\\/noticias-em-camacari\\\/#listItem\",\"name\":\"Not\\u00edcias Cama\\u00e7ari\"}},{\"@type\":\"ListItem\",\"@id\":\"https:\\\/\\\/www.encontracamacari.com.br\\\/sobre\\\/noticias-em-camacari\\\/#listItem\",\"position\":2,\"name\":\"Not\\u00edcias Cama\\u00e7ari\",\"item\":\"https:\\\/\\\/www.encontracamacari.com.br\\\/sobre\\\/noticias-em-camacari\\\/\",\"nextItem\":{\"@type\":\"ListItem\",\"@id\":\"https:\\\/\\\/www.encontracamacari.com.br\\\/sobre\\\/rosa-de-saron-traz-tour-latitude-longitude-para-camacari\\\/#listItem\",\"name\":\"Rosa de Saron traz Tour Latitude Longitude para Cama\\u00e7ari\"},\"previousItem\":{\"@type\":\"ListItem\",\"@id\":\"https:\\\/\\\/www.encontracamacari.com.br\\\/sobre#listItem\",\"name\":\"Home\"}},{\"@type\":\"ListItem\",\"@id\":\"https:\\\/\\\/www.encontracamacari.com.br\\\/sobre\\\/rosa-de-saron-traz-tour-latitude-longitude-para-camacari\\\/#listItem\",\"position\":3,\"name\":\"Rosa de Saron traz Tour Latitude Longitude para Cama\\u00e7ari\",\"previousItem\":{\"@type\":\"ListItem\",\"@id\":\"https:\\\/\\\/www.encontracamacari.com.br\\\/sobre\\\/noticias-em-camacari\\\/#listItem\",\"name\":\"Not\\u00edcias Cama\\u00e7ari\"}}]},{\"@type\":\"Organization\",\"@id\":\"https:\\\/\\\/www.encontracamacari.com.br\\\/sobre\\\/#organization\",\"name\":\"Encontra Cama\\u00e7ari\",\"description\":\"Not\\u00edcias, eventos, informa\\u00e7\\u00f5es e dicas na cidade de Cama\\u00e7ari e regi\\u00e3o.\",\"url\":\"https:\\\/\\\/www.encontracamacari.com.br\\\/sobre\\\/\"},{\"@type\":\"Person\",\"@id\":\"https:\\\/\\\/www.encontracamacari.com.br\\\/sobre\\\/author\\\/ecamacari\\\/#author\",\"url\":\"https:\\\/\\\/www.encontracamacari.com.br\\\/sobre\\\/author\\\/ecamacari\\\/\",\"name\":\"Encontra Cama\\u00e7ari\",\"image\":{\"@type\":\"ImageObject\",\"@id\":\"https:\\\/\\\/www.encontracamacari.com.br\\\/sobre\\\/rosa-de-saron-traz-tour-latitude-longitude-para-camacari\\\/#authorImage\",\"url\":\"https:\\\/\\\/secure.gravatar.com\\\/avatar\\\/507340682b8270222e1f208e23198b6ae7e2c6a1033ae84e99bc6bce4f82a387?s=96&d=mm&r=g\",\"width\":96,\"height\":96,\"caption\":\"Encontra Cama\\u00e7ari\"}},{\"@type\":\"WebPage\",\"@id\":\"https:\\\/\\\/www.encontracamacari.com.br\\\/sobre\\\/rosa-de-saron-traz-tour-latitude-longitude-para-camacari\\\/#webpage\",\"url\":\"https:\\\/\\\/www.encontracamacari.com.br\\\/sobre\\\/rosa-de-saron-traz-tour-latitude-longitude-para-camacari\\\/\",\"name\":\"Rosa de Saron traz Tour Latitude Longitude para Cama\\u00e7ari - Encontra Cama\\u00e7ari\",\"description\":\"A banda Rosa de Saron, uma das mais importantes do cen\\u00e1rio crist\\u00e3o nacional, traz para Cama\\u00e7ari a turn\\u00ea do seu novo trabalho, DVD \\u201cLatitude Longitude\\u201d, dia 24 de novembro, domingo, durante o \\u201cAlegrai-vos\\u201d, evento em comemora\\u00e7\\u00e3o ao Jubileu de Ouro da Par\\u00f3quia Catedral S\\u00e3o Thomaz de Cantu\\u00e1ria, que tem como tema \\u201cNosso povo, nossa f\\u00e9,\",\"inLanguage\":\"pt-BR\",\"isPartOf\":{\"@id\":\"https:\\\/\\\/www.encontracamacari.com.br\\\/sobre\\\/#website\"},\"breadcrumb\":{\"@id\":\"https:\\\/\\\/www.encontracamacari.com.br\\\/sobre\\\/rosa-de-saron-traz-tour-latitude-longitude-para-camacari\\\/#breadcrumblist\"},\"author\":{\"@id\":\"https:\\\/\\\/www.encontracamacari.com.br\\\/sobre\\\/author\\\/ecamacari\\\/#author\"},\"creator\":{\"@id\":\"https:\\\/\\\/www.encontracamacari.com.br\\\/sobre\\\/author\\\/ecamacari\\\/#author\"},\"datePublished\":\"2013-11-22T10:13:11+00:00\",\"dateModified\":\"2019-04-29T20:48:26+00:00\"},{\"@type\":\"WebSite\",\"@id\":\"https:\\\/\\\/www.encontracamacari.com.br\\\/sobre\\\/#website\",\"url\":\"https:\\\/\\\/www.encontracamacari.com.br\\\/sobre\\\/\",\"name\":\"Encontra Cama\\u00e7ari\",\"description\":\"Not\\u00edcias, eventos, informa\\u00e7\\u00f5es e dicas na cidade de Cama\\u00e7ari e regi\\u00e3o.\",\"inLanguage\":\"pt-BR\",\"publisher\":{\"@id\":\"https:\\\/\\\/www.encontracamacari.com.br\\\/sobre\\\/#organization\"}}]}\n\t\t<\/script>\n\t\t<!-- All in One SEO -->\n\n","aioseo_head_json":{"title":"Rosa de Saron traz Tour Latitude Longitude para Cama\u00e7ari - Encontra Cama\u00e7ari","description":"A banda Rosa de Saron, uma das mais importantes do cen\u00e1rio crist\u00e3o nacional, traz para Cama\u00e7ari a turn\u00ea do seu novo trabalho, DVD \u201cLatitude Longitude\u201d, dia 24 de novembro, domingo, durante o \u201cAlegrai-vos\u201d, evento em comemora\u00e7\u00e3o ao Jubileu de Ouro da Par\u00f3quia Catedral S\u00e3o Thomaz de Cantu\u00e1ria, que tem como tema \u201cNosso povo, nossa f\u00e9,","canonical_url":"https:\/\/www.encontracamacari.com.br\/sobre\/rosa-de-saron-traz-tour-latitude-longitude-para-camacari\/","robots":"max-image-preview:large","keywords":"","webmasterTools":{"miscellaneous":""},"schema":{"@context":"https:\/\/schema.org","@graph":[{"@type":"BlogPosting","@id":"https:\/\/www.encontracamacari.com.br\/sobre\/rosa-de-saron-traz-tour-latitude-longitude-para-camacari\/#blogposting","name":"Rosa de Saron traz Tour Latitude Longitude para Cama\u00e7ari - Encontra Cama\u00e7ari","headline":"Rosa de Saron traz Tour Latitude Longitude para Cama\u00e7ari","author":{"@id":"https:\/\/www.encontracamacari.com.br\/sobre\/author\/ecamacari\/#author"},"publisher":{"@id":"https:\/\/www.encontracamacari.com.br\/sobre\/#organization"},"datePublished":"2013-11-22T10:13:11+00:00","dateModified":"2019-04-29T20:48:26+00:00","inLanguage":"pt-BR","mainEntityOfPage":{"@id":"https:\/\/www.encontracamacari.com.br\/sobre\/rosa-de-saron-traz-tour-latitude-longitude-para-camacari\/#webpage"},"isPartOf":{"@id":"https:\/\/www.encontracamacari.com.br\/sobre\/rosa-de-saron-traz-tour-latitude-longitude-para-camacari\/#webpage"},"articleSection":"Not\u00edcias Cama\u00e7ari"},{"@type":"BreadcrumbList","@id":"https:\/\/www.encontracamacari.com.br\/sobre\/rosa-de-saron-traz-tour-latitude-longitude-para-camacari\/#breadcrumblist","itemListElement":[{"@type":"ListItem","@id":"https:\/\/www.encontracamacari.com.br\/sobre#listItem","position":1,"name":"Home","item":"https:\/\/www.encontracamacari.com.br\/sobre","nextItem":{"@type":"ListItem","@id":"https:\/\/www.encontracamacari.com.br\/sobre\/noticias-em-camacari\/#listItem","name":"Not\u00edcias Cama\u00e7ari"}},{"@type":"ListItem","@id":"https:\/\/www.encontracamacari.com.br\/sobre\/noticias-em-camacari\/#listItem","position":2,"name":"Not\u00edcias Cama\u00e7ari","item":"https:\/\/www.encontracamacari.com.br\/sobre\/noticias-em-camacari\/","nextItem":{"@type":"ListItem","@id":"https:\/\/www.encontracamacari.com.br\/sobre\/rosa-de-saron-traz-tour-latitude-longitude-para-camacari\/#listItem","name":"Rosa de Saron traz Tour Latitude Longitude para Cama\u00e7ari"},"previousItem":{"@type":"ListItem","@id":"https:\/\/www.encontracamacari.com.br\/sobre#listItem","name":"Home"}},{"@type":"ListItem","@id":"https:\/\/www.encontracamacari.com.br\/sobre\/rosa-de-saron-traz-tour-latitude-longitude-para-camacari\/#listItem","position":3,"name":"Rosa de Saron traz Tour Latitude Longitude para Cama\u00e7ari","previousItem":{"@type":"ListItem","@id":"https:\/\/www.encontracamacari.com.br\/sobre\/noticias-em-camacari\/#listItem","name":"Not\u00edcias Cama\u00e7ari"}}]},{"@type":"Organization","@id":"https:\/\/www.encontracamacari.com.br\/sobre\/#organization","name":"Encontra Cama\u00e7ari","description":"Not\u00edcias, eventos, informa\u00e7\u00f5es e dicas na cidade de Cama\u00e7ari e regi\u00e3o.","url":"https:\/\/www.encontracamacari.com.br\/sobre\/"},{"@type":"Person","@id":"https:\/\/www.encontracamacari.com.br\/sobre\/author\/ecamacari\/#author","url":"https:\/\/www.encontracamacari.com.br\/sobre\/author\/ecamacari\/","name":"Encontra Cama\u00e7ari","image":{"@type":"ImageObject","@id":"https:\/\/www.encontracamacari.com.br\/sobre\/rosa-de-saron-traz-tour-latitude-longitude-para-camacari\/#authorImage","url":"https:\/\/secure.gravatar.com\/avatar\/507340682b8270222e1f208e23198b6ae7e2c6a1033ae84e99bc6bce4f82a387?s=96&d=mm&r=g","width":96,"height":96,"caption":"Encontra Cama\u00e7ari"}},{"@type":"WebPage","@id":"https:\/\/www.encontracamacari.com.br\/sobre\/rosa-de-saron-traz-tour-latitude-longitude-para-camacari\/#webpage","url":"https:\/\/www.encontracamacari.com.br\/sobre\/rosa-de-saron-traz-tour-latitude-longitude-para-camacari\/","name":"Rosa de Saron traz Tour Latitude Longitude para Cama\u00e7ari - Encontra Cama\u00e7ari","description":"A banda Rosa de Saron, uma das mais importantes do cen\u00e1rio crist\u00e3o nacional, traz para Cama\u00e7ari a turn\u00ea do seu novo trabalho, DVD \u201cLatitude Longitude\u201d, dia 24 de novembro, domingo, durante o \u201cAlegrai-vos\u201d, evento em comemora\u00e7\u00e3o ao Jubileu de Ouro da Par\u00f3quia Catedral S\u00e3o Thomaz de Cantu\u00e1ria, que tem como tema \u201cNosso povo, nossa f\u00e9,","inLanguage":"pt-BR","isPartOf":{"@id":"https:\/\/www.encontracamacari.com.br\/sobre\/#website"},"breadcrumb":{"@id":"https:\/\/www.encontracamacari.com.br\/sobre\/rosa-de-saron-traz-tour-latitude-longitude-para-camacari\/#breadcrumblist"},"author":{"@id":"https:\/\/www.encontracamacari.com.br\/sobre\/author\/ecamacari\/#author"},"creator":{"@id":"https:\/\/www.encontracamacari.com.br\/sobre\/author\/ecamacari\/#author"},"datePublished":"2013-11-22T10:13:11+00:00","dateModified":"2019-04-29T20:48:26+00:00"},{"@type":"WebSite","@id":"https:\/\/www.encontracamacari.com.br\/sobre\/#website","url":"https:\/\/www.encontracamacari.com.br\/sobre\/","name":"Encontra Cama\u00e7ari","description":"Not\u00edcias, eventos, informa\u00e7\u00f5es e dicas na cidade de Cama\u00e7ari e regi\u00e3o.","inLanguage":"pt-BR","publisher":{"@id":"https:\/\/www.encontracamacari.com.br\/sobre\/#organization"}}]},"og:locale":"pt_BR","og:site_name":"Encontra Cama\u00e7ari - Not\u00edcias, eventos, informa\u00e7\u00f5es e dicas na cidade de Cama\u00e7ari e regi\u00e3o.","og:type":"article","og:title":"Rosa de Saron traz Tour Latitude Longitude para Cama\u00e7ari - Encontra Cama\u00e7ari","og:description":"A banda Rosa de Saron, uma das mais importantes do cen\u00e1rio crist\u00e3o nacional, traz para Cama\u00e7ari a turn\u00ea do seu novo trabalho, DVD \u201cLatitude Longitude\u201d, dia 24 de novembro, domingo, durante o \u201cAlegrai-vos\u201d, evento em comemora\u00e7\u00e3o ao Jubileu de Ouro da Par\u00f3quia Catedral S\u00e3o Thomaz de Cantu\u00e1ria, que tem como tema \u201cNosso povo, nossa f\u00e9,","og:url":"https:\/\/www.encontracamacari.com.br\/sobre\/rosa-de-saron-traz-tour-latitude-longitude-para-camacari\/","article:published_time":"2013-11-22T10:13:11+00:00","article:modified_time":"2019-04-29T20:48:26+00:00","twitter:card":"summary_large_image","twitter:title":"Rosa de Saron traz Tour Latitude Longitude para Cama\u00e7ari - Encontra Cama\u00e7ari","twitter:description":"A banda Rosa de Saron, uma das mais importantes do cen\u00e1rio crist\u00e3o nacional, traz para Cama\u00e7ari a turn\u00ea do seu novo trabalho, DVD \u201cLatitude Longitude\u201d, dia 24 de novembro, domingo, durante o \u201cAlegrai-vos\u201d, evento em comemora\u00e7\u00e3o ao Jubileu de Ouro da Par\u00f3quia Catedral S\u00e3o Thomaz de Cantu\u00e1ria, que tem como tema \u201cNosso povo, nossa f\u00e9,"},"aioseo_meta_data":{"post_id":"45","title":null,"description":null,"keywords":null,"keyphrases":null,"primary_term":null,"canonical_url":null,"og_title":null,"og_description":null,"og_object_type":"default","og_image_type":"default","og_image_url":null,"og_image_width":null,"og_image_height":null,"og_image_custom_url":null,"og_image_custom_fields":null,"og_video":null,"og_custom_url":null,"og_article_section":null,"og_article_tags":null,"twitter_use_og":false,"twitter_card":"default","twitter_image_type":"default","twitter_image_url":null,"twitter_image_custom_url":null,"twitter_image_custom_fields":null,"twitter_title":null,"twitter_description":null,"schema":{"blockGraphs":[],"customGraphs":[],"default":{"data":{"Article":[],"Course":[],"Dataset":[],"FAQPage":[],"Movie":[],"Person":[],"Product":[],"ProductReview":[],"Car":[],"Recipe":[],"Service":[],"SoftwareApplication":[],"WebPage":[]},"graphName":"BlogPosting","isEnabled":true},"graphs":[]},"schema_type":"default","schema_type_options":null,"pillar_content":false,"robots_default":true,"robots_noindex":false,"robots_noarchive":false,"robots_nosnippet":false,"robots_nofollow":false,"robots_noimageindex":false,"robots_noodp":false,"robots_notranslate":false,"robots_max_snippet":null,"robots_max_videopreview":null,"robots_max_imagepreview":"large","priority":null,"frequency":null,"local_seo":null,"limit_modified_date":false,"created":"2022-09-09 18:45:11","updated":"2026-08-05 23:22:15","focus_keyword":null,"additional_keywords":null,"truseo_locale":null,"ai":null,"breadcrumb_settings":null,"seo_analyzer_scan_date":null},"aioseo_breadcrumb":"<div class=\"aioseo-breadcrumbs\"><span class=\"aioseo-breadcrumb\">\n\t\t\t<a href=\"https:\/\/www.encontracamacari.com.br\/sobre\" title=\"Home\">Home<\/a>\n\t\t<\/span><span class=\"aioseo-breadcrumb-separator\">&raquo;<\/span><span class=\"aioseo-breadcrumb\">\n\t\t\t<a href=\"https:\/\/www.encontracamacari.com.br\/sobre\/noticias-em-camacari\/\" title=\"Not\u00edcias Cama\u00e7ari\">Not\u00edcias Cama\u00e7ari<\/a>\n\t\t<\/span><span class=\"aioseo-breadcrumb-separator\">&raquo;<\/span><span class=\"aioseo-breadcrumb\">\n\t\t\tRosa de Saron traz Tour Latitude Longitude para Cama\u00e7ari\n\t\t<\/span><\/div>","aioseo_breadcrumb_json":[{"label":"Home","link":"https:\/\/www.encontracamacari.com.br\/sobre"},{"label":"Not\u00edcias Cama\u00e7ari","link":"https:\/\/www.encontracamacari.com.br\/sobre\/noticias-em-camacari\/"},{"label":"Rosa de Saron traz Tour Latitude Longitude para Cama\u00e7ari","link":"https:\/\/www.encontracamacari.com.br\/sobre\/rosa-de-saron-traz-tour-latitude-longitude-para-camacari\/"}],"_links":{"self":[{"href":"https:\/\/www.encontracamacari.com.br\/sobre\/wp-json\/wp\/v2\/posts\/45","targetHints":{"allow":["GET"]}}],"collection":[{"href":"https:\/\/www.encontracamacari.com.br\/sobre\/wp-json\/wp\/v2\/posts"}],"about":[{"href":"https:\/\/www.encontracamacari.com.br\/sobre\/wp-json\/wp\/v2\/types\/post"}],"author":[{"embeddable":true,"href":"https:\/\/www.encontracamacari.com.br\/sobre\/wp-json\/wp\/v2\/users\/1"}],"replies":[{"embeddable":true,"href":"https:\/\/www.encontracamacari.com.br\/sobre\/wp-json\/wp\/v2\/comments?post=45"}],"version-history":[{"count":3,"href":"https:\/\/www.encontracamacari.com.br\/sobre\/wp-json\/wp\/v2\/posts\/45\/revisions"}],"predecessor-version":[{"id":156,"href":"https:\/\/www.encontracamacari.com.br\/sobre\/wp-json\/wp\/v2\/posts\/45\/revisions\/156"}],"wp:attachment":[{"href":"https:\/\/www.encontracamacari.com.br\/sobre\/wp-json\/wp\/v2\/media?parent=45"}],"wp:term":[{"taxonomy":"category","embeddable":true,"href":"https:\/\/www.encontracamacari.com.br\/sobre\/wp-json\/wp\/v2\/categories?post=45"},{"taxonomy":"post_tag","embeddable":true,"href":"https:\/\/www.encontracamacari.com.br\/sobre\/wp-json\/wp\/v2\/tags?post=45"}],"curies":[{"name":"wp","href":"https:\/\/api.w.org\/{rel}","templated":true}]}}