{"id":399,"date":"2025-11-26T15:06:00","date_gmt":"2025-11-26T15:06:00","guid":{"rendered":"https:\/\/www.encontracamacari.com.br\/sobre\/shopping-de-camacari-realiza-concurso-de-beleza-negra-com-programacao-cultural-saiba-mais\/"},"modified":"2025-11-26T15:06:00","modified_gmt":"2025-11-26T15:06:00","slug":"shopping-de-camacari-realiza-concurso-de-beleza-negra-com-programacao-cultural-saiba-mais","status":"publish","type":"post","link":"https:\/\/www.encontracamacari.com.br\/sobre\/shopping-de-camacari-realiza-concurso-de-beleza-negra-com-programacao-cultural-saiba-mais\/","title":{"rendered":"Shopping de Cama\u00e7ari realiza concurso de beleza negra com programa\u00e7\u00e3o cultural; saiba mais"},"content":{"rendered":"<div class=\"2410bb7248a64bb1f71103797e0f239b\" data-index=\"1\" style=\"float: none; margin:0px;\">\n<ins class=\"adsbygoogle\"\r\n     style=\"display:block\"\r\n     data-ad-client=\"ca-pub-8585364105181520\"\r\n     data-ad-slot=\"8789329856\"\r\n     data-ad-format=\"auto\"\r\n     data-full-width-responsive=\"true\"><\/ins>\r\n<script>\r\n     (adsbygoogle = window.adsbygoogle || []).push({});\r\n<\/script>\n<\/div>\n<h2>Data e Local do Concurso<\/h2>\n<p>O concurso de beleza negra intitulado &#8220;Beleza Negra&#8221; ocorrer\u00e1 entre os dias <strong>26 e 30 de novembro de 2025<\/strong>, no shopping Busca Vida, situado em Cama\u00e7ari, uma cidade localizada na Regi\u00e3o Metropolitana de Salvador, Bahia. Este evento foi pensado para celebrar a diversidade da beleza negra, proporcionando um espa\u00e7o para que candidatos e candidatas possam mostrar sua singularidade e talento em um ambiente acolhedor e inclusivo. O shopping, que serve como ponto de encontro para moradores e visitantes, garantir\u00e1 uma estrutura adequada para a realiza\u00e7\u00e3o das atividades programadas, incluindo a grande final que acontecer\u00e1 no dia 30 de novembro \u00e0s 18h.<\/p>\n<h2>Inscri\u00e7\u00f5es Abertas at\u00e9 25 de Novembro<\/h2>\n<p>As inscri\u00e7\u00f5es para participar do concurso estar\u00e3o abertas at\u00e9 o <strong>dia 25 de novembro de 2025<\/strong>. Para se inscrever, os candidatos devem preencher um formul\u00e1rio online, que pode ser acessado atrav\u00e9s do site oficial do shopping. \u00c9 importante ressaltar que este concurso \u00e9 voltado para maiores de 16 anos que se autodeclaram pretos ou pardos. Para os menores de idade, \u00e9 necess\u00e1rio obter autoriza\u00e7\u00e3o dos pais ou respons\u00e1veis por meio de um termo de autoriza\u00e7\u00e3o, assegurando que os jovens possam participar de maneira segura e legal. Este processo de inscri\u00e7\u00e3o visa garantir que todos os participantes tenham a oportunidade de destacar-se, independentemente de sua trajet\u00f3ria ou experi\u00eancia pr\u00e9via.<\/p>\n<h2>Premia\u00e7\u00e3o: R$ 1.000 em Vale Compras<\/h2>\n<p>Os vencedores do concurso ser\u00e3o agraciados com uma premia\u00e7\u00e3o especial que inclui <strong>R$ 1.000 em vale compras<\/strong> cada, tanto para a categoria feminina quanto para a masculina. Isso n\u00e3o apenas representa um reconhecimento pelo esfor\u00e7o e dedica\u00e7\u00e3o dos participantes, mas tamb\u00e9m incentiva a valoriza\u00e7\u00e3o do com\u00e9rcio local, j\u00e1 que os vales s\u00e3o utilizados nas lojas do shopping. Essa iniciativa almeja n\u00e3o apenas reconhecer os talentos, mas tamb\u00e9m promover o fortalecimento da economia local, incentivando os consumidores a conhecerem e valorizarem os produtos e servi\u00e7os dispon\u00edveis na regi\u00e3o.<\/p>\n<p><img decoding=\"async\" src=\"https:\/\/www.encontracamacari.com.br\/sobre\/wp-content\/uploads\/2025\/12\/shopping-de-camacari-realiza-concurso-de-beleza-negra-com-programacao-cultural-saiba-mais.webp\" alt=\"concurso de beleza negra\" loading=\"lazy\" \/><\/p>\n<h2>Programa\u00e7\u00e3o Cultural Durante o Evento<\/h2>\n<p>Al\u00e9m do concurso de beleza, o evento contar\u00e1 com uma vasta <strong>programa\u00e7\u00e3o cultural<\/strong> que ocorrer\u00e1 durante todo o per\u00edodo de 26 a 30 de novembro. Os visitantes poder\u00e3o participar de oficinas e desfrutar de apresenta\u00e7\u00f5es culturais, incluindo performances de grupos de percuss\u00e3o provenientes de Vila de Abrantes. Outras atividades culturais, como exibi\u00e7\u00f5es de dan\u00e7as, rodas de conversa e exposi\u00e7\u00f5es art\u00edsticas, tamb\u00e9m est\u00e3o programadas, proporcionando uma rica experi\u00eancia cultural para todos os presentes. Essa diversidade de atividades visa celebrar a cultura negra em suas m\u00faltiplas manifesta\u00e7\u00f5es e promover a inclus\u00e3o e a igualdade.<\/p>\n<h2>Pr\u00e9-Seletivas do Concurso<\/h2>\n<p>As etapas preliminares do concurso, conhecidas como <strong>pr\u00e9-seletivas<\/strong>, ocorrer\u00e3o entre os dias 26 e 28 de novembro. Durante esses dias, os participantes inscritos passar\u00e3o por ensaios e avalia\u00e7\u00f5es que definir\u00e3o quem avan\u00e7ar\u00e1 para a semifinal do evento. Essa fase \u00e9 crucial, pois permite que os jurados conhe\u00e7am mais sobre os talentos dos concorrentes e que os participantes se preparem para a semifinal. Os ensaios ajudar\u00e3o a aprimorar as apresenta\u00e7\u00f5es e a confian\u00e7a dos candidatos, assegurando que todos cheguem \u00e0 semifinal prontos para mostrar o melhor de si.<\/p><div class=\"2410bb7248a64bb1f71103797e0f239b\" data-index=\"2\" style=\"float: none; margin:0px;\">\n<ins class=\"adsbygoogle\"\r\n     style=\"display:block; text-align:center;\"\r\n     data-ad-layout=\"in-article\"\r\n     data-ad-format=\"fluid\"\r\n     data-ad-client=\"ca-pub-8585364105181520\"\r\n     data-ad-slot=\"2899217073\"><\/ins>\r\n<script>\r\n     (adsbygoogle = window.adsbygoogle || []).push({});\r\n<\/script>\r\n\r\n<\/br><\/br>\n<\/div>\n\n<h2>Participa\u00e7\u00e3o de Menores: Requisitos e Autoriza\u00e7\u00e3o<\/h2>\n<p>Para os menores de 16 anos que desejam participar, h\u00e1 requisitos espec\u00edficos que precisam ser atendidos. \u00c9 necess\u00e1rio que um dos pais ou respons\u00e1veis legais preencha um <strong>termo de autoriza\u00e7\u00e3o<\/strong> que permita a participa\u00e7\u00e3o do jovem no concurso. Essa medida garante a prote\u00e7\u00e3o legal dos participantes e assegura que a fam\u00edlia esteja ciente e de acordo com a participa\u00e7\u00e3o dos menores em um evento p\u00fablico. Este cuidado refor\u00e7a o compromisso do evento em criar um espa\u00e7o seguro e respons\u00e1vel para todos os envolvidos, especialmente para os jovens talentos.<\/p>\n<h2>Final do Concurso: O Grande Dia<\/h2>\n<p>A final do &#8220;Beleza Negra&#8221; ocorrer\u00e1 no dia <strong>30 de novembro \u00e0s 18h<\/strong>. Neste dia, os candidatos selecionados apresentar\u00e3o suas habilidades e carisma em busca do t\u00edtulo nas categorias feminina e masculina. Essa grande noite ser\u00e1 marcada por emo\u00e7\u00e3o, competi\u00e7\u00e3o saud\u00e1vel e a celebra\u00e7\u00e3o da diversidade. Os jurados, que s\u00e3o figuras reconhecidas em \u00e1reas como moda e cultura, avaliar\u00e3o os participantes com base em crit\u00e9rios como presen\u00e7a de palco, criatividade e a capacidade de expressar a beleza e a cultura negra de maneira aut\u00eantica. O evento promete n\u00e3o apenas resgatar a autoestima e a confian\u00e7a dos participantes, mas tamb\u00e9m inspirar o p\u00fablico presente.<\/p>\n<h2>Import\u00e2ncia da Representatividade<\/h2>\n<p>O concurso &#8220;Beleza Negra&#8221; \u00e9 mais do que uma competi\u00e7\u00e3o de beleza; \u00e9 uma plataforma que visa promover a <strong>representatividade<\/strong> da popula\u00e7\u00e3o negra na sociedade. Em um mundo que frequentemente valoriza padr\u00f5es de beleza euroc\u00eantricos, iniciativas como essa s\u00e3o fundamentais para reafirmar a autoestima e a valoriza\u00e7\u00e3o de identidades diversas. A representatividade no mundo da moda e da beleza ajuda a desconstruir estere\u00f3tipos e a criar um ambiente em que diferentes formas de beleza s\u00e3o celebradas e respeitadas. Atrav\u00e9s deste concurso, os participantes n\u00e3o apenas competem, mas tamb\u00e9m se tornam agentes de mudan\u00e7a social, inspirando jovens e adultos a se aceitarem e a se valorizarem como fazem parte de uma rica e diversificada heran\u00e7a cultural.<\/p>\n<h2>Dicas para os Participantes<\/h2>\n<p>Para os interessados em participar do concurso, algumas dicas pr\u00e1ticas podem ser extremamente \u00fateis na prepara\u00e7\u00e3o:<\/p>\n<ul>\n<li><strong>Seja Aut\u00eantico:<\/strong> \u00c9 fundamental que cada participante mostre sua verdadeira ess\u00eancia. A autenticidade \u00e9 uma qualidade apreciada e pode ser decisiva na avalia\u00e7\u00e3o dos jurados.<\/li>\n<li><strong>Prepare-se para a Apresenta\u00e7\u00e3o:<\/strong> Ensaiar e se preparar para a apresenta\u00e7\u00e3o \u00e9 essencial. Isso inclui n\u00e3o apenas a forma como voc\u00ea se apresenta, mas tamb\u00e9m como se comunica com o p\u00fablico e os jurados.<\/li>\n<li><strong>Valorize a Express\u00e3o Pessoal:<\/strong> Utilize a moda e a beleza como instrumentos de express\u00e3o pessoal. Escolhas de vestu\u00e1rio e maquiagem que reflitam sua heran\u00e7a cultural s\u00e3o sempre bem-vindas.<\/li>\n<li><strong>Cuide da Sa\u00fade e Bem-Estar:<\/strong> Durante o processo de prepara\u00e7\u00e3o, \u00e9 importante manter-se saud\u00e1vel e bem disposto. Isso inclui alimenta\u00e7\u00e3o balanceada, exerc\u00edcios e descanso adequado.<\/li>\n<\/ul>\n<p>Seguindo essas dicas, os participantes podem aumentar suas chances de sucesso e aproveitar ao m\u00e1ximo a experi\u00eancia do evento.<\/p>\n<h2>Expectativas para o Evento<\/h2>\n<p>Com a proximidade do grande dia, as expectativas s\u00e3o altas. Muitos esperam que o concurso n\u00e3o s\u00f3 celebre a beleza negra, mas tamb\u00e9m contribua para uma mudan\u00e7a positiva na sociedade e inspire outros eventos semelhantes no futuro. \u00c9 uma chance perfeita para a comunidade se reunir, celebrar suas ra\u00edzes e apoiar uns aos outros em um espa\u00e7o seguro e acolhedor. As apresenta\u00e7\u00f5es prometem ser memor\u00e1veis, com participantes demonstrando n\u00e3o apenas beleza, mas tamb\u00e9m talento e carisma. Ao final do evento, o que mais ficar\u00e1 marcado na mem\u00f3ria dos presentes ser\u00e1 a celebra\u00e7\u00e3o da diversidade e a uni\u00e3o de todas as vozes participantes em torno de um objetivo comum: a valoriza\u00e7\u00e3o da beleza negra.<\/p>\n<div class=\"2410bb7248a64bb1f71103797e0f239b\" data-index=\"3\" style=\"float: none; margin:0px;\">\n<\/br><\/br>\r\n\r\n<ins class=\"adsbygoogle\"\r\n     style=\"display:block\"\r\n     data-ad-format=\"fluid\"\r\n     data-ad-layout-key=\"-63+do+n-1s+9e\"\r\n     data-ad-client=\"ca-pub-8585364105181520\"\r\n     data-ad-slot=\"6838462089\"><\/ins>\r\n<script>\r\n     (adsbygoogle = window.adsbygoogle || []).push({});\r\n<\/script>\n<\/div>\n\n<div style=\"font-size: 0px; height: 0px; line-height: 0px; margin: 0; padding: 0; clear: both;\"><\/div>","protected":false},"excerpt":{"rendered":"<p>Concurso de beleza negra em Cama\u00e7ari promete talento e diversidade.<\/p>\n","protected":false},"author":1,"featured_media":398,"comment_status":"open","ping_status":"closed","sticky":false,"template":"","format":"standard","meta":{"footnotes":""},"categories":[1],"tags":[],"class_list":["post-399","post","type-post","status-publish","format-standard","has-post-thumbnail","hentry","category-noticias-em-camacari","has_thumb"],"aioseo_notices":[],"aioseo_head":"\n\t\t<!-- All in One SEO 5.0.0.1 - aioseo.com -->\n\t<meta name=\"description\" content=\"Concurso de beleza negra em Cama\u00e7ari promete talento e diversidade.\" \/>\n\t<meta name=\"robots\" content=\"max-image-preview:large\" \/>\n\t<meta name=\"author\" content=\"Encontra Cama\u00e7ari\"\/>\n\t<link rel=\"canonical\" href=\"https:\/\/www.encontracamacari.com.br\/sobre\/shopping-de-camacari-realiza-concurso-de-beleza-negra-com-programacao-cultural-saiba-mais\/\" \/>\n\t<meta name=\"generator\" content=\"All in One SEO (AIOSEO) 5.0.0.1\" \/>\n\t\t<meta property=\"og:locale\" content=\"pt_BR\" \/>\n\t\t<meta property=\"og:site_name\" content=\"Encontra Cama\u00e7ari - Not\u00edcias, eventos, informa\u00e7\u00f5es e dicas na cidade de Cama\u00e7ari e regi\u00e3o.\" \/>\n\t\t<meta property=\"og:type\" content=\"article\" \/>\n\t\t<meta property=\"og:title\" content=\"Shopping de Cama\u00e7ari realiza concurso de beleza negra com programa\u00e7\u00e3o cultural; saiba mais - Encontra Cama\u00e7ari\" \/>\n\t\t<meta property=\"og:description\" content=\"Concurso de beleza negra em Cama\u00e7ari promete talento e diversidade.\" \/>\n\t\t<meta property=\"og:url\" content=\"https:\/\/www.encontracamacari.com.br\/sobre\/shopping-de-camacari-realiza-concurso-de-beleza-negra-com-programacao-cultural-saiba-mais\/\" \/>\n\t\t<meta property=\"article:published_time\" content=\"2025-11-26T15:06:00+00:00\" \/>\n\t\t<meta property=\"article:modified_time\" content=\"2025-11-26T15:06:00+00:00\" \/>\n\t\t<meta name=\"twitter:card\" content=\"summary_large_image\" \/>\n\t\t<meta name=\"twitter:title\" content=\"Shopping de Cama\u00e7ari realiza concurso de beleza negra com programa\u00e7\u00e3o cultural; saiba mais - Encontra Cama\u00e7ari\" \/>\n\t\t<meta name=\"twitter:description\" content=\"Concurso de beleza negra em Cama\u00e7ari promete talento e diversidade.\" \/>\n\t\t<script type=\"application\/ld+json\" class=\"aioseo-schema\">\n\t\t\t{\"@context\":\"https:\\\/\\\/schema.org\",\"@graph\":[{\"@type\":\"BlogPosting\",\"@id\":\"https:\\\/\\\/www.encontracamacari.com.br\\\/sobre\\\/shopping-de-camacari-realiza-concurso-de-beleza-negra-com-programacao-cultural-saiba-mais\\\/#blogposting\",\"name\":\"Shopping de Cama\\u00e7ari realiza concurso de beleza negra com programa\\u00e7\\u00e3o cultural; saiba mais - Encontra Cama\\u00e7ari\",\"headline\":\"Shopping de Cama\\u00e7ari realiza concurso de beleza negra com programa\\u00e7\\u00e3o cultural; saiba mais\",\"author\":{\"@id\":\"https:\\\/\\\/www.encontracamacari.com.br\\\/sobre\\\/author\\\/ecamacari\\\/#author\"},\"publisher\":{\"@id\":\"https:\\\/\\\/www.encontracamacari.com.br\\\/sobre\\\/#organization\"},\"image\":{\"@type\":\"ImageObject\",\"url\":\"https:\\\/\\\/www.encontracamacari.com.br\\\/sobre\\\/wp-content\\\/uploads\\\/2025\\\/12\\\/shopping-de-camacari-realiza-concurso-de-beleza-negra-com-programacao-cultural-saiba-mais.webp\",\"width\":320,\"height\":280,\"caption\":\"concurso de beleza negra\"},\"datePublished\":\"2025-11-26T15:06:00+00:00\",\"dateModified\":\"2025-11-26T15:06:00+00:00\",\"inLanguage\":\"pt-BR\",\"mainEntityOfPage\":{\"@id\":\"https:\\\/\\\/www.encontracamacari.com.br\\\/sobre\\\/shopping-de-camacari-realiza-concurso-de-beleza-negra-com-programacao-cultural-saiba-mais\\\/#webpage\"},\"isPartOf\":{\"@id\":\"https:\\\/\\\/www.encontracamacari.com.br\\\/sobre\\\/shopping-de-camacari-realiza-concurso-de-beleza-negra-com-programacao-cultural-saiba-mais\\\/#webpage\"},\"articleSection\":\"Not\\u00edcias Cama\\u00e7ari\"},{\"@type\":\"BreadcrumbList\",\"@id\":\"https:\\\/\\\/www.encontracamacari.com.br\\\/sobre\\\/shopping-de-camacari-realiza-concurso-de-beleza-negra-com-programacao-cultural-saiba-mais\\\/#breadcrumblist\",\"itemListElement\":[{\"@type\":\"ListItem\",\"@id\":\"https:\\\/\\\/www.encontracamacari.com.br\\\/sobre#listItem\",\"position\":1,\"name\":\"Home\",\"item\":\"https:\\\/\\\/www.encontracamacari.com.br\\\/sobre\",\"nextItem\":{\"@type\":\"ListItem\",\"@id\":\"https:\\\/\\\/www.encontracamacari.com.br\\\/sobre\\\/noticias-em-camacari\\\/#listItem\",\"name\":\"Not\\u00edcias Cama\\u00e7ari\"}},{\"@type\":\"ListItem\",\"@id\":\"https:\\\/\\\/www.encontracamacari.com.br\\\/sobre\\\/noticias-em-camacari\\\/#listItem\",\"position\":2,\"name\":\"Not\\u00edcias Cama\\u00e7ari\",\"item\":\"https:\\\/\\\/www.encontracamacari.com.br\\\/sobre\\\/noticias-em-camacari\\\/\",\"nextItem\":{\"@type\":\"ListItem\",\"@id\":\"https:\\\/\\\/www.encontracamacari.com.br\\\/sobre\\\/shopping-de-camacari-realiza-concurso-de-beleza-negra-com-programacao-cultural-saiba-mais\\\/#listItem\",\"name\":\"Shopping de Cama\\u00e7ari realiza concurso de beleza negra com programa\\u00e7\\u00e3o cultural; saiba mais\"},\"previousItem\":{\"@type\":\"ListItem\",\"@id\":\"https:\\\/\\\/www.encontracamacari.com.br\\\/sobre#listItem\",\"name\":\"Home\"}},{\"@type\":\"ListItem\",\"@id\":\"https:\\\/\\\/www.encontracamacari.com.br\\\/sobre\\\/shopping-de-camacari-realiza-concurso-de-beleza-negra-com-programacao-cultural-saiba-mais\\\/#listItem\",\"position\":3,\"name\":\"Shopping de Cama\\u00e7ari realiza concurso de beleza negra com programa\\u00e7\\u00e3o cultural; saiba mais\",\"previousItem\":{\"@type\":\"ListItem\",\"@id\":\"https:\\\/\\\/www.encontracamacari.com.br\\\/sobre\\\/noticias-em-camacari\\\/#listItem\",\"name\":\"Not\\u00edcias Cama\\u00e7ari\"}}]},{\"@type\":\"Organization\",\"@id\":\"https:\\\/\\\/www.encontracamacari.com.br\\\/sobre\\\/#organization\",\"name\":\"Encontra Cama\\u00e7ari\",\"description\":\"Not\\u00edcias, eventos, informa\\u00e7\\u00f5es e dicas na cidade de Cama\\u00e7ari e regi\\u00e3o.\",\"url\":\"https:\\\/\\\/www.encontracamacari.com.br\\\/sobre\\\/\"},{\"@type\":\"Person\",\"@id\":\"https:\\\/\\\/www.encontracamacari.com.br\\\/sobre\\\/author\\\/ecamacari\\\/#author\",\"url\":\"https:\\\/\\\/www.encontracamacari.com.br\\\/sobre\\\/author\\\/ecamacari\\\/\",\"name\":\"Encontra Cama\\u00e7ari\",\"image\":{\"@type\":\"ImageObject\",\"@id\":\"https:\\\/\\\/www.encontracamacari.com.br\\\/sobre\\\/shopping-de-camacari-realiza-concurso-de-beleza-negra-com-programacao-cultural-saiba-mais\\\/#authorImage\",\"url\":\"https:\\\/\\\/secure.gravatar.com\\\/avatar\\\/507340682b8270222e1f208e23198b6ae7e2c6a1033ae84e99bc6bce4f82a387?s=96&d=mm&r=g\",\"width\":96,\"height\":96,\"caption\":\"Encontra Cama\\u00e7ari\"}},{\"@type\":\"WebPage\",\"@id\":\"https:\\\/\\\/www.encontracamacari.com.br\\\/sobre\\\/shopping-de-camacari-realiza-concurso-de-beleza-negra-com-programacao-cultural-saiba-mais\\\/#webpage\",\"url\":\"https:\\\/\\\/www.encontracamacari.com.br\\\/sobre\\\/shopping-de-camacari-realiza-concurso-de-beleza-negra-com-programacao-cultural-saiba-mais\\\/\",\"name\":\"Shopping de Cama\\u00e7ari realiza concurso de beleza negra com programa\\u00e7\\u00e3o cultural; saiba mais - Encontra Cama\\u00e7ari\",\"description\":\"Concurso de beleza negra em Cama\\u00e7ari promete talento e diversidade.\",\"inLanguage\":\"pt-BR\",\"isPartOf\":{\"@id\":\"https:\\\/\\\/www.encontracamacari.com.br\\\/sobre\\\/#website\"},\"breadcrumb\":{\"@id\":\"https:\\\/\\\/www.encontracamacari.com.br\\\/sobre\\\/shopping-de-camacari-realiza-concurso-de-beleza-negra-com-programacao-cultural-saiba-mais\\\/#breadcrumblist\"},\"author\":{\"@id\":\"https:\\\/\\\/www.encontracamacari.com.br\\\/sobre\\\/author\\\/ecamacari\\\/#author\"},\"creator\":{\"@id\":\"https:\\\/\\\/www.encontracamacari.com.br\\\/sobre\\\/author\\\/ecamacari\\\/#author\"},\"image\":{\"@type\":\"ImageObject\",\"url\":\"https:\\\/\\\/www.encontracamacari.com.br\\\/sobre\\\/wp-content\\\/uploads\\\/2025\\\/12\\\/shopping-de-camacari-realiza-concurso-de-beleza-negra-com-programacao-cultural-saiba-mais.webp\",\"@id\":\"https:\\\/\\\/www.encontracamacari.com.br\\\/sobre\\\/shopping-de-camacari-realiza-concurso-de-beleza-negra-com-programacao-cultural-saiba-mais\\\/#mainImage\",\"width\":320,\"height\":280,\"caption\":\"concurso de beleza negra\"},\"primaryImageOfPage\":{\"@id\":\"https:\\\/\\\/www.encontracamacari.com.br\\\/sobre\\\/shopping-de-camacari-realiza-concurso-de-beleza-negra-com-programacao-cultural-saiba-mais\\\/#mainImage\"},\"datePublished\":\"2025-11-26T15:06:00+00:00\",\"dateModified\":\"2025-11-26T15:06:00+00:00\"},{\"@type\":\"WebSite\",\"@id\":\"https:\\\/\\\/www.encontracamacari.com.br\\\/sobre\\\/#website\",\"url\":\"https:\\\/\\\/www.encontracamacari.com.br\\\/sobre\\\/\",\"name\":\"Encontra Cama\\u00e7ari\",\"description\":\"Not\\u00edcias, eventos, informa\\u00e7\\u00f5es e dicas na cidade de Cama\\u00e7ari e regi\\u00e3o.\",\"inLanguage\":\"pt-BR\",\"publisher\":{\"@id\":\"https:\\\/\\\/www.encontracamacari.com.br\\\/sobre\\\/#organization\"}}]}\n\t\t<\/script>\n\t\t<!-- All in One SEO -->\n\n","aioseo_head_json":{"title":"Shopping de Cama\u00e7ari realiza concurso de beleza negra com programa\u00e7\u00e3o cultural; saiba mais - Encontra Cama\u00e7ari","description":"Concurso de beleza negra em Cama\u00e7ari promete talento e diversidade.","canonical_url":"https:\/\/www.encontracamacari.com.br\/sobre\/shopping-de-camacari-realiza-concurso-de-beleza-negra-com-programacao-cultural-saiba-mais\/","robots":"max-image-preview:large","keywords":"","webmasterTools":{"miscellaneous":""},"schema":{"@context":"https:\/\/schema.org","@graph":[{"@type":"BlogPosting","@id":"https:\/\/www.encontracamacari.com.br\/sobre\/shopping-de-camacari-realiza-concurso-de-beleza-negra-com-programacao-cultural-saiba-mais\/#blogposting","name":"Shopping de Cama\u00e7ari realiza concurso de beleza negra com programa\u00e7\u00e3o cultural; saiba mais - Encontra Cama\u00e7ari","headline":"Shopping de Cama\u00e7ari realiza concurso de beleza negra com programa\u00e7\u00e3o cultural; saiba mais","author":{"@id":"https:\/\/www.encontracamacari.com.br\/sobre\/author\/ecamacari\/#author"},"publisher":{"@id":"https:\/\/www.encontracamacari.com.br\/sobre\/#organization"},"image":{"@type":"ImageObject","url":"https:\/\/www.encontracamacari.com.br\/sobre\/wp-content\/uploads\/2025\/12\/shopping-de-camacari-realiza-concurso-de-beleza-negra-com-programacao-cultural-saiba-mais.webp","width":320,"height":280,"caption":"concurso de beleza negra"},"datePublished":"2025-11-26T15:06:00+00:00","dateModified":"2025-11-26T15:06:00+00:00","inLanguage":"pt-BR","mainEntityOfPage":{"@id":"https:\/\/www.encontracamacari.com.br\/sobre\/shopping-de-camacari-realiza-concurso-de-beleza-negra-com-programacao-cultural-saiba-mais\/#webpage"},"isPartOf":{"@id":"https:\/\/www.encontracamacari.com.br\/sobre\/shopping-de-camacari-realiza-concurso-de-beleza-negra-com-programacao-cultural-saiba-mais\/#webpage"},"articleSection":"Not\u00edcias Cama\u00e7ari"},{"@type":"BreadcrumbList","@id":"https:\/\/www.encontracamacari.com.br\/sobre\/shopping-de-camacari-realiza-concurso-de-beleza-negra-com-programacao-cultural-saiba-mais\/#breadcrumblist","itemListElement":[{"@type":"ListItem","@id":"https:\/\/www.encontracamacari.com.br\/sobre#listItem","position":1,"name":"Home","item":"https:\/\/www.encontracamacari.com.br\/sobre","nextItem":{"@type":"ListItem","@id":"https:\/\/www.encontracamacari.com.br\/sobre\/noticias-em-camacari\/#listItem","name":"Not\u00edcias Cama\u00e7ari"}},{"@type":"ListItem","@id":"https:\/\/www.encontracamacari.com.br\/sobre\/noticias-em-camacari\/#listItem","position":2,"name":"Not\u00edcias Cama\u00e7ari","item":"https:\/\/www.encontracamacari.com.br\/sobre\/noticias-em-camacari\/","nextItem":{"@type":"ListItem","@id":"https:\/\/www.encontracamacari.com.br\/sobre\/shopping-de-camacari-realiza-concurso-de-beleza-negra-com-programacao-cultural-saiba-mais\/#listItem","name":"Shopping de Cama\u00e7ari realiza concurso de beleza negra com programa\u00e7\u00e3o cultural; saiba mais"},"previousItem":{"@type":"ListItem","@id":"https:\/\/www.encontracamacari.com.br\/sobre#listItem","name":"Home"}},{"@type":"ListItem","@id":"https:\/\/www.encontracamacari.com.br\/sobre\/shopping-de-camacari-realiza-concurso-de-beleza-negra-com-programacao-cultural-saiba-mais\/#listItem","position":3,"name":"Shopping de Cama\u00e7ari realiza concurso de beleza negra com programa\u00e7\u00e3o cultural; saiba mais","previousItem":{"@type":"ListItem","@id":"https:\/\/www.encontracamacari.com.br\/sobre\/noticias-em-camacari\/#listItem","name":"Not\u00edcias Cama\u00e7ari"}}]},{"@type":"Organization","@id":"https:\/\/www.encontracamacari.com.br\/sobre\/#organization","name":"Encontra Cama\u00e7ari","description":"Not\u00edcias, eventos, informa\u00e7\u00f5es e dicas na cidade de Cama\u00e7ari e regi\u00e3o.","url":"https:\/\/www.encontracamacari.com.br\/sobre\/"},{"@type":"Person","@id":"https:\/\/www.encontracamacari.com.br\/sobre\/author\/ecamacari\/#author","url":"https:\/\/www.encontracamacari.com.br\/sobre\/author\/ecamacari\/","name":"Encontra Cama\u00e7ari","image":{"@type":"ImageObject","@id":"https:\/\/www.encontracamacari.com.br\/sobre\/shopping-de-camacari-realiza-concurso-de-beleza-negra-com-programacao-cultural-saiba-mais\/#authorImage","url":"https:\/\/secure.gravatar.com\/avatar\/507340682b8270222e1f208e23198b6ae7e2c6a1033ae84e99bc6bce4f82a387?s=96&d=mm&r=g","width":96,"height":96,"caption":"Encontra Cama\u00e7ari"}},{"@type":"WebPage","@id":"https:\/\/www.encontracamacari.com.br\/sobre\/shopping-de-camacari-realiza-concurso-de-beleza-negra-com-programacao-cultural-saiba-mais\/#webpage","url":"https:\/\/www.encontracamacari.com.br\/sobre\/shopping-de-camacari-realiza-concurso-de-beleza-negra-com-programacao-cultural-saiba-mais\/","name":"Shopping de Cama\u00e7ari realiza concurso de beleza negra com programa\u00e7\u00e3o cultural; saiba mais - Encontra Cama\u00e7ari","description":"Concurso de beleza negra em Cama\u00e7ari promete talento e diversidade.","inLanguage":"pt-BR","isPartOf":{"@id":"https:\/\/www.encontracamacari.com.br\/sobre\/#website"},"breadcrumb":{"@id":"https:\/\/www.encontracamacari.com.br\/sobre\/shopping-de-camacari-realiza-concurso-de-beleza-negra-com-programacao-cultural-saiba-mais\/#breadcrumblist"},"author":{"@id":"https:\/\/www.encontracamacari.com.br\/sobre\/author\/ecamacari\/#author"},"creator":{"@id":"https:\/\/www.encontracamacari.com.br\/sobre\/author\/ecamacari\/#author"},"image":{"@type":"ImageObject","url":"https:\/\/www.encontracamacari.com.br\/sobre\/wp-content\/uploads\/2025\/12\/shopping-de-camacari-realiza-concurso-de-beleza-negra-com-programacao-cultural-saiba-mais.webp","@id":"https:\/\/www.encontracamacari.com.br\/sobre\/shopping-de-camacari-realiza-concurso-de-beleza-negra-com-programacao-cultural-saiba-mais\/#mainImage","width":320,"height":280,"caption":"concurso de beleza negra"},"primaryImageOfPage":{"@id":"https:\/\/www.encontracamacari.com.br\/sobre\/shopping-de-camacari-realiza-concurso-de-beleza-negra-com-programacao-cultural-saiba-mais\/#mainImage"},"datePublished":"2025-11-26T15:06:00+00:00","dateModified":"2025-11-26T15:06:00+00:00"},{"@type":"WebSite","@id":"https:\/\/www.encontracamacari.com.br\/sobre\/#website","url":"https:\/\/www.encontracamacari.com.br\/sobre\/","name":"Encontra Cama\u00e7ari","description":"Not\u00edcias, eventos, informa\u00e7\u00f5es e dicas na cidade de Cama\u00e7ari e regi\u00e3o.","inLanguage":"pt-BR","publisher":{"@id":"https:\/\/www.encontracamacari.com.br\/sobre\/#organization"}}]},"og:locale":"pt_BR","og:site_name":"Encontra Cama\u00e7ari - Not\u00edcias, eventos, informa\u00e7\u00f5es e dicas na cidade de Cama\u00e7ari e regi\u00e3o.","og:type":"article","og:title":"Shopping de Cama\u00e7ari realiza concurso de beleza negra com programa\u00e7\u00e3o cultural; saiba mais - Encontra Cama\u00e7ari","og:description":"Concurso de beleza negra em Cama\u00e7ari promete talento e diversidade.","og:url":"https:\/\/www.encontracamacari.com.br\/sobre\/shopping-de-camacari-realiza-concurso-de-beleza-negra-com-programacao-cultural-saiba-mais\/","article:published_time":"2025-11-26T15:06:00+00:00","article:modified_time":"2025-11-26T15:06:00+00:00","twitter:card":"summary_large_image","twitter:title":"Shopping de Cama\u00e7ari realiza concurso de beleza negra com programa\u00e7\u00e3o cultural; saiba mais - Encontra Cama\u00e7ari","twitter:description":"Concurso de beleza negra em Cama\u00e7ari promete talento e diversidade."},"aioseo_meta_data":{"post_id":"399","title":null,"description":null,"keywords":null,"keyphrases":null,"primary_term":null,"canonical_url":null,"og_title":null,"og_description":null,"og_object_type":"default","og_image_type":"default","og_image_url":null,"og_image_width":null,"og_image_height":null,"og_image_custom_url":null,"og_image_custom_fields":null,"og_video":null,"og_custom_url":null,"og_article_section":null,"og_article_tags":null,"twitter_use_og":false,"twitter_card":"default","twitter_image_type":"default","twitter_image_url":null,"twitter_image_custom_url":null,"twitter_image_custom_fields":null,"twitter_title":null,"twitter_description":null,"schema":{"blockGraphs":[],"customGraphs":[],"default":{"data":{"Article":[],"Course":[],"Dataset":[],"FAQPage":[],"Movie":[],"Person":[],"Product":[],"ProductReview":[],"Car":[],"Recipe":[],"Service":[],"SoftwareApplication":[],"WebPage":[]},"graphName":"BlogPosting","isEnabled":true},"graphs":[]},"schema_type":"default","schema_type_options":null,"pillar_content":false,"robots_default":true,"robots_noindex":false,"robots_noarchive":false,"robots_nosnippet":false,"robots_nofollow":false,"robots_noimageindex":false,"robots_noodp":false,"robots_notranslate":false,"robots_max_snippet":null,"robots_max_videopreview":null,"robots_max_imagepreview":"large","priority":null,"frequency":null,"local_seo":null,"limit_modified_date":false,"created":"2025-12-02 06:07:06","updated":"2026-08-06 00:22:51","focus_keyword":null,"additional_keywords":null,"truseo_locale":null,"ai":null,"breadcrumb_settings":null,"seo_analyzer_scan_date":null},"aioseo_breadcrumb":"<div class=\"aioseo-breadcrumbs\"><span class=\"aioseo-breadcrumb\">\n\t\t\t<a href=\"https:\/\/www.encontracamacari.com.br\/sobre\" title=\"Home\">Home<\/a>\n\t\t<\/span><span class=\"aioseo-breadcrumb-separator\">&raquo;<\/span><span class=\"aioseo-breadcrumb\">\n\t\t\t<a href=\"https:\/\/www.encontracamacari.com.br\/sobre\/noticias-em-camacari\/\" title=\"Not\u00edcias Cama\u00e7ari\">Not\u00edcias Cama\u00e7ari<\/a>\n\t\t<\/span><span class=\"aioseo-breadcrumb-separator\">&raquo;<\/span><span class=\"aioseo-breadcrumb\">\n\t\t\tShopping de Cama\u00e7ari realiza concurso de beleza negra com programa\u00e7\u00e3o cultural; saiba mais\n\t\t<\/span><\/div>","aioseo_breadcrumb_json":[{"label":"Home","link":"https:\/\/www.encontracamacari.com.br\/sobre"},{"label":"Not\u00edcias Cama\u00e7ari","link":"https:\/\/www.encontracamacari.com.br\/sobre\/noticias-em-camacari\/"},{"label":"Shopping de Cama\u00e7ari realiza concurso de beleza negra com programa\u00e7\u00e3o cultural; saiba mais","link":"https:\/\/www.encontracamacari.com.br\/sobre\/shopping-de-camacari-realiza-concurso-de-beleza-negra-com-programacao-cultural-saiba-mais\/"}],"_links":{"self":[{"href":"https:\/\/www.encontracamacari.com.br\/sobre\/wp-json\/wp\/v2\/posts\/399","targetHints":{"allow":["GET"]}}],"collection":[{"href":"https:\/\/www.encontracamacari.com.br\/sobre\/wp-json\/wp\/v2\/posts"}],"about":[{"href":"https:\/\/www.encontracamacari.com.br\/sobre\/wp-json\/wp\/v2\/types\/post"}],"author":[{"embeddable":true,"href":"https:\/\/www.encontracamacari.com.br\/sobre\/wp-json\/wp\/v2\/users\/1"}],"replies":[{"embeddable":true,"href":"https:\/\/www.encontracamacari.com.br\/sobre\/wp-json\/wp\/v2\/comments?post=399"}],"version-history":[{"count":0,"href":"https:\/\/www.encontracamacari.com.br\/sobre\/wp-json\/wp\/v2\/posts\/399\/revisions"}],"wp:featuredmedia":[{"embeddable":true,"href":"https:\/\/www.encontracamacari.com.br\/sobre\/wp-json\/wp\/v2\/media\/398"}],"wp:attachment":[{"href":"https:\/\/www.encontracamacari.com.br\/sobre\/wp-json\/wp\/v2\/media?parent=399"}],"wp:term":[{"taxonomy":"category","embeddable":true,"href":"https:\/\/www.encontracamacari.com.br\/sobre\/wp-json\/wp\/v2\/categories?post=399"},{"taxonomy":"post_tag","embeddable":true,"href":"https:\/\/www.encontracamacari.com.br\/sobre\/wp-json\/wp\/v2\/tags?post=399"}],"curies":[{"name":"wp","href":"https:\/\/api.w.org\/{rel}","templated":true}]}}