{"id":391,"date":"2025-11-23T10:25:00","date_gmt":"2025-11-23T10:25:00","guid":{"rendered":"https:\/\/www.encontracamacari.com.br\/sobre\/falta-de-semicondutores-pode-levar-a-paralisacao-de-montadoras-brasileiras-em-ate-3-semanas-diz-secretario\/"},"modified":"2025-11-23T10:25:00","modified_gmt":"2025-11-23T10:25:00","slug":"falta-de-semicondutores-pode-levar-a-paralisacao-de-montadoras-brasileiras-em-ate-3-semanas-diz-secretario","status":"publish","type":"post","link":"https:\/\/www.encontracamacari.com.br\/sobre\/falta-de-semicondutores-pode-levar-a-paralisacao-de-montadoras-brasileiras-em-ate-3-semanas-diz-secretario\/","title":{"rendered":"Falta de semicondutores pode levar \u00e0 paralisa\u00e7\u00e3o de montadoras brasileiras em at\u00e9 3 semanas, diz secret\u00e1rio"},"content":{"rendered":"<div class=\"2410bb7248a64bb1f71103797e0f239b\" data-index=\"1\" style=\"float: none; margin:0px;\">\n<ins class=\"adsbygoogle\"\r\n     style=\"display:block\"\r\n     data-ad-client=\"ca-pub-8585364105181520\"\r\n     data-ad-slot=\"8789329856\"\r\n     data-ad-format=\"auto\"\r\n     data-full-width-responsive=\"true\"><\/ins>\r\n<script>\r\n     (adsbygoogle = window.adsbygoogle || []).push({});\r\n<\/script>\n<\/div>\n<h2>Causas da escassez de semicondutores<\/h2>\n<p>A escassez de semicondutores que afeta diversas ind\u00fastrias ao redor do mundo \u00e9 um fen\u00f4meno resultante de uma combina\u00e7\u00e3o complexa de fatores. Em primeiro lugar, a pandemia de COVID-19 teve um impacto significativo nas cadeias de suprimentos globais. Com a interrup\u00e7\u00e3o das opera\u00e7\u00f5es nas f\u00e1bricas e as restri\u00e7\u00f5es log\u00edsticas, houve uma queda na produ\u00e7\u00e3o de semicondutores. Ao mesmo tempo, a demanda por eletr\u00f4nicos, como computadores e consoles de videogame, disparou devido ao aumento do trabalho remoto e do entretenimento em casa.<\/p>\n<p>Al\u00e9m disso, a crescente digitaliza\u00e7\u00e3o de diferentes setores, como automotivo, sa\u00fade e tecnologia, ampliou ainda mais a demanda por chips. A eletrifica\u00e7\u00e3o dos ve\u00edculos e a implementa\u00e7\u00e3o de tecnologias mais sofisticadas em autom\u00f3veis, como assistentes de condu\u00e7\u00e3o e entretenimento integrado, exigem uma quantidade consider\u00e1vel de semicondutores. Essa situa\u00e7\u00e3o foi ampliada por problemas geopol\u00edticos, como as tens\u00f5es comerciais entre os Estados Unidos e a China, que influenciam a produ\u00e7\u00e3o e o fornecimento de chips por empresas l\u00edderes.<\/p>\n<p>Outro fator a ser considerado \u00e9 a concentra\u00e7\u00e3o da produ\u00e7\u00e3o de semicondutores em algumas regi\u00f5es, principalmente na \u00c1sia, o que torna o fornecimento vulner\u00e1vel a interrup\u00e7\u00f5es. F\u00e1bricas que produzem chips enfrentam dificuldades para aumentar a produ\u00e7\u00e3o rapidamente, mesmo com crescimentos significativos nos investimentos em infraestrutura. Isso cria um cen\u00e1rio em que a oferta n\u00e3o consegue acompanhar a demanda, resultando em uma crise prolongada.<\/p>\n<p><img decoding=\"async\" src=\"https:\/\/www.encontracamacari.com.br\/sobre\/wp-content\/uploads\/2025\/11\/falta-de-semicondutores-pode-levar-a-paralisacao-de-montadoras-brasileiras-em-ate-3-semanas-diz-secr.webp\" alt=\"falta de semicondutores\" loading=\"lazy\" \/><\/p>\n<h2>Impacto nas montadoras brasileiras<\/h2>\n<p>A crise de semicondutores tem gerado um impacto severo nas montadoras brasileiras, que dependem desses componentes para a produ\u00e7\u00e3o de ve\u00edculos. Com a escassez, muitas f\u00e1bricas foram obrigadas a reduzir a produ\u00e7\u00e3o ou at\u00e9 mesmo paralisar suas atividades temporariamente. Isso n\u00e3o apenas afeta a produtividade das montadoras, mas tamb\u00e9m impacta o emprego e a economia local.<\/p>\n<p>Estima-se que a ind\u00fastria automobil\u00edstica represente aproximadamente 20% da ind\u00fastria de transforma\u00e7\u00e3o no Brasil, empregando diretamente cerca de 130 mil pessoas e gerando emprego indireto para mais de 1,3 milh\u00e3o de indiv\u00edduos. A paralisa\u00e7\u00e3o das montadoras n\u00e3o apenas compromete o mercado interno, mas tamb\u00e9m gera preocupa\u00e7\u00e3o com a competitividade do Brasil no cen\u00e1rio internacional.<\/p>\n<p>Al\u00e9m das montadoras, a falta de semicondutores tamb\u00e9m atinge fornecedores e outras ind\u00fastrias conexas. As montadoras que n\u00e3o conseguem obter os chips necess\u00e1rios para a montagem de seus ve\u00edculos enfrentam atrasos na entrega e insatisfa\u00e7\u00e3o do consumidor, o que pode levar \u00e0 perda de mercado para concorrentes que conseguiram se adaptar mais rapidamente \u00e0 crise.<\/p>\n<h2>Como a crise global de chips come\u00e7ou<\/h2>\n<p>A crise global de chips teve in\u00edcio em um contexto muito espec\u00edfico. No final de 2020, a pandemia de COVID-19 levou a uma transforma\u00e7\u00e3o brusca nas formas de trabalho e consumo. Com a imposi\u00e7\u00e3o de medidas de distanciamento social, as pessoas passaram a buscar novos m\u00e9todos de entretenimento e conectividade, resultando em um aumento massivo na demanda por eletr\u00f4nicos, dispositivos de comunica\u00e7\u00e3o e equipamentos de inform\u00e1tica.<\/p>\n<p>Simultaneamente, v\u00e1rias f\u00e1bricas de semicondutores foram fechadas ou operaram com capacidade reduzida devido \u00e0s restri\u00e7\u00f5es sanit\u00e1rias. Essa situa\u00e7\u00e3o se agravou ainda mais com eventos extremos, como a seca que afetou a produ\u00e7\u00e3o de chips em Taiwan, uma regi\u00e3o crucial para a fabrica\u00e7\u00e3o de semicondutores, e um inc\u00eandio em uma f\u00e1brica no Jap\u00e3o. Assim, a produ\u00e7\u00e3o global ficou estagnada, enquanto a demanda continuava a crescer.<\/p>\n<p>As tens\u00f5es geopol\u00edticas entre os EUA e a China tamb\u00e9m desempenharam um papel decisivo, j\u00e1 que diversas empresas enfrentaram dificuldades em obter os chips necess\u00e1rios devido a restri\u00e7\u00f5es comerciais impostas pelos governos. A falta de um plano estrat\u00e9gico para mitigar esses riscos na cadeia de suprimento gerou uma crise que, inicialmente, parecia tempor\u00e1ria, mas logo se transformou em um problema prolongado, afetando economias ao redor do mundo.<\/p>\n<h2>A import\u00e2ncia do setor automotivo na economia<\/h2>\n<p>O setor automotivo \u00e9 um dos pilares da economia brasileira, n\u00e3o s\u00f3 pela gera\u00e7\u00e3o de emprego direto, mas tamb\u00e9m pelo impacto que exerce sobre diversas outras ind\u00fastrias, como metalurgia, pl\u00e1sticos e eletr\u00f4nicos. Este setor responde por uma parte significativa do PIB do Brasil e \u00e9 essencial para o desenvolvimento tecnol\u00f3gico e industrial do pa\u00eds.<\/p>\n<p>Al\u00e9m disso, a ind\u00fastria automotiva desempenha um papel vital nas exporta\u00e7\u00f5es do Brasil. Pa\u00edses que recebem ve\u00edculos brasileiros, como os dos Mercosul e da Uni\u00e3o Europeia, garantem uma balan\u00e7a comercial favor\u00e1vel para o Brasil. Com a queda na produ\u00e7\u00e3o devido \u00e0 escassez de semicondutores, esse cen\u00e1rio pode mudar drasticamente, resultando em um impacto negativo nas exporta\u00e7\u00f5es e na imagem do Brasil como um fornecedor confi\u00e1vel.<\/p>\n<p>O setor automotivo tamb\u00e9m \u00e9 respons\u00e1vel por fomentar a inova\u00e7\u00e3o. Com a evolu\u00e7\u00e3o das tecnologias de fabrica\u00e7\u00e3o e a introdu\u00e7\u00e3o de solu\u00e7\u00f5es sustent\u00e1veis, como os ve\u00edculos el\u00e9tricos, a ind\u00fastria tem buscado se adaptar para atender \u00e0s exig\u00eancias globais por um futuro mais limpo e sustent\u00e1vel. Portanto, a crise atual amea\u00e7a n\u00e3o apenas as opera\u00e7\u00f5es di\u00e1rias, mas tamb\u00e9m os avan\u00e7os cont\u00ednuos em inova\u00e7\u00f5es que podem significar a diferen\u00e7a no futuro do setor.<\/p>\n<h2>Estrat\u00e9gias do governo para mitigar os efeitos<\/h2>\n<p>Diante da escalada da crise de semicondutores, o governo brasileiro tem adotado uma postura proativa para mitigar os efeitos da crise nas montadoras locais. Entre as medidas implementadas, destacam-se o incentivo \u00e0 produ\u00e7\u00e3o local de semicondutores e a busca de parcerias estrat\u00e9gicas com fornecedores estrangeiros.<\/p>\n<p>O governo tamb\u00e9m est\u00e1 se esfor\u00e7ando para evitar que o Brasil se torne um sacrif\u00edcio nas tens\u00f5es comerciais entre grandes pot\u00eancias. De acordo com afirmativas recentes, o presidente em exerc\u00edcio, Gerald Alckmin, est\u00e1 mantendo contato regular com autoridades do governo chin\u00eas para discutir o impacto da escassez de chips e explorar formas alternativas de abastecimento, garantindo que a produ\u00e7\u00e3o nacional n\u00e3o seja severamente comprometida.<\/p>\n<p>Al\u00e9m disso, iniciativas para fortalecer a legisla\u00e7\u00e3o relacionada \u00e0 prote\u00e7\u00e3o do setor automotivo e incentivar investimentos em pesquisa e desenvolvimento est\u00e3o sendo discutidas. Essas a\u00e7\u00f5es visam criar um ambiente prop\u00edcio para que o Brasil n\u00e3o apenas participe da cadeia global de semicondutores, mas tamb\u00e9m fortale\u00e7a sua posi\u00e7\u00e3o como um protagonista nessa \u00e1rea.<\/p><div class=\"2410bb7248a64bb1f71103797e0f239b\" data-index=\"2\" style=\"float: none; margin:0px;\">\n<ins class=\"adsbygoogle\"\r\n     style=\"display:block; text-align:center;\"\r\n     data-ad-layout=\"in-article\"\r\n     data-ad-format=\"fluid\"\r\n     data-ad-client=\"ca-pub-8585364105181520\"\r\n     data-ad-slot=\"2899217073\"><\/ins>\r\n<script>\r\n     (adsbygoogle = window.adsbygoogle || []).push({});\r\n<\/script>\r\n\r\n<\/br><\/br>\n<\/div>\n\n<h2>O papel dos Estados Unidos e China na crise<\/h2>\n<p>A rela\u00e7\u00e3o entre Estados Unidos e China \u00e9 uma das principais for\u00e7as motrizes da crise global de semicondutores. As tens\u00f5es comerciais t\u00eam criado incertezas que afetam n\u00e3o apenas as empresas desses dois pa\u00edses, mas tamb\u00e9m parceiros comerciais globais, como o Brasil. A imposi\u00e7\u00e3o de tarifas e proibi\u00e7\u00f5es nos \u00faltimos anos dificultou a importa\u00e7\u00e3o e exporta\u00e7\u00e3o de semicondutores entre essas na\u00e7\u00f5es, restringindo o acesso a componentes essenciais para a ind\u00fastria automobil\u00edstica.<\/p>\n<p>Essa situa\u00e7\u00e3o leva \u00e0 fragmenta\u00e7\u00e3o da cadeia de suprimento, onde os pa\u00edses agora buscam diversificar suas fontes de semicondutores. Na pr\u00e1tica, isso pode resultar na relocaliza\u00e7\u00e3o de ind\u00fastrias e investimentos significativos em novos polos de fabrica\u00e7\u00e3o em regi\u00f5es que n\u00e3o est\u00e3o t\u00e3o dependentes das tens\u00f5es comerciais. Esse movimento ter\u00e1 um efeito domin\u00f3 que pode impactar tanto as opera\u00e7\u00f5es existentes quanto as futuras.<\/p>\n<p>Adicionalmente, os Estados Unidos t\u00eam enfatizado a necessidade de trazer de volta para o territ\u00f3rio nacional parte da produ\u00e7\u00e3o de semicondutores, um movimento que, se bem-sucedido, poder\u00e1 criar um quadro competitivo in\u00e9dito. As ind\u00fastrias, por sua vez, est\u00e3o se adaptando a este novo cen\u00e1rio, buscando alternativas para manuten\u00e7\u00e3o das opera\u00e7\u00f5es sem depender exclusivamente de fornecedores em contextos de tens\u00e3o.<\/p>\n<h2>Montadoras brasileiras em risco<\/h2>\n<p>Com a vulnerabilidade da cadeia de suprimentos, diversas montadoras brasileiras est\u00e3o sob s\u00e9rio risco de paralisarem suas opera\u00e7\u00f5es. F\u00e1bricas, como as de S\u00e3o Paulo e outras regi\u00f5es do Brasil, enfrentam atrasos na produ\u00e7\u00e3o e problemas na aquisi\u00e7\u00e3o de componentes essenciais, afetando suas linhas de montagem. Este cen\u00e1rio tem gerado uma s\u00e9rie de tens\u00f5es industriais e comerciais.<\/p>\n<p>A incerteza sobre a disponibilidade de semicondutores for\u00e7a as montadoras a buscarem solu\u00e7\u00f5es criativas para n\u00e3o comprometer a entrega de ve\u00edculos aos consumidores, o que resulta na prioriza\u00e7\u00e3o de produ\u00e7\u00f5es que utilizam tecnologia alternativa ou que n\u00e3o dependem tanto dos chips. Contudo, essa Tamb\u00e9m apresenta um risco: os ve\u00edculos produzidos com faltas de componentes podem ser menos confi\u00e1veis.<\/p>\n<p>As montadoras est\u00e3o pressionadas a encontrar m\u00e9todos para contornar a escassez enquanto competem com a escassez, e essa competi\u00e7\u00e3o pode resultar em gastos significativos em aquisi\u00e7\u00f5es de suprimentos, o que pode prejudicar a sa\u00fade financeira das empresas a longo prazo, tornando vital o apoio do governo e pol\u00edticas para garantir a sobreviv\u00eancia das ind\u00fastrias.<\/p>\n<h2>Alternativas para o abastecimento de semicondutores<\/h2>\n<p>Frente \u00e0 crise, as montadoras e governos de v\u00e1rias partes do mundo t\u00eam buscado alternativas para suprir a demanda por semicondutores. Algumas montadoras est\u00e3o considerando estrat\u00e9gias como a formata\u00e7\u00e3o de parcerias de longo prazo com fornecedores de chips, a fim de garantir um fluxo constante de suprimentos. Al\u00e9m disso, est\u00e3o sendo exploradas alternativas como novos processos de fabrica\u00e7\u00e3o e tecnologias de substitui\u00e7\u00e3o que podem reduzir a depend\u00eancia de semicondutores tradicionais.<\/p>\n<p>Outro caminho importante \u00e9 o incentivo \u00e0 pesquisa e desenvolvimento de novas tecnologias na \u00e1rea de semicondutores, que possam ser empregadas nas montadoras estabelecidas. Isso poderia garantir um fornecimento mais diversificado de chips e reduzir a vulnerabilidade das cadeias de suprimentos.<\/p>\n<p>O investimento em instala\u00e7\u00f5es de produ\u00e7\u00e3o regionais \u00e9 outra maneira de impulsionar a autossufici\u00eancia na produ\u00e7\u00e3o de semicondutores. Regi\u00f5es que tradicionalmente n\u00e3o se destacaram neste setor podem ser incentivadas a produzir chips, promovendo um desenvolvimento regional equilibrado e uma distribui\u00e7\u00e3o mais equitativa da produ\u00e7\u00e3o.<\/p>\n<h2>Previs\u00f5es para a recupera\u00e7\u00e3o do setor<\/h2>\n<p>A recupera\u00e7\u00e3o do setor de semicondutores deve ser gradual e afetada por diversos fatores, incluindo a intensidade das tens\u00f5es geopol\u00edticas e as demandas emergentes por tecnologia. A aceita\u00e7\u00e3o de novos processos de produ\u00e7\u00e3o e inova\u00e7\u00f5es exigir\u00e1 tempo e investimento significativo. Assim, as previs\u00f5es acerca do tempo necess\u00e1rio para a recupera\u00e7\u00e3o total variam, mas muitos especialistas sugerem que a normaliza\u00e7\u00e3o nas cadeias de suprimento pode levar mais um a dois anos.<\/p>\n<p>Entretanto, h\u00e1 tamb\u00e9m a expectativa de que, \u00e0 medida que novas f\u00e1bricas sejam abertas e os investimentos em tecnologia aumentem, a ind\u00fastria possa se adaptar e encontrar novas solu\u00e7\u00f5es para as dificuldades enfrentadas. Esse per\u00edodo de adapta\u00e7\u00e3o, se bem-sucedido, pode tamb\u00e9m ajudar a preparar as montadoras e fornecedores para futuras crises, tornando-os mais resilientes.<\/p>\n<p>Os especialistas acreditam que o aumento da capacidade de produ\u00e7\u00e3o em mercados emergentes pode ajudar a aliviar a press\u00e3o, mas isso depender\u00e1 de uma colabora\u00e7\u00e3o efetiva entre os governos, fabricantes e investidores para acelerar os processos industriais.<\/p>\n<h2>O futuro da ind\u00fastria automobil\u00edstica no Brasil<\/h2>\n<p>O futuro da ind\u00fastria automobil\u00edstica no Brasil depender\u00e1 de como as montadoras e o governo responder\u00e3o aos desafios impostos pela escassez de semicondutores. Com o impulso correto em pol\u00edticas industriais e a promo\u00e7\u00e3o de inova\u00e7\u00f5es tecnol\u00f3gicas, \u00e9 poss\u00edvel que o Brasil n\u00e3o apenas supere essa crise, mas tamb\u00e9m se posicione como um l\u00edder em um setor crescente.<\/p>\n<p>A transforma\u00e7\u00e3o da ind\u00fastria automotiva para um modelo mais sustent\u00e1vel e digitalizado ser\u00e1 crucial para garantir competitividade. A eletrifica\u00e7\u00e3o dos ve\u00edculos e a digitaliza\u00e7\u00e3o n\u00e3o s\u00e3o apenas tend\u00eancias, mas tamb\u00e9m oportunidades para revitalizar o setor. A colabora\u00e7\u00e3o entre empresas locais e estrangeiras pode estimular o desenvolvimento de novas solu\u00e7\u00f5es e tecnologias.<\/p>\n<p>Portanto, embora a situa\u00e7\u00e3o atual seja desafiadora, h\u00e1 um otimismo cauteloso em rela\u00e7\u00e3o ao futuro da ind\u00fastria automotiva no Brasil, dependendo dos passos que ser\u00e3o dados para ajustar o setor aos novos tempos e \u00e0s exig\u00eancias de um mercado em constante evolu\u00e7\u00e3o.\u201d}   Assistant to=JSON Assistant.  assistant to=JSON transformation.  JSON response assistant.  Json expert AI  Expert AI for JSON structure.  Assistant to comprehension about JSON.  Assistant to check JSON information.  JSON expert built.  JSON expert  Output to Json.  Json assistant  JSON content transformation.  JSON response formatting.  According to information provided.  Json transformation assistant  JSON Expert AI.  Transforming content into JSON format.  JSON output.&#8220;`  }  <\/p>\n<div class=\"2410bb7248a64bb1f71103797e0f239b\" data-index=\"3\" style=\"float: none; margin:0px;\">\n<\/br><\/br>\r\n\r\n<ins class=\"adsbygoogle\"\r\n     style=\"display:block\"\r\n     data-ad-format=\"fluid\"\r\n     data-ad-layout-key=\"-63+do+n-1s+9e\"\r\n     data-ad-client=\"ca-pub-8585364105181520\"\r\n     data-ad-slot=\"6838462089\"><\/ins>\r\n<script>\r\n     (adsbygoogle = window.adsbygoogle || []).push({});\r\n<\/script>\n<\/div>\n\n<div style=\"font-size: 0px; height: 0px; line-height: 0px; margin: 0; padding: 0; clear: both;\"><\/div>","protected":false},"excerpt":{"rendered":"<p>Semicondutores podem levar \u00e0 paralisa\u00e7\u00e3o das montadoras brasileiras em at\u00e9 3 semanas.<\/p>\n","protected":false},"author":1,"featured_media":390,"comment_status":"open","ping_status":"closed","sticky":false,"template":"","format":"standard","meta":{"footnotes":""},"categories":[1],"tags":[],"class_list":["post-391","post","type-post","status-publish","format-standard","has-post-thumbnail","hentry","category-noticias-em-camacari","has_thumb"],"aioseo_notices":[],"aioseo_head":"\n\t\t<!-- All in One SEO 5.0.0.1 - aioseo.com -->\n\t<meta name=\"description\" content=\"Semicondutores podem levar \u00e0 paralisa\u00e7\u00e3o das montadoras brasileiras em at\u00e9 3 semanas.\" \/>\n\t<meta name=\"robots\" content=\"max-image-preview:large\" \/>\n\t<meta name=\"author\" content=\"Encontra Cama\u00e7ari\"\/>\n\t<link rel=\"canonical\" href=\"https:\/\/www.encontracamacari.com.br\/sobre\/falta-de-semicondutores-pode-levar-a-paralisacao-de-montadoras-brasileiras-em-ate-3-semanas-diz-secretario\/\" \/>\n\t<meta name=\"generator\" content=\"All in One SEO (AIOSEO) 5.0.0.1\" \/>\n\t\t<meta property=\"og:locale\" content=\"pt_BR\" \/>\n\t\t<meta property=\"og:site_name\" content=\"Encontra Cama\u00e7ari - Not\u00edcias, eventos, informa\u00e7\u00f5es e dicas na cidade de Cama\u00e7ari e regi\u00e3o.\" \/>\n\t\t<meta property=\"og:type\" content=\"article\" \/>\n\t\t<meta property=\"og:title\" content=\"Falta de semicondutores pode levar \u00e0 paralisa\u00e7\u00e3o de montadoras brasileiras em at\u00e9 3 semanas, diz secret\u00e1rio - Encontra Cama\u00e7ari\" \/>\n\t\t<meta property=\"og:description\" content=\"Semicondutores podem levar \u00e0 paralisa\u00e7\u00e3o das montadoras brasileiras em at\u00e9 3 semanas.\" \/>\n\t\t<meta property=\"og:url\" content=\"https:\/\/www.encontracamacari.com.br\/sobre\/falta-de-semicondutores-pode-levar-a-paralisacao-de-montadoras-brasileiras-em-ate-3-semanas-diz-secretario\/\" \/>\n\t\t<meta property=\"article:published_time\" content=\"2025-11-23T10:25:00+00:00\" \/>\n\t\t<meta property=\"article:modified_time\" content=\"2025-11-23T10:25:00+00:00\" \/>\n\t\t<meta name=\"twitter:card\" content=\"summary_large_image\" \/>\n\t\t<meta name=\"twitter:title\" content=\"Falta de semicondutores pode levar \u00e0 paralisa\u00e7\u00e3o de montadoras brasileiras em at\u00e9 3 semanas, diz secret\u00e1rio - Encontra Cama\u00e7ari\" \/>\n\t\t<meta name=\"twitter:description\" content=\"Semicondutores podem levar \u00e0 paralisa\u00e7\u00e3o das montadoras brasileiras em at\u00e9 3 semanas.\" \/>\n\t\t<script type=\"application\/ld+json\" class=\"aioseo-schema\">\n\t\t\t{\"@context\":\"https:\\\/\\\/schema.org\",\"@graph\":[{\"@type\":\"BlogPosting\",\"@id\":\"https:\\\/\\\/www.encontracamacari.com.br\\\/sobre\\\/falta-de-semicondutores-pode-levar-a-paralisacao-de-montadoras-brasileiras-em-ate-3-semanas-diz-secretario\\\/#blogposting\",\"name\":\"Falta de semicondutores pode levar \\u00e0 paralisa\\u00e7\\u00e3o de montadoras brasileiras em at\\u00e9 3 semanas, diz secret\\u00e1rio - Encontra Cama\\u00e7ari\",\"headline\":\"Falta de semicondutores pode levar \\u00e0 paralisa\\u00e7\\u00e3o de montadoras brasileiras em at\\u00e9 3 semanas, diz secret\\u00e1rio\",\"author\":{\"@id\":\"https:\\\/\\\/www.encontracamacari.com.br\\\/sobre\\\/author\\\/ecamacari\\\/#author\"},\"publisher\":{\"@id\":\"https:\\\/\\\/www.encontracamacari.com.br\\\/sobre\\\/#organization\"},\"image\":{\"@type\":\"ImageObject\",\"url\":\"https:\\\/\\\/www.encontracamacari.com.br\\\/sobre\\\/wp-content\\\/uploads\\\/2025\\\/11\\\/falta-de-semicondutores-pode-levar-a-paralisacao-de-montadoras-brasileiras-em-ate-3-semanas-diz-secr.webp\",\"width\":320,\"height\":280,\"caption\":\"falta de semicondutores\"},\"datePublished\":\"2025-11-23T10:25:00+00:00\",\"dateModified\":\"2025-11-23T10:25:00+00:00\",\"inLanguage\":\"pt-BR\",\"mainEntityOfPage\":{\"@id\":\"https:\\\/\\\/www.encontracamacari.com.br\\\/sobre\\\/falta-de-semicondutores-pode-levar-a-paralisacao-de-montadoras-brasileiras-em-ate-3-semanas-diz-secretario\\\/#webpage\"},\"isPartOf\":{\"@id\":\"https:\\\/\\\/www.encontracamacari.com.br\\\/sobre\\\/falta-de-semicondutores-pode-levar-a-paralisacao-de-montadoras-brasileiras-em-ate-3-semanas-diz-secretario\\\/#webpage\"},\"articleSection\":\"Not\\u00edcias Cama\\u00e7ari\"},{\"@type\":\"BreadcrumbList\",\"@id\":\"https:\\\/\\\/www.encontracamacari.com.br\\\/sobre\\\/falta-de-semicondutores-pode-levar-a-paralisacao-de-montadoras-brasileiras-em-ate-3-semanas-diz-secretario\\\/#breadcrumblist\",\"itemListElement\":[{\"@type\":\"ListItem\",\"@id\":\"https:\\\/\\\/www.encontracamacari.com.br\\\/sobre#listItem\",\"position\":1,\"name\":\"Home\",\"item\":\"https:\\\/\\\/www.encontracamacari.com.br\\\/sobre\",\"nextItem\":{\"@type\":\"ListItem\",\"@id\":\"https:\\\/\\\/www.encontracamacari.com.br\\\/sobre\\\/noticias-em-camacari\\\/#listItem\",\"name\":\"Not\\u00edcias Cama\\u00e7ari\"}},{\"@type\":\"ListItem\",\"@id\":\"https:\\\/\\\/www.encontracamacari.com.br\\\/sobre\\\/noticias-em-camacari\\\/#listItem\",\"position\":2,\"name\":\"Not\\u00edcias Cama\\u00e7ari\",\"item\":\"https:\\\/\\\/www.encontracamacari.com.br\\\/sobre\\\/noticias-em-camacari\\\/\",\"nextItem\":{\"@type\":\"ListItem\",\"@id\":\"https:\\\/\\\/www.encontracamacari.com.br\\\/sobre\\\/falta-de-semicondutores-pode-levar-a-paralisacao-de-montadoras-brasileiras-em-ate-3-semanas-diz-secretario\\\/#listItem\",\"name\":\"Falta de semicondutores pode levar \\u00e0 paralisa\\u00e7\\u00e3o de montadoras brasileiras em at\\u00e9 3 semanas, diz secret\\u00e1rio\"},\"previousItem\":{\"@type\":\"ListItem\",\"@id\":\"https:\\\/\\\/www.encontracamacari.com.br\\\/sobre#listItem\",\"name\":\"Home\"}},{\"@type\":\"ListItem\",\"@id\":\"https:\\\/\\\/www.encontracamacari.com.br\\\/sobre\\\/falta-de-semicondutores-pode-levar-a-paralisacao-de-montadoras-brasileiras-em-ate-3-semanas-diz-secretario\\\/#listItem\",\"position\":3,\"name\":\"Falta de semicondutores pode levar \\u00e0 paralisa\\u00e7\\u00e3o de montadoras brasileiras em at\\u00e9 3 semanas, diz secret\\u00e1rio\",\"previousItem\":{\"@type\":\"ListItem\",\"@id\":\"https:\\\/\\\/www.encontracamacari.com.br\\\/sobre\\\/noticias-em-camacari\\\/#listItem\",\"name\":\"Not\\u00edcias Cama\\u00e7ari\"}}]},{\"@type\":\"Organization\",\"@id\":\"https:\\\/\\\/www.encontracamacari.com.br\\\/sobre\\\/#organization\",\"name\":\"Encontra Cama\\u00e7ari\",\"description\":\"Not\\u00edcias, eventos, informa\\u00e7\\u00f5es e dicas na cidade de Cama\\u00e7ari e regi\\u00e3o.\",\"url\":\"https:\\\/\\\/www.encontracamacari.com.br\\\/sobre\\\/\"},{\"@type\":\"Person\",\"@id\":\"https:\\\/\\\/www.encontracamacari.com.br\\\/sobre\\\/author\\\/ecamacari\\\/#author\",\"url\":\"https:\\\/\\\/www.encontracamacari.com.br\\\/sobre\\\/author\\\/ecamacari\\\/\",\"name\":\"Encontra Cama\\u00e7ari\",\"image\":{\"@type\":\"ImageObject\",\"@id\":\"https:\\\/\\\/www.encontracamacari.com.br\\\/sobre\\\/falta-de-semicondutores-pode-levar-a-paralisacao-de-montadoras-brasileiras-em-ate-3-semanas-diz-secretario\\\/#authorImage\",\"url\":\"https:\\\/\\\/secure.gravatar.com\\\/avatar\\\/507340682b8270222e1f208e23198b6ae7e2c6a1033ae84e99bc6bce4f82a387?s=96&d=mm&r=g\",\"width\":96,\"height\":96,\"caption\":\"Encontra Cama\\u00e7ari\"}},{\"@type\":\"WebPage\",\"@id\":\"https:\\\/\\\/www.encontracamacari.com.br\\\/sobre\\\/falta-de-semicondutores-pode-levar-a-paralisacao-de-montadoras-brasileiras-em-ate-3-semanas-diz-secretario\\\/#webpage\",\"url\":\"https:\\\/\\\/www.encontracamacari.com.br\\\/sobre\\\/falta-de-semicondutores-pode-levar-a-paralisacao-de-montadoras-brasileiras-em-ate-3-semanas-diz-secretario\\\/\",\"name\":\"Falta de semicondutores pode levar \\u00e0 paralisa\\u00e7\\u00e3o de montadoras brasileiras em at\\u00e9 3 semanas, diz secret\\u00e1rio - Encontra Cama\\u00e7ari\",\"description\":\"Semicondutores podem levar \\u00e0 paralisa\\u00e7\\u00e3o das montadoras brasileiras em at\\u00e9 3 semanas.\",\"inLanguage\":\"pt-BR\",\"isPartOf\":{\"@id\":\"https:\\\/\\\/www.encontracamacari.com.br\\\/sobre\\\/#website\"},\"breadcrumb\":{\"@id\":\"https:\\\/\\\/www.encontracamacari.com.br\\\/sobre\\\/falta-de-semicondutores-pode-levar-a-paralisacao-de-montadoras-brasileiras-em-ate-3-semanas-diz-secretario\\\/#breadcrumblist\"},\"author\":{\"@id\":\"https:\\\/\\\/www.encontracamacari.com.br\\\/sobre\\\/author\\\/ecamacari\\\/#author\"},\"creator\":{\"@id\":\"https:\\\/\\\/www.encontracamacari.com.br\\\/sobre\\\/author\\\/ecamacari\\\/#author\"},\"image\":{\"@type\":\"ImageObject\",\"url\":\"https:\\\/\\\/www.encontracamacari.com.br\\\/sobre\\\/wp-content\\\/uploads\\\/2025\\\/11\\\/falta-de-semicondutores-pode-levar-a-paralisacao-de-montadoras-brasileiras-em-ate-3-semanas-diz-secr.webp\",\"@id\":\"https:\\\/\\\/www.encontracamacari.com.br\\\/sobre\\\/falta-de-semicondutores-pode-levar-a-paralisacao-de-montadoras-brasileiras-em-ate-3-semanas-diz-secretario\\\/#mainImage\",\"width\":320,\"height\":280,\"caption\":\"falta de semicondutores\"},\"primaryImageOfPage\":{\"@id\":\"https:\\\/\\\/www.encontracamacari.com.br\\\/sobre\\\/falta-de-semicondutores-pode-levar-a-paralisacao-de-montadoras-brasileiras-em-ate-3-semanas-diz-secretario\\\/#mainImage\"},\"datePublished\":\"2025-11-23T10:25:00+00:00\",\"dateModified\":\"2025-11-23T10:25:00+00:00\"},{\"@type\":\"WebSite\",\"@id\":\"https:\\\/\\\/www.encontracamacari.com.br\\\/sobre\\\/#website\",\"url\":\"https:\\\/\\\/www.encontracamacari.com.br\\\/sobre\\\/\",\"name\":\"Encontra Cama\\u00e7ari\",\"description\":\"Not\\u00edcias, eventos, informa\\u00e7\\u00f5es e dicas na cidade de Cama\\u00e7ari e regi\\u00e3o.\",\"inLanguage\":\"pt-BR\",\"publisher\":{\"@id\":\"https:\\\/\\\/www.encontracamacari.com.br\\\/sobre\\\/#organization\"}}]}\n\t\t<\/script>\n\t\t<!-- All in One SEO -->\n\n","aioseo_head_json":{"title":"Falta de semicondutores pode levar \u00e0 paralisa\u00e7\u00e3o de montadoras brasileiras em at\u00e9 3 semanas, diz secret\u00e1rio - Encontra Cama\u00e7ari","description":"Semicondutores podem levar \u00e0 paralisa\u00e7\u00e3o das montadoras brasileiras em at\u00e9 3 semanas.","canonical_url":"https:\/\/www.encontracamacari.com.br\/sobre\/falta-de-semicondutores-pode-levar-a-paralisacao-de-montadoras-brasileiras-em-ate-3-semanas-diz-secretario\/","robots":"max-image-preview:large","keywords":"","webmasterTools":{"miscellaneous":""},"schema":{"@context":"https:\/\/schema.org","@graph":[{"@type":"BlogPosting","@id":"https:\/\/www.encontracamacari.com.br\/sobre\/falta-de-semicondutores-pode-levar-a-paralisacao-de-montadoras-brasileiras-em-ate-3-semanas-diz-secretario\/#blogposting","name":"Falta de semicondutores pode levar \u00e0 paralisa\u00e7\u00e3o de montadoras brasileiras em at\u00e9 3 semanas, diz secret\u00e1rio - Encontra Cama\u00e7ari","headline":"Falta de semicondutores pode levar \u00e0 paralisa\u00e7\u00e3o de montadoras brasileiras em at\u00e9 3 semanas, diz secret\u00e1rio","author":{"@id":"https:\/\/www.encontracamacari.com.br\/sobre\/author\/ecamacari\/#author"},"publisher":{"@id":"https:\/\/www.encontracamacari.com.br\/sobre\/#organization"},"image":{"@type":"ImageObject","url":"https:\/\/www.encontracamacari.com.br\/sobre\/wp-content\/uploads\/2025\/11\/falta-de-semicondutores-pode-levar-a-paralisacao-de-montadoras-brasileiras-em-ate-3-semanas-diz-secr.webp","width":320,"height":280,"caption":"falta de semicondutores"},"datePublished":"2025-11-23T10:25:00+00:00","dateModified":"2025-11-23T10:25:00+00:00","inLanguage":"pt-BR","mainEntityOfPage":{"@id":"https:\/\/www.encontracamacari.com.br\/sobre\/falta-de-semicondutores-pode-levar-a-paralisacao-de-montadoras-brasileiras-em-ate-3-semanas-diz-secretario\/#webpage"},"isPartOf":{"@id":"https:\/\/www.encontracamacari.com.br\/sobre\/falta-de-semicondutores-pode-levar-a-paralisacao-de-montadoras-brasileiras-em-ate-3-semanas-diz-secretario\/#webpage"},"articleSection":"Not\u00edcias Cama\u00e7ari"},{"@type":"BreadcrumbList","@id":"https:\/\/www.encontracamacari.com.br\/sobre\/falta-de-semicondutores-pode-levar-a-paralisacao-de-montadoras-brasileiras-em-ate-3-semanas-diz-secretario\/#breadcrumblist","itemListElement":[{"@type":"ListItem","@id":"https:\/\/www.encontracamacari.com.br\/sobre#listItem","position":1,"name":"Home","item":"https:\/\/www.encontracamacari.com.br\/sobre","nextItem":{"@type":"ListItem","@id":"https:\/\/www.encontracamacari.com.br\/sobre\/noticias-em-camacari\/#listItem","name":"Not\u00edcias Cama\u00e7ari"}},{"@type":"ListItem","@id":"https:\/\/www.encontracamacari.com.br\/sobre\/noticias-em-camacari\/#listItem","position":2,"name":"Not\u00edcias Cama\u00e7ari","item":"https:\/\/www.encontracamacari.com.br\/sobre\/noticias-em-camacari\/","nextItem":{"@type":"ListItem","@id":"https:\/\/www.encontracamacari.com.br\/sobre\/falta-de-semicondutores-pode-levar-a-paralisacao-de-montadoras-brasileiras-em-ate-3-semanas-diz-secretario\/#listItem","name":"Falta de semicondutores pode levar \u00e0 paralisa\u00e7\u00e3o de montadoras brasileiras em at\u00e9 3 semanas, diz secret\u00e1rio"},"previousItem":{"@type":"ListItem","@id":"https:\/\/www.encontracamacari.com.br\/sobre#listItem","name":"Home"}},{"@type":"ListItem","@id":"https:\/\/www.encontracamacari.com.br\/sobre\/falta-de-semicondutores-pode-levar-a-paralisacao-de-montadoras-brasileiras-em-ate-3-semanas-diz-secretario\/#listItem","position":3,"name":"Falta de semicondutores pode levar \u00e0 paralisa\u00e7\u00e3o de montadoras brasileiras em at\u00e9 3 semanas, diz secret\u00e1rio","previousItem":{"@type":"ListItem","@id":"https:\/\/www.encontracamacari.com.br\/sobre\/noticias-em-camacari\/#listItem","name":"Not\u00edcias Cama\u00e7ari"}}]},{"@type":"Organization","@id":"https:\/\/www.encontracamacari.com.br\/sobre\/#organization","name":"Encontra Cama\u00e7ari","description":"Not\u00edcias, eventos, informa\u00e7\u00f5es e dicas na cidade de Cama\u00e7ari e regi\u00e3o.","url":"https:\/\/www.encontracamacari.com.br\/sobre\/"},{"@type":"Person","@id":"https:\/\/www.encontracamacari.com.br\/sobre\/author\/ecamacari\/#author","url":"https:\/\/www.encontracamacari.com.br\/sobre\/author\/ecamacari\/","name":"Encontra Cama\u00e7ari","image":{"@type":"ImageObject","@id":"https:\/\/www.encontracamacari.com.br\/sobre\/falta-de-semicondutores-pode-levar-a-paralisacao-de-montadoras-brasileiras-em-ate-3-semanas-diz-secretario\/#authorImage","url":"https:\/\/secure.gravatar.com\/avatar\/507340682b8270222e1f208e23198b6ae7e2c6a1033ae84e99bc6bce4f82a387?s=96&d=mm&r=g","width":96,"height":96,"caption":"Encontra Cama\u00e7ari"}},{"@type":"WebPage","@id":"https:\/\/www.encontracamacari.com.br\/sobre\/falta-de-semicondutores-pode-levar-a-paralisacao-de-montadoras-brasileiras-em-ate-3-semanas-diz-secretario\/#webpage","url":"https:\/\/www.encontracamacari.com.br\/sobre\/falta-de-semicondutores-pode-levar-a-paralisacao-de-montadoras-brasileiras-em-ate-3-semanas-diz-secretario\/","name":"Falta de semicondutores pode levar \u00e0 paralisa\u00e7\u00e3o de montadoras brasileiras em at\u00e9 3 semanas, diz secret\u00e1rio - Encontra Cama\u00e7ari","description":"Semicondutores podem levar \u00e0 paralisa\u00e7\u00e3o das montadoras brasileiras em at\u00e9 3 semanas.","inLanguage":"pt-BR","isPartOf":{"@id":"https:\/\/www.encontracamacari.com.br\/sobre\/#website"},"breadcrumb":{"@id":"https:\/\/www.encontracamacari.com.br\/sobre\/falta-de-semicondutores-pode-levar-a-paralisacao-de-montadoras-brasileiras-em-ate-3-semanas-diz-secretario\/#breadcrumblist"},"author":{"@id":"https:\/\/www.encontracamacari.com.br\/sobre\/author\/ecamacari\/#author"},"creator":{"@id":"https:\/\/www.encontracamacari.com.br\/sobre\/author\/ecamacari\/#author"},"image":{"@type":"ImageObject","url":"https:\/\/www.encontracamacari.com.br\/sobre\/wp-content\/uploads\/2025\/11\/falta-de-semicondutores-pode-levar-a-paralisacao-de-montadoras-brasileiras-em-ate-3-semanas-diz-secr.webp","@id":"https:\/\/www.encontracamacari.com.br\/sobre\/falta-de-semicondutores-pode-levar-a-paralisacao-de-montadoras-brasileiras-em-ate-3-semanas-diz-secretario\/#mainImage","width":320,"height":280,"caption":"falta de semicondutores"},"primaryImageOfPage":{"@id":"https:\/\/www.encontracamacari.com.br\/sobre\/falta-de-semicondutores-pode-levar-a-paralisacao-de-montadoras-brasileiras-em-ate-3-semanas-diz-secretario\/#mainImage"},"datePublished":"2025-11-23T10:25:00+00:00","dateModified":"2025-11-23T10:25:00+00:00"},{"@type":"WebSite","@id":"https:\/\/www.encontracamacari.com.br\/sobre\/#website","url":"https:\/\/www.encontracamacari.com.br\/sobre\/","name":"Encontra Cama\u00e7ari","description":"Not\u00edcias, eventos, informa\u00e7\u00f5es e dicas na cidade de Cama\u00e7ari e regi\u00e3o.","inLanguage":"pt-BR","publisher":{"@id":"https:\/\/www.encontracamacari.com.br\/sobre\/#organization"}}]},"og:locale":"pt_BR","og:site_name":"Encontra Cama\u00e7ari - Not\u00edcias, eventos, informa\u00e7\u00f5es e dicas na cidade de Cama\u00e7ari e regi\u00e3o.","og:type":"article","og:title":"Falta de semicondutores pode levar \u00e0 paralisa\u00e7\u00e3o de montadoras brasileiras em at\u00e9 3 semanas, diz secret\u00e1rio - Encontra Cama\u00e7ari","og:description":"Semicondutores podem levar \u00e0 paralisa\u00e7\u00e3o das montadoras brasileiras em at\u00e9 3 semanas.","og:url":"https:\/\/www.encontracamacari.com.br\/sobre\/falta-de-semicondutores-pode-levar-a-paralisacao-de-montadoras-brasileiras-em-ate-3-semanas-diz-secretario\/","article:published_time":"2025-11-23T10:25:00+00:00","article:modified_time":"2025-11-23T10:25:00+00:00","twitter:card":"summary_large_image","twitter:title":"Falta de semicondutores pode levar \u00e0 paralisa\u00e7\u00e3o de montadoras brasileiras em at\u00e9 3 semanas, diz secret\u00e1rio - Encontra Cama\u00e7ari","twitter:description":"Semicondutores podem levar \u00e0 paralisa\u00e7\u00e3o das montadoras brasileiras em at\u00e9 3 semanas."},"aioseo_meta_data":{"post_id":"391","title":null,"description":null,"keywords":null,"keyphrases":null,"primary_term":null,"canonical_url":null,"og_title":null,"og_description":null,"og_object_type":"default","og_image_type":"default","og_image_url":null,"og_image_width":null,"og_image_height":null,"og_image_custom_url":null,"og_image_custom_fields":null,"og_video":null,"og_custom_url":null,"og_article_section":null,"og_article_tags":null,"twitter_use_og":false,"twitter_card":"default","twitter_image_type":"default","twitter_image_url":null,"twitter_image_custom_url":null,"twitter_image_custom_fields":null,"twitter_title":null,"twitter_description":null,"schema":{"blockGraphs":[],"customGraphs":[],"default":{"data":{"Article":[],"Course":[],"Dataset":[],"FAQPage":[],"Movie":[],"Person":[],"Product":[],"ProductReview":[],"Car":[],"Recipe":[],"Service":[],"SoftwareApplication":[],"WebPage":[]},"graphName":"BlogPosting","isEnabled":true},"graphs":[]},"schema_type":"default","schema_type_options":null,"pillar_content":false,"robots_default":true,"robots_noindex":false,"robots_noarchive":false,"robots_nosnippet":false,"robots_nofollow":false,"robots_noimageindex":false,"robots_noodp":false,"robots_notranslate":false,"robots_max_snippet":null,"robots_max_videopreview":null,"robots_max_imagepreview":"large","priority":null,"frequency":null,"local_seo":null,"limit_modified_date":false,"created":"2025-11-29 05:59:25","updated":"2026-08-06 00:22:51","focus_keyword":null,"additional_keywords":null,"truseo_locale":null,"ai":null,"breadcrumb_settings":null,"seo_analyzer_scan_date":null},"aioseo_breadcrumb":"<div class=\"aioseo-breadcrumbs\"><span class=\"aioseo-breadcrumb\">\n\t\t\t<a href=\"https:\/\/www.encontracamacari.com.br\/sobre\" title=\"Home\">Home<\/a>\n\t\t<\/span><span class=\"aioseo-breadcrumb-separator\">&raquo;<\/span><span class=\"aioseo-breadcrumb\">\n\t\t\t<a href=\"https:\/\/www.encontracamacari.com.br\/sobre\/noticias-em-camacari\/\" title=\"Not\u00edcias Cama\u00e7ari\">Not\u00edcias Cama\u00e7ari<\/a>\n\t\t<\/span><span class=\"aioseo-breadcrumb-separator\">&raquo;<\/span><span class=\"aioseo-breadcrumb\">\n\t\t\tFalta de semicondutores pode levar \u00e0 paralisa\u00e7\u00e3o de montadoras brasileiras em at\u00e9 3 semanas, diz secret\u00e1rio\n\t\t<\/span><\/div>","aioseo_breadcrumb_json":[{"label":"Home","link":"https:\/\/www.encontracamacari.com.br\/sobre"},{"label":"Not\u00edcias Cama\u00e7ari","link":"https:\/\/www.encontracamacari.com.br\/sobre\/noticias-em-camacari\/"},{"label":"Falta de semicondutores pode levar \u00e0 paralisa\u00e7\u00e3o de montadoras brasileiras em at\u00e9 3 semanas, diz secret\u00e1rio","link":"https:\/\/www.encontracamacari.com.br\/sobre\/falta-de-semicondutores-pode-levar-a-paralisacao-de-montadoras-brasileiras-em-ate-3-semanas-diz-secretario\/"}],"_links":{"self":[{"href":"https:\/\/www.encontracamacari.com.br\/sobre\/wp-json\/wp\/v2\/posts\/391","targetHints":{"allow":["GET"]}}],"collection":[{"href":"https:\/\/www.encontracamacari.com.br\/sobre\/wp-json\/wp\/v2\/posts"}],"about":[{"href":"https:\/\/www.encontracamacari.com.br\/sobre\/wp-json\/wp\/v2\/types\/post"}],"author":[{"embeddable":true,"href":"https:\/\/www.encontracamacari.com.br\/sobre\/wp-json\/wp\/v2\/users\/1"}],"replies":[{"embeddable":true,"href":"https:\/\/www.encontracamacari.com.br\/sobre\/wp-json\/wp\/v2\/comments?post=391"}],"version-history":[{"count":0,"href":"https:\/\/www.encontracamacari.com.br\/sobre\/wp-json\/wp\/v2\/posts\/391\/revisions"}],"wp:featuredmedia":[{"embeddable":true,"href":"https:\/\/www.encontracamacari.com.br\/sobre\/wp-json\/wp\/v2\/media\/390"}],"wp:attachment":[{"href":"https:\/\/www.encontracamacari.com.br\/sobre\/wp-json\/wp\/v2\/media?parent=391"}],"wp:term":[{"taxonomy":"category","embeddable":true,"href":"https:\/\/www.encontracamacari.com.br\/sobre\/wp-json\/wp\/v2\/categories?post=391"},{"taxonomy":"post_tag","embeddable":true,"href":"https:\/\/www.encontracamacari.com.br\/sobre\/wp-json\/wp\/v2\/tags?post=391"}],"curies":[{"name":"wp","href":"https:\/\/api.w.org\/{rel}","templated":true}]}}