{"id":385,"date":"2025-11-22T09:15:00","date_gmt":"2025-11-22T09:15:00","guid":{"rendered":"https:\/\/www.encontracamacari.com.br\/sobre\/byd-realiza-o-primeiro-envio-de-veiculos-produzidos-na-fabrica-de-camacari\/"},"modified":"2025-11-22T09:15:00","modified_gmt":"2025-11-22T09:15:00","slug":"byd-realiza-o-primeiro-envio-de-veiculos-produzidos-na-fabrica-de-camacari","status":"publish","type":"post","link":"https:\/\/www.encontracamacari.com.br\/sobre\/byd-realiza-o-primeiro-envio-de-veiculos-produzidos-na-fabrica-de-camacari\/","title":{"rendered":"BYD realiza o primeiro envio de ve\u00edculos produzidos na f\u00e1brica de Cama\u00e7ari"},"content":{"rendered":"<div class=\"2410bb7248a64bb1f71103797e0f239b\" data-index=\"1\" style=\"float: none; margin:0px;\">\n<ins class=\"adsbygoogle\"\r\n     style=\"display:block\"\r\n     data-ad-client=\"ca-pub-8585364105181520\"\r\n     data-ad-slot=\"8789329856\"\r\n     data-ad-format=\"auto\"\r\n     data-full-width-responsive=\"true\"><\/ins>\r\n<script>\r\n     (adsbygoogle = window.adsbygoogle || []).push({});\r\n<\/script>\n<\/div>\n<h2>O Marco Hist\u00f3rico da F\u00e1brica de Cama\u00e7ari<\/h2>\n<p>A inaugura\u00e7\u00e3o da nova f\u00e1brica da <strong>BYD em Cama\u00e7ari, Bahia<\/strong>, representa um momento significativo n\u00e3o apenas para a montadora, mas tamb\u00e9m para a ind\u00fastria automobil\u00edstica e para a economia brasileira como um todo. Em 23 de outubro de 2025, o primeiro lote de ve\u00edculos, composto por <strong>75 unidades do modelo Dolphin Mini<\/strong>, foi enviado para Bras\u00edlia, assinalando o in\u00edcio das opera\u00e7\u00f5es comerciais da planta no Brasil. Este evento simboliza a crescente import\u00e2ncia da mobilidade el\u00e9trica e a adapta\u00e7\u00e3o do setor automobil\u00edstico frente \u00e0s novas demandas do mercado.<\/p>\n<p>A BYD, que j\u00e1 \u00e9 conhecida mundialmente pela sua dedica\u00e7\u00e3o \u00e0 inova\u00e7\u00e3o e sustentabilidade, escolheu o Brasil como um de seus principais pontos de investimento para a produ\u00e7\u00e3o de ve\u00edculos el\u00e9tricos. A localiza\u00e7\u00e3o em Cama\u00e7ari foi estrategicamente selecionada, n\u00e3o apenas pela infraestrutura j\u00e1 existente na regi\u00e3o, mas tamb\u00e9m pela vontade do governo local em incentivar o desenvolvimento de tecnologias sustent\u00e1veis e a gera\u00e7\u00e3o de empregos atrav\u00e9s da ind\u00fastria.<\/p>\n<p>O funcionamento dessa nova unidade fabril \u00e9 um reflexo do compromisso da BYD com a <strong>sustentabilidade<\/strong>. A empresa tem atuado firmemente para popularizar os ve\u00edculos el\u00e9tricos no Brasil, e a capacidade de produzir localmente permitir\u00e1 n\u00e3o apenas uma diminui\u00e7\u00e3o nos custos operacionais e log\u00edsticos, mas tamb\u00e9m a resposta a uma demanda crescente por ve\u00edculos mais ecol\u00f3gicos. Assim, a f\u00e1brica de Cama\u00e7ari n\u00e3o s\u00f3 estabelece um novo padr\u00e3o em termos de produ\u00e7\u00e3o sustent\u00e1vel de autom\u00f3veis, mas tamb\u00e9m d\u00e1 um passo \u00e0 frente no fortalecimento da estrutura industrial do Brasil.<\/p>\n<p><img decoding=\"async\" src=\"https:\/\/www.encontracamacari.com.br\/sobre\/wp-content\/uploads\/2025\/11\/byd-realiza-o-primeiro-envio-de-veiculos-produzidos-na-fabrica-de-camacari.webp\" alt=\"envio de ve\u00edculos da nova f\u00e1brica BYD\" loading=\"lazy\" \/><\/p>\n<h2>O Que \u00e9 o Dolphin Mini?<\/h2>\n<p>O <strong>Dolphin Mini<\/strong> \u00e9 um dos modelos mais inovadores da BYD, projetado para atender a diferentes necessidades dos consumidores, especialmente em um contexto onde a efici\u00eancia energ\u00e9tica e a sustentabilidade est\u00e3o em alta. Este ve\u00edculo el\u00e9trico se destaca por suas caracter\u00edsticas t\u00e9cnicas que o tornam ideal para o uso urbano e metropolitano.<\/p>\n<p>Com um design moderno e compacto, o Dolphin Mini oferece uma experi\u00eancia de condu\u00e7\u00e3o excepcional, combinando efici\u00eancia com conforto. Seus pontos altos incluem um sistema de propuls\u00e3o totalmente el\u00e9trico, que n\u00e3o s\u00f3 reduz as emiss\u00f5es de poluentes como tamb\u00e9m proporciona uma performance superior em ambientes urbanos, onde a mobilidade \u00e9 frequentemente desafiada por congestionamentos e limita\u00e7\u00f5es de espa\u00e7o.<\/p>\n<p>A autonomia deste modelo \u00e9 outra vantagem significativa, pois permite uma utiliza\u00e7\u00e3o pr\u00e1tica no dia a dia sem a necessidade de recargas frequentes. O Dolphin Mini \u00e9 equipado com tecnologias de ponta, incluindo sistemas de assist\u00eancia ao motorista que garantem n\u00e3o apenas conveni\u00eancia, mas tamb\u00e9m seguran\u00e7a. A combina\u00e7\u00e3o de um pre\u00e7o competitivo e caracter\u00edsticas que atendem a um p\u00fablico crescente interessado em op\u00e7\u00f5es sustent\u00e1veis posiciona o Dolphin Mini como uma \u00f3tima escolha no mercado automobil\u00edstico atual.<\/p>\n<h2>A Log\u00edstica do Primeiro Envio<\/h2>\n<p>O envio das 75 unidades do Dolphin Mini representa um planejamento log\u00edstico cuidadosamente elaborado, que reflete a capacidade da BYD de operar eficientemente dentro do Brasil. O transporte dos ve\u00edculos para o <strong>Distrito Federal<\/strong> foi realizado atrav\u00e9s de um esquema de carretas, cada uma transportando cerca de dez ve\u00edculos, em um percurso estimado de 1.400 quil\u00f4metros.<\/p>\n<p>Essa log\u00edstica complexa n\u00e3o se resume apenas ao transporte f\u00edsico dos ve\u00edculos. Ela inclui uma s\u00e9rie de etapas que garantem que cada autom\u00f3vel chegue ao destino final em perfeitas condi\u00e7\u00f5es. Desde a coordena\u00e7\u00e3o entre os setores de produ\u00e7\u00e3o e transporte da f\u00e1brica, at\u00e9 a comunica\u00e7\u00e3o com as concession\u00e1rias, cada elemento desempenha um papel vital na cadeia de suprimentos.<\/p>\n<p>Al\u00e9m disso, o tempo estimado de tr\u00eas a quatro dias para a viagem demonstra a efici\u00eancia da infraestrutura de transporte do Brasil, possibilitando que os novos modelos cheguem rapidamente ao mercado. Este primeiro envio \u00e9 apenas o in\u00edcio do que promete ser uma opera\u00e7\u00e3o cont\u00ednua de produ\u00e7\u00e3o e distribui\u00e7\u00e3o, com a expectativa de que novos carregamentos se sigam em breve, ampliando o alcance da produ\u00e7\u00e3o local da BYD e atendendo a um mercado cada vez mais sedento por solu\u00e7\u00f5es de mobilidade sustent\u00e1vel.<\/p>\n<h2>Impacto da Produ\u00e7\u00e3o Local na Economia<\/h2>\n<p>A instala\u00e7\u00e3o da f\u00e1brica de Cama\u00e7ari e o in\u00edcio da produ\u00e7\u00e3o local de ve\u00edculos el\u00e9tricos ter\u00e1 um impacto significativo na economia da regi\u00e3o e do pa\u00eds como um todo. Primeiramente, a cria\u00e7\u00e3o de empregos \u00e9 um dos benef\u00edcios mais imediatos e vis\u00edveis. A nova planta n\u00e3o apenas gera empregos diretos, mas tamb\u00e9m impulsiona a cria\u00e7\u00e3o de oportunidades indiretas em \u00e1reas como fornecedores, transporte e vendas.<\/p>\n<p>O setor automobil\u00edstico tem um forte efeito multiplicador na economia. Com a produ\u00e7\u00e3o local, h\u00e1 um aumento na demanda por insumos e servi\u00e7os, o que beneficia uma variedade de ind\u00fastrias em todo o Brasil. Pe\u00e7as e componentes necess\u00e1rios para a montagem dos ve\u00edculos s\u00e3o frequentemente adquiridos de empresas locais, promovendo um ciclo virtuoso de desenvolvimento econ\u00f4mico.<\/p>\n<p>Al\u00e9m disso, a presen\u00e7a de um fabricante global como a BYD em solo brasileiro fortalece a posi\u00e7\u00e3o do pa\u00eds como um polo para a produ\u00e7\u00e3o de tecnologia limpa. Isso n\u00e3o apenas atrai investimentos adicionais, mas tamb\u00e9m posiciona o Brasil como um l\u00edder em inova\u00e7\u00e3o no campo da mobilidade el\u00e9trica, ressaltando seu potencial no cen\u00e1rio internacional.<\/p>\n<h2>Expectativas de Vendas para a Nova Planta<\/h2>\n<p>As expectativas de vendas do Dolphin Mini e de outros modelos que dever\u00e3o ser produzidos na nova planta s\u00e3o alt\u00edssimas. Com a crescente ades\u00e3o por um estilo de vida mais sustent\u00e1vel, os ve\u00edculos el\u00e9tricos est\u00e3o se tornando cada vez mais populares entre os consumidores brasileiros. O Dolphin Mini, sendo um dos modelos el\u00e9tricos mais vendidos do pa\u00eds, tem um potencial de mercado significativo.<\/p>\n<p>O modelo j\u00e1 possui uma reputa\u00e7\u00e3o estabelecida, e a produ\u00e7\u00e3o local s\u00f3 deve refor\u00e7ar essa posi\u00e7\u00e3o. Como destacado na comunica\u00e7\u00e3o da BYD, a montadora j\u00e1 det\u00e9m uma participa\u00e7\u00e3o de mercado de <strong>80%<\/strong> no segmento de carros el\u00e9tricos no Brasil, o que indica que a aceita\u00e7\u00e3o do consumidor por produtos da empresa \u00e9 bastante s\u00f3lida.<\/p><div class=\"2410bb7248a64bb1f71103797e0f239b\" data-index=\"2\" style=\"float: none; margin:0px;\">\n<ins class=\"adsbygoogle\"\r\n     style=\"display:block; text-align:center;\"\r\n     data-ad-layout=\"in-article\"\r\n     data-ad-format=\"fluid\"\r\n     data-ad-client=\"ca-pub-8585364105181520\"\r\n     data-ad-slot=\"2899217073\"><\/ins>\r\n<script>\r\n     (adsbygoogle = window.adsbygoogle || []).push({});\r\n<\/script>\r\n\r\n<\/br><\/br>\n<\/div>\n\n<p>Al\u00e9m disso, a efetividade do marketing e das campanhas destinadas a educar o consumidor sobre as vantagens dos ve\u00edculos el\u00e9tricos tamb\u00e9m desempenhar\u00e3o um papel vital. \u00c0 medida que mais pessoas compreendem os benef\u00edcios n\u00e3o apenas ambientais, mas tamb\u00e9m econ\u00f4micos de possuir um ve\u00edculo el\u00e9trico, as vendas devem aumentar consideravelmente.<\/p>\n<h2>A Lideran\u00e7a da BYD no Mercado de El\u00e9tricos<\/h2>\n<p>A BYD se destaca de forma not\u00e1vel no mercado brasileiro de ve\u00edculos el\u00e9tricos, n\u00e3o apenas pela quantidade de ve\u00edculos vendidos, mas tamb\u00e9m pela inova\u00e7\u00e3o constante e pelo compromisso com a qualidade. Como l\u00edder do mercado, a empresa demonstra que a produ\u00e7\u00e3o em larga escala de ve\u00edculos el\u00e9tricos \u00e9 vi\u00e1vel e sustent\u00e1vel.<\/p>\n<p>A empresa investe continuamente em pesquisa e desenvolvimento, buscando sempre melhorar as caracter\u00edsticas de seus modelos, assim como a sustentabilidade de sua produ\u00e7\u00e3o. A capacidade de localmente produzir ve\u00edculos como o Dolphin Mini fortalece sua posi\u00e7\u00e3o de lideran\u00e7a, ao mesmo tempo em que reduz custos e melhora a efici\u00eancia log\u00edstica.<\/p>\n<p>Al\u00e9m disso, a lideran\u00e7a da BYD \u00e9 fortalecida por sua capacidade de atender a diferentes nichos de mercado, desde modelos populares at\u00e9 utilit\u00e1rios e solu\u00e7\u00f5es para frotas. Essa versatilidade \u00e9 crucial para manter a competitividade em um segmento de mercado que est\u00e1 se expandindo rapidamente.<\/p>\n<h2>Carros El\u00e9tricos e Sustentabilidade<\/h2>\n<p>A transi\u00e7\u00e3o para <strong>carros el\u00e9tricos<\/strong> est\u00e1 diretamente conectada \u00e0s preocupa\u00e7\u00f5es sobre as mudan\u00e7as clim\u00e1ticas e a sustentabilidade ambiental. A produ\u00e7\u00e3o em larga escala de ve\u00edculos el\u00e9tricos representa um esfor\u00e7o significativo para mitigar os efeitos negativos das emiss\u00f5es de gases do efeito estufa, uma vez que esses ve\u00edculos operam sem a queima de combust\u00edveis f\u00f3sseis.<\/p>\n<p>Os carros el\u00e9tricos, como o Dolphin Mini, s\u00e3o alimentados por baterias que podem ser recarregadas atrav\u00e9s de fontes de energia renov\u00e1vel, como solar e e\u00f3lica. Essa combina\u00e7\u00e3o n\u00e3o s\u00f3 proporciona uma alternativa limpa aos ve\u00edculos movidos a combust\u00e3o interna, mas tamb\u00e9m contribui para a redu\u00e7\u00e3o da depend\u00eancia do petr\u00f3leo e de combust\u00edveis f\u00f3sseis, um dos principais determinantes da polui\u00e7\u00e3o ambiental.<\/p>\n<p>Al\u00e9m disso, a mobilidade el\u00e9trica apresenta vantagens em rela\u00e7\u00e3o ao consumo de energia. Os ve\u00edculos el\u00e9tricos costumam ser mais eficientes em termos de energia em compara\u00e7\u00e3o com seus equivalentes a gasolina, resultando em menos energia consumida por quil\u00f4metro rodado. Este aspecto \u00e9 vital para cidades que est\u00e3o lutando contra congestionamentos e polui\u00e7\u00e3o do ar.<\/p>\n<h2>Desafios e Oportunidades para a BYD<\/h2>\n<p>A entrada em opera\u00e7\u00e3o da nova f\u00e1brica de Cama\u00e7ari representa grandes oportunidades, mas tamb\u00e9m traz desafios para a BYD. Um dos maiores desafios reside na concorr\u00eancia crescente no mercado de ve\u00edculos el\u00e9tricos. Com a populariza\u00e7\u00e3o do segmento, novas montadoras est\u00e3o entrando no mercado brasileiro, o que aumenta a competi\u00e7\u00e3o e pressiona pre\u00e7os.<\/p>\n<p>Cabe \u00e0 BYD continuar se diferenciando atrav\u00e9s de inova\u00e7\u00e3o e qualidade. A capacidade de oferecer ve\u00edculos com recursos tecnol\u00f3gicos superiores e um suporte p\u00f3s-venda eficaz ser\u00e1 crucial para manter a lideran\u00e7a no setor. A montadora deve tamb\u00e9m focar em campanhas de conscientiza\u00e7\u00e3o que ajudem a educar os consumidores sobre os benef\u00edcios dos ve\u00edculos el\u00e9tricos e a import\u00e2ncia da mobilidade sustent\u00e1vel.<\/p>\n<p>Outro desafio \u00e9 a infraestrutura para carregamento de ve\u00edculos el\u00e9tricos no Brasil. Embora haja um aumento das esta\u00e7\u00f5es de carregamento, o desenvolvimento da rede ainda \u00e9 incipiente. A BYD pode assumir um papel ativo no incentivo \u00e0 expans\u00e3o da infraestrutura de carregamento, aliando-se a parceiros estrat\u00e9gicos para a cria\u00e7\u00e3o de uma rede robusta que ofere\u00e7a suporte aos usu\u00e1rios de ve\u00edculos el\u00e9tricos.<\/p>\n<h2>Avalia\u00e7\u00e3o do Mercado de Ve\u00edculos El\u00e9tricos<\/h2>\n<p>O mercado de ve\u00edculos el\u00e9tricos no Brasil est\u00e1 em uma fase de crescimento acelerado, impulsionado por tr\u00eas principais tend\u00eancias: a crescente preocupa\u00e7\u00e3o ambiental, a evolu\u00e7\u00e3o das tecnologias de baterias e a press\u00e3o regulat\u00f3ria para reduzir as emiss\u00f5es de poluentes. Essas tend\u00eancias t\u00eam gerado uma maior aceita\u00e7\u00e3o e demanda por ve\u00edculos el\u00e9tricos como o Dolphin Mini.<\/p>\n<p>Com pol\u00edticas p\u00fablicas que incentivam a ado\u00e7\u00e3o de ve\u00edculos limpos, como isen\u00e7\u00e3o de impostos e subs\u00eddios, o governo brasileiro tem desempenhado um papel importante na forma\u00e7\u00e3o desse mercado. O cen\u00e1rio atual indica que a ado\u00e7\u00e3o de ve\u00edculos el\u00e9tricos pode crescer exponencialmente nas pr\u00f3ximas d\u00e9cadas, refletindo o que j\u00e1 ocorre em outros pa\u00edses que lideram o segmento.<\/p>\n<p>A medida que o aumento na oferta de modelos el\u00e9tricos diversificados, o consumidor tem mais op\u00e7\u00f5es e oportunidades de escolha. Dessa forma, a variedade de modelos da BYD e a introdu\u00e7\u00e3o cont\u00ednua de novas tecnologias devem contribuir positivamente para a avalia\u00e7\u00e3o do mercado de ve\u00edculos el\u00e9tricos, consolidando a posi\u00e7\u00e3o do Brasil como um dos principais players na arena global de mobilidade el\u00e9trica.<\/p>\n<h2>A Revolu\u00e7\u00e3o do Transporte El\u00e9trico no Brasil<\/h2>\n<p>A revolu\u00e7\u00e3o do transporte el\u00e9trico no Brasil n\u00e3o \u00e9 apenas uma tend\u00eancia passageira, mas sim um movimento que est\u00e1 mudando a forma como as pessoas pensam sobre mobilidade. Este fen\u00f4meno \u00e9 alimentado por uma conscientiza\u00e7\u00e3o crescente sobre as quest\u00f5es ambientais e pela necessidade de solu\u00e7\u00f5es de transporte mais eficientes e sustent\u00e1veis. O mercado de carros el\u00e9tricos, como o Dolphin Mini da BYD, \u00e9 uma resposta direta a essas demandas sociais.<\/p>\n<p>A ades\u00e3o crescente aos ve\u00edculos el\u00e9tricos reflete uma mudan\u00e7a nas expectativas dos consumidores, que est\u00e3o se tornando mais exigentes em rela\u00e7\u00e3o \u00e0 sustentabilidade e \u00e0 efici\u00eancia nos autom\u00f3veis que adquirem. Como resultado, as montadoras que se comprometerem com a produ\u00e7\u00e3o de ve\u00edculos que atendam a essas expectativas ter\u00e3o uma vantagem competitiva significativa.<\/p>\n<p>\u00c0 medida que a infraestrutura para carregamento de ve\u00edculos el\u00e9tricos continua a se expandir e a inova\u00e7\u00e3o em tecnologia de baterias avan\u00e7a, espera-se que a revolu\u00e7\u00e3o do transporte el\u00e9trico se intensifique no Brasil. Empresas como a BYD est\u00e3o na vanguarda dessa transforma\u00e7\u00e3o, oferecendo solu\u00e7\u00f5es vi\u00e1veis para uma nova era de mobilidade.<\/p>\n<div class=\"2410bb7248a64bb1f71103797e0f239b\" data-index=\"3\" style=\"float: none; margin:0px;\">\n<\/br><\/br>\r\n\r\n<ins class=\"adsbygoogle\"\r\n     style=\"display:block\"\r\n     data-ad-format=\"fluid\"\r\n     data-ad-layout-key=\"-63+do+n-1s+9e\"\r\n     data-ad-client=\"ca-pub-8585364105181520\"\r\n     data-ad-slot=\"6838462089\"><\/ins>\r\n<script>\r\n     (adsbygoogle = window.adsbygoogle || []).push({});\r\n<\/script>\n<\/div>\n\n<div style=\"font-size: 0px; height: 0px; line-height: 0px; margin: 0; padding: 0; clear: both;\"><\/div>","protected":false},"excerpt":{"rendered":"<p>BYD realiza envio de ve\u00edculos produzidos em Cama\u00e7ari, marcando in\u00edcio hist\u00f3rico.<\/p>\n","protected":false},"author":1,"featured_media":384,"comment_status":"open","ping_status":"closed","sticky":false,"template":"","format":"standard","meta":{"footnotes":""},"categories":[1],"tags":[],"class_list":["post-385","post","type-post","status-publish","format-standard","has-post-thumbnail","hentry","category-noticias-em-camacari","has_thumb"],"aioseo_notices":[],"aioseo_head":"\n\t\t<!-- All in One SEO 5.0.0.1 - aioseo.com -->\n\t<meta name=\"description\" content=\"BYD realiza envio de ve\u00edculos produzidos em Cama\u00e7ari, marcando in\u00edcio hist\u00f3rico.\" \/>\n\t<meta name=\"robots\" content=\"max-image-preview:large\" \/>\n\t<meta name=\"author\" content=\"Encontra Cama\u00e7ari\"\/>\n\t<link rel=\"canonical\" href=\"https:\/\/www.encontracamacari.com.br\/sobre\/byd-realiza-o-primeiro-envio-de-veiculos-produzidos-na-fabrica-de-camacari\/\" \/>\n\t<meta name=\"generator\" content=\"All in One SEO (AIOSEO) 5.0.0.1\" \/>\n\t\t<meta property=\"og:locale\" content=\"pt_BR\" \/>\n\t\t<meta property=\"og:site_name\" content=\"Encontra Cama\u00e7ari - Not\u00edcias, eventos, informa\u00e7\u00f5es e dicas na cidade de Cama\u00e7ari e regi\u00e3o.\" \/>\n\t\t<meta property=\"og:type\" content=\"article\" \/>\n\t\t<meta property=\"og:title\" content=\"BYD realiza o primeiro envio de ve\u00edculos produzidos na f\u00e1brica de Cama\u00e7ari - Encontra Cama\u00e7ari\" \/>\n\t\t<meta property=\"og:description\" content=\"BYD realiza envio de ve\u00edculos produzidos em Cama\u00e7ari, marcando in\u00edcio hist\u00f3rico.\" \/>\n\t\t<meta property=\"og:url\" content=\"https:\/\/www.encontracamacari.com.br\/sobre\/byd-realiza-o-primeiro-envio-de-veiculos-produzidos-na-fabrica-de-camacari\/\" \/>\n\t\t<meta property=\"article:published_time\" content=\"2025-11-22T09:15:00+00:00\" \/>\n\t\t<meta property=\"article:modified_time\" content=\"2025-11-22T09:15:00+00:00\" \/>\n\t\t<meta name=\"twitter:card\" content=\"summary_large_image\" \/>\n\t\t<meta name=\"twitter:title\" content=\"BYD realiza o primeiro envio de ve\u00edculos produzidos na f\u00e1brica de Cama\u00e7ari - Encontra Cama\u00e7ari\" \/>\n\t\t<meta name=\"twitter:description\" content=\"BYD realiza envio de ve\u00edculos produzidos em Cama\u00e7ari, marcando in\u00edcio hist\u00f3rico.\" \/>\n\t\t<script type=\"application\/ld+json\" class=\"aioseo-schema\">\n\t\t\t{\"@context\":\"https:\\\/\\\/schema.org\",\"@graph\":[{\"@type\":\"BlogPosting\",\"@id\":\"https:\\\/\\\/www.encontracamacari.com.br\\\/sobre\\\/byd-realiza-o-primeiro-envio-de-veiculos-produzidos-na-fabrica-de-camacari\\\/#blogposting\",\"name\":\"BYD realiza o primeiro envio de ve\\u00edculos produzidos na f\\u00e1brica de Cama\\u00e7ari - Encontra Cama\\u00e7ari\",\"headline\":\"BYD realiza o primeiro envio de ve\\u00edculos produzidos na f\\u00e1brica de Cama\\u00e7ari\",\"author\":{\"@id\":\"https:\\\/\\\/www.encontracamacari.com.br\\\/sobre\\\/author\\\/ecamacari\\\/#author\"},\"publisher\":{\"@id\":\"https:\\\/\\\/www.encontracamacari.com.br\\\/sobre\\\/#organization\"},\"image\":{\"@type\":\"ImageObject\",\"url\":\"https:\\\/\\\/www.encontracamacari.com.br\\\/sobre\\\/wp-content\\\/uploads\\\/2025\\\/11\\\/byd-realiza-o-primeiro-envio-de-veiculos-produzidos-na-fabrica-de-camacari.webp\",\"width\":320,\"height\":280,\"caption\":\"envio de ve\\u00edculos da nova f\\u00e1brica BYD\"},\"datePublished\":\"2025-11-22T09:15:00+00:00\",\"dateModified\":\"2025-11-22T09:15:00+00:00\",\"inLanguage\":\"pt-BR\",\"mainEntityOfPage\":{\"@id\":\"https:\\\/\\\/www.encontracamacari.com.br\\\/sobre\\\/byd-realiza-o-primeiro-envio-de-veiculos-produzidos-na-fabrica-de-camacari\\\/#webpage\"},\"isPartOf\":{\"@id\":\"https:\\\/\\\/www.encontracamacari.com.br\\\/sobre\\\/byd-realiza-o-primeiro-envio-de-veiculos-produzidos-na-fabrica-de-camacari\\\/#webpage\"},\"articleSection\":\"Not\\u00edcias Cama\\u00e7ari\"},{\"@type\":\"BreadcrumbList\",\"@id\":\"https:\\\/\\\/www.encontracamacari.com.br\\\/sobre\\\/byd-realiza-o-primeiro-envio-de-veiculos-produzidos-na-fabrica-de-camacari\\\/#breadcrumblist\",\"itemListElement\":[{\"@type\":\"ListItem\",\"@id\":\"https:\\\/\\\/www.encontracamacari.com.br\\\/sobre#listItem\",\"position\":1,\"name\":\"Home\",\"item\":\"https:\\\/\\\/www.encontracamacari.com.br\\\/sobre\",\"nextItem\":{\"@type\":\"ListItem\",\"@id\":\"https:\\\/\\\/www.encontracamacari.com.br\\\/sobre\\\/noticias-em-camacari\\\/#listItem\",\"name\":\"Not\\u00edcias Cama\\u00e7ari\"}},{\"@type\":\"ListItem\",\"@id\":\"https:\\\/\\\/www.encontracamacari.com.br\\\/sobre\\\/noticias-em-camacari\\\/#listItem\",\"position\":2,\"name\":\"Not\\u00edcias Cama\\u00e7ari\",\"item\":\"https:\\\/\\\/www.encontracamacari.com.br\\\/sobre\\\/noticias-em-camacari\\\/\",\"nextItem\":{\"@type\":\"ListItem\",\"@id\":\"https:\\\/\\\/www.encontracamacari.com.br\\\/sobre\\\/byd-realiza-o-primeiro-envio-de-veiculos-produzidos-na-fabrica-de-camacari\\\/#listItem\",\"name\":\"BYD realiza o primeiro envio de ve\\u00edculos produzidos na f\\u00e1brica de Cama\\u00e7ari\"},\"previousItem\":{\"@type\":\"ListItem\",\"@id\":\"https:\\\/\\\/www.encontracamacari.com.br\\\/sobre#listItem\",\"name\":\"Home\"}},{\"@type\":\"ListItem\",\"@id\":\"https:\\\/\\\/www.encontracamacari.com.br\\\/sobre\\\/byd-realiza-o-primeiro-envio-de-veiculos-produzidos-na-fabrica-de-camacari\\\/#listItem\",\"position\":3,\"name\":\"BYD realiza o primeiro envio de ve\\u00edculos produzidos na f\\u00e1brica de Cama\\u00e7ari\",\"previousItem\":{\"@type\":\"ListItem\",\"@id\":\"https:\\\/\\\/www.encontracamacari.com.br\\\/sobre\\\/noticias-em-camacari\\\/#listItem\",\"name\":\"Not\\u00edcias Cama\\u00e7ari\"}}]},{\"@type\":\"Organization\",\"@id\":\"https:\\\/\\\/www.encontracamacari.com.br\\\/sobre\\\/#organization\",\"name\":\"Encontra Cama\\u00e7ari\",\"description\":\"Not\\u00edcias, eventos, informa\\u00e7\\u00f5es e dicas na cidade de Cama\\u00e7ari e regi\\u00e3o.\",\"url\":\"https:\\\/\\\/www.encontracamacari.com.br\\\/sobre\\\/\"},{\"@type\":\"Person\",\"@id\":\"https:\\\/\\\/www.encontracamacari.com.br\\\/sobre\\\/author\\\/ecamacari\\\/#author\",\"url\":\"https:\\\/\\\/www.encontracamacari.com.br\\\/sobre\\\/author\\\/ecamacari\\\/\",\"name\":\"Encontra Cama\\u00e7ari\",\"image\":{\"@type\":\"ImageObject\",\"@id\":\"https:\\\/\\\/www.encontracamacari.com.br\\\/sobre\\\/byd-realiza-o-primeiro-envio-de-veiculos-produzidos-na-fabrica-de-camacari\\\/#authorImage\",\"url\":\"https:\\\/\\\/secure.gravatar.com\\\/avatar\\\/507340682b8270222e1f208e23198b6ae7e2c6a1033ae84e99bc6bce4f82a387?s=96&d=mm&r=g\",\"width\":96,\"height\":96,\"caption\":\"Encontra Cama\\u00e7ari\"}},{\"@type\":\"WebPage\",\"@id\":\"https:\\\/\\\/www.encontracamacari.com.br\\\/sobre\\\/byd-realiza-o-primeiro-envio-de-veiculos-produzidos-na-fabrica-de-camacari\\\/#webpage\",\"url\":\"https:\\\/\\\/www.encontracamacari.com.br\\\/sobre\\\/byd-realiza-o-primeiro-envio-de-veiculos-produzidos-na-fabrica-de-camacari\\\/\",\"name\":\"BYD realiza o primeiro envio de ve\\u00edculos produzidos na f\\u00e1brica de Cama\\u00e7ari - Encontra Cama\\u00e7ari\",\"description\":\"BYD realiza envio de ve\\u00edculos produzidos em Cama\\u00e7ari, marcando in\\u00edcio hist\\u00f3rico.\",\"inLanguage\":\"pt-BR\",\"isPartOf\":{\"@id\":\"https:\\\/\\\/www.encontracamacari.com.br\\\/sobre\\\/#website\"},\"breadcrumb\":{\"@id\":\"https:\\\/\\\/www.encontracamacari.com.br\\\/sobre\\\/byd-realiza-o-primeiro-envio-de-veiculos-produzidos-na-fabrica-de-camacari\\\/#breadcrumblist\"},\"author\":{\"@id\":\"https:\\\/\\\/www.encontracamacari.com.br\\\/sobre\\\/author\\\/ecamacari\\\/#author\"},\"creator\":{\"@id\":\"https:\\\/\\\/www.encontracamacari.com.br\\\/sobre\\\/author\\\/ecamacari\\\/#author\"},\"image\":{\"@type\":\"ImageObject\",\"url\":\"https:\\\/\\\/www.encontracamacari.com.br\\\/sobre\\\/wp-content\\\/uploads\\\/2025\\\/11\\\/byd-realiza-o-primeiro-envio-de-veiculos-produzidos-na-fabrica-de-camacari.webp\",\"@id\":\"https:\\\/\\\/www.encontracamacari.com.br\\\/sobre\\\/byd-realiza-o-primeiro-envio-de-veiculos-produzidos-na-fabrica-de-camacari\\\/#mainImage\",\"width\":320,\"height\":280,\"caption\":\"envio de ve\\u00edculos da nova f\\u00e1brica BYD\"},\"primaryImageOfPage\":{\"@id\":\"https:\\\/\\\/www.encontracamacari.com.br\\\/sobre\\\/byd-realiza-o-primeiro-envio-de-veiculos-produzidos-na-fabrica-de-camacari\\\/#mainImage\"},\"datePublished\":\"2025-11-22T09:15:00+00:00\",\"dateModified\":\"2025-11-22T09:15:00+00:00\"},{\"@type\":\"WebSite\",\"@id\":\"https:\\\/\\\/www.encontracamacari.com.br\\\/sobre\\\/#website\",\"url\":\"https:\\\/\\\/www.encontracamacari.com.br\\\/sobre\\\/\",\"name\":\"Encontra Cama\\u00e7ari\",\"description\":\"Not\\u00edcias, eventos, informa\\u00e7\\u00f5es e dicas na cidade de Cama\\u00e7ari e regi\\u00e3o.\",\"inLanguage\":\"pt-BR\",\"publisher\":{\"@id\":\"https:\\\/\\\/www.encontracamacari.com.br\\\/sobre\\\/#organization\"}}]}\n\t\t<\/script>\n\t\t<!-- All in One SEO -->\n\n","aioseo_head_json":{"title":"BYD realiza o primeiro envio de ve\u00edculos produzidos na f\u00e1brica de Cama\u00e7ari - Encontra Cama\u00e7ari","description":"BYD realiza envio de ve\u00edculos produzidos em Cama\u00e7ari, marcando in\u00edcio hist\u00f3rico.","canonical_url":"https:\/\/www.encontracamacari.com.br\/sobre\/byd-realiza-o-primeiro-envio-de-veiculos-produzidos-na-fabrica-de-camacari\/","robots":"max-image-preview:large","keywords":"","webmasterTools":{"miscellaneous":""},"schema":{"@context":"https:\/\/schema.org","@graph":[{"@type":"BlogPosting","@id":"https:\/\/www.encontracamacari.com.br\/sobre\/byd-realiza-o-primeiro-envio-de-veiculos-produzidos-na-fabrica-de-camacari\/#blogposting","name":"BYD realiza o primeiro envio de ve\u00edculos produzidos na f\u00e1brica de Cama\u00e7ari - Encontra Cama\u00e7ari","headline":"BYD realiza o primeiro envio de ve\u00edculos produzidos na f\u00e1brica de Cama\u00e7ari","author":{"@id":"https:\/\/www.encontracamacari.com.br\/sobre\/author\/ecamacari\/#author"},"publisher":{"@id":"https:\/\/www.encontracamacari.com.br\/sobre\/#organization"},"image":{"@type":"ImageObject","url":"https:\/\/www.encontracamacari.com.br\/sobre\/wp-content\/uploads\/2025\/11\/byd-realiza-o-primeiro-envio-de-veiculos-produzidos-na-fabrica-de-camacari.webp","width":320,"height":280,"caption":"envio de ve\u00edculos da nova f\u00e1brica BYD"},"datePublished":"2025-11-22T09:15:00+00:00","dateModified":"2025-11-22T09:15:00+00:00","inLanguage":"pt-BR","mainEntityOfPage":{"@id":"https:\/\/www.encontracamacari.com.br\/sobre\/byd-realiza-o-primeiro-envio-de-veiculos-produzidos-na-fabrica-de-camacari\/#webpage"},"isPartOf":{"@id":"https:\/\/www.encontracamacari.com.br\/sobre\/byd-realiza-o-primeiro-envio-de-veiculos-produzidos-na-fabrica-de-camacari\/#webpage"},"articleSection":"Not\u00edcias Cama\u00e7ari"},{"@type":"BreadcrumbList","@id":"https:\/\/www.encontracamacari.com.br\/sobre\/byd-realiza-o-primeiro-envio-de-veiculos-produzidos-na-fabrica-de-camacari\/#breadcrumblist","itemListElement":[{"@type":"ListItem","@id":"https:\/\/www.encontracamacari.com.br\/sobre#listItem","position":1,"name":"Home","item":"https:\/\/www.encontracamacari.com.br\/sobre","nextItem":{"@type":"ListItem","@id":"https:\/\/www.encontracamacari.com.br\/sobre\/noticias-em-camacari\/#listItem","name":"Not\u00edcias Cama\u00e7ari"}},{"@type":"ListItem","@id":"https:\/\/www.encontracamacari.com.br\/sobre\/noticias-em-camacari\/#listItem","position":2,"name":"Not\u00edcias Cama\u00e7ari","item":"https:\/\/www.encontracamacari.com.br\/sobre\/noticias-em-camacari\/","nextItem":{"@type":"ListItem","@id":"https:\/\/www.encontracamacari.com.br\/sobre\/byd-realiza-o-primeiro-envio-de-veiculos-produzidos-na-fabrica-de-camacari\/#listItem","name":"BYD realiza o primeiro envio de ve\u00edculos produzidos na f\u00e1brica de Cama\u00e7ari"},"previousItem":{"@type":"ListItem","@id":"https:\/\/www.encontracamacari.com.br\/sobre#listItem","name":"Home"}},{"@type":"ListItem","@id":"https:\/\/www.encontracamacari.com.br\/sobre\/byd-realiza-o-primeiro-envio-de-veiculos-produzidos-na-fabrica-de-camacari\/#listItem","position":3,"name":"BYD realiza o primeiro envio de ve\u00edculos produzidos na f\u00e1brica de Cama\u00e7ari","previousItem":{"@type":"ListItem","@id":"https:\/\/www.encontracamacari.com.br\/sobre\/noticias-em-camacari\/#listItem","name":"Not\u00edcias Cama\u00e7ari"}}]},{"@type":"Organization","@id":"https:\/\/www.encontracamacari.com.br\/sobre\/#organization","name":"Encontra Cama\u00e7ari","description":"Not\u00edcias, eventos, informa\u00e7\u00f5es e dicas na cidade de Cama\u00e7ari e regi\u00e3o.","url":"https:\/\/www.encontracamacari.com.br\/sobre\/"},{"@type":"Person","@id":"https:\/\/www.encontracamacari.com.br\/sobre\/author\/ecamacari\/#author","url":"https:\/\/www.encontracamacari.com.br\/sobre\/author\/ecamacari\/","name":"Encontra Cama\u00e7ari","image":{"@type":"ImageObject","@id":"https:\/\/www.encontracamacari.com.br\/sobre\/byd-realiza-o-primeiro-envio-de-veiculos-produzidos-na-fabrica-de-camacari\/#authorImage","url":"https:\/\/secure.gravatar.com\/avatar\/507340682b8270222e1f208e23198b6ae7e2c6a1033ae84e99bc6bce4f82a387?s=96&d=mm&r=g","width":96,"height":96,"caption":"Encontra Cama\u00e7ari"}},{"@type":"WebPage","@id":"https:\/\/www.encontracamacari.com.br\/sobre\/byd-realiza-o-primeiro-envio-de-veiculos-produzidos-na-fabrica-de-camacari\/#webpage","url":"https:\/\/www.encontracamacari.com.br\/sobre\/byd-realiza-o-primeiro-envio-de-veiculos-produzidos-na-fabrica-de-camacari\/","name":"BYD realiza o primeiro envio de ve\u00edculos produzidos na f\u00e1brica de Cama\u00e7ari - Encontra Cama\u00e7ari","description":"BYD realiza envio de ve\u00edculos produzidos em Cama\u00e7ari, marcando in\u00edcio hist\u00f3rico.","inLanguage":"pt-BR","isPartOf":{"@id":"https:\/\/www.encontracamacari.com.br\/sobre\/#website"},"breadcrumb":{"@id":"https:\/\/www.encontracamacari.com.br\/sobre\/byd-realiza-o-primeiro-envio-de-veiculos-produzidos-na-fabrica-de-camacari\/#breadcrumblist"},"author":{"@id":"https:\/\/www.encontracamacari.com.br\/sobre\/author\/ecamacari\/#author"},"creator":{"@id":"https:\/\/www.encontracamacari.com.br\/sobre\/author\/ecamacari\/#author"},"image":{"@type":"ImageObject","url":"https:\/\/www.encontracamacari.com.br\/sobre\/wp-content\/uploads\/2025\/11\/byd-realiza-o-primeiro-envio-de-veiculos-produzidos-na-fabrica-de-camacari.webp","@id":"https:\/\/www.encontracamacari.com.br\/sobre\/byd-realiza-o-primeiro-envio-de-veiculos-produzidos-na-fabrica-de-camacari\/#mainImage","width":320,"height":280,"caption":"envio de ve\u00edculos da nova f\u00e1brica BYD"},"primaryImageOfPage":{"@id":"https:\/\/www.encontracamacari.com.br\/sobre\/byd-realiza-o-primeiro-envio-de-veiculos-produzidos-na-fabrica-de-camacari\/#mainImage"},"datePublished":"2025-11-22T09:15:00+00:00","dateModified":"2025-11-22T09:15:00+00:00"},{"@type":"WebSite","@id":"https:\/\/www.encontracamacari.com.br\/sobre\/#website","url":"https:\/\/www.encontracamacari.com.br\/sobre\/","name":"Encontra Cama\u00e7ari","description":"Not\u00edcias, eventos, informa\u00e7\u00f5es e dicas na cidade de Cama\u00e7ari e regi\u00e3o.","inLanguage":"pt-BR","publisher":{"@id":"https:\/\/www.encontracamacari.com.br\/sobre\/#organization"}}]},"og:locale":"pt_BR","og:site_name":"Encontra Cama\u00e7ari - Not\u00edcias, eventos, informa\u00e7\u00f5es e dicas na cidade de Cama\u00e7ari e regi\u00e3o.","og:type":"article","og:title":"BYD realiza o primeiro envio de ve\u00edculos produzidos na f\u00e1brica de Cama\u00e7ari - Encontra Cama\u00e7ari","og:description":"BYD realiza envio de ve\u00edculos produzidos em Cama\u00e7ari, marcando in\u00edcio hist\u00f3rico.","og:url":"https:\/\/www.encontracamacari.com.br\/sobre\/byd-realiza-o-primeiro-envio-de-veiculos-produzidos-na-fabrica-de-camacari\/","article:published_time":"2025-11-22T09:15:00+00:00","article:modified_time":"2025-11-22T09:15:00+00:00","twitter:card":"summary_large_image","twitter:title":"BYD realiza o primeiro envio de ve\u00edculos produzidos na f\u00e1brica de Cama\u00e7ari - Encontra Cama\u00e7ari","twitter:description":"BYD realiza envio de ve\u00edculos produzidos em Cama\u00e7ari, marcando in\u00edcio hist\u00f3rico."},"aioseo_meta_data":{"post_id":"385","title":null,"description":null,"keywords":null,"keyphrases":null,"primary_term":null,"canonical_url":null,"og_title":null,"og_description":null,"og_object_type":"default","og_image_type":"default","og_image_url":null,"og_image_width":null,"og_image_height":null,"og_image_custom_url":null,"og_image_custom_fields":null,"og_video":null,"og_custom_url":null,"og_article_section":null,"og_article_tags":null,"twitter_use_og":false,"twitter_card":"default","twitter_image_type":"default","twitter_image_url":null,"twitter_image_custom_url":null,"twitter_image_custom_fields":null,"twitter_title":null,"twitter_description":null,"schema":{"blockGraphs":[],"customGraphs":[],"default":{"data":{"Article":[],"Course":[],"Dataset":[],"FAQPage":[],"Movie":[],"Person":[],"Product":[],"ProductReview":[],"Car":[],"Recipe":[],"Service":[],"SoftwareApplication":[],"WebPage":[]},"graphName":"BlogPosting","isEnabled":true},"graphs":[]},"schema_type":"default","schema_type_options":null,"pillar_content":false,"robots_default":true,"robots_noindex":false,"robots_noarchive":false,"robots_nosnippet":false,"robots_nofollow":false,"robots_noimageindex":false,"robots_noodp":false,"robots_notranslate":false,"robots_max_snippet":null,"robots_max_videopreview":null,"robots_max_imagepreview":"large","priority":null,"frequency":null,"local_seo":null,"limit_modified_date":false,"created":"2025-11-28 11:44:07","updated":"2026-08-06 00:22:51","focus_keyword":null,"additional_keywords":null,"truseo_locale":null,"ai":null,"breadcrumb_settings":null,"seo_analyzer_scan_date":null},"aioseo_breadcrumb":"<div class=\"aioseo-breadcrumbs\"><span class=\"aioseo-breadcrumb\">\n\t\t\t<a href=\"https:\/\/www.encontracamacari.com.br\/sobre\" title=\"Home\">Home<\/a>\n\t\t<\/span><span class=\"aioseo-breadcrumb-separator\">&raquo;<\/span><span class=\"aioseo-breadcrumb\">\n\t\t\t<a href=\"https:\/\/www.encontracamacari.com.br\/sobre\/noticias-em-camacari\/\" title=\"Not\u00edcias Cama\u00e7ari\">Not\u00edcias Cama\u00e7ari<\/a>\n\t\t<\/span><span class=\"aioseo-breadcrumb-separator\">&raquo;<\/span><span class=\"aioseo-breadcrumb\">\n\t\t\tBYD realiza o primeiro envio de ve\u00edculos produzidos na f\u00e1brica de Cama\u00e7ari\n\t\t<\/span><\/div>","aioseo_breadcrumb_json":[{"label":"Home","link":"https:\/\/www.encontracamacari.com.br\/sobre"},{"label":"Not\u00edcias Cama\u00e7ari","link":"https:\/\/www.encontracamacari.com.br\/sobre\/noticias-em-camacari\/"},{"label":"BYD realiza o primeiro envio de ve\u00edculos produzidos na f\u00e1brica de Cama\u00e7ari","link":"https:\/\/www.encontracamacari.com.br\/sobre\/byd-realiza-o-primeiro-envio-de-veiculos-produzidos-na-fabrica-de-camacari\/"}],"_links":{"self":[{"href":"https:\/\/www.encontracamacari.com.br\/sobre\/wp-json\/wp\/v2\/posts\/385","targetHints":{"allow":["GET"]}}],"collection":[{"href":"https:\/\/www.encontracamacari.com.br\/sobre\/wp-json\/wp\/v2\/posts"}],"about":[{"href":"https:\/\/www.encontracamacari.com.br\/sobre\/wp-json\/wp\/v2\/types\/post"}],"author":[{"embeddable":true,"href":"https:\/\/www.encontracamacari.com.br\/sobre\/wp-json\/wp\/v2\/users\/1"}],"replies":[{"embeddable":true,"href":"https:\/\/www.encontracamacari.com.br\/sobre\/wp-json\/wp\/v2\/comments?post=385"}],"version-history":[{"count":0,"href":"https:\/\/www.encontracamacari.com.br\/sobre\/wp-json\/wp\/v2\/posts\/385\/revisions"}],"wp:featuredmedia":[{"embeddable":true,"href":"https:\/\/www.encontracamacari.com.br\/sobre\/wp-json\/wp\/v2\/media\/384"}],"wp:attachment":[{"href":"https:\/\/www.encontracamacari.com.br\/sobre\/wp-json\/wp\/v2\/media?parent=385"}],"wp:term":[{"taxonomy":"category","embeddable":true,"href":"https:\/\/www.encontracamacari.com.br\/sobre\/wp-json\/wp\/v2\/categories?post=385"},{"taxonomy":"post_tag","embeddable":true,"href":"https:\/\/www.encontracamacari.com.br\/sobre\/wp-json\/wp\/v2\/tags?post=385"}],"curies":[{"name":"wp","href":"https:\/\/api.w.org\/{rel}","templated":true}]}}