{"id":381,"date":"2025-11-20T13:26:00","date_gmt":"2025-11-20T13:26:00","guid":{"rendered":"https:\/\/www.encontracamacari.com.br\/sobre\/prefeitura-de-camacari-antecipa-feriado-e-salario-dos-servidores\/"},"modified":"2025-11-20T13:26:00","modified_gmt":"2025-11-20T13:26:00","slug":"prefeitura-de-camacari-antecipa-feriado-e-salario-dos-servidores","status":"publish","type":"post","link":"https:\/\/www.encontracamacari.com.br\/sobre\/prefeitura-de-camacari-antecipa-feriado-e-salario-dos-servidores\/","title":{"rendered":"Prefeitura de Cama\u00e7ari antecipa feriado e sal\u00e1rio dos servidores"},"content":{"rendered":"<div class=\"2410bb7248a64bb1f71103797e0f239b\" data-index=\"1\" style=\"float: none; margin:0px;\">\n<ins class=\"adsbygoogle\"\r\n     style=\"display:block\"\r\n     data-ad-client=\"ca-pub-8585364105181520\"\r\n     data-ad-slot=\"8789329856\"\r\n     data-ad-format=\"auto\"\r\n     data-full-width-responsive=\"true\"><\/ins>\r\n<script>\r\n     (adsbygoogle = window.adsbygoogle || []).push({});\r\n<\/script>\n<\/div>\n<h2>Antecipa\u00e7\u00e3o do Feriado: O Que Isso Significa?<\/h2>\n<p>A antecipa\u00e7\u00e3o do feriado no munic\u00edpio de Cama\u00e7ari, determinado pela Prefeitura em celebra\u00e7\u00e3o ao Dia do Servidor P\u00fablico, \u00e9 uma medida que traz implica\u00e7\u00f5es significativas tanto para os funcion\u00e1rios p\u00fablicos quanto para a din\u00e2mica da cidade. A decis\u00e3o de declarar feriado no dia 27 de outubro, um dia antes da data oficial do Dia do Servidor P\u00fablico, mostra o reconhecimento do trabalho \u00e1rduo e da dedica\u00e7\u00e3o dos servidores municipais. Essa mudan\u00e7a n\u00e3o apenas oferece uma pausa merecida para os funcion\u00e1rios, mas tamb\u00e9m simboliza um passo em dire\u00e7\u00e3o a uma rela\u00e7\u00e3o mais respeitosa e valorizada entre o governo local e seus empregados.<\/p>\n<h2>A Import\u00e2ncia do Dia do Servidor P\u00fablico<\/h2>\n<p>O Dia do Servidor P\u00fablico, comemorado anualmente em 28 de outubro, \u00e9 mais do que uma mera data no calend\u00e1rio; \u00e9 uma ocasi\u00e3o para reconhecer a contribui\u00e7\u00e3o inestim\u00e1vel dos servidores para a sociedade. Eles s\u00e3o os respons\u00e1veis pela implementa\u00e7\u00e3o de pol\u00edticas p\u00fablicas, pelo atendimento ao cidad\u00e3o e pela gest\u00e3o de servi\u00e7os essenciais que impactam a qualidade de vida da popula\u00e7\u00e3o. Ao reservar um dia para celebrar esses profissionais, a Prefeitura de Cama\u00e7ari reafirma seu compromisso com a valoriza\u00e7\u00e3o do funcionalismo p\u00fablico, promovendo a motiva\u00e7\u00e3o e a satisfa\u00e7\u00e3o no trabalho. Um servidor p\u00fablico bem treinado e satisfeito tende a oferecer melhor atendimento e resultados mais eficazes.<\/p>\n<h2>Sal\u00e1rio Antecipado: Benef\u00edcios para os Servidores<\/h2>\n<p>Al\u00e9m do feriado antecipado, a Prefeitura tamb\u00e9m anunciou a antecipa\u00e7\u00e3o do pagamento de sal\u00e1rios dos servidores para o dia 24 de outubro. Essa abordagem n\u00e3o s\u00f3 refor\u00e7a a iniciativa de reconhecimento da dedica\u00e7\u00e3o dos trabalhadores, mas tamb\u00e9m traz benef\u00edcios diretos para as finan\u00e7as pessoais de cada servidor. A antecipa\u00e7\u00e3o do sal\u00e1rio permite que os funcion\u00e1rios realizem planeamentos financeiros melhores, como quitar d\u00edvidas, realizar compras necess\u00e1rias ou at\u00e9 mesmo investir em lazer e autocuidado, especialmente em um momento em que a infla\u00e7\u00e3o e os custos de vida podem afetar a estabilidade financeira.<\/p>\n<p><img decoding=\"async\" src=\"https:\/\/www.encontracamacari.com.br\/sobre\/wp-content\/uploads\/2025\/11\/prefeitura-de-camacari-antecipa-feriado-e-salario-dos-servidores.webp\" alt=\"prefeitura de cama\u00e7ari antecipa feriado e sal\u00e1rio dos servidores\" loading=\"lazy\" \/><\/p>\n<h2>Decis\u00e3o da Prefeitura e suas Implica\u00e7\u00f5es<\/h2>\n<p>A decis\u00e3o do prefeito Luiz Caetano em antecipar tanto o feriado quanto os sal\u00e1rios \u00e9 um reflexo da gest\u00e3o participativa e atenta \u00e0s necessidades dos servidores. Essa a\u00e7\u00e3o pode ter efeitos positivos no ambiente de trabalho, estimulando um clima de camaradagem e satisfa\u00e7\u00e3o entre os colaboradores. Ao demonstrar que o governo se importa com o bem-estar dos seus servidores, ele pode inspirar um aumento na produtividade e no engajamento dentro das esferas p\u00fablicas. Al\u00e9m disso, essa medida tamb\u00e9m pode contribuir para uma percep\u00e7\u00e3o mais positiva da gest\u00e3o municipal por parte da popula\u00e7\u00e3o, j\u00e1 que um servidor feliz e motivado tende a oferecer um servi\u00e7o de melhor qualidade ao p\u00fablico.<\/p><div class=\"2410bb7248a64bb1f71103797e0f239b\" data-index=\"2\" style=\"float: none; margin:0px;\">\n<ins class=\"adsbygoogle\"\r\n     style=\"display:block; text-align:center;\"\r\n     data-ad-layout=\"in-article\"\r\n     data-ad-format=\"fluid\"\r\n     data-ad-client=\"ca-pub-8585364105181520\"\r\n     data-ad-slot=\"2899217073\"><\/ins>\r\n<script>\r\n     (adsbygoogle = window.adsbygoogle || []).push({});\r\n<\/script>\r\n\r\n<\/br><\/br>\n<\/div>\n\n<h2>Como a Medida Impacta a Economia Local<\/h2>\n<p>O impacto da antecipa\u00e7\u00e3o do feriado e do pagamento de sal\u00e1rios vai al\u00e9m da esfera individual dos servidores. Quando os funcion\u00e1rios p\u00fablicos recebem seus sal\u00e1rios antes do fim do m\u00eas, isso resulta em um impulso imediato na economia local. A inje\u00e7\u00e3o de dinheiro nas transa\u00e7\u00f5es de compra nas lojas, mercados e servi\u00e7os da cidade pode ajudar a revitalizar o com\u00e9rcio local, especialmente em momentos de retra\u00e7\u00e3o econ\u00f4mica. Os servidores, ao utilizarem seus sal\u00e1rios para adquirir bens e servi\u00e7os, estimulam um ciclo que pode beneficiar muitos neg\u00f3cios e comerciantes, impulsionando a economia de Cama\u00e7ari.<\/p>\n<h2>Feedback dos Servidores sobre a Iniciativa<\/h2>\n<p>O retorno dos servidores em rela\u00e7\u00e3o \u00e0 antecipa\u00e7\u00e3o do feriado e do pagamento de sal\u00e1rios tem sido amplamente positivo. Muitos expressaram gratid\u00e3o \u00e0 administra\u00e7\u00e3o municipal por reconhecer e valorizar seus esfor\u00e7os. As redes sociais e espa\u00e7os de di\u00e1logo entre os servidores t\u00eam sido palco para a manifesta\u00e7\u00e3o de apoio e satisfa\u00e7\u00e3o, refletindo um clima de otimismo em rela\u00e7\u00e3o ao trabalho p\u00fablico. Essa recep\u00e7\u00e3o calorosa tamb\u00e9m serve como um indicativo para a gest\u00e3o de que as pol\u00edticas implementadas est\u00e3o indo na dire\u00e7\u00e3o certa e que a valoriza\u00e7\u00e3o dos servidores \u00e9 uma prioridade para a administra\u00e7\u00e3o.<\/p>\n<h2>Hist\u00f3rico de Anticipa\u00e7\u00e3o de Feriados em Cama\u00e7ari<\/h2>\n<p>Historicamente, a Prefeitura de Cama\u00e7ari ocasionalmente antecipou feriados para diferentes celebra\u00e7\u00f5es e eventos, sempre com o intuito de colocar em pr\u00e1tica uma gest\u00e3o mais humanizada e integrada com os anseios da popula\u00e7\u00e3o. Essa pr\u00e1tica n\u00e3o \u00e9 nova, mas o reconhecimento expl\u00edcito ao Dia do Servidor P\u00fablico mostra uma mudan\u00e7a de paradigma na gest\u00e3o, onde a valoriza\u00e7\u00e3o do servidor \u00e9 priorizada. Pr\u00e1ticas anteriores j\u00e1 demonstraram que a\u00e7\u00f5es similares melhoram o moral dos funcion\u00e1rios e, consequentemente, a qualidade dos servi\u00e7os prestados \u00e0 popula\u00e7\u00e3o.<\/p>\n<h2>O Papel do Prefeito na Valoriza\u00e7\u00e3o dos Servidores<\/h2>\n<p>O prefeito Luiz Caetano ocupa um papel central na valoriza\u00e7\u00e3o dos servidores. Suas decis\u00f5es em antecipar o feriado e o pagamento denotam uma gest\u00e3o que se preocupa em ouvir a necessidade dos trabalhadores e agir em conformidade. Um prefeito que demonstra compromisso com sua equipe, como Paulo tem feito, tende a fomentar uma administra\u00e7\u00e3o mais engajada e eficiente. A valoriza\u00e7\u00e3o do servidor p\u00fablico n\u00e3o \u00e9 apenas um ato isolado, mas sim parte de uma estrat\u00e9gia maior de governan\u00e7a que visa a transforma\u00e7\u00e3o da gest\u00e3o p\u00fablica em um espa\u00e7o de reconhecimento e crescimento.<\/p>\n<h2>Expectativas para o Retorno ao Trabalho<\/h2>\n<p>Com a proximidade do retorno dos servidores ao trabalho ap\u00f3s o feriado, as expectativas s\u00e3o altas. Servidores que sentiram a valoriza\u00e7\u00e3o de suas fun\u00e7\u00f5es podem retornar mais motivados e determinados, o que pode resultar em melhorias na qualidade dos servi\u00e7os prestados. Espera-se que o clima de camaradagem e a satisfa\u00e7\u00e3o proporcionem um ambiente mais produtivo, criando uma administra\u00e7\u00e3o p\u00fablica que se destaca na efici\u00eancia e na produ\u00e7\u00e3o de resultados positivos.<\/p>\n<h2>Pr\u00f3ximos Passos e Eventos para os Servidores<\/h2>\n<p>Os pr\u00f3ximos passos da Prefeitura de Cama\u00e7ari incluem a continuidade do di\u00e1logo aberto com os servidores e a implementa\u00e7\u00e3o de novas pol\u00edticas que visem atender \u00e0s necessidades e expectativas do funcionalismo p\u00fablico. Al\u00e9m disso, eventos em homenagem aos servidores podem ser programados para promover a integra\u00e7\u00e3o e o reconhecimento das conquistas alcan\u00e7adas ao longo do ano. A administra\u00e7\u00e3o municipal tamb\u00e9m se compromete a ouvir sugest\u00f5es e cr\u00edticas construtivas a fim de manter um ambiente de trabalho saud\u00e1vel e produtivo.<\/p>\n<div class=\"2410bb7248a64bb1f71103797e0f239b\" data-index=\"3\" style=\"float: none; margin:0px;\">\n<\/br><\/br>\r\n\r\n<ins class=\"adsbygoogle\"\r\n     style=\"display:block\"\r\n     data-ad-format=\"fluid\"\r\n     data-ad-layout-key=\"-63+do+n-1s+9e\"\r\n     data-ad-client=\"ca-pub-8585364105181520\"\r\n     data-ad-slot=\"6838462089\"><\/ins>\r\n<script>\r\n     (adsbygoogle = window.adsbygoogle || []).push({});\r\n<\/script>\n<\/div>\n\n<div style=\"font-size: 0px; height: 0px; line-height: 0px; margin: 0; padding: 0; clear: both;\"><\/div>","protected":false},"excerpt":{"rendered":"<p>Cama\u00e7ari antecipa feriado e sal\u00e1rio dos servidores p\u00fablicos em homenagem ao dia do servidor.<\/p>\n","protected":false},"author":1,"featured_media":380,"comment_status":"open","ping_status":"closed","sticky":false,"template":"","format":"standard","meta":{"footnotes":""},"categories":[1],"tags":[],"class_list":["post-381","post","type-post","status-publish","format-standard","has-post-thumbnail","hentry","category-noticias-em-camacari","has_thumb"],"aioseo_notices":[],"aioseo_head":"\n\t\t<!-- All in One SEO 5.0.0.1 - aioseo.com -->\n\t<meta name=\"description\" content=\"Cama\u00e7ari antecipa feriado e sal\u00e1rio dos servidores p\u00fablicos em homenagem ao dia do servidor.\" \/>\n\t<meta name=\"robots\" content=\"max-image-preview:large\" \/>\n\t<meta name=\"author\" content=\"Encontra Cama\u00e7ari\"\/>\n\t<link rel=\"canonical\" href=\"https:\/\/www.encontracamacari.com.br\/sobre\/prefeitura-de-camacari-antecipa-feriado-e-salario-dos-servidores\/\" \/>\n\t<meta name=\"generator\" content=\"All in One SEO (AIOSEO) 5.0.0.1\" \/>\n\t\t<meta property=\"og:locale\" content=\"pt_BR\" \/>\n\t\t<meta property=\"og:site_name\" content=\"Encontra Cama\u00e7ari - Not\u00edcias, eventos, informa\u00e7\u00f5es e dicas na cidade de Cama\u00e7ari e regi\u00e3o.\" \/>\n\t\t<meta property=\"og:type\" content=\"article\" \/>\n\t\t<meta property=\"og:title\" content=\"Prefeitura de Cama\u00e7ari antecipa feriado e sal\u00e1rio dos servidores - Encontra Cama\u00e7ari\" \/>\n\t\t<meta property=\"og:description\" content=\"Cama\u00e7ari antecipa feriado e sal\u00e1rio dos servidores p\u00fablicos em homenagem ao dia do servidor.\" \/>\n\t\t<meta property=\"og:url\" content=\"https:\/\/www.encontracamacari.com.br\/sobre\/prefeitura-de-camacari-antecipa-feriado-e-salario-dos-servidores\/\" \/>\n\t\t<meta property=\"article:published_time\" content=\"2025-11-20T13:26:00+00:00\" \/>\n\t\t<meta property=\"article:modified_time\" content=\"2025-11-20T13:26:00+00:00\" \/>\n\t\t<meta name=\"twitter:card\" content=\"summary_large_image\" \/>\n\t\t<meta name=\"twitter:title\" content=\"Prefeitura de Cama\u00e7ari antecipa feriado e sal\u00e1rio dos servidores - Encontra Cama\u00e7ari\" \/>\n\t\t<meta name=\"twitter:description\" content=\"Cama\u00e7ari antecipa feriado e sal\u00e1rio dos servidores p\u00fablicos em homenagem ao dia do servidor.\" \/>\n\t\t<script type=\"application\/ld+json\" class=\"aioseo-schema\">\n\t\t\t{\"@context\":\"https:\\\/\\\/schema.org\",\"@graph\":[{\"@type\":\"BlogPosting\",\"@id\":\"https:\\\/\\\/www.encontracamacari.com.br\\\/sobre\\\/prefeitura-de-camacari-antecipa-feriado-e-salario-dos-servidores\\\/#blogposting\",\"name\":\"Prefeitura de Cama\\u00e7ari antecipa feriado e sal\\u00e1rio dos servidores - Encontra Cama\\u00e7ari\",\"headline\":\"Prefeitura de Cama\\u00e7ari antecipa feriado e sal\\u00e1rio dos servidores\",\"author\":{\"@id\":\"https:\\\/\\\/www.encontracamacari.com.br\\\/sobre\\\/author\\\/ecamacari\\\/#author\"},\"publisher\":{\"@id\":\"https:\\\/\\\/www.encontracamacari.com.br\\\/sobre\\\/#organization\"},\"image\":{\"@type\":\"ImageObject\",\"url\":\"https:\\\/\\\/www.encontracamacari.com.br\\\/sobre\\\/wp-content\\\/uploads\\\/2025\\\/11\\\/prefeitura-de-camacari-antecipa-feriado-e-salario-dos-servidores.webp\",\"width\":320,\"height\":280,\"caption\":\"prefeitura de cama\\u00e7ari antecipa feriado e sal\\u00e1rio dos servidores\"},\"datePublished\":\"2025-11-20T13:26:00+00:00\",\"dateModified\":\"2025-11-20T13:26:00+00:00\",\"inLanguage\":\"pt-BR\",\"mainEntityOfPage\":{\"@id\":\"https:\\\/\\\/www.encontracamacari.com.br\\\/sobre\\\/prefeitura-de-camacari-antecipa-feriado-e-salario-dos-servidores\\\/#webpage\"},\"isPartOf\":{\"@id\":\"https:\\\/\\\/www.encontracamacari.com.br\\\/sobre\\\/prefeitura-de-camacari-antecipa-feriado-e-salario-dos-servidores\\\/#webpage\"},\"articleSection\":\"Not\\u00edcias Cama\\u00e7ari\"},{\"@type\":\"BreadcrumbList\",\"@id\":\"https:\\\/\\\/www.encontracamacari.com.br\\\/sobre\\\/prefeitura-de-camacari-antecipa-feriado-e-salario-dos-servidores\\\/#breadcrumblist\",\"itemListElement\":[{\"@type\":\"ListItem\",\"@id\":\"https:\\\/\\\/www.encontracamacari.com.br\\\/sobre#listItem\",\"position\":1,\"name\":\"Home\",\"item\":\"https:\\\/\\\/www.encontracamacari.com.br\\\/sobre\",\"nextItem\":{\"@type\":\"ListItem\",\"@id\":\"https:\\\/\\\/www.encontracamacari.com.br\\\/sobre\\\/noticias-em-camacari\\\/#listItem\",\"name\":\"Not\\u00edcias Cama\\u00e7ari\"}},{\"@type\":\"ListItem\",\"@id\":\"https:\\\/\\\/www.encontracamacari.com.br\\\/sobre\\\/noticias-em-camacari\\\/#listItem\",\"position\":2,\"name\":\"Not\\u00edcias Cama\\u00e7ari\",\"item\":\"https:\\\/\\\/www.encontracamacari.com.br\\\/sobre\\\/noticias-em-camacari\\\/\",\"nextItem\":{\"@type\":\"ListItem\",\"@id\":\"https:\\\/\\\/www.encontracamacari.com.br\\\/sobre\\\/prefeitura-de-camacari-antecipa-feriado-e-salario-dos-servidores\\\/#listItem\",\"name\":\"Prefeitura de Cama\\u00e7ari antecipa feriado e sal\\u00e1rio dos servidores\"},\"previousItem\":{\"@type\":\"ListItem\",\"@id\":\"https:\\\/\\\/www.encontracamacari.com.br\\\/sobre#listItem\",\"name\":\"Home\"}},{\"@type\":\"ListItem\",\"@id\":\"https:\\\/\\\/www.encontracamacari.com.br\\\/sobre\\\/prefeitura-de-camacari-antecipa-feriado-e-salario-dos-servidores\\\/#listItem\",\"position\":3,\"name\":\"Prefeitura de Cama\\u00e7ari antecipa feriado e sal\\u00e1rio dos servidores\",\"previousItem\":{\"@type\":\"ListItem\",\"@id\":\"https:\\\/\\\/www.encontracamacari.com.br\\\/sobre\\\/noticias-em-camacari\\\/#listItem\",\"name\":\"Not\\u00edcias Cama\\u00e7ari\"}}]},{\"@type\":\"Organization\",\"@id\":\"https:\\\/\\\/www.encontracamacari.com.br\\\/sobre\\\/#organization\",\"name\":\"Encontra Cama\\u00e7ari\",\"description\":\"Not\\u00edcias, eventos, informa\\u00e7\\u00f5es e dicas na cidade de Cama\\u00e7ari e regi\\u00e3o.\",\"url\":\"https:\\\/\\\/www.encontracamacari.com.br\\\/sobre\\\/\"},{\"@type\":\"Person\",\"@id\":\"https:\\\/\\\/www.encontracamacari.com.br\\\/sobre\\\/author\\\/ecamacari\\\/#author\",\"url\":\"https:\\\/\\\/www.encontracamacari.com.br\\\/sobre\\\/author\\\/ecamacari\\\/\",\"name\":\"Encontra Cama\\u00e7ari\",\"image\":{\"@type\":\"ImageObject\",\"@id\":\"https:\\\/\\\/www.encontracamacari.com.br\\\/sobre\\\/prefeitura-de-camacari-antecipa-feriado-e-salario-dos-servidores\\\/#authorImage\",\"url\":\"https:\\\/\\\/secure.gravatar.com\\\/avatar\\\/507340682b8270222e1f208e23198b6ae7e2c6a1033ae84e99bc6bce4f82a387?s=96&d=mm&r=g\",\"width\":96,\"height\":96,\"caption\":\"Encontra Cama\\u00e7ari\"}},{\"@type\":\"WebPage\",\"@id\":\"https:\\\/\\\/www.encontracamacari.com.br\\\/sobre\\\/prefeitura-de-camacari-antecipa-feriado-e-salario-dos-servidores\\\/#webpage\",\"url\":\"https:\\\/\\\/www.encontracamacari.com.br\\\/sobre\\\/prefeitura-de-camacari-antecipa-feriado-e-salario-dos-servidores\\\/\",\"name\":\"Prefeitura de Cama\\u00e7ari antecipa feriado e sal\\u00e1rio dos servidores - Encontra Cama\\u00e7ari\",\"description\":\"Cama\\u00e7ari antecipa feriado e sal\\u00e1rio dos servidores p\\u00fablicos em homenagem ao dia do servidor.\",\"inLanguage\":\"pt-BR\",\"isPartOf\":{\"@id\":\"https:\\\/\\\/www.encontracamacari.com.br\\\/sobre\\\/#website\"},\"breadcrumb\":{\"@id\":\"https:\\\/\\\/www.encontracamacari.com.br\\\/sobre\\\/prefeitura-de-camacari-antecipa-feriado-e-salario-dos-servidores\\\/#breadcrumblist\"},\"author\":{\"@id\":\"https:\\\/\\\/www.encontracamacari.com.br\\\/sobre\\\/author\\\/ecamacari\\\/#author\"},\"creator\":{\"@id\":\"https:\\\/\\\/www.encontracamacari.com.br\\\/sobre\\\/author\\\/ecamacari\\\/#author\"},\"image\":{\"@type\":\"ImageObject\",\"url\":\"https:\\\/\\\/www.encontracamacari.com.br\\\/sobre\\\/wp-content\\\/uploads\\\/2025\\\/11\\\/prefeitura-de-camacari-antecipa-feriado-e-salario-dos-servidores.webp\",\"@id\":\"https:\\\/\\\/www.encontracamacari.com.br\\\/sobre\\\/prefeitura-de-camacari-antecipa-feriado-e-salario-dos-servidores\\\/#mainImage\",\"width\":320,\"height\":280,\"caption\":\"prefeitura de cama\\u00e7ari antecipa feriado e sal\\u00e1rio dos servidores\"},\"primaryImageOfPage\":{\"@id\":\"https:\\\/\\\/www.encontracamacari.com.br\\\/sobre\\\/prefeitura-de-camacari-antecipa-feriado-e-salario-dos-servidores\\\/#mainImage\"},\"datePublished\":\"2025-11-20T13:26:00+00:00\",\"dateModified\":\"2025-11-20T13:26:00+00:00\"},{\"@type\":\"WebSite\",\"@id\":\"https:\\\/\\\/www.encontracamacari.com.br\\\/sobre\\\/#website\",\"url\":\"https:\\\/\\\/www.encontracamacari.com.br\\\/sobre\\\/\",\"name\":\"Encontra Cama\\u00e7ari\",\"description\":\"Not\\u00edcias, eventos, informa\\u00e7\\u00f5es e dicas na cidade de Cama\\u00e7ari e regi\\u00e3o.\",\"inLanguage\":\"pt-BR\",\"publisher\":{\"@id\":\"https:\\\/\\\/www.encontracamacari.com.br\\\/sobre\\\/#organization\"}}]}\n\t\t<\/script>\n\t\t<!-- All in One SEO -->\n\n","aioseo_head_json":{"title":"Prefeitura de Cama\u00e7ari antecipa feriado e sal\u00e1rio dos servidores - Encontra Cama\u00e7ari","description":"Cama\u00e7ari antecipa feriado e sal\u00e1rio dos servidores p\u00fablicos em homenagem ao dia do servidor.","canonical_url":"https:\/\/www.encontracamacari.com.br\/sobre\/prefeitura-de-camacari-antecipa-feriado-e-salario-dos-servidores\/","robots":"max-image-preview:large","keywords":"","webmasterTools":{"miscellaneous":""},"schema":{"@context":"https:\/\/schema.org","@graph":[{"@type":"BlogPosting","@id":"https:\/\/www.encontracamacari.com.br\/sobre\/prefeitura-de-camacari-antecipa-feriado-e-salario-dos-servidores\/#blogposting","name":"Prefeitura de Cama\u00e7ari antecipa feriado e sal\u00e1rio dos servidores - Encontra Cama\u00e7ari","headline":"Prefeitura de Cama\u00e7ari antecipa feriado e sal\u00e1rio dos servidores","author":{"@id":"https:\/\/www.encontracamacari.com.br\/sobre\/author\/ecamacari\/#author"},"publisher":{"@id":"https:\/\/www.encontracamacari.com.br\/sobre\/#organization"},"image":{"@type":"ImageObject","url":"https:\/\/www.encontracamacari.com.br\/sobre\/wp-content\/uploads\/2025\/11\/prefeitura-de-camacari-antecipa-feriado-e-salario-dos-servidores.webp","width":320,"height":280,"caption":"prefeitura de cama\u00e7ari antecipa feriado e sal\u00e1rio dos servidores"},"datePublished":"2025-11-20T13:26:00+00:00","dateModified":"2025-11-20T13:26:00+00:00","inLanguage":"pt-BR","mainEntityOfPage":{"@id":"https:\/\/www.encontracamacari.com.br\/sobre\/prefeitura-de-camacari-antecipa-feriado-e-salario-dos-servidores\/#webpage"},"isPartOf":{"@id":"https:\/\/www.encontracamacari.com.br\/sobre\/prefeitura-de-camacari-antecipa-feriado-e-salario-dos-servidores\/#webpage"},"articleSection":"Not\u00edcias Cama\u00e7ari"},{"@type":"BreadcrumbList","@id":"https:\/\/www.encontracamacari.com.br\/sobre\/prefeitura-de-camacari-antecipa-feriado-e-salario-dos-servidores\/#breadcrumblist","itemListElement":[{"@type":"ListItem","@id":"https:\/\/www.encontracamacari.com.br\/sobre#listItem","position":1,"name":"Home","item":"https:\/\/www.encontracamacari.com.br\/sobre","nextItem":{"@type":"ListItem","@id":"https:\/\/www.encontracamacari.com.br\/sobre\/noticias-em-camacari\/#listItem","name":"Not\u00edcias Cama\u00e7ari"}},{"@type":"ListItem","@id":"https:\/\/www.encontracamacari.com.br\/sobre\/noticias-em-camacari\/#listItem","position":2,"name":"Not\u00edcias Cama\u00e7ari","item":"https:\/\/www.encontracamacari.com.br\/sobre\/noticias-em-camacari\/","nextItem":{"@type":"ListItem","@id":"https:\/\/www.encontracamacari.com.br\/sobre\/prefeitura-de-camacari-antecipa-feriado-e-salario-dos-servidores\/#listItem","name":"Prefeitura de Cama\u00e7ari antecipa feriado e sal\u00e1rio dos servidores"},"previousItem":{"@type":"ListItem","@id":"https:\/\/www.encontracamacari.com.br\/sobre#listItem","name":"Home"}},{"@type":"ListItem","@id":"https:\/\/www.encontracamacari.com.br\/sobre\/prefeitura-de-camacari-antecipa-feriado-e-salario-dos-servidores\/#listItem","position":3,"name":"Prefeitura de Cama\u00e7ari antecipa feriado e sal\u00e1rio dos servidores","previousItem":{"@type":"ListItem","@id":"https:\/\/www.encontracamacari.com.br\/sobre\/noticias-em-camacari\/#listItem","name":"Not\u00edcias Cama\u00e7ari"}}]},{"@type":"Organization","@id":"https:\/\/www.encontracamacari.com.br\/sobre\/#organization","name":"Encontra Cama\u00e7ari","description":"Not\u00edcias, eventos, informa\u00e7\u00f5es e dicas na cidade de Cama\u00e7ari e regi\u00e3o.","url":"https:\/\/www.encontracamacari.com.br\/sobre\/"},{"@type":"Person","@id":"https:\/\/www.encontracamacari.com.br\/sobre\/author\/ecamacari\/#author","url":"https:\/\/www.encontracamacari.com.br\/sobre\/author\/ecamacari\/","name":"Encontra Cama\u00e7ari","image":{"@type":"ImageObject","@id":"https:\/\/www.encontracamacari.com.br\/sobre\/prefeitura-de-camacari-antecipa-feriado-e-salario-dos-servidores\/#authorImage","url":"https:\/\/secure.gravatar.com\/avatar\/507340682b8270222e1f208e23198b6ae7e2c6a1033ae84e99bc6bce4f82a387?s=96&d=mm&r=g","width":96,"height":96,"caption":"Encontra Cama\u00e7ari"}},{"@type":"WebPage","@id":"https:\/\/www.encontracamacari.com.br\/sobre\/prefeitura-de-camacari-antecipa-feriado-e-salario-dos-servidores\/#webpage","url":"https:\/\/www.encontracamacari.com.br\/sobre\/prefeitura-de-camacari-antecipa-feriado-e-salario-dos-servidores\/","name":"Prefeitura de Cama\u00e7ari antecipa feriado e sal\u00e1rio dos servidores - Encontra Cama\u00e7ari","description":"Cama\u00e7ari antecipa feriado e sal\u00e1rio dos servidores p\u00fablicos em homenagem ao dia do servidor.","inLanguage":"pt-BR","isPartOf":{"@id":"https:\/\/www.encontracamacari.com.br\/sobre\/#website"},"breadcrumb":{"@id":"https:\/\/www.encontracamacari.com.br\/sobre\/prefeitura-de-camacari-antecipa-feriado-e-salario-dos-servidores\/#breadcrumblist"},"author":{"@id":"https:\/\/www.encontracamacari.com.br\/sobre\/author\/ecamacari\/#author"},"creator":{"@id":"https:\/\/www.encontracamacari.com.br\/sobre\/author\/ecamacari\/#author"},"image":{"@type":"ImageObject","url":"https:\/\/www.encontracamacari.com.br\/sobre\/wp-content\/uploads\/2025\/11\/prefeitura-de-camacari-antecipa-feriado-e-salario-dos-servidores.webp","@id":"https:\/\/www.encontracamacari.com.br\/sobre\/prefeitura-de-camacari-antecipa-feriado-e-salario-dos-servidores\/#mainImage","width":320,"height":280,"caption":"prefeitura de cama\u00e7ari antecipa feriado e sal\u00e1rio dos servidores"},"primaryImageOfPage":{"@id":"https:\/\/www.encontracamacari.com.br\/sobre\/prefeitura-de-camacari-antecipa-feriado-e-salario-dos-servidores\/#mainImage"},"datePublished":"2025-11-20T13:26:00+00:00","dateModified":"2025-11-20T13:26:00+00:00"},{"@type":"WebSite","@id":"https:\/\/www.encontracamacari.com.br\/sobre\/#website","url":"https:\/\/www.encontracamacari.com.br\/sobre\/","name":"Encontra Cama\u00e7ari","description":"Not\u00edcias, eventos, informa\u00e7\u00f5es e dicas na cidade de Cama\u00e7ari e regi\u00e3o.","inLanguage":"pt-BR","publisher":{"@id":"https:\/\/www.encontracamacari.com.br\/sobre\/#organization"}}]},"og:locale":"pt_BR","og:site_name":"Encontra Cama\u00e7ari - Not\u00edcias, eventos, informa\u00e7\u00f5es e dicas na cidade de Cama\u00e7ari e regi\u00e3o.","og:type":"article","og:title":"Prefeitura de Cama\u00e7ari antecipa feriado e sal\u00e1rio dos servidores - Encontra Cama\u00e7ari","og:description":"Cama\u00e7ari antecipa feriado e sal\u00e1rio dos servidores p\u00fablicos em homenagem ao dia do servidor.","og:url":"https:\/\/www.encontracamacari.com.br\/sobre\/prefeitura-de-camacari-antecipa-feriado-e-salario-dos-servidores\/","article:published_time":"2025-11-20T13:26:00+00:00","article:modified_time":"2025-11-20T13:26:00+00:00","twitter:card":"summary_large_image","twitter:title":"Prefeitura de Cama\u00e7ari antecipa feriado e sal\u00e1rio dos servidores - Encontra Cama\u00e7ari","twitter:description":"Cama\u00e7ari antecipa feriado e sal\u00e1rio dos servidores p\u00fablicos em homenagem ao dia do servidor."},"aioseo_meta_data":{"post_id":"381","title":null,"description":null,"keywords":null,"keyphrases":null,"primary_term":null,"canonical_url":null,"og_title":null,"og_description":null,"og_object_type":"default","og_image_type":"default","og_image_url":null,"og_image_width":null,"og_image_height":null,"og_image_custom_url":null,"og_image_custom_fields":null,"og_video":null,"og_custom_url":null,"og_article_section":null,"og_article_tags":null,"twitter_use_og":false,"twitter_card":"default","twitter_image_type":"default","twitter_image_url":null,"twitter_image_custom_url":null,"twitter_image_custom_fields":null,"twitter_title":null,"twitter_description":null,"schema":{"blockGraphs":[],"customGraphs":[],"default":{"data":{"Article":[],"Course":[],"Dataset":[],"FAQPage":[],"Movie":[],"Person":[],"Product":[],"ProductReview":[],"Car":[],"Recipe":[],"Service":[],"SoftwareApplication":[],"WebPage":[]},"graphName":"BlogPosting","isEnabled":true},"graphs":[]},"schema_type":"default","schema_type_options":null,"pillar_content":false,"robots_default":true,"robots_noindex":false,"robots_noarchive":false,"robots_nosnippet":false,"robots_nofollow":false,"robots_noimageindex":false,"robots_noodp":false,"robots_notranslate":false,"robots_max_snippet":null,"robots_max_videopreview":null,"robots_max_imagepreview":"large","priority":null,"frequency":null,"local_seo":null,"limit_modified_date":false,"created":"2025-11-26 14:47:48","updated":"2026-08-06 00:21:06","focus_keyword":null,"additional_keywords":null,"truseo_locale":null,"ai":null,"breadcrumb_settings":null,"seo_analyzer_scan_date":null},"aioseo_breadcrumb":"<div class=\"aioseo-breadcrumbs\"><span class=\"aioseo-breadcrumb\">\n\t\t\t<a href=\"https:\/\/www.encontracamacari.com.br\/sobre\" title=\"Home\">Home<\/a>\n\t\t<\/span><span class=\"aioseo-breadcrumb-separator\">&raquo;<\/span><span class=\"aioseo-breadcrumb\">\n\t\t\t<a href=\"https:\/\/www.encontracamacari.com.br\/sobre\/noticias-em-camacari\/\" title=\"Not\u00edcias Cama\u00e7ari\">Not\u00edcias Cama\u00e7ari<\/a>\n\t\t<\/span><span class=\"aioseo-breadcrumb-separator\">&raquo;<\/span><span class=\"aioseo-breadcrumb\">\n\t\t\tPrefeitura de Cama\u00e7ari antecipa feriado e sal\u00e1rio dos servidores\n\t\t<\/span><\/div>","aioseo_breadcrumb_json":[{"label":"Home","link":"https:\/\/www.encontracamacari.com.br\/sobre"},{"label":"Not\u00edcias Cama\u00e7ari","link":"https:\/\/www.encontracamacari.com.br\/sobre\/noticias-em-camacari\/"},{"label":"Prefeitura de Cama\u00e7ari antecipa feriado e sal\u00e1rio dos servidores","link":"https:\/\/www.encontracamacari.com.br\/sobre\/prefeitura-de-camacari-antecipa-feriado-e-salario-dos-servidores\/"}],"_links":{"self":[{"href":"https:\/\/www.encontracamacari.com.br\/sobre\/wp-json\/wp\/v2\/posts\/381","targetHints":{"allow":["GET"]}}],"collection":[{"href":"https:\/\/www.encontracamacari.com.br\/sobre\/wp-json\/wp\/v2\/posts"}],"about":[{"href":"https:\/\/www.encontracamacari.com.br\/sobre\/wp-json\/wp\/v2\/types\/post"}],"author":[{"embeddable":true,"href":"https:\/\/www.encontracamacari.com.br\/sobre\/wp-json\/wp\/v2\/users\/1"}],"replies":[{"embeddable":true,"href":"https:\/\/www.encontracamacari.com.br\/sobre\/wp-json\/wp\/v2\/comments?post=381"}],"version-history":[{"count":0,"href":"https:\/\/www.encontracamacari.com.br\/sobre\/wp-json\/wp\/v2\/posts\/381\/revisions"}],"wp:featuredmedia":[{"embeddable":true,"href":"https:\/\/www.encontracamacari.com.br\/sobre\/wp-json\/wp\/v2\/media\/380"}],"wp:attachment":[{"href":"https:\/\/www.encontracamacari.com.br\/sobre\/wp-json\/wp\/v2\/media?parent=381"}],"wp:term":[{"taxonomy":"category","embeddable":true,"href":"https:\/\/www.encontracamacari.com.br\/sobre\/wp-json\/wp\/v2\/categories?post=381"},{"taxonomy":"post_tag","embeddable":true,"href":"https:\/\/www.encontracamacari.com.br\/sobre\/wp-json\/wp\/v2\/tags?post=381"}],"curies":[{"name":"wp","href":"https:\/\/api.w.org\/{rel}","templated":true}]}}