{"id":371,"date":"2025-11-17T14:26:00","date_gmt":"2025-11-17T14:26:00","guid":{"rendered":"https:\/\/www.encontracamacari.com.br\/sobre\/seremos-lideres-de-mercado-no-brasil-ate-2028-afirma-alexandre-baldy-head-da-byd-auto-brasil\/"},"modified":"2025-11-17T14:26:00","modified_gmt":"2025-11-17T14:26:00","slug":"seremos-lideres-de-mercado-no-brasil-ate-2028-afirma-alexandre-baldy-head-da-byd-auto-brasil","status":"publish","type":"post","link":"https:\/\/www.encontracamacari.com.br\/sobre\/seremos-lideres-de-mercado-no-brasil-ate-2028-afirma-alexandre-baldy-head-da-byd-auto-brasil\/","title":{"rendered":"\u201cSeremos l\u00edderes de mercado no Brasil at\u00e9 2028\u201d, afirma Alexandre Baldy, Head da BYD Auto Brasil"},"content":{"rendered":"<div class=\"2410bb7248a64bb1f71103797e0f239b\" data-index=\"1\" style=\"float: none; margin:0px;\">\n<ins class=\"adsbygoogle\"\r\n     style=\"display:block\"\r\n     data-ad-client=\"ca-pub-8585364105181520\"\r\n     data-ad-slot=\"8789329856\"\r\n     data-ad-format=\"auto\"\r\n     data-full-width-responsive=\"true\"><\/ins>\r\n<script>\r\n     (adsbygoogle = window.adsbygoogle || []).push({});\r\n<\/script>\n<\/div>\n<h2>A Vis\u00e3o de Alexandre Baldy para a Mobilidade El\u00e9trica<\/h2>\n<p>O cen\u00e1rio da mobilidade el\u00e9trica no Brasil est\u00e1 em constante transforma\u00e7\u00e3o, e muito disso se deve \u00e0 vis\u00e3o estrat\u00e9gica de lideran\u00e7as como a de <strong>Alexandre Baldy<\/strong>, Head da BYD Auto Brasil. Desde que assumiu a posi\u00e7\u00e3o em dezembro de 2022, Baldy tem mostrado um compromisso inabal\u00e1vel com a transi\u00e7\u00e3o para ve\u00edculos el\u00e9tricos e h\u00edbridos no pa\u00eds. Em suas falas e atitudes, ele demonstra n\u00e3o apenas uma compreens\u00e3o do atual panorama do setor automotivo, mas tamb\u00e9m uma clara defini\u00e7\u00e3o de metas ambiciosas. Baldy afirmou que a BYD ter\u00e1 como objetivo se tornar a l\u00edder de mercado no Brasil at\u00e9 2028. Esse foco em lideran\u00e7a est\u00e1 apoiado em a\u00e7\u00f5es concretas que visam impulsionar a opera\u00e7\u00e3o e a aceita\u00e7\u00e3o de ve\u00edculos el\u00e9tricos no Brasil.<\/p>\n<p>Um dos pontos centrais da estrat\u00e9gia de Baldy \u00e9 a integra\u00e7\u00e3o da sustentabilidade com a inova\u00e7\u00e3o tecnol\u00f3gica. Ele v\u00ea a mobilidade el\u00e9trica n\u00e3o apenas como uma tend\u00eancia, mas como uma necessidade devido aos desafios clim\u00e1ticos e \u00e0 busca por energias mais limpas. Para Baldy, o Brasil re\u00fane condi\u00e7\u00f5es favor\u00e1veis para esse avan\u00e7o, considerando sua matriz energ\u00e9tica majoritariamente sustent\u00e1vel. Ele acredita que a fabrica\u00e7\u00e3o local de ve\u00edculos el\u00e9tricos pode significar n\u00e3o apenas um aumento na oferta de produtos sustent\u00e1veis, mas tamb\u00e9m a cria\u00e7\u00e3o de empregos e o fortalecimento da economia local.<\/p>\n<p>A import\u00e2ncia que Baldy d\u00e1 \u00e0 tecnologia \u00e9 um reflexo de seu hist\u00f3rico em diversas \u00e1reas, desde empreendedorismo at\u00e9 a pol\u00edtica, onde ele acumulou experi\u00eancias que ir\u00e3o surtir efeitos positivos na gest\u00e3o da empresa. Ao articular estrat\u00e9gias que unem o setor p\u00fablico e privado de maneira coesa, Baldy demonstra como a colabora\u00e7\u00e3o pode ser pe\u00e7a-chave para o futuro da mobilidade el\u00e9trica no Brasil.<\/p>\n<p><img decoding=\"async\" src=\"https:\/\/www.encontracamacari.com.br\/sobre\/wp-content\/uploads\/2025\/11\/seremos-lideres-de-mercado-no-brasil-ate-2028-afirma-alexandre-baldy-head-da-byd-auto-brasil.webp\" alt=\"lideran\u00e7a de mercado ve\u00edculos el\u00e9tricos Brasil 2028\" loading=\"lazy\" \/><\/p>\n<h2>Crescimento da BYD no Brasil: N\u00fameros Impressionantes<\/h2>\n<p>O crescimento da BYD no Brasil tem sido nada menos que impressionante. Desde a sua chegada ao mercado, a fabricante chinesa viu sua opera\u00e7\u00e3o se expandir de maneira exponential. A empresa possui uma capacidade de produ\u00e7\u00e3o de at\u00e9 <strong>600 mil carros el\u00e9tricos e h\u00edbridos por ano<\/strong> na f\u00e1brica de Cama\u00e7ari, na Bahia. Essa expans\u00e3o n\u00e3o \u00e9 apenas quantitativa, mas tamb\u00e9m qualitativa. A proje\u00e7\u00e3o de faturamento da empresa, que saltar\u00e1 de R$ 88 milh\u00f5es em 2022 para R$ 15 bilh\u00f5es em 2025, \u00e9 um indicativo claro da confian\u00e7a que o mercado tem investido na empresa e na aceita\u00e7\u00e3o crescente de ve\u00edculos el\u00e9tricos entre os consumidores brasileiros.<\/p>\n<p>A BYD j\u00e1 \u00e9 uma das cinco marcas mais vendidas no varejo nacional e possui cerca de <strong>80%<\/strong> de participa\u00e7\u00e3o no segmento de ve\u00edculos el\u00e9tricos. Essa ascens\u00e3o no mercado brasileiro \u00e9 uma prova de que a conscientiza\u00e7\u00e3o sobre a mobilidade sustent\u00e1vel est\u00e1 crescendo, assim como a aceita\u00e7\u00e3o dos consumidores por tecnologias mais limpas e eficientes. As vendas do modelo <strong>BYD Dolphin<\/strong>, por exemplo, aumentaram de 500 unidades por m\u00eas para 6 mil no final de 2023, demonstrando um vi\u00e9s positivo do p\u00fablico em rela\u00e7\u00e3o aos carros el\u00e9tricos.<\/p>\n<p>O interessante \u00e9 que essa aceita\u00e7\u00e3o se soma a um movimento mundial de transforma\u00e7\u00e3o do setor automotivo. A crescente demanda por ve\u00edculos el\u00e9tricos, tanto na China quanto no Brasil, indica uma mudan\u00e7a de paradigma no comportamento do consumidor, que agora valoriza n\u00e3o apenas a performance e design, mas tamb\u00e9m a sustentabilidade e a economia a longo prazo.<\/p>\n<h2>Estrat\u00e9gias de Nacionaliza\u00e7\u00e3o e Capacita\u00e7\u00e3o de Funcion\u00e1rios<\/h2>\n<p>Uma das chaves para o sucesso da BYD no Brasil \u00e9 a estrat\u00e9gia de nacionaliza\u00e7\u00e3o aplicada por Alexandre Baldy. Este enfoque n\u00e3o se resume apenas \u00e0 produ\u00e7\u00e3o local, mas tamb\u00e9m \u00e0 capacita\u00e7\u00e3o dos profissionais brasileiros, que desempenhar\u00e3o um papel crucial na opera\u00e7\u00e3o da empresa. Cerca de <strong>500 profissionais<\/strong> foram enviados \u00e0 matriz da BYD na China para treinamento especializado, com o intuito de garantir que os produtos fabricados no Brasil atendam aos padr\u00f5es globais de qualidade e inova\u00e7\u00e3o.<\/p>\n<p>A capacita\u00e7\u00e3o \u00e9 de vital import\u00e2ncia, n\u00e3o apenas para o crescimento da empresa, mas tamb\u00e9m para a evolu\u00e7\u00e3o do mercado automotivo nacional como um todo. Ao treinar m\u00e3o de obra qualificada, a BYD est\u00e1 criando um ecossistema que estimula a inova\u00e7\u00e3o e a competitividade no setor. A ideia \u00e9 que, ao lado da produ\u00e7\u00e3o de ve\u00edculos, a empresa se torne um centro de excel\u00eancia tecnol\u00f3gica que producente know-how e novas solu\u00e7\u00f5es em mobilidade.<\/p>\n<p>Adicionalmente, a nacionaliza\u00e7\u00e3o \u00e9 percebida tamb\u00e9m atrav\u00e9s do investimento no desenvolvimento de fornecedores locais. Ao inv\u00e9s de contar apenas com componentes importados, a BYD visa criar uma cadeia de suprimentos que maximize a utiliza\u00e7\u00e3o de insumos e servi\u00e7os locais. Isso n\u00e3o s\u00f3 fortalece a economia local, mas tamb\u00e9m reduz a pegada de carbono associada ao transporte de mat\u00e9rias-primas e componentes.<\/p>\n<h2>Inova\u00e7\u00e3o: O Carro H\u00edbrido Plug-in Flex-Full<\/h2>\n<p>Entre as inova\u00e7\u00f5es mais significativas que a BYD traz para o Brasil est\u00e1 o <strong>primeiro modelo h\u00edbrido plug-in flex-full<\/strong>, que combina recarga el\u00e9trica com o uso de etanol. Essa inova\u00e7\u00e3o representa um marco, pois o Brasil \u00e9 um dos l\u00edderes mundiais na produ\u00e7\u00e3o de etanol e tem uma grande tradi\u00e7\u00e3o no uso deste combust\u00edvel em ve\u00edculos. Com um investimento de R$ 82 milh\u00f5es para o desenvolvimento do ve\u00edculo, a BYD prop\u00f5e uma alternativa inovadora que alia um dos combust\u00edveis renov\u00e1veis mais conhecidos no Brasil \u00e0 tecnologia de eletrifica\u00e7\u00e3o, o que promete mesmo para quem utiliza etanol, uma autonomia de 1.200 km, igual \u00e0 prometida para o h\u00edbrido a gasolina.<\/p>\n<p>Essa combina\u00e7\u00e3o \u00e9 especialmente atraente para o consumidor brasileiro, que j\u00e1 est\u00e1 acostumado com a ideia de usar etanol. O carro h\u00edbrido plug-in flex-full n\u00e3o apenas incentiva o uso de energias limpas, mas tamb\u00e9m se apresenta como uma solu\u00e7\u00e3o pr\u00e1tica para os motoristas que podem ter d\u00favidas em rela\u00e7\u00e3o \u00e0 infraestrutura de recarga el\u00e9trica, que ainda est\u00e1 em desenvolvimento no pa\u00eds.<\/p>\n<p>Al\u00e9m disso, a inova\u00e7\u00e3o tecnol\u00f3gica da BYD vai al\u00e9m dos ve\u00edculos. A empresa investe em todo o ciclo de produ\u00e7\u00e3o de seus ve\u00edculos, desde a fabrica\u00e7\u00e3o de baterias e semicondutores at\u00e9 o desenvolvimento de carregadores que permitem uma carga total em cinco minutos. Essa abordagem hol\u00edstica n\u00e3o apenas proporciona uma efici\u00eancia maior, mas tamb\u00e9m d\u00e1 \u00e0 empresa uma vantagem competitiva em rela\u00e7\u00e3o a outras montadoras que est\u00e3o apenas come\u00e7ando a explorar a eletrifica\u00e7\u00e3o.<\/p>\n<h2>Desenvolvimento da Marca e Marketing Agressivo<\/h2>\n<p>A expans\u00e3o da BYD no Brasil tamb\u00e9m \u00e9 resultado de um trabalho meticuloso de constru\u00e7\u00e3o de marca e marketing. Baldy entende que, ao contr\u00e1rio do que ocorre no mercado chin\u00eas, onde a velocidade de renova\u00e7\u00e3o de produtos pode ser o principal motor da competitividade, o consumidor brasileiro tem uma rela\u00e7\u00e3o mais emocional com a marca e considera o ve\u00edculo como um patrim\u00f4nio, refletindo em seu valor de revenda e na reputa\u00e7\u00e3o da empresa.<\/p><div class=\"2410bb7248a64bb1f71103797e0f239b\" data-index=\"2\" style=\"float: none; margin:0px;\">\n<ins class=\"adsbygoogle\"\r\n     style=\"display:block; text-align:center;\"\r\n     data-ad-layout=\"in-article\"\r\n     data-ad-format=\"fluid\"\r\n     data-ad-client=\"ca-pub-8585364105181520\"\r\n     data-ad-slot=\"2899217073\"><\/ins>\r\n<script>\r\n     (adsbygoogle = window.adsbygoogle || []).push({});\r\n<\/script>\r\n\r\n<\/br><\/br>\n<\/div>\n\n<p>Com essa perspectiva, a empresa decidiu investir de maneira significativa em marketing e na presen\u00e7a local no Brasil. As campanhas online e offline t\u00eam como objetivo n\u00e3o apenas gerar vendas, mas tamb\u00e9m educar o consumidor sobre os benef\u00edcios da mobilidade el\u00e9trica, al\u00e9m de promover a confian\u00e7a na marca.<\/p>\n<p>A BYD est\u00e1 focada em criar uma experi\u00eancia \u00fanica para o consumidor. A cria\u00e7\u00e3o das concession\u00e1rias BYD, projetadas para serem diferentes das tradicionais, \u00e9 um exemplo disso. Cada concession\u00e1ria tem um investimento m\u00e9dio que varia de R$ 6 a R$ 7 milh\u00f5es, e foi desenhada para ser uma &#8220;Dream Tech&#8221;, oferecendo uma imers\u00e3o com tecnologia e inova\u00e7\u00e3o que encanta os clientes.<\/p>\n<h2>A Experi\u00eancia do Consumidor nas Concession\u00e1rias BYD<\/h2>\n<p>O conceito de concession\u00e1ria BYD vai muito al\u00e9m da simples venda de autom\u00f3veis. A experi\u00eancia do consumidor \u00e9 cuidadosamente elaborada para garantir que cada cliente tenha uma jornada personalizada. Baldy enfatiza que a empresa n\u00e3o se limita a fabricar ve\u00edculos; a ess\u00eancia da BYD \u00e9 vender tecnologia.<\/p>\n<p>As concession\u00e1rias s\u00e3o projetadas para serem ambientes interativos, onde os consumidores podem conhecer n\u00e3o apenas os ve\u00edculos, mas tamb\u00e9m as tecnologias que os tornam especiais. Isso inclui demonstra\u00e7\u00f5es de funcionamento de ve\u00edculos el\u00e9tricos, simula\u00e7\u00f5es de recarga e informa\u00e7\u00f5es sobre a efici\u00eancia energ\u00e9tica dos modelos. A ideia \u00e9 criar um espa\u00e7o onde o consumidor se sinta parte de um movimento maior em dire\u00e7\u00e3o \u00e0 sustentabilidade.<\/p>\n<p>Al\u00e9m disso, a equipe nas concession\u00e1rias \u00e9 treinada para oferecer um atendimento excepcional. Profissionais bem capacitados conseguem conectar o consumidor \u00e0s necessidades relacionadas \u00e0 mobilidade el\u00e9trica, proporcionando assim informa\u00e7\u00f5es adequadas sobre financiamento, manuten\u00e7\u00e3o e a experi\u00eancia de dirigir um ve\u00edculo el\u00e9trico. Esse trabalho qualificado nas concession\u00e1rias \u00e9 um dos fatores que contribui para o aumento nas vendas e na aceita\u00e7\u00e3o da marca no mercado brasileiro.<\/p>\n<h2>Cadeia de Tecnologia e Produ\u00e7\u00e3o Local<\/h2>\n<p>A BYD tem se destacado por dominar toda a cadeia de tecnologia dos ve\u00edculos el\u00e9tricos, desde a fabrica\u00e7\u00e3o das baterias at\u00e9 a produ\u00e7\u00e3o de carregadores e semicondutores. Esta capacidade de controle e produ\u00e7\u00e3o local faz com que a empresa possa oferecer produtos inovadores e eficientes, al\u00e9m de garantir maior independ\u00eancia de fornecedores externos.<\/p>\n<p>Essa estrat\u00e9gia n\u00e3o apenas posiciona a BYD como uma das l\u00edderes em tecnologia no setor automotivo, mas tamb\u00e9m contribui para o desenvolvimento da ind\u00fastria nacional. A fabrica\u00e7\u00e3o local gera empregos e impulsiona a economia do pa\u00eds. Com a verticaliza\u00e7\u00e3o da produ\u00e7\u00e3o, a empresa \u00e9 capaz de testar e melhorar rapidamente seus produtos, adaptando-os \u00e0s necessidades do consumidor brasileiro, que avan\u00e7a na busca por alternativas sustent\u00e1veis.<\/p>\n<p>Al\u00e9m disso, a produ\u00e7\u00e3o local possibilita uma resposta \u00e1gil \u00e0s demandas do mercado. Em um cen\u00e1rio em que os consumidores est\u00e3o cada vez mais conscientes dos impactos ambientais de suas escolhas, a BYD pode introduzir melhorias cont\u00ednuas em seus ve\u00edculos, assegurando que eles atendam n\u00e3o apenas \u00e0s expectativas de desempenho, mas tamb\u00e9m de efici\u00eancia energ\u00e9tica.<\/p>\n<h2>Desafios da Infraestrutura de Recarga no Brasil<\/h2>\n<p>Apesar do otimismo em rela\u00e7\u00e3o ao crescimento da ind\u00fastria de ve\u00edculos el\u00e9tricos, \u00e9 importante reconhecer que existem desafios significativos a serem enfrentados, especialmente em rela\u00e7\u00e3o \u00e0 infraestrutura de recarga. A falta de um sistema robusto de pontos de recarga ainda \u00e9 uma barreira para muitos consumidores que querem optar por ve\u00edculos el\u00e9tricos.<\/p>\n<p>Atualmente, a BYD est\u00e1 buscando parcerias com empresas como a Teld, fabricante chinesa que est\u00e1 investindo na instala\u00e7\u00e3o de centenas de eletropostos no Brasil. Esta colabora\u00e7\u00e3o pode ser um passo decisivo para solucionar parte das dificuldades enfrentadas por motoristas de ve\u00edculos el\u00e9tricos em rela\u00e7\u00e3o \u00e0 recarga. Baldy acredita que, com a expans\u00e3o da infraestrutura, entre 20% e 25% do mercado automotivo brasileiro ser\u00e1 de ve\u00edculos el\u00e9tricos nos pr\u00f3ximos tr\u00eas anos.<\/p>\n<p>A aus\u00eancia de uma rede confi\u00e1vel de recarga tem sido um impedimento para o consumidor, que frequentemente se preocupa com a autonomia de um ve\u00edculo el\u00e9trico. Para mitigar esses receios, \u00e9 fundamental que as empresas automotivas, junto com os governos, desenvolvam um planejamento estrat\u00e9gico que aborde a constru\u00e7\u00e3o de uma rede de recarga ampla e acess\u00edvel, assegurando que a transi\u00e7\u00e3o para a mobilidade el\u00e9trica n\u00e3o apenas seja vi\u00e1vel, mas tamb\u00e9m desej\u00e1vel para a popula\u00e7\u00e3o.<\/p>\n<h2>A Aposta em Energias Limpas e Sustentabilidade<\/h2>\n<p>A sustentabilidade \u00e9 um dos principais pilares de atua\u00e7\u00e3o da BYD e est\u00e1 presente em cada uma de suas a\u00e7\u00f5es. A empresa se posiciona n\u00e3o apenas como uma fabricante de autom\u00f3veis, mas como um propulsor de mudan\u00e7as para um futuro mais sustent\u00e1vel. O uso de energias renov\u00e1veis nos processos de produ\u00e7\u00e3o, como a energia solar e e\u00f3lica, \u00e9 um exemplo claro desse compromisso. Baldy ressalta que, entre o hor\u00e1rio do meio-dia e quatro da tarde, cerca de 80% da eletricidade consumida no Brasil vem de fontes e\u00f3licas e solares, o que representa um grande potencial para a eletrifica\u00e7\u00e3o de ve\u00edculos.<\/p>\n<p>Essa abordagem promove a utiliza\u00e7\u00e3o de energia limpa, reduzindo a emiss\u00e3o de poluentes e contribuindo para a redu\u00e7\u00e3o da pegada de carbono n\u00e3o apenas dos ve\u00edculos, mas de toda a cadeia produtiva. A BYD tamb\u00e9m investe em pesquisa e desenvolvimento de tecnologias que permitam o uso ainda mais eficiente da energia e a produ\u00e7\u00e3o de baterias que se integrem perfeitamente a um modelo de neg\u00f3cios centrado em sustentabilidade.<\/p>\n<p>Com a crescente conscientiza\u00e7\u00e3o sobre as mudan\u00e7as clim\u00e1ticas e a necessidade de um compromisso mais forte com o meio ambiente por parte de empresas e indiv\u00edduos, as iniciativas da BYD posicionam-na como uma refer\u00eancia no setor. Ser um l\u00edder em inova\u00e7\u00e3o e sustentabilidade n\u00e3o s\u00f3 atrai consumidores, mas tamb\u00e9m investe em um futuro onde a mobilidade el\u00e9trica \u00e9 fundamental para o progresso econ\u00f4mico e social.<\/p>\n<h2>O Futuro dos Ve\u00edculos El\u00e9tricos no Brasil<\/h2>\n<p>O futuro dos ve\u00edculos el\u00e9tricos no Brasil parece promissor, especialmente sob a lideran\u00e7a de empresas como a BYD. Com a vis\u00e3o de Alexandre Baldy de que a marca se tornar\u00e1 a l\u00edder do setor at\u00e9 2028, as expectativas s\u00e3o altas. A combina\u00e7\u00e3o da expans\u00e3o da infraestrutura de recarga, inova\u00e7\u00e3o em produtos e um compromisso firme com a sustentabilidade colocam a BYD em uma posi\u00e7\u00e3o privilegiada para enfrentar os desafios que v\u00eam pela frente.<\/p>\n<p>A crescente aceita\u00e7\u00e3o dos consumidores em rela\u00e7\u00e3o aos ve\u00edculos el\u00e9tricos, juntamente com pol\u00edticas governamentais que favorecem a eletrifica\u00e7\u00e3o, criam um ambiente f\u00e9rtil para a expans\u00e3o desta modalidade automotiva. Al\u00e9m disso, a diversifica\u00e7\u00e3o de ofertas, como o modelo h\u00edbrido plug-in flex-full, representa uma estrat\u00e9gia inteligente para conquistar um p\u00fablico que busca por op\u00e7\u00f5es sustent\u00e1veis, mas que ainda valoriza a flexibilidade do uso de combust\u00edveis tradicionais.<\/p>\n<p>Com a cont\u00ednua melhoria da tecnologia, a redu\u00e7\u00e3o dos custos de produ\u00e7\u00e3o e a ampla conscientiza\u00e7\u00e3o sobre a necessidade de alternativas sustent\u00e1veis, o mercado de ve\u00edculos el\u00e9tricos no Brasil est\u00e1 prestes a experimentar um crescimento exponencial. Alexandre Baldy e a BYD est\u00e3o determinados a liderar essa transforma\u00e7\u00e3o, mostrando que \u00e9 poss\u00edvel unir inova\u00e7\u00e3o, tecnologia e compromisso ambiental em um \u00fanico projeto empresarial.<\/p>\n<div class=\"2410bb7248a64bb1f71103797e0f239b\" data-index=\"3\" style=\"float: none; margin:0px;\">\n<\/br><\/br>\r\n\r\n<ins class=\"adsbygoogle\"\r\n     style=\"display:block\"\r\n     data-ad-format=\"fluid\"\r\n     data-ad-layout-key=\"-63+do+n-1s+9e\"\r\n     data-ad-client=\"ca-pub-8585364105181520\"\r\n     data-ad-slot=\"6838462089\"><\/ins>\r\n<script>\r\n     (adsbygoogle = window.adsbygoogle || []).push({});\r\n<\/script>\n<\/div>\n\n<div style=\"font-size: 0px; height: 0px; line-height: 0px; margin: 0; padding: 0; clear: both;\"><\/div>","protected":false},"excerpt":{"rendered":"<p>Descubra como a BYD busca a lideran\u00e7a do mercado de ve\u00edculos el\u00e9tricos at\u00e9 2028.<\/p>\n","protected":false},"author":1,"featured_media":370,"comment_status":"open","ping_status":"closed","sticky":false,"template":"","format":"standard","meta":{"footnotes":""},"categories":[1],"tags":[],"class_list":["post-371","post","type-post","status-publish","format-standard","has-post-thumbnail","hentry","category-noticias-em-camacari","has_thumb"],"aioseo_notices":[],"aioseo_head":"\n\t\t<!-- All in One SEO 5.0.0.1 - aioseo.com -->\n\t<meta name=\"description\" content=\"Descubra como a BYD busca a lideran\u00e7a do mercado de ve\u00edculos el\u00e9tricos at\u00e9 2028.\" \/>\n\t<meta name=\"robots\" content=\"max-image-preview:large\" \/>\n\t<meta name=\"author\" content=\"Encontra Cama\u00e7ari\"\/>\n\t<link rel=\"canonical\" href=\"https:\/\/www.encontracamacari.com.br\/sobre\/seremos-lideres-de-mercado-no-brasil-ate-2028-afirma-alexandre-baldy-head-da-byd-auto-brasil\/\" \/>\n\t<meta name=\"generator\" content=\"All in One SEO (AIOSEO) 5.0.0.1\" \/>\n\t\t<meta property=\"og:locale\" content=\"pt_BR\" \/>\n\t\t<meta property=\"og:site_name\" content=\"Encontra Cama\u00e7ari - Not\u00edcias, eventos, informa\u00e7\u00f5es e dicas na cidade de Cama\u00e7ari e regi\u00e3o.\" \/>\n\t\t<meta property=\"og:type\" content=\"article\" \/>\n\t\t<meta property=\"og:title\" content=\"\u201cSeremos l\u00edderes de mercado no Brasil at\u00e9 2028\u201d, afirma Alexandre Baldy, Head da BYD Auto Brasil - Encontra Cama\u00e7ari\" \/>\n\t\t<meta property=\"og:description\" content=\"Descubra como a BYD busca a lideran\u00e7a do mercado de ve\u00edculos el\u00e9tricos at\u00e9 2028.\" \/>\n\t\t<meta property=\"og:url\" content=\"https:\/\/www.encontracamacari.com.br\/sobre\/seremos-lideres-de-mercado-no-brasil-ate-2028-afirma-alexandre-baldy-head-da-byd-auto-brasil\/\" \/>\n\t\t<meta property=\"article:published_time\" content=\"2025-11-17T14:26:00+00:00\" \/>\n\t\t<meta property=\"article:modified_time\" content=\"2025-11-17T14:26:00+00:00\" \/>\n\t\t<meta name=\"twitter:card\" content=\"summary_large_image\" \/>\n\t\t<meta name=\"twitter:title\" content=\"\u201cSeremos l\u00edderes de mercado no Brasil at\u00e9 2028\u201d, afirma Alexandre Baldy, Head da BYD Auto Brasil - Encontra Cama\u00e7ari\" \/>\n\t\t<meta name=\"twitter:description\" content=\"Descubra como a BYD busca a lideran\u00e7a do mercado de ve\u00edculos el\u00e9tricos at\u00e9 2028.\" \/>\n\t\t<script type=\"application\/ld+json\" class=\"aioseo-schema\">\n\t\t\t{\"@context\":\"https:\\\/\\\/schema.org\",\"@graph\":[{\"@type\":\"BlogPosting\",\"@id\":\"https:\\\/\\\/www.encontracamacari.com.br\\\/sobre\\\/seremos-lideres-de-mercado-no-brasil-ate-2028-afirma-alexandre-baldy-head-da-byd-auto-brasil\\\/#blogposting\",\"name\":\"\\u201cSeremos l\\u00edderes de mercado no Brasil at\\u00e9 2028\\u201d, afirma Alexandre Baldy, Head da BYD Auto Brasil - Encontra Cama\\u00e7ari\",\"headline\":\"\\u201cSeremos l\\u00edderes de mercado no Brasil at\\u00e9 2028\\u201d, afirma Alexandre Baldy, Head da BYD Auto Brasil\",\"author\":{\"@id\":\"https:\\\/\\\/www.encontracamacari.com.br\\\/sobre\\\/author\\\/ecamacari\\\/#author\"},\"publisher\":{\"@id\":\"https:\\\/\\\/www.encontracamacari.com.br\\\/sobre\\\/#organization\"},\"image\":{\"@type\":\"ImageObject\",\"url\":\"https:\\\/\\\/www.encontracamacari.com.br\\\/sobre\\\/wp-content\\\/uploads\\\/2025\\\/11\\\/seremos-lideres-de-mercado-no-brasil-ate-2028-afirma-alexandre-baldy-head-da-byd-auto-brasil.webp\",\"width\":320,\"height\":280,\"caption\":\"lideran\\u00e7a de mercado ve\\u00edculos el\\u00e9tricos Brasil 2028\"},\"datePublished\":\"2025-11-17T14:26:00+00:00\",\"dateModified\":\"2025-11-17T14:26:00+00:00\",\"inLanguage\":\"pt-BR\",\"mainEntityOfPage\":{\"@id\":\"https:\\\/\\\/www.encontracamacari.com.br\\\/sobre\\\/seremos-lideres-de-mercado-no-brasil-ate-2028-afirma-alexandre-baldy-head-da-byd-auto-brasil\\\/#webpage\"},\"isPartOf\":{\"@id\":\"https:\\\/\\\/www.encontracamacari.com.br\\\/sobre\\\/seremos-lideres-de-mercado-no-brasil-ate-2028-afirma-alexandre-baldy-head-da-byd-auto-brasil\\\/#webpage\"},\"articleSection\":\"Not\\u00edcias Cama\\u00e7ari\"},{\"@type\":\"BreadcrumbList\",\"@id\":\"https:\\\/\\\/www.encontracamacari.com.br\\\/sobre\\\/seremos-lideres-de-mercado-no-brasil-ate-2028-afirma-alexandre-baldy-head-da-byd-auto-brasil\\\/#breadcrumblist\",\"itemListElement\":[{\"@type\":\"ListItem\",\"@id\":\"https:\\\/\\\/www.encontracamacari.com.br\\\/sobre#listItem\",\"position\":1,\"name\":\"Home\",\"item\":\"https:\\\/\\\/www.encontracamacari.com.br\\\/sobre\",\"nextItem\":{\"@type\":\"ListItem\",\"@id\":\"https:\\\/\\\/www.encontracamacari.com.br\\\/sobre\\\/noticias-em-camacari\\\/#listItem\",\"name\":\"Not\\u00edcias Cama\\u00e7ari\"}},{\"@type\":\"ListItem\",\"@id\":\"https:\\\/\\\/www.encontracamacari.com.br\\\/sobre\\\/noticias-em-camacari\\\/#listItem\",\"position\":2,\"name\":\"Not\\u00edcias Cama\\u00e7ari\",\"item\":\"https:\\\/\\\/www.encontracamacari.com.br\\\/sobre\\\/noticias-em-camacari\\\/\",\"nextItem\":{\"@type\":\"ListItem\",\"@id\":\"https:\\\/\\\/www.encontracamacari.com.br\\\/sobre\\\/seremos-lideres-de-mercado-no-brasil-ate-2028-afirma-alexandre-baldy-head-da-byd-auto-brasil\\\/#listItem\",\"name\":\"\\u201cSeremos l\\u00edderes de mercado no Brasil at\\u00e9 2028\\u201d, afirma Alexandre Baldy, Head da BYD Auto Brasil\"},\"previousItem\":{\"@type\":\"ListItem\",\"@id\":\"https:\\\/\\\/www.encontracamacari.com.br\\\/sobre#listItem\",\"name\":\"Home\"}},{\"@type\":\"ListItem\",\"@id\":\"https:\\\/\\\/www.encontracamacari.com.br\\\/sobre\\\/seremos-lideres-de-mercado-no-brasil-ate-2028-afirma-alexandre-baldy-head-da-byd-auto-brasil\\\/#listItem\",\"position\":3,\"name\":\"\\u201cSeremos l\\u00edderes de mercado no Brasil at\\u00e9 2028\\u201d, afirma Alexandre Baldy, Head da BYD Auto Brasil\",\"previousItem\":{\"@type\":\"ListItem\",\"@id\":\"https:\\\/\\\/www.encontracamacari.com.br\\\/sobre\\\/noticias-em-camacari\\\/#listItem\",\"name\":\"Not\\u00edcias Cama\\u00e7ari\"}}]},{\"@type\":\"Organization\",\"@id\":\"https:\\\/\\\/www.encontracamacari.com.br\\\/sobre\\\/#organization\",\"name\":\"Encontra Cama\\u00e7ari\",\"description\":\"Not\\u00edcias, eventos, informa\\u00e7\\u00f5es e dicas na cidade de Cama\\u00e7ari e regi\\u00e3o.\",\"url\":\"https:\\\/\\\/www.encontracamacari.com.br\\\/sobre\\\/\"},{\"@type\":\"Person\",\"@id\":\"https:\\\/\\\/www.encontracamacari.com.br\\\/sobre\\\/author\\\/ecamacari\\\/#author\",\"url\":\"https:\\\/\\\/www.encontracamacari.com.br\\\/sobre\\\/author\\\/ecamacari\\\/\",\"name\":\"Encontra Cama\\u00e7ari\",\"image\":{\"@type\":\"ImageObject\",\"@id\":\"https:\\\/\\\/www.encontracamacari.com.br\\\/sobre\\\/seremos-lideres-de-mercado-no-brasil-ate-2028-afirma-alexandre-baldy-head-da-byd-auto-brasil\\\/#authorImage\",\"url\":\"https:\\\/\\\/secure.gravatar.com\\\/avatar\\\/507340682b8270222e1f208e23198b6ae7e2c6a1033ae84e99bc6bce4f82a387?s=96&d=mm&r=g\",\"width\":96,\"height\":96,\"caption\":\"Encontra Cama\\u00e7ari\"}},{\"@type\":\"WebPage\",\"@id\":\"https:\\\/\\\/www.encontracamacari.com.br\\\/sobre\\\/seremos-lideres-de-mercado-no-brasil-ate-2028-afirma-alexandre-baldy-head-da-byd-auto-brasil\\\/#webpage\",\"url\":\"https:\\\/\\\/www.encontracamacari.com.br\\\/sobre\\\/seremos-lideres-de-mercado-no-brasil-ate-2028-afirma-alexandre-baldy-head-da-byd-auto-brasil\\\/\",\"name\":\"\\u201cSeremos l\\u00edderes de mercado no Brasil at\\u00e9 2028\\u201d, afirma Alexandre Baldy, Head da BYD Auto Brasil - Encontra Cama\\u00e7ari\",\"description\":\"Descubra como a BYD busca a lideran\\u00e7a do mercado de ve\\u00edculos el\\u00e9tricos at\\u00e9 2028.\",\"inLanguage\":\"pt-BR\",\"isPartOf\":{\"@id\":\"https:\\\/\\\/www.encontracamacari.com.br\\\/sobre\\\/#website\"},\"breadcrumb\":{\"@id\":\"https:\\\/\\\/www.encontracamacari.com.br\\\/sobre\\\/seremos-lideres-de-mercado-no-brasil-ate-2028-afirma-alexandre-baldy-head-da-byd-auto-brasil\\\/#breadcrumblist\"},\"author\":{\"@id\":\"https:\\\/\\\/www.encontracamacari.com.br\\\/sobre\\\/author\\\/ecamacari\\\/#author\"},\"creator\":{\"@id\":\"https:\\\/\\\/www.encontracamacari.com.br\\\/sobre\\\/author\\\/ecamacari\\\/#author\"},\"image\":{\"@type\":\"ImageObject\",\"url\":\"https:\\\/\\\/www.encontracamacari.com.br\\\/sobre\\\/wp-content\\\/uploads\\\/2025\\\/11\\\/seremos-lideres-de-mercado-no-brasil-ate-2028-afirma-alexandre-baldy-head-da-byd-auto-brasil.webp\",\"@id\":\"https:\\\/\\\/www.encontracamacari.com.br\\\/sobre\\\/seremos-lideres-de-mercado-no-brasil-ate-2028-afirma-alexandre-baldy-head-da-byd-auto-brasil\\\/#mainImage\",\"width\":320,\"height\":280,\"caption\":\"lideran\\u00e7a de mercado ve\\u00edculos el\\u00e9tricos Brasil 2028\"},\"primaryImageOfPage\":{\"@id\":\"https:\\\/\\\/www.encontracamacari.com.br\\\/sobre\\\/seremos-lideres-de-mercado-no-brasil-ate-2028-afirma-alexandre-baldy-head-da-byd-auto-brasil\\\/#mainImage\"},\"datePublished\":\"2025-11-17T14:26:00+00:00\",\"dateModified\":\"2025-11-17T14:26:00+00:00\"},{\"@type\":\"WebSite\",\"@id\":\"https:\\\/\\\/www.encontracamacari.com.br\\\/sobre\\\/#website\",\"url\":\"https:\\\/\\\/www.encontracamacari.com.br\\\/sobre\\\/\",\"name\":\"Encontra Cama\\u00e7ari\",\"description\":\"Not\\u00edcias, eventos, informa\\u00e7\\u00f5es e dicas na cidade de Cama\\u00e7ari e regi\\u00e3o.\",\"inLanguage\":\"pt-BR\",\"publisher\":{\"@id\":\"https:\\\/\\\/www.encontracamacari.com.br\\\/sobre\\\/#organization\"}}]}\n\t\t<\/script>\n\t\t<!-- All in One SEO -->\n\n","aioseo_head_json":{"title":"\u201cSeremos l\u00edderes de mercado no Brasil at\u00e9 2028\u201d, afirma Alexandre Baldy, Head da BYD Auto Brasil - Encontra Cama\u00e7ari","description":"Descubra como a BYD busca a lideran\u00e7a do mercado de ve\u00edculos el\u00e9tricos at\u00e9 2028.","canonical_url":"https:\/\/www.encontracamacari.com.br\/sobre\/seremos-lideres-de-mercado-no-brasil-ate-2028-afirma-alexandre-baldy-head-da-byd-auto-brasil\/","robots":"max-image-preview:large","keywords":"","webmasterTools":{"miscellaneous":""},"schema":{"@context":"https:\/\/schema.org","@graph":[{"@type":"BlogPosting","@id":"https:\/\/www.encontracamacari.com.br\/sobre\/seremos-lideres-de-mercado-no-brasil-ate-2028-afirma-alexandre-baldy-head-da-byd-auto-brasil\/#blogposting","name":"\u201cSeremos l\u00edderes de mercado no Brasil at\u00e9 2028\u201d, afirma Alexandre Baldy, Head da BYD Auto Brasil - Encontra Cama\u00e7ari","headline":"\u201cSeremos l\u00edderes de mercado no Brasil at\u00e9 2028\u201d, afirma Alexandre Baldy, Head da BYD Auto Brasil","author":{"@id":"https:\/\/www.encontracamacari.com.br\/sobre\/author\/ecamacari\/#author"},"publisher":{"@id":"https:\/\/www.encontracamacari.com.br\/sobre\/#organization"},"image":{"@type":"ImageObject","url":"https:\/\/www.encontracamacari.com.br\/sobre\/wp-content\/uploads\/2025\/11\/seremos-lideres-de-mercado-no-brasil-ate-2028-afirma-alexandre-baldy-head-da-byd-auto-brasil.webp","width":320,"height":280,"caption":"lideran\u00e7a de mercado ve\u00edculos el\u00e9tricos Brasil 2028"},"datePublished":"2025-11-17T14:26:00+00:00","dateModified":"2025-11-17T14:26:00+00:00","inLanguage":"pt-BR","mainEntityOfPage":{"@id":"https:\/\/www.encontracamacari.com.br\/sobre\/seremos-lideres-de-mercado-no-brasil-ate-2028-afirma-alexandre-baldy-head-da-byd-auto-brasil\/#webpage"},"isPartOf":{"@id":"https:\/\/www.encontracamacari.com.br\/sobre\/seremos-lideres-de-mercado-no-brasil-ate-2028-afirma-alexandre-baldy-head-da-byd-auto-brasil\/#webpage"},"articleSection":"Not\u00edcias Cama\u00e7ari"},{"@type":"BreadcrumbList","@id":"https:\/\/www.encontracamacari.com.br\/sobre\/seremos-lideres-de-mercado-no-brasil-ate-2028-afirma-alexandre-baldy-head-da-byd-auto-brasil\/#breadcrumblist","itemListElement":[{"@type":"ListItem","@id":"https:\/\/www.encontracamacari.com.br\/sobre#listItem","position":1,"name":"Home","item":"https:\/\/www.encontracamacari.com.br\/sobre","nextItem":{"@type":"ListItem","@id":"https:\/\/www.encontracamacari.com.br\/sobre\/noticias-em-camacari\/#listItem","name":"Not\u00edcias Cama\u00e7ari"}},{"@type":"ListItem","@id":"https:\/\/www.encontracamacari.com.br\/sobre\/noticias-em-camacari\/#listItem","position":2,"name":"Not\u00edcias Cama\u00e7ari","item":"https:\/\/www.encontracamacari.com.br\/sobre\/noticias-em-camacari\/","nextItem":{"@type":"ListItem","@id":"https:\/\/www.encontracamacari.com.br\/sobre\/seremos-lideres-de-mercado-no-brasil-ate-2028-afirma-alexandre-baldy-head-da-byd-auto-brasil\/#listItem","name":"\u201cSeremos l\u00edderes de mercado no Brasil at\u00e9 2028\u201d, afirma Alexandre Baldy, Head da BYD Auto Brasil"},"previousItem":{"@type":"ListItem","@id":"https:\/\/www.encontracamacari.com.br\/sobre#listItem","name":"Home"}},{"@type":"ListItem","@id":"https:\/\/www.encontracamacari.com.br\/sobre\/seremos-lideres-de-mercado-no-brasil-ate-2028-afirma-alexandre-baldy-head-da-byd-auto-brasil\/#listItem","position":3,"name":"\u201cSeremos l\u00edderes de mercado no Brasil at\u00e9 2028\u201d, afirma Alexandre Baldy, Head da BYD Auto Brasil","previousItem":{"@type":"ListItem","@id":"https:\/\/www.encontracamacari.com.br\/sobre\/noticias-em-camacari\/#listItem","name":"Not\u00edcias Cama\u00e7ari"}}]},{"@type":"Organization","@id":"https:\/\/www.encontracamacari.com.br\/sobre\/#organization","name":"Encontra Cama\u00e7ari","description":"Not\u00edcias, eventos, informa\u00e7\u00f5es e dicas na cidade de Cama\u00e7ari e regi\u00e3o.","url":"https:\/\/www.encontracamacari.com.br\/sobre\/"},{"@type":"Person","@id":"https:\/\/www.encontracamacari.com.br\/sobre\/author\/ecamacari\/#author","url":"https:\/\/www.encontracamacari.com.br\/sobre\/author\/ecamacari\/","name":"Encontra Cama\u00e7ari","image":{"@type":"ImageObject","@id":"https:\/\/www.encontracamacari.com.br\/sobre\/seremos-lideres-de-mercado-no-brasil-ate-2028-afirma-alexandre-baldy-head-da-byd-auto-brasil\/#authorImage","url":"https:\/\/secure.gravatar.com\/avatar\/507340682b8270222e1f208e23198b6ae7e2c6a1033ae84e99bc6bce4f82a387?s=96&d=mm&r=g","width":96,"height":96,"caption":"Encontra Cama\u00e7ari"}},{"@type":"WebPage","@id":"https:\/\/www.encontracamacari.com.br\/sobre\/seremos-lideres-de-mercado-no-brasil-ate-2028-afirma-alexandre-baldy-head-da-byd-auto-brasil\/#webpage","url":"https:\/\/www.encontracamacari.com.br\/sobre\/seremos-lideres-de-mercado-no-brasil-ate-2028-afirma-alexandre-baldy-head-da-byd-auto-brasil\/","name":"\u201cSeremos l\u00edderes de mercado no Brasil at\u00e9 2028\u201d, afirma Alexandre Baldy, Head da BYD Auto Brasil - Encontra Cama\u00e7ari","description":"Descubra como a BYD busca a lideran\u00e7a do mercado de ve\u00edculos el\u00e9tricos at\u00e9 2028.","inLanguage":"pt-BR","isPartOf":{"@id":"https:\/\/www.encontracamacari.com.br\/sobre\/#website"},"breadcrumb":{"@id":"https:\/\/www.encontracamacari.com.br\/sobre\/seremos-lideres-de-mercado-no-brasil-ate-2028-afirma-alexandre-baldy-head-da-byd-auto-brasil\/#breadcrumblist"},"author":{"@id":"https:\/\/www.encontracamacari.com.br\/sobre\/author\/ecamacari\/#author"},"creator":{"@id":"https:\/\/www.encontracamacari.com.br\/sobre\/author\/ecamacari\/#author"},"image":{"@type":"ImageObject","url":"https:\/\/www.encontracamacari.com.br\/sobre\/wp-content\/uploads\/2025\/11\/seremos-lideres-de-mercado-no-brasil-ate-2028-afirma-alexandre-baldy-head-da-byd-auto-brasil.webp","@id":"https:\/\/www.encontracamacari.com.br\/sobre\/seremos-lideres-de-mercado-no-brasil-ate-2028-afirma-alexandre-baldy-head-da-byd-auto-brasil\/#mainImage","width":320,"height":280,"caption":"lideran\u00e7a de mercado ve\u00edculos el\u00e9tricos Brasil 2028"},"primaryImageOfPage":{"@id":"https:\/\/www.encontracamacari.com.br\/sobre\/seremos-lideres-de-mercado-no-brasil-ate-2028-afirma-alexandre-baldy-head-da-byd-auto-brasil\/#mainImage"},"datePublished":"2025-11-17T14:26:00+00:00","dateModified":"2025-11-17T14:26:00+00:00"},{"@type":"WebSite","@id":"https:\/\/www.encontracamacari.com.br\/sobre\/#website","url":"https:\/\/www.encontracamacari.com.br\/sobre\/","name":"Encontra Cama\u00e7ari","description":"Not\u00edcias, eventos, informa\u00e7\u00f5es e dicas na cidade de Cama\u00e7ari e regi\u00e3o.","inLanguage":"pt-BR","publisher":{"@id":"https:\/\/www.encontracamacari.com.br\/sobre\/#organization"}}]},"og:locale":"pt_BR","og:site_name":"Encontra Cama\u00e7ari - Not\u00edcias, eventos, informa\u00e7\u00f5es e dicas na cidade de Cama\u00e7ari e regi\u00e3o.","og:type":"article","og:title":"\u201cSeremos l\u00edderes de mercado no Brasil at\u00e9 2028\u201d, afirma Alexandre Baldy, Head da BYD Auto Brasil - Encontra Cama\u00e7ari","og:description":"Descubra como a BYD busca a lideran\u00e7a do mercado de ve\u00edculos el\u00e9tricos at\u00e9 2028.","og:url":"https:\/\/www.encontracamacari.com.br\/sobre\/seremos-lideres-de-mercado-no-brasil-ate-2028-afirma-alexandre-baldy-head-da-byd-auto-brasil\/","article:published_time":"2025-11-17T14:26:00+00:00","article:modified_time":"2025-11-17T14:26:00+00:00","twitter:card":"summary_large_image","twitter:title":"\u201cSeremos l\u00edderes de mercado no Brasil at\u00e9 2028\u201d, afirma Alexandre Baldy, Head da BYD Auto Brasil - Encontra Cama\u00e7ari","twitter:description":"Descubra como a BYD busca a lideran\u00e7a do mercado de ve\u00edculos el\u00e9tricos at\u00e9 2028."},"aioseo_meta_data":{"post_id":"371","title":null,"description":null,"keywords":null,"keyphrases":null,"primary_term":null,"canonical_url":null,"og_title":null,"og_description":null,"og_object_type":"default","og_image_type":"default","og_image_url":null,"og_image_width":null,"og_image_height":null,"og_image_custom_url":null,"og_image_custom_fields":null,"og_video":null,"og_custom_url":null,"og_article_section":null,"og_article_tags":null,"twitter_use_og":false,"twitter_card":"default","twitter_image_type":"default","twitter_image_url":null,"twitter_image_custom_url":null,"twitter_image_custom_fields":null,"twitter_title":null,"twitter_description":null,"schema":{"blockGraphs":[],"customGraphs":[],"default":{"data":{"Article":[],"Course":[],"Dataset":[],"FAQPage":[],"Movie":[],"Person":[],"Product":[],"ProductReview":[],"Car":[],"Recipe":[],"Service":[],"SoftwareApplication":[],"WebPage":[]},"graphName":"BlogPosting","isEnabled":true},"graphs":[]},"schema_type":"default","schema_type_options":null,"pillar_content":false,"robots_default":true,"robots_noindex":false,"robots_noarchive":false,"robots_nosnippet":false,"robots_nofollow":false,"robots_noimageindex":false,"robots_noodp":false,"robots_notranslate":false,"robots_max_snippet":null,"robots_max_videopreview":null,"robots_max_imagepreview":"large","priority":null,"frequency":null,"local_seo":null,"limit_modified_date":false,"created":"2025-11-22 11:00:18","updated":"2026-08-06 00:21:06","focus_keyword":null,"additional_keywords":null,"truseo_locale":null,"ai":null,"breadcrumb_settings":null,"seo_analyzer_scan_date":null},"aioseo_breadcrumb":"<div class=\"aioseo-breadcrumbs\"><span class=\"aioseo-breadcrumb\">\n\t\t\t<a href=\"https:\/\/www.encontracamacari.com.br\/sobre\" title=\"Home\">Home<\/a>\n\t\t<\/span><span class=\"aioseo-breadcrumb-separator\">&raquo;<\/span><span class=\"aioseo-breadcrumb\">\n\t\t\t<a href=\"https:\/\/www.encontracamacari.com.br\/sobre\/noticias-em-camacari\/\" title=\"Not\u00edcias Cama\u00e7ari\">Not\u00edcias Cama\u00e7ari<\/a>\n\t\t<\/span><span class=\"aioseo-breadcrumb-separator\">&raquo;<\/span><span class=\"aioseo-breadcrumb\">\n\t\t\t\u201cSeremos l\u00edderes de mercado no Brasil at\u00e9 2028\u201d, afirma Alexandre Baldy, Head da BYD Auto Brasil\n\t\t<\/span><\/div>","aioseo_breadcrumb_json":[{"label":"Home","link":"https:\/\/www.encontracamacari.com.br\/sobre"},{"label":"Not\u00edcias Cama\u00e7ari","link":"https:\/\/www.encontracamacari.com.br\/sobre\/noticias-em-camacari\/"},{"label":"\u201cSeremos l\u00edderes de mercado no Brasil at\u00e9 2028\u201d, afirma Alexandre Baldy, Head da BYD Auto Brasil","link":"https:\/\/www.encontracamacari.com.br\/sobre\/seremos-lideres-de-mercado-no-brasil-ate-2028-afirma-alexandre-baldy-head-da-byd-auto-brasil\/"}],"_links":{"self":[{"href":"https:\/\/www.encontracamacari.com.br\/sobre\/wp-json\/wp\/v2\/posts\/371","targetHints":{"allow":["GET"]}}],"collection":[{"href":"https:\/\/www.encontracamacari.com.br\/sobre\/wp-json\/wp\/v2\/posts"}],"about":[{"href":"https:\/\/www.encontracamacari.com.br\/sobre\/wp-json\/wp\/v2\/types\/post"}],"author":[{"embeddable":true,"href":"https:\/\/www.encontracamacari.com.br\/sobre\/wp-json\/wp\/v2\/users\/1"}],"replies":[{"embeddable":true,"href":"https:\/\/www.encontracamacari.com.br\/sobre\/wp-json\/wp\/v2\/comments?post=371"}],"version-history":[{"count":0,"href":"https:\/\/www.encontracamacari.com.br\/sobre\/wp-json\/wp\/v2\/posts\/371\/revisions"}],"wp:featuredmedia":[{"embeddable":true,"href":"https:\/\/www.encontracamacari.com.br\/sobre\/wp-json\/wp\/v2\/media\/370"}],"wp:attachment":[{"href":"https:\/\/www.encontracamacari.com.br\/sobre\/wp-json\/wp\/v2\/media?parent=371"}],"wp:term":[{"taxonomy":"category","embeddable":true,"href":"https:\/\/www.encontracamacari.com.br\/sobre\/wp-json\/wp\/v2\/categories?post=371"},{"taxonomy":"post_tag","embeddable":true,"href":"https:\/\/www.encontracamacari.com.br\/sobre\/wp-json\/wp\/v2\/tags?post=371"}],"curies":[{"name":"wp","href":"https:\/\/api.w.org\/{rel}","templated":true}]}}