{"id":362,"date":"2025-11-15T12:44:00","date_gmt":"2025-11-15T12:44:00","guid":{"rendered":"https:\/\/www.encontracamacari.com.br\/sobre\/?p=362"},"modified":"2025-11-15T12:44:00","modified_gmt":"2025-11-15T12:44:00","slug":"camacari-deve-ter-um-dia-com-muitas-nuvens-com-pancadas-de-chuva-nesta-quarta","status":"publish","type":"post","link":"https:\/\/www.encontracamacari.com.br\/sobre\/camacari-deve-ter-um-dia-com-muitas-nuvens-com-pancadas-de-chuva-nesta-quarta\/","title":{"rendered":"Cama\u00e7ari deve ter um dia com muitas nuvens com pancadas de chuva nesta quarta"},"content":{"rendered":"<div class=\"2410bb7248a64bb1f71103797e0f239b\" data-index=\"1\" style=\"float: none; margin:0px;\">\n<ins class=\"adsbygoogle\"\r\n     style=\"display:block\"\r\n     data-ad-client=\"ca-pub-8585364105181520\"\r\n     data-ad-slot=\"8789329856\"\r\n     data-ad-format=\"auto\"\r\n     data-full-width-responsive=\"true\"><\/ins>\r\n<script>\r\n     (adsbygoogle = window.adsbygoogle || []).push({});\r\n<\/script>\n<\/div>\n<h2>Como ser\u00e1 o tempo durante o dia em Cama\u00e7ari?<\/h2>\n<p>Na quarta-feira, Cama\u00e7ari ter\u00e1 um clima dominado por muitas nuvens e pancadas de chuva. O dia ter\u00e1 um in\u00edcio ameno, com temperaturas ao redor de <strong>22\u00b0C<\/strong>. Conforme avan\u00e7ar a manh\u00e3, os term\u00f4metros marcar\u00e3o uma leve eleva\u00e7\u00e3o, chegando a <strong>24\u00b0C<\/strong>. A expectativa \u00e9 que a chuva se intensifique durante a tarde, trazendo um cen\u00e1rio ideal para quem aprecia o refresco das got\u00edculas sobre a terra. \u00c0 noite, a temperatura deve se manter est\u00e1vel, com m\u00ednimas de <strong>22\u00b0C<\/strong>, permitindo que a popula\u00e7\u00e3o tenha um repouso agrad\u00e1vel, mesmo com a umidade no ar.<\/p>\n<h2>Umidade relativa do ar em Cama\u00e7ari<\/h2>\n<p>A umidade relativa do ar em Cama\u00e7ari neste dia apresenta varia\u00e7\u00f5es significativas. Durante a manh\u00e3, ela pode atingir at\u00e9 <strong>95%<\/strong>, criando um ambiente de bastante umidade, que potencializa a sensa\u00e7\u00e3o de calor. Ao longo do dia, com a ocorr\u00eancia de chuvas, a umidade diminui, podendo chegar a <strong>80%<\/strong> em per\u00edodos mais secos, especialmente \u00e0 tarde. Essa oscila\u00e7\u00e3o na umidade \u00e9 comum em regi\u00f5es que recebem frequentes pancadas de chuva, e \u00e9 importante para o ecossistema local, pois ajuda na manuten\u00e7\u00e3o da vegeta\u00e7\u00e3o e da fauna regional.<\/p>\n<h2>Dire\u00e7\u00e3o e intensidade do vento em Cama\u00e7ari<\/h2>\n<p>Os ventos que perpassam Cama\u00e7ari na quarta-feira s\u00e3o previstos como sendo principalmente fracos. Soprando do <strong>sudeste<\/strong> em dire\u00e7\u00e3o ao <strong>sul<\/strong>, esses ventos contribuem para a sensa\u00e7\u00e3o de frescor durante e ap\u00f3s as pancadas de chuva. A intensidade dos ventos deve ser leve, proporcionando uma atmosfera tranquila no decorrer do dia. O nascer do sol est\u00e1 previsto para <strong>05h05<\/strong>, prometendo uma bela aurora que \u00e9 frequentemente ofuscada pelas nuvens, e o p\u00f4r do sol acontecer\u00e1 \u00e0s <strong>17h31<\/strong>, sinalizando o fim de um dia de clima inst\u00e1vel, mas fresco.<\/p>\n<p><img decoding=\"async\" src=\"https:\/\/www.encontracamacari.com.br\/sobre\/wp-content\/uploads\/2025\/11\/camacari-deve-ter-um-dia-com-muitas-nuvens-com-pancadas-de-chuva-nesta-quarta.webp\" alt=\"pancadas de chuva\" loading=\"lazy\" \/><\/p>\n<h2>Temperaturas esperadas para os pr\u00f3ximos dias<\/h2>\n<p>As previs\u00f5es para os dias seguintes em Cama\u00e7ari indicam um clima que continuar\u00e1 a variar entre chuvas e temperaturas amenas. Para <strong>quinta-feira<\/strong>, espera-se uma ligeira garoa durante todo o dia, com temperaturas entre <strong>22\u00b0C<\/strong> e <strong>27\u00b0C<\/strong>. J\u00e1 na <strong>sexta-feira<\/strong>, as temperaturas podem oscilar entre <strong>21\u00b0C<\/strong> a <strong>27\u00b0C<\/strong>, com a previs\u00e3o de pancadas intensas de chuva. <strong>S\u00e1bado<\/strong> trar\u00e1 uma caracter\u00edstica ainda mais severa, com tempestades localizadas e temperaturas entre <strong>21\u00b0C<\/strong> a <strong>28\u00b0C<\/strong>. Por \u00faltimo, <strong>domingo<\/strong> promete um tempo aberto, com m\u00e1ximas de <strong>30\u00b0C<\/strong>.<\/p>\n<h2>O que influencia a previs\u00e3o do tempo na regi\u00e3o?<\/h2>\n<p>A previs\u00e3o do tempo em Cama\u00e7ari, como em muitas outras regi\u00f5es, \u00e9 influenciada por uma combina\u00e7\u00e3o de fatores atmosf\u00e9ricos. Um dos principais elementos \u00e9 a presen\u00e7a de sistemas de alta e baixa press\u00e3o, que afetam diretamente a ocorr\u00eancia de chuvas. A umidade do ar, que vem do oceano, tamb\u00e9m desempenha um papel crucial; quando h\u00e1 umacumula\u00e7\u00e3o significativa de umidade, as condi\u00e7\u00f5es se tornam favor\u00e1veis para chuvas. Al\u00e9m disso, a temperatura das superf\u00edcies oce\u00e2nicas pode afetar os padr\u00f5es clim\u00e1ticos. Em s\u00edntese, a intera\u00e7\u00e3o desses fatores determina as varia\u00e7\u00f5es clim\u00e1ticas que os habitantes de Cama\u00e7ari experienciam diariamente.<\/p><div class=\"2410bb7248a64bb1f71103797e0f239b\" data-index=\"2\" style=\"float: none; margin:0px;\">\n<ins class=\"adsbygoogle\"\r\n     style=\"display:block; text-align:center;\"\r\n     data-ad-layout=\"in-article\"\r\n     data-ad-format=\"fluid\"\r\n     data-ad-client=\"ca-pub-8585364105181520\"\r\n     data-ad-slot=\"2899217073\"><\/ins>\r\n<script>\r\n     (adsbygoogle = window.adsbygoogle || []).push({});\r\n<\/script>\r\n\r\n<\/br><\/br>\n<\/div>\n\n<h2>Diferen\u00e7as nas temperaturas ao longo do dia<\/h2>\n<p>Cama\u00e7ari, situado em uma regi\u00e3o litor\u00e2nea, costuma apresentar um fen\u00f4meno conhecido como <strong>ilha de calor<\/strong>. Durante o dia, as temperaturas costumam ser mais elevadas, especialmente sob a luz do sol. Por\u00e9m, ao longo da manh\u00e3 e ao fim da tarde, a brisa mar\u00edtima ajuda a amenizar essa temperatura, trazendo alivio. Essa oscila\u00e7\u00e3o, que muitas vezes causa uma sensa\u00e7\u00e3o t\u00e9rmica diferenciada, pode ser percebida facilmente pelos moradores que t\u00eam um contato direto com o ambiente. Essa din\u00e2mica \u00e9 comum em regi\u00f5es costeiras e \u00e9 essencial para o equil\u00edbrio t\u00e9rmico local.<\/p>\n<h2>Impacto da umidade no clima local<\/h2>\n<p>A umidade relativa do ar possui um impacto significativo no clima de Cama\u00e7ari. Altos \u00edndices de umidade favorecem a forma\u00e7\u00e3o de nuvens e, consequentemente, as chuvas. Adicionalmente, os altos n\u00edveis de umidade podem acentuar a sensa\u00e7\u00e3o de calor, resultando em um ambiente \u00famido e abafado, especialmente em dias sem chuva, onde a evapora\u00e7\u00e3o n\u00e3o ocorre adequadamente. A vegeta\u00e7\u00e3o local depende desse ciclo de umidade, j\u00e1 que muitas plantas utilizam a umidade do ar como uma fonte adicional de \u00e1gua, ajudando na sua sobreviv\u00eancia e crescimento. Portanto, a umidade desempenha um papel crucial tanto no clima como na ecologia da regi\u00e3o.<\/p>\n<h2>Hist\u00f3rico de clima em Cama\u00e7ari<\/h2>\n<p>Historicamente, o clima em Cama\u00e7ari \u00e9 considerado tropical, caracterizado por uma esta\u00e7\u00e3o chuvosa e outra seca. A temporada das chuvas geralmente compreende os meses de <strong>abril a agosto<\/strong>, onde as precipita\u00e7\u00f5es s\u00e3o mais frequentes e intensas. No entanto, os padr\u00f5es podem variar anualmente devido a fen\u00f4menos clim\u00e1ticos, como o El Ni\u00f1o e a La Ni\u00f1a, que influenciam diretamente as condi\u00e7\u00f5es meteorol\u00f3gicas n\u00e3o apenas na regi\u00e3o, mas em todo o Brasil. Esse conhecimento hist\u00f3rico \u00e9 fundamental para que os residentes e agricultores da regi\u00e3o possam adaptar suas atividades ao clima, assegurando a produtividade e o bem-estar da comunidade.<\/p>\n<h2>Recomenda\u00e7\u00f5es para o dia chuvoso<\/h2>\n<p>Para aqueles que est\u00e3o se preparando para um dia chuvoso em Cama\u00e7ari, algumas recomenda\u00e7\u00f5es s\u00e3o v\u00e1lidas. Em primeiro lugar, \u00e9 prudente sair de casa com um <strong>guarda-chuva<\/strong> ou <strong>capa de chuva<\/strong>, especialmente se houver a previs\u00e3o de pancadas intensas. Em segundo lugar, utilizar roupas apropriadas, que ajudem a manter o corpo aquecido, pode ser uma boa ideia. No tr\u00e2nsito, a cautela \u00e9 essencial devido a poss\u00edveis alagamentos e baixa visibilidade. Por \u00faltimo, \u00e9 aconselh\u00e1vel ficar atento \u00e0s dicas de organismos de meteorologia para evitar surpresas clim\u00e1ticas inesperadas.<\/p>\n<h2>Expectativas para o final da semana<\/h2>\n<p>Olhar para os pr\u00f3ximos dias revela a expectativa de um clima mais quente e com menos chuvas em Cama\u00e7ari, especialmente a partir do domingo. Ap\u00f3s um final de semana marcado por precipita\u00e7\u00f5es, a previs\u00e3o indica um tempo aberto para os dias seguintes, potencialmente abrindo espa\u00e7o para atividades ao ar livre. Contudo, \u00e9 sempre aconselh\u00e1vel verificar atualiza\u00e7\u00f5es meteorol\u00f3gicas, pois o clima pode mudar rapidamente. A altern\u00e2ncia entre dias chuvosos e ensolarados \u00e9 comum nesta regi\u00e3o, permitindo uma riqueza de experi\u00eancias clim\u00e1ticas para seus habitantes.<\/p>\n<div class=\"2410bb7248a64bb1f71103797e0f239b\" data-index=\"3\" style=\"float: none; margin:0px;\">\n<\/br><\/br>\r\n\r\n<ins class=\"adsbygoogle\"\r\n     style=\"display:block\"\r\n     data-ad-format=\"fluid\"\r\n     data-ad-layout-key=\"-63+do+n-1s+9e\"\r\n     data-ad-client=\"ca-pub-8585364105181520\"\r\n     data-ad-slot=\"6838462089\"><\/ins>\r\n<script>\r\n     (adsbygoogle = window.adsbygoogle || []).push({});\r\n<\/script>\n<\/div>\n\n<div style=\"font-size: 0px; height: 0px; line-height: 0px; margin: 0; padding: 0; clear: both;\"><\/div>","protected":false},"excerpt":{"rendered":"<p>Cama\u00e7ari ter\u00e1 um dia chuvoso com temperaturas entre 22\u00b0C e 24\u00b0C.<\/p>\n","protected":false},"author":1,"featured_media":361,"comment_status":"open","ping_status":"closed","sticky":false,"template":"","format":"standard","meta":{"footnotes":""},"categories":[1],"tags":[],"class_list":["post-362","post","type-post","status-publish","format-standard","has-post-thumbnail","hentry","category-noticias-em-camacari","has_thumb"],"aioseo_notices":[],"aioseo_head":"\n\t\t<!-- All in One SEO 5.0.0.1 - aioseo.com -->\n\t<meta name=\"description\" content=\"Cama\u00e7ari ter\u00e1 um dia chuvoso com temperaturas entre 22\u00b0C e 24\u00b0C.\" \/>\n\t<meta name=\"robots\" content=\"max-image-preview:large\" \/>\n\t<meta name=\"author\" content=\"Encontra Cama\u00e7ari\"\/>\n\t<link rel=\"canonical\" href=\"https:\/\/www.encontracamacari.com.br\/sobre\/camacari-deve-ter-um-dia-com-muitas-nuvens-com-pancadas-de-chuva-nesta-quarta\/\" \/>\n\t<meta name=\"generator\" content=\"All in One SEO (AIOSEO) 5.0.0.1\" \/>\n\t\t<meta property=\"og:locale\" content=\"pt_BR\" \/>\n\t\t<meta property=\"og:site_name\" content=\"Encontra Cama\u00e7ari - Not\u00edcias, eventos, informa\u00e7\u00f5es e dicas na cidade de Cama\u00e7ari e regi\u00e3o.\" \/>\n\t\t<meta property=\"og:type\" content=\"article\" \/>\n\t\t<meta property=\"og:title\" content=\"Cama\u00e7ari deve ter um dia com muitas nuvens com pancadas de chuva nesta quarta - Encontra Cama\u00e7ari\" \/>\n\t\t<meta property=\"og:description\" content=\"Cama\u00e7ari ter\u00e1 um dia chuvoso com temperaturas entre 22\u00b0C e 24\u00b0C.\" \/>\n\t\t<meta property=\"og:url\" content=\"https:\/\/www.encontracamacari.com.br\/sobre\/camacari-deve-ter-um-dia-com-muitas-nuvens-com-pancadas-de-chuva-nesta-quarta\/\" \/>\n\t\t<meta property=\"article:published_time\" content=\"2025-11-15T12:44:00+00:00\" \/>\n\t\t<meta property=\"article:modified_time\" content=\"2025-11-15T12:44:00+00:00\" \/>\n\t\t<meta name=\"twitter:card\" content=\"summary_large_image\" \/>\n\t\t<meta name=\"twitter:title\" content=\"Cama\u00e7ari deve ter um dia com muitas nuvens com pancadas de chuva nesta quarta - Encontra Cama\u00e7ari\" \/>\n\t\t<meta name=\"twitter:description\" content=\"Cama\u00e7ari ter\u00e1 um dia chuvoso com temperaturas entre 22\u00b0C e 24\u00b0C.\" \/>\n\t\t<script type=\"application\/ld+json\" class=\"aioseo-schema\">\n\t\t\t{\"@context\":\"https:\\\/\\\/schema.org\",\"@graph\":[{\"@type\":\"BlogPosting\",\"@id\":\"https:\\\/\\\/www.encontracamacari.com.br\\\/sobre\\\/camacari-deve-ter-um-dia-com-muitas-nuvens-com-pancadas-de-chuva-nesta-quarta\\\/#blogposting\",\"name\":\"Cama\\u00e7ari deve ter um dia com muitas nuvens com pancadas de chuva nesta quarta - Encontra Cama\\u00e7ari\",\"headline\":\"Cama\\u00e7ari deve ter um dia com muitas nuvens com pancadas de chuva nesta quarta\",\"author\":{\"@id\":\"https:\\\/\\\/www.encontracamacari.com.br\\\/sobre\\\/author\\\/ecamacari\\\/#author\"},\"publisher\":{\"@id\":\"https:\\\/\\\/www.encontracamacari.com.br\\\/sobre\\\/#organization\"},\"image\":{\"@type\":\"ImageObject\",\"url\":\"https:\\\/\\\/www.encontracamacari.com.br\\\/sobre\\\/wp-content\\\/uploads\\\/2025\\\/11\\\/camacari-deve-ter-um-dia-com-muitas-nuvens-com-pancadas-de-chuva-nesta-quarta.webp\",\"width\":320,\"height\":280,\"caption\":\"pancadas de chuva\"},\"datePublished\":\"2025-11-15T12:44:00+00:00\",\"dateModified\":\"2025-11-15T12:44:00+00:00\",\"inLanguage\":\"pt-BR\",\"mainEntityOfPage\":{\"@id\":\"https:\\\/\\\/www.encontracamacari.com.br\\\/sobre\\\/camacari-deve-ter-um-dia-com-muitas-nuvens-com-pancadas-de-chuva-nesta-quarta\\\/#webpage\"},\"isPartOf\":{\"@id\":\"https:\\\/\\\/www.encontracamacari.com.br\\\/sobre\\\/camacari-deve-ter-um-dia-com-muitas-nuvens-com-pancadas-de-chuva-nesta-quarta\\\/#webpage\"},\"articleSection\":\"Not\\u00edcias Cama\\u00e7ari\"},{\"@type\":\"BreadcrumbList\",\"@id\":\"https:\\\/\\\/www.encontracamacari.com.br\\\/sobre\\\/camacari-deve-ter-um-dia-com-muitas-nuvens-com-pancadas-de-chuva-nesta-quarta\\\/#breadcrumblist\",\"itemListElement\":[{\"@type\":\"ListItem\",\"@id\":\"https:\\\/\\\/www.encontracamacari.com.br\\\/sobre#listItem\",\"position\":1,\"name\":\"Home\",\"item\":\"https:\\\/\\\/www.encontracamacari.com.br\\\/sobre\",\"nextItem\":{\"@type\":\"ListItem\",\"@id\":\"https:\\\/\\\/www.encontracamacari.com.br\\\/sobre\\\/noticias-em-camacari\\\/#listItem\",\"name\":\"Not\\u00edcias Cama\\u00e7ari\"}},{\"@type\":\"ListItem\",\"@id\":\"https:\\\/\\\/www.encontracamacari.com.br\\\/sobre\\\/noticias-em-camacari\\\/#listItem\",\"position\":2,\"name\":\"Not\\u00edcias Cama\\u00e7ari\",\"item\":\"https:\\\/\\\/www.encontracamacari.com.br\\\/sobre\\\/noticias-em-camacari\\\/\",\"nextItem\":{\"@type\":\"ListItem\",\"@id\":\"https:\\\/\\\/www.encontracamacari.com.br\\\/sobre\\\/camacari-deve-ter-um-dia-com-muitas-nuvens-com-pancadas-de-chuva-nesta-quarta\\\/#listItem\",\"name\":\"Cama\\u00e7ari deve ter um dia com muitas nuvens com pancadas de chuva nesta quarta\"},\"previousItem\":{\"@type\":\"ListItem\",\"@id\":\"https:\\\/\\\/www.encontracamacari.com.br\\\/sobre#listItem\",\"name\":\"Home\"}},{\"@type\":\"ListItem\",\"@id\":\"https:\\\/\\\/www.encontracamacari.com.br\\\/sobre\\\/camacari-deve-ter-um-dia-com-muitas-nuvens-com-pancadas-de-chuva-nesta-quarta\\\/#listItem\",\"position\":3,\"name\":\"Cama\\u00e7ari deve ter um dia com muitas nuvens com pancadas de chuva nesta quarta\",\"previousItem\":{\"@type\":\"ListItem\",\"@id\":\"https:\\\/\\\/www.encontracamacari.com.br\\\/sobre\\\/noticias-em-camacari\\\/#listItem\",\"name\":\"Not\\u00edcias Cama\\u00e7ari\"}}]},{\"@type\":\"Organization\",\"@id\":\"https:\\\/\\\/www.encontracamacari.com.br\\\/sobre\\\/#organization\",\"name\":\"Encontra Cama\\u00e7ari\",\"description\":\"Not\\u00edcias, eventos, informa\\u00e7\\u00f5es e dicas na cidade de Cama\\u00e7ari e regi\\u00e3o.\",\"url\":\"https:\\\/\\\/www.encontracamacari.com.br\\\/sobre\\\/\"},{\"@type\":\"Person\",\"@id\":\"https:\\\/\\\/www.encontracamacari.com.br\\\/sobre\\\/author\\\/ecamacari\\\/#author\",\"url\":\"https:\\\/\\\/www.encontracamacari.com.br\\\/sobre\\\/author\\\/ecamacari\\\/\",\"name\":\"Encontra Cama\\u00e7ari\",\"image\":{\"@type\":\"ImageObject\",\"@id\":\"https:\\\/\\\/www.encontracamacari.com.br\\\/sobre\\\/camacari-deve-ter-um-dia-com-muitas-nuvens-com-pancadas-de-chuva-nesta-quarta\\\/#authorImage\",\"url\":\"https:\\\/\\\/secure.gravatar.com\\\/avatar\\\/507340682b8270222e1f208e23198b6ae7e2c6a1033ae84e99bc6bce4f82a387?s=96&d=mm&r=g\",\"width\":96,\"height\":96,\"caption\":\"Encontra Cama\\u00e7ari\"}},{\"@type\":\"WebPage\",\"@id\":\"https:\\\/\\\/www.encontracamacari.com.br\\\/sobre\\\/camacari-deve-ter-um-dia-com-muitas-nuvens-com-pancadas-de-chuva-nesta-quarta\\\/#webpage\",\"url\":\"https:\\\/\\\/www.encontracamacari.com.br\\\/sobre\\\/camacari-deve-ter-um-dia-com-muitas-nuvens-com-pancadas-de-chuva-nesta-quarta\\\/\",\"name\":\"Cama\\u00e7ari deve ter um dia com muitas nuvens com pancadas de chuva nesta quarta - Encontra Cama\\u00e7ari\",\"description\":\"Cama\\u00e7ari ter\\u00e1 um dia chuvoso com temperaturas entre 22\\u00b0C e 24\\u00b0C.\",\"inLanguage\":\"pt-BR\",\"isPartOf\":{\"@id\":\"https:\\\/\\\/www.encontracamacari.com.br\\\/sobre\\\/#website\"},\"breadcrumb\":{\"@id\":\"https:\\\/\\\/www.encontracamacari.com.br\\\/sobre\\\/camacari-deve-ter-um-dia-com-muitas-nuvens-com-pancadas-de-chuva-nesta-quarta\\\/#breadcrumblist\"},\"author\":{\"@id\":\"https:\\\/\\\/www.encontracamacari.com.br\\\/sobre\\\/author\\\/ecamacari\\\/#author\"},\"creator\":{\"@id\":\"https:\\\/\\\/www.encontracamacari.com.br\\\/sobre\\\/author\\\/ecamacari\\\/#author\"},\"image\":{\"@type\":\"ImageObject\",\"url\":\"https:\\\/\\\/www.encontracamacari.com.br\\\/sobre\\\/wp-content\\\/uploads\\\/2025\\\/11\\\/camacari-deve-ter-um-dia-com-muitas-nuvens-com-pancadas-de-chuva-nesta-quarta.webp\",\"@id\":\"https:\\\/\\\/www.encontracamacari.com.br\\\/sobre\\\/camacari-deve-ter-um-dia-com-muitas-nuvens-com-pancadas-de-chuva-nesta-quarta\\\/#mainImage\",\"width\":320,\"height\":280,\"caption\":\"pancadas de chuva\"},\"primaryImageOfPage\":{\"@id\":\"https:\\\/\\\/www.encontracamacari.com.br\\\/sobre\\\/camacari-deve-ter-um-dia-com-muitas-nuvens-com-pancadas-de-chuva-nesta-quarta\\\/#mainImage\"},\"datePublished\":\"2025-11-15T12:44:00+00:00\",\"dateModified\":\"2025-11-15T12:44:00+00:00\"},{\"@type\":\"WebSite\",\"@id\":\"https:\\\/\\\/www.encontracamacari.com.br\\\/sobre\\\/#website\",\"url\":\"https:\\\/\\\/www.encontracamacari.com.br\\\/sobre\\\/\",\"name\":\"Encontra Cama\\u00e7ari\",\"description\":\"Not\\u00edcias, eventos, informa\\u00e7\\u00f5es e dicas na cidade de Cama\\u00e7ari e regi\\u00e3o.\",\"inLanguage\":\"pt-BR\",\"publisher\":{\"@id\":\"https:\\\/\\\/www.encontracamacari.com.br\\\/sobre\\\/#organization\"}}]}\n\t\t<\/script>\n\t\t<!-- All in One SEO -->\n\n","aioseo_head_json":{"title":"Cama\u00e7ari deve ter um dia com muitas nuvens com pancadas de chuva nesta quarta - Encontra Cama\u00e7ari","description":"Cama\u00e7ari ter\u00e1 um dia chuvoso com temperaturas entre 22\u00b0C e 24\u00b0C.","canonical_url":"https:\/\/www.encontracamacari.com.br\/sobre\/camacari-deve-ter-um-dia-com-muitas-nuvens-com-pancadas-de-chuva-nesta-quarta\/","robots":"max-image-preview:large","keywords":"","webmasterTools":{"miscellaneous":""},"schema":{"@context":"https:\/\/schema.org","@graph":[{"@type":"BlogPosting","@id":"https:\/\/www.encontracamacari.com.br\/sobre\/camacari-deve-ter-um-dia-com-muitas-nuvens-com-pancadas-de-chuva-nesta-quarta\/#blogposting","name":"Cama\u00e7ari deve ter um dia com muitas nuvens com pancadas de chuva nesta quarta - Encontra Cama\u00e7ari","headline":"Cama\u00e7ari deve ter um dia com muitas nuvens com pancadas de chuva nesta quarta","author":{"@id":"https:\/\/www.encontracamacari.com.br\/sobre\/author\/ecamacari\/#author"},"publisher":{"@id":"https:\/\/www.encontracamacari.com.br\/sobre\/#organization"},"image":{"@type":"ImageObject","url":"https:\/\/www.encontracamacari.com.br\/sobre\/wp-content\/uploads\/2025\/11\/camacari-deve-ter-um-dia-com-muitas-nuvens-com-pancadas-de-chuva-nesta-quarta.webp","width":320,"height":280,"caption":"pancadas de chuva"},"datePublished":"2025-11-15T12:44:00+00:00","dateModified":"2025-11-15T12:44:00+00:00","inLanguage":"pt-BR","mainEntityOfPage":{"@id":"https:\/\/www.encontracamacari.com.br\/sobre\/camacari-deve-ter-um-dia-com-muitas-nuvens-com-pancadas-de-chuva-nesta-quarta\/#webpage"},"isPartOf":{"@id":"https:\/\/www.encontracamacari.com.br\/sobre\/camacari-deve-ter-um-dia-com-muitas-nuvens-com-pancadas-de-chuva-nesta-quarta\/#webpage"},"articleSection":"Not\u00edcias Cama\u00e7ari"},{"@type":"BreadcrumbList","@id":"https:\/\/www.encontracamacari.com.br\/sobre\/camacari-deve-ter-um-dia-com-muitas-nuvens-com-pancadas-de-chuva-nesta-quarta\/#breadcrumblist","itemListElement":[{"@type":"ListItem","@id":"https:\/\/www.encontracamacari.com.br\/sobre#listItem","position":1,"name":"Home","item":"https:\/\/www.encontracamacari.com.br\/sobre","nextItem":{"@type":"ListItem","@id":"https:\/\/www.encontracamacari.com.br\/sobre\/noticias-em-camacari\/#listItem","name":"Not\u00edcias Cama\u00e7ari"}},{"@type":"ListItem","@id":"https:\/\/www.encontracamacari.com.br\/sobre\/noticias-em-camacari\/#listItem","position":2,"name":"Not\u00edcias Cama\u00e7ari","item":"https:\/\/www.encontracamacari.com.br\/sobre\/noticias-em-camacari\/","nextItem":{"@type":"ListItem","@id":"https:\/\/www.encontracamacari.com.br\/sobre\/camacari-deve-ter-um-dia-com-muitas-nuvens-com-pancadas-de-chuva-nesta-quarta\/#listItem","name":"Cama\u00e7ari deve ter um dia com muitas nuvens com pancadas de chuva nesta quarta"},"previousItem":{"@type":"ListItem","@id":"https:\/\/www.encontracamacari.com.br\/sobre#listItem","name":"Home"}},{"@type":"ListItem","@id":"https:\/\/www.encontracamacari.com.br\/sobre\/camacari-deve-ter-um-dia-com-muitas-nuvens-com-pancadas-de-chuva-nesta-quarta\/#listItem","position":3,"name":"Cama\u00e7ari deve ter um dia com muitas nuvens com pancadas de chuva nesta quarta","previousItem":{"@type":"ListItem","@id":"https:\/\/www.encontracamacari.com.br\/sobre\/noticias-em-camacari\/#listItem","name":"Not\u00edcias Cama\u00e7ari"}}]},{"@type":"Organization","@id":"https:\/\/www.encontracamacari.com.br\/sobre\/#organization","name":"Encontra Cama\u00e7ari","description":"Not\u00edcias, eventos, informa\u00e7\u00f5es e dicas na cidade de Cama\u00e7ari e regi\u00e3o.","url":"https:\/\/www.encontracamacari.com.br\/sobre\/"},{"@type":"Person","@id":"https:\/\/www.encontracamacari.com.br\/sobre\/author\/ecamacari\/#author","url":"https:\/\/www.encontracamacari.com.br\/sobre\/author\/ecamacari\/","name":"Encontra Cama\u00e7ari","image":{"@type":"ImageObject","@id":"https:\/\/www.encontracamacari.com.br\/sobre\/camacari-deve-ter-um-dia-com-muitas-nuvens-com-pancadas-de-chuva-nesta-quarta\/#authorImage","url":"https:\/\/secure.gravatar.com\/avatar\/507340682b8270222e1f208e23198b6ae7e2c6a1033ae84e99bc6bce4f82a387?s=96&d=mm&r=g","width":96,"height":96,"caption":"Encontra Cama\u00e7ari"}},{"@type":"WebPage","@id":"https:\/\/www.encontracamacari.com.br\/sobre\/camacari-deve-ter-um-dia-com-muitas-nuvens-com-pancadas-de-chuva-nesta-quarta\/#webpage","url":"https:\/\/www.encontracamacari.com.br\/sobre\/camacari-deve-ter-um-dia-com-muitas-nuvens-com-pancadas-de-chuva-nesta-quarta\/","name":"Cama\u00e7ari deve ter um dia com muitas nuvens com pancadas de chuva nesta quarta - Encontra Cama\u00e7ari","description":"Cama\u00e7ari ter\u00e1 um dia chuvoso com temperaturas entre 22\u00b0C e 24\u00b0C.","inLanguage":"pt-BR","isPartOf":{"@id":"https:\/\/www.encontracamacari.com.br\/sobre\/#website"},"breadcrumb":{"@id":"https:\/\/www.encontracamacari.com.br\/sobre\/camacari-deve-ter-um-dia-com-muitas-nuvens-com-pancadas-de-chuva-nesta-quarta\/#breadcrumblist"},"author":{"@id":"https:\/\/www.encontracamacari.com.br\/sobre\/author\/ecamacari\/#author"},"creator":{"@id":"https:\/\/www.encontracamacari.com.br\/sobre\/author\/ecamacari\/#author"},"image":{"@type":"ImageObject","url":"https:\/\/www.encontracamacari.com.br\/sobre\/wp-content\/uploads\/2025\/11\/camacari-deve-ter-um-dia-com-muitas-nuvens-com-pancadas-de-chuva-nesta-quarta.webp","@id":"https:\/\/www.encontracamacari.com.br\/sobre\/camacari-deve-ter-um-dia-com-muitas-nuvens-com-pancadas-de-chuva-nesta-quarta\/#mainImage","width":320,"height":280,"caption":"pancadas de chuva"},"primaryImageOfPage":{"@id":"https:\/\/www.encontracamacari.com.br\/sobre\/camacari-deve-ter-um-dia-com-muitas-nuvens-com-pancadas-de-chuva-nesta-quarta\/#mainImage"},"datePublished":"2025-11-15T12:44:00+00:00","dateModified":"2025-11-15T12:44:00+00:00"},{"@type":"WebSite","@id":"https:\/\/www.encontracamacari.com.br\/sobre\/#website","url":"https:\/\/www.encontracamacari.com.br\/sobre\/","name":"Encontra Cama\u00e7ari","description":"Not\u00edcias, eventos, informa\u00e7\u00f5es e dicas na cidade de Cama\u00e7ari e regi\u00e3o.","inLanguage":"pt-BR","publisher":{"@id":"https:\/\/www.encontracamacari.com.br\/sobre\/#organization"}}]},"og:locale":"pt_BR","og:site_name":"Encontra Cama\u00e7ari - Not\u00edcias, eventos, informa\u00e7\u00f5es e dicas na cidade de Cama\u00e7ari e regi\u00e3o.","og:type":"article","og:title":"Cama\u00e7ari deve ter um dia com muitas nuvens com pancadas de chuva nesta quarta - Encontra Cama\u00e7ari","og:description":"Cama\u00e7ari ter\u00e1 um dia chuvoso com temperaturas entre 22\u00b0C e 24\u00b0C.","og:url":"https:\/\/www.encontracamacari.com.br\/sobre\/camacari-deve-ter-um-dia-com-muitas-nuvens-com-pancadas-de-chuva-nesta-quarta\/","article:published_time":"2025-11-15T12:44:00+00:00","article:modified_time":"2025-11-15T12:44:00+00:00","twitter:card":"summary_large_image","twitter:title":"Cama\u00e7ari deve ter um dia com muitas nuvens com pancadas de chuva nesta quarta - Encontra Cama\u00e7ari","twitter:description":"Cama\u00e7ari ter\u00e1 um dia chuvoso com temperaturas entre 22\u00b0C e 24\u00b0C."},"aioseo_meta_data":{"post_id":"362","title":null,"description":null,"keywords":null,"keyphrases":null,"primary_term":null,"canonical_url":null,"og_title":null,"og_description":null,"og_object_type":"default","og_image_type":"default","og_image_url":null,"og_image_width":null,"og_image_height":null,"og_image_custom_url":null,"og_image_custom_fields":null,"og_video":null,"og_custom_url":null,"og_article_section":null,"og_article_tags":null,"twitter_use_og":false,"twitter_card":"default","twitter_image_type":"default","twitter_image_url":null,"twitter_image_custom_url":null,"twitter_image_custom_fields":null,"twitter_title":null,"twitter_description":null,"schema":{"blockGraphs":[],"customGraphs":[],"default":{"data":{"Article":[],"Course":[],"Dataset":[],"FAQPage":[],"Movie":[],"Person":[],"Product":[],"ProductReview":[],"Car":[],"Recipe":[],"Service":[],"SoftwareApplication":[],"WebPage":[]},"graphName":"","isEnabled":true},"graphs":[]},"schema_type":"default","schema_type_options":null,"pillar_content":false,"robots_default":true,"robots_noindex":false,"robots_noarchive":false,"robots_nosnippet":false,"robots_nofollow":false,"robots_noimageindex":false,"robots_noodp":false,"robots_notranslate":false,"robots_max_snippet":null,"robots_max_videopreview":null,"robots_max_imagepreview":"large","priority":null,"frequency":null,"local_seo":null,"limit_modified_date":false,"created":"2025-11-15 12:57:39","updated":"2026-08-06 00:04:32","focus_keyword":null,"additional_keywords":null,"truseo_locale":null,"ai":null,"breadcrumb_settings":null,"seo_analyzer_scan_date":null},"aioseo_breadcrumb":"<div class=\"aioseo-breadcrumbs\"><span class=\"aioseo-breadcrumb\">\n\t\t\t<a href=\"https:\/\/www.encontracamacari.com.br\/sobre\" title=\"Home\">Home<\/a>\n\t\t<\/span><span class=\"aioseo-breadcrumb-separator\">&raquo;<\/span><span class=\"aioseo-breadcrumb\">\n\t\t\t<a href=\"https:\/\/www.encontracamacari.com.br\/sobre\/noticias-em-camacari\/\" title=\"Not\u00edcias Cama\u00e7ari\">Not\u00edcias Cama\u00e7ari<\/a>\n\t\t<\/span><span class=\"aioseo-breadcrumb-separator\">&raquo;<\/span><span class=\"aioseo-breadcrumb\">\n\t\t\tCama\u00e7ari deve ter um dia com muitas nuvens com pancadas de chuva nesta quarta\n\t\t<\/span><\/div>","aioseo_breadcrumb_json":[{"label":"Home","link":"https:\/\/www.encontracamacari.com.br\/sobre"},{"label":"Not\u00edcias Cama\u00e7ari","link":"https:\/\/www.encontracamacari.com.br\/sobre\/noticias-em-camacari\/"},{"label":"Cama\u00e7ari deve ter um dia com muitas nuvens com pancadas de chuva nesta quarta","link":"https:\/\/www.encontracamacari.com.br\/sobre\/camacari-deve-ter-um-dia-com-muitas-nuvens-com-pancadas-de-chuva-nesta-quarta\/"}],"_links":{"self":[{"href":"https:\/\/www.encontracamacari.com.br\/sobre\/wp-json\/wp\/v2\/posts\/362","targetHints":{"allow":["GET"]}}],"collection":[{"href":"https:\/\/www.encontracamacari.com.br\/sobre\/wp-json\/wp\/v2\/posts"}],"about":[{"href":"https:\/\/www.encontracamacari.com.br\/sobre\/wp-json\/wp\/v2\/types\/post"}],"author":[{"embeddable":true,"href":"https:\/\/www.encontracamacari.com.br\/sobre\/wp-json\/wp\/v2\/users\/1"}],"replies":[{"embeddable":true,"href":"https:\/\/www.encontracamacari.com.br\/sobre\/wp-json\/wp\/v2\/comments?post=362"}],"version-history":[{"count":1,"href":"https:\/\/www.encontracamacari.com.br\/sobre\/wp-json\/wp\/v2\/posts\/362\/revisions"}],"predecessor-version":[{"id":363,"href":"https:\/\/www.encontracamacari.com.br\/sobre\/wp-json\/wp\/v2\/posts\/362\/revisions\/363"}],"wp:featuredmedia":[{"embeddable":true,"href":"https:\/\/www.encontracamacari.com.br\/sobre\/wp-json\/wp\/v2\/media\/361"}],"wp:attachment":[{"href":"https:\/\/www.encontracamacari.com.br\/sobre\/wp-json\/wp\/v2\/media?parent=362"}],"wp:term":[{"taxonomy":"category","embeddable":true,"href":"https:\/\/www.encontracamacari.com.br\/sobre\/wp-json\/wp\/v2\/categories?post=362"},{"taxonomy":"post_tag","embeddable":true,"href":"https:\/\/www.encontracamacari.com.br\/sobre\/wp-json\/wp\/v2\/tags?post=362"}],"curies":[{"name":"wp","href":"https:\/\/api.w.org\/{rel}","templated":true}]}}