{"id":342,"date":"2025-11-11T14:22:00","date_gmt":"2025-11-11T14:22:00","guid":{"rendered":"https:\/\/www.encontracamacari.com.br\/sobre\/com-fabrica-na-bahia-byd-entra-para-o-top-5-do-varejo-nacional\/"},"modified":"2025-11-11T14:22:00","modified_gmt":"2025-11-11T14:22:00","slug":"com-fabrica-na-bahia-byd-entra-para-o-top-5-do-varejo-nacional","status":"publish","type":"post","link":"https:\/\/www.encontracamacari.com.br\/sobre\/com-fabrica-na-bahia-byd-entra-para-o-top-5-do-varejo-nacional\/","title":{"rendered":"Com f\u00e1brica na Bahia, BYD entra para o top 5 do varejo nacional"},"content":{"rendered":"<div class=\"2410bb7248a64bb1f71103797e0f239b\" data-index=\"1\" style=\"float: none; margin:0px;\">\n<ins class=\"adsbygoogle\"\r\n     style=\"display:block\"\r\n     data-ad-client=\"ca-pub-8585364105181520\"\r\n     data-ad-slot=\"8789329856\"\r\n     data-ad-format=\"auto\"\r\n     data-full-width-responsive=\"true\"><\/ins>\r\n<script>\r\n     (adsbygoogle = window.adsbygoogle || []).push({});\r\n<\/script>\n<\/div>\n<h2>Crescimento da BYD no Brasil<\/h2>\n<p>A <strong>BYD<\/strong>, gigante chinesa do setor automotivo, tem apresentado um crescimento impressionante no Brasil. Com uma estrat\u00e9gia focada na eletrifica\u00e7\u00e3o, a empresa se destacou na transi\u00e7\u00e3o do mercado automobil\u00edstico, apostando em ve\u00edculos el\u00e9tricos e tecnologias inovadoras. Desde sua chegada ao pa\u00eds, a BYD investiu em pesquisa e desenvolvimento local, o que permitiu um r\u00e1pido crescimento de suas opera\u00e7\u00f5es e o fortalecimento de sua marca.<\/p>\n<p>O aumento na demanda por ve\u00edculos sustent\u00e1veis e a conscientiza\u00e7\u00e3o ambiental dos consumidores foram fatores-chave para a expans\u00e3o da BYD no Brasil. A empresa tem se posicionado como l\u00edder em solu\u00e7\u00f5es de mobilidade limpa, buscando n\u00e3o apenas atender ao mercado, mas tamb\u00e9m contribuir para um futuro mais sustent\u00e1vel.<\/p>\n<h2>Participa\u00e7\u00e3o de Mercado da BYD<\/h2>\n<p>A participa\u00e7\u00e3o de mercado da BYD no Brasil tem crescido a passos largos. Em 2025, a empresa conseguiu se estabelecer entre os cinco principais players do varejo nacional no setor automotivo, competindo com algumas das marcas mais tradicionais. Este crescimento \u00e9 resultado de diversas estrat\u00e9gias eficazes, como:<\/p>\n<ul>\n<li><strong>Investimento em Marketing:<\/strong> A BYD tem realizado campanhas publicit\u00e1rias que destacam seus produtos e seu compromisso com a sustentabilidade.<\/li>\n<li><strong>Parcerias Estrat\u00e9gicas:<\/strong> Estabelecer parcerias com empresas locais e governos para promover o uso de ve\u00edculos el\u00e9tricos tem sido essencial.<\/li>\n<li><strong>Inova\u00e7\u00e3o de Produtos:<\/strong> A introdu\u00e7\u00e3o de modelos variados, com diferentes faixas de pre\u00e7os, permite atender a diversos perfis de consumidores.<\/li>\n<\/ul>\n<h2>Emplacamentos de Ve\u00edculos Eletrificados<\/h2>\n<p>Os emplacamentos de ve\u00edculos eletrificados da BYD t\u00eam aumentado significativamente nos \u00faltimos anos. Em 2025, a empresa registrou um aumento de cerca de <strong>200%<\/strong> nas vendas de seus modelos el\u00e9tricos. Este crescimento \u00e9 impulsionado por:<\/p>\n<ul>\n<li><strong>Incentivos Governamentais:<\/strong> Programas de incentivo \u00e0 compra de ve\u00edculos el\u00e9tricos t\u00eam atra\u00eddo consumidores. <\/li>\n<li><strong>Desenvolvimento de Infraestrutura:<\/strong> O avan\u00e7o na cria\u00e7\u00e3o de pontos de recarga em todo o territ\u00f3rio nacional facilita a ado\u00e7\u00e3o destes ve\u00edculos.<\/li>\n<li><strong>Aumentar a Conscientiza\u00e7\u00e3o:<\/strong> A BYD investe em campanhas educacionais para aumentar a conscientiza\u00e7\u00e3o sobre as vantagens da eletrifica\u00e7\u00e3o.<\/li>\n<\/ul>\n<h2>F\u00e1brica da BYD em Cama\u00e7ari<\/h2>\n<p>A f\u00e1brica da BYD em Cama\u00e7ari, na Bahia, \u00e9 um marco nas opera\u00e7\u00f5es da empresa no Brasil. Inaugurada em 2015, esta unidade de produ\u00e7\u00e3o tem se tornado um centro de excel\u00eancia em engenharia e fabrica\u00e7\u00e3o de ve\u00edculos el\u00e9tricos. A planta \u00e9 respons\u00e1vel por:<\/p>\n<ul>\n<li><strong>Produ\u00e7\u00e3o Local:<\/strong> A f\u00e1brica permite reduzir custos e aumentar a competitividade no mercado brasileiro.<\/li>\n<li><strong> Cria\u00e7\u00e3o de Empregos:<\/strong> A unidade gera milhares de empregos diretos e indiretos, contribuindo para a economia local.<\/li>\n<li><strong>Sustentabilidade:<\/strong> A f\u00e1brica adota pr\u00e1ticas sustent\u00e1veis em sua opera\u00e7\u00e3o, minimizando o impacto ambiental.<\/li>\n<\/ul>\n<h2>Conex\u00e3o com a Sustentabilidade<\/h2>\n<p>A sustentabilidade \u00e9 um pilar fundamental da estrat\u00e9gia da BYD. A empresa n\u00e3o apenas fabrica ve\u00edculos el\u00e9tricos, mas tamb\u00e9m se compromete com iniciativas que visam proteger o meio ambiente. As principais a\u00e7\u00f5es da BYD incluem:<\/p>\n<ul>\n<li><strong>Utiliza\u00e7\u00e3o de Energia Limpa:<\/strong> A f\u00e1brica de Cama\u00e7ari opera com energia proveniente de fontes renov\u00e1veis.<\/li>\n<li><strong>Reciclagem de Baterias:<\/strong> A BYD investe em tecnologias para promover o reaproveitamento de baterias, contribuindo para a economia circular.<\/li>\n<li><strong>Apoio a Projetos Ambientais:<\/strong> A empresa participa de projetos que visam a reforesta\u00e7\u00e3o e a conserva\u00e7\u00e3o dos recursos naturais.<\/li>\n<\/ul>\n<h2>Desafios e Oportunidades no Mercado<\/h2>\n<p>Embora a BYD tenha consolidado sua posi\u00e7\u00e3o no mercado brasileiro, enfrenta desafios que necessitam de solu\u00e7\u00f5es criativas. Entre os principais desafios est\u00e3o:<\/p><div class=\"2410bb7248a64bb1f71103797e0f239b\" data-index=\"2\" style=\"float: none; margin:0px;\">\n<ins class=\"adsbygoogle\"\r\n     style=\"display:block; text-align:center;\"\r\n     data-ad-layout=\"in-article\"\r\n     data-ad-format=\"fluid\"\r\n     data-ad-client=\"ca-pub-8585364105181520\"\r\n     data-ad-slot=\"2899217073\"><\/ins>\r\n<script>\r\n     (adsbygoogle = window.adsbygoogle || []).push({});\r\n<\/script>\r\n\r\n<\/br><\/br>\n<\/div>\n\n<ul>\n<li><strong>Concorr\u00eancia Aumentando:<\/strong> O interest de novas marcas no mercado de ve\u00edculos el\u00e9tricos eleva a concorr\u00eancia.<\/li>\n<li><strong>Desafios Log\u00edsticos:<\/strong> A log\u00edstica de distribui\u00e7\u00e3o de ve\u00edculos el\u00e9tricos ainda \u00e9 um ponto cr\u00edtico para a expans\u00e3o.<\/li>\n<li><strong>Regulamenta\u00e7\u00f5es Variadas:<\/strong> A adapta\u00e7\u00e3o \u00e0s regulamenta\u00e7\u00f5es locais pode ser desafiadora, especialmente em diferentes estados.<\/li>\n<\/ul>\n<p>Por outro lado, existem oportunidades, como:<\/p>\n<ul>\n<li><strong>Crescimento do Interesse por Sustentabilidade:<\/strong> O aumento da conscientiza\u00e7\u00e3o entre os consumidores sobre o meio ambiente abre portas para a BYD.<\/li>\n<li><strong>Inova\u00e7\u00f5es Tecnol\u00f3gicas:<\/strong> O avan\u00e7o cont\u00ednuo em tecnologias de bateria e motor el\u00e9trico promete efici\u00eancia maior.<\/li>\n<li><strong>Expans\u00e3o de Rede de Recarga:<\/strong> O fortalecimento da infraestrutura de recarga \u00e9 um fator que pode impulsionar as vendas.<\/li>\n<\/ul>\n<h2>Comparativo com Construtores Tradicionais<\/h2>\n<p>A compara\u00e7\u00e3o da BYD com construtores tradicionais revela um cen\u00e1rio interessante. Enquanto as montadoras tradicionais est\u00e3o se adaptando ao mercado de eletrifica\u00e7\u00e3o, a BYD j\u00e1 nasceu como uma empresa focada em solu\u00e7\u00f5es el\u00e9tricas. Algumas diferen\u00e7as incluem:<\/p>\n<ul>\n<li><strong>Inova\u00e7\u00e3o R\u00e1pida:<\/strong> A BYD tem a capacidade de inovar mais rapidamente, dada sua estrutura mais enxuta e adapt\u00e1vel.<\/li>\n<li><strong>Custo de Produ\u00e7\u00e3o:<\/strong> A produ\u00e7\u00e3o local permite que a BYD ofere\u00e7a pre\u00e7os mais competitivos.<\/li>\n<li><strong>Foco em Sustentabilidade:<\/strong> A abordagem da BYD coloca a sustentabilidade no centro de suas opera\u00e7\u00f5es, ao contr\u00e1rio de muitos concorrentes.<\/li>\n<\/ul>\n<h2>Impactos das Tecnologias El\u00e9tricas<\/h2>\n<p>As tecnologias el\u00e9tricas est\u00e3o revolucionando a forma como concebemos a mobilidade. A BYD lidera essa revolu\u00e7\u00e3o no Brasil, trazendo benef\u00edcios que incluem:<\/p>\n<ul>\n<li><strong>Redu\u00e7\u00e3o de Emiss\u00f5es:<\/strong> Os ve\u00edculos el\u00e9tricos da BYD contribuem para a diminui\u00e7\u00e3o das emiss\u00f5es de CO2 na atmosfera.<\/li>\n<li><strong>Menores Custos Operacionais:<\/strong> O custo por quil\u00f4metro rodado de um ve\u00edculo el\u00e9trico \u00e9 inferior aos modelos tradicionais.<\/li>\n<li><strong>Experi\u00eancia de Condu\u00e7\u00e3o:<\/strong> A suavidade e a resposta imediata da acelera\u00e7\u00e3o de motores el\u00e9tricos melhoram a experi\u00eancia do motorista.<\/li>\n<\/ul>\n<h2>Expectativas para Futuras Vendas<\/h2>\n<p>A expectativa da BYD em rela\u00e7\u00e3o a futuras vendas continua alta. Com o aumento da oferta de modelos e a diversifica\u00e7\u00e3o das op\u00e7\u00f5es, a empresa projeta um crescimento cont\u00ednuo. Algumas das expectativas incluem:<\/p>\n<ul>\n<li><strong>Lan\u00e7amento de Novos Modelos:<\/strong> A introdu\u00e7\u00e3o de novos modelos, incluindo SUVs e caminh\u00f5es el\u00e9tricos, promete atrair diferentes segmentos.<\/li>\n<li><strong>Aumento da Rede de Distribui\u00e7\u00e3o:<\/strong> Expandir a rede de concession\u00e1rias para aumentar o alcance ao consumidor final.<\/li>\n<li><strong>Inova\u00e7\u00e3o Cont\u00ednua:<\/strong> Investimentos constantes em tecnologia e inova\u00e7\u00e3o para se manter \u00e0 frente no mercado.<\/li>\n<\/ul>\n<h2>O Papel da Eletrifica\u00e7\u00e3o no Setor Automotivo<\/h2>\n<p>A eletrifica\u00e7\u00e3o desempenha um papel cada vez mais crucial no setor automotivo. A BYD, como uma das l\u00edderes, contribui significativamente para essa transforma\u00e7\u00e3o, destacando-se por:<\/p>\n<ul>\n<li><strong>Desenvolvimento Sustent\u00e1vel:<\/strong> A transi\u00e7\u00e3o para ve\u00edculos el\u00e9tricos \u00e9 fundamental para a redu\u00e7\u00e3o do impacto ambiental.<\/li>\n<li><strong>Efici\u00eancia Energ\u00e9tica:<\/strong> Os modelos el\u00e9tricos t\u00eam se mostrado mais eficientes em compara\u00e7\u00e3o a ve\u00edculos com motores de combust\u00e3o.<\/li>\n<li><strong>Futuro da Mobilidade:<\/strong> A eletrifica\u00e7\u00e3o promove um futuro em que a mobilidade ser\u00e1 mais limpa e acess\u00edvel para todos.<\/li>\n<\/ul>\n<div class=\"2410bb7248a64bb1f71103797e0f239b\" data-index=\"3\" style=\"float: none; margin:0px;\">\n<\/br><\/br>\r\n\r\n<ins class=\"adsbygoogle\"\r\n     style=\"display:block\"\r\n     data-ad-format=\"fluid\"\r\n     data-ad-layout-key=\"-63+do+n-1s+9e\"\r\n     data-ad-client=\"ca-pub-8585364105181520\"\r\n     data-ad-slot=\"6838462089\"><\/ins>\r\n<script>\r\n     (adsbygoogle = window.adsbygoogle || []).push({});\r\n<\/script>\n<\/div>\n\n<div style=\"font-size: 0px; height: 0px; line-height: 0px; margin: 0; padding: 0; clear: both;\"><\/div>","protected":false},"excerpt":{"rendered":"<p>BYD atinge 9% no varejo brasileiro e destaca sua produ\u00e7\u00e3o na Bahia.<\/p>\n","protected":false},"author":1,"featured_media":341,"comment_status":"open","ping_status":"closed","sticky":false,"template":"","format":"standard","meta":{"footnotes":""},"categories":[1],"tags":[],"class_list":["post-342","post","type-post","status-publish","format-standard","has-post-thumbnail","hentry","category-noticias-em-camacari","has_thumb"],"aioseo_notices":[],"aioseo_head":"\n\t\t<!-- All in One SEO 5.0.0.1 - aioseo.com -->\n\t<meta name=\"description\" content=\"BYD atinge 9% no varejo brasileiro e destaca sua produ\u00e7\u00e3o na Bahia.\" \/>\n\t<meta name=\"robots\" content=\"max-image-preview:large\" \/>\n\t<meta name=\"author\" content=\"Encontra Cama\u00e7ari\"\/>\n\t<link rel=\"canonical\" href=\"https:\/\/www.encontracamacari.com.br\/sobre\/com-fabrica-na-bahia-byd-entra-para-o-top-5-do-varejo-nacional\/\" \/>\n\t<meta name=\"generator\" content=\"All in One SEO (AIOSEO) 5.0.0.1\" \/>\n\t\t<meta property=\"og:locale\" content=\"pt_BR\" \/>\n\t\t<meta property=\"og:site_name\" content=\"Encontra Cama\u00e7ari - Not\u00edcias, eventos, informa\u00e7\u00f5es e dicas na cidade de Cama\u00e7ari e regi\u00e3o.\" \/>\n\t\t<meta property=\"og:type\" content=\"article\" \/>\n\t\t<meta property=\"og:title\" content=\"Com f\u00e1brica na Bahia, BYD entra para o top 5 do varejo nacional - Encontra Cama\u00e7ari\" \/>\n\t\t<meta property=\"og:description\" content=\"BYD atinge 9% no varejo brasileiro e destaca sua produ\u00e7\u00e3o na Bahia.\" \/>\n\t\t<meta property=\"og:url\" content=\"https:\/\/www.encontracamacari.com.br\/sobre\/com-fabrica-na-bahia-byd-entra-para-o-top-5-do-varejo-nacional\/\" \/>\n\t\t<meta property=\"article:published_time\" content=\"2025-11-11T14:22:00+00:00\" \/>\n\t\t<meta property=\"article:modified_time\" content=\"2025-11-11T14:22:00+00:00\" \/>\n\t\t<meta name=\"twitter:card\" content=\"summary_large_image\" \/>\n\t\t<meta name=\"twitter:title\" content=\"Com f\u00e1brica na Bahia, BYD entra para o top 5 do varejo nacional - Encontra Cama\u00e7ari\" \/>\n\t\t<meta name=\"twitter:description\" content=\"BYD atinge 9% no varejo brasileiro e destaca sua produ\u00e7\u00e3o na Bahia.\" \/>\n\t\t<script type=\"application\/ld+json\" class=\"aioseo-schema\">\n\t\t\t{\"@context\":\"https:\\\/\\\/schema.org\",\"@graph\":[{\"@type\":\"BlogPosting\",\"@id\":\"https:\\\/\\\/www.encontracamacari.com.br\\\/sobre\\\/com-fabrica-na-bahia-byd-entra-para-o-top-5-do-varejo-nacional\\\/#blogposting\",\"name\":\"Com f\\u00e1brica na Bahia, BYD entra para o top 5 do varejo nacional - Encontra Cama\\u00e7ari\",\"headline\":\"Com f\\u00e1brica na Bahia, BYD entra para o top 5 do varejo nacional\",\"author\":{\"@id\":\"https:\\\/\\\/www.encontracamacari.com.br\\\/sobre\\\/author\\\/ecamacari\\\/#author\"},\"publisher\":{\"@id\":\"https:\\\/\\\/www.encontracamacari.com.br\\\/sobre\\\/#organization\"},\"image\":{\"@type\":\"ImageObject\",\"url\":\"https:\\\/\\\/www.encontracamacari.com.br\\\/sobre\\\/wp-content\\\/uploads\\\/2025\\\/11\\\/com-fabrica-na-bahia-byd-entra-para-o-top-5-do-varejo-nacional.webp\",\"width\":320,\"height\":280,\"caption\":\"BYD\"},\"datePublished\":\"2025-11-11T14:22:00+00:00\",\"dateModified\":\"2025-11-11T14:22:00+00:00\",\"inLanguage\":\"pt-BR\",\"mainEntityOfPage\":{\"@id\":\"https:\\\/\\\/www.encontracamacari.com.br\\\/sobre\\\/com-fabrica-na-bahia-byd-entra-para-o-top-5-do-varejo-nacional\\\/#webpage\"},\"isPartOf\":{\"@id\":\"https:\\\/\\\/www.encontracamacari.com.br\\\/sobre\\\/com-fabrica-na-bahia-byd-entra-para-o-top-5-do-varejo-nacional\\\/#webpage\"},\"articleSection\":\"Not\\u00edcias Cama\\u00e7ari\"},{\"@type\":\"BreadcrumbList\",\"@id\":\"https:\\\/\\\/www.encontracamacari.com.br\\\/sobre\\\/com-fabrica-na-bahia-byd-entra-para-o-top-5-do-varejo-nacional\\\/#breadcrumblist\",\"itemListElement\":[{\"@type\":\"ListItem\",\"@id\":\"https:\\\/\\\/www.encontracamacari.com.br\\\/sobre#listItem\",\"position\":1,\"name\":\"Home\",\"item\":\"https:\\\/\\\/www.encontracamacari.com.br\\\/sobre\",\"nextItem\":{\"@type\":\"ListItem\",\"@id\":\"https:\\\/\\\/www.encontracamacari.com.br\\\/sobre\\\/noticias-em-camacari\\\/#listItem\",\"name\":\"Not\\u00edcias Cama\\u00e7ari\"}},{\"@type\":\"ListItem\",\"@id\":\"https:\\\/\\\/www.encontracamacari.com.br\\\/sobre\\\/noticias-em-camacari\\\/#listItem\",\"position\":2,\"name\":\"Not\\u00edcias Cama\\u00e7ari\",\"item\":\"https:\\\/\\\/www.encontracamacari.com.br\\\/sobre\\\/noticias-em-camacari\\\/\",\"nextItem\":{\"@type\":\"ListItem\",\"@id\":\"https:\\\/\\\/www.encontracamacari.com.br\\\/sobre\\\/com-fabrica-na-bahia-byd-entra-para-o-top-5-do-varejo-nacional\\\/#listItem\",\"name\":\"Com f\\u00e1brica na Bahia, BYD entra para o top 5 do varejo nacional\"},\"previousItem\":{\"@type\":\"ListItem\",\"@id\":\"https:\\\/\\\/www.encontracamacari.com.br\\\/sobre#listItem\",\"name\":\"Home\"}},{\"@type\":\"ListItem\",\"@id\":\"https:\\\/\\\/www.encontracamacari.com.br\\\/sobre\\\/com-fabrica-na-bahia-byd-entra-para-o-top-5-do-varejo-nacional\\\/#listItem\",\"position\":3,\"name\":\"Com f\\u00e1brica na Bahia, BYD entra para o top 5 do varejo nacional\",\"previousItem\":{\"@type\":\"ListItem\",\"@id\":\"https:\\\/\\\/www.encontracamacari.com.br\\\/sobre\\\/noticias-em-camacari\\\/#listItem\",\"name\":\"Not\\u00edcias Cama\\u00e7ari\"}}]},{\"@type\":\"Organization\",\"@id\":\"https:\\\/\\\/www.encontracamacari.com.br\\\/sobre\\\/#organization\",\"name\":\"Encontra Cama\\u00e7ari\",\"description\":\"Not\\u00edcias, eventos, informa\\u00e7\\u00f5es e dicas na cidade de Cama\\u00e7ari e regi\\u00e3o.\",\"url\":\"https:\\\/\\\/www.encontracamacari.com.br\\\/sobre\\\/\"},{\"@type\":\"Person\",\"@id\":\"https:\\\/\\\/www.encontracamacari.com.br\\\/sobre\\\/author\\\/ecamacari\\\/#author\",\"url\":\"https:\\\/\\\/www.encontracamacari.com.br\\\/sobre\\\/author\\\/ecamacari\\\/\",\"name\":\"Encontra Cama\\u00e7ari\",\"image\":{\"@type\":\"ImageObject\",\"@id\":\"https:\\\/\\\/www.encontracamacari.com.br\\\/sobre\\\/com-fabrica-na-bahia-byd-entra-para-o-top-5-do-varejo-nacional\\\/#authorImage\",\"url\":\"https:\\\/\\\/secure.gravatar.com\\\/avatar\\\/507340682b8270222e1f208e23198b6ae7e2c6a1033ae84e99bc6bce4f82a387?s=96&d=mm&r=g\",\"width\":96,\"height\":96,\"caption\":\"Encontra Cama\\u00e7ari\"}},{\"@type\":\"WebPage\",\"@id\":\"https:\\\/\\\/www.encontracamacari.com.br\\\/sobre\\\/com-fabrica-na-bahia-byd-entra-para-o-top-5-do-varejo-nacional\\\/#webpage\",\"url\":\"https:\\\/\\\/www.encontracamacari.com.br\\\/sobre\\\/com-fabrica-na-bahia-byd-entra-para-o-top-5-do-varejo-nacional\\\/\",\"name\":\"Com f\\u00e1brica na Bahia, BYD entra para o top 5 do varejo nacional - Encontra Cama\\u00e7ari\",\"description\":\"BYD atinge 9% no varejo brasileiro e destaca sua produ\\u00e7\\u00e3o na Bahia.\",\"inLanguage\":\"pt-BR\",\"isPartOf\":{\"@id\":\"https:\\\/\\\/www.encontracamacari.com.br\\\/sobre\\\/#website\"},\"breadcrumb\":{\"@id\":\"https:\\\/\\\/www.encontracamacari.com.br\\\/sobre\\\/com-fabrica-na-bahia-byd-entra-para-o-top-5-do-varejo-nacional\\\/#breadcrumblist\"},\"author\":{\"@id\":\"https:\\\/\\\/www.encontracamacari.com.br\\\/sobre\\\/author\\\/ecamacari\\\/#author\"},\"creator\":{\"@id\":\"https:\\\/\\\/www.encontracamacari.com.br\\\/sobre\\\/author\\\/ecamacari\\\/#author\"},\"image\":{\"@type\":\"ImageObject\",\"url\":\"https:\\\/\\\/www.encontracamacari.com.br\\\/sobre\\\/wp-content\\\/uploads\\\/2025\\\/11\\\/com-fabrica-na-bahia-byd-entra-para-o-top-5-do-varejo-nacional.webp\",\"@id\":\"https:\\\/\\\/www.encontracamacari.com.br\\\/sobre\\\/com-fabrica-na-bahia-byd-entra-para-o-top-5-do-varejo-nacional\\\/#mainImage\",\"width\":320,\"height\":280,\"caption\":\"BYD\"},\"primaryImageOfPage\":{\"@id\":\"https:\\\/\\\/www.encontracamacari.com.br\\\/sobre\\\/com-fabrica-na-bahia-byd-entra-para-o-top-5-do-varejo-nacional\\\/#mainImage\"},\"datePublished\":\"2025-11-11T14:22:00+00:00\",\"dateModified\":\"2025-11-11T14:22:00+00:00\"},{\"@type\":\"WebSite\",\"@id\":\"https:\\\/\\\/www.encontracamacari.com.br\\\/sobre\\\/#website\",\"url\":\"https:\\\/\\\/www.encontracamacari.com.br\\\/sobre\\\/\",\"name\":\"Encontra Cama\\u00e7ari\",\"description\":\"Not\\u00edcias, eventos, informa\\u00e7\\u00f5es e dicas na cidade de Cama\\u00e7ari e regi\\u00e3o.\",\"inLanguage\":\"pt-BR\",\"publisher\":{\"@id\":\"https:\\\/\\\/www.encontracamacari.com.br\\\/sobre\\\/#organization\"}}]}\n\t\t<\/script>\n\t\t<!-- All in One SEO -->\n\n","aioseo_head_json":{"title":"Com f\u00e1brica na Bahia, BYD entra para o top 5 do varejo nacional - Encontra Cama\u00e7ari","description":"BYD atinge 9% no varejo brasileiro e destaca sua produ\u00e7\u00e3o na Bahia.","canonical_url":"https:\/\/www.encontracamacari.com.br\/sobre\/com-fabrica-na-bahia-byd-entra-para-o-top-5-do-varejo-nacional\/","robots":"max-image-preview:large","keywords":"","webmasterTools":{"miscellaneous":""},"schema":{"@context":"https:\/\/schema.org","@graph":[{"@type":"BlogPosting","@id":"https:\/\/www.encontracamacari.com.br\/sobre\/com-fabrica-na-bahia-byd-entra-para-o-top-5-do-varejo-nacional\/#blogposting","name":"Com f\u00e1brica na Bahia, BYD entra para o top 5 do varejo nacional - Encontra Cama\u00e7ari","headline":"Com f\u00e1brica na Bahia, BYD entra para o top 5 do varejo nacional","author":{"@id":"https:\/\/www.encontracamacari.com.br\/sobre\/author\/ecamacari\/#author"},"publisher":{"@id":"https:\/\/www.encontracamacari.com.br\/sobre\/#organization"},"image":{"@type":"ImageObject","url":"https:\/\/www.encontracamacari.com.br\/sobre\/wp-content\/uploads\/2025\/11\/com-fabrica-na-bahia-byd-entra-para-o-top-5-do-varejo-nacional.webp","width":320,"height":280,"caption":"BYD"},"datePublished":"2025-11-11T14:22:00+00:00","dateModified":"2025-11-11T14:22:00+00:00","inLanguage":"pt-BR","mainEntityOfPage":{"@id":"https:\/\/www.encontracamacari.com.br\/sobre\/com-fabrica-na-bahia-byd-entra-para-o-top-5-do-varejo-nacional\/#webpage"},"isPartOf":{"@id":"https:\/\/www.encontracamacari.com.br\/sobre\/com-fabrica-na-bahia-byd-entra-para-o-top-5-do-varejo-nacional\/#webpage"},"articleSection":"Not\u00edcias Cama\u00e7ari"},{"@type":"BreadcrumbList","@id":"https:\/\/www.encontracamacari.com.br\/sobre\/com-fabrica-na-bahia-byd-entra-para-o-top-5-do-varejo-nacional\/#breadcrumblist","itemListElement":[{"@type":"ListItem","@id":"https:\/\/www.encontracamacari.com.br\/sobre#listItem","position":1,"name":"Home","item":"https:\/\/www.encontracamacari.com.br\/sobre","nextItem":{"@type":"ListItem","@id":"https:\/\/www.encontracamacari.com.br\/sobre\/noticias-em-camacari\/#listItem","name":"Not\u00edcias Cama\u00e7ari"}},{"@type":"ListItem","@id":"https:\/\/www.encontracamacari.com.br\/sobre\/noticias-em-camacari\/#listItem","position":2,"name":"Not\u00edcias Cama\u00e7ari","item":"https:\/\/www.encontracamacari.com.br\/sobre\/noticias-em-camacari\/","nextItem":{"@type":"ListItem","@id":"https:\/\/www.encontracamacari.com.br\/sobre\/com-fabrica-na-bahia-byd-entra-para-o-top-5-do-varejo-nacional\/#listItem","name":"Com f\u00e1brica na Bahia, BYD entra para o top 5 do varejo nacional"},"previousItem":{"@type":"ListItem","@id":"https:\/\/www.encontracamacari.com.br\/sobre#listItem","name":"Home"}},{"@type":"ListItem","@id":"https:\/\/www.encontracamacari.com.br\/sobre\/com-fabrica-na-bahia-byd-entra-para-o-top-5-do-varejo-nacional\/#listItem","position":3,"name":"Com f\u00e1brica na Bahia, BYD entra para o top 5 do varejo nacional","previousItem":{"@type":"ListItem","@id":"https:\/\/www.encontracamacari.com.br\/sobre\/noticias-em-camacari\/#listItem","name":"Not\u00edcias Cama\u00e7ari"}}]},{"@type":"Organization","@id":"https:\/\/www.encontracamacari.com.br\/sobre\/#organization","name":"Encontra Cama\u00e7ari","description":"Not\u00edcias, eventos, informa\u00e7\u00f5es e dicas na cidade de Cama\u00e7ari e regi\u00e3o.","url":"https:\/\/www.encontracamacari.com.br\/sobre\/"},{"@type":"Person","@id":"https:\/\/www.encontracamacari.com.br\/sobre\/author\/ecamacari\/#author","url":"https:\/\/www.encontracamacari.com.br\/sobre\/author\/ecamacari\/","name":"Encontra Cama\u00e7ari","image":{"@type":"ImageObject","@id":"https:\/\/www.encontracamacari.com.br\/sobre\/com-fabrica-na-bahia-byd-entra-para-o-top-5-do-varejo-nacional\/#authorImage","url":"https:\/\/secure.gravatar.com\/avatar\/507340682b8270222e1f208e23198b6ae7e2c6a1033ae84e99bc6bce4f82a387?s=96&d=mm&r=g","width":96,"height":96,"caption":"Encontra Cama\u00e7ari"}},{"@type":"WebPage","@id":"https:\/\/www.encontracamacari.com.br\/sobre\/com-fabrica-na-bahia-byd-entra-para-o-top-5-do-varejo-nacional\/#webpage","url":"https:\/\/www.encontracamacari.com.br\/sobre\/com-fabrica-na-bahia-byd-entra-para-o-top-5-do-varejo-nacional\/","name":"Com f\u00e1brica na Bahia, BYD entra para o top 5 do varejo nacional - Encontra Cama\u00e7ari","description":"BYD atinge 9% no varejo brasileiro e destaca sua produ\u00e7\u00e3o na Bahia.","inLanguage":"pt-BR","isPartOf":{"@id":"https:\/\/www.encontracamacari.com.br\/sobre\/#website"},"breadcrumb":{"@id":"https:\/\/www.encontracamacari.com.br\/sobre\/com-fabrica-na-bahia-byd-entra-para-o-top-5-do-varejo-nacional\/#breadcrumblist"},"author":{"@id":"https:\/\/www.encontracamacari.com.br\/sobre\/author\/ecamacari\/#author"},"creator":{"@id":"https:\/\/www.encontracamacari.com.br\/sobre\/author\/ecamacari\/#author"},"image":{"@type":"ImageObject","url":"https:\/\/www.encontracamacari.com.br\/sobre\/wp-content\/uploads\/2025\/11\/com-fabrica-na-bahia-byd-entra-para-o-top-5-do-varejo-nacional.webp","@id":"https:\/\/www.encontracamacari.com.br\/sobre\/com-fabrica-na-bahia-byd-entra-para-o-top-5-do-varejo-nacional\/#mainImage","width":320,"height":280,"caption":"BYD"},"primaryImageOfPage":{"@id":"https:\/\/www.encontracamacari.com.br\/sobre\/com-fabrica-na-bahia-byd-entra-para-o-top-5-do-varejo-nacional\/#mainImage"},"datePublished":"2025-11-11T14:22:00+00:00","dateModified":"2025-11-11T14:22:00+00:00"},{"@type":"WebSite","@id":"https:\/\/www.encontracamacari.com.br\/sobre\/#website","url":"https:\/\/www.encontracamacari.com.br\/sobre\/","name":"Encontra Cama\u00e7ari","description":"Not\u00edcias, eventos, informa\u00e7\u00f5es e dicas na cidade de Cama\u00e7ari e regi\u00e3o.","inLanguage":"pt-BR","publisher":{"@id":"https:\/\/www.encontracamacari.com.br\/sobre\/#organization"}}]},"og:locale":"pt_BR","og:site_name":"Encontra Cama\u00e7ari - Not\u00edcias, eventos, informa\u00e7\u00f5es e dicas na cidade de Cama\u00e7ari e regi\u00e3o.","og:type":"article","og:title":"Com f\u00e1brica na Bahia, BYD entra para o top 5 do varejo nacional - Encontra Cama\u00e7ari","og:description":"BYD atinge 9% no varejo brasileiro e destaca sua produ\u00e7\u00e3o na Bahia.","og:url":"https:\/\/www.encontracamacari.com.br\/sobre\/com-fabrica-na-bahia-byd-entra-para-o-top-5-do-varejo-nacional\/","article:published_time":"2025-11-11T14:22:00+00:00","article:modified_time":"2025-11-11T14:22:00+00:00","twitter:card":"summary_large_image","twitter:title":"Com f\u00e1brica na Bahia, BYD entra para o top 5 do varejo nacional - Encontra Cama\u00e7ari","twitter:description":"BYD atinge 9% no varejo brasileiro e destaca sua produ\u00e7\u00e3o na Bahia."},"aioseo_meta_data":{"post_id":"342","title":null,"description":null,"keywords":null,"keyphrases":null,"primary_term":null,"canonical_url":null,"og_title":null,"og_description":null,"og_object_type":"default","og_image_type":"default","og_image_url":null,"og_image_width":null,"og_image_height":null,"og_image_custom_url":null,"og_image_custom_fields":null,"og_video":null,"og_custom_url":null,"og_article_section":null,"og_article_tags":null,"twitter_use_og":false,"twitter_card":"default","twitter_image_type":"default","twitter_image_url":null,"twitter_image_custom_url":null,"twitter_image_custom_fields":null,"twitter_title":null,"twitter_description":null,"schema":{"blockGraphs":[],"customGraphs":[],"default":{"data":{"Article":[],"Course":[],"Dataset":[],"FAQPage":[],"Movie":[],"Person":[],"Product":[],"ProductReview":[],"Car":[],"Recipe":[],"Service":[],"SoftwareApplication":[],"WebPage":[]},"graphName":"BlogPosting","isEnabled":true},"graphs":[]},"schema_type":"default","schema_type_options":null,"pillar_content":false,"robots_default":true,"robots_noindex":false,"robots_noarchive":false,"robots_nosnippet":false,"robots_nofollow":false,"robots_noimageindex":false,"robots_noodp":false,"robots_notranslate":false,"robots_max_snippet":null,"robots_max_videopreview":null,"robots_max_imagepreview":"large","priority":null,"frequency":null,"local_seo":null,"limit_modified_date":false,"created":"2025-11-11 19:05:06","updated":"2026-08-06 00:03:23","focus_keyword":null,"additional_keywords":null,"truseo_locale":null,"ai":null,"breadcrumb_settings":null,"seo_analyzer_scan_date":null},"aioseo_breadcrumb":"<div class=\"aioseo-breadcrumbs\"><span class=\"aioseo-breadcrumb\">\n\t\t\t<a href=\"https:\/\/www.encontracamacari.com.br\/sobre\" title=\"Home\">Home<\/a>\n\t\t<\/span><span class=\"aioseo-breadcrumb-separator\">&raquo;<\/span><span class=\"aioseo-breadcrumb\">\n\t\t\t<a href=\"https:\/\/www.encontracamacari.com.br\/sobre\/noticias-em-camacari\/\" title=\"Not\u00edcias Cama\u00e7ari\">Not\u00edcias Cama\u00e7ari<\/a>\n\t\t<\/span><span class=\"aioseo-breadcrumb-separator\">&raquo;<\/span><span class=\"aioseo-breadcrumb\">\n\t\t\tCom f\u00e1brica na Bahia, BYD entra para o top 5 do varejo nacional\n\t\t<\/span><\/div>","aioseo_breadcrumb_json":[{"label":"Home","link":"https:\/\/www.encontracamacari.com.br\/sobre"},{"label":"Not\u00edcias Cama\u00e7ari","link":"https:\/\/www.encontracamacari.com.br\/sobre\/noticias-em-camacari\/"},{"label":"Com f\u00e1brica na Bahia, BYD entra para o top 5 do varejo nacional","link":"https:\/\/www.encontracamacari.com.br\/sobre\/com-fabrica-na-bahia-byd-entra-para-o-top-5-do-varejo-nacional\/"}],"_links":{"self":[{"href":"https:\/\/www.encontracamacari.com.br\/sobre\/wp-json\/wp\/v2\/posts\/342","targetHints":{"allow":["GET"]}}],"collection":[{"href":"https:\/\/www.encontracamacari.com.br\/sobre\/wp-json\/wp\/v2\/posts"}],"about":[{"href":"https:\/\/www.encontracamacari.com.br\/sobre\/wp-json\/wp\/v2\/types\/post"}],"author":[{"embeddable":true,"href":"https:\/\/www.encontracamacari.com.br\/sobre\/wp-json\/wp\/v2\/users\/1"}],"replies":[{"embeddable":true,"href":"https:\/\/www.encontracamacari.com.br\/sobre\/wp-json\/wp\/v2\/comments?post=342"}],"version-history":[{"count":0,"href":"https:\/\/www.encontracamacari.com.br\/sobre\/wp-json\/wp\/v2\/posts\/342\/revisions"}],"wp:featuredmedia":[{"embeddable":true,"href":"https:\/\/www.encontracamacari.com.br\/sobre\/wp-json\/wp\/v2\/media\/341"}],"wp:attachment":[{"href":"https:\/\/www.encontracamacari.com.br\/sobre\/wp-json\/wp\/v2\/media?parent=342"}],"wp:term":[{"taxonomy":"category","embeddable":true,"href":"https:\/\/www.encontracamacari.com.br\/sobre\/wp-json\/wp\/v2\/categories?post=342"},{"taxonomy":"post_tag","embeddable":true,"href":"https:\/\/www.encontracamacari.com.br\/sobre\/wp-json\/wp\/v2\/tags?post=342"}],"curies":[{"name":"wp","href":"https:\/\/api.w.org\/{rel}","templated":true}]}}