{"id":336,"date":"2025-11-11T12:55:00","date_gmt":"2025-11-11T12:55:00","guid":{"rendered":"https:\/\/www.encontracamacari.com.br\/sobre\/?p=336"},"modified":"2025-11-11T12:55:00","modified_gmt":"2025-11-11T12:55:00","slug":"22a-sessao-ordinaria-do-2o-periodo-legislativo-2025","status":"publish","type":"post","link":"https:\/\/www.encontracamacari.com.br\/sobre\/22a-sessao-ordinaria-do-2o-periodo-legislativo-2025\/","title":{"rendered":"22\u00aa Sess\u00e3o Ordin\u00e1ria do 2\u00ba Per\u00edodo Legislativo 2025"},"content":{"rendered":"<div class=\"2410bb7248a64bb1f71103797e0f239b\" data-index=\"1\" style=\"float: none; margin:0px;\">\n<ins class=\"adsbygoogle\"\r\n     style=\"display:block\"\r\n     data-ad-client=\"ca-pub-8585364105181520\"\r\n     data-ad-slot=\"8789329856\"\r\n     data-ad-format=\"auto\"\r\n     data-full-width-responsive=\"true\"><\/ins>\r\n<script>\r\n     (adsbygoogle = window.adsbygoogle || []).push({});\r\n<\/script>\n<\/div>\n<h2>Resumo da Sess\u00e3o<\/h2>\n<p>A <strong>22\u00aa Sess\u00e3o Ordin\u00e1ria do 2\u00ba Per\u00edodo Legislativo de 2025<\/strong> ocorreu na \u00faltima semana e atraiu um grande n\u00famero de cidad\u00e3os e representantes da comunidade. O evento focou em discutir importantes quest\u00f5es locais, novas legisla\u00e7\u00f5es e o progresso de projetos anteriores. Os vereadores debateram temas relevantes, que impactam diretamente o dia a dia dos moradores.<\/p>\n<p>Durante a sess\u00e3o, foram analisadas pautas que envolvem tanto quest\u00f5es sociais quanto econ\u00f4micas. Diversos vereadores tiveram a oportunidade de expor suas opini\u00f5es e sugest\u00f5es, com o objetivo de construir um di\u00e1logo produtivo em torno das decis\u00f5es a serem tomadas.<\/p>\n<h2>Projetos de Lei Discutidos<\/h2>\n<p>Na 22\u00aa Sess\u00e3o Ordin\u00e1ria, v\u00e1rios projetos de lei foram discutidos. Entre os principais, destacam-se:<\/p>\n<ul>\n<li><strong>Projeto de Lei n\u00ba 001\/2025:<\/strong> Proposta que busca a cria\u00e7\u00e3o de um programa de apoio psicol\u00f3gico para jovens em situa\u00e7\u00e3o de vulnerabilidade.<\/li>\n<li><strong>Projeto de Lei n\u00ba 002\/2025:<\/strong> Altera\u00e7\u00e3o na legisla\u00e7\u00e3o sobre tratamento de res\u00edduos s\u00f3lidos, visando aumentar a reciclagem e a redu\u00e7\u00e3o de lixo urbano.<\/li>\n<li><strong>Projeto de Lei n\u00ba 003\/2025:<\/strong> Cria\u00e7\u00e3o de \u00e1reas de lazer em bairros carentes, com o intuito de promover a inclus\u00e3o social e o bem-estar da comunidade.<\/li>\n<\/ul>\n<p>Cada projeto gerou discuss\u00f5es acaloradas, com defesa entusi\u00e1stica de seus autores e cr\u00edticas construtivas por parte de outros vereadores, que apresentaram emendas e sugest\u00f5es.<\/p>\n<h2>Indica\u00e7\u00f5es e Proposi\u00e7\u00f5es<\/h2>\n<p>Al\u00e9m dos projetos de lei, os vereadores tamb\u00e9m apresentaram diversas indica\u00e7\u00f5es e proposi\u00e7\u00f5es. As mais relevantes inclu\u00edram:<\/p>\n<ul>\n<li><strong>Indica\u00e7\u00e3o para melhora na ilumina\u00e7\u00e3o p\u00fablica:<\/strong> Sugest\u00e3o de aumentar a ilumina\u00e7\u00e3o em \u00e1reas de maior risco de criminalidade.<\/li>\n<li><strong>Proposi\u00e7\u00e3o para o aumento de seguran\u00e7a nas escolas:<\/strong> Solicita\u00e7\u00e3o de cria\u00e7\u00e3o de um programa de monitoramento nas entradas das institui\u00e7\u00f5es de ensino.<\/li>\n<li><strong>Indica\u00e7\u00e3o para revitaliza\u00e7\u00e3o de pra\u00e7as:<\/strong> Proposta de melhorias nas \u00e1reas p\u00fablicas para proporcionar mais lazer e seguran\u00e7a para a popula\u00e7\u00e3o.<\/li>\n<\/ul>\n<p>Essas indica\u00e7\u00f5es s\u00e3o fundamentais para promover melhorias que atendam diretamente \u00e0s necessidades da comunidade.<\/p>\n<h2>Vereadores Presentes<\/h2>\n<p>Estiveram presentes na sess\u00e3o os seguintes vereadores:<\/p>\n<ul>\n<li><strong>Vereador Jo\u00e3o Silva:<\/strong> Presidente da c\u00e2mara, respons\u00e1vel por conduzir a sess\u00e3o.<\/li>\n<li><strong>Vereadora Ana Oliveira:<\/strong> L\u00edder do governo, trouxe propostas de melhoria na sa\u00fade.<\/li>\n<li><strong>Vereador Carlos Souza:<\/strong> Representante da comunidade, focou em quest\u00f5es de educa\u00e7\u00e3o na inf\u00e2ncia.<\/li>\n<li><strong>Vereadora Maria Lima:<\/strong> Defensora dos direitos das mulheres, destacou a import\u00e2ncia de pol\u00edticas de g\u00eanero.<\/li>\n<\/ul>\n<p>A participa\u00e7\u00e3o ativa dos vereadores enriqueceu a discuss\u00e3o e refletiu a diversidade de opini\u00f5es e demandas da popula\u00e7\u00e3o.<\/p>\n<h2>Principais Decis\u00f5es<\/h2>\n<p>Durante a 22\u00aa Sess\u00e3o Ordin\u00e1ria, algumas decis\u00f5es significativas foram tomadas:<\/p>\n<ul>\n<li><strong>Aprova\u00e7\u00e3o do Projeto de Lei n\u00ba 001\/2025:<\/strong> Com um discurso unificado em prol da sa\u00fade mental da juventude.<\/li>\n<li><strong>A vota\u00e7\u00e3o da altera\u00e7\u00e3o na legisla\u00e7\u00e3o sobre res\u00edduos s\u00f3lidos:<\/strong> Aprovada, visando um ambiente mais limpo e sustent\u00e1vel.<\/li>\n<li><strong>Cria\u00e7\u00e3o de uma comiss\u00e3o especial:<\/strong> Focada na an\u00e1lise das propostas de melhorias nas escolas.<\/li>\n<\/ul>\n<p>Essas decis\u00f5es demonstram o comprometimento do legislativo com as necessidades da popula\u00e7\u00e3o e o avan\u00e7o dos projetos que visam o bem comum.<\/p><div class=\"2410bb7248a64bb1f71103797e0f239b\" data-index=\"2\" style=\"float: none; margin:0px;\">\n<ins class=\"adsbygoogle\"\r\n     style=\"display:block; text-align:center;\"\r\n     data-ad-layout=\"in-article\"\r\n     data-ad-format=\"fluid\"\r\n     data-ad-client=\"ca-pub-8585364105181520\"\r\n     data-ad-slot=\"2899217073\"><\/ins>\r\n<script>\r\n     (adsbygoogle = window.adsbygoogle || []).push({});\r\n<\/script>\r\n\r\n<\/br><\/br>\n<\/div>\n\n<h2>Impacto na Comunidade<\/h2>\n<p>As decis\u00f5es tomadas durante a sess\u00e3o t\u00eam um impacto significativo na comunidade. A aprova\u00e7\u00e3o das leis e indica\u00e7\u00f5es vai:<\/p>\n<ul>\n<li><strong>Proporcionar suporte psicol\u00f3gico:<\/strong> Atrav\u00e9s do programa de apoio para jovens, ajudando a prevenir problemas futuros.<\/li>\n<li><strong>Aumentar a sustentabilidade:<\/strong> Com a nova abordagem \u00e0 reciclagem, espera-se reduzir consideravelmente o volume de lixo nas ruas.<\/li>\n<li><strong>Melhorar a qualidade de vida:<\/strong> A revitaliza\u00e7\u00e3o de pra\u00e7as e \u00e1reas p\u00fablicas dever\u00e1 gerar mais op\u00e7\u00f5es de lazer e socializa\u00e7\u00e3o.<\/li>\n<\/ul>\n<p>Essas mudan\u00e7as s\u00e3o esperadas para trazer um sentimento de pertencimento e responsabilidade entre os cidad\u00e3os.<\/p>\n<h2>Pr\u00f3ximos Passos Legislativos<\/h2>\n<p>Ap\u00f3s a 22\u00aa Sess\u00e3o Ordin\u00e1ria, os pr\u00f3ximos passos incluem:<\/p>\n<ul>\n<li><strong>Acompanhamento das emendas propostas:<\/strong> As emendas aos projetos de lei ser\u00e3o analisadas e discutidas em futuras sess\u00f5es.<\/li>\n<li><strong>Call to Action para a popula\u00e7\u00e3o:<\/strong> Os cidad\u00e3os ser\u00e3o convocados a participar dos estudos de impacto das propostas.<\/li>\n<li><strong>Planejamento de novas sess\u00f5es:<\/strong> Programe-se para acompanhar as pr\u00f3ximas discuss\u00f5es e contribuir com suas ideias.<\/li>\n<\/ul>\n<p>O engajamento da popula\u00e7\u00e3o \u00e9 essencial para garantir que as necessidades locais sejam atendidas de maneira eficaz.<\/p>\n<h2>Coment\u00e1rios dos Vereadores<\/h2>\n<p>Os vereadores compartilharam suas opini\u00f5es ao final da sess\u00e3o, destacando:<\/p>\n<ul>\n<li><strong>Vereador Jo\u00e3o Silva:<\/strong> &#8220;A participa\u00e7\u00e3o da comunidade \u00e9 fundamental para que possamos legislar de forma eficaz. Estamos abertos a sugest\u00f5es.&#8221;\n<\/li>\n<li><strong>Vereadora Ana Oliveira:<\/strong> &#8220;A sa\u00fade mental dos jovens \u00e9 uma prioridade. Com essa lei, vamos fazer a diferen\u00e7a na vida de muitas pessoas.&#8221;\n<\/li>\n<li><strong>Vereador Carlos Souza:<\/strong> &#8220;Investir na educa\u00e7\u00e3o \u00e9 investir no futuro. Estamos aqui para ouvir e responder \u00e0s demandas da popula\u00e7\u00e3o.&#8221;\n<\/li>\n<\/ul>\n<p>Esses coment\u00e1rios ilustram a disposi\u00e7\u00e3o dos vereadores em dialogar e buscar solu\u00e7\u00f5es para as quest\u00f5es abordadas.<\/p>\n<h2>Hist\u00f3rico das Sess\u00f5es Ordin\u00e1rias<\/h2>\n<p>As sess\u00f5es ordin\u00e1rias s\u00e3o uma tradi\u00e7\u00e3o que visa a democratiza\u00e7\u00e3o da pol\u00edtica local. Historicamente, estas reuni\u00f5es permitem que:<\/p>\n<ul>\n<li><strong>Transpar\u00eancia:<\/strong> A popula\u00e7\u00e3o possa acompanhar as decis\u00f5es e o trabalho dos vereadores.<\/li>\n<li><strong>Participa\u00e7\u00e3o Cidad\u00e3:<\/strong> Oportuniza a todos que expressem suas opini\u00f5es e sugest\u00f5es.<\/li>\n<li><strong>Debate Colegiado:<\/strong> As diversas perspectivas s\u00e3o consideradas nas decis\u00f5es. <\/li>\n<\/ul>\n<p>Esses pontos s\u00e3o fundamentais para a constru\u00e7\u00e3o de uma sociedade mais justa e igualit\u00e1ria.<\/p>\n<h2>Import\u00e2ncia da Participa\u00e7\u00e3o Cidad\u00e3<\/h2>\n<p>A participa\u00e7\u00e3o cidad\u00e3 nos processos legislativos \u00e9 de extrema import\u00e2ncia. Ela proporciona:<\/p>\n<ul>\n<li><strong>Fortalecimento da Democracia:<\/strong> Cidad\u00e3os engajados ajudam a garantir que suas vozes sejam ouvidas.<\/li>\n<li><strong>Maior Responsabilidade:<\/strong> Os representantes eleitos sentem-se mais compelidos a agir para o bem da comunidade.<\/li>\n<li><strong>Constru\u00e7\u00e3o de Pol\u00edticas P\u00fablicas Eficazes:<\/strong> O di\u00e1logo entre legisladores e comunidade leva a decis\u00f5es que realmente atendem \u00e0s necessidades locais.<\/li>\n<\/ul>\n<p>O incentivo \u00e0 participa\u00e7\u00e3o cidad\u00e3 deve ser uma prioridade constante de todos os envolvidos na pol\u00edtica local.<\/p>\n<div class=\"2410bb7248a64bb1f71103797e0f239b\" data-index=\"3\" style=\"float: none; margin:0px;\">\n<\/br><\/br>\r\n\r\n<ins class=\"adsbygoogle\"\r\n     style=\"display:block\"\r\n     data-ad-format=\"fluid\"\r\n     data-ad-layout-key=\"-63+do+n-1s+9e\"\r\n     data-ad-client=\"ca-pub-8585364105181520\"\r\n     data-ad-slot=\"6838462089\"><\/ins>\r\n<script>\r\n     (adsbygoogle = window.adsbygoogle || []).push({});\r\n<\/script>\n<\/div>\n\n<div style=\"font-size: 0px; height: 0px; line-height: 0px; margin: 0; padding: 0; clear: both;\"><\/div>","protected":false},"excerpt":{"rendered":"<p>22\u00aa Sess\u00e3o Ordin\u00e1ria do 2\u00ba Per\u00edodo Legislativo 2025 levar\u00e1 mudan\u00e7as significativas.<\/p>\n","protected":false},"author":1,"featured_media":335,"comment_status":"open","ping_status":"closed","sticky":false,"template":"","format":"standard","meta":{"footnotes":""},"categories":[1],"tags":[],"class_list":["post-336","post","type-post","status-publish","format-standard","has-post-thumbnail","hentry","category-noticias-em-camacari","has_thumb"],"aioseo_notices":[],"aioseo_head":"\n\t\t<!-- All in One SEO 5.0.0.1 - aioseo.com -->\n\t<meta name=\"description\" content=\"22\u00aa Sess\u00e3o Ordin\u00e1ria do 2\u00ba Per\u00edodo Legislativo 2025 levar\u00e1 mudan\u00e7as significativas.\" \/>\n\t<meta name=\"robots\" content=\"max-image-preview:large\" \/>\n\t<meta name=\"author\" content=\"Encontra Cama\u00e7ari\"\/>\n\t<link rel=\"canonical\" href=\"https:\/\/www.encontracamacari.com.br\/sobre\/22a-sessao-ordinaria-do-2o-periodo-legislativo-2025\/\" \/>\n\t<meta name=\"generator\" content=\"All in One SEO (AIOSEO) 5.0.0.1\" \/>\n\t\t<meta property=\"og:locale\" content=\"pt_BR\" \/>\n\t\t<meta property=\"og:site_name\" content=\"Encontra Cama\u00e7ari - Not\u00edcias, eventos, informa\u00e7\u00f5es e dicas na cidade de Cama\u00e7ari e regi\u00e3o.\" \/>\n\t\t<meta property=\"og:type\" content=\"article\" \/>\n\t\t<meta property=\"og:title\" content=\"22\u00aa Sess\u00e3o Ordin\u00e1ria do 2\u00ba Per\u00edodo Legislativo 2025 - Encontra Cama\u00e7ari\" \/>\n\t\t<meta property=\"og:description\" content=\"22\u00aa Sess\u00e3o Ordin\u00e1ria do 2\u00ba Per\u00edodo Legislativo 2025 levar\u00e1 mudan\u00e7as significativas.\" \/>\n\t\t<meta property=\"og:url\" content=\"https:\/\/www.encontracamacari.com.br\/sobre\/22a-sessao-ordinaria-do-2o-periodo-legislativo-2025\/\" \/>\n\t\t<meta property=\"article:published_time\" content=\"2025-11-11T12:55:00+00:00\" \/>\n\t\t<meta property=\"article:modified_time\" content=\"2025-11-11T12:55:00+00:00\" \/>\n\t\t<meta name=\"twitter:card\" content=\"summary_large_image\" \/>\n\t\t<meta name=\"twitter:title\" content=\"22\u00aa Sess\u00e3o Ordin\u00e1ria do 2\u00ba Per\u00edodo Legislativo 2025 - Encontra Cama\u00e7ari\" \/>\n\t\t<meta name=\"twitter:description\" content=\"22\u00aa Sess\u00e3o Ordin\u00e1ria do 2\u00ba Per\u00edodo Legislativo 2025 levar\u00e1 mudan\u00e7as significativas.\" \/>\n\t\t<script type=\"application\/ld+json\" class=\"aioseo-schema\">\n\t\t\t{\"@context\":\"https:\\\/\\\/schema.org\",\"@graph\":[{\"@type\":\"BlogPosting\",\"@id\":\"https:\\\/\\\/www.encontracamacari.com.br\\\/sobre\\\/22a-sessao-ordinaria-do-2o-periodo-legislativo-2025\\\/#blogposting\",\"name\":\"22\\u00aa Sess\\u00e3o Ordin\\u00e1ria do 2\\u00ba Per\\u00edodo Legislativo 2025 - Encontra Cama\\u00e7ari\",\"headline\":\"22\\u00aa Sess\\u00e3o Ordin\\u00e1ria do 2\\u00ba Per\\u00edodo Legislativo 2025\",\"author\":{\"@id\":\"https:\\\/\\\/www.encontracamacari.com.br\\\/sobre\\\/author\\\/ecamacari\\\/#author\"},\"publisher\":{\"@id\":\"https:\\\/\\\/www.encontracamacari.com.br\\\/sobre\\\/#organization\"},\"image\":{\"@type\":\"ImageObject\",\"url\":\"https:\\\/\\\/www.encontracamacari.com.br\\\/sobre\\\/wp-content\\\/uploads\\\/2025\\\/11\\\/22-sessao-ordinaria-do-2-periodo-legislativo-2025.webp\",\"width\":320,\"height\":280,\"caption\":\"22\\u00aa Sess\\u00e3o Ordin\\u00e1ria do 2\\u00ba Per\\u00edodo Legislativo 2025\"},\"datePublished\":\"2025-11-11T12:55:00+00:00\",\"dateModified\":\"2025-11-11T12:55:00+00:00\",\"inLanguage\":\"pt-BR\",\"mainEntityOfPage\":{\"@id\":\"https:\\\/\\\/www.encontracamacari.com.br\\\/sobre\\\/22a-sessao-ordinaria-do-2o-periodo-legislativo-2025\\\/#webpage\"},\"isPartOf\":{\"@id\":\"https:\\\/\\\/www.encontracamacari.com.br\\\/sobre\\\/22a-sessao-ordinaria-do-2o-periodo-legislativo-2025\\\/#webpage\"},\"articleSection\":\"Not\\u00edcias Cama\\u00e7ari\"},{\"@type\":\"BreadcrumbList\",\"@id\":\"https:\\\/\\\/www.encontracamacari.com.br\\\/sobre\\\/22a-sessao-ordinaria-do-2o-periodo-legislativo-2025\\\/#breadcrumblist\",\"itemListElement\":[{\"@type\":\"ListItem\",\"@id\":\"https:\\\/\\\/www.encontracamacari.com.br\\\/sobre#listItem\",\"position\":1,\"name\":\"Home\",\"item\":\"https:\\\/\\\/www.encontracamacari.com.br\\\/sobre\",\"nextItem\":{\"@type\":\"ListItem\",\"@id\":\"https:\\\/\\\/www.encontracamacari.com.br\\\/sobre\\\/noticias-em-camacari\\\/#listItem\",\"name\":\"Not\\u00edcias Cama\\u00e7ari\"}},{\"@type\":\"ListItem\",\"@id\":\"https:\\\/\\\/www.encontracamacari.com.br\\\/sobre\\\/noticias-em-camacari\\\/#listItem\",\"position\":2,\"name\":\"Not\\u00edcias Cama\\u00e7ari\",\"item\":\"https:\\\/\\\/www.encontracamacari.com.br\\\/sobre\\\/noticias-em-camacari\\\/\",\"nextItem\":{\"@type\":\"ListItem\",\"@id\":\"https:\\\/\\\/www.encontracamacari.com.br\\\/sobre\\\/22a-sessao-ordinaria-do-2o-periodo-legislativo-2025\\\/#listItem\",\"name\":\"22\\u00aa Sess\\u00e3o Ordin\\u00e1ria do 2\\u00ba Per\\u00edodo Legislativo 2025\"},\"previousItem\":{\"@type\":\"ListItem\",\"@id\":\"https:\\\/\\\/www.encontracamacari.com.br\\\/sobre#listItem\",\"name\":\"Home\"}},{\"@type\":\"ListItem\",\"@id\":\"https:\\\/\\\/www.encontracamacari.com.br\\\/sobre\\\/22a-sessao-ordinaria-do-2o-periodo-legislativo-2025\\\/#listItem\",\"position\":3,\"name\":\"22\\u00aa Sess\\u00e3o Ordin\\u00e1ria do 2\\u00ba Per\\u00edodo Legislativo 2025\",\"previousItem\":{\"@type\":\"ListItem\",\"@id\":\"https:\\\/\\\/www.encontracamacari.com.br\\\/sobre\\\/noticias-em-camacari\\\/#listItem\",\"name\":\"Not\\u00edcias Cama\\u00e7ari\"}}]},{\"@type\":\"Organization\",\"@id\":\"https:\\\/\\\/www.encontracamacari.com.br\\\/sobre\\\/#organization\",\"name\":\"Encontra Cama\\u00e7ari\",\"description\":\"Not\\u00edcias, eventos, informa\\u00e7\\u00f5es e dicas na cidade de Cama\\u00e7ari e regi\\u00e3o.\",\"url\":\"https:\\\/\\\/www.encontracamacari.com.br\\\/sobre\\\/\"},{\"@type\":\"Person\",\"@id\":\"https:\\\/\\\/www.encontracamacari.com.br\\\/sobre\\\/author\\\/ecamacari\\\/#author\",\"url\":\"https:\\\/\\\/www.encontracamacari.com.br\\\/sobre\\\/author\\\/ecamacari\\\/\",\"name\":\"Encontra Cama\\u00e7ari\",\"image\":{\"@type\":\"ImageObject\",\"@id\":\"https:\\\/\\\/www.encontracamacari.com.br\\\/sobre\\\/22a-sessao-ordinaria-do-2o-periodo-legislativo-2025\\\/#authorImage\",\"url\":\"https:\\\/\\\/secure.gravatar.com\\\/avatar\\\/507340682b8270222e1f208e23198b6ae7e2c6a1033ae84e99bc6bce4f82a387?s=96&d=mm&r=g\",\"width\":96,\"height\":96,\"caption\":\"Encontra Cama\\u00e7ari\"}},{\"@type\":\"WebPage\",\"@id\":\"https:\\\/\\\/www.encontracamacari.com.br\\\/sobre\\\/22a-sessao-ordinaria-do-2o-periodo-legislativo-2025\\\/#webpage\",\"url\":\"https:\\\/\\\/www.encontracamacari.com.br\\\/sobre\\\/22a-sessao-ordinaria-do-2o-periodo-legislativo-2025\\\/\",\"name\":\"22\\u00aa Sess\\u00e3o Ordin\\u00e1ria do 2\\u00ba Per\\u00edodo Legislativo 2025 - Encontra Cama\\u00e7ari\",\"description\":\"22\\u00aa Sess\\u00e3o Ordin\\u00e1ria do 2\\u00ba Per\\u00edodo Legislativo 2025 levar\\u00e1 mudan\\u00e7as significativas.\",\"inLanguage\":\"pt-BR\",\"isPartOf\":{\"@id\":\"https:\\\/\\\/www.encontracamacari.com.br\\\/sobre\\\/#website\"},\"breadcrumb\":{\"@id\":\"https:\\\/\\\/www.encontracamacari.com.br\\\/sobre\\\/22a-sessao-ordinaria-do-2o-periodo-legislativo-2025\\\/#breadcrumblist\"},\"author\":{\"@id\":\"https:\\\/\\\/www.encontracamacari.com.br\\\/sobre\\\/author\\\/ecamacari\\\/#author\"},\"creator\":{\"@id\":\"https:\\\/\\\/www.encontracamacari.com.br\\\/sobre\\\/author\\\/ecamacari\\\/#author\"},\"image\":{\"@type\":\"ImageObject\",\"url\":\"https:\\\/\\\/www.encontracamacari.com.br\\\/sobre\\\/wp-content\\\/uploads\\\/2025\\\/11\\\/22-sessao-ordinaria-do-2-periodo-legislativo-2025.webp\",\"@id\":\"https:\\\/\\\/www.encontracamacari.com.br\\\/sobre\\\/22a-sessao-ordinaria-do-2o-periodo-legislativo-2025\\\/#mainImage\",\"width\":320,\"height\":280,\"caption\":\"22\\u00aa Sess\\u00e3o Ordin\\u00e1ria do 2\\u00ba Per\\u00edodo Legislativo 2025\"},\"primaryImageOfPage\":{\"@id\":\"https:\\\/\\\/www.encontracamacari.com.br\\\/sobre\\\/22a-sessao-ordinaria-do-2o-periodo-legislativo-2025\\\/#mainImage\"},\"datePublished\":\"2025-11-11T12:55:00+00:00\",\"dateModified\":\"2025-11-11T12:55:00+00:00\"},{\"@type\":\"WebSite\",\"@id\":\"https:\\\/\\\/www.encontracamacari.com.br\\\/sobre\\\/#website\",\"url\":\"https:\\\/\\\/www.encontracamacari.com.br\\\/sobre\\\/\",\"name\":\"Encontra Cama\\u00e7ari\",\"description\":\"Not\\u00edcias, eventos, informa\\u00e7\\u00f5es e dicas na cidade de Cama\\u00e7ari e regi\\u00e3o.\",\"inLanguage\":\"pt-BR\",\"publisher\":{\"@id\":\"https:\\\/\\\/www.encontracamacari.com.br\\\/sobre\\\/#organization\"}}]}\n\t\t<\/script>\n\t\t<!-- All in One SEO -->\n\n","aioseo_head_json":{"title":"22\u00aa Sess\u00e3o Ordin\u00e1ria do 2\u00ba Per\u00edodo Legislativo 2025 - Encontra Cama\u00e7ari","description":"22\u00aa Sess\u00e3o Ordin\u00e1ria do 2\u00ba Per\u00edodo Legislativo 2025 levar\u00e1 mudan\u00e7as significativas.","canonical_url":"https:\/\/www.encontracamacari.com.br\/sobre\/22a-sessao-ordinaria-do-2o-periodo-legislativo-2025\/","robots":"max-image-preview:large","keywords":"","webmasterTools":{"miscellaneous":""},"schema":{"@context":"https:\/\/schema.org","@graph":[{"@type":"BlogPosting","@id":"https:\/\/www.encontracamacari.com.br\/sobre\/22a-sessao-ordinaria-do-2o-periodo-legislativo-2025\/#blogposting","name":"22\u00aa Sess\u00e3o Ordin\u00e1ria do 2\u00ba Per\u00edodo Legislativo 2025 - Encontra Cama\u00e7ari","headline":"22\u00aa Sess\u00e3o Ordin\u00e1ria do 2\u00ba Per\u00edodo Legislativo 2025","author":{"@id":"https:\/\/www.encontracamacari.com.br\/sobre\/author\/ecamacari\/#author"},"publisher":{"@id":"https:\/\/www.encontracamacari.com.br\/sobre\/#organization"},"image":{"@type":"ImageObject","url":"https:\/\/www.encontracamacari.com.br\/sobre\/wp-content\/uploads\/2025\/11\/22-sessao-ordinaria-do-2-periodo-legislativo-2025.webp","width":320,"height":280,"caption":"22\u00aa Sess\u00e3o Ordin\u00e1ria do 2\u00ba Per\u00edodo Legislativo 2025"},"datePublished":"2025-11-11T12:55:00+00:00","dateModified":"2025-11-11T12:55:00+00:00","inLanguage":"pt-BR","mainEntityOfPage":{"@id":"https:\/\/www.encontracamacari.com.br\/sobre\/22a-sessao-ordinaria-do-2o-periodo-legislativo-2025\/#webpage"},"isPartOf":{"@id":"https:\/\/www.encontracamacari.com.br\/sobre\/22a-sessao-ordinaria-do-2o-periodo-legislativo-2025\/#webpage"},"articleSection":"Not\u00edcias Cama\u00e7ari"},{"@type":"BreadcrumbList","@id":"https:\/\/www.encontracamacari.com.br\/sobre\/22a-sessao-ordinaria-do-2o-periodo-legislativo-2025\/#breadcrumblist","itemListElement":[{"@type":"ListItem","@id":"https:\/\/www.encontracamacari.com.br\/sobre#listItem","position":1,"name":"Home","item":"https:\/\/www.encontracamacari.com.br\/sobre","nextItem":{"@type":"ListItem","@id":"https:\/\/www.encontracamacari.com.br\/sobre\/noticias-em-camacari\/#listItem","name":"Not\u00edcias Cama\u00e7ari"}},{"@type":"ListItem","@id":"https:\/\/www.encontracamacari.com.br\/sobre\/noticias-em-camacari\/#listItem","position":2,"name":"Not\u00edcias Cama\u00e7ari","item":"https:\/\/www.encontracamacari.com.br\/sobre\/noticias-em-camacari\/","nextItem":{"@type":"ListItem","@id":"https:\/\/www.encontracamacari.com.br\/sobre\/22a-sessao-ordinaria-do-2o-periodo-legislativo-2025\/#listItem","name":"22\u00aa Sess\u00e3o Ordin\u00e1ria do 2\u00ba Per\u00edodo Legislativo 2025"},"previousItem":{"@type":"ListItem","@id":"https:\/\/www.encontracamacari.com.br\/sobre#listItem","name":"Home"}},{"@type":"ListItem","@id":"https:\/\/www.encontracamacari.com.br\/sobre\/22a-sessao-ordinaria-do-2o-periodo-legislativo-2025\/#listItem","position":3,"name":"22\u00aa Sess\u00e3o Ordin\u00e1ria do 2\u00ba Per\u00edodo Legislativo 2025","previousItem":{"@type":"ListItem","@id":"https:\/\/www.encontracamacari.com.br\/sobre\/noticias-em-camacari\/#listItem","name":"Not\u00edcias Cama\u00e7ari"}}]},{"@type":"Organization","@id":"https:\/\/www.encontracamacari.com.br\/sobre\/#organization","name":"Encontra Cama\u00e7ari","description":"Not\u00edcias, eventos, informa\u00e7\u00f5es e dicas na cidade de Cama\u00e7ari e regi\u00e3o.","url":"https:\/\/www.encontracamacari.com.br\/sobre\/"},{"@type":"Person","@id":"https:\/\/www.encontracamacari.com.br\/sobre\/author\/ecamacari\/#author","url":"https:\/\/www.encontracamacari.com.br\/sobre\/author\/ecamacari\/","name":"Encontra Cama\u00e7ari","image":{"@type":"ImageObject","@id":"https:\/\/www.encontracamacari.com.br\/sobre\/22a-sessao-ordinaria-do-2o-periodo-legislativo-2025\/#authorImage","url":"https:\/\/secure.gravatar.com\/avatar\/507340682b8270222e1f208e23198b6ae7e2c6a1033ae84e99bc6bce4f82a387?s=96&d=mm&r=g","width":96,"height":96,"caption":"Encontra Cama\u00e7ari"}},{"@type":"WebPage","@id":"https:\/\/www.encontracamacari.com.br\/sobre\/22a-sessao-ordinaria-do-2o-periodo-legislativo-2025\/#webpage","url":"https:\/\/www.encontracamacari.com.br\/sobre\/22a-sessao-ordinaria-do-2o-periodo-legislativo-2025\/","name":"22\u00aa Sess\u00e3o Ordin\u00e1ria do 2\u00ba Per\u00edodo Legislativo 2025 - Encontra Cama\u00e7ari","description":"22\u00aa Sess\u00e3o Ordin\u00e1ria do 2\u00ba Per\u00edodo Legislativo 2025 levar\u00e1 mudan\u00e7as significativas.","inLanguage":"pt-BR","isPartOf":{"@id":"https:\/\/www.encontracamacari.com.br\/sobre\/#website"},"breadcrumb":{"@id":"https:\/\/www.encontracamacari.com.br\/sobre\/22a-sessao-ordinaria-do-2o-periodo-legislativo-2025\/#breadcrumblist"},"author":{"@id":"https:\/\/www.encontracamacari.com.br\/sobre\/author\/ecamacari\/#author"},"creator":{"@id":"https:\/\/www.encontracamacari.com.br\/sobre\/author\/ecamacari\/#author"},"image":{"@type":"ImageObject","url":"https:\/\/www.encontracamacari.com.br\/sobre\/wp-content\/uploads\/2025\/11\/22-sessao-ordinaria-do-2-periodo-legislativo-2025.webp","@id":"https:\/\/www.encontracamacari.com.br\/sobre\/22a-sessao-ordinaria-do-2o-periodo-legislativo-2025\/#mainImage","width":320,"height":280,"caption":"22\u00aa Sess\u00e3o Ordin\u00e1ria do 2\u00ba Per\u00edodo Legislativo 2025"},"primaryImageOfPage":{"@id":"https:\/\/www.encontracamacari.com.br\/sobre\/22a-sessao-ordinaria-do-2o-periodo-legislativo-2025\/#mainImage"},"datePublished":"2025-11-11T12:55:00+00:00","dateModified":"2025-11-11T12:55:00+00:00"},{"@type":"WebSite","@id":"https:\/\/www.encontracamacari.com.br\/sobre\/#website","url":"https:\/\/www.encontracamacari.com.br\/sobre\/","name":"Encontra Cama\u00e7ari","description":"Not\u00edcias, eventos, informa\u00e7\u00f5es e dicas na cidade de Cama\u00e7ari e regi\u00e3o.","inLanguage":"pt-BR","publisher":{"@id":"https:\/\/www.encontracamacari.com.br\/sobre\/#organization"}}]},"og:locale":"pt_BR","og:site_name":"Encontra Cama\u00e7ari - Not\u00edcias, eventos, informa\u00e7\u00f5es e dicas na cidade de Cama\u00e7ari e regi\u00e3o.","og:type":"article","og:title":"22\u00aa Sess\u00e3o Ordin\u00e1ria do 2\u00ba Per\u00edodo Legislativo 2025 - Encontra Cama\u00e7ari","og:description":"22\u00aa Sess\u00e3o Ordin\u00e1ria do 2\u00ba Per\u00edodo Legislativo 2025 levar\u00e1 mudan\u00e7as significativas.","og:url":"https:\/\/www.encontracamacari.com.br\/sobre\/22a-sessao-ordinaria-do-2o-periodo-legislativo-2025\/","article:published_time":"2025-11-11T12:55:00+00:00","article:modified_time":"2025-11-11T12:55:00+00:00","twitter:card":"summary_large_image","twitter:title":"22\u00aa Sess\u00e3o Ordin\u00e1ria do 2\u00ba Per\u00edodo Legislativo 2025 - Encontra Cama\u00e7ari","twitter:description":"22\u00aa Sess\u00e3o Ordin\u00e1ria do 2\u00ba Per\u00edodo Legislativo 2025 levar\u00e1 mudan\u00e7as significativas."},"aioseo_meta_data":{"post_id":"336","title":null,"description":null,"keywords":null,"keyphrases":null,"primary_term":null,"canonical_url":null,"og_title":null,"og_description":null,"og_object_type":"default","og_image_type":"default","og_image_url":null,"og_image_width":null,"og_image_height":null,"og_image_custom_url":null,"og_image_custom_fields":null,"og_video":null,"og_custom_url":null,"og_article_section":null,"og_article_tags":null,"twitter_use_og":false,"twitter_card":"default","twitter_image_type":"default","twitter_image_url":null,"twitter_image_custom_url":null,"twitter_image_custom_fields":null,"twitter_title":null,"twitter_description":null,"schema":{"blockGraphs":[],"customGraphs":[],"default":{"data":{"Article":[],"Course":[],"Dataset":[],"FAQPage":[],"Movie":[],"Person":[],"Product":[],"ProductReview":[],"Car":[],"Recipe":[],"Service":[],"SoftwareApplication":[],"WebPage":[]},"graphName":"","isEnabled":true},"graphs":[]},"schema_type":"default","schema_type_options":null,"pillar_content":false,"robots_default":true,"robots_noindex":false,"robots_noarchive":false,"robots_nosnippet":false,"robots_nofollow":false,"robots_noimageindex":false,"robots_noodp":false,"robots_notranslate":false,"robots_max_snippet":null,"robots_max_videopreview":null,"robots_max_imagepreview":"large","priority":null,"frequency":null,"local_seo":null,"limit_modified_date":false,"created":"2025-11-11 13:13:38","updated":"2026-08-06 00:03:23","focus_keyword":null,"additional_keywords":null,"truseo_locale":null,"ai":null,"breadcrumb_settings":null,"seo_analyzer_scan_date":null},"aioseo_breadcrumb":"<div class=\"aioseo-breadcrumbs\"><span class=\"aioseo-breadcrumb\">\n\t\t\t<a href=\"https:\/\/www.encontracamacari.com.br\/sobre\" title=\"Home\">Home<\/a>\n\t\t<\/span><span class=\"aioseo-breadcrumb-separator\">&raquo;<\/span><span class=\"aioseo-breadcrumb\">\n\t\t\t<a href=\"https:\/\/www.encontracamacari.com.br\/sobre\/noticias-em-camacari\/\" title=\"Not\u00edcias Cama\u00e7ari\">Not\u00edcias Cama\u00e7ari<\/a>\n\t\t<\/span><span class=\"aioseo-breadcrumb-separator\">&raquo;<\/span><span class=\"aioseo-breadcrumb\">\n\t\t\t22\u00aa Sess\u00e3o Ordin\u00e1ria do 2\u00ba Per\u00edodo Legislativo 2025\n\t\t<\/span><\/div>","aioseo_breadcrumb_json":[{"label":"Home","link":"https:\/\/www.encontracamacari.com.br\/sobre"},{"label":"Not\u00edcias Cama\u00e7ari","link":"https:\/\/www.encontracamacari.com.br\/sobre\/noticias-em-camacari\/"},{"label":"22\u00aa Sess\u00e3o Ordin\u00e1ria do 2\u00ba Per\u00edodo Legislativo 2025","link":"https:\/\/www.encontracamacari.com.br\/sobre\/22a-sessao-ordinaria-do-2o-periodo-legislativo-2025\/"}],"_links":{"self":[{"href":"https:\/\/www.encontracamacari.com.br\/sobre\/wp-json\/wp\/v2\/posts\/336","targetHints":{"allow":["GET"]}}],"collection":[{"href":"https:\/\/www.encontracamacari.com.br\/sobre\/wp-json\/wp\/v2\/posts"}],"about":[{"href":"https:\/\/www.encontracamacari.com.br\/sobre\/wp-json\/wp\/v2\/types\/post"}],"author":[{"embeddable":true,"href":"https:\/\/www.encontracamacari.com.br\/sobre\/wp-json\/wp\/v2\/users\/1"}],"replies":[{"embeddable":true,"href":"https:\/\/www.encontracamacari.com.br\/sobre\/wp-json\/wp\/v2\/comments?post=336"}],"version-history":[{"count":1,"href":"https:\/\/www.encontracamacari.com.br\/sobre\/wp-json\/wp\/v2\/posts\/336\/revisions"}],"predecessor-version":[{"id":339,"href":"https:\/\/www.encontracamacari.com.br\/sobre\/wp-json\/wp\/v2\/posts\/336\/revisions\/339"}],"wp:featuredmedia":[{"embeddable":true,"href":"https:\/\/www.encontracamacari.com.br\/sobre\/wp-json\/wp\/v2\/media\/335"}],"wp:attachment":[{"href":"https:\/\/www.encontracamacari.com.br\/sobre\/wp-json\/wp\/v2\/media?parent=336"}],"wp:term":[{"taxonomy":"category","embeddable":true,"href":"https:\/\/www.encontracamacari.com.br\/sobre\/wp-json\/wp\/v2\/categories?post=336"},{"taxonomy":"post_tag","embeddable":true,"href":"https:\/\/www.encontracamacari.com.br\/sobre\/wp-json\/wp\/v2\/tags?post=336"}],"curies":[{"name":"wp","href":"https:\/\/api.w.org\/{rel}","templated":true}]}}