{"id":317,"date":"2025-11-08T15:32:00","date_gmt":"2025-11-08T15:32:00","guid":{"rendered":"https:\/\/www.encontracamacari.com.br\/sobre\/?p=317"},"modified":"2025-11-08T15:32:00","modified_gmt":"2025-11-08T15:32:00","slug":"byd-ja-distribuiu-363-veiculos-montados-na-fabrica-de-camacari","status":"publish","type":"post","link":"https:\/\/www.encontracamacari.com.br\/sobre\/byd-ja-distribuiu-363-veiculos-montados-na-fabrica-de-camacari\/","title":{"rendered":"BYD j\u00e1 distribuiu 363 ve\u00edculos montados na f\u00e1brica de Cama\u00e7ari"},"content":{"rendered":"<div class=\"2410bb7248a64bb1f71103797e0f239b\" data-index=\"1\" style=\"float: none; margin:0px;\">\n<ins class=\"adsbygoogle\"\r\n     style=\"display:block\"\r\n     data-ad-client=\"ca-pub-8585364105181520\"\r\n     data-ad-slot=\"8789329856\"\r\n     data-ad-format=\"auto\"\r\n     data-full-width-responsive=\"true\"><\/ins>\r\n<script>\r\n     (adsbygoogle = window.adsbygoogle || []).push({});\r\n<\/script>\n<\/div>\n<h2>A F\u00e1brica da BYD em Cama\u00e7ari<\/h2>\n<p>A <strong>BYD<\/strong> (Build Your Dreams) tem se destacado no Brasil devido \u00e0 sua moderna f\u00e1brica localizada em Cama\u00e7ari, na Bahia. Esta unidade foi inaugurada em 2015 e representa um marco importante para a ind\u00fastria automobil\u00edstica brasileira. Com uma \u00e1rea de mais de 100 mil metros quadrados, a f\u00e1brica possui capacidade para produzir uma vasta gama de ve\u00edculos.<\/p>\n<p>Esta f\u00e1brica foi projetada com tecnologia de ponta, o que permite \u00e0 BYD n\u00e3o apenas atender \u00e0 demanda interna, mas tamb\u00e9m exportar ve\u00edculos para diversos pa\u00edses da Am\u00e9rica Latina. O compromisso da empresa com a inova\u00e7\u00e3o se reflete em seus processos de produ\u00e7\u00e3o, que incluem pr\u00e1ticas sustent\u00e1veis e eficientes.<\/p>\n<p><\/p>\n<h2>Produ\u00e7\u00e3o de Ve\u00edculos El\u00e9tricos<\/h2>\n<p>A BYD se especializou em <strong>ve\u00edculos el\u00e9tricos<\/strong>, posicionando-se como uma das l\u00edderes neste segmento no Brasil. A produ\u00e7\u00e3o em sua f\u00e1brica de Cama\u00e7ari inclui tanto \u00f4nibus el\u00e9tricos quanto autom\u00f3veis, todos projetados para atender \u00e0s necessidades de mobilidade sustent\u00e1vel.<\/p>\n<p>Al\u00e9m disso, a BYD utiliza bateria de \u00edon de l\u00edtio em seus ve\u00edculos, uma tecnologia que garante maior autonomia e efici\u00eancia energ\u00e9tica. Com isso, a empresa est\u00e1 contribuindo significativamente para a redu\u00e7\u00e3o da emiss\u00e3o de poluentes no ambiente urbano.<\/p>\n<p><\/p>\n<h2>Distribui\u00e7\u00e3o Nacional de Ve\u00edculos<\/h2>\n<p>A BYD tem uma estrat\u00e9gia robusta para a distribui\u00e7\u00e3o de seus ve\u00edculos em todo o Brasil. A empresa investe em uma rede de concession\u00e1rias e parceiros que facilitam o acesso dos consumidores a seus produtos. Atualmente, a BYD conta com uma presen\u00e7a significativa em v\u00e1rios estados do pa\u00eds, oferecendo suporte e servi\u00e7os para garantir a satisfa\u00e7\u00e3o do cliente.<\/p>\n<p>Esse suporte inclui manuten\u00e7\u00e3o, acesso a pe\u00e7as de reposi\u00e7\u00e3o e um atendimento ao cliente de alta qualidade, solidificando a reputa\u00e7\u00e3o da marca no mercado brasileiro.<\/p>\n<p><\/p>\n<h2>Modelos Dispon\u00edveis na F\u00e1brica<\/h2>\n<p>O portf\u00f3lio da BYD em Cama\u00e7ari \u00e9 diversificado e inclui uma s\u00e9rie de modelos tanto de \u00f4nibus el\u00e9tricos quanto de ve\u00edculos de passeio. Entre os destaques est\u00e3o:<\/p>\n<ul>\n<li><strong>BYD eBus:<\/strong> Uma linha de \u00f4nibus el\u00e9tricos que oferece solu\u00e7\u00f5es eficazes para o transporte urbano.<\/li>\n<li><strong>BYD Tang:<\/strong> Um SUV el\u00e9trico que combina performance e conforto.<\/li>\n<li><strong>BYD Han:<\/strong> Um sedan el\u00e9trico que reflete luxo e tecnologia avan\u00e7ada.<\/li>\n<li><strong>BYD Qin:<\/strong> Um h\u00edbrido que \u00e9 uma excelente op\u00e7\u00e3o para quem busca economia de combust\u00edvel e menor impacto ambiental.<\/li>\n<\/ul>\n<p>Esses modelos destacam-se pela efici\u00eancia energ\u00e9tica e pelo compromisso com a sustentabilidade, o que tem atra\u00eddo a aten\u00e7\u00e3o do p\u00fablico brasileiro.<\/p>\n<p><\/p>\n<h2>Impacto no Mercado Brasileiro<\/h2>\n<p>A BYD tem desempenhado um papel crucial na transforma\u00e7\u00e3o do mercado automotivo brasileiro. Como uma das pioneiras no segmento de ve\u00edculos el\u00e9tricos no pa\u00eds, a empresa ajuda a impulsar a mudan\u00e7a de paradigmas na mobilidade urbana.<\/p><div class=\"2410bb7248a64bb1f71103797e0f239b\" data-index=\"2\" style=\"float: none; margin:0px;\">\n<ins class=\"adsbygoogle\"\r\n     style=\"display:block; text-align:center;\"\r\n     data-ad-layout=\"in-article\"\r\n     data-ad-format=\"fluid\"\r\n     data-ad-client=\"ca-pub-8585364105181520\"\r\n     data-ad-slot=\"2899217073\"><\/ins>\r\n<script>\r\n     (adsbygoogle = window.adsbygoogle || []).push({});\r\n<\/script>\r\n\r\n<\/br><\/br>\n<\/div>\n\n<p>A crescente aceita\u00e7\u00e3o dos ve\u00edculos el\u00e9tricos pela popula\u00e7\u00e3o brasileira \u00e9 um indicativo do sucesso da abordagem da BYD. A empresa tem contribu\u00eddo para popularizar a ideia de ve\u00edculos sustent\u00e1veis, aumentando a conscientiza\u00e7\u00e3o sobre a import\u00e2ncia de solu\u00e7\u00f5es de transporte menos poluentes.<\/p>\n<p><\/p>\n<h2>Compromisso com a Mobilidade Sustent\u00e1vel<\/h2>\n<p>Um dos pilares fundamentais da BYD \u00e9 o seu compromisso com a <strong>mobilidade sustent\u00e1vel<\/strong>. A marca investe constantemente em inova\u00e7\u00f5es tecnol\u00f3gicas que visam melhorar o desempenho dos ve\u00edculos e reduzir seu impacto ambiental.<\/p>\n<p>Al\u00e9m da produ\u00e7\u00e3o de ve\u00edculos el\u00e9tricos, a BYD tamb\u00e9m est\u00e1 engajada em projetos de energia renov\u00e1vel, como a instala\u00e7\u00e3o de pain\u00e9is solares em suas f\u00e1bricas. Essas iniciativas refor\u00e7am a busca da empresa por um futuro mais verde e sustent\u00e1vel.<\/p>\n<p><\/p>\n<h2>Crescimento da BYD no Brasil<\/h2>\n<p>Desde sua chegada ao Brasil, a BYD tem experimentado um crescimento significativo. O aumento na venda de ve\u00edculos el\u00e9tricos, especialmente em grandes cidades, \u00e9 um claro reflexo da aceita\u00e7\u00e3o dos consumidores.<\/p>\n<p>A empresa tamb\u00e9m tem se adaptado \u00e0s especificidades do mercado brasileiro, como a adapta\u00e7\u00e3o de seus modelos \u00e0s normas locais e ao gosto do consumidor. Esse posicionamento estrat\u00e9gico tem garantido uma participa\u00e7\u00e3o crescente na ind\u00fastria automobil\u00edstica.<\/p>\n<p><\/p>\n<h2>Ve\u00edculos El\u00e9tricos mais Vendidos<\/h2>\n<p>Entre os ve\u00edculos el\u00e9tricos mais vendidos pela BYD no Brasil, destacam-se:<\/p>\n<ul>\n<li><strong>BYD eBus:<\/strong> Popular no transporte p\u00fablico, contribuindo para a mobilidade urbana sustent\u00e1vel.<\/li>\n<li><strong>BYD Tang:<\/strong> Tem sido bem aceito pelos consumidores de SUVs, pela combina\u00e7\u00e3o de desempenho e conforto.<\/li>\n<li><strong>BYD Han:<\/strong> Um sedan que vem ganhando popularidade por suas caracter\u00edsticas luxuosas e tecnologia avan\u00e7ada.<\/li>\n<\/ul>\n<p>Esses modelos t\u00eam conquistado uma boa aceita\u00e7\u00e3o entre os brasileiros e est\u00e3o moldando o futuro do transporte no pa\u00eds.<\/p>\n<p><\/p>\n<h2>Expectativas para o Futuro<\/h2>\n<p>As expectativas para a BYD no Brasil s\u00e3o otimistas. A empresa est\u00e1 planejando expandir seu portf\u00f3lio de produtos e aumentar a capacidade de produ\u00e7\u00e3o na f\u00e1brica de Cama\u00e7ari. Com o aumento da demanda por ve\u00edculos el\u00e9tricos, a BYD est\u00e1 posicionada para se tornar uma das principais fornecedoras desse segmento no Brasil.<\/p>\n<p>Al\u00e9m disso, a empresa mant\u00e9m o foco na pesquisa e desenvolvimento de novas tecnologias, buscando sempre melhorias que possam agregar valor aos seus produtos e surpreender seus clientes.<\/p>\n<p><\/p>\n<h2>A Revolu\u00e7\u00e3o do Transporte El\u00e9trico<\/h2>\n<p>A revolu\u00e7\u00e3o do transporte el\u00e9trico no Brasil est\u00e1 ganhando for\u00e7a, e a BYD est\u00e1 na linha de frente desse movimento. Com pol\u00edticas p\u00fablicas que incentivam o uso de ve\u00edculos el\u00e9tricos e o avan\u00e7o das tecnologias de bateria, o cen\u00e1rio \u00e9 favor\u00e1vel para a expans\u00e3o do uso desse tipo de transporte.<\/p>\n<p>A BYD, com sua experi\u00eancia e compromisso com a sustentabilidade, est\u00e1 se preparando para liderar esta revolu\u00e7\u00e3o, oferecendo produtos inovadores e solu\u00e7\u00f5es que visam n\u00e3o apenas atender \u00e0s necessidades do consumidor, mas tamb\u00e9m preservar o meio ambiente.<\/p>\n<div class=\"2410bb7248a64bb1f71103797e0f239b\" data-index=\"3\" style=\"float: none; margin:0px;\">\n<\/br><\/br>\r\n\r\n<ins class=\"adsbygoogle\"\r\n     style=\"display:block\"\r\n     data-ad-format=\"fluid\"\r\n     data-ad-layout-key=\"-63+do+n-1s+9e\"\r\n     data-ad-client=\"ca-pub-8585364105181520\"\r\n     data-ad-slot=\"6838462089\"><\/ins>\r\n<script>\r\n     (adsbygoogle = window.adsbygoogle || []).push({});\r\n<\/script>\n<\/div>\n\n<div style=\"font-size: 0px; height: 0px; line-height: 0px; margin: 0; padding: 0; clear: both;\"><\/div>","protected":false},"excerpt":{"rendered":"<p>BYD j\u00e1 distribuiu 363 ve\u00edculos el\u00e9tricos da f\u00e1brica de Cama\u00e7ari, confira os detalhes!<\/p>\n","protected":false},"author":1,"featured_media":316,"comment_status":"open","ping_status":"closed","sticky":false,"template":"","format":"standard","meta":{"footnotes":""},"categories":[1],"tags":[],"class_list":["post-317","post","type-post","status-publish","format-standard","has-post-thumbnail","hentry","category-noticias-em-camacari","has_thumb"],"aioseo_notices":[],"aioseo_head":"\n\t\t<!-- All in One SEO 5.0.0.1 - aioseo.com -->\n\t<meta name=\"description\" content=\"BYD j\u00e1 distribuiu 363 ve\u00edculos el\u00e9tricos da f\u00e1brica de Cama\u00e7ari, confira os detalhes!\" \/>\n\t<meta name=\"robots\" content=\"max-image-preview:large\" \/>\n\t<meta name=\"author\" content=\"Encontra Cama\u00e7ari\"\/>\n\t<link rel=\"canonical\" href=\"https:\/\/www.encontracamacari.com.br\/sobre\/byd-ja-distribuiu-363-veiculos-montados-na-fabrica-de-camacari\/\" \/>\n\t<meta name=\"generator\" content=\"All in One SEO (AIOSEO) 5.0.0.1\" \/>\n\t\t<meta property=\"og:locale\" content=\"pt_BR\" \/>\n\t\t<meta property=\"og:site_name\" content=\"Encontra Cama\u00e7ari - Not\u00edcias, eventos, informa\u00e7\u00f5es e dicas na cidade de Cama\u00e7ari e regi\u00e3o.\" \/>\n\t\t<meta property=\"og:type\" content=\"article\" \/>\n\t\t<meta property=\"og:title\" content=\"BYD j\u00e1 distribuiu 363 ve\u00edculos montados na f\u00e1brica de Cama\u00e7ari - Encontra Cama\u00e7ari\" \/>\n\t\t<meta property=\"og:description\" content=\"BYD j\u00e1 distribuiu 363 ve\u00edculos el\u00e9tricos da f\u00e1brica de Cama\u00e7ari, confira os detalhes!\" \/>\n\t\t<meta property=\"og:url\" content=\"https:\/\/www.encontracamacari.com.br\/sobre\/byd-ja-distribuiu-363-veiculos-montados-na-fabrica-de-camacari\/\" \/>\n\t\t<meta property=\"article:published_time\" content=\"2025-11-08T15:32:00+00:00\" \/>\n\t\t<meta property=\"article:modified_time\" content=\"2025-11-08T15:32:00+00:00\" \/>\n\t\t<meta name=\"twitter:card\" content=\"summary_large_image\" \/>\n\t\t<meta name=\"twitter:title\" content=\"BYD j\u00e1 distribuiu 363 ve\u00edculos montados na f\u00e1brica de Cama\u00e7ari - Encontra Cama\u00e7ari\" \/>\n\t\t<meta name=\"twitter:description\" content=\"BYD j\u00e1 distribuiu 363 ve\u00edculos el\u00e9tricos da f\u00e1brica de Cama\u00e7ari, confira os detalhes!\" \/>\n\t\t<script type=\"application\/ld+json\" class=\"aioseo-schema\">\n\t\t\t{\"@context\":\"https:\\\/\\\/schema.org\",\"@graph\":[{\"@type\":\"BlogPosting\",\"@id\":\"https:\\\/\\\/www.encontracamacari.com.br\\\/sobre\\\/byd-ja-distribuiu-363-veiculos-montados-na-fabrica-de-camacari\\\/#blogposting\",\"name\":\"BYD j\\u00e1 distribuiu 363 ve\\u00edculos montados na f\\u00e1brica de Cama\\u00e7ari - Encontra Cama\\u00e7ari\",\"headline\":\"BYD j\\u00e1 distribuiu 363 ve\\u00edculos montados na f\\u00e1brica de Cama\\u00e7ari\",\"author\":{\"@id\":\"https:\\\/\\\/www.encontracamacari.com.br\\\/sobre\\\/author\\\/ecamacari\\\/#author\"},\"publisher\":{\"@id\":\"https:\\\/\\\/www.encontracamacari.com.br\\\/sobre\\\/#organization\"},\"image\":{\"@type\":\"ImageObject\",\"url\":\"https:\\\/\\\/www.encontracamacari.com.br\\\/sobre\\\/wp-content\\\/uploads\\\/2025\\\/11\\\/byd-ja-distribuiu-363-veiculos-montados-na-fabrica-de-camacari.webp\",\"width\":320,\"height\":280,\"caption\":\"BYD\"},\"datePublished\":\"2025-11-08T15:32:00+00:00\",\"dateModified\":\"2025-11-08T15:32:00+00:00\",\"inLanguage\":\"pt-BR\",\"mainEntityOfPage\":{\"@id\":\"https:\\\/\\\/www.encontracamacari.com.br\\\/sobre\\\/byd-ja-distribuiu-363-veiculos-montados-na-fabrica-de-camacari\\\/#webpage\"},\"isPartOf\":{\"@id\":\"https:\\\/\\\/www.encontracamacari.com.br\\\/sobre\\\/byd-ja-distribuiu-363-veiculos-montados-na-fabrica-de-camacari\\\/#webpage\"},\"articleSection\":\"Not\\u00edcias Cama\\u00e7ari\"},{\"@type\":\"BreadcrumbList\",\"@id\":\"https:\\\/\\\/www.encontracamacari.com.br\\\/sobre\\\/byd-ja-distribuiu-363-veiculos-montados-na-fabrica-de-camacari\\\/#breadcrumblist\",\"itemListElement\":[{\"@type\":\"ListItem\",\"@id\":\"https:\\\/\\\/www.encontracamacari.com.br\\\/sobre#listItem\",\"position\":1,\"name\":\"Home\",\"item\":\"https:\\\/\\\/www.encontracamacari.com.br\\\/sobre\",\"nextItem\":{\"@type\":\"ListItem\",\"@id\":\"https:\\\/\\\/www.encontracamacari.com.br\\\/sobre\\\/noticias-em-camacari\\\/#listItem\",\"name\":\"Not\\u00edcias Cama\\u00e7ari\"}},{\"@type\":\"ListItem\",\"@id\":\"https:\\\/\\\/www.encontracamacari.com.br\\\/sobre\\\/noticias-em-camacari\\\/#listItem\",\"position\":2,\"name\":\"Not\\u00edcias Cama\\u00e7ari\",\"item\":\"https:\\\/\\\/www.encontracamacari.com.br\\\/sobre\\\/noticias-em-camacari\\\/\",\"nextItem\":{\"@type\":\"ListItem\",\"@id\":\"https:\\\/\\\/www.encontracamacari.com.br\\\/sobre\\\/byd-ja-distribuiu-363-veiculos-montados-na-fabrica-de-camacari\\\/#listItem\",\"name\":\"BYD j\\u00e1 distribuiu 363 ve\\u00edculos montados na f\\u00e1brica de Cama\\u00e7ari\"},\"previousItem\":{\"@type\":\"ListItem\",\"@id\":\"https:\\\/\\\/www.encontracamacari.com.br\\\/sobre#listItem\",\"name\":\"Home\"}},{\"@type\":\"ListItem\",\"@id\":\"https:\\\/\\\/www.encontracamacari.com.br\\\/sobre\\\/byd-ja-distribuiu-363-veiculos-montados-na-fabrica-de-camacari\\\/#listItem\",\"position\":3,\"name\":\"BYD j\\u00e1 distribuiu 363 ve\\u00edculos montados na f\\u00e1brica de Cama\\u00e7ari\",\"previousItem\":{\"@type\":\"ListItem\",\"@id\":\"https:\\\/\\\/www.encontracamacari.com.br\\\/sobre\\\/noticias-em-camacari\\\/#listItem\",\"name\":\"Not\\u00edcias Cama\\u00e7ari\"}}]},{\"@type\":\"Organization\",\"@id\":\"https:\\\/\\\/www.encontracamacari.com.br\\\/sobre\\\/#organization\",\"name\":\"Encontra Cama\\u00e7ari\",\"description\":\"Not\\u00edcias, eventos, informa\\u00e7\\u00f5es e dicas na cidade de Cama\\u00e7ari e regi\\u00e3o.\",\"url\":\"https:\\\/\\\/www.encontracamacari.com.br\\\/sobre\\\/\"},{\"@type\":\"Person\",\"@id\":\"https:\\\/\\\/www.encontracamacari.com.br\\\/sobre\\\/author\\\/ecamacari\\\/#author\",\"url\":\"https:\\\/\\\/www.encontracamacari.com.br\\\/sobre\\\/author\\\/ecamacari\\\/\",\"name\":\"Encontra Cama\\u00e7ari\",\"image\":{\"@type\":\"ImageObject\",\"@id\":\"https:\\\/\\\/www.encontracamacari.com.br\\\/sobre\\\/byd-ja-distribuiu-363-veiculos-montados-na-fabrica-de-camacari\\\/#authorImage\",\"url\":\"https:\\\/\\\/secure.gravatar.com\\\/avatar\\\/507340682b8270222e1f208e23198b6ae7e2c6a1033ae84e99bc6bce4f82a387?s=96&d=mm&r=g\",\"width\":96,\"height\":96,\"caption\":\"Encontra Cama\\u00e7ari\"}},{\"@type\":\"WebPage\",\"@id\":\"https:\\\/\\\/www.encontracamacari.com.br\\\/sobre\\\/byd-ja-distribuiu-363-veiculos-montados-na-fabrica-de-camacari\\\/#webpage\",\"url\":\"https:\\\/\\\/www.encontracamacari.com.br\\\/sobre\\\/byd-ja-distribuiu-363-veiculos-montados-na-fabrica-de-camacari\\\/\",\"name\":\"BYD j\\u00e1 distribuiu 363 ve\\u00edculos montados na f\\u00e1brica de Cama\\u00e7ari - Encontra Cama\\u00e7ari\",\"description\":\"BYD j\\u00e1 distribuiu 363 ve\\u00edculos el\\u00e9tricos da f\\u00e1brica de Cama\\u00e7ari, confira os detalhes!\",\"inLanguage\":\"pt-BR\",\"isPartOf\":{\"@id\":\"https:\\\/\\\/www.encontracamacari.com.br\\\/sobre\\\/#website\"},\"breadcrumb\":{\"@id\":\"https:\\\/\\\/www.encontracamacari.com.br\\\/sobre\\\/byd-ja-distribuiu-363-veiculos-montados-na-fabrica-de-camacari\\\/#breadcrumblist\"},\"author\":{\"@id\":\"https:\\\/\\\/www.encontracamacari.com.br\\\/sobre\\\/author\\\/ecamacari\\\/#author\"},\"creator\":{\"@id\":\"https:\\\/\\\/www.encontracamacari.com.br\\\/sobre\\\/author\\\/ecamacari\\\/#author\"},\"image\":{\"@type\":\"ImageObject\",\"url\":\"https:\\\/\\\/www.encontracamacari.com.br\\\/sobre\\\/wp-content\\\/uploads\\\/2025\\\/11\\\/byd-ja-distribuiu-363-veiculos-montados-na-fabrica-de-camacari.webp\",\"@id\":\"https:\\\/\\\/www.encontracamacari.com.br\\\/sobre\\\/byd-ja-distribuiu-363-veiculos-montados-na-fabrica-de-camacari\\\/#mainImage\",\"width\":320,\"height\":280,\"caption\":\"BYD\"},\"primaryImageOfPage\":{\"@id\":\"https:\\\/\\\/www.encontracamacari.com.br\\\/sobre\\\/byd-ja-distribuiu-363-veiculos-montados-na-fabrica-de-camacari\\\/#mainImage\"},\"datePublished\":\"2025-11-08T15:32:00+00:00\",\"dateModified\":\"2025-11-08T15:32:00+00:00\"},{\"@type\":\"WebSite\",\"@id\":\"https:\\\/\\\/www.encontracamacari.com.br\\\/sobre\\\/#website\",\"url\":\"https:\\\/\\\/www.encontracamacari.com.br\\\/sobre\\\/\",\"name\":\"Encontra Cama\\u00e7ari\",\"description\":\"Not\\u00edcias, eventos, informa\\u00e7\\u00f5es e dicas na cidade de Cama\\u00e7ari e regi\\u00e3o.\",\"inLanguage\":\"pt-BR\",\"publisher\":{\"@id\":\"https:\\\/\\\/www.encontracamacari.com.br\\\/sobre\\\/#organization\"}}]}\n\t\t<\/script>\n\t\t<!-- All in One SEO -->\n\n","aioseo_head_json":{"title":"BYD j\u00e1 distribuiu 363 ve\u00edculos montados na f\u00e1brica de Cama\u00e7ari - Encontra Cama\u00e7ari","description":"BYD j\u00e1 distribuiu 363 ve\u00edculos el\u00e9tricos da f\u00e1brica de Cama\u00e7ari, confira os detalhes!","canonical_url":"https:\/\/www.encontracamacari.com.br\/sobre\/byd-ja-distribuiu-363-veiculos-montados-na-fabrica-de-camacari\/","robots":"max-image-preview:large","keywords":"","webmasterTools":{"miscellaneous":""},"schema":{"@context":"https:\/\/schema.org","@graph":[{"@type":"BlogPosting","@id":"https:\/\/www.encontracamacari.com.br\/sobre\/byd-ja-distribuiu-363-veiculos-montados-na-fabrica-de-camacari\/#blogposting","name":"BYD j\u00e1 distribuiu 363 ve\u00edculos montados na f\u00e1brica de Cama\u00e7ari - Encontra Cama\u00e7ari","headline":"BYD j\u00e1 distribuiu 363 ve\u00edculos montados na f\u00e1brica de Cama\u00e7ari","author":{"@id":"https:\/\/www.encontracamacari.com.br\/sobre\/author\/ecamacari\/#author"},"publisher":{"@id":"https:\/\/www.encontracamacari.com.br\/sobre\/#organization"},"image":{"@type":"ImageObject","url":"https:\/\/www.encontracamacari.com.br\/sobre\/wp-content\/uploads\/2025\/11\/byd-ja-distribuiu-363-veiculos-montados-na-fabrica-de-camacari.webp","width":320,"height":280,"caption":"BYD"},"datePublished":"2025-11-08T15:32:00+00:00","dateModified":"2025-11-08T15:32:00+00:00","inLanguage":"pt-BR","mainEntityOfPage":{"@id":"https:\/\/www.encontracamacari.com.br\/sobre\/byd-ja-distribuiu-363-veiculos-montados-na-fabrica-de-camacari\/#webpage"},"isPartOf":{"@id":"https:\/\/www.encontracamacari.com.br\/sobre\/byd-ja-distribuiu-363-veiculos-montados-na-fabrica-de-camacari\/#webpage"},"articleSection":"Not\u00edcias Cama\u00e7ari"},{"@type":"BreadcrumbList","@id":"https:\/\/www.encontracamacari.com.br\/sobre\/byd-ja-distribuiu-363-veiculos-montados-na-fabrica-de-camacari\/#breadcrumblist","itemListElement":[{"@type":"ListItem","@id":"https:\/\/www.encontracamacari.com.br\/sobre#listItem","position":1,"name":"Home","item":"https:\/\/www.encontracamacari.com.br\/sobre","nextItem":{"@type":"ListItem","@id":"https:\/\/www.encontracamacari.com.br\/sobre\/noticias-em-camacari\/#listItem","name":"Not\u00edcias Cama\u00e7ari"}},{"@type":"ListItem","@id":"https:\/\/www.encontracamacari.com.br\/sobre\/noticias-em-camacari\/#listItem","position":2,"name":"Not\u00edcias Cama\u00e7ari","item":"https:\/\/www.encontracamacari.com.br\/sobre\/noticias-em-camacari\/","nextItem":{"@type":"ListItem","@id":"https:\/\/www.encontracamacari.com.br\/sobre\/byd-ja-distribuiu-363-veiculos-montados-na-fabrica-de-camacari\/#listItem","name":"BYD j\u00e1 distribuiu 363 ve\u00edculos montados na f\u00e1brica de Cama\u00e7ari"},"previousItem":{"@type":"ListItem","@id":"https:\/\/www.encontracamacari.com.br\/sobre#listItem","name":"Home"}},{"@type":"ListItem","@id":"https:\/\/www.encontracamacari.com.br\/sobre\/byd-ja-distribuiu-363-veiculos-montados-na-fabrica-de-camacari\/#listItem","position":3,"name":"BYD j\u00e1 distribuiu 363 ve\u00edculos montados na f\u00e1brica de Cama\u00e7ari","previousItem":{"@type":"ListItem","@id":"https:\/\/www.encontracamacari.com.br\/sobre\/noticias-em-camacari\/#listItem","name":"Not\u00edcias Cama\u00e7ari"}}]},{"@type":"Organization","@id":"https:\/\/www.encontracamacari.com.br\/sobre\/#organization","name":"Encontra Cama\u00e7ari","description":"Not\u00edcias, eventos, informa\u00e7\u00f5es e dicas na cidade de Cama\u00e7ari e regi\u00e3o.","url":"https:\/\/www.encontracamacari.com.br\/sobre\/"},{"@type":"Person","@id":"https:\/\/www.encontracamacari.com.br\/sobre\/author\/ecamacari\/#author","url":"https:\/\/www.encontracamacari.com.br\/sobre\/author\/ecamacari\/","name":"Encontra Cama\u00e7ari","image":{"@type":"ImageObject","@id":"https:\/\/www.encontracamacari.com.br\/sobre\/byd-ja-distribuiu-363-veiculos-montados-na-fabrica-de-camacari\/#authorImage","url":"https:\/\/secure.gravatar.com\/avatar\/507340682b8270222e1f208e23198b6ae7e2c6a1033ae84e99bc6bce4f82a387?s=96&d=mm&r=g","width":96,"height":96,"caption":"Encontra Cama\u00e7ari"}},{"@type":"WebPage","@id":"https:\/\/www.encontracamacari.com.br\/sobre\/byd-ja-distribuiu-363-veiculos-montados-na-fabrica-de-camacari\/#webpage","url":"https:\/\/www.encontracamacari.com.br\/sobre\/byd-ja-distribuiu-363-veiculos-montados-na-fabrica-de-camacari\/","name":"BYD j\u00e1 distribuiu 363 ve\u00edculos montados na f\u00e1brica de Cama\u00e7ari - Encontra Cama\u00e7ari","description":"BYD j\u00e1 distribuiu 363 ve\u00edculos el\u00e9tricos da f\u00e1brica de Cama\u00e7ari, confira os detalhes!","inLanguage":"pt-BR","isPartOf":{"@id":"https:\/\/www.encontracamacari.com.br\/sobre\/#website"},"breadcrumb":{"@id":"https:\/\/www.encontracamacari.com.br\/sobre\/byd-ja-distribuiu-363-veiculos-montados-na-fabrica-de-camacari\/#breadcrumblist"},"author":{"@id":"https:\/\/www.encontracamacari.com.br\/sobre\/author\/ecamacari\/#author"},"creator":{"@id":"https:\/\/www.encontracamacari.com.br\/sobre\/author\/ecamacari\/#author"},"image":{"@type":"ImageObject","url":"https:\/\/www.encontracamacari.com.br\/sobre\/wp-content\/uploads\/2025\/11\/byd-ja-distribuiu-363-veiculos-montados-na-fabrica-de-camacari.webp","@id":"https:\/\/www.encontracamacari.com.br\/sobre\/byd-ja-distribuiu-363-veiculos-montados-na-fabrica-de-camacari\/#mainImage","width":320,"height":280,"caption":"BYD"},"primaryImageOfPage":{"@id":"https:\/\/www.encontracamacari.com.br\/sobre\/byd-ja-distribuiu-363-veiculos-montados-na-fabrica-de-camacari\/#mainImage"},"datePublished":"2025-11-08T15:32:00+00:00","dateModified":"2025-11-08T15:32:00+00:00"},{"@type":"WebSite","@id":"https:\/\/www.encontracamacari.com.br\/sobre\/#website","url":"https:\/\/www.encontracamacari.com.br\/sobre\/","name":"Encontra Cama\u00e7ari","description":"Not\u00edcias, eventos, informa\u00e7\u00f5es e dicas na cidade de Cama\u00e7ari e regi\u00e3o.","inLanguage":"pt-BR","publisher":{"@id":"https:\/\/www.encontracamacari.com.br\/sobre\/#organization"}}]},"og:locale":"pt_BR","og:site_name":"Encontra Cama\u00e7ari - Not\u00edcias, eventos, informa\u00e7\u00f5es e dicas na cidade de Cama\u00e7ari e regi\u00e3o.","og:type":"article","og:title":"BYD j\u00e1 distribuiu 363 ve\u00edculos montados na f\u00e1brica de Cama\u00e7ari - Encontra Cama\u00e7ari","og:description":"BYD j\u00e1 distribuiu 363 ve\u00edculos el\u00e9tricos da f\u00e1brica de Cama\u00e7ari, confira os detalhes!","og:url":"https:\/\/www.encontracamacari.com.br\/sobre\/byd-ja-distribuiu-363-veiculos-montados-na-fabrica-de-camacari\/","article:published_time":"2025-11-08T15:32:00+00:00","article:modified_time":"2025-11-08T15:32:00+00:00","twitter:card":"summary_large_image","twitter:title":"BYD j\u00e1 distribuiu 363 ve\u00edculos montados na f\u00e1brica de Cama\u00e7ari - Encontra Cama\u00e7ari","twitter:description":"BYD j\u00e1 distribuiu 363 ve\u00edculos el\u00e9tricos da f\u00e1brica de Cama\u00e7ari, confira os detalhes!"},"aioseo_meta_data":{"post_id":"317","title":null,"description":null,"keywords":null,"keyphrases":null,"primary_term":null,"canonical_url":null,"og_title":null,"og_description":null,"og_object_type":"default","og_image_type":"default","og_image_url":null,"og_image_width":null,"og_image_height":null,"og_image_custom_url":null,"og_image_custom_fields":null,"og_video":null,"og_custom_url":null,"og_article_section":null,"og_article_tags":null,"twitter_use_og":false,"twitter_card":"default","twitter_image_type":"default","twitter_image_url":null,"twitter_image_custom_url":null,"twitter_image_custom_fields":null,"twitter_title":null,"twitter_description":null,"schema":{"blockGraphs":[],"customGraphs":[],"default":{"data":{"Article":[],"Course":[],"Dataset":[],"FAQPage":[],"Movie":[],"Person":[],"Product":[],"ProductReview":[],"Car":[],"Recipe":[],"Service":[],"SoftwareApplication":[],"WebPage":[]},"graphName":"","isEnabled":true},"graphs":[]},"schema_type":"default","schema_type_options":null,"pillar_content":false,"robots_default":true,"robots_noindex":false,"robots_noarchive":false,"robots_nosnippet":false,"robots_nofollow":false,"robots_noimageindex":false,"robots_noodp":false,"robots_notranslate":false,"robots_max_snippet":null,"robots_max_videopreview":null,"robots_max_imagepreview":"large","priority":null,"frequency":null,"local_seo":null,"limit_modified_date":false,"created":"2025-11-08 16:10:58","updated":"2026-08-06 00:02:23","focus_keyword":null,"additional_keywords":null,"truseo_locale":null,"ai":null,"breadcrumb_settings":null,"seo_analyzer_scan_date":null},"aioseo_breadcrumb":"<div class=\"aioseo-breadcrumbs\"><span class=\"aioseo-breadcrumb\">\n\t\t\t<a href=\"https:\/\/www.encontracamacari.com.br\/sobre\" title=\"Home\">Home<\/a>\n\t\t<\/span><span class=\"aioseo-breadcrumb-separator\">&raquo;<\/span><span class=\"aioseo-breadcrumb\">\n\t\t\t<a href=\"https:\/\/www.encontracamacari.com.br\/sobre\/noticias-em-camacari\/\" title=\"Not\u00edcias Cama\u00e7ari\">Not\u00edcias Cama\u00e7ari<\/a>\n\t\t<\/span><span class=\"aioseo-breadcrumb-separator\">&raquo;<\/span><span class=\"aioseo-breadcrumb\">\n\t\t\tBYD j\u00e1 distribuiu 363 ve\u00edculos montados na f\u00e1brica de Cama\u00e7ari\n\t\t<\/span><\/div>","aioseo_breadcrumb_json":[{"label":"Home","link":"https:\/\/www.encontracamacari.com.br\/sobre"},{"label":"Not\u00edcias Cama\u00e7ari","link":"https:\/\/www.encontracamacari.com.br\/sobre\/noticias-em-camacari\/"},{"label":"BYD j\u00e1 distribuiu 363 ve\u00edculos montados na f\u00e1brica de Cama\u00e7ari","link":"https:\/\/www.encontracamacari.com.br\/sobre\/byd-ja-distribuiu-363-veiculos-montados-na-fabrica-de-camacari\/"}],"_links":{"self":[{"href":"https:\/\/www.encontracamacari.com.br\/sobre\/wp-json\/wp\/v2\/posts\/317","targetHints":{"allow":["GET"]}}],"collection":[{"href":"https:\/\/www.encontracamacari.com.br\/sobre\/wp-json\/wp\/v2\/posts"}],"about":[{"href":"https:\/\/www.encontracamacari.com.br\/sobre\/wp-json\/wp\/v2\/types\/post"}],"author":[{"embeddable":true,"href":"https:\/\/www.encontracamacari.com.br\/sobre\/wp-json\/wp\/v2\/users\/1"}],"replies":[{"embeddable":true,"href":"https:\/\/www.encontracamacari.com.br\/sobre\/wp-json\/wp\/v2\/comments?post=317"}],"version-history":[{"count":1,"href":"https:\/\/www.encontracamacari.com.br\/sobre\/wp-json\/wp\/v2\/posts\/317\/revisions"}],"predecessor-version":[{"id":319,"href":"https:\/\/www.encontracamacari.com.br\/sobre\/wp-json\/wp\/v2\/posts\/317\/revisions\/319"}],"wp:featuredmedia":[{"embeddable":true,"href":"https:\/\/www.encontracamacari.com.br\/sobre\/wp-json\/wp\/v2\/media\/316"}],"wp:attachment":[{"href":"https:\/\/www.encontracamacari.com.br\/sobre\/wp-json\/wp\/v2\/media?parent=317"}],"wp:term":[{"taxonomy":"category","embeddable":true,"href":"https:\/\/www.encontracamacari.com.br\/sobre\/wp-json\/wp\/v2\/categories?post=317"},{"taxonomy":"post_tag","embeddable":true,"href":"https:\/\/www.encontracamacari.com.br\/sobre\/wp-json\/wp\/v2\/tags?post=317"}],"curies":[{"name":"wp","href":"https:\/\/api.w.org\/{rel}","templated":true}]}}