{"id":309,"date":"2025-11-07T09:56:00","date_gmt":"2025-11-07T09:56:00","guid":{"rendered":"https:\/\/www.encontracamacari.com.br\/sobre\/byd-quer-virar-a-pagina-e-estuda-abrir-fabrica-de-camacari-ba-para-visitas\/"},"modified":"2025-11-07T09:56:00","modified_gmt":"2025-11-07T09:56:00","slug":"byd-quer-virar-a-pagina-e-estuda-abrir-fabrica-de-camacari-ba-para-visitas","status":"publish","type":"post","link":"https:\/\/www.encontracamacari.com.br\/sobre\/byd-quer-virar-a-pagina-e-estuda-abrir-fabrica-de-camacari-ba-para-visitas\/","title":{"rendered":"BYD quer \u2018virar a p\u00e1gina\u2019 e estuda abrir f\u00e1brica de Cama\u00e7ari (BA) para visitas"},"content":{"rendered":"<div class=\"2410bb7248a64bb1f71103797e0f239b\" data-index=\"1\" style=\"float: none; margin:0px;\">\n<ins class=\"adsbygoogle\"\r\n     style=\"display:block\"\r\n     data-ad-client=\"ca-pub-8585364105181520\"\r\n     data-ad-slot=\"8789329856\"\r\n     data-ad-format=\"auto\"\r\n     data-full-width-responsive=\"true\"><\/ins>\r\n<script>\r\n     (adsbygoogle = window.adsbygoogle || []).push({});\r\n<\/script>\n<\/div>\n<h2>O Plano de Abertura da F\u00e1brica<\/h2>\n<p>A abertura da <strong>BYD em Cama\u00e7ari<\/strong> faz parte de um plano estrat\u00e9gico para expandir a produ\u00e7\u00e3o de ve\u00edculos el\u00e9tricos no Brasil. Esta f\u00e1brica tem como objetivo inicial criar modelos acess\u00edveis e sustent\u00e1veis, que atendem \u00e0 crescente demanda por mobilidade el\u00e9trica no pa\u00eds. A ideia \u00e9 n\u00e3o apenas produzir, mas tamb\u00e9m inovar, trazendo tecnologias de ponta para o mercado brasileiro.<\/p>\n<p>Com a constru\u00e7\u00e3o da f\u00e1brica, a BYD promete um investimento significativo, que gerou centenas de empregos diretos e indiretos. Isso representa um marco importante para a economia local, ao passo que fortalece a posi\u00e7\u00e3o da empresa no setor automotivo global.<\/p>\n<h2>Import\u00e2ncia da Transpar\u00eancia<\/h2>\n<p>A transpar\u00eancia \u00e9 um pilar fundamental nas opera\u00e7\u00f5es da BYD. Isso se reflete na forma como a empresa se comunica com a comunidade de Cama\u00e7ari. A ideia de abrir as portas da f\u00e1brica para visitas \u00e9 um exemplo claro de como a empresa busca construir uma rela\u00e7\u00e3o de confian\u00e7a com a sociedade.<\/p>\n<p>Essas visitas proporcionam aos interessados a oportunidade de entender os processos de produ\u00e7\u00e3o, conhecer as inova\u00e7\u00f5es tecnol\u00f3gicas e ver em primeira m\u00e3o o compromisso da empresa com princ\u00edpios de sustentabilidade. Esse tipo de abertura \u00e9 essencial para criar uma imagem positiva e promover um di\u00e1logo construtivo entre a empresa e a comunidade.<\/p>\n<h2>Impacto na Comunidade de Cama\u00e7ari<\/h2>\n<p>A chegada da BYD em Cama\u00e7ari traz consigo uma s\u00e9rie de benef\u00edcios diretos e indiretos. Os empregos criados pela f\u00e1brica ajudam a reduzir a taxa de desemprego local, al\u00e9m de impulsionar o com\u00e9rcio e os servi\u00e7os na regi\u00e3o. Isso significa que, al\u00e9m dos postos de trabalho gerados diretamente na f\u00e1brica, haver\u00e1 um efeito positivo em outras \u00e1reas, como a alimenta\u00e7\u00e3o, habita\u00e7\u00e3o e servi\u00e7os locais.<\/p>\n<p>Al\u00e9m disso, a BYD se compromete a participar de iniciativas comunit\u00e1rias, como projetos educacionais e ambientais. Isso demonstra o compromisso da empresa n\u00e3o apenas com seus funcion\u00e1rios, mas tamb\u00e9m com a comunidade onde est\u00e1 inserida.<\/p>\n<h2>Rea\u00e7\u00e3o do P\u00fablico \u00e0s Visitas<\/h2>\n<p>A repercuss\u00e3o das visitas \u00e0 f\u00e1brica da BYD em Cama\u00e7ari tem sido extremamente positiva. Muitas pessoas expressaram entusiasmo ao poder conhecer de perto a produ\u00e7\u00e3o de ve\u00edculos el\u00e9tricos. Para muitos, essa \u00e9 uma chance \u00fanica de ver como a tecnologia est\u00e1 sendo incorporada ao cotidiano, promovendo um futuro mais sustent\u00e1vel.<\/p>\n<p>As visitas t\u00eam atra\u00eddo uma variedade de p\u00fablicos, desde estudantes interessados em tecnologia e engenharia at\u00e9 empres\u00e1rios que buscam inspira\u00e7\u00e3o em modelos de neg\u00f3cios sustent\u00e1veis. A capacidade de engajar diferentes segmentos da sociedade \u00e9 um grande trunfo para a imagem da empresa.<\/p>\n<h2>Comparativo com Outras F\u00e1bricas<\/h2>\n<p>Ao comparar a BYD em Cama\u00e7ari com outras f\u00e1bricas do setor, algumas caracter\u00edsticas se destacam. Enquanto muitas montadoras tradicionais ainda se concentram em produ\u00e7\u00e3o convencional, a BYD se diferencia ao focar exclusivamente em ve\u00edculos el\u00e9tricos.<\/p>\n<p>F\u00e1bricas de outras montadoras que atuam no Brasil t\u00eam avan\u00e7ado em dire\u00e7\u00e3o a tecnologias sustent\u00e1veis, mas poucas t\u00eam a vis\u00e3o t\u00e3o clara e um plano estrat\u00e9gico t\u00e3o focado quanto a BYD. Isso gera um diferencial competitivo significativo e coloca a BYD como uma l\u00edder emergente no mercado de ve\u00edculos el\u00e9tricos no pa\u00eds.<\/p><div class=\"2410bb7248a64bb1f71103797e0f239b\" data-index=\"2\" style=\"float: none; margin:0px;\">\n<ins class=\"adsbygoogle\"\r\n     style=\"display:block; text-align:center;\"\r\n     data-ad-layout=\"in-article\"\r\n     data-ad-format=\"fluid\"\r\n     data-ad-client=\"ca-pub-8585364105181520\"\r\n     data-ad-slot=\"2899217073\"><\/ins>\r\n<script>\r\n     (adsbygoogle = window.adsbygoogle || []).push({});\r\n<\/script>\r\n\r\n<\/br><\/br>\n<\/div>\n\n<h2>Expectativas para o Futuro<\/h2>\n<p>As expectativas em rela\u00e7\u00e3o \u00e0 BYD em Cama\u00e7ari s\u00e3o muito altas. Espera-se que a f\u00e1brica produza n\u00e3o apenas ve\u00edculos, mas tamb\u00e9m inova\u00e7\u00f5es tecnol\u00f3gicas que possam influenciar todo o setor automotivo. Com a crescente demanda por sustentabilidade, a BYD est\u00e1 posicionada para liderar o caminho na ind\u00fastria brasileira.<\/p>\n<p>A longo prazo, a empresa planeja expandir ainda mais a capacidade de produ\u00e7\u00e3o e diversificar seu portf\u00f3lio de produtos, incluindo modelos de \u00f4nibus el\u00e9tricos e solu\u00e7\u00f5es de energia renov\u00e1vel. Essas expans\u00f5es s\u00e3o parte da vis\u00e3o de um futuro mais verde e sustent\u00e1vel para todos.<\/p>\n<h2>Como Participar das Visitas<\/h2>\n<p>Participar das visitas \u00e0 f\u00e1brica da BYD em Cama\u00e7ari \u00e9 simples. A empresa disponibiliza um site onde \u00e9 poss\u00edvel se inscrever para o tour. \u00c9 recomendado que os interessados fiquem atentos \u00e0s datas e hor\u00e1rios dispon\u00edveis, pois as vagas s\u00e3o limitadas.<\/p>\n<p>As visitas s\u00e3o guiadas e oferecem uma verdadeira imers\u00e3o no processo produtivo, com explica\u00e7\u00f5es detalhadas sobre cada etapa da fabrica\u00e7\u00e3o dos ve\u00edculos el\u00e9tricos. Esse tipo de experi\u00eancia pr\u00e1tica \u00e9 muito valorizado por estudantes e profissionais da \u00e1rea.<\/p>\n<h2>Aspectos de Seguran\u00e7a das Visitas<\/h2>\n<p>A BYD se preocupa em garantir a seguran\u00e7a de todos os visitantes. Isso inclui a ado\u00e7\u00e3o de protocolos rigorosos de seguran\u00e7a e sa\u00fade. Durante as visitas, todos os participantes recebem instru\u00e7\u00f5es claras sobre procedimentos de seguran\u00e7a.<\/p>\n<p>Os visitantes s\u00e3o orientados a utilizar equipamentos de prote\u00e7\u00e3o individual (EPIs) durante o tour e s\u00e3o acompanhados por profissionais treinados para garantir que todas as normas sejam cumpridas. Isso n\u00e3o apenas protege a integridade dos visitantes, mas tamb\u00e9m garante um ambiente seguro para os trabalhadores da f\u00e1brica.<\/p>\n<h2>Hist\u00f3ria da BYD no Brasil<\/h2>\n<p>A hist\u00f3ria da BYD no Brasil teve in\u00edcio em 2015. Desde ent\u00e3o, a empresa tem investido continuamente no pa\u00eds, com foco em desenvolver uma infraestrutura robusta para ve\u00edculos el\u00e9tricos. A escolha de Cama\u00e7ari para a localiza\u00e7\u00e3o de sua f\u00e1brica foi estrat\u00e9gica, considerando a proximidade de portos e rodovias que facilitam a distribui\u00e7\u00e3o dos produtos.<\/p>\n<p>Ao longo dos anos, a BYD trouxe diversas inova\u00e7\u00f5es para o mercado brasileiro, estabelecendo-se como uma das principais entidades no setor de energia renov\u00e1vel e mobilidade el\u00e9trica. Com iniciativas voltadas para a sustentabilidade, a empresa se destaca na luta contra as mudan\u00e7as clim\u00e1ticas.<\/p>\n<h2>Novos Projetos em Andamento<\/h2>\n<p>Atualmente, a BYD est\u00e1 desenvolvendo v\u00e1rios novos projetos que visam expandir suas opera\u00e7\u00f5es no Brasil. Um dos principais \u00e9 a introdu\u00e7\u00e3o de novos modelos de ve\u00edculos el\u00e9tricos, que prometem ser ainda mais acess\u00edveis ao p\u00fablico.<\/p>\n<p>Al\u00e9m disso, a empresa est\u00e1 investindo em pesquisas para aprimorar suas baterias, aumentando sua efici\u00eancia e durabilidade. Com esses avan\u00e7os, a BYD busca se consolidar como um l\u00edder no campo da inova\u00e7\u00e3o tecnol\u00f3gica, refletindo seu compromisso com um futuro sustent\u00e1vel.<\/p>\n<p>Esses projetos n\u00e3o apenas ampliam a presen\u00e7a da BYD no mercado, mas tamb\u00e9m ajudam a moldar as futuras tend\u00eancias do setor automotivo no Brasil. A expectativa \u00e9 que essas inova\u00e7\u00f5es promovam um impacto significativo na mobilidade urbana, tornando-a mais eficiente e sustent\u00e1vel.<\/p>\n<div class=\"2410bb7248a64bb1f71103797e0f239b\" data-index=\"3\" style=\"float: none; margin:0px;\">\n<\/br><\/br>\r\n\r\n<ins class=\"adsbygoogle\"\r\n     style=\"display:block\"\r\n     data-ad-format=\"fluid\"\r\n     data-ad-layout-key=\"-63+do+n-1s+9e\"\r\n     data-ad-client=\"ca-pub-8585364105181520\"\r\n     data-ad-slot=\"6838462089\"><\/ins>\r\n<script>\r\n     (adsbygoogle = window.adsbygoogle || []).push({});\r\n<\/script>\n<\/div>\n\n<div style=\"font-size: 0px; height: 0px; line-height: 0px; margin: 0; padding: 0; clear: both;\"><\/div>","protected":false},"excerpt":{"rendered":"<p>BYD planeja abrir sua nova f\u00e1brica em Cama\u00e7ari para visitas guiadas!<\/p>\n","protected":false},"author":1,"featured_media":308,"comment_status":"open","ping_status":"closed","sticky":false,"template":"","format":"standard","meta":{"footnotes":""},"categories":[1],"tags":[],"class_list":["post-309","post","type-post","status-publish","format-standard","has-post-thumbnail","hentry","category-noticias-em-camacari","has_thumb"],"aioseo_notices":[],"aioseo_head":"\n\t\t<!-- All in One SEO 5.0.0.1 - aioseo.com -->\n\t<meta name=\"description\" content=\"BYD planeja abrir sua nova f\u00e1brica em Cama\u00e7ari para visitas guiadas!\" \/>\n\t<meta name=\"robots\" content=\"max-image-preview:large\" \/>\n\t<meta name=\"author\" content=\"Encontra Cama\u00e7ari\"\/>\n\t<link rel=\"canonical\" href=\"https:\/\/www.encontracamacari.com.br\/sobre\/byd-quer-virar-a-pagina-e-estuda-abrir-fabrica-de-camacari-ba-para-visitas\/\" \/>\n\t<meta name=\"generator\" content=\"All in One SEO (AIOSEO) 5.0.0.1\" \/>\n\t\t<meta property=\"og:locale\" content=\"pt_BR\" \/>\n\t\t<meta property=\"og:site_name\" content=\"Encontra Cama\u00e7ari - Not\u00edcias, eventos, informa\u00e7\u00f5es e dicas na cidade de Cama\u00e7ari e regi\u00e3o.\" \/>\n\t\t<meta property=\"og:type\" content=\"article\" \/>\n\t\t<meta property=\"og:title\" content=\"BYD quer \u2018virar a p\u00e1gina\u2019 e estuda abrir f\u00e1brica de Cama\u00e7ari (BA) para visitas - Encontra Cama\u00e7ari\" \/>\n\t\t<meta property=\"og:description\" content=\"BYD planeja abrir sua nova f\u00e1brica em Cama\u00e7ari para visitas guiadas!\" \/>\n\t\t<meta property=\"og:url\" content=\"https:\/\/www.encontracamacari.com.br\/sobre\/byd-quer-virar-a-pagina-e-estuda-abrir-fabrica-de-camacari-ba-para-visitas\/\" \/>\n\t\t<meta property=\"article:published_time\" content=\"2025-11-07T09:56:00+00:00\" \/>\n\t\t<meta property=\"article:modified_time\" content=\"2025-11-07T09:56:00+00:00\" \/>\n\t\t<meta name=\"twitter:card\" content=\"summary_large_image\" \/>\n\t\t<meta name=\"twitter:title\" content=\"BYD quer \u2018virar a p\u00e1gina\u2019 e estuda abrir f\u00e1brica de Cama\u00e7ari (BA) para visitas - Encontra Cama\u00e7ari\" \/>\n\t\t<meta name=\"twitter:description\" content=\"BYD planeja abrir sua nova f\u00e1brica em Cama\u00e7ari para visitas guiadas!\" \/>\n\t\t<script type=\"application\/ld+json\" class=\"aioseo-schema\">\n\t\t\t{\"@context\":\"https:\\\/\\\/schema.org\",\"@graph\":[{\"@type\":\"BlogPosting\",\"@id\":\"https:\\\/\\\/www.encontracamacari.com.br\\\/sobre\\\/byd-quer-virar-a-pagina-e-estuda-abrir-fabrica-de-camacari-ba-para-visitas\\\/#blogposting\",\"name\":\"BYD quer \\u2018virar a p\\u00e1gina\\u2019 e estuda abrir f\\u00e1brica de Cama\\u00e7ari (BA) para visitas - Encontra Cama\\u00e7ari\",\"headline\":\"BYD quer \\u2018virar a p\\u00e1gina\\u2019 e estuda abrir f\\u00e1brica de Cama\\u00e7ari (BA) para visitas\",\"author\":{\"@id\":\"https:\\\/\\\/www.encontracamacari.com.br\\\/sobre\\\/author\\\/ecamacari\\\/#author\"},\"publisher\":{\"@id\":\"https:\\\/\\\/www.encontracamacari.com.br\\\/sobre\\\/#organization\"},\"image\":{\"@type\":\"ImageObject\",\"url\":\"https:\\\/\\\/www.encontracamacari.com.br\\\/sobre\\\/wp-content\\\/uploads\\\/2025\\\/11\\\/byd-quer-virar-a-pagina-e-estuda-abrir-fabrica-de-camacari-ba-para-visitas.webp\",\"width\":320,\"height\":280,\"caption\":\"BYD Cama\\u00e7ari\"},\"datePublished\":\"2025-11-07T09:56:00+00:00\",\"dateModified\":\"2025-11-07T09:56:00+00:00\",\"inLanguage\":\"pt-BR\",\"mainEntityOfPage\":{\"@id\":\"https:\\\/\\\/www.encontracamacari.com.br\\\/sobre\\\/byd-quer-virar-a-pagina-e-estuda-abrir-fabrica-de-camacari-ba-para-visitas\\\/#webpage\"},\"isPartOf\":{\"@id\":\"https:\\\/\\\/www.encontracamacari.com.br\\\/sobre\\\/byd-quer-virar-a-pagina-e-estuda-abrir-fabrica-de-camacari-ba-para-visitas\\\/#webpage\"},\"articleSection\":\"Not\\u00edcias Cama\\u00e7ari\"},{\"@type\":\"BreadcrumbList\",\"@id\":\"https:\\\/\\\/www.encontracamacari.com.br\\\/sobre\\\/byd-quer-virar-a-pagina-e-estuda-abrir-fabrica-de-camacari-ba-para-visitas\\\/#breadcrumblist\",\"itemListElement\":[{\"@type\":\"ListItem\",\"@id\":\"https:\\\/\\\/www.encontracamacari.com.br\\\/sobre#listItem\",\"position\":1,\"name\":\"Home\",\"item\":\"https:\\\/\\\/www.encontracamacari.com.br\\\/sobre\",\"nextItem\":{\"@type\":\"ListItem\",\"@id\":\"https:\\\/\\\/www.encontracamacari.com.br\\\/sobre\\\/noticias-em-camacari\\\/#listItem\",\"name\":\"Not\\u00edcias Cama\\u00e7ari\"}},{\"@type\":\"ListItem\",\"@id\":\"https:\\\/\\\/www.encontracamacari.com.br\\\/sobre\\\/noticias-em-camacari\\\/#listItem\",\"position\":2,\"name\":\"Not\\u00edcias Cama\\u00e7ari\",\"item\":\"https:\\\/\\\/www.encontracamacari.com.br\\\/sobre\\\/noticias-em-camacari\\\/\",\"nextItem\":{\"@type\":\"ListItem\",\"@id\":\"https:\\\/\\\/www.encontracamacari.com.br\\\/sobre\\\/byd-quer-virar-a-pagina-e-estuda-abrir-fabrica-de-camacari-ba-para-visitas\\\/#listItem\",\"name\":\"BYD quer \\u2018virar a p\\u00e1gina\\u2019 e estuda abrir f\\u00e1brica de Cama\\u00e7ari (BA) para visitas\"},\"previousItem\":{\"@type\":\"ListItem\",\"@id\":\"https:\\\/\\\/www.encontracamacari.com.br\\\/sobre#listItem\",\"name\":\"Home\"}},{\"@type\":\"ListItem\",\"@id\":\"https:\\\/\\\/www.encontracamacari.com.br\\\/sobre\\\/byd-quer-virar-a-pagina-e-estuda-abrir-fabrica-de-camacari-ba-para-visitas\\\/#listItem\",\"position\":3,\"name\":\"BYD quer \\u2018virar a p\\u00e1gina\\u2019 e estuda abrir f\\u00e1brica de Cama\\u00e7ari (BA) para visitas\",\"previousItem\":{\"@type\":\"ListItem\",\"@id\":\"https:\\\/\\\/www.encontracamacari.com.br\\\/sobre\\\/noticias-em-camacari\\\/#listItem\",\"name\":\"Not\\u00edcias Cama\\u00e7ari\"}}]},{\"@type\":\"Organization\",\"@id\":\"https:\\\/\\\/www.encontracamacari.com.br\\\/sobre\\\/#organization\",\"name\":\"Encontra Cama\\u00e7ari\",\"description\":\"Not\\u00edcias, eventos, informa\\u00e7\\u00f5es e dicas na cidade de Cama\\u00e7ari e regi\\u00e3o.\",\"url\":\"https:\\\/\\\/www.encontracamacari.com.br\\\/sobre\\\/\"},{\"@type\":\"Person\",\"@id\":\"https:\\\/\\\/www.encontracamacari.com.br\\\/sobre\\\/author\\\/ecamacari\\\/#author\",\"url\":\"https:\\\/\\\/www.encontracamacari.com.br\\\/sobre\\\/author\\\/ecamacari\\\/\",\"name\":\"Encontra Cama\\u00e7ari\",\"image\":{\"@type\":\"ImageObject\",\"@id\":\"https:\\\/\\\/www.encontracamacari.com.br\\\/sobre\\\/byd-quer-virar-a-pagina-e-estuda-abrir-fabrica-de-camacari-ba-para-visitas\\\/#authorImage\",\"url\":\"https:\\\/\\\/secure.gravatar.com\\\/avatar\\\/507340682b8270222e1f208e23198b6ae7e2c6a1033ae84e99bc6bce4f82a387?s=96&d=mm&r=g\",\"width\":96,\"height\":96,\"caption\":\"Encontra Cama\\u00e7ari\"}},{\"@type\":\"WebPage\",\"@id\":\"https:\\\/\\\/www.encontracamacari.com.br\\\/sobre\\\/byd-quer-virar-a-pagina-e-estuda-abrir-fabrica-de-camacari-ba-para-visitas\\\/#webpage\",\"url\":\"https:\\\/\\\/www.encontracamacari.com.br\\\/sobre\\\/byd-quer-virar-a-pagina-e-estuda-abrir-fabrica-de-camacari-ba-para-visitas\\\/\",\"name\":\"BYD quer \\u2018virar a p\\u00e1gina\\u2019 e estuda abrir f\\u00e1brica de Cama\\u00e7ari (BA) para visitas - Encontra Cama\\u00e7ari\",\"description\":\"BYD planeja abrir sua nova f\\u00e1brica em Cama\\u00e7ari para visitas guiadas!\",\"inLanguage\":\"pt-BR\",\"isPartOf\":{\"@id\":\"https:\\\/\\\/www.encontracamacari.com.br\\\/sobre\\\/#website\"},\"breadcrumb\":{\"@id\":\"https:\\\/\\\/www.encontracamacari.com.br\\\/sobre\\\/byd-quer-virar-a-pagina-e-estuda-abrir-fabrica-de-camacari-ba-para-visitas\\\/#breadcrumblist\"},\"author\":{\"@id\":\"https:\\\/\\\/www.encontracamacari.com.br\\\/sobre\\\/author\\\/ecamacari\\\/#author\"},\"creator\":{\"@id\":\"https:\\\/\\\/www.encontracamacari.com.br\\\/sobre\\\/author\\\/ecamacari\\\/#author\"},\"image\":{\"@type\":\"ImageObject\",\"url\":\"https:\\\/\\\/www.encontracamacari.com.br\\\/sobre\\\/wp-content\\\/uploads\\\/2025\\\/11\\\/byd-quer-virar-a-pagina-e-estuda-abrir-fabrica-de-camacari-ba-para-visitas.webp\",\"@id\":\"https:\\\/\\\/www.encontracamacari.com.br\\\/sobre\\\/byd-quer-virar-a-pagina-e-estuda-abrir-fabrica-de-camacari-ba-para-visitas\\\/#mainImage\",\"width\":320,\"height\":280,\"caption\":\"BYD Cama\\u00e7ari\"},\"primaryImageOfPage\":{\"@id\":\"https:\\\/\\\/www.encontracamacari.com.br\\\/sobre\\\/byd-quer-virar-a-pagina-e-estuda-abrir-fabrica-de-camacari-ba-para-visitas\\\/#mainImage\"},\"datePublished\":\"2025-11-07T09:56:00+00:00\",\"dateModified\":\"2025-11-07T09:56:00+00:00\"},{\"@type\":\"WebSite\",\"@id\":\"https:\\\/\\\/www.encontracamacari.com.br\\\/sobre\\\/#website\",\"url\":\"https:\\\/\\\/www.encontracamacari.com.br\\\/sobre\\\/\",\"name\":\"Encontra Cama\\u00e7ari\",\"description\":\"Not\\u00edcias, eventos, informa\\u00e7\\u00f5es e dicas na cidade de Cama\\u00e7ari e regi\\u00e3o.\",\"inLanguage\":\"pt-BR\",\"publisher\":{\"@id\":\"https:\\\/\\\/www.encontracamacari.com.br\\\/sobre\\\/#organization\"}}]}\n\t\t<\/script>\n\t\t<!-- All in One SEO -->\n\n","aioseo_head_json":{"title":"BYD quer \u2018virar a p\u00e1gina\u2019 e estuda abrir f\u00e1brica de Cama\u00e7ari (BA) para visitas - Encontra Cama\u00e7ari","description":"BYD planeja abrir sua nova f\u00e1brica em Cama\u00e7ari para visitas guiadas!","canonical_url":"https:\/\/www.encontracamacari.com.br\/sobre\/byd-quer-virar-a-pagina-e-estuda-abrir-fabrica-de-camacari-ba-para-visitas\/","robots":"max-image-preview:large","keywords":"","webmasterTools":{"miscellaneous":""},"schema":{"@context":"https:\/\/schema.org","@graph":[{"@type":"BlogPosting","@id":"https:\/\/www.encontracamacari.com.br\/sobre\/byd-quer-virar-a-pagina-e-estuda-abrir-fabrica-de-camacari-ba-para-visitas\/#blogposting","name":"BYD quer \u2018virar a p\u00e1gina\u2019 e estuda abrir f\u00e1brica de Cama\u00e7ari (BA) para visitas - Encontra Cama\u00e7ari","headline":"BYD quer \u2018virar a p\u00e1gina\u2019 e estuda abrir f\u00e1brica de Cama\u00e7ari (BA) para visitas","author":{"@id":"https:\/\/www.encontracamacari.com.br\/sobre\/author\/ecamacari\/#author"},"publisher":{"@id":"https:\/\/www.encontracamacari.com.br\/sobre\/#organization"},"image":{"@type":"ImageObject","url":"https:\/\/www.encontracamacari.com.br\/sobre\/wp-content\/uploads\/2025\/11\/byd-quer-virar-a-pagina-e-estuda-abrir-fabrica-de-camacari-ba-para-visitas.webp","width":320,"height":280,"caption":"BYD Cama\u00e7ari"},"datePublished":"2025-11-07T09:56:00+00:00","dateModified":"2025-11-07T09:56:00+00:00","inLanguage":"pt-BR","mainEntityOfPage":{"@id":"https:\/\/www.encontracamacari.com.br\/sobre\/byd-quer-virar-a-pagina-e-estuda-abrir-fabrica-de-camacari-ba-para-visitas\/#webpage"},"isPartOf":{"@id":"https:\/\/www.encontracamacari.com.br\/sobre\/byd-quer-virar-a-pagina-e-estuda-abrir-fabrica-de-camacari-ba-para-visitas\/#webpage"},"articleSection":"Not\u00edcias Cama\u00e7ari"},{"@type":"BreadcrumbList","@id":"https:\/\/www.encontracamacari.com.br\/sobre\/byd-quer-virar-a-pagina-e-estuda-abrir-fabrica-de-camacari-ba-para-visitas\/#breadcrumblist","itemListElement":[{"@type":"ListItem","@id":"https:\/\/www.encontracamacari.com.br\/sobre#listItem","position":1,"name":"Home","item":"https:\/\/www.encontracamacari.com.br\/sobre","nextItem":{"@type":"ListItem","@id":"https:\/\/www.encontracamacari.com.br\/sobre\/noticias-em-camacari\/#listItem","name":"Not\u00edcias Cama\u00e7ari"}},{"@type":"ListItem","@id":"https:\/\/www.encontracamacari.com.br\/sobre\/noticias-em-camacari\/#listItem","position":2,"name":"Not\u00edcias Cama\u00e7ari","item":"https:\/\/www.encontracamacari.com.br\/sobre\/noticias-em-camacari\/","nextItem":{"@type":"ListItem","@id":"https:\/\/www.encontracamacari.com.br\/sobre\/byd-quer-virar-a-pagina-e-estuda-abrir-fabrica-de-camacari-ba-para-visitas\/#listItem","name":"BYD quer \u2018virar a p\u00e1gina\u2019 e estuda abrir f\u00e1brica de Cama\u00e7ari (BA) para visitas"},"previousItem":{"@type":"ListItem","@id":"https:\/\/www.encontracamacari.com.br\/sobre#listItem","name":"Home"}},{"@type":"ListItem","@id":"https:\/\/www.encontracamacari.com.br\/sobre\/byd-quer-virar-a-pagina-e-estuda-abrir-fabrica-de-camacari-ba-para-visitas\/#listItem","position":3,"name":"BYD quer \u2018virar a p\u00e1gina\u2019 e estuda abrir f\u00e1brica de Cama\u00e7ari (BA) para visitas","previousItem":{"@type":"ListItem","@id":"https:\/\/www.encontracamacari.com.br\/sobre\/noticias-em-camacari\/#listItem","name":"Not\u00edcias Cama\u00e7ari"}}]},{"@type":"Organization","@id":"https:\/\/www.encontracamacari.com.br\/sobre\/#organization","name":"Encontra Cama\u00e7ari","description":"Not\u00edcias, eventos, informa\u00e7\u00f5es e dicas na cidade de Cama\u00e7ari e regi\u00e3o.","url":"https:\/\/www.encontracamacari.com.br\/sobre\/"},{"@type":"Person","@id":"https:\/\/www.encontracamacari.com.br\/sobre\/author\/ecamacari\/#author","url":"https:\/\/www.encontracamacari.com.br\/sobre\/author\/ecamacari\/","name":"Encontra Cama\u00e7ari","image":{"@type":"ImageObject","@id":"https:\/\/www.encontracamacari.com.br\/sobre\/byd-quer-virar-a-pagina-e-estuda-abrir-fabrica-de-camacari-ba-para-visitas\/#authorImage","url":"https:\/\/secure.gravatar.com\/avatar\/507340682b8270222e1f208e23198b6ae7e2c6a1033ae84e99bc6bce4f82a387?s=96&d=mm&r=g","width":96,"height":96,"caption":"Encontra Cama\u00e7ari"}},{"@type":"WebPage","@id":"https:\/\/www.encontracamacari.com.br\/sobre\/byd-quer-virar-a-pagina-e-estuda-abrir-fabrica-de-camacari-ba-para-visitas\/#webpage","url":"https:\/\/www.encontracamacari.com.br\/sobre\/byd-quer-virar-a-pagina-e-estuda-abrir-fabrica-de-camacari-ba-para-visitas\/","name":"BYD quer \u2018virar a p\u00e1gina\u2019 e estuda abrir f\u00e1brica de Cama\u00e7ari (BA) para visitas - Encontra Cama\u00e7ari","description":"BYD planeja abrir sua nova f\u00e1brica em Cama\u00e7ari para visitas guiadas!","inLanguage":"pt-BR","isPartOf":{"@id":"https:\/\/www.encontracamacari.com.br\/sobre\/#website"},"breadcrumb":{"@id":"https:\/\/www.encontracamacari.com.br\/sobre\/byd-quer-virar-a-pagina-e-estuda-abrir-fabrica-de-camacari-ba-para-visitas\/#breadcrumblist"},"author":{"@id":"https:\/\/www.encontracamacari.com.br\/sobre\/author\/ecamacari\/#author"},"creator":{"@id":"https:\/\/www.encontracamacari.com.br\/sobre\/author\/ecamacari\/#author"},"image":{"@type":"ImageObject","url":"https:\/\/www.encontracamacari.com.br\/sobre\/wp-content\/uploads\/2025\/11\/byd-quer-virar-a-pagina-e-estuda-abrir-fabrica-de-camacari-ba-para-visitas.webp","@id":"https:\/\/www.encontracamacari.com.br\/sobre\/byd-quer-virar-a-pagina-e-estuda-abrir-fabrica-de-camacari-ba-para-visitas\/#mainImage","width":320,"height":280,"caption":"BYD Cama\u00e7ari"},"primaryImageOfPage":{"@id":"https:\/\/www.encontracamacari.com.br\/sobre\/byd-quer-virar-a-pagina-e-estuda-abrir-fabrica-de-camacari-ba-para-visitas\/#mainImage"},"datePublished":"2025-11-07T09:56:00+00:00","dateModified":"2025-11-07T09:56:00+00:00"},{"@type":"WebSite","@id":"https:\/\/www.encontracamacari.com.br\/sobre\/#website","url":"https:\/\/www.encontracamacari.com.br\/sobre\/","name":"Encontra Cama\u00e7ari","description":"Not\u00edcias, eventos, informa\u00e7\u00f5es e dicas na cidade de Cama\u00e7ari e regi\u00e3o.","inLanguage":"pt-BR","publisher":{"@id":"https:\/\/www.encontracamacari.com.br\/sobre\/#organization"}}]},"og:locale":"pt_BR","og:site_name":"Encontra Cama\u00e7ari - Not\u00edcias, eventos, informa\u00e7\u00f5es e dicas na cidade de Cama\u00e7ari e regi\u00e3o.","og:type":"article","og:title":"BYD quer \u2018virar a p\u00e1gina\u2019 e estuda abrir f\u00e1brica de Cama\u00e7ari (BA) para visitas - Encontra Cama\u00e7ari","og:description":"BYD planeja abrir sua nova f\u00e1brica em Cama\u00e7ari para visitas guiadas!","og:url":"https:\/\/www.encontracamacari.com.br\/sobre\/byd-quer-virar-a-pagina-e-estuda-abrir-fabrica-de-camacari-ba-para-visitas\/","article:published_time":"2025-11-07T09:56:00+00:00","article:modified_time":"2025-11-07T09:56:00+00:00","twitter:card":"summary_large_image","twitter:title":"BYD quer \u2018virar a p\u00e1gina\u2019 e estuda abrir f\u00e1brica de Cama\u00e7ari (BA) para visitas - Encontra Cama\u00e7ari","twitter:description":"BYD planeja abrir sua nova f\u00e1brica em Cama\u00e7ari para visitas guiadas!"},"aioseo_meta_data":{"post_id":"309","title":null,"description":null,"keywords":null,"keyphrases":null,"primary_term":null,"canonical_url":null,"og_title":null,"og_description":null,"og_object_type":"default","og_image_type":"default","og_image_url":null,"og_image_width":null,"og_image_height":null,"og_image_custom_url":null,"og_image_custom_fields":null,"og_video":null,"og_custom_url":null,"og_article_section":null,"og_article_tags":null,"twitter_use_og":false,"twitter_card":"default","twitter_image_type":"default","twitter_image_url":null,"twitter_image_custom_url":null,"twitter_image_custom_fields":null,"twitter_title":null,"twitter_description":null,"schema":{"blockGraphs":[],"customGraphs":[],"default":{"data":{"Article":[],"Course":[],"Dataset":[],"FAQPage":[],"Movie":[],"Person":[],"Product":[],"ProductReview":[],"Car":[],"Recipe":[],"Service":[],"SoftwareApplication":[],"WebPage":[]},"graphName":"BlogPosting","isEnabled":true},"graphs":[]},"schema_type":"default","schema_type_options":null,"pillar_content":false,"robots_default":true,"robots_noindex":false,"robots_noarchive":false,"robots_nosnippet":false,"robots_nofollow":false,"robots_noimageindex":false,"robots_noodp":false,"robots_notranslate":false,"robots_max_snippet":null,"robots_max_videopreview":null,"robots_max_imagepreview":"large","priority":null,"frequency":null,"local_seo":null,"limit_modified_date":false,"created":"2025-11-07 11:17:32","updated":"2026-08-06 00:02:23","focus_keyword":null,"additional_keywords":null,"truseo_locale":null,"ai":null,"breadcrumb_settings":null,"seo_analyzer_scan_date":null},"aioseo_breadcrumb":"<div class=\"aioseo-breadcrumbs\"><span class=\"aioseo-breadcrumb\">\n\t\t\t<a href=\"https:\/\/www.encontracamacari.com.br\/sobre\" title=\"Home\">Home<\/a>\n\t\t<\/span><span class=\"aioseo-breadcrumb-separator\">&raquo;<\/span><span class=\"aioseo-breadcrumb\">\n\t\t\t<a href=\"https:\/\/www.encontracamacari.com.br\/sobre\/noticias-em-camacari\/\" title=\"Not\u00edcias Cama\u00e7ari\">Not\u00edcias Cama\u00e7ari<\/a>\n\t\t<\/span><span class=\"aioseo-breadcrumb-separator\">&raquo;<\/span><span class=\"aioseo-breadcrumb\">\n\t\t\tBYD quer \u2018virar a p\u00e1gina\u2019 e estuda abrir f\u00e1brica de Cama\u00e7ari (BA) para visitas\n\t\t<\/span><\/div>","aioseo_breadcrumb_json":[{"label":"Home","link":"https:\/\/www.encontracamacari.com.br\/sobre"},{"label":"Not\u00edcias Cama\u00e7ari","link":"https:\/\/www.encontracamacari.com.br\/sobre\/noticias-em-camacari\/"},{"label":"BYD quer \u2018virar a p\u00e1gina\u2019 e estuda abrir f\u00e1brica de Cama\u00e7ari (BA) para visitas","link":"https:\/\/www.encontracamacari.com.br\/sobre\/byd-quer-virar-a-pagina-e-estuda-abrir-fabrica-de-camacari-ba-para-visitas\/"}],"_links":{"self":[{"href":"https:\/\/www.encontracamacari.com.br\/sobre\/wp-json\/wp\/v2\/posts\/309","targetHints":{"allow":["GET"]}}],"collection":[{"href":"https:\/\/www.encontracamacari.com.br\/sobre\/wp-json\/wp\/v2\/posts"}],"about":[{"href":"https:\/\/www.encontracamacari.com.br\/sobre\/wp-json\/wp\/v2\/types\/post"}],"author":[{"embeddable":true,"href":"https:\/\/www.encontracamacari.com.br\/sobre\/wp-json\/wp\/v2\/users\/1"}],"replies":[{"embeddable":true,"href":"https:\/\/www.encontracamacari.com.br\/sobre\/wp-json\/wp\/v2\/comments?post=309"}],"version-history":[{"count":0,"href":"https:\/\/www.encontracamacari.com.br\/sobre\/wp-json\/wp\/v2\/posts\/309\/revisions"}],"wp:featuredmedia":[{"embeddable":true,"href":"https:\/\/www.encontracamacari.com.br\/sobre\/wp-json\/wp\/v2\/media\/308"}],"wp:attachment":[{"href":"https:\/\/www.encontracamacari.com.br\/sobre\/wp-json\/wp\/v2\/media?parent=309"}],"wp:term":[{"taxonomy":"category","embeddable":true,"href":"https:\/\/www.encontracamacari.com.br\/sobre\/wp-json\/wp\/v2\/categories?post=309"},{"taxonomy":"post_tag","embeddable":true,"href":"https:\/\/www.encontracamacari.com.br\/sobre\/wp-json\/wp\/v2\/tags?post=309"}],"curies":[{"name":"wp","href":"https:\/\/api.w.org\/{rel}","templated":true}]}}