{"id":293,"date":"2025-11-04T10:14:00","date_gmt":"2025-11-04T10:14:00","guid":{"rendered":"https:\/\/www.encontracamacari.com.br\/sobre\/byd-inaugura-em-camacari-a-maior-fabrica-de-veiculos-eletricos-da-america-latina-e-apresenta-o-primeiro-carro-super\/"},"modified":"2025-11-04T10:14:00","modified_gmt":"2025-11-04T10:14:00","slug":"byd-inaugura-em-camacari-a-maior-fabrica-de-veiculos-eletricos-da-america-latina-e-apresenta-o-primeiro-carro-super","status":"publish","type":"post","link":"https:\/\/www.encontracamacari.com.br\/sobre\/byd-inaugura-em-camacari-a-maior-fabrica-de-veiculos-eletricos-da-america-latina-e-apresenta-o-primeiro-carro-super\/","title":{"rendered":"BYD inaugura em Cama\u00e7ari a maior f\u00e1brica de ve\u00edculos el\u00e9tricos da Am\u00e9rica Latina e apresenta o primeiro carro super"},"content":{"rendered":"<div class=\"2410bb7248a64bb1f71103797e0f239b\" data-index=\"1\" style=\"float: none; margin:0px;\">\n<ins class=\"adsbygoogle\"\r\n     style=\"display:block\"\r\n     data-ad-client=\"ca-pub-8585364105181520\"\r\n     data-ad-slot=\"8789329856\"\r\n     data-ad-format=\"auto\"\r\n     data-full-width-responsive=\"true\"><\/ins>\r\n<script>\r\n     (adsbygoogle = window.adsbygoogle || []).push({});\r\n<\/script>\n<\/div>\n<h2>A Revolu\u00e7\u00e3o dos Ve\u00edculos El\u00e9tricos<\/h2>\n<p>A ind\u00fastria automotiva est\u00e1 passando por uma transforma\u00e7\u00e3o significativa com a <strong>chegada dos ve\u00edculos el\u00e9tricos<\/strong>. A BYD, uma das l\u00edderes globais neste segmento, est\u00e1 na vanguarda dessa mudan\u00e7a. O aumento da conscientiza\u00e7\u00e3o ambiental e as iniciativas governamentais para promover o uso de energias renov\u00e1veis contribu\u00edram para a ascens\u00e3o dos carros el\u00e9tricos. A inaugura\u00e7\u00e3o da nova <strong>f\u00e1brica de ve\u00edculos el\u00e9tricos<\/strong> em Cama\u00e7ari marca um passo importante nessa revolu\u00e7\u00e3o.<\/p>\n<h2>Impacto Econ\u00f4mico da Nova F\u00e1brica<\/h2>\n<p>A instala\u00e7\u00e3o da f\u00e1brica da BYD em Cama\u00e7ari n\u00e3o apenas traz inova\u00e7\u00e3o tecnol\u00f3gica, mas tamb\u00e9m um impacto econ\u00f4mico significativo. Espera-se que a f\u00e1brica:<\/p>\n<ul>\n<li><strong>Crie milhares de empregos<\/strong>: A nova planta gera oportunidades de trabalho, tanto diretas quanto indiretas, para a popula\u00e7\u00e3o local.<\/li>\n<li><strong>Impulse a economia regional<\/strong>: O investimento atrai outros neg\u00f3cios e tecnologias, fomentando o desenvolvimento econ\u00f4mico da regi\u00e3o.<\/li>\n<li><strong>Estimule o setor automotivo<\/strong>: Com a introdu\u00e7\u00e3o de ve\u00edculos el\u00e9tricos, h\u00e1 a necessidade de novas infraestruturas, como esta\u00e7\u00f5es de carregamento, contribuindo para o crescimento do setor.<\/li>\n<\/ul>\n<h2>O Primeiro Carro Super-H\u00edbrido do Mundo<\/h2>\n<p>Um dos destaques da BYD \u00e9 o lan\u00e7amento do <strong>carro super-h\u00edbrido<\/strong>, que combina as melhores tecnologias de ve\u00edculos el\u00e9tricos e tradicionais. Este ve\u00edculo oferece:<\/p>\n<ul>\n<li><strong>Efici\u00eancia de combust\u00edvel<\/strong>: O sistema h\u00edbrido maximiza a economia de combust\u00edvel, reduzindo a depend\u00eancia de gasolina.<\/li>\n<li><strong>Menor emiss\u00e3o de poluentes<\/strong>: Os h\u00edbridos s\u00e3o uma solu\u00e7\u00e3o intermedi\u00e1ria, permitindo que os consumidores fa\u00e7am a transi\u00e7\u00e3o para um futuro mais sustent\u00e1vel.<\/li>\n<li><strong>Desempenho otimizado<\/strong>: Combinando motor el\u00e9trico e motor a combust\u00e3o, o desempenho do ve\u00edculo \u00e9 aprimorado, oferecendo uma experi\u00eancia de condu\u00e7\u00e3o superior.<\/li>\n<\/ul>\n<h2>A Import\u00e2ncia do Etanol na Mobilidade Sustent\u00e1vel<\/h2>\n<p>O etanol tem um papel fundamental na mobilidade sustent\u00e1vel do Brasil. A BYD reconhece a relev\u00e2ncia deste combust\u00edvel renov\u00e1vel e destaca:<\/p>\n<ul>\n<li><strong>Redu\u00e7\u00e3o das emiss\u00f5es de carbono<\/strong>: O etanol, sendo uma fonte renov\u00e1vel, contribui para a diminui\u00e7\u00e3o da pegada de carbono dos ve\u00edculos.<\/li>\n<li><strong>Sinergia com ve\u00edculos el\u00e9tricos<\/strong>: O uso do etanol em conjunto com tecnologias el\u00e9tricas complementa a estrat\u00e9gia de sustentabilidade da empresa.<\/li>\n<li><strong>Apoio ao agroneg\u00f3cio brasileiro<\/strong>: A demanda por etanol estimula o crescimento do setor agr\u00edcola, promovendo a economia nacional.<\/li>\n<\/ul>\n<h2>Perfil e Capacidade da F\u00e1brica de Cama\u00e7ari<\/h2>\n<p>A nova f\u00e1brica da BYD em Cama\u00e7ari \u00e9 projetada para ser uma das mais avan\u00e7adas do setor. Com capacidade para produzir milhares de ve\u00edculos el\u00e9tricos por ano, as principais caracter\u00edsticas incluem:<\/p>\n<ul>\n<li><strong>Produ\u00e7\u00e3o em larga escala<\/strong>: Estrutura para atender \u00e0 crescente demanda por carros el\u00e9tricos no Brasil e na Am\u00e9rica Latina.<\/li>\n<li><strong>Tecnologia moderna<\/strong>: Equipamentos de ponta garantem alta qualidade e efici\u00eancia na produ\u00e7\u00e3o.<\/li>\n<li><strong>Compromisso com a sustentabilidade<\/strong>: A f\u00e1brica foi projetada com solu\u00e7\u00f5es que minimizam impactos ambientais, utilizando energia limpa em seus processos.<\/li>\n<\/ul>\n<h2>Celebra\u00e7\u00e3o do Ve\u00edculo de N\u00famero 14 Milh\u00f5es<\/h2>\n<p>A BYD alcan\u00e7ou um marco significativo na sua hist\u00f3ria com a produ\u00e7\u00e3o do ve\u00edculo de n\u00famero <strong>14 milh\u00f5es<\/strong>. Este conquista n\u00e3o apenas demonstra a competitividade da empresa, mas tamb\u00e9m:<\/p><div class=\"2410bb7248a64bb1f71103797e0f239b\" data-index=\"2\" style=\"float: none; margin:0px;\">\n<ins class=\"adsbygoogle\"\r\n     style=\"display:block; text-align:center;\"\r\n     data-ad-layout=\"in-article\"\r\n     data-ad-format=\"fluid\"\r\n     data-ad-client=\"ca-pub-8585364105181520\"\r\n     data-ad-slot=\"2899217073\"><\/ins>\r\n<script>\r\n     (adsbygoogle = window.adsbygoogle || []).push({});\r\n<\/script>\r\n\r\n<\/br><\/br>\n<\/div>\n\n<ul>\n<li><strong>Reafirma a lideran\u00e7a no setor<\/strong>: A BYD se posiciona como um player importante em mercados globais de ve\u00edculos el\u00e9tricos.<\/li>\n<li><strong>Inspira confian\u00e7a nos consumidores<\/strong>: O grande volume de produ\u00e7\u00e3o mostra a qualidade e a aceita\u00e7\u00e3o positiva dos produtos pela popula\u00e7\u00e3o.<\/li>\n<li><strong>Impulsiona a inova\u00e7\u00e3o<\/strong>: O sucesso cont\u00ednuo motiva a empresa a investir em pesquisa e desenvolvimento de novas tecnologias.<\/li>\n<\/ul>\n<h2>Tecnologia DM-i: O que \u00e9 e Como Funciona<\/h2>\n<p>A tecnologia DM-i da BYD representa uma inova\u00e7\u00e3o crucial na ind\u00fastria automotiva. Trata-se de um sistema h\u00edbrido que combina efici\u00eancia e performance. As principais caracter\u00edsticas incluem:<\/p>\n<ul>\n<li><strong>Motor el\u00e9trico potente<\/strong>: Proporciona maior torque e acelera\u00e7\u00e3o, oferecendo uma experi\u00eancia de condu\u00e7\u00e3o superior.<\/li>\n<li><strong>Gerador de combust\u00e3o eficiente<\/strong>: O motor a combust\u00e3o atua como um gerador, fornecendo energia el\u00e9trica para o motor el\u00e9trico, aumentando a efici\u00eancia geral.<\/li>\n<li><strong>Redu\u00e7\u00e3o do consumo de combust\u00edvel<\/strong>: O sistema DM-i pode chegar a consumos extremamente baixos, contribuindo para a economia do usu\u00e1rio.<\/li>\n<\/ul>\n<h2>Compromisso da BYD com a Sustentabilidade<\/h2>\n<p>A BYD tem um forte compromisso com a sustentabilidade, demonstrando a\u00e7\u00f5es concretas que incluem:<\/p>\n<ul>\n<li><strong>Uso de materiais recicl\u00e1veis<\/strong>: A f\u00e1brica prioriza a utiliza\u00e7\u00e3o de componentes sustent\u00e1veis, reduzindo o impacto ambiental.<\/li>\n<li><strong>Efici\u00eancia energ\u00e9tica<\/strong>: A produ\u00e7\u00e3o \u00e9 feita usando fontes de energia renov\u00e1vel, como a solar, sempre que poss\u00edvel.<\/li>\n<li><strong>Educa\u00e7\u00e3o ambiental<\/strong>: A BYD investe em programas de conscientiza\u00e7\u00e3o sobre sustentabilidade e mobilidade limpa.<\/li>\n<\/ul>\n<h2>Vis\u00e3o de Futuro: Metas e Estrat\u00e9gias<\/h2>\n<p>A BYD n\u00e3o para por aqui. A empresa possui metas ambiciosas para o futuro, que incluem:<\/p>\n<ul>\n<li><strong>Expandir a produ\u00e7\u00e3o<\/strong>: A inten\u00e7\u00e3o \u00e9 aumentar a capacidade produtiva para atender ao crescimento da demanda por ve\u00edculos el\u00e9tricos.<\/li>\n<li><strong>Inovar constantemente<\/strong>: A empresa investe em pesquisa para desenvolvimento de novas tecnologias que aprimorem ainda mais a efici\u00eancia dos ve\u00edculos el\u00e9tricos.<\/li>\n<li><strong>Aumentar a presen\u00e7a no mercado<\/strong>: A BYD busca ampliar sua atua\u00e7\u00e3o na Am\u00e9rica Latina, explorando novos mercados e parcerias.<\/li>\n<\/ul>\n<h2>O Papel da BYD na Ind\u00fastria Automotiva Brasileira<\/h2>\n<p>A BYD desempenha um papel crucial na ind\u00fastria automotiva brasileira ao:<\/p>\n<ul>\n<li><strong>Impulsionar a inova\u00e7\u00e3o tecnol\u00f3gica<\/strong>: A empresa traz tecnologias de ponta que beneficiam toda a ind\u00fastria.<\/li>\n<li><strong>Contribuir para a sustentabilidade<\/strong>: Com foco em ve\u00edculos el\u00e9tricos, a BYD apoia a transi\u00e7\u00e3o para uma mobilidade mais sustent\u00e1vel no Brasil.<\/li>\n<li><strong>Criar competitividade no mercado<\/strong>: A presen\u00e7a da BYD estimula a concorr\u00eancia saud\u00e1vel, levando outras empresas a investirem em novas tecnologias e sustentabilidade.<\/li>\n<\/ul>\n<div class=\"2410bb7248a64bb1f71103797e0f239b\" data-index=\"3\" style=\"float: none; margin:0px;\">\n<\/br><\/br>\r\n\r\n<ins class=\"adsbygoogle\"\r\n     style=\"display:block\"\r\n     data-ad-format=\"fluid\"\r\n     data-ad-layout-key=\"-63+do+n-1s+9e\"\r\n     data-ad-client=\"ca-pub-8585364105181520\"\r\n     data-ad-slot=\"6838462089\"><\/ins>\r\n<script>\r\n     (adsbygoogle = window.adsbygoogle || []).push({});\r\n<\/script>\n<\/div>\n\n<div style=\"font-size: 0px; height: 0px; line-height: 0px; margin: 0; padding: 0; clear: both;\"><\/div>","protected":false},"excerpt":{"rendered":"<p>BYD inaugura a maior f\u00e1brica de ve\u00edculos el\u00e9tricos da Am\u00e9rica Latina em Cama\u00e7ari, trazendo inova\u00e7\u00e3o ao setor.<\/p>\n","protected":false},"author":1,"featured_media":292,"comment_status":"open","ping_status":"closed","sticky":false,"template":"","format":"standard","meta":{"footnotes":""},"categories":[1],"tags":[],"class_list":["post-293","post","type-post","status-publish","format-standard","has-post-thumbnail","hentry","category-noticias-em-camacari","has_thumb"],"aioseo_notices":[],"aioseo_head":"\n\t\t<!-- All in One SEO 5.0.0.1 - aioseo.com -->\n\t<meta name=\"description\" content=\"BYD inaugura a maior f\u00e1brica de ve\u00edculos el\u00e9tricos da Am\u00e9rica Latina em Cama\u00e7ari, trazendo inova\u00e7\u00e3o ao setor.\" \/>\n\t<meta name=\"robots\" content=\"max-image-preview:large\" \/>\n\t<meta name=\"author\" content=\"Encontra Cama\u00e7ari\"\/>\n\t<link rel=\"canonical\" href=\"https:\/\/www.encontracamacari.com.br\/sobre\/byd-inaugura-em-camacari-a-maior-fabrica-de-veiculos-eletricos-da-america-latina-e-apresenta-o-primeiro-carro-super\/\" \/>\n\t<meta name=\"generator\" content=\"All in One SEO (AIOSEO) 5.0.0.1\" \/>\n\t\t<meta property=\"og:locale\" content=\"pt_BR\" \/>\n\t\t<meta property=\"og:site_name\" content=\"Encontra Cama\u00e7ari - Not\u00edcias, eventos, informa\u00e7\u00f5es e dicas na cidade de Cama\u00e7ari e regi\u00e3o.\" \/>\n\t\t<meta property=\"og:type\" content=\"article\" \/>\n\t\t<meta property=\"og:title\" content=\"BYD inaugura em Cama\u00e7ari a maior f\u00e1brica de ve\u00edculos el\u00e9tricos da Am\u00e9rica Latina e apresenta o primeiro carro super - Encontra Cama\u00e7ari\" \/>\n\t\t<meta property=\"og:description\" content=\"BYD inaugura a maior f\u00e1brica de ve\u00edculos el\u00e9tricos da Am\u00e9rica Latina em Cama\u00e7ari, trazendo inova\u00e7\u00e3o ao setor.\" \/>\n\t\t<meta property=\"og:url\" content=\"https:\/\/www.encontracamacari.com.br\/sobre\/byd-inaugura-em-camacari-a-maior-fabrica-de-veiculos-eletricos-da-america-latina-e-apresenta-o-primeiro-carro-super\/\" \/>\n\t\t<meta property=\"article:published_time\" content=\"2025-11-04T10:14:00+00:00\" \/>\n\t\t<meta property=\"article:modified_time\" content=\"2025-11-04T10:14:00+00:00\" \/>\n\t\t<meta name=\"twitter:card\" content=\"summary_large_image\" \/>\n\t\t<meta name=\"twitter:title\" content=\"BYD inaugura em Cama\u00e7ari a maior f\u00e1brica de ve\u00edculos el\u00e9tricos da Am\u00e9rica Latina e apresenta o primeiro carro super - Encontra Cama\u00e7ari\" \/>\n\t\t<meta name=\"twitter:description\" content=\"BYD inaugura a maior f\u00e1brica de ve\u00edculos el\u00e9tricos da Am\u00e9rica Latina em Cama\u00e7ari, trazendo inova\u00e7\u00e3o ao setor.\" \/>\n\t\t<script type=\"application\/ld+json\" class=\"aioseo-schema\">\n\t\t\t{\"@context\":\"https:\\\/\\\/schema.org\",\"@graph\":[{\"@type\":\"BlogPosting\",\"@id\":\"https:\\\/\\\/www.encontracamacari.com.br\\\/sobre\\\/byd-inaugura-em-camacari-a-maior-fabrica-de-veiculos-eletricos-da-america-latina-e-apresenta-o-primeiro-carro-super\\\/#blogposting\",\"name\":\"BYD inaugura em Cama\\u00e7ari a maior f\\u00e1brica de ve\\u00edculos el\\u00e9tricos da Am\\u00e9rica Latina e apresenta o primeiro carro super - Encontra Cama\\u00e7ari\",\"headline\":\"BYD inaugura em Cama\\u00e7ari a maior f\\u00e1brica de ve\\u00edculos el\\u00e9tricos da Am\\u00e9rica Latina e apresenta o primeiro carro super\",\"author\":{\"@id\":\"https:\\\/\\\/www.encontracamacari.com.br\\\/sobre\\\/author\\\/ecamacari\\\/#author\"},\"publisher\":{\"@id\":\"https:\\\/\\\/www.encontracamacari.com.br\\\/sobre\\\/#organization\"},\"image\":{\"@type\":\"ImageObject\",\"url\":\"https:\\\/\\\/www.encontracamacari.com.br\\\/sobre\\\/wp-content\\\/uploads\\\/2025\\\/11\\\/byd-inaugura-em-camacari-a-maior-fabrica-de-veiculos-eletricos-da-america-latina-e-apresenta-o-prime.webp\",\"width\":320,\"height\":280,\"caption\":\"f\\u00e1brica de ve\\u00edculos el\\u00e9tricos\"},\"datePublished\":\"2025-11-04T10:14:00+00:00\",\"dateModified\":\"2025-11-04T10:14:00+00:00\",\"inLanguage\":\"pt-BR\",\"mainEntityOfPage\":{\"@id\":\"https:\\\/\\\/www.encontracamacari.com.br\\\/sobre\\\/byd-inaugura-em-camacari-a-maior-fabrica-de-veiculos-eletricos-da-america-latina-e-apresenta-o-primeiro-carro-super\\\/#webpage\"},\"isPartOf\":{\"@id\":\"https:\\\/\\\/www.encontracamacari.com.br\\\/sobre\\\/byd-inaugura-em-camacari-a-maior-fabrica-de-veiculos-eletricos-da-america-latina-e-apresenta-o-primeiro-carro-super\\\/#webpage\"},\"articleSection\":\"Not\\u00edcias Cama\\u00e7ari\"},{\"@type\":\"BreadcrumbList\",\"@id\":\"https:\\\/\\\/www.encontracamacari.com.br\\\/sobre\\\/byd-inaugura-em-camacari-a-maior-fabrica-de-veiculos-eletricos-da-america-latina-e-apresenta-o-primeiro-carro-super\\\/#breadcrumblist\",\"itemListElement\":[{\"@type\":\"ListItem\",\"@id\":\"https:\\\/\\\/www.encontracamacari.com.br\\\/sobre#listItem\",\"position\":1,\"name\":\"Home\",\"item\":\"https:\\\/\\\/www.encontracamacari.com.br\\\/sobre\",\"nextItem\":{\"@type\":\"ListItem\",\"@id\":\"https:\\\/\\\/www.encontracamacari.com.br\\\/sobre\\\/noticias-em-camacari\\\/#listItem\",\"name\":\"Not\\u00edcias Cama\\u00e7ari\"}},{\"@type\":\"ListItem\",\"@id\":\"https:\\\/\\\/www.encontracamacari.com.br\\\/sobre\\\/noticias-em-camacari\\\/#listItem\",\"position\":2,\"name\":\"Not\\u00edcias Cama\\u00e7ari\",\"item\":\"https:\\\/\\\/www.encontracamacari.com.br\\\/sobre\\\/noticias-em-camacari\\\/\",\"nextItem\":{\"@type\":\"ListItem\",\"@id\":\"https:\\\/\\\/www.encontracamacari.com.br\\\/sobre\\\/byd-inaugura-em-camacari-a-maior-fabrica-de-veiculos-eletricos-da-america-latina-e-apresenta-o-primeiro-carro-super\\\/#listItem\",\"name\":\"BYD inaugura em Cama\\u00e7ari a maior f\\u00e1brica de ve\\u00edculos el\\u00e9tricos da Am\\u00e9rica Latina e apresenta o primeiro carro super\"},\"previousItem\":{\"@type\":\"ListItem\",\"@id\":\"https:\\\/\\\/www.encontracamacari.com.br\\\/sobre#listItem\",\"name\":\"Home\"}},{\"@type\":\"ListItem\",\"@id\":\"https:\\\/\\\/www.encontracamacari.com.br\\\/sobre\\\/byd-inaugura-em-camacari-a-maior-fabrica-de-veiculos-eletricos-da-america-latina-e-apresenta-o-primeiro-carro-super\\\/#listItem\",\"position\":3,\"name\":\"BYD inaugura em Cama\\u00e7ari a maior f\\u00e1brica de ve\\u00edculos el\\u00e9tricos da Am\\u00e9rica Latina e apresenta o primeiro carro super\",\"previousItem\":{\"@type\":\"ListItem\",\"@id\":\"https:\\\/\\\/www.encontracamacari.com.br\\\/sobre\\\/noticias-em-camacari\\\/#listItem\",\"name\":\"Not\\u00edcias Cama\\u00e7ari\"}}]},{\"@type\":\"Organization\",\"@id\":\"https:\\\/\\\/www.encontracamacari.com.br\\\/sobre\\\/#organization\",\"name\":\"Encontra Cama\\u00e7ari\",\"description\":\"Not\\u00edcias, eventos, informa\\u00e7\\u00f5es e dicas na cidade de Cama\\u00e7ari e regi\\u00e3o.\",\"url\":\"https:\\\/\\\/www.encontracamacari.com.br\\\/sobre\\\/\"},{\"@type\":\"Person\",\"@id\":\"https:\\\/\\\/www.encontracamacari.com.br\\\/sobre\\\/author\\\/ecamacari\\\/#author\",\"url\":\"https:\\\/\\\/www.encontracamacari.com.br\\\/sobre\\\/author\\\/ecamacari\\\/\",\"name\":\"Encontra Cama\\u00e7ari\",\"image\":{\"@type\":\"ImageObject\",\"@id\":\"https:\\\/\\\/www.encontracamacari.com.br\\\/sobre\\\/byd-inaugura-em-camacari-a-maior-fabrica-de-veiculos-eletricos-da-america-latina-e-apresenta-o-primeiro-carro-super\\\/#authorImage\",\"url\":\"https:\\\/\\\/secure.gravatar.com\\\/avatar\\\/507340682b8270222e1f208e23198b6ae7e2c6a1033ae84e99bc6bce4f82a387?s=96&d=mm&r=g\",\"width\":96,\"height\":96,\"caption\":\"Encontra Cama\\u00e7ari\"}},{\"@type\":\"WebPage\",\"@id\":\"https:\\\/\\\/www.encontracamacari.com.br\\\/sobre\\\/byd-inaugura-em-camacari-a-maior-fabrica-de-veiculos-eletricos-da-america-latina-e-apresenta-o-primeiro-carro-super\\\/#webpage\",\"url\":\"https:\\\/\\\/www.encontracamacari.com.br\\\/sobre\\\/byd-inaugura-em-camacari-a-maior-fabrica-de-veiculos-eletricos-da-america-latina-e-apresenta-o-primeiro-carro-super\\\/\",\"name\":\"BYD inaugura em Cama\\u00e7ari a maior f\\u00e1brica de ve\\u00edculos el\\u00e9tricos da Am\\u00e9rica Latina e apresenta o primeiro carro super - Encontra Cama\\u00e7ari\",\"description\":\"BYD inaugura a maior f\\u00e1brica de ve\\u00edculos el\\u00e9tricos da Am\\u00e9rica Latina em Cama\\u00e7ari, trazendo inova\\u00e7\\u00e3o ao setor.\",\"inLanguage\":\"pt-BR\",\"isPartOf\":{\"@id\":\"https:\\\/\\\/www.encontracamacari.com.br\\\/sobre\\\/#website\"},\"breadcrumb\":{\"@id\":\"https:\\\/\\\/www.encontracamacari.com.br\\\/sobre\\\/byd-inaugura-em-camacari-a-maior-fabrica-de-veiculos-eletricos-da-america-latina-e-apresenta-o-primeiro-carro-super\\\/#breadcrumblist\"},\"author\":{\"@id\":\"https:\\\/\\\/www.encontracamacari.com.br\\\/sobre\\\/author\\\/ecamacari\\\/#author\"},\"creator\":{\"@id\":\"https:\\\/\\\/www.encontracamacari.com.br\\\/sobre\\\/author\\\/ecamacari\\\/#author\"},\"image\":{\"@type\":\"ImageObject\",\"url\":\"https:\\\/\\\/www.encontracamacari.com.br\\\/sobre\\\/wp-content\\\/uploads\\\/2025\\\/11\\\/byd-inaugura-em-camacari-a-maior-fabrica-de-veiculos-eletricos-da-america-latina-e-apresenta-o-prime.webp\",\"@id\":\"https:\\\/\\\/www.encontracamacari.com.br\\\/sobre\\\/byd-inaugura-em-camacari-a-maior-fabrica-de-veiculos-eletricos-da-america-latina-e-apresenta-o-primeiro-carro-super\\\/#mainImage\",\"width\":320,\"height\":280,\"caption\":\"f\\u00e1brica de ve\\u00edculos el\\u00e9tricos\"},\"primaryImageOfPage\":{\"@id\":\"https:\\\/\\\/www.encontracamacari.com.br\\\/sobre\\\/byd-inaugura-em-camacari-a-maior-fabrica-de-veiculos-eletricos-da-america-latina-e-apresenta-o-primeiro-carro-super\\\/#mainImage\"},\"datePublished\":\"2025-11-04T10:14:00+00:00\",\"dateModified\":\"2025-11-04T10:14:00+00:00\"},{\"@type\":\"WebSite\",\"@id\":\"https:\\\/\\\/www.encontracamacari.com.br\\\/sobre\\\/#website\",\"url\":\"https:\\\/\\\/www.encontracamacari.com.br\\\/sobre\\\/\",\"name\":\"Encontra Cama\\u00e7ari\",\"description\":\"Not\\u00edcias, eventos, informa\\u00e7\\u00f5es e dicas na cidade de Cama\\u00e7ari e regi\\u00e3o.\",\"inLanguage\":\"pt-BR\",\"publisher\":{\"@id\":\"https:\\\/\\\/www.encontracamacari.com.br\\\/sobre\\\/#organization\"}}]}\n\t\t<\/script>\n\t\t<!-- All in One SEO -->\n\n","aioseo_head_json":{"title":"BYD inaugura em Cama\u00e7ari a maior f\u00e1brica de ve\u00edculos el\u00e9tricos da Am\u00e9rica Latina e apresenta o primeiro carro super - Encontra Cama\u00e7ari","description":"BYD inaugura a maior f\u00e1brica de ve\u00edculos el\u00e9tricos da Am\u00e9rica Latina em Cama\u00e7ari, trazendo inova\u00e7\u00e3o ao setor.","canonical_url":"https:\/\/www.encontracamacari.com.br\/sobre\/byd-inaugura-em-camacari-a-maior-fabrica-de-veiculos-eletricos-da-america-latina-e-apresenta-o-primeiro-carro-super\/","robots":"max-image-preview:large","keywords":"","webmasterTools":{"miscellaneous":""},"schema":{"@context":"https:\/\/schema.org","@graph":[{"@type":"BlogPosting","@id":"https:\/\/www.encontracamacari.com.br\/sobre\/byd-inaugura-em-camacari-a-maior-fabrica-de-veiculos-eletricos-da-america-latina-e-apresenta-o-primeiro-carro-super\/#blogposting","name":"BYD inaugura em Cama\u00e7ari a maior f\u00e1brica de ve\u00edculos el\u00e9tricos da Am\u00e9rica Latina e apresenta o primeiro carro super - Encontra Cama\u00e7ari","headline":"BYD inaugura em Cama\u00e7ari a maior f\u00e1brica de ve\u00edculos el\u00e9tricos da Am\u00e9rica Latina e apresenta o primeiro carro super","author":{"@id":"https:\/\/www.encontracamacari.com.br\/sobre\/author\/ecamacari\/#author"},"publisher":{"@id":"https:\/\/www.encontracamacari.com.br\/sobre\/#organization"},"image":{"@type":"ImageObject","url":"https:\/\/www.encontracamacari.com.br\/sobre\/wp-content\/uploads\/2025\/11\/byd-inaugura-em-camacari-a-maior-fabrica-de-veiculos-eletricos-da-america-latina-e-apresenta-o-prime.webp","width":320,"height":280,"caption":"f\u00e1brica de ve\u00edculos el\u00e9tricos"},"datePublished":"2025-11-04T10:14:00+00:00","dateModified":"2025-11-04T10:14:00+00:00","inLanguage":"pt-BR","mainEntityOfPage":{"@id":"https:\/\/www.encontracamacari.com.br\/sobre\/byd-inaugura-em-camacari-a-maior-fabrica-de-veiculos-eletricos-da-america-latina-e-apresenta-o-primeiro-carro-super\/#webpage"},"isPartOf":{"@id":"https:\/\/www.encontracamacari.com.br\/sobre\/byd-inaugura-em-camacari-a-maior-fabrica-de-veiculos-eletricos-da-america-latina-e-apresenta-o-primeiro-carro-super\/#webpage"},"articleSection":"Not\u00edcias Cama\u00e7ari"},{"@type":"BreadcrumbList","@id":"https:\/\/www.encontracamacari.com.br\/sobre\/byd-inaugura-em-camacari-a-maior-fabrica-de-veiculos-eletricos-da-america-latina-e-apresenta-o-primeiro-carro-super\/#breadcrumblist","itemListElement":[{"@type":"ListItem","@id":"https:\/\/www.encontracamacari.com.br\/sobre#listItem","position":1,"name":"Home","item":"https:\/\/www.encontracamacari.com.br\/sobre","nextItem":{"@type":"ListItem","@id":"https:\/\/www.encontracamacari.com.br\/sobre\/noticias-em-camacari\/#listItem","name":"Not\u00edcias Cama\u00e7ari"}},{"@type":"ListItem","@id":"https:\/\/www.encontracamacari.com.br\/sobre\/noticias-em-camacari\/#listItem","position":2,"name":"Not\u00edcias Cama\u00e7ari","item":"https:\/\/www.encontracamacari.com.br\/sobre\/noticias-em-camacari\/","nextItem":{"@type":"ListItem","@id":"https:\/\/www.encontracamacari.com.br\/sobre\/byd-inaugura-em-camacari-a-maior-fabrica-de-veiculos-eletricos-da-america-latina-e-apresenta-o-primeiro-carro-super\/#listItem","name":"BYD inaugura em Cama\u00e7ari a maior f\u00e1brica de ve\u00edculos el\u00e9tricos da Am\u00e9rica Latina e apresenta o primeiro carro super"},"previousItem":{"@type":"ListItem","@id":"https:\/\/www.encontracamacari.com.br\/sobre#listItem","name":"Home"}},{"@type":"ListItem","@id":"https:\/\/www.encontracamacari.com.br\/sobre\/byd-inaugura-em-camacari-a-maior-fabrica-de-veiculos-eletricos-da-america-latina-e-apresenta-o-primeiro-carro-super\/#listItem","position":3,"name":"BYD inaugura em Cama\u00e7ari a maior f\u00e1brica de ve\u00edculos el\u00e9tricos da Am\u00e9rica Latina e apresenta o primeiro carro super","previousItem":{"@type":"ListItem","@id":"https:\/\/www.encontracamacari.com.br\/sobre\/noticias-em-camacari\/#listItem","name":"Not\u00edcias Cama\u00e7ari"}}]},{"@type":"Organization","@id":"https:\/\/www.encontracamacari.com.br\/sobre\/#organization","name":"Encontra Cama\u00e7ari","description":"Not\u00edcias, eventos, informa\u00e7\u00f5es e dicas na cidade de Cama\u00e7ari e regi\u00e3o.","url":"https:\/\/www.encontracamacari.com.br\/sobre\/"},{"@type":"Person","@id":"https:\/\/www.encontracamacari.com.br\/sobre\/author\/ecamacari\/#author","url":"https:\/\/www.encontracamacari.com.br\/sobre\/author\/ecamacari\/","name":"Encontra Cama\u00e7ari","image":{"@type":"ImageObject","@id":"https:\/\/www.encontracamacari.com.br\/sobre\/byd-inaugura-em-camacari-a-maior-fabrica-de-veiculos-eletricos-da-america-latina-e-apresenta-o-primeiro-carro-super\/#authorImage","url":"https:\/\/secure.gravatar.com\/avatar\/507340682b8270222e1f208e23198b6ae7e2c6a1033ae84e99bc6bce4f82a387?s=96&d=mm&r=g","width":96,"height":96,"caption":"Encontra Cama\u00e7ari"}},{"@type":"WebPage","@id":"https:\/\/www.encontracamacari.com.br\/sobre\/byd-inaugura-em-camacari-a-maior-fabrica-de-veiculos-eletricos-da-america-latina-e-apresenta-o-primeiro-carro-super\/#webpage","url":"https:\/\/www.encontracamacari.com.br\/sobre\/byd-inaugura-em-camacari-a-maior-fabrica-de-veiculos-eletricos-da-america-latina-e-apresenta-o-primeiro-carro-super\/","name":"BYD inaugura em Cama\u00e7ari a maior f\u00e1brica de ve\u00edculos el\u00e9tricos da Am\u00e9rica Latina e apresenta o primeiro carro super - Encontra Cama\u00e7ari","description":"BYD inaugura a maior f\u00e1brica de ve\u00edculos el\u00e9tricos da Am\u00e9rica Latina em Cama\u00e7ari, trazendo inova\u00e7\u00e3o ao setor.","inLanguage":"pt-BR","isPartOf":{"@id":"https:\/\/www.encontracamacari.com.br\/sobre\/#website"},"breadcrumb":{"@id":"https:\/\/www.encontracamacari.com.br\/sobre\/byd-inaugura-em-camacari-a-maior-fabrica-de-veiculos-eletricos-da-america-latina-e-apresenta-o-primeiro-carro-super\/#breadcrumblist"},"author":{"@id":"https:\/\/www.encontracamacari.com.br\/sobre\/author\/ecamacari\/#author"},"creator":{"@id":"https:\/\/www.encontracamacari.com.br\/sobre\/author\/ecamacari\/#author"},"image":{"@type":"ImageObject","url":"https:\/\/www.encontracamacari.com.br\/sobre\/wp-content\/uploads\/2025\/11\/byd-inaugura-em-camacari-a-maior-fabrica-de-veiculos-eletricos-da-america-latina-e-apresenta-o-prime.webp","@id":"https:\/\/www.encontracamacari.com.br\/sobre\/byd-inaugura-em-camacari-a-maior-fabrica-de-veiculos-eletricos-da-america-latina-e-apresenta-o-primeiro-carro-super\/#mainImage","width":320,"height":280,"caption":"f\u00e1brica de ve\u00edculos el\u00e9tricos"},"primaryImageOfPage":{"@id":"https:\/\/www.encontracamacari.com.br\/sobre\/byd-inaugura-em-camacari-a-maior-fabrica-de-veiculos-eletricos-da-america-latina-e-apresenta-o-primeiro-carro-super\/#mainImage"},"datePublished":"2025-11-04T10:14:00+00:00","dateModified":"2025-11-04T10:14:00+00:00"},{"@type":"WebSite","@id":"https:\/\/www.encontracamacari.com.br\/sobre\/#website","url":"https:\/\/www.encontracamacari.com.br\/sobre\/","name":"Encontra Cama\u00e7ari","description":"Not\u00edcias, eventos, informa\u00e7\u00f5es e dicas na cidade de Cama\u00e7ari e regi\u00e3o.","inLanguage":"pt-BR","publisher":{"@id":"https:\/\/www.encontracamacari.com.br\/sobre\/#organization"}}]},"og:locale":"pt_BR","og:site_name":"Encontra Cama\u00e7ari - Not\u00edcias, eventos, informa\u00e7\u00f5es e dicas na cidade de Cama\u00e7ari e regi\u00e3o.","og:type":"article","og:title":"BYD inaugura em Cama\u00e7ari a maior f\u00e1brica de ve\u00edculos el\u00e9tricos da Am\u00e9rica Latina e apresenta o primeiro carro super - Encontra Cama\u00e7ari","og:description":"BYD inaugura a maior f\u00e1brica de ve\u00edculos el\u00e9tricos da Am\u00e9rica Latina em Cama\u00e7ari, trazendo inova\u00e7\u00e3o ao setor.","og:url":"https:\/\/www.encontracamacari.com.br\/sobre\/byd-inaugura-em-camacari-a-maior-fabrica-de-veiculos-eletricos-da-america-latina-e-apresenta-o-primeiro-carro-super\/","article:published_time":"2025-11-04T10:14:00+00:00","article:modified_time":"2025-11-04T10:14:00+00:00","twitter:card":"summary_large_image","twitter:title":"BYD inaugura em Cama\u00e7ari a maior f\u00e1brica de ve\u00edculos el\u00e9tricos da Am\u00e9rica Latina e apresenta o primeiro carro super - Encontra Cama\u00e7ari","twitter:description":"BYD inaugura a maior f\u00e1brica de ve\u00edculos el\u00e9tricos da Am\u00e9rica Latina em Cama\u00e7ari, trazendo inova\u00e7\u00e3o ao setor."},"aioseo_meta_data":{"post_id":"293","title":null,"description":null,"keywords":null,"keyphrases":null,"primary_term":null,"canonical_url":null,"og_title":null,"og_description":null,"og_object_type":"default","og_image_type":"default","og_image_url":null,"og_image_width":null,"og_image_height":null,"og_image_custom_url":null,"og_image_custom_fields":null,"og_video":null,"og_custom_url":null,"og_article_section":null,"og_article_tags":null,"twitter_use_og":false,"twitter_card":"default","twitter_image_type":"default","twitter_image_url":null,"twitter_image_custom_url":null,"twitter_image_custom_fields":null,"twitter_title":null,"twitter_description":null,"schema":{"blockGraphs":[],"customGraphs":[],"default":{"data":{"Article":[],"Course":[],"Dataset":[],"FAQPage":[],"Movie":[],"Person":[],"Product":[],"ProductReview":[],"Car":[],"Recipe":[],"Service":[],"SoftwareApplication":[],"WebPage":[]},"graphName":"BlogPosting","isEnabled":true},"graphs":[]},"schema_type":"default","schema_type_options":null,"pillar_content":false,"robots_default":true,"robots_noindex":false,"robots_noarchive":false,"robots_nosnippet":false,"robots_nofollow":false,"robots_noimageindex":false,"robots_noodp":false,"robots_notranslate":false,"robots_max_snippet":null,"robots_max_videopreview":null,"robots_max_imagepreview":"large","priority":null,"frequency":null,"local_seo":null,"limit_modified_date":false,"created":"2025-11-05 10:56:06","updated":"2026-08-05 23:59:03","focus_keyword":null,"additional_keywords":null,"truseo_locale":null,"ai":null,"breadcrumb_settings":null,"seo_analyzer_scan_date":null},"aioseo_breadcrumb":"<div class=\"aioseo-breadcrumbs\"><span class=\"aioseo-breadcrumb\">\n\t\t\t<a href=\"https:\/\/www.encontracamacari.com.br\/sobre\" title=\"Home\">Home<\/a>\n\t\t<\/span><span class=\"aioseo-breadcrumb-separator\">&raquo;<\/span><span class=\"aioseo-breadcrumb\">\n\t\t\t<a href=\"https:\/\/www.encontracamacari.com.br\/sobre\/noticias-em-camacari\/\" title=\"Not\u00edcias Cama\u00e7ari\">Not\u00edcias Cama\u00e7ari<\/a>\n\t\t<\/span><span class=\"aioseo-breadcrumb-separator\">&raquo;<\/span><span class=\"aioseo-breadcrumb\">\n\t\t\tBYD inaugura em Cama\u00e7ari a maior f\u00e1brica de ve\u00edculos el\u00e9tricos da Am\u00e9rica Latina e apresenta o primeiro carro super\n\t\t<\/span><\/div>","aioseo_breadcrumb_json":[{"label":"Home","link":"https:\/\/www.encontracamacari.com.br\/sobre"},{"label":"Not\u00edcias Cama\u00e7ari","link":"https:\/\/www.encontracamacari.com.br\/sobre\/noticias-em-camacari\/"},{"label":"BYD inaugura em Cama\u00e7ari a maior f\u00e1brica de ve\u00edculos el\u00e9tricos da Am\u00e9rica Latina e apresenta o primeiro carro super","link":"https:\/\/www.encontracamacari.com.br\/sobre\/byd-inaugura-em-camacari-a-maior-fabrica-de-veiculos-eletricos-da-america-latina-e-apresenta-o-primeiro-carro-super\/"}],"_links":{"self":[{"href":"https:\/\/www.encontracamacari.com.br\/sobre\/wp-json\/wp\/v2\/posts\/293","targetHints":{"allow":["GET"]}}],"collection":[{"href":"https:\/\/www.encontracamacari.com.br\/sobre\/wp-json\/wp\/v2\/posts"}],"about":[{"href":"https:\/\/www.encontracamacari.com.br\/sobre\/wp-json\/wp\/v2\/types\/post"}],"author":[{"embeddable":true,"href":"https:\/\/www.encontracamacari.com.br\/sobre\/wp-json\/wp\/v2\/users\/1"}],"replies":[{"embeddable":true,"href":"https:\/\/www.encontracamacari.com.br\/sobre\/wp-json\/wp\/v2\/comments?post=293"}],"version-history":[{"count":0,"href":"https:\/\/www.encontracamacari.com.br\/sobre\/wp-json\/wp\/v2\/posts\/293\/revisions"}],"wp:featuredmedia":[{"embeddable":true,"href":"https:\/\/www.encontracamacari.com.br\/sobre\/wp-json\/wp\/v2\/media\/292"}],"wp:attachment":[{"href":"https:\/\/www.encontracamacari.com.br\/sobre\/wp-json\/wp\/v2\/media?parent=293"}],"wp:term":[{"taxonomy":"category","embeddable":true,"href":"https:\/\/www.encontracamacari.com.br\/sobre\/wp-json\/wp\/v2\/categories?post=293"},{"taxonomy":"post_tag","embeddable":true,"href":"https:\/\/www.encontracamacari.com.br\/sobre\/wp-json\/wp\/v2\/tags?post=293"}],"curies":[{"name":"wp","href":"https:\/\/api.w.org\/{rel}","templated":true}]}}