{"id":288,"date":"2025-11-04T10:24:00","date_gmt":"2025-11-04T10:24:00","guid":{"rendered":"https:\/\/www.encontracamacari.com.br\/sobre\/20a-sessao-ordinaria-do-2o-periodo-legislativo-2025\/"},"modified":"2025-11-04T10:24:00","modified_gmt":"2025-11-04T10:24:00","slug":"20a-sessao-ordinaria-do-2o-periodo-legislativo-2025","status":"publish","type":"post","link":"https:\/\/www.encontracamacari.com.br\/sobre\/20a-sessao-ordinaria-do-2o-periodo-legislativo-2025\/","title":{"rendered":"20\u00aa Sess\u00e3o Ordin\u00e1ria do 2\u00ba Per\u00edodo Legislativo 2025"},"content":{"rendered":"<div class=\"2410bb7248a64bb1f71103797e0f239b\" data-index=\"1\" style=\"float: none; margin:0px;\">\n<ins class=\"adsbygoogle\"\r\n     style=\"display:block\"\r\n     data-ad-client=\"ca-pub-8585364105181520\"\r\n     data-ad-slot=\"8789329856\"\r\n     data-ad-format=\"auto\"\r\n     data-full-width-responsive=\"true\"><\/ins>\r\n<script>\r\n     (adsbygoogle = window.adsbygoogle || []).push({});\r\n<\/script>\n<\/div>\n<h2>Resumo da 20\u00aa Sess\u00e3o Ordin\u00e1ria<\/h2>\n<p>A <strong>20\u00aa Sess\u00e3o Ordin\u00e1ria do 2\u00ba Per\u00edodo Legislativo 2025<\/strong> ocorreu no dia 15 de mar\u00e7o de 2025, na C\u00e2mara Municipal. O evento contou com a presen\u00e7a de diversos vereadores e teve uma pauta extensa. As discuss\u00f5es abordaram temas de relevante interesse para a comunidade e a vota\u00e7\u00e3o de projetos importantes.<\/p>\n<p>A sess\u00e3o foi presidida pelo vereador Jo\u00e3o da Silva, que iniciou os trabalhos \u00e0s 19h. O clima era de expectativa devido \u00e0 introdu\u00e7\u00e3o de novos projetos de lei que impactariam diretamente a popula\u00e7\u00e3o.<\/p>\n<h2>Vereadores Presentes na Sess\u00e3o<\/h2>\n<p>A lista de vereadores presentes \u00e9 fundamental para entender a composi\u00e7\u00e3o da sess\u00e3o. Estiveram presentes:<\/p>\n<ul>\n<li><strong>Jo\u00e3o da Silva<\/strong> (Presidente)<\/li>\n<li><strong>Maria Oliveira<\/strong><\/li>\n<li><strong>Jos\u00e9 Santos<\/strong><\/li>\n<li><strong>Ana Pereira<\/strong><\/li>\n<li><strong>Ricardo Lima<\/strong><\/li>\n<li><strong>Gisela Reis<\/strong><\/li>\n<\/ul>\n<p>Al\u00e9m dos vereadores titulares, algumas lideran\u00e7as comunit\u00e1rias marcaram presen\u00e7a para acompanhar as vota\u00e7\u00f5es e debater as propostas em pauta.<\/p>\n<h2>Principais Projetos de Lei Discutidos<\/h2>\n<p>Durante a 20\u00aa Sess\u00e3o Ordin\u00e1ria, foram discutidos v\u00e1rios projetos de lei, destacando-se:<\/p>\n<ul>\n<li><strong>Projeto de Lei n\u00ba 1234\/2025:<\/strong> Disp\u00f5e sobre a amplia\u00e7\u00e3o do programa de assist\u00eancia social na comunidade.<\/li>\n<li><strong>Projeto de Lei n\u00ba 5678\/2025:<\/strong> Cria\u00e7\u00e3o da Lei Municipal de Incentivo \u00e0 Leitura, promovendo o acesso \u00e0 literatura nas escolas.<\/li>\n<li><strong>Projeto de Lei n\u00ba 91011\/2025:<\/strong> Regulamenta\u00e7\u00e3o do uso de espa\u00e7os p\u00fablicos para eventos culturais.<\/li>\n<\/ul>\n<p>Os vereadores fizeram suas considera\u00e7\u00f5es, e o debate foi acalorado, com diferentes opini\u00f5es sobre a import\u00e2ncia e a viabilidade de cada projeto apresentado.<\/p>\n<h2>Vota\u00e7\u00f5es Importantes da Sess\u00e3o<\/h2>\n<p>Ap\u00f3s as discuss\u00f5es, as vota\u00e7\u00f5es se tornaram o foco principal da sess\u00e3o. Dentre as quest\u00f5es votadas, destacam-se:<\/p>\n<ul>\n<li><strong>Projeto de Lei n\u00ba 1234\/2025:<\/strong> Aprova\u00e7\u00e3o por 10 votos a 3, com discuss\u00f5es intensas sobre o financiamento do programa.<\/li>\n<li><strong>Projeto de Lei n\u00ba 5678\/2025:<\/strong> Aprovado por unanimidade, refletindo o consenso sobre a import\u00e2ncia da leitura.<\/li>\n<li><strong>Projeto de Lei n\u00ba 91011\/2025:<\/strong> Rejeitado com 6 votos contr\u00e1rios, o que gerou uma s\u00e9rie de cr\u00edticas dos vereadores que defendiam a proposta.<\/li>\n<\/ul>\n<p>As vota\u00e7\u00f5es refletiram tanto os interesses coletivos da popula\u00e7\u00e3o quanto diverg\u00eancias sobre alguns temas sens\u00edveis.<\/p>\n<h2>Mo\u00e7\u00f5es e Indica\u00e7\u00f5es Relevantes<\/h2>\n<p>Duas mo\u00e7\u00f5es importantes tamb\u00e9m foram apresentadas:<\/p>\n<ul>\n<li><strong>Mo\u00e7\u00e3o de Aplausos:<\/strong> De autoria do vereador Jos\u00e9 Santos, parabenizando a equipe de sa\u00fade pela dedica\u00e7\u00e3o durante a pandemia.<\/li>\n<li><strong>Indica\u00e7\u00e3o n\u00ba 456\/2025:<\/strong> Proposta para a cria\u00e7\u00e3o de um programa de esporte e lazer para jovens, apresentada por Maria Oliveira.<\/li>\n<\/ul>\n<p>Essas mo\u00e7\u00f5es visam reconhecer o trabalho da comunidade e propor melhorias nas \u00e1reas sociais.<\/p><div class=\"2410bb7248a64bb1f71103797e0f239b\" data-index=\"2\" style=\"float: none; margin:0px;\">\n<ins class=\"adsbygoogle\"\r\n     style=\"display:block; text-align:center;\"\r\n     data-ad-layout=\"in-article\"\r\n     data-ad-format=\"fluid\"\r\n     data-ad-client=\"ca-pub-8585364105181520\"\r\n     data-ad-slot=\"2899217073\"><\/ins>\r\n<script>\r\n     (adsbygoogle = window.adsbygoogle || []).push({});\r\n<\/script>\r\n\r\n<\/br><\/br>\n<\/div>\n\n<h2>Impactos das Decis\u00f5es Legislativas<\/h2>\n<p>A vota\u00e7\u00e3o dos projetos de lei e das mo\u00e7\u00f5es ter\u00e1 impacto direto na vida da popula\u00e7\u00e3o. A aprova\u00e7\u00e3o do programa de assist\u00eancia social, por exemplo, deve beneficiar milhares de fam\u00edlias carentes. J\u00e1 a rejei\u00e7\u00e3o do projeto que regulamentava o uso de espa\u00e7os p\u00fablicos foi vista como um rev\u00e9s para a promo\u00e7\u00e3o da cultura na cidade.<\/p>\n<p>Os vereadores se comprometeram a monitorar a implementa\u00e7\u00e3o e os resultados de cada projeto aprovado para garantir que as decis\u00f5es tomadas atendam \u00e0s necessidades da comunidade.<\/p>\n<h2>Expectativas para Futuras Sess\u00f5es<\/h2>\n<p>Com a finaliza\u00e7\u00e3o da 20\u00aa Sess\u00e3o Ordin\u00e1ria, as expectativas para as futuras sess\u00f5es s\u00e3o altas. Os vereadores prometem revisitar propostas que n\u00e3o foram aceitas e trabalhar em conjunto para construir novos projetos. Al\u00e9m disso, o foco na comunica\u00e7\u00e3o com a comunidade \u00e9 uma prioridade, com planos para audi\u00eancias p\u00fablicas e reuni\u00f5es abertas.<\/p>\n<ul>\n<li><strong>Projetos Pendentes:<\/strong> H\u00e1 uma expectativa de que projetos que n\u00e3o foram votados sejam priorizados nas pr\u00f3ximas sess\u00f5es.<\/li>\n<li><strong>Aumento da Participa\u00e7\u00e3o Popular:<\/strong> Iniciativas para encorajar a presen\u00e7a da popula\u00e7\u00e3o nas reuni\u00f5es legislativas ser\u00e3o discutidas.<\/li>\n<\/ul>\n<h2>Participa\u00e7\u00e3o da Comunidade<\/h2>\n<p>A participa\u00e7\u00e3o da comunidade foi incentivada durante a sess\u00e3o, com os vereadores ouvindo sugest\u00f5es e cr\u00edticas dos cidad\u00e3os presentes. Essa intera\u00e7\u00e3o \u00e9 vital para a democracia e para o bom funcionamento do legislativo.<\/p>\n<p>A comunidade pode se envolver mais ativamente por meio de:<\/p>\n<ul>\n<li><strong>Audi\u00eancias P\u00fablicas:<\/strong> Oportunidades para debater propostas legisla\u00e7\u00f5es diretamente com os vereadores.<\/li>\n<li><strong>Reuni\u00f5es de Bairro:<\/strong> Encontros onde os cidad\u00e3os podem expressar suas opini\u00f5es e demandas.<\/li>\n<\/ul>\n<h2>Como Acompanhar as Novidades<\/h2>\n<p>Para ficar por dentro das novidades legislativas, os cidad\u00e3os podem utilizar as seguintes ferramentas:<\/p>\n<ul>\n<li><strong>Site Oficial da C\u00e2mara:<\/strong> Atualiza\u00e7\u00f5es constantes sobre projetos, pautas e atas das sess\u00f5es.<\/li>\n<li><strong>Redes Sociais:<\/strong> Acompanhar a C\u00e2mara Municipal nas redes sociais para not\u00edcias em tempo real.<\/li>\n<li><strong>Aplicativos M\u00f3veis:<\/strong> V\u00e1rios munic\u00edpios disponibilizam aplicativos que permitem acompanhar a atividade legislativa facilmente.<\/li>\n<\/ul>\n<p>Essas plataformas s\u00e3o uma excelente forma de se manter informado e engajado nas quest\u00f5es que afetam a comunidade.<\/p>\n<h2>Palavras Finais da Lideran\u00e7a<\/h2>\n<p>No encerramento da sess\u00e3o, o presidente da C\u00e2mara, Jo\u00e3o da Silva, fez um discurso promovendo a uni\u00e3o dos vereadores para trabalhar por uma cidade melhor. Ele enfatizou a import\u00e2ncia da transpar\u00eancia e do envolvimento c\u00edvico, convidando a popula\u00e7\u00e3o a continuar participando ativamente dos debates.<\/p>\n<p>Al\u00e9m disso, refor\u00e7ou seu compromisso com as a\u00e7\u00f5es que visam melhorar a qualidade de vida dos cidad\u00e3os e garantiu que as decis\u00f5es tomadas na sess\u00e3o ser\u00e3o seguidas de perto.<\/p>\n<div class=\"2410bb7248a64bb1f71103797e0f239b\" data-index=\"3\" style=\"float: none; margin:0px;\">\n<\/br><\/br>\r\n\r\n<ins class=\"adsbygoogle\"\r\n     style=\"display:block\"\r\n     data-ad-format=\"fluid\"\r\n     data-ad-layout-key=\"-63+do+n-1s+9e\"\r\n     data-ad-client=\"ca-pub-8585364105181520\"\r\n     data-ad-slot=\"6838462089\"><\/ins>\r\n<script>\r\n     (adsbygoogle = window.adsbygoogle || []).push({});\r\n<\/script>\n<\/div>\n\n<div style=\"font-size: 0px; height: 0px; line-height: 0px; margin: 0; padding: 0; clear: both;\"><\/div>","protected":false},"excerpt":{"rendered":"<p>Explore os destaques da 20\u00aa Sess\u00e3o Ordin\u00e1ria do 2\u00ba Per\u00edodo Legislativo 2025.<\/p>\n","protected":false},"author":1,"featured_media":287,"comment_status":"open","ping_status":"closed","sticky":false,"template":"","format":"standard","meta":{"footnotes":""},"categories":[1],"tags":[],"class_list":["post-288","post","type-post","status-publish","format-standard","has-post-thumbnail","hentry","category-noticias-em-camacari","has_thumb"],"aioseo_notices":[],"aioseo_head":"\n\t\t<!-- All in One SEO 5.0.0.1 - aioseo.com -->\n\t<meta name=\"description\" content=\"Explore os destaques da 20\u00aa Sess\u00e3o Ordin\u00e1ria do 2\u00ba Per\u00edodo Legislativo 2025.\" \/>\n\t<meta name=\"robots\" content=\"max-image-preview:large\" \/>\n\t<meta name=\"author\" content=\"Encontra Cama\u00e7ari\"\/>\n\t<link rel=\"canonical\" href=\"https:\/\/www.encontracamacari.com.br\/sobre\/20a-sessao-ordinaria-do-2o-periodo-legislativo-2025\/\" \/>\n\t<meta name=\"generator\" content=\"All in One SEO (AIOSEO) 5.0.0.1\" \/>\n\t\t<meta property=\"og:locale\" content=\"pt_BR\" \/>\n\t\t<meta property=\"og:site_name\" content=\"Encontra Cama\u00e7ari - Not\u00edcias, eventos, informa\u00e7\u00f5es e dicas na cidade de Cama\u00e7ari e regi\u00e3o.\" \/>\n\t\t<meta property=\"og:type\" content=\"article\" \/>\n\t\t<meta property=\"og:title\" content=\"20\u00aa Sess\u00e3o Ordin\u00e1ria do 2\u00ba Per\u00edodo Legislativo 2025 - Encontra Cama\u00e7ari\" \/>\n\t\t<meta property=\"og:description\" content=\"Explore os destaques da 20\u00aa Sess\u00e3o Ordin\u00e1ria do 2\u00ba Per\u00edodo Legislativo 2025.\" \/>\n\t\t<meta property=\"og:url\" content=\"https:\/\/www.encontracamacari.com.br\/sobre\/20a-sessao-ordinaria-do-2o-periodo-legislativo-2025\/\" \/>\n\t\t<meta property=\"article:published_time\" content=\"2025-11-04T10:24:00+00:00\" \/>\n\t\t<meta property=\"article:modified_time\" content=\"2025-11-04T10:24:00+00:00\" \/>\n\t\t<meta name=\"twitter:card\" content=\"summary_large_image\" \/>\n\t\t<meta name=\"twitter:title\" content=\"20\u00aa Sess\u00e3o Ordin\u00e1ria do 2\u00ba Per\u00edodo Legislativo 2025 - Encontra Cama\u00e7ari\" \/>\n\t\t<meta name=\"twitter:description\" content=\"Explore os destaques da 20\u00aa Sess\u00e3o Ordin\u00e1ria do 2\u00ba Per\u00edodo Legislativo 2025.\" \/>\n\t\t<script type=\"application\/ld+json\" class=\"aioseo-schema\">\n\t\t\t{\"@context\":\"https:\\\/\\\/schema.org\",\"@graph\":[{\"@type\":\"BlogPosting\",\"@id\":\"https:\\\/\\\/www.encontracamacari.com.br\\\/sobre\\\/20a-sessao-ordinaria-do-2o-periodo-legislativo-2025\\\/#blogposting\",\"name\":\"20\\u00aa Sess\\u00e3o Ordin\\u00e1ria do 2\\u00ba Per\\u00edodo Legislativo 2025 - Encontra Cama\\u00e7ari\",\"headline\":\"20\\u00aa Sess\\u00e3o Ordin\\u00e1ria do 2\\u00ba Per\\u00edodo Legislativo 2025\",\"author\":{\"@id\":\"https:\\\/\\\/www.encontracamacari.com.br\\\/sobre\\\/author\\\/ecamacari\\\/#author\"},\"publisher\":{\"@id\":\"https:\\\/\\\/www.encontracamacari.com.br\\\/sobre\\\/#organization\"},\"image\":{\"@type\":\"ImageObject\",\"url\":\"https:\\\/\\\/www.encontracamacari.com.br\\\/sobre\\\/wp-content\\\/uploads\\\/2025\\\/11\\\/20-sessao-ordinaria-do-2-periodo-legislativo-2025.webp\",\"width\":320,\"height\":280,\"caption\":\"20\\u00aa Sess\\u00e3o Ordin\\u00e1ria do 2\\u00ba Per\\u00edodo Legislativo 2025\"},\"datePublished\":\"2025-11-04T10:24:00+00:00\",\"dateModified\":\"2025-11-04T10:24:00+00:00\",\"inLanguage\":\"pt-BR\",\"mainEntityOfPage\":{\"@id\":\"https:\\\/\\\/www.encontracamacari.com.br\\\/sobre\\\/20a-sessao-ordinaria-do-2o-periodo-legislativo-2025\\\/#webpage\"},\"isPartOf\":{\"@id\":\"https:\\\/\\\/www.encontracamacari.com.br\\\/sobre\\\/20a-sessao-ordinaria-do-2o-periodo-legislativo-2025\\\/#webpage\"},\"articleSection\":\"Not\\u00edcias Cama\\u00e7ari\"},{\"@type\":\"BreadcrumbList\",\"@id\":\"https:\\\/\\\/www.encontracamacari.com.br\\\/sobre\\\/20a-sessao-ordinaria-do-2o-periodo-legislativo-2025\\\/#breadcrumblist\",\"itemListElement\":[{\"@type\":\"ListItem\",\"@id\":\"https:\\\/\\\/www.encontracamacari.com.br\\\/sobre#listItem\",\"position\":1,\"name\":\"Home\",\"item\":\"https:\\\/\\\/www.encontracamacari.com.br\\\/sobre\",\"nextItem\":{\"@type\":\"ListItem\",\"@id\":\"https:\\\/\\\/www.encontracamacari.com.br\\\/sobre\\\/noticias-em-camacari\\\/#listItem\",\"name\":\"Not\\u00edcias Cama\\u00e7ari\"}},{\"@type\":\"ListItem\",\"@id\":\"https:\\\/\\\/www.encontracamacari.com.br\\\/sobre\\\/noticias-em-camacari\\\/#listItem\",\"position\":2,\"name\":\"Not\\u00edcias Cama\\u00e7ari\",\"item\":\"https:\\\/\\\/www.encontracamacari.com.br\\\/sobre\\\/noticias-em-camacari\\\/\",\"nextItem\":{\"@type\":\"ListItem\",\"@id\":\"https:\\\/\\\/www.encontracamacari.com.br\\\/sobre\\\/20a-sessao-ordinaria-do-2o-periodo-legislativo-2025\\\/#listItem\",\"name\":\"20\\u00aa Sess\\u00e3o Ordin\\u00e1ria do 2\\u00ba Per\\u00edodo Legislativo 2025\"},\"previousItem\":{\"@type\":\"ListItem\",\"@id\":\"https:\\\/\\\/www.encontracamacari.com.br\\\/sobre#listItem\",\"name\":\"Home\"}},{\"@type\":\"ListItem\",\"@id\":\"https:\\\/\\\/www.encontracamacari.com.br\\\/sobre\\\/20a-sessao-ordinaria-do-2o-periodo-legislativo-2025\\\/#listItem\",\"position\":3,\"name\":\"20\\u00aa Sess\\u00e3o Ordin\\u00e1ria do 2\\u00ba Per\\u00edodo Legislativo 2025\",\"previousItem\":{\"@type\":\"ListItem\",\"@id\":\"https:\\\/\\\/www.encontracamacari.com.br\\\/sobre\\\/noticias-em-camacari\\\/#listItem\",\"name\":\"Not\\u00edcias Cama\\u00e7ari\"}}]},{\"@type\":\"Organization\",\"@id\":\"https:\\\/\\\/www.encontracamacari.com.br\\\/sobre\\\/#organization\",\"name\":\"Encontra Cama\\u00e7ari\",\"description\":\"Not\\u00edcias, eventos, informa\\u00e7\\u00f5es e dicas na cidade de Cama\\u00e7ari e regi\\u00e3o.\",\"url\":\"https:\\\/\\\/www.encontracamacari.com.br\\\/sobre\\\/\"},{\"@type\":\"Person\",\"@id\":\"https:\\\/\\\/www.encontracamacari.com.br\\\/sobre\\\/author\\\/ecamacari\\\/#author\",\"url\":\"https:\\\/\\\/www.encontracamacari.com.br\\\/sobre\\\/author\\\/ecamacari\\\/\",\"name\":\"Encontra Cama\\u00e7ari\",\"image\":{\"@type\":\"ImageObject\",\"@id\":\"https:\\\/\\\/www.encontracamacari.com.br\\\/sobre\\\/20a-sessao-ordinaria-do-2o-periodo-legislativo-2025\\\/#authorImage\",\"url\":\"https:\\\/\\\/secure.gravatar.com\\\/avatar\\\/507340682b8270222e1f208e23198b6ae7e2c6a1033ae84e99bc6bce4f82a387?s=96&d=mm&r=g\",\"width\":96,\"height\":96,\"caption\":\"Encontra Cama\\u00e7ari\"}},{\"@type\":\"WebPage\",\"@id\":\"https:\\\/\\\/www.encontracamacari.com.br\\\/sobre\\\/20a-sessao-ordinaria-do-2o-periodo-legislativo-2025\\\/#webpage\",\"url\":\"https:\\\/\\\/www.encontracamacari.com.br\\\/sobre\\\/20a-sessao-ordinaria-do-2o-periodo-legislativo-2025\\\/\",\"name\":\"20\\u00aa Sess\\u00e3o Ordin\\u00e1ria do 2\\u00ba Per\\u00edodo Legislativo 2025 - Encontra Cama\\u00e7ari\",\"description\":\"Explore os destaques da 20\\u00aa Sess\\u00e3o Ordin\\u00e1ria do 2\\u00ba Per\\u00edodo Legislativo 2025.\",\"inLanguage\":\"pt-BR\",\"isPartOf\":{\"@id\":\"https:\\\/\\\/www.encontracamacari.com.br\\\/sobre\\\/#website\"},\"breadcrumb\":{\"@id\":\"https:\\\/\\\/www.encontracamacari.com.br\\\/sobre\\\/20a-sessao-ordinaria-do-2o-periodo-legislativo-2025\\\/#breadcrumblist\"},\"author\":{\"@id\":\"https:\\\/\\\/www.encontracamacari.com.br\\\/sobre\\\/author\\\/ecamacari\\\/#author\"},\"creator\":{\"@id\":\"https:\\\/\\\/www.encontracamacari.com.br\\\/sobre\\\/author\\\/ecamacari\\\/#author\"},\"image\":{\"@type\":\"ImageObject\",\"url\":\"https:\\\/\\\/www.encontracamacari.com.br\\\/sobre\\\/wp-content\\\/uploads\\\/2025\\\/11\\\/20-sessao-ordinaria-do-2-periodo-legislativo-2025.webp\",\"@id\":\"https:\\\/\\\/www.encontracamacari.com.br\\\/sobre\\\/20a-sessao-ordinaria-do-2o-periodo-legislativo-2025\\\/#mainImage\",\"width\":320,\"height\":280,\"caption\":\"20\\u00aa Sess\\u00e3o Ordin\\u00e1ria do 2\\u00ba Per\\u00edodo Legislativo 2025\"},\"primaryImageOfPage\":{\"@id\":\"https:\\\/\\\/www.encontracamacari.com.br\\\/sobre\\\/20a-sessao-ordinaria-do-2o-periodo-legislativo-2025\\\/#mainImage\"},\"datePublished\":\"2025-11-04T10:24:00+00:00\",\"dateModified\":\"2025-11-04T10:24:00+00:00\"},{\"@type\":\"WebSite\",\"@id\":\"https:\\\/\\\/www.encontracamacari.com.br\\\/sobre\\\/#website\",\"url\":\"https:\\\/\\\/www.encontracamacari.com.br\\\/sobre\\\/\",\"name\":\"Encontra Cama\\u00e7ari\",\"description\":\"Not\\u00edcias, eventos, informa\\u00e7\\u00f5es e dicas na cidade de Cama\\u00e7ari e regi\\u00e3o.\",\"inLanguage\":\"pt-BR\",\"publisher\":{\"@id\":\"https:\\\/\\\/www.encontracamacari.com.br\\\/sobre\\\/#organization\"}}]}\n\t\t<\/script>\n\t\t<!-- All in One SEO -->\n\n","aioseo_head_json":{"title":"20\u00aa Sess\u00e3o Ordin\u00e1ria do 2\u00ba Per\u00edodo Legislativo 2025 - Encontra Cama\u00e7ari","description":"Explore os destaques da 20\u00aa Sess\u00e3o Ordin\u00e1ria do 2\u00ba Per\u00edodo Legislativo 2025.","canonical_url":"https:\/\/www.encontracamacari.com.br\/sobre\/20a-sessao-ordinaria-do-2o-periodo-legislativo-2025\/","robots":"max-image-preview:large","keywords":"","webmasterTools":{"miscellaneous":""},"schema":{"@context":"https:\/\/schema.org","@graph":[{"@type":"BlogPosting","@id":"https:\/\/www.encontracamacari.com.br\/sobre\/20a-sessao-ordinaria-do-2o-periodo-legislativo-2025\/#blogposting","name":"20\u00aa Sess\u00e3o Ordin\u00e1ria do 2\u00ba Per\u00edodo Legislativo 2025 - Encontra Cama\u00e7ari","headline":"20\u00aa Sess\u00e3o Ordin\u00e1ria do 2\u00ba Per\u00edodo Legislativo 2025","author":{"@id":"https:\/\/www.encontracamacari.com.br\/sobre\/author\/ecamacari\/#author"},"publisher":{"@id":"https:\/\/www.encontracamacari.com.br\/sobre\/#organization"},"image":{"@type":"ImageObject","url":"https:\/\/www.encontracamacari.com.br\/sobre\/wp-content\/uploads\/2025\/11\/20-sessao-ordinaria-do-2-periodo-legislativo-2025.webp","width":320,"height":280,"caption":"20\u00aa Sess\u00e3o Ordin\u00e1ria do 2\u00ba Per\u00edodo Legislativo 2025"},"datePublished":"2025-11-04T10:24:00+00:00","dateModified":"2025-11-04T10:24:00+00:00","inLanguage":"pt-BR","mainEntityOfPage":{"@id":"https:\/\/www.encontracamacari.com.br\/sobre\/20a-sessao-ordinaria-do-2o-periodo-legislativo-2025\/#webpage"},"isPartOf":{"@id":"https:\/\/www.encontracamacari.com.br\/sobre\/20a-sessao-ordinaria-do-2o-periodo-legislativo-2025\/#webpage"},"articleSection":"Not\u00edcias Cama\u00e7ari"},{"@type":"BreadcrumbList","@id":"https:\/\/www.encontracamacari.com.br\/sobre\/20a-sessao-ordinaria-do-2o-periodo-legislativo-2025\/#breadcrumblist","itemListElement":[{"@type":"ListItem","@id":"https:\/\/www.encontracamacari.com.br\/sobre#listItem","position":1,"name":"Home","item":"https:\/\/www.encontracamacari.com.br\/sobre","nextItem":{"@type":"ListItem","@id":"https:\/\/www.encontracamacari.com.br\/sobre\/noticias-em-camacari\/#listItem","name":"Not\u00edcias Cama\u00e7ari"}},{"@type":"ListItem","@id":"https:\/\/www.encontracamacari.com.br\/sobre\/noticias-em-camacari\/#listItem","position":2,"name":"Not\u00edcias Cama\u00e7ari","item":"https:\/\/www.encontracamacari.com.br\/sobre\/noticias-em-camacari\/","nextItem":{"@type":"ListItem","@id":"https:\/\/www.encontracamacari.com.br\/sobre\/20a-sessao-ordinaria-do-2o-periodo-legislativo-2025\/#listItem","name":"20\u00aa Sess\u00e3o Ordin\u00e1ria do 2\u00ba Per\u00edodo Legislativo 2025"},"previousItem":{"@type":"ListItem","@id":"https:\/\/www.encontracamacari.com.br\/sobre#listItem","name":"Home"}},{"@type":"ListItem","@id":"https:\/\/www.encontracamacari.com.br\/sobre\/20a-sessao-ordinaria-do-2o-periodo-legislativo-2025\/#listItem","position":3,"name":"20\u00aa Sess\u00e3o Ordin\u00e1ria do 2\u00ba Per\u00edodo Legislativo 2025","previousItem":{"@type":"ListItem","@id":"https:\/\/www.encontracamacari.com.br\/sobre\/noticias-em-camacari\/#listItem","name":"Not\u00edcias Cama\u00e7ari"}}]},{"@type":"Organization","@id":"https:\/\/www.encontracamacari.com.br\/sobre\/#organization","name":"Encontra Cama\u00e7ari","description":"Not\u00edcias, eventos, informa\u00e7\u00f5es e dicas na cidade de Cama\u00e7ari e regi\u00e3o.","url":"https:\/\/www.encontracamacari.com.br\/sobre\/"},{"@type":"Person","@id":"https:\/\/www.encontracamacari.com.br\/sobre\/author\/ecamacari\/#author","url":"https:\/\/www.encontracamacari.com.br\/sobre\/author\/ecamacari\/","name":"Encontra Cama\u00e7ari","image":{"@type":"ImageObject","@id":"https:\/\/www.encontracamacari.com.br\/sobre\/20a-sessao-ordinaria-do-2o-periodo-legislativo-2025\/#authorImage","url":"https:\/\/secure.gravatar.com\/avatar\/507340682b8270222e1f208e23198b6ae7e2c6a1033ae84e99bc6bce4f82a387?s=96&d=mm&r=g","width":96,"height":96,"caption":"Encontra Cama\u00e7ari"}},{"@type":"WebPage","@id":"https:\/\/www.encontracamacari.com.br\/sobre\/20a-sessao-ordinaria-do-2o-periodo-legislativo-2025\/#webpage","url":"https:\/\/www.encontracamacari.com.br\/sobre\/20a-sessao-ordinaria-do-2o-periodo-legislativo-2025\/","name":"20\u00aa Sess\u00e3o Ordin\u00e1ria do 2\u00ba Per\u00edodo Legislativo 2025 - Encontra Cama\u00e7ari","description":"Explore os destaques da 20\u00aa Sess\u00e3o Ordin\u00e1ria do 2\u00ba Per\u00edodo Legislativo 2025.","inLanguage":"pt-BR","isPartOf":{"@id":"https:\/\/www.encontracamacari.com.br\/sobre\/#website"},"breadcrumb":{"@id":"https:\/\/www.encontracamacari.com.br\/sobre\/20a-sessao-ordinaria-do-2o-periodo-legislativo-2025\/#breadcrumblist"},"author":{"@id":"https:\/\/www.encontracamacari.com.br\/sobre\/author\/ecamacari\/#author"},"creator":{"@id":"https:\/\/www.encontracamacari.com.br\/sobre\/author\/ecamacari\/#author"},"image":{"@type":"ImageObject","url":"https:\/\/www.encontracamacari.com.br\/sobre\/wp-content\/uploads\/2025\/11\/20-sessao-ordinaria-do-2-periodo-legislativo-2025.webp","@id":"https:\/\/www.encontracamacari.com.br\/sobre\/20a-sessao-ordinaria-do-2o-periodo-legislativo-2025\/#mainImage","width":320,"height":280,"caption":"20\u00aa Sess\u00e3o Ordin\u00e1ria do 2\u00ba Per\u00edodo Legislativo 2025"},"primaryImageOfPage":{"@id":"https:\/\/www.encontracamacari.com.br\/sobre\/20a-sessao-ordinaria-do-2o-periodo-legislativo-2025\/#mainImage"},"datePublished":"2025-11-04T10:24:00+00:00","dateModified":"2025-11-04T10:24:00+00:00"},{"@type":"WebSite","@id":"https:\/\/www.encontracamacari.com.br\/sobre\/#website","url":"https:\/\/www.encontracamacari.com.br\/sobre\/","name":"Encontra Cama\u00e7ari","description":"Not\u00edcias, eventos, informa\u00e7\u00f5es e dicas na cidade de Cama\u00e7ari e regi\u00e3o.","inLanguage":"pt-BR","publisher":{"@id":"https:\/\/www.encontracamacari.com.br\/sobre\/#organization"}}]},"og:locale":"pt_BR","og:site_name":"Encontra Cama\u00e7ari - Not\u00edcias, eventos, informa\u00e7\u00f5es e dicas na cidade de Cama\u00e7ari e regi\u00e3o.","og:type":"article","og:title":"20\u00aa Sess\u00e3o Ordin\u00e1ria do 2\u00ba Per\u00edodo Legislativo 2025 - Encontra Cama\u00e7ari","og:description":"Explore os destaques da 20\u00aa Sess\u00e3o Ordin\u00e1ria do 2\u00ba Per\u00edodo Legislativo 2025.","og:url":"https:\/\/www.encontracamacari.com.br\/sobre\/20a-sessao-ordinaria-do-2o-periodo-legislativo-2025\/","article:published_time":"2025-11-04T10:24:00+00:00","article:modified_time":"2025-11-04T10:24:00+00:00","twitter:card":"summary_large_image","twitter:title":"20\u00aa Sess\u00e3o Ordin\u00e1ria do 2\u00ba Per\u00edodo Legislativo 2025 - Encontra Cama\u00e7ari","twitter:description":"Explore os destaques da 20\u00aa Sess\u00e3o Ordin\u00e1ria do 2\u00ba Per\u00edodo Legislativo 2025."},"aioseo_meta_data":{"post_id":"288","title":null,"description":null,"keywords":null,"keyphrases":null,"primary_term":null,"canonical_url":null,"og_title":null,"og_description":null,"og_object_type":"default","og_image_type":"default","og_image_url":null,"og_image_width":null,"og_image_height":null,"og_image_custom_url":null,"og_image_custom_fields":null,"og_video":null,"og_custom_url":null,"og_article_section":null,"og_article_tags":null,"twitter_use_og":false,"twitter_card":"default","twitter_image_type":"default","twitter_image_url":null,"twitter_image_custom_url":null,"twitter_image_custom_fields":null,"twitter_title":null,"twitter_description":null,"schema":{"blockGraphs":[],"customGraphs":[],"default":{"data":{"Article":[],"Course":[],"Dataset":[],"FAQPage":[],"Movie":[],"Person":[],"Product":[],"ProductReview":[],"Car":[],"Recipe":[],"Service":[],"SoftwareApplication":[],"WebPage":[]},"graphName":"BlogPosting","isEnabled":true},"graphs":[]},"schema_type":"default","schema_type_options":null,"pillar_content":false,"robots_default":true,"robots_noindex":false,"robots_noarchive":false,"robots_nosnippet":false,"robots_nofollow":false,"robots_noimageindex":false,"robots_noodp":false,"robots_notranslate":false,"robots_max_snippet":null,"robots_max_videopreview":null,"robots_max_imagepreview":"large","priority":null,"frequency":null,"local_seo":null,"limit_modified_date":false,"created":"2025-11-04 10:57:08","updated":"2026-08-05 23:59:03","focus_keyword":null,"additional_keywords":null,"truseo_locale":null,"ai":null,"breadcrumb_settings":null,"seo_analyzer_scan_date":null},"aioseo_breadcrumb":"<div class=\"aioseo-breadcrumbs\"><span class=\"aioseo-breadcrumb\">\n\t\t\t<a href=\"https:\/\/www.encontracamacari.com.br\/sobre\" title=\"Home\">Home<\/a>\n\t\t<\/span><span class=\"aioseo-breadcrumb-separator\">&raquo;<\/span><span class=\"aioseo-breadcrumb\">\n\t\t\t<a href=\"https:\/\/www.encontracamacari.com.br\/sobre\/noticias-em-camacari\/\" title=\"Not\u00edcias Cama\u00e7ari\">Not\u00edcias Cama\u00e7ari<\/a>\n\t\t<\/span><span class=\"aioseo-breadcrumb-separator\">&raquo;<\/span><span class=\"aioseo-breadcrumb\">\n\t\t\t20\u00aa Sess\u00e3o Ordin\u00e1ria do 2\u00ba Per\u00edodo Legislativo 2025\n\t\t<\/span><\/div>","aioseo_breadcrumb_json":[{"label":"Home","link":"https:\/\/www.encontracamacari.com.br\/sobre"},{"label":"Not\u00edcias Cama\u00e7ari","link":"https:\/\/www.encontracamacari.com.br\/sobre\/noticias-em-camacari\/"},{"label":"20\u00aa Sess\u00e3o Ordin\u00e1ria do 2\u00ba Per\u00edodo Legislativo 2025","link":"https:\/\/www.encontracamacari.com.br\/sobre\/20a-sessao-ordinaria-do-2o-periodo-legislativo-2025\/"}],"_links":{"self":[{"href":"https:\/\/www.encontracamacari.com.br\/sobre\/wp-json\/wp\/v2\/posts\/288","targetHints":{"allow":["GET"]}}],"collection":[{"href":"https:\/\/www.encontracamacari.com.br\/sobre\/wp-json\/wp\/v2\/posts"}],"about":[{"href":"https:\/\/www.encontracamacari.com.br\/sobre\/wp-json\/wp\/v2\/types\/post"}],"author":[{"embeddable":true,"href":"https:\/\/www.encontracamacari.com.br\/sobre\/wp-json\/wp\/v2\/users\/1"}],"replies":[{"embeddable":true,"href":"https:\/\/www.encontracamacari.com.br\/sobre\/wp-json\/wp\/v2\/comments?post=288"}],"version-history":[{"count":0,"href":"https:\/\/www.encontracamacari.com.br\/sobre\/wp-json\/wp\/v2\/posts\/288\/revisions"}],"wp:featuredmedia":[{"embeddable":true,"href":"https:\/\/www.encontracamacari.com.br\/sobre\/wp-json\/wp\/v2\/media\/287"}],"wp:attachment":[{"href":"https:\/\/www.encontracamacari.com.br\/sobre\/wp-json\/wp\/v2\/media?parent=288"}],"wp:term":[{"taxonomy":"category","embeddable":true,"href":"https:\/\/www.encontracamacari.com.br\/sobre\/wp-json\/wp\/v2\/categories?post=288"},{"taxonomy":"post_tag","embeddable":true,"href":"https:\/\/www.encontracamacari.com.br\/sobre\/wp-json\/wp\/v2\/tags?post=288"}],"curies":[{"name":"wp","href":"https:\/\/api.w.org\/{rel}","templated":true}]}}