{"id":264,"date":"2025-10-31T15:01:00","date_gmt":"2025-10-31T15:01:00","guid":{"rendered":"https:\/\/www.encontracamacari.com.br\/sobre\/baianas-de-acaraje-de-camacari-sao-capacitadas-pela-setur\/"},"modified":"2025-10-31T15:01:00","modified_gmt":"2025-10-31T15:01:00","slug":"baianas-de-acaraje-de-camacari-sao-capacitadas-pela-setur","status":"publish","type":"post","link":"https:\/\/www.encontracamacari.com.br\/sobre\/baianas-de-acaraje-de-camacari-sao-capacitadas-pela-setur\/","title":{"rendered":"Baianas de acaraj\u00e9 de Cama\u00e7ari s\u00e3o capacitadas pela Setur"},"content":{"rendered":"<div class=\"2410bb7248a64bb1f71103797e0f239b\" data-index=\"1\" style=\"float: none; margin:0px;\">\n<ins class=\"adsbygoogle\"\r\n     style=\"display:block\"\r\n     data-ad-client=\"ca-pub-8585364105181520\"\r\n     data-ad-slot=\"8789329856\"\r\n     data-ad-format=\"auto\"\r\n     data-full-width-responsive=\"true\"><\/ins>\r\n<script>\r\n     (adsbygoogle = window.adsbygoogle || []).push({});\r\n<\/script>\n<\/div>\n<h2>O papel das baianas de acaraj\u00e9 no turismo<\/h2>\n<p>As <strong>baianas de acaraj\u00e9<\/strong> s\u00e3o \u00edcones da cultura baiana e desempenham um papel essencial no turismo da Bahia, especialmente em locais como <strong>Cama\u00e7ari<\/strong>. Essas mulheres, que vendem o famoso acaraj\u00e9 nas ruas, s\u00e3o representantes da tradi\u00e7\u00e3o afro-brasileira. Elas atraem turistas com suas habilidades e o sabor aut\u00eantico dos alimentos que oferecem.<\/p>\n<p>Quando turistas visitam Cama\u00e7ari, n\u00e3o \u00e9 apenas a comida que eles buscam; eles tamb\u00e9m desejam uma experi\u00eancia cultural rica. As baianas de acaraj\u00e9 oferecem isso de maneira \u00fanica, contando hist\u00f3rias, compartilhando a hist\u00f3ria da comida e criando uma conex\u00e3o especial com os visitantes.<\/p>\n<p>Ao se envolver com as baianas, os turistas t\u00eam a oportunidade de aprender sobre os ingredientes, o preparo e a signific\u00e2ncia cultural do acaraj\u00e9, o que enriquece sua experi\u00eancia e fomenta um <em>turismo mais consciente<\/em>.<\/p>\n<h2>Import\u00e2ncia do marketing digital para baianas<\/h2>\n<p>O <strong>marketing digital<\/strong> \u00e9 uma ferramenta vital para as baianas de acaraj\u00e9, pois ajuda a divulgar seu trabalho e atrair mais clientes. A presen\u00e7a online permite que elas compartilhem suas receitas, hist\u00f3rias e a riqueza cultural que representam. Com o aumento das redes sociais, muitos turistas pesquisam onde comer recomendados por outros usu\u00e1rios.<\/p>\n<p>As baianas podem utilizar plataformas como <strong>Instagram<\/strong> e <strong>Facebook<\/strong> para mostrar suas iguarias, criar engajamento com o p\u00fablico e promover eventos. Uma p\u00e1gina bem gerida pode fazer a diferen\u00e7a entre a venda de alguns acaraj\u00e9s e um neg\u00f3cio pr\u00f3spero. Al\u00e9m disso, o marketing digital proporciona um canal para que elas se conectem com outros empreendedores, troquem experi\u00eancias e criem parcerias.<\/p>\n<h2>O que \u00e9 afroturismo?<\/h2>\n<p>O <strong>afroturismo<\/strong> \u00e9 um segmento do turismo que visa valorizar a cultura, a hist\u00f3ria e a contribui\u00e7\u00e3o dos povos africanos e afrodescendentes ao longo do tempo. No Brasil, isso \u00e9 particularmente significativo, considerando a influ\u00eancia africana em v\u00e1rias \u00e1reas, incluindo m\u00fasica, culin\u00e1ria, religi\u00e3o e arte.<\/p>\n<p>O afroturismo n\u00e3o se limita a mostrar atra\u00e7\u00f5es tur\u00edsticas; ele procura oferecer uma experi\u00eancia mais profunda, incentivando o respeito e a valoriza\u00e7\u00e3o da cultura afro-brasileira. Este tipo de turismo promove um entendimento mais amplo e sobre a diversidade cultural, ao mesmo tempo que apoia a economia local atrav\u00e9s do incentivo a neg\u00f3cios como o das baianas de acaraj\u00e9.<\/p>\n<h2>A capacita\u00e7\u00e3o promovida pela Setur-BA<\/h2>\n<p>A Secretaria de Turismo da Bahia (Setur-BA) tem promovido capacita\u00e7\u00f5es voltadas para as baianas de acaraj\u00e9, visando equip\u00e1-las com ferramentas e conhecimentos que melhorem suas pr\u00e1ticas e amplifiquem sua atua\u00e7\u00e3o no mercado de turismo. Essas capacita\u00e7\u00f5es abordam temas como gest\u00e3o de neg\u00f3cios, atendimento ao cliente, e uso de redes sociais.<\/p>\n<p>Essas iniciativas ajudam a aumentar a visibilidade das baianas, permitindo que elas se destaquem no cen\u00e1rio do afroturismo. As aulas s\u00e3o elaboradas para serem pr\u00e1ticas e interativas, garantindo que as participantes possam aplicar os conhecimentos adquiridos de forma imediata.<\/p>\n<h2>Temas abordados na capacita\u00e7\u00e3o<\/h2>\n<p>Os cursos oferecidos incluem uma variedade de temas relevantes, como:<\/p>\n<ul>\n<li><strong>Hist\u00f3ria do Acaraj\u00e9:<\/strong> Uma vis\u00e3o detalhada da origem e significado do acaraj\u00e9 na culin\u00e1ria e cultura afro-brasileira.<\/li>\n<li><strong>Pr\u00e1ticas de Higiene e Seguran\u00e7a Alimentar:<\/strong> Import\u00e2ncia de garantir a qualidade e seguran\u00e7a dos alimentos vendidos.<\/li>\n<li><strong>T\u00e9cnicas de Atendimento ao Cliente:<\/strong> Dicas sobre como cativar a clientela e oferecer um servi\u00e7o de excel\u00eancia.<\/li>\n<li><strong>Gest\u00e3o e Empreendedorismo:<\/strong> Orienta\u00e7\u00f5es sobre como manter um neg\u00f3cio bem-sucedido e lucrativo.<\/li>\n<li><strong>Marketing Digital:<\/strong> Uso eficaz das redes sociais para promo\u00e7\u00e3o e engajamento com os clientes.<\/li>\n<\/ul>\n<p>Esses temas fornecem uma base s\u00f3lida para as baianas que desejam n\u00e3o s\u00f3 vender seu produto, mas tamb\u00e9m integrar seu neg\u00f3cio no contexto maior do turismo em Cama\u00e7ari.<\/p><div class=\"2410bb7248a64bb1f71103797e0f239b\" data-index=\"2\" style=\"float: none; margin:0px;\">\n<ins class=\"adsbygoogle\"\r\n     style=\"display:block; text-align:center;\"\r\n     data-ad-layout=\"in-article\"\r\n     data-ad-format=\"fluid\"\r\n     data-ad-client=\"ca-pub-8585364105181520\"\r\n     data-ad-slot=\"2899217073\"><\/ins>\r\n<script>\r\n     (adsbygoogle = window.adsbygoogle || []).push({});\r\n<\/script>\r\n\r\n<\/br><\/br>\n<\/div>\n\n<h2>Hist\u00f3rias de sucesso no social media<\/h2>\n<p>Algumas baianas de acaraj\u00e9 que participaram das capacita\u00e7\u00f5es t\u00eam hist\u00f3ria inspiradoras sobre como o marketing digital fez diferen\u00e7a em seus neg\u00f3cios. Ao aprender a utilizar redes sociais, elas come\u00e7aram a documentar seu dia a dia, mostrando n\u00e3o apenas a venda de acaraj\u00e9, mas todo o processo de prepara\u00e7\u00e3o, as intera\u00e7\u00f5es com os clientes e as comemora\u00e7\u00f5es de eventos locais.<\/p>\n<p>Uma baiana famosa de Cama\u00e7ari compartilhou um v\u00eddeo sobre sua receita especial, que se tornou viral. Isso n\u00e3o apenas aumentou suas vendas, mas tamb\u00e9m a deixou conhecida como uma refer\u00eancia em acaraj\u00e9 na regi\u00e3o. O uso criativo de hashtags e a intera\u00e7\u00e3o com seus seguidores foram fundamentais para o sucesso dela nas redes.<\/p>\n<h2>O impacto do afroturismo na economia local<\/h2>\n<p>O afroturismo est\u00e1 proporcionando crescimento \u00e0 economia de locais como Cama\u00e7ari. Atrav\u00e9s do fortalecimento da cultura e da valoriza\u00e7\u00e3o dos neg\u00f3cios locais, o turismo est\u00e1 impulsionando diversas \u00e1reas da economia, incluindo gastronomia, hospedagem e transporte.<\/p>\n<p>Al\u00e9m de gerar emprego diretamente para as baianas e seus familiares, h\u00e1 uma cadeia produtiva que se beneficia. Empresas de turismo, guias de turismo e outros comerciantes locais tamb\u00e9m veem a demanda aumentar, o que resulta em oportunidades de crescimento para todos.<\/p>\n<h2>A cultura do acaraj\u00e9 em Cama\u00e7ari<\/h2>\n<p>A cultura do acaraj\u00e9 n\u00e3o \u00e9 apenas um aspecto da gastronomia; \u00e9 tamb\u00e9m um elemento central da identidade cultural de Cama\u00e7ari. Este prato delicioso \u00e9 frequentemente associado a festividade, celebra\u00e7\u00e3o e encontros sociais. As baianas, atrav\u00e9s de suas barracas, se tornam n\u00e3o apenas vendedoras, mas tamb\u00e9m agentes culturais.<\/p>\n<p>O acaraj\u00e9 \u00e9 tradicionalmente preparado com feij\u00e3o-fradinho, cebola e temperos, fritos em azeite de dend\u00ea. A montagem do acaraj\u00e9, com vatap\u00e1 e caruru, \u00e9 verdadeira arte. Ao consumir acaraj\u00e9 em Cama\u00e7ari, os turistas n\u00e3o est\u00e1 apenas degustando um lanche, mas participando de uma experi\u00eancia cultural rica e significativa.<\/p>\n<h2>Depoimentos de participantes do curso<\/h2>\n<p>No encerramento das capacita\u00e7\u00f5es, muitos participantes compartilham suas experi\u00eancias e como o conhecimento adquirido impactou suas vidas. Um depoimento comum \u00e9 sobre o aumento da confian\u00e7a em gerir um neg\u00f3cio, dizendo que se sentem mais preparadas para enfrentar os desafios do dia a dia.<\/p>\n<p>Outra baiana mencionou que, ap\u00f3s a capacita\u00e7\u00e3o, fez uso das redes sociais e viu um aumento significativo na demanda, relatando que seus fins de semana est\u00e3o sempre lotados. Essas hist\u00f3rias mostram que as capacita\u00e7\u00f5es est\u00e3o fazendo a diferen\u00e7a, permitindo que as baianas modernizem suas pr\u00e1ticas e se posicionem de forma mais competitiva no mercado.<\/p>\n<h2>Futuro do afroturismo na Bahia<\/h2>\n<p>O futuro do afroturismo na Bahia parece promissor. Com as iniciativas cont\u00ednuas de capacita\u00e7\u00e3o e o crescente interesse dos turistas em experi\u00eancias aut\u00eanticas, a expectativa \u00e9 de que o movimento ganhe cada vez mais for\u00e7a.<\/p>\n<p>As baianas de acaraj\u00e9 t\u00eam um papel central nesse cen\u00e1rio. Enquanto elas continuam a compartilhar suas tradi\u00e7\u00f5es, estar\u00e3o n\u00e3o apenas elevando suas vidas, mas tamb\u00e9m contribuindo significativamente para a valoriza\u00e7\u00e3o da cultura afro-brasileira, atraindo mais visitantes e promovendo um turismo sustent\u00e1vel e enriquecedor para todos.<\/p>\n<div class=\"2410bb7248a64bb1f71103797e0f239b\" data-index=\"3\" style=\"float: none; margin:0px;\">\n<\/br><\/br>\r\n\r\n<ins class=\"adsbygoogle\"\r\n     style=\"display:block\"\r\n     data-ad-format=\"fluid\"\r\n     data-ad-layout-key=\"-63+do+n-1s+9e\"\r\n     data-ad-client=\"ca-pub-8585364105181520\"\r\n     data-ad-slot=\"6838462089\"><\/ins>\r\n<script>\r\n     (adsbygoogle = window.adsbygoogle || []).push({});\r\n<\/script>\n<\/div>\n\n<div style=\"font-size: 0px; height: 0px; line-height: 0px; margin: 0; padding: 0; clear: both;\"><\/div>","protected":false},"excerpt":{"rendered":"<p>Baianas de acaraj\u00e9 recebem capacita\u00e7\u00e3o para aprimorar o afroturismo em Cama\u00e7ari.<\/p>\n","protected":false},"author":1,"featured_media":263,"comment_status":"open","ping_status":"closed","sticky":false,"template":"","format":"standard","meta":{"footnotes":""},"categories":[1],"tags":[],"class_list":["post-264","post","type-post","status-publish","format-standard","has-post-thumbnail","hentry","category-noticias-em-camacari","has_thumb"],"aioseo_notices":[],"aioseo_head":"\n\t\t<!-- All in One SEO 5.0.0.1 - aioseo.com -->\n\t<meta name=\"description\" content=\"Baianas de acaraj\u00e9 recebem capacita\u00e7\u00e3o para aprimorar o afroturismo em Cama\u00e7ari.\" \/>\n\t<meta name=\"robots\" content=\"max-image-preview:large\" \/>\n\t<meta name=\"author\" content=\"Encontra Cama\u00e7ari\"\/>\n\t<link rel=\"canonical\" href=\"https:\/\/www.encontracamacari.com.br\/sobre\/baianas-de-acaraje-de-camacari-sao-capacitadas-pela-setur\/\" \/>\n\t<meta name=\"generator\" content=\"All in One SEO (AIOSEO) 5.0.0.1\" \/>\n\t\t<meta property=\"og:locale\" content=\"pt_BR\" \/>\n\t\t<meta property=\"og:site_name\" content=\"Encontra Cama\u00e7ari - Not\u00edcias, eventos, informa\u00e7\u00f5es e dicas na cidade de Cama\u00e7ari e regi\u00e3o.\" \/>\n\t\t<meta property=\"og:type\" content=\"article\" \/>\n\t\t<meta property=\"og:title\" content=\"Baianas de acaraj\u00e9 de Cama\u00e7ari s\u00e3o capacitadas pela Setur - Encontra Cama\u00e7ari\" \/>\n\t\t<meta property=\"og:description\" content=\"Baianas de acaraj\u00e9 recebem capacita\u00e7\u00e3o para aprimorar o afroturismo em Cama\u00e7ari.\" \/>\n\t\t<meta property=\"og:url\" content=\"https:\/\/www.encontracamacari.com.br\/sobre\/baianas-de-acaraje-de-camacari-sao-capacitadas-pela-setur\/\" \/>\n\t\t<meta property=\"article:published_time\" content=\"2025-10-31T15:01:00+00:00\" \/>\n\t\t<meta property=\"article:modified_time\" content=\"2025-10-31T15:01:00+00:00\" \/>\n\t\t<meta name=\"twitter:card\" content=\"summary_large_image\" \/>\n\t\t<meta name=\"twitter:title\" content=\"Baianas de acaraj\u00e9 de Cama\u00e7ari s\u00e3o capacitadas pela Setur - Encontra Cama\u00e7ari\" \/>\n\t\t<meta name=\"twitter:description\" content=\"Baianas de acaraj\u00e9 recebem capacita\u00e7\u00e3o para aprimorar o afroturismo em Cama\u00e7ari.\" \/>\n\t\t<script type=\"application\/ld+json\" class=\"aioseo-schema\">\n\t\t\t{\"@context\":\"https:\\\/\\\/schema.org\",\"@graph\":[{\"@type\":\"BlogPosting\",\"@id\":\"https:\\\/\\\/www.encontracamacari.com.br\\\/sobre\\\/baianas-de-acaraje-de-camacari-sao-capacitadas-pela-setur\\\/#blogposting\",\"name\":\"Baianas de acaraj\\u00e9 de Cama\\u00e7ari s\\u00e3o capacitadas pela Setur - Encontra Cama\\u00e7ari\",\"headline\":\"Baianas de acaraj\\u00e9 de Cama\\u00e7ari s\\u00e3o capacitadas pela Setur\",\"author\":{\"@id\":\"https:\\\/\\\/www.encontracamacari.com.br\\\/sobre\\\/author\\\/ecamacari\\\/#author\"},\"publisher\":{\"@id\":\"https:\\\/\\\/www.encontracamacari.com.br\\\/sobre\\\/#organization\"},\"image\":{\"@type\":\"ImageObject\",\"url\":\"https:\\\/\\\/www.encontracamacari.com.br\\\/sobre\\\/wp-content\\\/uploads\\\/2025\\\/11\\\/baianas-de-acaraje-de-camacari-sao-capacitadas-pela-setur.webp\",\"width\":320,\"height\":280,\"caption\":\"afroturismo\"},\"datePublished\":\"2025-10-31T15:01:00+00:00\",\"dateModified\":\"2025-10-31T15:01:00+00:00\",\"inLanguage\":\"pt-BR\",\"mainEntityOfPage\":{\"@id\":\"https:\\\/\\\/www.encontracamacari.com.br\\\/sobre\\\/baianas-de-acaraje-de-camacari-sao-capacitadas-pela-setur\\\/#webpage\"},\"isPartOf\":{\"@id\":\"https:\\\/\\\/www.encontracamacari.com.br\\\/sobre\\\/baianas-de-acaraje-de-camacari-sao-capacitadas-pela-setur\\\/#webpage\"},\"articleSection\":\"Not\\u00edcias Cama\\u00e7ari\"},{\"@type\":\"BreadcrumbList\",\"@id\":\"https:\\\/\\\/www.encontracamacari.com.br\\\/sobre\\\/baianas-de-acaraje-de-camacari-sao-capacitadas-pela-setur\\\/#breadcrumblist\",\"itemListElement\":[{\"@type\":\"ListItem\",\"@id\":\"https:\\\/\\\/www.encontracamacari.com.br\\\/sobre#listItem\",\"position\":1,\"name\":\"Home\",\"item\":\"https:\\\/\\\/www.encontracamacari.com.br\\\/sobre\",\"nextItem\":{\"@type\":\"ListItem\",\"@id\":\"https:\\\/\\\/www.encontracamacari.com.br\\\/sobre\\\/noticias-em-camacari\\\/#listItem\",\"name\":\"Not\\u00edcias Cama\\u00e7ari\"}},{\"@type\":\"ListItem\",\"@id\":\"https:\\\/\\\/www.encontracamacari.com.br\\\/sobre\\\/noticias-em-camacari\\\/#listItem\",\"position\":2,\"name\":\"Not\\u00edcias Cama\\u00e7ari\",\"item\":\"https:\\\/\\\/www.encontracamacari.com.br\\\/sobre\\\/noticias-em-camacari\\\/\",\"nextItem\":{\"@type\":\"ListItem\",\"@id\":\"https:\\\/\\\/www.encontracamacari.com.br\\\/sobre\\\/baianas-de-acaraje-de-camacari-sao-capacitadas-pela-setur\\\/#listItem\",\"name\":\"Baianas de acaraj\\u00e9 de Cama\\u00e7ari s\\u00e3o capacitadas pela Setur\"},\"previousItem\":{\"@type\":\"ListItem\",\"@id\":\"https:\\\/\\\/www.encontracamacari.com.br\\\/sobre#listItem\",\"name\":\"Home\"}},{\"@type\":\"ListItem\",\"@id\":\"https:\\\/\\\/www.encontracamacari.com.br\\\/sobre\\\/baianas-de-acaraje-de-camacari-sao-capacitadas-pela-setur\\\/#listItem\",\"position\":3,\"name\":\"Baianas de acaraj\\u00e9 de Cama\\u00e7ari s\\u00e3o capacitadas pela Setur\",\"previousItem\":{\"@type\":\"ListItem\",\"@id\":\"https:\\\/\\\/www.encontracamacari.com.br\\\/sobre\\\/noticias-em-camacari\\\/#listItem\",\"name\":\"Not\\u00edcias Cama\\u00e7ari\"}}]},{\"@type\":\"Organization\",\"@id\":\"https:\\\/\\\/www.encontracamacari.com.br\\\/sobre\\\/#organization\",\"name\":\"Encontra Cama\\u00e7ari\",\"description\":\"Not\\u00edcias, eventos, informa\\u00e7\\u00f5es e dicas na cidade de Cama\\u00e7ari e regi\\u00e3o.\",\"url\":\"https:\\\/\\\/www.encontracamacari.com.br\\\/sobre\\\/\"},{\"@type\":\"Person\",\"@id\":\"https:\\\/\\\/www.encontracamacari.com.br\\\/sobre\\\/author\\\/ecamacari\\\/#author\",\"url\":\"https:\\\/\\\/www.encontracamacari.com.br\\\/sobre\\\/author\\\/ecamacari\\\/\",\"name\":\"Encontra Cama\\u00e7ari\",\"image\":{\"@type\":\"ImageObject\",\"@id\":\"https:\\\/\\\/www.encontracamacari.com.br\\\/sobre\\\/baianas-de-acaraje-de-camacari-sao-capacitadas-pela-setur\\\/#authorImage\",\"url\":\"https:\\\/\\\/secure.gravatar.com\\\/avatar\\\/507340682b8270222e1f208e23198b6ae7e2c6a1033ae84e99bc6bce4f82a387?s=96&d=mm&r=g\",\"width\":96,\"height\":96,\"caption\":\"Encontra Cama\\u00e7ari\"}},{\"@type\":\"WebPage\",\"@id\":\"https:\\\/\\\/www.encontracamacari.com.br\\\/sobre\\\/baianas-de-acaraje-de-camacari-sao-capacitadas-pela-setur\\\/#webpage\",\"url\":\"https:\\\/\\\/www.encontracamacari.com.br\\\/sobre\\\/baianas-de-acaraje-de-camacari-sao-capacitadas-pela-setur\\\/\",\"name\":\"Baianas de acaraj\\u00e9 de Cama\\u00e7ari s\\u00e3o capacitadas pela Setur - Encontra Cama\\u00e7ari\",\"description\":\"Baianas de acaraj\\u00e9 recebem capacita\\u00e7\\u00e3o para aprimorar o afroturismo em Cama\\u00e7ari.\",\"inLanguage\":\"pt-BR\",\"isPartOf\":{\"@id\":\"https:\\\/\\\/www.encontracamacari.com.br\\\/sobre\\\/#website\"},\"breadcrumb\":{\"@id\":\"https:\\\/\\\/www.encontracamacari.com.br\\\/sobre\\\/baianas-de-acaraje-de-camacari-sao-capacitadas-pela-setur\\\/#breadcrumblist\"},\"author\":{\"@id\":\"https:\\\/\\\/www.encontracamacari.com.br\\\/sobre\\\/author\\\/ecamacari\\\/#author\"},\"creator\":{\"@id\":\"https:\\\/\\\/www.encontracamacari.com.br\\\/sobre\\\/author\\\/ecamacari\\\/#author\"},\"image\":{\"@type\":\"ImageObject\",\"url\":\"https:\\\/\\\/www.encontracamacari.com.br\\\/sobre\\\/wp-content\\\/uploads\\\/2025\\\/11\\\/baianas-de-acaraje-de-camacari-sao-capacitadas-pela-setur.webp\",\"@id\":\"https:\\\/\\\/www.encontracamacari.com.br\\\/sobre\\\/baianas-de-acaraje-de-camacari-sao-capacitadas-pela-setur\\\/#mainImage\",\"width\":320,\"height\":280,\"caption\":\"afroturismo\"},\"primaryImageOfPage\":{\"@id\":\"https:\\\/\\\/www.encontracamacari.com.br\\\/sobre\\\/baianas-de-acaraje-de-camacari-sao-capacitadas-pela-setur\\\/#mainImage\"},\"datePublished\":\"2025-10-31T15:01:00+00:00\",\"dateModified\":\"2025-10-31T15:01:00+00:00\"},{\"@type\":\"WebSite\",\"@id\":\"https:\\\/\\\/www.encontracamacari.com.br\\\/sobre\\\/#website\",\"url\":\"https:\\\/\\\/www.encontracamacari.com.br\\\/sobre\\\/\",\"name\":\"Encontra Cama\\u00e7ari\",\"description\":\"Not\\u00edcias, eventos, informa\\u00e7\\u00f5es e dicas na cidade de Cama\\u00e7ari e regi\\u00e3o.\",\"inLanguage\":\"pt-BR\",\"publisher\":{\"@id\":\"https:\\\/\\\/www.encontracamacari.com.br\\\/sobre\\\/#organization\"}}]}\n\t\t<\/script>\n\t\t<!-- All in One SEO -->\n\n","aioseo_head_json":{"title":"Baianas de acaraj\u00e9 de Cama\u00e7ari s\u00e3o capacitadas pela Setur - Encontra Cama\u00e7ari","description":"Baianas de acaraj\u00e9 recebem capacita\u00e7\u00e3o para aprimorar o afroturismo em Cama\u00e7ari.","canonical_url":"https:\/\/www.encontracamacari.com.br\/sobre\/baianas-de-acaraje-de-camacari-sao-capacitadas-pela-setur\/","robots":"max-image-preview:large","keywords":"","webmasterTools":{"miscellaneous":""},"schema":{"@context":"https:\/\/schema.org","@graph":[{"@type":"BlogPosting","@id":"https:\/\/www.encontracamacari.com.br\/sobre\/baianas-de-acaraje-de-camacari-sao-capacitadas-pela-setur\/#blogposting","name":"Baianas de acaraj\u00e9 de Cama\u00e7ari s\u00e3o capacitadas pela Setur - Encontra Cama\u00e7ari","headline":"Baianas de acaraj\u00e9 de Cama\u00e7ari s\u00e3o capacitadas pela Setur","author":{"@id":"https:\/\/www.encontracamacari.com.br\/sobre\/author\/ecamacari\/#author"},"publisher":{"@id":"https:\/\/www.encontracamacari.com.br\/sobre\/#organization"},"image":{"@type":"ImageObject","url":"https:\/\/www.encontracamacari.com.br\/sobre\/wp-content\/uploads\/2025\/11\/baianas-de-acaraje-de-camacari-sao-capacitadas-pela-setur.webp","width":320,"height":280,"caption":"afroturismo"},"datePublished":"2025-10-31T15:01:00+00:00","dateModified":"2025-10-31T15:01:00+00:00","inLanguage":"pt-BR","mainEntityOfPage":{"@id":"https:\/\/www.encontracamacari.com.br\/sobre\/baianas-de-acaraje-de-camacari-sao-capacitadas-pela-setur\/#webpage"},"isPartOf":{"@id":"https:\/\/www.encontracamacari.com.br\/sobre\/baianas-de-acaraje-de-camacari-sao-capacitadas-pela-setur\/#webpage"},"articleSection":"Not\u00edcias Cama\u00e7ari"},{"@type":"BreadcrumbList","@id":"https:\/\/www.encontracamacari.com.br\/sobre\/baianas-de-acaraje-de-camacari-sao-capacitadas-pela-setur\/#breadcrumblist","itemListElement":[{"@type":"ListItem","@id":"https:\/\/www.encontracamacari.com.br\/sobre#listItem","position":1,"name":"Home","item":"https:\/\/www.encontracamacari.com.br\/sobre","nextItem":{"@type":"ListItem","@id":"https:\/\/www.encontracamacari.com.br\/sobre\/noticias-em-camacari\/#listItem","name":"Not\u00edcias Cama\u00e7ari"}},{"@type":"ListItem","@id":"https:\/\/www.encontracamacari.com.br\/sobre\/noticias-em-camacari\/#listItem","position":2,"name":"Not\u00edcias Cama\u00e7ari","item":"https:\/\/www.encontracamacari.com.br\/sobre\/noticias-em-camacari\/","nextItem":{"@type":"ListItem","@id":"https:\/\/www.encontracamacari.com.br\/sobre\/baianas-de-acaraje-de-camacari-sao-capacitadas-pela-setur\/#listItem","name":"Baianas de acaraj\u00e9 de Cama\u00e7ari s\u00e3o capacitadas pela Setur"},"previousItem":{"@type":"ListItem","@id":"https:\/\/www.encontracamacari.com.br\/sobre#listItem","name":"Home"}},{"@type":"ListItem","@id":"https:\/\/www.encontracamacari.com.br\/sobre\/baianas-de-acaraje-de-camacari-sao-capacitadas-pela-setur\/#listItem","position":3,"name":"Baianas de acaraj\u00e9 de Cama\u00e7ari s\u00e3o capacitadas pela Setur","previousItem":{"@type":"ListItem","@id":"https:\/\/www.encontracamacari.com.br\/sobre\/noticias-em-camacari\/#listItem","name":"Not\u00edcias Cama\u00e7ari"}}]},{"@type":"Organization","@id":"https:\/\/www.encontracamacari.com.br\/sobre\/#organization","name":"Encontra Cama\u00e7ari","description":"Not\u00edcias, eventos, informa\u00e7\u00f5es e dicas na cidade de Cama\u00e7ari e regi\u00e3o.","url":"https:\/\/www.encontracamacari.com.br\/sobre\/"},{"@type":"Person","@id":"https:\/\/www.encontracamacari.com.br\/sobre\/author\/ecamacari\/#author","url":"https:\/\/www.encontracamacari.com.br\/sobre\/author\/ecamacari\/","name":"Encontra Cama\u00e7ari","image":{"@type":"ImageObject","@id":"https:\/\/www.encontracamacari.com.br\/sobre\/baianas-de-acaraje-de-camacari-sao-capacitadas-pela-setur\/#authorImage","url":"https:\/\/secure.gravatar.com\/avatar\/507340682b8270222e1f208e23198b6ae7e2c6a1033ae84e99bc6bce4f82a387?s=96&d=mm&r=g","width":96,"height":96,"caption":"Encontra Cama\u00e7ari"}},{"@type":"WebPage","@id":"https:\/\/www.encontracamacari.com.br\/sobre\/baianas-de-acaraje-de-camacari-sao-capacitadas-pela-setur\/#webpage","url":"https:\/\/www.encontracamacari.com.br\/sobre\/baianas-de-acaraje-de-camacari-sao-capacitadas-pela-setur\/","name":"Baianas de acaraj\u00e9 de Cama\u00e7ari s\u00e3o capacitadas pela Setur - Encontra Cama\u00e7ari","description":"Baianas de acaraj\u00e9 recebem capacita\u00e7\u00e3o para aprimorar o afroturismo em Cama\u00e7ari.","inLanguage":"pt-BR","isPartOf":{"@id":"https:\/\/www.encontracamacari.com.br\/sobre\/#website"},"breadcrumb":{"@id":"https:\/\/www.encontracamacari.com.br\/sobre\/baianas-de-acaraje-de-camacari-sao-capacitadas-pela-setur\/#breadcrumblist"},"author":{"@id":"https:\/\/www.encontracamacari.com.br\/sobre\/author\/ecamacari\/#author"},"creator":{"@id":"https:\/\/www.encontracamacari.com.br\/sobre\/author\/ecamacari\/#author"},"image":{"@type":"ImageObject","url":"https:\/\/www.encontracamacari.com.br\/sobre\/wp-content\/uploads\/2025\/11\/baianas-de-acaraje-de-camacari-sao-capacitadas-pela-setur.webp","@id":"https:\/\/www.encontracamacari.com.br\/sobre\/baianas-de-acaraje-de-camacari-sao-capacitadas-pela-setur\/#mainImage","width":320,"height":280,"caption":"afroturismo"},"primaryImageOfPage":{"@id":"https:\/\/www.encontracamacari.com.br\/sobre\/baianas-de-acaraje-de-camacari-sao-capacitadas-pela-setur\/#mainImage"},"datePublished":"2025-10-31T15:01:00+00:00","dateModified":"2025-10-31T15:01:00+00:00"},{"@type":"WebSite","@id":"https:\/\/www.encontracamacari.com.br\/sobre\/#website","url":"https:\/\/www.encontracamacari.com.br\/sobre\/","name":"Encontra Cama\u00e7ari","description":"Not\u00edcias, eventos, informa\u00e7\u00f5es e dicas na cidade de Cama\u00e7ari e regi\u00e3o.","inLanguage":"pt-BR","publisher":{"@id":"https:\/\/www.encontracamacari.com.br\/sobre\/#organization"}}]},"og:locale":"pt_BR","og:site_name":"Encontra Cama\u00e7ari - Not\u00edcias, eventos, informa\u00e7\u00f5es e dicas na cidade de Cama\u00e7ari e regi\u00e3o.","og:type":"article","og:title":"Baianas de acaraj\u00e9 de Cama\u00e7ari s\u00e3o capacitadas pela Setur - Encontra Cama\u00e7ari","og:description":"Baianas de acaraj\u00e9 recebem capacita\u00e7\u00e3o para aprimorar o afroturismo em Cama\u00e7ari.","og:url":"https:\/\/www.encontracamacari.com.br\/sobre\/baianas-de-acaraje-de-camacari-sao-capacitadas-pela-setur\/","article:published_time":"2025-10-31T15:01:00+00:00","article:modified_time":"2025-10-31T15:01:00+00:00","twitter:card":"summary_large_image","twitter:title":"Baianas de acaraj\u00e9 de Cama\u00e7ari s\u00e3o capacitadas pela Setur - Encontra Cama\u00e7ari","twitter:description":"Baianas de acaraj\u00e9 recebem capacita\u00e7\u00e3o para aprimorar o afroturismo em Cama\u00e7ari."},"aioseo_meta_data":{"post_id":"264","title":null,"description":null,"keywords":null,"keyphrases":null,"primary_term":null,"canonical_url":null,"og_title":null,"og_description":null,"og_object_type":"default","og_image_type":"default","og_image_url":null,"og_image_width":null,"og_image_height":null,"og_image_custom_url":null,"og_image_custom_fields":null,"og_video":null,"og_custom_url":null,"og_article_section":null,"og_article_tags":null,"twitter_use_og":false,"twitter_card":"default","twitter_image_type":"default","twitter_image_url":null,"twitter_image_custom_url":null,"twitter_image_custom_fields":null,"twitter_title":null,"twitter_description":null,"schema":{"blockGraphs":[],"customGraphs":[],"default":{"data":{"Article":[],"Course":[],"Dataset":[],"FAQPage":[],"Movie":[],"Person":[],"Product":[],"ProductReview":[],"Car":[],"Recipe":[],"Service":[],"SoftwareApplication":[],"WebPage":[]},"graphName":"BlogPosting","isEnabled":true},"graphs":[]},"schema_type":"default","schema_type_options":null,"pillar_content":false,"robots_default":true,"robots_noindex":false,"robots_noarchive":false,"robots_nosnippet":false,"robots_nofollow":false,"robots_noimageindex":false,"robots_noodp":false,"robots_notranslate":false,"robots_max_snippet":null,"robots_max_videopreview":null,"robots_max_imagepreview":"large","priority":null,"frequency":null,"local_seo":null,"limit_modified_date":false,"created":"2025-11-01 10:56:54","updated":"2026-08-05 23:35:12","focus_keyword":null,"additional_keywords":null,"truseo_locale":null,"ai":null,"breadcrumb_settings":null,"seo_analyzer_scan_date":null},"aioseo_breadcrumb":"<div class=\"aioseo-breadcrumbs\"><span class=\"aioseo-breadcrumb\">\n\t\t\t<a href=\"https:\/\/www.encontracamacari.com.br\/sobre\" title=\"Home\">Home<\/a>\n\t\t<\/span><span class=\"aioseo-breadcrumb-separator\">&raquo;<\/span><span class=\"aioseo-breadcrumb\">\n\t\t\t<a href=\"https:\/\/www.encontracamacari.com.br\/sobre\/noticias-em-camacari\/\" title=\"Not\u00edcias Cama\u00e7ari\">Not\u00edcias Cama\u00e7ari<\/a>\n\t\t<\/span><span class=\"aioseo-breadcrumb-separator\">&raquo;<\/span><span class=\"aioseo-breadcrumb\">\n\t\t\tBaianas de acaraj\u00e9 de Cama\u00e7ari s\u00e3o capacitadas pela Setur\n\t\t<\/span><\/div>","aioseo_breadcrumb_json":[{"label":"Home","link":"https:\/\/www.encontracamacari.com.br\/sobre"},{"label":"Not\u00edcias Cama\u00e7ari","link":"https:\/\/www.encontracamacari.com.br\/sobre\/noticias-em-camacari\/"},{"label":"Baianas de acaraj\u00e9 de Cama\u00e7ari s\u00e3o capacitadas pela Setur","link":"https:\/\/www.encontracamacari.com.br\/sobre\/baianas-de-acaraje-de-camacari-sao-capacitadas-pela-setur\/"}],"_links":{"self":[{"href":"https:\/\/www.encontracamacari.com.br\/sobre\/wp-json\/wp\/v2\/posts\/264","targetHints":{"allow":["GET"]}}],"collection":[{"href":"https:\/\/www.encontracamacari.com.br\/sobre\/wp-json\/wp\/v2\/posts"}],"about":[{"href":"https:\/\/www.encontracamacari.com.br\/sobre\/wp-json\/wp\/v2\/types\/post"}],"author":[{"embeddable":true,"href":"https:\/\/www.encontracamacari.com.br\/sobre\/wp-json\/wp\/v2\/users\/1"}],"replies":[{"embeddable":true,"href":"https:\/\/www.encontracamacari.com.br\/sobre\/wp-json\/wp\/v2\/comments?post=264"}],"version-history":[{"count":0,"href":"https:\/\/www.encontracamacari.com.br\/sobre\/wp-json\/wp\/v2\/posts\/264\/revisions"}],"wp:featuredmedia":[{"embeddable":true,"href":"https:\/\/www.encontracamacari.com.br\/sobre\/wp-json\/wp\/v2\/media\/263"}],"wp:attachment":[{"href":"https:\/\/www.encontracamacari.com.br\/sobre\/wp-json\/wp\/v2\/media?parent=264"}],"wp:term":[{"taxonomy":"category","embeddable":true,"href":"https:\/\/www.encontracamacari.com.br\/sobre\/wp-json\/wp\/v2\/categories?post=264"},{"taxonomy":"post_tag","embeddable":true,"href":"https:\/\/www.encontracamacari.com.br\/sobre\/wp-json\/wp\/v2\/tags?post=264"}],"curies":[{"name":"wp","href":"https:\/\/api.w.org\/{rel}","templated":true}]}}