{"id":255,"date":"2025-10-30T09:57:00","date_gmt":"2025-10-30T09:57:00","guid":{"rendered":"https:\/\/www.encontracamacari.com.br\/sobre\/apos-atuacao-da-oab\/"},"modified":"2025-10-30T09:57:00","modified_gmt":"2025-10-30T09:57:00","slug":"apos-atuacao-da-oab","status":"publish","type":"post","link":"https:\/\/www.encontracamacari.com.br\/sobre\/apos-atuacao-da-oab\/","title":{"rendered":"Ap\u00f3s atua\u00e7\u00e3o da OAB"},"content":{"rendered":"<div class=\"2410bb7248a64bb1f71103797e0f239b\" data-index=\"1\" style=\"float: none; margin:0px;\">\n<ins class=\"adsbygoogle\"\r\n     style=\"display:block\"\r\n     data-ad-client=\"ca-pub-8585364105181520\"\r\n     data-ad-slot=\"8789329856\"\r\n     data-ad-format=\"auto\"\r\n     data-full-width-responsive=\"true\"><\/ins>\r\n<script>\r\n     (adsbygoogle = window.adsbygoogle || []).push({});\r\n<\/script>\n<\/div>\n<h2>Contexto da Instala\u00e7\u00e3o da Nova Vara<\/h2>\n<p>A cria\u00e7\u00e3o da <strong>3\u00aa Vara C\u00edvel em Cama\u00e7ari<\/strong> \u00e9 um marco importante para a justi\u00e7a na regi\u00e3o. A <em>OAB-BA<\/em> (Ordem dos Advogados do Brasil, Se\u00e7\u00e3o Bahia) reconheceu a necessidade de expandir os servi\u00e7os judiciais para atender a crescente demanda da popula\u00e7\u00e3o local. A instala\u00e7\u00e3o desta nova vara visa melhorar o acesso \u00e0 justi\u00e7a, especialmente em um munic\u00edpio que vem apresentando um crescimento populacional significativo nos \u00faltimos anos.<\/p>\n<h2>Import\u00e2ncia da 3\u00aa Vara C\u00edvel para Cama\u00e7ari<\/h2>\n<p>A <strong>3\u00aa Vara C\u00edvel<\/strong> desempenhar\u00e1 um papel crucial em v\u00e1rios aspectos:<\/p>\n<ul>\n<li><strong>Acesso \u00e0 Justi\u00e7a:<\/strong> Uma nova vara significa que mais casos poder\u00e3o ser julgados simultaneamente, reduzindo o tempo de espera para a resolu\u00e7\u00e3o de conflitos.<\/li>\n<li><strong>Descentraliza\u00e7\u00e3o dos Processos:<\/strong> A maior capacidade de atendimento ajuda a evitar a sobrecarga das varas j\u00e1 existentes.<\/li>\n<li><strong>Apoio \u00e0 Economia Local:<\/strong> Um sistema judici\u00e1rio mais eficiente atrai investimentos e melhora o ambiente de neg\u00f3cios.<\/li>\n<\/ul>\n<h2>A Atua\u00e7\u00e3o da OAB-BA em Cama\u00e7ari<\/h2>\n<p>A <strong>OAB-BA<\/strong> tem sido uma defender incans\u00e1vel dos interesses dos advogados e da popula\u00e7\u00e3o em geral. Com a instala\u00e7\u00e3o da nova vara, a entidade reafirma seu compromisso com a promo\u00e7\u00e3o da justi\u00e7a. Al\u00e9m disso, a OAB-BA tem organizado v\u00e1rias iniciativas para educar a popula\u00e7\u00e3o sobre os servi\u00e7os dispon\u00edveis e como acess\u00e1-los.<\/p>\n<h2>O Papel da OAB Cama\u00e7ari na Conquista<\/h2>\n<p>A <strong>Seccional da OAB em Cama\u00e7ari<\/strong> teve um papel vital na solicita\u00e7\u00e3o da nova vara. Os advogados locais participaram ativamente de reuni\u00f5es e mobiliza\u00e7\u00f5es, apresentando dados sobre a quantidade de processos e a necessidade de um novo espa\u00e7o para a Justi\u00e7a. Essa uni\u00e3o de esfor\u00e7os foi fundamental para a conquista da 3\u00aa Vara C\u00edvel.<\/p>\n<h2>Perspectivas para a Justi\u00e7a na Regi\u00e3o<\/h2>\n<p>Com a instala\u00e7\u00e3o da nova vara, h\u00e1 grandes expectativas para o futuro da <strong>Justi\u00e7a em Cama\u00e7ari<\/strong>. Acredita-se que o n\u00famero de processos a serem resolvidos aumente consideravelmente. Al\u00e9m disso, a expectativa \u00e9 que o n\u00edvel de satisfa\u00e7\u00e3o da popula\u00e7\u00e3o com o sistema judici\u00e1rio melhore, uma vez que quest\u00f5es antes esquecidas e negligenciadas possam receber a devida aten\u00e7\u00e3o.<\/p><div class=\"2410bb7248a64bb1f71103797e0f239b\" data-index=\"2\" style=\"float: none; margin:0px;\">\n<ins class=\"adsbygoogle\"\r\n     style=\"display:block; text-align:center;\"\r\n     data-ad-layout=\"in-article\"\r\n     data-ad-format=\"fluid\"\r\n     data-ad-client=\"ca-pub-8585364105181520\"\r\n     data-ad-slot=\"2899217073\"><\/ins>\r\n<script>\r\n     (adsbygoogle = window.adsbygoogle || []).push({});\r\n<\/script>\r\n\r\n<\/br><\/br>\n<\/div>\n\n<h2>Reuni\u00f5es e Mobiliza\u00e7\u00f5es da OAB-BA<\/h2>\n<p>A <strong>OAB-BA<\/strong> organizou diversas reuni\u00f5es para discutir a necessidade da nova vara e mobilizou a comunidade jur\u00eddica local para apoiar a proposta. Esses eventos proporcionaram um espa\u00e7o para troca de ideias e experi\u00eancias, refor\u00e7ando a import\u00e2ncia da presen\u00e7a da OAB em quest\u00f5es locais. Os encontros tamb\u00e9m serviram para coletar informa\u00e7\u00f5es sobre a demanda real, fundamentando a proposta diante das autoridades competentes.<\/p>\n<h2>Depoimentos de Advogados Locais<\/h2>\n<p>Advogados que atuam em Cama\u00e7ari compartilham sua vis\u00e3o otimista sobre a nova vara:<\/p>\n<ul>\n<li><strong>Jo\u00e3o da Silva:<\/strong> &#8220;A cria\u00e7\u00e3o da 3\u00aa Vara C\u00edvel vai nos permitir atender melhor nossos clientes e dar respostas mais r\u00e1pidas aos conflitos. Isso \u00e9 um avan\u00e7o importante para o munic\u00edpio.&#8221;\n    <\/li>\n<li><strong>Maria dos Santos:<\/strong> &#8220;Estou aliviada ao saber que teremos mais um espa\u00e7o para tratar dos nossos casos. A justi\u00e7a deve ser r\u00e1pida e acess\u00edvel para todos.&#8221;\n    <\/li>\n<\/ul>\n<h2>Desafios Enfrentados at\u00e9 a Conquista<\/h2>\n<p>Apesar das vit\u00f3rias, o caminho at\u00e9 a instala\u00e7\u00e3o da 3\u00aa Vara C\u00edvel n\u00e3o foi f\u00e1cil. A OAB-BA e os advogados enfrentaram v\u00e1rios desafios:<\/p>\n<ul>\n<li><strong>Resist\u00eancia Administrativa:<\/strong> Houve certa hesita\u00e7\u00e3o por parte das autoridades quanto \u00e0 necessidade imediata de mais uma vara.<\/li>\n<li><strong>Demandas Crescentes:<\/strong> A alta demanda por solu\u00e7\u00f5es judiciais exigiu dados concretos e estudos que sustentassem a proposta de instala\u00e7\u00e3o.<\/li>\n<li><strong>Mobiliza\u00e7\u00e3o da Comunidade:<\/strong> Convencer a popula\u00e7\u00e3o e os advogados a participarem das mobiliza\u00e7\u00f5es e encontros foi um desafio importante.<\/li>\n<\/ul>\n<h2>O Que Esperar da Nova Vara C\u00edvel<\/h2>\n<p>Com a inaugura\u00e7\u00e3o da 3\u00aa Vara C\u00edvel, esperamos:<\/p>\n<ul>\n<li><strong>Redu\u00e7\u00e3o do Tempo de Tramita\u00e7\u00e3o dos Processos:<\/strong> Um dos principais benef\u00edcios que a nova vara deve trazer.<\/li>\n<li><strong>Maior Acesso \u00e0 Justi\u00e7a:<\/strong> Facilitar\u00e1 que mais pessoas busquem a justi\u00e7a e os seus direitos.<\/li>\n<li><strong>Melhor Qualidade nos Julgamentos:<\/strong> Com um fluxo de trabalho mais organizado, a qualidade dos julgados tende a aumentar.<\/li>\n<\/ul>\n<h2>Pr\u00f3ximos Passos para a Advocacia em Cama\u00e7ari<\/h2>\n<p>Agora que a 3\u00aa Vara C\u00edvel est\u00e1 instalada, a <strong>OAB-BA<\/strong> e os advogados locais devem focar em:<\/p>\n<ul>\n<li><strong>Capacita\u00e7\u00e3o:<\/strong> Promover semin\u00e1rios e treinamentos para que todos estejam atualizados sobre as novas pr\u00e1ticas e procedimentos.<\/li>\n<li><strong>Campanhas de Conscientiza\u00e7\u00e3o:<\/strong> Informar a popula\u00e7\u00e3o sobre como acessar a nova vara e seus benef\u00edcios.<\/li>\n<li><strong>Monitoramento e Avan\u00e7os:<\/strong> Acompanhar de perto a performance da nova vara para garantir que os objetivos sejam alcan\u00e7ados.<\/li>\n<\/ul>\n<div class=\"2410bb7248a64bb1f71103797e0f239b\" data-index=\"3\" style=\"float: none; margin:0px;\">\n<\/br><\/br>\r\n\r\n<ins class=\"adsbygoogle\"\r\n     style=\"display:block\"\r\n     data-ad-format=\"fluid\"\r\n     data-ad-layout-key=\"-63+do+n-1s+9e\"\r\n     data-ad-client=\"ca-pub-8585364105181520\"\r\n     data-ad-slot=\"6838462089\"><\/ins>\r\n<script>\r\n     (adsbygoogle = window.adsbygoogle || []).push({});\r\n<\/script>\n<\/div>\n\n<div style=\"font-size: 0px; height: 0px; line-height: 0px; margin: 0; padding: 0; clear: both;\"><\/div>","protected":false},"excerpt":{"rendered":"<p>A OAB-BA anunciou a instala\u00e7\u00e3o da 3\u00aa Vara C\u00edvel em Cama\u00e7ari para melhorar o acesso \u00e0 Justi\u00e7a.<\/p>\n","protected":false},"author":1,"featured_media":254,"comment_status":"open","ping_status":"closed","sticky":false,"template":"","format":"standard","meta":{"footnotes":""},"categories":[1],"tags":[],"class_list":["post-255","post","type-post","status-publish","format-standard","has-post-thumbnail","hentry","category-noticias-em-camacari","has_thumb"],"aioseo_notices":[],"aioseo_head":"\n\t\t<!-- All in One SEO 5.0.0.1 - aioseo.com -->\n\t<meta name=\"description\" content=\"A OAB-BA anunciou a instala\u00e7\u00e3o da 3\u00aa Vara C\u00edvel em Cama\u00e7ari para melhorar o acesso \u00e0 Justi\u00e7a.\" \/>\n\t<meta name=\"robots\" content=\"max-image-preview:large\" \/>\n\t<meta name=\"author\" content=\"Encontra Cama\u00e7ari\"\/>\n\t<link rel=\"canonical\" href=\"https:\/\/www.encontracamacari.com.br\/sobre\/apos-atuacao-da-oab\/\" \/>\n\t<meta name=\"generator\" content=\"All in One SEO (AIOSEO) 5.0.0.1\" \/>\n\t\t<meta property=\"og:locale\" content=\"pt_BR\" \/>\n\t\t<meta property=\"og:site_name\" content=\"Encontra Cama\u00e7ari - Not\u00edcias, eventos, informa\u00e7\u00f5es e dicas na cidade de Cama\u00e7ari e regi\u00e3o.\" \/>\n\t\t<meta property=\"og:type\" content=\"article\" \/>\n\t\t<meta property=\"og:title\" content=\"Ap\u00f3s atua\u00e7\u00e3o da OAB - Encontra Cama\u00e7ari\" \/>\n\t\t<meta property=\"og:description\" content=\"A OAB-BA anunciou a instala\u00e7\u00e3o da 3\u00aa Vara C\u00edvel em Cama\u00e7ari para melhorar o acesso \u00e0 Justi\u00e7a.\" \/>\n\t\t<meta property=\"og:url\" content=\"https:\/\/www.encontracamacari.com.br\/sobre\/apos-atuacao-da-oab\/\" \/>\n\t\t<meta property=\"article:published_time\" content=\"2025-10-30T09:57:00+00:00\" \/>\n\t\t<meta property=\"article:modified_time\" content=\"2025-10-30T09:57:00+00:00\" \/>\n\t\t<meta name=\"twitter:card\" content=\"summary_large_image\" \/>\n\t\t<meta name=\"twitter:title\" content=\"Ap\u00f3s atua\u00e7\u00e3o da OAB - Encontra Cama\u00e7ari\" \/>\n\t\t<meta name=\"twitter:description\" content=\"A OAB-BA anunciou a instala\u00e7\u00e3o da 3\u00aa Vara C\u00edvel em Cama\u00e7ari para melhorar o acesso \u00e0 Justi\u00e7a.\" \/>\n\t\t<script type=\"application\/ld+json\" class=\"aioseo-schema\">\n\t\t\t{\"@context\":\"https:\\\/\\\/schema.org\",\"@graph\":[{\"@type\":\"BlogPosting\",\"@id\":\"https:\\\/\\\/www.encontracamacari.com.br\\\/sobre\\\/apos-atuacao-da-oab\\\/#blogposting\",\"name\":\"Ap\\u00f3s atua\\u00e7\\u00e3o da OAB - Encontra Cama\\u00e7ari\",\"headline\":\"Ap\\u00f3s atua\\u00e7\\u00e3o da OAB\",\"author\":{\"@id\":\"https:\\\/\\\/www.encontracamacari.com.br\\\/sobre\\\/author\\\/ecamacari\\\/#author\"},\"publisher\":{\"@id\":\"https:\\\/\\\/www.encontracamacari.com.br\\\/sobre\\\/#organization\"},\"image\":{\"@type\":\"ImageObject\",\"url\":\"https:\\\/\\\/www.encontracamacari.com.br\\\/sobre\\\/wp-content\\\/uploads\\\/2025\\\/10\\\/apos-atuacao-da-oab.webp\",\"width\":320,\"height\":280,\"caption\":\"3\\u00aa Vara C\\u00edvel Cama\\u00e7ari\"},\"datePublished\":\"2025-10-30T09:57:00+00:00\",\"dateModified\":\"2025-10-30T09:57:00+00:00\",\"inLanguage\":\"pt-BR\",\"mainEntityOfPage\":{\"@id\":\"https:\\\/\\\/www.encontracamacari.com.br\\\/sobre\\\/apos-atuacao-da-oab\\\/#webpage\"},\"isPartOf\":{\"@id\":\"https:\\\/\\\/www.encontracamacari.com.br\\\/sobre\\\/apos-atuacao-da-oab\\\/#webpage\"},\"articleSection\":\"Not\\u00edcias Cama\\u00e7ari\"},{\"@type\":\"BreadcrumbList\",\"@id\":\"https:\\\/\\\/www.encontracamacari.com.br\\\/sobre\\\/apos-atuacao-da-oab\\\/#breadcrumblist\",\"itemListElement\":[{\"@type\":\"ListItem\",\"@id\":\"https:\\\/\\\/www.encontracamacari.com.br\\\/sobre#listItem\",\"position\":1,\"name\":\"Home\",\"item\":\"https:\\\/\\\/www.encontracamacari.com.br\\\/sobre\",\"nextItem\":{\"@type\":\"ListItem\",\"@id\":\"https:\\\/\\\/www.encontracamacari.com.br\\\/sobre\\\/noticias-em-camacari\\\/#listItem\",\"name\":\"Not\\u00edcias Cama\\u00e7ari\"}},{\"@type\":\"ListItem\",\"@id\":\"https:\\\/\\\/www.encontracamacari.com.br\\\/sobre\\\/noticias-em-camacari\\\/#listItem\",\"position\":2,\"name\":\"Not\\u00edcias Cama\\u00e7ari\",\"item\":\"https:\\\/\\\/www.encontracamacari.com.br\\\/sobre\\\/noticias-em-camacari\\\/\",\"nextItem\":{\"@type\":\"ListItem\",\"@id\":\"https:\\\/\\\/www.encontracamacari.com.br\\\/sobre\\\/apos-atuacao-da-oab\\\/#listItem\",\"name\":\"Ap\\u00f3s atua\\u00e7\\u00e3o da OAB\"},\"previousItem\":{\"@type\":\"ListItem\",\"@id\":\"https:\\\/\\\/www.encontracamacari.com.br\\\/sobre#listItem\",\"name\":\"Home\"}},{\"@type\":\"ListItem\",\"@id\":\"https:\\\/\\\/www.encontracamacari.com.br\\\/sobre\\\/apos-atuacao-da-oab\\\/#listItem\",\"position\":3,\"name\":\"Ap\\u00f3s atua\\u00e7\\u00e3o da OAB\",\"previousItem\":{\"@type\":\"ListItem\",\"@id\":\"https:\\\/\\\/www.encontracamacari.com.br\\\/sobre\\\/noticias-em-camacari\\\/#listItem\",\"name\":\"Not\\u00edcias Cama\\u00e7ari\"}}]},{\"@type\":\"Organization\",\"@id\":\"https:\\\/\\\/www.encontracamacari.com.br\\\/sobre\\\/#organization\",\"name\":\"Encontra Cama\\u00e7ari\",\"description\":\"Not\\u00edcias, eventos, informa\\u00e7\\u00f5es e dicas na cidade de Cama\\u00e7ari e regi\\u00e3o.\",\"url\":\"https:\\\/\\\/www.encontracamacari.com.br\\\/sobre\\\/\"},{\"@type\":\"Person\",\"@id\":\"https:\\\/\\\/www.encontracamacari.com.br\\\/sobre\\\/author\\\/ecamacari\\\/#author\",\"url\":\"https:\\\/\\\/www.encontracamacari.com.br\\\/sobre\\\/author\\\/ecamacari\\\/\",\"name\":\"Encontra Cama\\u00e7ari\",\"image\":{\"@type\":\"ImageObject\",\"@id\":\"https:\\\/\\\/www.encontracamacari.com.br\\\/sobre\\\/apos-atuacao-da-oab\\\/#authorImage\",\"url\":\"https:\\\/\\\/secure.gravatar.com\\\/avatar\\\/507340682b8270222e1f208e23198b6ae7e2c6a1033ae84e99bc6bce4f82a387?s=96&d=mm&r=g\",\"width\":96,\"height\":96,\"caption\":\"Encontra Cama\\u00e7ari\"}},{\"@type\":\"WebPage\",\"@id\":\"https:\\\/\\\/www.encontracamacari.com.br\\\/sobre\\\/apos-atuacao-da-oab\\\/#webpage\",\"url\":\"https:\\\/\\\/www.encontracamacari.com.br\\\/sobre\\\/apos-atuacao-da-oab\\\/\",\"name\":\"Ap\\u00f3s atua\\u00e7\\u00e3o da OAB - Encontra Cama\\u00e7ari\",\"description\":\"A OAB-BA anunciou a instala\\u00e7\\u00e3o da 3\\u00aa Vara C\\u00edvel em Cama\\u00e7ari para melhorar o acesso \\u00e0 Justi\\u00e7a.\",\"inLanguage\":\"pt-BR\",\"isPartOf\":{\"@id\":\"https:\\\/\\\/www.encontracamacari.com.br\\\/sobre\\\/#website\"},\"breadcrumb\":{\"@id\":\"https:\\\/\\\/www.encontracamacari.com.br\\\/sobre\\\/apos-atuacao-da-oab\\\/#breadcrumblist\"},\"author\":{\"@id\":\"https:\\\/\\\/www.encontracamacari.com.br\\\/sobre\\\/author\\\/ecamacari\\\/#author\"},\"creator\":{\"@id\":\"https:\\\/\\\/www.encontracamacari.com.br\\\/sobre\\\/author\\\/ecamacari\\\/#author\"},\"image\":{\"@type\":\"ImageObject\",\"url\":\"https:\\\/\\\/www.encontracamacari.com.br\\\/sobre\\\/wp-content\\\/uploads\\\/2025\\\/10\\\/apos-atuacao-da-oab.webp\",\"@id\":\"https:\\\/\\\/www.encontracamacari.com.br\\\/sobre\\\/apos-atuacao-da-oab\\\/#mainImage\",\"width\":320,\"height\":280,\"caption\":\"3\\u00aa Vara C\\u00edvel Cama\\u00e7ari\"},\"primaryImageOfPage\":{\"@id\":\"https:\\\/\\\/www.encontracamacari.com.br\\\/sobre\\\/apos-atuacao-da-oab\\\/#mainImage\"},\"datePublished\":\"2025-10-30T09:57:00+00:00\",\"dateModified\":\"2025-10-30T09:57:00+00:00\"},{\"@type\":\"WebSite\",\"@id\":\"https:\\\/\\\/www.encontracamacari.com.br\\\/sobre\\\/#website\",\"url\":\"https:\\\/\\\/www.encontracamacari.com.br\\\/sobre\\\/\",\"name\":\"Encontra Cama\\u00e7ari\",\"description\":\"Not\\u00edcias, eventos, informa\\u00e7\\u00f5es e dicas na cidade de Cama\\u00e7ari e regi\\u00e3o.\",\"inLanguage\":\"pt-BR\",\"publisher\":{\"@id\":\"https:\\\/\\\/www.encontracamacari.com.br\\\/sobre\\\/#organization\"}}]}\n\t\t<\/script>\n\t\t<!-- All in One SEO -->\n\n","aioseo_head_json":{"title":"Ap\u00f3s atua\u00e7\u00e3o da OAB - Encontra Cama\u00e7ari","description":"A OAB-BA anunciou a instala\u00e7\u00e3o da 3\u00aa Vara C\u00edvel em Cama\u00e7ari para melhorar o acesso \u00e0 Justi\u00e7a.","canonical_url":"https:\/\/www.encontracamacari.com.br\/sobre\/apos-atuacao-da-oab\/","robots":"max-image-preview:large","keywords":"","webmasterTools":{"miscellaneous":""},"schema":{"@context":"https:\/\/schema.org","@graph":[{"@type":"BlogPosting","@id":"https:\/\/www.encontracamacari.com.br\/sobre\/apos-atuacao-da-oab\/#blogposting","name":"Ap\u00f3s atua\u00e7\u00e3o da OAB - Encontra Cama\u00e7ari","headline":"Ap\u00f3s atua\u00e7\u00e3o da OAB","author":{"@id":"https:\/\/www.encontracamacari.com.br\/sobre\/author\/ecamacari\/#author"},"publisher":{"@id":"https:\/\/www.encontracamacari.com.br\/sobre\/#organization"},"image":{"@type":"ImageObject","url":"https:\/\/www.encontracamacari.com.br\/sobre\/wp-content\/uploads\/2025\/10\/apos-atuacao-da-oab.webp","width":320,"height":280,"caption":"3\u00aa Vara C\u00edvel Cama\u00e7ari"},"datePublished":"2025-10-30T09:57:00+00:00","dateModified":"2025-10-30T09:57:00+00:00","inLanguage":"pt-BR","mainEntityOfPage":{"@id":"https:\/\/www.encontracamacari.com.br\/sobre\/apos-atuacao-da-oab\/#webpage"},"isPartOf":{"@id":"https:\/\/www.encontracamacari.com.br\/sobre\/apos-atuacao-da-oab\/#webpage"},"articleSection":"Not\u00edcias Cama\u00e7ari"},{"@type":"BreadcrumbList","@id":"https:\/\/www.encontracamacari.com.br\/sobre\/apos-atuacao-da-oab\/#breadcrumblist","itemListElement":[{"@type":"ListItem","@id":"https:\/\/www.encontracamacari.com.br\/sobre#listItem","position":1,"name":"Home","item":"https:\/\/www.encontracamacari.com.br\/sobre","nextItem":{"@type":"ListItem","@id":"https:\/\/www.encontracamacari.com.br\/sobre\/noticias-em-camacari\/#listItem","name":"Not\u00edcias Cama\u00e7ari"}},{"@type":"ListItem","@id":"https:\/\/www.encontracamacari.com.br\/sobre\/noticias-em-camacari\/#listItem","position":2,"name":"Not\u00edcias Cama\u00e7ari","item":"https:\/\/www.encontracamacari.com.br\/sobre\/noticias-em-camacari\/","nextItem":{"@type":"ListItem","@id":"https:\/\/www.encontracamacari.com.br\/sobre\/apos-atuacao-da-oab\/#listItem","name":"Ap\u00f3s atua\u00e7\u00e3o da OAB"},"previousItem":{"@type":"ListItem","@id":"https:\/\/www.encontracamacari.com.br\/sobre#listItem","name":"Home"}},{"@type":"ListItem","@id":"https:\/\/www.encontracamacari.com.br\/sobre\/apos-atuacao-da-oab\/#listItem","position":3,"name":"Ap\u00f3s atua\u00e7\u00e3o da OAB","previousItem":{"@type":"ListItem","@id":"https:\/\/www.encontracamacari.com.br\/sobre\/noticias-em-camacari\/#listItem","name":"Not\u00edcias Cama\u00e7ari"}}]},{"@type":"Organization","@id":"https:\/\/www.encontracamacari.com.br\/sobre\/#organization","name":"Encontra Cama\u00e7ari","description":"Not\u00edcias, eventos, informa\u00e7\u00f5es e dicas na cidade de Cama\u00e7ari e regi\u00e3o.","url":"https:\/\/www.encontracamacari.com.br\/sobre\/"},{"@type":"Person","@id":"https:\/\/www.encontracamacari.com.br\/sobre\/author\/ecamacari\/#author","url":"https:\/\/www.encontracamacari.com.br\/sobre\/author\/ecamacari\/","name":"Encontra Cama\u00e7ari","image":{"@type":"ImageObject","@id":"https:\/\/www.encontracamacari.com.br\/sobre\/apos-atuacao-da-oab\/#authorImage","url":"https:\/\/secure.gravatar.com\/avatar\/507340682b8270222e1f208e23198b6ae7e2c6a1033ae84e99bc6bce4f82a387?s=96&d=mm&r=g","width":96,"height":96,"caption":"Encontra Cama\u00e7ari"}},{"@type":"WebPage","@id":"https:\/\/www.encontracamacari.com.br\/sobre\/apos-atuacao-da-oab\/#webpage","url":"https:\/\/www.encontracamacari.com.br\/sobre\/apos-atuacao-da-oab\/","name":"Ap\u00f3s atua\u00e7\u00e3o da OAB - Encontra Cama\u00e7ari","description":"A OAB-BA anunciou a instala\u00e7\u00e3o da 3\u00aa Vara C\u00edvel em Cama\u00e7ari para melhorar o acesso \u00e0 Justi\u00e7a.","inLanguage":"pt-BR","isPartOf":{"@id":"https:\/\/www.encontracamacari.com.br\/sobre\/#website"},"breadcrumb":{"@id":"https:\/\/www.encontracamacari.com.br\/sobre\/apos-atuacao-da-oab\/#breadcrumblist"},"author":{"@id":"https:\/\/www.encontracamacari.com.br\/sobre\/author\/ecamacari\/#author"},"creator":{"@id":"https:\/\/www.encontracamacari.com.br\/sobre\/author\/ecamacari\/#author"},"image":{"@type":"ImageObject","url":"https:\/\/www.encontracamacari.com.br\/sobre\/wp-content\/uploads\/2025\/10\/apos-atuacao-da-oab.webp","@id":"https:\/\/www.encontracamacari.com.br\/sobre\/apos-atuacao-da-oab\/#mainImage","width":320,"height":280,"caption":"3\u00aa Vara C\u00edvel Cama\u00e7ari"},"primaryImageOfPage":{"@id":"https:\/\/www.encontracamacari.com.br\/sobre\/apos-atuacao-da-oab\/#mainImage"},"datePublished":"2025-10-30T09:57:00+00:00","dateModified":"2025-10-30T09:57:00+00:00"},{"@type":"WebSite","@id":"https:\/\/www.encontracamacari.com.br\/sobre\/#website","url":"https:\/\/www.encontracamacari.com.br\/sobre\/","name":"Encontra Cama\u00e7ari","description":"Not\u00edcias, eventos, informa\u00e7\u00f5es e dicas na cidade de Cama\u00e7ari e regi\u00e3o.","inLanguage":"pt-BR","publisher":{"@id":"https:\/\/www.encontracamacari.com.br\/sobre\/#organization"}}]},"og:locale":"pt_BR","og:site_name":"Encontra Cama\u00e7ari - Not\u00edcias, eventos, informa\u00e7\u00f5es e dicas na cidade de Cama\u00e7ari e regi\u00e3o.","og:type":"article","og:title":"Ap\u00f3s atua\u00e7\u00e3o da OAB - Encontra Cama\u00e7ari","og:description":"A OAB-BA anunciou a instala\u00e7\u00e3o da 3\u00aa Vara C\u00edvel em Cama\u00e7ari para melhorar o acesso \u00e0 Justi\u00e7a.","og:url":"https:\/\/www.encontracamacari.com.br\/sobre\/apos-atuacao-da-oab\/","article:published_time":"2025-10-30T09:57:00+00:00","article:modified_time":"2025-10-30T09:57:00+00:00","twitter:card":"summary_large_image","twitter:title":"Ap\u00f3s atua\u00e7\u00e3o da OAB - Encontra Cama\u00e7ari","twitter:description":"A OAB-BA anunciou a instala\u00e7\u00e3o da 3\u00aa Vara C\u00edvel em Cama\u00e7ari para melhorar o acesso \u00e0 Justi\u00e7a."},"aioseo_meta_data":{"post_id":"255","title":null,"description":null,"keywords":null,"keyphrases":null,"primary_term":null,"canonical_url":null,"og_title":null,"og_description":null,"og_object_type":"default","og_image_type":"default","og_image_url":null,"og_image_width":null,"og_image_height":null,"og_image_custom_url":null,"og_image_custom_fields":null,"og_video":null,"og_custom_url":null,"og_article_section":null,"og_article_tags":null,"twitter_use_og":false,"twitter_card":"default","twitter_image_type":"default","twitter_image_url":null,"twitter_image_custom_url":null,"twitter_image_custom_fields":null,"twitter_title":null,"twitter_description":null,"schema":{"blockGraphs":[],"customGraphs":[],"default":{"data":{"Article":[],"Course":[],"Dataset":[],"FAQPage":[],"Movie":[],"Person":[],"Product":[],"ProductReview":[],"Car":[],"Recipe":[],"Service":[],"SoftwareApplication":[],"WebPage":[]},"graphName":"BlogPosting","isEnabled":true},"graphs":[]},"schema_type":"default","schema_type_options":null,"pillar_content":false,"robots_default":true,"robots_noindex":false,"robots_noarchive":false,"robots_nosnippet":false,"robots_nofollow":false,"robots_noimageindex":false,"robots_noodp":false,"robots_notranslate":false,"robots_max_snippet":null,"robots_max_videopreview":null,"robots_max_imagepreview":"large","priority":null,"frequency":null,"local_seo":null,"limit_modified_date":false,"created":"2025-10-30 18:38:25","updated":"2026-08-05 23:31:54","focus_keyword":null,"additional_keywords":null,"truseo_locale":null,"ai":null,"breadcrumb_settings":null,"seo_analyzer_scan_date":null},"aioseo_breadcrumb":"<div class=\"aioseo-breadcrumbs\"><span class=\"aioseo-breadcrumb\">\n\t\t\t<a href=\"https:\/\/www.encontracamacari.com.br\/sobre\" title=\"Home\">Home<\/a>\n\t\t<\/span><span class=\"aioseo-breadcrumb-separator\">&raquo;<\/span><span class=\"aioseo-breadcrumb\">\n\t\t\t<a href=\"https:\/\/www.encontracamacari.com.br\/sobre\/noticias-em-camacari\/\" title=\"Not\u00edcias Cama\u00e7ari\">Not\u00edcias Cama\u00e7ari<\/a>\n\t\t<\/span><span class=\"aioseo-breadcrumb-separator\">&raquo;<\/span><span class=\"aioseo-breadcrumb\">\n\t\t\tAp\u00f3s atua\u00e7\u00e3o da OAB\n\t\t<\/span><\/div>","aioseo_breadcrumb_json":[{"label":"Home","link":"https:\/\/www.encontracamacari.com.br\/sobre"},{"label":"Not\u00edcias Cama\u00e7ari","link":"https:\/\/www.encontracamacari.com.br\/sobre\/noticias-em-camacari\/"},{"label":"Ap\u00f3s atua\u00e7\u00e3o da OAB","link":"https:\/\/www.encontracamacari.com.br\/sobre\/apos-atuacao-da-oab\/"}],"_links":{"self":[{"href":"https:\/\/www.encontracamacari.com.br\/sobre\/wp-json\/wp\/v2\/posts\/255","targetHints":{"allow":["GET"]}}],"collection":[{"href":"https:\/\/www.encontracamacari.com.br\/sobre\/wp-json\/wp\/v2\/posts"}],"about":[{"href":"https:\/\/www.encontracamacari.com.br\/sobre\/wp-json\/wp\/v2\/types\/post"}],"author":[{"embeddable":true,"href":"https:\/\/www.encontracamacari.com.br\/sobre\/wp-json\/wp\/v2\/users\/1"}],"replies":[{"embeddable":true,"href":"https:\/\/www.encontracamacari.com.br\/sobre\/wp-json\/wp\/v2\/comments?post=255"}],"version-history":[{"count":0,"href":"https:\/\/www.encontracamacari.com.br\/sobre\/wp-json\/wp\/v2\/posts\/255\/revisions"}],"wp:featuredmedia":[{"embeddable":true,"href":"https:\/\/www.encontracamacari.com.br\/sobre\/wp-json\/wp\/v2\/media\/254"}],"wp:attachment":[{"href":"https:\/\/www.encontracamacari.com.br\/sobre\/wp-json\/wp\/v2\/media?parent=255"}],"wp:term":[{"taxonomy":"category","embeddable":true,"href":"https:\/\/www.encontracamacari.com.br\/sobre\/wp-json\/wp\/v2\/categories?post=255"},{"taxonomy":"post_tag","embeddable":true,"href":"https:\/\/www.encontracamacari.com.br\/sobre\/wp-json\/wp\/v2\/tags?post=255"}],"curies":[{"name":"wp","href":"https:\/\/api.w.org\/{rel}","templated":true}]}}