{"id":252,"date":"2025-10-30T12:50:00","date_gmt":"2025-10-30T12:50:00","guid":{"rendered":"https:\/\/www.encontracamacari.com.br\/sobre\/?p=252"},"modified":"2025-10-30T12:50:00","modified_gmt":"2025-10-30T12:50:00","slug":"camacari-ganha-novo-posto-de-atendimento-do-procon","status":"publish","type":"post","link":"https:\/\/www.encontracamacari.com.br\/sobre\/camacari-ganha-novo-posto-de-atendimento-do-procon\/","title":{"rendered":"Cama\u00e7ari ganha novo posto de atendimento do Procon"},"content":{"rendered":"<div class=\"2410bb7248a64bb1f71103797e0f239b\" data-index=\"1\" style=\"float: none; margin:0px;\">\n<ins class=\"adsbygoogle\"\r\n     style=\"display:block\"\r\n     data-ad-client=\"ca-pub-8585364105181520\"\r\n     data-ad-slot=\"8789329856\"\r\n     data-ad-format=\"auto\"\r\n     data-full-width-responsive=\"true\"><\/ins>\r\n<script>\r\n     (adsbygoogle = window.adsbygoogle || []).push({});\r\n<\/script>\n<\/div>\n<h2>O que \u00e9 o Procon-Ba?<\/h2>\n<p>O <strong>Procon-Ba<\/strong>, ou <em>Programa de Prote\u00e7\u00e3o e Defesa do Consumidor da Bahia<\/em>, \u00e9 um \u00f3rg\u00e3o do Governo do Estado da Bahia que tem como principal objetivo defender os direitos dos consumidores. Criado em 1991, o Procon-Ba atua na fiscaliza\u00e7\u00e3o e regulamenta\u00e7\u00e3o das rela\u00e7\u00f5es de consumo, buscando promover um ambiente de consumo mais justo e equilibrado.<\/p>\n<h2>Import\u00e2ncia da Prote\u00e7\u00e3o ao Consumidor<\/h2>\n<p>A prote\u00e7\u00e3o ao consumidor \u00e9 fundamental por v\u00e1rias raz\u00f5es:<\/p>\n<ul>\n<li><strong>Fomentar a Justi\u00e7a:<\/strong> Garantir que os consumidores tenham acesso a informa\u00e7\u00f5es claras e completas sobre produtos e servi\u00e7os.<\/li>\n<li><strong>Estimular a Competi\u00e7\u00e3o:<\/strong> Promover a concorr\u00eancia saud\u00e1vel entre empresas resulta em melhores pre\u00e7os e qualidade para os consumidores.<\/li>\n<li><strong>Educando os Consumidores:<\/strong> O Procon-Ba tamb\u00e9m tem um papel educativo, informando os cidad\u00e3os sobre seus direitos e deveres.<\/li>\n<li><strong>Prevenir Abusos:<\/strong> A atua\u00e7\u00e3o do \u00f3rg\u00e3o visa prevenir pr\u00e1ticas comerciais abusivas, como publicidade enganosa e venda casada.<\/li>\n<\/ul>\n<h2>Localiza\u00e7\u00e3o do Novo Posto<\/h2>\n<p>O novo <strong>posto de atendimento do Procon-Ba<\/strong> em Cama\u00e7ari est\u00e1 estrategicamente localizado para facilitar o acesso dos cidad\u00e3os. A unidade se encontra na <strong>Rua (inserir nome da rua), n\u00ba (inserir n\u00famero), Centro \u2013 Cama\u00e7ari<\/strong>. A localiza\u00e7\u00e3o \u00e9 de f\u00e1cil acesso e pr\u00f3xima a outros servi\u00e7os p\u00fablicos.<\/p>\n<h2>Servi\u00e7os Oferecidos na Unidade<\/h2>\n<p>O novo posto oferecer\u00e1 diversos servi\u00e7os essenciais para os cidad\u00e3os, incluindo:<\/p>\n<ul>\n<li><strong>Registro de Reclama\u00e7\u00f5es:<\/strong> Recep\u00e7\u00e3o e an\u00e1lise de queixas relacionadas a produtos e servi\u00e7os.<\/li>\n<li><strong>Orienta\u00e7\u00e3o ao Consumidor:<\/strong> Aux\u00edlio para entender direitos, deveres e como proceder em casos de conflitos.<\/li>\n<li><strong>Media\u00e7\u00e3o de Conflitos:<\/strong> Facilita\u00e7\u00e3o de di\u00e1logos entre consumidores e empresas para resolu\u00e7\u00e3o de problemas.<\/li>\n<li><strong>Educa\u00e7\u00e3o para o Consumo:<\/strong> Palestras e workshops sobre consumo consciente e direitos do consumidor.<\/li>\n<\/ul>\n<h2>Hor\u00e1rio de Funcionamento<\/h2>\n<p>O novo posto do Procon-Ba em Cama\u00e7ari funcionar\u00e1 em hor\u00e1rio ampliado para melhor atender a popula\u00e7\u00e3o:<\/p>\n<ul>\n<li><strong>Segunda a sexta-feira:<\/strong> das 8h \u00e0s 17h.<\/li>\n<li><strong>S\u00e1bado:<\/strong> limitado a atendimentos emergenciais, mediante agendamento pr\u00e9vio.<\/li>\n<\/ul>\n<h2>Como Registrar Reclama\u00e7\u00f5es<\/h2>\n<p>Para registrar uma reclama\u00e7\u00e3o no novo posto do Procon-Ba, o cidad\u00e3o deve seguir algumas etapas:<br \/>1. Descrever detalhadamente a situa\u00e7\u00e3o, incluindo datas e locais.<br \/>2. Apresentar documenta\u00e7\u00e3o que comprove a reclama\u00e7\u00e3o, como notas fiscais, contratos e comprovantes de pagamento.<br \/>3. Visitar o posto ou acessar o site oficial do Procon-Ba para preenchimento do formul\u00e1rio eletr\u00f4nico.<\/p><div class=\"2410bb7248a64bb1f71103797e0f239b\" data-index=\"2\" style=\"float: none; margin:0px;\">\n<ins class=\"adsbygoogle\"\r\n     style=\"display:block; text-align:center;\"\r\n     data-ad-layout=\"in-article\"\r\n     data-ad-format=\"fluid\"\r\n     data-ad-client=\"ca-pub-8585364105181520\"\r\n     data-ad-slot=\"2899217073\"><\/ins>\r\n<script>\r\n     (adsbygoogle = window.adsbygoogle || []).push({});\r\n<\/script>\r\n\r\n<\/br><\/br>\n<\/div>\n\n<h2>Benef\u00edcios para os Consumidores<\/h2>\n<p>Os cidad\u00e3os de Cama\u00e7ari ter\u00e3o diversos benef\u00edcios com a cria\u00e7\u00e3o do novo posto do Procon-Ba:<\/p>\n<ul>\n<li><strong>Facilidade de Acesso:<\/strong> A unidade est\u00e1 mais pr\u00f3xima, facilitando o atendimento.<\/li>\n<li><strong>Maior Agilidade:<\/strong> Como \u00e9 uma nova unidade, espera-se um atendimento mais r\u00e1pido e eficiente.<\/li>\n<li><strong>Atendimentos Espec\u00edficos:<\/strong> Os servi\u00e7os ser\u00e3o adaptados \u00e0s necessidades da popula\u00e7\u00e3o local.<\/li>\n<li><strong>Recebimento de Orienta\u00e7\u00f5es Diretas:<\/strong> Os consumidores poder\u00e3o obter informa\u00e7\u00f5es imediatas sobre seus direitos.<\/li>\n<\/ul>\n<h2>Hist\u00f3rico do Procon na Bahia<\/h2>\n<p>O Procon-Ba tem um longo hist\u00f3rico de atua\u00e7\u00e3o na Bahia, com diversas conquistas para a defesa do consumidor, como:<\/p>\n<ul>\n<li><strong>Atua\u00e7\u00e3o em grandes eventos:<\/strong> O \u00f3rg\u00e3o tem hist\u00f3rico de fiscaliza\u00e7\u00e3o em eventos como festas e festivais para assegurar que os direitos dos consumidores sejam respeitados.<\/li>\n<li><strong>Parcerias com outros \u00f3rg\u00e3os:<\/strong> Colabora\u00e7\u00f5es com o Minist\u00e9rio P\u00fablico e outras institui\u00e7\u00f5es para promover a defesa do consumidor.<\/li>\n<li><strong>Campanhas de Educa\u00e7\u00e3o:<\/strong> Anualmente, o Procon realiza campanhas de educa\u00e7\u00e3o e conscientiza\u00e7\u00e3o sobre os direitos dos consumidores.<\/li>\n<\/ul>\n<h2>A Rede SAC e sua Relev\u00e2ncia<\/h2>\n<p>A <strong>Rede SAC<\/strong> (Servi\u00e7o de Atendimento ao Cidad\u00e3o) \u00e9 crucial para a intera\u00e7\u00e3o entre o p\u00fablico e o governo. A relev\u00e2ncia da Rede SAC inclui:<\/p>\n<ul>\n<li><strong>Integra\u00e7\u00e3o de Servi\u00e7os:<\/strong> O SAC oferece acesso a diversos servi\u00e7os em um \u00fanico local, otimizando o atendimento ao cidad\u00e3o.<\/li>\n<li><strong>Facilidade de Acesso:<\/strong> Com v\u00e1rias unidades espalhadas pelo estado, os cidad\u00e3os podem acessar servi\u00e7os sem se deslocar muito.<\/li>\n<li><strong>Informa\u00e7\u00e3o Consolidada:<\/strong> O SAC fornece informa\u00e7\u00f5es sobre os direitos do consumidor, al\u00e9m dos servi\u00e7os do Procon.<\/li>\n<\/ul>\n<h2>Eventos de Inaugura\u00e7\u00e3o do Posto<\/h2>\n<p>A inaugura\u00e7\u00e3o do novo posto do Procon-Ba em Cama\u00e7ari ser\u00e1 marcada por eventos especiais, que incluem:<\/p>\n<ul>\n<li><strong>Cerim\u00f4nia Oficial:<\/strong> Um evento que contar\u00e1 com a presen\u00e7a de autoridades locais e regionais.<\/li>\n<li><strong>Palestras Educativas:<\/strong> Sess\u00f5es informativas sobre direitos do consumidor e a import\u00e2ncia do Procon.<\/li>\n<li><strong>Atendimentos Inaugurais:<\/strong> Ofertas de atendimentos especiais durante o evento para incentivar os cidad\u00e3os a conhecerem os servi\u00e7os dispon\u00edveis.<\/li>\n<\/ul>\n<div class=\"2410bb7248a64bb1f71103797e0f239b\" data-index=\"3\" style=\"float: none; margin:0px;\">\n<\/br><\/br>\r\n\r\n<ins class=\"adsbygoogle\"\r\n     style=\"display:block\"\r\n     data-ad-format=\"fluid\"\r\n     data-ad-layout-key=\"-63+do+n-1s+9e\"\r\n     data-ad-client=\"ca-pub-8585364105181520\"\r\n     data-ad-slot=\"6838462089\"><\/ins>\r\n<script>\r\n     (adsbygoogle = window.adsbygoogle || []).push({});\r\n<\/script>\n<\/div>\n\n<div style=\"font-size: 0px; height: 0px; line-height: 0px; margin: 0; padding: 0; clear: both;\"><\/div>","protected":false},"excerpt":{"rendered":"<p>Cama\u00e7ari agora conta com um novo posto do Procon-Ba para atendimento ao cidad\u00e3o!<\/p>\n","protected":false},"author":1,"featured_media":251,"comment_status":"open","ping_status":"closed","sticky":false,"template":"","format":"standard","meta":{"footnotes":""},"categories":[1],"tags":[],"class_list":["post-252","post","type-post","status-publish","format-standard","has-post-thumbnail","hentry","category-noticias-em-camacari","has_thumb"],"aioseo_notices":[],"aioseo_head":"\n\t\t<!-- All in One SEO 5.0.0.1 - aioseo.com -->\n\t<meta name=\"description\" content=\"Cama\u00e7ari agora conta com um novo posto do Procon-Ba para atendimento ao cidad\u00e3o!\" \/>\n\t<meta name=\"robots\" content=\"max-image-preview:large\" \/>\n\t<meta name=\"author\" content=\"Encontra Cama\u00e7ari\"\/>\n\t<link rel=\"canonical\" href=\"https:\/\/www.encontracamacari.com.br\/sobre\/camacari-ganha-novo-posto-de-atendimento-do-procon\/\" \/>\n\t<meta name=\"generator\" content=\"All in One SEO (AIOSEO) 5.0.0.1\" \/>\n\t\t<meta property=\"og:locale\" content=\"pt_BR\" \/>\n\t\t<meta property=\"og:site_name\" content=\"Encontra Cama\u00e7ari - Not\u00edcias, eventos, informa\u00e7\u00f5es e dicas na cidade de Cama\u00e7ari e regi\u00e3o.\" \/>\n\t\t<meta property=\"og:type\" content=\"article\" \/>\n\t\t<meta property=\"og:title\" content=\"Cama\u00e7ari ganha novo posto de atendimento do Procon - Encontra Cama\u00e7ari\" \/>\n\t\t<meta property=\"og:description\" content=\"Cama\u00e7ari agora conta com um novo posto do Procon-Ba para atendimento ao cidad\u00e3o!\" \/>\n\t\t<meta property=\"og:url\" content=\"https:\/\/www.encontracamacari.com.br\/sobre\/camacari-ganha-novo-posto-de-atendimento-do-procon\/\" \/>\n\t\t<meta property=\"article:published_time\" content=\"2025-10-30T12:50:00+00:00\" \/>\n\t\t<meta property=\"article:modified_time\" content=\"2025-10-30T12:50:00+00:00\" \/>\n\t\t<meta name=\"twitter:card\" content=\"summary_large_image\" \/>\n\t\t<meta name=\"twitter:title\" content=\"Cama\u00e7ari ganha novo posto de atendimento do Procon - Encontra Cama\u00e7ari\" \/>\n\t\t<meta name=\"twitter:description\" content=\"Cama\u00e7ari agora conta com um novo posto do Procon-Ba para atendimento ao cidad\u00e3o!\" \/>\n\t\t<script type=\"application\/ld+json\" class=\"aioseo-schema\">\n\t\t\t{\"@context\":\"https:\\\/\\\/schema.org\",\"@graph\":[{\"@type\":\"BlogPosting\",\"@id\":\"https:\\\/\\\/www.encontracamacari.com.br\\\/sobre\\\/camacari-ganha-novo-posto-de-atendimento-do-procon\\\/#blogposting\",\"name\":\"Cama\\u00e7ari ganha novo posto de atendimento do Procon - Encontra Cama\\u00e7ari\",\"headline\":\"Cama\\u00e7ari ganha novo posto de atendimento do Procon\",\"author\":{\"@id\":\"https:\\\/\\\/www.encontracamacari.com.br\\\/sobre\\\/author\\\/ecamacari\\\/#author\"},\"publisher\":{\"@id\":\"https:\\\/\\\/www.encontracamacari.com.br\\\/sobre\\\/#organization\"},\"image\":{\"@type\":\"ImageObject\",\"url\":\"https:\\\/\\\/www.encontracamacari.com.br\\\/sobre\\\/wp-content\\\/uploads\\\/2025\\\/10\\\/camacari-ganha-novo-posto-de-atendimento-do-procon.webp\",\"width\":320,\"height\":280,\"caption\":\"posto de atendimento do Procon-Ba\"},\"datePublished\":\"2025-10-30T12:50:00+00:00\",\"dateModified\":\"2025-10-30T12:50:00+00:00\",\"inLanguage\":\"pt-BR\",\"mainEntityOfPage\":{\"@id\":\"https:\\\/\\\/www.encontracamacari.com.br\\\/sobre\\\/camacari-ganha-novo-posto-de-atendimento-do-procon\\\/#webpage\"},\"isPartOf\":{\"@id\":\"https:\\\/\\\/www.encontracamacari.com.br\\\/sobre\\\/camacari-ganha-novo-posto-de-atendimento-do-procon\\\/#webpage\"},\"articleSection\":\"Not\\u00edcias Cama\\u00e7ari\"},{\"@type\":\"BreadcrumbList\",\"@id\":\"https:\\\/\\\/www.encontracamacari.com.br\\\/sobre\\\/camacari-ganha-novo-posto-de-atendimento-do-procon\\\/#breadcrumblist\",\"itemListElement\":[{\"@type\":\"ListItem\",\"@id\":\"https:\\\/\\\/www.encontracamacari.com.br\\\/sobre#listItem\",\"position\":1,\"name\":\"Home\",\"item\":\"https:\\\/\\\/www.encontracamacari.com.br\\\/sobre\",\"nextItem\":{\"@type\":\"ListItem\",\"@id\":\"https:\\\/\\\/www.encontracamacari.com.br\\\/sobre\\\/noticias-em-camacari\\\/#listItem\",\"name\":\"Not\\u00edcias Cama\\u00e7ari\"}},{\"@type\":\"ListItem\",\"@id\":\"https:\\\/\\\/www.encontracamacari.com.br\\\/sobre\\\/noticias-em-camacari\\\/#listItem\",\"position\":2,\"name\":\"Not\\u00edcias Cama\\u00e7ari\",\"item\":\"https:\\\/\\\/www.encontracamacari.com.br\\\/sobre\\\/noticias-em-camacari\\\/\",\"nextItem\":{\"@type\":\"ListItem\",\"@id\":\"https:\\\/\\\/www.encontracamacari.com.br\\\/sobre\\\/camacari-ganha-novo-posto-de-atendimento-do-procon\\\/#listItem\",\"name\":\"Cama\\u00e7ari ganha novo posto de atendimento do Procon\"},\"previousItem\":{\"@type\":\"ListItem\",\"@id\":\"https:\\\/\\\/www.encontracamacari.com.br\\\/sobre#listItem\",\"name\":\"Home\"}},{\"@type\":\"ListItem\",\"@id\":\"https:\\\/\\\/www.encontracamacari.com.br\\\/sobre\\\/camacari-ganha-novo-posto-de-atendimento-do-procon\\\/#listItem\",\"position\":3,\"name\":\"Cama\\u00e7ari ganha novo posto de atendimento do Procon\",\"previousItem\":{\"@type\":\"ListItem\",\"@id\":\"https:\\\/\\\/www.encontracamacari.com.br\\\/sobre\\\/noticias-em-camacari\\\/#listItem\",\"name\":\"Not\\u00edcias Cama\\u00e7ari\"}}]},{\"@type\":\"Organization\",\"@id\":\"https:\\\/\\\/www.encontracamacari.com.br\\\/sobre\\\/#organization\",\"name\":\"Encontra Cama\\u00e7ari\",\"description\":\"Not\\u00edcias, eventos, informa\\u00e7\\u00f5es e dicas na cidade de Cama\\u00e7ari e regi\\u00e3o.\",\"url\":\"https:\\\/\\\/www.encontracamacari.com.br\\\/sobre\\\/\"},{\"@type\":\"Person\",\"@id\":\"https:\\\/\\\/www.encontracamacari.com.br\\\/sobre\\\/author\\\/ecamacari\\\/#author\",\"url\":\"https:\\\/\\\/www.encontracamacari.com.br\\\/sobre\\\/author\\\/ecamacari\\\/\",\"name\":\"Encontra Cama\\u00e7ari\",\"image\":{\"@type\":\"ImageObject\",\"@id\":\"https:\\\/\\\/www.encontracamacari.com.br\\\/sobre\\\/camacari-ganha-novo-posto-de-atendimento-do-procon\\\/#authorImage\",\"url\":\"https:\\\/\\\/secure.gravatar.com\\\/avatar\\\/507340682b8270222e1f208e23198b6ae7e2c6a1033ae84e99bc6bce4f82a387?s=96&d=mm&r=g\",\"width\":96,\"height\":96,\"caption\":\"Encontra Cama\\u00e7ari\"}},{\"@type\":\"WebPage\",\"@id\":\"https:\\\/\\\/www.encontracamacari.com.br\\\/sobre\\\/camacari-ganha-novo-posto-de-atendimento-do-procon\\\/#webpage\",\"url\":\"https:\\\/\\\/www.encontracamacari.com.br\\\/sobre\\\/camacari-ganha-novo-posto-de-atendimento-do-procon\\\/\",\"name\":\"Cama\\u00e7ari ganha novo posto de atendimento do Procon - Encontra Cama\\u00e7ari\",\"description\":\"Cama\\u00e7ari agora conta com um novo posto do Procon-Ba para atendimento ao cidad\\u00e3o!\",\"inLanguage\":\"pt-BR\",\"isPartOf\":{\"@id\":\"https:\\\/\\\/www.encontracamacari.com.br\\\/sobre\\\/#website\"},\"breadcrumb\":{\"@id\":\"https:\\\/\\\/www.encontracamacari.com.br\\\/sobre\\\/camacari-ganha-novo-posto-de-atendimento-do-procon\\\/#breadcrumblist\"},\"author\":{\"@id\":\"https:\\\/\\\/www.encontracamacari.com.br\\\/sobre\\\/author\\\/ecamacari\\\/#author\"},\"creator\":{\"@id\":\"https:\\\/\\\/www.encontracamacari.com.br\\\/sobre\\\/author\\\/ecamacari\\\/#author\"},\"image\":{\"@type\":\"ImageObject\",\"url\":\"https:\\\/\\\/www.encontracamacari.com.br\\\/sobre\\\/wp-content\\\/uploads\\\/2025\\\/10\\\/camacari-ganha-novo-posto-de-atendimento-do-procon.webp\",\"@id\":\"https:\\\/\\\/www.encontracamacari.com.br\\\/sobre\\\/camacari-ganha-novo-posto-de-atendimento-do-procon\\\/#mainImage\",\"width\":320,\"height\":280,\"caption\":\"posto de atendimento do Procon-Ba\"},\"primaryImageOfPage\":{\"@id\":\"https:\\\/\\\/www.encontracamacari.com.br\\\/sobre\\\/camacari-ganha-novo-posto-de-atendimento-do-procon\\\/#mainImage\"},\"datePublished\":\"2025-10-30T12:50:00+00:00\",\"dateModified\":\"2025-10-30T12:50:00+00:00\"},{\"@type\":\"WebSite\",\"@id\":\"https:\\\/\\\/www.encontracamacari.com.br\\\/sobre\\\/#website\",\"url\":\"https:\\\/\\\/www.encontracamacari.com.br\\\/sobre\\\/\",\"name\":\"Encontra Cama\\u00e7ari\",\"description\":\"Not\\u00edcias, eventos, informa\\u00e7\\u00f5es e dicas na cidade de Cama\\u00e7ari e regi\\u00e3o.\",\"inLanguage\":\"pt-BR\",\"publisher\":{\"@id\":\"https:\\\/\\\/www.encontracamacari.com.br\\\/sobre\\\/#organization\"}}]}\n\t\t<\/script>\n\t\t<!-- All in One SEO -->\n\n","aioseo_head_json":{"title":"Cama\u00e7ari ganha novo posto de atendimento do Procon - Encontra Cama\u00e7ari","description":"Cama\u00e7ari agora conta com um novo posto do Procon-Ba para atendimento ao cidad\u00e3o!","canonical_url":"https:\/\/www.encontracamacari.com.br\/sobre\/camacari-ganha-novo-posto-de-atendimento-do-procon\/","robots":"max-image-preview:large","keywords":"","webmasterTools":{"miscellaneous":""},"schema":{"@context":"https:\/\/schema.org","@graph":[{"@type":"BlogPosting","@id":"https:\/\/www.encontracamacari.com.br\/sobre\/camacari-ganha-novo-posto-de-atendimento-do-procon\/#blogposting","name":"Cama\u00e7ari ganha novo posto de atendimento do Procon - Encontra Cama\u00e7ari","headline":"Cama\u00e7ari ganha novo posto de atendimento do Procon","author":{"@id":"https:\/\/www.encontracamacari.com.br\/sobre\/author\/ecamacari\/#author"},"publisher":{"@id":"https:\/\/www.encontracamacari.com.br\/sobre\/#organization"},"image":{"@type":"ImageObject","url":"https:\/\/www.encontracamacari.com.br\/sobre\/wp-content\/uploads\/2025\/10\/camacari-ganha-novo-posto-de-atendimento-do-procon.webp","width":320,"height":280,"caption":"posto de atendimento do Procon-Ba"},"datePublished":"2025-10-30T12:50:00+00:00","dateModified":"2025-10-30T12:50:00+00:00","inLanguage":"pt-BR","mainEntityOfPage":{"@id":"https:\/\/www.encontracamacari.com.br\/sobre\/camacari-ganha-novo-posto-de-atendimento-do-procon\/#webpage"},"isPartOf":{"@id":"https:\/\/www.encontracamacari.com.br\/sobre\/camacari-ganha-novo-posto-de-atendimento-do-procon\/#webpage"},"articleSection":"Not\u00edcias Cama\u00e7ari"},{"@type":"BreadcrumbList","@id":"https:\/\/www.encontracamacari.com.br\/sobre\/camacari-ganha-novo-posto-de-atendimento-do-procon\/#breadcrumblist","itemListElement":[{"@type":"ListItem","@id":"https:\/\/www.encontracamacari.com.br\/sobre#listItem","position":1,"name":"Home","item":"https:\/\/www.encontracamacari.com.br\/sobre","nextItem":{"@type":"ListItem","@id":"https:\/\/www.encontracamacari.com.br\/sobre\/noticias-em-camacari\/#listItem","name":"Not\u00edcias Cama\u00e7ari"}},{"@type":"ListItem","@id":"https:\/\/www.encontracamacari.com.br\/sobre\/noticias-em-camacari\/#listItem","position":2,"name":"Not\u00edcias Cama\u00e7ari","item":"https:\/\/www.encontracamacari.com.br\/sobre\/noticias-em-camacari\/","nextItem":{"@type":"ListItem","@id":"https:\/\/www.encontracamacari.com.br\/sobre\/camacari-ganha-novo-posto-de-atendimento-do-procon\/#listItem","name":"Cama\u00e7ari ganha novo posto de atendimento do Procon"},"previousItem":{"@type":"ListItem","@id":"https:\/\/www.encontracamacari.com.br\/sobre#listItem","name":"Home"}},{"@type":"ListItem","@id":"https:\/\/www.encontracamacari.com.br\/sobre\/camacari-ganha-novo-posto-de-atendimento-do-procon\/#listItem","position":3,"name":"Cama\u00e7ari ganha novo posto de atendimento do Procon","previousItem":{"@type":"ListItem","@id":"https:\/\/www.encontracamacari.com.br\/sobre\/noticias-em-camacari\/#listItem","name":"Not\u00edcias Cama\u00e7ari"}}]},{"@type":"Organization","@id":"https:\/\/www.encontracamacari.com.br\/sobre\/#organization","name":"Encontra Cama\u00e7ari","description":"Not\u00edcias, eventos, informa\u00e7\u00f5es e dicas na cidade de Cama\u00e7ari e regi\u00e3o.","url":"https:\/\/www.encontracamacari.com.br\/sobre\/"},{"@type":"Person","@id":"https:\/\/www.encontracamacari.com.br\/sobre\/author\/ecamacari\/#author","url":"https:\/\/www.encontracamacari.com.br\/sobre\/author\/ecamacari\/","name":"Encontra Cama\u00e7ari","image":{"@type":"ImageObject","@id":"https:\/\/www.encontracamacari.com.br\/sobre\/camacari-ganha-novo-posto-de-atendimento-do-procon\/#authorImage","url":"https:\/\/secure.gravatar.com\/avatar\/507340682b8270222e1f208e23198b6ae7e2c6a1033ae84e99bc6bce4f82a387?s=96&d=mm&r=g","width":96,"height":96,"caption":"Encontra Cama\u00e7ari"}},{"@type":"WebPage","@id":"https:\/\/www.encontracamacari.com.br\/sobre\/camacari-ganha-novo-posto-de-atendimento-do-procon\/#webpage","url":"https:\/\/www.encontracamacari.com.br\/sobre\/camacari-ganha-novo-posto-de-atendimento-do-procon\/","name":"Cama\u00e7ari ganha novo posto de atendimento do Procon - Encontra Cama\u00e7ari","description":"Cama\u00e7ari agora conta com um novo posto do Procon-Ba para atendimento ao cidad\u00e3o!","inLanguage":"pt-BR","isPartOf":{"@id":"https:\/\/www.encontracamacari.com.br\/sobre\/#website"},"breadcrumb":{"@id":"https:\/\/www.encontracamacari.com.br\/sobre\/camacari-ganha-novo-posto-de-atendimento-do-procon\/#breadcrumblist"},"author":{"@id":"https:\/\/www.encontracamacari.com.br\/sobre\/author\/ecamacari\/#author"},"creator":{"@id":"https:\/\/www.encontracamacari.com.br\/sobre\/author\/ecamacari\/#author"},"image":{"@type":"ImageObject","url":"https:\/\/www.encontracamacari.com.br\/sobre\/wp-content\/uploads\/2025\/10\/camacari-ganha-novo-posto-de-atendimento-do-procon.webp","@id":"https:\/\/www.encontracamacari.com.br\/sobre\/camacari-ganha-novo-posto-de-atendimento-do-procon\/#mainImage","width":320,"height":280,"caption":"posto de atendimento do Procon-Ba"},"primaryImageOfPage":{"@id":"https:\/\/www.encontracamacari.com.br\/sobre\/camacari-ganha-novo-posto-de-atendimento-do-procon\/#mainImage"},"datePublished":"2025-10-30T12:50:00+00:00","dateModified":"2025-10-30T12:50:00+00:00"},{"@type":"WebSite","@id":"https:\/\/www.encontracamacari.com.br\/sobre\/#website","url":"https:\/\/www.encontracamacari.com.br\/sobre\/","name":"Encontra Cama\u00e7ari","description":"Not\u00edcias, eventos, informa\u00e7\u00f5es e dicas na cidade de Cama\u00e7ari e regi\u00e3o.","inLanguage":"pt-BR","publisher":{"@id":"https:\/\/www.encontracamacari.com.br\/sobre\/#organization"}}]},"og:locale":"pt_BR","og:site_name":"Encontra Cama\u00e7ari - Not\u00edcias, eventos, informa\u00e7\u00f5es e dicas na cidade de Cama\u00e7ari e regi\u00e3o.","og:type":"article","og:title":"Cama\u00e7ari ganha novo posto de atendimento do Procon - Encontra Cama\u00e7ari","og:description":"Cama\u00e7ari agora conta com um novo posto do Procon-Ba para atendimento ao cidad\u00e3o!","og:url":"https:\/\/www.encontracamacari.com.br\/sobre\/camacari-ganha-novo-posto-de-atendimento-do-procon\/","article:published_time":"2025-10-30T12:50:00+00:00","article:modified_time":"2025-10-30T12:50:00+00:00","twitter:card":"summary_large_image","twitter:title":"Cama\u00e7ari ganha novo posto de atendimento do Procon - Encontra Cama\u00e7ari","twitter:description":"Cama\u00e7ari agora conta com um novo posto do Procon-Ba para atendimento ao cidad\u00e3o!"},"aioseo_meta_data":{"post_id":"252","title":null,"description":null,"keywords":null,"keyphrases":null,"primary_term":null,"canonical_url":null,"og_title":null,"og_description":null,"og_object_type":"default","og_image_type":"default","og_image_url":null,"og_image_width":null,"og_image_height":null,"og_image_custom_url":null,"og_image_custom_fields":null,"og_video":null,"og_custom_url":null,"og_article_section":null,"og_article_tags":null,"twitter_use_og":false,"twitter_card":"default","twitter_image_type":"default","twitter_image_url":null,"twitter_image_custom_url":null,"twitter_image_custom_fields":null,"twitter_title":null,"twitter_description":null,"schema":{"blockGraphs":[],"customGraphs":[],"default":{"data":{"Article":[],"Course":[],"Dataset":[],"FAQPage":[],"Movie":[],"Person":[],"Product":[],"ProductReview":[],"Car":[],"Recipe":[],"Service":[],"SoftwareApplication":[],"WebPage":[]},"graphName":"","isEnabled":true},"graphs":[]},"schema_type":"default","schema_type_options":null,"pillar_content":false,"robots_default":true,"robots_noindex":false,"robots_noarchive":false,"robots_nosnippet":false,"robots_nofollow":false,"robots_noimageindex":false,"robots_noodp":false,"robots_notranslate":false,"robots_max_snippet":null,"robots_max_videopreview":null,"robots_max_imagepreview":"large","priority":null,"frequency":null,"local_seo":null,"limit_modified_date":false,"created":"2025-10-30 13:13:10","updated":"2026-08-05 23:31:54","focus_keyword":null,"additional_keywords":null,"truseo_locale":null,"ai":null,"breadcrumb_settings":null,"seo_analyzer_scan_date":null},"aioseo_breadcrumb":"<div class=\"aioseo-breadcrumbs\"><span class=\"aioseo-breadcrumb\">\n\t\t\t<a href=\"https:\/\/www.encontracamacari.com.br\/sobre\" title=\"Home\">Home<\/a>\n\t\t<\/span><span class=\"aioseo-breadcrumb-separator\">&raquo;<\/span><span class=\"aioseo-breadcrumb\">\n\t\t\t<a href=\"https:\/\/www.encontracamacari.com.br\/sobre\/noticias-em-camacari\/\" title=\"Not\u00edcias Cama\u00e7ari\">Not\u00edcias Cama\u00e7ari<\/a>\n\t\t<\/span><span class=\"aioseo-breadcrumb-separator\">&raquo;<\/span><span class=\"aioseo-breadcrumb\">\n\t\t\tCama\u00e7ari ganha novo posto de atendimento do Procon\n\t\t<\/span><\/div>","aioseo_breadcrumb_json":[{"label":"Home","link":"https:\/\/www.encontracamacari.com.br\/sobre"},{"label":"Not\u00edcias Cama\u00e7ari","link":"https:\/\/www.encontracamacari.com.br\/sobre\/noticias-em-camacari\/"},{"label":"Cama\u00e7ari ganha novo posto de atendimento do Procon","link":"https:\/\/www.encontracamacari.com.br\/sobre\/camacari-ganha-novo-posto-de-atendimento-do-procon\/"}],"_links":{"self":[{"href":"https:\/\/www.encontracamacari.com.br\/sobre\/wp-json\/wp\/v2\/posts\/252","targetHints":{"allow":["GET"]}}],"collection":[{"href":"https:\/\/www.encontracamacari.com.br\/sobre\/wp-json\/wp\/v2\/posts"}],"about":[{"href":"https:\/\/www.encontracamacari.com.br\/sobre\/wp-json\/wp\/v2\/types\/post"}],"author":[{"embeddable":true,"href":"https:\/\/www.encontracamacari.com.br\/sobre\/wp-json\/wp\/v2\/users\/1"}],"replies":[{"embeddable":true,"href":"https:\/\/www.encontracamacari.com.br\/sobre\/wp-json\/wp\/v2\/comments?post=252"}],"version-history":[{"count":1,"href":"https:\/\/www.encontracamacari.com.br\/sobre\/wp-json\/wp\/v2\/posts\/252\/revisions"}],"predecessor-version":[{"id":253,"href":"https:\/\/www.encontracamacari.com.br\/sobre\/wp-json\/wp\/v2\/posts\/252\/revisions\/253"}],"wp:featuredmedia":[{"embeddable":true,"href":"https:\/\/www.encontracamacari.com.br\/sobre\/wp-json\/wp\/v2\/media\/251"}],"wp:attachment":[{"href":"https:\/\/www.encontracamacari.com.br\/sobre\/wp-json\/wp\/v2\/media?parent=252"}],"wp:term":[{"taxonomy":"category","embeddable":true,"href":"https:\/\/www.encontracamacari.com.br\/sobre\/wp-json\/wp\/v2\/categories?post=252"},{"taxonomy":"post_tag","embeddable":true,"href":"https:\/\/www.encontracamacari.com.br\/sobre\/wp-json\/wp\/v2\/tags?post=252"}],"curies":[{"name":"wp","href":"https:\/\/api.w.org\/{rel}","templated":true}]}}