{"id":250,"date":"2025-10-29T13:58:00","date_gmt":"2025-10-29T13:58:00","guid":{"rendered":"https:\/\/www.encontracamacari.com.br\/sobre\/byd-confirma-montagem-do-song-pro-hibrido-flex-em-camacari-ba\/"},"modified":"2025-10-29T13:58:00","modified_gmt":"2025-10-29T13:58:00","slug":"byd-confirma-montagem-do-song-pro-hibrido-flex-em-camacari-ba","status":"publish","type":"post","link":"https:\/\/www.encontracamacari.com.br\/sobre\/byd-confirma-montagem-do-song-pro-hibrido-flex-em-camacari-ba\/","title":{"rendered":"BYD confirma montagem do Song Pro h\u00edbrido flex em Cama\u00e7ari (BA)"},"content":{"rendered":"<div class=\"2410bb7248a64bb1f71103797e0f239b\" data-index=\"1\" style=\"float: none; margin:0px;\">\n<ins class=\"adsbygoogle\"\r\n     style=\"display:block\"\r\n     data-ad-client=\"ca-pub-8585364105181520\"\r\n     data-ad-slot=\"8789329856\"\r\n     data-ad-format=\"auto\"\r\n     data-full-width-responsive=\"true\"><\/ins>\r\n<script>\r\n     (adsbygoogle = window.adsbygoogle || []).push({});\r\n<\/script>\n<\/div>\n<h2>In\u00edcio da Montagem e Impacto Local<\/h2>\n<p>A montagem do <strong>Song Pro h\u00edbrido flex<\/strong> em <em>Cama\u00e7ari<\/em> representa um marco significativo para a ind\u00fastria automotiva brasileira. A escolha da cidade para este projeto traz um impacto local substancial, tanto econ\u00f4mico quanto social. A instala\u00e7\u00e3o da nova linha de montagem promete gerar milhares de empregos diretos e indiretos, aquecendo a economia local.<\/p>\n<p>Al\u00e9m disso, a montadora BYD, respons\u00e1vel pela produ\u00e7\u00e3o do modelo, mostra um forte compromisso com a comunidade, investindo em forma\u00e7\u00e3o e capacita\u00e7\u00e3o dos profissionais locais. Essa iniciativa n\u00e3o s\u00f3 melhora a empregabilidade, mas tamb\u00e9m transforma Cama\u00e7ari em um polo de tecnologia e inova\u00e7\u00e3o na ind\u00fastria automotiva.<\/p>\n<h2>Caracter\u00edsticas do Song Pro H\u00edbrido Flex<\/h2>\n<p>O <strong>Song Pro h\u00edbrido flex<\/strong> \u00e9 um ve\u00edculo que combina tecnologia e efici\u00eancia. Este modelo \u00e9 conhecido por suas caracter\u00edsticas inovadoras:<\/p>\n<ul>\n<li><strong>Motoriza\u00e7\u00e3o:<\/strong> Equipado com um motor 1.5 turbo, o ve\u00edculo oferece uma pot\u00eancia robusta e uma excelente performance.<\/li>\n<li><strong>Efici\u00eancia Energ\u00e9tica:<\/strong> A tecnologia h\u00edbrida permite um consumo de combust\u00edvel reduzido, contribuindo para a sustentabilidade.<\/li>\n<li><strong>Design Moderno:<\/strong> O carro apresenta um design arrojado, com tra\u00e7os que atraem diversos p\u00fablicos.<\/li>\n<li><strong>Conectividade:<\/strong> Sistema de infotainment avan\u00e7ado, que integra tecnologia de ponta e facilidade de uso.<\/li>\n<li><strong>Sistemas de Seguran\u00e7a:<\/strong> Equipado com os mais modernos dispositivos de seguran\u00e7a, garantindo a prote\u00e7\u00e3o dos ocupantes.<\/li>\n<\/ul>\n<h2>Capacidade Produtiva da Nova F\u00e1brica<\/h2>\n<p>A nova f\u00e1brica em <strong>Cama\u00e7ari<\/strong> tem uma capacidade produtiva impressionante. Com um layout projetado para efici\u00eancia, a linha de montagem poder\u00e1 produzir at\u00e9 150 mil unidades por ano. Isso vai muito al\u00e9m das expectativas iniciais e representa uma resposta \u00e0 crescente demanda por ve\u00edculos sustent\u00e1veis no Brasil e em outros mercados sul-americanos.<\/p>\n<p>A utiliza\u00e7\u00e3o de tecnologia de automa\u00e7\u00e3o e rob\u00f3tica na linha de produ\u00e7\u00e3o n\u00e3o s\u00f3 melhora a efici\u00eancia, mas tamb\u00e9m garante um padr\u00e3o elevado de qualidade. Este investimento em tecnologia reflete diretamente na capacidade da BYD de atender a um mercado cada vez mais exigente.<\/p>\n<h2>O Papel do Governo na Ind\u00fastria Automotiva<\/h2>\n<p>O governo brasileiro tem um papel crucial na consolida\u00e7\u00e3o da ind\u00fastria automotiva, especialmente com os novos investimentos que a BYD trouxe para <em>Cama\u00e7ari<\/em>. Por meio de incentivos fiscais e pol\u00edticas de apoio \u00e0 produ\u00e7\u00e3o sustent\u00e1vel, o governo busca estimular a inova\u00e7\u00e3o e a competitividade do setor.<\/p>\n<p>Essas pol\u00edticas s\u00e3o essenciais para que empresas como a BYD consigam se estabelecer e crescer no Brasil, colaborando para a cria\u00e7\u00e3o de um ambiente favor\u00e1vel. Al\u00e9m disso, a colabora\u00e7\u00e3o entre o p\u00fablico e privado pode amplificar o impacto positivo na economia local e regional.<\/p>\n<h2>Perspectivas para a Mobilidade Sustent\u00e1vel<\/h2>\n<p>Com a montagem do <strong>Song Pro h\u00edbrido flex<\/strong>, as perspectivas para a mobilidade sustent\u00e1vel no Brasil est\u00e3o aumentando consideravelmente. O modelo n\u00e3o apenas atende \u00e0s novas demandas de consumo, mas tamb\u00e9m se alinha com os compromissos ambientais globais. <\/p>\n<p>O ve\u00edculo h\u00edbrido oferece uma alternativa eficiente para os brasileiros que buscam reduzir a pegada de carbono e optar por solu\u00e7\u00f5es energeticamente inteligentes. \u00c0 medida que mais consumidores se conscientizam sobre quest\u00f5es ambientais, a aceita\u00e7\u00e3o de modelos como o <strong>Song Pro<\/strong> dever\u00e1 crescer, alinhando-se a uma nova era de responsabilidade ecol\u00f3gica.<\/p><div class=\"2410bb7248a64bb1f71103797e0f239b\" data-index=\"2\" style=\"float: none; margin:0px;\">\n<ins class=\"adsbygoogle\"\r\n     style=\"display:block; text-align:center;\"\r\n     data-ad-layout=\"in-article\"\r\n     data-ad-format=\"fluid\"\r\n     data-ad-client=\"ca-pub-8585364105181520\"\r\n     data-ad-slot=\"2899217073\"><\/ins>\r\n<script>\r\n     (adsbygoogle = window.adsbygoogle || []).push({});\r\n<\/script>\r\n\r\n<\/br><\/br>\n<\/div>\n\n<h2>Recep\u00e7\u00e3o do P\u00fablico e Perspectivas de Vendas<\/h2>\n<p>A recep\u00e7\u00e3o do p\u00fablico ao <strong>Song Pro h\u00edbrido flex<\/strong> tem sido bastante positiva. Especialistas e consumidores elogiam as caracter\u00edsticas do modelo, que incorporam design, tecnologia e efici\u00eancia. As expectativas de vendas para o modelo s\u00e3o promissoras, especialmente considerando o nicho crescente de consumidores que buscam ve\u00edculos h\u00edbridos e el\u00e9tricos.<\/p>\n<p>Com uma estrat\u00e9gia de marketing robusta e engajamento ativo nas redes sociais, a BYD pretende aumentar ainda mais o conhecimento da marca e do produto. A empolga\u00e7\u00e3o em torno do lan\u00e7amento tamb\u00e9m se deve ao suporte de comunidades locais e grupos ambientalistas, que veem a montadora como uma aliada no combate \u00e0s mudan\u00e7as clim\u00e1ticas.<\/p>\n<h2>Inova\u00e7\u00e3o e Tecnologia na Produ\u00e7\u00e3o Local<\/h2>\n<p>A montagem do <strong>Song Pro<\/strong> em <em>Cama\u00e7ari<\/em> tem um forte componente de inova\u00e7\u00e3o tecnol\u00f3gica. A linha de montagem integra processos de fabrica\u00e7\u00e3o avan\u00e7ados, incluindo o uso de impress\u00e3o 3D para pe\u00e7as e componentes. Isso n\u00e3o apenas acelera a produ\u00e7\u00e3o, mas tamb\u00e9m permite uma personaliza\u00e7\u00e3o superior dos ve\u00edculos.<\/p>\n<p>Al\u00e9m disso, a utiliza\u00e7\u00e3o de intelig\u00eancia artificial em diversas etapas do processo produtivo garante um controle de qualidade sem precedentes. O foco na tecnologia n\u00e3o s\u00f3 beneficia a produ\u00e7\u00e3o, mas tamb\u00e9m torna o modelo mais competitivo no mercado internacional.<\/p>\n<h2>Desafios da Ind\u00fastria Automotiva Brasileira<\/h2>\n<p>Apesar do otimismo em rela\u00e7\u00e3o \u00e0 montagem do <strong>Song Pro<\/strong>, a ind\u00fastria automotiva brasileira enfrenta uma s\u00e9rie de desafios. Entre eles, destacam-se a instabilidade econ\u00f4mica e a necessidade de infraestrutura adequada para suportar um aumento na produ\u00e7\u00e3o de ve\u00edculos el\u00e9tricos e h\u00edbridos.<\/p>\n<p>Outro desafio importante \u00e9 a forma\u00e7\u00e3o de m\u00e3o de obra qualificada. Para impulsionar a ind\u00fastria automotiva, \u00e9 crucial que haja investimentos em educa\u00e7\u00e3o e capacita\u00e7\u00e3o profissional, garantindo assim que os trabalhadores brasileiros estejam prontos para os empregos do futuro.<\/p>\n<h2>A Relev\u00e2ncia do Investimento da BYD<\/h2>\n<p>O investimento da BYD em <em>Cama\u00e7ari<\/em> n\u00e3o \u00e9 apenas uma estrat\u00e9gia de expans\u00e3o; \u00e9 tamb\u00e9m uma resposta ao apelo global por mais solu\u00e7\u00f5es de transporte sustent\u00e1veis. A decis\u00e3o de montar a f\u00e1brica na regi\u00e3o \u00e9 uma contribui\u00e7\u00e3o significativa para o desenvolvimento econ\u00f4mico local.<\/p>\n<p>Al\u00e9m disso, a presen\u00e7a da BYD \u00e9 um sinal de que o Brasil pode ser um destino atraente para outras montadoras. A combina\u00e7\u00e3o de incentivos governamentais e um mercado em ascens\u00e3o ajuda a criar um ambiente competitivo e inovador.<\/p>\n<h2>Expectativas para Futuros Lan\u00e7amentos<\/h2>\n<p>Com o sucesso do <strong>Song Pro h\u00edbrido flex<\/strong>, as expectativas para futuros lan\u00e7amentos da BYD s\u00e3o elevadas. A empresa j\u00e1 sinalizou planos para expandir sua linha de produtos, incluindo modelos totalmente el\u00e9tricos. Esta estrat\u00e9gia aponta para uma diversifica\u00e7\u00e3o que atender\u00e1 a todas as faixas de consumidores.<\/p>\n<p>A inova\u00e7\u00e3o cont\u00ednua ser\u00e1 central nesse processo. Com a evolu\u00e7\u00e3o da tecnologia, a BYD deve continuar investindo em pesquisa e desenvolvimento, o que pode resultar em ve\u00edculos ainda mais eficientes e conectados. Os pr\u00f3ximos anos prometem ser excitantes para a ind\u00fastria automotiva brasileira, impulsionados por iniciativas como a montagem em <strong>Cama\u00e7ari<\/strong>.<\/p>\n<div class=\"2410bb7248a64bb1f71103797e0f239b\" data-index=\"3\" style=\"float: none; margin:0px;\">\n<\/br><\/br>\r\n\r\n<ins class=\"adsbygoogle\"\r\n     style=\"display:block\"\r\n     data-ad-format=\"fluid\"\r\n     data-ad-layout-key=\"-63+do+n-1s+9e\"\r\n     data-ad-client=\"ca-pub-8585364105181520\"\r\n     data-ad-slot=\"6838462089\"><\/ins>\r\n<script>\r\n     (adsbygoogle = window.adsbygoogle || []).push({});\r\n<\/script>\n<\/div>\n\n<div style=\"font-size: 0px; height: 0px; line-height: 0px; margin: 0; padding: 0; clear: both;\"><\/div>","protected":false},"excerpt":{"rendered":"<p>A montagem do Song Pro h\u00edbrido flex em Cama\u00e7ari marca um novo cap\u00edtulo para a ind\u00fastria automotiva brasileira.<\/p>\n","protected":false},"author":1,"featured_media":249,"comment_status":"open","ping_status":"closed","sticky":false,"template":"","format":"standard","meta":{"footnotes":""},"categories":[1],"tags":[],"class_list":["post-250","post","type-post","status-publish","format-standard","has-post-thumbnail","hentry","category-noticias-em-camacari","has_thumb"],"aioseo_notices":[],"aioseo_head":"\n\t\t<!-- All in One SEO 5.0.0.1 - aioseo.com -->\n\t<meta name=\"description\" content=\"A montagem do Song Pro h\u00edbrido flex em Cama\u00e7ari marca um novo cap\u00edtulo para a ind\u00fastria automotiva brasileira.\" \/>\n\t<meta name=\"robots\" content=\"max-image-preview:large\" \/>\n\t<meta name=\"author\" content=\"Encontra Cama\u00e7ari\"\/>\n\t<link rel=\"canonical\" href=\"https:\/\/www.encontracamacari.com.br\/sobre\/byd-confirma-montagem-do-song-pro-hibrido-flex-em-camacari-ba\/\" \/>\n\t<meta name=\"generator\" content=\"All in One SEO (AIOSEO) 5.0.0.1\" \/>\n\t\t<meta property=\"og:locale\" content=\"pt_BR\" \/>\n\t\t<meta property=\"og:site_name\" content=\"Encontra Cama\u00e7ari - Not\u00edcias, eventos, informa\u00e7\u00f5es e dicas na cidade de Cama\u00e7ari e regi\u00e3o.\" \/>\n\t\t<meta property=\"og:type\" content=\"article\" \/>\n\t\t<meta property=\"og:title\" content=\"BYD confirma montagem do Song Pro h\u00edbrido flex em Cama\u00e7ari (BA) - Encontra Cama\u00e7ari\" \/>\n\t\t<meta property=\"og:description\" content=\"A montagem do Song Pro h\u00edbrido flex em Cama\u00e7ari marca um novo cap\u00edtulo para a ind\u00fastria automotiva brasileira.\" \/>\n\t\t<meta property=\"og:url\" content=\"https:\/\/www.encontracamacari.com.br\/sobre\/byd-confirma-montagem-do-song-pro-hibrido-flex-em-camacari-ba\/\" \/>\n\t\t<meta property=\"article:published_time\" content=\"2025-10-29T13:58:00+00:00\" \/>\n\t\t<meta property=\"article:modified_time\" content=\"2025-10-29T13:58:00+00:00\" \/>\n\t\t<meta name=\"twitter:card\" content=\"summary_large_image\" \/>\n\t\t<meta name=\"twitter:title\" content=\"BYD confirma montagem do Song Pro h\u00edbrido flex em Cama\u00e7ari (BA) - Encontra Cama\u00e7ari\" \/>\n\t\t<meta name=\"twitter:description\" content=\"A montagem do Song Pro h\u00edbrido flex em Cama\u00e7ari marca um novo cap\u00edtulo para a ind\u00fastria automotiva brasileira.\" \/>\n\t\t<script type=\"application\/ld+json\" class=\"aioseo-schema\">\n\t\t\t{\"@context\":\"https:\\\/\\\/schema.org\",\"@graph\":[{\"@type\":\"BlogPosting\",\"@id\":\"https:\\\/\\\/www.encontracamacari.com.br\\\/sobre\\\/byd-confirma-montagem-do-song-pro-hibrido-flex-em-camacari-ba\\\/#blogposting\",\"name\":\"BYD confirma montagem do Song Pro h\\u00edbrido flex em Cama\\u00e7ari (BA) - Encontra Cama\\u00e7ari\",\"headline\":\"BYD confirma montagem do Song Pro h\\u00edbrido flex em Cama\\u00e7ari (BA)\",\"author\":{\"@id\":\"https:\\\/\\\/www.encontracamacari.com.br\\\/sobre\\\/author\\\/ecamacari\\\/#author\"},\"publisher\":{\"@id\":\"https:\\\/\\\/www.encontracamacari.com.br\\\/sobre\\\/#organization\"},\"image\":{\"@type\":\"ImageObject\",\"url\":\"https:\\\/\\\/www.encontracamacari.com.br\\\/sobre\\\/wp-content\\\/uploads\\\/2025\\\/10\\\/byd-confirma-montagem-do-song-pro-hibrido-flex-em-camacari-ba.webp\",\"width\":320,\"height\":280,\"caption\":\"montagem do Song Pro h\\u00edbrido flex em Cama\\u00e7ari\"},\"datePublished\":\"2025-10-29T13:58:00+00:00\",\"dateModified\":\"2025-10-29T13:58:00+00:00\",\"inLanguage\":\"pt-BR\",\"mainEntityOfPage\":{\"@id\":\"https:\\\/\\\/www.encontracamacari.com.br\\\/sobre\\\/byd-confirma-montagem-do-song-pro-hibrido-flex-em-camacari-ba\\\/#webpage\"},\"isPartOf\":{\"@id\":\"https:\\\/\\\/www.encontracamacari.com.br\\\/sobre\\\/byd-confirma-montagem-do-song-pro-hibrido-flex-em-camacari-ba\\\/#webpage\"},\"articleSection\":\"Not\\u00edcias Cama\\u00e7ari\"},{\"@type\":\"BreadcrumbList\",\"@id\":\"https:\\\/\\\/www.encontracamacari.com.br\\\/sobre\\\/byd-confirma-montagem-do-song-pro-hibrido-flex-em-camacari-ba\\\/#breadcrumblist\",\"itemListElement\":[{\"@type\":\"ListItem\",\"@id\":\"https:\\\/\\\/www.encontracamacari.com.br\\\/sobre#listItem\",\"position\":1,\"name\":\"Home\",\"item\":\"https:\\\/\\\/www.encontracamacari.com.br\\\/sobre\",\"nextItem\":{\"@type\":\"ListItem\",\"@id\":\"https:\\\/\\\/www.encontracamacari.com.br\\\/sobre\\\/noticias-em-camacari\\\/#listItem\",\"name\":\"Not\\u00edcias Cama\\u00e7ari\"}},{\"@type\":\"ListItem\",\"@id\":\"https:\\\/\\\/www.encontracamacari.com.br\\\/sobre\\\/noticias-em-camacari\\\/#listItem\",\"position\":2,\"name\":\"Not\\u00edcias Cama\\u00e7ari\",\"item\":\"https:\\\/\\\/www.encontracamacari.com.br\\\/sobre\\\/noticias-em-camacari\\\/\",\"nextItem\":{\"@type\":\"ListItem\",\"@id\":\"https:\\\/\\\/www.encontracamacari.com.br\\\/sobre\\\/byd-confirma-montagem-do-song-pro-hibrido-flex-em-camacari-ba\\\/#listItem\",\"name\":\"BYD confirma montagem do Song Pro h\\u00edbrido flex em Cama\\u00e7ari (BA)\"},\"previousItem\":{\"@type\":\"ListItem\",\"@id\":\"https:\\\/\\\/www.encontracamacari.com.br\\\/sobre#listItem\",\"name\":\"Home\"}},{\"@type\":\"ListItem\",\"@id\":\"https:\\\/\\\/www.encontracamacari.com.br\\\/sobre\\\/byd-confirma-montagem-do-song-pro-hibrido-flex-em-camacari-ba\\\/#listItem\",\"position\":3,\"name\":\"BYD confirma montagem do Song Pro h\\u00edbrido flex em Cama\\u00e7ari (BA)\",\"previousItem\":{\"@type\":\"ListItem\",\"@id\":\"https:\\\/\\\/www.encontracamacari.com.br\\\/sobre\\\/noticias-em-camacari\\\/#listItem\",\"name\":\"Not\\u00edcias Cama\\u00e7ari\"}}]},{\"@type\":\"Organization\",\"@id\":\"https:\\\/\\\/www.encontracamacari.com.br\\\/sobre\\\/#organization\",\"name\":\"Encontra Cama\\u00e7ari\",\"description\":\"Not\\u00edcias, eventos, informa\\u00e7\\u00f5es e dicas na cidade de Cama\\u00e7ari e regi\\u00e3o.\",\"url\":\"https:\\\/\\\/www.encontracamacari.com.br\\\/sobre\\\/\"},{\"@type\":\"Person\",\"@id\":\"https:\\\/\\\/www.encontracamacari.com.br\\\/sobre\\\/author\\\/ecamacari\\\/#author\",\"url\":\"https:\\\/\\\/www.encontracamacari.com.br\\\/sobre\\\/author\\\/ecamacari\\\/\",\"name\":\"Encontra Cama\\u00e7ari\",\"image\":{\"@type\":\"ImageObject\",\"@id\":\"https:\\\/\\\/www.encontracamacari.com.br\\\/sobre\\\/byd-confirma-montagem-do-song-pro-hibrido-flex-em-camacari-ba\\\/#authorImage\",\"url\":\"https:\\\/\\\/secure.gravatar.com\\\/avatar\\\/507340682b8270222e1f208e23198b6ae7e2c6a1033ae84e99bc6bce4f82a387?s=96&d=mm&r=g\",\"width\":96,\"height\":96,\"caption\":\"Encontra Cama\\u00e7ari\"}},{\"@type\":\"WebPage\",\"@id\":\"https:\\\/\\\/www.encontracamacari.com.br\\\/sobre\\\/byd-confirma-montagem-do-song-pro-hibrido-flex-em-camacari-ba\\\/#webpage\",\"url\":\"https:\\\/\\\/www.encontracamacari.com.br\\\/sobre\\\/byd-confirma-montagem-do-song-pro-hibrido-flex-em-camacari-ba\\\/\",\"name\":\"BYD confirma montagem do Song Pro h\\u00edbrido flex em Cama\\u00e7ari (BA) - Encontra Cama\\u00e7ari\",\"description\":\"A montagem do Song Pro h\\u00edbrido flex em Cama\\u00e7ari marca um novo cap\\u00edtulo para a ind\\u00fastria automotiva brasileira.\",\"inLanguage\":\"pt-BR\",\"isPartOf\":{\"@id\":\"https:\\\/\\\/www.encontracamacari.com.br\\\/sobre\\\/#website\"},\"breadcrumb\":{\"@id\":\"https:\\\/\\\/www.encontracamacari.com.br\\\/sobre\\\/byd-confirma-montagem-do-song-pro-hibrido-flex-em-camacari-ba\\\/#breadcrumblist\"},\"author\":{\"@id\":\"https:\\\/\\\/www.encontracamacari.com.br\\\/sobre\\\/author\\\/ecamacari\\\/#author\"},\"creator\":{\"@id\":\"https:\\\/\\\/www.encontracamacari.com.br\\\/sobre\\\/author\\\/ecamacari\\\/#author\"},\"image\":{\"@type\":\"ImageObject\",\"url\":\"https:\\\/\\\/www.encontracamacari.com.br\\\/sobre\\\/wp-content\\\/uploads\\\/2025\\\/10\\\/byd-confirma-montagem-do-song-pro-hibrido-flex-em-camacari-ba.webp\",\"@id\":\"https:\\\/\\\/www.encontracamacari.com.br\\\/sobre\\\/byd-confirma-montagem-do-song-pro-hibrido-flex-em-camacari-ba\\\/#mainImage\",\"width\":320,\"height\":280,\"caption\":\"montagem do Song Pro h\\u00edbrido flex em Cama\\u00e7ari\"},\"primaryImageOfPage\":{\"@id\":\"https:\\\/\\\/www.encontracamacari.com.br\\\/sobre\\\/byd-confirma-montagem-do-song-pro-hibrido-flex-em-camacari-ba\\\/#mainImage\"},\"datePublished\":\"2025-10-29T13:58:00+00:00\",\"dateModified\":\"2025-10-29T13:58:00+00:00\"},{\"@type\":\"WebSite\",\"@id\":\"https:\\\/\\\/www.encontracamacari.com.br\\\/sobre\\\/#website\",\"url\":\"https:\\\/\\\/www.encontracamacari.com.br\\\/sobre\\\/\",\"name\":\"Encontra Cama\\u00e7ari\",\"description\":\"Not\\u00edcias, eventos, informa\\u00e7\\u00f5es e dicas na cidade de Cama\\u00e7ari e regi\\u00e3o.\",\"inLanguage\":\"pt-BR\",\"publisher\":{\"@id\":\"https:\\\/\\\/www.encontracamacari.com.br\\\/sobre\\\/#organization\"}}]}\n\t\t<\/script>\n\t\t<!-- All in One SEO -->\n\n","aioseo_head_json":{"title":"BYD confirma montagem do Song Pro h\u00edbrido flex em Cama\u00e7ari (BA) - Encontra Cama\u00e7ari","description":"A montagem do Song Pro h\u00edbrido flex em Cama\u00e7ari marca um novo cap\u00edtulo para a ind\u00fastria automotiva brasileira.","canonical_url":"https:\/\/www.encontracamacari.com.br\/sobre\/byd-confirma-montagem-do-song-pro-hibrido-flex-em-camacari-ba\/","robots":"max-image-preview:large","keywords":"","webmasterTools":{"miscellaneous":""},"schema":{"@context":"https:\/\/schema.org","@graph":[{"@type":"BlogPosting","@id":"https:\/\/www.encontracamacari.com.br\/sobre\/byd-confirma-montagem-do-song-pro-hibrido-flex-em-camacari-ba\/#blogposting","name":"BYD confirma montagem do Song Pro h\u00edbrido flex em Cama\u00e7ari (BA) - Encontra Cama\u00e7ari","headline":"BYD confirma montagem do Song Pro h\u00edbrido flex em Cama\u00e7ari (BA)","author":{"@id":"https:\/\/www.encontracamacari.com.br\/sobre\/author\/ecamacari\/#author"},"publisher":{"@id":"https:\/\/www.encontracamacari.com.br\/sobre\/#organization"},"image":{"@type":"ImageObject","url":"https:\/\/www.encontracamacari.com.br\/sobre\/wp-content\/uploads\/2025\/10\/byd-confirma-montagem-do-song-pro-hibrido-flex-em-camacari-ba.webp","width":320,"height":280,"caption":"montagem do Song Pro h\u00edbrido flex em Cama\u00e7ari"},"datePublished":"2025-10-29T13:58:00+00:00","dateModified":"2025-10-29T13:58:00+00:00","inLanguage":"pt-BR","mainEntityOfPage":{"@id":"https:\/\/www.encontracamacari.com.br\/sobre\/byd-confirma-montagem-do-song-pro-hibrido-flex-em-camacari-ba\/#webpage"},"isPartOf":{"@id":"https:\/\/www.encontracamacari.com.br\/sobre\/byd-confirma-montagem-do-song-pro-hibrido-flex-em-camacari-ba\/#webpage"},"articleSection":"Not\u00edcias Cama\u00e7ari"},{"@type":"BreadcrumbList","@id":"https:\/\/www.encontracamacari.com.br\/sobre\/byd-confirma-montagem-do-song-pro-hibrido-flex-em-camacari-ba\/#breadcrumblist","itemListElement":[{"@type":"ListItem","@id":"https:\/\/www.encontracamacari.com.br\/sobre#listItem","position":1,"name":"Home","item":"https:\/\/www.encontracamacari.com.br\/sobre","nextItem":{"@type":"ListItem","@id":"https:\/\/www.encontracamacari.com.br\/sobre\/noticias-em-camacari\/#listItem","name":"Not\u00edcias Cama\u00e7ari"}},{"@type":"ListItem","@id":"https:\/\/www.encontracamacari.com.br\/sobre\/noticias-em-camacari\/#listItem","position":2,"name":"Not\u00edcias Cama\u00e7ari","item":"https:\/\/www.encontracamacari.com.br\/sobre\/noticias-em-camacari\/","nextItem":{"@type":"ListItem","@id":"https:\/\/www.encontracamacari.com.br\/sobre\/byd-confirma-montagem-do-song-pro-hibrido-flex-em-camacari-ba\/#listItem","name":"BYD confirma montagem do Song Pro h\u00edbrido flex em Cama\u00e7ari (BA)"},"previousItem":{"@type":"ListItem","@id":"https:\/\/www.encontracamacari.com.br\/sobre#listItem","name":"Home"}},{"@type":"ListItem","@id":"https:\/\/www.encontracamacari.com.br\/sobre\/byd-confirma-montagem-do-song-pro-hibrido-flex-em-camacari-ba\/#listItem","position":3,"name":"BYD confirma montagem do Song Pro h\u00edbrido flex em Cama\u00e7ari (BA)","previousItem":{"@type":"ListItem","@id":"https:\/\/www.encontracamacari.com.br\/sobre\/noticias-em-camacari\/#listItem","name":"Not\u00edcias Cama\u00e7ari"}}]},{"@type":"Organization","@id":"https:\/\/www.encontracamacari.com.br\/sobre\/#organization","name":"Encontra Cama\u00e7ari","description":"Not\u00edcias, eventos, informa\u00e7\u00f5es e dicas na cidade de Cama\u00e7ari e regi\u00e3o.","url":"https:\/\/www.encontracamacari.com.br\/sobre\/"},{"@type":"Person","@id":"https:\/\/www.encontracamacari.com.br\/sobre\/author\/ecamacari\/#author","url":"https:\/\/www.encontracamacari.com.br\/sobre\/author\/ecamacari\/","name":"Encontra Cama\u00e7ari","image":{"@type":"ImageObject","@id":"https:\/\/www.encontracamacari.com.br\/sobre\/byd-confirma-montagem-do-song-pro-hibrido-flex-em-camacari-ba\/#authorImage","url":"https:\/\/secure.gravatar.com\/avatar\/507340682b8270222e1f208e23198b6ae7e2c6a1033ae84e99bc6bce4f82a387?s=96&d=mm&r=g","width":96,"height":96,"caption":"Encontra Cama\u00e7ari"}},{"@type":"WebPage","@id":"https:\/\/www.encontracamacari.com.br\/sobre\/byd-confirma-montagem-do-song-pro-hibrido-flex-em-camacari-ba\/#webpage","url":"https:\/\/www.encontracamacari.com.br\/sobre\/byd-confirma-montagem-do-song-pro-hibrido-flex-em-camacari-ba\/","name":"BYD confirma montagem do Song Pro h\u00edbrido flex em Cama\u00e7ari (BA) - Encontra Cama\u00e7ari","description":"A montagem do Song Pro h\u00edbrido flex em Cama\u00e7ari marca um novo cap\u00edtulo para a ind\u00fastria automotiva brasileira.","inLanguage":"pt-BR","isPartOf":{"@id":"https:\/\/www.encontracamacari.com.br\/sobre\/#website"},"breadcrumb":{"@id":"https:\/\/www.encontracamacari.com.br\/sobre\/byd-confirma-montagem-do-song-pro-hibrido-flex-em-camacari-ba\/#breadcrumblist"},"author":{"@id":"https:\/\/www.encontracamacari.com.br\/sobre\/author\/ecamacari\/#author"},"creator":{"@id":"https:\/\/www.encontracamacari.com.br\/sobre\/author\/ecamacari\/#author"},"image":{"@type":"ImageObject","url":"https:\/\/www.encontracamacari.com.br\/sobre\/wp-content\/uploads\/2025\/10\/byd-confirma-montagem-do-song-pro-hibrido-flex-em-camacari-ba.webp","@id":"https:\/\/www.encontracamacari.com.br\/sobre\/byd-confirma-montagem-do-song-pro-hibrido-flex-em-camacari-ba\/#mainImage","width":320,"height":280,"caption":"montagem do Song Pro h\u00edbrido flex em Cama\u00e7ari"},"primaryImageOfPage":{"@id":"https:\/\/www.encontracamacari.com.br\/sobre\/byd-confirma-montagem-do-song-pro-hibrido-flex-em-camacari-ba\/#mainImage"},"datePublished":"2025-10-29T13:58:00+00:00","dateModified":"2025-10-29T13:58:00+00:00"},{"@type":"WebSite","@id":"https:\/\/www.encontracamacari.com.br\/sobre\/#website","url":"https:\/\/www.encontracamacari.com.br\/sobre\/","name":"Encontra Cama\u00e7ari","description":"Not\u00edcias, eventos, informa\u00e7\u00f5es e dicas na cidade de Cama\u00e7ari e regi\u00e3o.","inLanguage":"pt-BR","publisher":{"@id":"https:\/\/www.encontracamacari.com.br\/sobre\/#organization"}}]},"og:locale":"pt_BR","og:site_name":"Encontra Cama\u00e7ari - Not\u00edcias, eventos, informa\u00e7\u00f5es e dicas na cidade de Cama\u00e7ari e regi\u00e3o.","og:type":"article","og:title":"BYD confirma montagem do Song Pro h\u00edbrido flex em Cama\u00e7ari (BA) - Encontra Cama\u00e7ari","og:description":"A montagem do Song Pro h\u00edbrido flex em Cama\u00e7ari marca um novo cap\u00edtulo para a ind\u00fastria automotiva brasileira.","og:url":"https:\/\/www.encontracamacari.com.br\/sobre\/byd-confirma-montagem-do-song-pro-hibrido-flex-em-camacari-ba\/","article:published_time":"2025-10-29T13:58:00+00:00","article:modified_time":"2025-10-29T13:58:00+00:00","twitter:card":"summary_large_image","twitter:title":"BYD confirma montagem do Song Pro h\u00edbrido flex em Cama\u00e7ari (BA) - Encontra Cama\u00e7ari","twitter:description":"A montagem do Song Pro h\u00edbrido flex em Cama\u00e7ari marca um novo cap\u00edtulo para a ind\u00fastria automotiva brasileira."},"aioseo_meta_data":{"post_id":"250","title":null,"description":null,"keywords":null,"keyphrases":null,"primary_term":null,"canonical_url":null,"og_title":null,"og_description":null,"og_object_type":"default","og_image_type":"default","og_image_url":null,"og_image_width":null,"og_image_height":null,"og_image_custom_url":null,"og_image_custom_fields":null,"og_video":null,"og_custom_url":null,"og_article_section":null,"og_article_tags":null,"twitter_use_og":false,"twitter_card":"default","twitter_image_type":"default","twitter_image_url":null,"twitter_image_custom_url":null,"twitter_image_custom_fields":null,"twitter_title":null,"twitter_description":null,"schema":{"blockGraphs":[],"customGraphs":[],"default":{"data":{"Article":[],"Course":[],"Dataset":[],"FAQPage":[],"Movie":[],"Person":[],"Product":[],"ProductReview":[],"Car":[],"Recipe":[],"Service":[],"SoftwareApplication":[],"WebPage":[]},"graphName":"BlogPosting","isEnabled":true},"graphs":[]},"schema_type":"default","schema_type_options":null,"pillar_content":false,"robots_default":true,"robots_noindex":false,"robots_noarchive":false,"robots_nosnippet":false,"robots_nofollow":false,"robots_noimageindex":false,"robots_noodp":false,"robots_notranslate":false,"robots_max_snippet":null,"robots_max_videopreview":null,"robots_max_imagepreview":"large","priority":null,"frequency":null,"local_seo":null,"limit_modified_date":false,"created":"2025-10-30 10:46:10","updated":"2026-08-05 23:31:54","focus_keyword":null,"additional_keywords":null,"truseo_locale":null,"ai":null,"breadcrumb_settings":null,"seo_analyzer_scan_date":null},"aioseo_breadcrumb":"<div class=\"aioseo-breadcrumbs\"><span class=\"aioseo-breadcrumb\">\n\t\t\t<a href=\"https:\/\/www.encontracamacari.com.br\/sobre\" title=\"Home\">Home<\/a>\n\t\t<\/span><span class=\"aioseo-breadcrumb-separator\">&raquo;<\/span><span class=\"aioseo-breadcrumb\">\n\t\t\t<a href=\"https:\/\/www.encontracamacari.com.br\/sobre\/noticias-em-camacari\/\" title=\"Not\u00edcias Cama\u00e7ari\">Not\u00edcias Cama\u00e7ari<\/a>\n\t\t<\/span><span class=\"aioseo-breadcrumb-separator\">&raquo;<\/span><span class=\"aioseo-breadcrumb\">\n\t\t\tBYD confirma montagem do Song Pro h\u00edbrido flex em Cama\u00e7ari (BA)\n\t\t<\/span><\/div>","aioseo_breadcrumb_json":[{"label":"Home","link":"https:\/\/www.encontracamacari.com.br\/sobre"},{"label":"Not\u00edcias Cama\u00e7ari","link":"https:\/\/www.encontracamacari.com.br\/sobre\/noticias-em-camacari\/"},{"label":"BYD confirma montagem do Song Pro h\u00edbrido flex em Cama\u00e7ari (BA)","link":"https:\/\/www.encontracamacari.com.br\/sobre\/byd-confirma-montagem-do-song-pro-hibrido-flex-em-camacari-ba\/"}],"_links":{"self":[{"href":"https:\/\/www.encontracamacari.com.br\/sobre\/wp-json\/wp\/v2\/posts\/250","targetHints":{"allow":["GET"]}}],"collection":[{"href":"https:\/\/www.encontracamacari.com.br\/sobre\/wp-json\/wp\/v2\/posts"}],"about":[{"href":"https:\/\/www.encontracamacari.com.br\/sobre\/wp-json\/wp\/v2\/types\/post"}],"author":[{"embeddable":true,"href":"https:\/\/www.encontracamacari.com.br\/sobre\/wp-json\/wp\/v2\/users\/1"}],"replies":[{"embeddable":true,"href":"https:\/\/www.encontracamacari.com.br\/sobre\/wp-json\/wp\/v2\/comments?post=250"}],"version-history":[{"count":0,"href":"https:\/\/www.encontracamacari.com.br\/sobre\/wp-json\/wp\/v2\/posts\/250\/revisions"}],"wp:featuredmedia":[{"embeddable":true,"href":"https:\/\/www.encontracamacari.com.br\/sobre\/wp-json\/wp\/v2\/media\/249"}],"wp:attachment":[{"href":"https:\/\/www.encontracamacari.com.br\/sobre\/wp-json\/wp\/v2\/media?parent=250"}],"wp:term":[{"taxonomy":"category","embeddable":true,"href":"https:\/\/www.encontracamacari.com.br\/sobre\/wp-json\/wp\/v2\/categories?post=250"},{"taxonomy":"post_tag","embeddable":true,"href":"https:\/\/www.encontracamacari.com.br\/sobre\/wp-json\/wp\/v2\/tags?post=250"}],"curies":[{"name":"wp","href":"https:\/\/api.w.org\/{rel}","templated":true}]}}