{"id":235,"date":"2025-10-27T14:22:00","date_gmt":"2025-10-27T14:22:00","guid":{"rendered":"https:\/\/www.encontracamacari.com.br\/sobre\/byd-faz-o-primeiro-carregamento-de-carros-montados-em-camacari\/"},"modified":"2025-10-27T14:22:00","modified_gmt":"2025-10-27T14:22:00","slug":"byd-faz-o-primeiro-carregamento-de-carros-montados-em-camacari","status":"publish","type":"post","link":"https:\/\/www.encontracamacari.com.br\/sobre\/byd-faz-o-primeiro-carregamento-de-carros-montados-em-camacari\/","title":{"rendered":"BYD faz o primeiro carregamento de carros montados em Cama\u00e7ari"},"content":{"rendered":"<div class=\"2410bb7248a64bb1f71103797e0f239b\" data-index=\"1\" style=\"float: none; margin:0px;\">\n<ins class=\"adsbygoogle\"\r\n     style=\"display:block\"\r\n     data-ad-client=\"ca-pub-8585364105181520\"\r\n     data-ad-slot=\"8789329856\"\r\n     data-ad-format=\"auto\"\r\n     data-full-width-responsive=\"true\"><\/ins>\r\n<script>\r\n     (adsbygoogle = window.adsbygoogle || []).push({});\r\n<\/script>\n<\/div>\n<h2>Primeiro Carregamento da BYD em Cama\u00e7ari<\/h2>\n<p>A <strong>BYD<\/strong>, uma das l\u00edderes mundiais em tecnologia de carros el\u00e9tricos, deu um grande passo no Brasil ao iniciar a entrega de ve\u00edculos montados em sua f\u00e1brica em <strong>Cama\u00e7ari<\/strong>, na Bahia. O primeiro carregamento, realizado recentemente, marca um ponto de virada na produ\u00e7\u00e3o local. A montadora trouxe para o Brasil o modelo <em>Dolphin Mini<\/em>, um ve\u00edculo compacto que promete revolucionar o mercado de carros el\u00e9tricos no pa\u00eds.<\/p>\n<h2>O que \u00e9 o Dolphin Mini?<\/h2>\n<p>O <strong>Dolphin Mini<\/strong> \u00e9 um autom\u00f3vel 100% el\u00e9trico que se destaca pelo seu design moderno e eficiente. Ele possui algumas caracter\u00edsticas marcantes:<\/p>\n<ul>\n<li><strong>Autonomia:<\/strong> O Dolphin Mini oferece uma autonomia de at\u00e9 400 km com uma \u00fanica carga, ideal para o uso urbano e pequenas viagens.<\/li>\n<li><strong>Desempenho:<\/strong> Com uma acelera\u00e7\u00e3o r\u00e1pida e suave, ele \u00e9 perfeito para quem busca agilidade no tr\u00e2nsito.<\/li>\n<li><strong>Conectividade:<\/strong> Equipado com tecnologia de ponta, o carro oferece recursos avan\u00e7ados de conectividade, incluindo um sistema de infotainment intuitivo.<\/li>\n<li><strong>Seguran\u00e7a:<\/strong> O Dolphin Mini vem com diversas funcionalidades de seguran\u00e7a, como assistente de estacionamento e frenagem de emerg\u00eancia autom\u00e1tica.<\/li>\n<\/ul>\n<h2>Import\u00e2ncia do Complexo Industrial de Cama\u00e7ari<\/h2>\n<p>O <strong>Complexo Industrial de Cama\u00e7ari<\/strong> \u00e9 um dos maiores polos industriais do Brasil, e a presen\u00e7a da BYD neste local \u00e9 estrat\u00e9gica. Com a f\u00e1brica, a empresa n\u00e3o s\u00f3 gera empregos, mas tamb\u00e9m impulsiona a economia local. Al\u00e9m disso:<\/p>\n<ul>\n<li><strong>Proximidade de Fornecedores:<\/strong> A localiza\u00e7\u00e3o facilita o acesso a fornecedores e reduz custos log\u00edsticos.<\/li>\n<li><strong>Inova\u00e7\u00e3o:<\/strong> A f\u00e1brica \u00e9 equipada com tecnologia avan\u00e7ada, permitindo a produ\u00e7\u00e3o de ve\u00edculos sustent\u00e1veis com efici\u00eancia.<\/li>\n<li><strong>Sustentabilidade:<\/strong> A montadora est\u00e1 comprometida com pr\u00e1ticas sustent\u00e1veis, alinhando-se \u00e0s necessidades atuais do mercado.<\/li>\n<\/ul>\n<h2>Benef\u00edcios da Mobilidade El\u00e9trica<\/h2>\n<p>Os carros el\u00e9tricos como o Dolphin Mini trazem diversas vantagens em compara\u00e7\u00e3o aos ve\u00edculos tradicionais:<\/p>\n<ul>\n<li><strong>Ecologicamente Correto:<\/strong> A mobilidade el\u00e9trica reduz a emiss\u00e3o de gases poluentes, contribuindo para um meio ambiente mais limpo.<\/li>\n<li><strong>Baixo Custo de Manuten\u00e7\u00e3o:<\/strong> Ve\u00edculos el\u00e9tricos t\u00eam menos pe\u00e7as m\u00f3veis e, consequentemente, menores custos de manuten\u00e7\u00e3o ao longo do tempo.<\/li>\n<li><strong>Incentivos Governamentais:<\/strong> O governo brasileiro oferece incentivos fiscais para a aquisi\u00e7\u00e3o de carros el\u00e9tricos, atraindo mais consumidores.<\/li>\n<\/ul>\n<h2>Expectativas de Vendas para o Dolphin Mini<\/h2>\n<p>Com o lan\u00e7amento do Dolphin Mini, a BYD espera conquistar uma parcela significativa do mercado de carros el\u00e9tricos no Brasil. As proje\u00e7\u00f5es s\u00e3o otimistas:<\/p><div class=\"2410bb7248a64bb1f71103797e0f239b\" data-index=\"2\" style=\"float: none; margin:0px;\">\n<ins class=\"adsbygoogle\"\r\n     style=\"display:block; text-align:center;\"\r\n     data-ad-layout=\"in-article\"\r\n     data-ad-format=\"fluid\"\r\n     data-ad-client=\"ca-pub-8585364105181520\"\r\n     data-ad-slot=\"2899217073\"><\/ins>\r\n<script>\r\n     (adsbygoogle = window.adsbygoogle || []).push({});\r\n<\/script>\r\n\r\n<\/br><\/br>\n<\/div>\n\n<ul>\n<li><strong>Demanda Crescente:<\/strong> Com a crescente consci\u00eancia ambiental, muitos consumidores est\u00e3o optando por ve\u00edculos el\u00e9tricos.<\/li>\n<li><strong>Promo\u00e7\u00f5es e Lan\u00e7amentos:<\/strong> A BYD planeja realizar promo\u00e7\u00f5es e eventos de lan\u00e7amento para aumentar a visibilidade e atrair clientes.<\/li>\n<li><strong>Expans\u00e3o da Rede de Carregamento:<\/strong> A instala\u00e7\u00e3o de mais pontos de carregamento \u00e9 essencial para facilitar a ado\u00e7\u00e3o de carros el\u00e9tricos.<\/li>\n<\/ul>\n<h2>Participa\u00e7\u00e3o da BYD no Mercado Brasileiro<\/h2>\n<p>A BYD j\u00e1 estabeleceu uma forte presen\u00e7a no Brasil, atuando n\u00e3o apenas no setor de transporte privado, mas tamb\u00e9m no transporte p\u00fablico com \u00f4nibus el\u00e9tricos. A empresa est\u00e1 focada em:<\/p>\n<ul>\n<li><strong>Expans\u00e3o de Produtos:<\/strong> Al\u00e9m do Dolphin Mini, a BYD planeja expandir sua linha de ve\u00edculos el\u00e9tricos no Brasil.<\/li>\n<li><strong>Parcerias Estrat\u00e9gicas:<\/strong> Colabora\u00e7\u00f5es com empresas locais e governamentais s\u00e3o fundamentais para seu crescimento.<\/li>\n<li><strong>Educa\u00e7\u00e3o do Consumidor:<\/strong> Informar os clientes sobre os benef\u00edcios dos ve\u00edculos el\u00e9tricos \u00e9 uma prioridade para a empresa.<\/li>\n<\/ul>\n<h2>Caminhos para a Expans\u00e3o em Bras\u00edlia<\/h2>\n<p>A BYD est\u00e1 explorando maneiras de expandir sua opera\u00e7\u00e3o em Bras\u00edlia. Algumas estrat\u00e9gias incluem:<\/p>\n<ul>\n<li><strong>Estabelecimento de Novos Pontos de Venda:<\/strong> Em Bras\u00edlia, mais concession\u00e1rias devem ser abertas para facilitar o acesso ao Dolphin Mini.<\/li>\n<li><strong>Apoio do Governo Local:<\/strong> Trabalhar em conjunto com o governo para implementar pol\u00edticas que incentivem o uso de ve\u00edculos el\u00e9tricos.<\/li>\n<li><strong>Eventos de Mobilidade Sustent\u00e1vel:<\/strong> Organizar eventos para demonstrar os benef\u00edcios dos carros el\u00e9tricos \u00e0 popula\u00e7\u00e3o.<\/li>\n<\/ul>\n<h2>A Hist\u00f3ria da BYD no Brasil<\/h2>\n<p>A BYD chegou ao Brasil em 2015 e, desde ent\u00e3o, tem sido uma for\u00e7a motriz na promo\u00e7\u00e3o da mobilidade el\u00e9trica. Seus principais marcos incluem:<\/p>\n<ul>\n<li><strong>Lan\u00e7amento de \u00d4nibus El\u00e9tricos:<\/strong> A empresa introduziu \u00f4nibus el\u00e9tricos em v\u00e1rias cidades, contribuindo para a redu\u00e7\u00e3o de emiss\u00f5es no transporte p\u00fablico.<\/li>\n<li><strong>Parcerias com Governos:<\/strong> A BYD formou parcerias com diversos governos estaduais para incentivar o uso de ve\u00edculos el\u00e9tricos.<\/li>\n<li><strong>Aumento da Produ\u00e7\u00e3o Local:<\/strong> A decis\u00e3o de montar ve\u00edculos em Cama\u00e7ari demonstrou o compromisso da empresa com o Brasil.<\/li>\n<\/ul>\n<h2>O Futuro da Ind\u00fastria Automotiva El\u00e9trica<\/h2>\n<p>O futuro da ind\u00fastria automotiva el\u00e9trica no Brasil e no mundo \u00e9 promissor. Algumas tend\u00eancias incluem:<\/p>\n<ul>\n<li><strong>Crescimento Cont\u00ednuo do Mercado:<\/strong> Espera-se que a demanda por carros el\u00e9tricos continue a aumentar em todo o mundo.<\/li>\n<li><strong>Inova\u00e7\u00f5es Tecnol\u00f3gicas:<\/strong> As montadoras est\u00e3o investindo em novas tecnologias, como baterias de maior capacidade e recarga mais r\u00e1pida.<\/li>\n<li><strong>Sustentabilidade:<\/strong> Foco em pr\u00e1ticas de produ\u00e7\u00e3o mais verdes e no uso de materiais recicl\u00e1veis.<\/li>\n<\/ul>\n<h2>Desafios e Oportunidades no Setor Automotivo<\/h2>\n<p>O setor automotivo enfrenta uma s\u00e9rie de desafios, mas tamb\u00e9m oportunidades. Os principais aspectos a considerar incluem:<\/p>\n<ul>\n<li><strong>Infraestrutura de Carregamento:<\/strong> A expans\u00e3o da rede de carregamento \u00e9 essencial para a ado\u00e7\u00e3o em massa de ve\u00edculos el\u00e9tricos.<\/li>\n<li><strong>Educa\u00e7\u00e3o do Consumidor:<\/strong> \u00c9 necess\u00e1rio educar o p\u00fablico sobre os benef\u00edcios e funcionamento dos ve\u00edculos el\u00e9tricos.<\/li>\n<li><strong>Concorr\u00eancia:<\/strong> Com mais fabricantes entrando no mercado, a competi\u00e7\u00e3o aumentar\u00e1, beneficiando os consumidores.<\/li>\n<\/ul>\n<div class=\"2410bb7248a64bb1f71103797e0f239b\" data-index=\"3\" style=\"float: none; margin:0px;\">\n<\/br><\/br>\r\n\r\n<ins class=\"adsbygoogle\"\r\n     style=\"display:block\"\r\n     data-ad-format=\"fluid\"\r\n     data-ad-layout-key=\"-63+do+n-1s+9e\"\r\n     data-ad-client=\"ca-pub-8585364105181520\"\r\n     data-ad-slot=\"6838462089\"><\/ins>\r\n<script>\r\n     (adsbygoogle = window.adsbygoogle || []).push({});\r\n<\/script>\n<\/div>\n\n<div style=\"font-size: 0px; height: 0px; line-height: 0px; margin: 0; padding: 0; clear: both;\"><\/div>","protected":false},"excerpt":{"rendered":"<p>BYD inicia entregas de carros el\u00e9tricos com sucesso em Cama\u00e7ari.<\/p>\n","protected":false},"author":1,"featured_media":234,"comment_status":"open","ping_status":"closed","sticky":false,"template":"","format":"standard","meta":{"footnotes":""},"categories":[1],"tags":[],"class_list":["post-235","post","type-post","status-publish","format-standard","has-post-thumbnail","hentry","category-noticias-em-camacari","has_thumb"],"aioseo_notices":[],"aioseo_head":"\n\t\t<!-- All in One SEO 5.0.0.1 - aioseo.com -->\n\t<meta name=\"description\" content=\"BYD inicia entregas de carros el\u00e9tricos com sucesso em Cama\u00e7ari.\" \/>\n\t<meta name=\"robots\" content=\"max-image-preview:large\" \/>\n\t<meta name=\"author\" content=\"Encontra Cama\u00e7ari\"\/>\n\t<link rel=\"canonical\" href=\"https:\/\/www.encontracamacari.com.br\/sobre\/byd-faz-o-primeiro-carregamento-de-carros-montados-em-camacari\/\" \/>\n\t<meta name=\"generator\" content=\"All in One SEO (AIOSEO) 5.0.0.1\" \/>\n\t\t<meta property=\"og:locale\" content=\"pt_BR\" \/>\n\t\t<meta property=\"og:site_name\" content=\"Encontra Cama\u00e7ari - Not\u00edcias, eventos, informa\u00e7\u00f5es e dicas na cidade de Cama\u00e7ari e regi\u00e3o.\" \/>\n\t\t<meta property=\"og:type\" content=\"article\" \/>\n\t\t<meta property=\"og:title\" content=\"BYD faz o primeiro carregamento de carros montados em Cama\u00e7ari - Encontra Cama\u00e7ari\" \/>\n\t\t<meta property=\"og:description\" content=\"BYD inicia entregas de carros el\u00e9tricos com sucesso em Cama\u00e7ari.\" \/>\n\t\t<meta property=\"og:url\" content=\"https:\/\/www.encontracamacari.com.br\/sobre\/byd-faz-o-primeiro-carregamento-de-carros-montados-em-camacari\/\" \/>\n\t\t<meta property=\"article:published_time\" content=\"2025-10-27T14:22:00+00:00\" \/>\n\t\t<meta property=\"article:modified_time\" content=\"2025-10-27T14:22:00+00:00\" \/>\n\t\t<meta name=\"twitter:card\" content=\"summary_large_image\" \/>\n\t\t<meta name=\"twitter:title\" content=\"BYD faz o primeiro carregamento de carros montados em Cama\u00e7ari - Encontra Cama\u00e7ari\" \/>\n\t\t<meta name=\"twitter:description\" content=\"BYD inicia entregas de carros el\u00e9tricos com sucesso em Cama\u00e7ari.\" \/>\n\t\t<script type=\"application\/ld+json\" class=\"aioseo-schema\">\n\t\t\t{\"@context\":\"https:\\\/\\\/schema.org\",\"@graph\":[{\"@type\":\"BlogPosting\",\"@id\":\"https:\\\/\\\/www.encontracamacari.com.br\\\/sobre\\\/byd-faz-o-primeiro-carregamento-de-carros-montados-em-camacari\\\/#blogposting\",\"name\":\"BYD faz o primeiro carregamento de carros montados em Cama\\u00e7ari - Encontra Cama\\u00e7ari\",\"headline\":\"BYD faz o primeiro carregamento de carros montados em Cama\\u00e7ari\",\"author\":{\"@id\":\"https:\\\/\\\/www.encontracamacari.com.br\\\/sobre\\\/author\\\/ecamacari\\\/#author\"},\"publisher\":{\"@id\":\"https:\\\/\\\/www.encontracamacari.com.br\\\/sobre\\\/#organization\"},\"image\":{\"@type\":\"ImageObject\",\"url\":\"https:\\\/\\\/www.encontracamacari.com.br\\\/sobre\\\/wp-content\\\/uploads\\\/2025\\\/10\\\/byd-faz-o-primeiro-carregamento-de-carros-montados-em-camacari.webp\",\"width\":320,\"height\":280,\"caption\":\"carros el\\u00e9tricos\"},\"datePublished\":\"2025-10-27T14:22:00+00:00\",\"dateModified\":\"2025-10-27T14:22:00+00:00\",\"inLanguage\":\"pt-BR\",\"mainEntityOfPage\":{\"@id\":\"https:\\\/\\\/www.encontracamacari.com.br\\\/sobre\\\/byd-faz-o-primeiro-carregamento-de-carros-montados-em-camacari\\\/#webpage\"},\"isPartOf\":{\"@id\":\"https:\\\/\\\/www.encontracamacari.com.br\\\/sobre\\\/byd-faz-o-primeiro-carregamento-de-carros-montados-em-camacari\\\/#webpage\"},\"articleSection\":\"Not\\u00edcias Cama\\u00e7ari\"},{\"@type\":\"BreadcrumbList\",\"@id\":\"https:\\\/\\\/www.encontracamacari.com.br\\\/sobre\\\/byd-faz-o-primeiro-carregamento-de-carros-montados-em-camacari\\\/#breadcrumblist\",\"itemListElement\":[{\"@type\":\"ListItem\",\"@id\":\"https:\\\/\\\/www.encontracamacari.com.br\\\/sobre#listItem\",\"position\":1,\"name\":\"Home\",\"item\":\"https:\\\/\\\/www.encontracamacari.com.br\\\/sobre\",\"nextItem\":{\"@type\":\"ListItem\",\"@id\":\"https:\\\/\\\/www.encontracamacari.com.br\\\/sobre\\\/noticias-em-camacari\\\/#listItem\",\"name\":\"Not\\u00edcias Cama\\u00e7ari\"}},{\"@type\":\"ListItem\",\"@id\":\"https:\\\/\\\/www.encontracamacari.com.br\\\/sobre\\\/noticias-em-camacari\\\/#listItem\",\"position\":2,\"name\":\"Not\\u00edcias Cama\\u00e7ari\",\"item\":\"https:\\\/\\\/www.encontracamacari.com.br\\\/sobre\\\/noticias-em-camacari\\\/\",\"nextItem\":{\"@type\":\"ListItem\",\"@id\":\"https:\\\/\\\/www.encontracamacari.com.br\\\/sobre\\\/byd-faz-o-primeiro-carregamento-de-carros-montados-em-camacari\\\/#listItem\",\"name\":\"BYD faz o primeiro carregamento de carros montados em Cama\\u00e7ari\"},\"previousItem\":{\"@type\":\"ListItem\",\"@id\":\"https:\\\/\\\/www.encontracamacari.com.br\\\/sobre#listItem\",\"name\":\"Home\"}},{\"@type\":\"ListItem\",\"@id\":\"https:\\\/\\\/www.encontracamacari.com.br\\\/sobre\\\/byd-faz-o-primeiro-carregamento-de-carros-montados-em-camacari\\\/#listItem\",\"position\":3,\"name\":\"BYD faz o primeiro carregamento de carros montados em Cama\\u00e7ari\",\"previousItem\":{\"@type\":\"ListItem\",\"@id\":\"https:\\\/\\\/www.encontracamacari.com.br\\\/sobre\\\/noticias-em-camacari\\\/#listItem\",\"name\":\"Not\\u00edcias Cama\\u00e7ari\"}}]},{\"@type\":\"Organization\",\"@id\":\"https:\\\/\\\/www.encontracamacari.com.br\\\/sobre\\\/#organization\",\"name\":\"Encontra Cama\\u00e7ari\",\"description\":\"Not\\u00edcias, eventos, informa\\u00e7\\u00f5es e dicas na cidade de Cama\\u00e7ari e regi\\u00e3o.\",\"url\":\"https:\\\/\\\/www.encontracamacari.com.br\\\/sobre\\\/\"},{\"@type\":\"Person\",\"@id\":\"https:\\\/\\\/www.encontracamacari.com.br\\\/sobre\\\/author\\\/ecamacari\\\/#author\",\"url\":\"https:\\\/\\\/www.encontracamacari.com.br\\\/sobre\\\/author\\\/ecamacari\\\/\",\"name\":\"Encontra Cama\\u00e7ari\",\"image\":{\"@type\":\"ImageObject\",\"@id\":\"https:\\\/\\\/www.encontracamacari.com.br\\\/sobre\\\/byd-faz-o-primeiro-carregamento-de-carros-montados-em-camacari\\\/#authorImage\",\"url\":\"https:\\\/\\\/secure.gravatar.com\\\/avatar\\\/507340682b8270222e1f208e23198b6ae7e2c6a1033ae84e99bc6bce4f82a387?s=96&d=mm&r=g\",\"width\":96,\"height\":96,\"caption\":\"Encontra Cama\\u00e7ari\"}},{\"@type\":\"WebPage\",\"@id\":\"https:\\\/\\\/www.encontracamacari.com.br\\\/sobre\\\/byd-faz-o-primeiro-carregamento-de-carros-montados-em-camacari\\\/#webpage\",\"url\":\"https:\\\/\\\/www.encontracamacari.com.br\\\/sobre\\\/byd-faz-o-primeiro-carregamento-de-carros-montados-em-camacari\\\/\",\"name\":\"BYD faz o primeiro carregamento de carros montados em Cama\\u00e7ari - Encontra Cama\\u00e7ari\",\"description\":\"BYD inicia entregas de carros el\\u00e9tricos com sucesso em Cama\\u00e7ari.\",\"inLanguage\":\"pt-BR\",\"isPartOf\":{\"@id\":\"https:\\\/\\\/www.encontracamacari.com.br\\\/sobre\\\/#website\"},\"breadcrumb\":{\"@id\":\"https:\\\/\\\/www.encontracamacari.com.br\\\/sobre\\\/byd-faz-o-primeiro-carregamento-de-carros-montados-em-camacari\\\/#breadcrumblist\"},\"author\":{\"@id\":\"https:\\\/\\\/www.encontracamacari.com.br\\\/sobre\\\/author\\\/ecamacari\\\/#author\"},\"creator\":{\"@id\":\"https:\\\/\\\/www.encontracamacari.com.br\\\/sobre\\\/author\\\/ecamacari\\\/#author\"},\"image\":{\"@type\":\"ImageObject\",\"url\":\"https:\\\/\\\/www.encontracamacari.com.br\\\/sobre\\\/wp-content\\\/uploads\\\/2025\\\/10\\\/byd-faz-o-primeiro-carregamento-de-carros-montados-em-camacari.webp\",\"@id\":\"https:\\\/\\\/www.encontracamacari.com.br\\\/sobre\\\/byd-faz-o-primeiro-carregamento-de-carros-montados-em-camacari\\\/#mainImage\",\"width\":320,\"height\":280,\"caption\":\"carros el\\u00e9tricos\"},\"primaryImageOfPage\":{\"@id\":\"https:\\\/\\\/www.encontracamacari.com.br\\\/sobre\\\/byd-faz-o-primeiro-carregamento-de-carros-montados-em-camacari\\\/#mainImage\"},\"datePublished\":\"2025-10-27T14:22:00+00:00\",\"dateModified\":\"2025-10-27T14:22:00+00:00\"},{\"@type\":\"WebSite\",\"@id\":\"https:\\\/\\\/www.encontracamacari.com.br\\\/sobre\\\/#website\",\"url\":\"https:\\\/\\\/www.encontracamacari.com.br\\\/sobre\\\/\",\"name\":\"Encontra Cama\\u00e7ari\",\"description\":\"Not\\u00edcias, eventos, informa\\u00e7\\u00f5es e dicas na cidade de Cama\\u00e7ari e regi\\u00e3o.\",\"inLanguage\":\"pt-BR\",\"publisher\":{\"@id\":\"https:\\\/\\\/www.encontracamacari.com.br\\\/sobre\\\/#organization\"}}]}\n\t\t<\/script>\n\t\t<!-- All in One SEO -->\n\n","aioseo_head_json":{"title":"BYD faz o primeiro carregamento de carros montados em Cama\u00e7ari - Encontra Cama\u00e7ari","description":"BYD inicia entregas de carros el\u00e9tricos com sucesso em Cama\u00e7ari.","canonical_url":"https:\/\/www.encontracamacari.com.br\/sobre\/byd-faz-o-primeiro-carregamento-de-carros-montados-em-camacari\/","robots":"max-image-preview:large","keywords":"","webmasterTools":{"miscellaneous":""},"schema":{"@context":"https:\/\/schema.org","@graph":[{"@type":"BlogPosting","@id":"https:\/\/www.encontracamacari.com.br\/sobre\/byd-faz-o-primeiro-carregamento-de-carros-montados-em-camacari\/#blogposting","name":"BYD faz o primeiro carregamento de carros montados em Cama\u00e7ari - Encontra Cama\u00e7ari","headline":"BYD faz o primeiro carregamento de carros montados em Cama\u00e7ari","author":{"@id":"https:\/\/www.encontracamacari.com.br\/sobre\/author\/ecamacari\/#author"},"publisher":{"@id":"https:\/\/www.encontracamacari.com.br\/sobre\/#organization"},"image":{"@type":"ImageObject","url":"https:\/\/www.encontracamacari.com.br\/sobre\/wp-content\/uploads\/2025\/10\/byd-faz-o-primeiro-carregamento-de-carros-montados-em-camacari.webp","width":320,"height":280,"caption":"carros el\u00e9tricos"},"datePublished":"2025-10-27T14:22:00+00:00","dateModified":"2025-10-27T14:22:00+00:00","inLanguage":"pt-BR","mainEntityOfPage":{"@id":"https:\/\/www.encontracamacari.com.br\/sobre\/byd-faz-o-primeiro-carregamento-de-carros-montados-em-camacari\/#webpage"},"isPartOf":{"@id":"https:\/\/www.encontracamacari.com.br\/sobre\/byd-faz-o-primeiro-carregamento-de-carros-montados-em-camacari\/#webpage"},"articleSection":"Not\u00edcias Cama\u00e7ari"},{"@type":"BreadcrumbList","@id":"https:\/\/www.encontracamacari.com.br\/sobre\/byd-faz-o-primeiro-carregamento-de-carros-montados-em-camacari\/#breadcrumblist","itemListElement":[{"@type":"ListItem","@id":"https:\/\/www.encontracamacari.com.br\/sobre#listItem","position":1,"name":"Home","item":"https:\/\/www.encontracamacari.com.br\/sobre","nextItem":{"@type":"ListItem","@id":"https:\/\/www.encontracamacari.com.br\/sobre\/noticias-em-camacari\/#listItem","name":"Not\u00edcias Cama\u00e7ari"}},{"@type":"ListItem","@id":"https:\/\/www.encontracamacari.com.br\/sobre\/noticias-em-camacari\/#listItem","position":2,"name":"Not\u00edcias Cama\u00e7ari","item":"https:\/\/www.encontracamacari.com.br\/sobre\/noticias-em-camacari\/","nextItem":{"@type":"ListItem","@id":"https:\/\/www.encontracamacari.com.br\/sobre\/byd-faz-o-primeiro-carregamento-de-carros-montados-em-camacari\/#listItem","name":"BYD faz o primeiro carregamento de carros montados em Cama\u00e7ari"},"previousItem":{"@type":"ListItem","@id":"https:\/\/www.encontracamacari.com.br\/sobre#listItem","name":"Home"}},{"@type":"ListItem","@id":"https:\/\/www.encontracamacari.com.br\/sobre\/byd-faz-o-primeiro-carregamento-de-carros-montados-em-camacari\/#listItem","position":3,"name":"BYD faz o primeiro carregamento de carros montados em Cama\u00e7ari","previousItem":{"@type":"ListItem","@id":"https:\/\/www.encontracamacari.com.br\/sobre\/noticias-em-camacari\/#listItem","name":"Not\u00edcias Cama\u00e7ari"}}]},{"@type":"Organization","@id":"https:\/\/www.encontracamacari.com.br\/sobre\/#organization","name":"Encontra Cama\u00e7ari","description":"Not\u00edcias, eventos, informa\u00e7\u00f5es e dicas na cidade de Cama\u00e7ari e regi\u00e3o.","url":"https:\/\/www.encontracamacari.com.br\/sobre\/"},{"@type":"Person","@id":"https:\/\/www.encontracamacari.com.br\/sobre\/author\/ecamacari\/#author","url":"https:\/\/www.encontracamacari.com.br\/sobre\/author\/ecamacari\/","name":"Encontra Cama\u00e7ari","image":{"@type":"ImageObject","@id":"https:\/\/www.encontracamacari.com.br\/sobre\/byd-faz-o-primeiro-carregamento-de-carros-montados-em-camacari\/#authorImage","url":"https:\/\/secure.gravatar.com\/avatar\/507340682b8270222e1f208e23198b6ae7e2c6a1033ae84e99bc6bce4f82a387?s=96&d=mm&r=g","width":96,"height":96,"caption":"Encontra Cama\u00e7ari"}},{"@type":"WebPage","@id":"https:\/\/www.encontracamacari.com.br\/sobre\/byd-faz-o-primeiro-carregamento-de-carros-montados-em-camacari\/#webpage","url":"https:\/\/www.encontracamacari.com.br\/sobre\/byd-faz-o-primeiro-carregamento-de-carros-montados-em-camacari\/","name":"BYD faz o primeiro carregamento de carros montados em Cama\u00e7ari - Encontra Cama\u00e7ari","description":"BYD inicia entregas de carros el\u00e9tricos com sucesso em Cama\u00e7ari.","inLanguage":"pt-BR","isPartOf":{"@id":"https:\/\/www.encontracamacari.com.br\/sobre\/#website"},"breadcrumb":{"@id":"https:\/\/www.encontracamacari.com.br\/sobre\/byd-faz-o-primeiro-carregamento-de-carros-montados-em-camacari\/#breadcrumblist"},"author":{"@id":"https:\/\/www.encontracamacari.com.br\/sobre\/author\/ecamacari\/#author"},"creator":{"@id":"https:\/\/www.encontracamacari.com.br\/sobre\/author\/ecamacari\/#author"},"image":{"@type":"ImageObject","url":"https:\/\/www.encontracamacari.com.br\/sobre\/wp-content\/uploads\/2025\/10\/byd-faz-o-primeiro-carregamento-de-carros-montados-em-camacari.webp","@id":"https:\/\/www.encontracamacari.com.br\/sobre\/byd-faz-o-primeiro-carregamento-de-carros-montados-em-camacari\/#mainImage","width":320,"height":280,"caption":"carros el\u00e9tricos"},"primaryImageOfPage":{"@id":"https:\/\/www.encontracamacari.com.br\/sobre\/byd-faz-o-primeiro-carregamento-de-carros-montados-em-camacari\/#mainImage"},"datePublished":"2025-10-27T14:22:00+00:00","dateModified":"2025-10-27T14:22:00+00:00"},{"@type":"WebSite","@id":"https:\/\/www.encontracamacari.com.br\/sobre\/#website","url":"https:\/\/www.encontracamacari.com.br\/sobre\/","name":"Encontra Cama\u00e7ari","description":"Not\u00edcias, eventos, informa\u00e7\u00f5es e dicas na cidade de Cama\u00e7ari e regi\u00e3o.","inLanguage":"pt-BR","publisher":{"@id":"https:\/\/www.encontracamacari.com.br\/sobre\/#organization"}}]},"og:locale":"pt_BR","og:site_name":"Encontra Cama\u00e7ari - Not\u00edcias, eventos, informa\u00e7\u00f5es e dicas na cidade de Cama\u00e7ari e regi\u00e3o.","og:type":"article","og:title":"BYD faz o primeiro carregamento de carros montados em Cama\u00e7ari - Encontra Cama\u00e7ari","og:description":"BYD inicia entregas de carros el\u00e9tricos com sucesso em Cama\u00e7ari.","og:url":"https:\/\/www.encontracamacari.com.br\/sobre\/byd-faz-o-primeiro-carregamento-de-carros-montados-em-camacari\/","article:published_time":"2025-10-27T14:22:00+00:00","article:modified_time":"2025-10-27T14:22:00+00:00","twitter:card":"summary_large_image","twitter:title":"BYD faz o primeiro carregamento de carros montados em Cama\u00e7ari - Encontra Cama\u00e7ari","twitter:description":"BYD inicia entregas de carros el\u00e9tricos com sucesso em Cama\u00e7ari."},"aioseo_meta_data":{"post_id":"235","title":null,"description":null,"keywords":null,"keyphrases":null,"primary_term":null,"canonical_url":null,"og_title":null,"og_description":null,"og_object_type":"default","og_image_type":"default","og_image_url":null,"og_image_width":null,"og_image_height":null,"og_image_custom_url":null,"og_image_custom_fields":null,"og_video":null,"og_custom_url":null,"og_article_section":null,"og_article_tags":null,"twitter_use_og":false,"twitter_card":"default","twitter_image_type":"default","twitter_image_url":null,"twitter_image_custom_url":null,"twitter_image_custom_fields":null,"twitter_title":null,"twitter_description":null,"schema":{"blockGraphs":[],"customGraphs":[],"default":{"data":{"Article":[],"Course":[],"Dataset":[],"FAQPage":[],"Movie":[],"Person":[],"Product":[],"ProductReview":[],"Car":[],"Recipe":[],"Service":[],"SoftwareApplication":[],"WebPage":[]},"graphName":"BlogPosting","isEnabled":true},"graphs":[]},"schema_type":"default","schema_type_options":null,"pillar_content":false,"robots_default":true,"robots_noindex":false,"robots_noarchive":false,"robots_nosnippet":false,"robots_nofollow":false,"robots_noimageindex":false,"robots_noodp":false,"robots_notranslate":false,"robots_max_snippet":null,"robots_max_videopreview":null,"robots_max_imagepreview":"large","priority":null,"frequency":null,"local_seo":null,"limit_modified_date":false,"created":"2025-10-28 10:43:56","updated":"2026-08-05 23:26:04","focus_keyword":null,"additional_keywords":null,"truseo_locale":null,"ai":null,"breadcrumb_settings":null,"seo_analyzer_scan_date":null},"aioseo_breadcrumb":"<div class=\"aioseo-breadcrumbs\"><span class=\"aioseo-breadcrumb\">\n\t\t\t<a href=\"https:\/\/www.encontracamacari.com.br\/sobre\" title=\"Home\">Home<\/a>\n\t\t<\/span><span class=\"aioseo-breadcrumb-separator\">&raquo;<\/span><span class=\"aioseo-breadcrumb\">\n\t\t\t<a href=\"https:\/\/www.encontracamacari.com.br\/sobre\/noticias-em-camacari\/\" title=\"Not\u00edcias Cama\u00e7ari\">Not\u00edcias Cama\u00e7ari<\/a>\n\t\t<\/span><span class=\"aioseo-breadcrumb-separator\">&raquo;<\/span><span class=\"aioseo-breadcrumb\">\n\t\t\tBYD faz o primeiro carregamento de carros montados em Cama\u00e7ari\n\t\t<\/span><\/div>","aioseo_breadcrumb_json":[{"label":"Home","link":"https:\/\/www.encontracamacari.com.br\/sobre"},{"label":"Not\u00edcias Cama\u00e7ari","link":"https:\/\/www.encontracamacari.com.br\/sobre\/noticias-em-camacari\/"},{"label":"BYD faz o primeiro carregamento de carros montados em Cama\u00e7ari","link":"https:\/\/www.encontracamacari.com.br\/sobre\/byd-faz-o-primeiro-carregamento-de-carros-montados-em-camacari\/"}],"_links":{"self":[{"href":"https:\/\/www.encontracamacari.com.br\/sobre\/wp-json\/wp\/v2\/posts\/235","targetHints":{"allow":["GET"]}}],"collection":[{"href":"https:\/\/www.encontracamacari.com.br\/sobre\/wp-json\/wp\/v2\/posts"}],"about":[{"href":"https:\/\/www.encontracamacari.com.br\/sobre\/wp-json\/wp\/v2\/types\/post"}],"author":[{"embeddable":true,"href":"https:\/\/www.encontracamacari.com.br\/sobre\/wp-json\/wp\/v2\/users\/1"}],"replies":[{"embeddable":true,"href":"https:\/\/www.encontracamacari.com.br\/sobre\/wp-json\/wp\/v2\/comments?post=235"}],"version-history":[{"count":0,"href":"https:\/\/www.encontracamacari.com.br\/sobre\/wp-json\/wp\/v2\/posts\/235\/revisions"}],"wp:featuredmedia":[{"embeddable":true,"href":"https:\/\/www.encontracamacari.com.br\/sobre\/wp-json\/wp\/v2\/media\/234"}],"wp:attachment":[{"href":"https:\/\/www.encontracamacari.com.br\/sobre\/wp-json\/wp\/v2\/media?parent=235"}],"wp:term":[{"taxonomy":"category","embeddable":true,"href":"https:\/\/www.encontracamacari.com.br\/sobre\/wp-json\/wp\/v2\/categories?post=235"},{"taxonomy":"post_tag","embeddable":true,"href":"https:\/\/www.encontracamacari.com.br\/sobre\/wp-json\/wp\/v2\/tags?post=235"}],"curies":[{"name":"wp","href":"https:\/\/api.w.org\/{rel}","templated":true}]}}