{"id":224,"date":"2025-10-25T12:14:00","date_gmt":"2025-10-25T12:14:00","guid":{"rendered":"https:\/\/www.encontracamacari.com.br\/sobre\/byd-inaugura-fabrica-na-bahia-e-inicia-montagem-de-carros-eletricos\/"},"modified":"2025-10-25T12:14:00","modified_gmt":"2025-10-25T12:14:00","slug":"byd-inaugura-fabrica-na-bahia-e-inicia-montagem-de-carros-eletricos","status":"publish","type":"post","link":"https:\/\/www.encontracamacari.com.br\/sobre\/byd-inaugura-fabrica-na-bahia-e-inicia-montagem-de-carros-eletricos\/","title":{"rendered":"BYD inaugura f\u00e1brica na Bahia e inicia montagem de carros el\u00e9tricos"},"content":{"rendered":"<div class=\"2410bb7248a64bb1f71103797e0f239b\" data-index=\"1\" style=\"float: none; margin:0px;\">\n<ins class=\"adsbygoogle\"\r\n     style=\"display:block\"\r\n     data-ad-client=\"ca-pub-8585364105181520\"\r\n     data-ad-slot=\"8789329856\"\r\n     data-ad-format=\"auto\"\r\n     data-full-width-responsive=\"true\"><\/ins>\r\n<script>\r\n     (adsbygoogle = window.adsbygoogle || []).push({});\r\n<\/script>\n<\/div>\n<h2>Abertura da F\u00e1brica em Cama\u00e7ari<\/h2>\n<p>A BYD, uma das maiores fabricantes de ve\u00edculos el\u00e9tricos do mundo, inaugurou recentemente sua nova f\u00e1brica em <strong>Cama\u00e7ari, na Bahia<\/strong>. Esta unidade \u00e9 uma promessa de inova\u00e7\u00e3o e moderniza\u00e7\u00e3o na ind\u00fastria automotiva brasileira. A escolha da Bahia para a instala\u00e7\u00e3o da f\u00e1brica reflete o potencial do estado em se tornar um <em>hub<\/em> para a produ\u00e7\u00e3o de carros el\u00e9tricos, em um momento em que a demanda por ve\u00edculos sustent\u00e1veis cresce em todo o mundo.<\/p>\n<h2>O que a BYD vai Produzir<\/h2>\n<p>A nova f\u00e1brica da BYD em Cama\u00e7ari vai produzir uma gama diversificada de ve\u00edculos, incluindo <strong>carros el\u00e9tricos<\/strong> e <strong>h\u00edbridos<\/strong>. A empresa planeja atender tanto o mercado nacional quanto as exporta\u00e7\u00f5es. Os modelos incluem:<\/p>\n<ul>\n<li><strong>Carros El\u00e9tricos:<\/strong> Ve\u00edculos totalmente el\u00e9tricos que utilizam apenas energia el\u00e9trica como fonte de propuls\u00e3o.<\/li>\n<li><strong>Ve\u00edculos H\u00edbridos:<\/strong> Modelos que combinam motor a combust\u00e3o e motor el\u00e9trico, oferecendo melhor efici\u00eancia de combust\u00edvel.<\/li>\n<li><strong>Baterias e Componentes:<\/strong> Produ\u00e7\u00e3o de baterias de alta capacidade e outros componentes essenciais para a mobilidade el\u00e9trica.<\/li>\n<\/ul>\n<h2>Modelos de Carros El\u00e9tricos e H\u00edbridos<\/h2>\n<p>A linha de produtos da BYD inclui diversos modelos que j\u00e1 s\u00e3o sucesso em outros pa\u00edses. Entre eles est\u00e3o:<\/p>\n<ul>\n<li><strong>BYD e5:<\/strong> Um sed\u00e3 el\u00e9trico projetado para o uso urbano, com uma autonomia de at\u00e9 400 km.<\/li>\n<li><strong>BYD Tang:<\/strong> Um SUV el\u00e9trico com capacidade para at\u00e9 7 passageiros e tecnologia avan\u00e7ada de condu\u00e7\u00e3o.<\/li>\n<li><strong>BYD Song:<\/strong> Um modelo h\u00edbrido que se destaca pela efici\u00eancia energ\u00e9tica e baixo custo de manuten\u00e7\u00e3o.<\/li>\n<\/ul>\n<h2>Impacto Econ\u00f4mico e Empregos na Regi\u00e3o<\/h2>\n<p>A abertura da f\u00e1brica pode gerar um grande impacto econ\u00f4mico em Cama\u00e7ari e na Bahia como um todo. Estima-se que a unidade criar\u00e1 <strong>milhares de empregos<\/strong> diretos e indiretos. Isso inclui:<\/p>\n<ul>\n<li><strong>Oportunidades de Emprego:<\/strong> Desde oper\u00e1rios na linha de montagem at\u00e9 profissionais administrativos e t\u00e9cnicos.<\/li>\n<li><strong>Desenvolvimento Local:<\/strong> A f\u00e1brica pode estimular o desenvolvimento de fornecedores locais e de empresas relacionadas.<\/li>\n<li><strong>Capacita\u00e7\u00e3o:<\/strong> Programas de treinamento e capacita\u00e7\u00e3o para os trabalhadores ser\u00e3o implementados, aumentando a qualifica\u00e7\u00e3o da m\u00e3o de obra na regi\u00e3o.<\/li>\n<\/ul>\n<h2>Cerim\u00f4nia de Inaugura\u00e7\u00e3o e Convidados<\/h2>\n<p>A cerim\u00f4nia de inaugura\u00e7\u00e3o da f\u00e1brica foi um evento marcante, com a presen\u00e7a de autoridades locais, executivos da BYD e representantes do setor automotivo. Durante o evento, foram abordados temas como:<\/p><div class=\"2410bb7248a64bb1f71103797e0f239b\" data-index=\"2\" style=\"float: none; margin:0px;\">\n<ins class=\"adsbygoogle\"\r\n     style=\"display:block; text-align:center;\"\r\n     data-ad-layout=\"in-article\"\r\n     data-ad-format=\"fluid\"\r\n     data-ad-client=\"ca-pub-8585364105181520\"\r\n     data-ad-slot=\"2899217073\"><\/ins>\r\n<script>\r\n     (adsbygoogle = window.adsbygoogle || []).push({});\r\n<\/script>\r\n\r\n<\/br><\/br>\n<\/div>\n\n<ul>\n<li><strong>Sustentabilidade:<\/strong> A import\u00e2ncia da fabrica\u00e7\u00e3o de ve\u00edculos el\u00e9tricos para o futuro do planeta.<\/li>\n<li><strong>Desenvolvimento Econ\u00f4mico:<\/strong> O papel da f\u00e1brica na revitaliza\u00e7\u00e3o da economia local.<\/li>\n<li><strong>Inova\u00e7\u00e3o Tecnol\u00f3gica:<\/strong> As inova\u00e7\u00f5es que a BYD traz para a ind\u00fastria automotiva brasileira.<\/li>\n<\/ul>\n<h2>desenvolvimento de Motores H\u00edbridos Flex<\/h2>\n<p>Um dos grandes avan\u00e7os que a nova f\u00e1brica trar\u00e1 \u00e9 o desenvolvimentos de <strong>motores h\u00edbridos flex<\/strong>. Essa tecnologia permitir\u00e1 que os ve\u00edculos funcionem com diferentes tipos de combust\u00edveis, como etanol e gasolina, al\u00e9m da energia el\u00e9trica. Os benef\u00edcios incluem:<\/p>\n<ul>\n<li><strong>Versatilidade:<\/strong> O consumidor poder\u00e1 escolher o combust\u00edvel que desejar utilizar.<\/li>\n<li><strong>Redu\u00e7\u00e3o de Emiss\u00f5es:<\/strong> O uso de combust\u00edveis limpos ajuda a diminuir a polui\u00e7\u00e3o do ar.<\/li>\n<li><strong>Efici\u00eancia Econ\u00f4mica:<\/strong> O sistema h\u00edbrido flex pode oferecer uma economia significativa nas despesas com combust\u00edveis.<\/li>\n<\/ul>\n<h2>Expectativas de Produ\u00e7\u00e3o at\u00e9 2026<\/h2>\n<p>As expectativas de produ\u00e7\u00e3o da nova f\u00e1brica s\u00e3o bastante ambiciosas. At\u00e9 2026, a BYD prev\u00ea:<\/p>\n<ul>\n<li><strong>Produ\u00e7\u00e3o de at\u00e9 150.000 ve\u00edculos por ano:<\/strong> A meta \u00e9 atingir essa produ\u00e7\u00e3o com o foco em atender ao mercado interno e externo.<\/li>\n<li><strong>Amplia\u00e7\u00e3o da linha de produtos:<\/strong> A BYD planeja lan\u00e7ar novos modelos para diferentes segmentos do mercado.<\/li>\n<li><strong>Parcerias Estrat\u00e9gicas:<\/strong> A busca por parcerias com fornecedores e empresas locais ser\u00e1 essencial para o sucesso da fabrica\u00e7\u00e3o.<\/li>\n<\/ul>\n<h2>Hist\u00f3rico da F\u00e1brica da Ford na Bahia<\/h2>\n<p>A nova f\u00e1brica da BYD ocupa o espa\u00e7o que antes era da Ford na Bahia. A montadora americana teve uma presen\u00e7a significativa na regi\u00e3o por muitos anos, mas encerrou suas atividades em 2021. Isso deixou muitas quest\u00f5es sobre o futuro dos trabalhadores e da economia local. A chegada da BYD traz uma nova esperan\u00e7a e oportunidades para a regi\u00e3o.<\/p>\n<h2>Desafios na Montagem e Produ\u00e7\u00e3o<\/h2>\n<p>Como em qualquer nova opera\u00e7\u00e3o industrial, a BYD enfrentar\u00e1 diversos desafios em sua nova f\u00e1brica:<\/p>\n<ul>\n<li><strong>Adapta\u00e7\u00e3o Tecnol\u00f3gica:<\/strong> Integrar tecnologia avan\u00e7ada e processos de produ\u00e7\u00e3o eficientes ser\u00e1 fundamental.<\/li>\n<li><strong>Fornecimento de Mat\u00e9rias-primas:<\/strong> Assegurar o fornecimento de componentes cr\u00edticos para a produ\u00e7\u00e3o el\u00e9trica.<\/li>\n<li><strong>Capacita\u00e7\u00e3o de M\u00e3o de Obra:<\/strong> Investir na prepara\u00e7\u00e3o dos trabalhadores para as novas tecnologias ser\u00e1 crucial.<\/li>\n<\/ul>\n<h2>Vis\u00e3o da BYD para o Futuro do Mercado<\/h2>\n<p>A vis\u00e3o da BYD \u00e9 clara: tornar-se uma refer\u00eancia na fabrica\u00e7\u00e3o de ve\u00edculos el\u00e9tricos e h\u00edbridos na Am\u00e9rica Latina. A empresa acredita que a eletrifica\u00e7\u00e3o do transporte \u00e9 um passo vital para combater as mudan\u00e7as clim\u00e1ticas e melhorar a qualidade do ar nas cidades. Com planos de expandir sua linha de produtos e aumentar a produ\u00e7\u00e3o, a BYD est\u00e1 posicionado para ser um l\u00edder nesse mercado crescente.<\/p>\n<div class=\"2410bb7248a64bb1f71103797e0f239b\" data-index=\"3\" style=\"float: none; margin:0px;\">\n<\/br><\/br>\r\n\r\n<ins class=\"adsbygoogle\"\r\n     style=\"display:block\"\r\n     data-ad-format=\"fluid\"\r\n     data-ad-layout-key=\"-63+do+n-1s+9e\"\r\n     data-ad-client=\"ca-pub-8585364105181520\"\r\n     data-ad-slot=\"6838462089\"><\/ins>\r\n<script>\r\n     (adsbygoogle = window.adsbygoogle || []).push({});\r\n<\/script>\n<\/div>\n\n<div style=\"font-size: 0px; height: 0px; line-height: 0px; margin: 0; padding: 0; clear: both;\"><\/div>","protected":false},"excerpt":{"rendered":"<p>BYD inicia montagem de carros el\u00e9tricos na Bahia, com promessa de inova\u00e7\u00e3o.<\/p>\n","protected":false},"author":1,"featured_media":223,"comment_status":"open","ping_status":"closed","sticky":false,"template":"","format":"standard","meta":{"footnotes":""},"categories":[1],"tags":[],"class_list":["post-224","post","type-post","status-publish","format-standard","has-post-thumbnail","hentry","category-noticias-em-camacari","has_thumb"],"aioseo_notices":[],"aioseo_head":"\n\t\t<!-- All in One SEO 5.0.0.1 - aioseo.com -->\n\t<meta name=\"description\" content=\"BYD inicia montagem de carros el\u00e9tricos na Bahia, com promessa de inova\u00e7\u00e3o.\" \/>\n\t<meta name=\"robots\" content=\"max-image-preview:large\" \/>\n\t<meta name=\"author\" content=\"Encontra Cama\u00e7ari\"\/>\n\t<link rel=\"canonical\" href=\"https:\/\/www.encontracamacari.com.br\/sobre\/byd-inaugura-fabrica-na-bahia-e-inicia-montagem-de-carros-eletricos\/\" \/>\n\t<meta name=\"generator\" content=\"All in One SEO (AIOSEO) 5.0.0.1\" \/>\n\t\t<meta property=\"og:locale\" content=\"pt_BR\" \/>\n\t\t<meta property=\"og:site_name\" content=\"Encontra Cama\u00e7ari - Not\u00edcias, eventos, informa\u00e7\u00f5es e dicas na cidade de Cama\u00e7ari e regi\u00e3o.\" \/>\n\t\t<meta property=\"og:type\" content=\"article\" \/>\n\t\t<meta property=\"og:title\" content=\"BYD inaugura f\u00e1brica na Bahia e inicia montagem de carros el\u00e9tricos - Encontra Cama\u00e7ari\" \/>\n\t\t<meta property=\"og:description\" content=\"BYD inicia montagem de carros el\u00e9tricos na Bahia, com promessa de inova\u00e7\u00e3o.\" \/>\n\t\t<meta property=\"og:url\" content=\"https:\/\/www.encontracamacari.com.br\/sobre\/byd-inaugura-fabrica-na-bahia-e-inicia-montagem-de-carros-eletricos\/\" \/>\n\t\t<meta property=\"article:published_time\" content=\"2025-10-25T12:14:00+00:00\" \/>\n\t\t<meta property=\"article:modified_time\" content=\"2025-10-25T12:14:00+00:00\" \/>\n\t\t<meta name=\"twitter:card\" content=\"summary_large_image\" \/>\n\t\t<meta name=\"twitter:title\" content=\"BYD inaugura f\u00e1brica na Bahia e inicia montagem de carros el\u00e9tricos - Encontra Cama\u00e7ari\" \/>\n\t\t<meta name=\"twitter:description\" content=\"BYD inicia montagem de carros el\u00e9tricos na Bahia, com promessa de inova\u00e7\u00e3o.\" \/>\n\t\t<script type=\"application\/ld+json\" class=\"aioseo-schema\">\n\t\t\t{\"@context\":\"https:\\\/\\\/schema.org\",\"@graph\":[{\"@type\":\"BlogPosting\",\"@id\":\"https:\\\/\\\/www.encontracamacari.com.br\\\/sobre\\\/byd-inaugura-fabrica-na-bahia-e-inicia-montagem-de-carros-eletricos\\\/#blogposting\",\"name\":\"BYD inaugura f\\u00e1brica na Bahia e inicia montagem de carros el\\u00e9tricos - Encontra Cama\\u00e7ari\",\"headline\":\"BYD inaugura f\\u00e1brica na Bahia e inicia montagem de carros el\\u00e9tricos\",\"author\":{\"@id\":\"https:\\\/\\\/www.encontracamacari.com.br\\\/sobre\\\/author\\\/ecamacari\\\/#author\"},\"publisher\":{\"@id\":\"https:\\\/\\\/www.encontracamacari.com.br\\\/sobre\\\/#organization\"},\"image\":{\"@type\":\"ImageObject\",\"url\":\"https:\\\/\\\/www.encontracamacari.com.br\\\/sobre\\\/wp-content\\\/uploads\\\/2025\\\/10\\\/byd-inaugura-fabrica-na-bahia-e-inicia-montagem-de-carros-eletricos.webp\",\"width\":320,\"height\":280},\"datePublished\":\"2025-10-25T12:14:00+00:00\",\"dateModified\":\"2025-10-25T12:14:00+00:00\",\"inLanguage\":\"pt-BR\",\"mainEntityOfPage\":{\"@id\":\"https:\\\/\\\/www.encontracamacari.com.br\\\/sobre\\\/byd-inaugura-fabrica-na-bahia-e-inicia-montagem-de-carros-eletricos\\\/#webpage\"},\"isPartOf\":{\"@id\":\"https:\\\/\\\/www.encontracamacari.com.br\\\/sobre\\\/byd-inaugura-fabrica-na-bahia-e-inicia-montagem-de-carros-eletricos\\\/#webpage\"},\"articleSection\":\"Not\\u00edcias Cama\\u00e7ari\"},{\"@type\":\"BreadcrumbList\",\"@id\":\"https:\\\/\\\/www.encontracamacari.com.br\\\/sobre\\\/byd-inaugura-fabrica-na-bahia-e-inicia-montagem-de-carros-eletricos\\\/#breadcrumblist\",\"itemListElement\":[{\"@type\":\"ListItem\",\"@id\":\"https:\\\/\\\/www.encontracamacari.com.br\\\/sobre#listItem\",\"position\":1,\"name\":\"Home\",\"item\":\"https:\\\/\\\/www.encontracamacari.com.br\\\/sobre\",\"nextItem\":{\"@type\":\"ListItem\",\"@id\":\"https:\\\/\\\/www.encontracamacari.com.br\\\/sobre\\\/noticias-em-camacari\\\/#listItem\",\"name\":\"Not\\u00edcias Cama\\u00e7ari\"}},{\"@type\":\"ListItem\",\"@id\":\"https:\\\/\\\/www.encontracamacari.com.br\\\/sobre\\\/noticias-em-camacari\\\/#listItem\",\"position\":2,\"name\":\"Not\\u00edcias Cama\\u00e7ari\",\"item\":\"https:\\\/\\\/www.encontracamacari.com.br\\\/sobre\\\/noticias-em-camacari\\\/\",\"nextItem\":{\"@type\":\"ListItem\",\"@id\":\"https:\\\/\\\/www.encontracamacari.com.br\\\/sobre\\\/byd-inaugura-fabrica-na-bahia-e-inicia-montagem-de-carros-eletricos\\\/#listItem\",\"name\":\"BYD inaugura f\\u00e1brica na Bahia e inicia montagem de carros el\\u00e9tricos\"},\"previousItem\":{\"@type\":\"ListItem\",\"@id\":\"https:\\\/\\\/www.encontracamacari.com.br\\\/sobre#listItem\",\"name\":\"Home\"}},{\"@type\":\"ListItem\",\"@id\":\"https:\\\/\\\/www.encontracamacari.com.br\\\/sobre\\\/byd-inaugura-fabrica-na-bahia-e-inicia-montagem-de-carros-eletricos\\\/#listItem\",\"position\":3,\"name\":\"BYD inaugura f\\u00e1brica na Bahia e inicia montagem de carros el\\u00e9tricos\",\"previousItem\":{\"@type\":\"ListItem\",\"@id\":\"https:\\\/\\\/www.encontracamacari.com.br\\\/sobre\\\/noticias-em-camacari\\\/#listItem\",\"name\":\"Not\\u00edcias Cama\\u00e7ari\"}}]},{\"@type\":\"Organization\",\"@id\":\"https:\\\/\\\/www.encontracamacari.com.br\\\/sobre\\\/#organization\",\"name\":\"Encontra Cama\\u00e7ari\",\"description\":\"Not\\u00edcias, eventos, informa\\u00e7\\u00f5es e dicas na cidade de Cama\\u00e7ari e regi\\u00e3o.\",\"url\":\"https:\\\/\\\/www.encontracamacari.com.br\\\/sobre\\\/\"},{\"@type\":\"Person\",\"@id\":\"https:\\\/\\\/www.encontracamacari.com.br\\\/sobre\\\/author\\\/ecamacari\\\/#author\",\"url\":\"https:\\\/\\\/www.encontracamacari.com.br\\\/sobre\\\/author\\\/ecamacari\\\/\",\"name\":\"Encontra Cama\\u00e7ari\",\"image\":{\"@type\":\"ImageObject\",\"@id\":\"https:\\\/\\\/www.encontracamacari.com.br\\\/sobre\\\/byd-inaugura-fabrica-na-bahia-e-inicia-montagem-de-carros-eletricos\\\/#authorImage\",\"url\":\"https:\\\/\\\/secure.gravatar.com\\\/avatar\\\/507340682b8270222e1f208e23198b6ae7e2c6a1033ae84e99bc6bce4f82a387?s=96&d=mm&r=g\",\"width\":96,\"height\":96,\"caption\":\"Encontra Cama\\u00e7ari\"}},{\"@type\":\"WebPage\",\"@id\":\"https:\\\/\\\/www.encontracamacari.com.br\\\/sobre\\\/byd-inaugura-fabrica-na-bahia-e-inicia-montagem-de-carros-eletricos\\\/#webpage\",\"url\":\"https:\\\/\\\/www.encontracamacari.com.br\\\/sobre\\\/byd-inaugura-fabrica-na-bahia-e-inicia-montagem-de-carros-eletricos\\\/\",\"name\":\"BYD inaugura f\\u00e1brica na Bahia e inicia montagem de carros el\\u00e9tricos - Encontra Cama\\u00e7ari\",\"description\":\"BYD inicia montagem de carros el\\u00e9tricos na Bahia, com promessa de inova\\u00e7\\u00e3o.\",\"inLanguage\":\"pt-BR\",\"isPartOf\":{\"@id\":\"https:\\\/\\\/www.encontracamacari.com.br\\\/sobre\\\/#website\"},\"breadcrumb\":{\"@id\":\"https:\\\/\\\/www.encontracamacari.com.br\\\/sobre\\\/byd-inaugura-fabrica-na-bahia-e-inicia-montagem-de-carros-eletricos\\\/#breadcrumblist\"},\"author\":{\"@id\":\"https:\\\/\\\/www.encontracamacari.com.br\\\/sobre\\\/author\\\/ecamacari\\\/#author\"},\"creator\":{\"@id\":\"https:\\\/\\\/www.encontracamacari.com.br\\\/sobre\\\/author\\\/ecamacari\\\/#author\"},\"image\":{\"@type\":\"ImageObject\",\"url\":\"https:\\\/\\\/www.encontracamacari.com.br\\\/sobre\\\/wp-content\\\/uploads\\\/2025\\\/10\\\/byd-inaugura-fabrica-na-bahia-e-inicia-montagem-de-carros-eletricos.webp\",\"@id\":\"https:\\\/\\\/www.encontracamacari.com.br\\\/sobre\\\/byd-inaugura-fabrica-na-bahia-e-inicia-montagem-de-carros-eletricos\\\/#mainImage\",\"width\":320,\"height\":280},\"primaryImageOfPage\":{\"@id\":\"https:\\\/\\\/www.encontracamacari.com.br\\\/sobre\\\/byd-inaugura-fabrica-na-bahia-e-inicia-montagem-de-carros-eletricos\\\/#mainImage\"},\"datePublished\":\"2025-10-25T12:14:00+00:00\",\"dateModified\":\"2025-10-25T12:14:00+00:00\"},{\"@type\":\"WebSite\",\"@id\":\"https:\\\/\\\/www.encontracamacari.com.br\\\/sobre\\\/#website\",\"url\":\"https:\\\/\\\/www.encontracamacari.com.br\\\/sobre\\\/\",\"name\":\"Encontra Cama\\u00e7ari\",\"description\":\"Not\\u00edcias, eventos, informa\\u00e7\\u00f5es e dicas na cidade de Cama\\u00e7ari e regi\\u00e3o.\",\"inLanguage\":\"pt-BR\",\"publisher\":{\"@id\":\"https:\\\/\\\/www.encontracamacari.com.br\\\/sobre\\\/#organization\"}}]}\n\t\t<\/script>\n\t\t<!-- All in One SEO -->\n\n","aioseo_head_json":{"title":"BYD inaugura f\u00e1brica na Bahia e inicia montagem de carros el\u00e9tricos - Encontra Cama\u00e7ari","description":"BYD inicia montagem de carros el\u00e9tricos na Bahia, com promessa de inova\u00e7\u00e3o.","canonical_url":"https:\/\/www.encontracamacari.com.br\/sobre\/byd-inaugura-fabrica-na-bahia-e-inicia-montagem-de-carros-eletricos\/","robots":"max-image-preview:large","keywords":"","webmasterTools":{"miscellaneous":""},"schema":{"@context":"https:\/\/schema.org","@graph":[{"@type":"BlogPosting","@id":"https:\/\/www.encontracamacari.com.br\/sobre\/byd-inaugura-fabrica-na-bahia-e-inicia-montagem-de-carros-eletricos\/#blogposting","name":"BYD inaugura f\u00e1brica na Bahia e inicia montagem de carros el\u00e9tricos - Encontra Cama\u00e7ari","headline":"BYD inaugura f\u00e1brica na Bahia e inicia montagem de carros el\u00e9tricos","author":{"@id":"https:\/\/www.encontracamacari.com.br\/sobre\/author\/ecamacari\/#author"},"publisher":{"@id":"https:\/\/www.encontracamacari.com.br\/sobre\/#organization"},"image":{"@type":"ImageObject","url":"https:\/\/www.encontracamacari.com.br\/sobre\/wp-content\/uploads\/2025\/10\/byd-inaugura-fabrica-na-bahia-e-inicia-montagem-de-carros-eletricos.webp","width":320,"height":280},"datePublished":"2025-10-25T12:14:00+00:00","dateModified":"2025-10-25T12:14:00+00:00","inLanguage":"pt-BR","mainEntityOfPage":{"@id":"https:\/\/www.encontracamacari.com.br\/sobre\/byd-inaugura-fabrica-na-bahia-e-inicia-montagem-de-carros-eletricos\/#webpage"},"isPartOf":{"@id":"https:\/\/www.encontracamacari.com.br\/sobre\/byd-inaugura-fabrica-na-bahia-e-inicia-montagem-de-carros-eletricos\/#webpage"},"articleSection":"Not\u00edcias Cama\u00e7ari"},{"@type":"BreadcrumbList","@id":"https:\/\/www.encontracamacari.com.br\/sobre\/byd-inaugura-fabrica-na-bahia-e-inicia-montagem-de-carros-eletricos\/#breadcrumblist","itemListElement":[{"@type":"ListItem","@id":"https:\/\/www.encontracamacari.com.br\/sobre#listItem","position":1,"name":"Home","item":"https:\/\/www.encontracamacari.com.br\/sobre","nextItem":{"@type":"ListItem","@id":"https:\/\/www.encontracamacari.com.br\/sobre\/noticias-em-camacari\/#listItem","name":"Not\u00edcias Cama\u00e7ari"}},{"@type":"ListItem","@id":"https:\/\/www.encontracamacari.com.br\/sobre\/noticias-em-camacari\/#listItem","position":2,"name":"Not\u00edcias Cama\u00e7ari","item":"https:\/\/www.encontracamacari.com.br\/sobre\/noticias-em-camacari\/","nextItem":{"@type":"ListItem","@id":"https:\/\/www.encontracamacari.com.br\/sobre\/byd-inaugura-fabrica-na-bahia-e-inicia-montagem-de-carros-eletricos\/#listItem","name":"BYD inaugura f\u00e1brica na Bahia e inicia montagem de carros el\u00e9tricos"},"previousItem":{"@type":"ListItem","@id":"https:\/\/www.encontracamacari.com.br\/sobre#listItem","name":"Home"}},{"@type":"ListItem","@id":"https:\/\/www.encontracamacari.com.br\/sobre\/byd-inaugura-fabrica-na-bahia-e-inicia-montagem-de-carros-eletricos\/#listItem","position":3,"name":"BYD inaugura f\u00e1brica na Bahia e inicia montagem de carros el\u00e9tricos","previousItem":{"@type":"ListItem","@id":"https:\/\/www.encontracamacari.com.br\/sobre\/noticias-em-camacari\/#listItem","name":"Not\u00edcias Cama\u00e7ari"}}]},{"@type":"Organization","@id":"https:\/\/www.encontracamacari.com.br\/sobre\/#organization","name":"Encontra Cama\u00e7ari","description":"Not\u00edcias, eventos, informa\u00e7\u00f5es e dicas na cidade de Cama\u00e7ari e regi\u00e3o.","url":"https:\/\/www.encontracamacari.com.br\/sobre\/"},{"@type":"Person","@id":"https:\/\/www.encontracamacari.com.br\/sobre\/author\/ecamacari\/#author","url":"https:\/\/www.encontracamacari.com.br\/sobre\/author\/ecamacari\/","name":"Encontra Cama\u00e7ari","image":{"@type":"ImageObject","@id":"https:\/\/www.encontracamacari.com.br\/sobre\/byd-inaugura-fabrica-na-bahia-e-inicia-montagem-de-carros-eletricos\/#authorImage","url":"https:\/\/secure.gravatar.com\/avatar\/507340682b8270222e1f208e23198b6ae7e2c6a1033ae84e99bc6bce4f82a387?s=96&d=mm&r=g","width":96,"height":96,"caption":"Encontra Cama\u00e7ari"}},{"@type":"WebPage","@id":"https:\/\/www.encontracamacari.com.br\/sobre\/byd-inaugura-fabrica-na-bahia-e-inicia-montagem-de-carros-eletricos\/#webpage","url":"https:\/\/www.encontracamacari.com.br\/sobre\/byd-inaugura-fabrica-na-bahia-e-inicia-montagem-de-carros-eletricos\/","name":"BYD inaugura f\u00e1brica na Bahia e inicia montagem de carros el\u00e9tricos - Encontra Cama\u00e7ari","description":"BYD inicia montagem de carros el\u00e9tricos na Bahia, com promessa de inova\u00e7\u00e3o.","inLanguage":"pt-BR","isPartOf":{"@id":"https:\/\/www.encontracamacari.com.br\/sobre\/#website"},"breadcrumb":{"@id":"https:\/\/www.encontracamacari.com.br\/sobre\/byd-inaugura-fabrica-na-bahia-e-inicia-montagem-de-carros-eletricos\/#breadcrumblist"},"author":{"@id":"https:\/\/www.encontracamacari.com.br\/sobre\/author\/ecamacari\/#author"},"creator":{"@id":"https:\/\/www.encontracamacari.com.br\/sobre\/author\/ecamacari\/#author"},"image":{"@type":"ImageObject","url":"https:\/\/www.encontracamacari.com.br\/sobre\/wp-content\/uploads\/2025\/10\/byd-inaugura-fabrica-na-bahia-e-inicia-montagem-de-carros-eletricos.webp","@id":"https:\/\/www.encontracamacari.com.br\/sobre\/byd-inaugura-fabrica-na-bahia-e-inicia-montagem-de-carros-eletricos\/#mainImage","width":320,"height":280},"primaryImageOfPage":{"@id":"https:\/\/www.encontracamacari.com.br\/sobre\/byd-inaugura-fabrica-na-bahia-e-inicia-montagem-de-carros-eletricos\/#mainImage"},"datePublished":"2025-10-25T12:14:00+00:00","dateModified":"2025-10-25T12:14:00+00:00"},{"@type":"WebSite","@id":"https:\/\/www.encontracamacari.com.br\/sobre\/#website","url":"https:\/\/www.encontracamacari.com.br\/sobre\/","name":"Encontra Cama\u00e7ari","description":"Not\u00edcias, eventos, informa\u00e7\u00f5es e dicas na cidade de Cama\u00e7ari e regi\u00e3o.","inLanguage":"pt-BR","publisher":{"@id":"https:\/\/www.encontracamacari.com.br\/sobre\/#organization"}}]},"og:locale":"pt_BR","og:site_name":"Encontra Cama\u00e7ari - Not\u00edcias, eventos, informa\u00e7\u00f5es e dicas na cidade de Cama\u00e7ari e regi\u00e3o.","og:type":"article","og:title":"BYD inaugura f\u00e1brica na Bahia e inicia montagem de carros el\u00e9tricos - Encontra Cama\u00e7ari","og:description":"BYD inicia montagem de carros el\u00e9tricos na Bahia, com promessa de inova\u00e7\u00e3o.","og:url":"https:\/\/www.encontracamacari.com.br\/sobre\/byd-inaugura-fabrica-na-bahia-e-inicia-montagem-de-carros-eletricos\/","article:published_time":"2025-10-25T12:14:00+00:00","article:modified_time":"2025-10-25T12:14:00+00:00","twitter:card":"summary_large_image","twitter:title":"BYD inaugura f\u00e1brica na Bahia e inicia montagem de carros el\u00e9tricos - Encontra Cama\u00e7ari","twitter:description":"BYD inicia montagem de carros el\u00e9tricos na Bahia, com promessa de inova\u00e7\u00e3o."},"aioseo_meta_data":{"post_id":"224","title":null,"description":null,"keywords":null,"keyphrases":null,"primary_term":null,"canonical_url":null,"og_title":null,"og_description":null,"og_object_type":"default","og_image_type":"default","og_image_url":null,"og_image_width":null,"og_image_height":null,"og_image_custom_url":null,"og_image_custom_fields":null,"og_video":null,"og_custom_url":null,"og_article_section":null,"og_article_tags":null,"twitter_use_og":false,"twitter_card":"default","twitter_image_type":"default","twitter_image_url":null,"twitter_image_custom_url":null,"twitter_image_custom_fields":null,"twitter_title":null,"twitter_description":null,"schema":{"blockGraphs":[],"customGraphs":[],"default":{"data":{"Article":[],"Course":[],"Dataset":[],"FAQPage":[],"Movie":[],"Person":[],"Product":[],"ProductReview":[],"Car":[],"Recipe":[],"Service":[],"SoftwareApplication":[],"WebPage":[]},"graphName":"BlogPosting","isEnabled":true},"graphs":[]},"schema_type":"default","schema_type_options":null,"pillar_content":false,"robots_default":true,"robots_noindex":false,"robots_noarchive":false,"robots_nosnippet":false,"robots_nofollow":false,"robots_noimageindex":false,"robots_noodp":false,"robots_notranslate":false,"robots_max_snippet":null,"robots_max_videopreview":null,"robots_max_imagepreview":"large","priority":null,"frequency":null,"local_seo":null,"limit_modified_date":false,"created":"2025-10-26 10:58:35","updated":"2026-08-05 23:26:03","focus_keyword":null,"additional_keywords":null,"truseo_locale":null,"ai":null,"breadcrumb_settings":null,"seo_analyzer_scan_date":null},"aioseo_breadcrumb":"<div class=\"aioseo-breadcrumbs\"><span class=\"aioseo-breadcrumb\">\n\t\t\t<a href=\"https:\/\/www.encontracamacari.com.br\/sobre\" title=\"Home\">Home<\/a>\n\t\t<\/span><span class=\"aioseo-breadcrumb-separator\">&raquo;<\/span><span class=\"aioseo-breadcrumb\">\n\t\t\t<a href=\"https:\/\/www.encontracamacari.com.br\/sobre\/noticias-em-camacari\/\" title=\"Not\u00edcias Cama\u00e7ari\">Not\u00edcias Cama\u00e7ari<\/a>\n\t\t<\/span><span class=\"aioseo-breadcrumb-separator\">&raquo;<\/span><span class=\"aioseo-breadcrumb\">\n\t\t\tBYD inaugura f\u00e1brica na Bahia e inicia montagem de carros el\u00e9tricos\n\t\t<\/span><\/div>","aioseo_breadcrumb_json":[{"label":"Home","link":"https:\/\/www.encontracamacari.com.br\/sobre"},{"label":"Not\u00edcias Cama\u00e7ari","link":"https:\/\/www.encontracamacari.com.br\/sobre\/noticias-em-camacari\/"},{"label":"BYD inaugura f\u00e1brica na Bahia e inicia montagem de carros el\u00e9tricos","link":"https:\/\/www.encontracamacari.com.br\/sobre\/byd-inaugura-fabrica-na-bahia-e-inicia-montagem-de-carros-eletricos\/"}],"_links":{"self":[{"href":"https:\/\/www.encontracamacari.com.br\/sobre\/wp-json\/wp\/v2\/posts\/224","targetHints":{"allow":["GET"]}}],"collection":[{"href":"https:\/\/www.encontracamacari.com.br\/sobre\/wp-json\/wp\/v2\/posts"}],"about":[{"href":"https:\/\/www.encontracamacari.com.br\/sobre\/wp-json\/wp\/v2\/types\/post"}],"author":[{"embeddable":true,"href":"https:\/\/www.encontracamacari.com.br\/sobre\/wp-json\/wp\/v2\/users\/1"}],"replies":[{"embeddable":true,"href":"https:\/\/www.encontracamacari.com.br\/sobre\/wp-json\/wp\/v2\/comments?post=224"}],"version-history":[{"count":0,"href":"https:\/\/www.encontracamacari.com.br\/sobre\/wp-json\/wp\/v2\/posts\/224\/revisions"}],"wp:featuredmedia":[{"embeddable":true,"href":"https:\/\/www.encontracamacari.com.br\/sobre\/wp-json\/wp\/v2\/media\/223"}],"wp:attachment":[{"href":"https:\/\/www.encontracamacari.com.br\/sobre\/wp-json\/wp\/v2\/media?parent=224"}],"wp:term":[{"taxonomy":"category","embeddable":true,"href":"https:\/\/www.encontracamacari.com.br\/sobre\/wp-json\/wp\/v2\/categories?post=224"},{"taxonomy":"post_tag","embeddable":true,"href":"https:\/\/www.encontracamacari.com.br\/sobre\/wp-json\/wp\/v2\/tags?post=224"}],"curies":[{"name":"wp","href":"https:\/\/api.w.org\/{rel}","templated":true}]}}