{"id":214,"date":"2025-10-23T11:44:00","date_gmt":"2025-10-23T11:44:00","guid":{"rendered":"https:\/\/www.encontracamacari.com.br\/sobre\/byd-abre-200-vagas-de-emprego-na-fabrica-de-camacari-ba\/"},"modified":"2025-10-23T11:44:00","modified_gmt":"2025-10-23T11:44:00","slug":"byd-abre-200-vagas-de-emprego-na-fabrica-de-camacari-ba","status":"publish","type":"post","link":"https:\/\/www.encontracamacari.com.br\/sobre\/byd-abre-200-vagas-de-emprego-na-fabrica-de-camacari-ba\/","title":{"rendered":"BYD abre 200 vagas de emprego na f\u00e1brica de Cama\u00e7ari (BA)"},"content":{"rendered":"<div class=\"2410bb7248a64bb1f71103797e0f239b\" data-index=\"1\" style=\"float: none; margin:0px;\">\n<ins class=\"adsbygoogle\"\r\n     style=\"display:block\"\r\n     data-ad-client=\"ca-pub-8585364105181520\"\r\n     data-ad-slot=\"8789329856\"\r\n     data-ad-format=\"auto\"\r\n     data-full-width-responsive=\"true\"><\/ins>\r\n<script>\r\n     (adsbygoogle = window.adsbygoogle || []).push({});\r\n<\/script>\n<\/div>\n<h2>Vagas Abertas na F\u00e1brica da BYD<\/h2>\n<p>A <strong>BYD<\/strong>, uma das l\u00edderes mundiais em solu\u00e7\u00f5es de energia e mobilidade el\u00e9trica, est\u00e1 expandindo suas opera\u00e7\u00f5es no Brasil e anunciou a abertura de <strong>200 vagas de emprego<\/strong> na sua f\u00e1brica localizada em <strong>Cama\u00e7ari<\/strong>, na Bahia. As oportunidades abrangem diversas fun\u00e7\u00f5es e s\u00e3o destinadas tanto a profissionais com experi\u00eancia quanto a estudantes em busca de uma primeira oportunidade no mercado de trabalho.<\/p>\n<p>Essas vagas refletem o compromisso da BYD em fomentar o desenvolvimento econ\u00f4mico na regi\u00e3o e proporcionar empregos de qualidade. Os interessados devem ficar atentos \u00e0s especifica\u00e7\u00f5es de cada vaga e \u00e0s etapas do processo seletivo.<\/p>\n<h2>Setores com Mais Oportunidades<\/h2>\n<p>No total das <strong>200 vagas abertas<\/strong>, a BYD oferece oportunidades em v\u00e1rios setores, destacando-se:<\/p>\n<ul>\n<li><strong>Produ\u00e7\u00e3o:<\/strong> Operadores de m\u00e1quinas, montadores e supervisores de linha de produ\u00e7\u00e3o.<\/li>\n<li><strong>Log\u00edstica:<\/strong> Encarregados de expedi\u00e7\u00e3o, estoquistas e analistas log\u00edsticos.<\/li>\n<li><strong>Qualidade:<\/strong> Inspetores de qualidade e engenheiros de qualidade.<\/li>\n<li><strong>Administra\u00e7\u00e3o:<\/strong> Posi\u00e7\u00f5es para assistentes administrativos e especialistas em recursos humanos.<\/li>\n<li><strong>Engenharia:<\/strong> Engenheiros el\u00e9tricos e mec\u00e2nicos, al\u00e9m de t\u00e9cnicos em eletr\u00f4nica.<\/li>\n<\/ul>\n<p>Esses setores s\u00e3o essenciais para garantir a produ\u00e7\u00e3o eficiente de ve\u00edculos el\u00e9tricos e outros produtos inovadores da empresa, al\u00e9m de oferecer uma variedade de op\u00e7\u00f5es para candidatos de diferentes perfis e forma\u00e7\u00f5es.<\/p>\n<h2>Como Se Candidatar \u00e0s Vagas<\/h2>\n<p>Os interessados em se candidatar \u00e0s vagas de emprego da BYD devem seguir alguns passos simples:<\/p>\n<ul>\n<li>Acessar o site oficial da BYD Brasil, onde est\u00e3o listadas todas as vagas dispon\u00edveis.<\/li>\n<li>Selecionar a posi\u00e7\u00e3o desejada e ler atentamente os requisitos e responsabilidades.<\/li>\n<li>Preencher o formul\u00e1rio de candidatura online com as informa\u00e7\u00f5es solicitadas.<\/li>\n<li>Anexar um curr\u00edculo atualizado e uma carta de apresenta\u00e7\u00e3o, se necess\u00e1rio.<\/li>\n<\/ul>\n<p>\u00c9 importante que os candidatos mantenham seus dados atualizados e acompanhem o processo por e-mail, j\u00e1 que a comunica\u00e7\u00e3o sobre sele\u00e7\u00e3o e entrevistas ser\u00e1 feita atrav\u00e9s desse canal.<\/p>\n<h2>Benef\u00edcios de Trabalhar na BYD<\/h2>\n<p>Trabalhar na BYD oferece uma s\u00e9rie de <strong>benef\u00edcios atrativos<\/strong>, que v\u00e3o al\u00e9m do sal\u00e1rio competitivo. Os principais benef\u00edcios incluem:<\/p>\n<ul>\n<li><strong>Vale-alimenta\u00e7\u00e3o:<\/strong> Aux\u00edlio para alimenta\u00e7\u00e3o mensal.<\/li>\n<li><strong>Vale-transporte:<\/strong> Transporte para deslocamento at\u00e9 a f\u00e1brica.<\/li>\n<li><strong>Plano de sa\u00fade:<\/strong> Acesso a planos de sa\u00fade de qualidade para os colaboradores e seus dependentes.<\/li>\n<li><strong>Treinamentos:<\/strong> Programas de capacita\u00e7\u00e3o cont\u00ednua, promovendo o desenvolvimento profissional dos funcion\u00e1rios.<\/li>\n<li><strong>Plano de Carreira:<\/strong> Oportunidades de crescimento e desenvolvimento dentro da empresa.<\/li>\n<\/ul>\n<p>Esses benef\u00edcios comprovam o compromisso da BYD com o bem-estar de seus funcion\u00e1rios, tornando-a uma empregadora desejada na regi\u00e3o.<\/p>\n<h2>Perfil dos Candidatos Procurados<\/h2>\n<p>A BYD busca candidatos que possuam determinadas caracter\u00edsticas e compet\u00eancias, incluindo:<\/p>\n<ul>\n<li><strong>Proatividade:<\/strong> Esp\u00edrito de iniciativa e capacidade de trabalhar de forma independente.<\/li>\n<li><strong>Trabalho em equipe:<\/strong> Facilidade em se comunicar e colaborar com outras pessoas.<\/li>\n<li><strong>Adapta\u00e7\u00e3o:<\/strong> Habilidade para se ajustar a novas situa\u00e7\u00f5es e mudan\u00e7as no ambiente de trabalho.<\/li>\n<li><strong>Conhecimento t\u00e9cnico:<\/strong> Dependendo da fun\u00e7\u00e3o, \u00e9 necess\u00e1rio ter conhecimentos espec\u00edficos na \u00e1rea selecionada.<\/li>\n<\/ul>\n<p>Al\u00e9m disso, a empresa valoriza a diversidade e incentiva a candidatura de pessoas de diferentes origens e experi\u00eancias.<\/p><div class=\"2410bb7248a64bb1f71103797e0f239b\" data-index=\"2\" style=\"float: none; margin:0px;\">\n<ins class=\"adsbygoogle\"\r\n     style=\"display:block; text-align:center;\"\r\n     data-ad-layout=\"in-article\"\r\n     data-ad-format=\"fluid\"\r\n     data-ad-client=\"ca-pub-8585364105181520\"\r\n     data-ad-slot=\"2899217073\"><\/ins>\r\n<script>\r\n     (adsbygoogle = window.adsbygoogle || []).push({});\r\n<\/script>\r\n\r\n<\/br><\/br>\n<\/div>\n\n<h2>A Import\u00e2ncia da F\u00e1brica em Cama\u00e7ari<\/h2>\n<p>A unidade da BYD em Cama\u00e7ari \u00e9 um marco importante para a ind\u00fastria de energia e mobilidade el\u00e9trica no Brasil. Com uma capacidade de produ\u00e7\u00e3o significativa, a f\u00e1brica n\u00e3o s\u00f3 contribui para o abastecimento do mercado nacional como tamb\u00e9m para a exporta\u00e7\u00e3o de seus produtos, gerando divisas para o pa\u00eds.<\/p>\n<p>Al\u00e9m disso, a presen\u00e7a da BYD em Cama\u00e7ari tem um impacto positivo na economia local e regional. A cria\u00e7\u00e3o de <strong>200 vagas de emprego<\/strong> n\u00e3o apenas oferece oportunidade de trabalho, mas tamb\u00e9m estimula o com\u00e9rcio e outras atividades em torno da f\u00e1brica. Isso \u00e9 essencial para o desenvolvimento sustent\u00e1vel da regi\u00e3o.<\/p>\n<h2>Investimentos da BYD no Brasil<\/h2>\n<p>A BYD tem investido fortemente no Brasil, com a inten\u00e7\u00e3o de expandir suas opera\u00e7\u00f5es e oferecer produtos de alta qualidade. Os investimentos incluem:<\/p>\n<ul>\n<li>Amplia\u00e7\u00e3o de sua capacidade produtiva, com novas linhas de montagem.<\/li>\n<li>Desenvolvimento de pesquisas e inova\u00e7\u00f5es tecnol\u00f3gicas para o setor de mobilidade el\u00e9trica.<\/li>\n<li>Parcerias com fornecedores locais para impulsionar a economia e incentivar o desenvolvimento regional.<\/li>\n<\/ul>\n<p>Esses investimentos demonstram o comprometimento da empresa com o Brasil e sua confian\u00e7a no futuro do mercado de ve\u00edculos el\u00e9tricos no pa\u00eds.<\/p>\n<h2>Expectativa de Crescimento e Novas Vagas<\/h2>\n<p>A expectativa \u00e9 de que a BYD continue crescendo nos pr\u00f3ximos anos, especialmente em um mercado que busca cada vez mais solu\u00e7\u00f5es sustent\u00e1veis. A demanda crescente por ve\u00edculos el\u00e9tricos e sistemas de energia solar est\u00e1 impulsionando a necessidade de mais contrata\u00e7\u00f5es.<\/p>\n<p>Al\u00e9m das <strong>200 novas vagas de emprego<\/strong> anunciadas, a empresa planeja abrir novas oportunidades \u00e0 medida que expande sua linha de produ\u00e7\u00e3o e desenvolve novos produtos. Isso representa n\u00e3o apenas uma oportunidade para quem busca trabalho, mas tamb\u00e9m para aqueles que desejam se capacitar e crescer profissionalmente em um setor que est\u00e1 em ascens\u00e3o.<\/p>\n<h2>Processo Seletivo e Oportunidades Presenciais<\/h2>\n<p>O processo seletivo da BYD \u00e9 descrito como transparente e inclusivo. Ele \u00e9 dividido nas seguintes etapas:<\/p>\n<ul>\n<li><strong>An\u00e1lise de Curr\u00edculos:<\/strong> Os curr\u00edculos recebidos s\u00e3o avaliados de acordo com os requisitos das vagas.<\/li>\n<li><strong>Entrevistas:<\/strong> Os candidatos selecionados s\u00e3o convidados para entrevistas, que podem ser realizadas de forma presencial ou virtual.<\/li>\n<li><strong>Testes Pr\u00e1ticos:<\/strong> Dependendo da fun\u00e7\u00e3o, pode haver testes pr\u00e1ticos para avaliar as habilidades t\u00e9cnicas dos candidatos.<\/li>\n<\/ul>\n<p>As oportunidades presenciais na f\u00e1brica permitem que os candidatos conhe\u00e7am mais sobre a cultura organizacional da BYD e as condi\u00e7\u00f5es de trabalho. Isso \u00e9 um diferencial para aqueles que desejam entender melhor seu futuro empregador.<\/p>\n<h2>Depoimentos de Funcion\u00e1rios da BYD<\/h2>\n<p>Funcion\u00e1rios da BYD frequentemente compartilham experi\u00eancias positivas sobre trabalhar na empresa. Aqui est\u00e3o alguns depoimentos:<\/p>\n<ul>\n<li><strong>Jo\u00e3o, Engenheiro:<\/strong> &#8220;Trabalhar na BYD me proporcionou a oportunidade de participar de projetos inovadores. A empresa investe muito em forma\u00e7\u00e3o e desenvolvimento profissional.&#8221;<\/li>\n<li><strong>Maria, Operadora de Produ\u00e7\u00e3o:<\/strong> &#8220;A atmosfera de trabalho \u00e9 incr\u00edvel. Todos colaboram, e sinto que estou contribuindo para algo maior, que pode mudar o futuro da mobilidade.&#8221;<\/li>\n<li><strong>Pedro, Supervisor de Log\u00edstica:<\/strong> &#8220;A BYD realmente se preocupa com seus funcion\u00e1rios. Os benef\u00edcios oferecidos est\u00e3o acima da m\u00e9dia do mercado, e isso faz toda a diferen\u00e7a.&#8221;<\/li>\n<\/ul>\n<p>Esses relatos destacam a cultura valorizada na BYD, onde o desenvolvimento pessoal e profissional \u00e9 visto como uma prioridade. Para aqueles em busca de um novo emprego, as oportunidades na BYD em Cama\u00e7ari n\u00e3o podem ser perdidas.<\/p>\n<div class=\"2410bb7248a64bb1f71103797e0f239b\" data-index=\"3\" style=\"float: none; margin:0px;\">\n<\/br><\/br>\r\n\r\n<ins class=\"adsbygoogle\"\r\n     style=\"display:block\"\r\n     data-ad-format=\"fluid\"\r\n     data-ad-layout-key=\"-63+do+n-1s+9e\"\r\n     data-ad-client=\"ca-pub-8585364105181520\"\r\n     data-ad-slot=\"6838462089\"><\/ins>\r\n<script>\r\n     (adsbygoogle = window.adsbygoogle || []).push({});\r\n<\/script>\n<\/div>\n\n<div style=\"font-size: 0px; height: 0px; line-height: 0px; margin: 0; padding: 0; clear: both;\"><\/div>","protected":false},"excerpt":{"rendered":"<p>BYD abre 200 vagas de emprego com oportunidades para diversas \u00e1reas.<\/p>\n","protected":false},"author":1,"featured_media":213,"comment_status":"open","ping_status":"closed","sticky":false,"template":"","format":"standard","meta":{"footnotes":""},"categories":[1],"tags":[],"class_list":["post-214","post","type-post","status-publish","format-standard","has-post-thumbnail","hentry","category-noticias-em-camacari","has_thumb"],"aioseo_notices":[],"aioseo_head":"\n\t\t<!-- All in One SEO 5.0.0.1 - aioseo.com -->\n\t<meta name=\"description\" content=\"BYD abre 200 vagas de emprego com oportunidades para diversas \u00e1reas.\" \/>\n\t<meta name=\"robots\" content=\"max-image-preview:large\" \/>\n\t<meta name=\"author\" content=\"Encontra Cama\u00e7ari\"\/>\n\t<link rel=\"canonical\" href=\"https:\/\/www.encontracamacari.com.br\/sobre\/byd-abre-200-vagas-de-emprego-na-fabrica-de-camacari-ba\/\" \/>\n\t<meta name=\"generator\" content=\"All in One SEO (AIOSEO) 5.0.0.1\" \/>\n\t\t<meta property=\"og:locale\" content=\"pt_BR\" \/>\n\t\t<meta property=\"og:site_name\" content=\"Encontra Cama\u00e7ari - Not\u00edcias, eventos, informa\u00e7\u00f5es e dicas na cidade de Cama\u00e7ari e regi\u00e3o.\" \/>\n\t\t<meta property=\"og:type\" content=\"article\" \/>\n\t\t<meta property=\"og:title\" content=\"BYD abre 200 vagas de emprego na f\u00e1brica de Cama\u00e7ari (BA) - Encontra Cama\u00e7ari\" \/>\n\t\t<meta property=\"og:description\" content=\"BYD abre 200 vagas de emprego com oportunidades para diversas \u00e1reas.\" \/>\n\t\t<meta property=\"og:url\" content=\"https:\/\/www.encontracamacari.com.br\/sobre\/byd-abre-200-vagas-de-emprego-na-fabrica-de-camacari-ba\/\" \/>\n\t\t<meta property=\"article:published_time\" content=\"2025-10-23T11:44:00+00:00\" \/>\n\t\t<meta property=\"article:modified_time\" content=\"2025-10-23T11:44:00+00:00\" \/>\n\t\t<meta name=\"twitter:card\" content=\"summary_large_image\" \/>\n\t\t<meta name=\"twitter:title\" content=\"BYD abre 200 vagas de emprego na f\u00e1brica de Cama\u00e7ari (BA) - Encontra Cama\u00e7ari\" \/>\n\t\t<meta name=\"twitter:description\" content=\"BYD abre 200 vagas de emprego com oportunidades para diversas \u00e1reas.\" \/>\n\t\t<script type=\"application\/ld+json\" class=\"aioseo-schema\">\n\t\t\t{\"@context\":\"https:\\\/\\\/schema.org\",\"@graph\":[{\"@type\":\"BlogPosting\",\"@id\":\"https:\\\/\\\/www.encontracamacari.com.br\\\/sobre\\\/byd-abre-200-vagas-de-emprego-na-fabrica-de-camacari-ba\\\/#blogposting\",\"name\":\"BYD abre 200 vagas de emprego na f\\u00e1brica de Cama\\u00e7ari (BA) - Encontra Cama\\u00e7ari\",\"headline\":\"BYD abre 200 vagas de emprego na f\\u00e1brica de Cama\\u00e7ari (BA)\",\"author\":{\"@id\":\"https:\\\/\\\/www.encontracamacari.com.br\\\/sobre\\\/author\\\/ecamacari\\\/#author\"},\"publisher\":{\"@id\":\"https:\\\/\\\/www.encontracamacari.com.br\\\/sobre\\\/#organization\"},\"image\":{\"@type\":\"ImageObject\",\"url\":\"https:\\\/\\\/www.encontracamacari.com.br\\\/sobre\\\/wp-content\\\/uploads\\\/2025\\\/10\\\/byd-abre-200-vagas-de-emprego-na-fabrica-de-camacari-ba.webp\",\"width\":320,\"height\":280,\"caption\":\"vagas de emprego\"},\"datePublished\":\"2025-10-23T11:44:00+00:00\",\"dateModified\":\"2025-10-23T11:44:00+00:00\",\"inLanguage\":\"pt-BR\",\"mainEntityOfPage\":{\"@id\":\"https:\\\/\\\/www.encontracamacari.com.br\\\/sobre\\\/byd-abre-200-vagas-de-emprego-na-fabrica-de-camacari-ba\\\/#webpage\"},\"isPartOf\":{\"@id\":\"https:\\\/\\\/www.encontracamacari.com.br\\\/sobre\\\/byd-abre-200-vagas-de-emprego-na-fabrica-de-camacari-ba\\\/#webpage\"},\"articleSection\":\"Not\\u00edcias Cama\\u00e7ari\"},{\"@type\":\"BreadcrumbList\",\"@id\":\"https:\\\/\\\/www.encontracamacari.com.br\\\/sobre\\\/byd-abre-200-vagas-de-emprego-na-fabrica-de-camacari-ba\\\/#breadcrumblist\",\"itemListElement\":[{\"@type\":\"ListItem\",\"@id\":\"https:\\\/\\\/www.encontracamacari.com.br\\\/sobre#listItem\",\"position\":1,\"name\":\"Home\",\"item\":\"https:\\\/\\\/www.encontracamacari.com.br\\\/sobre\",\"nextItem\":{\"@type\":\"ListItem\",\"@id\":\"https:\\\/\\\/www.encontracamacari.com.br\\\/sobre\\\/noticias-em-camacari\\\/#listItem\",\"name\":\"Not\\u00edcias Cama\\u00e7ari\"}},{\"@type\":\"ListItem\",\"@id\":\"https:\\\/\\\/www.encontracamacari.com.br\\\/sobre\\\/noticias-em-camacari\\\/#listItem\",\"position\":2,\"name\":\"Not\\u00edcias Cama\\u00e7ari\",\"item\":\"https:\\\/\\\/www.encontracamacari.com.br\\\/sobre\\\/noticias-em-camacari\\\/\",\"nextItem\":{\"@type\":\"ListItem\",\"@id\":\"https:\\\/\\\/www.encontracamacari.com.br\\\/sobre\\\/byd-abre-200-vagas-de-emprego-na-fabrica-de-camacari-ba\\\/#listItem\",\"name\":\"BYD abre 200 vagas de emprego na f\\u00e1brica de Cama\\u00e7ari (BA)\"},\"previousItem\":{\"@type\":\"ListItem\",\"@id\":\"https:\\\/\\\/www.encontracamacari.com.br\\\/sobre#listItem\",\"name\":\"Home\"}},{\"@type\":\"ListItem\",\"@id\":\"https:\\\/\\\/www.encontracamacari.com.br\\\/sobre\\\/byd-abre-200-vagas-de-emprego-na-fabrica-de-camacari-ba\\\/#listItem\",\"position\":3,\"name\":\"BYD abre 200 vagas de emprego na f\\u00e1brica de Cama\\u00e7ari (BA)\",\"previousItem\":{\"@type\":\"ListItem\",\"@id\":\"https:\\\/\\\/www.encontracamacari.com.br\\\/sobre\\\/noticias-em-camacari\\\/#listItem\",\"name\":\"Not\\u00edcias Cama\\u00e7ari\"}}]},{\"@type\":\"Organization\",\"@id\":\"https:\\\/\\\/www.encontracamacari.com.br\\\/sobre\\\/#organization\",\"name\":\"Encontra Cama\\u00e7ari\",\"description\":\"Not\\u00edcias, eventos, informa\\u00e7\\u00f5es e dicas na cidade de Cama\\u00e7ari e regi\\u00e3o.\",\"url\":\"https:\\\/\\\/www.encontracamacari.com.br\\\/sobre\\\/\"},{\"@type\":\"Person\",\"@id\":\"https:\\\/\\\/www.encontracamacari.com.br\\\/sobre\\\/author\\\/ecamacari\\\/#author\",\"url\":\"https:\\\/\\\/www.encontracamacari.com.br\\\/sobre\\\/author\\\/ecamacari\\\/\",\"name\":\"Encontra Cama\\u00e7ari\",\"image\":{\"@type\":\"ImageObject\",\"@id\":\"https:\\\/\\\/www.encontracamacari.com.br\\\/sobre\\\/byd-abre-200-vagas-de-emprego-na-fabrica-de-camacari-ba\\\/#authorImage\",\"url\":\"https:\\\/\\\/secure.gravatar.com\\\/avatar\\\/507340682b8270222e1f208e23198b6ae7e2c6a1033ae84e99bc6bce4f82a387?s=96&d=mm&r=g\",\"width\":96,\"height\":96,\"caption\":\"Encontra Cama\\u00e7ari\"}},{\"@type\":\"WebPage\",\"@id\":\"https:\\\/\\\/www.encontracamacari.com.br\\\/sobre\\\/byd-abre-200-vagas-de-emprego-na-fabrica-de-camacari-ba\\\/#webpage\",\"url\":\"https:\\\/\\\/www.encontracamacari.com.br\\\/sobre\\\/byd-abre-200-vagas-de-emprego-na-fabrica-de-camacari-ba\\\/\",\"name\":\"BYD abre 200 vagas de emprego na f\\u00e1brica de Cama\\u00e7ari (BA) - Encontra Cama\\u00e7ari\",\"description\":\"BYD abre 200 vagas de emprego com oportunidades para diversas \\u00e1reas.\",\"inLanguage\":\"pt-BR\",\"isPartOf\":{\"@id\":\"https:\\\/\\\/www.encontracamacari.com.br\\\/sobre\\\/#website\"},\"breadcrumb\":{\"@id\":\"https:\\\/\\\/www.encontracamacari.com.br\\\/sobre\\\/byd-abre-200-vagas-de-emprego-na-fabrica-de-camacari-ba\\\/#breadcrumblist\"},\"author\":{\"@id\":\"https:\\\/\\\/www.encontracamacari.com.br\\\/sobre\\\/author\\\/ecamacari\\\/#author\"},\"creator\":{\"@id\":\"https:\\\/\\\/www.encontracamacari.com.br\\\/sobre\\\/author\\\/ecamacari\\\/#author\"},\"image\":{\"@type\":\"ImageObject\",\"url\":\"https:\\\/\\\/www.encontracamacari.com.br\\\/sobre\\\/wp-content\\\/uploads\\\/2025\\\/10\\\/byd-abre-200-vagas-de-emprego-na-fabrica-de-camacari-ba.webp\",\"@id\":\"https:\\\/\\\/www.encontracamacari.com.br\\\/sobre\\\/byd-abre-200-vagas-de-emprego-na-fabrica-de-camacari-ba\\\/#mainImage\",\"width\":320,\"height\":280,\"caption\":\"vagas de emprego\"},\"primaryImageOfPage\":{\"@id\":\"https:\\\/\\\/www.encontracamacari.com.br\\\/sobre\\\/byd-abre-200-vagas-de-emprego-na-fabrica-de-camacari-ba\\\/#mainImage\"},\"datePublished\":\"2025-10-23T11:44:00+00:00\",\"dateModified\":\"2025-10-23T11:44:00+00:00\"},{\"@type\":\"WebSite\",\"@id\":\"https:\\\/\\\/www.encontracamacari.com.br\\\/sobre\\\/#website\",\"url\":\"https:\\\/\\\/www.encontracamacari.com.br\\\/sobre\\\/\",\"name\":\"Encontra Cama\\u00e7ari\",\"description\":\"Not\\u00edcias, eventos, informa\\u00e7\\u00f5es e dicas na cidade de Cama\\u00e7ari e regi\\u00e3o.\",\"inLanguage\":\"pt-BR\",\"publisher\":{\"@id\":\"https:\\\/\\\/www.encontracamacari.com.br\\\/sobre\\\/#organization\"}}]}\n\t\t<\/script>\n\t\t<!-- All in One SEO -->\n\n","aioseo_head_json":{"title":"BYD abre 200 vagas de emprego na f\u00e1brica de Cama\u00e7ari (BA) - Encontra Cama\u00e7ari","description":"BYD abre 200 vagas de emprego com oportunidades para diversas \u00e1reas.","canonical_url":"https:\/\/www.encontracamacari.com.br\/sobre\/byd-abre-200-vagas-de-emprego-na-fabrica-de-camacari-ba\/","robots":"max-image-preview:large","keywords":"","webmasterTools":{"miscellaneous":""},"schema":{"@context":"https:\/\/schema.org","@graph":[{"@type":"BlogPosting","@id":"https:\/\/www.encontracamacari.com.br\/sobre\/byd-abre-200-vagas-de-emprego-na-fabrica-de-camacari-ba\/#blogposting","name":"BYD abre 200 vagas de emprego na f\u00e1brica de Cama\u00e7ari (BA) - Encontra Cama\u00e7ari","headline":"BYD abre 200 vagas de emprego na f\u00e1brica de Cama\u00e7ari (BA)","author":{"@id":"https:\/\/www.encontracamacari.com.br\/sobre\/author\/ecamacari\/#author"},"publisher":{"@id":"https:\/\/www.encontracamacari.com.br\/sobre\/#organization"},"image":{"@type":"ImageObject","url":"https:\/\/www.encontracamacari.com.br\/sobre\/wp-content\/uploads\/2025\/10\/byd-abre-200-vagas-de-emprego-na-fabrica-de-camacari-ba.webp","width":320,"height":280,"caption":"vagas de emprego"},"datePublished":"2025-10-23T11:44:00+00:00","dateModified":"2025-10-23T11:44:00+00:00","inLanguage":"pt-BR","mainEntityOfPage":{"@id":"https:\/\/www.encontracamacari.com.br\/sobre\/byd-abre-200-vagas-de-emprego-na-fabrica-de-camacari-ba\/#webpage"},"isPartOf":{"@id":"https:\/\/www.encontracamacari.com.br\/sobre\/byd-abre-200-vagas-de-emprego-na-fabrica-de-camacari-ba\/#webpage"},"articleSection":"Not\u00edcias Cama\u00e7ari"},{"@type":"BreadcrumbList","@id":"https:\/\/www.encontracamacari.com.br\/sobre\/byd-abre-200-vagas-de-emprego-na-fabrica-de-camacari-ba\/#breadcrumblist","itemListElement":[{"@type":"ListItem","@id":"https:\/\/www.encontracamacari.com.br\/sobre#listItem","position":1,"name":"Home","item":"https:\/\/www.encontracamacari.com.br\/sobre","nextItem":{"@type":"ListItem","@id":"https:\/\/www.encontracamacari.com.br\/sobre\/noticias-em-camacari\/#listItem","name":"Not\u00edcias Cama\u00e7ari"}},{"@type":"ListItem","@id":"https:\/\/www.encontracamacari.com.br\/sobre\/noticias-em-camacari\/#listItem","position":2,"name":"Not\u00edcias Cama\u00e7ari","item":"https:\/\/www.encontracamacari.com.br\/sobre\/noticias-em-camacari\/","nextItem":{"@type":"ListItem","@id":"https:\/\/www.encontracamacari.com.br\/sobre\/byd-abre-200-vagas-de-emprego-na-fabrica-de-camacari-ba\/#listItem","name":"BYD abre 200 vagas de emprego na f\u00e1brica de Cama\u00e7ari (BA)"},"previousItem":{"@type":"ListItem","@id":"https:\/\/www.encontracamacari.com.br\/sobre#listItem","name":"Home"}},{"@type":"ListItem","@id":"https:\/\/www.encontracamacari.com.br\/sobre\/byd-abre-200-vagas-de-emprego-na-fabrica-de-camacari-ba\/#listItem","position":3,"name":"BYD abre 200 vagas de emprego na f\u00e1brica de Cama\u00e7ari (BA)","previousItem":{"@type":"ListItem","@id":"https:\/\/www.encontracamacari.com.br\/sobre\/noticias-em-camacari\/#listItem","name":"Not\u00edcias Cama\u00e7ari"}}]},{"@type":"Organization","@id":"https:\/\/www.encontracamacari.com.br\/sobre\/#organization","name":"Encontra Cama\u00e7ari","description":"Not\u00edcias, eventos, informa\u00e7\u00f5es e dicas na cidade de Cama\u00e7ari e regi\u00e3o.","url":"https:\/\/www.encontracamacari.com.br\/sobre\/"},{"@type":"Person","@id":"https:\/\/www.encontracamacari.com.br\/sobre\/author\/ecamacari\/#author","url":"https:\/\/www.encontracamacari.com.br\/sobre\/author\/ecamacari\/","name":"Encontra Cama\u00e7ari","image":{"@type":"ImageObject","@id":"https:\/\/www.encontracamacari.com.br\/sobre\/byd-abre-200-vagas-de-emprego-na-fabrica-de-camacari-ba\/#authorImage","url":"https:\/\/secure.gravatar.com\/avatar\/507340682b8270222e1f208e23198b6ae7e2c6a1033ae84e99bc6bce4f82a387?s=96&d=mm&r=g","width":96,"height":96,"caption":"Encontra Cama\u00e7ari"}},{"@type":"WebPage","@id":"https:\/\/www.encontracamacari.com.br\/sobre\/byd-abre-200-vagas-de-emprego-na-fabrica-de-camacari-ba\/#webpage","url":"https:\/\/www.encontracamacari.com.br\/sobre\/byd-abre-200-vagas-de-emprego-na-fabrica-de-camacari-ba\/","name":"BYD abre 200 vagas de emprego na f\u00e1brica de Cama\u00e7ari (BA) - Encontra Cama\u00e7ari","description":"BYD abre 200 vagas de emprego com oportunidades para diversas \u00e1reas.","inLanguage":"pt-BR","isPartOf":{"@id":"https:\/\/www.encontracamacari.com.br\/sobre\/#website"},"breadcrumb":{"@id":"https:\/\/www.encontracamacari.com.br\/sobre\/byd-abre-200-vagas-de-emprego-na-fabrica-de-camacari-ba\/#breadcrumblist"},"author":{"@id":"https:\/\/www.encontracamacari.com.br\/sobre\/author\/ecamacari\/#author"},"creator":{"@id":"https:\/\/www.encontracamacari.com.br\/sobre\/author\/ecamacari\/#author"},"image":{"@type":"ImageObject","url":"https:\/\/www.encontracamacari.com.br\/sobre\/wp-content\/uploads\/2025\/10\/byd-abre-200-vagas-de-emprego-na-fabrica-de-camacari-ba.webp","@id":"https:\/\/www.encontracamacari.com.br\/sobre\/byd-abre-200-vagas-de-emprego-na-fabrica-de-camacari-ba\/#mainImage","width":320,"height":280,"caption":"vagas de emprego"},"primaryImageOfPage":{"@id":"https:\/\/www.encontracamacari.com.br\/sobre\/byd-abre-200-vagas-de-emprego-na-fabrica-de-camacari-ba\/#mainImage"},"datePublished":"2025-10-23T11:44:00+00:00","dateModified":"2025-10-23T11:44:00+00:00"},{"@type":"WebSite","@id":"https:\/\/www.encontracamacari.com.br\/sobre\/#website","url":"https:\/\/www.encontracamacari.com.br\/sobre\/","name":"Encontra Cama\u00e7ari","description":"Not\u00edcias, eventos, informa\u00e7\u00f5es e dicas na cidade de Cama\u00e7ari e regi\u00e3o.","inLanguage":"pt-BR","publisher":{"@id":"https:\/\/www.encontracamacari.com.br\/sobre\/#organization"}}]},"og:locale":"pt_BR","og:site_name":"Encontra Cama\u00e7ari - Not\u00edcias, eventos, informa\u00e7\u00f5es e dicas na cidade de Cama\u00e7ari e regi\u00e3o.","og:type":"article","og:title":"BYD abre 200 vagas de emprego na f\u00e1brica de Cama\u00e7ari (BA) - Encontra Cama\u00e7ari","og:description":"BYD abre 200 vagas de emprego com oportunidades para diversas \u00e1reas.","og:url":"https:\/\/www.encontracamacari.com.br\/sobre\/byd-abre-200-vagas-de-emprego-na-fabrica-de-camacari-ba\/","article:published_time":"2025-10-23T11:44:00+00:00","article:modified_time":"2025-10-23T11:44:00+00:00","twitter:card":"summary_large_image","twitter:title":"BYD abre 200 vagas de emprego na f\u00e1brica de Cama\u00e7ari (BA) - Encontra Cama\u00e7ari","twitter:description":"BYD abre 200 vagas de emprego com oportunidades para diversas \u00e1reas."},"aioseo_meta_data":{"post_id":"214","title":null,"description":null,"keywords":null,"keyphrases":null,"primary_term":null,"canonical_url":null,"og_title":null,"og_description":null,"og_object_type":"default","og_image_type":"default","og_image_url":null,"og_image_width":null,"og_image_height":null,"og_image_custom_url":null,"og_image_custom_fields":null,"og_video":null,"og_custom_url":null,"og_article_section":null,"og_article_tags":null,"twitter_use_og":false,"twitter_card":"default","twitter_image_type":"default","twitter_image_url":null,"twitter_image_custom_url":null,"twitter_image_custom_fields":null,"twitter_title":null,"twitter_description":null,"schema":{"blockGraphs":[],"customGraphs":[],"default":{"data":{"Article":[],"Course":[],"Dataset":[],"FAQPage":[],"Movie":[],"Person":[],"Product":[],"ProductReview":[],"Car":[],"Recipe":[],"Service":[],"SoftwareApplication":[],"WebPage":[]},"graphName":"BlogPosting","isEnabled":true},"graphs":[]},"schema_type":"default","schema_type_options":null,"pillar_content":false,"robots_default":true,"robots_noindex":false,"robots_noarchive":false,"robots_nosnippet":false,"robots_nofollow":false,"robots_noimageindex":false,"robots_noodp":false,"robots_notranslate":false,"robots_max_snippet":null,"robots_max_videopreview":null,"robots_max_imagepreview":"large","priority":null,"frequency":null,"local_seo":null,"limit_modified_date":false,"created":"2025-10-24 11:06:23","updated":"2026-08-05 23:24:01","focus_keyword":null,"additional_keywords":null,"truseo_locale":null,"ai":null,"breadcrumb_settings":null,"seo_analyzer_scan_date":null},"aioseo_breadcrumb":"<div class=\"aioseo-breadcrumbs\"><span class=\"aioseo-breadcrumb\">\n\t\t\t<a href=\"https:\/\/www.encontracamacari.com.br\/sobre\" title=\"Home\">Home<\/a>\n\t\t<\/span><span class=\"aioseo-breadcrumb-separator\">&raquo;<\/span><span class=\"aioseo-breadcrumb\">\n\t\t\t<a href=\"https:\/\/www.encontracamacari.com.br\/sobre\/noticias-em-camacari\/\" title=\"Not\u00edcias Cama\u00e7ari\">Not\u00edcias Cama\u00e7ari<\/a>\n\t\t<\/span><span class=\"aioseo-breadcrumb-separator\">&raquo;<\/span><span class=\"aioseo-breadcrumb\">\n\t\t\tBYD abre 200 vagas de emprego na f\u00e1brica de Cama\u00e7ari (BA)\n\t\t<\/span><\/div>","aioseo_breadcrumb_json":[{"label":"Home","link":"https:\/\/www.encontracamacari.com.br\/sobre"},{"label":"Not\u00edcias Cama\u00e7ari","link":"https:\/\/www.encontracamacari.com.br\/sobre\/noticias-em-camacari\/"},{"label":"BYD abre 200 vagas de emprego na f\u00e1brica de Cama\u00e7ari (BA)","link":"https:\/\/www.encontracamacari.com.br\/sobre\/byd-abre-200-vagas-de-emprego-na-fabrica-de-camacari-ba\/"}],"_links":{"self":[{"href":"https:\/\/www.encontracamacari.com.br\/sobre\/wp-json\/wp\/v2\/posts\/214","targetHints":{"allow":["GET"]}}],"collection":[{"href":"https:\/\/www.encontracamacari.com.br\/sobre\/wp-json\/wp\/v2\/posts"}],"about":[{"href":"https:\/\/www.encontracamacari.com.br\/sobre\/wp-json\/wp\/v2\/types\/post"}],"author":[{"embeddable":true,"href":"https:\/\/www.encontracamacari.com.br\/sobre\/wp-json\/wp\/v2\/users\/1"}],"replies":[{"embeddable":true,"href":"https:\/\/www.encontracamacari.com.br\/sobre\/wp-json\/wp\/v2\/comments?post=214"}],"version-history":[{"count":0,"href":"https:\/\/www.encontracamacari.com.br\/sobre\/wp-json\/wp\/v2\/posts\/214\/revisions"}],"wp:featuredmedia":[{"embeddable":true,"href":"https:\/\/www.encontracamacari.com.br\/sobre\/wp-json\/wp\/v2\/media\/213"}],"wp:attachment":[{"href":"https:\/\/www.encontracamacari.com.br\/sobre\/wp-json\/wp\/v2\/media?parent=214"}],"wp:term":[{"taxonomy":"category","embeddable":true,"href":"https:\/\/www.encontracamacari.com.br\/sobre\/wp-json\/wp\/v2\/categories?post=214"},{"taxonomy":"post_tag","embeddable":true,"href":"https:\/\/www.encontracamacari.com.br\/sobre\/wp-json\/wp\/v2\/tags?post=214"}],"curies":[{"name":"wp","href":"https:\/\/api.w.org\/{rel}","templated":true}]}}