{"id":197,"date":"2025-10-21T14:44:00","date_gmt":"2025-10-21T14:44:00","guid":{"rendered":"https:\/\/www.encontracamacari.com.br\/sobre\/arimateia-expressa-alegria-em-celebrar-aniversario-da-cidade-de-camacari\/"},"modified":"2025-10-21T14:44:00","modified_gmt":"2025-10-21T14:44:00","slug":"arimateia-expressa-alegria-em-celebrar-aniversario-da-cidade-de-camacari","status":"publish","type":"post","link":"https:\/\/www.encontracamacari.com.br\/sobre\/arimateia-expressa-alegria-em-celebrar-aniversario-da-cidade-de-camacari\/","title":{"rendered":"Arimateia expressa alegria em celebrar anivers\u00e1rio da cidade de Cama\u00e7ari"},"content":{"rendered":"<div class=\"2410bb7248a64bb1f71103797e0f239b\" data-index=\"1\" style=\"float: none; margin:0px;\">\n<ins class=\"adsbygoogle\"\r\n     style=\"display:block\"\r\n     data-ad-client=\"ca-pub-8585364105181520\"\r\n     data-ad-slot=\"8789329856\"\r\n     data-ad-format=\"auto\"\r\n     data-full-width-responsive=\"true\"><\/ins>\r\n<script>\r\n     (adsbygoogle = window.adsbygoogle || []).push({});\r\n<\/script>\n<\/div>\n<h2>O Que \u00e9 Acessibilidade Digital?<\/h2>\n<p>A acessibilidade digital se refere \u00e0 pr\u00e1tica de tornar sites e aplica\u00e7\u00f5es digitais utiliz\u00e1veis para todos, incluindo pessoas com defici\u00eancias. Isso envolve a cria\u00e7\u00e3o de experi\u00eancias que n\u00e3o apenas respeitem a diversidade de habilidades, mas tamb\u00e9m garantam que todos possam navegar, interagir e compreender as informa\u00e7\u00f5es apresentadas. \u00c9 fundamental que as solu\u00e7\u00f5es sejam implementadas desde o in\u00edcio do processo de desenvolvimento, garantindo que todos os aspectos do site sejam acess\u00edveis.<\/p>\n<h2>Import\u00e2ncia da Acessibilidade para Todos<\/h2>\n<p>A acessibilidade digital \u00e9 importante por diversas raz\u00f5es:<\/p>\n<ul>\n<li><strong>Inclus\u00e3o Social:<\/strong> Promover um ambiente digital acess\u00edvel contribui para a inclus\u00e3o de todos, independentemente de suas habilidades.<\/li>\n<li><strong>Expans\u00e3o do P\u00fablico:<\/strong> Sites acess\u00edveis atraem um p\u00fablico mais amplo, incluindo pessoas com defici\u00eancias e idosos.<\/li>\n<li><strong>Melhoria da Experi\u00eancia do Usu\u00e1rio:<\/strong> A acessibilidade melhora a navega\u00e7\u00e3o e a intera\u00e7\u00e3o para todos os usu\u00e1rios, n\u00e3o apenas para aqueles com defici\u00eancias.<\/li>\n<li><strong>Conformidade Legal:<\/strong> Muitos pa\u00edses possuem legisla\u00e7\u00f5es que exigem a acessibilidade digital. Atender a essas normas evita problemas legais.<\/li>\n<\/ul>\n<h2>Como Aumentar o Tamanho da Fonte do Seu Site<\/h2>\n<p>Um dos aspectos mais simples de melhorar a acessibilidade \u00e9 aumentar o tamanho da fonte. Veja como:<\/p>\n<ul>\n<li><strong>Use CSS:<\/strong> Aumente o tamanho da fonte usando propriedades CSS. Voc\u00ea pode usar unidades como <em>em<\/em> ou <em>rem<\/em> para escalabilidade.<\/li>\n<li><strong>Ajustes Din\u00e2micos:<\/strong> Permita que usu\u00e1rios ajustem o tamanho da fonte em suas configura\u00e7\u00f5es, facilitando a personaliza\u00e7\u00e3o da leitura.<\/li>\n<li><strong>Teste Acessibilidade:<\/strong> Utilize ferramentas de acessibilidade para garantir que as mudan\u00e7as atendam \u00e0s necessidades dos usu\u00e1rios.<\/li>\n<\/ul>\n<h2>Reduzindo Tamanho da Fonte de Forma Eficiente<\/h2>\n<p>Embora aumentar o tamanho da fonte seja importante, em alguns contextos pode ser necess\u00e1rio reduzir:<\/p>\n<ul>\n<li><strong>Cuidado com a Legibilidade:<\/strong> Ao diminuir o tamanho da fonte, assegure-se de que o texto permane\u00e7a leg\u00edvel. N\u00e3o reduza a um ponto onde as palavras se tornam ileg\u00edveis.<\/li>\n<li><strong>Utilize Contrastantes:<\/strong> Manter um bom contraste entre texto e fundo pode ajudar na legibilidade, mesmo com tamanhos menores.<\/li>\n<li><strong>Testes de Usu\u00e1rios:<\/strong> Realize testes com usu\u00e1rios para verificar se a redu\u00e7\u00e3o no tamanho \u00e9 adequada e acess\u00edvel.<\/li>\n<\/ul>\n<h2>Utilizando Auto Contraste em Seu Site<\/h2>\n<p>O contraste adequado entre texto e fundo \u00e9 vital para a acessibilidade:<\/p>\n<ul>\n<li><strong>Ferramentas de Contraste:<\/strong> Utilize ferramentas online para verificar se o contraste entre cores \u00e9 suficiente para atender \u00e0s diretrizes de acessibilidade.<\/li>\n<li><strong>Textos e Imagens:<\/strong> Assegure-se de que imagens n\u00e3o interfiram na legibilidade do texto, criando sobreposi\u00e7\u00f5es que dificultem a leitura.<\/li>\n<li><strong>Op\u00e7\u00f5es de Tema:<\/strong> Oferecer temas escuros e claros permite que os usu\u00e1rios escolham a configura\u00e7\u00e3o mais confort\u00e1vel para eles.<\/li>\n<\/ul>\n<h2>Ferramentas de Acessibilidade Dispon\u00edveis<\/h2>\n<p>Existem v\u00e1rias ferramentas que podem ajudar a melhorar a acessibilidade do seu site:<\/p><div class=\"2410bb7248a64bb1f71103797e0f239b\" data-index=\"2\" style=\"float: none; margin:0px;\">\n<ins class=\"adsbygoogle\"\r\n     style=\"display:block; text-align:center;\"\r\n     data-ad-layout=\"in-article\"\r\n     data-ad-format=\"fluid\"\r\n     data-ad-client=\"ca-pub-8585364105181520\"\r\n     data-ad-slot=\"2899217073\"><\/ins>\r\n<script>\r\n     (adsbygoogle = window.adsbygoogle || []).push({});\r\n<\/script>\r\n\r\n<\/br><\/br>\n<\/div>\n\n<ul>\n<li><strong>WAVE:<\/strong> Uma ferramenta que analisa p\u00e1ginas web e fornece feedback sobre acessibilidade.<\/li>\n<li><strong>Axe:<\/strong> Uma extens\u00e3o de navegador que ajuda a detectar problemas de acessibilidade diretamente nas suas p\u00e1ginas.<\/li>\n<li><strong>Google Lighthouse:<\/strong> Uma ferramenta de c\u00f3digo aberto que fornece verifica\u00e7\u00e3o de acessibilidade em seus sites.<\/li>\n<\/ul>\n<h2>Vantagens do NVDA para Leitores de Tela<\/h2>\n<p>O NVDA (NonVisual Desktop Access) \u00e9 um popular leitor de tela gratuito que facilita o acesso ao conte\u00fado digital para pessoas com defici\u00eancia visual:<\/p>\n<ul>\n<li><strong>Leitura Fluida:<\/strong> O NVDA oferece uma leitura fluida do texto, permitindo que os usu\u00e1rios naveguem pelo site eficientemente.<\/li>\n<li><strong>Compatibilidade:<\/strong> Funciona bem com muitas aplica\u00e7\u00f5es, proporcionando uma integra\u00e7\u00e3o eficaz com conte\u00fado web.<\/li>\n<li><strong>Facilidade de Uso:<\/strong> \u00c9 f\u00e1cil de instalar e configurar, tornando-o uma escolha popular entre os usu\u00e1rios.<\/li>\n<\/ul>\n<h2>Como Usar o VLibras em Seu Conte\u00fado<\/h2>\n<p>O VLibras \u00e9 uma ferramenta que traduz textos para a L\u00edngua Brasileira de Sinais (Libras), facilitando o acesso de surdos ao conte\u00fado digital:<\/p>\n<ul>\n<li><strong>Integra\u00e7\u00e3o Simples:<\/strong> Voc\u00ea pode integrar o VLibras ao seu site com apenas algumas linhas de c\u00f3digo.<\/li>\n<li><strong>Inclus\u00e3o:<\/strong> Ao colocar essa op\u00e7\u00e3o, voc\u00ea promove a inclus\u00e3o de surdos na informa\u00e7\u00e3o que voc\u00ea disponibiliza.<\/li>\n<li><strong>Interface Amig\u00e1vel:<\/strong> O VLibras tem uma interface amig\u00e1vel, permitindo que os usu\u00e1rios acessem conte\u00fados de forma tranquila.<\/li>\n<\/ul>\n<h2>Melhores Pr\u00e1ticas para a Navega\u00e7\u00e3o Inclusiva<\/h2>\n<p>Para garantir que todos possam navegar pelo seu site, considere as seguintes pr\u00e1ticas:<\/p>\n<ul>\n<li><strong>Navega\u00e7\u00e3o Clara:<\/strong> Mantenha menus simples e organizados, evitando op\u00e7\u00f5es excessivas que podem confundir.<\/li>\n<li><strong>R\u00f3tulos Descritivos:<\/strong> Use r\u00f3tulos claros e descritivos para links e bot\u00f5es, facilitando a compreens\u00e3o de suas fun\u00e7\u00f5es.<\/li>\n<li><strong>Teclado Amig\u00e1vel:<\/strong> Assegure que o site possa ser navegado apenas com o teclado, \u00fatil para usu\u00e1rios de leitores de tela e aqueles que n\u00e3o utilizam mouse.<\/li>\n<\/ul>\n<h2>Recursos \u00dateis sobre Acessibilidade<\/h2>\n<p>Para se aprofundar mais em acessibilidade, aqui est\u00e3o alguns recursos \u00fateis:<\/p>\n<ul>\n<li><strong>W3C WAI:<\/strong> O World Wide Web Consortium oferece muitas diretrizes sobre acessibilidade na web.<\/li>\n<li><strong>WebAIM:<\/strong> Uma organiza\u00e7\u00e3o que fornece informa\u00e7\u00f5es e ferramentas \u00fateis para tornar o conte\u00fado mais acess\u00edvel.<\/li>\n<li><strong>Accessible Rich Internet Applications (ARIA):<\/strong> Aprenda como implementar elementos ARIA para melhorar a acessibilidade de aplica\u00e7\u00f5es web complexas.<\/li>\n<\/ul>\n<div class=\"2410bb7248a64bb1f71103797e0f239b\" data-index=\"3\" style=\"float: none; margin:0px;\">\n<\/br><\/br>\r\n\r\n<ins class=\"adsbygoogle\"\r\n     style=\"display:block\"\r\n     data-ad-format=\"fluid\"\r\n     data-ad-layout-key=\"-63+do+n-1s+9e\"\r\n     data-ad-client=\"ca-pub-8585364105181520\"\r\n     data-ad-slot=\"6838462089\"><\/ins>\r\n<script>\r\n     (adsbygoogle = window.adsbygoogle || []).push({});\r\n<\/script>\n<\/div>\n\n<div style=\"font-size: 0px; height: 0px; line-height: 0px; margin: 0; padding: 0; clear: both;\"><\/div>","protected":false},"excerpt":{"rendered":"<p>Acessibilidade do site: como garantir que todos tenham acesso?<\/p>\n","protected":false},"author":1,"featured_media":196,"comment_status":"open","ping_status":"closed","sticky":false,"template":"","format":"standard","meta":{"footnotes":""},"categories":[1],"tags":[],"class_list":["post-197","post","type-post","status-publish","format-standard","has-post-thumbnail","hentry","category-noticias-em-camacari","has_thumb"],"aioseo_notices":[],"aioseo_head":"\n\t\t<!-- All in One SEO 5.0.0.1 - aioseo.com -->\n\t<meta name=\"description\" content=\"Acessibilidade do site: como garantir que todos tenham acesso?\" \/>\n\t<meta name=\"robots\" content=\"max-image-preview:large\" \/>\n\t<meta name=\"author\" content=\"Encontra Cama\u00e7ari\"\/>\n\t<link rel=\"canonical\" href=\"https:\/\/www.encontracamacari.com.br\/sobre\/arimateia-expressa-alegria-em-celebrar-aniversario-da-cidade-de-camacari\/\" \/>\n\t<meta name=\"generator\" content=\"All in One SEO (AIOSEO) 5.0.0.1\" \/>\n\t\t<meta property=\"og:locale\" content=\"pt_BR\" \/>\n\t\t<meta property=\"og:site_name\" content=\"Encontra Cama\u00e7ari - Not\u00edcias, eventos, informa\u00e7\u00f5es e dicas na cidade de Cama\u00e7ari e regi\u00e3o.\" \/>\n\t\t<meta property=\"og:type\" content=\"article\" \/>\n\t\t<meta property=\"og:title\" content=\"Arimateia expressa alegria em celebrar anivers\u00e1rio da cidade de Cama\u00e7ari - Encontra Cama\u00e7ari\" \/>\n\t\t<meta property=\"og:description\" content=\"Acessibilidade do site: como garantir que todos tenham acesso?\" \/>\n\t\t<meta property=\"og:url\" content=\"https:\/\/www.encontracamacari.com.br\/sobre\/arimateia-expressa-alegria-em-celebrar-aniversario-da-cidade-de-camacari\/\" \/>\n\t\t<meta property=\"article:published_time\" content=\"2025-10-21T14:44:00+00:00\" \/>\n\t\t<meta property=\"article:modified_time\" content=\"2025-10-21T14:44:00+00:00\" \/>\n\t\t<meta name=\"twitter:card\" content=\"summary_large_image\" \/>\n\t\t<meta name=\"twitter:title\" content=\"Arimateia expressa alegria em celebrar anivers\u00e1rio da cidade de Cama\u00e7ari - Encontra Cama\u00e7ari\" \/>\n\t\t<meta name=\"twitter:description\" content=\"Acessibilidade do site: como garantir que todos tenham acesso?\" \/>\n\t\t<script type=\"application\/ld+json\" class=\"aioseo-schema\">\n\t\t\t{\"@context\":\"https:\\\/\\\/schema.org\",\"@graph\":[{\"@type\":\"BlogPosting\",\"@id\":\"https:\\\/\\\/www.encontracamacari.com.br\\\/sobre\\\/arimateia-expressa-alegria-em-celebrar-aniversario-da-cidade-de-camacari\\\/#blogposting\",\"name\":\"Arimateia expressa alegria em celebrar anivers\\u00e1rio da cidade de Cama\\u00e7ari - Encontra Cama\\u00e7ari\",\"headline\":\"Arimateia expressa alegria em celebrar anivers\\u00e1rio da cidade de Cama\\u00e7ari\",\"author\":{\"@id\":\"https:\\\/\\\/www.encontracamacari.com.br\\\/sobre\\\/author\\\/ecamacari\\\/#author\"},\"publisher\":{\"@id\":\"https:\\\/\\\/www.encontracamacari.com.br\\\/sobre\\\/#organization\"},\"image\":{\"@type\":\"ImageObject\",\"url\":\"https:\\\/\\\/www.encontracamacari.com.br\\\/sobre\\\/wp-content\\\/uploads\\\/2025\\\/10\\\/arimateia-expressa-alegria-em-celebrar-aniversario-da-cidade-de-camacari.webp\",\"width\":320,\"height\":280},\"datePublished\":\"2025-10-21T14:44:00+00:00\",\"dateModified\":\"2025-10-21T14:44:00+00:00\",\"inLanguage\":\"pt-BR\",\"mainEntityOfPage\":{\"@id\":\"https:\\\/\\\/www.encontracamacari.com.br\\\/sobre\\\/arimateia-expressa-alegria-em-celebrar-aniversario-da-cidade-de-camacari\\\/#webpage\"},\"isPartOf\":{\"@id\":\"https:\\\/\\\/www.encontracamacari.com.br\\\/sobre\\\/arimateia-expressa-alegria-em-celebrar-aniversario-da-cidade-de-camacari\\\/#webpage\"},\"articleSection\":\"Not\\u00edcias Cama\\u00e7ari\"},{\"@type\":\"BreadcrumbList\",\"@id\":\"https:\\\/\\\/www.encontracamacari.com.br\\\/sobre\\\/arimateia-expressa-alegria-em-celebrar-aniversario-da-cidade-de-camacari\\\/#breadcrumblist\",\"itemListElement\":[{\"@type\":\"ListItem\",\"@id\":\"https:\\\/\\\/www.encontracamacari.com.br\\\/sobre#listItem\",\"position\":1,\"name\":\"Home\",\"item\":\"https:\\\/\\\/www.encontracamacari.com.br\\\/sobre\",\"nextItem\":{\"@type\":\"ListItem\",\"@id\":\"https:\\\/\\\/www.encontracamacari.com.br\\\/sobre\\\/noticias-em-camacari\\\/#listItem\",\"name\":\"Not\\u00edcias Cama\\u00e7ari\"}},{\"@type\":\"ListItem\",\"@id\":\"https:\\\/\\\/www.encontracamacari.com.br\\\/sobre\\\/noticias-em-camacari\\\/#listItem\",\"position\":2,\"name\":\"Not\\u00edcias Cama\\u00e7ari\",\"item\":\"https:\\\/\\\/www.encontracamacari.com.br\\\/sobre\\\/noticias-em-camacari\\\/\",\"nextItem\":{\"@type\":\"ListItem\",\"@id\":\"https:\\\/\\\/www.encontracamacari.com.br\\\/sobre\\\/arimateia-expressa-alegria-em-celebrar-aniversario-da-cidade-de-camacari\\\/#listItem\",\"name\":\"Arimateia expressa alegria em celebrar anivers\\u00e1rio da cidade de Cama\\u00e7ari\"},\"previousItem\":{\"@type\":\"ListItem\",\"@id\":\"https:\\\/\\\/www.encontracamacari.com.br\\\/sobre#listItem\",\"name\":\"Home\"}},{\"@type\":\"ListItem\",\"@id\":\"https:\\\/\\\/www.encontracamacari.com.br\\\/sobre\\\/arimateia-expressa-alegria-em-celebrar-aniversario-da-cidade-de-camacari\\\/#listItem\",\"position\":3,\"name\":\"Arimateia expressa alegria em celebrar anivers\\u00e1rio da cidade de Cama\\u00e7ari\",\"previousItem\":{\"@type\":\"ListItem\",\"@id\":\"https:\\\/\\\/www.encontracamacari.com.br\\\/sobre\\\/noticias-em-camacari\\\/#listItem\",\"name\":\"Not\\u00edcias Cama\\u00e7ari\"}}]},{\"@type\":\"Organization\",\"@id\":\"https:\\\/\\\/www.encontracamacari.com.br\\\/sobre\\\/#organization\",\"name\":\"Encontra Cama\\u00e7ari\",\"description\":\"Not\\u00edcias, eventos, informa\\u00e7\\u00f5es e dicas na cidade de Cama\\u00e7ari e regi\\u00e3o.\",\"url\":\"https:\\\/\\\/www.encontracamacari.com.br\\\/sobre\\\/\"},{\"@type\":\"Person\",\"@id\":\"https:\\\/\\\/www.encontracamacari.com.br\\\/sobre\\\/author\\\/ecamacari\\\/#author\",\"url\":\"https:\\\/\\\/www.encontracamacari.com.br\\\/sobre\\\/author\\\/ecamacari\\\/\",\"name\":\"Encontra Cama\\u00e7ari\",\"image\":{\"@type\":\"ImageObject\",\"@id\":\"https:\\\/\\\/www.encontracamacari.com.br\\\/sobre\\\/arimateia-expressa-alegria-em-celebrar-aniversario-da-cidade-de-camacari\\\/#authorImage\",\"url\":\"https:\\\/\\\/secure.gravatar.com\\\/avatar\\\/507340682b8270222e1f208e23198b6ae7e2c6a1033ae84e99bc6bce4f82a387?s=96&d=mm&r=g\",\"width\":96,\"height\":96,\"caption\":\"Encontra Cama\\u00e7ari\"}},{\"@type\":\"WebPage\",\"@id\":\"https:\\\/\\\/www.encontracamacari.com.br\\\/sobre\\\/arimateia-expressa-alegria-em-celebrar-aniversario-da-cidade-de-camacari\\\/#webpage\",\"url\":\"https:\\\/\\\/www.encontracamacari.com.br\\\/sobre\\\/arimateia-expressa-alegria-em-celebrar-aniversario-da-cidade-de-camacari\\\/\",\"name\":\"Arimateia expressa alegria em celebrar anivers\\u00e1rio da cidade de Cama\\u00e7ari - Encontra Cama\\u00e7ari\",\"description\":\"Acessibilidade do site: como garantir que todos tenham acesso?\",\"inLanguage\":\"pt-BR\",\"isPartOf\":{\"@id\":\"https:\\\/\\\/www.encontracamacari.com.br\\\/sobre\\\/#website\"},\"breadcrumb\":{\"@id\":\"https:\\\/\\\/www.encontracamacari.com.br\\\/sobre\\\/arimateia-expressa-alegria-em-celebrar-aniversario-da-cidade-de-camacari\\\/#breadcrumblist\"},\"author\":{\"@id\":\"https:\\\/\\\/www.encontracamacari.com.br\\\/sobre\\\/author\\\/ecamacari\\\/#author\"},\"creator\":{\"@id\":\"https:\\\/\\\/www.encontracamacari.com.br\\\/sobre\\\/author\\\/ecamacari\\\/#author\"},\"image\":{\"@type\":\"ImageObject\",\"url\":\"https:\\\/\\\/www.encontracamacari.com.br\\\/sobre\\\/wp-content\\\/uploads\\\/2025\\\/10\\\/arimateia-expressa-alegria-em-celebrar-aniversario-da-cidade-de-camacari.webp\",\"@id\":\"https:\\\/\\\/www.encontracamacari.com.br\\\/sobre\\\/arimateia-expressa-alegria-em-celebrar-aniversario-da-cidade-de-camacari\\\/#mainImage\",\"width\":320,\"height\":280},\"primaryImageOfPage\":{\"@id\":\"https:\\\/\\\/www.encontracamacari.com.br\\\/sobre\\\/arimateia-expressa-alegria-em-celebrar-aniversario-da-cidade-de-camacari\\\/#mainImage\"},\"datePublished\":\"2025-10-21T14:44:00+00:00\",\"dateModified\":\"2025-10-21T14:44:00+00:00\"},{\"@type\":\"WebSite\",\"@id\":\"https:\\\/\\\/www.encontracamacari.com.br\\\/sobre\\\/#website\",\"url\":\"https:\\\/\\\/www.encontracamacari.com.br\\\/sobre\\\/\",\"name\":\"Encontra Cama\\u00e7ari\",\"description\":\"Not\\u00edcias, eventos, informa\\u00e7\\u00f5es e dicas na cidade de Cama\\u00e7ari e regi\\u00e3o.\",\"inLanguage\":\"pt-BR\",\"publisher\":{\"@id\":\"https:\\\/\\\/www.encontracamacari.com.br\\\/sobre\\\/#organization\"}}]}\n\t\t<\/script>\n\t\t<!-- All in One SEO -->\n\n","aioseo_head_json":{"title":"Arimateia expressa alegria em celebrar anivers\u00e1rio da cidade de Cama\u00e7ari - Encontra Cama\u00e7ari","description":"Acessibilidade do site: como garantir que todos tenham acesso?","canonical_url":"https:\/\/www.encontracamacari.com.br\/sobre\/arimateia-expressa-alegria-em-celebrar-aniversario-da-cidade-de-camacari\/","robots":"max-image-preview:large","keywords":"","webmasterTools":{"miscellaneous":""},"schema":{"@context":"https:\/\/schema.org","@graph":[{"@type":"BlogPosting","@id":"https:\/\/www.encontracamacari.com.br\/sobre\/arimateia-expressa-alegria-em-celebrar-aniversario-da-cidade-de-camacari\/#blogposting","name":"Arimateia expressa alegria em celebrar anivers\u00e1rio da cidade de Cama\u00e7ari - Encontra Cama\u00e7ari","headline":"Arimateia expressa alegria em celebrar anivers\u00e1rio da cidade de Cama\u00e7ari","author":{"@id":"https:\/\/www.encontracamacari.com.br\/sobre\/author\/ecamacari\/#author"},"publisher":{"@id":"https:\/\/www.encontracamacari.com.br\/sobre\/#organization"},"image":{"@type":"ImageObject","url":"https:\/\/www.encontracamacari.com.br\/sobre\/wp-content\/uploads\/2025\/10\/arimateia-expressa-alegria-em-celebrar-aniversario-da-cidade-de-camacari.webp","width":320,"height":280},"datePublished":"2025-10-21T14:44:00+00:00","dateModified":"2025-10-21T14:44:00+00:00","inLanguage":"pt-BR","mainEntityOfPage":{"@id":"https:\/\/www.encontracamacari.com.br\/sobre\/arimateia-expressa-alegria-em-celebrar-aniversario-da-cidade-de-camacari\/#webpage"},"isPartOf":{"@id":"https:\/\/www.encontracamacari.com.br\/sobre\/arimateia-expressa-alegria-em-celebrar-aniversario-da-cidade-de-camacari\/#webpage"},"articleSection":"Not\u00edcias Cama\u00e7ari"},{"@type":"BreadcrumbList","@id":"https:\/\/www.encontracamacari.com.br\/sobre\/arimateia-expressa-alegria-em-celebrar-aniversario-da-cidade-de-camacari\/#breadcrumblist","itemListElement":[{"@type":"ListItem","@id":"https:\/\/www.encontracamacari.com.br\/sobre#listItem","position":1,"name":"Home","item":"https:\/\/www.encontracamacari.com.br\/sobre","nextItem":{"@type":"ListItem","@id":"https:\/\/www.encontracamacari.com.br\/sobre\/noticias-em-camacari\/#listItem","name":"Not\u00edcias Cama\u00e7ari"}},{"@type":"ListItem","@id":"https:\/\/www.encontracamacari.com.br\/sobre\/noticias-em-camacari\/#listItem","position":2,"name":"Not\u00edcias Cama\u00e7ari","item":"https:\/\/www.encontracamacari.com.br\/sobre\/noticias-em-camacari\/","nextItem":{"@type":"ListItem","@id":"https:\/\/www.encontracamacari.com.br\/sobre\/arimateia-expressa-alegria-em-celebrar-aniversario-da-cidade-de-camacari\/#listItem","name":"Arimateia expressa alegria em celebrar anivers\u00e1rio da cidade de Cama\u00e7ari"},"previousItem":{"@type":"ListItem","@id":"https:\/\/www.encontracamacari.com.br\/sobre#listItem","name":"Home"}},{"@type":"ListItem","@id":"https:\/\/www.encontracamacari.com.br\/sobre\/arimateia-expressa-alegria-em-celebrar-aniversario-da-cidade-de-camacari\/#listItem","position":3,"name":"Arimateia expressa alegria em celebrar anivers\u00e1rio da cidade de Cama\u00e7ari","previousItem":{"@type":"ListItem","@id":"https:\/\/www.encontracamacari.com.br\/sobre\/noticias-em-camacari\/#listItem","name":"Not\u00edcias Cama\u00e7ari"}}]},{"@type":"Organization","@id":"https:\/\/www.encontracamacari.com.br\/sobre\/#organization","name":"Encontra Cama\u00e7ari","description":"Not\u00edcias, eventos, informa\u00e7\u00f5es e dicas na cidade de Cama\u00e7ari e regi\u00e3o.","url":"https:\/\/www.encontracamacari.com.br\/sobre\/"},{"@type":"Person","@id":"https:\/\/www.encontracamacari.com.br\/sobre\/author\/ecamacari\/#author","url":"https:\/\/www.encontracamacari.com.br\/sobre\/author\/ecamacari\/","name":"Encontra Cama\u00e7ari","image":{"@type":"ImageObject","@id":"https:\/\/www.encontracamacari.com.br\/sobre\/arimateia-expressa-alegria-em-celebrar-aniversario-da-cidade-de-camacari\/#authorImage","url":"https:\/\/secure.gravatar.com\/avatar\/507340682b8270222e1f208e23198b6ae7e2c6a1033ae84e99bc6bce4f82a387?s=96&d=mm&r=g","width":96,"height":96,"caption":"Encontra Cama\u00e7ari"}},{"@type":"WebPage","@id":"https:\/\/www.encontracamacari.com.br\/sobre\/arimateia-expressa-alegria-em-celebrar-aniversario-da-cidade-de-camacari\/#webpage","url":"https:\/\/www.encontracamacari.com.br\/sobre\/arimateia-expressa-alegria-em-celebrar-aniversario-da-cidade-de-camacari\/","name":"Arimateia expressa alegria em celebrar anivers\u00e1rio da cidade de Cama\u00e7ari - Encontra Cama\u00e7ari","description":"Acessibilidade do site: como garantir que todos tenham acesso?","inLanguage":"pt-BR","isPartOf":{"@id":"https:\/\/www.encontracamacari.com.br\/sobre\/#website"},"breadcrumb":{"@id":"https:\/\/www.encontracamacari.com.br\/sobre\/arimateia-expressa-alegria-em-celebrar-aniversario-da-cidade-de-camacari\/#breadcrumblist"},"author":{"@id":"https:\/\/www.encontracamacari.com.br\/sobre\/author\/ecamacari\/#author"},"creator":{"@id":"https:\/\/www.encontracamacari.com.br\/sobre\/author\/ecamacari\/#author"},"image":{"@type":"ImageObject","url":"https:\/\/www.encontracamacari.com.br\/sobre\/wp-content\/uploads\/2025\/10\/arimateia-expressa-alegria-em-celebrar-aniversario-da-cidade-de-camacari.webp","@id":"https:\/\/www.encontracamacari.com.br\/sobre\/arimateia-expressa-alegria-em-celebrar-aniversario-da-cidade-de-camacari\/#mainImage","width":320,"height":280},"primaryImageOfPage":{"@id":"https:\/\/www.encontracamacari.com.br\/sobre\/arimateia-expressa-alegria-em-celebrar-aniversario-da-cidade-de-camacari\/#mainImage"},"datePublished":"2025-10-21T14:44:00+00:00","dateModified":"2025-10-21T14:44:00+00:00"},{"@type":"WebSite","@id":"https:\/\/www.encontracamacari.com.br\/sobre\/#website","url":"https:\/\/www.encontracamacari.com.br\/sobre\/","name":"Encontra Cama\u00e7ari","description":"Not\u00edcias, eventos, informa\u00e7\u00f5es e dicas na cidade de Cama\u00e7ari e regi\u00e3o.","inLanguage":"pt-BR","publisher":{"@id":"https:\/\/www.encontracamacari.com.br\/sobre\/#organization"}}]},"og:locale":"pt_BR","og:site_name":"Encontra Cama\u00e7ari - Not\u00edcias, eventos, informa\u00e7\u00f5es e dicas na cidade de Cama\u00e7ari e regi\u00e3o.","og:type":"article","og:title":"Arimateia expressa alegria em celebrar anivers\u00e1rio da cidade de Cama\u00e7ari - Encontra Cama\u00e7ari","og:description":"Acessibilidade do site: como garantir que todos tenham acesso?","og:url":"https:\/\/www.encontracamacari.com.br\/sobre\/arimateia-expressa-alegria-em-celebrar-aniversario-da-cidade-de-camacari\/","article:published_time":"2025-10-21T14:44:00+00:00","article:modified_time":"2025-10-21T14:44:00+00:00","twitter:card":"summary_large_image","twitter:title":"Arimateia expressa alegria em celebrar anivers\u00e1rio da cidade de Cama\u00e7ari - Encontra Cama\u00e7ari","twitter:description":"Acessibilidade do site: como garantir que todos tenham acesso?"},"aioseo_meta_data":{"post_id":"197","title":null,"description":null,"keywords":null,"keyphrases":null,"primary_term":null,"canonical_url":null,"og_title":null,"og_description":null,"og_object_type":"default","og_image_type":"default","og_image_url":null,"og_image_width":null,"og_image_height":null,"og_image_custom_url":null,"og_image_custom_fields":null,"og_video":null,"og_custom_url":null,"og_article_section":null,"og_article_tags":null,"twitter_use_og":false,"twitter_card":"default","twitter_image_type":"default","twitter_image_url":null,"twitter_image_custom_url":null,"twitter_image_custom_fields":null,"twitter_title":null,"twitter_description":null,"schema":{"blockGraphs":[],"customGraphs":[],"default":{"data":{"Article":[],"Course":[],"Dataset":[],"FAQPage":[],"Movie":[],"Person":[],"Product":[],"ProductReview":[],"Car":[],"Recipe":[],"Service":[],"SoftwareApplication":[],"WebPage":[]},"graphName":"BlogPosting","isEnabled":true},"graphs":[]},"schema_type":"default","schema_type_options":null,"pillar_content":false,"robots_default":true,"robots_noindex":false,"robots_noarchive":false,"robots_nosnippet":false,"robots_nofollow":false,"robots_noimageindex":false,"robots_noodp":false,"robots_notranslate":false,"robots_max_snippet":null,"robots_max_videopreview":null,"robots_max_imagepreview":"large","priority":null,"frequency":null,"local_seo":null,"limit_modified_date":false,"created":"2025-10-21 14:54:30","updated":"2026-08-05 23:24:01","focus_keyword":null,"additional_keywords":null,"truseo_locale":null,"ai":null,"breadcrumb_settings":null,"seo_analyzer_scan_date":null},"aioseo_breadcrumb":"<div class=\"aioseo-breadcrumbs\"><span class=\"aioseo-breadcrumb\">\n\t\t\t<a href=\"https:\/\/www.encontracamacari.com.br\/sobre\" title=\"Home\">Home<\/a>\n\t\t<\/span><span class=\"aioseo-breadcrumb-separator\">&raquo;<\/span><span class=\"aioseo-breadcrumb\">\n\t\t\t<a href=\"https:\/\/www.encontracamacari.com.br\/sobre\/noticias-em-camacari\/\" title=\"Not\u00edcias Cama\u00e7ari\">Not\u00edcias Cama\u00e7ari<\/a>\n\t\t<\/span><span class=\"aioseo-breadcrumb-separator\">&raquo;<\/span><span class=\"aioseo-breadcrumb\">\n\t\t\tArimateia expressa alegria em celebrar anivers\u00e1rio da cidade de Cama\u00e7ari\n\t\t<\/span><\/div>","aioseo_breadcrumb_json":[{"label":"Home","link":"https:\/\/www.encontracamacari.com.br\/sobre"},{"label":"Not\u00edcias Cama\u00e7ari","link":"https:\/\/www.encontracamacari.com.br\/sobre\/noticias-em-camacari\/"},{"label":"Arimateia expressa alegria em celebrar anivers\u00e1rio da cidade de Cama\u00e7ari","link":"https:\/\/www.encontracamacari.com.br\/sobre\/arimateia-expressa-alegria-em-celebrar-aniversario-da-cidade-de-camacari\/"}],"_links":{"self":[{"href":"https:\/\/www.encontracamacari.com.br\/sobre\/wp-json\/wp\/v2\/posts\/197","targetHints":{"allow":["GET"]}}],"collection":[{"href":"https:\/\/www.encontracamacari.com.br\/sobre\/wp-json\/wp\/v2\/posts"}],"about":[{"href":"https:\/\/www.encontracamacari.com.br\/sobre\/wp-json\/wp\/v2\/types\/post"}],"author":[{"embeddable":true,"href":"https:\/\/www.encontracamacari.com.br\/sobre\/wp-json\/wp\/v2\/users\/1"}],"replies":[{"embeddable":true,"href":"https:\/\/www.encontracamacari.com.br\/sobre\/wp-json\/wp\/v2\/comments?post=197"}],"version-history":[{"count":0,"href":"https:\/\/www.encontracamacari.com.br\/sobre\/wp-json\/wp\/v2\/posts\/197\/revisions"}],"wp:featuredmedia":[{"embeddable":true,"href":"https:\/\/www.encontracamacari.com.br\/sobre\/wp-json\/wp\/v2\/media\/196"}],"wp:attachment":[{"href":"https:\/\/www.encontracamacari.com.br\/sobre\/wp-json\/wp\/v2\/media?parent=197"}],"wp:term":[{"taxonomy":"category","embeddable":true,"href":"https:\/\/www.encontracamacari.com.br\/sobre\/wp-json\/wp\/v2\/categories?post=197"},{"taxonomy":"post_tag","embeddable":true,"href":"https:\/\/www.encontracamacari.com.br\/sobre\/wp-json\/wp\/v2\/tags?post=197"}],"curies":[{"name":"wp","href":"https:\/\/api.w.org\/{rel}","templated":true}]}}