{"id":1871,"date":"2026-09-01T09:37:35","date_gmt":"2026-09-01T09:37:35","guid":{"rendered":"https:\/\/www.encontracamacari.com.br\/sobre\/jeronimo-rodrigues-propoe-ampliacao-do-vlt-de-salvador-ate-camacari\/"},"modified":"2026-09-01T09:37:35","modified_gmt":"2026-09-01T09:37:35","slug":"jeronimo-rodrigues-propoe-ampliacao-do-vlt-de-salvador-ate-camacari","status":"publish","type":"post","link":"https:\/\/www.encontracamacari.com.br\/sobre\/jeronimo-rodrigues-propoe-ampliacao-do-vlt-de-salvador-ate-camacari\/","title":{"rendered":"JER\u00d4NIMO RODRIGUES PROP\u00d5E AMPLIA\u00c7\u00c3O DO VLT DE SALVADOR AT\u00c9 CAMA\u00c7ARI"},"content":{"rendered":"<div class=\"2410bb7248a64bb1f71103797e0f239b\" data-index=\"1\" style=\"float: none; margin:0px;\">\n<ins class=\"adsbygoogle\"\r\n     style=\"display:block\"\r\n     data-ad-client=\"ca-pub-8585364105181520\"\r\n     data-ad-slot=\"8789329856\"\r\n     data-ad-format=\"auto\"\r\n     data-full-width-responsive=\"true\"><\/ins>\r\n<script>\r\n     (adsbygoogle = window.adsbygoogle || []).push({});\r\n<\/script>\n<\/div>\n<h2>A Proposta do Governador Jer\u00f4nimo Rodrigues<\/h2>\n<p>O governador Jer\u00f4nimo Rodrigues, do Partido dos Trabalhadores (PT), apresentou uma proposta que visa a expans\u00e3o do Ve\u00edculo Leve sobre Trilhos (VLT) de Salvador, estendendo-o at\u00e9 a localidade de Cama\u00e7ari, situada na Regi\u00e3o Metropolitana da Bahia. Esta iniciativa \u00e9 parte de um planejamento mais amplo para o sistema de transporte urbano da capital. As obras relacionadas a essa expans\u00e3o est\u00e3o programadas para terem in\u00edcio durante um futuro mandato do governador. Estima-se que as obras em Salvador, que fazem parte deste projeto, sejam finalizadas at\u00e9 outubro de 2027.<\/p>\n<h2>Impactos Esperados na Economia Regional<\/h2>\n<p>A proposta de amplia\u00e7\u00e3o do VLT \u00e9 projetada para proporcionar um impulso significativo na economia local e regional. A liga\u00e7\u00e3o entre Salvador e Cama\u00e7ari n\u00e3o s\u00f3 facilitar\u00e1 a mobilidade dos cidad\u00e3os, mas tamb\u00e9m ajudar\u00e1 a fomentar a produtividade nas \u00e1reas que ser\u00e3o atendidas pelo novo sistema de transporte. Essa conex\u00e3o \u00e9 vista como uma maneira eficaz de dinamizar e revitalizar a economia das regi\u00f5es envolvidas, permitindo que mais pessoas tenham acesso \u00e0s oportunidades de trabalho, educa\u00e7\u00e3o e servi\u00e7os em Salvador e Cama\u00e7ari.<\/p>\n<h2>Detalhes sobre o VLT de Salvador<\/h2>\n<p>O VLT de Salvador \u00e9 um projeto que j\u00e1 est\u00e1 em desenvolvimento, com a inten\u00e7\u00e3o de oferecer uma alternativa de transporte de alta qualidade e efici\u00eancia para os moradores da cidade. Ainda que as obras da linha at\u00e9 Cama\u00e7ari estejam em fase de planejamento, o sistema atual est\u00e1 em constru\u00e7\u00e3o e sua conclus\u00e3o ir\u00e1 atender uma parcela significativa da popula\u00e7\u00e3o. Al\u00e9m de conectar as duas \u00e1reas urbanas, o VLT tamb\u00e9m aliviar\u00e1 o tr\u00e1fego nas principais vias da cidade.<\/p>\n<p><img decoding=\"async\" src=\"https:\/\/www.encontracamacari.com.br\/sobre\/wp-content\/uploads\/2026\/09\/jeronimo-rodrigues-propoe-ampliacao-do-vlt-de-salvador-ate-camacari.webp\" alt=\"amplia\u00e7\u00e3o do VLT de Salvador\" loading=\"lazy\" \/><\/p>\n<h2>Obras Planejadas e Cronograma<\/h2>\n<p>O cronograma para a constru\u00e7\u00e3o do VLT at\u00e9 Cama\u00e7ari prev\u00ea diferentes fases de execu\u00e7\u00e3o. Inicialmente, dever\u00e1 haver a realiza\u00e7\u00e3o de estudos t\u00e9cnicos e ambientais. Ap\u00f3s essa etapa, come\u00e7ar\u00e3o as obras de infraestrutura, que englobar\u00e3o a implanta\u00e7\u00e3o de trilhos, esta\u00e7\u00f5es de embarque e desembarque ao longo do percurso. Os prazos estabelecidos indicam o objetivo de concluir as obras at\u00e9 outubro de 2027.  Al\u00e9m disso, a conclus\u00e3o do Tramo IV da Linha 1 do metr\u00f4 de Salvador, que liga a Esta\u00e7\u00e3o da Lapa ao Campo Grande, \u00e9 uma parte integral desse plano de expans\u00e3o.<\/p>\n<h2>Integra\u00e7\u00e3o com o Sistema Metrovi\u00e1rio<\/h2>\n<p>A proposta de Jer\u00f4nimo Rodrigues n\u00e3o se restringe apenas ao VLT. Ela tamb\u00e9m inclui interven\u00e7\u00f5es importantes no sistema metrovi\u00e1rio de Salvador. O planejamento para a finaliza\u00e7\u00e3o do Tramo IV da Linha 1 \u00e9 um exemplo claro dessa integra\u00e7\u00e3o. Essa abordagem visa criar um sistema de transporte p\u00fablico integrado, onde usu\u00e1rios possam se deslocar de maneira mais fluida e eficiente entre diferentes modais. Essa integra\u00e7\u00e3o \u00e9 crucial para otimizar o uso do transporte p\u00fablico na capital.<\/p><div class=\"2410bb7248a64bb1f71103797e0f239b\" data-index=\"2\" style=\"float: none; margin:0px;\">\n<ins class=\"adsbygoogle\"\r\n     style=\"display:block; text-align:center;\"\r\n     data-ad-layout=\"in-article\"\r\n     data-ad-format=\"fluid\"\r\n     data-ad-client=\"ca-pub-8585364105181520\"\r\n     data-ad-slot=\"2899217073\"><\/ins>\r\n<script>\r\n     (adsbygoogle = window.adsbygoogle || []).push({});\r\n<\/script>\r\n\r\n<\/br><\/br>\n<\/div>\n\n<h2>Benef\u00edcios Sociais e Econ\u00f4micos<\/h2>\n<p>O projeto de amplia\u00e7\u00e3o do VLT e a melhoria do sistema metrovi\u00e1rio trar\u00e3o uma s\u00e9rie de benef\u00edcios tanto sociais quanto econ\u00f4micos. Estima-se que a constru\u00e7\u00e3o da nova ponte entre Salvador e Itaparica, parte do conjunto de propostas do governador, permitir\u00e1 um fluxo inicial de aproximadamente 28 mil ve\u00edculos por dia. Al\u00e9m disso, cerca de 250 munic\u00edpios poder\u00e3o ser impactados positivamente, atingindo uma popula\u00e7\u00e3o estimada em 10 milh\u00f5es de baianos. A proposta \u00e9 uma forma de incentivar setores diversos, como turismo, emprego e gera\u00e7\u00e3o de renda.<\/p>\n<h2>A Import\u00e2ncia do Transporte P\u00fablico<\/h2>\n<p>O transporte p\u00fablico desempenha um papel essencial na vida urbana, sobretudo em grandes cidades como Salvador. A amplia\u00e7\u00e3o do VLT n\u00e3o apenas contribuir\u00e1 para a redu\u00e7\u00e3o do congestionamento nas vias da cidade, mas tamb\u00e9m permitir\u00e1 uma mobilidade mais sustent\u00e1vel e acess\u00edvel para todos os cidad\u00e3os. A implementa\u00e7\u00e3o de um sistema de transporte p\u00fablico que seja eficiente \u00e9 fundamental para garantir a inclus\u00e3o social e a qualidade de vida da popula\u00e7\u00e3o.<\/p>\n<h2>Desafios para a Implementa\u00e7\u00e3o do Projeto<\/h2>\n<p>Embora a proposta traga muitas vantagens, a implementa\u00e7\u00e3o do projeto enfrenta desafios. Entre os principais obst\u00e1culos est\u00e3o a obten\u00e7\u00e3o de financiamento suficiente, a coordena\u00e7\u00e3o entre diferentes \u00f3rg\u00e3os e a necessidade de respeitar prazos e normas ambientais. Os investimentos necess\u00e1rios para que o VLT e o sistema de metro sejam conclu\u00eddos requerem um planejamento minucioso, a fim de garantir que o projeto n\u00e3o sofra atrasos ou interrup\u00e7\u00f5es.<\/p>\n<h2>Coment\u00e1rios da Popula\u00e7\u00e3o<\/h2>\n<p>A proposta de amplia\u00e7\u00e3o do VLT gerou uma variedade de opini\u00f5es entre os cidad\u00e3os. Muitos veem a iniciativa como uma solu\u00e7\u00e3o necess\u00e1ria para os problemas de mobilidade em Salvador, enquanto outros apontam a necessidade de investir em outros setores da infraestrutura urbana, como sa\u00fade e educa\u00e7\u00e3o. \u00c9 importante que a opini\u00e3o da popula\u00e7\u00e3o seja considerada no planejamento e execu\u00e7\u00e3o do projeto, garantindo que suas preocupa\u00e7\u00f5es sejam atendidas.<\/p>\n<h2>Pr\u00f3ximos Passos e Expectativas<\/h2>\n<p>Os pr\u00f3ximos passos incluem a realiza\u00e7\u00e3o de audi\u00eancias p\u00fablicas para discutir a proposta com a popula\u00e7\u00e3o e os stakeholders locais. Al\u00e9m disso, ser\u00e1 crucial a apresenta\u00e7\u00e3o de estudos de impacto ambiental que fundamentem a viabilidade do projeto. A expectativa \u00e9 que, com o avan\u00e7o das obras e a manuten\u00e7\u00e3o do cronograma, as melhorias na mobilidade urbana em Salvador sejam uma realidade nos pr\u00f3ximos anos.<\/p>\n<div class=\"2410bb7248a64bb1f71103797e0f239b\" data-index=\"3\" style=\"float: none; margin:0px;\">\n<\/br><\/br>\r\n\r\n<ins class=\"adsbygoogle\"\r\n     style=\"display:block\"\r\n     data-ad-format=\"fluid\"\r\n     data-ad-layout-key=\"-63+do+n-1s+9e\"\r\n     data-ad-client=\"ca-pub-8585364105181520\"\r\n     data-ad-slot=\"6838462089\"><\/ins>\r\n<script>\r\n     (adsbygoogle = window.adsbygoogle || []).push({});\r\n<\/script>\n<\/div>\n\n<div style=\"font-size: 0px; height: 0px; line-height: 0px; margin: 0; padding: 0; clear: both;\"><\/div>","protected":false},"excerpt":{"rendered":"<p>Jer\u00f4nimo Rodrigues prop\u00f5e uma expans\u00e3o do VLT de Salvador at\u00e9 Cama\u00e7ari, trazendo novas perspectivas.<\/p>\n","protected":false},"author":1,"featured_media":1870,"comment_status":"open","ping_status":"closed","sticky":false,"template":"","format":"standard","meta":{"footnotes":""},"categories":[1],"tags":[],"class_list":["post-1871","post","type-post","status-publish","format-standard","has-post-thumbnail","hentry","category-noticias-em-camacari","has_thumb"],"aioseo_notices":[],"aioseo_head":"\n\t\t<!-- All in One SEO 5.0.0.1 - aioseo.com -->\n\t<meta name=\"description\" content=\"Jer\u00f4nimo Rodrigues prop\u00f5e uma expans\u00e3o do VLT de Salvador at\u00e9 Cama\u00e7ari, trazendo novas perspectivas.\" \/>\n\t<meta name=\"robots\" content=\"max-image-preview:large\" \/>\n\t<meta name=\"author\" content=\"Encontra Cama\u00e7ari\"\/>\n\t<link rel=\"canonical\" href=\"https:\/\/www.encontracamacari.com.br\/sobre\/jeronimo-rodrigues-propoe-ampliacao-do-vlt-de-salvador-ate-camacari\/\" \/>\n\t<meta name=\"generator\" content=\"All in One SEO (AIOSEO) 5.0.0.1\" \/>\n\t\t<meta property=\"og:locale\" content=\"pt_BR\" \/>\n\t\t<meta property=\"og:site_name\" content=\"Encontra Cama\u00e7ari - Not\u00edcias, eventos, informa\u00e7\u00f5es e dicas na cidade de Cama\u00e7ari e regi\u00e3o.\" \/>\n\t\t<meta property=\"og:type\" content=\"article\" \/>\n\t\t<meta property=\"og:title\" content=\"JER\u00d4NIMO RODRIGUES PROP\u00d5E AMPLIA\u00c7\u00c3O DO VLT DE SALVADOR AT\u00c9 CAMA\u00c7ARI - Encontra Cama\u00e7ari\" \/>\n\t\t<meta property=\"og:description\" content=\"Jer\u00f4nimo Rodrigues prop\u00f5e uma expans\u00e3o do VLT de Salvador at\u00e9 Cama\u00e7ari, trazendo novas perspectivas.\" \/>\n\t\t<meta property=\"og:url\" content=\"https:\/\/www.encontracamacari.com.br\/sobre\/jeronimo-rodrigues-propoe-ampliacao-do-vlt-de-salvador-ate-camacari\/\" \/>\n\t\t<meta property=\"article:published_time\" content=\"2026-09-01T09:37:35+00:00\" \/>\n\t\t<meta property=\"article:modified_time\" content=\"2026-09-01T09:37:35+00:00\" \/>\n\t\t<meta name=\"twitter:card\" content=\"summary_large_image\" \/>\n\t\t<meta name=\"twitter:title\" content=\"JER\u00d4NIMO RODRIGUES PROP\u00d5E AMPLIA\u00c7\u00c3O DO VLT DE SALVADOR AT\u00c9 CAMA\u00c7ARI - Encontra Cama\u00e7ari\" \/>\n\t\t<meta name=\"twitter:description\" content=\"Jer\u00f4nimo Rodrigues prop\u00f5e uma expans\u00e3o do VLT de Salvador at\u00e9 Cama\u00e7ari, trazendo novas perspectivas.\" \/>\n\t\t<script type=\"application\/ld+json\" class=\"aioseo-schema\">\n\t\t\t{\"@context\":\"https:\\\/\\\/schema.org\",\"@graph\":[{\"@type\":\"BlogPosting\",\"@id\":\"https:\\\/\\\/www.encontracamacari.com.br\\\/sobre\\\/jeronimo-rodrigues-propoe-ampliacao-do-vlt-de-salvador-ate-camacari\\\/#blogposting\",\"name\":\"JER\\u00d4NIMO RODRIGUES PROP\\u00d5E AMPLIA\\u00c7\\u00c3O DO VLT DE SALVADOR AT\\u00c9 CAMA\\u00c7ARI - Encontra Cama\\u00e7ari\",\"headline\":\"JER\\u00d4NIMO RODRIGUES PROP\\u00d5E AMPLIA\\u00c7\\u00c3O DO VLT DE SALVADOR AT\\u00c9 CAMA\\u00c7ARI\",\"author\":{\"@id\":\"https:\\\/\\\/www.encontracamacari.com.br\\\/sobre\\\/author\\\/ecamacari\\\/#author\"},\"publisher\":{\"@id\":\"https:\\\/\\\/www.encontracamacari.com.br\\\/sobre\\\/#organization\"},\"image\":{\"@type\":\"ImageObject\",\"url\":\"https:\\\/\\\/www.encontracamacari.com.br\\\/sobre\\\/wp-content\\\/uploads\\\/2026\\\/09\\\/jeronimo-rodrigues-propoe-ampliacao-do-vlt-de-salvador-ate-camacari.webp\",\"width\":280,\"height\":280,\"caption\":\"amplia\\u00e7\\u00e3o do VLT de Salvador\"},\"datePublished\":\"2026-09-01T09:37:35+00:00\",\"dateModified\":\"2026-09-01T09:37:35+00:00\",\"inLanguage\":\"pt-BR\",\"mainEntityOfPage\":{\"@id\":\"https:\\\/\\\/www.encontracamacari.com.br\\\/sobre\\\/jeronimo-rodrigues-propoe-ampliacao-do-vlt-de-salvador-ate-camacari\\\/#webpage\"},\"isPartOf\":{\"@id\":\"https:\\\/\\\/www.encontracamacari.com.br\\\/sobre\\\/jeronimo-rodrigues-propoe-ampliacao-do-vlt-de-salvador-ate-camacari\\\/#webpage\"},\"articleSection\":\"Not\\u00edcias Cama\\u00e7ari\"},{\"@type\":\"BreadcrumbList\",\"@id\":\"https:\\\/\\\/www.encontracamacari.com.br\\\/sobre\\\/jeronimo-rodrigues-propoe-ampliacao-do-vlt-de-salvador-ate-camacari\\\/#breadcrumblist\",\"itemListElement\":[{\"@type\":\"ListItem\",\"@id\":\"https:\\\/\\\/www.encontracamacari.com.br\\\/sobre#listItem\",\"position\":1,\"name\":\"Home\",\"item\":\"https:\\\/\\\/www.encontracamacari.com.br\\\/sobre\",\"nextItem\":{\"@type\":\"ListItem\",\"@id\":\"https:\\\/\\\/www.encontracamacari.com.br\\\/sobre\\\/noticias-em-camacari\\\/#listItem\",\"name\":\"Not\\u00edcias Cama\\u00e7ari\"}},{\"@type\":\"ListItem\",\"@id\":\"https:\\\/\\\/www.encontracamacari.com.br\\\/sobre\\\/noticias-em-camacari\\\/#listItem\",\"position\":2,\"name\":\"Not\\u00edcias Cama\\u00e7ari\",\"item\":\"https:\\\/\\\/www.encontracamacari.com.br\\\/sobre\\\/noticias-em-camacari\\\/\",\"nextItem\":{\"@type\":\"ListItem\",\"@id\":\"https:\\\/\\\/www.encontracamacari.com.br\\\/sobre\\\/jeronimo-rodrigues-propoe-ampliacao-do-vlt-de-salvador-ate-camacari\\\/#listItem\",\"name\":\"JER\\u00d4NIMO RODRIGUES PROP\\u00d5E AMPLIA\\u00c7\\u00c3O DO VLT DE SALVADOR AT\\u00c9 CAMA\\u00c7ARI\"},\"previousItem\":{\"@type\":\"ListItem\",\"@id\":\"https:\\\/\\\/www.encontracamacari.com.br\\\/sobre#listItem\",\"name\":\"Home\"}},{\"@type\":\"ListItem\",\"@id\":\"https:\\\/\\\/www.encontracamacari.com.br\\\/sobre\\\/jeronimo-rodrigues-propoe-ampliacao-do-vlt-de-salvador-ate-camacari\\\/#listItem\",\"position\":3,\"name\":\"JER\\u00d4NIMO RODRIGUES PROP\\u00d5E AMPLIA\\u00c7\\u00c3O DO VLT DE SALVADOR AT\\u00c9 CAMA\\u00c7ARI\",\"previousItem\":{\"@type\":\"ListItem\",\"@id\":\"https:\\\/\\\/www.encontracamacari.com.br\\\/sobre\\\/noticias-em-camacari\\\/#listItem\",\"name\":\"Not\\u00edcias Cama\\u00e7ari\"}}]},{\"@type\":\"Organization\",\"@id\":\"https:\\\/\\\/www.encontracamacari.com.br\\\/sobre\\\/#organization\",\"name\":\"Encontra Cama\\u00e7ari\",\"description\":\"Not\\u00edcias, eventos, informa\\u00e7\\u00f5es e dicas na cidade de Cama\\u00e7ari e regi\\u00e3o.\",\"url\":\"https:\\\/\\\/www.encontracamacari.com.br\\\/sobre\\\/\"},{\"@type\":\"Person\",\"@id\":\"https:\\\/\\\/www.encontracamacari.com.br\\\/sobre\\\/author\\\/ecamacari\\\/#author\",\"url\":\"https:\\\/\\\/www.encontracamacari.com.br\\\/sobre\\\/author\\\/ecamacari\\\/\",\"name\":\"Encontra Cama\\u00e7ari\",\"image\":{\"@type\":\"ImageObject\",\"@id\":\"https:\\\/\\\/www.encontracamacari.com.br\\\/sobre\\\/jeronimo-rodrigues-propoe-ampliacao-do-vlt-de-salvador-ate-camacari\\\/#authorImage\",\"url\":\"https:\\\/\\\/secure.gravatar.com\\\/avatar\\\/507340682b8270222e1f208e23198b6ae7e2c6a1033ae84e99bc6bce4f82a387?s=96&d=mm&r=g\",\"width\":96,\"height\":96,\"caption\":\"Encontra Cama\\u00e7ari\"}},{\"@type\":\"WebPage\",\"@id\":\"https:\\\/\\\/www.encontracamacari.com.br\\\/sobre\\\/jeronimo-rodrigues-propoe-ampliacao-do-vlt-de-salvador-ate-camacari\\\/#webpage\",\"url\":\"https:\\\/\\\/www.encontracamacari.com.br\\\/sobre\\\/jeronimo-rodrigues-propoe-ampliacao-do-vlt-de-salvador-ate-camacari\\\/\",\"name\":\"JER\\u00d4NIMO RODRIGUES PROP\\u00d5E AMPLIA\\u00c7\\u00c3O DO VLT DE SALVADOR AT\\u00c9 CAMA\\u00c7ARI - Encontra Cama\\u00e7ari\",\"description\":\"Jer\\u00f4nimo Rodrigues prop\\u00f5e uma expans\\u00e3o do VLT de Salvador at\\u00e9 Cama\\u00e7ari, trazendo novas perspectivas.\",\"inLanguage\":\"pt-BR\",\"isPartOf\":{\"@id\":\"https:\\\/\\\/www.encontracamacari.com.br\\\/sobre\\\/#website\"},\"breadcrumb\":{\"@id\":\"https:\\\/\\\/www.encontracamacari.com.br\\\/sobre\\\/jeronimo-rodrigues-propoe-ampliacao-do-vlt-de-salvador-ate-camacari\\\/#breadcrumblist\"},\"author\":{\"@id\":\"https:\\\/\\\/www.encontracamacari.com.br\\\/sobre\\\/author\\\/ecamacari\\\/#author\"},\"creator\":{\"@id\":\"https:\\\/\\\/www.encontracamacari.com.br\\\/sobre\\\/author\\\/ecamacari\\\/#author\"},\"image\":{\"@type\":\"ImageObject\",\"url\":\"https:\\\/\\\/www.encontracamacari.com.br\\\/sobre\\\/wp-content\\\/uploads\\\/2026\\\/09\\\/jeronimo-rodrigues-propoe-ampliacao-do-vlt-de-salvador-ate-camacari.webp\",\"@id\":\"https:\\\/\\\/www.encontracamacari.com.br\\\/sobre\\\/jeronimo-rodrigues-propoe-ampliacao-do-vlt-de-salvador-ate-camacari\\\/#mainImage\",\"width\":280,\"height\":280,\"caption\":\"amplia\\u00e7\\u00e3o do VLT de Salvador\"},\"primaryImageOfPage\":{\"@id\":\"https:\\\/\\\/www.encontracamacari.com.br\\\/sobre\\\/jeronimo-rodrigues-propoe-ampliacao-do-vlt-de-salvador-ate-camacari\\\/#mainImage\"},\"datePublished\":\"2026-09-01T09:37:35+00:00\",\"dateModified\":\"2026-09-01T09:37:35+00:00\"},{\"@type\":\"WebSite\",\"@id\":\"https:\\\/\\\/www.encontracamacari.com.br\\\/sobre\\\/#website\",\"url\":\"https:\\\/\\\/www.encontracamacari.com.br\\\/sobre\\\/\",\"name\":\"Encontra Cama\\u00e7ari\",\"description\":\"Not\\u00edcias, eventos, informa\\u00e7\\u00f5es e dicas na cidade de Cama\\u00e7ari e regi\\u00e3o.\",\"inLanguage\":\"pt-BR\",\"publisher\":{\"@id\":\"https:\\\/\\\/www.encontracamacari.com.br\\\/sobre\\\/#organization\"}}]}\n\t\t<\/script>\n\t\t<!-- All in One SEO -->\n\n","aioseo_head_json":{"title":"JER\u00d4NIMO RODRIGUES PROP\u00d5E AMPLIA\u00c7\u00c3O DO VLT DE SALVADOR AT\u00c9 CAMA\u00c7ARI - Encontra Cama\u00e7ari","description":"Jer\u00f4nimo Rodrigues prop\u00f5e uma expans\u00e3o do VLT de Salvador at\u00e9 Cama\u00e7ari, trazendo novas perspectivas.","canonical_url":"https:\/\/www.encontracamacari.com.br\/sobre\/jeronimo-rodrigues-propoe-ampliacao-do-vlt-de-salvador-ate-camacari\/","robots":"max-image-preview:large","keywords":"","webmasterTools":{"miscellaneous":""},"schema":{"@context":"https:\/\/schema.org","@graph":[{"@type":"BlogPosting","@id":"https:\/\/www.encontracamacari.com.br\/sobre\/jeronimo-rodrigues-propoe-ampliacao-do-vlt-de-salvador-ate-camacari\/#blogposting","name":"JER\u00d4NIMO RODRIGUES PROP\u00d5E AMPLIA\u00c7\u00c3O DO VLT DE SALVADOR AT\u00c9 CAMA\u00c7ARI - Encontra Cama\u00e7ari","headline":"JER\u00d4NIMO RODRIGUES PROP\u00d5E AMPLIA\u00c7\u00c3O DO VLT DE SALVADOR AT\u00c9 CAMA\u00c7ARI","author":{"@id":"https:\/\/www.encontracamacari.com.br\/sobre\/author\/ecamacari\/#author"},"publisher":{"@id":"https:\/\/www.encontracamacari.com.br\/sobre\/#organization"},"image":{"@type":"ImageObject","url":"https:\/\/www.encontracamacari.com.br\/sobre\/wp-content\/uploads\/2026\/09\/jeronimo-rodrigues-propoe-ampliacao-do-vlt-de-salvador-ate-camacari.webp","width":280,"height":280,"caption":"amplia\u00e7\u00e3o do VLT de Salvador"},"datePublished":"2026-09-01T09:37:35+00:00","dateModified":"2026-09-01T09:37:35+00:00","inLanguage":"pt-BR","mainEntityOfPage":{"@id":"https:\/\/www.encontracamacari.com.br\/sobre\/jeronimo-rodrigues-propoe-ampliacao-do-vlt-de-salvador-ate-camacari\/#webpage"},"isPartOf":{"@id":"https:\/\/www.encontracamacari.com.br\/sobre\/jeronimo-rodrigues-propoe-ampliacao-do-vlt-de-salvador-ate-camacari\/#webpage"},"articleSection":"Not\u00edcias Cama\u00e7ari"},{"@type":"BreadcrumbList","@id":"https:\/\/www.encontracamacari.com.br\/sobre\/jeronimo-rodrigues-propoe-ampliacao-do-vlt-de-salvador-ate-camacari\/#breadcrumblist","itemListElement":[{"@type":"ListItem","@id":"https:\/\/www.encontracamacari.com.br\/sobre#listItem","position":1,"name":"Home","item":"https:\/\/www.encontracamacari.com.br\/sobre","nextItem":{"@type":"ListItem","@id":"https:\/\/www.encontracamacari.com.br\/sobre\/noticias-em-camacari\/#listItem","name":"Not\u00edcias Cama\u00e7ari"}},{"@type":"ListItem","@id":"https:\/\/www.encontracamacari.com.br\/sobre\/noticias-em-camacari\/#listItem","position":2,"name":"Not\u00edcias Cama\u00e7ari","item":"https:\/\/www.encontracamacari.com.br\/sobre\/noticias-em-camacari\/","nextItem":{"@type":"ListItem","@id":"https:\/\/www.encontracamacari.com.br\/sobre\/jeronimo-rodrigues-propoe-ampliacao-do-vlt-de-salvador-ate-camacari\/#listItem","name":"JER\u00d4NIMO RODRIGUES PROP\u00d5E AMPLIA\u00c7\u00c3O DO VLT DE SALVADOR AT\u00c9 CAMA\u00c7ARI"},"previousItem":{"@type":"ListItem","@id":"https:\/\/www.encontracamacari.com.br\/sobre#listItem","name":"Home"}},{"@type":"ListItem","@id":"https:\/\/www.encontracamacari.com.br\/sobre\/jeronimo-rodrigues-propoe-ampliacao-do-vlt-de-salvador-ate-camacari\/#listItem","position":3,"name":"JER\u00d4NIMO RODRIGUES PROP\u00d5E AMPLIA\u00c7\u00c3O DO VLT DE SALVADOR AT\u00c9 CAMA\u00c7ARI","previousItem":{"@type":"ListItem","@id":"https:\/\/www.encontracamacari.com.br\/sobre\/noticias-em-camacari\/#listItem","name":"Not\u00edcias Cama\u00e7ari"}}]},{"@type":"Organization","@id":"https:\/\/www.encontracamacari.com.br\/sobre\/#organization","name":"Encontra Cama\u00e7ari","description":"Not\u00edcias, eventos, informa\u00e7\u00f5es e dicas na cidade de Cama\u00e7ari e regi\u00e3o.","url":"https:\/\/www.encontracamacari.com.br\/sobre\/"},{"@type":"Person","@id":"https:\/\/www.encontracamacari.com.br\/sobre\/author\/ecamacari\/#author","url":"https:\/\/www.encontracamacari.com.br\/sobre\/author\/ecamacari\/","name":"Encontra Cama\u00e7ari","image":{"@type":"ImageObject","@id":"https:\/\/www.encontracamacari.com.br\/sobre\/jeronimo-rodrigues-propoe-ampliacao-do-vlt-de-salvador-ate-camacari\/#authorImage","url":"https:\/\/secure.gravatar.com\/avatar\/507340682b8270222e1f208e23198b6ae7e2c6a1033ae84e99bc6bce4f82a387?s=96&d=mm&r=g","width":96,"height":96,"caption":"Encontra Cama\u00e7ari"}},{"@type":"WebPage","@id":"https:\/\/www.encontracamacari.com.br\/sobre\/jeronimo-rodrigues-propoe-ampliacao-do-vlt-de-salvador-ate-camacari\/#webpage","url":"https:\/\/www.encontracamacari.com.br\/sobre\/jeronimo-rodrigues-propoe-ampliacao-do-vlt-de-salvador-ate-camacari\/","name":"JER\u00d4NIMO RODRIGUES PROP\u00d5E AMPLIA\u00c7\u00c3O DO VLT DE SALVADOR AT\u00c9 CAMA\u00c7ARI - Encontra Cama\u00e7ari","description":"Jer\u00f4nimo Rodrigues prop\u00f5e uma expans\u00e3o do VLT de Salvador at\u00e9 Cama\u00e7ari, trazendo novas perspectivas.","inLanguage":"pt-BR","isPartOf":{"@id":"https:\/\/www.encontracamacari.com.br\/sobre\/#website"},"breadcrumb":{"@id":"https:\/\/www.encontracamacari.com.br\/sobre\/jeronimo-rodrigues-propoe-ampliacao-do-vlt-de-salvador-ate-camacari\/#breadcrumblist"},"author":{"@id":"https:\/\/www.encontracamacari.com.br\/sobre\/author\/ecamacari\/#author"},"creator":{"@id":"https:\/\/www.encontracamacari.com.br\/sobre\/author\/ecamacari\/#author"},"image":{"@type":"ImageObject","url":"https:\/\/www.encontracamacari.com.br\/sobre\/wp-content\/uploads\/2026\/09\/jeronimo-rodrigues-propoe-ampliacao-do-vlt-de-salvador-ate-camacari.webp","@id":"https:\/\/www.encontracamacari.com.br\/sobre\/jeronimo-rodrigues-propoe-ampliacao-do-vlt-de-salvador-ate-camacari\/#mainImage","width":280,"height":280,"caption":"amplia\u00e7\u00e3o do VLT de Salvador"},"primaryImageOfPage":{"@id":"https:\/\/www.encontracamacari.com.br\/sobre\/jeronimo-rodrigues-propoe-ampliacao-do-vlt-de-salvador-ate-camacari\/#mainImage"},"datePublished":"2026-09-01T09:37:35+00:00","dateModified":"2026-09-01T09:37:35+00:00"},{"@type":"WebSite","@id":"https:\/\/www.encontracamacari.com.br\/sobre\/#website","url":"https:\/\/www.encontracamacari.com.br\/sobre\/","name":"Encontra Cama\u00e7ari","description":"Not\u00edcias, eventos, informa\u00e7\u00f5es e dicas na cidade de Cama\u00e7ari e regi\u00e3o.","inLanguage":"pt-BR","publisher":{"@id":"https:\/\/www.encontracamacari.com.br\/sobre\/#organization"}}]},"og:locale":"pt_BR","og:site_name":"Encontra Cama\u00e7ari - Not\u00edcias, eventos, informa\u00e7\u00f5es e dicas na cidade de Cama\u00e7ari e regi\u00e3o.","og:type":"article","og:title":"JER\u00d4NIMO RODRIGUES PROP\u00d5E AMPLIA\u00c7\u00c3O DO VLT DE SALVADOR AT\u00c9 CAMA\u00c7ARI - Encontra Cama\u00e7ari","og:description":"Jer\u00f4nimo Rodrigues prop\u00f5e uma expans\u00e3o do VLT de Salvador at\u00e9 Cama\u00e7ari, trazendo novas perspectivas.","og:url":"https:\/\/www.encontracamacari.com.br\/sobre\/jeronimo-rodrigues-propoe-ampliacao-do-vlt-de-salvador-ate-camacari\/","article:published_time":"2026-09-01T09:37:35+00:00","article:modified_time":"2026-09-01T09:37:35+00:00","twitter:card":"summary_large_image","twitter:title":"JER\u00d4NIMO RODRIGUES PROP\u00d5E AMPLIA\u00c7\u00c3O DO VLT DE SALVADOR AT\u00c9 CAMA\u00c7ARI - Encontra Cama\u00e7ari","twitter:description":"Jer\u00f4nimo Rodrigues prop\u00f5e uma expans\u00e3o do VLT de Salvador at\u00e9 Cama\u00e7ari, trazendo novas perspectivas."},"aioseo_meta_data":{"post_id":"1871","title":null,"description":null,"keywords":null,"keyphrases":null,"primary_term":null,"canonical_url":null,"og_title":null,"og_description":null,"og_object_type":"default","og_image_type":"default","og_image_url":null,"og_image_width":null,"og_image_height":null,"og_image_custom_url":null,"og_image_custom_fields":null,"og_video":null,"og_custom_url":null,"og_article_section":null,"og_article_tags":null,"twitter_use_og":false,"twitter_card":"default","twitter_image_type":"default","twitter_image_url":null,"twitter_image_custom_url":null,"twitter_image_custom_fields":null,"twitter_title":null,"twitter_description":null,"schema":{"blockGraphs":[],"customGraphs":[],"default":{"data":{"Article":[],"Course":[],"Dataset":[],"FAQPage":[],"Movie":[],"Person":[],"Product":[],"ProductReview":[],"Car":[],"Recipe":[],"Service":[],"SoftwareApplication":[],"WebPage":[]},"graphName":"BlogPosting","isEnabled":true},"graphs":[]},"schema_type":"default","schema_type_options":null,"pillar_content":false,"robots_default":true,"robots_noindex":false,"robots_noarchive":false,"robots_nosnippet":false,"robots_nofollow":false,"robots_noimageindex":false,"robots_noodp":false,"robots_notranslate":false,"robots_max_snippet":null,"robots_max_videopreview":null,"robots_max_imagepreview":"large","priority":null,"frequency":null,"local_seo":null,"limit_modified_date":false,"created":"2026-09-01 09:37:35","updated":"2026-09-01 10:27:44","focus_keyword":null,"additional_keywords":null,"truseo_locale":null,"ai":null,"breadcrumb_settings":null,"seo_analyzer_scan_date":null},"aioseo_breadcrumb":"<div class=\"aioseo-breadcrumbs\"><span class=\"aioseo-breadcrumb\">\n\t\t\t<a href=\"https:\/\/www.encontracamacari.com.br\/sobre\" title=\"Home\">Home<\/a>\n\t\t<\/span><span class=\"aioseo-breadcrumb-separator\">&raquo;<\/span><span class=\"aioseo-breadcrumb\">\n\t\t\t<a href=\"https:\/\/www.encontracamacari.com.br\/sobre\/noticias-em-camacari\/\" title=\"Not\u00edcias Cama\u00e7ari\">Not\u00edcias Cama\u00e7ari<\/a>\n\t\t<\/span><span class=\"aioseo-breadcrumb-separator\">&raquo;<\/span><span class=\"aioseo-breadcrumb\">\n\t\t\tJER\u00d4NIMO RODRIGUES PROP\u00d5E AMPLIA\u00c7\u00c3O DO VLT DE SALVADOR AT\u00c9 CAMA\u00c7ARI\n\t\t<\/span><\/div>","aioseo_breadcrumb_json":[{"label":"Home","link":"https:\/\/www.encontracamacari.com.br\/sobre"},{"label":"Not\u00edcias Cama\u00e7ari","link":"https:\/\/www.encontracamacari.com.br\/sobre\/noticias-em-camacari\/"},{"label":"JER\u00d4NIMO RODRIGUES PROP\u00d5E AMPLIA\u00c7\u00c3O DO VLT DE SALVADOR AT\u00c9 CAMA\u00c7ARI","link":"https:\/\/www.encontracamacari.com.br\/sobre\/jeronimo-rodrigues-propoe-ampliacao-do-vlt-de-salvador-ate-camacari\/"}],"_links":{"self":[{"href":"https:\/\/www.encontracamacari.com.br\/sobre\/wp-json\/wp\/v2\/posts\/1871","targetHints":{"allow":["GET"]}}],"collection":[{"href":"https:\/\/www.encontracamacari.com.br\/sobre\/wp-json\/wp\/v2\/posts"}],"about":[{"href":"https:\/\/www.encontracamacari.com.br\/sobre\/wp-json\/wp\/v2\/types\/post"}],"author":[{"embeddable":true,"href":"https:\/\/www.encontracamacari.com.br\/sobre\/wp-json\/wp\/v2\/users\/1"}],"replies":[{"embeddable":true,"href":"https:\/\/www.encontracamacari.com.br\/sobre\/wp-json\/wp\/v2\/comments?post=1871"}],"version-history":[{"count":0,"href":"https:\/\/www.encontracamacari.com.br\/sobre\/wp-json\/wp\/v2\/posts\/1871\/revisions"}],"wp:featuredmedia":[{"embeddable":true,"href":"https:\/\/www.encontracamacari.com.br\/sobre\/wp-json\/wp\/v2\/media\/1870"}],"wp:attachment":[{"href":"https:\/\/www.encontracamacari.com.br\/sobre\/wp-json\/wp\/v2\/media?parent=1871"}],"wp:term":[{"taxonomy":"category","embeddable":true,"href":"https:\/\/www.encontracamacari.com.br\/sobre\/wp-json\/wp\/v2\/categories?post=1871"},{"taxonomy":"post_tag","embeddable":true,"href":"https:\/\/www.encontracamacari.com.br\/sobre\/wp-json\/wp\/v2\/tags?post=1871"}],"curies":[{"name":"wp","href":"https:\/\/api.w.org\/{rel}","templated":true}]}}