{"id":1869,"date":"2026-08-31T09:39:28","date_gmt":"2026-08-31T09:39:28","guid":{"rendered":"https:\/\/www.encontracamacari.com.br\/sobre\/caminhada-percussiva-movimenta-as-ruas-de-vila-de-abrantes-neste-domingo\/"},"modified":"2026-08-31T09:39:28","modified_gmt":"2026-08-31T09:39:28","slug":"caminhada-percussiva-movimenta-as-ruas-de-vila-de-abrantes-neste-domingo","status":"publish","type":"post","link":"https:\/\/www.encontracamacari.com.br\/sobre\/caminhada-percussiva-movimenta-as-ruas-de-vila-de-abrantes-neste-domingo\/","title":{"rendered":"Caminhada percussiva movimenta as ruas de Vila de Abrantes neste domingo"},"content":{"rendered":"<div class=\"2410bb7248a64bb1f71103797e0f239b\" data-index=\"1\" style=\"float: none; margin:0px;\">\n<ins class=\"adsbygoogle\"\r\n     style=\"display:block\"\r\n     data-ad-client=\"ca-pub-8585364105181520\"\r\n     data-ad-slot=\"8789329856\"\r\n     data-ad-format=\"auto\"\r\n     data-full-width-responsive=\"true\"><\/ins>\r\n<script>\r\n     (adsbygoogle = window.adsbygoogle || []).push({});\r\n<\/script>\n<\/div>\n<h2>Caminhada Percussiva: Uma Celebra\u00e7\u00e3o Cultural em Vila de Abrantes<\/h2>\n<p>No \u00faltimo domingo, a Vila de Abrantes foi palco de uma vibrante <strong>caminhada percussiva<\/strong> que animou as ruas locais. O evento teve in\u00edcio no Campo do Tud\u00e3o, onde um grupo diversificado de participantes se reuniu para seguir em dire\u00e7\u00e3o \u00e0 Pra\u00e7a da Matriz. Acompanhados por m\u00fasica e canto, os presentes transformaram o trajeto em uma verdadeira celebra\u00e7\u00e3o cultural.<\/p>\n<h2>Hist\u00f3ria da Caminhada Percussiva em Vila de Abrantes<\/h2>\n<p>A caminhada percussiva j\u00e1 se tornou uma tradi\u00e7\u00e3o na Vila de Abrantes. Este evento visa n\u00e3o apenas promover a sonoridade e a m\u00fasica, mas tamb\u00e9m resgatar e valorizar a cultura local. Ao longo dos anos, a caminhada trouxe \u00e0 tona a import\u00e2ncia da m\u00fasica na vida comunit\u00e1ria, estabelecendo conex\u00f5es entre residentes de diferentes \u00e1reas.<\/p>\n<h2>Como a M\u00fasica Une as Comunidades<\/h2>\n<p>A m\u00fasica desempenha um papel fundamental na integra\u00e7\u00e3o das comunidades. Durante o evento, grupos de diferentes localidades, como Cordoaria e Areias, se uniram em um espet\u00e1culo que celebra a diversidade cultural. O ritmo contagiante da percuss\u00e3o ajuda a quebrar barreiras, promovendo o sentimento de pertencimento entre os participantes.<\/p>\n<p><img decoding=\"async\" src=\"https:\/\/www.encontracamacari.com.br\/sobre\/wp-content\/uploads\/2026\/08\/caminhada-percussiva-movimenta-as-ruas-de-vila-de-abrantes-neste-domingo.webp\" alt=\"caminhada percussiva\" loading=\"lazy\" \/><\/p>\n<h2>O Papel da Cultura na Identidade Local<\/h2>\n<p>Para muitos moradores, participar da caminhada representa um forte la\u00e7o com suas ra\u00edzes culturais. Atrav\u00e9s da m\u00fasica, os habitantes de Vila de Abrantes s\u00e3o capazes de expressar suas tradi\u00e7\u00f5es e hist\u00f3rias. Este evento atua como um catalisador para a preserva\u00e7\u00e3o da cultura local, lembrando todos da import\u00e2ncia de suas origens.<\/p>\n<h2>Participa\u00e7\u00e3o da Escola Municipal de Jau\u00e1<\/h2>\n<p>A Escola Municipal de Jau\u00e1 teve uma representa\u00e7\u00e3o significativa no cortejo. Com a presen\u00e7a de alunos e professores, a escola mostrou como a educa\u00e7\u00e3o e a cultura podem andar juntas. Os jovens participaram ativamente, tocando instrumentos e cantando, promovendo uma experi\u00eancia de aprendizado pr\u00e1tico e envolvente.<\/p><div class=\"2410bb7248a64bb1f71103797e0f239b\" data-index=\"2\" style=\"float: none; margin:0px;\">\n<ins class=\"adsbygoogle\"\r\n     style=\"display:block; text-align:center;\"\r\n     data-ad-layout=\"in-article\"\r\n     data-ad-format=\"fluid\"\r\n     data-ad-client=\"ca-pub-8585364105181520\"\r\n     data-ad-slot=\"2899217073\"><\/ins>\r\n<script>\r\n     (adsbygoogle = window.adsbygoogle || []).push({});\r\n<\/script>\r\n\r\n<\/br><\/br>\n<\/div>\n\n<h2>Impacto Social da Caminhada<\/h2>\n<p>O impacto da caminhada percussiva vai muito al\u00e9m do entretenimento. Ao reunir diferentes grupos da comunidade, o evento ajuda a fortalecer os la\u00e7os sociais e a promover um ambiente inclusivo. Al\u00e9m disso, proporciona um espa\u00e7o seguro para express\u00e3o art\u00edstica, um fator crucial para o desenvolvimento social dos participantes. <\/p>\n<h2>O Que Esperar do Cortejo<\/h2>\n<p>Os participantes podem esperar um cortejo repleto de alegria e sons envolventes. Com a presen\u00e7a da cantora C\u00edntia Cris e da professora Elaine Paranhos, o evento promete ser uma explos\u00e3o de criatividade e emo\u00e7\u00e3o. Todos est\u00e3o convidados a se juntar \u00e0 festa, seja tocando instrumentos, dan\u00e7ando ou simplesmente apreciando a atmosfera vibrante que a caminhada traz.<\/p>\n<h2>Depoimentos dos Participantes<\/h2>\n<p>V\u00e1rios participantes expressaram suas opini\u00f5es sobre a experi\u00eancia:<\/p>\n<ul>\n<li><strong>Maria, 34 anos:<\/strong> \u201c\u00c9 maravilhoso ver a comunidade unida. A m\u00fasica realmente nos conecta. Eu consigo sentir a energia!\u201d<\/li>\n<li><strong>Jo\u00e3o, 28 anos:<\/strong> \u201cParticipar da caminhada \u00e9 uma forma de celebrar nossa cultura. Eu amo ver o entusiasmo das crian\u00e7as!\u201d<\/li>\n<li><strong>Eliane, 45 anos:<\/strong> \u201cSinto que eventos como esse fortalecem nossa identidade. A m\u00fasica \u00e9 um presente que devemos compartilhar.\u201d<\/li>\n<\/ul>\n<h2>Caminhadas Anteriores: Um Retrospecto<\/h2>\n<p>Eventos passados tamb\u00e9m foram marcados por grande participa\u00e7\u00e3o e alegria. A caminhada percussiva j\u00e1 se consolidou como um evento esperado anualmente e, a cada edi\u00e7\u00e3o, atrai mais adeptos. Este crescimento mostra como a cultura e a arte s\u00e3o importantes para o fortalecimento da comunidade, refletindo o desejo de todos de se conectar.<\/p>\n<h2>A Import\u00e2ncia do Apoio Cultural<\/h2>\n<p>O sucesso da caminhada percussiva depende do apoio cont\u00ednuo de iniciativas culturais e governamentais. O investimento na cultura pode gerar benef\u00edcios a longo prazo, n\u00e3o apenas em termos de eventos, mas tamb\u00e9m fortalecendo a educa\u00e7\u00e3o e as oportunidades para jovens. O papel das institui\u00e7\u00f5es em promover e apoiar a arte e a cultura \u00e9 essencial para o futuro de Vila de Abrantes.<\/p>\n<h2>Pr\u00f3ximos Eventos em Vila de Abrantes<\/h2>\n<p>Depois da caminhada percussiva, outros eventos culturais est\u00e3o programados para os pr\u00f3ximos meses. Os moradores podem esperar feiras de arte, festivais gastron\u00f4micos e mais iniciativas que celebram a cultura local. Manter a comunidade engajada \u00e9 fundamental, e a expectativa \u00e9 que cada novo evento traga ainda mais pessoas unidas pela m\u00fasica e pela arte.<\/p>\n<div class=\"2410bb7248a64bb1f71103797e0f239b\" data-index=\"3\" style=\"float: none; margin:0px;\">\n<\/br><\/br>\r\n\r\n<ins class=\"adsbygoogle\"\r\n     style=\"display:block\"\r\n     data-ad-format=\"fluid\"\r\n     data-ad-layout-key=\"-63+do+n-1s+9e\"\r\n     data-ad-client=\"ca-pub-8585364105181520\"\r\n     data-ad-slot=\"6838462089\"><\/ins>\r\n<script>\r\n     (adsbygoogle = window.adsbygoogle || []).push({});\r\n<\/script>\n<\/div>\n\n<div style=\"font-size: 0px; height: 0px; line-height: 0px; margin: 0; padding: 0; clear: both;\"><\/div>","protected":false},"excerpt":{"rendered":"<p>Caminhada percussiva une comunidades em Vila de Abrantes com m\u00fasica e cultura.<\/p>\n","protected":false},"author":1,"featured_media":1868,"comment_status":"open","ping_status":"closed","sticky":false,"template":"","format":"standard","meta":{"footnotes":""},"categories":[1],"tags":[],"class_list":["post-1869","post","type-post","status-publish","format-standard","has-post-thumbnail","hentry","category-noticias-em-camacari","has_thumb"],"aioseo_notices":[],"aioseo_head":"\n\t\t<!-- All in One SEO 5.0.0.1 - aioseo.com -->\n\t<meta name=\"description\" content=\"Caminhada percussiva une comunidades em Vila de Abrantes com m\u00fasica e cultura.\" \/>\n\t<meta name=\"robots\" content=\"max-image-preview:large\" \/>\n\t<meta name=\"author\" content=\"Encontra Cama\u00e7ari\"\/>\n\t<link rel=\"canonical\" href=\"https:\/\/www.encontracamacari.com.br\/sobre\/caminhada-percussiva-movimenta-as-ruas-de-vila-de-abrantes-neste-domingo\/\" \/>\n\t<meta name=\"generator\" content=\"All in One SEO (AIOSEO) 5.0.0.1\" \/>\n\t\t<meta property=\"og:locale\" content=\"pt_BR\" \/>\n\t\t<meta property=\"og:site_name\" content=\"Encontra Cama\u00e7ari - Not\u00edcias, eventos, informa\u00e7\u00f5es e dicas na cidade de Cama\u00e7ari e regi\u00e3o.\" \/>\n\t\t<meta property=\"og:type\" content=\"article\" \/>\n\t\t<meta property=\"og:title\" content=\"Caminhada percussiva movimenta as ruas de Vila de Abrantes neste domingo - Encontra Cama\u00e7ari\" \/>\n\t\t<meta property=\"og:description\" content=\"Caminhada percussiva une comunidades em Vila de Abrantes com m\u00fasica e cultura.\" \/>\n\t\t<meta property=\"og:url\" content=\"https:\/\/www.encontracamacari.com.br\/sobre\/caminhada-percussiva-movimenta-as-ruas-de-vila-de-abrantes-neste-domingo\/\" \/>\n\t\t<meta property=\"article:published_time\" content=\"2026-08-31T09:39:28+00:00\" \/>\n\t\t<meta property=\"article:modified_time\" content=\"2026-08-31T09:39:28+00:00\" \/>\n\t\t<meta name=\"twitter:card\" content=\"summary_large_image\" \/>\n\t\t<meta name=\"twitter:title\" content=\"Caminhada percussiva movimenta as ruas de Vila de Abrantes neste domingo - Encontra Cama\u00e7ari\" \/>\n\t\t<meta name=\"twitter:description\" content=\"Caminhada percussiva une comunidades em Vila de Abrantes com m\u00fasica e cultura.\" \/>\n\t\t<script type=\"application\/ld+json\" class=\"aioseo-schema\">\n\t\t\t{\"@context\":\"https:\\\/\\\/schema.org\",\"@graph\":[{\"@type\":\"BlogPosting\",\"@id\":\"https:\\\/\\\/www.encontracamacari.com.br\\\/sobre\\\/caminhada-percussiva-movimenta-as-ruas-de-vila-de-abrantes-neste-domingo\\\/#blogposting\",\"name\":\"Caminhada percussiva movimenta as ruas de Vila de Abrantes neste domingo - Encontra Cama\\u00e7ari\",\"headline\":\"Caminhada percussiva movimenta as ruas de Vila de Abrantes neste domingo\",\"author\":{\"@id\":\"https:\\\/\\\/www.encontracamacari.com.br\\\/sobre\\\/author\\\/ecamacari\\\/#author\"},\"publisher\":{\"@id\":\"https:\\\/\\\/www.encontracamacari.com.br\\\/sobre\\\/#organization\"},\"image\":{\"@type\":\"ImageObject\",\"url\":\"https:\\\/\\\/www.encontracamacari.com.br\\\/sobre\\\/wp-content\\\/uploads\\\/2026\\\/08\\\/caminhada-percussiva-movimenta-as-ruas-de-vila-de-abrantes-neste-domingo.webp\",\"width\":280,\"height\":280,\"caption\":\"caminhada percussiva\"},\"datePublished\":\"2026-08-31T09:39:28+00:00\",\"dateModified\":\"2026-08-31T09:39:28+00:00\",\"inLanguage\":\"pt-BR\",\"mainEntityOfPage\":{\"@id\":\"https:\\\/\\\/www.encontracamacari.com.br\\\/sobre\\\/caminhada-percussiva-movimenta-as-ruas-de-vila-de-abrantes-neste-domingo\\\/#webpage\"},\"isPartOf\":{\"@id\":\"https:\\\/\\\/www.encontracamacari.com.br\\\/sobre\\\/caminhada-percussiva-movimenta-as-ruas-de-vila-de-abrantes-neste-domingo\\\/#webpage\"},\"articleSection\":\"Not\\u00edcias Cama\\u00e7ari\"},{\"@type\":\"BreadcrumbList\",\"@id\":\"https:\\\/\\\/www.encontracamacari.com.br\\\/sobre\\\/caminhada-percussiva-movimenta-as-ruas-de-vila-de-abrantes-neste-domingo\\\/#breadcrumblist\",\"itemListElement\":[{\"@type\":\"ListItem\",\"@id\":\"https:\\\/\\\/www.encontracamacari.com.br\\\/sobre#listItem\",\"position\":1,\"name\":\"Home\",\"item\":\"https:\\\/\\\/www.encontracamacari.com.br\\\/sobre\",\"nextItem\":{\"@type\":\"ListItem\",\"@id\":\"https:\\\/\\\/www.encontracamacari.com.br\\\/sobre\\\/noticias-em-camacari\\\/#listItem\",\"name\":\"Not\\u00edcias Cama\\u00e7ari\"}},{\"@type\":\"ListItem\",\"@id\":\"https:\\\/\\\/www.encontracamacari.com.br\\\/sobre\\\/noticias-em-camacari\\\/#listItem\",\"position\":2,\"name\":\"Not\\u00edcias Cama\\u00e7ari\",\"item\":\"https:\\\/\\\/www.encontracamacari.com.br\\\/sobre\\\/noticias-em-camacari\\\/\",\"nextItem\":{\"@type\":\"ListItem\",\"@id\":\"https:\\\/\\\/www.encontracamacari.com.br\\\/sobre\\\/caminhada-percussiva-movimenta-as-ruas-de-vila-de-abrantes-neste-domingo\\\/#listItem\",\"name\":\"Caminhada percussiva movimenta as ruas de Vila de Abrantes neste domingo\"},\"previousItem\":{\"@type\":\"ListItem\",\"@id\":\"https:\\\/\\\/www.encontracamacari.com.br\\\/sobre#listItem\",\"name\":\"Home\"}},{\"@type\":\"ListItem\",\"@id\":\"https:\\\/\\\/www.encontracamacari.com.br\\\/sobre\\\/caminhada-percussiva-movimenta-as-ruas-de-vila-de-abrantes-neste-domingo\\\/#listItem\",\"position\":3,\"name\":\"Caminhada percussiva movimenta as ruas de Vila de Abrantes neste domingo\",\"previousItem\":{\"@type\":\"ListItem\",\"@id\":\"https:\\\/\\\/www.encontracamacari.com.br\\\/sobre\\\/noticias-em-camacari\\\/#listItem\",\"name\":\"Not\\u00edcias Cama\\u00e7ari\"}}]},{\"@type\":\"Organization\",\"@id\":\"https:\\\/\\\/www.encontracamacari.com.br\\\/sobre\\\/#organization\",\"name\":\"Encontra Cama\\u00e7ari\",\"description\":\"Not\\u00edcias, eventos, informa\\u00e7\\u00f5es e dicas na cidade de Cama\\u00e7ari e regi\\u00e3o.\",\"url\":\"https:\\\/\\\/www.encontracamacari.com.br\\\/sobre\\\/\"},{\"@type\":\"Person\",\"@id\":\"https:\\\/\\\/www.encontracamacari.com.br\\\/sobre\\\/author\\\/ecamacari\\\/#author\",\"url\":\"https:\\\/\\\/www.encontracamacari.com.br\\\/sobre\\\/author\\\/ecamacari\\\/\",\"name\":\"Encontra Cama\\u00e7ari\",\"image\":{\"@type\":\"ImageObject\",\"@id\":\"https:\\\/\\\/www.encontracamacari.com.br\\\/sobre\\\/caminhada-percussiva-movimenta-as-ruas-de-vila-de-abrantes-neste-domingo\\\/#authorImage\",\"url\":\"https:\\\/\\\/secure.gravatar.com\\\/avatar\\\/507340682b8270222e1f208e23198b6ae7e2c6a1033ae84e99bc6bce4f82a387?s=96&d=mm&r=g\",\"width\":96,\"height\":96,\"caption\":\"Encontra Cama\\u00e7ari\"}},{\"@type\":\"WebPage\",\"@id\":\"https:\\\/\\\/www.encontracamacari.com.br\\\/sobre\\\/caminhada-percussiva-movimenta-as-ruas-de-vila-de-abrantes-neste-domingo\\\/#webpage\",\"url\":\"https:\\\/\\\/www.encontracamacari.com.br\\\/sobre\\\/caminhada-percussiva-movimenta-as-ruas-de-vila-de-abrantes-neste-domingo\\\/\",\"name\":\"Caminhada percussiva movimenta as ruas de Vila de Abrantes neste domingo - Encontra Cama\\u00e7ari\",\"description\":\"Caminhada percussiva une comunidades em Vila de Abrantes com m\\u00fasica e cultura.\",\"inLanguage\":\"pt-BR\",\"isPartOf\":{\"@id\":\"https:\\\/\\\/www.encontracamacari.com.br\\\/sobre\\\/#website\"},\"breadcrumb\":{\"@id\":\"https:\\\/\\\/www.encontracamacari.com.br\\\/sobre\\\/caminhada-percussiva-movimenta-as-ruas-de-vila-de-abrantes-neste-domingo\\\/#breadcrumblist\"},\"author\":{\"@id\":\"https:\\\/\\\/www.encontracamacari.com.br\\\/sobre\\\/author\\\/ecamacari\\\/#author\"},\"creator\":{\"@id\":\"https:\\\/\\\/www.encontracamacari.com.br\\\/sobre\\\/author\\\/ecamacari\\\/#author\"},\"image\":{\"@type\":\"ImageObject\",\"url\":\"https:\\\/\\\/www.encontracamacari.com.br\\\/sobre\\\/wp-content\\\/uploads\\\/2026\\\/08\\\/caminhada-percussiva-movimenta-as-ruas-de-vila-de-abrantes-neste-domingo.webp\",\"@id\":\"https:\\\/\\\/www.encontracamacari.com.br\\\/sobre\\\/caminhada-percussiva-movimenta-as-ruas-de-vila-de-abrantes-neste-domingo\\\/#mainImage\",\"width\":280,\"height\":280,\"caption\":\"caminhada percussiva\"},\"primaryImageOfPage\":{\"@id\":\"https:\\\/\\\/www.encontracamacari.com.br\\\/sobre\\\/caminhada-percussiva-movimenta-as-ruas-de-vila-de-abrantes-neste-domingo\\\/#mainImage\"},\"datePublished\":\"2026-08-31T09:39:28+00:00\",\"dateModified\":\"2026-08-31T09:39:28+00:00\"},{\"@type\":\"WebSite\",\"@id\":\"https:\\\/\\\/www.encontracamacari.com.br\\\/sobre\\\/#website\",\"url\":\"https:\\\/\\\/www.encontracamacari.com.br\\\/sobre\\\/\",\"name\":\"Encontra Cama\\u00e7ari\",\"description\":\"Not\\u00edcias, eventos, informa\\u00e7\\u00f5es e dicas na cidade de Cama\\u00e7ari e regi\\u00e3o.\",\"inLanguage\":\"pt-BR\",\"publisher\":{\"@id\":\"https:\\\/\\\/www.encontracamacari.com.br\\\/sobre\\\/#organization\"}}]}\n\t\t<\/script>\n\t\t<!-- All in One SEO -->\n\n","aioseo_head_json":{"title":"Caminhada percussiva movimenta as ruas de Vila de Abrantes neste domingo - Encontra Cama\u00e7ari","description":"Caminhada percussiva une comunidades em Vila de Abrantes com m\u00fasica e cultura.","canonical_url":"https:\/\/www.encontracamacari.com.br\/sobre\/caminhada-percussiva-movimenta-as-ruas-de-vila-de-abrantes-neste-domingo\/","robots":"max-image-preview:large","keywords":"","webmasterTools":{"miscellaneous":""},"schema":{"@context":"https:\/\/schema.org","@graph":[{"@type":"BlogPosting","@id":"https:\/\/www.encontracamacari.com.br\/sobre\/caminhada-percussiva-movimenta-as-ruas-de-vila-de-abrantes-neste-domingo\/#blogposting","name":"Caminhada percussiva movimenta as ruas de Vila de Abrantes neste domingo - Encontra Cama\u00e7ari","headline":"Caminhada percussiva movimenta as ruas de Vila de Abrantes neste domingo","author":{"@id":"https:\/\/www.encontracamacari.com.br\/sobre\/author\/ecamacari\/#author"},"publisher":{"@id":"https:\/\/www.encontracamacari.com.br\/sobre\/#organization"},"image":{"@type":"ImageObject","url":"https:\/\/www.encontracamacari.com.br\/sobre\/wp-content\/uploads\/2026\/08\/caminhada-percussiva-movimenta-as-ruas-de-vila-de-abrantes-neste-domingo.webp","width":280,"height":280,"caption":"caminhada percussiva"},"datePublished":"2026-08-31T09:39:28+00:00","dateModified":"2026-08-31T09:39:28+00:00","inLanguage":"pt-BR","mainEntityOfPage":{"@id":"https:\/\/www.encontracamacari.com.br\/sobre\/caminhada-percussiva-movimenta-as-ruas-de-vila-de-abrantes-neste-domingo\/#webpage"},"isPartOf":{"@id":"https:\/\/www.encontracamacari.com.br\/sobre\/caminhada-percussiva-movimenta-as-ruas-de-vila-de-abrantes-neste-domingo\/#webpage"},"articleSection":"Not\u00edcias Cama\u00e7ari"},{"@type":"BreadcrumbList","@id":"https:\/\/www.encontracamacari.com.br\/sobre\/caminhada-percussiva-movimenta-as-ruas-de-vila-de-abrantes-neste-domingo\/#breadcrumblist","itemListElement":[{"@type":"ListItem","@id":"https:\/\/www.encontracamacari.com.br\/sobre#listItem","position":1,"name":"Home","item":"https:\/\/www.encontracamacari.com.br\/sobre","nextItem":{"@type":"ListItem","@id":"https:\/\/www.encontracamacari.com.br\/sobre\/noticias-em-camacari\/#listItem","name":"Not\u00edcias Cama\u00e7ari"}},{"@type":"ListItem","@id":"https:\/\/www.encontracamacari.com.br\/sobre\/noticias-em-camacari\/#listItem","position":2,"name":"Not\u00edcias Cama\u00e7ari","item":"https:\/\/www.encontracamacari.com.br\/sobre\/noticias-em-camacari\/","nextItem":{"@type":"ListItem","@id":"https:\/\/www.encontracamacari.com.br\/sobre\/caminhada-percussiva-movimenta-as-ruas-de-vila-de-abrantes-neste-domingo\/#listItem","name":"Caminhada percussiva movimenta as ruas de Vila de Abrantes neste domingo"},"previousItem":{"@type":"ListItem","@id":"https:\/\/www.encontracamacari.com.br\/sobre#listItem","name":"Home"}},{"@type":"ListItem","@id":"https:\/\/www.encontracamacari.com.br\/sobre\/caminhada-percussiva-movimenta-as-ruas-de-vila-de-abrantes-neste-domingo\/#listItem","position":3,"name":"Caminhada percussiva movimenta as ruas de Vila de Abrantes neste domingo","previousItem":{"@type":"ListItem","@id":"https:\/\/www.encontracamacari.com.br\/sobre\/noticias-em-camacari\/#listItem","name":"Not\u00edcias Cama\u00e7ari"}}]},{"@type":"Organization","@id":"https:\/\/www.encontracamacari.com.br\/sobre\/#organization","name":"Encontra Cama\u00e7ari","description":"Not\u00edcias, eventos, informa\u00e7\u00f5es e dicas na cidade de Cama\u00e7ari e regi\u00e3o.","url":"https:\/\/www.encontracamacari.com.br\/sobre\/"},{"@type":"Person","@id":"https:\/\/www.encontracamacari.com.br\/sobre\/author\/ecamacari\/#author","url":"https:\/\/www.encontracamacari.com.br\/sobre\/author\/ecamacari\/","name":"Encontra Cama\u00e7ari","image":{"@type":"ImageObject","@id":"https:\/\/www.encontracamacari.com.br\/sobre\/caminhada-percussiva-movimenta-as-ruas-de-vila-de-abrantes-neste-domingo\/#authorImage","url":"https:\/\/secure.gravatar.com\/avatar\/507340682b8270222e1f208e23198b6ae7e2c6a1033ae84e99bc6bce4f82a387?s=96&d=mm&r=g","width":96,"height":96,"caption":"Encontra Cama\u00e7ari"}},{"@type":"WebPage","@id":"https:\/\/www.encontracamacari.com.br\/sobre\/caminhada-percussiva-movimenta-as-ruas-de-vila-de-abrantes-neste-domingo\/#webpage","url":"https:\/\/www.encontracamacari.com.br\/sobre\/caminhada-percussiva-movimenta-as-ruas-de-vila-de-abrantes-neste-domingo\/","name":"Caminhada percussiva movimenta as ruas de Vila de Abrantes neste domingo - Encontra Cama\u00e7ari","description":"Caminhada percussiva une comunidades em Vila de Abrantes com m\u00fasica e cultura.","inLanguage":"pt-BR","isPartOf":{"@id":"https:\/\/www.encontracamacari.com.br\/sobre\/#website"},"breadcrumb":{"@id":"https:\/\/www.encontracamacari.com.br\/sobre\/caminhada-percussiva-movimenta-as-ruas-de-vila-de-abrantes-neste-domingo\/#breadcrumblist"},"author":{"@id":"https:\/\/www.encontracamacari.com.br\/sobre\/author\/ecamacari\/#author"},"creator":{"@id":"https:\/\/www.encontracamacari.com.br\/sobre\/author\/ecamacari\/#author"},"image":{"@type":"ImageObject","url":"https:\/\/www.encontracamacari.com.br\/sobre\/wp-content\/uploads\/2026\/08\/caminhada-percussiva-movimenta-as-ruas-de-vila-de-abrantes-neste-domingo.webp","@id":"https:\/\/www.encontracamacari.com.br\/sobre\/caminhada-percussiva-movimenta-as-ruas-de-vila-de-abrantes-neste-domingo\/#mainImage","width":280,"height":280,"caption":"caminhada percussiva"},"primaryImageOfPage":{"@id":"https:\/\/www.encontracamacari.com.br\/sobre\/caminhada-percussiva-movimenta-as-ruas-de-vila-de-abrantes-neste-domingo\/#mainImage"},"datePublished":"2026-08-31T09:39:28+00:00","dateModified":"2026-08-31T09:39:28+00:00"},{"@type":"WebSite","@id":"https:\/\/www.encontracamacari.com.br\/sobre\/#website","url":"https:\/\/www.encontracamacari.com.br\/sobre\/","name":"Encontra Cama\u00e7ari","description":"Not\u00edcias, eventos, informa\u00e7\u00f5es e dicas na cidade de Cama\u00e7ari e regi\u00e3o.","inLanguage":"pt-BR","publisher":{"@id":"https:\/\/www.encontracamacari.com.br\/sobre\/#organization"}}]},"og:locale":"pt_BR","og:site_name":"Encontra Cama\u00e7ari - Not\u00edcias, eventos, informa\u00e7\u00f5es e dicas na cidade de Cama\u00e7ari e regi\u00e3o.","og:type":"article","og:title":"Caminhada percussiva movimenta as ruas de Vila de Abrantes neste domingo - Encontra Cama\u00e7ari","og:description":"Caminhada percussiva une comunidades em Vila de Abrantes com m\u00fasica e cultura.","og:url":"https:\/\/www.encontracamacari.com.br\/sobre\/caminhada-percussiva-movimenta-as-ruas-de-vila-de-abrantes-neste-domingo\/","article:published_time":"2026-08-31T09:39:28+00:00","article:modified_time":"2026-08-31T09:39:28+00:00","twitter:card":"summary_large_image","twitter:title":"Caminhada percussiva movimenta as ruas de Vila de Abrantes neste domingo - Encontra Cama\u00e7ari","twitter:description":"Caminhada percussiva une comunidades em Vila de Abrantes com m\u00fasica e cultura."},"aioseo_meta_data":{"post_id":"1869","title":null,"description":null,"keywords":null,"keyphrases":null,"primary_term":null,"canonical_url":null,"og_title":null,"og_description":null,"og_object_type":"default","og_image_type":"default","og_image_url":null,"og_image_width":null,"og_image_height":null,"og_image_custom_url":null,"og_image_custom_fields":null,"og_video":null,"og_custom_url":null,"og_article_section":null,"og_article_tags":null,"twitter_use_og":false,"twitter_card":"default","twitter_image_type":"default","twitter_image_url":null,"twitter_image_custom_url":null,"twitter_image_custom_fields":null,"twitter_title":null,"twitter_description":null,"schema":{"blockGraphs":[],"customGraphs":[],"default":{"data":{"Article":[],"Course":[],"Dataset":[],"FAQPage":[],"Movie":[],"Person":[],"Product":[],"ProductReview":[],"Car":[],"Recipe":[],"Service":[],"SoftwareApplication":[],"WebPage":[]},"graphName":"BlogPosting","isEnabled":true},"graphs":[]},"schema_type":"default","schema_type_options":null,"pillar_content":false,"robots_default":true,"robots_noindex":false,"robots_noarchive":false,"robots_nosnippet":false,"robots_nofollow":false,"robots_noimageindex":false,"robots_noodp":false,"robots_notranslate":false,"robots_max_snippet":null,"robots_max_videopreview":null,"robots_max_imagepreview":"large","priority":null,"frequency":null,"local_seo":null,"limit_modified_date":false,"created":"2026-08-31 09:39:28","updated":"2026-08-31 10:27:39","focus_keyword":null,"additional_keywords":null,"truseo_locale":null,"ai":null,"breadcrumb_settings":null,"seo_analyzer_scan_date":null},"aioseo_breadcrumb":"<div class=\"aioseo-breadcrumbs\"><span class=\"aioseo-breadcrumb\">\n\t\t\t<a href=\"https:\/\/www.encontracamacari.com.br\/sobre\" title=\"Home\">Home<\/a>\n\t\t<\/span><span class=\"aioseo-breadcrumb-separator\">&raquo;<\/span><span class=\"aioseo-breadcrumb\">\n\t\t\t<a href=\"https:\/\/www.encontracamacari.com.br\/sobre\/noticias-em-camacari\/\" title=\"Not\u00edcias Cama\u00e7ari\">Not\u00edcias Cama\u00e7ari<\/a>\n\t\t<\/span><span class=\"aioseo-breadcrumb-separator\">&raquo;<\/span><span class=\"aioseo-breadcrumb\">\n\t\t\tCaminhada percussiva movimenta as ruas de Vila de Abrantes neste domingo\n\t\t<\/span><\/div>","aioseo_breadcrumb_json":[{"label":"Home","link":"https:\/\/www.encontracamacari.com.br\/sobre"},{"label":"Not\u00edcias Cama\u00e7ari","link":"https:\/\/www.encontracamacari.com.br\/sobre\/noticias-em-camacari\/"},{"label":"Caminhada percussiva movimenta as ruas de Vila de Abrantes neste domingo","link":"https:\/\/www.encontracamacari.com.br\/sobre\/caminhada-percussiva-movimenta-as-ruas-de-vila-de-abrantes-neste-domingo\/"}],"_links":{"self":[{"href":"https:\/\/www.encontracamacari.com.br\/sobre\/wp-json\/wp\/v2\/posts\/1869","targetHints":{"allow":["GET"]}}],"collection":[{"href":"https:\/\/www.encontracamacari.com.br\/sobre\/wp-json\/wp\/v2\/posts"}],"about":[{"href":"https:\/\/www.encontracamacari.com.br\/sobre\/wp-json\/wp\/v2\/types\/post"}],"author":[{"embeddable":true,"href":"https:\/\/www.encontracamacari.com.br\/sobre\/wp-json\/wp\/v2\/users\/1"}],"replies":[{"embeddable":true,"href":"https:\/\/www.encontracamacari.com.br\/sobre\/wp-json\/wp\/v2\/comments?post=1869"}],"version-history":[{"count":0,"href":"https:\/\/www.encontracamacari.com.br\/sobre\/wp-json\/wp\/v2\/posts\/1869\/revisions"}],"wp:featuredmedia":[{"embeddable":true,"href":"https:\/\/www.encontracamacari.com.br\/sobre\/wp-json\/wp\/v2\/media\/1868"}],"wp:attachment":[{"href":"https:\/\/www.encontracamacari.com.br\/sobre\/wp-json\/wp\/v2\/media?parent=1869"}],"wp:term":[{"taxonomy":"category","embeddable":true,"href":"https:\/\/www.encontracamacari.com.br\/sobre\/wp-json\/wp\/v2\/categories?post=1869"},{"taxonomy":"post_tag","embeddable":true,"href":"https:\/\/www.encontracamacari.com.br\/sobre\/wp-json\/wp\/v2\/tags?post=1869"}],"curies":[{"name":"wp","href":"https:\/\/api.w.org\/{rel}","templated":true}]}}