{"id":1863,"date":"2026-08-30T10:21:56","date_gmt":"2026-08-30T10:21:56","guid":{"rendered":"https:\/\/www.encontracamacari.com.br\/sobre\/arembepe-recebe-curso-de-formacao-e-requalificacao-de-guarda\/"},"modified":"2026-08-30T10:21:56","modified_gmt":"2026-08-30T10:21:56","slug":"arembepe-recebe-curso-de-formacao-e-requalificacao-de-guarda","status":"publish","type":"post","link":"https:\/\/www.encontracamacari.com.br\/sobre\/arembepe-recebe-curso-de-formacao-e-requalificacao-de-guarda\/","title":{"rendered":"Arembepe recebe curso de forma\u00e7\u00e3o e requalifica\u00e7\u00e3o de guarda"},"content":{"rendered":"<div class=\"2410bb7248a64bb1f71103797e0f239b\" data-index=\"1\" style=\"float: none; margin:0px;\">\n<ins class=\"adsbygoogle\"\r\n     style=\"display:block\"\r\n     data-ad-client=\"ca-pub-8585364105181520\"\r\n     data-ad-slot=\"8789329856\"\r\n     data-ad-format=\"auto\"\r\n     data-full-width-responsive=\"true\"><\/ins>\r\n<script>\r\n     (adsbygoogle = window.adsbygoogle || []).push({});\r\n<\/script>\n<\/div>\n<h2>Objetivos do Curso de Forma\u00e7\u00e3o<\/h2>\n<p>O curso de forma\u00e7\u00e3o e requalifica\u00e7\u00e3o de guarda-vidas em Arembepe visa preparar os participantes para atuar eficazmente na \u00e1rea de salvamento aqu\u00e1tico. Essa iniciativa se fundamenta em objectives claros:<\/p>\n<ul>\n<li><strong>Capacita\u00e7\u00e3o de Novos Profissionais:<\/strong> Ensinar as habilidades necess\u00e1rias para que novos guarda-vidas possam agir em situa\u00e7\u00f5es de emerg\u00eancia nas praias.<\/li>\n<li><strong>Aperfei\u00e7oamento Profissional:<\/strong> Atualizar e aprimorar as t\u00e9cnicas dos guarda-vidas j\u00e1 atuantes, ajudando-os a se manterem atualizados com as melhores pr\u00e1ticas e procedimentos.<\/li>\n<li><strong>Promo\u00e7\u00e3o da Seguran\u00e7a Aqu\u00e1tica:<\/strong> Reduzir o n\u00famero de acidentes nas praias e garantir a seguran\u00e7a de banhistas e turistas, atrav\u00e9s de uma atua\u00e7\u00e3o preventiva.<\/li>\n<\/ul>\n<h2>Quem Pode Participar?<\/h2>\n<p>O curso de forma\u00e7\u00e3o e requalifica\u00e7\u00e3o \u00e9 acess\u00edvel a diversas pessoas, que se encaixam em algumas categorias:<\/p>\n<ul>\n<li><strong>Novos Candidatos:<\/strong> Pessoas que desejam se tornar guarda-vidas e atender aos requisitos para tal.<\/li>\n<li><strong>Guarda-vidas Atuais:<\/strong> Profissionais que j\u00e1 atuam na \u00e1rea e precisam se requalificar ap\u00f3s um per\u00edodo de atua\u00e7\u00e3o.<\/li>\n<li><strong>Representantes de Institui\u00e7\u00f5es:<\/strong> Interessados que atuam em projetos relacionados ao salvamento aqu\u00e1tico e desejam aprender mais sobre o servi\u00e7o e suas pr\u00e1ticas.<\/li>\n<\/ul>\n<h2>Estrutura e Carga Hor\u00e1ria do Curso<\/h2>\n<p>O curso contar\u00e1 com uma carga hor\u00e1ria total de 120 horas que ser\u00e1 distribu\u00edda ao longo de um per\u00edodo de 15 dias. As atividades abordadas ir\u00e3o se dividir em tr\u00eas principais categorias, detalhadas a seguir:<\/p>\n<p><img decoding=\"async\" src=\"https:\/\/www.encontracamacari.com.br\/sobre\/wp-content\/uploads\/2026\/08\/arembepe-recebe-curso-de-formacao-e-requalificacao-de-guarda.webp\" alt=\"curso de forma\u00e7\u00e3o e requalifica\u00e7\u00e3o de guarda-vidas\" loading=\"lazy\" \/><\/p>\n<ul>\n<li><strong>Te\u00f3ricas:<\/strong> Aulas que cobrem conceitos fundamentais sobre preven\u00e7\u00e3o de acidentes, legisla\u00e7\u00e3o, sinaliza\u00e7\u00e3o e primeiros socorros.<\/li>\n<li><strong>Atividades F\u00edsicas:<\/strong> Exerc\u00edcios pr\u00e1ticos que incluir\u00e3o pr\u00e1ticas de resgates aqu\u00e1ticos e condicionamento f\u00edsico para manter os participantes em forma.<\/li>\n<li><strong>Pr\u00e1ticas no Mar:<\/strong> Sess\u00f5es em ambiente real que permitir\u00e3o aos participantes aplicarem o que aprenderam em situa\u00e7\u00f5es controladas, mas reais, em nossas praias.<\/li>\n<\/ul>\n<h2>Import\u00e2ncia da Requalifica\u00e7\u00e3o<\/h2>\n<p>A requalifica\u00e7\u00e3o de guarda-vidas que j\u00e1 atuam nos servi\u00e7os de salvamento \u00e9 essencial por diversos motivos:<\/p>\n<ul>\n<li><strong>Atualiza\u00e7\u00e3o de Conhecimentos:<\/strong> T\u00e9cnicas e procedimentos est\u00e3o em constante evolu\u00e7\u00e3o, portanto a atualiza\u00e7\u00e3o \u00e9 vital para manter a efic\u00e1cia dos servi\u00e7os prestados.<\/li>\n<li><strong>Aperfei\u00e7oamento de Habilidades:<\/strong> Os guarda-vidas t\u00eam a oportunidade de praticar e melhorar suas habilidades em um ambiente seguro e supervisionado.<\/li>\n<li><strong>Respostas Eficientes:<\/strong> O conhecimento atualizado garante que os profissionais estejam cada vez mais preparados para lidar com emerg\u00eancias, aumentando assim a seguran\u00e7a nas praias.<\/li>\n<\/ul>\n<h2>Atividades Pr\u00e1ticas na Praia<\/h2>\n<p>As atividades pr\u00e1ticas realizadas na praia s\u00e3o um dos elementos mais cruciais do curso, e incluem:<\/p>\n<ul>\n<li><strong>Resgates Aqu\u00e1ticos:<\/strong> Simula\u00e7\u00f5es realistas onde os participantes devem aplicar t\u00e9cnicas de salvamento em situa\u00e7\u00f5es de emerg\u00eancia.<\/li>\n<li><strong>Primeiros Socorros:<\/strong> Aulas pr\u00e1ticas que cobrem o atendimento a v\u00edtimas, uma habilidade essencial para todos os guarda-vidas.<\/li>\n<li><strong>Simula\u00e7\u00f5es de Cen\u00e1rios:<\/strong> Cria\u00e7\u00e3o de cen\u00e1rios de emerg\u00eancia para testar e desenvolver a habilidade dos participantes em situa\u00e7\u00f5es cr\u00edticas.<\/li>\n<\/ul>\n<h2>Impacto na Seguran\u00e7a Aqu\u00e1tica<\/h2>\n<p>A realiza\u00e7\u00e3o deste curso tem um impacto direto na seguran\u00e7a das praias de Cama\u00e7ari e de visitantes, como:<\/p><div class=\"2410bb7248a64bb1f71103797e0f239b\" data-index=\"2\" style=\"float: none; margin:0px;\">\n<ins class=\"adsbygoogle\"\r\n     style=\"display:block; text-align:center;\"\r\n     data-ad-layout=\"in-article\"\r\n     data-ad-format=\"fluid\"\r\n     data-ad-client=\"ca-pub-8585364105181520\"\r\n     data-ad-slot=\"2899217073\"><\/ins>\r\n<script>\r\n     (adsbygoogle = window.adsbygoogle || []).push({});\r\n<\/script>\r\n\r\n<\/br><\/br>\n<\/div>\n\n<ul>\n<li><strong>Redu\u00e7\u00e3o de Acidentes:<\/strong> Com profissionais bem treinados, espera-se uma diminui\u00e7\u00e3o significativa no n\u00famero de acidentes aqu\u00e1ticos.<\/li>\n<li><strong>Melhor Atendimento ao P\u00fablico:<\/strong> A capacita\u00e7\u00e3o resulta em um atendimento mais eficaz aos banhistas, proporcionando orienta\u00e7\u00e3o e aux\u00edlio em situa\u00e7\u00f5es de risco.<\/li>\n<li><strong>Promo\u00e7\u00e3o da Seguran\u00e7a:<\/strong> O conhecimento adquirido pelos guarda-vidas ser\u00e1 compartilhado, aumentando a consci\u00eancia sobre a seguran\u00e7a aqu\u00e1tica entre a popula\u00e7\u00e3o em geral.<\/li>\n<\/ul>\n<h2>Expectativa de Participantes<\/h2>\n<p>Com a abertura do curso, a expectativa \u00e9 reunir um total de 100 participantes, que incluir\u00e3o:<\/p>\n<ul>\n<li><strong>Novos Alunos:<\/strong> Aproximadamente 22 novos alunos se inscrever\u00e3o para a forma\u00e7\u00e3o de guarda-vidas.<\/li>\n<li><strong>Guarda-vidas Atualizados:<\/strong> Os profissionais que buscam a requalifica\u00e7\u00e3o ter\u00e3o a chance de atualizar suas habilidades e conhecimento.<\/li>\n<li><strong>Convidados:<\/strong> A presen\u00e7a de representantes de institui\u00e7\u00f5es e convidados de diversas \u00e1reas ligadas ao salvamento aqu\u00e1tico enriquecer\u00e1 o curso, ampliando o debate sobre seguran\u00e7a nas praias.<\/li>\n<\/ul>\n<h2>Colabora\u00e7\u00e3o de Institui\u00e7\u00f5es Locais<\/h2>\n<p>O curso \u00e9 uma colabora\u00e7\u00e3o entre v\u00e1rias institui\u00e7\u00f5es, que incluir\u00e3o:<\/p>\n<ul>\n<li><strong>Associa\u00e7\u00e3o dos Guarda-Vidas de Cama\u00e7ari:<\/strong> A entidade que promove e organiza o evento, oferecendo todo o suporte necess\u00e1rio para a realiza\u00e7\u00e3o do curso.<\/li>\n<li><strong>Sindicato dos Trabalhadores de Salvamento Aqu\u00e1tico:<\/strong> A parceria assegura que as pr\u00e1ticas utilizadas estejam alinhadas com as diretrizes do setor.<\/li>\n<li><strong>Projeto Boa Mar\u00e9:<\/strong> Envolvendo a\u00e7\u00f5es de conscientiza\u00e7\u00e3o e educa\u00e7\u00e3o, contribuindo para a evolu\u00e7\u00e3o do trabalho de salvamento aqu\u00e1tico.<\/li>\n<\/ul>\n<h2>Prepara\u00e7\u00e3o para a Temporada de Ver\u00e3o<\/h2>\n<p>Com a aproxima\u00e7\u00e3o do ver\u00e3o, a forma\u00e7\u00e3o de guarda-vidas torna-se ainda mais crucial. Essa \u00e9poca \u00e9 marcada por um aumento no n\u00famero de pessoas nas praias, e a presen\u00e7a de profissionais qualificados assegura:<\/p>\n<ul>\n<li><strong>Maior Vigil\u00e2ncia:<\/strong> Com mais guarda-vidas formados e atualizados, a supervis\u00e3o sobre as atividades dos banhistas ser\u00e1 intensificada.<\/li>\n<li><strong>Orienta\u00e7\u00e3o Eficaz:<\/strong> A orienta\u00e7\u00e3o correta sobre pr\u00e1ticas seguras nas praias proporcionar\u00e1 um ambiente mais seguro para todos.<\/li>\n<li><strong>Resposta R\u00e1pida:<\/strong> A prepara\u00e7\u00e3o adequada garantir\u00e1 que a equipe de guarda-vidas esteja pronta para responder a emerg\u00eancias de maneira eficaz.<\/li>\n<\/ul>\n<h2>Depoimentos de Alunos e Profissionais<\/h2>\n<p>A troca de experi\u00eancias entre alunos e profissionais \u00e9 fundamental para o desenvolvimento do aprendizado. Durante o curso, os participantes t\u00eam a oportunidade de:<\/p>\n<ul>\n<li><strong>Compartilhar Viv\u00eancias:<\/strong> Alunos e profissionais podem dividir experi\u00eancias de situa\u00e7\u00f5es vivenciadas nas praias, desenvolvendo um aprendizado colaborativo.<\/li>\n<li><strong>Feedback Constante:<\/strong> A troca frequente de feedbacks permite que todos aprimorem suas capacidades de resposta e compreens\u00e3o sobre o salvamento aqu\u00e1tico.<\/li>\n<\/ul>\n<p>Com essa variedade de atividades e colabora\u00e7\u00f5es, o curso de forma\u00e7\u00e3o e requalifica\u00e7\u00e3o de guarda-vidas em Arembepe busca n\u00e3o apenas capacitar profissionais, mas tamb\u00e9m promover a seguran\u00e7a e garantir que as praias de Cama\u00e7ari se tornem um local mais seguro para todos.<\/p>\n<div class=\"2410bb7248a64bb1f71103797e0f239b\" data-index=\"3\" style=\"float: none; margin:0px;\">\n<\/br><\/br>\r\n\r\n<ins class=\"adsbygoogle\"\r\n     style=\"display:block\"\r\n     data-ad-format=\"fluid\"\r\n     data-ad-layout-key=\"-63+do+n-1s+9e\"\r\n     data-ad-client=\"ca-pub-8585364105181520\"\r\n     data-ad-slot=\"6838462089\"><\/ins>\r\n<script>\r\n     (adsbygoogle = window.adsbygoogle || []).push({});\r\n<\/script>\n<\/div>\n\n<div style=\"font-size: 0px; height: 0px; line-height: 0px; margin: 0; padding: 0; clear: both;\"><\/div>","protected":false},"excerpt":{"rendered":"<p>Arembepe oferece curso de forma\u00e7\u00e3o e requalifica\u00e7\u00e3o de guarda-vidas com 120 horas de capacita\u00e7\u00e3o.<\/p>\n","protected":false},"author":1,"featured_media":1862,"comment_status":"open","ping_status":"closed","sticky":false,"template":"","format":"standard","meta":{"footnotes":""},"categories":[3],"tags":[],"class_list":["post-1863","post","type-post","status-publish","format-standard","has-post-thumbnail","hentry","category-cursos-em-camacari","has_thumb"],"aioseo_notices":[],"aioseo_head":"\n\t\t<!-- All in One SEO 5.0.0.1 - aioseo.com -->\n\t<meta name=\"description\" content=\"Arembepe oferece curso de forma\u00e7\u00e3o e requalifica\u00e7\u00e3o de guarda-vidas com 120 horas de capacita\u00e7\u00e3o.\" \/>\n\t<meta name=\"robots\" content=\"max-image-preview:large\" \/>\n\t<meta name=\"author\" content=\"Encontra Cama\u00e7ari\"\/>\n\t<link rel=\"canonical\" href=\"https:\/\/www.encontracamacari.com.br\/sobre\/arembepe-recebe-curso-de-formacao-e-requalificacao-de-guarda\/\" \/>\n\t<meta name=\"generator\" content=\"All in One SEO (AIOSEO) 5.0.0.1\" \/>\n\t\t<meta property=\"og:locale\" content=\"pt_BR\" \/>\n\t\t<meta property=\"og:site_name\" content=\"Encontra Cama\u00e7ari - Not\u00edcias, eventos, informa\u00e7\u00f5es e dicas na cidade de Cama\u00e7ari e regi\u00e3o.\" \/>\n\t\t<meta property=\"og:type\" content=\"article\" \/>\n\t\t<meta property=\"og:title\" content=\"Arembepe recebe curso de forma\u00e7\u00e3o e requalifica\u00e7\u00e3o de guarda - Encontra Cama\u00e7ari\" \/>\n\t\t<meta property=\"og:description\" content=\"Arembepe oferece curso de forma\u00e7\u00e3o e requalifica\u00e7\u00e3o de guarda-vidas com 120 horas de capacita\u00e7\u00e3o.\" \/>\n\t\t<meta property=\"og:url\" content=\"https:\/\/www.encontracamacari.com.br\/sobre\/arembepe-recebe-curso-de-formacao-e-requalificacao-de-guarda\/\" \/>\n\t\t<meta property=\"article:published_time\" content=\"2026-08-30T10:21:56+00:00\" \/>\n\t\t<meta property=\"article:modified_time\" content=\"2026-08-30T10:21:56+00:00\" \/>\n\t\t<meta name=\"twitter:card\" content=\"summary_large_image\" \/>\n\t\t<meta name=\"twitter:title\" content=\"Arembepe recebe curso de forma\u00e7\u00e3o e requalifica\u00e7\u00e3o de guarda - Encontra Cama\u00e7ari\" \/>\n\t\t<meta name=\"twitter:description\" content=\"Arembepe oferece curso de forma\u00e7\u00e3o e requalifica\u00e7\u00e3o de guarda-vidas com 120 horas de capacita\u00e7\u00e3o.\" \/>\n\t\t<script type=\"application\/ld+json\" class=\"aioseo-schema\">\n\t\t\t{\"@context\":\"https:\\\/\\\/schema.org\",\"@graph\":[{\"@type\":\"BlogPosting\",\"@id\":\"https:\\\/\\\/www.encontracamacari.com.br\\\/sobre\\\/arembepe-recebe-curso-de-formacao-e-requalificacao-de-guarda\\\/#blogposting\",\"name\":\"Arembepe recebe curso de forma\\u00e7\\u00e3o e requalifica\\u00e7\\u00e3o de guarda - Encontra Cama\\u00e7ari\",\"headline\":\"Arembepe recebe curso de forma\\u00e7\\u00e3o e requalifica\\u00e7\\u00e3o de guarda\",\"author\":{\"@id\":\"https:\\\/\\\/www.encontracamacari.com.br\\\/sobre\\\/author\\\/ecamacari\\\/#author\"},\"publisher\":{\"@id\":\"https:\\\/\\\/www.encontracamacari.com.br\\\/sobre\\\/#organization\"},\"image\":{\"@type\":\"ImageObject\",\"url\":\"https:\\\/\\\/www.encontracamacari.com.br\\\/sobre\\\/wp-content\\\/uploads\\\/2026\\\/08\\\/arembepe-recebe-curso-de-formacao-e-requalificacao-de-guarda.webp\",\"width\":280,\"height\":280,\"caption\":\"curso de forma\\u00e7\\u00e3o e requalifica\\u00e7\\u00e3o de guarda-vidas\"},\"datePublished\":\"2026-08-30T10:21:56+00:00\",\"dateModified\":\"2026-08-30T10:21:56+00:00\",\"inLanguage\":\"pt-BR\",\"mainEntityOfPage\":{\"@id\":\"https:\\\/\\\/www.encontracamacari.com.br\\\/sobre\\\/arembepe-recebe-curso-de-formacao-e-requalificacao-de-guarda\\\/#webpage\"},\"isPartOf\":{\"@id\":\"https:\\\/\\\/www.encontracamacari.com.br\\\/sobre\\\/arembepe-recebe-curso-de-formacao-e-requalificacao-de-guarda\\\/#webpage\"},\"articleSection\":\"Cursos Cama\\u00e7ari\"},{\"@type\":\"BreadcrumbList\",\"@id\":\"https:\\\/\\\/www.encontracamacari.com.br\\\/sobre\\\/arembepe-recebe-curso-de-formacao-e-requalificacao-de-guarda\\\/#breadcrumblist\",\"itemListElement\":[{\"@type\":\"ListItem\",\"@id\":\"https:\\\/\\\/www.encontracamacari.com.br\\\/sobre#listItem\",\"position\":1,\"name\":\"Home\",\"item\":\"https:\\\/\\\/www.encontracamacari.com.br\\\/sobre\",\"nextItem\":{\"@type\":\"ListItem\",\"@id\":\"https:\\\/\\\/www.encontracamacari.com.br\\\/sobre\\\/cursos-em-camacari\\\/#listItem\",\"name\":\"Cursos Cama\\u00e7ari\"}},{\"@type\":\"ListItem\",\"@id\":\"https:\\\/\\\/www.encontracamacari.com.br\\\/sobre\\\/cursos-em-camacari\\\/#listItem\",\"position\":2,\"name\":\"Cursos Cama\\u00e7ari\",\"item\":\"https:\\\/\\\/www.encontracamacari.com.br\\\/sobre\\\/cursos-em-camacari\\\/\",\"nextItem\":{\"@type\":\"ListItem\",\"@id\":\"https:\\\/\\\/www.encontracamacari.com.br\\\/sobre\\\/arembepe-recebe-curso-de-formacao-e-requalificacao-de-guarda\\\/#listItem\",\"name\":\"Arembepe recebe curso de forma\\u00e7\\u00e3o e requalifica\\u00e7\\u00e3o de guarda\"},\"previousItem\":{\"@type\":\"ListItem\",\"@id\":\"https:\\\/\\\/www.encontracamacari.com.br\\\/sobre#listItem\",\"name\":\"Home\"}},{\"@type\":\"ListItem\",\"@id\":\"https:\\\/\\\/www.encontracamacari.com.br\\\/sobre\\\/arembepe-recebe-curso-de-formacao-e-requalificacao-de-guarda\\\/#listItem\",\"position\":3,\"name\":\"Arembepe recebe curso de forma\\u00e7\\u00e3o e requalifica\\u00e7\\u00e3o de guarda\",\"previousItem\":{\"@type\":\"ListItem\",\"@id\":\"https:\\\/\\\/www.encontracamacari.com.br\\\/sobre\\\/cursos-em-camacari\\\/#listItem\",\"name\":\"Cursos Cama\\u00e7ari\"}}]},{\"@type\":\"Organization\",\"@id\":\"https:\\\/\\\/www.encontracamacari.com.br\\\/sobre\\\/#organization\",\"name\":\"Encontra Cama\\u00e7ari\",\"description\":\"Not\\u00edcias, eventos, informa\\u00e7\\u00f5es e dicas na cidade de Cama\\u00e7ari e regi\\u00e3o.\",\"url\":\"https:\\\/\\\/www.encontracamacari.com.br\\\/sobre\\\/\"},{\"@type\":\"Person\",\"@id\":\"https:\\\/\\\/www.encontracamacari.com.br\\\/sobre\\\/author\\\/ecamacari\\\/#author\",\"url\":\"https:\\\/\\\/www.encontracamacari.com.br\\\/sobre\\\/author\\\/ecamacari\\\/\",\"name\":\"Encontra Cama\\u00e7ari\",\"image\":{\"@type\":\"ImageObject\",\"@id\":\"https:\\\/\\\/www.encontracamacari.com.br\\\/sobre\\\/arembepe-recebe-curso-de-formacao-e-requalificacao-de-guarda\\\/#authorImage\",\"url\":\"https:\\\/\\\/secure.gravatar.com\\\/avatar\\\/507340682b8270222e1f208e23198b6ae7e2c6a1033ae84e99bc6bce4f82a387?s=96&d=mm&r=g\",\"width\":96,\"height\":96,\"caption\":\"Encontra Cama\\u00e7ari\"}},{\"@type\":\"WebPage\",\"@id\":\"https:\\\/\\\/www.encontracamacari.com.br\\\/sobre\\\/arembepe-recebe-curso-de-formacao-e-requalificacao-de-guarda\\\/#webpage\",\"url\":\"https:\\\/\\\/www.encontracamacari.com.br\\\/sobre\\\/arembepe-recebe-curso-de-formacao-e-requalificacao-de-guarda\\\/\",\"name\":\"Arembepe recebe curso de forma\\u00e7\\u00e3o e requalifica\\u00e7\\u00e3o de guarda - Encontra Cama\\u00e7ari\",\"description\":\"Arembepe oferece curso de forma\\u00e7\\u00e3o e requalifica\\u00e7\\u00e3o de guarda-vidas com 120 horas de capacita\\u00e7\\u00e3o.\",\"inLanguage\":\"pt-BR\",\"isPartOf\":{\"@id\":\"https:\\\/\\\/www.encontracamacari.com.br\\\/sobre\\\/#website\"},\"breadcrumb\":{\"@id\":\"https:\\\/\\\/www.encontracamacari.com.br\\\/sobre\\\/arembepe-recebe-curso-de-formacao-e-requalificacao-de-guarda\\\/#breadcrumblist\"},\"author\":{\"@id\":\"https:\\\/\\\/www.encontracamacari.com.br\\\/sobre\\\/author\\\/ecamacari\\\/#author\"},\"creator\":{\"@id\":\"https:\\\/\\\/www.encontracamacari.com.br\\\/sobre\\\/author\\\/ecamacari\\\/#author\"},\"image\":{\"@type\":\"ImageObject\",\"url\":\"https:\\\/\\\/www.encontracamacari.com.br\\\/sobre\\\/wp-content\\\/uploads\\\/2026\\\/08\\\/arembepe-recebe-curso-de-formacao-e-requalificacao-de-guarda.webp\",\"@id\":\"https:\\\/\\\/www.encontracamacari.com.br\\\/sobre\\\/arembepe-recebe-curso-de-formacao-e-requalificacao-de-guarda\\\/#mainImage\",\"width\":280,\"height\":280,\"caption\":\"curso de forma\\u00e7\\u00e3o e requalifica\\u00e7\\u00e3o de guarda-vidas\"},\"primaryImageOfPage\":{\"@id\":\"https:\\\/\\\/www.encontracamacari.com.br\\\/sobre\\\/arembepe-recebe-curso-de-formacao-e-requalificacao-de-guarda\\\/#mainImage\"},\"datePublished\":\"2026-08-30T10:21:56+00:00\",\"dateModified\":\"2026-08-30T10:21:56+00:00\"},{\"@type\":\"WebSite\",\"@id\":\"https:\\\/\\\/www.encontracamacari.com.br\\\/sobre\\\/#website\",\"url\":\"https:\\\/\\\/www.encontracamacari.com.br\\\/sobre\\\/\",\"name\":\"Encontra Cama\\u00e7ari\",\"description\":\"Not\\u00edcias, eventos, informa\\u00e7\\u00f5es e dicas na cidade de Cama\\u00e7ari e regi\\u00e3o.\",\"inLanguage\":\"pt-BR\",\"publisher\":{\"@id\":\"https:\\\/\\\/www.encontracamacari.com.br\\\/sobre\\\/#organization\"}}]}\n\t\t<\/script>\n\t\t<!-- All in One SEO -->\n\n","aioseo_head_json":{"title":"Arembepe recebe curso de forma\u00e7\u00e3o e requalifica\u00e7\u00e3o de guarda - Encontra Cama\u00e7ari","description":"Arembepe oferece curso de forma\u00e7\u00e3o e requalifica\u00e7\u00e3o de guarda-vidas com 120 horas de capacita\u00e7\u00e3o.","canonical_url":"https:\/\/www.encontracamacari.com.br\/sobre\/arembepe-recebe-curso-de-formacao-e-requalificacao-de-guarda\/","robots":"max-image-preview:large","keywords":"","webmasterTools":{"miscellaneous":""},"schema":{"@context":"https:\/\/schema.org","@graph":[{"@type":"BlogPosting","@id":"https:\/\/www.encontracamacari.com.br\/sobre\/arembepe-recebe-curso-de-formacao-e-requalificacao-de-guarda\/#blogposting","name":"Arembepe recebe curso de forma\u00e7\u00e3o e requalifica\u00e7\u00e3o de guarda - Encontra Cama\u00e7ari","headline":"Arembepe recebe curso de forma\u00e7\u00e3o e requalifica\u00e7\u00e3o de guarda","author":{"@id":"https:\/\/www.encontracamacari.com.br\/sobre\/author\/ecamacari\/#author"},"publisher":{"@id":"https:\/\/www.encontracamacari.com.br\/sobre\/#organization"},"image":{"@type":"ImageObject","url":"https:\/\/www.encontracamacari.com.br\/sobre\/wp-content\/uploads\/2026\/08\/arembepe-recebe-curso-de-formacao-e-requalificacao-de-guarda.webp","width":280,"height":280,"caption":"curso de forma\u00e7\u00e3o e requalifica\u00e7\u00e3o de guarda-vidas"},"datePublished":"2026-08-30T10:21:56+00:00","dateModified":"2026-08-30T10:21:56+00:00","inLanguage":"pt-BR","mainEntityOfPage":{"@id":"https:\/\/www.encontracamacari.com.br\/sobre\/arembepe-recebe-curso-de-formacao-e-requalificacao-de-guarda\/#webpage"},"isPartOf":{"@id":"https:\/\/www.encontracamacari.com.br\/sobre\/arembepe-recebe-curso-de-formacao-e-requalificacao-de-guarda\/#webpage"},"articleSection":"Cursos Cama\u00e7ari"},{"@type":"BreadcrumbList","@id":"https:\/\/www.encontracamacari.com.br\/sobre\/arembepe-recebe-curso-de-formacao-e-requalificacao-de-guarda\/#breadcrumblist","itemListElement":[{"@type":"ListItem","@id":"https:\/\/www.encontracamacari.com.br\/sobre#listItem","position":1,"name":"Home","item":"https:\/\/www.encontracamacari.com.br\/sobre","nextItem":{"@type":"ListItem","@id":"https:\/\/www.encontracamacari.com.br\/sobre\/cursos-em-camacari\/#listItem","name":"Cursos Cama\u00e7ari"}},{"@type":"ListItem","@id":"https:\/\/www.encontracamacari.com.br\/sobre\/cursos-em-camacari\/#listItem","position":2,"name":"Cursos Cama\u00e7ari","item":"https:\/\/www.encontracamacari.com.br\/sobre\/cursos-em-camacari\/","nextItem":{"@type":"ListItem","@id":"https:\/\/www.encontracamacari.com.br\/sobre\/arembepe-recebe-curso-de-formacao-e-requalificacao-de-guarda\/#listItem","name":"Arembepe recebe curso de forma\u00e7\u00e3o e requalifica\u00e7\u00e3o de guarda"},"previousItem":{"@type":"ListItem","@id":"https:\/\/www.encontracamacari.com.br\/sobre#listItem","name":"Home"}},{"@type":"ListItem","@id":"https:\/\/www.encontracamacari.com.br\/sobre\/arembepe-recebe-curso-de-formacao-e-requalificacao-de-guarda\/#listItem","position":3,"name":"Arembepe recebe curso de forma\u00e7\u00e3o e requalifica\u00e7\u00e3o de guarda","previousItem":{"@type":"ListItem","@id":"https:\/\/www.encontracamacari.com.br\/sobre\/cursos-em-camacari\/#listItem","name":"Cursos Cama\u00e7ari"}}]},{"@type":"Organization","@id":"https:\/\/www.encontracamacari.com.br\/sobre\/#organization","name":"Encontra Cama\u00e7ari","description":"Not\u00edcias, eventos, informa\u00e7\u00f5es e dicas na cidade de Cama\u00e7ari e regi\u00e3o.","url":"https:\/\/www.encontracamacari.com.br\/sobre\/"},{"@type":"Person","@id":"https:\/\/www.encontracamacari.com.br\/sobre\/author\/ecamacari\/#author","url":"https:\/\/www.encontracamacari.com.br\/sobre\/author\/ecamacari\/","name":"Encontra Cama\u00e7ari","image":{"@type":"ImageObject","@id":"https:\/\/www.encontracamacari.com.br\/sobre\/arembepe-recebe-curso-de-formacao-e-requalificacao-de-guarda\/#authorImage","url":"https:\/\/secure.gravatar.com\/avatar\/507340682b8270222e1f208e23198b6ae7e2c6a1033ae84e99bc6bce4f82a387?s=96&d=mm&r=g","width":96,"height":96,"caption":"Encontra Cama\u00e7ari"}},{"@type":"WebPage","@id":"https:\/\/www.encontracamacari.com.br\/sobre\/arembepe-recebe-curso-de-formacao-e-requalificacao-de-guarda\/#webpage","url":"https:\/\/www.encontracamacari.com.br\/sobre\/arembepe-recebe-curso-de-formacao-e-requalificacao-de-guarda\/","name":"Arembepe recebe curso de forma\u00e7\u00e3o e requalifica\u00e7\u00e3o de guarda - Encontra Cama\u00e7ari","description":"Arembepe oferece curso de forma\u00e7\u00e3o e requalifica\u00e7\u00e3o de guarda-vidas com 120 horas de capacita\u00e7\u00e3o.","inLanguage":"pt-BR","isPartOf":{"@id":"https:\/\/www.encontracamacari.com.br\/sobre\/#website"},"breadcrumb":{"@id":"https:\/\/www.encontracamacari.com.br\/sobre\/arembepe-recebe-curso-de-formacao-e-requalificacao-de-guarda\/#breadcrumblist"},"author":{"@id":"https:\/\/www.encontracamacari.com.br\/sobre\/author\/ecamacari\/#author"},"creator":{"@id":"https:\/\/www.encontracamacari.com.br\/sobre\/author\/ecamacari\/#author"},"image":{"@type":"ImageObject","url":"https:\/\/www.encontracamacari.com.br\/sobre\/wp-content\/uploads\/2026\/08\/arembepe-recebe-curso-de-formacao-e-requalificacao-de-guarda.webp","@id":"https:\/\/www.encontracamacari.com.br\/sobre\/arembepe-recebe-curso-de-formacao-e-requalificacao-de-guarda\/#mainImage","width":280,"height":280,"caption":"curso de forma\u00e7\u00e3o e requalifica\u00e7\u00e3o de guarda-vidas"},"primaryImageOfPage":{"@id":"https:\/\/www.encontracamacari.com.br\/sobre\/arembepe-recebe-curso-de-formacao-e-requalificacao-de-guarda\/#mainImage"},"datePublished":"2026-08-30T10:21:56+00:00","dateModified":"2026-08-30T10:21:56+00:00"},{"@type":"WebSite","@id":"https:\/\/www.encontracamacari.com.br\/sobre\/#website","url":"https:\/\/www.encontracamacari.com.br\/sobre\/","name":"Encontra Cama\u00e7ari","description":"Not\u00edcias, eventos, informa\u00e7\u00f5es e dicas na cidade de Cama\u00e7ari e regi\u00e3o.","inLanguage":"pt-BR","publisher":{"@id":"https:\/\/www.encontracamacari.com.br\/sobre\/#organization"}}]},"og:locale":"pt_BR","og:site_name":"Encontra Cama\u00e7ari - Not\u00edcias, eventos, informa\u00e7\u00f5es e dicas na cidade de Cama\u00e7ari e regi\u00e3o.","og:type":"article","og:title":"Arembepe recebe curso de forma\u00e7\u00e3o e requalifica\u00e7\u00e3o de guarda - Encontra Cama\u00e7ari","og:description":"Arembepe oferece curso de forma\u00e7\u00e3o e requalifica\u00e7\u00e3o de guarda-vidas com 120 horas de capacita\u00e7\u00e3o.","og:url":"https:\/\/www.encontracamacari.com.br\/sobre\/arembepe-recebe-curso-de-formacao-e-requalificacao-de-guarda\/","article:published_time":"2026-08-30T10:21:56+00:00","article:modified_time":"2026-08-30T10:21:56+00:00","twitter:card":"summary_large_image","twitter:title":"Arembepe recebe curso de forma\u00e7\u00e3o e requalifica\u00e7\u00e3o de guarda - Encontra Cama\u00e7ari","twitter:description":"Arembepe oferece curso de forma\u00e7\u00e3o e requalifica\u00e7\u00e3o de guarda-vidas com 120 horas de capacita\u00e7\u00e3o."},"aioseo_meta_data":{"post_id":"1863","title":null,"description":null,"keywords":null,"keyphrases":null,"primary_term":null,"canonical_url":null,"og_title":null,"og_description":null,"og_object_type":"default","og_image_type":"default","og_image_url":null,"og_image_width":null,"og_image_height":null,"og_image_custom_url":null,"og_image_custom_fields":null,"og_video":null,"og_custom_url":null,"og_article_section":null,"og_article_tags":null,"twitter_use_og":false,"twitter_card":"default","twitter_image_type":"default","twitter_image_url":null,"twitter_image_custom_url":null,"twitter_image_custom_fields":null,"twitter_title":null,"twitter_description":null,"schema":{"blockGraphs":[],"customGraphs":[],"default":{"data":{"Article":[],"Course":[],"Dataset":[],"FAQPage":[],"Movie":[],"Person":[],"Product":[],"ProductReview":[],"Car":[],"Recipe":[],"Service":[],"SoftwareApplication":[],"WebPage":[]},"graphName":"BlogPosting","isEnabled":true},"graphs":[]},"schema_type":"default","schema_type_options":null,"pillar_content":false,"robots_default":true,"robots_noindex":false,"robots_noarchive":false,"robots_nosnippet":false,"robots_nofollow":false,"robots_noimageindex":false,"robots_noodp":false,"robots_notranslate":false,"robots_max_snippet":null,"robots_max_videopreview":null,"robots_max_imagepreview":"large","priority":null,"frequency":null,"local_seo":null,"limit_modified_date":false,"created":"2026-08-30 10:21:56","updated":"2026-08-30 11:15:05","focus_keyword":null,"additional_keywords":null,"truseo_locale":null,"ai":null,"breadcrumb_settings":null,"seo_analyzer_scan_date":null},"aioseo_breadcrumb":"<div class=\"aioseo-breadcrumbs\"><span class=\"aioseo-breadcrumb\">\n\t\t\t<a href=\"https:\/\/www.encontracamacari.com.br\/sobre\" title=\"Home\">Home<\/a>\n\t\t<\/span><span class=\"aioseo-breadcrumb-separator\">&raquo;<\/span><span class=\"aioseo-breadcrumb\">\n\t\t\t<a href=\"https:\/\/www.encontracamacari.com.br\/sobre\/cursos-em-camacari\/\" title=\"Cursos Cama\u00e7ari\">Cursos Cama\u00e7ari<\/a>\n\t\t<\/span><span class=\"aioseo-breadcrumb-separator\">&raquo;<\/span><span class=\"aioseo-breadcrumb\">\n\t\t\tArembepe recebe curso de forma\u00e7\u00e3o e requalifica\u00e7\u00e3o de guarda\n\t\t<\/span><\/div>","aioseo_breadcrumb_json":[{"label":"Home","link":"https:\/\/www.encontracamacari.com.br\/sobre"},{"label":"Cursos Cama\u00e7ari","link":"https:\/\/www.encontracamacari.com.br\/sobre\/cursos-em-camacari\/"},{"label":"Arembepe recebe curso de forma\u00e7\u00e3o e requalifica\u00e7\u00e3o de guarda","link":"https:\/\/www.encontracamacari.com.br\/sobre\/arembepe-recebe-curso-de-formacao-e-requalificacao-de-guarda\/"}],"_links":{"self":[{"href":"https:\/\/www.encontracamacari.com.br\/sobre\/wp-json\/wp\/v2\/posts\/1863","targetHints":{"allow":["GET"]}}],"collection":[{"href":"https:\/\/www.encontracamacari.com.br\/sobre\/wp-json\/wp\/v2\/posts"}],"about":[{"href":"https:\/\/www.encontracamacari.com.br\/sobre\/wp-json\/wp\/v2\/types\/post"}],"author":[{"embeddable":true,"href":"https:\/\/www.encontracamacari.com.br\/sobre\/wp-json\/wp\/v2\/users\/1"}],"replies":[{"embeddable":true,"href":"https:\/\/www.encontracamacari.com.br\/sobre\/wp-json\/wp\/v2\/comments?post=1863"}],"version-history":[{"count":0,"href":"https:\/\/www.encontracamacari.com.br\/sobre\/wp-json\/wp\/v2\/posts\/1863\/revisions"}],"wp:featuredmedia":[{"embeddable":true,"href":"https:\/\/www.encontracamacari.com.br\/sobre\/wp-json\/wp\/v2\/media\/1862"}],"wp:attachment":[{"href":"https:\/\/www.encontracamacari.com.br\/sobre\/wp-json\/wp\/v2\/media?parent=1863"}],"wp:term":[{"taxonomy":"category","embeddable":true,"href":"https:\/\/www.encontracamacari.com.br\/sobre\/wp-json\/wp\/v2\/categories?post=1863"},{"taxonomy":"post_tag","embeddable":true,"href":"https:\/\/www.encontracamacari.com.br\/sobre\/wp-json\/wp\/v2\/tags?post=1863"}],"curies":[{"name":"wp","href":"https:\/\/api.w.org\/{rel}","templated":true}]}}