{"id":1861,"date":"2026-08-30T10:20:44","date_gmt":"2026-08-30T10:20:44","guid":{"rendered":"https:\/\/www.encontracamacari.com.br\/sobre\/fampa-intensifica-preparacao-para-a-1a-copa-mestre-sardinha-em-vila-de-abrantes\/"},"modified":"2026-08-30T10:20:44","modified_gmt":"2026-08-30T10:20:44","slug":"fampa-intensifica-preparacao-para-a-1a-copa-mestre-sardinha-em-vila-de-abrantes","status":"publish","type":"post","link":"https:\/\/www.encontracamacari.com.br\/sobre\/fampa-intensifica-preparacao-para-a-1a-copa-mestre-sardinha-em-vila-de-abrantes\/","title":{"rendered":"FAMPA intensifica prepara\u00e7\u00e3o para a 1\u00aa Copa Mestre Sardinha em Vila de Abrantes"},"content":{"rendered":"<div class=\"2410bb7248a64bb1f71103797e0f239b\" data-index=\"1\" style=\"float: none; margin:0px;\">\n<ins class=\"adsbygoogle\"\r\n     style=\"display:block\"\r\n     data-ad-client=\"ca-pub-8585364105181520\"\r\n     data-ad-slot=\"8789329856\"\r\n     data-ad-format=\"auto\"\r\n     data-full-width-responsive=\"true\"><\/ins>\r\n<script>\r\n     (adsbygoogle = window.adsbygoogle || []).push({});\r\n<\/script>\n<\/div>\n<h2>A Prepara\u00e7\u00e3o da FAMPA para a Competi\u00e7\u00e3o<\/h2>\n<p>A contagem regressiva para a 1\u00aa Copa Mestre Sardinha j\u00e1 est\u00e1 em andamento, com o evento agendado para este domingo, 30 de agosto, no Campo do Tud\u00e3o, na Vila de Abrantes. A Associa\u00e7\u00e3o Cultural Fanfarra Municipal Popular de Abrantes (FAMPA) se encontra em um intenso per\u00edodo de ensaios, com foco em se apresentar da melhor forma poss\u00edvel. Na \u00faltima sexta-feira, 28 de agosto, a equipe realizou um treinamento na quadra da Pra\u00e7a da Matriz, onde puderam demonstrar seu talento e dedica\u00e7\u00e3o.<\/p>\n<p>Os participantes, munidos de instrumentos afinados e disciplina, trabalham em sincronia para preparar uma performance que promete surpreender o p\u00fablico. Durante os ensaios, muitos transeuntes pararam para observar, ansiosos pelo espet\u00e1culo que est\u00e1 por vir. A dedica\u00e7\u00e3o da FAMPA \u00e9 um reflexo do compromisso em representar a Vila de Abrantes em grande estilo, destacando n\u00e3o s\u00f3 as capacidades dos seus membros, mas tamb\u00e9m a cultura local.<\/p>\n<h2>Import\u00e2ncia da Cultura Popular em Vila de Abrantes<\/h2>\n<p>A cultura popular desempenha um papel vital na forma\u00e7\u00e3o da identidade de um povo, e em Vila de Abrantes n\u00e3o \u00e9 diferente. A pr\u00e1tica musical, em especial com fanfarras e bandas, ajuda a moldar o futuro de crian\u00e7as e jovens da comunidade. Este evento n\u00e3o s\u00f3 celebra a m\u00fasica, mas tamb\u00e9m promove valores como disciplina, trabalho em equipe e aprecia\u00e7\u00e3o da arte.<\/p>\n<p><img decoding=\"async\" src=\"https:\/\/www.encontracamacari.com.br\/sobre\/wp-content\/uploads\/2026\/08\/fampa-intensifica-preparacao-para-a-1-copa-mestre-sardinha-em-vila-de-abrantes.webp\" alt=\"1\u00aa Copa Mestre Sardinha em Vila de Abrantes\" loading=\"lazy\" \/><\/p>\n<p>Eventos como a 1\u00aa Copa Mestre Sardinha s\u00e3o fundamentais para ressaltar a import\u00e2ncia da cultura na vida da comunidade, servindo como uma plataforma que possibilita a jovens talentos a oportunidade de mostrar suas habilidades. Al\u00e9m disso, esses encontros favorecem a integra\u00e7\u00e3o social e a valoriza\u00e7\u00e3o da cultura local, refletindo a riqueza e a diversidade da comunidade de Abrantes.<\/p>\n<h2>O Que Esperar da 1\u00aa Copa Mestre Sardinha<\/h2>\n<p>Este evento promissor reunir\u00e1 um total de 18 bandas e fanfarras de diversas localidades, incluindo Cama\u00e7ari, Salvador, Dias d\u2019\u00c1vila e v\u00e1rias cidades da Bahia, criando uma atmosfera de competi\u00e7\u00e3o saud\u00e1vel e enriquecedora. As bandas participar\u00e3o de diferentes categorias, classificadas de acordo com os n\u00edveis V, VI, VII e VIII musical, garantindo que todos os grupos tenham a chance de se destacar de acordo com suas qualifica\u00e7\u00f5es.<\/p>\n<p>A programa\u00e7\u00e3o do evento ser\u00e1 variada, incluindo apresenta\u00e7\u00f5es competitivas e segundos momentos voltados ao entretenimento e cultura. \u00c9 uma \u00f3tima oportunidade para celebrar a m\u00fasica e as tradi\u00e7\u00f5es locais.<\/p>\n<h2>Grupos Participantes e Suas Categorias<\/h2>\n<p>Os grupos que participar\u00e3o da Copa s\u00e3o uma rica representa\u00e7\u00e3o da diversidade cultural da regi\u00e3o. Eles ser\u00e3o divididos em categorias apropriadas, permitindo que cada uma das fanfarras mostre suas capacidades em conformidade com as exig\u00eancias musicais. As categorias incluem:<\/p>\n<ul>\n<li><strong>N\u00edvel V:<\/strong> Iniciantes que est\u00e3o come\u00e7ando a entrar no mundo das fanfarras.<\/li>\n<li><strong>N\u00edvel VI:<\/strong> Grupos com algum tempo de experi\u00eancia.<\/li>\n<li><strong>N\u00edvel VII:<\/strong> Bandas mais avan\u00e7adas que j\u00e1 conquistaram reconhecimento.<\/li>\n<li><strong>N\u00edvel VIII:<\/strong> Os melhores grupos da competi\u00e7\u00e3o, com performances de destaque.<\/li>\n<\/ul>\n<h2>Programa\u00e7\u00e3o do Evento: Hor\u00e1rios e Atra\u00e7\u00f5es<\/h2>\n<p>A 1\u00aa Copa Mestre Sardinha come\u00e7a \u00e0s 10h, com diversas atividades ao longo do dia. A primeira apresenta\u00e7\u00e3o competitiva est\u00e1 marcada para iniciar \u00e0s 12h40. Espera-se uma programa\u00e7\u00e3o repleta de surpresas e atra\u00e7\u00f5es, que incluir\u00e1 tamb\u00e9m participa\u00e7\u00f5es especiais de grupos renomados como a BAMSAJ de Santo Amaro e o Grupo Cultural Boi Bonito de Abrantes.<\/p><div class=\"2410bb7248a64bb1f71103797e0f239b\" data-index=\"2\" style=\"float: none; margin:0px;\">\n<ins class=\"adsbygoogle\"\r\n     style=\"display:block; text-align:center;\"\r\n     data-ad-layout=\"in-article\"\r\n     data-ad-format=\"fluid\"\r\n     data-ad-client=\"ca-pub-8585364105181520\"\r\n     data-ad-slot=\"2899217073\"><\/ins>\r\n<script>\r\n     (adsbygoogle = window.adsbygoogle || []).push({});\r\n<\/script>\r\n\r\n<\/br><\/br>\n<\/div>\n\n<p>A presen\u00e7a de autoridades e l\u00edderes comunit\u00e1rios vai enriquecer ainda mais o evento, promovendo a import\u00e2ncia do esporte e da cultura na vida da comunidade. Promovido pelo Instituto Art\u2019Vila e pela FAMPA, o evento se torna n\u00e3o apenas uma competi\u00e7\u00e3o, mas um verdadeiro festival cultural.<\/p>\n<h2>Homenagem a Mestre Sardinha<\/h2>\n<p>Intitulada em homenagem a Mestre Sardinha, ou Jonas da Concei\u00e7\u00e3o, a Copa carrega um significado especial para a comunidade. Mestre Sardinha foi uma figura ic\u00f4nica na cultura popular da Vila, cuja contribui\u00e7\u00e3o para a m\u00fasica e a educa\u00e7\u00e3o cultural deixou um legado significativo. A homenagem vai al\u00e9m da competi\u00e7\u00e3o, ressaltando a import\u00e2ncia de relembrar e valorizar aqueles que contribu\u00edram para a constru\u00e7\u00e3o da identidade cultural local.<\/p>\n<h2>Impacto da M\u00fasica na Comunidade<\/h2>\n<p>A m\u00fasica desempenha um papel fundamental no desenvolvimento social e emocional de crian\u00e7as e jovens. A participa\u00e7\u00e3o em grupos musicais ajuda a estimular habilidades como o trabalho em equipe, a responsabilidade e a criatividade. Al\u00e9m disso, esses grupos trazem um senso de pertencimento e comunidade, vital para o bem-estar e o crescimento individual.<\/p>\n<p>Com a realiza\u00e7\u00e3o de eventos como a Copa Mestre Sardinha, a expectativa \u00e9 que mais jovens se sintam incentivados a se envolverem nas atividades culturais, ampliando suas experi\u00eancias e conhecimentos por meio da m\u00fasica.<\/p>\n<h2>Convite \u00e0 Comunidade e Expectativas do Evento<\/h2>\n<p>A comunidade de Vila de Abrantes e regi\u00f5es circunvizinhas est\u00e1 convidada a comparecer ao Campo do Tud\u00e3o para a celebra\u00e7\u00e3o deste evento cultural. A expectativa \u00e9 que o p\u00fablico compare\u00e7a em grande n\u00famero para apoiar a FAMPA e todos os grupos participantes. A energia e a paix\u00e3o pela m\u00fasica ser\u00e3o palp\u00e1veis ao longo de toda a competi\u00e7\u00e3o, com promessas de um grande espet\u00e1culo.<\/p>\n<p>As melhores performances, com certeza, ser\u00e3o aplaudidas, e a camaradagem entre os membros das bandas servir\u00e1 para mostrar que, apesar da competi\u00e7\u00e3o, o que prevalece \u00e9 a uni\u00e3o e o amor pela m\u00fasica.<\/p>\n<h2>Como a Prefeitura e Outras Entidades Apoiam o Evento<\/h2>\n<p>A realiza\u00e7\u00e3o deste importante evento cultural \u00e9 viabilizada com o apoio da Prefeitura de Cama\u00e7ari e de outras entidades, como a Liga Cultural de Bandas Marciais da Bahia (LICBAMBA), Instituto Art\u2019Vila, e a Liga Brasileira de Bandas e Fanfarras (LBF). O envolvimento destes \u00f3rg\u00e3os \u00e9 crucial para o sucesso de iniciativas que contribuem para promover a cultura local e fomentar talentos art\u00edsticos nas comunidades.<\/p>\n<p>O apoio governamental e a participa\u00e7\u00e3o de diversas institui\u00e7\u00f5es mostram que a valoriza\u00e7\u00e3o da cultura continua a ser uma prioridade, e que a m\u00fasica pode ser uma poderosa ferramenta de transforma\u00e7\u00e3o social.<\/p>\n<h2>O Legado Cultural na Juventude de Vila de Abrantes<\/h2>\n<p>O legado cultural deixado por figuras como Mestre Sardinha \u00e9 um convite para as novas gera\u00e7\u00f5es a se conectarem com suas ra\u00edzes. A m\u00fasica e a tradi\u00e7\u00e3o das fanfarras n\u00e3o s\u00e3o apenas entretenimento; s\u00e3o um meio de transmiss\u00e3o de saberes, valores e hist\u00f3ria. Com eventos que d\u00e3o visibilidade aos talentos locais, a esperan\u00e7a \u00e9 que essa hist\u00f3ria continue a ser contada e apreciada por muitos anos.<\/p>\n<p>A participa\u00e7\u00e3o em competi\u00e7\u00f5es e festivais culturais ajuda a manter viva a tradi\u00e7\u00e3o musical em Vila de Abrantes, e \u00e9 parte fundamental do desenvolvimento da identidade cultural dos jovens da regi\u00e3o. Eles s\u00e3o os cust\u00f3dios do legado de suas comunidades e t\u00eam o poder de moldar o futuro da cultura local.<\/p>\n<div class=\"2410bb7248a64bb1f71103797e0f239b\" data-index=\"3\" style=\"float: none; margin:0px;\">\n<\/br><\/br>\r\n\r\n<ins class=\"adsbygoogle\"\r\n     style=\"display:block\"\r\n     data-ad-format=\"fluid\"\r\n     data-ad-layout-key=\"-63+do+n-1s+9e\"\r\n     data-ad-client=\"ca-pub-8585364105181520\"\r\n     data-ad-slot=\"6838462089\"><\/ins>\r\n<script>\r\n     (adsbygoogle = window.adsbygoogle || []).push({});\r\n<\/script>\n<\/div>\n\n<div style=\"font-size: 0px; height: 0px; line-height: 0px; margin: 0; padding: 0; clear: both;\"><\/div>","protected":false},"excerpt":{"rendered":"<p>1\u00aa Copa Mestre Sardinha promete movimentar Vila de Abrantes neste domingo!<\/p>\n","protected":false},"author":1,"featured_media":1860,"comment_status":"open","ping_status":"closed","sticky":false,"template":"","format":"standard","meta":{"footnotes":""},"categories":[1],"tags":[],"class_list":["post-1861","post","type-post","status-publish","format-standard","has-post-thumbnail","hentry","category-noticias-em-camacari","has_thumb"],"aioseo_notices":[],"aioseo_head":"\n\t\t<!-- All in One SEO 5.0.0.1 - aioseo.com -->\n\t<meta name=\"description\" content=\"1\u00aa Copa Mestre Sardinha promete movimentar Vila de Abrantes neste domingo!\" \/>\n\t<meta name=\"robots\" content=\"max-image-preview:large\" \/>\n\t<meta name=\"author\" content=\"Encontra Cama\u00e7ari\"\/>\n\t<link rel=\"canonical\" href=\"https:\/\/www.encontracamacari.com.br\/sobre\/fampa-intensifica-preparacao-para-a-1a-copa-mestre-sardinha-em-vila-de-abrantes\/\" \/>\n\t<meta name=\"generator\" content=\"All in One SEO (AIOSEO) 5.0.0.1\" \/>\n\t\t<meta property=\"og:locale\" content=\"pt_BR\" \/>\n\t\t<meta property=\"og:site_name\" content=\"Encontra Cama\u00e7ari - Not\u00edcias, eventos, informa\u00e7\u00f5es e dicas na cidade de Cama\u00e7ari e regi\u00e3o.\" \/>\n\t\t<meta property=\"og:type\" content=\"article\" \/>\n\t\t<meta property=\"og:title\" content=\"FAMPA intensifica prepara\u00e7\u00e3o para a 1\u00aa Copa Mestre Sardinha em Vila de Abrantes - Encontra Cama\u00e7ari\" \/>\n\t\t<meta property=\"og:description\" content=\"1\u00aa Copa Mestre Sardinha promete movimentar Vila de Abrantes neste domingo!\" \/>\n\t\t<meta property=\"og:url\" content=\"https:\/\/www.encontracamacari.com.br\/sobre\/fampa-intensifica-preparacao-para-a-1a-copa-mestre-sardinha-em-vila-de-abrantes\/\" \/>\n\t\t<meta property=\"article:published_time\" content=\"2026-08-30T10:20:44+00:00\" \/>\n\t\t<meta property=\"article:modified_time\" content=\"2026-08-30T10:20:44+00:00\" \/>\n\t\t<meta name=\"twitter:card\" content=\"summary_large_image\" \/>\n\t\t<meta name=\"twitter:title\" content=\"FAMPA intensifica prepara\u00e7\u00e3o para a 1\u00aa Copa Mestre Sardinha em Vila de Abrantes - Encontra Cama\u00e7ari\" \/>\n\t\t<meta name=\"twitter:description\" content=\"1\u00aa Copa Mestre Sardinha promete movimentar Vila de Abrantes neste domingo!\" \/>\n\t\t<script type=\"application\/ld+json\" class=\"aioseo-schema\">\n\t\t\t{\"@context\":\"https:\\\/\\\/schema.org\",\"@graph\":[{\"@type\":\"BlogPosting\",\"@id\":\"https:\\\/\\\/www.encontracamacari.com.br\\\/sobre\\\/fampa-intensifica-preparacao-para-a-1a-copa-mestre-sardinha-em-vila-de-abrantes\\\/#blogposting\",\"name\":\"FAMPA intensifica prepara\\u00e7\\u00e3o para a 1\\u00aa Copa Mestre Sardinha em Vila de Abrantes - Encontra Cama\\u00e7ari\",\"headline\":\"FAMPA intensifica prepara\\u00e7\\u00e3o para a 1\\u00aa Copa Mestre Sardinha em Vila de Abrantes\",\"author\":{\"@id\":\"https:\\\/\\\/www.encontracamacari.com.br\\\/sobre\\\/author\\\/ecamacari\\\/#author\"},\"publisher\":{\"@id\":\"https:\\\/\\\/www.encontracamacari.com.br\\\/sobre\\\/#organization\"},\"image\":{\"@type\":\"ImageObject\",\"url\":\"https:\\\/\\\/www.encontracamacari.com.br\\\/sobre\\\/wp-content\\\/uploads\\\/2026\\\/08\\\/fampa-intensifica-preparacao-para-a-1-copa-mestre-sardinha-em-vila-de-abrantes.webp\",\"width\":280,\"height\":280,\"caption\":\"1\\u00aa Copa Mestre Sardinha em Vila de Abrantes\"},\"datePublished\":\"2026-08-30T10:20:44+00:00\",\"dateModified\":\"2026-08-30T10:20:44+00:00\",\"inLanguage\":\"pt-BR\",\"mainEntityOfPage\":{\"@id\":\"https:\\\/\\\/www.encontracamacari.com.br\\\/sobre\\\/fampa-intensifica-preparacao-para-a-1a-copa-mestre-sardinha-em-vila-de-abrantes\\\/#webpage\"},\"isPartOf\":{\"@id\":\"https:\\\/\\\/www.encontracamacari.com.br\\\/sobre\\\/fampa-intensifica-preparacao-para-a-1a-copa-mestre-sardinha-em-vila-de-abrantes\\\/#webpage\"},\"articleSection\":\"Not\\u00edcias Cama\\u00e7ari\"},{\"@type\":\"BreadcrumbList\",\"@id\":\"https:\\\/\\\/www.encontracamacari.com.br\\\/sobre\\\/fampa-intensifica-preparacao-para-a-1a-copa-mestre-sardinha-em-vila-de-abrantes\\\/#breadcrumblist\",\"itemListElement\":[{\"@type\":\"ListItem\",\"@id\":\"https:\\\/\\\/www.encontracamacari.com.br\\\/sobre#listItem\",\"position\":1,\"name\":\"Home\",\"item\":\"https:\\\/\\\/www.encontracamacari.com.br\\\/sobre\",\"nextItem\":{\"@type\":\"ListItem\",\"@id\":\"https:\\\/\\\/www.encontracamacari.com.br\\\/sobre\\\/noticias-em-camacari\\\/#listItem\",\"name\":\"Not\\u00edcias Cama\\u00e7ari\"}},{\"@type\":\"ListItem\",\"@id\":\"https:\\\/\\\/www.encontracamacari.com.br\\\/sobre\\\/noticias-em-camacari\\\/#listItem\",\"position\":2,\"name\":\"Not\\u00edcias Cama\\u00e7ari\",\"item\":\"https:\\\/\\\/www.encontracamacari.com.br\\\/sobre\\\/noticias-em-camacari\\\/\",\"nextItem\":{\"@type\":\"ListItem\",\"@id\":\"https:\\\/\\\/www.encontracamacari.com.br\\\/sobre\\\/fampa-intensifica-preparacao-para-a-1a-copa-mestre-sardinha-em-vila-de-abrantes\\\/#listItem\",\"name\":\"FAMPA intensifica prepara\\u00e7\\u00e3o para a 1\\u00aa Copa Mestre Sardinha em Vila de Abrantes\"},\"previousItem\":{\"@type\":\"ListItem\",\"@id\":\"https:\\\/\\\/www.encontracamacari.com.br\\\/sobre#listItem\",\"name\":\"Home\"}},{\"@type\":\"ListItem\",\"@id\":\"https:\\\/\\\/www.encontracamacari.com.br\\\/sobre\\\/fampa-intensifica-preparacao-para-a-1a-copa-mestre-sardinha-em-vila-de-abrantes\\\/#listItem\",\"position\":3,\"name\":\"FAMPA intensifica prepara\\u00e7\\u00e3o para a 1\\u00aa Copa Mestre Sardinha em Vila de Abrantes\",\"previousItem\":{\"@type\":\"ListItem\",\"@id\":\"https:\\\/\\\/www.encontracamacari.com.br\\\/sobre\\\/noticias-em-camacari\\\/#listItem\",\"name\":\"Not\\u00edcias Cama\\u00e7ari\"}}]},{\"@type\":\"Organization\",\"@id\":\"https:\\\/\\\/www.encontracamacari.com.br\\\/sobre\\\/#organization\",\"name\":\"Encontra Cama\\u00e7ari\",\"description\":\"Not\\u00edcias, eventos, informa\\u00e7\\u00f5es e dicas na cidade de Cama\\u00e7ari e regi\\u00e3o.\",\"url\":\"https:\\\/\\\/www.encontracamacari.com.br\\\/sobre\\\/\"},{\"@type\":\"Person\",\"@id\":\"https:\\\/\\\/www.encontracamacari.com.br\\\/sobre\\\/author\\\/ecamacari\\\/#author\",\"url\":\"https:\\\/\\\/www.encontracamacari.com.br\\\/sobre\\\/author\\\/ecamacari\\\/\",\"name\":\"Encontra Cama\\u00e7ari\",\"image\":{\"@type\":\"ImageObject\",\"@id\":\"https:\\\/\\\/www.encontracamacari.com.br\\\/sobre\\\/fampa-intensifica-preparacao-para-a-1a-copa-mestre-sardinha-em-vila-de-abrantes\\\/#authorImage\",\"url\":\"https:\\\/\\\/secure.gravatar.com\\\/avatar\\\/507340682b8270222e1f208e23198b6ae7e2c6a1033ae84e99bc6bce4f82a387?s=96&d=mm&r=g\",\"width\":96,\"height\":96,\"caption\":\"Encontra Cama\\u00e7ari\"}},{\"@type\":\"WebPage\",\"@id\":\"https:\\\/\\\/www.encontracamacari.com.br\\\/sobre\\\/fampa-intensifica-preparacao-para-a-1a-copa-mestre-sardinha-em-vila-de-abrantes\\\/#webpage\",\"url\":\"https:\\\/\\\/www.encontracamacari.com.br\\\/sobre\\\/fampa-intensifica-preparacao-para-a-1a-copa-mestre-sardinha-em-vila-de-abrantes\\\/\",\"name\":\"FAMPA intensifica prepara\\u00e7\\u00e3o para a 1\\u00aa Copa Mestre Sardinha em Vila de Abrantes - Encontra Cama\\u00e7ari\",\"description\":\"1\\u00aa Copa Mestre Sardinha promete movimentar Vila de Abrantes neste domingo!\",\"inLanguage\":\"pt-BR\",\"isPartOf\":{\"@id\":\"https:\\\/\\\/www.encontracamacari.com.br\\\/sobre\\\/#website\"},\"breadcrumb\":{\"@id\":\"https:\\\/\\\/www.encontracamacari.com.br\\\/sobre\\\/fampa-intensifica-preparacao-para-a-1a-copa-mestre-sardinha-em-vila-de-abrantes\\\/#breadcrumblist\"},\"author\":{\"@id\":\"https:\\\/\\\/www.encontracamacari.com.br\\\/sobre\\\/author\\\/ecamacari\\\/#author\"},\"creator\":{\"@id\":\"https:\\\/\\\/www.encontracamacari.com.br\\\/sobre\\\/author\\\/ecamacari\\\/#author\"},\"image\":{\"@type\":\"ImageObject\",\"url\":\"https:\\\/\\\/www.encontracamacari.com.br\\\/sobre\\\/wp-content\\\/uploads\\\/2026\\\/08\\\/fampa-intensifica-preparacao-para-a-1-copa-mestre-sardinha-em-vila-de-abrantes.webp\",\"@id\":\"https:\\\/\\\/www.encontracamacari.com.br\\\/sobre\\\/fampa-intensifica-preparacao-para-a-1a-copa-mestre-sardinha-em-vila-de-abrantes\\\/#mainImage\",\"width\":280,\"height\":280,\"caption\":\"1\\u00aa Copa Mestre Sardinha em Vila de Abrantes\"},\"primaryImageOfPage\":{\"@id\":\"https:\\\/\\\/www.encontracamacari.com.br\\\/sobre\\\/fampa-intensifica-preparacao-para-a-1a-copa-mestre-sardinha-em-vila-de-abrantes\\\/#mainImage\"},\"datePublished\":\"2026-08-30T10:20:44+00:00\",\"dateModified\":\"2026-08-30T10:20:44+00:00\"},{\"@type\":\"WebSite\",\"@id\":\"https:\\\/\\\/www.encontracamacari.com.br\\\/sobre\\\/#website\",\"url\":\"https:\\\/\\\/www.encontracamacari.com.br\\\/sobre\\\/\",\"name\":\"Encontra Cama\\u00e7ari\",\"description\":\"Not\\u00edcias, eventos, informa\\u00e7\\u00f5es e dicas na cidade de Cama\\u00e7ari e regi\\u00e3o.\",\"inLanguage\":\"pt-BR\",\"publisher\":{\"@id\":\"https:\\\/\\\/www.encontracamacari.com.br\\\/sobre\\\/#organization\"}}]}\n\t\t<\/script>\n\t\t<!-- All in One SEO -->\n\n","aioseo_head_json":{"title":"FAMPA intensifica prepara\u00e7\u00e3o para a 1\u00aa Copa Mestre Sardinha em Vila de Abrantes - Encontra Cama\u00e7ari","description":"1\u00aa Copa Mestre Sardinha promete movimentar Vila de Abrantes neste domingo!","canonical_url":"https:\/\/www.encontracamacari.com.br\/sobre\/fampa-intensifica-preparacao-para-a-1a-copa-mestre-sardinha-em-vila-de-abrantes\/","robots":"max-image-preview:large","keywords":"","webmasterTools":{"miscellaneous":""},"schema":{"@context":"https:\/\/schema.org","@graph":[{"@type":"BlogPosting","@id":"https:\/\/www.encontracamacari.com.br\/sobre\/fampa-intensifica-preparacao-para-a-1a-copa-mestre-sardinha-em-vila-de-abrantes\/#blogposting","name":"FAMPA intensifica prepara\u00e7\u00e3o para a 1\u00aa Copa Mestre Sardinha em Vila de Abrantes - Encontra Cama\u00e7ari","headline":"FAMPA intensifica prepara\u00e7\u00e3o para a 1\u00aa Copa Mestre Sardinha em Vila de Abrantes","author":{"@id":"https:\/\/www.encontracamacari.com.br\/sobre\/author\/ecamacari\/#author"},"publisher":{"@id":"https:\/\/www.encontracamacari.com.br\/sobre\/#organization"},"image":{"@type":"ImageObject","url":"https:\/\/www.encontracamacari.com.br\/sobre\/wp-content\/uploads\/2026\/08\/fampa-intensifica-preparacao-para-a-1-copa-mestre-sardinha-em-vila-de-abrantes.webp","width":280,"height":280,"caption":"1\u00aa Copa Mestre Sardinha em Vila de Abrantes"},"datePublished":"2026-08-30T10:20:44+00:00","dateModified":"2026-08-30T10:20:44+00:00","inLanguage":"pt-BR","mainEntityOfPage":{"@id":"https:\/\/www.encontracamacari.com.br\/sobre\/fampa-intensifica-preparacao-para-a-1a-copa-mestre-sardinha-em-vila-de-abrantes\/#webpage"},"isPartOf":{"@id":"https:\/\/www.encontracamacari.com.br\/sobre\/fampa-intensifica-preparacao-para-a-1a-copa-mestre-sardinha-em-vila-de-abrantes\/#webpage"},"articleSection":"Not\u00edcias Cama\u00e7ari"},{"@type":"BreadcrumbList","@id":"https:\/\/www.encontracamacari.com.br\/sobre\/fampa-intensifica-preparacao-para-a-1a-copa-mestre-sardinha-em-vila-de-abrantes\/#breadcrumblist","itemListElement":[{"@type":"ListItem","@id":"https:\/\/www.encontracamacari.com.br\/sobre#listItem","position":1,"name":"Home","item":"https:\/\/www.encontracamacari.com.br\/sobre","nextItem":{"@type":"ListItem","@id":"https:\/\/www.encontracamacari.com.br\/sobre\/noticias-em-camacari\/#listItem","name":"Not\u00edcias Cama\u00e7ari"}},{"@type":"ListItem","@id":"https:\/\/www.encontracamacari.com.br\/sobre\/noticias-em-camacari\/#listItem","position":2,"name":"Not\u00edcias Cama\u00e7ari","item":"https:\/\/www.encontracamacari.com.br\/sobre\/noticias-em-camacari\/","nextItem":{"@type":"ListItem","@id":"https:\/\/www.encontracamacari.com.br\/sobre\/fampa-intensifica-preparacao-para-a-1a-copa-mestre-sardinha-em-vila-de-abrantes\/#listItem","name":"FAMPA intensifica prepara\u00e7\u00e3o para a 1\u00aa Copa Mestre Sardinha em Vila de Abrantes"},"previousItem":{"@type":"ListItem","@id":"https:\/\/www.encontracamacari.com.br\/sobre#listItem","name":"Home"}},{"@type":"ListItem","@id":"https:\/\/www.encontracamacari.com.br\/sobre\/fampa-intensifica-preparacao-para-a-1a-copa-mestre-sardinha-em-vila-de-abrantes\/#listItem","position":3,"name":"FAMPA intensifica prepara\u00e7\u00e3o para a 1\u00aa Copa Mestre Sardinha em Vila de Abrantes","previousItem":{"@type":"ListItem","@id":"https:\/\/www.encontracamacari.com.br\/sobre\/noticias-em-camacari\/#listItem","name":"Not\u00edcias Cama\u00e7ari"}}]},{"@type":"Organization","@id":"https:\/\/www.encontracamacari.com.br\/sobre\/#organization","name":"Encontra Cama\u00e7ari","description":"Not\u00edcias, eventos, informa\u00e7\u00f5es e dicas na cidade de Cama\u00e7ari e regi\u00e3o.","url":"https:\/\/www.encontracamacari.com.br\/sobre\/"},{"@type":"Person","@id":"https:\/\/www.encontracamacari.com.br\/sobre\/author\/ecamacari\/#author","url":"https:\/\/www.encontracamacari.com.br\/sobre\/author\/ecamacari\/","name":"Encontra Cama\u00e7ari","image":{"@type":"ImageObject","@id":"https:\/\/www.encontracamacari.com.br\/sobre\/fampa-intensifica-preparacao-para-a-1a-copa-mestre-sardinha-em-vila-de-abrantes\/#authorImage","url":"https:\/\/secure.gravatar.com\/avatar\/507340682b8270222e1f208e23198b6ae7e2c6a1033ae84e99bc6bce4f82a387?s=96&d=mm&r=g","width":96,"height":96,"caption":"Encontra Cama\u00e7ari"}},{"@type":"WebPage","@id":"https:\/\/www.encontracamacari.com.br\/sobre\/fampa-intensifica-preparacao-para-a-1a-copa-mestre-sardinha-em-vila-de-abrantes\/#webpage","url":"https:\/\/www.encontracamacari.com.br\/sobre\/fampa-intensifica-preparacao-para-a-1a-copa-mestre-sardinha-em-vila-de-abrantes\/","name":"FAMPA intensifica prepara\u00e7\u00e3o para a 1\u00aa Copa Mestre Sardinha em Vila de Abrantes - Encontra Cama\u00e7ari","description":"1\u00aa Copa Mestre Sardinha promete movimentar Vila de Abrantes neste domingo!","inLanguage":"pt-BR","isPartOf":{"@id":"https:\/\/www.encontracamacari.com.br\/sobre\/#website"},"breadcrumb":{"@id":"https:\/\/www.encontracamacari.com.br\/sobre\/fampa-intensifica-preparacao-para-a-1a-copa-mestre-sardinha-em-vila-de-abrantes\/#breadcrumblist"},"author":{"@id":"https:\/\/www.encontracamacari.com.br\/sobre\/author\/ecamacari\/#author"},"creator":{"@id":"https:\/\/www.encontracamacari.com.br\/sobre\/author\/ecamacari\/#author"},"image":{"@type":"ImageObject","url":"https:\/\/www.encontracamacari.com.br\/sobre\/wp-content\/uploads\/2026\/08\/fampa-intensifica-preparacao-para-a-1-copa-mestre-sardinha-em-vila-de-abrantes.webp","@id":"https:\/\/www.encontracamacari.com.br\/sobre\/fampa-intensifica-preparacao-para-a-1a-copa-mestre-sardinha-em-vila-de-abrantes\/#mainImage","width":280,"height":280,"caption":"1\u00aa Copa Mestre Sardinha em Vila de Abrantes"},"primaryImageOfPage":{"@id":"https:\/\/www.encontracamacari.com.br\/sobre\/fampa-intensifica-preparacao-para-a-1a-copa-mestre-sardinha-em-vila-de-abrantes\/#mainImage"},"datePublished":"2026-08-30T10:20:44+00:00","dateModified":"2026-08-30T10:20:44+00:00"},{"@type":"WebSite","@id":"https:\/\/www.encontracamacari.com.br\/sobre\/#website","url":"https:\/\/www.encontracamacari.com.br\/sobre\/","name":"Encontra Cama\u00e7ari","description":"Not\u00edcias, eventos, informa\u00e7\u00f5es e dicas na cidade de Cama\u00e7ari e regi\u00e3o.","inLanguage":"pt-BR","publisher":{"@id":"https:\/\/www.encontracamacari.com.br\/sobre\/#organization"}}]},"og:locale":"pt_BR","og:site_name":"Encontra Cama\u00e7ari - Not\u00edcias, eventos, informa\u00e7\u00f5es e dicas na cidade de Cama\u00e7ari e regi\u00e3o.","og:type":"article","og:title":"FAMPA intensifica prepara\u00e7\u00e3o para a 1\u00aa Copa Mestre Sardinha em Vila de Abrantes - Encontra Cama\u00e7ari","og:description":"1\u00aa Copa Mestre Sardinha promete movimentar Vila de Abrantes neste domingo!","og:url":"https:\/\/www.encontracamacari.com.br\/sobre\/fampa-intensifica-preparacao-para-a-1a-copa-mestre-sardinha-em-vila-de-abrantes\/","article:published_time":"2026-08-30T10:20:44+00:00","article:modified_time":"2026-08-30T10:20:44+00:00","twitter:card":"summary_large_image","twitter:title":"FAMPA intensifica prepara\u00e7\u00e3o para a 1\u00aa Copa Mestre Sardinha em Vila de Abrantes - Encontra Cama\u00e7ari","twitter:description":"1\u00aa Copa Mestre Sardinha promete movimentar Vila de Abrantes neste domingo!"},"aioseo_meta_data":{"post_id":"1861","title":null,"description":null,"keywords":null,"keyphrases":null,"primary_term":null,"canonical_url":null,"og_title":null,"og_description":null,"og_object_type":"default","og_image_type":"default","og_image_url":null,"og_image_width":null,"og_image_height":null,"og_image_custom_url":null,"og_image_custom_fields":null,"og_video":null,"og_custom_url":null,"og_article_section":null,"og_article_tags":null,"twitter_use_og":false,"twitter_card":"default","twitter_image_type":"default","twitter_image_url":null,"twitter_image_custom_url":null,"twitter_image_custom_fields":null,"twitter_title":null,"twitter_description":null,"schema":{"blockGraphs":[],"customGraphs":[],"default":{"data":{"Article":[],"Course":[],"Dataset":[],"FAQPage":[],"Movie":[],"Person":[],"Product":[],"ProductReview":[],"Car":[],"Recipe":[],"Service":[],"SoftwareApplication":[],"WebPage":[]},"graphName":"BlogPosting","isEnabled":true},"graphs":[]},"schema_type":"default","schema_type_options":null,"pillar_content":false,"robots_default":true,"robots_noindex":false,"robots_noarchive":false,"robots_nosnippet":false,"robots_nofollow":false,"robots_noimageindex":false,"robots_noodp":false,"robots_notranslate":false,"robots_max_snippet":null,"robots_max_videopreview":null,"robots_max_imagepreview":"large","priority":null,"frequency":null,"local_seo":null,"limit_modified_date":false,"created":"2026-08-30 10:20:44","updated":"2026-08-30 11:15:05","focus_keyword":null,"additional_keywords":null,"truseo_locale":null,"ai":null,"breadcrumb_settings":null,"seo_analyzer_scan_date":null},"aioseo_breadcrumb":"<div class=\"aioseo-breadcrumbs\"><span class=\"aioseo-breadcrumb\">\n\t\t\t<a href=\"https:\/\/www.encontracamacari.com.br\/sobre\" title=\"Home\">Home<\/a>\n\t\t<\/span><span class=\"aioseo-breadcrumb-separator\">&raquo;<\/span><span class=\"aioseo-breadcrumb\">\n\t\t\t<a href=\"https:\/\/www.encontracamacari.com.br\/sobre\/noticias-em-camacari\/\" title=\"Not\u00edcias Cama\u00e7ari\">Not\u00edcias Cama\u00e7ari<\/a>\n\t\t<\/span><span class=\"aioseo-breadcrumb-separator\">&raquo;<\/span><span class=\"aioseo-breadcrumb\">\n\t\t\tFAMPA intensifica prepara\u00e7\u00e3o para a 1\u00aa Copa Mestre Sardinha em Vila de Abrantes\n\t\t<\/span><\/div>","aioseo_breadcrumb_json":[{"label":"Home","link":"https:\/\/www.encontracamacari.com.br\/sobre"},{"label":"Not\u00edcias Cama\u00e7ari","link":"https:\/\/www.encontracamacari.com.br\/sobre\/noticias-em-camacari\/"},{"label":"FAMPA intensifica prepara\u00e7\u00e3o para a 1\u00aa Copa Mestre Sardinha em Vila de Abrantes","link":"https:\/\/www.encontracamacari.com.br\/sobre\/fampa-intensifica-preparacao-para-a-1a-copa-mestre-sardinha-em-vila-de-abrantes\/"}],"_links":{"self":[{"href":"https:\/\/www.encontracamacari.com.br\/sobre\/wp-json\/wp\/v2\/posts\/1861","targetHints":{"allow":["GET"]}}],"collection":[{"href":"https:\/\/www.encontracamacari.com.br\/sobre\/wp-json\/wp\/v2\/posts"}],"about":[{"href":"https:\/\/www.encontracamacari.com.br\/sobre\/wp-json\/wp\/v2\/types\/post"}],"author":[{"embeddable":true,"href":"https:\/\/www.encontracamacari.com.br\/sobre\/wp-json\/wp\/v2\/users\/1"}],"replies":[{"embeddable":true,"href":"https:\/\/www.encontracamacari.com.br\/sobre\/wp-json\/wp\/v2\/comments?post=1861"}],"version-history":[{"count":0,"href":"https:\/\/www.encontracamacari.com.br\/sobre\/wp-json\/wp\/v2\/posts\/1861\/revisions"}],"wp:featuredmedia":[{"embeddable":true,"href":"https:\/\/www.encontracamacari.com.br\/sobre\/wp-json\/wp\/v2\/media\/1860"}],"wp:attachment":[{"href":"https:\/\/www.encontracamacari.com.br\/sobre\/wp-json\/wp\/v2\/media?parent=1861"}],"wp:term":[{"taxonomy":"category","embeddable":true,"href":"https:\/\/www.encontracamacari.com.br\/sobre\/wp-json\/wp\/v2\/categories?post=1861"},{"taxonomy":"post_tag","embeddable":true,"href":"https:\/\/www.encontracamacari.com.br\/sobre\/wp-json\/wp\/v2\/tags?post=1861"}],"curies":[{"name":"wp","href":"https:\/\/api.w.org\/{rel}","templated":true}]}}