{"id":1857,"date":"2026-08-30T00:48:57","date_gmt":"2026-08-30T00:48:57","guid":{"rendered":"https:\/\/www.encontracamacari.com.br\/sobre\/ivoneide-percorre-ruas-de-camacari-para-fortalecer-o-time-de-lula-e-jeronimo\/"},"modified":"2026-08-30T00:48:57","modified_gmt":"2026-08-30T00:48:57","slug":"ivoneide-percorre-ruas-de-camacari-para-fortalecer-o-time-de-lula-e-jeronimo","status":"publish","type":"post","link":"https:\/\/www.encontracamacari.com.br\/sobre\/ivoneide-percorre-ruas-de-camacari-para-fortalecer-o-time-de-lula-e-jeronimo\/","title":{"rendered":"Ivoneide percorre ruas de Cama\u00e7ari para fortalecer o time de Lula e Jer\u00f4nimo"},"content":{"rendered":"<div class=\"2410bb7248a64bb1f71103797e0f239b\" data-index=\"1\" style=\"float: none; margin:0px;\">\n<ins class=\"adsbygoogle\"\r\n     style=\"display:block\"\r\n     data-ad-client=\"ca-pub-8585364105181520\"\r\n     data-ad-slot=\"8789329856\"\r\n     data-ad-format=\"auto\"\r\n     data-full-width-responsive=\"true\"><\/ins>\r\n<script>\r\n     (adsbygoogle = window.adsbygoogle || []).push({});\r\n<\/script>\n<\/div>\n<h2>A Caravana de Ivoneide em Cama\u00e7ari<\/h2>\n<p>Na \u00faltima ter\u00e7a-feira (25), a deputada federal Ivoneide Caetano, que busca a reelei\u00e7\u00e3o pelo Partido dos Trabalhadores, realizou uma caminhada pelas ruas de Cama\u00e7ari. Essa caravana tinha o objetivo de apoiar e dar for\u00e7a ao projeto pol\u00edtico que visa promover a transforma\u00e7\u00e3o da Bahia e do Brasil sob a lideran\u00e7a do governador Jer\u00f4nimo Rodrigues e do presidente Luiz In\u00e1cio Lula da Silva. Ivoneide foi acompanhada por um grupo de apoiadores e lideran\u00e7as pol\u00edticas, incluindo o vereador e candidato a deputado estadual Tagner Cerqueira. A presen\u00e7a de figuras proeminentes na mobiliza\u00e7\u00e3o demonstra a uni\u00e3o e a for\u00e7a do partido na regi\u00e3o.<\/p>\n<h2>O Impacto das Gest\u00f5es do PT na Bahia<\/h2>\n<p>A deputada usou a ocasi\u00e3o para dialogar com a popula\u00e7\u00e3o sobre os benef\u00edcios trazidos pelas administra\u00e7\u00f5es do PT. Entre os principais pontos abordados estavam os avan\u00e7os na educa\u00e7\u00e3o, a sa\u00fade, infraestrutura, gera\u00e7\u00e3o de empregos e melhorias na mobilidade urbana. Ivoneide enfatizou que as gest\u00f5es do partido transformaram a Bahia, tornando-a uma regi\u00e3o com perspectivas renovadas e mais oportunidades para os cidad\u00e3os. Ela tamb\u00e9m destacou o papel do presidente Lula na recupera\u00e7\u00e3o do pa\u00eds ap\u00f3s per\u00edodos de crise, quando pol\u00edticas p\u00fablicas essenciais foram quase desmanteladas. A import\u00e2ncia dessas gest\u00f5es reflete a busca por uma sociedade mais justa e equitativa.<\/p>\n<h2>A Import\u00e2ncia do Apoio Pol\u00edtico Local<\/h2>\n<p>Durante a mobiliza\u00e7\u00e3o, Ivoneide frisou que a elei\u00e7\u00e3o de candidatos alinhados ao projeto do PT, como Jaques Wagner e Rui Costa para o Senado, \u00e9 crucial para garantir a governabilidade de Jer\u00f4nimo e Lula na Bahia. Uma bancada forte e coesa, composta por deputados estaduais e federais, poder\u00e1 ajudar na continuidade e expans\u00e3o das pol\u00edticas p\u00fablicas que trazem progresso para o estado. A capacidade de governar de forma eficaz requer um suporte pol\u00edtico robusto e bem articulado, que represente verdadeiramente os interesses da popula\u00e7\u00e3o.<\/p>\n<p><img decoding=\"async\" src=\"https:\/\/www.encontracamacari.com.br\/sobre\/wp-content\/uploads\/2026\/08\/ivoneide-percorre-ruas-de-camacari-para-fortalecer-o-time-de-lula-e-jeronimo.webp\" alt=\"fortalecer o time de Lula e Jer\u00f4nimo\" loading=\"lazy\" \/><\/p>\n<h2>Caminhadas Pol\u00edticas e Di\u00e1logo com a Popula\u00e7\u00e3o<\/h2>\n<p>As caminhadas pol\u00edticas realizadas por Ivoneide t\u00eam como objetivo principal a aproxima\u00e7\u00e3o com a comunidade. O di\u00e1logo aberto com a popula\u00e7\u00e3o \u00e9 fundamental para entender suas necessidades e preocupa\u00e7\u00f5es. Esse contato direto permite que as propostas e iniciativas do partido sejam aprimoradas e direcionadas a resolver quest\u00f5es palp\u00e1veis enfrentadas pelos moradores da regi\u00e3o. Al\u00e9m disso, essas intera\u00e7\u00f5es constroem uma base de apoio s\u00f3lida e engajada, essencial para campanhas eleitorais.<\/p>\n<h2>O Futuro da Educa\u00e7\u00e3o e Sa\u00fade na Bahia<\/h2>\n<p>Um dos focos principais da atua\u00e7\u00e3o do PT \u00e9 o fortalecimento das \u00e1reas de educa\u00e7\u00e3o e sa\u00fade. Ivoneide destacou a import\u00e2ncia de manter e expandir os investimentos nessas \u00e1reas. A educa\u00e7\u00e3o \u00e9 vista como um pilar fundamental para o desenvolvimento social e econ\u00f4mico, e pol\u00edticas de sa\u00fade eficazes garantem que a popula\u00e7\u00e3o tenha acesso a cuidados essenciais. Com a continuidade das gest\u00f5es do PT, a expectativa \u00e9 que mais iniciativas sejam implementadas para melhorar as condi\u00e7\u00f5es de vida da popula\u00e7\u00e3o baiana.<\/p><div class=\"2410bb7248a64bb1f71103797e0f239b\" data-index=\"2\" style=\"float: none; margin:0px;\">\n<ins class=\"adsbygoogle\"\r\n     style=\"display:block; text-align:center;\"\r\n     data-ad-layout=\"in-article\"\r\n     data-ad-format=\"fluid\"\r\n     data-ad-client=\"ca-pub-8585364105181520\"\r\n     data-ad-slot=\"2899217073\"><\/ins>\r\n<script>\r\n     (adsbygoogle = window.adsbygoogle || []).push({});\r\n<\/script>\r\n\r\n<\/br><\/br>\n<\/div>\n\n<h2>Valoriza\u00e7\u00e3o da Mobilidade Urbana em Cama\u00e7ari<\/h2>\n<p>A mobilidade urbana tamb\u00e9m foi um tema central nas discuss\u00f5es. Ivoneide salientou que melhorias nesse aspecto s\u00e3o vitais para a economia local e a qualidade de vida dos cidad\u00e3os. Investimentos em transporte p\u00fablico eficiente e infraestrutura adequada podem reduzir congestionamentos, facilitar o acesso a empregos e servi\u00e7os e promover um ambiente urbano mais sustent\u00e1vel. Projetos que visam transformar Cama\u00e7ari em uma cidade mais acess\u00edvel e integrada s\u00e3o essenciais para o desenvolvimento cont\u00ednuo da regi\u00e3o.<\/p>\n<h2>Ivoneide e a Import\u00e2ncia da Elei\u00e7\u00e3o de Outros Candidatos<\/h2>\n<p>Em sua fala, Ivoneide tamb\u00e9m enfatizou a relev\u00e2ncia de fortalecer a candidatura de outros colegas, como os postulantes ao Senado, para criar uma linha de apoio forte que beneficie a Bahia. A colabora\u00e7\u00e3o entre diferentes esferas do governo e legislativo \u00e9 fundamental para garantir que as pol\u00edticas p\u00fablicas sejam eficazes e representem as necessidades da popula\u00e7\u00e3o. Um time unido pode trazer avan\u00e7os significativos para o estado e assegurar que projetos essenciais n\u00e3o fiquem parados por falta de apoio.<\/p>\n<h2>Desafios Enfrentados pelas Gest\u00f5es Anteriores<\/h2>\n<p>Inevitavelmente, a deputada n\u00e3o deixou de mencionar os desafios enfrentados nas gest\u00f5es anteriores, especialmente durante o governo do ex-presidente Jair Bolsonaro. Ivoneide criticou as pol\u00edticas de retrocesso que prejudicaram a rede de prote\u00e7\u00e3o social e o avan\u00e7o das pol\u00edticas p\u00fablicas. A import\u00e2ncia de eleger representantes comprometidos com a constru\u00e7\u00e3o de um futuro melhor \u00e9 cada vez mais evidente. A experi\u00eancia do PT em governar e resolver crises \u00e9 um ativo que n\u00e3o pode ser subestimado.<\/p>\n<h2>Contribui\u00e7\u00f5es do PT para a Economia Local<\/h2>\n<p>A presen\u00e7a do PT na gest\u00e3o da Bahia tem proporcionado um cen\u00e1rio econ\u00f4mico mais favor\u00e1vel, com diversas iniciativas voltadas para o incentivo ao emprego e desenvolvimento de novos neg\u00f3cios. Ivoneide afirmou que as pol\u00edticas implementadas atrav\u00e9s dos governos petistas t\u00eam contribu\u00eddo para a redu\u00e7\u00e3o do desemprego, melhora na infraestrutura e atra\u00e7\u00e3o de investimentos. A\u1794\u17d2\u179a\u1780\u178e\u17d2\u178c \u0442\u0430\u0440\u0430\u0431\u044b\u043d\u0430\u043d. Cada passo positivo estimula o crescimento e garante que a Bahia se mantenha em dire\u00e7\u00e3o ao progresso.<\/p>\n<h2>Impactos da Mobiliza\u00e7\u00e3o Pol\u00edtica nas Elei\u00e7\u00f5es<\/h2>\n<p>Finalmente, a mobiliza\u00e7\u00e3o pol\u00edtica exercida por figuras como Ivoneide desempenha um papel crucial em momentos eleitorais. Mobilizar a comunidade, dialogar sobre problemas e propor solu\u00e7\u00f5es efetivas s\u00e3o maneiras de engajar o eleitorado. A capacidade de formar uma base s\u00f3lida de apoio \u00e9 um fator determinante para o sucesso nas urnas. A participa\u00e7\u00e3o ativa dos cidad\u00e3os na pol\u00edtica local \u00e9 essencial para construir um futuro que reflita suas aspira\u00e7\u00f5es e necessidades.<\/p>\n<div class=\"2410bb7248a64bb1f71103797e0f239b\" data-index=\"3\" style=\"float: none; margin:0px;\">\n<\/br><\/br>\r\n\r\n<ins class=\"adsbygoogle\"\r\n     style=\"display:block\"\r\n     data-ad-format=\"fluid\"\r\n     data-ad-layout-key=\"-63+do+n-1s+9e\"\r\n     data-ad-client=\"ca-pub-8585364105181520\"\r\n     data-ad-slot=\"6838462089\"><\/ins>\r\n<script>\r\n     (adsbygoogle = window.adsbygoogle || []).push({});\r\n<\/script>\n<\/div>\n\n<div style=\"font-size: 0px; height: 0px; line-height: 0px; margin: 0; padding: 0; clear: both;\"><\/div>","protected":false},"excerpt":{"rendered":"<p>Ivoneide Caetano percorre Cama\u00e7ari apoiando o projeto de Lula e Jer\u00f4nimo.<\/p>\n","protected":false},"author":1,"featured_media":1856,"comment_status":"open","ping_status":"closed","sticky":false,"template":"","format":"standard","meta":{"footnotes":""},"categories":[1],"tags":[],"class_list":["post-1857","post","type-post","status-publish","format-standard","has-post-thumbnail","hentry","category-noticias-em-camacari","has_thumb"],"aioseo_notices":[],"aioseo_head":"\n\t\t<!-- All in One SEO 5.0.0.1 - aioseo.com -->\n\t<meta name=\"description\" content=\"Ivoneide Caetano percorre Cama\u00e7ari apoiando o projeto de Lula e Jer\u00f4nimo.\" \/>\n\t<meta name=\"robots\" content=\"max-image-preview:large\" \/>\n\t<meta name=\"author\" content=\"Encontra Cama\u00e7ari\"\/>\n\t<link rel=\"canonical\" href=\"https:\/\/www.encontracamacari.com.br\/sobre\/ivoneide-percorre-ruas-de-camacari-para-fortalecer-o-time-de-lula-e-jeronimo\/\" \/>\n\t<meta name=\"generator\" content=\"All in One SEO (AIOSEO) 5.0.0.1\" \/>\n\t\t<meta property=\"og:locale\" content=\"pt_BR\" \/>\n\t\t<meta property=\"og:site_name\" content=\"Encontra Cama\u00e7ari - Not\u00edcias, eventos, informa\u00e7\u00f5es e dicas na cidade de Cama\u00e7ari e regi\u00e3o.\" \/>\n\t\t<meta property=\"og:type\" content=\"article\" \/>\n\t\t<meta property=\"og:title\" content=\"Ivoneide percorre ruas de Cama\u00e7ari para fortalecer o time de Lula e Jer\u00f4nimo - Encontra Cama\u00e7ari\" \/>\n\t\t<meta property=\"og:description\" content=\"Ivoneide Caetano percorre Cama\u00e7ari apoiando o projeto de Lula e Jer\u00f4nimo.\" \/>\n\t\t<meta property=\"og:url\" content=\"https:\/\/www.encontracamacari.com.br\/sobre\/ivoneide-percorre-ruas-de-camacari-para-fortalecer-o-time-de-lula-e-jeronimo\/\" \/>\n\t\t<meta property=\"article:published_time\" content=\"2026-08-30T00:48:57+00:00\" \/>\n\t\t<meta property=\"article:modified_time\" content=\"2026-08-30T00:48:57+00:00\" \/>\n\t\t<meta name=\"twitter:card\" content=\"summary_large_image\" \/>\n\t\t<meta name=\"twitter:title\" content=\"Ivoneide percorre ruas de Cama\u00e7ari para fortalecer o time de Lula e Jer\u00f4nimo - Encontra Cama\u00e7ari\" \/>\n\t\t<meta name=\"twitter:description\" content=\"Ivoneide Caetano percorre Cama\u00e7ari apoiando o projeto de Lula e Jer\u00f4nimo.\" \/>\n\t\t<script type=\"application\/ld+json\" class=\"aioseo-schema\">\n\t\t\t{\"@context\":\"https:\\\/\\\/schema.org\",\"@graph\":[{\"@type\":\"BlogPosting\",\"@id\":\"https:\\\/\\\/www.encontracamacari.com.br\\\/sobre\\\/ivoneide-percorre-ruas-de-camacari-para-fortalecer-o-time-de-lula-e-jeronimo\\\/#blogposting\",\"name\":\"Ivoneide percorre ruas de Cama\\u00e7ari para fortalecer o time de Lula e Jer\\u00f4nimo - Encontra Cama\\u00e7ari\",\"headline\":\"Ivoneide percorre ruas de Cama\\u00e7ari para fortalecer o time de Lula e Jer\\u00f4nimo\",\"author\":{\"@id\":\"https:\\\/\\\/www.encontracamacari.com.br\\\/sobre\\\/author\\\/ecamacari\\\/#author\"},\"publisher\":{\"@id\":\"https:\\\/\\\/www.encontracamacari.com.br\\\/sobre\\\/#organization\"},\"image\":{\"@type\":\"ImageObject\",\"url\":\"https:\\\/\\\/www.encontracamacari.com.br\\\/sobre\\\/wp-content\\\/uploads\\\/2026\\\/08\\\/ivoneide-percorre-ruas-de-camacari-para-fortalecer-o-time-de-lula-e-jeronimo.webp\",\"width\":280,\"height\":280,\"caption\":\"fortalecer o time de Lula e Jer\\u00f4nimo\"},\"datePublished\":\"2026-08-30T00:48:57+00:00\",\"dateModified\":\"2026-08-30T00:48:57+00:00\",\"inLanguage\":\"pt-BR\",\"mainEntityOfPage\":{\"@id\":\"https:\\\/\\\/www.encontracamacari.com.br\\\/sobre\\\/ivoneide-percorre-ruas-de-camacari-para-fortalecer-o-time-de-lula-e-jeronimo\\\/#webpage\"},\"isPartOf\":{\"@id\":\"https:\\\/\\\/www.encontracamacari.com.br\\\/sobre\\\/ivoneide-percorre-ruas-de-camacari-para-fortalecer-o-time-de-lula-e-jeronimo\\\/#webpage\"},\"articleSection\":\"Not\\u00edcias Cama\\u00e7ari\"},{\"@type\":\"BreadcrumbList\",\"@id\":\"https:\\\/\\\/www.encontracamacari.com.br\\\/sobre\\\/ivoneide-percorre-ruas-de-camacari-para-fortalecer-o-time-de-lula-e-jeronimo\\\/#breadcrumblist\",\"itemListElement\":[{\"@type\":\"ListItem\",\"@id\":\"https:\\\/\\\/www.encontracamacari.com.br\\\/sobre#listItem\",\"position\":1,\"name\":\"Home\",\"item\":\"https:\\\/\\\/www.encontracamacari.com.br\\\/sobre\",\"nextItem\":{\"@type\":\"ListItem\",\"@id\":\"https:\\\/\\\/www.encontracamacari.com.br\\\/sobre\\\/noticias-em-camacari\\\/#listItem\",\"name\":\"Not\\u00edcias Cama\\u00e7ari\"}},{\"@type\":\"ListItem\",\"@id\":\"https:\\\/\\\/www.encontracamacari.com.br\\\/sobre\\\/noticias-em-camacari\\\/#listItem\",\"position\":2,\"name\":\"Not\\u00edcias Cama\\u00e7ari\",\"item\":\"https:\\\/\\\/www.encontracamacari.com.br\\\/sobre\\\/noticias-em-camacari\\\/\",\"nextItem\":{\"@type\":\"ListItem\",\"@id\":\"https:\\\/\\\/www.encontracamacari.com.br\\\/sobre\\\/ivoneide-percorre-ruas-de-camacari-para-fortalecer-o-time-de-lula-e-jeronimo\\\/#listItem\",\"name\":\"Ivoneide percorre ruas de Cama\\u00e7ari para fortalecer o time de Lula e Jer\\u00f4nimo\"},\"previousItem\":{\"@type\":\"ListItem\",\"@id\":\"https:\\\/\\\/www.encontracamacari.com.br\\\/sobre#listItem\",\"name\":\"Home\"}},{\"@type\":\"ListItem\",\"@id\":\"https:\\\/\\\/www.encontracamacari.com.br\\\/sobre\\\/ivoneide-percorre-ruas-de-camacari-para-fortalecer-o-time-de-lula-e-jeronimo\\\/#listItem\",\"position\":3,\"name\":\"Ivoneide percorre ruas de Cama\\u00e7ari para fortalecer o time de Lula e Jer\\u00f4nimo\",\"previousItem\":{\"@type\":\"ListItem\",\"@id\":\"https:\\\/\\\/www.encontracamacari.com.br\\\/sobre\\\/noticias-em-camacari\\\/#listItem\",\"name\":\"Not\\u00edcias Cama\\u00e7ari\"}}]},{\"@type\":\"Organization\",\"@id\":\"https:\\\/\\\/www.encontracamacari.com.br\\\/sobre\\\/#organization\",\"name\":\"Encontra Cama\\u00e7ari\",\"description\":\"Not\\u00edcias, eventos, informa\\u00e7\\u00f5es e dicas na cidade de Cama\\u00e7ari e regi\\u00e3o.\",\"url\":\"https:\\\/\\\/www.encontracamacari.com.br\\\/sobre\\\/\"},{\"@type\":\"Person\",\"@id\":\"https:\\\/\\\/www.encontracamacari.com.br\\\/sobre\\\/author\\\/ecamacari\\\/#author\",\"url\":\"https:\\\/\\\/www.encontracamacari.com.br\\\/sobre\\\/author\\\/ecamacari\\\/\",\"name\":\"Encontra Cama\\u00e7ari\",\"image\":{\"@type\":\"ImageObject\",\"@id\":\"https:\\\/\\\/www.encontracamacari.com.br\\\/sobre\\\/ivoneide-percorre-ruas-de-camacari-para-fortalecer-o-time-de-lula-e-jeronimo\\\/#authorImage\",\"url\":\"https:\\\/\\\/secure.gravatar.com\\\/avatar\\\/507340682b8270222e1f208e23198b6ae7e2c6a1033ae84e99bc6bce4f82a387?s=96&d=mm&r=g\",\"width\":96,\"height\":96,\"caption\":\"Encontra Cama\\u00e7ari\"}},{\"@type\":\"WebPage\",\"@id\":\"https:\\\/\\\/www.encontracamacari.com.br\\\/sobre\\\/ivoneide-percorre-ruas-de-camacari-para-fortalecer-o-time-de-lula-e-jeronimo\\\/#webpage\",\"url\":\"https:\\\/\\\/www.encontracamacari.com.br\\\/sobre\\\/ivoneide-percorre-ruas-de-camacari-para-fortalecer-o-time-de-lula-e-jeronimo\\\/\",\"name\":\"Ivoneide percorre ruas de Cama\\u00e7ari para fortalecer o time de Lula e Jer\\u00f4nimo - Encontra Cama\\u00e7ari\",\"description\":\"Ivoneide Caetano percorre Cama\\u00e7ari apoiando o projeto de Lula e Jer\\u00f4nimo.\",\"inLanguage\":\"pt-BR\",\"isPartOf\":{\"@id\":\"https:\\\/\\\/www.encontracamacari.com.br\\\/sobre\\\/#website\"},\"breadcrumb\":{\"@id\":\"https:\\\/\\\/www.encontracamacari.com.br\\\/sobre\\\/ivoneide-percorre-ruas-de-camacari-para-fortalecer-o-time-de-lula-e-jeronimo\\\/#breadcrumblist\"},\"author\":{\"@id\":\"https:\\\/\\\/www.encontracamacari.com.br\\\/sobre\\\/author\\\/ecamacari\\\/#author\"},\"creator\":{\"@id\":\"https:\\\/\\\/www.encontracamacari.com.br\\\/sobre\\\/author\\\/ecamacari\\\/#author\"},\"image\":{\"@type\":\"ImageObject\",\"url\":\"https:\\\/\\\/www.encontracamacari.com.br\\\/sobre\\\/wp-content\\\/uploads\\\/2026\\\/08\\\/ivoneide-percorre-ruas-de-camacari-para-fortalecer-o-time-de-lula-e-jeronimo.webp\",\"@id\":\"https:\\\/\\\/www.encontracamacari.com.br\\\/sobre\\\/ivoneide-percorre-ruas-de-camacari-para-fortalecer-o-time-de-lula-e-jeronimo\\\/#mainImage\",\"width\":280,\"height\":280,\"caption\":\"fortalecer o time de Lula e Jer\\u00f4nimo\"},\"primaryImageOfPage\":{\"@id\":\"https:\\\/\\\/www.encontracamacari.com.br\\\/sobre\\\/ivoneide-percorre-ruas-de-camacari-para-fortalecer-o-time-de-lula-e-jeronimo\\\/#mainImage\"},\"datePublished\":\"2026-08-30T00:48:57+00:00\",\"dateModified\":\"2026-08-30T00:48:57+00:00\"},{\"@type\":\"WebSite\",\"@id\":\"https:\\\/\\\/www.encontracamacari.com.br\\\/sobre\\\/#website\",\"url\":\"https:\\\/\\\/www.encontracamacari.com.br\\\/sobre\\\/\",\"name\":\"Encontra Cama\\u00e7ari\",\"description\":\"Not\\u00edcias, eventos, informa\\u00e7\\u00f5es e dicas na cidade de Cama\\u00e7ari e regi\\u00e3o.\",\"inLanguage\":\"pt-BR\",\"publisher\":{\"@id\":\"https:\\\/\\\/www.encontracamacari.com.br\\\/sobre\\\/#organization\"}}]}\n\t\t<\/script>\n\t\t<!-- All in One SEO -->\n\n","aioseo_head_json":{"title":"Ivoneide percorre ruas de Cama\u00e7ari para fortalecer o time de Lula e Jer\u00f4nimo - Encontra Cama\u00e7ari","description":"Ivoneide Caetano percorre Cama\u00e7ari apoiando o projeto de Lula e Jer\u00f4nimo.","canonical_url":"https:\/\/www.encontracamacari.com.br\/sobre\/ivoneide-percorre-ruas-de-camacari-para-fortalecer-o-time-de-lula-e-jeronimo\/","robots":"max-image-preview:large","keywords":"","webmasterTools":{"miscellaneous":""},"schema":{"@context":"https:\/\/schema.org","@graph":[{"@type":"BlogPosting","@id":"https:\/\/www.encontracamacari.com.br\/sobre\/ivoneide-percorre-ruas-de-camacari-para-fortalecer-o-time-de-lula-e-jeronimo\/#blogposting","name":"Ivoneide percorre ruas de Cama\u00e7ari para fortalecer o time de Lula e Jer\u00f4nimo - Encontra Cama\u00e7ari","headline":"Ivoneide percorre ruas de Cama\u00e7ari para fortalecer o time de Lula e Jer\u00f4nimo","author":{"@id":"https:\/\/www.encontracamacari.com.br\/sobre\/author\/ecamacari\/#author"},"publisher":{"@id":"https:\/\/www.encontracamacari.com.br\/sobre\/#organization"},"image":{"@type":"ImageObject","url":"https:\/\/www.encontracamacari.com.br\/sobre\/wp-content\/uploads\/2026\/08\/ivoneide-percorre-ruas-de-camacari-para-fortalecer-o-time-de-lula-e-jeronimo.webp","width":280,"height":280,"caption":"fortalecer o time de Lula e Jer\u00f4nimo"},"datePublished":"2026-08-30T00:48:57+00:00","dateModified":"2026-08-30T00:48:57+00:00","inLanguage":"pt-BR","mainEntityOfPage":{"@id":"https:\/\/www.encontracamacari.com.br\/sobre\/ivoneide-percorre-ruas-de-camacari-para-fortalecer-o-time-de-lula-e-jeronimo\/#webpage"},"isPartOf":{"@id":"https:\/\/www.encontracamacari.com.br\/sobre\/ivoneide-percorre-ruas-de-camacari-para-fortalecer-o-time-de-lula-e-jeronimo\/#webpage"},"articleSection":"Not\u00edcias Cama\u00e7ari"},{"@type":"BreadcrumbList","@id":"https:\/\/www.encontracamacari.com.br\/sobre\/ivoneide-percorre-ruas-de-camacari-para-fortalecer-o-time-de-lula-e-jeronimo\/#breadcrumblist","itemListElement":[{"@type":"ListItem","@id":"https:\/\/www.encontracamacari.com.br\/sobre#listItem","position":1,"name":"Home","item":"https:\/\/www.encontracamacari.com.br\/sobre","nextItem":{"@type":"ListItem","@id":"https:\/\/www.encontracamacari.com.br\/sobre\/noticias-em-camacari\/#listItem","name":"Not\u00edcias Cama\u00e7ari"}},{"@type":"ListItem","@id":"https:\/\/www.encontracamacari.com.br\/sobre\/noticias-em-camacari\/#listItem","position":2,"name":"Not\u00edcias Cama\u00e7ari","item":"https:\/\/www.encontracamacari.com.br\/sobre\/noticias-em-camacari\/","nextItem":{"@type":"ListItem","@id":"https:\/\/www.encontracamacari.com.br\/sobre\/ivoneide-percorre-ruas-de-camacari-para-fortalecer-o-time-de-lula-e-jeronimo\/#listItem","name":"Ivoneide percorre ruas de Cama\u00e7ari para fortalecer o time de Lula e Jer\u00f4nimo"},"previousItem":{"@type":"ListItem","@id":"https:\/\/www.encontracamacari.com.br\/sobre#listItem","name":"Home"}},{"@type":"ListItem","@id":"https:\/\/www.encontracamacari.com.br\/sobre\/ivoneide-percorre-ruas-de-camacari-para-fortalecer-o-time-de-lula-e-jeronimo\/#listItem","position":3,"name":"Ivoneide percorre ruas de Cama\u00e7ari para fortalecer o time de Lula e Jer\u00f4nimo","previousItem":{"@type":"ListItem","@id":"https:\/\/www.encontracamacari.com.br\/sobre\/noticias-em-camacari\/#listItem","name":"Not\u00edcias Cama\u00e7ari"}}]},{"@type":"Organization","@id":"https:\/\/www.encontracamacari.com.br\/sobre\/#organization","name":"Encontra Cama\u00e7ari","description":"Not\u00edcias, eventos, informa\u00e7\u00f5es e dicas na cidade de Cama\u00e7ari e regi\u00e3o.","url":"https:\/\/www.encontracamacari.com.br\/sobre\/"},{"@type":"Person","@id":"https:\/\/www.encontracamacari.com.br\/sobre\/author\/ecamacari\/#author","url":"https:\/\/www.encontracamacari.com.br\/sobre\/author\/ecamacari\/","name":"Encontra Cama\u00e7ari","image":{"@type":"ImageObject","@id":"https:\/\/www.encontracamacari.com.br\/sobre\/ivoneide-percorre-ruas-de-camacari-para-fortalecer-o-time-de-lula-e-jeronimo\/#authorImage","url":"https:\/\/secure.gravatar.com\/avatar\/507340682b8270222e1f208e23198b6ae7e2c6a1033ae84e99bc6bce4f82a387?s=96&d=mm&r=g","width":96,"height":96,"caption":"Encontra Cama\u00e7ari"}},{"@type":"WebPage","@id":"https:\/\/www.encontracamacari.com.br\/sobre\/ivoneide-percorre-ruas-de-camacari-para-fortalecer-o-time-de-lula-e-jeronimo\/#webpage","url":"https:\/\/www.encontracamacari.com.br\/sobre\/ivoneide-percorre-ruas-de-camacari-para-fortalecer-o-time-de-lula-e-jeronimo\/","name":"Ivoneide percorre ruas de Cama\u00e7ari para fortalecer o time de Lula e Jer\u00f4nimo - Encontra Cama\u00e7ari","description":"Ivoneide Caetano percorre Cama\u00e7ari apoiando o projeto de Lula e Jer\u00f4nimo.","inLanguage":"pt-BR","isPartOf":{"@id":"https:\/\/www.encontracamacari.com.br\/sobre\/#website"},"breadcrumb":{"@id":"https:\/\/www.encontracamacari.com.br\/sobre\/ivoneide-percorre-ruas-de-camacari-para-fortalecer-o-time-de-lula-e-jeronimo\/#breadcrumblist"},"author":{"@id":"https:\/\/www.encontracamacari.com.br\/sobre\/author\/ecamacari\/#author"},"creator":{"@id":"https:\/\/www.encontracamacari.com.br\/sobre\/author\/ecamacari\/#author"},"image":{"@type":"ImageObject","url":"https:\/\/www.encontracamacari.com.br\/sobre\/wp-content\/uploads\/2026\/08\/ivoneide-percorre-ruas-de-camacari-para-fortalecer-o-time-de-lula-e-jeronimo.webp","@id":"https:\/\/www.encontracamacari.com.br\/sobre\/ivoneide-percorre-ruas-de-camacari-para-fortalecer-o-time-de-lula-e-jeronimo\/#mainImage","width":280,"height":280,"caption":"fortalecer o time de Lula e Jer\u00f4nimo"},"primaryImageOfPage":{"@id":"https:\/\/www.encontracamacari.com.br\/sobre\/ivoneide-percorre-ruas-de-camacari-para-fortalecer-o-time-de-lula-e-jeronimo\/#mainImage"},"datePublished":"2026-08-30T00:48:57+00:00","dateModified":"2026-08-30T00:48:57+00:00"},{"@type":"WebSite","@id":"https:\/\/www.encontracamacari.com.br\/sobre\/#website","url":"https:\/\/www.encontracamacari.com.br\/sobre\/","name":"Encontra Cama\u00e7ari","description":"Not\u00edcias, eventos, informa\u00e7\u00f5es e dicas na cidade de Cama\u00e7ari e regi\u00e3o.","inLanguage":"pt-BR","publisher":{"@id":"https:\/\/www.encontracamacari.com.br\/sobre\/#organization"}}]},"og:locale":"pt_BR","og:site_name":"Encontra Cama\u00e7ari - Not\u00edcias, eventos, informa\u00e7\u00f5es e dicas na cidade de Cama\u00e7ari e regi\u00e3o.","og:type":"article","og:title":"Ivoneide percorre ruas de Cama\u00e7ari para fortalecer o time de Lula e Jer\u00f4nimo - Encontra Cama\u00e7ari","og:description":"Ivoneide Caetano percorre Cama\u00e7ari apoiando o projeto de Lula e Jer\u00f4nimo.","og:url":"https:\/\/www.encontracamacari.com.br\/sobre\/ivoneide-percorre-ruas-de-camacari-para-fortalecer-o-time-de-lula-e-jeronimo\/","article:published_time":"2026-08-30T00:48:57+00:00","article:modified_time":"2026-08-30T00:48:57+00:00","twitter:card":"summary_large_image","twitter:title":"Ivoneide percorre ruas de Cama\u00e7ari para fortalecer o time de Lula e Jer\u00f4nimo - Encontra Cama\u00e7ari","twitter:description":"Ivoneide Caetano percorre Cama\u00e7ari apoiando o projeto de Lula e Jer\u00f4nimo."},"aioseo_meta_data":{"post_id":"1857","title":null,"description":null,"keywords":null,"keyphrases":null,"primary_term":null,"canonical_url":null,"og_title":null,"og_description":null,"og_object_type":"default","og_image_type":"default","og_image_url":null,"og_image_width":null,"og_image_height":null,"og_image_custom_url":null,"og_image_custom_fields":null,"og_video":null,"og_custom_url":null,"og_article_section":null,"og_article_tags":null,"twitter_use_og":false,"twitter_card":"default","twitter_image_type":"default","twitter_image_url":null,"twitter_image_custom_url":null,"twitter_image_custom_fields":null,"twitter_title":null,"twitter_description":null,"schema":{"blockGraphs":[],"customGraphs":[],"default":{"data":{"Article":[],"Course":[],"Dataset":[],"FAQPage":[],"Movie":[],"Person":[],"Product":[],"ProductReview":[],"Car":[],"Recipe":[],"Service":[],"SoftwareApplication":[],"WebPage":[]},"graphName":"BlogPosting","isEnabled":true},"graphs":[]},"schema_type":"default","schema_type_options":null,"pillar_content":false,"robots_default":true,"robots_noindex":false,"robots_noarchive":false,"robots_nosnippet":false,"robots_nofollow":false,"robots_noimageindex":false,"robots_noodp":false,"robots_notranslate":false,"robots_max_snippet":null,"robots_max_videopreview":null,"robots_max_imagepreview":"large","priority":null,"frequency":null,"local_seo":null,"limit_modified_date":false,"created":"2026-08-30 00:48:57","updated":"2026-08-30 01:11:53","focus_keyword":null,"additional_keywords":null,"truseo_locale":null,"ai":null,"breadcrumb_settings":null,"seo_analyzer_scan_date":null},"aioseo_breadcrumb":"<div class=\"aioseo-breadcrumbs\"><span class=\"aioseo-breadcrumb\">\n\t\t\t<a href=\"https:\/\/www.encontracamacari.com.br\/sobre\" title=\"Home\">Home<\/a>\n\t\t<\/span><span class=\"aioseo-breadcrumb-separator\">&raquo;<\/span><span class=\"aioseo-breadcrumb\">\n\t\t\t<a href=\"https:\/\/www.encontracamacari.com.br\/sobre\/noticias-em-camacari\/\" title=\"Not\u00edcias Cama\u00e7ari\">Not\u00edcias Cama\u00e7ari<\/a>\n\t\t<\/span><span class=\"aioseo-breadcrumb-separator\">&raquo;<\/span><span class=\"aioseo-breadcrumb\">\n\t\t\tIvoneide percorre ruas de Cama\u00e7ari para fortalecer o time de Lula e Jer\u00f4nimo\n\t\t<\/span><\/div>","aioseo_breadcrumb_json":[{"label":"Home","link":"https:\/\/www.encontracamacari.com.br\/sobre"},{"label":"Not\u00edcias Cama\u00e7ari","link":"https:\/\/www.encontracamacari.com.br\/sobre\/noticias-em-camacari\/"},{"label":"Ivoneide percorre ruas de Cama\u00e7ari para fortalecer o time de Lula e Jer\u00f4nimo","link":"https:\/\/www.encontracamacari.com.br\/sobre\/ivoneide-percorre-ruas-de-camacari-para-fortalecer-o-time-de-lula-e-jeronimo\/"}],"_links":{"self":[{"href":"https:\/\/www.encontracamacari.com.br\/sobre\/wp-json\/wp\/v2\/posts\/1857","targetHints":{"allow":["GET"]}}],"collection":[{"href":"https:\/\/www.encontracamacari.com.br\/sobre\/wp-json\/wp\/v2\/posts"}],"about":[{"href":"https:\/\/www.encontracamacari.com.br\/sobre\/wp-json\/wp\/v2\/types\/post"}],"author":[{"embeddable":true,"href":"https:\/\/www.encontracamacari.com.br\/sobre\/wp-json\/wp\/v2\/users\/1"}],"replies":[{"embeddable":true,"href":"https:\/\/www.encontracamacari.com.br\/sobre\/wp-json\/wp\/v2\/comments?post=1857"}],"version-history":[{"count":0,"href":"https:\/\/www.encontracamacari.com.br\/sobre\/wp-json\/wp\/v2\/posts\/1857\/revisions"}],"wp:featuredmedia":[{"embeddable":true,"href":"https:\/\/www.encontracamacari.com.br\/sobre\/wp-json\/wp\/v2\/media\/1856"}],"wp:attachment":[{"href":"https:\/\/www.encontracamacari.com.br\/sobre\/wp-json\/wp\/v2\/media?parent=1857"}],"wp:term":[{"taxonomy":"category","embeddable":true,"href":"https:\/\/www.encontracamacari.com.br\/sobre\/wp-json\/wp\/v2\/categories?post=1857"},{"taxonomy":"post_tag","embeddable":true,"href":"https:\/\/www.encontracamacari.com.br\/sobre\/wp-json\/wp\/v2\/tags?post=1857"}],"curies":[{"name":"wp","href":"https:\/\/api.w.org\/{rel}","templated":true}]}}