{"id":1849,"date":"2026-08-29T09:38:17","date_gmt":"2026-08-29T09:38:17","guid":{"rendered":"https:\/\/www.encontracamacari.com.br\/sobre\/cleiton-pereira-3031\/"},"modified":"2026-08-29T09:38:17","modified_gmt":"2026-08-29T09:38:17","slug":"cleiton-pereira-3031","status":"publish","type":"post","link":"https:\/\/www.encontracamacari.com.br\/sobre\/cleiton-pereira-3031\/","title":{"rendered":"Cleiton Pereira 3031"},"content":{"rendered":"<div class=\"2410bb7248a64bb1f71103797e0f239b\" data-index=\"1\" style=\"float: none; margin:0px;\">\n<ins class=\"adsbygoogle\"\r\n     style=\"display:block\"\r\n     data-ad-client=\"ca-pub-8585364105181520\"\r\n     data-ad-slot=\"8789329856\"\r\n     data-ad-format=\"auto\"\r\n     data-full-width-responsive=\"true\"><\/ins>\r\n<script>\r\n     (adsbygoogle = window.adsbygoogle || []).push({});\r\n<\/script>\n<\/div>\n<h2>Quem \u00e9 Cleiton Pereira?<\/h2>\n<p>Cleiton dos Santos Pereira \u00e9 um candidato a Deputado Federal pela Bahia com diversas aspira\u00e7\u00f5es e um background acad\u00eamico not\u00e1vel. Com 39 anos e natural de Cama\u00e7ari, Cleiton dedica-se ao servi\u00e7o p\u00fablico municipal. Ele integra o partido NOVO e sua candidatura foi aprovada pelo Tribunal Superior Eleitoral (TSE), com o n\u00famero 3031 na urna.<\/p>\n<h2>Hist\u00f3rico Pol\u00edtico de Cleiton<\/h2>\n<p>A trajet\u00f3ria pol\u00edtica de Cleiton Pereira \u00e9 marcada por sua determina\u00e7\u00e3o em representar os cidad\u00e3os da Bahia. Em sua carreira, ele j\u00e1 se candidatou a diferentes cargos pol\u00edticos e, atualmente, encontra-se em disputa para o cargo de Deputado Federal, que ser\u00e1 definido nas pr\u00f3ximas elei\u00e7\u00f5es de 2026. Embora tenha concorrido ao cargo de Prefeito de Cama\u00e7ari em 2024, n\u00e3o conseguiu a elei\u00e7\u00e3o, mas continua ativo na pol\u00edtica local.<\/p>\n<h2>Informa\u00e7\u00f5es do Registro Eleitoral<\/h2>\n<p>Cleiton possui o registro n\u00ba 50002537685 no TSE e ocupa o cargo de Deputado Federal em sua atual candidatura. Abaixo, est\u00e3o algumas informa\u00e7\u00f5es relevantes sobre seu registro:<\/p>\n<p><img decoding=\"async\" src=\"https:\/\/www.encontracamacari.com.br\/sobre\/wp-content\/uploads\/2026\/08\/cleiton-pereira-3031.webp\" alt=\"\" loading=\"lazy\" \/><\/p>\n<ul>\n<li><strong>Cargo:<\/strong> Deputado Federal<\/li>\n<li><strong>Estado:<\/strong> Bahia (BA)<\/li>\n<li><strong>N\u00famero na urna:<\/strong> 3031<\/li>\n<li><strong>Partido:<\/strong> NOVO<\/li>\n<li><strong>Situa\u00e7\u00e3o do registro:<\/strong> Deferido<\/li>\n<li><strong>Idade:<\/strong> 39 anos<\/li>\n<li><strong>Naturalidade:<\/strong> Cama\u00e7ari (BA)<\/li>\n<li><strong>Ocupa\u00e7\u00e3o:<\/strong> Servidor P\u00fablico Municipal<\/li>\n<li><strong>Grau de instru\u00e7\u00e3o:<\/strong> Superior Completo<\/li>\n<li><strong>Estado civil:<\/strong> Solteiro(a)<\/li>\n<li><strong>Patrim\u00f4nio declarado:<\/strong> R$ 50.000,00<\/li>\n<\/ul>\n<h2>Patrim\u00f4nio Declarado do Candidato<\/h2>\n<p>Em rela\u00e7\u00e3o ao patrim\u00f4nio, Cleiton Pereira declarou possuir bens avaliados em R$ 50.000,00, conforme registrado na Justi\u00e7a Eleitoral. A seguir, est\u00e3o os detalhes de seus bens:<\/p>\n<ul>\n<li><strong>2024 &#8211; declara\u00e7\u00e3o anterior:<\/strong> R$ 50.000,00 (Ve\u00edculo automotor terrestre, caminh\u00e3o, autom\u00f3vel, moto, etc.)<\/li>\n<li><strong>2026 &#8211; declara\u00e7\u00e3o atual:<\/strong> R$ 50.000,00 (Mantido igual \u00e0 declara\u00e7\u00e3o anterior)<\/li>\n<\/ul>\n<h2>Propostas de Cleiton Pereira<\/h2>\n<p>Embora detalhes sobre propostas espec\u00edficas n\u00e3o estejam dispon\u00edveis no resumo do seu perfil, como candidato a Deputado Federal, Cleiton tende a abordar t\u00f3picos relevantes para a popula\u00e7\u00e3o, visando melhorias em \u00e1reas como sa\u00fade, educa\u00e7\u00e3o e infraestrutura. O partido NOVO busca implementar uma pol\u00edtica de governan\u00e7a pautada na \u00e9tica e efetividade, al\u00e9m de promover a transpar\u00eancia nos gastos p\u00fablicos.<\/p><div class=\"2410bb7248a64bb1f71103797e0f239b\" data-index=\"2\" style=\"float: none; margin:0px;\">\n<ins class=\"adsbygoogle\"\r\n     style=\"display:block; text-align:center;\"\r\n     data-ad-layout=\"in-article\"\r\n     data-ad-format=\"fluid\"\r\n     data-ad-client=\"ca-pub-8585364105181520\"\r\n     data-ad-slot=\"2899217073\"><\/ins>\r\n<script>\r\n     (adsbygoogle = window.adsbygoogle || []).push({});\r\n<\/script>\r\n\r\n<\/br><\/br>\n<\/div>\n\n<h2>Candidatos da Bahia 2026<\/h2>\n<p>Al\u00e9m de Cleiton Pereira, a Bahia contar\u00e1 com v\u00e1rios outros candidatos para a elei\u00e7\u00e3o de Deputado Federal. Todos eles apresentar\u00e3o suas propostas, vis\u00f5es e planos de a\u00e7\u00e3o para conquistar o apoio da popula\u00e7\u00e3o. Essa diversidade de op\u00e7\u00f5es permitir\u00e1 que os eleitores escolham os representantes que melhor se alinhem \u00e0s suas expectativas e necessidades.<\/p>\n<h2>Como funciona o Processo Eleitoral?<\/h2>\n<p>O processo eleitoral no Brasil \u00e9 regulado por uma s\u00e9rie de leis e normas que visam garantir a transpar\u00eancia e a integridade das elei\u00e7\u00f5es. Os candidatos se registram com anteced\u00eancia junto ao TSE, e as campanhas s\u00e3o conduzidas at\u00e9 o dia da elei\u00e7\u00e3o, quando os eleitores v\u00e3o \u00e0s urnas para fazer suas escolhas. \u00c9 fundamental que todos os candidatos sigam as diretrizes estabelecidas para evitar fraudes e assegurar um pleito justo.<\/p>\n<h2>Import\u00e2ncia do Voto Consciente<\/h2>\n<p>O voto consciente \u00e9 essencial para a democracia. Ao escolher um candidato, o eleitor deve considerar suas propostas, hist\u00f3rico e integridade. Informar-se sobre as op\u00e7\u00f5es dispon\u00edveis e participar do processo eleitoral \u00e9 crucial para assegurar que representantes comprometidos com o bem-estar da sociedade sejam eleitos. Cada voto conta e pode influenciar diretamente na dire\u00e7\u00e3o do governo e nas pol\u00edticas p\u00fablicas implementadas.<\/p>\n<h2>Acompanhe as Not\u00edcias das Elei\u00e7\u00f5es<\/h2>\n<p>Mantenha-se atualizado sobre as elei\u00e7\u00f5es de 2026 acompanhando as novidades e an\u00e1lises das candidaturas. As not\u00edcias sobre debates, propostas e movimenta\u00e7\u00f5es dos candidatos podem influenciar a escolha dos eleitores. Portanto, \u00e9 importante estar atento a essas informa\u00e7\u00f5es e utilizar fontes confi\u00e1veis para garantir uma decis\u00e3o bem-informada.<\/p>\n<h2>An\u00e1lise da Candidatura de Cleiton<\/h2>\n<p>A candidatura de Cleiton Pereira representa uma continuidade de sua trajet\u00f3ria no servi\u00e7o p\u00fablico, e sua experi\u00eancia anterior, embora n\u00e3o tenha resultado em uma elei\u00e7\u00e3o para prefeito, pode ser um diferencial em sua atual campanha para a C\u00e2mara dos Deputados. Com um patrim\u00f4nio declarado razo\u00e1vel e dentro da faixa esperada para um candidato deste n\u00edvel, Cleiton traz uma imagem de transpar\u00eancia. Com a plataforma do NOVO, suas propostas devem refletir um compromisso com a efici\u00eancia e a \u00e9tica na gest\u00e3o p\u00fablica.<\/p>\n<div class=\"2410bb7248a64bb1f71103797e0f239b\" data-index=\"3\" style=\"float: none; margin:0px;\">\n<\/br><\/br>\r\n\r\n<ins class=\"adsbygoogle\"\r\n     style=\"display:block\"\r\n     data-ad-format=\"fluid\"\r\n     data-ad-layout-key=\"-63+do+n-1s+9e\"\r\n     data-ad-client=\"ca-pub-8585364105181520\"\r\n     data-ad-slot=\"6838462089\"><\/ins>\r\n<script>\r\n     (adsbygoogle = window.adsbygoogle || []).push({});\r\n<\/script>\n<\/div>\n\n<div style=\"font-size: 0px; height: 0px; line-height: 0px; margin: 0; padding: 0; clear: both;\"><\/div>","protected":false},"excerpt":{"rendered":"<p>Cleiton Pereira 3031 \u00e9 o candidato a deputado federal pelo NOVO na Bahia.<\/p>\n","protected":false},"author":1,"featured_media":1848,"comment_status":"open","ping_status":"closed","sticky":false,"template":"","format":"standard","meta":{"footnotes":""},"categories":[1],"tags":[],"class_list":["post-1849","post","type-post","status-publish","format-standard","has-post-thumbnail","hentry","category-noticias-em-camacari","has_thumb"],"aioseo_notices":[],"aioseo_head":"\n\t\t<!-- All in One SEO 5.0.0.1 - aioseo.com -->\n\t<meta name=\"description\" content=\"Cleiton Pereira 3031 \u00e9 o candidato a deputado federal pelo NOVO na Bahia.\" \/>\n\t<meta name=\"robots\" content=\"max-image-preview:large\" \/>\n\t<meta name=\"author\" content=\"Encontra Cama\u00e7ari\"\/>\n\t<link rel=\"canonical\" href=\"https:\/\/www.encontracamacari.com.br\/sobre\/cleiton-pereira-3031\/\" \/>\n\t<meta name=\"generator\" content=\"All in One SEO (AIOSEO) 5.0.0.1\" \/>\n\t\t<meta property=\"og:locale\" content=\"pt_BR\" \/>\n\t\t<meta property=\"og:site_name\" content=\"Encontra Cama\u00e7ari - Not\u00edcias, eventos, informa\u00e7\u00f5es e dicas na cidade de Cama\u00e7ari e regi\u00e3o.\" \/>\n\t\t<meta property=\"og:type\" content=\"article\" \/>\n\t\t<meta property=\"og:title\" content=\"Cleiton Pereira 3031 - Encontra Cama\u00e7ari\" \/>\n\t\t<meta property=\"og:description\" content=\"Cleiton Pereira 3031 \u00e9 o candidato a deputado federal pelo NOVO na Bahia.\" \/>\n\t\t<meta property=\"og:url\" content=\"https:\/\/www.encontracamacari.com.br\/sobre\/cleiton-pereira-3031\/\" \/>\n\t\t<meta property=\"article:published_time\" content=\"2026-08-29T09:38:17+00:00\" \/>\n\t\t<meta property=\"article:modified_time\" content=\"2026-08-29T09:38:17+00:00\" \/>\n\t\t<meta name=\"twitter:card\" content=\"summary_large_image\" \/>\n\t\t<meta name=\"twitter:title\" content=\"Cleiton Pereira 3031 - Encontra Cama\u00e7ari\" \/>\n\t\t<meta name=\"twitter:description\" content=\"Cleiton Pereira 3031 \u00e9 o candidato a deputado federal pelo NOVO na Bahia.\" \/>\n\t\t<script type=\"application\/ld+json\" class=\"aioseo-schema\">\n\t\t\t{\"@context\":\"https:\\\/\\\/schema.org\",\"@graph\":[{\"@type\":\"BlogPosting\",\"@id\":\"https:\\\/\\\/www.encontracamacari.com.br\\\/sobre\\\/cleiton-pereira-3031\\\/#blogposting\",\"name\":\"Cleiton Pereira 3031 - Encontra Cama\\u00e7ari\",\"headline\":\"Cleiton Pereira 3031\",\"author\":{\"@id\":\"https:\\\/\\\/www.encontracamacari.com.br\\\/sobre\\\/author\\\/ecamacari\\\/#author\"},\"publisher\":{\"@id\":\"https:\\\/\\\/www.encontracamacari.com.br\\\/sobre\\\/#organization\"},\"image\":{\"@type\":\"ImageObject\",\"url\":\"https:\\\/\\\/www.encontracamacari.com.br\\\/sobre\\\/wp-content\\\/uploads\\\/2026\\\/08\\\/cleiton-pereira-3031.webp\",\"width\":280,\"height\":280},\"datePublished\":\"2026-08-29T09:38:17+00:00\",\"dateModified\":\"2026-08-29T09:38:17+00:00\",\"inLanguage\":\"pt-BR\",\"mainEntityOfPage\":{\"@id\":\"https:\\\/\\\/www.encontracamacari.com.br\\\/sobre\\\/cleiton-pereira-3031\\\/#webpage\"},\"isPartOf\":{\"@id\":\"https:\\\/\\\/www.encontracamacari.com.br\\\/sobre\\\/cleiton-pereira-3031\\\/#webpage\"},\"articleSection\":\"Not\\u00edcias Cama\\u00e7ari\"},{\"@type\":\"BreadcrumbList\",\"@id\":\"https:\\\/\\\/www.encontracamacari.com.br\\\/sobre\\\/cleiton-pereira-3031\\\/#breadcrumblist\",\"itemListElement\":[{\"@type\":\"ListItem\",\"@id\":\"https:\\\/\\\/www.encontracamacari.com.br\\\/sobre#listItem\",\"position\":1,\"name\":\"Home\",\"item\":\"https:\\\/\\\/www.encontracamacari.com.br\\\/sobre\",\"nextItem\":{\"@type\":\"ListItem\",\"@id\":\"https:\\\/\\\/www.encontracamacari.com.br\\\/sobre\\\/noticias-em-camacari\\\/#listItem\",\"name\":\"Not\\u00edcias Cama\\u00e7ari\"}},{\"@type\":\"ListItem\",\"@id\":\"https:\\\/\\\/www.encontracamacari.com.br\\\/sobre\\\/noticias-em-camacari\\\/#listItem\",\"position\":2,\"name\":\"Not\\u00edcias Cama\\u00e7ari\",\"item\":\"https:\\\/\\\/www.encontracamacari.com.br\\\/sobre\\\/noticias-em-camacari\\\/\",\"nextItem\":{\"@type\":\"ListItem\",\"@id\":\"https:\\\/\\\/www.encontracamacari.com.br\\\/sobre\\\/cleiton-pereira-3031\\\/#listItem\",\"name\":\"Cleiton Pereira 3031\"},\"previousItem\":{\"@type\":\"ListItem\",\"@id\":\"https:\\\/\\\/www.encontracamacari.com.br\\\/sobre#listItem\",\"name\":\"Home\"}},{\"@type\":\"ListItem\",\"@id\":\"https:\\\/\\\/www.encontracamacari.com.br\\\/sobre\\\/cleiton-pereira-3031\\\/#listItem\",\"position\":3,\"name\":\"Cleiton Pereira 3031\",\"previousItem\":{\"@type\":\"ListItem\",\"@id\":\"https:\\\/\\\/www.encontracamacari.com.br\\\/sobre\\\/noticias-em-camacari\\\/#listItem\",\"name\":\"Not\\u00edcias Cama\\u00e7ari\"}}]},{\"@type\":\"Organization\",\"@id\":\"https:\\\/\\\/www.encontracamacari.com.br\\\/sobre\\\/#organization\",\"name\":\"Encontra Cama\\u00e7ari\",\"description\":\"Not\\u00edcias, eventos, informa\\u00e7\\u00f5es e dicas na cidade de Cama\\u00e7ari e regi\\u00e3o.\",\"url\":\"https:\\\/\\\/www.encontracamacari.com.br\\\/sobre\\\/\"},{\"@type\":\"Person\",\"@id\":\"https:\\\/\\\/www.encontracamacari.com.br\\\/sobre\\\/author\\\/ecamacari\\\/#author\",\"url\":\"https:\\\/\\\/www.encontracamacari.com.br\\\/sobre\\\/author\\\/ecamacari\\\/\",\"name\":\"Encontra Cama\\u00e7ari\",\"image\":{\"@type\":\"ImageObject\",\"@id\":\"https:\\\/\\\/www.encontracamacari.com.br\\\/sobre\\\/cleiton-pereira-3031\\\/#authorImage\",\"url\":\"https:\\\/\\\/secure.gravatar.com\\\/avatar\\\/507340682b8270222e1f208e23198b6ae7e2c6a1033ae84e99bc6bce4f82a387?s=96&d=mm&r=g\",\"width\":96,\"height\":96,\"caption\":\"Encontra Cama\\u00e7ari\"}},{\"@type\":\"WebPage\",\"@id\":\"https:\\\/\\\/www.encontracamacari.com.br\\\/sobre\\\/cleiton-pereira-3031\\\/#webpage\",\"url\":\"https:\\\/\\\/www.encontracamacari.com.br\\\/sobre\\\/cleiton-pereira-3031\\\/\",\"name\":\"Cleiton Pereira 3031 - Encontra Cama\\u00e7ari\",\"description\":\"Cleiton Pereira 3031 \\u00e9 o candidato a deputado federal pelo NOVO na Bahia.\",\"inLanguage\":\"pt-BR\",\"isPartOf\":{\"@id\":\"https:\\\/\\\/www.encontracamacari.com.br\\\/sobre\\\/#website\"},\"breadcrumb\":{\"@id\":\"https:\\\/\\\/www.encontracamacari.com.br\\\/sobre\\\/cleiton-pereira-3031\\\/#breadcrumblist\"},\"author\":{\"@id\":\"https:\\\/\\\/www.encontracamacari.com.br\\\/sobre\\\/author\\\/ecamacari\\\/#author\"},\"creator\":{\"@id\":\"https:\\\/\\\/www.encontracamacari.com.br\\\/sobre\\\/author\\\/ecamacari\\\/#author\"},\"image\":{\"@type\":\"ImageObject\",\"url\":\"https:\\\/\\\/www.encontracamacari.com.br\\\/sobre\\\/wp-content\\\/uploads\\\/2026\\\/08\\\/cleiton-pereira-3031.webp\",\"@id\":\"https:\\\/\\\/www.encontracamacari.com.br\\\/sobre\\\/cleiton-pereira-3031\\\/#mainImage\",\"width\":280,\"height\":280},\"primaryImageOfPage\":{\"@id\":\"https:\\\/\\\/www.encontracamacari.com.br\\\/sobre\\\/cleiton-pereira-3031\\\/#mainImage\"},\"datePublished\":\"2026-08-29T09:38:17+00:00\",\"dateModified\":\"2026-08-29T09:38:17+00:00\"},{\"@type\":\"WebSite\",\"@id\":\"https:\\\/\\\/www.encontracamacari.com.br\\\/sobre\\\/#website\",\"url\":\"https:\\\/\\\/www.encontracamacari.com.br\\\/sobre\\\/\",\"name\":\"Encontra Cama\\u00e7ari\",\"description\":\"Not\\u00edcias, eventos, informa\\u00e7\\u00f5es e dicas na cidade de Cama\\u00e7ari e regi\\u00e3o.\",\"inLanguage\":\"pt-BR\",\"publisher\":{\"@id\":\"https:\\\/\\\/www.encontracamacari.com.br\\\/sobre\\\/#organization\"}}]}\n\t\t<\/script>\n\t\t<!-- All in One SEO -->\n\n","aioseo_head_json":{"title":"Cleiton Pereira 3031 - Encontra Cama\u00e7ari","description":"Cleiton Pereira 3031 \u00e9 o candidato a deputado federal pelo NOVO na Bahia.","canonical_url":"https:\/\/www.encontracamacari.com.br\/sobre\/cleiton-pereira-3031\/","robots":"max-image-preview:large","keywords":"","webmasterTools":{"miscellaneous":""},"schema":{"@context":"https:\/\/schema.org","@graph":[{"@type":"BlogPosting","@id":"https:\/\/www.encontracamacari.com.br\/sobre\/cleiton-pereira-3031\/#blogposting","name":"Cleiton Pereira 3031 - Encontra Cama\u00e7ari","headline":"Cleiton Pereira 3031","author":{"@id":"https:\/\/www.encontracamacari.com.br\/sobre\/author\/ecamacari\/#author"},"publisher":{"@id":"https:\/\/www.encontracamacari.com.br\/sobre\/#organization"},"image":{"@type":"ImageObject","url":"https:\/\/www.encontracamacari.com.br\/sobre\/wp-content\/uploads\/2026\/08\/cleiton-pereira-3031.webp","width":280,"height":280},"datePublished":"2026-08-29T09:38:17+00:00","dateModified":"2026-08-29T09:38:17+00:00","inLanguage":"pt-BR","mainEntityOfPage":{"@id":"https:\/\/www.encontracamacari.com.br\/sobre\/cleiton-pereira-3031\/#webpage"},"isPartOf":{"@id":"https:\/\/www.encontracamacari.com.br\/sobre\/cleiton-pereira-3031\/#webpage"},"articleSection":"Not\u00edcias Cama\u00e7ari"},{"@type":"BreadcrumbList","@id":"https:\/\/www.encontracamacari.com.br\/sobre\/cleiton-pereira-3031\/#breadcrumblist","itemListElement":[{"@type":"ListItem","@id":"https:\/\/www.encontracamacari.com.br\/sobre#listItem","position":1,"name":"Home","item":"https:\/\/www.encontracamacari.com.br\/sobre","nextItem":{"@type":"ListItem","@id":"https:\/\/www.encontracamacari.com.br\/sobre\/noticias-em-camacari\/#listItem","name":"Not\u00edcias Cama\u00e7ari"}},{"@type":"ListItem","@id":"https:\/\/www.encontracamacari.com.br\/sobre\/noticias-em-camacari\/#listItem","position":2,"name":"Not\u00edcias Cama\u00e7ari","item":"https:\/\/www.encontracamacari.com.br\/sobre\/noticias-em-camacari\/","nextItem":{"@type":"ListItem","@id":"https:\/\/www.encontracamacari.com.br\/sobre\/cleiton-pereira-3031\/#listItem","name":"Cleiton Pereira 3031"},"previousItem":{"@type":"ListItem","@id":"https:\/\/www.encontracamacari.com.br\/sobre#listItem","name":"Home"}},{"@type":"ListItem","@id":"https:\/\/www.encontracamacari.com.br\/sobre\/cleiton-pereira-3031\/#listItem","position":3,"name":"Cleiton Pereira 3031","previousItem":{"@type":"ListItem","@id":"https:\/\/www.encontracamacari.com.br\/sobre\/noticias-em-camacari\/#listItem","name":"Not\u00edcias Cama\u00e7ari"}}]},{"@type":"Organization","@id":"https:\/\/www.encontracamacari.com.br\/sobre\/#organization","name":"Encontra Cama\u00e7ari","description":"Not\u00edcias, eventos, informa\u00e7\u00f5es e dicas na cidade de Cama\u00e7ari e regi\u00e3o.","url":"https:\/\/www.encontracamacari.com.br\/sobre\/"},{"@type":"Person","@id":"https:\/\/www.encontracamacari.com.br\/sobre\/author\/ecamacari\/#author","url":"https:\/\/www.encontracamacari.com.br\/sobre\/author\/ecamacari\/","name":"Encontra Cama\u00e7ari","image":{"@type":"ImageObject","@id":"https:\/\/www.encontracamacari.com.br\/sobre\/cleiton-pereira-3031\/#authorImage","url":"https:\/\/secure.gravatar.com\/avatar\/507340682b8270222e1f208e23198b6ae7e2c6a1033ae84e99bc6bce4f82a387?s=96&d=mm&r=g","width":96,"height":96,"caption":"Encontra Cama\u00e7ari"}},{"@type":"WebPage","@id":"https:\/\/www.encontracamacari.com.br\/sobre\/cleiton-pereira-3031\/#webpage","url":"https:\/\/www.encontracamacari.com.br\/sobre\/cleiton-pereira-3031\/","name":"Cleiton Pereira 3031 - Encontra Cama\u00e7ari","description":"Cleiton Pereira 3031 \u00e9 o candidato a deputado federal pelo NOVO na Bahia.","inLanguage":"pt-BR","isPartOf":{"@id":"https:\/\/www.encontracamacari.com.br\/sobre\/#website"},"breadcrumb":{"@id":"https:\/\/www.encontracamacari.com.br\/sobre\/cleiton-pereira-3031\/#breadcrumblist"},"author":{"@id":"https:\/\/www.encontracamacari.com.br\/sobre\/author\/ecamacari\/#author"},"creator":{"@id":"https:\/\/www.encontracamacari.com.br\/sobre\/author\/ecamacari\/#author"},"image":{"@type":"ImageObject","url":"https:\/\/www.encontracamacari.com.br\/sobre\/wp-content\/uploads\/2026\/08\/cleiton-pereira-3031.webp","@id":"https:\/\/www.encontracamacari.com.br\/sobre\/cleiton-pereira-3031\/#mainImage","width":280,"height":280},"primaryImageOfPage":{"@id":"https:\/\/www.encontracamacari.com.br\/sobre\/cleiton-pereira-3031\/#mainImage"},"datePublished":"2026-08-29T09:38:17+00:00","dateModified":"2026-08-29T09:38:17+00:00"},{"@type":"WebSite","@id":"https:\/\/www.encontracamacari.com.br\/sobre\/#website","url":"https:\/\/www.encontracamacari.com.br\/sobre\/","name":"Encontra Cama\u00e7ari","description":"Not\u00edcias, eventos, informa\u00e7\u00f5es e dicas na cidade de Cama\u00e7ari e regi\u00e3o.","inLanguage":"pt-BR","publisher":{"@id":"https:\/\/www.encontracamacari.com.br\/sobre\/#organization"}}]},"og:locale":"pt_BR","og:site_name":"Encontra Cama\u00e7ari - Not\u00edcias, eventos, informa\u00e7\u00f5es e dicas na cidade de Cama\u00e7ari e regi\u00e3o.","og:type":"article","og:title":"Cleiton Pereira 3031 - Encontra Cama\u00e7ari","og:description":"Cleiton Pereira 3031 \u00e9 o candidato a deputado federal pelo NOVO na Bahia.","og:url":"https:\/\/www.encontracamacari.com.br\/sobre\/cleiton-pereira-3031\/","article:published_time":"2026-08-29T09:38:17+00:00","article:modified_time":"2026-08-29T09:38:17+00:00","twitter:card":"summary_large_image","twitter:title":"Cleiton Pereira 3031 - Encontra Cama\u00e7ari","twitter:description":"Cleiton Pereira 3031 \u00e9 o candidato a deputado federal pelo NOVO na Bahia."},"aioseo_meta_data":{"post_id":"1849","title":null,"description":null,"keywords":null,"keyphrases":null,"primary_term":null,"canonical_url":null,"og_title":null,"og_description":null,"og_object_type":"default","og_image_type":"default","og_image_url":null,"og_image_width":null,"og_image_height":null,"og_image_custom_url":null,"og_image_custom_fields":null,"og_video":null,"og_custom_url":null,"og_article_section":null,"og_article_tags":null,"twitter_use_og":false,"twitter_card":"default","twitter_image_type":"default","twitter_image_url":null,"twitter_image_custom_url":null,"twitter_image_custom_fields":null,"twitter_title":null,"twitter_description":null,"schema":{"blockGraphs":[],"customGraphs":[],"default":{"data":{"Article":[],"Course":[],"Dataset":[],"FAQPage":[],"Movie":[],"Person":[],"Product":[],"ProductReview":[],"Car":[],"Recipe":[],"Service":[],"SoftwareApplication":[],"WebPage":[]},"graphName":"BlogPosting","isEnabled":true},"graphs":[]},"schema_type":"default","schema_type_options":null,"pillar_content":false,"robots_default":true,"robots_noindex":false,"robots_noarchive":false,"robots_nosnippet":false,"robots_nofollow":false,"robots_noimageindex":false,"robots_noodp":false,"robots_notranslate":false,"robots_max_snippet":null,"robots_max_videopreview":null,"robots_max_imagepreview":"large","priority":null,"frequency":null,"local_seo":null,"limit_modified_date":false,"created":"2026-08-29 09:38:17","updated":"2026-08-29 09:39:03","focus_keyword":null,"additional_keywords":null,"truseo_locale":null,"ai":null,"breadcrumb_settings":null,"seo_analyzer_scan_date":null},"aioseo_breadcrumb":"<div class=\"aioseo-breadcrumbs\"><span class=\"aioseo-breadcrumb\">\n\t\t\t<a href=\"https:\/\/www.encontracamacari.com.br\/sobre\" title=\"Home\">Home<\/a>\n\t\t<\/span><span class=\"aioseo-breadcrumb-separator\">&raquo;<\/span><span class=\"aioseo-breadcrumb\">\n\t\t\t<a href=\"https:\/\/www.encontracamacari.com.br\/sobre\/noticias-em-camacari\/\" title=\"Not\u00edcias Cama\u00e7ari\">Not\u00edcias Cama\u00e7ari<\/a>\n\t\t<\/span><span class=\"aioseo-breadcrumb-separator\">&raquo;<\/span><span class=\"aioseo-breadcrumb\">\n\t\t\tCleiton Pereira 3031\n\t\t<\/span><\/div>","aioseo_breadcrumb_json":[{"label":"Home","link":"https:\/\/www.encontracamacari.com.br\/sobre"},{"label":"Not\u00edcias Cama\u00e7ari","link":"https:\/\/www.encontracamacari.com.br\/sobre\/noticias-em-camacari\/"},{"label":"Cleiton Pereira 3031","link":"https:\/\/www.encontracamacari.com.br\/sobre\/cleiton-pereira-3031\/"}],"_links":{"self":[{"href":"https:\/\/www.encontracamacari.com.br\/sobre\/wp-json\/wp\/v2\/posts\/1849","targetHints":{"allow":["GET"]}}],"collection":[{"href":"https:\/\/www.encontracamacari.com.br\/sobre\/wp-json\/wp\/v2\/posts"}],"about":[{"href":"https:\/\/www.encontracamacari.com.br\/sobre\/wp-json\/wp\/v2\/types\/post"}],"author":[{"embeddable":true,"href":"https:\/\/www.encontracamacari.com.br\/sobre\/wp-json\/wp\/v2\/users\/1"}],"replies":[{"embeddable":true,"href":"https:\/\/www.encontracamacari.com.br\/sobre\/wp-json\/wp\/v2\/comments?post=1849"}],"version-history":[{"count":0,"href":"https:\/\/www.encontracamacari.com.br\/sobre\/wp-json\/wp\/v2\/posts\/1849\/revisions"}],"wp:featuredmedia":[{"embeddable":true,"href":"https:\/\/www.encontracamacari.com.br\/sobre\/wp-json\/wp\/v2\/media\/1848"}],"wp:attachment":[{"href":"https:\/\/www.encontracamacari.com.br\/sobre\/wp-json\/wp\/v2\/media?parent=1849"}],"wp:term":[{"taxonomy":"category","embeddable":true,"href":"https:\/\/www.encontracamacari.com.br\/sobre\/wp-json\/wp\/v2\/categories?post=1849"},{"taxonomy":"post_tag","embeddable":true,"href":"https:\/\/www.encontracamacari.com.br\/sobre\/wp-json\/wp\/v2\/tags?post=1849"}],"curies":[{"name":"wp","href":"https:\/\/api.w.org\/{rel}","templated":true}]}}