{"id":1839,"date":"2026-08-28T09:39:35","date_gmt":"2026-08-28T09:39:35","guid":{"rendered":"https:\/\/www.encontracamacari.com.br\/sobre\/bracell-conquista-premio-com-programa-que-desenvolve-jovens-egressos-da-rede-publica-na-bahia\/"},"modified":"2026-08-28T09:39:35","modified_gmt":"2026-08-28T09:39:35","slug":"bracell-conquista-premio-com-programa-que-desenvolve-jovens-egressos-da-rede-publica-na-bahia","status":"publish","type":"post","link":"https:\/\/www.encontracamacari.com.br\/sobre\/bracell-conquista-premio-com-programa-que-desenvolve-jovens-egressos-da-rede-publica-na-bahia\/","title":{"rendered":"Bracell conquista pr\u00eamio com programa que desenvolve jovens egressos da rede p\u00fablica na Bahia"},"content":{"rendered":"<div class=\"2410bb7248a64bb1f71103797e0f239b\" data-index=\"1\" style=\"float: none; margin:0px;\">\n<ins class=\"adsbygoogle\"\r\n     style=\"display:block\"\r\n     data-ad-client=\"ca-pub-8585364105181520\"\r\n     data-ad-slot=\"8789329856\"\r\n     data-ad-format=\"auto\"\r\n     data-full-width-responsive=\"true\"><\/ins>\r\n<script>\r\n     (adsbygoogle = window.adsbygoogle || []).push({});\r\n<\/script>\n<\/div>\n<h2>O que \u00e9 o Programa Acelera?<\/h2>\n<p>O <strong>Programa Acelera<\/strong> \u00e9 uma iniciativa inovadora da Bracell que visa desenvolver compet\u00eancias em jovens egressos da rede p\u00fablica de ensino na Bahia. Implementado na unidade da empresa localizada em Cama\u00e7ari, o programa destaca-se por oferecer a jovens da regi\u00e3o a oportunidade de adquirir forma\u00e7\u00e3o t\u00e9cnica e experi\u00eancia pr\u00e1tica nas \u00e1reas de opera\u00e7\u00e3o e manuten\u00e7\u00e3o, alinhando-se \u00e0s necessidades do setor industrial.<\/p>\n<h2>Impactos na Comunidade Local<\/h2>\n<p>O impacto do Programa Acelera se reflete diretamente nas comunidades ao redor da f\u00e1brica da Bracell. Com a inclus\u00e3o de 19 jovens de seis munic\u00edpios pr\u00f3ximos, o programa n\u00e3o apenas proporciona qualifica\u00e7\u00e3o profissional, mas tamb\u00e9m contribui para o desenvolvimento socioecon\u00f4mico da regi\u00e3o. A alta taxa de efetiva\u00e7\u00e3o de 95% ap\u00f3s o primeiro ciclo comprova a efic\u00e1cia desta forma\u00e7\u00e3o, permitindo que os participantes ingressem no mercado de trabalho e melhorem sua qualidade de vida.<\/p>\n<h2>Hist\u00f3rias de Sucesso de Participantes<\/h2>\n<p>Os jovens participantes do Programa Acelera t\u00eam registrado hist\u00f3rias inspiradoras de sucesso. Jovens que antes enfrentavam dificuldades para acessar oportunidades de emprego agora est\u00e3o se estabelecendo em suas carreiras, contribuindo para suas fam\u00edlias e comunidades. Com forma\u00e7\u00e3o adequada e suporte cont\u00ednuo, muitos conseguiram n\u00e3o somente um emprego, mas tamb\u00e9m o desenvolvimento de suas habilidades pessoais e profissionais.<\/p>\n<p><img decoding=\"async\" src=\"https:\/\/www.encontracamacari.com.br\/sobre\/wp-content\/uploads\/2026\/08\/bracell-conquista-premio-com-programa-que-desenvolve-jovens-egressos-da-rede-publica-na-bahia.webp\" alt=\"Bracell programa jovens egressos Bahia\" loading=\"lazy\" \/><\/p>\n<h2>Os Benef\u00edcios do Programa para a Ind\u00fastria<\/h2>\n<p>Para a Bracell, o Programa Acelera oferece m\u00faltiplos benef\u00edcios. Al\u00e9m de constituir uma base s\u00f3lida para a forma\u00e7\u00e3o de sua futura for\u00e7a de trabalho, a iniciativa ajuda a resolver a escassez de profissionais qualificados na ind\u00fastria. A empresa se posiciona como um modelo a ser seguido, demonstrando que o investimento em talentos locais se traduz em uma for\u00e7a de trabalho mais competente e alinhada \u00e0s necessidades do mercado.<\/p>\n<h2>Reconhecimento Nacional do Programa<\/h2>\n<p>O Programa Acelera foi reconhecido nacionalmente ao conquistar o <strong>1\u00ba lugar na categoria Jovem<\/strong> do Pr\u00eamio Ser Humano, promovido pela ABRH Brasil. Este pr\u00eamio \u00e9 um dos mais respeitados no pa\u00eds na \u00e1rea de gest\u00e3o de pessoas e refor\u00e7a a import\u00e2ncia de iniciativas que buscam capacitar jovens em situa\u00e7\u00e3o de vulnerabilidade. A entrega do pr\u00eamio ocorreu durante o Congresso Nacional de Recursos Humanos (Conarh), em S\u00e3o Paulo, evidenciando o valor atribu\u00eddo \u00e0 forma\u00e7\u00e3o inclusiva.<\/p><div class=\"2410bb7248a64bb1f71103797e0f239b\" data-index=\"2\" style=\"float: none; margin:0px;\">\n<ins class=\"adsbygoogle\"\r\n     style=\"display:block; text-align:center;\"\r\n     data-ad-layout=\"in-article\"\r\n     data-ad-format=\"fluid\"\r\n     data-ad-client=\"ca-pub-8585364105181520\"\r\n     data-ad-slot=\"2899217073\"><\/ins>\r\n<script>\r\n     (adsbygoogle = window.adsbygoogle || []).push({});\r\n<\/script>\r\n\r\n<\/br><\/br>\n<\/div>\n\n<h2>Forma\u00e7\u00e3o de Novos Talentos na Bahia<\/h2>\n<p>Desde sua cria\u00e7\u00e3o em 2023, o Programa Acelera j\u00e1 elevou o padr\u00e3o de forma\u00e7\u00e3o de novos talentos na Bahia. A proposta do programa \u00e9 garantir que jovens egressos tenham as habilidades necess\u00e1rias para atender \u00e0 demanda crescente por profissionais qualificados na ind\u00fastria. Desta forma, a Bracell n\u00e3o apenas gera oportunidades de emprego, mas tamb\u00e9m promove a mobilidade social e o crescimento econ\u00f4mico regional.<\/p>\n<h2>Parcerias e Oportunidades de Mentoria<\/h2>\n<p>A Bracell tem se esfor\u00e7ado para estabelecer parcerias com institui\u00e7\u00f5es educacionais e organiza\u00e7\u00f5es locais a fim de potencializar a forma\u00e7\u00e3o dos participantes do Programa Acelera. Essas parcerias s\u00e3o essenciais para oferecer mentorias, desenvolvimento profissional e acesso a uma rede mais ampla de oportunidades. A colabora\u00e7\u00e3o com entidades faz com que o programa enrique\u00e7a a experi\u00eancia de aprendizado e a empregabilidade dos jovens.<\/p>\n<h2>O Papel da Educa\u00e7\u00e3o T\u00e9cnica no Desenvolvimento<\/h2>\n<p>A educa\u00e7\u00e3o t\u00e9cnica desempenha um papel crucial no desenvolvimento de habilidades que atendem \u00e0s necessidades do mercado de trabalho. O Programa Acelera foca em educa\u00e7\u00e3o t\u00e9cnica e pr\u00e1tica para preparar os jovens para diversos setores da ind\u00fastria, aumentando suas chances de inser\u00e7\u00e3o no mercado e contribuindo para a economia local. A abordagem de aprendizado pr\u00e1tico \u00e9 essencial para desenvolver compet\u00eancias que s\u00e3o muitas vezes ignoradas em curr\u00edculos tradicionais.<\/p>\n<h2>Desenvolvimento Sustent\u00e1vel e Responsabilidade Social<\/h2>\n<p>O compromisso da Bracell com o desenvolvimento sustent\u00e1vel vai al\u00e9m da produ\u00e7\u00e3o de celulose. Atrav\u00e9s do Programa Acelera, a empresa demonstra sua responsabilidade social ao capacitar comunidades locais e fomentar a inclus\u00e3o. A estrat\u00e9gia n\u00e3o apenas gera valor econ\u00f4mico, mas tamb\u00e9m contribui para um ambiente de trabalho mais justo, diversificado e coeso.<\/p>\n<h2>Pr\u00f3ximos Passos e Expans\u00e3o do Programa<\/h2>\n<p>Ap\u00f3s o sucesso inicial, o Programa Acelera est\u00e1 programado para se expandir em 2024, com novas turmas e mais oportunidades de aprendizado. O compromisso da Bracell \u00e9 continuar capacitando jovens e conectando-os com a ind\u00fastria, garantindo que mais talentos possam emergir da rede p\u00fablica com prepara\u00e7\u00e3o adequada para os desafios do mercado. A expans\u00e3o permitir\u00e1 que mais jovens tenham acesso a este programa transformador, solidificando ainda mais a presen\u00e7a da Bracell como um agente de mudan\u00e7a em sua comunidade.<\/p>\n<div class=\"2410bb7248a64bb1f71103797e0f239b\" data-index=\"3\" style=\"float: none; margin:0px;\">\n<\/br><\/br>\r\n\r\n<ins class=\"adsbygoogle\"\r\n     style=\"display:block\"\r\n     data-ad-format=\"fluid\"\r\n     data-ad-layout-key=\"-63+do+n-1s+9e\"\r\n     data-ad-client=\"ca-pub-8585364105181520\"\r\n     data-ad-slot=\"6838462089\"><\/ins>\r\n<script>\r\n     (adsbygoogle = window.adsbygoogle || []).push({});\r\n<\/script>\n<\/div>\n\n<div style=\"font-size: 0px; height: 0px; line-height: 0px; margin: 0; padding: 0; clear: both;\"><\/div>","protected":false},"excerpt":{"rendered":"<p>Bracell \u00e9 reconhecida por investir na forma\u00e7\u00e3o de jovens talentos na Bahia.<\/p>\n","protected":false},"author":1,"featured_media":1838,"comment_status":"open","ping_status":"closed","sticky":false,"template":"","format":"standard","meta":{"footnotes":""},"categories":[1],"tags":[],"class_list":["post-1839","post","type-post","status-publish","format-standard","has-post-thumbnail","hentry","category-noticias-em-camacari","has_thumb"],"aioseo_notices":[],"aioseo_head":"\n\t\t<!-- All in One SEO 5.0.0.1 - aioseo.com -->\n\t<meta name=\"description\" content=\"Bracell \u00e9 reconhecida por investir na forma\u00e7\u00e3o de jovens talentos na Bahia.\" \/>\n\t<meta name=\"robots\" content=\"max-image-preview:large\" \/>\n\t<meta name=\"author\" content=\"Encontra Cama\u00e7ari\"\/>\n\t<link rel=\"canonical\" href=\"https:\/\/www.encontracamacari.com.br\/sobre\/bracell-conquista-premio-com-programa-que-desenvolve-jovens-egressos-da-rede-publica-na-bahia\/\" \/>\n\t<meta name=\"generator\" content=\"All in One SEO (AIOSEO) 5.0.0.1\" \/>\n\t\t<meta property=\"og:locale\" content=\"pt_BR\" \/>\n\t\t<meta property=\"og:site_name\" content=\"Encontra Cama\u00e7ari - Not\u00edcias, eventos, informa\u00e7\u00f5es e dicas na cidade de Cama\u00e7ari e regi\u00e3o.\" \/>\n\t\t<meta property=\"og:type\" content=\"article\" \/>\n\t\t<meta property=\"og:title\" content=\"Bracell conquista pr\u00eamio com programa que desenvolve jovens egressos da rede p\u00fablica na Bahia - Encontra Cama\u00e7ari\" \/>\n\t\t<meta property=\"og:description\" content=\"Bracell \u00e9 reconhecida por investir na forma\u00e7\u00e3o de jovens talentos na Bahia.\" \/>\n\t\t<meta property=\"og:url\" content=\"https:\/\/www.encontracamacari.com.br\/sobre\/bracell-conquista-premio-com-programa-que-desenvolve-jovens-egressos-da-rede-publica-na-bahia\/\" \/>\n\t\t<meta property=\"article:published_time\" content=\"2026-08-28T09:39:35+00:00\" \/>\n\t\t<meta property=\"article:modified_time\" content=\"2026-08-28T09:39:35+00:00\" \/>\n\t\t<meta name=\"twitter:card\" content=\"summary_large_image\" \/>\n\t\t<meta name=\"twitter:title\" content=\"Bracell conquista pr\u00eamio com programa que desenvolve jovens egressos da rede p\u00fablica na Bahia - Encontra Cama\u00e7ari\" \/>\n\t\t<meta name=\"twitter:description\" content=\"Bracell \u00e9 reconhecida por investir na forma\u00e7\u00e3o de jovens talentos na Bahia.\" \/>\n\t\t<script type=\"application\/ld+json\" class=\"aioseo-schema\">\n\t\t\t{\"@context\":\"https:\\\/\\\/schema.org\",\"@graph\":[{\"@type\":\"BlogPosting\",\"@id\":\"https:\\\/\\\/www.encontracamacari.com.br\\\/sobre\\\/bracell-conquista-premio-com-programa-que-desenvolve-jovens-egressos-da-rede-publica-na-bahia\\\/#blogposting\",\"name\":\"Bracell conquista pr\\u00eamio com programa que desenvolve jovens egressos da rede p\\u00fablica na Bahia - Encontra Cama\\u00e7ari\",\"headline\":\"Bracell conquista pr\\u00eamio com programa que desenvolve jovens egressos da rede p\\u00fablica na Bahia\",\"author\":{\"@id\":\"https:\\\/\\\/www.encontracamacari.com.br\\\/sobre\\\/author\\\/ecamacari\\\/#author\"},\"publisher\":{\"@id\":\"https:\\\/\\\/www.encontracamacari.com.br\\\/sobre\\\/#organization\"},\"image\":{\"@type\":\"ImageObject\",\"url\":\"https:\\\/\\\/www.encontracamacari.com.br\\\/sobre\\\/wp-content\\\/uploads\\\/2026\\\/08\\\/bracell-conquista-premio-com-programa-que-desenvolve-jovens-egressos-da-rede-publica-na-bahia.webp\",\"width\":280,\"height\":280,\"caption\":\"Bracell programa jovens egressos Bahia\"},\"datePublished\":\"2026-08-28T09:39:35+00:00\",\"dateModified\":\"2026-08-28T09:39:35+00:00\",\"inLanguage\":\"pt-BR\",\"mainEntityOfPage\":{\"@id\":\"https:\\\/\\\/www.encontracamacari.com.br\\\/sobre\\\/bracell-conquista-premio-com-programa-que-desenvolve-jovens-egressos-da-rede-publica-na-bahia\\\/#webpage\"},\"isPartOf\":{\"@id\":\"https:\\\/\\\/www.encontracamacari.com.br\\\/sobre\\\/bracell-conquista-premio-com-programa-que-desenvolve-jovens-egressos-da-rede-publica-na-bahia\\\/#webpage\"},\"articleSection\":\"Not\\u00edcias Cama\\u00e7ari\"},{\"@type\":\"BreadcrumbList\",\"@id\":\"https:\\\/\\\/www.encontracamacari.com.br\\\/sobre\\\/bracell-conquista-premio-com-programa-que-desenvolve-jovens-egressos-da-rede-publica-na-bahia\\\/#breadcrumblist\",\"itemListElement\":[{\"@type\":\"ListItem\",\"@id\":\"https:\\\/\\\/www.encontracamacari.com.br\\\/sobre#listItem\",\"position\":1,\"name\":\"Home\",\"item\":\"https:\\\/\\\/www.encontracamacari.com.br\\\/sobre\",\"nextItem\":{\"@type\":\"ListItem\",\"@id\":\"https:\\\/\\\/www.encontracamacari.com.br\\\/sobre\\\/noticias-em-camacari\\\/#listItem\",\"name\":\"Not\\u00edcias Cama\\u00e7ari\"}},{\"@type\":\"ListItem\",\"@id\":\"https:\\\/\\\/www.encontracamacari.com.br\\\/sobre\\\/noticias-em-camacari\\\/#listItem\",\"position\":2,\"name\":\"Not\\u00edcias Cama\\u00e7ari\",\"item\":\"https:\\\/\\\/www.encontracamacari.com.br\\\/sobre\\\/noticias-em-camacari\\\/\",\"nextItem\":{\"@type\":\"ListItem\",\"@id\":\"https:\\\/\\\/www.encontracamacari.com.br\\\/sobre\\\/bracell-conquista-premio-com-programa-que-desenvolve-jovens-egressos-da-rede-publica-na-bahia\\\/#listItem\",\"name\":\"Bracell conquista pr\\u00eamio com programa que desenvolve jovens egressos da rede p\\u00fablica na Bahia\"},\"previousItem\":{\"@type\":\"ListItem\",\"@id\":\"https:\\\/\\\/www.encontracamacari.com.br\\\/sobre#listItem\",\"name\":\"Home\"}},{\"@type\":\"ListItem\",\"@id\":\"https:\\\/\\\/www.encontracamacari.com.br\\\/sobre\\\/bracell-conquista-premio-com-programa-que-desenvolve-jovens-egressos-da-rede-publica-na-bahia\\\/#listItem\",\"position\":3,\"name\":\"Bracell conquista pr\\u00eamio com programa que desenvolve jovens egressos da rede p\\u00fablica na Bahia\",\"previousItem\":{\"@type\":\"ListItem\",\"@id\":\"https:\\\/\\\/www.encontracamacari.com.br\\\/sobre\\\/noticias-em-camacari\\\/#listItem\",\"name\":\"Not\\u00edcias Cama\\u00e7ari\"}}]},{\"@type\":\"Organization\",\"@id\":\"https:\\\/\\\/www.encontracamacari.com.br\\\/sobre\\\/#organization\",\"name\":\"Encontra Cama\\u00e7ari\",\"description\":\"Not\\u00edcias, eventos, informa\\u00e7\\u00f5es e dicas na cidade de Cama\\u00e7ari e regi\\u00e3o.\",\"url\":\"https:\\\/\\\/www.encontracamacari.com.br\\\/sobre\\\/\"},{\"@type\":\"Person\",\"@id\":\"https:\\\/\\\/www.encontracamacari.com.br\\\/sobre\\\/author\\\/ecamacari\\\/#author\",\"url\":\"https:\\\/\\\/www.encontracamacari.com.br\\\/sobre\\\/author\\\/ecamacari\\\/\",\"name\":\"Encontra Cama\\u00e7ari\",\"image\":{\"@type\":\"ImageObject\",\"@id\":\"https:\\\/\\\/www.encontracamacari.com.br\\\/sobre\\\/bracell-conquista-premio-com-programa-que-desenvolve-jovens-egressos-da-rede-publica-na-bahia\\\/#authorImage\",\"url\":\"https:\\\/\\\/secure.gravatar.com\\\/avatar\\\/507340682b8270222e1f208e23198b6ae7e2c6a1033ae84e99bc6bce4f82a387?s=96&d=mm&r=g\",\"width\":96,\"height\":96,\"caption\":\"Encontra Cama\\u00e7ari\"}},{\"@type\":\"WebPage\",\"@id\":\"https:\\\/\\\/www.encontracamacari.com.br\\\/sobre\\\/bracell-conquista-premio-com-programa-que-desenvolve-jovens-egressos-da-rede-publica-na-bahia\\\/#webpage\",\"url\":\"https:\\\/\\\/www.encontracamacari.com.br\\\/sobre\\\/bracell-conquista-premio-com-programa-que-desenvolve-jovens-egressos-da-rede-publica-na-bahia\\\/\",\"name\":\"Bracell conquista pr\\u00eamio com programa que desenvolve jovens egressos da rede p\\u00fablica na Bahia - Encontra Cama\\u00e7ari\",\"description\":\"Bracell \\u00e9 reconhecida por investir na forma\\u00e7\\u00e3o de jovens talentos na Bahia.\",\"inLanguage\":\"pt-BR\",\"isPartOf\":{\"@id\":\"https:\\\/\\\/www.encontracamacari.com.br\\\/sobre\\\/#website\"},\"breadcrumb\":{\"@id\":\"https:\\\/\\\/www.encontracamacari.com.br\\\/sobre\\\/bracell-conquista-premio-com-programa-que-desenvolve-jovens-egressos-da-rede-publica-na-bahia\\\/#breadcrumblist\"},\"author\":{\"@id\":\"https:\\\/\\\/www.encontracamacari.com.br\\\/sobre\\\/author\\\/ecamacari\\\/#author\"},\"creator\":{\"@id\":\"https:\\\/\\\/www.encontracamacari.com.br\\\/sobre\\\/author\\\/ecamacari\\\/#author\"},\"image\":{\"@type\":\"ImageObject\",\"url\":\"https:\\\/\\\/www.encontracamacari.com.br\\\/sobre\\\/wp-content\\\/uploads\\\/2026\\\/08\\\/bracell-conquista-premio-com-programa-que-desenvolve-jovens-egressos-da-rede-publica-na-bahia.webp\",\"@id\":\"https:\\\/\\\/www.encontracamacari.com.br\\\/sobre\\\/bracell-conquista-premio-com-programa-que-desenvolve-jovens-egressos-da-rede-publica-na-bahia\\\/#mainImage\",\"width\":280,\"height\":280,\"caption\":\"Bracell programa jovens egressos Bahia\"},\"primaryImageOfPage\":{\"@id\":\"https:\\\/\\\/www.encontracamacari.com.br\\\/sobre\\\/bracell-conquista-premio-com-programa-que-desenvolve-jovens-egressos-da-rede-publica-na-bahia\\\/#mainImage\"},\"datePublished\":\"2026-08-28T09:39:35+00:00\",\"dateModified\":\"2026-08-28T09:39:35+00:00\"},{\"@type\":\"WebSite\",\"@id\":\"https:\\\/\\\/www.encontracamacari.com.br\\\/sobre\\\/#website\",\"url\":\"https:\\\/\\\/www.encontracamacari.com.br\\\/sobre\\\/\",\"name\":\"Encontra Cama\\u00e7ari\",\"description\":\"Not\\u00edcias, eventos, informa\\u00e7\\u00f5es e dicas na cidade de Cama\\u00e7ari e regi\\u00e3o.\",\"inLanguage\":\"pt-BR\",\"publisher\":{\"@id\":\"https:\\\/\\\/www.encontracamacari.com.br\\\/sobre\\\/#organization\"}}]}\n\t\t<\/script>\n\t\t<!-- All in One SEO -->\n\n","aioseo_head_json":{"title":"Bracell conquista pr\u00eamio com programa que desenvolve jovens egressos da rede p\u00fablica na Bahia - Encontra Cama\u00e7ari","description":"Bracell \u00e9 reconhecida por investir na forma\u00e7\u00e3o de jovens talentos na Bahia.","canonical_url":"https:\/\/www.encontracamacari.com.br\/sobre\/bracell-conquista-premio-com-programa-que-desenvolve-jovens-egressos-da-rede-publica-na-bahia\/","robots":"max-image-preview:large","keywords":"","webmasterTools":{"miscellaneous":""},"schema":{"@context":"https:\/\/schema.org","@graph":[{"@type":"BlogPosting","@id":"https:\/\/www.encontracamacari.com.br\/sobre\/bracell-conquista-premio-com-programa-que-desenvolve-jovens-egressos-da-rede-publica-na-bahia\/#blogposting","name":"Bracell conquista pr\u00eamio com programa que desenvolve jovens egressos da rede p\u00fablica na Bahia - Encontra Cama\u00e7ari","headline":"Bracell conquista pr\u00eamio com programa que desenvolve jovens egressos da rede p\u00fablica na Bahia","author":{"@id":"https:\/\/www.encontracamacari.com.br\/sobre\/author\/ecamacari\/#author"},"publisher":{"@id":"https:\/\/www.encontracamacari.com.br\/sobre\/#organization"},"image":{"@type":"ImageObject","url":"https:\/\/www.encontracamacari.com.br\/sobre\/wp-content\/uploads\/2026\/08\/bracell-conquista-premio-com-programa-que-desenvolve-jovens-egressos-da-rede-publica-na-bahia.webp","width":280,"height":280,"caption":"Bracell programa jovens egressos Bahia"},"datePublished":"2026-08-28T09:39:35+00:00","dateModified":"2026-08-28T09:39:35+00:00","inLanguage":"pt-BR","mainEntityOfPage":{"@id":"https:\/\/www.encontracamacari.com.br\/sobre\/bracell-conquista-premio-com-programa-que-desenvolve-jovens-egressos-da-rede-publica-na-bahia\/#webpage"},"isPartOf":{"@id":"https:\/\/www.encontracamacari.com.br\/sobre\/bracell-conquista-premio-com-programa-que-desenvolve-jovens-egressos-da-rede-publica-na-bahia\/#webpage"},"articleSection":"Not\u00edcias Cama\u00e7ari"},{"@type":"BreadcrumbList","@id":"https:\/\/www.encontracamacari.com.br\/sobre\/bracell-conquista-premio-com-programa-que-desenvolve-jovens-egressos-da-rede-publica-na-bahia\/#breadcrumblist","itemListElement":[{"@type":"ListItem","@id":"https:\/\/www.encontracamacari.com.br\/sobre#listItem","position":1,"name":"Home","item":"https:\/\/www.encontracamacari.com.br\/sobre","nextItem":{"@type":"ListItem","@id":"https:\/\/www.encontracamacari.com.br\/sobre\/noticias-em-camacari\/#listItem","name":"Not\u00edcias Cama\u00e7ari"}},{"@type":"ListItem","@id":"https:\/\/www.encontracamacari.com.br\/sobre\/noticias-em-camacari\/#listItem","position":2,"name":"Not\u00edcias Cama\u00e7ari","item":"https:\/\/www.encontracamacari.com.br\/sobre\/noticias-em-camacari\/","nextItem":{"@type":"ListItem","@id":"https:\/\/www.encontracamacari.com.br\/sobre\/bracell-conquista-premio-com-programa-que-desenvolve-jovens-egressos-da-rede-publica-na-bahia\/#listItem","name":"Bracell conquista pr\u00eamio com programa que desenvolve jovens egressos da rede p\u00fablica na Bahia"},"previousItem":{"@type":"ListItem","@id":"https:\/\/www.encontracamacari.com.br\/sobre#listItem","name":"Home"}},{"@type":"ListItem","@id":"https:\/\/www.encontracamacari.com.br\/sobre\/bracell-conquista-premio-com-programa-que-desenvolve-jovens-egressos-da-rede-publica-na-bahia\/#listItem","position":3,"name":"Bracell conquista pr\u00eamio com programa que desenvolve jovens egressos da rede p\u00fablica na Bahia","previousItem":{"@type":"ListItem","@id":"https:\/\/www.encontracamacari.com.br\/sobre\/noticias-em-camacari\/#listItem","name":"Not\u00edcias Cama\u00e7ari"}}]},{"@type":"Organization","@id":"https:\/\/www.encontracamacari.com.br\/sobre\/#organization","name":"Encontra Cama\u00e7ari","description":"Not\u00edcias, eventos, informa\u00e7\u00f5es e dicas na cidade de Cama\u00e7ari e regi\u00e3o.","url":"https:\/\/www.encontracamacari.com.br\/sobre\/"},{"@type":"Person","@id":"https:\/\/www.encontracamacari.com.br\/sobre\/author\/ecamacari\/#author","url":"https:\/\/www.encontracamacari.com.br\/sobre\/author\/ecamacari\/","name":"Encontra Cama\u00e7ari","image":{"@type":"ImageObject","@id":"https:\/\/www.encontracamacari.com.br\/sobre\/bracell-conquista-premio-com-programa-que-desenvolve-jovens-egressos-da-rede-publica-na-bahia\/#authorImage","url":"https:\/\/secure.gravatar.com\/avatar\/507340682b8270222e1f208e23198b6ae7e2c6a1033ae84e99bc6bce4f82a387?s=96&d=mm&r=g","width":96,"height":96,"caption":"Encontra Cama\u00e7ari"}},{"@type":"WebPage","@id":"https:\/\/www.encontracamacari.com.br\/sobre\/bracell-conquista-premio-com-programa-que-desenvolve-jovens-egressos-da-rede-publica-na-bahia\/#webpage","url":"https:\/\/www.encontracamacari.com.br\/sobre\/bracell-conquista-premio-com-programa-que-desenvolve-jovens-egressos-da-rede-publica-na-bahia\/","name":"Bracell conquista pr\u00eamio com programa que desenvolve jovens egressos da rede p\u00fablica na Bahia - Encontra Cama\u00e7ari","description":"Bracell \u00e9 reconhecida por investir na forma\u00e7\u00e3o de jovens talentos na Bahia.","inLanguage":"pt-BR","isPartOf":{"@id":"https:\/\/www.encontracamacari.com.br\/sobre\/#website"},"breadcrumb":{"@id":"https:\/\/www.encontracamacari.com.br\/sobre\/bracell-conquista-premio-com-programa-que-desenvolve-jovens-egressos-da-rede-publica-na-bahia\/#breadcrumblist"},"author":{"@id":"https:\/\/www.encontracamacari.com.br\/sobre\/author\/ecamacari\/#author"},"creator":{"@id":"https:\/\/www.encontracamacari.com.br\/sobre\/author\/ecamacari\/#author"},"image":{"@type":"ImageObject","url":"https:\/\/www.encontracamacari.com.br\/sobre\/wp-content\/uploads\/2026\/08\/bracell-conquista-premio-com-programa-que-desenvolve-jovens-egressos-da-rede-publica-na-bahia.webp","@id":"https:\/\/www.encontracamacari.com.br\/sobre\/bracell-conquista-premio-com-programa-que-desenvolve-jovens-egressos-da-rede-publica-na-bahia\/#mainImage","width":280,"height":280,"caption":"Bracell programa jovens egressos Bahia"},"primaryImageOfPage":{"@id":"https:\/\/www.encontracamacari.com.br\/sobre\/bracell-conquista-premio-com-programa-que-desenvolve-jovens-egressos-da-rede-publica-na-bahia\/#mainImage"},"datePublished":"2026-08-28T09:39:35+00:00","dateModified":"2026-08-28T09:39:35+00:00"},{"@type":"WebSite","@id":"https:\/\/www.encontracamacari.com.br\/sobre\/#website","url":"https:\/\/www.encontracamacari.com.br\/sobre\/","name":"Encontra Cama\u00e7ari","description":"Not\u00edcias, eventos, informa\u00e7\u00f5es e dicas na cidade de Cama\u00e7ari e regi\u00e3o.","inLanguage":"pt-BR","publisher":{"@id":"https:\/\/www.encontracamacari.com.br\/sobre\/#organization"}}]},"og:locale":"pt_BR","og:site_name":"Encontra Cama\u00e7ari - Not\u00edcias, eventos, informa\u00e7\u00f5es e dicas na cidade de Cama\u00e7ari e regi\u00e3o.","og:type":"article","og:title":"Bracell conquista pr\u00eamio com programa que desenvolve jovens egressos da rede p\u00fablica na Bahia - Encontra Cama\u00e7ari","og:description":"Bracell \u00e9 reconhecida por investir na forma\u00e7\u00e3o de jovens talentos na Bahia.","og:url":"https:\/\/www.encontracamacari.com.br\/sobre\/bracell-conquista-premio-com-programa-que-desenvolve-jovens-egressos-da-rede-publica-na-bahia\/","article:published_time":"2026-08-28T09:39:35+00:00","article:modified_time":"2026-08-28T09:39:35+00:00","twitter:card":"summary_large_image","twitter:title":"Bracell conquista pr\u00eamio com programa que desenvolve jovens egressos da rede p\u00fablica na Bahia - Encontra Cama\u00e7ari","twitter:description":"Bracell \u00e9 reconhecida por investir na forma\u00e7\u00e3o de jovens talentos na Bahia."},"aioseo_meta_data":{"post_id":"1839","title":null,"description":null,"keywords":null,"keyphrases":null,"primary_term":null,"canonical_url":null,"og_title":null,"og_description":null,"og_object_type":"default","og_image_type":"default","og_image_url":null,"og_image_width":null,"og_image_height":null,"og_image_custom_url":null,"og_image_custom_fields":null,"og_video":null,"og_custom_url":null,"og_article_section":null,"og_article_tags":null,"twitter_use_og":false,"twitter_card":"default","twitter_image_type":"default","twitter_image_url":null,"twitter_image_custom_url":null,"twitter_image_custom_fields":null,"twitter_title":null,"twitter_description":null,"schema":{"blockGraphs":[],"customGraphs":[],"default":{"data":{"Article":[],"Course":[],"Dataset":[],"FAQPage":[],"Movie":[],"Person":[],"Product":[],"ProductReview":[],"Car":[],"Recipe":[],"Service":[],"SoftwareApplication":[],"WebPage":[]},"graphName":"BlogPosting","isEnabled":true},"graphs":[]},"schema_type":"default","schema_type_options":null,"pillar_content":false,"robots_default":true,"robots_noindex":false,"robots_noarchive":false,"robots_nosnippet":false,"robots_nofollow":false,"robots_noimageindex":false,"robots_noodp":false,"robots_notranslate":false,"robots_max_snippet":null,"robots_max_videopreview":null,"robots_max_imagepreview":"large","priority":null,"frequency":null,"local_seo":null,"limit_modified_date":false,"created":"2026-08-28 09:39:35","updated":"2026-08-28 10:26:16","focus_keyword":null,"additional_keywords":null,"truseo_locale":null,"ai":null,"breadcrumb_settings":null,"seo_analyzer_scan_date":null},"aioseo_breadcrumb":"<div class=\"aioseo-breadcrumbs\"><span class=\"aioseo-breadcrumb\">\n\t\t\t<a href=\"https:\/\/www.encontracamacari.com.br\/sobre\" title=\"Home\">Home<\/a>\n\t\t<\/span><span class=\"aioseo-breadcrumb-separator\">&raquo;<\/span><span class=\"aioseo-breadcrumb\">\n\t\t\t<a href=\"https:\/\/www.encontracamacari.com.br\/sobre\/noticias-em-camacari\/\" title=\"Not\u00edcias Cama\u00e7ari\">Not\u00edcias Cama\u00e7ari<\/a>\n\t\t<\/span><span class=\"aioseo-breadcrumb-separator\">&raquo;<\/span><span class=\"aioseo-breadcrumb\">\n\t\t\tBracell conquista pr\u00eamio com programa que desenvolve jovens egressos da rede p\u00fablica na Bahia\n\t\t<\/span><\/div>","aioseo_breadcrumb_json":[{"label":"Home","link":"https:\/\/www.encontracamacari.com.br\/sobre"},{"label":"Not\u00edcias Cama\u00e7ari","link":"https:\/\/www.encontracamacari.com.br\/sobre\/noticias-em-camacari\/"},{"label":"Bracell conquista pr\u00eamio com programa que desenvolve jovens egressos da rede p\u00fablica na Bahia","link":"https:\/\/www.encontracamacari.com.br\/sobre\/bracell-conquista-premio-com-programa-que-desenvolve-jovens-egressos-da-rede-publica-na-bahia\/"}],"_links":{"self":[{"href":"https:\/\/www.encontracamacari.com.br\/sobre\/wp-json\/wp\/v2\/posts\/1839","targetHints":{"allow":["GET"]}}],"collection":[{"href":"https:\/\/www.encontracamacari.com.br\/sobre\/wp-json\/wp\/v2\/posts"}],"about":[{"href":"https:\/\/www.encontracamacari.com.br\/sobre\/wp-json\/wp\/v2\/types\/post"}],"author":[{"embeddable":true,"href":"https:\/\/www.encontracamacari.com.br\/sobre\/wp-json\/wp\/v2\/users\/1"}],"replies":[{"embeddable":true,"href":"https:\/\/www.encontracamacari.com.br\/sobre\/wp-json\/wp\/v2\/comments?post=1839"}],"version-history":[{"count":0,"href":"https:\/\/www.encontracamacari.com.br\/sobre\/wp-json\/wp\/v2\/posts\/1839\/revisions"}],"wp:featuredmedia":[{"embeddable":true,"href":"https:\/\/www.encontracamacari.com.br\/sobre\/wp-json\/wp\/v2\/media\/1838"}],"wp:attachment":[{"href":"https:\/\/www.encontracamacari.com.br\/sobre\/wp-json\/wp\/v2\/media?parent=1839"}],"wp:term":[{"taxonomy":"category","embeddable":true,"href":"https:\/\/www.encontracamacari.com.br\/sobre\/wp-json\/wp\/v2\/categories?post=1839"},{"taxonomy":"post_tag","embeddable":true,"href":"https:\/\/www.encontracamacari.com.br\/sobre\/wp-json\/wp\/v2\/tags?post=1839"}],"curies":[{"name":"wp","href":"https:\/\/api.w.org\/{rel}","templated":true}]}}