{"id":1833,"date":"2026-08-28T00:46:42","date_gmt":"2026-08-28T00:46:42","guid":{"rendered":"https:\/\/www.encontracamacari.com.br\/sobre\/camacari-e-destaque-em-debate-sobre-turismo-e-economia-criativa-na-bahia\/"},"modified":"2026-08-28T00:46:42","modified_gmt":"2026-08-28T00:46:42","slug":"camacari-e-destaque-em-debate-sobre-turismo-e-economia-criativa-na-bahia","status":"publish","type":"post","link":"https:\/\/www.encontracamacari.com.br\/sobre\/camacari-e-destaque-em-debate-sobre-turismo-e-economia-criativa-na-bahia\/","title":{"rendered":"Cama\u00e7ari \u00e9 destaque em debate sobre turismo e economia criativa na Bahia"},"content":{"rendered":"<div class=\"2410bb7248a64bb1f71103797e0f239b\" data-index=\"1\" style=\"float: none; margin:0px;\">\n<ins class=\"adsbygoogle\"\r\n     style=\"display:block\"\r\n     data-ad-client=\"ca-pub-8585364105181520\"\r\n     data-ad-slot=\"8789329856\"\r\n     data-ad-format=\"auto\"\r\n     data-full-width-responsive=\"true\"><\/ins>\r\n<script>\r\n     (adsbygoogle = window.adsbygoogle || []).push({});\r\n<\/script>\n<\/div>\n<h2>Insights do Evento Em Pauta<\/h2>\n<p>No dia 26 de agosto de 2026, Cama\u00e7ari se destacou durante o evento <strong>Em Pauta<\/strong>, que ocorreu em Salvador. Organizado pelo Grupo A TARDE, o evento reuniu profissionais do setor p\u00fablico e privado para discutir o crescimento do turismo e a economia criativa na Bahia. O foco das discuss\u00f5es foi explorar novas oportunidades e investimentos que possam alavancar esses setores fundamentais para o desenvolvimento do estado.<\/p>\n<h2>O Papel do Secret\u00e1rio de Turismo<\/h2>\n<p>O secret\u00e1rio de Turismo de Cama\u00e7ari, <strong>Patr\u00edcio Oliveira<\/strong>, que tamb\u00e9m preside a C\u00e2mara T\u00e9cnica Regional de Turismo da Costa dos Coqueiros, foi um dos painelistas do evento. Ele teve a responsabilidade de abordar t\u00f3picos relevantes para o turismo, incluindo hotelaria, conex\u00f5es a\u00e9reas, cultura, experi\u00eancias gastron\u00f4micas e a cria\u00e7\u00e3o de neg\u00f3cios. Oliveira destacou o vasto potencial tur\u00edstico de Cama\u00e7ari, orientando a transforma\u00e7\u00e3o desse potencial em oportunidades reais para a popula\u00e7\u00e3o local.<\/p>\n<h2>Cama\u00e7ari: Potencial Tur\u00edstico em Crescimento<\/h2>\n<p>Cama\u00e7ari apresenta uma costa de 42 quil\u00f4metros, com locais como Arembepe, Barra do Pojuca, Barra do Jacu\u00edpe, Guarajuba, Itacimirim e Jau\u00e1. Essa diversidade n\u00e3o se limita apenas \u00e0s belezas naturais, mas tamb\u00e9m inclui uma rica oferta cultural, gastronomia local, artesanato e turismo rural. O munic\u00edpio tem se empenhado cada vez mais em consolidar sua presen\u00e7a no turismo, buscando atrair visitantes e investimentos.<\/p>\n<p><img decoding=\"async\" src=\"https:\/\/www.encontracamacari.com.br\/sobre\/wp-content\/uploads\/2026\/08\/camacari-e-destaque-em-debate-sobre-turismo-e-economia-criativa-na-bahia.webp\" alt=\"turismo e economia criativa na Bahia\" loading=\"lazy\" \/><\/p>\n<h2>Dados que Revelam o Crescimento do Setor<\/h2>\n<p>O crescimento do turismo na Bahia tem se mostrado promissor. Segundo informa\u00e7\u00f5es do <strong>IBGE<\/strong>, em 2025 as atividades tur\u00edsticas no estado cresceram 6,6%, superando a m\u00e9dia nacional, que foi de 4,6%. A receita gerada por turistas nesse mesmo ano chegou a impressionantes <strong>R$ 47,1 bilh\u00f5es<\/strong>, conforme dados fornecidos pela Secretaria de Turismo da Bahia (Setur-BA).<\/p>\n<h2>Integra\u00e7\u00e3o entre Munic\u00edpios e Setores<\/h2>\n<p>Durante o evento, o secret\u00e1rio estadual de Turismo, <strong>Maur\u00edcio Bacelar<\/strong>, enfatizou a import\u00e2ncia da colabora\u00e7\u00e3o entre os munic\u00edpios, o setor produtivo e o poder p\u00fablico. Ele destacou que essa integra\u00e7\u00e3o \u00e9 vital para impulsionar o turismo baiano e transformar o seu crescimento em mais empregos e rendas para a popula\u00e7\u00e3o. Bacelar afirmou que fortalecer a competitividade da Bahia envolve unir esfor\u00e7os entre os v\u00e1rios atores do setor.<\/p><div class=\"2410bb7248a64bb1f71103797e0f239b\" data-index=\"2\" style=\"float: none; margin:0px;\">\n<ins class=\"adsbygoogle\"\r\n     style=\"display:block; text-align:center;\"\r\n     data-ad-layout=\"in-article\"\r\n     data-ad-format=\"fluid\"\r\n     data-ad-client=\"ca-pub-8585364105181520\"\r\n     data-ad-slot=\"2899217073\"><\/ins>\r\n<script>\r\n     (adsbygoogle = window.adsbygoogle || []).push({});\r\n<\/script>\r\n\r\n<\/br><\/br>\n<\/div>\n\n<h2>Atra\u00e7\u00f5es Tur\u00edsticas de Cama\u00e7ari<\/h2>\n<p>Dentre os atrativos que Cama\u00e7ari oferece, destacam-se suas praias e eventos culturais que enriquecem a experi\u00eancia do visitante. A oferta de turismo rural, que inclui atividades ligadas ao campo e ao cultivo de tradi\u00e7\u00f5es locais, tamb\u00e9m tem ganhado destaque, contribuindo para uma promo\u00e7\u00e3o mais diversificada do seu potencial tur\u00edstico.<\/p>\n<h2>Recentes Iniciativas para Fomentar o Turismo<\/h2>\n<p>Dentre as iniciativas mais recentes, encontramos o <strong>Festival Gastron\u00f4mico de Cama\u00e7ari \u2013 Da Terra ao Mar<\/strong>, que reuniu 21 restaurantes locais, promovendo a rica culin\u00e1ria da regi\u00e3o. Al\u00e9m disso, foram realizadas quatro miss\u00f5es em parceria com o <strong>Servi\u00e7o Brasileiro de Apoio \u00e0s Micro e Pequenas Empresas (Sebrae)<\/strong> para qualifica\u00e7\u00e3o e conex\u00e3o de empres\u00e1rios do ramo. Tamb\u00e9m ocorreu a capacita\u00e7\u00e3o de agentes tur\u00edsticos em colabora\u00e7\u00e3o com o <strong>Servi\u00e7o Nacional de Aprendizagem Comercial (Senac)<\/strong>, demonstrando um compromisso com a forma\u00e7\u00e3o e o aperfei\u00e7oamento do setor.<\/p>\n<h2>Import\u00e2ncia da Gastronomia no Turismo<\/h2>\n<p>A gastronomia se destaca como um dos elementos mais importantes no turismo de Cama\u00e7ari. A diversidade de pratos regionais e a qualidade dos ingredientes locais atraem turistas que buscam experi\u00eancias \u00fanicas. Eventos, como o festival gastron\u00f4mico, s\u00e3o essenciais para divulgar essas ofertas e colocar Cama\u00e7ari no mapa como um destino gastron\u00f4mico reconhecido.<\/p>\n<h2>Eventos Estrat\u00e9gicos na Promo\u00e7\u00e3o do Destino<\/h2>\n<p>A participa\u00e7\u00e3o de Cama\u00e7ari na <strong>ABAV Expo<\/strong>, um dos principais eventos de turismo do Brasil, ilustra o engajamento do munic\u00edpio nas discuss\u00f5es nacionais sobre o setor. Essa estrat\u00e9gia de participa\u00e7\u00e3o em eventos de grande visibilidade ajuda a refor\u00e7ar a posi\u00e7\u00e3o de Cama\u00e7ari no turismo e a convida o p\u00fablico a explorar as potencialidades da regi\u00e3o.<\/p>\n<h2>O Futuro do Turismo na Bahia<\/h2>\n<p>O futuro do turismo na Bahia parece promissor, com v\u00e1rios projetos em andamento. A intera\u00e7\u00e3o adequada entre os munic\u00edpios e o setor privado servir\u00e1 como base para o crescimento cont\u00ednuo. O enfoque em eventos culturais, inova\u00e7\u00e3o em servi\u00e7os tur\u00edsticos e a valoriza\u00e7\u00e3o do patrim\u00f4nio local fortalecer\u00e3o a imagem da Bahia como um destino tur\u00edstico de excel\u00eancia. Al\u00e9m disso, a adapta\u00e7\u00e3o e evolu\u00e7\u00e3o constante do setor ser\u00e3o cruciais para manter a competitividade em um mercado cada vez mais din\u00e2mico.<\/p>\n<div class=\"2410bb7248a64bb1f71103797e0f239b\" data-index=\"3\" style=\"float: none; margin:0px;\">\n<\/br><\/br>\r\n\r\n<ins class=\"adsbygoogle\"\r\n     style=\"display:block\"\r\n     data-ad-format=\"fluid\"\r\n     data-ad-layout-key=\"-63+do+n-1s+9e\"\r\n     data-ad-client=\"ca-pub-8585364105181520\"\r\n     data-ad-slot=\"6838462089\"><\/ins>\r\n<script>\r\n     (adsbygoogle = window.adsbygoogle || []).push({});\r\n<\/script>\n<\/div>\n\n<div style=\"font-size: 0px; height: 0px; line-height: 0px; margin: 0; padding: 0; clear: both;\"><\/div>","protected":false},"excerpt":{"rendered":"<p>Cama\u00e7ari destaca-se no turismo e economia criativa, explorando novas oportunidades.<\/p>\n","protected":false},"author":1,"featured_media":1832,"comment_status":"open","ping_status":"closed","sticky":false,"template":"","format":"standard","meta":{"footnotes":""},"categories":[15],"tags":[],"class_list":["post-1833","post","type-post","status-publish","format-standard","has-post-thumbnail","hentry","category-cultura-em-camacari","has_thumb"],"aioseo_notices":[],"aioseo_head":"\n\t\t<!-- All in One SEO 5.0.0.1 - aioseo.com -->\n\t<meta name=\"description\" content=\"Cama\u00e7ari destaca-se no turismo e economia criativa, explorando novas oportunidades.\" \/>\n\t<meta name=\"robots\" content=\"max-image-preview:large\" \/>\n\t<meta name=\"author\" content=\"Encontra Cama\u00e7ari\"\/>\n\t<link rel=\"canonical\" href=\"https:\/\/www.encontracamacari.com.br\/sobre\/camacari-e-destaque-em-debate-sobre-turismo-e-economia-criativa-na-bahia\/\" \/>\n\t<meta name=\"generator\" content=\"All in One SEO (AIOSEO) 5.0.0.1\" \/>\n\t\t<meta property=\"og:locale\" content=\"pt_BR\" \/>\n\t\t<meta property=\"og:site_name\" content=\"Encontra Cama\u00e7ari - Not\u00edcias, eventos, informa\u00e7\u00f5es e dicas na cidade de Cama\u00e7ari e regi\u00e3o.\" \/>\n\t\t<meta property=\"og:type\" content=\"article\" \/>\n\t\t<meta property=\"og:title\" content=\"Cama\u00e7ari \u00e9 destaque em debate sobre turismo e economia criativa na Bahia - Encontra Cama\u00e7ari\" \/>\n\t\t<meta property=\"og:description\" content=\"Cama\u00e7ari destaca-se no turismo e economia criativa, explorando novas oportunidades.\" \/>\n\t\t<meta property=\"og:url\" content=\"https:\/\/www.encontracamacari.com.br\/sobre\/camacari-e-destaque-em-debate-sobre-turismo-e-economia-criativa-na-bahia\/\" \/>\n\t\t<meta property=\"article:published_time\" content=\"2026-08-28T00:46:42+00:00\" \/>\n\t\t<meta property=\"article:modified_time\" content=\"2026-08-28T00:46:42+00:00\" \/>\n\t\t<meta name=\"twitter:card\" content=\"summary_large_image\" \/>\n\t\t<meta name=\"twitter:title\" content=\"Cama\u00e7ari \u00e9 destaque em debate sobre turismo e economia criativa na Bahia - Encontra Cama\u00e7ari\" \/>\n\t\t<meta name=\"twitter:description\" content=\"Cama\u00e7ari destaca-se no turismo e economia criativa, explorando novas oportunidades.\" \/>\n\t\t<script type=\"application\/ld+json\" class=\"aioseo-schema\">\n\t\t\t{\"@context\":\"https:\\\/\\\/schema.org\",\"@graph\":[{\"@type\":\"BlogPosting\",\"@id\":\"https:\\\/\\\/www.encontracamacari.com.br\\\/sobre\\\/camacari-e-destaque-em-debate-sobre-turismo-e-economia-criativa-na-bahia\\\/#blogposting\",\"name\":\"Cama\\u00e7ari \\u00e9 destaque em debate sobre turismo e economia criativa na Bahia - Encontra Cama\\u00e7ari\",\"headline\":\"Cama\\u00e7ari \\u00e9 destaque em debate sobre turismo e economia criativa na Bahia\",\"author\":{\"@id\":\"https:\\\/\\\/www.encontracamacari.com.br\\\/sobre\\\/author\\\/ecamacari\\\/#author\"},\"publisher\":{\"@id\":\"https:\\\/\\\/www.encontracamacari.com.br\\\/sobre\\\/#organization\"},\"image\":{\"@type\":\"ImageObject\",\"url\":\"https:\\\/\\\/www.encontracamacari.com.br\\\/sobre\\\/wp-content\\\/uploads\\\/2026\\\/08\\\/camacari-e-destaque-em-debate-sobre-turismo-e-economia-criativa-na-bahia.webp\",\"width\":280,\"height\":280,\"caption\":\"turismo e economia criativa na Bahia\"},\"datePublished\":\"2026-08-28T00:46:42+00:00\",\"dateModified\":\"2026-08-28T00:46:42+00:00\",\"inLanguage\":\"pt-BR\",\"mainEntityOfPage\":{\"@id\":\"https:\\\/\\\/www.encontracamacari.com.br\\\/sobre\\\/camacari-e-destaque-em-debate-sobre-turismo-e-economia-criativa-na-bahia\\\/#webpage\"},\"isPartOf\":{\"@id\":\"https:\\\/\\\/www.encontracamacari.com.br\\\/sobre\\\/camacari-e-destaque-em-debate-sobre-turismo-e-economia-criativa-na-bahia\\\/#webpage\"},\"articleSection\":\"Cultura Cama\\u00e7ari\"},{\"@type\":\"BreadcrumbList\",\"@id\":\"https:\\\/\\\/www.encontracamacari.com.br\\\/sobre\\\/camacari-e-destaque-em-debate-sobre-turismo-e-economia-criativa-na-bahia\\\/#breadcrumblist\",\"itemListElement\":[{\"@type\":\"ListItem\",\"@id\":\"https:\\\/\\\/www.encontracamacari.com.br\\\/sobre#listItem\",\"position\":1,\"name\":\"Home\",\"item\":\"https:\\\/\\\/www.encontracamacari.com.br\\\/sobre\",\"nextItem\":{\"@type\":\"ListItem\",\"@id\":\"https:\\\/\\\/www.encontracamacari.com.br\\\/sobre\\\/cultura-em-camacari\\\/#listItem\",\"name\":\"Cultura Cama\\u00e7ari\"}},{\"@type\":\"ListItem\",\"@id\":\"https:\\\/\\\/www.encontracamacari.com.br\\\/sobre\\\/cultura-em-camacari\\\/#listItem\",\"position\":2,\"name\":\"Cultura Cama\\u00e7ari\",\"item\":\"https:\\\/\\\/www.encontracamacari.com.br\\\/sobre\\\/cultura-em-camacari\\\/\",\"nextItem\":{\"@type\":\"ListItem\",\"@id\":\"https:\\\/\\\/www.encontracamacari.com.br\\\/sobre\\\/camacari-e-destaque-em-debate-sobre-turismo-e-economia-criativa-na-bahia\\\/#listItem\",\"name\":\"Cama\\u00e7ari \\u00e9 destaque em debate sobre turismo e economia criativa na Bahia\"},\"previousItem\":{\"@type\":\"ListItem\",\"@id\":\"https:\\\/\\\/www.encontracamacari.com.br\\\/sobre#listItem\",\"name\":\"Home\"}},{\"@type\":\"ListItem\",\"@id\":\"https:\\\/\\\/www.encontracamacari.com.br\\\/sobre\\\/camacari-e-destaque-em-debate-sobre-turismo-e-economia-criativa-na-bahia\\\/#listItem\",\"position\":3,\"name\":\"Cama\\u00e7ari \\u00e9 destaque em debate sobre turismo e economia criativa na Bahia\",\"previousItem\":{\"@type\":\"ListItem\",\"@id\":\"https:\\\/\\\/www.encontracamacari.com.br\\\/sobre\\\/cultura-em-camacari\\\/#listItem\",\"name\":\"Cultura Cama\\u00e7ari\"}}]},{\"@type\":\"Organization\",\"@id\":\"https:\\\/\\\/www.encontracamacari.com.br\\\/sobre\\\/#organization\",\"name\":\"Encontra Cama\\u00e7ari\",\"description\":\"Not\\u00edcias, eventos, informa\\u00e7\\u00f5es e dicas na cidade de Cama\\u00e7ari e regi\\u00e3o.\",\"url\":\"https:\\\/\\\/www.encontracamacari.com.br\\\/sobre\\\/\"},{\"@type\":\"Person\",\"@id\":\"https:\\\/\\\/www.encontracamacari.com.br\\\/sobre\\\/author\\\/ecamacari\\\/#author\",\"url\":\"https:\\\/\\\/www.encontracamacari.com.br\\\/sobre\\\/author\\\/ecamacari\\\/\",\"name\":\"Encontra Cama\\u00e7ari\",\"image\":{\"@type\":\"ImageObject\",\"@id\":\"https:\\\/\\\/www.encontracamacari.com.br\\\/sobre\\\/camacari-e-destaque-em-debate-sobre-turismo-e-economia-criativa-na-bahia\\\/#authorImage\",\"url\":\"https:\\\/\\\/secure.gravatar.com\\\/avatar\\\/507340682b8270222e1f208e23198b6ae7e2c6a1033ae84e99bc6bce4f82a387?s=96&d=mm&r=g\",\"width\":96,\"height\":96,\"caption\":\"Encontra Cama\\u00e7ari\"}},{\"@type\":\"WebPage\",\"@id\":\"https:\\\/\\\/www.encontracamacari.com.br\\\/sobre\\\/camacari-e-destaque-em-debate-sobre-turismo-e-economia-criativa-na-bahia\\\/#webpage\",\"url\":\"https:\\\/\\\/www.encontracamacari.com.br\\\/sobre\\\/camacari-e-destaque-em-debate-sobre-turismo-e-economia-criativa-na-bahia\\\/\",\"name\":\"Cama\\u00e7ari \\u00e9 destaque em debate sobre turismo e economia criativa na Bahia - Encontra Cama\\u00e7ari\",\"description\":\"Cama\\u00e7ari destaca-se no turismo e economia criativa, explorando novas oportunidades.\",\"inLanguage\":\"pt-BR\",\"isPartOf\":{\"@id\":\"https:\\\/\\\/www.encontracamacari.com.br\\\/sobre\\\/#website\"},\"breadcrumb\":{\"@id\":\"https:\\\/\\\/www.encontracamacari.com.br\\\/sobre\\\/camacari-e-destaque-em-debate-sobre-turismo-e-economia-criativa-na-bahia\\\/#breadcrumblist\"},\"author\":{\"@id\":\"https:\\\/\\\/www.encontracamacari.com.br\\\/sobre\\\/author\\\/ecamacari\\\/#author\"},\"creator\":{\"@id\":\"https:\\\/\\\/www.encontracamacari.com.br\\\/sobre\\\/author\\\/ecamacari\\\/#author\"},\"image\":{\"@type\":\"ImageObject\",\"url\":\"https:\\\/\\\/www.encontracamacari.com.br\\\/sobre\\\/wp-content\\\/uploads\\\/2026\\\/08\\\/camacari-e-destaque-em-debate-sobre-turismo-e-economia-criativa-na-bahia.webp\",\"@id\":\"https:\\\/\\\/www.encontracamacari.com.br\\\/sobre\\\/camacari-e-destaque-em-debate-sobre-turismo-e-economia-criativa-na-bahia\\\/#mainImage\",\"width\":280,\"height\":280,\"caption\":\"turismo e economia criativa na Bahia\"},\"primaryImageOfPage\":{\"@id\":\"https:\\\/\\\/www.encontracamacari.com.br\\\/sobre\\\/camacari-e-destaque-em-debate-sobre-turismo-e-economia-criativa-na-bahia\\\/#mainImage\"},\"datePublished\":\"2026-08-28T00:46:42+00:00\",\"dateModified\":\"2026-08-28T00:46:42+00:00\"},{\"@type\":\"WebSite\",\"@id\":\"https:\\\/\\\/www.encontracamacari.com.br\\\/sobre\\\/#website\",\"url\":\"https:\\\/\\\/www.encontracamacari.com.br\\\/sobre\\\/\",\"name\":\"Encontra Cama\\u00e7ari\",\"description\":\"Not\\u00edcias, eventos, informa\\u00e7\\u00f5es e dicas na cidade de Cama\\u00e7ari e regi\\u00e3o.\",\"inLanguage\":\"pt-BR\",\"publisher\":{\"@id\":\"https:\\\/\\\/www.encontracamacari.com.br\\\/sobre\\\/#organization\"}}]}\n\t\t<\/script>\n\t\t<!-- All in One SEO -->\n\n","aioseo_head_json":{"title":"Cama\u00e7ari \u00e9 destaque em debate sobre turismo e economia criativa na Bahia - Encontra Cama\u00e7ari","description":"Cama\u00e7ari destaca-se no turismo e economia criativa, explorando novas oportunidades.","canonical_url":"https:\/\/www.encontracamacari.com.br\/sobre\/camacari-e-destaque-em-debate-sobre-turismo-e-economia-criativa-na-bahia\/","robots":"max-image-preview:large","keywords":"","webmasterTools":{"miscellaneous":""},"schema":{"@context":"https:\/\/schema.org","@graph":[{"@type":"BlogPosting","@id":"https:\/\/www.encontracamacari.com.br\/sobre\/camacari-e-destaque-em-debate-sobre-turismo-e-economia-criativa-na-bahia\/#blogposting","name":"Cama\u00e7ari \u00e9 destaque em debate sobre turismo e economia criativa na Bahia - Encontra Cama\u00e7ari","headline":"Cama\u00e7ari \u00e9 destaque em debate sobre turismo e economia criativa na Bahia","author":{"@id":"https:\/\/www.encontracamacari.com.br\/sobre\/author\/ecamacari\/#author"},"publisher":{"@id":"https:\/\/www.encontracamacari.com.br\/sobre\/#organization"},"image":{"@type":"ImageObject","url":"https:\/\/www.encontracamacari.com.br\/sobre\/wp-content\/uploads\/2026\/08\/camacari-e-destaque-em-debate-sobre-turismo-e-economia-criativa-na-bahia.webp","width":280,"height":280,"caption":"turismo e economia criativa na Bahia"},"datePublished":"2026-08-28T00:46:42+00:00","dateModified":"2026-08-28T00:46:42+00:00","inLanguage":"pt-BR","mainEntityOfPage":{"@id":"https:\/\/www.encontracamacari.com.br\/sobre\/camacari-e-destaque-em-debate-sobre-turismo-e-economia-criativa-na-bahia\/#webpage"},"isPartOf":{"@id":"https:\/\/www.encontracamacari.com.br\/sobre\/camacari-e-destaque-em-debate-sobre-turismo-e-economia-criativa-na-bahia\/#webpage"},"articleSection":"Cultura Cama\u00e7ari"},{"@type":"BreadcrumbList","@id":"https:\/\/www.encontracamacari.com.br\/sobre\/camacari-e-destaque-em-debate-sobre-turismo-e-economia-criativa-na-bahia\/#breadcrumblist","itemListElement":[{"@type":"ListItem","@id":"https:\/\/www.encontracamacari.com.br\/sobre#listItem","position":1,"name":"Home","item":"https:\/\/www.encontracamacari.com.br\/sobre","nextItem":{"@type":"ListItem","@id":"https:\/\/www.encontracamacari.com.br\/sobre\/cultura-em-camacari\/#listItem","name":"Cultura Cama\u00e7ari"}},{"@type":"ListItem","@id":"https:\/\/www.encontracamacari.com.br\/sobre\/cultura-em-camacari\/#listItem","position":2,"name":"Cultura Cama\u00e7ari","item":"https:\/\/www.encontracamacari.com.br\/sobre\/cultura-em-camacari\/","nextItem":{"@type":"ListItem","@id":"https:\/\/www.encontracamacari.com.br\/sobre\/camacari-e-destaque-em-debate-sobre-turismo-e-economia-criativa-na-bahia\/#listItem","name":"Cama\u00e7ari \u00e9 destaque em debate sobre turismo e economia criativa na Bahia"},"previousItem":{"@type":"ListItem","@id":"https:\/\/www.encontracamacari.com.br\/sobre#listItem","name":"Home"}},{"@type":"ListItem","@id":"https:\/\/www.encontracamacari.com.br\/sobre\/camacari-e-destaque-em-debate-sobre-turismo-e-economia-criativa-na-bahia\/#listItem","position":3,"name":"Cama\u00e7ari \u00e9 destaque em debate sobre turismo e economia criativa na Bahia","previousItem":{"@type":"ListItem","@id":"https:\/\/www.encontracamacari.com.br\/sobre\/cultura-em-camacari\/#listItem","name":"Cultura Cama\u00e7ari"}}]},{"@type":"Organization","@id":"https:\/\/www.encontracamacari.com.br\/sobre\/#organization","name":"Encontra Cama\u00e7ari","description":"Not\u00edcias, eventos, informa\u00e7\u00f5es e dicas na cidade de Cama\u00e7ari e regi\u00e3o.","url":"https:\/\/www.encontracamacari.com.br\/sobre\/"},{"@type":"Person","@id":"https:\/\/www.encontracamacari.com.br\/sobre\/author\/ecamacari\/#author","url":"https:\/\/www.encontracamacari.com.br\/sobre\/author\/ecamacari\/","name":"Encontra Cama\u00e7ari","image":{"@type":"ImageObject","@id":"https:\/\/www.encontracamacari.com.br\/sobre\/camacari-e-destaque-em-debate-sobre-turismo-e-economia-criativa-na-bahia\/#authorImage","url":"https:\/\/secure.gravatar.com\/avatar\/507340682b8270222e1f208e23198b6ae7e2c6a1033ae84e99bc6bce4f82a387?s=96&d=mm&r=g","width":96,"height":96,"caption":"Encontra Cama\u00e7ari"}},{"@type":"WebPage","@id":"https:\/\/www.encontracamacari.com.br\/sobre\/camacari-e-destaque-em-debate-sobre-turismo-e-economia-criativa-na-bahia\/#webpage","url":"https:\/\/www.encontracamacari.com.br\/sobre\/camacari-e-destaque-em-debate-sobre-turismo-e-economia-criativa-na-bahia\/","name":"Cama\u00e7ari \u00e9 destaque em debate sobre turismo e economia criativa na Bahia - Encontra Cama\u00e7ari","description":"Cama\u00e7ari destaca-se no turismo e economia criativa, explorando novas oportunidades.","inLanguage":"pt-BR","isPartOf":{"@id":"https:\/\/www.encontracamacari.com.br\/sobre\/#website"},"breadcrumb":{"@id":"https:\/\/www.encontracamacari.com.br\/sobre\/camacari-e-destaque-em-debate-sobre-turismo-e-economia-criativa-na-bahia\/#breadcrumblist"},"author":{"@id":"https:\/\/www.encontracamacari.com.br\/sobre\/author\/ecamacari\/#author"},"creator":{"@id":"https:\/\/www.encontracamacari.com.br\/sobre\/author\/ecamacari\/#author"},"image":{"@type":"ImageObject","url":"https:\/\/www.encontracamacari.com.br\/sobre\/wp-content\/uploads\/2026\/08\/camacari-e-destaque-em-debate-sobre-turismo-e-economia-criativa-na-bahia.webp","@id":"https:\/\/www.encontracamacari.com.br\/sobre\/camacari-e-destaque-em-debate-sobre-turismo-e-economia-criativa-na-bahia\/#mainImage","width":280,"height":280,"caption":"turismo e economia criativa na Bahia"},"primaryImageOfPage":{"@id":"https:\/\/www.encontracamacari.com.br\/sobre\/camacari-e-destaque-em-debate-sobre-turismo-e-economia-criativa-na-bahia\/#mainImage"},"datePublished":"2026-08-28T00:46:42+00:00","dateModified":"2026-08-28T00:46:42+00:00"},{"@type":"WebSite","@id":"https:\/\/www.encontracamacari.com.br\/sobre\/#website","url":"https:\/\/www.encontracamacari.com.br\/sobre\/","name":"Encontra Cama\u00e7ari","description":"Not\u00edcias, eventos, informa\u00e7\u00f5es e dicas na cidade de Cama\u00e7ari e regi\u00e3o.","inLanguage":"pt-BR","publisher":{"@id":"https:\/\/www.encontracamacari.com.br\/sobre\/#organization"}}]},"og:locale":"pt_BR","og:site_name":"Encontra Cama\u00e7ari - Not\u00edcias, eventos, informa\u00e7\u00f5es e dicas na cidade de Cama\u00e7ari e regi\u00e3o.","og:type":"article","og:title":"Cama\u00e7ari \u00e9 destaque em debate sobre turismo e economia criativa na Bahia - Encontra Cama\u00e7ari","og:description":"Cama\u00e7ari destaca-se no turismo e economia criativa, explorando novas oportunidades.","og:url":"https:\/\/www.encontracamacari.com.br\/sobre\/camacari-e-destaque-em-debate-sobre-turismo-e-economia-criativa-na-bahia\/","article:published_time":"2026-08-28T00:46:42+00:00","article:modified_time":"2026-08-28T00:46:42+00:00","twitter:card":"summary_large_image","twitter:title":"Cama\u00e7ari \u00e9 destaque em debate sobre turismo e economia criativa na Bahia - Encontra Cama\u00e7ari","twitter:description":"Cama\u00e7ari destaca-se no turismo e economia criativa, explorando novas oportunidades."},"aioseo_meta_data":{"post_id":"1833","title":null,"description":null,"keywords":null,"keyphrases":null,"primary_term":null,"canonical_url":null,"og_title":null,"og_description":null,"og_object_type":"default","og_image_type":"default","og_image_url":null,"og_image_width":null,"og_image_height":null,"og_image_custom_url":null,"og_image_custom_fields":null,"og_video":null,"og_custom_url":null,"og_article_section":null,"og_article_tags":null,"twitter_use_og":false,"twitter_card":"default","twitter_image_type":"default","twitter_image_url":null,"twitter_image_custom_url":null,"twitter_image_custom_fields":null,"twitter_title":null,"twitter_description":null,"schema":{"blockGraphs":[],"customGraphs":[],"default":{"data":{"Article":[],"Course":[],"Dataset":[],"FAQPage":[],"Movie":[],"Person":[],"Product":[],"ProductReview":[],"Car":[],"Recipe":[],"Service":[],"SoftwareApplication":[],"WebPage":[]},"graphName":"BlogPosting","isEnabled":true},"graphs":[]},"schema_type":"default","schema_type_options":null,"pillar_content":false,"robots_default":true,"robots_noindex":false,"robots_noarchive":false,"robots_nosnippet":false,"robots_nofollow":false,"robots_noimageindex":false,"robots_noodp":false,"robots_notranslate":false,"robots_max_snippet":null,"robots_max_videopreview":null,"robots_max_imagepreview":"large","priority":null,"frequency":null,"local_seo":null,"limit_modified_date":false,"created":"2026-08-28 00:46:42","updated":"2026-08-28 01:36:33","focus_keyword":null,"additional_keywords":null,"truseo_locale":null,"ai":null,"breadcrumb_settings":null,"seo_analyzer_scan_date":null},"aioseo_breadcrumb":"<div class=\"aioseo-breadcrumbs\"><span class=\"aioseo-breadcrumb\">\n\t\t\t<a href=\"https:\/\/www.encontracamacari.com.br\/sobre\" title=\"Home\">Home<\/a>\n\t\t<\/span><span class=\"aioseo-breadcrumb-separator\">&raquo;<\/span><span class=\"aioseo-breadcrumb\">\n\t\t\t<a href=\"https:\/\/www.encontracamacari.com.br\/sobre\/cultura-em-camacari\/\" title=\"Cultura Cama\u00e7ari\">Cultura Cama\u00e7ari<\/a>\n\t\t<\/span><span class=\"aioseo-breadcrumb-separator\">&raquo;<\/span><span class=\"aioseo-breadcrumb\">\n\t\t\tCama\u00e7ari \u00e9 destaque em debate sobre turismo e economia criativa na Bahia\n\t\t<\/span><\/div>","aioseo_breadcrumb_json":[{"label":"Home","link":"https:\/\/www.encontracamacari.com.br\/sobre"},{"label":"Cultura Cama\u00e7ari","link":"https:\/\/www.encontracamacari.com.br\/sobre\/cultura-em-camacari\/"},{"label":"Cama\u00e7ari \u00e9 destaque em debate sobre turismo e economia criativa na Bahia","link":"https:\/\/www.encontracamacari.com.br\/sobre\/camacari-e-destaque-em-debate-sobre-turismo-e-economia-criativa-na-bahia\/"}],"_links":{"self":[{"href":"https:\/\/www.encontracamacari.com.br\/sobre\/wp-json\/wp\/v2\/posts\/1833","targetHints":{"allow":["GET"]}}],"collection":[{"href":"https:\/\/www.encontracamacari.com.br\/sobre\/wp-json\/wp\/v2\/posts"}],"about":[{"href":"https:\/\/www.encontracamacari.com.br\/sobre\/wp-json\/wp\/v2\/types\/post"}],"author":[{"embeddable":true,"href":"https:\/\/www.encontracamacari.com.br\/sobre\/wp-json\/wp\/v2\/users\/1"}],"replies":[{"embeddable":true,"href":"https:\/\/www.encontracamacari.com.br\/sobre\/wp-json\/wp\/v2\/comments?post=1833"}],"version-history":[{"count":0,"href":"https:\/\/www.encontracamacari.com.br\/sobre\/wp-json\/wp\/v2\/posts\/1833\/revisions"}],"wp:featuredmedia":[{"embeddable":true,"href":"https:\/\/www.encontracamacari.com.br\/sobre\/wp-json\/wp\/v2\/media\/1832"}],"wp:attachment":[{"href":"https:\/\/www.encontracamacari.com.br\/sobre\/wp-json\/wp\/v2\/media?parent=1833"}],"wp:term":[{"taxonomy":"category","embeddable":true,"href":"https:\/\/www.encontracamacari.com.br\/sobre\/wp-json\/wp\/v2\/categories?post=1833"},{"taxonomy":"post_tag","embeddable":true,"href":"https:\/\/www.encontracamacari.com.br\/sobre\/wp-json\/wp\/v2\/tags?post=1833"}],"curies":[{"name":"wp","href":"https:\/\/api.w.org\/{rel}","templated":true}]}}