{"id":1821,"date":"2026-08-27T00:11:53","date_gmt":"2026-08-27T00:11:53","guid":{"rendered":"https:\/\/www.encontracamacari.com.br\/sobre\/byd-apresenta-o-primeiro-carro-fabricado-inteiramente-em-camacari\/"},"modified":"2026-08-27T00:11:53","modified_gmt":"2026-08-27T00:11:53","slug":"byd-apresenta-o-primeiro-carro-fabricado-inteiramente-em-camacari","status":"publish","type":"post","link":"https:\/\/www.encontracamacari.com.br\/sobre\/byd-apresenta-o-primeiro-carro-fabricado-inteiramente-em-camacari\/","title":{"rendered":"BYD APRESENTA O PRIMEIRO CARRO FABRICADO INTEIRAMENTE EM CAMA\u00c7ARI"},"content":{"rendered":"<div class=\"2410bb7248a64bb1f71103797e0f239b\" data-index=\"1\" style=\"float: none; margin:0px;\">\n<ins class=\"adsbygoogle\"\r\n     style=\"display:block\"\r\n     data-ad-client=\"ca-pub-8585364105181520\"\r\n     data-ad-slot=\"8789329856\"\r\n     data-ad-format=\"auto\"\r\n     data-full-width-responsive=\"true\"><\/ins>\r\n<script>\r\n     (adsbygoogle = window.adsbygoogle || []).push({});\r\n<\/script>\n<\/div>\n<h2>Novos Rumos da BYD na Bahia<\/h2>\n<p>Recentemente, a BYD, uma das principais montadoras de ve\u00edculos el\u00e9tricos do mundo, tomou um passo significativo na expans\u00e3o de suas opera\u00e7\u00f5es na Bahia. A apresenta\u00e7\u00e3o da nova picape Mako em Cama\u00e7ari, durante o Festival Interlagos, marcou um momento hist\u00f3rico, sendo o primeiro ve\u00edculo produzido integralmente no Brasil pela marca. Este marco simboliza a crescente import\u00e2ncia da Bahia no cen\u00e1rio automobil\u00edstico nacional.<\/p>\n<h2>Detalhes da Picape H\u00edbrida Mako<\/h2>\n<p>A picape Mako \u00e9 uma inovadora op\u00e7\u00e3o no mercado brasileiro, destacando-se por ser h\u00edbrida plug-in flex. Com um design moderno e caracter\u00edsticas que se aproximam da concorr\u00eancia, como a Fiat Toro e a Volkswagen Tukan, a Mako promete trazer tecnologias avan\u00e7adas que visam oferecer efici\u00eancia energ\u00e9tica e uma experi\u00eancia de condu\u00e7\u00e3o superior. Inspirada no tubar\u00e3o Mako, conhecido por sua velocidade, essa caminhonete reflete a ambi\u00e7\u00e3o da BYD de liderar o mercado de ve\u00edculos el\u00e9tricos e h\u00edbridos.<\/p>\n<h2>Expectativas para a Produ\u00e7\u00e3o Local<\/h2>\n<p>A chegada da Mako \u00e0 planta de Cama\u00e7ari abre novas oportunidades de produ\u00e7\u00e3o e desenvolvimento na regi\u00e3o. As opera\u00e7\u00f5es na f\u00e1brica est\u00e3o em andamento, com um ritmo acelerado para assegurar que as etapas produtivas avancem rapidamente. Inicialmente, a empresa planeja iniciar os processos de pintura e solda nas pr\u00f3ximas semanas, seguida pela fase de estamparia, prevista para come\u00e7ar em setembro. Essas atividades marcam um grande avan\u00e7o na fabrica\u00e7\u00e3o local de ve\u00edculos e s\u00e3o um indicativo do investimento cont\u00ednuo da BYD na Bahia.<\/p>\n<p><img decoding=\"async\" src=\"https:\/\/www.encontracamacari.com.br\/sobre\/wp-content\/uploads\/2026\/08\/byd-apresenta-o-primeiro-carro-fabricado-inteiramente-em-camacari.webp\" alt=\"carro fabricado em Cama\u00e7ari\" loading=\"lazy\" \/><\/p>\n<h2>A Import\u00e2ncia de Cama\u00e7ari na Ind\u00fastria Automotiva<\/h2>\n<p>A cidade de Cama\u00e7ari \u00e9 um polo estrat\u00e9gico para a ind\u00fastria automotiva brasileira. O complexo industrial da regi\u00e3o abriga diversas montadoras e fornecedores, tornando-se um hub vital para o setor. A instala\u00e7\u00e3o da f\u00e1brica da BYD refor\u00e7a ainda mais este status, contribuindo para a gera\u00e7\u00e3o de empregos e o desenvolvimento econ\u00f4mico local. A presen\u00e7a da BYD promete aumentar a competitividade da regi\u00e3o e atrair novos investimentos.<\/p>\n<h2>Tecnologia H\u00edbrida: O Futuro dos Ve\u00edculos<\/h2>\n<p>A tecnologia h\u00edbrida plug-in est\u00e1 se tornando cada vez mais relevante, especialmente \u00e0 medida que os consumidores buscam op\u00e7\u00f5es mais sustent\u00e1veis. A Mako, como uma picape h\u00edbrida, oferece uma alternativa interessante, combinando um motor de combust\u00e3o interna com um sistema el\u00e9trico, permitindo que os usu\u00e1rios possam optar por uma condu\u00e7\u00e3o mais ecol\u00f3gica sem abrir m\u00e3o da versatilidade de um ve\u00edculo utilit\u00e1rio. A BYD, por meio de sua expertise em tecnologia de baterias e motoriza\u00e7\u00e3o el\u00e9trica, est\u00e1 posicionada para ser uma l\u00edder neste segmento crescente.<\/p><div class=\"2410bb7248a64bb1f71103797e0f239b\" data-index=\"2\" style=\"float: none; margin:0px;\">\n<ins class=\"adsbygoogle\"\r\n     style=\"display:block; text-align:center;\"\r\n     data-ad-layout=\"in-article\"\r\n     data-ad-format=\"fluid\"\r\n     data-ad-client=\"ca-pub-8585364105181520\"\r\n     data-ad-slot=\"2899217073\"><\/ins>\r\n<script>\r\n     (adsbygoogle = window.adsbygoogle || []).push({});\r\n<\/script>\r\n\r\n<\/br><\/br>\n<\/div>\n\n<h2>Comparando a Mako com Concorrentes<\/h2>\n<p>A Mako se destaca entre suas concorrentes gra\u00e7as ao seu design distintivo, capacidade h\u00edbrida e funcionalidades planejadas. Enquanto a Fiat Toro \u00e9 uma refer\u00eancia consolidada no mercado de picapes intermedi\u00e1rias, a Volkswagen Tukan, embora nova, j\u00e1 vem ganhando aten\u00e7\u00e3o. A proposta da BYD n\u00e3o s\u00f3 busca competir com essas alternativas, mas tamb\u00e9m super\u00e1-las com tecnologia de ponta e inova\u00e7\u00e3o, oferecendo ao consumidor mais op\u00e7\u00f5es no mercado.<\/p>\n<h2>Fases de Produ\u00e7\u00e3o e Cronograma<\/h2>\n<p>O cronograma de produ\u00e7\u00e3o da Mako em Cama\u00e7ari \u00e9 um plano cuidadosamente elaborado, visando otimizar cada fase do processo. At\u00e9 setembro, a empresa espera concluir a fase de estamparia, seguida pela montagem e testes de qualidade. A expectativa \u00e9 que a Mako se torne dispon\u00edvel nas concession\u00e1rias entre o final de 2026 e o in\u00edcio de 2027, estabelecendo a BYD como uma nova op\u00e7\u00e3o relevante no mercado automotivo brasileiro.<\/p>\n<h2>Inova\u00e7\u00f5es e Design do Ve\u00edculo<\/h2>\n<p>No que diz respeito ao design, a Mako apresenta uma apar\u00eancia robusta e esportiva, que atrai a aten\u00e7\u00e3o. As fitas inspiradas na tradicional fitinha do Senhor do Bonfim adicionam um toque regional \u00fanico ao ve\u00edculo. Al\u00e9m disso, o interior do prot\u00f3tipo, embora ainda n\u00e3o tenha sido revelado, promete inova\u00e7\u00f5es que visam melhorar a experi\u00eancia do usu\u00e1rio, refletindo a modernidade e a sofistica\u00e7\u00e3o esperadas de um ve\u00edculo topo de linha.<\/p>\n<h2>Impacto Econ\u00f4mico Regional<\/h2>\n<p>Com a introdu\u00e7\u00e3o da Mako na produ\u00e7\u00e3o local, espera-se um impacto positivo na economia da Bahia. A cria\u00e7\u00e3o de novos postos de trabalho e o fortalecimento da cadeia produtiva s\u00e3o fundamentais para o crescimento econ\u00f4mico regional. Al\u00e9m disso, a atua\u00e7\u00e3o da BYD deve atrair outras empresas do setor automotivo, solidificando a posi\u00e7\u00e3o da Bahia como um centro automobil\u00edstico importante no Brasil.<\/p>\n<h2>O que Esperar de Lan\u00e7amentos Futuros<\/h2>\n<p>O futuro da BYD na Bahia parece promissor com a introdu\u00e7\u00e3o da Mako e outros poss\u00edveis lan\u00e7amentos. A estrat\u00e9gia da montadora inclui n\u00e3o apenas a produ\u00e7\u00e3o de picapes, mas tamb\u00e9m a expans\u00e3o de sua linha de ve\u00edculos el\u00e9tricos e h\u00edbridos. A expectativa \u00e9 que novos modelos sejam desenvolvidos, aproveitando a infraestrutura de Cama\u00e7ari e a demanda crescente por solu\u00e7\u00f5es de mobilidade sustent\u00e1vel.<\/p>\n<div class=\"2410bb7248a64bb1f71103797e0f239b\" data-index=\"3\" style=\"float: none; margin:0px;\">\n<\/br><\/br>\r\n\r\n<ins class=\"adsbygoogle\"\r\n     style=\"display:block\"\r\n     data-ad-format=\"fluid\"\r\n     data-ad-layout-key=\"-63+do+n-1s+9e\"\r\n     data-ad-client=\"ca-pub-8585364105181520\"\r\n     data-ad-slot=\"6838462089\"><\/ins>\r\n<script>\r\n     (adsbygoogle = window.adsbygoogle || []).push({});\r\n<\/script>\n<\/div>\n\n<div style=\"font-size: 0px; height: 0px; line-height: 0px; margin: 0; padding: 0; clear: both;\"><\/div>","protected":false},"excerpt":{"rendered":"<p>BYD apresenta carro fabricado em Cama\u00e7ari, marcando um novo cap\u00edtulo na ind\u00fastria automotiva.<\/p>\n","protected":false},"author":1,"featured_media":1820,"comment_status":"open","ping_status":"closed","sticky":false,"template":"","format":"standard","meta":{"footnotes":""},"categories":[21],"tags":[],"class_list":["post-1821","post","type-post","status-publish","format-standard","has-post-thumbnail","hentry","category-veiculos-em-camacari","has_thumb"],"aioseo_notices":[],"aioseo_head":"\n\t\t<!-- All in One SEO 5.0.0.1 - aioseo.com -->\n\t<meta name=\"description\" content=\"BYD apresenta carro fabricado em Cama\u00e7ari, marcando um novo cap\u00edtulo na ind\u00fastria automotiva.\" \/>\n\t<meta name=\"robots\" content=\"max-image-preview:large\" \/>\n\t<meta name=\"author\" content=\"Encontra Cama\u00e7ari\"\/>\n\t<link rel=\"canonical\" href=\"https:\/\/www.encontracamacari.com.br\/sobre\/byd-apresenta-o-primeiro-carro-fabricado-inteiramente-em-camacari\/\" \/>\n\t<meta name=\"generator\" content=\"All in One SEO (AIOSEO) 5.0.0.1\" \/>\n\t\t<meta property=\"og:locale\" content=\"pt_BR\" \/>\n\t\t<meta property=\"og:site_name\" content=\"Encontra Cama\u00e7ari - Not\u00edcias, eventos, informa\u00e7\u00f5es e dicas na cidade de Cama\u00e7ari e regi\u00e3o.\" \/>\n\t\t<meta property=\"og:type\" content=\"article\" \/>\n\t\t<meta property=\"og:title\" content=\"BYD APRESENTA O PRIMEIRO CARRO FABRICADO INTEIRAMENTE EM CAMA\u00c7ARI - Encontra Cama\u00e7ari\" \/>\n\t\t<meta property=\"og:description\" content=\"BYD apresenta carro fabricado em Cama\u00e7ari, marcando um novo cap\u00edtulo na ind\u00fastria automotiva.\" \/>\n\t\t<meta property=\"og:url\" content=\"https:\/\/www.encontracamacari.com.br\/sobre\/byd-apresenta-o-primeiro-carro-fabricado-inteiramente-em-camacari\/\" \/>\n\t\t<meta property=\"article:published_time\" content=\"2026-08-27T00:11:53+00:00\" \/>\n\t\t<meta property=\"article:modified_time\" content=\"2026-08-27T00:11:53+00:00\" \/>\n\t\t<meta name=\"twitter:card\" content=\"summary_large_image\" \/>\n\t\t<meta name=\"twitter:title\" content=\"BYD APRESENTA O PRIMEIRO CARRO FABRICADO INTEIRAMENTE EM CAMA\u00c7ARI - Encontra Cama\u00e7ari\" \/>\n\t\t<meta name=\"twitter:description\" content=\"BYD apresenta carro fabricado em Cama\u00e7ari, marcando um novo cap\u00edtulo na ind\u00fastria automotiva.\" \/>\n\t\t<script type=\"application\/ld+json\" class=\"aioseo-schema\">\n\t\t\t{\"@context\":\"https:\\\/\\\/schema.org\",\"@graph\":[{\"@type\":\"BlogPosting\",\"@id\":\"https:\\\/\\\/www.encontracamacari.com.br\\\/sobre\\\/byd-apresenta-o-primeiro-carro-fabricado-inteiramente-em-camacari\\\/#blogposting\",\"name\":\"BYD APRESENTA O PRIMEIRO CARRO FABRICADO INTEIRAMENTE EM CAMA\\u00c7ARI - Encontra Cama\\u00e7ari\",\"headline\":\"BYD APRESENTA O PRIMEIRO CARRO FABRICADO INTEIRAMENTE EM CAMA\\u00c7ARI\",\"author\":{\"@id\":\"https:\\\/\\\/www.encontracamacari.com.br\\\/sobre\\\/author\\\/ecamacari\\\/#author\"},\"publisher\":{\"@id\":\"https:\\\/\\\/www.encontracamacari.com.br\\\/sobre\\\/#organization\"},\"image\":{\"@type\":\"ImageObject\",\"url\":\"https:\\\/\\\/www.encontracamacari.com.br\\\/sobre\\\/wp-content\\\/uploads\\\/2026\\\/08\\\/byd-apresenta-o-primeiro-carro-fabricado-inteiramente-em-camacari.webp\",\"width\":280,\"height\":280,\"caption\":\"carro fabricado em Cama\\u00e7ari\"},\"datePublished\":\"2026-08-27T00:11:53+00:00\",\"dateModified\":\"2026-08-27T00:11:53+00:00\",\"inLanguage\":\"pt-BR\",\"mainEntityOfPage\":{\"@id\":\"https:\\\/\\\/www.encontracamacari.com.br\\\/sobre\\\/byd-apresenta-o-primeiro-carro-fabricado-inteiramente-em-camacari\\\/#webpage\"},\"isPartOf\":{\"@id\":\"https:\\\/\\\/www.encontracamacari.com.br\\\/sobre\\\/byd-apresenta-o-primeiro-carro-fabricado-inteiramente-em-camacari\\\/#webpage\"},\"articleSection\":\"Ve\\u00edculos Cama\\u00e7ari\"},{\"@type\":\"BreadcrumbList\",\"@id\":\"https:\\\/\\\/www.encontracamacari.com.br\\\/sobre\\\/byd-apresenta-o-primeiro-carro-fabricado-inteiramente-em-camacari\\\/#breadcrumblist\",\"itemListElement\":[{\"@type\":\"ListItem\",\"@id\":\"https:\\\/\\\/www.encontracamacari.com.br\\\/sobre#listItem\",\"position\":1,\"name\":\"Home\",\"item\":\"https:\\\/\\\/www.encontracamacari.com.br\\\/sobre\",\"nextItem\":{\"@type\":\"ListItem\",\"@id\":\"https:\\\/\\\/www.encontracamacari.com.br\\\/sobre\\\/veiculos-em-camacari\\\/#listItem\",\"name\":\"Ve\\u00edculos Cama\\u00e7ari\"}},{\"@type\":\"ListItem\",\"@id\":\"https:\\\/\\\/www.encontracamacari.com.br\\\/sobre\\\/veiculos-em-camacari\\\/#listItem\",\"position\":2,\"name\":\"Ve\\u00edculos Cama\\u00e7ari\",\"item\":\"https:\\\/\\\/www.encontracamacari.com.br\\\/sobre\\\/veiculos-em-camacari\\\/\",\"nextItem\":{\"@type\":\"ListItem\",\"@id\":\"https:\\\/\\\/www.encontracamacari.com.br\\\/sobre\\\/byd-apresenta-o-primeiro-carro-fabricado-inteiramente-em-camacari\\\/#listItem\",\"name\":\"BYD APRESENTA O PRIMEIRO CARRO FABRICADO INTEIRAMENTE EM CAMA\\u00c7ARI\"},\"previousItem\":{\"@type\":\"ListItem\",\"@id\":\"https:\\\/\\\/www.encontracamacari.com.br\\\/sobre#listItem\",\"name\":\"Home\"}},{\"@type\":\"ListItem\",\"@id\":\"https:\\\/\\\/www.encontracamacari.com.br\\\/sobre\\\/byd-apresenta-o-primeiro-carro-fabricado-inteiramente-em-camacari\\\/#listItem\",\"position\":3,\"name\":\"BYD APRESENTA O PRIMEIRO CARRO FABRICADO INTEIRAMENTE EM CAMA\\u00c7ARI\",\"previousItem\":{\"@type\":\"ListItem\",\"@id\":\"https:\\\/\\\/www.encontracamacari.com.br\\\/sobre\\\/veiculos-em-camacari\\\/#listItem\",\"name\":\"Ve\\u00edculos Cama\\u00e7ari\"}}]},{\"@type\":\"Organization\",\"@id\":\"https:\\\/\\\/www.encontracamacari.com.br\\\/sobre\\\/#organization\",\"name\":\"Encontra Cama\\u00e7ari\",\"description\":\"Not\\u00edcias, eventos, informa\\u00e7\\u00f5es e dicas na cidade de Cama\\u00e7ari e regi\\u00e3o.\",\"url\":\"https:\\\/\\\/www.encontracamacari.com.br\\\/sobre\\\/\"},{\"@type\":\"Person\",\"@id\":\"https:\\\/\\\/www.encontracamacari.com.br\\\/sobre\\\/author\\\/ecamacari\\\/#author\",\"url\":\"https:\\\/\\\/www.encontracamacari.com.br\\\/sobre\\\/author\\\/ecamacari\\\/\",\"name\":\"Encontra Cama\\u00e7ari\",\"image\":{\"@type\":\"ImageObject\",\"@id\":\"https:\\\/\\\/www.encontracamacari.com.br\\\/sobre\\\/byd-apresenta-o-primeiro-carro-fabricado-inteiramente-em-camacari\\\/#authorImage\",\"url\":\"https:\\\/\\\/secure.gravatar.com\\\/avatar\\\/507340682b8270222e1f208e23198b6ae7e2c6a1033ae84e99bc6bce4f82a387?s=96&d=mm&r=g\",\"width\":96,\"height\":96,\"caption\":\"Encontra Cama\\u00e7ari\"}},{\"@type\":\"WebPage\",\"@id\":\"https:\\\/\\\/www.encontracamacari.com.br\\\/sobre\\\/byd-apresenta-o-primeiro-carro-fabricado-inteiramente-em-camacari\\\/#webpage\",\"url\":\"https:\\\/\\\/www.encontracamacari.com.br\\\/sobre\\\/byd-apresenta-o-primeiro-carro-fabricado-inteiramente-em-camacari\\\/\",\"name\":\"BYD APRESENTA O PRIMEIRO CARRO FABRICADO INTEIRAMENTE EM CAMA\\u00c7ARI - Encontra Cama\\u00e7ari\",\"description\":\"BYD apresenta carro fabricado em Cama\\u00e7ari, marcando um novo cap\\u00edtulo na ind\\u00fastria automotiva.\",\"inLanguage\":\"pt-BR\",\"isPartOf\":{\"@id\":\"https:\\\/\\\/www.encontracamacari.com.br\\\/sobre\\\/#website\"},\"breadcrumb\":{\"@id\":\"https:\\\/\\\/www.encontracamacari.com.br\\\/sobre\\\/byd-apresenta-o-primeiro-carro-fabricado-inteiramente-em-camacari\\\/#breadcrumblist\"},\"author\":{\"@id\":\"https:\\\/\\\/www.encontracamacari.com.br\\\/sobre\\\/author\\\/ecamacari\\\/#author\"},\"creator\":{\"@id\":\"https:\\\/\\\/www.encontracamacari.com.br\\\/sobre\\\/author\\\/ecamacari\\\/#author\"},\"image\":{\"@type\":\"ImageObject\",\"url\":\"https:\\\/\\\/www.encontracamacari.com.br\\\/sobre\\\/wp-content\\\/uploads\\\/2026\\\/08\\\/byd-apresenta-o-primeiro-carro-fabricado-inteiramente-em-camacari.webp\",\"@id\":\"https:\\\/\\\/www.encontracamacari.com.br\\\/sobre\\\/byd-apresenta-o-primeiro-carro-fabricado-inteiramente-em-camacari\\\/#mainImage\",\"width\":280,\"height\":280,\"caption\":\"carro fabricado em Cama\\u00e7ari\"},\"primaryImageOfPage\":{\"@id\":\"https:\\\/\\\/www.encontracamacari.com.br\\\/sobre\\\/byd-apresenta-o-primeiro-carro-fabricado-inteiramente-em-camacari\\\/#mainImage\"},\"datePublished\":\"2026-08-27T00:11:53+00:00\",\"dateModified\":\"2026-08-27T00:11:53+00:00\"},{\"@type\":\"WebSite\",\"@id\":\"https:\\\/\\\/www.encontracamacari.com.br\\\/sobre\\\/#website\",\"url\":\"https:\\\/\\\/www.encontracamacari.com.br\\\/sobre\\\/\",\"name\":\"Encontra Cama\\u00e7ari\",\"description\":\"Not\\u00edcias, eventos, informa\\u00e7\\u00f5es e dicas na cidade de Cama\\u00e7ari e regi\\u00e3o.\",\"inLanguage\":\"pt-BR\",\"publisher\":{\"@id\":\"https:\\\/\\\/www.encontracamacari.com.br\\\/sobre\\\/#organization\"}}]}\n\t\t<\/script>\n\t\t<!-- All in One SEO -->\n\n","aioseo_head_json":{"title":"BYD APRESENTA O PRIMEIRO CARRO FABRICADO INTEIRAMENTE EM CAMA\u00c7ARI - Encontra Cama\u00e7ari","description":"BYD apresenta carro fabricado em Cama\u00e7ari, marcando um novo cap\u00edtulo na ind\u00fastria automotiva.","canonical_url":"https:\/\/www.encontracamacari.com.br\/sobre\/byd-apresenta-o-primeiro-carro-fabricado-inteiramente-em-camacari\/","robots":"max-image-preview:large","keywords":"","webmasterTools":{"miscellaneous":""},"schema":{"@context":"https:\/\/schema.org","@graph":[{"@type":"BlogPosting","@id":"https:\/\/www.encontracamacari.com.br\/sobre\/byd-apresenta-o-primeiro-carro-fabricado-inteiramente-em-camacari\/#blogposting","name":"BYD APRESENTA O PRIMEIRO CARRO FABRICADO INTEIRAMENTE EM CAMA\u00c7ARI - Encontra Cama\u00e7ari","headline":"BYD APRESENTA O PRIMEIRO CARRO FABRICADO INTEIRAMENTE EM CAMA\u00c7ARI","author":{"@id":"https:\/\/www.encontracamacari.com.br\/sobre\/author\/ecamacari\/#author"},"publisher":{"@id":"https:\/\/www.encontracamacari.com.br\/sobre\/#organization"},"image":{"@type":"ImageObject","url":"https:\/\/www.encontracamacari.com.br\/sobre\/wp-content\/uploads\/2026\/08\/byd-apresenta-o-primeiro-carro-fabricado-inteiramente-em-camacari.webp","width":280,"height":280,"caption":"carro fabricado em Cama\u00e7ari"},"datePublished":"2026-08-27T00:11:53+00:00","dateModified":"2026-08-27T00:11:53+00:00","inLanguage":"pt-BR","mainEntityOfPage":{"@id":"https:\/\/www.encontracamacari.com.br\/sobre\/byd-apresenta-o-primeiro-carro-fabricado-inteiramente-em-camacari\/#webpage"},"isPartOf":{"@id":"https:\/\/www.encontracamacari.com.br\/sobre\/byd-apresenta-o-primeiro-carro-fabricado-inteiramente-em-camacari\/#webpage"},"articleSection":"Ve\u00edculos Cama\u00e7ari"},{"@type":"BreadcrumbList","@id":"https:\/\/www.encontracamacari.com.br\/sobre\/byd-apresenta-o-primeiro-carro-fabricado-inteiramente-em-camacari\/#breadcrumblist","itemListElement":[{"@type":"ListItem","@id":"https:\/\/www.encontracamacari.com.br\/sobre#listItem","position":1,"name":"Home","item":"https:\/\/www.encontracamacari.com.br\/sobre","nextItem":{"@type":"ListItem","@id":"https:\/\/www.encontracamacari.com.br\/sobre\/veiculos-em-camacari\/#listItem","name":"Ve\u00edculos Cama\u00e7ari"}},{"@type":"ListItem","@id":"https:\/\/www.encontracamacari.com.br\/sobre\/veiculos-em-camacari\/#listItem","position":2,"name":"Ve\u00edculos Cama\u00e7ari","item":"https:\/\/www.encontracamacari.com.br\/sobre\/veiculos-em-camacari\/","nextItem":{"@type":"ListItem","@id":"https:\/\/www.encontracamacari.com.br\/sobre\/byd-apresenta-o-primeiro-carro-fabricado-inteiramente-em-camacari\/#listItem","name":"BYD APRESENTA O PRIMEIRO CARRO FABRICADO INTEIRAMENTE EM CAMA\u00c7ARI"},"previousItem":{"@type":"ListItem","@id":"https:\/\/www.encontracamacari.com.br\/sobre#listItem","name":"Home"}},{"@type":"ListItem","@id":"https:\/\/www.encontracamacari.com.br\/sobre\/byd-apresenta-o-primeiro-carro-fabricado-inteiramente-em-camacari\/#listItem","position":3,"name":"BYD APRESENTA O PRIMEIRO CARRO FABRICADO INTEIRAMENTE EM CAMA\u00c7ARI","previousItem":{"@type":"ListItem","@id":"https:\/\/www.encontracamacari.com.br\/sobre\/veiculos-em-camacari\/#listItem","name":"Ve\u00edculos Cama\u00e7ari"}}]},{"@type":"Organization","@id":"https:\/\/www.encontracamacari.com.br\/sobre\/#organization","name":"Encontra Cama\u00e7ari","description":"Not\u00edcias, eventos, informa\u00e7\u00f5es e dicas na cidade de Cama\u00e7ari e regi\u00e3o.","url":"https:\/\/www.encontracamacari.com.br\/sobre\/"},{"@type":"Person","@id":"https:\/\/www.encontracamacari.com.br\/sobre\/author\/ecamacari\/#author","url":"https:\/\/www.encontracamacari.com.br\/sobre\/author\/ecamacari\/","name":"Encontra Cama\u00e7ari","image":{"@type":"ImageObject","@id":"https:\/\/www.encontracamacari.com.br\/sobre\/byd-apresenta-o-primeiro-carro-fabricado-inteiramente-em-camacari\/#authorImage","url":"https:\/\/secure.gravatar.com\/avatar\/507340682b8270222e1f208e23198b6ae7e2c6a1033ae84e99bc6bce4f82a387?s=96&d=mm&r=g","width":96,"height":96,"caption":"Encontra Cama\u00e7ari"}},{"@type":"WebPage","@id":"https:\/\/www.encontracamacari.com.br\/sobre\/byd-apresenta-o-primeiro-carro-fabricado-inteiramente-em-camacari\/#webpage","url":"https:\/\/www.encontracamacari.com.br\/sobre\/byd-apresenta-o-primeiro-carro-fabricado-inteiramente-em-camacari\/","name":"BYD APRESENTA O PRIMEIRO CARRO FABRICADO INTEIRAMENTE EM CAMA\u00c7ARI - Encontra Cama\u00e7ari","description":"BYD apresenta carro fabricado em Cama\u00e7ari, marcando um novo cap\u00edtulo na ind\u00fastria automotiva.","inLanguage":"pt-BR","isPartOf":{"@id":"https:\/\/www.encontracamacari.com.br\/sobre\/#website"},"breadcrumb":{"@id":"https:\/\/www.encontracamacari.com.br\/sobre\/byd-apresenta-o-primeiro-carro-fabricado-inteiramente-em-camacari\/#breadcrumblist"},"author":{"@id":"https:\/\/www.encontracamacari.com.br\/sobre\/author\/ecamacari\/#author"},"creator":{"@id":"https:\/\/www.encontracamacari.com.br\/sobre\/author\/ecamacari\/#author"},"image":{"@type":"ImageObject","url":"https:\/\/www.encontracamacari.com.br\/sobre\/wp-content\/uploads\/2026\/08\/byd-apresenta-o-primeiro-carro-fabricado-inteiramente-em-camacari.webp","@id":"https:\/\/www.encontracamacari.com.br\/sobre\/byd-apresenta-o-primeiro-carro-fabricado-inteiramente-em-camacari\/#mainImage","width":280,"height":280,"caption":"carro fabricado em Cama\u00e7ari"},"primaryImageOfPage":{"@id":"https:\/\/www.encontracamacari.com.br\/sobre\/byd-apresenta-o-primeiro-carro-fabricado-inteiramente-em-camacari\/#mainImage"},"datePublished":"2026-08-27T00:11:53+00:00","dateModified":"2026-08-27T00:11:53+00:00"},{"@type":"WebSite","@id":"https:\/\/www.encontracamacari.com.br\/sobre\/#website","url":"https:\/\/www.encontracamacari.com.br\/sobre\/","name":"Encontra Cama\u00e7ari","description":"Not\u00edcias, eventos, informa\u00e7\u00f5es e dicas na cidade de Cama\u00e7ari e regi\u00e3o.","inLanguage":"pt-BR","publisher":{"@id":"https:\/\/www.encontracamacari.com.br\/sobre\/#organization"}}]},"og:locale":"pt_BR","og:site_name":"Encontra Cama\u00e7ari - Not\u00edcias, eventos, informa\u00e7\u00f5es e dicas na cidade de Cama\u00e7ari e regi\u00e3o.","og:type":"article","og:title":"BYD APRESENTA O PRIMEIRO CARRO FABRICADO INTEIRAMENTE EM CAMA\u00c7ARI - Encontra Cama\u00e7ari","og:description":"BYD apresenta carro fabricado em Cama\u00e7ari, marcando um novo cap\u00edtulo na ind\u00fastria automotiva.","og:url":"https:\/\/www.encontracamacari.com.br\/sobre\/byd-apresenta-o-primeiro-carro-fabricado-inteiramente-em-camacari\/","article:published_time":"2026-08-27T00:11:53+00:00","article:modified_time":"2026-08-27T00:11:53+00:00","twitter:card":"summary_large_image","twitter:title":"BYD APRESENTA O PRIMEIRO CARRO FABRICADO INTEIRAMENTE EM CAMA\u00c7ARI - Encontra Cama\u00e7ari","twitter:description":"BYD apresenta carro fabricado em Cama\u00e7ari, marcando um novo cap\u00edtulo na ind\u00fastria automotiva."},"aioseo_meta_data":{"post_id":"1821","title":null,"description":null,"keywords":null,"keyphrases":null,"primary_term":null,"canonical_url":null,"og_title":null,"og_description":null,"og_object_type":"default","og_image_type":"default","og_image_url":null,"og_image_width":null,"og_image_height":null,"og_image_custom_url":null,"og_image_custom_fields":null,"og_video":null,"og_custom_url":null,"og_article_section":null,"og_article_tags":null,"twitter_use_og":false,"twitter_card":"default","twitter_image_type":"default","twitter_image_url":null,"twitter_image_custom_url":null,"twitter_image_custom_fields":null,"twitter_title":null,"twitter_description":null,"schema":{"blockGraphs":[],"customGraphs":[],"default":{"data":{"Article":[],"Course":[],"Dataset":[],"FAQPage":[],"Movie":[],"Person":[],"Product":[],"ProductReview":[],"Car":[],"Recipe":[],"Service":[],"SoftwareApplication":[],"WebPage":[]},"graphName":"BlogPosting","isEnabled":true},"graphs":[]},"schema_type":"default","schema_type_options":null,"pillar_content":false,"robots_default":true,"robots_noindex":false,"robots_noarchive":false,"robots_nosnippet":false,"robots_nofollow":false,"robots_noimageindex":false,"robots_noodp":false,"robots_notranslate":false,"robots_max_snippet":null,"robots_max_videopreview":null,"robots_max_imagepreview":"large","priority":null,"frequency":null,"local_seo":null,"limit_modified_date":false,"created":"2026-08-27 00:11:53","updated":"2026-08-27 01:01:07","focus_keyword":null,"additional_keywords":null,"truseo_locale":null,"ai":null,"breadcrumb_settings":null,"seo_analyzer_scan_date":null},"aioseo_breadcrumb":"<div class=\"aioseo-breadcrumbs\"><span class=\"aioseo-breadcrumb\">\n\t\t\t<a href=\"https:\/\/www.encontracamacari.com.br\/sobre\" title=\"Home\">Home<\/a>\n\t\t<\/span><span class=\"aioseo-breadcrumb-separator\">&raquo;<\/span><span class=\"aioseo-breadcrumb\">\n\t\t\t<a href=\"https:\/\/www.encontracamacari.com.br\/sobre\/veiculos-em-camacari\/\" title=\"Ve\u00edculos Cama\u00e7ari\">Ve\u00edculos Cama\u00e7ari<\/a>\n\t\t<\/span><span class=\"aioseo-breadcrumb-separator\">&raquo;<\/span><span class=\"aioseo-breadcrumb\">\n\t\t\tBYD APRESENTA O PRIMEIRO CARRO FABRICADO INTEIRAMENTE EM CAMA\u00c7ARI\n\t\t<\/span><\/div>","aioseo_breadcrumb_json":[{"label":"Home","link":"https:\/\/www.encontracamacari.com.br\/sobre"},{"label":"Ve\u00edculos Cama\u00e7ari","link":"https:\/\/www.encontracamacari.com.br\/sobre\/veiculos-em-camacari\/"},{"label":"BYD APRESENTA O PRIMEIRO CARRO FABRICADO INTEIRAMENTE EM CAMA\u00c7ARI","link":"https:\/\/www.encontracamacari.com.br\/sobre\/byd-apresenta-o-primeiro-carro-fabricado-inteiramente-em-camacari\/"}],"_links":{"self":[{"href":"https:\/\/www.encontracamacari.com.br\/sobre\/wp-json\/wp\/v2\/posts\/1821","targetHints":{"allow":["GET"]}}],"collection":[{"href":"https:\/\/www.encontracamacari.com.br\/sobre\/wp-json\/wp\/v2\/posts"}],"about":[{"href":"https:\/\/www.encontracamacari.com.br\/sobre\/wp-json\/wp\/v2\/types\/post"}],"author":[{"embeddable":true,"href":"https:\/\/www.encontracamacari.com.br\/sobre\/wp-json\/wp\/v2\/users\/1"}],"replies":[{"embeddable":true,"href":"https:\/\/www.encontracamacari.com.br\/sobre\/wp-json\/wp\/v2\/comments?post=1821"}],"version-history":[{"count":0,"href":"https:\/\/www.encontracamacari.com.br\/sobre\/wp-json\/wp\/v2\/posts\/1821\/revisions"}],"wp:featuredmedia":[{"embeddable":true,"href":"https:\/\/www.encontracamacari.com.br\/sobre\/wp-json\/wp\/v2\/media\/1820"}],"wp:attachment":[{"href":"https:\/\/www.encontracamacari.com.br\/sobre\/wp-json\/wp\/v2\/media?parent=1821"}],"wp:term":[{"taxonomy":"category","embeddable":true,"href":"https:\/\/www.encontracamacari.com.br\/sobre\/wp-json\/wp\/v2\/categories?post=1821"},{"taxonomy":"post_tag","embeddable":true,"href":"https:\/\/www.encontracamacari.com.br\/sobre\/wp-json\/wp\/v2\/tags?post=1821"}],"curies":[{"name":"wp","href":"https:\/\/api.w.org\/{rel}","templated":true}]}}