{"id":1795,"date":"2026-08-23T23:49:24","date_gmt":"2026-08-23T23:49:24","guid":{"rendered":"https:\/\/www.encontracamacari.com.br\/sobre\/presidente-do-tjba-encontra\/"},"modified":"2026-08-23T23:49:24","modified_gmt":"2026-08-23T23:49:24","slug":"presidente-do-tjba-encontra","status":"publish","type":"post","link":"https:\/\/www.encontracamacari.com.br\/sobre\/presidente-do-tjba-encontra\/","title":{"rendered":"Presidente do TJBA encontra"},"content":{"rendered":"<div class=\"2410bb7248a64bb1f71103797e0f239b\" data-index=\"1\" style=\"float: none; margin:0px;\">\n<ins class=\"adsbygoogle\"\r\n     style=\"display:block\"\r\n     data-ad-client=\"ca-pub-8585364105181520\"\r\n     data-ad-slot=\"8789329856\"\r\n     data-ad-format=\"auto\"\r\n     data-full-width-responsive=\"true\"><\/ins>\r\n<script>\r\n     (adsbygoogle = window.adsbygoogle || []).push({});\r\n<\/script>\n<\/div>\n<h2>O Contexto da Retirada da Foto<\/h2>\n<p>Em fevereiro de 2026, o F\u00f3rum Clemente Mariani, situado em Cama\u00e7ari, fez circular uma pol\u00eamica envolvendo a candomblecista Solange Borges, chef de cozinha e defensora da cultura afro-brasileira. Sua fotografia foi retirada da galeria de exposi\u00e7\u00f5es do f\u00f3rum a pedido de um juiz local, gerando um descontentamento na comunidade. Essa a\u00e7\u00e3o provocou uma onda de coment\u00e1rios sobre a valoriza\u00e7\u00e3o da diversidade cultural no Brasil e o respeito \u00e0s tradi\u00e7\u00f5es africanas.<\/p>\n<h2>A Rea\u00e7\u00e3o da Comunidade Candomblecista<\/h2>\n<p>Ap\u00f3s a remo\u00e7\u00e3o da foto, diversas manifesta\u00e7\u00f5es ocorreram nas redes sociais e na m\u00eddia, condenando a atitude do juiz e defendendo a import\u00e2ncia do reconhecimento da cultura candomblecista. Os defensores da causa destacaram que a a\u00e7\u00e3o n\u00e3o apenas ofendeu Solange, mas tamb\u00e9m feriu a hist\u00f3ria e a luta de outros candomblecistas. A press\u00e3o da comunidade levou a uma revis\u00e3o da decis\u00e3o e a necessidade de di\u00e1logos sobre o tema foi amplamente reconhecida.<\/p>\n<h2>A Import\u00e2ncia do Reconhecimento Cultural<\/h2>\n<p>O epis\u00f3dio evidenciou a crucial import\u00e2ncia de se valorizar e respeitar as express\u00f5es culturais do Brasil, especialmente aquelas provenientes de tradi\u00e7\u00f5es afro-brasileiras. A cultura candomblecista envolve rituais, pr\u00e1ticas e uma profunda espiritualidade que fazem parte do tecido social brasileiro. O reconhecimento das contribui\u00e7\u00f5es culturais afro-brasileiras \u00e9 vital para promover a coes\u00e3o social e a diversidade no pa\u00eds.<\/p>\n<p><img decoding=\"async\" src=\"https:\/\/www.encontracamacari.com.br\/sobre\/wp-content\/uploads\/2026\/08\/presidente-do-tjba-encontra.webp\" alt=\"presidente do tjba\" loading=\"lazy\" \/><\/p>\n<h2>O Papel do Poder Judici\u00e1rio na Inclus\u00e3o<\/h2>\n<p>O Poder Judici\u00e1rio desempenha um papel crucial na defesa dos direitos humanos e na promo\u00e7\u00e3o da inclus\u00e3o social. A retirada da fotografia de Solange foi um lembrete de que todos t\u00eam direito a serem respeitados e valorizados independentemente de suas cren\u00e7as, ra\u00e7as ou culturas. Para tanto, \u00e9 essencial que os ju\u00edzes e os profissionais da justi\u00e7a estejam atentos \u00e0 diversidade cultural e sejam protagonistas na constru\u00e7\u00e3o de uma sociedade mais justa.<\/p>\n<h2>Palavras do Presidente do TJBA<\/h2>\n<p>Desembargador Jos\u00e9 Edivaldo Rocha Rotondano, presidente do Tribunal de Justi\u00e7a da Bahia, expressou seu pesar em rela\u00e7\u00e3o ao ocorrido durante um encontro com Solange Borges. Ele pediu desculpas publicamente pelo ocorrido, afirmando que o Judici\u00e1rio n\u00e3o admite a\u00e7\u00f5es que desrespeitem a diversidade. &#8220;O dever do Poder Judici\u00e1rio \u00e9 cuidar de pessoas, ouvir e escutar&#8221;, enfatizou Rotondano, ressaltando que todos devem ser tratados com dignidade.<\/p><div class=\"2410bb7248a64bb1f71103797e0f239b\" data-index=\"2\" style=\"float: none; margin:0px;\">\n<ins class=\"adsbygoogle\"\r\n     style=\"display:block; text-align:center;\"\r\n     data-ad-layout=\"in-article\"\r\n     data-ad-format=\"fluid\"\r\n     data-ad-client=\"ca-pub-8585364105181520\"\r\n     data-ad-slot=\"2899217073\"><\/ins>\r\n<script>\r\n     (adsbygoogle = window.adsbygoogle || []).push({});\r\n<\/script>\r\n\r\n<\/br><\/br>\n<\/div>\n\n<h2>O Que Significa Este Encontro?<\/h2>\n<p>O encontro entre o presidente do TJBA e Solange Borges simboliza um passo significativo em dire\u00e7\u00e3o \u00e0 repara\u00e7\u00e3o e ao respeito pelas culturas afro-brasileiras. A restitui\u00e7\u00e3o da fotografia de Solange n\u00e3o \u00e9 apenas uma quest\u00e3o de arte, mas sim um ato de reconhecimento e valoriza\u00e7\u00e3o de uma identidade cultural rica. Este evento reafirma o compromisso do Judici\u00e1rio em promover e salvaguardar a diversidade.<\/p>\n<h2>Impacto na Sociedade Local<\/h2>\n<p>A presen\u00e7a de Solange no F\u00f3rum foi celebrada por muitos, que enxergaram ali uma oportunidade para discutir mais amplamente a inclus\u00e3o e o respeito \u00e0 diversidade dentro da sociedade baiana. O evento tamb\u00e9m potencializou discuss\u00f5es sobre a import\u00e2ncia da representatividade nas institui\u00e7\u00f5es p\u00fablicas e na m\u00eddia. Al\u00e9m disso, promoveu a consci\u00eancia sobre quest\u00f5es relacionadas ao racismo e discrimina\u00e7\u00e3o.<\/p>\n<h2>Culin\u00e1ria Afro-brasileira em Cama\u00e7ari<\/h2>\n<p>Solange \u00e9 propriet\u00e1ria de um restaurante que serve iguarias afro-brasileiras, e sua atua\u00e7\u00e3o na gastronomia \u00e9 uma extens\u00e3o de sua cultura. A culin\u00e1ria \u00e9 uma forma poderosa de expressar tradi\u00e7\u00f5es culturais e promover a identidade afro-brasileira. Atrav\u00e9s da gastronomia, Solange promove o interc\u00e2mbio cultural, educando as pessoas sobre as ra\u00edzes e a import\u00e2ncia das pr\u00e1ticas alimentares associadas ao candombl\u00e9.<\/p>\n<h2>Atitudes de Respeito \u00e0 Diversidade<\/h2>\n<p>O incidente com a fotografia \u00e9 um lembrete de que a\u00e7\u00f5es concretas s\u00e3o necess\u00e1rias para promover um futuro onde a diversidade cultural seja respeitada e celebrada. \u00c9 essencial que todos os setores da sociedade, incluindo a educa\u00e7\u00e3o, a pol\u00edtica e o Judici\u00e1rio, trabalhem em conjunto para criar um ambiente que valorizem as m\u00faltiplas culturas que comp\u00f5em o Brasil. Atitudes de respeito \u00e0 diversidade, como workshops, festas culturais e programas educacionais, podem ajudar a construir um Brasil mais inclusivo.<\/p>\n<h2>Pr\u00f3ximos Passos para Refor\u00e7ar a Inclus\u00e3o<\/h2>\n<p>Para que o processo de inclus\u00e3o seja efetivo, \u00e9 crucial a implementa\u00e7\u00e3o de pol\u00edticas p\u00fablicas que promovam a cultura afro-brasileira. Al\u00e9m disso, recomenda-se o fortalecimento de iniciativas que incentivem a participa\u00e7\u00e3o das comunidades afro-brasileiras na vida p\u00fablica, assegurando que suas vozes e perspectivas sejam ouvidas. Outro passo importante \u00e9 a cria\u00e7\u00e3o de parcerias entre o Judici\u00e1rio e organiza\u00e7\u00f5es civis para promover educa\u00e7\u00e3o e conscientiza\u00e7\u00e3o sobre diversidade e inclus\u00e3o em todas as esferas da sociedade.<\/p>\n<div class=\"2410bb7248a64bb1f71103797e0f239b\" data-index=\"3\" style=\"float: none; margin:0px;\">\n<\/br><\/br>\r\n\r\n<ins class=\"adsbygoogle\"\r\n     style=\"display:block\"\r\n     data-ad-format=\"fluid\"\r\n     data-ad-layout-key=\"-63+do+n-1s+9e\"\r\n     data-ad-client=\"ca-pub-8585364105181520\"\r\n     data-ad-slot=\"6838462089\"><\/ins>\r\n<script>\r\n     (adsbygoogle = window.adsbygoogle || []).push({});\r\n<\/script>\n<\/div>\n\n<div style=\"font-size: 0px; height: 0px; line-height: 0px; margin: 0; padding: 0; clear: both;\"><\/div>","protected":false},"excerpt":{"rendered":"<p>Presidente do TJBA se re\u00fane com candomblecista ap\u00f3s pol\u00eamica com foto removida.<\/p>\n","protected":false},"author":1,"featured_media":1794,"comment_status":"open","ping_status":"closed","sticky":false,"template":"","format":"standard","meta":{"footnotes":""},"categories":[1],"tags":[],"class_list":["post-1795","post","type-post","status-publish","format-standard","has-post-thumbnail","hentry","category-noticias-em-camacari","has_thumb"],"aioseo_notices":[],"aioseo_head":"\n\t\t<!-- All in One SEO 5.0.0.1 - aioseo.com -->\n\t<meta name=\"description\" content=\"Presidente do TJBA se re\u00fane com candomblecista ap\u00f3s pol\u00eamica com foto removida.\" \/>\n\t<meta name=\"robots\" content=\"max-image-preview:large\" \/>\n\t<meta name=\"author\" content=\"Encontra Cama\u00e7ari\"\/>\n\t<link rel=\"canonical\" href=\"https:\/\/www.encontracamacari.com.br\/sobre\/presidente-do-tjba-encontra\/\" \/>\n\t<meta name=\"generator\" content=\"All in One SEO (AIOSEO) 5.0.0.1\" \/>\n\t\t<meta property=\"og:locale\" content=\"pt_BR\" \/>\n\t\t<meta property=\"og:site_name\" content=\"Encontra Cama\u00e7ari - Not\u00edcias, eventos, informa\u00e7\u00f5es e dicas na cidade de Cama\u00e7ari e regi\u00e3o.\" \/>\n\t\t<meta property=\"og:type\" content=\"article\" \/>\n\t\t<meta property=\"og:title\" content=\"Presidente do TJBA encontra - Encontra Cama\u00e7ari\" \/>\n\t\t<meta property=\"og:description\" content=\"Presidente do TJBA se re\u00fane com candomblecista ap\u00f3s pol\u00eamica com foto removida.\" \/>\n\t\t<meta property=\"og:url\" content=\"https:\/\/www.encontracamacari.com.br\/sobre\/presidente-do-tjba-encontra\/\" \/>\n\t\t<meta property=\"article:published_time\" content=\"2026-08-23T23:49:24+00:00\" \/>\n\t\t<meta property=\"article:modified_time\" content=\"2026-08-23T23:49:24+00:00\" \/>\n\t\t<meta name=\"twitter:card\" content=\"summary_large_image\" \/>\n\t\t<meta name=\"twitter:title\" content=\"Presidente do TJBA encontra - Encontra Cama\u00e7ari\" \/>\n\t\t<meta name=\"twitter:description\" content=\"Presidente do TJBA se re\u00fane com candomblecista ap\u00f3s pol\u00eamica com foto removida.\" \/>\n\t\t<script type=\"application\/ld+json\" class=\"aioseo-schema\">\n\t\t\t{\"@context\":\"https:\\\/\\\/schema.org\",\"@graph\":[{\"@type\":\"BlogPosting\",\"@id\":\"https:\\\/\\\/www.encontracamacari.com.br\\\/sobre\\\/presidente-do-tjba-encontra\\\/#blogposting\",\"name\":\"Presidente do TJBA encontra - Encontra Cama\\u00e7ari\",\"headline\":\"Presidente do TJBA encontra\",\"author\":{\"@id\":\"https:\\\/\\\/www.encontracamacari.com.br\\\/sobre\\\/author\\\/ecamacari\\\/#author\"},\"publisher\":{\"@id\":\"https:\\\/\\\/www.encontracamacari.com.br\\\/sobre\\\/#organization\"},\"image\":{\"@type\":\"ImageObject\",\"url\":\"https:\\\/\\\/www.encontracamacari.com.br\\\/sobre\\\/wp-content\\\/uploads\\\/2026\\\/08\\\/presidente-do-tjba-encontra.webp\",\"width\":280,\"height\":280,\"caption\":\"presidente do tjba\"},\"datePublished\":\"2026-08-23T23:49:24+00:00\",\"dateModified\":\"2026-08-23T23:49:24+00:00\",\"inLanguage\":\"pt-BR\",\"mainEntityOfPage\":{\"@id\":\"https:\\\/\\\/www.encontracamacari.com.br\\\/sobre\\\/presidente-do-tjba-encontra\\\/#webpage\"},\"isPartOf\":{\"@id\":\"https:\\\/\\\/www.encontracamacari.com.br\\\/sobre\\\/presidente-do-tjba-encontra\\\/#webpage\"},\"articleSection\":\"Not\\u00edcias Cama\\u00e7ari\"},{\"@type\":\"BreadcrumbList\",\"@id\":\"https:\\\/\\\/www.encontracamacari.com.br\\\/sobre\\\/presidente-do-tjba-encontra\\\/#breadcrumblist\",\"itemListElement\":[{\"@type\":\"ListItem\",\"@id\":\"https:\\\/\\\/www.encontracamacari.com.br\\\/sobre#listItem\",\"position\":1,\"name\":\"Home\",\"item\":\"https:\\\/\\\/www.encontracamacari.com.br\\\/sobre\",\"nextItem\":{\"@type\":\"ListItem\",\"@id\":\"https:\\\/\\\/www.encontracamacari.com.br\\\/sobre\\\/noticias-em-camacari\\\/#listItem\",\"name\":\"Not\\u00edcias Cama\\u00e7ari\"}},{\"@type\":\"ListItem\",\"@id\":\"https:\\\/\\\/www.encontracamacari.com.br\\\/sobre\\\/noticias-em-camacari\\\/#listItem\",\"position\":2,\"name\":\"Not\\u00edcias Cama\\u00e7ari\",\"item\":\"https:\\\/\\\/www.encontracamacari.com.br\\\/sobre\\\/noticias-em-camacari\\\/\",\"nextItem\":{\"@type\":\"ListItem\",\"@id\":\"https:\\\/\\\/www.encontracamacari.com.br\\\/sobre\\\/presidente-do-tjba-encontra\\\/#listItem\",\"name\":\"Presidente do TJBA encontra\"},\"previousItem\":{\"@type\":\"ListItem\",\"@id\":\"https:\\\/\\\/www.encontracamacari.com.br\\\/sobre#listItem\",\"name\":\"Home\"}},{\"@type\":\"ListItem\",\"@id\":\"https:\\\/\\\/www.encontracamacari.com.br\\\/sobre\\\/presidente-do-tjba-encontra\\\/#listItem\",\"position\":3,\"name\":\"Presidente do TJBA encontra\",\"previousItem\":{\"@type\":\"ListItem\",\"@id\":\"https:\\\/\\\/www.encontracamacari.com.br\\\/sobre\\\/noticias-em-camacari\\\/#listItem\",\"name\":\"Not\\u00edcias Cama\\u00e7ari\"}}]},{\"@type\":\"Organization\",\"@id\":\"https:\\\/\\\/www.encontracamacari.com.br\\\/sobre\\\/#organization\",\"name\":\"Encontra Cama\\u00e7ari\",\"description\":\"Not\\u00edcias, eventos, informa\\u00e7\\u00f5es e dicas na cidade de Cama\\u00e7ari e regi\\u00e3o.\",\"url\":\"https:\\\/\\\/www.encontracamacari.com.br\\\/sobre\\\/\"},{\"@type\":\"Person\",\"@id\":\"https:\\\/\\\/www.encontracamacari.com.br\\\/sobre\\\/author\\\/ecamacari\\\/#author\",\"url\":\"https:\\\/\\\/www.encontracamacari.com.br\\\/sobre\\\/author\\\/ecamacari\\\/\",\"name\":\"Encontra Cama\\u00e7ari\",\"image\":{\"@type\":\"ImageObject\",\"@id\":\"https:\\\/\\\/www.encontracamacari.com.br\\\/sobre\\\/presidente-do-tjba-encontra\\\/#authorImage\",\"url\":\"https:\\\/\\\/secure.gravatar.com\\\/avatar\\\/507340682b8270222e1f208e23198b6ae7e2c6a1033ae84e99bc6bce4f82a387?s=96&d=mm&r=g\",\"width\":96,\"height\":96,\"caption\":\"Encontra Cama\\u00e7ari\"}},{\"@type\":\"WebPage\",\"@id\":\"https:\\\/\\\/www.encontracamacari.com.br\\\/sobre\\\/presidente-do-tjba-encontra\\\/#webpage\",\"url\":\"https:\\\/\\\/www.encontracamacari.com.br\\\/sobre\\\/presidente-do-tjba-encontra\\\/\",\"name\":\"Presidente do TJBA encontra - Encontra Cama\\u00e7ari\",\"description\":\"Presidente do TJBA se re\\u00fane com candomblecista ap\\u00f3s pol\\u00eamica com foto removida.\",\"inLanguage\":\"pt-BR\",\"isPartOf\":{\"@id\":\"https:\\\/\\\/www.encontracamacari.com.br\\\/sobre\\\/#website\"},\"breadcrumb\":{\"@id\":\"https:\\\/\\\/www.encontracamacari.com.br\\\/sobre\\\/presidente-do-tjba-encontra\\\/#breadcrumblist\"},\"author\":{\"@id\":\"https:\\\/\\\/www.encontracamacari.com.br\\\/sobre\\\/author\\\/ecamacari\\\/#author\"},\"creator\":{\"@id\":\"https:\\\/\\\/www.encontracamacari.com.br\\\/sobre\\\/author\\\/ecamacari\\\/#author\"},\"image\":{\"@type\":\"ImageObject\",\"url\":\"https:\\\/\\\/www.encontracamacari.com.br\\\/sobre\\\/wp-content\\\/uploads\\\/2026\\\/08\\\/presidente-do-tjba-encontra.webp\",\"@id\":\"https:\\\/\\\/www.encontracamacari.com.br\\\/sobre\\\/presidente-do-tjba-encontra\\\/#mainImage\",\"width\":280,\"height\":280,\"caption\":\"presidente do tjba\"},\"primaryImageOfPage\":{\"@id\":\"https:\\\/\\\/www.encontracamacari.com.br\\\/sobre\\\/presidente-do-tjba-encontra\\\/#mainImage\"},\"datePublished\":\"2026-08-23T23:49:24+00:00\",\"dateModified\":\"2026-08-23T23:49:24+00:00\"},{\"@type\":\"WebSite\",\"@id\":\"https:\\\/\\\/www.encontracamacari.com.br\\\/sobre\\\/#website\",\"url\":\"https:\\\/\\\/www.encontracamacari.com.br\\\/sobre\\\/\",\"name\":\"Encontra Cama\\u00e7ari\",\"description\":\"Not\\u00edcias, eventos, informa\\u00e7\\u00f5es e dicas na cidade de Cama\\u00e7ari e regi\\u00e3o.\",\"inLanguage\":\"pt-BR\",\"publisher\":{\"@id\":\"https:\\\/\\\/www.encontracamacari.com.br\\\/sobre\\\/#organization\"}}]}\n\t\t<\/script>\n\t\t<!-- All in One SEO -->\n\n","aioseo_head_json":{"title":"Presidente do TJBA encontra - Encontra Cama\u00e7ari","description":"Presidente do TJBA se re\u00fane com candomblecista ap\u00f3s pol\u00eamica com foto removida.","canonical_url":"https:\/\/www.encontracamacari.com.br\/sobre\/presidente-do-tjba-encontra\/","robots":"max-image-preview:large","keywords":"","webmasterTools":{"miscellaneous":""},"schema":{"@context":"https:\/\/schema.org","@graph":[{"@type":"BlogPosting","@id":"https:\/\/www.encontracamacari.com.br\/sobre\/presidente-do-tjba-encontra\/#blogposting","name":"Presidente do TJBA encontra - Encontra Cama\u00e7ari","headline":"Presidente do TJBA encontra","author":{"@id":"https:\/\/www.encontracamacari.com.br\/sobre\/author\/ecamacari\/#author"},"publisher":{"@id":"https:\/\/www.encontracamacari.com.br\/sobre\/#organization"},"image":{"@type":"ImageObject","url":"https:\/\/www.encontracamacari.com.br\/sobre\/wp-content\/uploads\/2026\/08\/presidente-do-tjba-encontra.webp","width":280,"height":280,"caption":"presidente do tjba"},"datePublished":"2026-08-23T23:49:24+00:00","dateModified":"2026-08-23T23:49:24+00:00","inLanguage":"pt-BR","mainEntityOfPage":{"@id":"https:\/\/www.encontracamacari.com.br\/sobre\/presidente-do-tjba-encontra\/#webpage"},"isPartOf":{"@id":"https:\/\/www.encontracamacari.com.br\/sobre\/presidente-do-tjba-encontra\/#webpage"},"articleSection":"Not\u00edcias Cama\u00e7ari"},{"@type":"BreadcrumbList","@id":"https:\/\/www.encontracamacari.com.br\/sobre\/presidente-do-tjba-encontra\/#breadcrumblist","itemListElement":[{"@type":"ListItem","@id":"https:\/\/www.encontracamacari.com.br\/sobre#listItem","position":1,"name":"Home","item":"https:\/\/www.encontracamacari.com.br\/sobre","nextItem":{"@type":"ListItem","@id":"https:\/\/www.encontracamacari.com.br\/sobre\/noticias-em-camacari\/#listItem","name":"Not\u00edcias Cama\u00e7ari"}},{"@type":"ListItem","@id":"https:\/\/www.encontracamacari.com.br\/sobre\/noticias-em-camacari\/#listItem","position":2,"name":"Not\u00edcias Cama\u00e7ari","item":"https:\/\/www.encontracamacari.com.br\/sobre\/noticias-em-camacari\/","nextItem":{"@type":"ListItem","@id":"https:\/\/www.encontracamacari.com.br\/sobre\/presidente-do-tjba-encontra\/#listItem","name":"Presidente do TJBA encontra"},"previousItem":{"@type":"ListItem","@id":"https:\/\/www.encontracamacari.com.br\/sobre#listItem","name":"Home"}},{"@type":"ListItem","@id":"https:\/\/www.encontracamacari.com.br\/sobre\/presidente-do-tjba-encontra\/#listItem","position":3,"name":"Presidente do TJBA encontra","previousItem":{"@type":"ListItem","@id":"https:\/\/www.encontracamacari.com.br\/sobre\/noticias-em-camacari\/#listItem","name":"Not\u00edcias Cama\u00e7ari"}}]},{"@type":"Organization","@id":"https:\/\/www.encontracamacari.com.br\/sobre\/#organization","name":"Encontra Cama\u00e7ari","description":"Not\u00edcias, eventos, informa\u00e7\u00f5es e dicas na cidade de Cama\u00e7ari e regi\u00e3o.","url":"https:\/\/www.encontracamacari.com.br\/sobre\/"},{"@type":"Person","@id":"https:\/\/www.encontracamacari.com.br\/sobre\/author\/ecamacari\/#author","url":"https:\/\/www.encontracamacari.com.br\/sobre\/author\/ecamacari\/","name":"Encontra Cama\u00e7ari","image":{"@type":"ImageObject","@id":"https:\/\/www.encontracamacari.com.br\/sobre\/presidente-do-tjba-encontra\/#authorImage","url":"https:\/\/secure.gravatar.com\/avatar\/507340682b8270222e1f208e23198b6ae7e2c6a1033ae84e99bc6bce4f82a387?s=96&d=mm&r=g","width":96,"height":96,"caption":"Encontra Cama\u00e7ari"}},{"@type":"WebPage","@id":"https:\/\/www.encontracamacari.com.br\/sobre\/presidente-do-tjba-encontra\/#webpage","url":"https:\/\/www.encontracamacari.com.br\/sobre\/presidente-do-tjba-encontra\/","name":"Presidente do TJBA encontra - Encontra Cama\u00e7ari","description":"Presidente do TJBA se re\u00fane com candomblecista ap\u00f3s pol\u00eamica com foto removida.","inLanguage":"pt-BR","isPartOf":{"@id":"https:\/\/www.encontracamacari.com.br\/sobre\/#website"},"breadcrumb":{"@id":"https:\/\/www.encontracamacari.com.br\/sobre\/presidente-do-tjba-encontra\/#breadcrumblist"},"author":{"@id":"https:\/\/www.encontracamacari.com.br\/sobre\/author\/ecamacari\/#author"},"creator":{"@id":"https:\/\/www.encontracamacari.com.br\/sobre\/author\/ecamacari\/#author"},"image":{"@type":"ImageObject","url":"https:\/\/www.encontracamacari.com.br\/sobre\/wp-content\/uploads\/2026\/08\/presidente-do-tjba-encontra.webp","@id":"https:\/\/www.encontracamacari.com.br\/sobre\/presidente-do-tjba-encontra\/#mainImage","width":280,"height":280,"caption":"presidente do tjba"},"primaryImageOfPage":{"@id":"https:\/\/www.encontracamacari.com.br\/sobre\/presidente-do-tjba-encontra\/#mainImage"},"datePublished":"2026-08-23T23:49:24+00:00","dateModified":"2026-08-23T23:49:24+00:00"},{"@type":"WebSite","@id":"https:\/\/www.encontracamacari.com.br\/sobre\/#website","url":"https:\/\/www.encontracamacari.com.br\/sobre\/","name":"Encontra Cama\u00e7ari","description":"Not\u00edcias, eventos, informa\u00e7\u00f5es e dicas na cidade de Cama\u00e7ari e regi\u00e3o.","inLanguage":"pt-BR","publisher":{"@id":"https:\/\/www.encontracamacari.com.br\/sobre\/#organization"}}]},"og:locale":"pt_BR","og:site_name":"Encontra Cama\u00e7ari - Not\u00edcias, eventos, informa\u00e7\u00f5es e dicas na cidade de Cama\u00e7ari e regi\u00e3o.","og:type":"article","og:title":"Presidente do TJBA encontra - Encontra Cama\u00e7ari","og:description":"Presidente do TJBA se re\u00fane com candomblecista ap\u00f3s pol\u00eamica com foto removida.","og:url":"https:\/\/www.encontracamacari.com.br\/sobre\/presidente-do-tjba-encontra\/","article:published_time":"2026-08-23T23:49:24+00:00","article:modified_time":"2026-08-23T23:49:24+00:00","twitter:card":"summary_large_image","twitter:title":"Presidente do TJBA encontra - Encontra Cama\u00e7ari","twitter:description":"Presidente do TJBA se re\u00fane com candomblecista ap\u00f3s pol\u00eamica com foto removida."},"aioseo_meta_data":{"post_id":"1795","title":null,"description":null,"keywords":null,"keyphrases":null,"primary_term":null,"canonical_url":null,"og_title":null,"og_description":null,"og_object_type":"default","og_image_type":"default","og_image_url":null,"og_image_width":null,"og_image_height":null,"og_image_custom_url":null,"og_image_custom_fields":null,"og_video":null,"og_custom_url":null,"og_article_section":null,"og_article_tags":null,"twitter_use_og":false,"twitter_card":"default","twitter_image_type":"default","twitter_image_url":null,"twitter_image_custom_url":null,"twitter_image_custom_fields":null,"twitter_title":null,"twitter_description":null,"schema":{"blockGraphs":[],"customGraphs":[],"default":{"data":{"Article":[],"Course":[],"Dataset":[],"FAQPage":[],"Movie":[],"Person":[],"Product":[],"ProductReview":[],"Car":[],"Recipe":[],"Service":[],"SoftwareApplication":[],"WebPage":[]},"graphName":"BlogPosting","isEnabled":true},"graphs":[]},"schema_type":"default","schema_type_options":null,"pillar_content":false,"robots_default":true,"robots_noindex":false,"robots_noarchive":false,"robots_nosnippet":false,"robots_nofollow":false,"robots_noimageindex":false,"robots_noodp":false,"robots_notranslate":false,"robots_max_snippet":null,"robots_max_videopreview":null,"robots_max_imagepreview":"large","priority":null,"frequency":null,"local_seo":null,"limit_modified_date":false,"created":"2026-08-23 23:49:24","updated":"2026-08-24 01:14:05","focus_keyword":null,"additional_keywords":null,"truseo_locale":null,"ai":null,"breadcrumb_settings":null,"seo_analyzer_scan_date":null},"aioseo_breadcrumb":"<div class=\"aioseo-breadcrumbs\"><span class=\"aioseo-breadcrumb\">\n\t\t\t<a href=\"https:\/\/www.encontracamacari.com.br\/sobre\" title=\"Home\">Home<\/a>\n\t\t<\/span><span class=\"aioseo-breadcrumb-separator\">&raquo;<\/span><span class=\"aioseo-breadcrumb\">\n\t\t\t<a href=\"https:\/\/www.encontracamacari.com.br\/sobre\/noticias-em-camacari\/\" title=\"Not\u00edcias Cama\u00e7ari\">Not\u00edcias Cama\u00e7ari<\/a>\n\t\t<\/span><span class=\"aioseo-breadcrumb-separator\">&raquo;<\/span><span class=\"aioseo-breadcrumb\">\n\t\t\tPresidente do TJBA encontra\n\t\t<\/span><\/div>","aioseo_breadcrumb_json":[{"label":"Home","link":"https:\/\/www.encontracamacari.com.br\/sobre"},{"label":"Not\u00edcias Cama\u00e7ari","link":"https:\/\/www.encontracamacari.com.br\/sobre\/noticias-em-camacari\/"},{"label":"Presidente do TJBA encontra","link":"https:\/\/www.encontracamacari.com.br\/sobre\/presidente-do-tjba-encontra\/"}],"_links":{"self":[{"href":"https:\/\/www.encontracamacari.com.br\/sobre\/wp-json\/wp\/v2\/posts\/1795","targetHints":{"allow":["GET"]}}],"collection":[{"href":"https:\/\/www.encontracamacari.com.br\/sobre\/wp-json\/wp\/v2\/posts"}],"about":[{"href":"https:\/\/www.encontracamacari.com.br\/sobre\/wp-json\/wp\/v2\/types\/post"}],"author":[{"embeddable":true,"href":"https:\/\/www.encontracamacari.com.br\/sobre\/wp-json\/wp\/v2\/users\/1"}],"replies":[{"embeddable":true,"href":"https:\/\/www.encontracamacari.com.br\/sobre\/wp-json\/wp\/v2\/comments?post=1795"}],"version-history":[{"count":0,"href":"https:\/\/www.encontracamacari.com.br\/sobre\/wp-json\/wp\/v2\/posts\/1795\/revisions"}],"wp:featuredmedia":[{"embeddable":true,"href":"https:\/\/www.encontracamacari.com.br\/sobre\/wp-json\/wp\/v2\/media\/1794"}],"wp:attachment":[{"href":"https:\/\/www.encontracamacari.com.br\/sobre\/wp-json\/wp\/v2\/media?parent=1795"}],"wp:term":[{"taxonomy":"category","embeddable":true,"href":"https:\/\/www.encontracamacari.com.br\/sobre\/wp-json\/wp\/v2\/categories?post=1795"},{"taxonomy":"post_tag","embeddable":true,"href":"https:\/\/www.encontracamacari.com.br\/sobre\/wp-json\/wp\/v2\/tags?post=1795"}],"curies":[{"name":"wp","href":"https:\/\/api.w.org\/{rel}","templated":true}]}}