{"id":1787,"date":"2026-08-23T09:37:30","date_gmt":"2026-08-23T09:37:30","guid":{"rendered":"https:\/\/www.encontracamacari.com.br\/sobre\/flavio-matos-4544\/"},"modified":"2026-08-23T09:37:30","modified_gmt":"2026-08-23T09:37:30","slug":"flavio-matos-4544","status":"publish","type":"post","link":"https:\/\/www.encontracamacari.com.br\/sobre\/flavio-matos-4544\/","title":{"rendered":"Flavio Matos 4544"},"content":{"rendered":"<div class=\"2410bb7248a64bb1f71103797e0f239b\" data-index=\"1\" style=\"float: none; margin:0px;\">\n<ins class=\"adsbygoogle\"\r\n     style=\"display:block\"\r\n     data-ad-client=\"ca-pub-8585364105181520\"\r\n     data-ad-slot=\"8789329856\"\r\n     data-ad-format=\"auto\"\r\n     data-full-width-responsive=\"true\"><\/ins>\r\n<script>\r\n     (adsbygoogle = window.adsbygoogle || []).push({});\r\n<\/script>\n<\/div>\n<h2>Quem \u00e9 Flavio Matos?<\/h2>\n<p>Flavio Matos \u00e9 um pol\u00edtico brasileiro, atuando como candidato a Deputado Federal pela Bahia. Com uma trajet\u00f3ria marcada pelo empreendedorismo e dedica\u00e7\u00e3o ao servi\u00e7o p\u00fablico, ele se destaca no cen\u00e1rio pol\u00edtico da regi\u00e3o. Natural de Cama\u00e7ari, Flavio possui uma s\u00f3lida forma\u00e7\u00e3o educacional e experi\u00eancia como empres\u00e1rio, o que lhe conferiu uma vis\u00e3o pr\u00e1tica sobre v\u00e1rios aspectos que afetam a vida dos cidad\u00e3os.<\/p>\n<h2>Hist\u00f3ria e Forma\u00e7\u00e3o<\/h2>\n<p>Flavio Marcus de Azevedo Reis, conhecido como Flavio Matos, \u00e9 oriundo da cidade de Cama\u00e7ari, na Bahia, onde cresceu e desenvolveu suas atividades profissionais. Ele \u00e9 graduado em uma institui\u00e7\u00e3o de ensino superior, o que contrasta com sua carreira como empres\u00e1rio. Essa forma\u00e7\u00e3o acad\u00eamica contribui para sua capacidade de compreender as complexidades do gerenciamento de pol\u00edticas p\u00fablicas e as necessidades do setor privado.<\/p>\n<h2>A Candidatura de Flavio Matos<\/h2>\n<p>Em 2026, Flavio Matos inscreveu sua candidatura ao cargo de Deputado Federal, representando o partido PSDB. Seu n\u00famero de registro eleitoral \u00e9 4544, e seu status no Tribunal Superior Eleitoral (TSE) j\u00e1 foi deferido. Flavio \u00e9 conhecido por suas promessas de melhorar a qualidade de vida dos cidad\u00e3os baianos, apresentando propostas voltadas para a economia, sa\u00fade e seguran\u00e7a p\u00fablica.<\/p>\n<p><img decoding=\"async\" src=\"https:\/\/www.encontracamacari.com.br\/sobre\/wp-content\/uploads\/2026\/08\/flavio-matos-4544.webp\" alt=\"Flavio Matos 4544\" loading=\"lazy\" \/><\/p>\n<h2>Propostas e Ideias<\/h2>\n<p>Flavio Matos prop\u00f5e v\u00e1rias iniciativas para fortalecer a Bahia e servir a popula\u00e7\u00e3o de maneira eficiente. Algumas de suas ideias incluem:<\/p>\n<ul>\n<li><strong>Desenvolvimento Econ\u00f4mico:<\/strong> Promover a\u00e7\u00f5es que incentivem o crescimento de pequenas e m\u00e9dias empresas na Bahia.<\/li>\n<li><strong>Sa\u00fade P\u00fablica:<\/strong> Implementar pol\u00edticas que garantam uma melhor infraestrutura e acesso a servi\u00e7os de sa\u00fade para todos.<\/li>\n<li><strong>Seguran\u00e7a:<\/strong> Criar estrat\u00e9gias que visem a redu\u00e7\u00e3o da criminalidade e a promo\u00e7\u00e3o de seguran\u00e7a para os cidad\u00e3os.<\/li>\n<\/ul>\n<p>A sua abordagem \u00e9 pr\u00e1tica e focada nas necessidades reais da popula\u00e7\u00e3o.<\/p>\n<h2>Trajet\u00f3ria Pol\u00edtica<\/h2>\n<p>Flavio Matos j\u00e1 participou de diversas disputas eleitorais. Ele est\u00e1 atualmente concorrendo ao cargo de Deputado Federal e anteriormente postulou a Prefeitura de Cama\u00e7ari, onde chegou ao 2\u00ba turno. Essa experi\u00eancia pol\u00edtica o torna um candidato consciente das din\u00e2micas eleitorais e das expectativas dos eleitores.<\/p><div class=\"2410bb7248a64bb1f71103797e0f239b\" data-index=\"2\" style=\"float: none; margin:0px;\">\n<ins class=\"adsbygoogle\"\r\n     style=\"display:block; text-align:center;\"\r\n     data-ad-layout=\"in-article\"\r\n     data-ad-format=\"fluid\"\r\n     data-ad-client=\"ca-pub-8585364105181520\"\r\n     data-ad-slot=\"2899217073\"><\/ins>\r\n<script>\r\n     (adsbygoogle = window.adsbygoogle || []).push({});\r\n<\/script>\r\n\r\n<\/br><\/br>\n<\/div>\n\n<h2>Situa\u00e7\u00e3o do Registro<\/h2>\n<p>O registro de Flavio Matos est\u00e1 oficializado no sistema do TSE, com seu n\u00famero de registro como 50002532647. Com 46 anos de idade e casado, sua apresenta\u00e7\u00e3o como candidato \u00e9 refor\u00e7ada pela sua transpar\u00eancia e conformidade com as normativas eleitorais.<\/p>\n<h2>Patrim\u00f4nio Declarado<\/h2>\n<p>Em sua declara\u00e7\u00e3o de patrim\u00f4nio, Flavio Matos informou que, em 2024, seu total era de R$ 500.000,00, e em 2026, esse montante foi atualizado para R$ 870.000,00. A declara\u00e7\u00e3o inclui:<\/p>\n<ul>\n<li><strong>Casa:<\/strong> Avaliada em R$ 500.000,00<\/li>\n<li><strong>Apartamento:<\/strong> Avaliado em R$ 300.000,00<\/li>\n<li><strong>Moto:<\/strong> Avaliada em R$ 70.000,00<\/li>\n<\/ul>\n<p>Esses valores s\u00e3o registrados sem corre\u00e7\u00f5es devido \u00e0 infla\u00e7\u00e3o e demonstram um compromisso com a transpar\u00eancia na gest\u00e3o de suas finan\u00e7as.<\/p>\n<h2>Federa\u00e7\u00e3o e Coliga\u00e7\u00f5es<\/h2>\n<p>Flavio Matos \u00e9 parte da <strong>Federa\u00e7\u00e3o PSDB\/CIDADANIA<\/strong>, o que destaca sua alian\u00e7a em um espa\u00e7o pol\u00edtico que busca unir for\u00e7as e ampliar a representa\u00e7\u00e3o. Enquanto a coliga\u00e7\u00e3o se aplica a cargos majorit\u00e1rios, cada partido apresenta sua pr\u00f3pria lista para a escolha de deputados, o que traz mais diversidade ao pleito.<\/p>\n<h2>Not\u00edcias Recentes<\/h2>\n<p>O contexto pol\u00edtico \u00e9 din\u00e2mico, e as atualiza\u00e7\u00f5es sobre as elei\u00e7\u00f5es de 2026 est\u00e3o em constante evolu\u00e7\u00e3o. Coberturas de imprensa e an\u00e1lises publicadas refletem o desempenho dos candidatos em pesquisas e o progresso de suas respectivas campanhas. Flavio Matos tem sido mencionado em v\u00e1rias reportagens, envolvendo discuss\u00f5es sobre suas propostas e alian\u00e7as estrat\u00e9gicas.<\/p>\n<h2>Outros Candidatos a Deputado Federal<\/h2>\n<p>No cen\u00e1rio pol\u00edtico da Bahia, h\u00e1 uma variedade de candidatos disputando o cargo de Deputado Federal. Entre eles est\u00e3o:<\/p>\n<ul>\n<li><strong>Abenilcio Mendes:<\/strong> Candidato pelo partido REPUBLICANOS, n\u00famero 1005.<\/li>\n<li><strong>Ab\u00edlio Santana:<\/strong> Representando o PSDB, com o n\u00famero 4533.<\/li>\n<li><strong>Abra\u00e3o Reis:<\/strong> Candidato do PL, n\u00famero 2223.<\/li>\n<li><strong>Adelia Pinheiro:<\/strong> Representando o PT, com o n\u00famero 1312.<\/li>\n<\/ul>\n<p>Esses candidatos ir\u00e3o interagir com o eleitorado a partir de suas propostas eleitorais, buscando conquistar a confian\u00e7a dos eleitores na Bahia.<\/p>\n<div class=\"2410bb7248a64bb1f71103797e0f239b\" data-index=\"3\" style=\"float: none; margin:0px;\">\n<\/br><\/br>\r\n\r\n<ins class=\"adsbygoogle\"\r\n     style=\"display:block\"\r\n     data-ad-format=\"fluid\"\r\n     data-ad-layout-key=\"-63+do+n-1s+9e\"\r\n     data-ad-client=\"ca-pub-8585364105181520\"\r\n     data-ad-slot=\"6838462089\"><\/ins>\r\n<script>\r\n     (adsbygoogle = window.adsbygoogle || []).push({});\r\n<\/script>\n<\/div>\n\n<div style=\"font-size: 0px; height: 0px; line-height: 0px; margin: 0; padding: 0; clear: both;\"><\/div>","protected":false},"excerpt":{"rendered":"<p>Flavio Matos 4544 \u00e9 um candidato a deputado federal pela Bahia em 2026. Descubra mais!<\/p>\n","protected":false},"author":1,"featured_media":1786,"comment_status":"open","ping_status":"closed","sticky":false,"template":"","format":"standard","meta":{"footnotes":""},"categories":[1],"tags":[],"class_list":["post-1787","post","type-post","status-publish","format-standard","has-post-thumbnail","hentry","category-noticias-em-camacari","has_thumb"],"aioseo_notices":[],"aioseo_head":"\n\t\t<!-- All in One SEO 5.0.0.1 - aioseo.com -->\n\t<meta name=\"description\" content=\"Flavio Matos 4544 \u00e9 um candidato a deputado federal pela Bahia em 2026. Descubra mais!\" \/>\n\t<meta name=\"robots\" content=\"max-image-preview:large\" \/>\n\t<meta name=\"author\" content=\"Encontra Cama\u00e7ari\"\/>\n\t<link rel=\"canonical\" href=\"https:\/\/www.encontracamacari.com.br\/sobre\/flavio-matos-4544\/\" \/>\n\t<meta name=\"generator\" content=\"All in One SEO (AIOSEO) 5.0.0.1\" \/>\n\t\t<meta property=\"og:locale\" content=\"pt_BR\" \/>\n\t\t<meta property=\"og:site_name\" content=\"Encontra Cama\u00e7ari - Not\u00edcias, eventos, informa\u00e7\u00f5es e dicas na cidade de Cama\u00e7ari e regi\u00e3o.\" \/>\n\t\t<meta property=\"og:type\" content=\"article\" \/>\n\t\t<meta property=\"og:title\" content=\"Flavio Matos 4544 - Encontra Cama\u00e7ari\" \/>\n\t\t<meta property=\"og:description\" content=\"Flavio Matos 4544 \u00e9 um candidato a deputado federal pela Bahia em 2026. Descubra mais!\" \/>\n\t\t<meta property=\"og:url\" content=\"https:\/\/www.encontracamacari.com.br\/sobre\/flavio-matos-4544\/\" \/>\n\t\t<meta property=\"article:published_time\" content=\"2026-08-23T09:37:30+00:00\" \/>\n\t\t<meta property=\"article:modified_time\" content=\"2026-08-23T09:37:30+00:00\" \/>\n\t\t<meta name=\"twitter:card\" content=\"summary_large_image\" \/>\n\t\t<meta name=\"twitter:title\" content=\"Flavio Matos 4544 - Encontra Cama\u00e7ari\" \/>\n\t\t<meta name=\"twitter:description\" content=\"Flavio Matos 4544 \u00e9 um candidato a deputado federal pela Bahia em 2026. Descubra mais!\" \/>\n\t\t<script type=\"application\/ld+json\" class=\"aioseo-schema\">\n\t\t\t{\"@context\":\"https:\\\/\\\/schema.org\",\"@graph\":[{\"@type\":\"BlogPosting\",\"@id\":\"https:\\\/\\\/www.encontracamacari.com.br\\\/sobre\\\/flavio-matos-4544\\\/#blogposting\",\"name\":\"Flavio Matos 4544 - Encontra Cama\\u00e7ari\",\"headline\":\"Flavio Matos 4544\",\"author\":{\"@id\":\"https:\\\/\\\/www.encontracamacari.com.br\\\/sobre\\\/author\\\/ecamacari\\\/#author\"},\"publisher\":{\"@id\":\"https:\\\/\\\/www.encontracamacari.com.br\\\/sobre\\\/#organization\"},\"image\":{\"@type\":\"ImageObject\",\"url\":\"https:\\\/\\\/www.encontracamacari.com.br\\\/sobre\\\/wp-content\\\/uploads\\\/2026\\\/08\\\/flavio-matos-4544.webp\",\"width\":280,\"height\":280,\"caption\":\"Flavio Matos 4544\"},\"datePublished\":\"2026-08-23T09:37:30+00:00\",\"dateModified\":\"2026-08-23T09:37:30+00:00\",\"inLanguage\":\"pt-BR\",\"mainEntityOfPage\":{\"@id\":\"https:\\\/\\\/www.encontracamacari.com.br\\\/sobre\\\/flavio-matos-4544\\\/#webpage\"},\"isPartOf\":{\"@id\":\"https:\\\/\\\/www.encontracamacari.com.br\\\/sobre\\\/flavio-matos-4544\\\/#webpage\"},\"articleSection\":\"Not\\u00edcias Cama\\u00e7ari\"},{\"@type\":\"BreadcrumbList\",\"@id\":\"https:\\\/\\\/www.encontracamacari.com.br\\\/sobre\\\/flavio-matos-4544\\\/#breadcrumblist\",\"itemListElement\":[{\"@type\":\"ListItem\",\"@id\":\"https:\\\/\\\/www.encontracamacari.com.br\\\/sobre#listItem\",\"position\":1,\"name\":\"Home\",\"item\":\"https:\\\/\\\/www.encontracamacari.com.br\\\/sobre\",\"nextItem\":{\"@type\":\"ListItem\",\"@id\":\"https:\\\/\\\/www.encontracamacari.com.br\\\/sobre\\\/noticias-em-camacari\\\/#listItem\",\"name\":\"Not\\u00edcias Cama\\u00e7ari\"}},{\"@type\":\"ListItem\",\"@id\":\"https:\\\/\\\/www.encontracamacari.com.br\\\/sobre\\\/noticias-em-camacari\\\/#listItem\",\"position\":2,\"name\":\"Not\\u00edcias Cama\\u00e7ari\",\"item\":\"https:\\\/\\\/www.encontracamacari.com.br\\\/sobre\\\/noticias-em-camacari\\\/\",\"nextItem\":{\"@type\":\"ListItem\",\"@id\":\"https:\\\/\\\/www.encontracamacari.com.br\\\/sobre\\\/flavio-matos-4544\\\/#listItem\",\"name\":\"Flavio Matos 4544\"},\"previousItem\":{\"@type\":\"ListItem\",\"@id\":\"https:\\\/\\\/www.encontracamacari.com.br\\\/sobre#listItem\",\"name\":\"Home\"}},{\"@type\":\"ListItem\",\"@id\":\"https:\\\/\\\/www.encontracamacari.com.br\\\/sobre\\\/flavio-matos-4544\\\/#listItem\",\"position\":3,\"name\":\"Flavio Matos 4544\",\"previousItem\":{\"@type\":\"ListItem\",\"@id\":\"https:\\\/\\\/www.encontracamacari.com.br\\\/sobre\\\/noticias-em-camacari\\\/#listItem\",\"name\":\"Not\\u00edcias Cama\\u00e7ari\"}}]},{\"@type\":\"Organization\",\"@id\":\"https:\\\/\\\/www.encontracamacari.com.br\\\/sobre\\\/#organization\",\"name\":\"Encontra Cama\\u00e7ari\",\"description\":\"Not\\u00edcias, eventos, informa\\u00e7\\u00f5es e dicas na cidade de Cama\\u00e7ari e regi\\u00e3o.\",\"url\":\"https:\\\/\\\/www.encontracamacari.com.br\\\/sobre\\\/\"},{\"@type\":\"Person\",\"@id\":\"https:\\\/\\\/www.encontracamacari.com.br\\\/sobre\\\/author\\\/ecamacari\\\/#author\",\"url\":\"https:\\\/\\\/www.encontracamacari.com.br\\\/sobre\\\/author\\\/ecamacari\\\/\",\"name\":\"Encontra Cama\\u00e7ari\",\"image\":{\"@type\":\"ImageObject\",\"@id\":\"https:\\\/\\\/www.encontracamacari.com.br\\\/sobre\\\/flavio-matos-4544\\\/#authorImage\",\"url\":\"https:\\\/\\\/secure.gravatar.com\\\/avatar\\\/507340682b8270222e1f208e23198b6ae7e2c6a1033ae84e99bc6bce4f82a387?s=96&d=mm&r=g\",\"width\":96,\"height\":96,\"caption\":\"Encontra Cama\\u00e7ari\"}},{\"@type\":\"WebPage\",\"@id\":\"https:\\\/\\\/www.encontracamacari.com.br\\\/sobre\\\/flavio-matos-4544\\\/#webpage\",\"url\":\"https:\\\/\\\/www.encontracamacari.com.br\\\/sobre\\\/flavio-matos-4544\\\/\",\"name\":\"Flavio Matos 4544 - Encontra Cama\\u00e7ari\",\"description\":\"Flavio Matos 4544 \\u00e9 um candidato a deputado federal pela Bahia em 2026. Descubra mais!\",\"inLanguage\":\"pt-BR\",\"isPartOf\":{\"@id\":\"https:\\\/\\\/www.encontracamacari.com.br\\\/sobre\\\/#website\"},\"breadcrumb\":{\"@id\":\"https:\\\/\\\/www.encontracamacari.com.br\\\/sobre\\\/flavio-matos-4544\\\/#breadcrumblist\"},\"author\":{\"@id\":\"https:\\\/\\\/www.encontracamacari.com.br\\\/sobre\\\/author\\\/ecamacari\\\/#author\"},\"creator\":{\"@id\":\"https:\\\/\\\/www.encontracamacari.com.br\\\/sobre\\\/author\\\/ecamacari\\\/#author\"},\"image\":{\"@type\":\"ImageObject\",\"url\":\"https:\\\/\\\/www.encontracamacari.com.br\\\/sobre\\\/wp-content\\\/uploads\\\/2026\\\/08\\\/flavio-matos-4544.webp\",\"@id\":\"https:\\\/\\\/www.encontracamacari.com.br\\\/sobre\\\/flavio-matos-4544\\\/#mainImage\",\"width\":280,\"height\":280,\"caption\":\"Flavio Matos 4544\"},\"primaryImageOfPage\":{\"@id\":\"https:\\\/\\\/www.encontracamacari.com.br\\\/sobre\\\/flavio-matos-4544\\\/#mainImage\"},\"datePublished\":\"2026-08-23T09:37:30+00:00\",\"dateModified\":\"2026-08-23T09:37:30+00:00\"},{\"@type\":\"WebSite\",\"@id\":\"https:\\\/\\\/www.encontracamacari.com.br\\\/sobre\\\/#website\",\"url\":\"https:\\\/\\\/www.encontracamacari.com.br\\\/sobre\\\/\",\"name\":\"Encontra Cama\\u00e7ari\",\"description\":\"Not\\u00edcias, eventos, informa\\u00e7\\u00f5es e dicas na cidade de Cama\\u00e7ari e regi\\u00e3o.\",\"inLanguage\":\"pt-BR\",\"publisher\":{\"@id\":\"https:\\\/\\\/www.encontracamacari.com.br\\\/sobre\\\/#organization\"}}]}\n\t\t<\/script>\n\t\t<!-- All in One SEO -->\n\n","aioseo_head_json":{"title":"Flavio Matos 4544 - Encontra Cama\u00e7ari","description":"Flavio Matos 4544 \u00e9 um candidato a deputado federal pela Bahia em 2026. Descubra mais!","canonical_url":"https:\/\/www.encontracamacari.com.br\/sobre\/flavio-matos-4544\/","robots":"max-image-preview:large","keywords":"","webmasterTools":{"miscellaneous":""},"schema":{"@context":"https:\/\/schema.org","@graph":[{"@type":"BlogPosting","@id":"https:\/\/www.encontracamacari.com.br\/sobre\/flavio-matos-4544\/#blogposting","name":"Flavio Matos 4544 - Encontra Cama\u00e7ari","headline":"Flavio Matos 4544","author":{"@id":"https:\/\/www.encontracamacari.com.br\/sobre\/author\/ecamacari\/#author"},"publisher":{"@id":"https:\/\/www.encontracamacari.com.br\/sobre\/#organization"},"image":{"@type":"ImageObject","url":"https:\/\/www.encontracamacari.com.br\/sobre\/wp-content\/uploads\/2026\/08\/flavio-matos-4544.webp","width":280,"height":280,"caption":"Flavio Matos 4544"},"datePublished":"2026-08-23T09:37:30+00:00","dateModified":"2026-08-23T09:37:30+00:00","inLanguage":"pt-BR","mainEntityOfPage":{"@id":"https:\/\/www.encontracamacari.com.br\/sobre\/flavio-matos-4544\/#webpage"},"isPartOf":{"@id":"https:\/\/www.encontracamacari.com.br\/sobre\/flavio-matos-4544\/#webpage"},"articleSection":"Not\u00edcias Cama\u00e7ari"},{"@type":"BreadcrumbList","@id":"https:\/\/www.encontracamacari.com.br\/sobre\/flavio-matos-4544\/#breadcrumblist","itemListElement":[{"@type":"ListItem","@id":"https:\/\/www.encontracamacari.com.br\/sobre#listItem","position":1,"name":"Home","item":"https:\/\/www.encontracamacari.com.br\/sobre","nextItem":{"@type":"ListItem","@id":"https:\/\/www.encontracamacari.com.br\/sobre\/noticias-em-camacari\/#listItem","name":"Not\u00edcias Cama\u00e7ari"}},{"@type":"ListItem","@id":"https:\/\/www.encontracamacari.com.br\/sobre\/noticias-em-camacari\/#listItem","position":2,"name":"Not\u00edcias Cama\u00e7ari","item":"https:\/\/www.encontracamacari.com.br\/sobre\/noticias-em-camacari\/","nextItem":{"@type":"ListItem","@id":"https:\/\/www.encontracamacari.com.br\/sobre\/flavio-matos-4544\/#listItem","name":"Flavio Matos 4544"},"previousItem":{"@type":"ListItem","@id":"https:\/\/www.encontracamacari.com.br\/sobre#listItem","name":"Home"}},{"@type":"ListItem","@id":"https:\/\/www.encontracamacari.com.br\/sobre\/flavio-matos-4544\/#listItem","position":3,"name":"Flavio Matos 4544","previousItem":{"@type":"ListItem","@id":"https:\/\/www.encontracamacari.com.br\/sobre\/noticias-em-camacari\/#listItem","name":"Not\u00edcias Cama\u00e7ari"}}]},{"@type":"Organization","@id":"https:\/\/www.encontracamacari.com.br\/sobre\/#organization","name":"Encontra Cama\u00e7ari","description":"Not\u00edcias, eventos, informa\u00e7\u00f5es e dicas na cidade de Cama\u00e7ari e regi\u00e3o.","url":"https:\/\/www.encontracamacari.com.br\/sobre\/"},{"@type":"Person","@id":"https:\/\/www.encontracamacari.com.br\/sobre\/author\/ecamacari\/#author","url":"https:\/\/www.encontracamacari.com.br\/sobre\/author\/ecamacari\/","name":"Encontra Cama\u00e7ari","image":{"@type":"ImageObject","@id":"https:\/\/www.encontracamacari.com.br\/sobre\/flavio-matos-4544\/#authorImage","url":"https:\/\/secure.gravatar.com\/avatar\/507340682b8270222e1f208e23198b6ae7e2c6a1033ae84e99bc6bce4f82a387?s=96&d=mm&r=g","width":96,"height":96,"caption":"Encontra Cama\u00e7ari"}},{"@type":"WebPage","@id":"https:\/\/www.encontracamacari.com.br\/sobre\/flavio-matos-4544\/#webpage","url":"https:\/\/www.encontracamacari.com.br\/sobre\/flavio-matos-4544\/","name":"Flavio Matos 4544 - Encontra Cama\u00e7ari","description":"Flavio Matos 4544 \u00e9 um candidato a deputado federal pela Bahia em 2026. Descubra mais!","inLanguage":"pt-BR","isPartOf":{"@id":"https:\/\/www.encontracamacari.com.br\/sobre\/#website"},"breadcrumb":{"@id":"https:\/\/www.encontracamacari.com.br\/sobre\/flavio-matos-4544\/#breadcrumblist"},"author":{"@id":"https:\/\/www.encontracamacari.com.br\/sobre\/author\/ecamacari\/#author"},"creator":{"@id":"https:\/\/www.encontracamacari.com.br\/sobre\/author\/ecamacari\/#author"},"image":{"@type":"ImageObject","url":"https:\/\/www.encontracamacari.com.br\/sobre\/wp-content\/uploads\/2026\/08\/flavio-matos-4544.webp","@id":"https:\/\/www.encontracamacari.com.br\/sobre\/flavio-matos-4544\/#mainImage","width":280,"height":280,"caption":"Flavio Matos 4544"},"primaryImageOfPage":{"@id":"https:\/\/www.encontracamacari.com.br\/sobre\/flavio-matos-4544\/#mainImage"},"datePublished":"2026-08-23T09:37:30+00:00","dateModified":"2026-08-23T09:37:30+00:00"},{"@type":"WebSite","@id":"https:\/\/www.encontracamacari.com.br\/sobre\/#website","url":"https:\/\/www.encontracamacari.com.br\/sobre\/","name":"Encontra Cama\u00e7ari","description":"Not\u00edcias, eventos, informa\u00e7\u00f5es e dicas na cidade de Cama\u00e7ari e regi\u00e3o.","inLanguage":"pt-BR","publisher":{"@id":"https:\/\/www.encontracamacari.com.br\/sobre\/#organization"}}]},"og:locale":"pt_BR","og:site_name":"Encontra Cama\u00e7ari - Not\u00edcias, eventos, informa\u00e7\u00f5es e dicas na cidade de Cama\u00e7ari e regi\u00e3o.","og:type":"article","og:title":"Flavio Matos 4544 - Encontra Cama\u00e7ari","og:description":"Flavio Matos 4544 \u00e9 um candidato a deputado federal pela Bahia em 2026. Descubra mais!","og:url":"https:\/\/www.encontracamacari.com.br\/sobre\/flavio-matos-4544\/","article:published_time":"2026-08-23T09:37:30+00:00","article:modified_time":"2026-08-23T09:37:30+00:00","twitter:card":"summary_large_image","twitter:title":"Flavio Matos 4544 - Encontra Cama\u00e7ari","twitter:description":"Flavio Matos 4544 \u00e9 um candidato a deputado federal pela Bahia em 2026. Descubra mais!"},"aioseo_meta_data":{"post_id":"1787","title":null,"description":null,"keywords":null,"keyphrases":null,"primary_term":null,"canonical_url":null,"og_title":null,"og_description":null,"og_object_type":"default","og_image_type":"default","og_image_url":null,"og_image_width":null,"og_image_height":null,"og_image_custom_url":null,"og_image_custom_fields":null,"og_video":null,"og_custom_url":null,"og_article_section":null,"og_article_tags":null,"twitter_use_og":false,"twitter_card":"default","twitter_image_type":"default","twitter_image_url":null,"twitter_image_custom_url":null,"twitter_image_custom_fields":null,"twitter_title":null,"twitter_description":null,"schema":{"blockGraphs":[],"customGraphs":[],"default":{"data":{"Article":[],"Course":[],"Dataset":[],"FAQPage":[],"Movie":[],"Person":[],"Product":[],"ProductReview":[],"Car":[],"Recipe":[],"Service":[],"SoftwareApplication":[],"WebPage":[]},"graphName":"BlogPosting","isEnabled":true},"graphs":[]},"schema_type":"default","schema_type_options":null,"pillar_content":false,"robots_default":true,"robots_noindex":false,"robots_noarchive":false,"robots_nosnippet":false,"robots_nofollow":false,"robots_noimageindex":false,"robots_noodp":false,"robots_notranslate":false,"robots_max_snippet":null,"robots_max_videopreview":null,"robots_max_imagepreview":"large","priority":null,"frequency":null,"local_seo":null,"limit_modified_date":false,"created":"2026-08-23 09:37:30","updated":"2026-08-23 10:24:23","focus_keyword":null,"additional_keywords":null,"truseo_locale":null,"ai":null,"breadcrumb_settings":null,"seo_analyzer_scan_date":null},"aioseo_breadcrumb":"<div class=\"aioseo-breadcrumbs\"><span class=\"aioseo-breadcrumb\">\n\t\t\t<a href=\"https:\/\/www.encontracamacari.com.br\/sobre\" title=\"Home\">Home<\/a>\n\t\t<\/span><span class=\"aioseo-breadcrumb-separator\">&raquo;<\/span><span class=\"aioseo-breadcrumb\">\n\t\t\t<a href=\"https:\/\/www.encontracamacari.com.br\/sobre\/noticias-em-camacari\/\" title=\"Not\u00edcias Cama\u00e7ari\">Not\u00edcias Cama\u00e7ari<\/a>\n\t\t<\/span><span class=\"aioseo-breadcrumb-separator\">&raquo;<\/span><span class=\"aioseo-breadcrumb\">\n\t\t\tFlavio Matos 4544\n\t\t<\/span><\/div>","aioseo_breadcrumb_json":[{"label":"Home","link":"https:\/\/www.encontracamacari.com.br\/sobre"},{"label":"Not\u00edcias Cama\u00e7ari","link":"https:\/\/www.encontracamacari.com.br\/sobre\/noticias-em-camacari\/"},{"label":"Flavio Matos 4544","link":"https:\/\/www.encontracamacari.com.br\/sobre\/flavio-matos-4544\/"}],"_links":{"self":[{"href":"https:\/\/www.encontracamacari.com.br\/sobre\/wp-json\/wp\/v2\/posts\/1787","targetHints":{"allow":["GET"]}}],"collection":[{"href":"https:\/\/www.encontracamacari.com.br\/sobre\/wp-json\/wp\/v2\/posts"}],"about":[{"href":"https:\/\/www.encontracamacari.com.br\/sobre\/wp-json\/wp\/v2\/types\/post"}],"author":[{"embeddable":true,"href":"https:\/\/www.encontracamacari.com.br\/sobre\/wp-json\/wp\/v2\/users\/1"}],"replies":[{"embeddable":true,"href":"https:\/\/www.encontracamacari.com.br\/sobre\/wp-json\/wp\/v2\/comments?post=1787"}],"version-history":[{"count":0,"href":"https:\/\/www.encontracamacari.com.br\/sobre\/wp-json\/wp\/v2\/posts\/1787\/revisions"}],"wp:featuredmedia":[{"embeddable":true,"href":"https:\/\/www.encontracamacari.com.br\/sobre\/wp-json\/wp\/v2\/media\/1786"}],"wp:attachment":[{"href":"https:\/\/www.encontracamacari.com.br\/sobre\/wp-json\/wp\/v2\/media?parent=1787"}],"wp:term":[{"taxonomy":"category","embeddable":true,"href":"https:\/\/www.encontracamacari.com.br\/sobre\/wp-json\/wp\/v2\/categories?post=1787"},{"taxonomy":"post_tag","embeddable":true,"href":"https:\/\/www.encontracamacari.com.br\/sobre\/wp-json\/wp\/v2\/tags?post=1787"}],"curies":[{"name":"wp","href":"https:\/\/api.w.org\/{rel}","templated":true}]}}