{"id":1781,"date":"2026-08-22T23:56:51","date_gmt":"2026-08-22T23:56:51","guid":{"rendered":"https:\/\/www.encontracamacari.com.br\/sobre\/elinaldo-e-tagner-acirram-disputa-pelo-eleitorado-de-camacari-na-corrida-pela-al\/"},"modified":"2026-08-22T23:56:51","modified_gmt":"2026-08-22T23:56:51","slug":"elinaldo-e-tagner-acirram-disputa-pelo-eleitorado-de-camacari-na-corrida-pela-al","status":"publish","type":"post","link":"https:\/\/www.encontracamacari.com.br\/sobre\/elinaldo-e-tagner-acirram-disputa-pelo-eleitorado-de-camacari-na-corrida-pela-al\/","title":{"rendered":"Elinaldo e Tagner acirram disputa pelo eleitorado de Cama\u00e7ari na corrida pela AL"},"content":{"rendered":"<div class=\"2410bb7248a64bb1f71103797e0f239b\" data-index=\"1\" style=\"float: none; margin:0px;\">\n<ins class=\"adsbygoogle\"\r\n     style=\"display:block\"\r\n     data-ad-client=\"ca-pub-8585364105181520\"\r\n     data-ad-slot=\"8789329856\"\r\n     data-ad-format=\"auto\"\r\n     data-full-width-responsive=\"true\"><\/ins>\r\n<script>\r\n     (adsbygoogle = window.adsbygoogle || []).push({});\r\n<\/script>\n<\/div>\n<h2>A Corrida pela AL-BA<\/h2>\n<p>A disputa para garantir uma vaga na Assembleia Legislativa da Bahia (AL-BA) est\u00e1 se intensificando e se posiciona como uma das mais importantes na cidade de Cama\u00e7ari nas elei\u00e7\u00f5es de 2026. Nesta corrida eleitoral, dois candidatos se destacam: o ex-prefeito Elinaldo Ara\u00fajo, associado ao Uni\u00e3o Brasil, e o vereador Tagner Cerqueira, representando o Partido dos Trabalhadores (PT).<\/p>\n<h2>Cama\u00e7ari em Foco<\/h2>\n<p>A cidade de Cama\u00e7ari \u00e9 um ponto estrat\u00e9gico no cen\u00e1rio pol\u00edtico da Bahia, marcada por uma popula\u00e7\u00e3o engajada e quest\u00f5es locais significativas. A escolha dos representantes na AL-BA vai al\u00e9m de uma simples disputa entre partidos; ela envolve os interesses de movimentos sociais e da comunidade, refletindo a necessidade de pol\u00edticas p\u00fablicas voltadas para o desenvolvimento local.<\/p>\n<h2>Desafios dos Candidatos<\/h2>\n<p>Cada candidato enfrenta um conjunto \u00fanico de desafios. Elinaldo busca n\u00e3o s\u00f3 preservar a base de apoio conquistada em seus mandatos anteriores, mas tamb\u00e9m ampli\u00e1-la diante de um eleitorado que ansia por melhorias e mudan\u00e7as significativas. J\u00e1 Tagner, como um nome emergente com respaldo do atual governo, deve afirmar sua capacidade de representar as expectativas do povo, aproveitando a for\u00e7a do apoio que recebe.<\/p>\n<p><img decoding=\"async\" src=\"https:\/\/www.encontracamacari.com.br\/sobre\/wp-content\/uploads\/2026\/08\/elinaldo-e-tagner-acirram-disputa-pelo-eleitorado-de-camacari-na-corrida-pela-al.webp\" alt=\"disputa em Cama\u00e7ari\" loading=\"lazy\" \/><\/p>\n<h2>Mobiliza\u00e7\u00e3o Eleitoral<\/h2>\n<p>As movimenta\u00e7\u00f5es em torno das campanhas j\u00e1 geram repercuss\u00f5es entre os eleitores. O evento organizado por Elinaldo, realizado no dia 17 de agosto, reuniu lideran\u00e7as de diferentes setores da sociedade e \u00e9 um indicativo do engajamento que busca mobilizar seus apoiadores. Em contraste, Tagner inaugurou seu comit\u00ea eleitoral no dia 20 de agosto, com a presen\u00e7a de figuras importantes, solidificando o apoio da atual administra\u00e7\u00e3o.<\/p>\n<h2>Apoio Pol\u00edtico e Estrat\u00e9gias<\/h2>\n<p>A din\u00e2mica de apoio entre os candidatos revela muito do jogo pol\u00edtico em Cama\u00e7ari. Elinaldo aposta no capital pol\u00edtico acumulado com seu hist\u00f3rico, enquanto Tagner utiliza a for\u00e7a de sua alian\u00e7a com o prefeito Luiz Caetano e a deputada federal Ivoneide Caetano para conquistar a confian\u00e7a do eleitorado. A combina\u00e7\u00e3o de estrat\u00e9gias com eventos, encontros e temas relevantes para os cidad\u00e3os \u00e9 crucial para ambos os lados.<\/p><div class=\"2410bb7248a64bb1f71103797e0f239b\" data-index=\"2\" style=\"float: none; margin:0px;\">\n<ins class=\"adsbygoogle\"\r\n     style=\"display:block; text-align:center;\"\r\n     data-ad-layout=\"in-article\"\r\n     data-ad-format=\"fluid\"\r\n     data-ad-client=\"ca-pub-8585364105181520\"\r\n     data-ad-slot=\"2899217073\"><\/ins>\r\n<script>\r\n     (adsbygoogle = window.adsbygoogle || []).push({});\r\n<\/script>\r\n\r\n<\/br><\/br>\n<\/div>\n\n<h2>O Papel da Comunidade<\/h2>\n<p>A participa\u00e7\u00e3o da comunidade \u00e9 um fator determinante nesta disputa. Com uma popula\u00e7\u00e3o atenta \u00e0s promessas feitas por seus candidatos, a expectativa por a\u00e7\u00f5es concretas aumenta. Movimentos populares, grupos comunit\u00e1rios e associa\u00e7\u00f5es locais t\u00eam grande influ\u00eancia e est\u00e3o atentos a quem realmente traz propostas que atendem \u00e0s suas necessidades.<\/p>\n<h2>Expectativas dos Eleitores<\/h2>\n<p>Os eleitores em Cama\u00e7ari est\u00e3o em busca de representatividade e pol\u00edticas p\u00fablicas eficazes. A maior expectativa gira em torno das melhorias na infraestrutura, sa\u00fade e educa\u00e7\u00e3o. Elinaldo e Tagner precisam, portanto, alinhar suas propostas \u00e0s demandas da popula\u00e7\u00e3o para angariar apoio e confian\u00e7a.<\/p>\n<h2>An\u00e1lise do Cen\u00e1rio Pol\u00edtico<\/h2>\n<p>O cen\u00e1rio atual em Cama\u00e7ari reflete um ambiente de polariza\u00e7\u00e3o pol\u00edtica, onde as alian\u00e7as s\u00e3o cuidadosamente negociadas. A presen\u00e7a de candidatos com hist\u00f3ricos diferentes implica em uma disputa que n\u00e3o envolve apenas os eleitores tradicionais, mas tamb\u00e9m aqueles que est\u00e3o em busca de inova\u00e7\u00e3o nos quadros pol\u00edticos. Quest\u00f5es de governan\u00e7a e transpar\u00eancia frequentemente surgem nas conversas entre eleitores e lideran\u00e7as.<\/p>\n<h2>Efeitos das Mobiliza\u00e7\u00f5es<\/h2>\n<p>Os primeiros dias de campanha mostraram que tanto Elinaldo quanto Tagner n\u00e3o hesitam em mobilizar suas bases. As mobiliza\u00e7\u00f5es n\u00e3o s\u00f3 visam conquistar votos, mas tamb\u00e9m estabelecer um di\u00e1logo direto com a popula\u00e7\u00e3o, evidenciando a import\u00e2ncia da intera\u00e7\u00e3o nas campanhas modernas. O sucesso ou falha de suas estrat\u00e9gias pode ser um divisor de \u00e1guas nas elei\u00e7\u00f5es.<\/p>\n<h2>Impactos Futuros para Cama\u00e7ari<\/h2>\n<p>Independentemente do resultado, a corrida eleitoral para a AL-BA em Cama\u00e7ari \u00e9 um reflexo das transforma\u00e7\u00f5es pol\u00edticas que podem impactar o munic\u00edpio a longo prazo. As escolhas feitas pelo eleitorado n\u00e3o influenciar\u00e3o apenas a composi\u00e7\u00e3o da Assembleia, mas tamb\u00e9m o futuro das pol\u00edticas implementadas localmente e a capacidade de atender \u00e0 demanda dos cidad\u00e3os por melhorias efetivas.<\/p>\n<div class=\"2410bb7248a64bb1f71103797e0f239b\" data-index=\"3\" style=\"float: none; margin:0px;\">\n<\/br><\/br>\r\n\r\n<ins class=\"adsbygoogle\"\r\n     style=\"display:block\"\r\n     data-ad-format=\"fluid\"\r\n     data-ad-layout-key=\"-63+do+n-1s+9e\"\r\n     data-ad-client=\"ca-pub-8585364105181520\"\r\n     data-ad-slot=\"6838462089\"><\/ins>\r\n<script>\r\n     (adsbygoogle = window.adsbygoogle || []).push({});\r\n<\/script>\n<\/div>\n\n<div style=\"font-size: 0px; height: 0px; line-height: 0px; margin: 0; padding: 0; clear: both;\"><\/div>","protected":false},"excerpt":{"rendered":"<p>A disputa em Cama\u00e7ari tem movimentado o eleitorado na corrida pela AL-BA.<\/p>\n","protected":false},"author":1,"featured_media":1780,"comment_status":"open","ping_status":"closed","sticky":false,"template":"","format":"standard","meta":{"footnotes":""},"categories":[1],"tags":[],"class_list":["post-1781","post","type-post","status-publish","format-standard","has-post-thumbnail","hentry","category-noticias-em-camacari","has_thumb"],"aioseo_notices":[],"aioseo_head":"\n\t\t<!-- All in One SEO 5.0.0.1 - aioseo.com -->\n\t<meta name=\"description\" content=\"A disputa em Cama\u00e7ari tem movimentado o eleitorado na corrida pela AL-BA.\" \/>\n\t<meta name=\"robots\" content=\"max-image-preview:large\" \/>\n\t<meta name=\"author\" content=\"Encontra Cama\u00e7ari\"\/>\n\t<link rel=\"canonical\" href=\"https:\/\/www.encontracamacari.com.br\/sobre\/elinaldo-e-tagner-acirram-disputa-pelo-eleitorado-de-camacari-na-corrida-pela-al\/\" \/>\n\t<meta name=\"generator\" content=\"All in One SEO (AIOSEO) 5.0.0.1\" \/>\n\t\t<meta property=\"og:locale\" content=\"pt_BR\" \/>\n\t\t<meta property=\"og:site_name\" content=\"Encontra Cama\u00e7ari - Not\u00edcias, eventos, informa\u00e7\u00f5es e dicas na cidade de Cama\u00e7ari e regi\u00e3o.\" \/>\n\t\t<meta property=\"og:type\" content=\"article\" \/>\n\t\t<meta property=\"og:title\" content=\"Elinaldo e Tagner acirram disputa pelo eleitorado de Cama\u00e7ari na corrida pela AL - Encontra Cama\u00e7ari\" \/>\n\t\t<meta property=\"og:description\" content=\"A disputa em Cama\u00e7ari tem movimentado o eleitorado na corrida pela AL-BA.\" \/>\n\t\t<meta property=\"og:url\" content=\"https:\/\/www.encontracamacari.com.br\/sobre\/elinaldo-e-tagner-acirram-disputa-pelo-eleitorado-de-camacari-na-corrida-pela-al\/\" \/>\n\t\t<meta property=\"article:published_time\" content=\"2026-08-22T23:56:51+00:00\" \/>\n\t\t<meta property=\"article:modified_time\" content=\"2026-08-22T23:56:51+00:00\" \/>\n\t\t<meta name=\"twitter:card\" content=\"summary_large_image\" \/>\n\t\t<meta name=\"twitter:title\" content=\"Elinaldo e Tagner acirram disputa pelo eleitorado de Cama\u00e7ari na corrida pela AL - Encontra Cama\u00e7ari\" \/>\n\t\t<meta name=\"twitter:description\" content=\"A disputa em Cama\u00e7ari tem movimentado o eleitorado na corrida pela AL-BA.\" \/>\n\t\t<script type=\"application\/ld+json\" class=\"aioseo-schema\">\n\t\t\t{\"@context\":\"https:\\\/\\\/schema.org\",\"@graph\":[{\"@type\":\"BlogPosting\",\"@id\":\"https:\\\/\\\/www.encontracamacari.com.br\\\/sobre\\\/elinaldo-e-tagner-acirram-disputa-pelo-eleitorado-de-camacari-na-corrida-pela-al\\\/#blogposting\",\"name\":\"Elinaldo e Tagner acirram disputa pelo eleitorado de Cama\\u00e7ari na corrida pela AL - Encontra Cama\\u00e7ari\",\"headline\":\"Elinaldo e Tagner acirram disputa pelo eleitorado de Cama\\u00e7ari na corrida pela AL\",\"author\":{\"@id\":\"https:\\\/\\\/www.encontracamacari.com.br\\\/sobre\\\/author\\\/ecamacari\\\/#author\"},\"publisher\":{\"@id\":\"https:\\\/\\\/www.encontracamacari.com.br\\\/sobre\\\/#organization\"},\"image\":{\"@type\":\"ImageObject\",\"url\":\"https:\\\/\\\/www.encontracamacari.com.br\\\/sobre\\\/wp-content\\\/uploads\\\/2026\\\/08\\\/elinaldo-e-tagner-acirram-disputa-pelo-eleitorado-de-camacari-na-corrida-pela-al.webp\",\"width\":280,\"height\":280,\"caption\":\"disputa em Cama\\u00e7ari\"},\"datePublished\":\"2026-08-22T23:56:51+00:00\",\"dateModified\":\"2026-08-22T23:56:51+00:00\",\"inLanguage\":\"pt-BR\",\"mainEntityOfPage\":{\"@id\":\"https:\\\/\\\/www.encontracamacari.com.br\\\/sobre\\\/elinaldo-e-tagner-acirram-disputa-pelo-eleitorado-de-camacari-na-corrida-pela-al\\\/#webpage\"},\"isPartOf\":{\"@id\":\"https:\\\/\\\/www.encontracamacari.com.br\\\/sobre\\\/elinaldo-e-tagner-acirram-disputa-pelo-eleitorado-de-camacari-na-corrida-pela-al\\\/#webpage\"},\"articleSection\":\"Not\\u00edcias Cama\\u00e7ari\"},{\"@type\":\"BreadcrumbList\",\"@id\":\"https:\\\/\\\/www.encontracamacari.com.br\\\/sobre\\\/elinaldo-e-tagner-acirram-disputa-pelo-eleitorado-de-camacari-na-corrida-pela-al\\\/#breadcrumblist\",\"itemListElement\":[{\"@type\":\"ListItem\",\"@id\":\"https:\\\/\\\/www.encontracamacari.com.br\\\/sobre#listItem\",\"position\":1,\"name\":\"Home\",\"item\":\"https:\\\/\\\/www.encontracamacari.com.br\\\/sobre\",\"nextItem\":{\"@type\":\"ListItem\",\"@id\":\"https:\\\/\\\/www.encontracamacari.com.br\\\/sobre\\\/noticias-em-camacari\\\/#listItem\",\"name\":\"Not\\u00edcias Cama\\u00e7ari\"}},{\"@type\":\"ListItem\",\"@id\":\"https:\\\/\\\/www.encontracamacari.com.br\\\/sobre\\\/noticias-em-camacari\\\/#listItem\",\"position\":2,\"name\":\"Not\\u00edcias Cama\\u00e7ari\",\"item\":\"https:\\\/\\\/www.encontracamacari.com.br\\\/sobre\\\/noticias-em-camacari\\\/\",\"nextItem\":{\"@type\":\"ListItem\",\"@id\":\"https:\\\/\\\/www.encontracamacari.com.br\\\/sobre\\\/elinaldo-e-tagner-acirram-disputa-pelo-eleitorado-de-camacari-na-corrida-pela-al\\\/#listItem\",\"name\":\"Elinaldo e Tagner acirram disputa pelo eleitorado de Cama\\u00e7ari na corrida pela AL\"},\"previousItem\":{\"@type\":\"ListItem\",\"@id\":\"https:\\\/\\\/www.encontracamacari.com.br\\\/sobre#listItem\",\"name\":\"Home\"}},{\"@type\":\"ListItem\",\"@id\":\"https:\\\/\\\/www.encontracamacari.com.br\\\/sobre\\\/elinaldo-e-tagner-acirram-disputa-pelo-eleitorado-de-camacari-na-corrida-pela-al\\\/#listItem\",\"position\":3,\"name\":\"Elinaldo e Tagner acirram disputa pelo eleitorado de Cama\\u00e7ari na corrida pela AL\",\"previousItem\":{\"@type\":\"ListItem\",\"@id\":\"https:\\\/\\\/www.encontracamacari.com.br\\\/sobre\\\/noticias-em-camacari\\\/#listItem\",\"name\":\"Not\\u00edcias Cama\\u00e7ari\"}}]},{\"@type\":\"Organization\",\"@id\":\"https:\\\/\\\/www.encontracamacari.com.br\\\/sobre\\\/#organization\",\"name\":\"Encontra Cama\\u00e7ari\",\"description\":\"Not\\u00edcias, eventos, informa\\u00e7\\u00f5es e dicas na cidade de Cama\\u00e7ari e regi\\u00e3o.\",\"url\":\"https:\\\/\\\/www.encontracamacari.com.br\\\/sobre\\\/\"},{\"@type\":\"Person\",\"@id\":\"https:\\\/\\\/www.encontracamacari.com.br\\\/sobre\\\/author\\\/ecamacari\\\/#author\",\"url\":\"https:\\\/\\\/www.encontracamacari.com.br\\\/sobre\\\/author\\\/ecamacari\\\/\",\"name\":\"Encontra Cama\\u00e7ari\",\"image\":{\"@type\":\"ImageObject\",\"@id\":\"https:\\\/\\\/www.encontracamacari.com.br\\\/sobre\\\/elinaldo-e-tagner-acirram-disputa-pelo-eleitorado-de-camacari-na-corrida-pela-al\\\/#authorImage\",\"url\":\"https:\\\/\\\/secure.gravatar.com\\\/avatar\\\/507340682b8270222e1f208e23198b6ae7e2c6a1033ae84e99bc6bce4f82a387?s=96&d=mm&r=g\",\"width\":96,\"height\":96,\"caption\":\"Encontra Cama\\u00e7ari\"}},{\"@type\":\"WebPage\",\"@id\":\"https:\\\/\\\/www.encontracamacari.com.br\\\/sobre\\\/elinaldo-e-tagner-acirram-disputa-pelo-eleitorado-de-camacari-na-corrida-pela-al\\\/#webpage\",\"url\":\"https:\\\/\\\/www.encontracamacari.com.br\\\/sobre\\\/elinaldo-e-tagner-acirram-disputa-pelo-eleitorado-de-camacari-na-corrida-pela-al\\\/\",\"name\":\"Elinaldo e Tagner acirram disputa pelo eleitorado de Cama\\u00e7ari na corrida pela AL - Encontra Cama\\u00e7ari\",\"description\":\"A disputa em Cama\\u00e7ari tem movimentado o eleitorado na corrida pela AL-BA.\",\"inLanguage\":\"pt-BR\",\"isPartOf\":{\"@id\":\"https:\\\/\\\/www.encontracamacari.com.br\\\/sobre\\\/#website\"},\"breadcrumb\":{\"@id\":\"https:\\\/\\\/www.encontracamacari.com.br\\\/sobre\\\/elinaldo-e-tagner-acirram-disputa-pelo-eleitorado-de-camacari-na-corrida-pela-al\\\/#breadcrumblist\"},\"author\":{\"@id\":\"https:\\\/\\\/www.encontracamacari.com.br\\\/sobre\\\/author\\\/ecamacari\\\/#author\"},\"creator\":{\"@id\":\"https:\\\/\\\/www.encontracamacari.com.br\\\/sobre\\\/author\\\/ecamacari\\\/#author\"},\"image\":{\"@type\":\"ImageObject\",\"url\":\"https:\\\/\\\/www.encontracamacari.com.br\\\/sobre\\\/wp-content\\\/uploads\\\/2026\\\/08\\\/elinaldo-e-tagner-acirram-disputa-pelo-eleitorado-de-camacari-na-corrida-pela-al.webp\",\"@id\":\"https:\\\/\\\/www.encontracamacari.com.br\\\/sobre\\\/elinaldo-e-tagner-acirram-disputa-pelo-eleitorado-de-camacari-na-corrida-pela-al\\\/#mainImage\",\"width\":280,\"height\":280,\"caption\":\"disputa em Cama\\u00e7ari\"},\"primaryImageOfPage\":{\"@id\":\"https:\\\/\\\/www.encontracamacari.com.br\\\/sobre\\\/elinaldo-e-tagner-acirram-disputa-pelo-eleitorado-de-camacari-na-corrida-pela-al\\\/#mainImage\"},\"datePublished\":\"2026-08-22T23:56:51+00:00\",\"dateModified\":\"2026-08-22T23:56:51+00:00\"},{\"@type\":\"WebSite\",\"@id\":\"https:\\\/\\\/www.encontracamacari.com.br\\\/sobre\\\/#website\",\"url\":\"https:\\\/\\\/www.encontracamacari.com.br\\\/sobre\\\/\",\"name\":\"Encontra Cama\\u00e7ari\",\"description\":\"Not\\u00edcias, eventos, informa\\u00e7\\u00f5es e dicas na cidade de Cama\\u00e7ari e regi\\u00e3o.\",\"inLanguage\":\"pt-BR\",\"publisher\":{\"@id\":\"https:\\\/\\\/www.encontracamacari.com.br\\\/sobre\\\/#organization\"}}]}\n\t\t<\/script>\n\t\t<!-- All in One SEO -->\n\n","aioseo_head_json":{"title":"Elinaldo e Tagner acirram disputa pelo eleitorado de Cama\u00e7ari na corrida pela AL - Encontra Cama\u00e7ari","description":"A disputa em Cama\u00e7ari tem movimentado o eleitorado na corrida pela AL-BA.","canonical_url":"https:\/\/www.encontracamacari.com.br\/sobre\/elinaldo-e-tagner-acirram-disputa-pelo-eleitorado-de-camacari-na-corrida-pela-al\/","robots":"max-image-preview:large","keywords":"","webmasterTools":{"miscellaneous":""},"schema":{"@context":"https:\/\/schema.org","@graph":[{"@type":"BlogPosting","@id":"https:\/\/www.encontracamacari.com.br\/sobre\/elinaldo-e-tagner-acirram-disputa-pelo-eleitorado-de-camacari-na-corrida-pela-al\/#blogposting","name":"Elinaldo e Tagner acirram disputa pelo eleitorado de Cama\u00e7ari na corrida pela AL - Encontra Cama\u00e7ari","headline":"Elinaldo e Tagner acirram disputa pelo eleitorado de Cama\u00e7ari na corrida pela AL","author":{"@id":"https:\/\/www.encontracamacari.com.br\/sobre\/author\/ecamacari\/#author"},"publisher":{"@id":"https:\/\/www.encontracamacari.com.br\/sobre\/#organization"},"image":{"@type":"ImageObject","url":"https:\/\/www.encontracamacari.com.br\/sobre\/wp-content\/uploads\/2026\/08\/elinaldo-e-tagner-acirram-disputa-pelo-eleitorado-de-camacari-na-corrida-pela-al.webp","width":280,"height":280,"caption":"disputa em Cama\u00e7ari"},"datePublished":"2026-08-22T23:56:51+00:00","dateModified":"2026-08-22T23:56:51+00:00","inLanguage":"pt-BR","mainEntityOfPage":{"@id":"https:\/\/www.encontracamacari.com.br\/sobre\/elinaldo-e-tagner-acirram-disputa-pelo-eleitorado-de-camacari-na-corrida-pela-al\/#webpage"},"isPartOf":{"@id":"https:\/\/www.encontracamacari.com.br\/sobre\/elinaldo-e-tagner-acirram-disputa-pelo-eleitorado-de-camacari-na-corrida-pela-al\/#webpage"},"articleSection":"Not\u00edcias Cama\u00e7ari"},{"@type":"BreadcrumbList","@id":"https:\/\/www.encontracamacari.com.br\/sobre\/elinaldo-e-tagner-acirram-disputa-pelo-eleitorado-de-camacari-na-corrida-pela-al\/#breadcrumblist","itemListElement":[{"@type":"ListItem","@id":"https:\/\/www.encontracamacari.com.br\/sobre#listItem","position":1,"name":"Home","item":"https:\/\/www.encontracamacari.com.br\/sobre","nextItem":{"@type":"ListItem","@id":"https:\/\/www.encontracamacari.com.br\/sobre\/noticias-em-camacari\/#listItem","name":"Not\u00edcias Cama\u00e7ari"}},{"@type":"ListItem","@id":"https:\/\/www.encontracamacari.com.br\/sobre\/noticias-em-camacari\/#listItem","position":2,"name":"Not\u00edcias Cama\u00e7ari","item":"https:\/\/www.encontracamacari.com.br\/sobre\/noticias-em-camacari\/","nextItem":{"@type":"ListItem","@id":"https:\/\/www.encontracamacari.com.br\/sobre\/elinaldo-e-tagner-acirram-disputa-pelo-eleitorado-de-camacari-na-corrida-pela-al\/#listItem","name":"Elinaldo e Tagner acirram disputa pelo eleitorado de Cama\u00e7ari na corrida pela AL"},"previousItem":{"@type":"ListItem","@id":"https:\/\/www.encontracamacari.com.br\/sobre#listItem","name":"Home"}},{"@type":"ListItem","@id":"https:\/\/www.encontracamacari.com.br\/sobre\/elinaldo-e-tagner-acirram-disputa-pelo-eleitorado-de-camacari-na-corrida-pela-al\/#listItem","position":3,"name":"Elinaldo e Tagner acirram disputa pelo eleitorado de Cama\u00e7ari na corrida pela AL","previousItem":{"@type":"ListItem","@id":"https:\/\/www.encontracamacari.com.br\/sobre\/noticias-em-camacari\/#listItem","name":"Not\u00edcias Cama\u00e7ari"}}]},{"@type":"Organization","@id":"https:\/\/www.encontracamacari.com.br\/sobre\/#organization","name":"Encontra Cama\u00e7ari","description":"Not\u00edcias, eventos, informa\u00e7\u00f5es e dicas na cidade de Cama\u00e7ari e regi\u00e3o.","url":"https:\/\/www.encontracamacari.com.br\/sobre\/"},{"@type":"Person","@id":"https:\/\/www.encontracamacari.com.br\/sobre\/author\/ecamacari\/#author","url":"https:\/\/www.encontracamacari.com.br\/sobre\/author\/ecamacari\/","name":"Encontra Cama\u00e7ari","image":{"@type":"ImageObject","@id":"https:\/\/www.encontracamacari.com.br\/sobre\/elinaldo-e-tagner-acirram-disputa-pelo-eleitorado-de-camacari-na-corrida-pela-al\/#authorImage","url":"https:\/\/secure.gravatar.com\/avatar\/507340682b8270222e1f208e23198b6ae7e2c6a1033ae84e99bc6bce4f82a387?s=96&d=mm&r=g","width":96,"height":96,"caption":"Encontra Cama\u00e7ari"}},{"@type":"WebPage","@id":"https:\/\/www.encontracamacari.com.br\/sobre\/elinaldo-e-tagner-acirram-disputa-pelo-eleitorado-de-camacari-na-corrida-pela-al\/#webpage","url":"https:\/\/www.encontracamacari.com.br\/sobre\/elinaldo-e-tagner-acirram-disputa-pelo-eleitorado-de-camacari-na-corrida-pela-al\/","name":"Elinaldo e Tagner acirram disputa pelo eleitorado de Cama\u00e7ari na corrida pela AL - Encontra Cama\u00e7ari","description":"A disputa em Cama\u00e7ari tem movimentado o eleitorado na corrida pela AL-BA.","inLanguage":"pt-BR","isPartOf":{"@id":"https:\/\/www.encontracamacari.com.br\/sobre\/#website"},"breadcrumb":{"@id":"https:\/\/www.encontracamacari.com.br\/sobre\/elinaldo-e-tagner-acirram-disputa-pelo-eleitorado-de-camacari-na-corrida-pela-al\/#breadcrumblist"},"author":{"@id":"https:\/\/www.encontracamacari.com.br\/sobre\/author\/ecamacari\/#author"},"creator":{"@id":"https:\/\/www.encontracamacari.com.br\/sobre\/author\/ecamacari\/#author"},"image":{"@type":"ImageObject","url":"https:\/\/www.encontracamacari.com.br\/sobre\/wp-content\/uploads\/2026\/08\/elinaldo-e-tagner-acirram-disputa-pelo-eleitorado-de-camacari-na-corrida-pela-al.webp","@id":"https:\/\/www.encontracamacari.com.br\/sobre\/elinaldo-e-tagner-acirram-disputa-pelo-eleitorado-de-camacari-na-corrida-pela-al\/#mainImage","width":280,"height":280,"caption":"disputa em Cama\u00e7ari"},"primaryImageOfPage":{"@id":"https:\/\/www.encontracamacari.com.br\/sobre\/elinaldo-e-tagner-acirram-disputa-pelo-eleitorado-de-camacari-na-corrida-pela-al\/#mainImage"},"datePublished":"2026-08-22T23:56:51+00:00","dateModified":"2026-08-22T23:56:51+00:00"},{"@type":"WebSite","@id":"https:\/\/www.encontracamacari.com.br\/sobre\/#website","url":"https:\/\/www.encontracamacari.com.br\/sobre\/","name":"Encontra Cama\u00e7ari","description":"Not\u00edcias, eventos, informa\u00e7\u00f5es e dicas na cidade de Cama\u00e7ari e regi\u00e3o.","inLanguage":"pt-BR","publisher":{"@id":"https:\/\/www.encontracamacari.com.br\/sobre\/#organization"}}]},"og:locale":"pt_BR","og:site_name":"Encontra Cama\u00e7ari - Not\u00edcias, eventos, informa\u00e7\u00f5es e dicas na cidade de Cama\u00e7ari e regi\u00e3o.","og:type":"article","og:title":"Elinaldo e Tagner acirram disputa pelo eleitorado de Cama\u00e7ari na corrida pela AL - Encontra Cama\u00e7ari","og:description":"A disputa em Cama\u00e7ari tem movimentado o eleitorado na corrida pela AL-BA.","og:url":"https:\/\/www.encontracamacari.com.br\/sobre\/elinaldo-e-tagner-acirram-disputa-pelo-eleitorado-de-camacari-na-corrida-pela-al\/","article:published_time":"2026-08-22T23:56:51+00:00","article:modified_time":"2026-08-22T23:56:51+00:00","twitter:card":"summary_large_image","twitter:title":"Elinaldo e Tagner acirram disputa pelo eleitorado de Cama\u00e7ari na corrida pela AL - Encontra Cama\u00e7ari","twitter:description":"A disputa em Cama\u00e7ari tem movimentado o eleitorado na corrida pela AL-BA."},"aioseo_meta_data":{"post_id":"1781","title":null,"description":null,"keywords":null,"keyphrases":null,"primary_term":null,"canonical_url":null,"og_title":null,"og_description":null,"og_object_type":"default","og_image_type":"default","og_image_url":null,"og_image_width":null,"og_image_height":null,"og_image_custom_url":null,"og_image_custom_fields":null,"og_video":null,"og_custom_url":null,"og_article_section":null,"og_article_tags":null,"twitter_use_og":false,"twitter_card":"default","twitter_image_type":"default","twitter_image_url":null,"twitter_image_custom_url":null,"twitter_image_custom_fields":null,"twitter_title":null,"twitter_description":null,"schema":{"blockGraphs":[],"customGraphs":[],"default":{"data":{"Article":[],"Course":[],"Dataset":[],"FAQPage":[],"Movie":[],"Person":[],"Product":[],"ProductReview":[],"Car":[],"Recipe":[],"Service":[],"SoftwareApplication":[],"WebPage":[]},"graphName":"BlogPosting","isEnabled":true},"graphs":[]},"schema_type":"default","schema_type_options":null,"pillar_content":false,"robots_default":true,"robots_noindex":false,"robots_noarchive":false,"robots_nosnippet":false,"robots_nofollow":false,"robots_noimageindex":false,"robots_noodp":false,"robots_notranslate":false,"robots_max_snippet":null,"robots_max_videopreview":null,"robots_max_imagepreview":"large","priority":null,"frequency":null,"local_seo":null,"limit_modified_date":false,"created":"2026-08-22 23:56:51","updated":"2026-08-23 01:08:23","focus_keyword":null,"additional_keywords":null,"truseo_locale":null,"ai":null,"breadcrumb_settings":null,"seo_analyzer_scan_date":null},"aioseo_breadcrumb":"<div class=\"aioseo-breadcrumbs\"><span class=\"aioseo-breadcrumb\">\n\t\t\t<a href=\"https:\/\/www.encontracamacari.com.br\/sobre\" title=\"Home\">Home<\/a>\n\t\t<\/span><span class=\"aioseo-breadcrumb-separator\">&raquo;<\/span><span class=\"aioseo-breadcrumb\">\n\t\t\t<a href=\"https:\/\/www.encontracamacari.com.br\/sobre\/noticias-em-camacari\/\" title=\"Not\u00edcias Cama\u00e7ari\">Not\u00edcias Cama\u00e7ari<\/a>\n\t\t<\/span><span class=\"aioseo-breadcrumb-separator\">&raquo;<\/span><span class=\"aioseo-breadcrumb\">\n\t\t\tElinaldo e Tagner acirram disputa pelo eleitorado de Cama\u00e7ari na corrida pela AL\n\t\t<\/span><\/div>","aioseo_breadcrumb_json":[{"label":"Home","link":"https:\/\/www.encontracamacari.com.br\/sobre"},{"label":"Not\u00edcias Cama\u00e7ari","link":"https:\/\/www.encontracamacari.com.br\/sobre\/noticias-em-camacari\/"},{"label":"Elinaldo e Tagner acirram disputa pelo eleitorado de Cama\u00e7ari na corrida pela AL","link":"https:\/\/www.encontracamacari.com.br\/sobre\/elinaldo-e-tagner-acirram-disputa-pelo-eleitorado-de-camacari-na-corrida-pela-al\/"}],"_links":{"self":[{"href":"https:\/\/www.encontracamacari.com.br\/sobre\/wp-json\/wp\/v2\/posts\/1781","targetHints":{"allow":["GET"]}}],"collection":[{"href":"https:\/\/www.encontracamacari.com.br\/sobre\/wp-json\/wp\/v2\/posts"}],"about":[{"href":"https:\/\/www.encontracamacari.com.br\/sobre\/wp-json\/wp\/v2\/types\/post"}],"author":[{"embeddable":true,"href":"https:\/\/www.encontracamacari.com.br\/sobre\/wp-json\/wp\/v2\/users\/1"}],"replies":[{"embeddable":true,"href":"https:\/\/www.encontracamacari.com.br\/sobre\/wp-json\/wp\/v2\/comments?post=1781"}],"version-history":[{"count":0,"href":"https:\/\/www.encontracamacari.com.br\/sobre\/wp-json\/wp\/v2\/posts\/1781\/revisions"}],"wp:featuredmedia":[{"embeddable":true,"href":"https:\/\/www.encontracamacari.com.br\/sobre\/wp-json\/wp\/v2\/media\/1780"}],"wp:attachment":[{"href":"https:\/\/www.encontracamacari.com.br\/sobre\/wp-json\/wp\/v2\/media?parent=1781"}],"wp:term":[{"taxonomy":"category","embeddable":true,"href":"https:\/\/www.encontracamacari.com.br\/sobre\/wp-json\/wp\/v2\/categories?post=1781"},{"taxonomy":"post_tag","embeddable":true,"href":"https:\/\/www.encontracamacari.com.br\/sobre\/wp-json\/wp\/v2\/tags?post=1781"}],"curies":[{"name":"wp","href":"https:\/\/api.w.org\/{rel}","templated":true}]}}