{"id":1757,"date":"2026-08-21T00:12:25","date_gmt":"2026-08-21T00:12:25","guid":{"rendered":"https:\/\/www.encontracamacari.com.br\/sobre\/gerente-administrativo\/"},"modified":"2026-08-21T00:12:25","modified_gmt":"2026-08-21T00:12:25","slug":"gerente-administrativo","status":"publish","type":"post","link":"https:\/\/www.encontracamacari.com.br\/sobre\/gerente-administrativo\/","title":{"rendered":"Gerente Administrativo"},"content":{"rendered":"<div class=\"2410bb7248a64bb1f71103797e0f239b\" data-index=\"1\" style=\"float: none; margin:0px;\">\n<ins class=\"adsbygoogle\"\r\n     style=\"display:block\"\r\n     data-ad-client=\"ca-pub-8585364105181520\"\r\n     data-ad-slot=\"8789329856\"\r\n     data-ad-format=\"auto\"\r\n     data-full-width-responsive=\"true\"><\/ins>\r\n<script>\r\n     (adsbygoogle = window.adsbygoogle || []).push({});\r\n<\/script>\n<\/div>\n<h2>O que \u00e9 o Portal Sal\u00e1rio?<\/h2>\n<p>O <strong>Portal Sal\u00e1rio<\/strong> \u00e9 uma plataforma online dedicada a fornecer informa\u00e7\u00f5es detalhadas sobre sal\u00e1rios e condi\u00e7\u00f5es de trabalho em diversas profiss\u00f5es e segmentos no Brasil. Com dados obtidos de forma confi\u00e1vel atrav\u00e9s do <strong>CAGED<\/strong> (Cadastro Geral de Empregados e Desempregados), o portal oferece uma vis\u00e3o abrangente do mercado de trabalho, ajudando profissionais e empresas a tomarem decis\u00f5es informadas.<\/p>\n<h2>Benef\u00edcios de Assinar o Portal<\/h2>\n<p>Assinar o <strong>Portal Sal\u00e1rio<\/strong> traz diversas vantagens, tais como:<\/p>\n<ul>\n<li><strong>Dados Atualizados:<\/strong> Informa\u00e7\u00f5es salariais mensais e relat\u00f3rios das varia\u00e7\u00f5es do mercado.<\/li>\n<li><strong>Acesso Ilimitado:<\/strong> Permite consultas sem restri\u00e7\u00f5es, seja por segmento, cargo ou localidade.<\/li>\n<li><strong>Ferramentas Exclusivas:<\/strong> Acesso a recursos como o <em>Meu Painel<\/em> e o <em>Construtor de Tabelas<\/em>.<\/li>\n<li><strong>Relat\u00f3rios Personalizados:<\/strong> Gera\u00e7\u00e3o de relat\u00f3rios em PDF e Excel com an\u00e1lises detalhadas.<\/li>\n<\/ul>\n<h2>Comparativo de Planos de Acesso<\/h2>\n<p>O <strong>Portal Sal\u00e1rio<\/strong> oferece diferentes planos de assinatura, adequando-se a diversas necessidades:<\/p>\n<p><img decoding=\"async\" src=\"https:\/\/www.encontracamacari.com.br\/sobre\/wp-content\/uploads\/2026\/08\/gerente-administrativo.webp\" alt=\"assinatura Portal Sal\u00e1rio\" loading=\"lazy\" \/><\/p>\n<table>\n<thead>\n<tr>\n<th>Tipo de Plano<\/th>\n<th>Dura\u00e7\u00e3o<\/th>\n<th>Pre\u00e7o<\/th>\n<th>Recursos Inclusos<\/th>\n<\/tr>\n<\/thead>\n<tbody>\n<tr>\n<td>Semanal<\/td>\n<td>7 dias<\/td>\n<td>R$ 59,90<\/td>\n<td>Acesso total, 10 cargos no Meu Painel, 3 exporta\u00e7\u00f5es<\/td>\n<\/tr>\n<tr>\n<td>Mensal<\/td>\n<td>30 dias<\/td>\n<td>R$ 119,90<\/td>\n<td>Acesso total, 30 cargos no Meu Painel, 15 exporta\u00e7\u00f5es<\/td>\n<\/tr>\n<tr>\n<td>Trimestral<\/td>\n<td>90 dias<\/td>\n<td>R$ 349,90<\/td>\n<td>Acesso total, 50 cargos no Meu Painel, 50 exporta\u00e7\u00f5es<\/td>\n<\/tr>\n<\/tbody>\n<\/table>\n<h2>Tabela Salarial por Setores<\/h2>\n<p>Os setores dispon\u00edveis no <strong>Portal Sal\u00e1rio<\/strong> incluem:<\/p>\n<ul>\n<li><strong>Agroneg\u00f3cio<\/strong><\/li>\n<li><strong>Sa\u00fade<\/strong><\/li>\n<li><strong>Com\u00e9rcio<\/strong><\/li>\n<li><strong>Constru\u00e7\u00e3o<\/strong><\/li>\n<li><strong>Educa\u00e7\u00e3o<\/strong><\/li>\n<li><strong>Ind\u00fastria<\/strong><\/li>\n<li><strong>Log\u00edstica e Transporte<\/strong><\/li>\n<li><strong>Tecnologia da Informa\u00e7\u00e3o<\/strong><\/li>\n<\/ul>\n<p>Cada setor possui dados espec\u00edficos e tabelas salariais detalhadas, refletindo as condi\u00e7\u00f5es de trabalho e as faixas salariais em cada \u00e1rea.<\/p>\n<h2>Profiss\u00f5es Mais Buscadas no Brasil<\/h2>\n<p>Entre as profiss\u00f5es em alta no Brasil, destacam-se:<\/p><div class=\"2410bb7248a64bb1f71103797e0f239b\" data-index=\"2\" style=\"float: none; margin:0px;\">\n<ins class=\"adsbygoogle\"\r\n     style=\"display:block; text-align:center;\"\r\n     data-ad-layout=\"in-article\"\r\n     data-ad-format=\"fluid\"\r\n     data-ad-client=\"ca-pub-8585364105181520\"\r\n     data-ad-slot=\"2899217073\"><\/ins>\r\n<script>\r\n     (adsbygoogle = window.adsbygoogle || []).push({});\r\n<\/script>\r\n\r\n<\/br><\/br>\n<\/div>\n\n<ul>\n<li><strong>Engenheiros<\/strong><\/li>\n<li><strong>Profissionais de TI<\/strong><\/li>\n<li><strong>Gestores de Recursos Humanos<\/strong><\/li>\n<li><strong>Profissionais de Sa\u00fade<\/strong><\/li>\n<li><strong>Vendedores<\/strong><\/li>\n<\/ul>\n<h2>Import\u00e2ncia dos Dados Salariais<\/h2>\n<p>Os dados salariais s\u00e3o cruciais para:<\/p>\n<ul>\n<li><strong>Planejamento de Carreira:<\/strong> Permitem que profissionais planejem suas carreiras com base nas remunera\u00e7\u00f5es do mercado.<\/li>\n<li><strong>Contrata\u00e7\u00e3o Estrat\u00e9gica:<\/strong> Facilitam decis\u00f5es informadas por parte de empresas em processos seletivos e contrata\u00e7\u00f5es.<\/li>\n<li><strong>Avalia\u00e7\u00e3o de Equidade Salarial:<\/strong> Auxiliam na identifica\u00e7\u00e3o de disparidades salariais entre diferentes grupos de profissionais.<\/li>\n<\/ul>\n<h2>Como Utilizar a Plataforma<\/h2>\n<p>Para come\u00e7ar a usar o <strong>Portal Sal\u00e1rio<\/strong>, siga os passos:<\/p>\n<ol>\n<li><strong>Criar uma Conta:<\/strong> Registre-se na plataforma com seus dados.<\/li>\n<li><strong>Escolher um Plano:<\/strong> Selecione o plano que melhor atende suas necessidades.<\/li>\n<li><strong>Acessar Informa\u00e7\u00f5es:<\/strong> Navegue por sal\u00e1rios, condi\u00e7\u00f5es de trabalho e relat\u00f3rios detalhados.<\/li>\n<\/ol>\n<h2>Dicas para Melhores Negocia\u00e7\u00f5es Salariais<\/h2>\n<p>Na hora de negociar seu sal\u00e1rio, considere:<\/p>\n<ul>\n<li><strong>Pesquise:<\/strong> Utilize dados do Portal Sal\u00e1rio para embasar sua proposta.<\/li>\n<li><strong>Valorize suas Compet\u00eancias:<\/strong> Mostre suas habilidades e experi\u00eancias relevantes para a fun\u00e7\u00e3o.<\/li>\n<li><strong>Seja Flex\u00edvel:<\/strong> Esteja aberto a negociar benef\u00edcios al\u00e9m do sal\u00e1rio.<\/li>\n<\/ul>\n<h2>Exclusividades da Assinatura<\/h2>\n<p>Assinantes do <strong>Portal Sal\u00e1rio<\/strong> t\u00eam acesso a:<\/p>\n<ul>\n<li><strong>IPS:<\/strong> \u00cdndice Portal Sal\u00e1rio que mede a sa\u00fade econ\u00f4mica de cargos e segmentos.<\/li>\n<li><strong>Relat\u00f3rios Trimestrais:<\/strong> An\u00e1lises detalhadas do mercado em rela\u00e7\u00e3o a cada profiss\u00e3o.<\/li>\n<li><strong>Dados de Inclus\u00e3o:<\/strong> Informa\u00e7\u00f5es sobre a inser\u00e7\u00e3o de pessoas com defici\u00eancia no mercado de trabalho.<\/li>\n<\/ul>\n<h2>Perguntas Frequentes sobre o Portal<\/h2>\n<p>Confira as d\u00favidas comuns sobre a utiliza\u00e7\u00e3o do <strong>Portal Sal\u00e1rio<\/strong>:<\/p>\n<h3>De onde v\u00eam os dados?<\/h3>\n<p>Os dados s\u00e3o extra\u00eddos do <strong>CAGED<\/strong> e complementados com an\u00e1lises pr\u00f3prias para atualiza\u00e7\u00f5es.<\/p>\n<h3>Como funciona o Meu Painel?<\/h3>\n<p>O Meu Painel permite que voc\u00ea acompanhe as profiss\u00f5es que escolheu, com relat\u00f3rios mensais sobre tend\u00eancias e varia\u00e7\u00f5es salariais.<\/p>\n<h3>\u00c9 poss\u00edvel cancelar a assinatura?<\/h3>\n<p>Sim, voc\u00ea pode cancelar a qualquer momento, sem taxas adicionais.<\/p>\n<h3>Voc\u00eas oferecem suporte ao cliente?<\/h3>\n<p>Sim, o suporte ao cliente est\u00e1 dispon\u00edvel atrav\u00e9s de v\u00e1rias plataformas, incluindo WhatsApp e e-mail.<\/p>\n<div class=\"2410bb7248a64bb1f71103797e0f239b\" data-index=\"3\" style=\"float: none; margin:0px;\">\n<\/br><\/br>\r\n\r\n<ins class=\"adsbygoogle\"\r\n     style=\"display:block\"\r\n     data-ad-format=\"fluid\"\r\n     data-ad-layout-key=\"-63+do+n-1s+9e\"\r\n     data-ad-client=\"ca-pub-8585364105181520\"\r\n     data-ad-slot=\"6838462089\"><\/ins>\r\n<script>\r\n     (adsbygoogle = window.adsbygoogle || []).push({});\r\n<\/script>\n<\/div>\n\n<div style=\"font-size: 0px; height: 0px; line-height: 0px; margin: 0; padding: 0; clear: both;\"><\/div>","protected":false},"excerpt":{"rendered":"<p>Assine o Portal Sal\u00e1rio e tenha acesso a dados de cargos e sal\u00e1rios do Brasil.<\/p>\n","protected":false},"author":1,"featured_media":1756,"comment_status":"open","ping_status":"closed","sticky":false,"template":"","format":"standard","meta":{"footnotes":""},"categories":[1],"tags":[],"class_list":["post-1757","post","type-post","status-publish","format-standard","has-post-thumbnail","hentry","category-noticias-em-camacari","has_thumb"],"aioseo_notices":[],"aioseo_head":"\n\t\t<!-- All in One SEO 5.0.0.1 - aioseo.com -->\n\t<meta name=\"description\" content=\"Assine o Portal Sal\u00e1rio e tenha acesso a dados de cargos e sal\u00e1rios do Brasil.\" \/>\n\t<meta name=\"robots\" content=\"max-image-preview:large\" \/>\n\t<meta name=\"author\" content=\"Encontra Cama\u00e7ari\"\/>\n\t<link rel=\"canonical\" href=\"https:\/\/www.encontracamacari.com.br\/sobre\/gerente-administrativo\/\" \/>\n\t<meta name=\"generator\" content=\"All in One SEO (AIOSEO) 5.0.0.1\" \/>\n\t\t<meta property=\"og:locale\" content=\"pt_BR\" \/>\n\t\t<meta property=\"og:site_name\" content=\"Encontra Cama\u00e7ari - Not\u00edcias, eventos, informa\u00e7\u00f5es e dicas na cidade de Cama\u00e7ari e regi\u00e3o.\" \/>\n\t\t<meta property=\"og:type\" content=\"article\" \/>\n\t\t<meta property=\"og:title\" content=\"Gerente Administrativo - Encontra Cama\u00e7ari\" \/>\n\t\t<meta property=\"og:description\" content=\"Assine o Portal Sal\u00e1rio e tenha acesso a dados de cargos e sal\u00e1rios do Brasil.\" \/>\n\t\t<meta property=\"og:url\" content=\"https:\/\/www.encontracamacari.com.br\/sobre\/gerente-administrativo\/\" \/>\n\t\t<meta property=\"article:published_time\" content=\"2026-08-21T00:12:25+00:00\" \/>\n\t\t<meta property=\"article:modified_time\" content=\"2026-08-21T00:12:25+00:00\" \/>\n\t\t<meta name=\"twitter:card\" content=\"summary_large_image\" \/>\n\t\t<meta name=\"twitter:title\" content=\"Gerente Administrativo - Encontra Cama\u00e7ari\" \/>\n\t\t<meta name=\"twitter:description\" content=\"Assine o Portal Sal\u00e1rio e tenha acesso a dados de cargos e sal\u00e1rios do Brasil.\" \/>\n\t\t<script type=\"application\/ld+json\" class=\"aioseo-schema\">\n\t\t\t{\"@context\":\"https:\\\/\\\/schema.org\",\"@graph\":[{\"@type\":\"BlogPosting\",\"@id\":\"https:\\\/\\\/www.encontracamacari.com.br\\\/sobre\\\/gerente-administrativo\\\/#blogposting\",\"name\":\"Gerente Administrativo - Encontra Cama\\u00e7ari\",\"headline\":\"Gerente Administrativo\",\"author\":{\"@id\":\"https:\\\/\\\/www.encontracamacari.com.br\\\/sobre\\\/author\\\/ecamacari\\\/#author\"},\"publisher\":{\"@id\":\"https:\\\/\\\/www.encontracamacari.com.br\\\/sobre\\\/#organization\"},\"image\":{\"@type\":\"ImageObject\",\"url\":\"https:\\\/\\\/www.encontracamacari.com.br\\\/sobre\\\/wp-content\\\/uploads\\\/2026\\\/08\\\/gerente-administrativo.webp\",\"width\":280,\"height\":280,\"caption\":\"assinatura Portal Sal\\u00e1rio\"},\"datePublished\":\"2026-08-21T00:12:25+00:00\",\"dateModified\":\"2026-08-21T00:12:25+00:00\",\"inLanguage\":\"pt-BR\",\"mainEntityOfPage\":{\"@id\":\"https:\\\/\\\/www.encontracamacari.com.br\\\/sobre\\\/gerente-administrativo\\\/#webpage\"},\"isPartOf\":{\"@id\":\"https:\\\/\\\/www.encontracamacari.com.br\\\/sobre\\\/gerente-administrativo\\\/#webpage\"},\"articleSection\":\"Not\\u00edcias Cama\\u00e7ari\"},{\"@type\":\"BreadcrumbList\",\"@id\":\"https:\\\/\\\/www.encontracamacari.com.br\\\/sobre\\\/gerente-administrativo\\\/#breadcrumblist\",\"itemListElement\":[{\"@type\":\"ListItem\",\"@id\":\"https:\\\/\\\/www.encontracamacari.com.br\\\/sobre#listItem\",\"position\":1,\"name\":\"Home\",\"item\":\"https:\\\/\\\/www.encontracamacari.com.br\\\/sobre\",\"nextItem\":{\"@type\":\"ListItem\",\"@id\":\"https:\\\/\\\/www.encontracamacari.com.br\\\/sobre\\\/noticias-em-camacari\\\/#listItem\",\"name\":\"Not\\u00edcias Cama\\u00e7ari\"}},{\"@type\":\"ListItem\",\"@id\":\"https:\\\/\\\/www.encontracamacari.com.br\\\/sobre\\\/noticias-em-camacari\\\/#listItem\",\"position\":2,\"name\":\"Not\\u00edcias Cama\\u00e7ari\",\"item\":\"https:\\\/\\\/www.encontracamacari.com.br\\\/sobre\\\/noticias-em-camacari\\\/\",\"nextItem\":{\"@type\":\"ListItem\",\"@id\":\"https:\\\/\\\/www.encontracamacari.com.br\\\/sobre\\\/gerente-administrativo\\\/#listItem\",\"name\":\"Gerente Administrativo\"},\"previousItem\":{\"@type\":\"ListItem\",\"@id\":\"https:\\\/\\\/www.encontracamacari.com.br\\\/sobre#listItem\",\"name\":\"Home\"}},{\"@type\":\"ListItem\",\"@id\":\"https:\\\/\\\/www.encontracamacari.com.br\\\/sobre\\\/gerente-administrativo\\\/#listItem\",\"position\":3,\"name\":\"Gerente Administrativo\",\"previousItem\":{\"@type\":\"ListItem\",\"@id\":\"https:\\\/\\\/www.encontracamacari.com.br\\\/sobre\\\/noticias-em-camacari\\\/#listItem\",\"name\":\"Not\\u00edcias Cama\\u00e7ari\"}}]},{\"@type\":\"Organization\",\"@id\":\"https:\\\/\\\/www.encontracamacari.com.br\\\/sobre\\\/#organization\",\"name\":\"Encontra Cama\\u00e7ari\",\"description\":\"Not\\u00edcias, eventos, informa\\u00e7\\u00f5es e dicas na cidade de Cama\\u00e7ari e regi\\u00e3o.\",\"url\":\"https:\\\/\\\/www.encontracamacari.com.br\\\/sobre\\\/\"},{\"@type\":\"Person\",\"@id\":\"https:\\\/\\\/www.encontracamacari.com.br\\\/sobre\\\/author\\\/ecamacari\\\/#author\",\"url\":\"https:\\\/\\\/www.encontracamacari.com.br\\\/sobre\\\/author\\\/ecamacari\\\/\",\"name\":\"Encontra Cama\\u00e7ari\",\"image\":{\"@type\":\"ImageObject\",\"@id\":\"https:\\\/\\\/www.encontracamacari.com.br\\\/sobre\\\/gerente-administrativo\\\/#authorImage\",\"url\":\"https:\\\/\\\/secure.gravatar.com\\\/avatar\\\/507340682b8270222e1f208e23198b6ae7e2c6a1033ae84e99bc6bce4f82a387?s=96&d=mm&r=g\",\"width\":96,\"height\":96,\"caption\":\"Encontra Cama\\u00e7ari\"}},{\"@type\":\"WebPage\",\"@id\":\"https:\\\/\\\/www.encontracamacari.com.br\\\/sobre\\\/gerente-administrativo\\\/#webpage\",\"url\":\"https:\\\/\\\/www.encontracamacari.com.br\\\/sobre\\\/gerente-administrativo\\\/\",\"name\":\"Gerente Administrativo - Encontra Cama\\u00e7ari\",\"description\":\"Assine o Portal Sal\\u00e1rio e tenha acesso a dados de cargos e sal\\u00e1rios do Brasil.\",\"inLanguage\":\"pt-BR\",\"isPartOf\":{\"@id\":\"https:\\\/\\\/www.encontracamacari.com.br\\\/sobre\\\/#website\"},\"breadcrumb\":{\"@id\":\"https:\\\/\\\/www.encontracamacari.com.br\\\/sobre\\\/gerente-administrativo\\\/#breadcrumblist\"},\"author\":{\"@id\":\"https:\\\/\\\/www.encontracamacari.com.br\\\/sobre\\\/author\\\/ecamacari\\\/#author\"},\"creator\":{\"@id\":\"https:\\\/\\\/www.encontracamacari.com.br\\\/sobre\\\/author\\\/ecamacari\\\/#author\"},\"image\":{\"@type\":\"ImageObject\",\"url\":\"https:\\\/\\\/www.encontracamacari.com.br\\\/sobre\\\/wp-content\\\/uploads\\\/2026\\\/08\\\/gerente-administrativo.webp\",\"@id\":\"https:\\\/\\\/www.encontracamacari.com.br\\\/sobre\\\/gerente-administrativo\\\/#mainImage\",\"width\":280,\"height\":280,\"caption\":\"assinatura Portal Sal\\u00e1rio\"},\"primaryImageOfPage\":{\"@id\":\"https:\\\/\\\/www.encontracamacari.com.br\\\/sobre\\\/gerente-administrativo\\\/#mainImage\"},\"datePublished\":\"2026-08-21T00:12:25+00:00\",\"dateModified\":\"2026-08-21T00:12:25+00:00\"},{\"@type\":\"WebSite\",\"@id\":\"https:\\\/\\\/www.encontracamacari.com.br\\\/sobre\\\/#website\",\"url\":\"https:\\\/\\\/www.encontracamacari.com.br\\\/sobre\\\/\",\"name\":\"Encontra Cama\\u00e7ari\",\"description\":\"Not\\u00edcias, eventos, informa\\u00e7\\u00f5es e dicas na cidade de Cama\\u00e7ari e regi\\u00e3o.\",\"inLanguage\":\"pt-BR\",\"publisher\":{\"@id\":\"https:\\\/\\\/www.encontracamacari.com.br\\\/sobre\\\/#organization\"}}]}\n\t\t<\/script>\n\t\t<!-- All in One SEO -->\n\n","aioseo_head_json":{"title":"Gerente Administrativo - Encontra Cama\u00e7ari","description":"Assine o Portal Sal\u00e1rio e tenha acesso a dados de cargos e sal\u00e1rios do Brasil.","canonical_url":"https:\/\/www.encontracamacari.com.br\/sobre\/gerente-administrativo\/","robots":"max-image-preview:large","keywords":"","webmasterTools":{"miscellaneous":""},"schema":{"@context":"https:\/\/schema.org","@graph":[{"@type":"BlogPosting","@id":"https:\/\/www.encontracamacari.com.br\/sobre\/gerente-administrativo\/#blogposting","name":"Gerente Administrativo - Encontra Cama\u00e7ari","headline":"Gerente Administrativo","author":{"@id":"https:\/\/www.encontracamacari.com.br\/sobre\/author\/ecamacari\/#author"},"publisher":{"@id":"https:\/\/www.encontracamacari.com.br\/sobre\/#organization"},"image":{"@type":"ImageObject","url":"https:\/\/www.encontracamacari.com.br\/sobre\/wp-content\/uploads\/2026\/08\/gerente-administrativo.webp","width":280,"height":280,"caption":"assinatura Portal Sal\u00e1rio"},"datePublished":"2026-08-21T00:12:25+00:00","dateModified":"2026-08-21T00:12:25+00:00","inLanguage":"pt-BR","mainEntityOfPage":{"@id":"https:\/\/www.encontracamacari.com.br\/sobre\/gerente-administrativo\/#webpage"},"isPartOf":{"@id":"https:\/\/www.encontracamacari.com.br\/sobre\/gerente-administrativo\/#webpage"},"articleSection":"Not\u00edcias Cama\u00e7ari"},{"@type":"BreadcrumbList","@id":"https:\/\/www.encontracamacari.com.br\/sobre\/gerente-administrativo\/#breadcrumblist","itemListElement":[{"@type":"ListItem","@id":"https:\/\/www.encontracamacari.com.br\/sobre#listItem","position":1,"name":"Home","item":"https:\/\/www.encontracamacari.com.br\/sobre","nextItem":{"@type":"ListItem","@id":"https:\/\/www.encontracamacari.com.br\/sobre\/noticias-em-camacari\/#listItem","name":"Not\u00edcias Cama\u00e7ari"}},{"@type":"ListItem","@id":"https:\/\/www.encontracamacari.com.br\/sobre\/noticias-em-camacari\/#listItem","position":2,"name":"Not\u00edcias Cama\u00e7ari","item":"https:\/\/www.encontracamacari.com.br\/sobre\/noticias-em-camacari\/","nextItem":{"@type":"ListItem","@id":"https:\/\/www.encontracamacari.com.br\/sobre\/gerente-administrativo\/#listItem","name":"Gerente Administrativo"},"previousItem":{"@type":"ListItem","@id":"https:\/\/www.encontracamacari.com.br\/sobre#listItem","name":"Home"}},{"@type":"ListItem","@id":"https:\/\/www.encontracamacari.com.br\/sobre\/gerente-administrativo\/#listItem","position":3,"name":"Gerente Administrativo","previousItem":{"@type":"ListItem","@id":"https:\/\/www.encontracamacari.com.br\/sobre\/noticias-em-camacari\/#listItem","name":"Not\u00edcias Cama\u00e7ari"}}]},{"@type":"Organization","@id":"https:\/\/www.encontracamacari.com.br\/sobre\/#organization","name":"Encontra Cama\u00e7ari","description":"Not\u00edcias, eventos, informa\u00e7\u00f5es e dicas na cidade de Cama\u00e7ari e regi\u00e3o.","url":"https:\/\/www.encontracamacari.com.br\/sobre\/"},{"@type":"Person","@id":"https:\/\/www.encontracamacari.com.br\/sobre\/author\/ecamacari\/#author","url":"https:\/\/www.encontracamacari.com.br\/sobre\/author\/ecamacari\/","name":"Encontra Cama\u00e7ari","image":{"@type":"ImageObject","@id":"https:\/\/www.encontracamacari.com.br\/sobre\/gerente-administrativo\/#authorImage","url":"https:\/\/secure.gravatar.com\/avatar\/507340682b8270222e1f208e23198b6ae7e2c6a1033ae84e99bc6bce4f82a387?s=96&d=mm&r=g","width":96,"height":96,"caption":"Encontra Cama\u00e7ari"}},{"@type":"WebPage","@id":"https:\/\/www.encontracamacari.com.br\/sobre\/gerente-administrativo\/#webpage","url":"https:\/\/www.encontracamacari.com.br\/sobre\/gerente-administrativo\/","name":"Gerente Administrativo - Encontra Cama\u00e7ari","description":"Assine o Portal Sal\u00e1rio e tenha acesso a dados de cargos e sal\u00e1rios do Brasil.","inLanguage":"pt-BR","isPartOf":{"@id":"https:\/\/www.encontracamacari.com.br\/sobre\/#website"},"breadcrumb":{"@id":"https:\/\/www.encontracamacari.com.br\/sobre\/gerente-administrativo\/#breadcrumblist"},"author":{"@id":"https:\/\/www.encontracamacari.com.br\/sobre\/author\/ecamacari\/#author"},"creator":{"@id":"https:\/\/www.encontracamacari.com.br\/sobre\/author\/ecamacari\/#author"},"image":{"@type":"ImageObject","url":"https:\/\/www.encontracamacari.com.br\/sobre\/wp-content\/uploads\/2026\/08\/gerente-administrativo.webp","@id":"https:\/\/www.encontracamacari.com.br\/sobre\/gerente-administrativo\/#mainImage","width":280,"height":280,"caption":"assinatura Portal Sal\u00e1rio"},"primaryImageOfPage":{"@id":"https:\/\/www.encontracamacari.com.br\/sobre\/gerente-administrativo\/#mainImage"},"datePublished":"2026-08-21T00:12:25+00:00","dateModified":"2026-08-21T00:12:25+00:00"},{"@type":"WebSite","@id":"https:\/\/www.encontracamacari.com.br\/sobre\/#website","url":"https:\/\/www.encontracamacari.com.br\/sobre\/","name":"Encontra Cama\u00e7ari","description":"Not\u00edcias, eventos, informa\u00e7\u00f5es e dicas na cidade de Cama\u00e7ari e regi\u00e3o.","inLanguage":"pt-BR","publisher":{"@id":"https:\/\/www.encontracamacari.com.br\/sobre\/#organization"}}]},"og:locale":"pt_BR","og:site_name":"Encontra Cama\u00e7ari - Not\u00edcias, eventos, informa\u00e7\u00f5es e dicas na cidade de Cama\u00e7ari e regi\u00e3o.","og:type":"article","og:title":"Gerente Administrativo - Encontra Cama\u00e7ari","og:description":"Assine o Portal Sal\u00e1rio e tenha acesso a dados de cargos e sal\u00e1rios do Brasil.","og:url":"https:\/\/www.encontracamacari.com.br\/sobre\/gerente-administrativo\/","article:published_time":"2026-08-21T00:12:25+00:00","article:modified_time":"2026-08-21T00:12:25+00:00","twitter:card":"summary_large_image","twitter:title":"Gerente Administrativo - Encontra Cama\u00e7ari","twitter:description":"Assine o Portal Sal\u00e1rio e tenha acesso a dados de cargos e sal\u00e1rios do Brasil."},"aioseo_meta_data":{"post_id":"1757","title":null,"description":null,"keywords":null,"keyphrases":null,"primary_term":null,"canonical_url":null,"og_title":null,"og_description":null,"og_object_type":"default","og_image_type":"default","og_image_url":null,"og_image_width":null,"og_image_height":null,"og_image_custom_url":null,"og_image_custom_fields":null,"og_video":null,"og_custom_url":null,"og_article_section":null,"og_article_tags":null,"twitter_use_og":false,"twitter_card":"default","twitter_image_type":"default","twitter_image_url":null,"twitter_image_custom_url":null,"twitter_image_custom_fields":null,"twitter_title":null,"twitter_description":null,"schema":{"blockGraphs":[],"customGraphs":[],"default":{"data":{"Article":[],"Course":[],"Dataset":[],"FAQPage":[],"Movie":[],"Person":[],"Product":[],"ProductReview":[],"Car":[],"Recipe":[],"Service":[],"SoftwareApplication":[],"WebPage":[]},"graphName":"BlogPosting","isEnabled":true},"graphs":[]},"schema_type":"default","schema_type_options":null,"pillar_content":false,"robots_default":true,"robots_noindex":false,"robots_noarchive":false,"robots_nosnippet":false,"robots_nofollow":false,"robots_noimageindex":false,"robots_noodp":false,"robots_notranslate":false,"robots_max_snippet":null,"robots_max_videopreview":null,"robots_max_imagepreview":"large","priority":null,"frequency":null,"local_seo":null,"limit_modified_date":false,"created":"2026-08-21 00:12:25","updated":"2026-08-21 01:08:19","focus_keyword":null,"additional_keywords":null,"truseo_locale":null,"ai":null,"breadcrumb_settings":null,"seo_analyzer_scan_date":null},"aioseo_breadcrumb":"<div class=\"aioseo-breadcrumbs\"><span class=\"aioseo-breadcrumb\">\n\t\t\t<a href=\"https:\/\/www.encontracamacari.com.br\/sobre\" title=\"Home\">Home<\/a>\n\t\t<\/span><span class=\"aioseo-breadcrumb-separator\">&raquo;<\/span><span class=\"aioseo-breadcrumb\">\n\t\t\t<a href=\"https:\/\/www.encontracamacari.com.br\/sobre\/noticias-em-camacari\/\" title=\"Not\u00edcias Cama\u00e7ari\">Not\u00edcias Cama\u00e7ari<\/a>\n\t\t<\/span><span class=\"aioseo-breadcrumb-separator\">&raquo;<\/span><span class=\"aioseo-breadcrumb\">\n\t\t\tGerente Administrativo\n\t\t<\/span><\/div>","aioseo_breadcrumb_json":[{"label":"Home","link":"https:\/\/www.encontracamacari.com.br\/sobre"},{"label":"Not\u00edcias Cama\u00e7ari","link":"https:\/\/www.encontracamacari.com.br\/sobre\/noticias-em-camacari\/"},{"label":"Gerente Administrativo","link":"https:\/\/www.encontracamacari.com.br\/sobre\/gerente-administrativo\/"}],"_links":{"self":[{"href":"https:\/\/www.encontracamacari.com.br\/sobre\/wp-json\/wp\/v2\/posts\/1757","targetHints":{"allow":["GET"]}}],"collection":[{"href":"https:\/\/www.encontracamacari.com.br\/sobre\/wp-json\/wp\/v2\/posts"}],"about":[{"href":"https:\/\/www.encontracamacari.com.br\/sobre\/wp-json\/wp\/v2\/types\/post"}],"author":[{"embeddable":true,"href":"https:\/\/www.encontracamacari.com.br\/sobre\/wp-json\/wp\/v2\/users\/1"}],"replies":[{"embeddable":true,"href":"https:\/\/www.encontracamacari.com.br\/sobre\/wp-json\/wp\/v2\/comments?post=1757"}],"version-history":[{"count":0,"href":"https:\/\/www.encontracamacari.com.br\/sobre\/wp-json\/wp\/v2\/posts\/1757\/revisions"}],"wp:featuredmedia":[{"embeddable":true,"href":"https:\/\/www.encontracamacari.com.br\/sobre\/wp-json\/wp\/v2\/media\/1756"}],"wp:attachment":[{"href":"https:\/\/www.encontracamacari.com.br\/sobre\/wp-json\/wp\/v2\/media?parent=1757"}],"wp:term":[{"taxonomy":"category","embeddable":true,"href":"https:\/\/www.encontracamacari.com.br\/sobre\/wp-json\/wp\/v2\/categories?post=1757"},{"taxonomy":"post_tag","embeddable":true,"href":"https:\/\/www.encontracamacari.com.br\/sobre\/wp-json\/wp\/v2\/tags?post=1757"}],"curies":[{"name":"wp","href":"https:\/\/api.w.org\/{rel}","templated":true}]}}