{"id":1749,"date":"2026-08-19T09:39:55","date_gmt":"2026-08-19T09:39:55","guid":{"rendered":"https:\/\/www.encontracamacari.com.br\/sobre\/5a-sessao-ordinaria-do-2o-periodo-legislativo-2026\/"},"modified":"2026-08-19T09:39:55","modified_gmt":"2026-08-19T09:39:55","slug":"5a-sessao-ordinaria-do-2o-periodo-legislativo-2026","status":"publish","type":"post","link":"https:\/\/www.encontracamacari.com.br\/sobre\/5a-sessao-ordinaria-do-2o-periodo-legislativo-2026\/","title":{"rendered":"5\u00aa Sess\u00e3o Ordin\u00e1ria do 2\u00ba Per\u00edodo Legislativo 2026"},"content":{"rendered":"<div class=\"2410bb7248a64bb1f71103797e0f239b\" data-index=\"1\" style=\"float: none; margin:0px;\">\n<ins class=\"adsbygoogle\"\r\n     style=\"display:block\"\r\n     data-ad-client=\"ca-pub-8585364105181520\"\r\n     data-ad-slot=\"8789329856\"\r\n     data-ad-format=\"auto\"\r\n     data-full-width-responsive=\"true\"><\/ins>\r\n<script>\r\n     (adsbygoogle = window.adsbygoogle || []).push({});\r\n<\/script>\n<\/div>\n<h2>Atividades Legislativas Recentes<\/h2>\n<p>Na quinta sess\u00e3o ordin\u00e1ria do segundo per\u00edodo legislativo de 2026, realizada no dia 18 de agosto, v\u00e1rios assuntos pertinentes foram debatidos e votados na C\u00e2mara Municipal de Cama\u00e7ari. Essa sess\u00e3o reflete o empenho cont\u00ednuo dos vereadores em legislar em prol da comunidade, buscando atender \u00e0s demandas e necessidades da popula\u00e7\u00e3o.<\/p>\n<h2>Projetos em Discuss\u00e3o<\/h2>\n<p>Durante a sess\u00e3o, foram apresentadas diversas mat\u00e9rias, destacando-se:<\/p>\n<ul>\n<li><strong>Mensagem e Projeto de Lei do Executivo N\u00ba 1205\/2026:<\/strong> Trata-se da institui\u00e7\u00e3o da Pol\u00edtica Municipal de Seguran\u00e7a P\u00fablica e Defesa Social, necess\u00e1ria para alinhar Cama\u00e7ari \u00e0s diretrizes do Sistema \u00danico de Seguran\u00e7a P\u00fablica (SUSP).<\/li>\n<li><strong>Mensagem e Projeto de Lei do Executivo N\u00ba 1206\/2026:<\/strong> Institui o Programa de Regulariza\u00e7\u00e3o Fiscal do Imposto Sobre Servi\u00e7os de Qualquer Natureza (ISSQN), promovendo a regulariza\u00e7\u00e3o fiscal na cidade.<\/li>\n<li><strong>Projeto de Lei do Legislativo N\u00ba 83\/2026:<\/strong> Proposto pelo vereador Ivandel Pires, visa instituir o Programa Municipal de Incentivo \u00e0 Reciclagem Solid\u00e1ria.<\/li>\n<li><strong>Projeto de Lei do Legislativo N\u00ba 94\/2026:<\/strong> Prop\u00f5e o incentivo ao empreendedorismo jovem e feminino em Cama\u00e7ari, com isen\u00e7\u00e3o de taxas municipais para microempreendedores.<\/li>\n<\/ul>\n<h2>Vereadores Presentes<\/h2>\n<p>A participa\u00e7\u00e3o dos vereadores \u00e9 essencial para a realiza\u00e7\u00e3o eficiente das reuni\u00f5es. Os vereadores que estiveram presentes na 5\u00aa Sess\u00e3o Ordin\u00e1ria incluem:<\/p>\n<p><img decoding=\"async\" src=\"https:\/\/www.encontracamacari.com.br\/sobre\/wp-content\/uploads\/2026\/08\/5-sessao-ordinaria-do-2-periodo-legislativo-2026.webp\" alt=\"5\u00aa Sess\u00e3o Ordin\u00e1ria do 2\u00ba Per\u00edodo Legislativo 2026\" loading=\"lazy\" \/><\/p>\n<ul>\n<li>Niltinho Maturino<\/li>\n<li>Pr. Antonio<\/li>\n<li>Dilson Magalh\u00e3es<\/li>\n<li>Jamel\u00e3o<\/li>\n<li>Dudu do Povo<\/li>\n<li>Dr. Elias Natan<\/li>\n<li>Sales Brito<\/li>\n<li>Herbinho<\/li>\n<li>Ivandel Pires<\/li>\n<li>Jackson Josu\u00e9<\/li>\n<li>Jamessom<\/li>\n<li>Neidinha<\/li>\n<li>Jo\u00e3o D\u00e3o<\/li>\n<li>Kaique Ara<\/li>\n<li>Luis\u00e3o<\/li>\n<li>Manoel Jacar\u00e9<\/li>\n<li>Manoel Filho<\/li>\n<li>Maur\u00edcio Qualidade<\/li>\n<li>Paulinho do Som<\/li>\n<li>Dr. Samuka<\/li>\n<li>Tarcisio Coiffeur<\/li>\n<li>Vagner Bispo<\/li>\n<\/ul>\n<h2>Import\u00e2ncia da Seguran\u00e7a P\u00fablica<\/h2>\n<p>A promo\u00e7\u00e3o da seguran\u00e7a p\u00fablica \u00e9 um tema de grande relev\u00e2ncia nas discuss\u00f5es da C\u00e2mara. A aprova\u00e7\u00e3o da Pol\u00edtica Municipal de Seguran\u00e7a P\u00fablica \u00e9 um passo significativo para o fortalecimento de a\u00e7\u00f5es que visam proporcionar maior seguran\u00e7a aos cidad\u00e3os de Cama\u00e7ari, al\u00e9m de garantir que os recursos municipais estejam adequadamente alinhados \u00e0s necessidades do SUSP.<\/p><div class=\"2410bb7248a64bb1f71103797e0f239b\" data-index=\"2\" style=\"float: none; margin:0px;\">\n<ins class=\"adsbygoogle\"\r\n     style=\"display:block; text-align:center;\"\r\n     data-ad-layout=\"in-article\"\r\n     data-ad-format=\"fluid\"\r\n     data-ad-client=\"ca-pub-8585364105181520\"\r\n     data-ad-slot=\"2899217073\"><\/ins>\r\n<script>\r\n     (adsbygoogle = window.adsbygoogle || []).push({});\r\n<\/script>\r\n\r\n<\/br><\/br>\n<\/div>\n\n<h2>Programas de Regulariza\u00e7\u00e3o Fiscal<\/h2>\n<p>A regulariza\u00e7\u00e3o fiscal \u00e9 fundamental para fortalecer a economia local. Com a implementa\u00e7\u00e3o do Programa de Regulariza\u00e7\u00e3o Fiscal do ISSQN, espera-se que mais empreendedores consigam se regularizar, o que traz benef\u00edcios tanto para os neg\u00f3cios quanto para a arrecada\u00e7\u00e3o municipal.<\/p>\n<h2>Incentivo \u00e0 Reciclagem Solid\u00e1ria<\/h2>\n<p>O Programa Municipal de Incentivo \u00e0 Reciclagem Solid\u00e1ria, proposto pelo vereador Ivandel Pires, tem como objetivo envolver a comunidade na coleta de materiais recicl\u00e1veis, promovendo a sustentabilidade e gerando renda para os catadores locais. Essa medida \u00e9 um reflexo da crescente consci\u00eancia ambiental e das pr\u00e1ticas de coleta seletiva.<\/p>\n<h2>Transpar\u00eancia e Acesso \u00e0 Informa\u00e7\u00e3o<\/h2>\n<p>A C\u00e2mara Municipal de Cama\u00e7ari mant\u00e9m um compromisso com a transpar\u00eancia. Durante a sess\u00e3o, foram debatidas propostas que visam aprimorar o acesso \u00e0 informa\u00e7\u00e3o, como a divulga\u00e7\u00e3o de servi\u00e7os de sa\u00fade e a obriga\u00e7\u00e3o de transpar\u00eancia em agendamentos nas unidades de sa\u00fade municipais.<\/p>\n<h2>Indica\u00e7\u00f5es dos Vereadores<\/h2>\n<p>V\u00e1rias indica\u00e7\u00f5es foram apresentadas, visando melhorias em diversas \u00e1reas da cidade, como:<\/p>\n<ul>\n<li>Indica\u00e7\u00e3o N\u00ba 403\/2026: Sugest\u00e3o para a implanta\u00e7\u00e3o de faixa de pedestres e sinaliza\u00e7\u00e3o na BA-099.<\/li>\n<li>Indica\u00e7\u00e3o N\u00ba 407\/2026: Proposta de implementa\u00e7\u00e3o de um servi\u00e7o municipal de Psicologia para atendimento emergencial.<\/li>\n<li>Indica\u00e7\u00e3o N\u00ba 354\/2026: Solicita\u00e7\u00e3o para instala\u00e7\u00e3o de ilumina\u00e7\u00e3o p\u00fablica de LED em ruas de Catu de Abrantes.<\/li>\n<\/ul>\n<h2>Mo\u00e7\u00e3o de Aplausos<\/h2>\n<p>A Mo\u00e7\u00e3o de Aplausos N\u00ba 66\/2026, proposta pelo vereador Kaique Ara, \u00e9 uma justa homenagem ao Centro Territorial de Educa\u00e7\u00e3o Profissional da Regi\u00e3o Metropolitana, que conquistou a maior nota no IDEB entre as escolas estaduais, evidenciando a qualidade educacional na regi\u00e3o.<\/p>\n<h2>Reuni\u00f5es Futuras na C\u00e2mara<\/h2>\n<p>O calend\u00e1rio legislativo prev\u00ea novas reuni\u00f5es e discuss\u00f5es nos pr\u00f3ximos meses. A pr\u00f3xima audi\u00eancia p\u00fablica est\u00e1 agendada para o dia 16 de setembro de 2026, onde ser\u00e1 abordada a regulamenta\u00e7\u00e3o de eventos p\u00fablicos em vias e espa\u00e7os p\u00fablicos da cidade.<\/p>\n<p>A C\u00e2mara Municipal de Cama\u00e7ari segue ativa e comprometida com o progresso e bem-estar da popula\u00e7\u00e3o, buscando sempre oferecer condi\u00e7\u00f5es melhores para a sociedade atrav\u00e9s de legisla\u00e7\u00f5es eficientes e pr\u00e1ticas de transpar\u00eancia.<\/p>\n<div class=\"2410bb7248a64bb1f71103797e0f239b\" data-index=\"3\" style=\"float: none; margin:0px;\">\n<\/br><\/br>\r\n\r\n<ins class=\"adsbygoogle\"\r\n     style=\"display:block\"\r\n     data-ad-format=\"fluid\"\r\n     data-ad-layout-key=\"-63+do+n-1s+9e\"\r\n     data-ad-client=\"ca-pub-8585364105181520\"\r\n     data-ad-slot=\"6838462089\"><\/ins>\r\n<script>\r\n     (adsbygoogle = window.adsbygoogle || []).push({});\r\n<\/script>\n<\/div>\n\n<div style=\"font-size: 0px; height: 0px; line-height: 0px; margin: 0; padding: 0; clear: both;\"><\/div>","protected":false},"excerpt":{"rendered":"<p>5\u00aa Sess\u00e3o Ordin\u00e1ria do 2\u00ba Per\u00edodo Legislativo 2026 traz novidades importantes.<\/p>\n","protected":false},"author":1,"featured_media":1748,"comment_status":"open","ping_status":"closed","sticky":false,"template":"","format":"standard","meta":{"footnotes":""},"categories":[1],"tags":[],"class_list":["post-1749","post","type-post","status-publish","format-standard","has-post-thumbnail","hentry","category-noticias-em-camacari","has_thumb"],"aioseo_notices":[],"aioseo_head":"\n\t\t<!-- All in One SEO 5.0.0.1 - aioseo.com -->\n\t<meta name=\"description\" content=\"5\u00aa Sess\u00e3o Ordin\u00e1ria do 2\u00ba Per\u00edodo Legislativo 2026 traz novidades importantes.\" \/>\n\t<meta name=\"robots\" content=\"max-image-preview:large\" \/>\n\t<meta name=\"author\" content=\"Encontra Cama\u00e7ari\"\/>\n\t<link rel=\"canonical\" href=\"https:\/\/www.encontracamacari.com.br\/sobre\/5a-sessao-ordinaria-do-2o-periodo-legislativo-2026\/\" \/>\n\t<meta name=\"generator\" content=\"All in One SEO (AIOSEO) 5.0.0.1\" \/>\n\t\t<meta property=\"og:locale\" content=\"pt_BR\" \/>\n\t\t<meta property=\"og:site_name\" content=\"Encontra Cama\u00e7ari - Not\u00edcias, eventos, informa\u00e7\u00f5es e dicas na cidade de Cama\u00e7ari e regi\u00e3o.\" \/>\n\t\t<meta property=\"og:type\" content=\"article\" \/>\n\t\t<meta property=\"og:title\" content=\"5\u00aa Sess\u00e3o Ordin\u00e1ria do 2\u00ba Per\u00edodo Legislativo 2026 - Encontra Cama\u00e7ari\" \/>\n\t\t<meta property=\"og:description\" content=\"5\u00aa Sess\u00e3o Ordin\u00e1ria do 2\u00ba Per\u00edodo Legislativo 2026 traz novidades importantes.\" \/>\n\t\t<meta property=\"og:url\" content=\"https:\/\/www.encontracamacari.com.br\/sobre\/5a-sessao-ordinaria-do-2o-periodo-legislativo-2026\/\" \/>\n\t\t<meta property=\"article:published_time\" content=\"2026-08-19T09:39:55+00:00\" \/>\n\t\t<meta property=\"article:modified_time\" content=\"2026-08-19T09:39:55+00:00\" \/>\n\t\t<meta name=\"twitter:card\" content=\"summary_large_image\" \/>\n\t\t<meta name=\"twitter:title\" content=\"5\u00aa Sess\u00e3o Ordin\u00e1ria do 2\u00ba Per\u00edodo Legislativo 2026 - Encontra Cama\u00e7ari\" \/>\n\t\t<meta name=\"twitter:description\" content=\"5\u00aa Sess\u00e3o Ordin\u00e1ria do 2\u00ba Per\u00edodo Legislativo 2026 traz novidades importantes.\" \/>\n\t\t<script type=\"application\/ld+json\" class=\"aioseo-schema\">\n\t\t\t{\"@context\":\"https:\\\/\\\/schema.org\",\"@graph\":[{\"@type\":\"BlogPosting\",\"@id\":\"https:\\\/\\\/www.encontracamacari.com.br\\\/sobre\\\/5a-sessao-ordinaria-do-2o-periodo-legislativo-2026\\\/#blogposting\",\"name\":\"5\\u00aa Sess\\u00e3o Ordin\\u00e1ria do 2\\u00ba Per\\u00edodo Legislativo 2026 - Encontra Cama\\u00e7ari\",\"headline\":\"5\\u00aa Sess\\u00e3o Ordin\\u00e1ria do 2\\u00ba Per\\u00edodo Legislativo 2026\",\"author\":{\"@id\":\"https:\\\/\\\/www.encontracamacari.com.br\\\/sobre\\\/author\\\/ecamacari\\\/#author\"},\"publisher\":{\"@id\":\"https:\\\/\\\/www.encontracamacari.com.br\\\/sobre\\\/#organization\"},\"image\":{\"@type\":\"ImageObject\",\"url\":\"https:\\\/\\\/www.encontracamacari.com.br\\\/sobre\\\/wp-content\\\/uploads\\\/2026\\\/08\\\/5-sessao-ordinaria-do-2-periodo-legislativo-2026.webp\",\"width\":280,\"height\":280,\"caption\":\"5\\u00aa Sess\\u00e3o Ordin\\u00e1ria do 2\\u00ba Per\\u00edodo Legislativo 2026\"},\"datePublished\":\"2026-08-19T09:39:55+00:00\",\"dateModified\":\"2026-08-19T09:39:55+00:00\",\"inLanguage\":\"pt-BR\",\"mainEntityOfPage\":{\"@id\":\"https:\\\/\\\/www.encontracamacari.com.br\\\/sobre\\\/5a-sessao-ordinaria-do-2o-periodo-legislativo-2026\\\/#webpage\"},\"isPartOf\":{\"@id\":\"https:\\\/\\\/www.encontracamacari.com.br\\\/sobre\\\/5a-sessao-ordinaria-do-2o-periodo-legislativo-2026\\\/#webpage\"},\"articleSection\":\"Not\\u00edcias Cama\\u00e7ari\"},{\"@type\":\"BreadcrumbList\",\"@id\":\"https:\\\/\\\/www.encontracamacari.com.br\\\/sobre\\\/5a-sessao-ordinaria-do-2o-periodo-legislativo-2026\\\/#breadcrumblist\",\"itemListElement\":[{\"@type\":\"ListItem\",\"@id\":\"https:\\\/\\\/www.encontracamacari.com.br\\\/sobre#listItem\",\"position\":1,\"name\":\"Home\",\"item\":\"https:\\\/\\\/www.encontracamacari.com.br\\\/sobre\",\"nextItem\":{\"@type\":\"ListItem\",\"@id\":\"https:\\\/\\\/www.encontracamacari.com.br\\\/sobre\\\/noticias-em-camacari\\\/#listItem\",\"name\":\"Not\\u00edcias Cama\\u00e7ari\"}},{\"@type\":\"ListItem\",\"@id\":\"https:\\\/\\\/www.encontracamacari.com.br\\\/sobre\\\/noticias-em-camacari\\\/#listItem\",\"position\":2,\"name\":\"Not\\u00edcias Cama\\u00e7ari\",\"item\":\"https:\\\/\\\/www.encontracamacari.com.br\\\/sobre\\\/noticias-em-camacari\\\/\",\"nextItem\":{\"@type\":\"ListItem\",\"@id\":\"https:\\\/\\\/www.encontracamacari.com.br\\\/sobre\\\/5a-sessao-ordinaria-do-2o-periodo-legislativo-2026\\\/#listItem\",\"name\":\"5\\u00aa Sess\\u00e3o Ordin\\u00e1ria do 2\\u00ba Per\\u00edodo Legislativo 2026\"},\"previousItem\":{\"@type\":\"ListItem\",\"@id\":\"https:\\\/\\\/www.encontracamacari.com.br\\\/sobre#listItem\",\"name\":\"Home\"}},{\"@type\":\"ListItem\",\"@id\":\"https:\\\/\\\/www.encontracamacari.com.br\\\/sobre\\\/5a-sessao-ordinaria-do-2o-periodo-legislativo-2026\\\/#listItem\",\"position\":3,\"name\":\"5\\u00aa Sess\\u00e3o Ordin\\u00e1ria do 2\\u00ba Per\\u00edodo Legislativo 2026\",\"previousItem\":{\"@type\":\"ListItem\",\"@id\":\"https:\\\/\\\/www.encontracamacari.com.br\\\/sobre\\\/noticias-em-camacari\\\/#listItem\",\"name\":\"Not\\u00edcias Cama\\u00e7ari\"}}]},{\"@type\":\"Organization\",\"@id\":\"https:\\\/\\\/www.encontracamacari.com.br\\\/sobre\\\/#organization\",\"name\":\"Encontra Cama\\u00e7ari\",\"description\":\"Not\\u00edcias, eventos, informa\\u00e7\\u00f5es e dicas na cidade de Cama\\u00e7ari e regi\\u00e3o.\",\"url\":\"https:\\\/\\\/www.encontracamacari.com.br\\\/sobre\\\/\"},{\"@type\":\"Person\",\"@id\":\"https:\\\/\\\/www.encontracamacari.com.br\\\/sobre\\\/author\\\/ecamacari\\\/#author\",\"url\":\"https:\\\/\\\/www.encontracamacari.com.br\\\/sobre\\\/author\\\/ecamacari\\\/\",\"name\":\"Encontra Cama\\u00e7ari\",\"image\":{\"@type\":\"ImageObject\",\"@id\":\"https:\\\/\\\/www.encontracamacari.com.br\\\/sobre\\\/5a-sessao-ordinaria-do-2o-periodo-legislativo-2026\\\/#authorImage\",\"url\":\"https:\\\/\\\/secure.gravatar.com\\\/avatar\\\/507340682b8270222e1f208e23198b6ae7e2c6a1033ae84e99bc6bce4f82a387?s=96&d=mm&r=g\",\"width\":96,\"height\":96,\"caption\":\"Encontra Cama\\u00e7ari\"}},{\"@type\":\"WebPage\",\"@id\":\"https:\\\/\\\/www.encontracamacari.com.br\\\/sobre\\\/5a-sessao-ordinaria-do-2o-periodo-legislativo-2026\\\/#webpage\",\"url\":\"https:\\\/\\\/www.encontracamacari.com.br\\\/sobre\\\/5a-sessao-ordinaria-do-2o-periodo-legislativo-2026\\\/\",\"name\":\"5\\u00aa Sess\\u00e3o Ordin\\u00e1ria do 2\\u00ba Per\\u00edodo Legislativo 2026 - Encontra Cama\\u00e7ari\",\"description\":\"5\\u00aa Sess\\u00e3o Ordin\\u00e1ria do 2\\u00ba Per\\u00edodo Legislativo 2026 traz novidades importantes.\",\"inLanguage\":\"pt-BR\",\"isPartOf\":{\"@id\":\"https:\\\/\\\/www.encontracamacari.com.br\\\/sobre\\\/#website\"},\"breadcrumb\":{\"@id\":\"https:\\\/\\\/www.encontracamacari.com.br\\\/sobre\\\/5a-sessao-ordinaria-do-2o-periodo-legislativo-2026\\\/#breadcrumblist\"},\"author\":{\"@id\":\"https:\\\/\\\/www.encontracamacari.com.br\\\/sobre\\\/author\\\/ecamacari\\\/#author\"},\"creator\":{\"@id\":\"https:\\\/\\\/www.encontracamacari.com.br\\\/sobre\\\/author\\\/ecamacari\\\/#author\"},\"image\":{\"@type\":\"ImageObject\",\"url\":\"https:\\\/\\\/www.encontracamacari.com.br\\\/sobre\\\/wp-content\\\/uploads\\\/2026\\\/08\\\/5-sessao-ordinaria-do-2-periodo-legislativo-2026.webp\",\"@id\":\"https:\\\/\\\/www.encontracamacari.com.br\\\/sobre\\\/5a-sessao-ordinaria-do-2o-periodo-legislativo-2026\\\/#mainImage\",\"width\":280,\"height\":280,\"caption\":\"5\\u00aa Sess\\u00e3o Ordin\\u00e1ria do 2\\u00ba Per\\u00edodo Legislativo 2026\"},\"primaryImageOfPage\":{\"@id\":\"https:\\\/\\\/www.encontracamacari.com.br\\\/sobre\\\/5a-sessao-ordinaria-do-2o-periodo-legislativo-2026\\\/#mainImage\"},\"datePublished\":\"2026-08-19T09:39:55+00:00\",\"dateModified\":\"2026-08-19T09:39:55+00:00\"},{\"@type\":\"WebSite\",\"@id\":\"https:\\\/\\\/www.encontracamacari.com.br\\\/sobre\\\/#website\",\"url\":\"https:\\\/\\\/www.encontracamacari.com.br\\\/sobre\\\/\",\"name\":\"Encontra Cama\\u00e7ari\",\"description\":\"Not\\u00edcias, eventos, informa\\u00e7\\u00f5es e dicas na cidade de Cama\\u00e7ari e regi\\u00e3o.\",\"inLanguage\":\"pt-BR\",\"publisher\":{\"@id\":\"https:\\\/\\\/www.encontracamacari.com.br\\\/sobre\\\/#organization\"}}]}\n\t\t<\/script>\n\t\t<!-- All in One SEO -->\n\n","aioseo_head_json":{"title":"5\u00aa Sess\u00e3o Ordin\u00e1ria do 2\u00ba Per\u00edodo Legislativo 2026 - Encontra Cama\u00e7ari","description":"5\u00aa Sess\u00e3o Ordin\u00e1ria do 2\u00ba Per\u00edodo Legislativo 2026 traz novidades importantes.","canonical_url":"https:\/\/www.encontracamacari.com.br\/sobre\/5a-sessao-ordinaria-do-2o-periodo-legislativo-2026\/","robots":"max-image-preview:large","keywords":"","webmasterTools":{"miscellaneous":""},"schema":{"@context":"https:\/\/schema.org","@graph":[{"@type":"BlogPosting","@id":"https:\/\/www.encontracamacari.com.br\/sobre\/5a-sessao-ordinaria-do-2o-periodo-legislativo-2026\/#blogposting","name":"5\u00aa Sess\u00e3o Ordin\u00e1ria do 2\u00ba Per\u00edodo Legislativo 2026 - Encontra Cama\u00e7ari","headline":"5\u00aa Sess\u00e3o Ordin\u00e1ria do 2\u00ba Per\u00edodo Legislativo 2026","author":{"@id":"https:\/\/www.encontracamacari.com.br\/sobre\/author\/ecamacari\/#author"},"publisher":{"@id":"https:\/\/www.encontracamacari.com.br\/sobre\/#organization"},"image":{"@type":"ImageObject","url":"https:\/\/www.encontracamacari.com.br\/sobre\/wp-content\/uploads\/2026\/08\/5-sessao-ordinaria-do-2-periodo-legislativo-2026.webp","width":280,"height":280,"caption":"5\u00aa Sess\u00e3o Ordin\u00e1ria do 2\u00ba Per\u00edodo Legislativo 2026"},"datePublished":"2026-08-19T09:39:55+00:00","dateModified":"2026-08-19T09:39:55+00:00","inLanguage":"pt-BR","mainEntityOfPage":{"@id":"https:\/\/www.encontracamacari.com.br\/sobre\/5a-sessao-ordinaria-do-2o-periodo-legislativo-2026\/#webpage"},"isPartOf":{"@id":"https:\/\/www.encontracamacari.com.br\/sobre\/5a-sessao-ordinaria-do-2o-periodo-legislativo-2026\/#webpage"},"articleSection":"Not\u00edcias Cama\u00e7ari"},{"@type":"BreadcrumbList","@id":"https:\/\/www.encontracamacari.com.br\/sobre\/5a-sessao-ordinaria-do-2o-periodo-legislativo-2026\/#breadcrumblist","itemListElement":[{"@type":"ListItem","@id":"https:\/\/www.encontracamacari.com.br\/sobre#listItem","position":1,"name":"Home","item":"https:\/\/www.encontracamacari.com.br\/sobre","nextItem":{"@type":"ListItem","@id":"https:\/\/www.encontracamacari.com.br\/sobre\/noticias-em-camacari\/#listItem","name":"Not\u00edcias Cama\u00e7ari"}},{"@type":"ListItem","@id":"https:\/\/www.encontracamacari.com.br\/sobre\/noticias-em-camacari\/#listItem","position":2,"name":"Not\u00edcias Cama\u00e7ari","item":"https:\/\/www.encontracamacari.com.br\/sobre\/noticias-em-camacari\/","nextItem":{"@type":"ListItem","@id":"https:\/\/www.encontracamacari.com.br\/sobre\/5a-sessao-ordinaria-do-2o-periodo-legislativo-2026\/#listItem","name":"5\u00aa Sess\u00e3o Ordin\u00e1ria do 2\u00ba Per\u00edodo Legislativo 2026"},"previousItem":{"@type":"ListItem","@id":"https:\/\/www.encontracamacari.com.br\/sobre#listItem","name":"Home"}},{"@type":"ListItem","@id":"https:\/\/www.encontracamacari.com.br\/sobre\/5a-sessao-ordinaria-do-2o-periodo-legislativo-2026\/#listItem","position":3,"name":"5\u00aa Sess\u00e3o Ordin\u00e1ria do 2\u00ba Per\u00edodo Legislativo 2026","previousItem":{"@type":"ListItem","@id":"https:\/\/www.encontracamacari.com.br\/sobre\/noticias-em-camacari\/#listItem","name":"Not\u00edcias Cama\u00e7ari"}}]},{"@type":"Organization","@id":"https:\/\/www.encontracamacari.com.br\/sobre\/#organization","name":"Encontra Cama\u00e7ari","description":"Not\u00edcias, eventos, informa\u00e7\u00f5es e dicas na cidade de Cama\u00e7ari e regi\u00e3o.","url":"https:\/\/www.encontracamacari.com.br\/sobre\/"},{"@type":"Person","@id":"https:\/\/www.encontracamacari.com.br\/sobre\/author\/ecamacari\/#author","url":"https:\/\/www.encontracamacari.com.br\/sobre\/author\/ecamacari\/","name":"Encontra Cama\u00e7ari","image":{"@type":"ImageObject","@id":"https:\/\/www.encontracamacari.com.br\/sobre\/5a-sessao-ordinaria-do-2o-periodo-legislativo-2026\/#authorImage","url":"https:\/\/secure.gravatar.com\/avatar\/507340682b8270222e1f208e23198b6ae7e2c6a1033ae84e99bc6bce4f82a387?s=96&d=mm&r=g","width":96,"height":96,"caption":"Encontra Cama\u00e7ari"}},{"@type":"WebPage","@id":"https:\/\/www.encontracamacari.com.br\/sobre\/5a-sessao-ordinaria-do-2o-periodo-legislativo-2026\/#webpage","url":"https:\/\/www.encontracamacari.com.br\/sobre\/5a-sessao-ordinaria-do-2o-periodo-legislativo-2026\/","name":"5\u00aa Sess\u00e3o Ordin\u00e1ria do 2\u00ba Per\u00edodo Legislativo 2026 - Encontra Cama\u00e7ari","description":"5\u00aa Sess\u00e3o Ordin\u00e1ria do 2\u00ba Per\u00edodo Legislativo 2026 traz novidades importantes.","inLanguage":"pt-BR","isPartOf":{"@id":"https:\/\/www.encontracamacari.com.br\/sobre\/#website"},"breadcrumb":{"@id":"https:\/\/www.encontracamacari.com.br\/sobre\/5a-sessao-ordinaria-do-2o-periodo-legislativo-2026\/#breadcrumblist"},"author":{"@id":"https:\/\/www.encontracamacari.com.br\/sobre\/author\/ecamacari\/#author"},"creator":{"@id":"https:\/\/www.encontracamacari.com.br\/sobre\/author\/ecamacari\/#author"},"image":{"@type":"ImageObject","url":"https:\/\/www.encontracamacari.com.br\/sobre\/wp-content\/uploads\/2026\/08\/5-sessao-ordinaria-do-2-periodo-legislativo-2026.webp","@id":"https:\/\/www.encontracamacari.com.br\/sobre\/5a-sessao-ordinaria-do-2o-periodo-legislativo-2026\/#mainImage","width":280,"height":280,"caption":"5\u00aa Sess\u00e3o Ordin\u00e1ria do 2\u00ba Per\u00edodo Legislativo 2026"},"primaryImageOfPage":{"@id":"https:\/\/www.encontracamacari.com.br\/sobre\/5a-sessao-ordinaria-do-2o-periodo-legislativo-2026\/#mainImage"},"datePublished":"2026-08-19T09:39:55+00:00","dateModified":"2026-08-19T09:39:55+00:00"},{"@type":"WebSite","@id":"https:\/\/www.encontracamacari.com.br\/sobre\/#website","url":"https:\/\/www.encontracamacari.com.br\/sobre\/","name":"Encontra Cama\u00e7ari","description":"Not\u00edcias, eventos, informa\u00e7\u00f5es e dicas na cidade de Cama\u00e7ari e regi\u00e3o.","inLanguage":"pt-BR","publisher":{"@id":"https:\/\/www.encontracamacari.com.br\/sobre\/#organization"}}]},"og:locale":"pt_BR","og:site_name":"Encontra Cama\u00e7ari - Not\u00edcias, eventos, informa\u00e7\u00f5es e dicas na cidade de Cama\u00e7ari e regi\u00e3o.","og:type":"article","og:title":"5\u00aa Sess\u00e3o Ordin\u00e1ria do 2\u00ba Per\u00edodo Legislativo 2026 - Encontra Cama\u00e7ari","og:description":"5\u00aa Sess\u00e3o Ordin\u00e1ria do 2\u00ba Per\u00edodo Legislativo 2026 traz novidades importantes.","og:url":"https:\/\/www.encontracamacari.com.br\/sobre\/5a-sessao-ordinaria-do-2o-periodo-legislativo-2026\/","article:published_time":"2026-08-19T09:39:55+00:00","article:modified_time":"2026-08-19T09:39:55+00:00","twitter:card":"summary_large_image","twitter:title":"5\u00aa Sess\u00e3o Ordin\u00e1ria do 2\u00ba Per\u00edodo Legislativo 2026 - Encontra Cama\u00e7ari","twitter:description":"5\u00aa Sess\u00e3o Ordin\u00e1ria do 2\u00ba Per\u00edodo Legislativo 2026 traz novidades importantes."},"aioseo_meta_data":{"post_id":"1749","title":null,"description":null,"keywords":null,"keyphrases":null,"primary_term":null,"canonical_url":null,"og_title":null,"og_description":null,"og_object_type":"default","og_image_type":"default","og_image_url":null,"og_image_width":null,"og_image_height":null,"og_image_custom_url":null,"og_image_custom_fields":null,"og_video":null,"og_custom_url":null,"og_article_section":null,"og_article_tags":null,"twitter_use_og":false,"twitter_card":"default","twitter_image_type":"default","twitter_image_url":null,"twitter_image_custom_url":null,"twitter_image_custom_fields":null,"twitter_title":null,"twitter_description":null,"schema":{"blockGraphs":[],"customGraphs":[],"default":{"data":{"Article":[],"Course":[],"Dataset":[],"FAQPage":[],"Movie":[],"Person":[],"Product":[],"ProductReview":[],"Car":[],"Recipe":[],"Service":[],"SoftwareApplication":[],"WebPage":[]},"graphName":"BlogPosting","isEnabled":true},"graphs":[]},"schema_type":"default","schema_type_options":null,"pillar_content":false,"robots_default":true,"robots_noindex":false,"robots_noarchive":false,"robots_nosnippet":false,"robots_nofollow":false,"robots_noimageindex":false,"robots_noodp":false,"robots_notranslate":false,"robots_max_snippet":null,"robots_max_videopreview":null,"robots_max_imagepreview":"large","priority":null,"frequency":null,"local_seo":null,"limit_modified_date":false,"created":"2026-08-19 09:39:55","updated":"2026-08-19 09:50:28","focus_keyword":null,"additional_keywords":null,"truseo_locale":null,"ai":null,"breadcrumb_settings":null,"seo_analyzer_scan_date":null},"aioseo_breadcrumb":"<div class=\"aioseo-breadcrumbs\"><span class=\"aioseo-breadcrumb\">\n\t\t\t<a href=\"https:\/\/www.encontracamacari.com.br\/sobre\" title=\"Home\">Home<\/a>\n\t\t<\/span><span class=\"aioseo-breadcrumb-separator\">&raquo;<\/span><span class=\"aioseo-breadcrumb\">\n\t\t\t<a href=\"https:\/\/www.encontracamacari.com.br\/sobre\/noticias-em-camacari\/\" title=\"Not\u00edcias Cama\u00e7ari\">Not\u00edcias Cama\u00e7ari<\/a>\n\t\t<\/span><span class=\"aioseo-breadcrumb-separator\">&raquo;<\/span><span class=\"aioseo-breadcrumb\">\n\t\t\t5\u00aa Sess\u00e3o Ordin\u00e1ria do 2\u00ba Per\u00edodo Legislativo 2026\n\t\t<\/span><\/div>","aioseo_breadcrumb_json":[{"label":"Home","link":"https:\/\/www.encontracamacari.com.br\/sobre"},{"label":"Not\u00edcias Cama\u00e7ari","link":"https:\/\/www.encontracamacari.com.br\/sobre\/noticias-em-camacari\/"},{"label":"5\u00aa Sess\u00e3o Ordin\u00e1ria do 2\u00ba Per\u00edodo Legislativo 2026","link":"https:\/\/www.encontracamacari.com.br\/sobre\/5a-sessao-ordinaria-do-2o-periodo-legislativo-2026\/"}],"_links":{"self":[{"href":"https:\/\/www.encontracamacari.com.br\/sobre\/wp-json\/wp\/v2\/posts\/1749","targetHints":{"allow":["GET"]}}],"collection":[{"href":"https:\/\/www.encontracamacari.com.br\/sobre\/wp-json\/wp\/v2\/posts"}],"about":[{"href":"https:\/\/www.encontracamacari.com.br\/sobre\/wp-json\/wp\/v2\/types\/post"}],"author":[{"embeddable":true,"href":"https:\/\/www.encontracamacari.com.br\/sobre\/wp-json\/wp\/v2\/users\/1"}],"replies":[{"embeddable":true,"href":"https:\/\/www.encontracamacari.com.br\/sobre\/wp-json\/wp\/v2\/comments?post=1749"}],"version-history":[{"count":0,"href":"https:\/\/www.encontracamacari.com.br\/sobre\/wp-json\/wp\/v2\/posts\/1749\/revisions"}],"wp:featuredmedia":[{"embeddable":true,"href":"https:\/\/www.encontracamacari.com.br\/sobre\/wp-json\/wp\/v2\/media\/1748"}],"wp:attachment":[{"href":"https:\/\/www.encontracamacari.com.br\/sobre\/wp-json\/wp\/v2\/media?parent=1749"}],"wp:term":[{"taxonomy":"category","embeddable":true,"href":"https:\/\/www.encontracamacari.com.br\/sobre\/wp-json\/wp\/v2\/categories?post=1749"},{"taxonomy":"post_tag","embeddable":true,"href":"https:\/\/www.encontracamacari.com.br\/sobre\/wp-json\/wp\/v2\/tags?post=1749"}],"curies":[{"name":"wp","href":"https:\/\/api.w.org\/{rel}","templated":true}]}}