{"id":1745,"date":"2026-08-19T09:37:34","date_gmt":"2026-08-19T09:37:34","guid":{"rendered":"https:\/\/www.encontracamacari.com.br\/sobre\/camacari-conclui-programa-de-desenvolvimento-urbano-com-varios-avancos\/"},"modified":"2026-08-19T09:37:34","modified_gmt":"2026-08-19T09:37:34","slug":"camacari-conclui-programa-de-desenvolvimento-urbano-com-varios-avancos","status":"publish","type":"post","link":"https:\/\/www.encontracamacari.com.br\/sobre\/camacari-conclui-programa-de-desenvolvimento-urbano-com-varios-avancos\/","title":{"rendered":"Cama\u00e7ari conclui Programa de Desenvolvimento Urbano com v\u00e1rios avan\u00e7os"},"content":{"rendered":"<div class=\"2410bb7248a64bb1f71103797e0f239b\" data-index=\"1\" style=\"float: none; margin:0px;\">\n<ins class=\"adsbygoogle\"\r\n     style=\"display:block\"\r\n     data-ad-client=\"ca-pub-8585364105181520\"\r\n     data-ad-slot=\"8789329856\"\r\n     data-ad-format=\"auto\"\r\n     data-full-width-responsive=\"true\"><\/ins>\r\n<script>\r\n     (adsbygoogle = window.adsbygoogle || []).push({});\r\n<\/script>\n<\/div>\n<h2>Investimentos que transformam Cama\u00e7ari<\/h2>\n<p>A cidade de Cama\u00e7ari, na Bahia, recebeu uma inje\u00e7\u00e3o significativa de recursos financeiros ao longo dos \u00faltimos anos, resultando na implementa\u00e7\u00e3o do Programa de Integra\u00e7\u00e3o e Desenvolvimento Urbano, Social e Ambiental. Com investimentos totais de US$ 100 milh\u00f5es, sendo US$ 80 milh\u00f5es provenientes do CAF (Banco de Desenvolvimento da Am\u00e9rica Latina e do Caribe), esse programa visa n\u00e3o apenas a moderniza\u00e7\u00e3o da infraestrutura, mas tamb\u00e9m a promo\u00e7\u00e3o do desenvolvimento econ\u00f4mico e social. Mais de 200 mil residentes foram beneficiados por essas melhorias, que abrangeram diversas \u00e1reas fundamentais para o progresso da cidade.<\/p>\n<h2>Desenvolvimento urbano e sua import\u00e2ncia<\/h2>\n<p>O desenvolvimento urbano em Cama\u00e7ari \u00e9 um exemplo claro de como interven\u00e7\u00f5es planejadas podem impactar a vida dos cidad\u00e3os. O programa focou na cria\u00e7\u00e3o de uma infraestrutura moderna e acess\u00edvel, com melhorias significativas em setores como mobilidade, servi\u00e7os p\u00fablicos e turismo. As a\u00e7\u00f5es implementadas criaram um ambiente prop\u00edcio para o crescimento econ\u00f4mico, oferecendo melhores condi\u00e7\u00f5es de vida e trabalho para a popula\u00e7\u00e3o local.<\/p>\n<h2>Melhorias na infraestrutura de transporte<\/h2>\n<p>Um dos principais focos do programa foi a mobilidade urbana. Foram realizadas profunda requalifica\u00e7\u00f5es no sistema de transporte municipal, o que incluiu:<\/p>\n<p><img decoding=\"async\" src=\"https:\/\/www.encontracamacari.com.br\/sobre\/wp-content\/uploads\/2026\/08\/camacari-conclui-programa-de-desenvolvimento-urbano-com-varios-avancos.webp\" alt=\"Cama\u00e7ari Programa de Desenvolvimento Urbano\" loading=\"lazy\" \/><\/p>\n<ul>\n<li><strong>Constru\u00e7\u00e3o e pavimenta\u00e7\u00e3o:<\/strong> 136 quil\u00f4metros de novas vias foram criados ou melhorados, facilitando o deslocamento entre as diversas \u00e1reas da cidade.<\/li>\n<li><strong>Sistemas de drenagem:<\/strong> A implanta\u00e7\u00e3o de 143 quil\u00f4metros de drenagem pluvial ajudou a minimizar os problemas de alagamentos, tornando as ruas mais seguras e acess\u00edveis durante as chuvas.<\/li>\n<li><strong>Requalifica\u00e7\u00e3o de \u00e1reas-chave:<\/strong> O Centro Hist\u00f3rico e a Avenida Eixo Urbano Central passaram por importantes revistorias, agora se apresentando renovadas e funcionais.<\/li>\n<\/ul>\n<h2>Integra\u00e7\u00e3o territorial em foco<\/h2>\n<p>A integra\u00e7\u00e3o territorial foi um aspecto essencial do programa, garantindo que as diferentes regi\u00f5es de Cama\u00e7ari se conectassem de maneira eficiente. Essa a\u00e7\u00e3o facilitou n\u00e3o apenas o deslocamento da popula\u00e7\u00e3o, mas tamb\u00e9m contribuiu para a cria\u00e7\u00e3o de redes de servi\u00e7os que proporcionam mais qualidade de vida aos cidad\u00e3os. Com o desenvolvimento das vias, os moradores passaram a ter acesso facilitado a \u00e1reas de lazer, sa\u00fade e educa\u00e7\u00e3o.<\/p><div class=\"2410bb7248a64bb1f71103797e0f239b\" data-index=\"2\" style=\"float: none; margin:0px;\">\n<ins class=\"adsbygoogle\"\r\n     style=\"display:block; text-align:center;\"\r\n     data-ad-layout=\"in-article\"\r\n     data-ad-format=\"fluid\"\r\n     data-ad-client=\"ca-pub-8585364105181520\"\r\n     data-ad-slot=\"2899217073\"><\/ins>\r\n<script>\r\n     (adsbygoogle = window.adsbygoogle || []).push({});\r\n<\/script>\r\n\r\n<\/br><\/br>\n<\/div>\n\n<h2>Impacto social das obras p\u00fablicas<\/h2>\n<p>O impacto social resultante das obras p\u00fablicas \u00e9 manifestado em diversos n\u00edveis. A melhoria na infraestrutura n\u00e3o apenas aumentou a mobilidade, mas tamb\u00e9m fomentou o senso de comunidade. Essa transforma\u00e7\u00e3o ajudou a fortalecer as iniciativas locais, promovendo a inclus\u00e3o social atrav\u00e9s da cria\u00e7\u00e3o de espa\u00e7os p\u00fablicos que favorecem a intera\u00e7\u00e3o entre os cidad\u00e3os.<\/p>\n<h2>Avan\u00e7os no setor de turismo local<\/h2>\n<p>O programa tamb\u00e9m trouxe avan\u00e7os significativos para o setor de turismo em Cama\u00e7ari. Com a revitaliza\u00e7\u00e3o das praias de Guarajuba, Itacimirim e Barra do Jacu\u00edpe, a infraestrutura tur\u00edstica recebeu maior aten\u00e7\u00e3o, melhorando a atratividade dos destinos. O investimento em mercados p\u00fablicos, como os de Barra do Pojuca e Monte Gordo, tamb\u00e9m contribuiu para a dinamiza\u00e7\u00e3o da economia local, criando novas oportunidades para empreendedores e aumentando a visibilidade da cultura local.<\/p>\n<h2>Educa\u00e7\u00e3o e moderniza\u00e7\u00e3o na cidade<\/h2>\n<p>A moderniza\u00e7\u00e3o da educa\u00e7\u00e3o foi uma das frentes apoiadas pelo programa, com foco na melhoria das institui\u00e7\u00f5es de ensino municipal. O aporte financeiro permitiu a atualiza\u00e7\u00e3o das infraestruturas escolares e a inclus\u00e3o de equipamentos tecnol\u00f3gicos, que aprimoraram a qualidade do ensino. Com isso, os estudantes da regi\u00e3o t\u00eam acesso a um aprendizado mais eficiente e representativo das exig\u00eancias contempor\u00e2neas.<\/p>\n<h2>Sustentabilidade e responsabilidade social<\/h2>\n<p>Um dos pilares do programa \u00e9 a sustentabilidade. As obras realizadas consideraram fatores ambientais e sociais, buscando sempre minimizar os impactos negativos e promover uma integra\u00e7\u00e3o harmoniosa entre a popula\u00e7\u00e3o e seu meio ambiente. A promo\u00e7\u00e3o de a\u00e7\u00f5es de educa\u00e7\u00e3o ambiental e a participa\u00e7\u00e3o da comunidade na gest\u00e3o das melhorias s\u00e3o exemplos de como a responsabilidade social \u00e9 priorizada neste contexto.<\/p>\n<h2>Contribui\u00e7\u00f5es econ\u00f4micas para o munic\u00edpio<\/h2>\n<p>As contribui\u00e7\u00f5es econ\u00f4micas do programa s\u00e3o vis\u00edveis em v\u00e1rios aspectos. A dinamiza\u00e7\u00e3o do com\u00e9rcio local e a gera\u00e7\u00e3o de novos empregos s\u00e3o efeitos colaterais diretos das melhorias implementadas. As interven\u00e7\u00f5es tamb\u00e9m resultaram em maior atratividade de investidores e empreendedores, que viram em Cama\u00e7ari uma cidade com potencial de crescimento. Al\u00e9m disso, com um ambiente urbano mais saud\u00e1vel e estruturado, a qualidade de vida favorece a reten\u00e7\u00e3o e atra\u00e7\u00e3o de talentos na regi\u00e3o.<\/p>\n<h2>O futuro de Cama\u00e7ari e seus desafios<\/h2>\n<p>Embora o Programa de Desenvolvimento Urbano tenha alcan\u00e7ado resultados significativos, os desafios permanecem. A continuidade do investimento em infraestrutura e servi\u00e7os p\u00fablicos ser\u00e1 crucial para garantir que Cama\u00e7ari continue a se desenvolver de maneira sustent\u00e1vel. Al\u00e9m disso, a manuten\u00e7\u00e3o do di\u00e1logo entre a comunidade e as autoridades locais \u00e9 essencial para que as interven\u00e7\u00f5es atendam \u00e0s necessidades reais da popula\u00e7\u00e3o e se alinhem com a vis\u00e3o de futuro da cidade.<\/p>\n<div class=\"2410bb7248a64bb1f71103797e0f239b\" data-index=\"3\" style=\"float: none; margin:0px;\">\n<\/br><\/br>\r\n\r\n<ins class=\"adsbygoogle\"\r\n     style=\"display:block\"\r\n     data-ad-format=\"fluid\"\r\n     data-ad-layout-key=\"-63+do+n-1s+9e\"\r\n     data-ad-client=\"ca-pub-8585364105181520\"\r\n     data-ad-slot=\"6838462089\"><\/ins>\r\n<script>\r\n     (adsbygoogle = window.adsbygoogle || []).push({});\r\n<\/script>\n<\/div>\n\n<div style=\"font-size: 0px; height: 0px; line-height: 0px; margin: 0; padding: 0; clear: both;\"><\/div>","protected":false},"excerpt":{"rendered":"<p>Cama\u00e7ari d\u00e1 um passo significativo em mobilidade e infraestrutura urbana.<\/p>\n","protected":false},"author":1,"featured_media":1744,"comment_status":"open","ping_status":"closed","sticky":false,"template":"","format":"standard","meta":{"footnotes":""},"categories":[1],"tags":[],"class_list":["post-1745","post","type-post","status-publish","format-standard","has-post-thumbnail","hentry","category-noticias-em-camacari","has_thumb"],"aioseo_notices":[],"aioseo_head":"\n\t\t<!-- All in One SEO 5.0.0.1 - aioseo.com -->\n\t<meta name=\"description\" content=\"Cama\u00e7ari d\u00e1 um passo significativo em mobilidade e infraestrutura urbana.\" \/>\n\t<meta name=\"robots\" content=\"max-image-preview:large\" \/>\n\t<meta name=\"author\" content=\"Encontra Cama\u00e7ari\"\/>\n\t<link rel=\"canonical\" href=\"https:\/\/www.encontracamacari.com.br\/sobre\/camacari-conclui-programa-de-desenvolvimento-urbano-com-varios-avancos\/\" \/>\n\t<meta name=\"generator\" content=\"All in One SEO (AIOSEO) 5.0.0.1\" \/>\n\t\t<meta property=\"og:locale\" content=\"pt_BR\" \/>\n\t\t<meta property=\"og:site_name\" content=\"Encontra Cama\u00e7ari - Not\u00edcias, eventos, informa\u00e7\u00f5es e dicas na cidade de Cama\u00e7ari e regi\u00e3o.\" \/>\n\t\t<meta property=\"og:type\" content=\"article\" \/>\n\t\t<meta property=\"og:title\" content=\"Cama\u00e7ari conclui Programa de Desenvolvimento Urbano com v\u00e1rios avan\u00e7os - Encontra Cama\u00e7ari\" \/>\n\t\t<meta property=\"og:description\" content=\"Cama\u00e7ari d\u00e1 um passo significativo em mobilidade e infraestrutura urbana.\" \/>\n\t\t<meta property=\"og:url\" content=\"https:\/\/www.encontracamacari.com.br\/sobre\/camacari-conclui-programa-de-desenvolvimento-urbano-com-varios-avancos\/\" \/>\n\t\t<meta property=\"article:published_time\" content=\"2026-08-19T09:37:34+00:00\" \/>\n\t\t<meta property=\"article:modified_time\" content=\"2026-08-19T09:37:34+00:00\" \/>\n\t\t<meta name=\"twitter:card\" content=\"summary_large_image\" \/>\n\t\t<meta name=\"twitter:title\" content=\"Cama\u00e7ari conclui Programa de Desenvolvimento Urbano com v\u00e1rios avan\u00e7os - Encontra Cama\u00e7ari\" \/>\n\t\t<meta name=\"twitter:description\" content=\"Cama\u00e7ari d\u00e1 um passo significativo em mobilidade e infraestrutura urbana.\" \/>\n\t\t<script type=\"application\/ld+json\" class=\"aioseo-schema\">\n\t\t\t{\"@context\":\"https:\\\/\\\/schema.org\",\"@graph\":[{\"@type\":\"BlogPosting\",\"@id\":\"https:\\\/\\\/www.encontracamacari.com.br\\\/sobre\\\/camacari-conclui-programa-de-desenvolvimento-urbano-com-varios-avancos\\\/#blogposting\",\"name\":\"Cama\\u00e7ari conclui Programa de Desenvolvimento Urbano com v\\u00e1rios avan\\u00e7os - Encontra Cama\\u00e7ari\",\"headline\":\"Cama\\u00e7ari conclui Programa de Desenvolvimento Urbano com v\\u00e1rios avan\\u00e7os\",\"author\":{\"@id\":\"https:\\\/\\\/www.encontracamacari.com.br\\\/sobre\\\/author\\\/ecamacari\\\/#author\"},\"publisher\":{\"@id\":\"https:\\\/\\\/www.encontracamacari.com.br\\\/sobre\\\/#organization\"},\"image\":{\"@type\":\"ImageObject\",\"url\":\"https:\\\/\\\/www.encontracamacari.com.br\\\/sobre\\\/wp-content\\\/uploads\\\/2026\\\/08\\\/camacari-conclui-programa-de-desenvolvimento-urbano-com-varios-avancos.webp\",\"width\":280,\"height\":280,\"caption\":\"Cama\\u00e7ari Programa de Desenvolvimento Urbano\"},\"datePublished\":\"2026-08-19T09:37:34+00:00\",\"dateModified\":\"2026-08-19T09:37:34+00:00\",\"inLanguage\":\"pt-BR\",\"mainEntityOfPage\":{\"@id\":\"https:\\\/\\\/www.encontracamacari.com.br\\\/sobre\\\/camacari-conclui-programa-de-desenvolvimento-urbano-com-varios-avancos\\\/#webpage\"},\"isPartOf\":{\"@id\":\"https:\\\/\\\/www.encontracamacari.com.br\\\/sobre\\\/camacari-conclui-programa-de-desenvolvimento-urbano-com-varios-avancos\\\/#webpage\"},\"articleSection\":\"Not\\u00edcias Cama\\u00e7ari\"},{\"@type\":\"BreadcrumbList\",\"@id\":\"https:\\\/\\\/www.encontracamacari.com.br\\\/sobre\\\/camacari-conclui-programa-de-desenvolvimento-urbano-com-varios-avancos\\\/#breadcrumblist\",\"itemListElement\":[{\"@type\":\"ListItem\",\"@id\":\"https:\\\/\\\/www.encontracamacari.com.br\\\/sobre#listItem\",\"position\":1,\"name\":\"Home\",\"item\":\"https:\\\/\\\/www.encontracamacari.com.br\\\/sobre\",\"nextItem\":{\"@type\":\"ListItem\",\"@id\":\"https:\\\/\\\/www.encontracamacari.com.br\\\/sobre\\\/noticias-em-camacari\\\/#listItem\",\"name\":\"Not\\u00edcias Cama\\u00e7ari\"}},{\"@type\":\"ListItem\",\"@id\":\"https:\\\/\\\/www.encontracamacari.com.br\\\/sobre\\\/noticias-em-camacari\\\/#listItem\",\"position\":2,\"name\":\"Not\\u00edcias Cama\\u00e7ari\",\"item\":\"https:\\\/\\\/www.encontracamacari.com.br\\\/sobre\\\/noticias-em-camacari\\\/\",\"nextItem\":{\"@type\":\"ListItem\",\"@id\":\"https:\\\/\\\/www.encontracamacari.com.br\\\/sobre\\\/camacari-conclui-programa-de-desenvolvimento-urbano-com-varios-avancos\\\/#listItem\",\"name\":\"Cama\\u00e7ari conclui Programa de Desenvolvimento Urbano com v\\u00e1rios avan\\u00e7os\"},\"previousItem\":{\"@type\":\"ListItem\",\"@id\":\"https:\\\/\\\/www.encontracamacari.com.br\\\/sobre#listItem\",\"name\":\"Home\"}},{\"@type\":\"ListItem\",\"@id\":\"https:\\\/\\\/www.encontracamacari.com.br\\\/sobre\\\/camacari-conclui-programa-de-desenvolvimento-urbano-com-varios-avancos\\\/#listItem\",\"position\":3,\"name\":\"Cama\\u00e7ari conclui Programa de Desenvolvimento Urbano com v\\u00e1rios avan\\u00e7os\",\"previousItem\":{\"@type\":\"ListItem\",\"@id\":\"https:\\\/\\\/www.encontracamacari.com.br\\\/sobre\\\/noticias-em-camacari\\\/#listItem\",\"name\":\"Not\\u00edcias Cama\\u00e7ari\"}}]},{\"@type\":\"Organization\",\"@id\":\"https:\\\/\\\/www.encontracamacari.com.br\\\/sobre\\\/#organization\",\"name\":\"Encontra Cama\\u00e7ari\",\"description\":\"Not\\u00edcias, eventos, informa\\u00e7\\u00f5es e dicas na cidade de Cama\\u00e7ari e regi\\u00e3o.\",\"url\":\"https:\\\/\\\/www.encontracamacari.com.br\\\/sobre\\\/\"},{\"@type\":\"Person\",\"@id\":\"https:\\\/\\\/www.encontracamacari.com.br\\\/sobre\\\/author\\\/ecamacari\\\/#author\",\"url\":\"https:\\\/\\\/www.encontracamacari.com.br\\\/sobre\\\/author\\\/ecamacari\\\/\",\"name\":\"Encontra Cama\\u00e7ari\",\"image\":{\"@type\":\"ImageObject\",\"@id\":\"https:\\\/\\\/www.encontracamacari.com.br\\\/sobre\\\/camacari-conclui-programa-de-desenvolvimento-urbano-com-varios-avancos\\\/#authorImage\",\"url\":\"https:\\\/\\\/secure.gravatar.com\\\/avatar\\\/507340682b8270222e1f208e23198b6ae7e2c6a1033ae84e99bc6bce4f82a387?s=96&d=mm&r=g\",\"width\":96,\"height\":96,\"caption\":\"Encontra Cama\\u00e7ari\"}},{\"@type\":\"WebPage\",\"@id\":\"https:\\\/\\\/www.encontracamacari.com.br\\\/sobre\\\/camacari-conclui-programa-de-desenvolvimento-urbano-com-varios-avancos\\\/#webpage\",\"url\":\"https:\\\/\\\/www.encontracamacari.com.br\\\/sobre\\\/camacari-conclui-programa-de-desenvolvimento-urbano-com-varios-avancos\\\/\",\"name\":\"Cama\\u00e7ari conclui Programa de Desenvolvimento Urbano com v\\u00e1rios avan\\u00e7os - Encontra Cama\\u00e7ari\",\"description\":\"Cama\\u00e7ari d\\u00e1 um passo significativo em mobilidade e infraestrutura urbana.\",\"inLanguage\":\"pt-BR\",\"isPartOf\":{\"@id\":\"https:\\\/\\\/www.encontracamacari.com.br\\\/sobre\\\/#website\"},\"breadcrumb\":{\"@id\":\"https:\\\/\\\/www.encontracamacari.com.br\\\/sobre\\\/camacari-conclui-programa-de-desenvolvimento-urbano-com-varios-avancos\\\/#breadcrumblist\"},\"author\":{\"@id\":\"https:\\\/\\\/www.encontracamacari.com.br\\\/sobre\\\/author\\\/ecamacari\\\/#author\"},\"creator\":{\"@id\":\"https:\\\/\\\/www.encontracamacari.com.br\\\/sobre\\\/author\\\/ecamacari\\\/#author\"},\"image\":{\"@type\":\"ImageObject\",\"url\":\"https:\\\/\\\/www.encontracamacari.com.br\\\/sobre\\\/wp-content\\\/uploads\\\/2026\\\/08\\\/camacari-conclui-programa-de-desenvolvimento-urbano-com-varios-avancos.webp\",\"@id\":\"https:\\\/\\\/www.encontracamacari.com.br\\\/sobre\\\/camacari-conclui-programa-de-desenvolvimento-urbano-com-varios-avancos\\\/#mainImage\",\"width\":280,\"height\":280,\"caption\":\"Cama\\u00e7ari Programa de Desenvolvimento Urbano\"},\"primaryImageOfPage\":{\"@id\":\"https:\\\/\\\/www.encontracamacari.com.br\\\/sobre\\\/camacari-conclui-programa-de-desenvolvimento-urbano-com-varios-avancos\\\/#mainImage\"},\"datePublished\":\"2026-08-19T09:37:34+00:00\",\"dateModified\":\"2026-08-19T09:37:34+00:00\"},{\"@type\":\"WebSite\",\"@id\":\"https:\\\/\\\/www.encontracamacari.com.br\\\/sobre\\\/#website\",\"url\":\"https:\\\/\\\/www.encontracamacari.com.br\\\/sobre\\\/\",\"name\":\"Encontra Cama\\u00e7ari\",\"description\":\"Not\\u00edcias, eventos, informa\\u00e7\\u00f5es e dicas na cidade de Cama\\u00e7ari e regi\\u00e3o.\",\"inLanguage\":\"pt-BR\",\"publisher\":{\"@id\":\"https:\\\/\\\/www.encontracamacari.com.br\\\/sobre\\\/#organization\"}}]}\n\t\t<\/script>\n\t\t<!-- All in One SEO -->\n\n","aioseo_head_json":{"title":"Cama\u00e7ari conclui Programa de Desenvolvimento Urbano com v\u00e1rios avan\u00e7os - Encontra Cama\u00e7ari","description":"Cama\u00e7ari d\u00e1 um passo significativo em mobilidade e infraestrutura urbana.","canonical_url":"https:\/\/www.encontracamacari.com.br\/sobre\/camacari-conclui-programa-de-desenvolvimento-urbano-com-varios-avancos\/","robots":"max-image-preview:large","keywords":"","webmasterTools":{"miscellaneous":""},"schema":{"@context":"https:\/\/schema.org","@graph":[{"@type":"BlogPosting","@id":"https:\/\/www.encontracamacari.com.br\/sobre\/camacari-conclui-programa-de-desenvolvimento-urbano-com-varios-avancos\/#blogposting","name":"Cama\u00e7ari conclui Programa de Desenvolvimento Urbano com v\u00e1rios avan\u00e7os - Encontra Cama\u00e7ari","headline":"Cama\u00e7ari conclui Programa de Desenvolvimento Urbano com v\u00e1rios avan\u00e7os","author":{"@id":"https:\/\/www.encontracamacari.com.br\/sobre\/author\/ecamacari\/#author"},"publisher":{"@id":"https:\/\/www.encontracamacari.com.br\/sobre\/#organization"},"image":{"@type":"ImageObject","url":"https:\/\/www.encontracamacari.com.br\/sobre\/wp-content\/uploads\/2026\/08\/camacari-conclui-programa-de-desenvolvimento-urbano-com-varios-avancos.webp","width":280,"height":280,"caption":"Cama\u00e7ari Programa de Desenvolvimento Urbano"},"datePublished":"2026-08-19T09:37:34+00:00","dateModified":"2026-08-19T09:37:34+00:00","inLanguage":"pt-BR","mainEntityOfPage":{"@id":"https:\/\/www.encontracamacari.com.br\/sobre\/camacari-conclui-programa-de-desenvolvimento-urbano-com-varios-avancos\/#webpage"},"isPartOf":{"@id":"https:\/\/www.encontracamacari.com.br\/sobre\/camacari-conclui-programa-de-desenvolvimento-urbano-com-varios-avancos\/#webpage"},"articleSection":"Not\u00edcias Cama\u00e7ari"},{"@type":"BreadcrumbList","@id":"https:\/\/www.encontracamacari.com.br\/sobre\/camacari-conclui-programa-de-desenvolvimento-urbano-com-varios-avancos\/#breadcrumblist","itemListElement":[{"@type":"ListItem","@id":"https:\/\/www.encontracamacari.com.br\/sobre#listItem","position":1,"name":"Home","item":"https:\/\/www.encontracamacari.com.br\/sobre","nextItem":{"@type":"ListItem","@id":"https:\/\/www.encontracamacari.com.br\/sobre\/noticias-em-camacari\/#listItem","name":"Not\u00edcias Cama\u00e7ari"}},{"@type":"ListItem","@id":"https:\/\/www.encontracamacari.com.br\/sobre\/noticias-em-camacari\/#listItem","position":2,"name":"Not\u00edcias Cama\u00e7ari","item":"https:\/\/www.encontracamacari.com.br\/sobre\/noticias-em-camacari\/","nextItem":{"@type":"ListItem","@id":"https:\/\/www.encontracamacari.com.br\/sobre\/camacari-conclui-programa-de-desenvolvimento-urbano-com-varios-avancos\/#listItem","name":"Cama\u00e7ari conclui Programa de Desenvolvimento Urbano com v\u00e1rios avan\u00e7os"},"previousItem":{"@type":"ListItem","@id":"https:\/\/www.encontracamacari.com.br\/sobre#listItem","name":"Home"}},{"@type":"ListItem","@id":"https:\/\/www.encontracamacari.com.br\/sobre\/camacari-conclui-programa-de-desenvolvimento-urbano-com-varios-avancos\/#listItem","position":3,"name":"Cama\u00e7ari conclui Programa de Desenvolvimento Urbano com v\u00e1rios avan\u00e7os","previousItem":{"@type":"ListItem","@id":"https:\/\/www.encontracamacari.com.br\/sobre\/noticias-em-camacari\/#listItem","name":"Not\u00edcias Cama\u00e7ari"}}]},{"@type":"Organization","@id":"https:\/\/www.encontracamacari.com.br\/sobre\/#organization","name":"Encontra Cama\u00e7ari","description":"Not\u00edcias, eventos, informa\u00e7\u00f5es e dicas na cidade de Cama\u00e7ari e regi\u00e3o.","url":"https:\/\/www.encontracamacari.com.br\/sobre\/"},{"@type":"Person","@id":"https:\/\/www.encontracamacari.com.br\/sobre\/author\/ecamacari\/#author","url":"https:\/\/www.encontracamacari.com.br\/sobre\/author\/ecamacari\/","name":"Encontra Cama\u00e7ari","image":{"@type":"ImageObject","@id":"https:\/\/www.encontracamacari.com.br\/sobre\/camacari-conclui-programa-de-desenvolvimento-urbano-com-varios-avancos\/#authorImage","url":"https:\/\/secure.gravatar.com\/avatar\/507340682b8270222e1f208e23198b6ae7e2c6a1033ae84e99bc6bce4f82a387?s=96&d=mm&r=g","width":96,"height":96,"caption":"Encontra Cama\u00e7ari"}},{"@type":"WebPage","@id":"https:\/\/www.encontracamacari.com.br\/sobre\/camacari-conclui-programa-de-desenvolvimento-urbano-com-varios-avancos\/#webpage","url":"https:\/\/www.encontracamacari.com.br\/sobre\/camacari-conclui-programa-de-desenvolvimento-urbano-com-varios-avancos\/","name":"Cama\u00e7ari conclui Programa de Desenvolvimento Urbano com v\u00e1rios avan\u00e7os - Encontra Cama\u00e7ari","description":"Cama\u00e7ari d\u00e1 um passo significativo em mobilidade e infraestrutura urbana.","inLanguage":"pt-BR","isPartOf":{"@id":"https:\/\/www.encontracamacari.com.br\/sobre\/#website"},"breadcrumb":{"@id":"https:\/\/www.encontracamacari.com.br\/sobre\/camacari-conclui-programa-de-desenvolvimento-urbano-com-varios-avancos\/#breadcrumblist"},"author":{"@id":"https:\/\/www.encontracamacari.com.br\/sobre\/author\/ecamacari\/#author"},"creator":{"@id":"https:\/\/www.encontracamacari.com.br\/sobre\/author\/ecamacari\/#author"},"image":{"@type":"ImageObject","url":"https:\/\/www.encontracamacari.com.br\/sobre\/wp-content\/uploads\/2026\/08\/camacari-conclui-programa-de-desenvolvimento-urbano-com-varios-avancos.webp","@id":"https:\/\/www.encontracamacari.com.br\/sobre\/camacari-conclui-programa-de-desenvolvimento-urbano-com-varios-avancos\/#mainImage","width":280,"height":280,"caption":"Cama\u00e7ari Programa de Desenvolvimento Urbano"},"primaryImageOfPage":{"@id":"https:\/\/www.encontracamacari.com.br\/sobre\/camacari-conclui-programa-de-desenvolvimento-urbano-com-varios-avancos\/#mainImage"},"datePublished":"2026-08-19T09:37:34+00:00","dateModified":"2026-08-19T09:37:34+00:00"},{"@type":"WebSite","@id":"https:\/\/www.encontracamacari.com.br\/sobre\/#website","url":"https:\/\/www.encontracamacari.com.br\/sobre\/","name":"Encontra Cama\u00e7ari","description":"Not\u00edcias, eventos, informa\u00e7\u00f5es e dicas na cidade de Cama\u00e7ari e regi\u00e3o.","inLanguage":"pt-BR","publisher":{"@id":"https:\/\/www.encontracamacari.com.br\/sobre\/#organization"}}]},"og:locale":"pt_BR","og:site_name":"Encontra Cama\u00e7ari - Not\u00edcias, eventos, informa\u00e7\u00f5es e dicas na cidade de Cama\u00e7ari e regi\u00e3o.","og:type":"article","og:title":"Cama\u00e7ari conclui Programa de Desenvolvimento Urbano com v\u00e1rios avan\u00e7os - Encontra Cama\u00e7ari","og:description":"Cama\u00e7ari d\u00e1 um passo significativo em mobilidade e infraestrutura urbana.","og:url":"https:\/\/www.encontracamacari.com.br\/sobre\/camacari-conclui-programa-de-desenvolvimento-urbano-com-varios-avancos\/","article:published_time":"2026-08-19T09:37:34+00:00","article:modified_time":"2026-08-19T09:37:34+00:00","twitter:card":"summary_large_image","twitter:title":"Cama\u00e7ari conclui Programa de Desenvolvimento Urbano com v\u00e1rios avan\u00e7os - Encontra Cama\u00e7ari","twitter:description":"Cama\u00e7ari d\u00e1 um passo significativo em mobilidade e infraestrutura urbana."},"aioseo_meta_data":{"post_id":"1745","title":null,"description":null,"keywords":null,"keyphrases":null,"primary_term":null,"canonical_url":null,"og_title":null,"og_description":null,"og_object_type":"default","og_image_type":"default","og_image_url":null,"og_image_width":null,"og_image_height":null,"og_image_custom_url":null,"og_image_custom_fields":null,"og_video":null,"og_custom_url":null,"og_article_section":null,"og_article_tags":null,"twitter_use_og":false,"twitter_card":"default","twitter_image_type":"default","twitter_image_url":null,"twitter_image_custom_url":null,"twitter_image_custom_fields":null,"twitter_title":null,"twitter_description":null,"schema":{"blockGraphs":[],"customGraphs":[],"default":{"data":{"Article":[],"Course":[],"Dataset":[],"FAQPage":[],"Movie":[],"Person":[],"Product":[],"ProductReview":[],"Car":[],"Recipe":[],"Service":[],"SoftwareApplication":[],"WebPage":[]},"graphName":"BlogPosting","isEnabled":true},"graphs":[]},"schema_type":"default","schema_type_options":null,"pillar_content":false,"robots_default":true,"robots_noindex":false,"robots_noarchive":false,"robots_nosnippet":false,"robots_nofollow":false,"robots_noimageindex":false,"robots_noodp":false,"robots_notranslate":false,"robots_max_snippet":null,"robots_max_videopreview":null,"robots_max_imagepreview":"large","priority":null,"frequency":null,"local_seo":null,"limit_modified_date":false,"created":"2026-08-19 09:37:34","updated":"2026-08-19 09:38:40","focus_keyword":null,"additional_keywords":null,"truseo_locale":null,"ai":null,"breadcrumb_settings":null,"seo_analyzer_scan_date":null},"aioseo_breadcrumb":"<div class=\"aioseo-breadcrumbs\"><span class=\"aioseo-breadcrumb\">\n\t\t\t<a href=\"https:\/\/www.encontracamacari.com.br\/sobre\" title=\"Home\">Home<\/a>\n\t\t<\/span><span class=\"aioseo-breadcrumb-separator\">&raquo;<\/span><span class=\"aioseo-breadcrumb\">\n\t\t\t<a href=\"https:\/\/www.encontracamacari.com.br\/sobre\/noticias-em-camacari\/\" title=\"Not\u00edcias Cama\u00e7ari\">Not\u00edcias Cama\u00e7ari<\/a>\n\t\t<\/span><span class=\"aioseo-breadcrumb-separator\">&raquo;<\/span><span class=\"aioseo-breadcrumb\">\n\t\t\tCama\u00e7ari conclui Programa de Desenvolvimento Urbano com v\u00e1rios avan\u00e7os\n\t\t<\/span><\/div>","aioseo_breadcrumb_json":[{"label":"Home","link":"https:\/\/www.encontracamacari.com.br\/sobre"},{"label":"Not\u00edcias Cama\u00e7ari","link":"https:\/\/www.encontracamacari.com.br\/sobre\/noticias-em-camacari\/"},{"label":"Cama\u00e7ari conclui Programa de Desenvolvimento Urbano com v\u00e1rios avan\u00e7os","link":"https:\/\/www.encontracamacari.com.br\/sobre\/camacari-conclui-programa-de-desenvolvimento-urbano-com-varios-avancos\/"}],"_links":{"self":[{"href":"https:\/\/www.encontracamacari.com.br\/sobre\/wp-json\/wp\/v2\/posts\/1745","targetHints":{"allow":["GET"]}}],"collection":[{"href":"https:\/\/www.encontracamacari.com.br\/sobre\/wp-json\/wp\/v2\/posts"}],"about":[{"href":"https:\/\/www.encontracamacari.com.br\/sobre\/wp-json\/wp\/v2\/types\/post"}],"author":[{"embeddable":true,"href":"https:\/\/www.encontracamacari.com.br\/sobre\/wp-json\/wp\/v2\/users\/1"}],"replies":[{"embeddable":true,"href":"https:\/\/www.encontracamacari.com.br\/sobre\/wp-json\/wp\/v2\/comments?post=1745"}],"version-history":[{"count":0,"href":"https:\/\/www.encontracamacari.com.br\/sobre\/wp-json\/wp\/v2\/posts\/1745\/revisions"}],"wp:featuredmedia":[{"embeddable":true,"href":"https:\/\/www.encontracamacari.com.br\/sobre\/wp-json\/wp\/v2\/media\/1744"}],"wp:attachment":[{"href":"https:\/\/www.encontracamacari.com.br\/sobre\/wp-json\/wp\/v2\/media?parent=1745"}],"wp:term":[{"taxonomy":"category","embeddable":true,"href":"https:\/\/www.encontracamacari.com.br\/sobre\/wp-json\/wp\/v2\/categories?post=1745"},{"taxonomy":"post_tag","embeddable":true,"href":"https:\/\/www.encontracamacari.com.br\/sobre\/wp-json\/wp\/v2\/tags?post=1745"}],"curies":[{"name":"wp","href":"https:\/\/api.w.org\/{rel}","templated":true}]}}