{"id":1735,"date":"2026-08-17T09:38:52","date_gmt":"2026-08-17T09:38:52","guid":{"rendered":"https:\/\/www.encontracamacari.com.br\/sobre\/elinaldo-da-inicio-a-campanha-com-atos-em-camacari-na-rms-e-no-oeste-baiano\/"},"modified":"2026-08-17T09:38:52","modified_gmt":"2026-08-17T09:38:52","slug":"elinaldo-da-inicio-a-campanha-com-atos-em-camacari-na-rms-e-no-oeste-baiano","status":"publish","type":"post","link":"https:\/\/www.encontracamacari.com.br\/sobre\/elinaldo-da-inicio-a-campanha-com-atos-em-camacari-na-rms-e-no-oeste-baiano\/","title":{"rendered":"Elinaldo d\u00e1 in\u00edcio \u00e0 campanha com atos em Cama\u00e7ari, na RMS e no Oeste baiano"},"content":{"rendered":"<div class=\"2410bb7248a64bb1f71103797e0f239b\" data-index=\"1\" style=\"float: none; margin:0px;\">\n<ins class=\"adsbygoogle\"\r\n     style=\"display:block\"\r\n     data-ad-client=\"ca-pub-8585364105181520\"\r\n     data-ad-slot=\"8789329856\"\r\n     data-ad-format=\"auto\"\r\n     data-full-width-responsive=\"true\"><\/ins>\r\n<script>\r\n     (adsbygoogle = window.adsbygoogle || []).push({});\r\n<\/script>\n<\/div>\n<h2>In\u00edcio da Campanha em Cama\u00e7ari<\/h2>\n<p>A campanha do ex-prefeito Elinaldo Ara\u00fajo, do partido Uni\u00e3o, tem sua fase inicial marcada por diversos eventos significativos em Cama\u00e7ari, localizada na Regi\u00e3o Metropolitana de Salvador, al\u00e9m de atividades no Oeste baiano. Abertura oficial da campanha ocorrer\u00e1 em um evento marcante, tamb\u00e9m conhecido como &#8220;Virada da Mudan\u00e7a&#8221;, que acontecer\u00e1 no comit\u00ea do candidato a partir da meia-noite do dia 16 de agosto de 2026.<\/p>\n<h2>Mobiliza\u00e7\u00e3o de Apoio<\/h2>\n<p>No decorrer do domingo, a ex-primeira-dama Ivana Paula, junto a figuras pol\u00edticas importantes como os ex-prefeitos Jos\u00e9 Tude e Helder Almeida, se unir\u00e1 aos 12 vereadores da oposi\u00e7\u00e3o e aos presidentes dos partidos aliados para promover um intenso trabalho de adesivagem em v\u00e1rias localidades de Cama\u00e7ari. O dia ser\u00e1 repleto de atividades voltadas ao fortalecimento da candidatura de Elinaldo, que contar\u00e1 com a presen\u00e7a de apoiadores das candidaturas a deputado federal que est\u00e3o alinhadas \u00e0 sua proposta, como Paulo Azi e Manuel Rocha.<\/p>\n<h2>Agenda de Eventos na Regi\u00e3o Metropolitana<\/h2>\n<p>As a\u00e7\u00f5es do dia incluem:<\/p>\n<p><img decoding=\"async\" src=\"https:\/\/www.encontracamacari.com.br\/sobre\/wp-content\/uploads\/2026\/08\/elinaldo-da-inicio-a-campanha-com-atos-em-camacari-na-rms-e-no-oeste-baiano.webp\" alt=\"campanha Elinaldo\" loading=\"lazy\" \/><\/p>\n<ul>\n<li><strong>Adesiva\u00e7os programados:<\/strong> Os eventos ocorrer\u00e3o em diferentes pontos estrat\u00e9gicos, incluindo o comit\u00ea localizado no bairro dos 46, na Pra\u00e7a da Matriz em Vila de Abrantes, e diversas pra\u00e7as nas localidades de Areias, Arembepe, Barra do Jacu\u00edpe e Monte Gordo.<\/li>\n<\/ul>\n<p>Esses adesiva\u00e7os t\u00eam como objetivo refor\u00e7ar a presen\u00e7a do candidato e mobilizar a popula\u00e7\u00e3o para apoiar sua trajet\u00f3ria pol\u00edtica. O movimento dever\u00e1 envolver uma consider\u00e1vel massa de apoiadores, que contribuir\u00e1 para destacar a candidatura de Elinaldo.<\/p>\n<h2>Apoio Pol\u00edtico no Oeste Baiano<\/h2>\n<p>Al\u00e9m das a\u00e7\u00f5es em Cama\u00e7ari, a campanha de Elinaldo se estender\u00e1 ao Oeste baiano, onde participar\u00e1 de eventos que combinam compromissos pr\u00f3prios e atividades da chapa majorit\u00e1ria ao lado de candidatos importantes como ACM Neto e Z\u00e9 Coc\u00e1. Em Carinhanha, ocorrer\u00e1 um encontro com lideran\u00e7as pol\u00edticas, com apoio da vereadora Jadinha, seguida de uma carreata e um com\u00edcio em Correntina ao lado do prefeito Mariano.<\/p><div class=\"2410bb7248a64bb1f71103797e0f239b\" data-index=\"2\" style=\"float: none; margin:0px;\">\n<ins class=\"adsbygoogle\"\r\n     style=\"display:block; text-align:center;\"\r\n     data-ad-layout=\"in-article\"\r\n     data-ad-format=\"fluid\"\r\n     data-ad-client=\"ca-pub-8585364105181520\"\r\n     data-ad-slot=\"2899217073\"><\/ins>\r\n<script>\r\n     (adsbygoogle = window.adsbygoogle || []).push({});\r\n<\/script>\r\n\r\n<\/br><\/br>\n<\/div>\n\n<h2>Comit\u00eas e Adesiva\u00e7os em Destaque<\/h2>\n<p>A agenda do candidato tamb\u00e9m inclui a participa\u00e7\u00e3o em eventos significativos em Lauro de Freitas, onde ocorre um ato eleitoral destinado ao deputado federal Adriel, com distribui\u00e7\u00e3o de material promocional, marcando a presen\u00e7a do candidato em uma comunidade estrat\u00e9gica. Durante o dia, a equipe de Elinaldo se concentrar\u00e1 em locais que possuem uma forte presen\u00e7a popular, com o intuito de maximizar a capta\u00e7\u00e3o de votos.<\/p>\n<h2>Alian\u00e7as Estrat\u00e9gicas para 2026<\/h2>\n<p>A campanha de Elinaldo n\u00e3o se limita apenas a Cama\u00e7ari e ao Oeste da Bahia; ele planeja a\u00e7\u00f5es que abrangem mais de 120 munic\u00edpios, com o aux\u00edlio de apoiadores regionais e l\u00edderes locais. Esses esfor\u00e7os t\u00eam como foco potencializar a estrutura de apoio e solidificar alian\u00e7as pol\u00edticas que ser\u00e3o cruciais para o sucesso de sua candidatura \u00e0 Assembleia Legislativa da Bahia.<\/p>\n<h2>Impacto da Campanha nas Comunidades<\/h2>\n<p>O impacto das a\u00e7\u00f5es de campanha nas comunidades \u00e9 evidente, pois Elinaldo e seu grupo pol\u00edtico t\u00eam focado em ouvir as demandas e anseios da popula\u00e7\u00e3o. Com uma agenda proativa e pr\u00f3xima aos cidad\u00e3os, a equipe pretende fortalecer o v\u00ednculo com a popula\u00e7\u00e3o, demonstrando compromisso e proximidade nas a\u00e7\u00f5es.<\/p>\n<h2>Perspectivas para o Futuro Pol\u00edtico<\/h2>\n<p>Com a elegibilidade em pauta e um hist\u00f3rico de experi\u00eancia de gest\u00e3o, Elinaldo busca se consolidar como uma figura pol\u00edtica de destaque nas elei\u00e7\u00f5es de 2026. O ex-prefeito de Cama\u00e7ari tem aproveitado a pr\u00e9-campanha para realizar visitas a munic\u00edpios, estreitando la\u00e7os e formando parcerias que prometem ser promissoras em sua jornada.<\/p>\n<h2>Import\u00e2ncia da Participa\u00e7\u00e3o Popular<\/h2>\n<p>A participa\u00e7\u00e3o popular \u00e9 um dos principais pilares da campanha. Ao incentivar a mobiliza\u00e7\u00e3o da comunidade, Elinaldo se prop\u00f5e a ser uma voz ativa, engajando os cidad\u00e3os em um di\u00e1logo aberto sobre as necessidades e prioridades da regi\u00e3o. Essa abordagem favorece um ambiente pol\u00edtico mais democr\u00e1tico e acess\u00edvel.<\/p>\n<h2>Cama\u00e7ari e a Pol\u00edtica da Bahia<\/h2>\n<p>Cama\u00e7ari, por ser uma cidade com grande relev\u00e2ncia pol\u00edtica e econ\u00f4mica na Bahia, desempenha um papel crucial na defini\u00e7\u00e3o do cen\u00e1rio pol\u00edtico estadual. Com uma base eleitoral s\u00f3lida e um hist\u00f3rico de atua\u00e7\u00e3o, Elinaldo pretende capitalizar essas caracter\u00edsticas para conquistar a confian\u00e7a do eleitorado. Ao integrar suas a\u00e7\u00f5es com as demandas locais, ele espera fortalecer sua posi\u00e7\u00e3o nas elei\u00e7\u00f5es e contribuir para um futuro promissor para todos os cidad\u00e3os da Bahia.<\/p>\n<div class=\"2410bb7248a64bb1f71103797e0f239b\" data-index=\"3\" style=\"float: none; margin:0px;\">\n<\/br><\/br>\r\n\r\n<ins class=\"adsbygoogle\"\r\n     style=\"display:block\"\r\n     data-ad-format=\"fluid\"\r\n     data-ad-layout-key=\"-63+do+n-1s+9e\"\r\n     data-ad-client=\"ca-pub-8585364105181520\"\r\n     data-ad-slot=\"6838462089\"><\/ins>\r\n<script>\r\n     (adsbygoogle = window.adsbygoogle || []).push({});\r\n<\/script>\n<\/div>\n\n<div style=\"font-size: 0px; height: 0px; line-height: 0px; margin: 0; padding: 0; clear: both;\"><\/div>","protected":false},"excerpt":{"rendered":"<p>Cama\u00e7ari e a campanha de Elinaldo est\u00e3o ganhando destaque regional.<\/p>\n","protected":false},"author":1,"featured_media":1734,"comment_status":"open","ping_status":"closed","sticky":false,"template":"","format":"standard","meta":{"footnotes":""},"categories":[1],"tags":[],"class_list":["post-1735","post","type-post","status-publish","format-standard","has-post-thumbnail","hentry","category-noticias-em-camacari","has_thumb"],"aioseo_notices":[],"aioseo_head":"\n\t\t<!-- All in One SEO 5.0.0.1 - aioseo.com -->\n\t<meta name=\"description\" content=\"Cama\u00e7ari e a campanha de Elinaldo est\u00e3o ganhando destaque regional.\" \/>\n\t<meta name=\"robots\" content=\"max-image-preview:large\" \/>\n\t<meta name=\"author\" content=\"Encontra Cama\u00e7ari\"\/>\n\t<link rel=\"canonical\" href=\"https:\/\/www.encontracamacari.com.br\/sobre\/elinaldo-da-inicio-a-campanha-com-atos-em-camacari-na-rms-e-no-oeste-baiano\/\" \/>\n\t<meta name=\"generator\" content=\"All in One SEO (AIOSEO) 5.0.0.1\" \/>\n\t\t<meta property=\"og:locale\" content=\"pt_BR\" \/>\n\t\t<meta property=\"og:site_name\" content=\"Encontra Cama\u00e7ari - Not\u00edcias, eventos, informa\u00e7\u00f5es e dicas na cidade de Cama\u00e7ari e regi\u00e3o.\" \/>\n\t\t<meta property=\"og:type\" content=\"article\" \/>\n\t\t<meta property=\"og:title\" content=\"Elinaldo d\u00e1 in\u00edcio \u00e0 campanha com atos em Cama\u00e7ari, na RMS e no Oeste baiano - Encontra Cama\u00e7ari\" \/>\n\t\t<meta property=\"og:description\" content=\"Cama\u00e7ari e a campanha de Elinaldo est\u00e3o ganhando destaque regional.\" \/>\n\t\t<meta property=\"og:url\" content=\"https:\/\/www.encontracamacari.com.br\/sobre\/elinaldo-da-inicio-a-campanha-com-atos-em-camacari-na-rms-e-no-oeste-baiano\/\" \/>\n\t\t<meta property=\"article:published_time\" content=\"2026-08-17T09:38:52+00:00\" \/>\n\t\t<meta property=\"article:modified_time\" content=\"2026-08-17T09:38:52+00:00\" \/>\n\t\t<meta name=\"twitter:card\" content=\"summary_large_image\" \/>\n\t\t<meta name=\"twitter:title\" content=\"Elinaldo d\u00e1 in\u00edcio \u00e0 campanha com atos em Cama\u00e7ari, na RMS e no Oeste baiano - Encontra Cama\u00e7ari\" \/>\n\t\t<meta name=\"twitter:description\" content=\"Cama\u00e7ari e a campanha de Elinaldo est\u00e3o ganhando destaque regional.\" \/>\n\t\t<script type=\"application\/ld+json\" class=\"aioseo-schema\">\n\t\t\t{\"@context\":\"https:\\\/\\\/schema.org\",\"@graph\":[{\"@type\":\"BlogPosting\",\"@id\":\"https:\\\/\\\/www.encontracamacari.com.br\\\/sobre\\\/elinaldo-da-inicio-a-campanha-com-atos-em-camacari-na-rms-e-no-oeste-baiano\\\/#blogposting\",\"name\":\"Elinaldo d\\u00e1 in\\u00edcio \\u00e0 campanha com atos em Cama\\u00e7ari, na RMS e no Oeste baiano - Encontra Cama\\u00e7ari\",\"headline\":\"Elinaldo d\\u00e1 in\\u00edcio \\u00e0 campanha com atos em Cama\\u00e7ari, na RMS e no Oeste baiano\",\"author\":{\"@id\":\"https:\\\/\\\/www.encontracamacari.com.br\\\/sobre\\\/author\\\/ecamacari\\\/#author\"},\"publisher\":{\"@id\":\"https:\\\/\\\/www.encontracamacari.com.br\\\/sobre\\\/#organization\"},\"image\":{\"@type\":\"ImageObject\",\"url\":\"https:\\\/\\\/www.encontracamacari.com.br\\\/sobre\\\/wp-content\\\/uploads\\\/2026\\\/08\\\/elinaldo-da-inicio-a-campanha-com-atos-em-camacari-na-rms-e-no-oeste-baiano.webp\",\"width\":280,\"height\":280,\"caption\":\"campanha Elinaldo\"},\"datePublished\":\"2026-08-17T09:38:52+00:00\",\"dateModified\":\"2026-08-17T09:38:52+00:00\",\"inLanguage\":\"pt-BR\",\"mainEntityOfPage\":{\"@id\":\"https:\\\/\\\/www.encontracamacari.com.br\\\/sobre\\\/elinaldo-da-inicio-a-campanha-com-atos-em-camacari-na-rms-e-no-oeste-baiano\\\/#webpage\"},\"isPartOf\":{\"@id\":\"https:\\\/\\\/www.encontracamacari.com.br\\\/sobre\\\/elinaldo-da-inicio-a-campanha-com-atos-em-camacari-na-rms-e-no-oeste-baiano\\\/#webpage\"},\"articleSection\":\"Not\\u00edcias Cama\\u00e7ari\"},{\"@type\":\"BreadcrumbList\",\"@id\":\"https:\\\/\\\/www.encontracamacari.com.br\\\/sobre\\\/elinaldo-da-inicio-a-campanha-com-atos-em-camacari-na-rms-e-no-oeste-baiano\\\/#breadcrumblist\",\"itemListElement\":[{\"@type\":\"ListItem\",\"@id\":\"https:\\\/\\\/www.encontracamacari.com.br\\\/sobre#listItem\",\"position\":1,\"name\":\"Home\",\"item\":\"https:\\\/\\\/www.encontracamacari.com.br\\\/sobre\",\"nextItem\":{\"@type\":\"ListItem\",\"@id\":\"https:\\\/\\\/www.encontracamacari.com.br\\\/sobre\\\/noticias-em-camacari\\\/#listItem\",\"name\":\"Not\\u00edcias Cama\\u00e7ari\"}},{\"@type\":\"ListItem\",\"@id\":\"https:\\\/\\\/www.encontracamacari.com.br\\\/sobre\\\/noticias-em-camacari\\\/#listItem\",\"position\":2,\"name\":\"Not\\u00edcias Cama\\u00e7ari\",\"item\":\"https:\\\/\\\/www.encontracamacari.com.br\\\/sobre\\\/noticias-em-camacari\\\/\",\"nextItem\":{\"@type\":\"ListItem\",\"@id\":\"https:\\\/\\\/www.encontracamacari.com.br\\\/sobre\\\/elinaldo-da-inicio-a-campanha-com-atos-em-camacari-na-rms-e-no-oeste-baiano\\\/#listItem\",\"name\":\"Elinaldo d\\u00e1 in\\u00edcio \\u00e0 campanha com atos em Cama\\u00e7ari, na RMS e no Oeste baiano\"},\"previousItem\":{\"@type\":\"ListItem\",\"@id\":\"https:\\\/\\\/www.encontracamacari.com.br\\\/sobre#listItem\",\"name\":\"Home\"}},{\"@type\":\"ListItem\",\"@id\":\"https:\\\/\\\/www.encontracamacari.com.br\\\/sobre\\\/elinaldo-da-inicio-a-campanha-com-atos-em-camacari-na-rms-e-no-oeste-baiano\\\/#listItem\",\"position\":3,\"name\":\"Elinaldo d\\u00e1 in\\u00edcio \\u00e0 campanha com atos em Cama\\u00e7ari, na RMS e no Oeste baiano\",\"previousItem\":{\"@type\":\"ListItem\",\"@id\":\"https:\\\/\\\/www.encontracamacari.com.br\\\/sobre\\\/noticias-em-camacari\\\/#listItem\",\"name\":\"Not\\u00edcias Cama\\u00e7ari\"}}]},{\"@type\":\"Organization\",\"@id\":\"https:\\\/\\\/www.encontracamacari.com.br\\\/sobre\\\/#organization\",\"name\":\"Encontra Cama\\u00e7ari\",\"description\":\"Not\\u00edcias, eventos, informa\\u00e7\\u00f5es e dicas na cidade de Cama\\u00e7ari e regi\\u00e3o.\",\"url\":\"https:\\\/\\\/www.encontracamacari.com.br\\\/sobre\\\/\"},{\"@type\":\"Person\",\"@id\":\"https:\\\/\\\/www.encontracamacari.com.br\\\/sobre\\\/author\\\/ecamacari\\\/#author\",\"url\":\"https:\\\/\\\/www.encontracamacari.com.br\\\/sobre\\\/author\\\/ecamacari\\\/\",\"name\":\"Encontra Cama\\u00e7ari\",\"image\":{\"@type\":\"ImageObject\",\"@id\":\"https:\\\/\\\/www.encontracamacari.com.br\\\/sobre\\\/elinaldo-da-inicio-a-campanha-com-atos-em-camacari-na-rms-e-no-oeste-baiano\\\/#authorImage\",\"url\":\"https:\\\/\\\/secure.gravatar.com\\\/avatar\\\/507340682b8270222e1f208e23198b6ae7e2c6a1033ae84e99bc6bce4f82a387?s=96&d=mm&r=g\",\"width\":96,\"height\":96,\"caption\":\"Encontra Cama\\u00e7ari\"}},{\"@type\":\"WebPage\",\"@id\":\"https:\\\/\\\/www.encontracamacari.com.br\\\/sobre\\\/elinaldo-da-inicio-a-campanha-com-atos-em-camacari-na-rms-e-no-oeste-baiano\\\/#webpage\",\"url\":\"https:\\\/\\\/www.encontracamacari.com.br\\\/sobre\\\/elinaldo-da-inicio-a-campanha-com-atos-em-camacari-na-rms-e-no-oeste-baiano\\\/\",\"name\":\"Elinaldo d\\u00e1 in\\u00edcio \\u00e0 campanha com atos em Cama\\u00e7ari, na RMS e no Oeste baiano - Encontra Cama\\u00e7ari\",\"description\":\"Cama\\u00e7ari e a campanha de Elinaldo est\\u00e3o ganhando destaque regional.\",\"inLanguage\":\"pt-BR\",\"isPartOf\":{\"@id\":\"https:\\\/\\\/www.encontracamacari.com.br\\\/sobre\\\/#website\"},\"breadcrumb\":{\"@id\":\"https:\\\/\\\/www.encontracamacari.com.br\\\/sobre\\\/elinaldo-da-inicio-a-campanha-com-atos-em-camacari-na-rms-e-no-oeste-baiano\\\/#breadcrumblist\"},\"author\":{\"@id\":\"https:\\\/\\\/www.encontracamacari.com.br\\\/sobre\\\/author\\\/ecamacari\\\/#author\"},\"creator\":{\"@id\":\"https:\\\/\\\/www.encontracamacari.com.br\\\/sobre\\\/author\\\/ecamacari\\\/#author\"},\"image\":{\"@type\":\"ImageObject\",\"url\":\"https:\\\/\\\/www.encontracamacari.com.br\\\/sobre\\\/wp-content\\\/uploads\\\/2026\\\/08\\\/elinaldo-da-inicio-a-campanha-com-atos-em-camacari-na-rms-e-no-oeste-baiano.webp\",\"@id\":\"https:\\\/\\\/www.encontracamacari.com.br\\\/sobre\\\/elinaldo-da-inicio-a-campanha-com-atos-em-camacari-na-rms-e-no-oeste-baiano\\\/#mainImage\",\"width\":280,\"height\":280,\"caption\":\"campanha Elinaldo\"},\"primaryImageOfPage\":{\"@id\":\"https:\\\/\\\/www.encontracamacari.com.br\\\/sobre\\\/elinaldo-da-inicio-a-campanha-com-atos-em-camacari-na-rms-e-no-oeste-baiano\\\/#mainImage\"},\"datePublished\":\"2026-08-17T09:38:52+00:00\",\"dateModified\":\"2026-08-17T09:38:52+00:00\"},{\"@type\":\"WebSite\",\"@id\":\"https:\\\/\\\/www.encontracamacari.com.br\\\/sobre\\\/#website\",\"url\":\"https:\\\/\\\/www.encontracamacari.com.br\\\/sobre\\\/\",\"name\":\"Encontra Cama\\u00e7ari\",\"description\":\"Not\\u00edcias, eventos, informa\\u00e7\\u00f5es e dicas na cidade de Cama\\u00e7ari e regi\\u00e3o.\",\"inLanguage\":\"pt-BR\",\"publisher\":{\"@id\":\"https:\\\/\\\/www.encontracamacari.com.br\\\/sobre\\\/#organization\"}}]}\n\t\t<\/script>\n\t\t<!-- All in One SEO -->\n\n","aioseo_head_json":{"title":"Elinaldo d\u00e1 in\u00edcio \u00e0 campanha com atos em Cama\u00e7ari, na RMS e no Oeste baiano - Encontra Cama\u00e7ari","description":"Cama\u00e7ari e a campanha de Elinaldo est\u00e3o ganhando destaque regional.","canonical_url":"https:\/\/www.encontracamacari.com.br\/sobre\/elinaldo-da-inicio-a-campanha-com-atos-em-camacari-na-rms-e-no-oeste-baiano\/","robots":"max-image-preview:large","keywords":"","webmasterTools":{"miscellaneous":""},"schema":{"@context":"https:\/\/schema.org","@graph":[{"@type":"BlogPosting","@id":"https:\/\/www.encontracamacari.com.br\/sobre\/elinaldo-da-inicio-a-campanha-com-atos-em-camacari-na-rms-e-no-oeste-baiano\/#blogposting","name":"Elinaldo d\u00e1 in\u00edcio \u00e0 campanha com atos em Cama\u00e7ari, na RMS e no Oeste baiano - Encontra Cama\u00e7ari","headline":"Elinaldo d\u00e1 in\u00edcio \u00e0 campanha com atos em Cama\u00e7ari, na RMS e no Oeste baiano","author":{"@id":"https:\/\/www.encontracamacari.com.br\/sobre\/author\/ecamacari\/#author"},"publisher":{"@id":"https:\/\/www.encontracamacari.com.br\/sobre\/#organization"},"image":{"@type":"ImageObject","url":"https:\/\/www.encontracamacari.com.br\/sobre\/wp-content\/uploads\/2026\/08\/elinaldo-da-inicio-a-campanha-com-atos-em-camacari-na-rms-e-no-oeste-baiano.webp","width":280,"height":280,"caption":"campanha Elinaldo"},"datePublished":"2026-08-17T09:38:52+00:00","dateModified":"2026-08-17T09:38:52+00:00","inLanguage":"pt-BR","mainEntityOfPage":{"@id":"https:\/\/www.encontracamacari.com.br\/sobre\/elinaldo-da-inicio-a-campanha-com-atos-em-camacari-na-rms-e-no-oeste-baiano\/#webpage"},"isPartOf":{"@id":"https:\/\/www.encontracamacari.com.br\/sobre\/elinaldo-da-inicio-a-campanha-com-atos-em-camacari-na-rms-e-no-oeste-baiano\/#webpage"},"articleSection":"Not\u00edcias Cama\u00e7ari"},{"@type":"BreadcrumbList","@id":"https:\/\/www.encontracamacari.com.br\/sobre\/elinaldo-da-inicio-a-campanha-com-atos-em-camacari-na-rms-e-no-oeste-baiano\/#breadcrumblist","itemListElement":[{"@type":"ListItem","@id":"https:\/\/www.encontracamacari.com.br\/sobre#listItem","position":1,"name":"Home","item":"https:\/\/www.encontracamacari.com.br\/sobre","nextItem":{"@type":"ListItem","@id":"https:\/\/www.encontracamacari.com.br\/sobre\/noticias-em-camacari\/#listItem","name":"Not\u00edcias Cama\u00e7ari"}},{"@type":"ListItem","@id":"https:\/\/www.encontracamacari.com.br\/sobre\/noticias-em-camacari\/#listItem","position":2,"name":"Not\u00edcias Cama\u00e7ari","item":"https:\/\/www.encontracamacari.com.br\/sobre\/noticias-em-camacari\/","nextItem":{"@type":"ListItem","@id":"https:\/\/www.encontracamacari.com.br\/sobre\/elinaldo-da-inicio-a-campanha-com-atos-em-camacari-na-rms-e-no-oeste-baiano\/#listItem","name":"Elinaldo d\u00e1 in\u00edcio \u00e0 campanha com atos em Cama\u00e7ari, na RMS e no Oeste baiano"},"previousItem":{"@type":"ListItem","@id":"https:\/\/www.encontracamacari.com.br\/sobre#listItem","name":"Home"}},{"@type":"ListItem","@id":"https:\/\/www.encontracamacari.com.br\/sobre\/elinaldo-da-inicio-a-campanha-com-atos-em-camacari-na-rms-e-no-oeste-baiano\/#listItem","position":3,"name":"Elinaldo d\u00e1 in\u00edcio \u00e0 campanha com atos em Cama\u00e7ari, na RMS e no Oeste baiano","previousItem":{"@type":"ListItem","@id":"https:\/\/www.encontracamacari.com.br\/sobre\/noticias-em-camacari\/#listItem","name":"Not\u00edcias Cama\u00e7ari"}}]},{"@type":"Organization","@id":"https:\/\/www.encontracamacari.com.br\/sobre\/#organization","name":"Encontra Cama\u00e7ari","description":"Not\u00edcias, eventos, informa\u00e7\u00f5es e dicas na cidade de Cama\u00e7ari e regi\u00e3o.","url":"https:\/\/www.encontracamacari.com.br\/sobre\/"},{"@type":"Person","@id":"https:\/\/www.encontracamacari.com.br\/sobre\/author\/ecamacari\/#author","url":"https:\/\/www.encontracamacari.com.br\/sobre\/author\/ecamacari\/","name":"Encontra Cama\u00e7ari","image":{"@type":"ImageObject","@id":"https:\/\/www.encontracamacari.com.br\/sobre\/elinaldo-da-inicio-a-campanha-com-atos-em-camacari-na-rms-e-no-oeste-baiano\/#authorImage","url":"https:\/\/secure.gravatar.com\/avatar\/507340682b8270222e1f208e23198b6ae7e2c6a1033ae84e99bc6bce4f82a387?s=96&d=mm&r=g","width":96,"height":96,"caption":"Encontra Cama\u00e7ari"}},{"@type":"WebPage","@id":"https:\/\/www.encontracamacari.com.br\/sobre\/elinaldo-da-inicio-a-campanha-com-atos-em-camacari-na-rms-e-no-oeste-baiano\/#webpage","url":"https:\/\/www.encontracamacari.com.br\/sobre\/elinaldo-da-inicio-a-campanha-com-atos-em-camacari-na-rms-e-no-oeste-baiano\/","name":"Elinaldo d\u00e1 in\u00edcio \u00e0 campanha com atos em Cama\u00e7ari, na RMS e no Oeste baiano - Encontra Cama\u00e7ari","description":"Cama\u00e7ari e a campanha de Elinaldo est\u00e3o ganhando destaque regional.","inLanguage":"pt-BR","isPartOf":{"@id":"https:\/\/www.encontracamacari.com.br\/sobre\/#website"},"breadcrumb":{"@id":"https:\/\/www.encontracamacari.com.br\/sobre\/elinaldo-da-inicio-a-campanha-com-atos-em-camacari-na-rms-e-no-oeste-baiano\/#breadcrumblist"},"author":{"@id":"https:\/\/www.encontracamacari.com.br\/sobre\/author\/ecamacari\/#author"},"creator":{"@id":"https:\/\/www.encontracamacari.com.br\/sobre\/author\/ecamacari\/#author"},"image":{"@type":"ImageObject","url":"https:\/\/www.encontracamacari.com.br\/sobre\/wp-content\/uploads\/2026\/08\/elinaldo-da-inicio-a-campanha-com-atos-em-camacari-na-rms-e-no-oeste-baiano.webp","@id":"https:\/\/www.encontracamacari.com.br\/sobre\/elinaldo-da-inicio-a-campanha-com-atos-em-camacari-na-rms-e-no-oeste-baiano\/#mainImage","width":280,"height":280,"caption":"campanha Elinaldo"},"primaryImageOfPage":{"@id":"https:\/\/www.encontracamacari.com.br\/sobre\/elinaldo-da-inicio-a-campanha-com-atos-em-camacari-na-rms-e-no-oeste-baiano\/#mainImage"},"datePublished":"2026-08-17T09:38:52+00:00","dateModified":"2026-08-17T09:38:52+00:00"},{"@type":"WebSite","@id":"https:\/\/www.encontracamacari.com.br\/sobre\/#website","url":"https:\/\/www.encontracamacari.com.br\/sobre\/","name":"Encontra Cama\u00e7ari","description":"Not\u00edcias, eventos, informa\u00e7\u00f5es e dicas na cidade de Cama\u00e7ari e regi\u00e3o.","inLanguage":"pt-BR","publisher":{"@id":"https:\/\/www.encontracamacari.com.br\/sobre\/#organization"}}]},"og:locale":"pt_BR","og:site_name":"Encontra Cama\u00e7ari - Not\u00edcias, eventos, informa\u00e7\u00f5es e dicas na cidade de Cama\u00e7ari e regi\u00e3o.","og:type":"article","og:title":"Elinaldo d\u00e1 in\u00edcio \u00e0 campanha com atos em Cama\u00e7ari, na RMS e no Oeste baiano - Encontra Cama\u00e7ari","og:description":"Cama\u00e7ari e a campanha de Elinaldo est\u00e3o ganhando destaque regional.","og:url":"https:\/\/www.encontracamacari.com.br\/sobre\/elinaldo-da-inicio-a-campanha-com-atos-em-camacari-na-rms-e-no-oeste-baiano\/","article:published_time":"2026-08-17T09:38:52+00:00","article:modified_time":"2026-08-17T09:38:52+00:00","twitter:card":"summary_large_image","twitter:title":"Elinaldo d\u00e1 in\u00edcio \u00e0 campanha com atos em Cama\u00e7ari, na RMS e no Oeste baiano - Encontra Cama\u00e7ari","twitter:description":"Cama\u00e7ari e a campanha de Elinaldo est\u00e3o ganhando destaque regional."},"aioseo_meta_data":{"post_id":"1735","title":null,"description":null,"keywords":null,"keyphrases":null,"primary_term":null,"canonical_url":null,"og_title":null,"og_description":null,"og_object_type":"default","og_image_type":"default","og_image_url":null,"og_image_width":null,"og_image_height":null,"og_image_custom_url":null,"og_image_custom_fields":null,"og_video":null,"og_custom_url":null,"og_article_section":null,"og_article_tags":null,"twitter_use_og":false,"twitter_card":"default","twitter_image_type":"default","twitter_image_url":null,"twitter_image_custom_url":null,"twitter_image_custom_fields":null,"twitter_title":null,"twitter_description":null,"schema":{"blockGraphs":[],"customGraphs":[],"default":{"data":{"Article":[],"Course":[],"Dataset":[],"FAQPage":[],"Movie":[],"Person":[],"Product":[],"ProductReview":[],"Car":[],"Recipe":[],"Service":[],"SoftwareApplication":[],"WebPage":[]},"graphName":"BlogPosting","isEnabled":true},"graphs":[]},"schema_type":"default","schema_type_options":null,"pillar_content":false,"robots_default":true,"robots_noindex":false,"robots_noarchive":false,"robots_nosnippet":false,"robots_nofollow":false,"robots_noimageindex":false,"robots_noodp":false,"robots_notranslate":false,"robots_max_snippet":null,"robots_max_videopreview":null,"robots_max_imagepreview":"large","priority":null,"frequency":null,"local_seo":null,"limit_modified_date":false,"created":"2026-08-17 09:38:52","updated":"2026-08-17 12:06:59","focus_keyword":null,"additional_keywords":null,"truseo_locale":null,"ai":null,"breadcrumb_settings":null,"seo_analyzer_scan_date":null},"aioseo_breadcrumb":"<div class=\"aioseo-breadcrumbs\"><span class=\"aioseo-breadcrumb\">\n\t\t\t<a href=\"https:\/\/www.encontracamacari.com.br\/sobre\" title=\"Home\">Home<\/a>\n\t\t<\/span><span class=\"aioseo-breadcrumb-separator\">&raquo;<\/span><span class=\"aioseo-breadcrumb\">\n\t\t\t<a href=\"https:\/\/www.encontracamacari.com.br\/sobre\/noticias-em-camacari\/\" title=\"Not\u00edcias Cama\u00e7ari\">Not\u00edcias Cama\u00e7ari<\/a>\n\t\t<\/span><span class=\"aioseo-breadcrumb-separator\">&raquo;<\/span><span class=\"aioseo-breadcrumb\">\n\t\t\tElinaldo d\u00e1 in\u00edcio \u00e0 campanha com atos em Cama\u00e7ari, na RMS e no Oeste baiano\n\t\t<\/span><\/div>","aioseo_breadcrumb_json":[{"label":"Home","link":"https:\/\/www.encontracamacari.com.br\/sobre"},{"label":"Not\u00edcias Cama\u00e7ari","link":"https:\/\/www.encontracamacari.com.br\/sobre\/noticias-em-camacari\/"},{"label":"Elinaldo d\u00e1 in\u00edcio \u00e0 campanha com atos em Cama\u00e7ari, na RMS e no Oeste baiano","link":"https:\/\/www.encontracamacari.com.br\/sobre\/elinaldo-da-inicio-a-campanha-com-atos-em-camacari-na-rms-e-no-oeste-baiano\/"}],"_links":{"self":[{"href":"https:\/\/www.encontracamacari.com.br\/sobre\/wp-json\/wp\/v2\/posts\/1735","targetHints":{"allow":["GET"]}}],"collection":[{"href":"https:\/\/www.encontracamacari.com.br\/sobre\/wp-json\/wp\/v2\/posts"}],"about":[{"href":"https:\/\/www.encontracamacari.com.br\/sobre\/wp-json\/wp\/v2\/types\/post"}],"author":[{"embeddable":true,"href":"https:\/\/www.encontracamacari.com.br\/sobre\/wp-json\/wp\/v2\/users\/1"}],"replies":[{"embeddable":true,"href":"https:\/\/www.encontracamacari.com.br\/sobre\/wp-json\/wp\/v2\/comments?post=1735"}],"version-history":[{"count":0,"href":"https:\/\/www.encontracamacari.com.br\/sobre\/wp-json\/wp\/v2\/posts\/1735\/revisions"}],"wp:featuredmedia":[{"embeddable":true,"href":"https:\/\/www.encontracamacari.com.br\/sobre\/wp-json\/wp\/v2\/media\/1734"}],"wp:attachment":[{"href":"https:\/\/www.encontracamacari.com.br\/sobre\/wp-json\/wp\/v2\/media?parent=1735"}],"wp:term":[{"taxonomy":"category","embeddable":true,"href":"https:\/\/www.encontracamacari.com.br\/sobre\/wp-json\/wp\/v2\/categories?post=1735"},{"taxonomy":"post_tag","embeddable":true,"href":"https:\/\/www.encontracamacari.com.br\/sobre\/wp-json\/wp\/v2\/tags?post=1735"}],"curies":[{"name":"wp","href":"https:\/\/api.w.org\/{rel}","templated":true}]}}