{"id":1727,"date":"2026-08-17T00:03:11","date_gmt":"2026-08-17T00:03:11","guid":{"rendered":"https:\/\/www.encontracamacari.com.br\/sobre\/eleicoes-2026-quem-e-reni-do-social-candidata-a-deputada-federal-bahia\/"},"modified":"2026-08-17T00:03:11","modified_gmt":"2026-08-17T00:03:11","slug":"eleicoes-2026-quem-e-reni-do-social-candidata-a-deputada-federal-bahia","status":"publish","type":"post","link":"https:\/\/www.encontracamacari.com.br\/sobre\/eleicoes-2026-quem-e-reni-do-social-candidata-a-deputada-federal-bahia\/","title":{"rendered":"Elei\u00e7\u00f5es 2026: quem \u00e9 Reni Do Social, candidata a deputada federal (Bahia)"},"content":{"rendered":"<div class=\"2410bb7248a64bb1f71103797e0f239b\" data-index=\"1\" style=\"float: none; margin:0px;\">\n<ins class=\"adsbygoogle\"\r\n     style=\"display:block\"\r\n     data-ad-client=\"ca-pub-8585364105181520\"\r\n     data-ad-slot=\"8789329856\"\r\n     data-ad-format=\"auto\"\r\n     data-full-width-responsive=\"true\"><\/ins>\r\n<script>\r\n     (adsbygoogle = window.adsbygoogle || []).push({});\r\n<\/script>\n<\/div>\n<h2>Quem \u00e9 Reni Do Social?<\/h2>\n<p>Reni Do Social, cujo nome verdadeiro \u00e9 Renoildes Santos Oliveira, se apresenta como candidato a deputado federal pelo estado da Bahia. Ele carrega o n\u00famero 4415 e faz parte da coliga\u00e7\u00e3o denominada FEDERA\u00c7\u00c3O UNI\u00c3O PROGRESSISTA, que inclui os partidos UNI\u00c3O e PP. Reni \u00e9 um profissional com 50 anos de idade e se declara solteiro. Sua forma\u00e7\u00e3o acad\u00eamica \u00e9 em Administra\u00e7\u00e3o, e ele possui um diploma de ensino superior.<\/p>\n<h2>A Trajet\u00f3ria Pol\u00edtica de Reni<\/h2>\n<p>A trajet\u00f3ria de Reni no cen\u00e1rio pol\u00edtico \u00e9 marcada por sua atua\u00e7\u00e3o em favor de causas sociais, onde ele busca promover melhorias na qualidade de vida da popula\u00e7\u00e3o. Seu enfoque est\u00e1 em pol\u00edticas publicas que atendam \u00e0s necessidades dos menos favorecidos, refletindo o pr\u00f3prio apelido \u2018Do Social\u2019. Este t\u00edtulo sugere um compromisso com a\u00e7\u00f5es voltadas para a inclus\u00e3o e justi\u00e7a social, pilares da sua plataforma eleitoral.<\/p>\n<h2>Qual \u00e9 a Coliga\u00e7\u00e3o de Reni?<\/h2>\n<p>Reni Do Social integra a coliga\u00e7\u00e3o FEDERA\u00c7\u00c3O UNI\u00c3O PROGRESSISTA, que combina for\u00e7as entre o partido UNI\u00c3O e o partido PROGRESSISTAS (PP). Esta estrat\u00e9gia de unir for\u00e7as \u00e9 fundamental visando aumentar a for\u00e7a pol\u00edtica e a representatividade nas elei\u00e7\u00f5es, principalmente em um cen\u00e1rio competitivo como o das elei\u00e7\u00f5es de 2026. A coliga\u00e7\u00e3o busca unir ideais e propostas que atendam \u00e0s demandas da sociedade.<\/p>\n<p><img decoding=\"async\" src=\"https:\/\/www.encontracamacari.com.br\/sobre\/wp-content\/uploads\/2026\/08\/eleicoes-2026-quem-e-reni-do-social-candidata-a-deputada-federal-bahia.webp\" alt=\"Elei\u00e7\u00f5es 2026\" loading=\"lazy\" \/><\/p>\n<h2>Patrim\u00f4nio e Recursos de Campanha<\/h2>\n<p>O patrim\u00f4nio declarado por Reni Do Social \u00e9 de aproximadamente R$ 720.000,00. No que se refere aos recursos para a campanha, ele indicou um teto de gastos de R$ 3.176.572,53 para o primeiro turno das elei\u00e7\u00f5es. Este montante \u00e9 significativo e reflete a seriedade com que ele pretende enfrentar a disputa eleitoral, al\u00e9m de demonstrar uma estrutura financeira para levar suas propostas a um p\u00fablico mais amplo.<\/p>\n<h2>Candidatura e Situa\u00e7\u00e3o no TSE<\/h2>\n<p>Atualmente, a candidatura de Reni Do Social est\u00e1 **deferida** pelo Tribunal Superior Eleitoral (TSE), o que significa que ele est\u00e1 apto para participar do pleito. Tal condi\u00e7\u00e3o \u00e9 obrigat\u00f3ria para todos os candidatos e, ao obter a aprova\u00e7\u00e3o do TSE, Reni valida sua capacidade legal para concorrer ao cargo de deputado federal, buscando garantir uma representa\u00e7\u00e3o significativa para suas ideias e propostas.<\/p><div class=\"2410bb7248a64bb1f71103797e0f239b\" data-index=\"2\" style=\"float: none; margin:0px;\">\n<ins class=\"adsbygoogle\"\r\n     style=\"display:block; text-align:center;\"\r\n     data-ad-layout=\"in-article\"\r\n     data-ad-format=\"fluid\"\r\n     data-ad-client=\"ca-pub-8585364105181520\"\r\n     data-ad-slot=\"2899217073\"><\/ins>\r\n<script>\r\n     (adsbygoogle = window.adsbygoogle || []).push({});\r\n<\/script>\r\n\r\n<\/br><\/br>\n<\/div>\n\n<h2>Apoio Popular e Expectativas<\/h2>\n<p>Reni tem buscado apoio popular atrav\u00e9s de uma s\u00e9rie de a\u00e7\u00f5es de proximidade com a popula\u00e7\u00e3o, onde ele ouviu as demandas e expectativas da comunidade, o que se torna fundamental para qualquer candidatura de sucesso. Ele pretende fomentar discuss\u00f5es sobre os temas que mais preocupam os cidad\u00e3os, e sua campanha tem como um dos objetivos principais o engajamento de todos em um debate construtivo. A expectativa \u00e9 que sua popularidade cres\u00e7a \u00e0 medida que mais eleitores conhe\u00e7am suas propostas e compromissos sociais.<\/p>\n<h2>Principais Propostas de Reni<\/h2>\n<p>As propostas de Reni Do Social incluem:<\/p>\n<ul>\n<li><strong>Desenvolvimento Social:<\/strong> Enfatiza a import\u00e2ncia de pol\u00edticas voltadas para a inclus\u00e3o social e combate \u00e0 pobreza.<\/li>\n<li><strong>Educa\u00e7\u00e3o:<\/strong> Foco na melhoria da acessibilidade e qualidade da educa\u00e7\u00e3o nos n\u00edveis fundamentais e superiores.<\/li>\n<li><strong>Sa\u00fade:<\/strong> Propostas voltadas para a amplia\u00e7\u00e3o do acesso a servi\u00e7os de sa\u00fade e melhorias nas condi\u00e7\u00f5es dos hospitais p\u00fablicos.<\/li>\n<li><strong>Emprego:<\/strong> Incentivo a programas de gera\u00e7\u00e3o de emprego e qualifica\u00e7\u00e3o profissional para jovens e adultos.<\/li>\n<li><strong>Sustentabilidade:<\/strong> Apoio a iniciativas de desenvolvimento ambiental sustent\u00e1vel e preserva\u00e7\u00e3o dos recursos naturais.<\/li>\n<\/ul>\n<h2>Desafios na Elei\u00e7\u00e3o<\/h2>\n<p>Apesar de apresentar uma plataforma s\u00f3lida, Reni enfrenta desafios significativos nesta elei\u00e7\u00e3o. A concorr\u00eancia com outros candidatos, a necessidade de recursos financeiros para a campanha e a capacidade de mobilizar apoio popular s\u00e3o fatores que podem influenciar seu desempenho eleitoral. Al\u00e9m disso, a desinforma\u00e7\u00e3o e a polariza\u00e7\u00e3o pol\u00edtica s\u00e3o obst\u00e1culos frequentes que atrapalham qualquer candidato em uma elei\u00e7\u00e3o contempor\u00e2nea.<\/p>\n<h2>O Impacto das Elei\u00e7\u00f5es de 2026<\/h2>\n<p>As elei\u00e7\u00f5es de 2026 s\u00e3o vistas como um marco n\u00e3o apenas para estado da Bahia, mas para o Brasil como um todo. As decis\u00f5es tomadas agora podem moldar a pol\u00edtica futura do pa\u00eds e impactar profundamente as vidas de milh\u00f5es de cidad\u00e3os. Reni Do Social, assim como outros candidatos, ter\u00e1 um papel crucial no debate sobre o futuro pol\u00edtico e social, especialmente em tempos de profundas transforma\u00e7\u00f5es e buscando um governo mais respons\u00e1vel e mais pr\u00f3ximo do povo.<\/p>\n<h2>Como Acompanhar a Campanha de Reni<\/h2>\n<p>Para aqueles interessados em acompanhar de perto a candidatura de Reni Do Social, \u00e9 recomend\u00e1vel seguir suas plataformas de comunica\u00e7\u00e3o, que incluem redes sociais, site oficial e eventos de campanha. Por meio dessas fontes, os eleitores podem obter informa\u00e7\u00f5es atualizadas sobre propostas, a\u00e7\u00f5es de campanha e eventos em que Reni estar\u00e1 presente, assim como interagir e enviar suas demandas diretamente ao candidato.<\/p>\n<div class=\"2410bb7248a64bb1f71103797e0f239b\" data-index=\"3\" style=\"float: none; margin:0px;\">\n<\/br><\/br>\r\n\r\n<ins class=\"adsbygoogle\"\r\n     style=\"display:block\"\r\n     data-ad-format=\"fluid\"\r\n     data-ad-layout-key=\"-63+do+n-1s+9e\"\r\n     data-ad-client=\"ca-pub-8585364105181520\"\r\n     data-ad-slot=\"6838462089\"><\/ins>\r\n<script>\r\n     (adsbygoogle = window.adsbygoogle || []).push({});\r\n<\/script>\n<\/div>\n\n<div style=\"font-size: 0px; height: 0px; line-height: 0px; margin: 0; padding: 0; clear: both;\"><\/div>","protected":false},"excerpt":{"rendered":"<p>Reni Do Social \u00e9 uma candidata a deputada federal nas elei\u00e7\u00f5es de 2026 na Bahia.<\/p>\n","protected":false},"author":1,"featured_media":1726,"comment_status":"open","ping_status":"closed","sticky":false,"template":"","format":"standard","meta":{"footnotes":""},"categories":[1],"tags":[],"class_list":["post-1727","post","type-post","status-publish","format-standard","has-post-thumbnail","hentry","category-noticias-em-camacari","has_thumb"],"aioseo_notices":[],"aioseo_head":"\n\t\t<!-- All in One SEO 5.0.0.1 - aioseo.com -->\n\t<meta name=\"description\" content=\"Reni Do Social \u00e9 uma candidata a deputada federal nas elei\u00e7\u00f5es de 2026 na Bahia.\" \/>\n\t<meta name=\"robots\" content=\"max-image-preview:large\" \/>\n\t<meta name=\"author\" content=\"Encontra Cama\u00e7ari\"\/>\n\t<link rel=\"canonical\" href=\"https:\/\/www.encontracamacari.com.br\/sobre\/eleicoes-2026-quem-e-reni-do-social-candidata-a-deputada-federal-bahia\/\" \/>\n\t<meta name=\"generator\" content=\"All in One SEO (AIOSEO) 5.0.0.1\" \/>\n\t\t<meta property=\"og:locale\" content=\"pt_BR\" \/>\n\t\t<meta property=\"og:site_name\" content=\"Encontra Cama\u00e7ari - Not\u00edcias, eventos, informa\u00e7\u00f5es e dicas na cidade de Cama\u00e7ari e regi\u00e3o.\" \/>\n\t\t<meta property=\"og:type\" content=\"article\" \/>\n\t\t<meta property=\"og:title\" content=\"Elei\u00e7\u00f5es 2026: quem \u00e9 Reni Do Social, candidata a deputada federal (Bahia) - Encontra Cama\u00e7ari\" \/>\n\t\t<meta property=\"og:description\" content=\"Reni Do Social \u00e9 uma candidata a deputada federal nas elei\u00e7\u00f5es de 2026 na Bahia.\" \/>\n\t\t<meta property=\"og:url\" content=\"https:\/\/www.encontracamacari.com.br\/sobre\/eleicoes-2026-quem-e-reni-do-social-candidata-a-deputada-federal-bahia\/\" \/>\n\t\t<meta property=\"article:published_time\" content=\"2026-08-17T00:03:11+00:00\" \/>\n\t\t<meta property=\"article:modified_time\" content=\"2026-08-17T00:03:11+00:00\" \/>\n\t\t<meta name=\"twitter:card\" content=\"summary_large_image\" \/>\n\t\t<meta name=\"twitter:title\" content=\"Elei\u00e7\u00f5es 2026: quem \u00e9 Reni Do Social, candidata a deputada federal (Bahia) - Encontra Cama\u00e7ari\" \/>\n\t\t<meta name=\"twitter:description\" content=\"Reni Do Social \u00e9 uma candidata a deputada federal nas elei\u00e7\u00f5es de 2026 na Bahia.\" \/>\n\t\t<script type=\"application\/ld+json\" class=\"aioseo-schema\">\n\t\t\t{\"@context\":\"https:\\\/\\\/schema.org\",\"@graph\":[{\"@type\":\"BlogPosting\",\"@id\":\"https:\\\/\\\/www.encontracamacari.com.br\\\/sobre\\\/eleicoes-2026-quem-e-reni-do-social-candidata-a-deputada-federal-bahia\\\/#blogposting\",\"name\":\"Elei\\u00e7\\u00f5es 2026: quem \\u00e9 Reni Do Social, candidata a deputada federal (Bahia) - Encontra Cama\\u00e7ari\",\"headline\":\"Elei\\u00e7\\u00f5es 2026: quem \\u00e9 Reni Do Social, candidata a deputada federal (Bahia)\",\"author\":{\"@id\":\"https:\\\/\\\/www.encontracamacari.com.br\\\/sobre\\\/author\\\/ecamacari\\\/#author\"},\"publisher\":{\"@id\":\"https:\\\/\\\/www.encontracamacari.com.br\\\/sobre\\\/#organization\"},\"image\":{\"@type\":\"ImageObject\",\"url\":\"https:\\\/\\\/www.encontracamacari.com.br\\\/sobre\\\/wp-content\\\/uploads\\\/2026\\\/08\\\/eleicoes-2026-quem-e-reni-do-social-candidata-a-deputada-federal-bahia.webp\",\"width\":280,\"height\":280,\"caption\":\"Elei\\u00e7\\u00f5es 2026\"},\"datePublished\":\"2026-08-17T00:03:11+00:00\",\"dateModified\":\"2026-08-17T00:03:11+00:00\",\"inLanguage\":\"pt-BR\",\"mainEntityOfPage\":{\"@id\":\"https:\\\/\\\/www.encontracamacari.com.br\\\/sobre\\\/eleicoes-2026-quem-e-reni-do-social-candidata-a-deputada-federal-bahia\\\/#webpage\"},\"isPartOf\":{\"@id\":\"https:\\\/\\\/www.encontracamacari.com.br\\\/sobre\\\/eleicoes-2026-quem-e-reni-do-social-candidata-a-deputada-federal-bahia\\\/#webpage\"},\"articleSection\":\"Not\\u00edcias Cama\\u00e7ari\"},{\"@type\":\"BreadcrumbList\",\"@id\":\"https:\\\/\\\/www.encontracamacari.com.br\\\/sobre\\\/eleicoes-2026-quem-e-reni-do-social-candidata-a-deputada-federal-bahia\\\/#breadcrumblist\",\"itemListElement\":[{\"@type\":\"ListItem\",\"@id\":\"https:\\\/\\\/www.encontracamacari.com.br\\\/sobre#listItem\",\"position\":1,\"name\":\"Home\",\"item\":\"https:\\\/\\\/www.encontracamacari.com.br\\\/sobre\",\"nextItem\":{\"@type\":\"ListItem\",\"@id\":\"https:\\\/\\\/www.encontracamacari.com.br\\\/sobre\\\/noticias-em-camacari\\\/#listItem\",\"name\":\"Not\\u00edcias Cama\\u00e7ari\"}},{\"@type\":\"ListItem\",\"@id\":\"https:\\\/\\\/www.encontracamacari.com.br\\\/sobre\\\/noticias-em-camacari\\\/#listItem\",\"position\":2,\"name\":\"Not\\u00edcias Cama\\u00e7ari\",\"item\":\"https:\\\/\\\/www.encontracamacari.com.br\\\/sobre\\\/noticias-em-camacari\\\/\",\"nextItem\":{\"@type\":\"ListItem\",\"@id\":\"https:\\\/\\\/www.encontracamacari.com.br\\\/sobre\\\/eleicoes-2026-quem-e-reni-do-social-candidata-a-deputada-federal-bahia\\\/#listItem\",\"name\":\"Elei\\u00e7\\u00f5es 2026: quem \\u00e9 Reni Do Social, candidata a deputada federal (Bahia)\"},\"previousItem\":{\"@type\":\"ListItem\",\"@id\":\"https:\\\/\\\/www.encontracamacari.com.br\\\/sobre#listItem\",\"name\":\"Home\"}},{\"@type\":\"ListItem\",\"@id\":\"https:\\\/\\\/www.encontracamacari.com.br\\\/sobre\\\/eleicoes-2026-quem-e-reni-do-social-candidata-a-deputada-federal-bahia\\\/#listItem\",\"position\":3,\"name\":\"Elei\\u00e7\\u00f5es 2026: quem \\u00e9 Reni Do Social, candidata a deputada federal (Bahia)\",\"previousItem\":{\"@type\":\"ListItem\",\"@id\":\"https:\\\/\\\/www.encontracamacari.com.br\\\/sobre\\\/noticias-em-camacari\\\/#listItem\",\"name\":\"Not\\u00edcias Cama\\u00e7ari\"}}]},{\"@type\":\"Organization\",\"@id\":\"https:\\\/\\\/www.encontracamacari.com.br\\\/sobre\\\/#organization\",\"name\":\"Encontra Cama\\u00e7ari\",\"description\":\"Not\\u00edcias, eventos, informa\\u00e7\\u00f5es e dicas na cidade de Cama\\u00e7ari e regi\\u00e3o.\",\"url\":\"https:\\\/\\\/www.encontracamacari.com.br\\\/sobre\\\/\"},{\"@type\":\"Person\",\"@id\":\"https:\\\/\\\/www.encontracamacari.com.br\\\/sobre\\\/author\\\/ecamacari\\\/#author\",\"url\":\"https:\\\/\\\/www.encontracamacari.com.br\\\/sobre\\\/author\\\/ecamacari\\\/\",\"name\":\"Encontra Cama\\u00e7ari\",\"image\":{\"@type\":\"ImageObject\",\"@id\":\"https:\\\/\\\/www.encontracamacari.com.br\\\/sobre\\\/eleicoes-2026-quem-e-reni-do-social-candidata-a-deputada-federal-bahia\\\/#authorImage\",\"url\":\"https:\\\/\\\/secure.gravatar.com\\\/avatar\\\/507340682b8270222e1f208e23198b6ae7e2c6a1033ae84e99bc6bce4f82a387?s=96&d=mm&r=g\",\"width\":96,\"height\":96,\"caption\":\"Encontra Cama\\u00e7ari\"}},{\"@type\":\"WebPage\",\"@id\":\"https:\\\/\\\/www.encontracamacari.com.br\\\/sobre\\\/eleicoes-2026-quem-e-reni-do-social-candidata-a-deputada-federal-bahia\\\/#webpage\",\"url\":\"https:\\\/\\\/www.encontracamacari.com.br\\\/sobre\\\/eleicoes-2026-quem-e-reni-do-social-candidata-a-deputada-federal-bahia\\\/\",\"name\":\"Elei\\u00e7\\u00f5es 2026: quem \\u00e9 Reni Do Social, candidata a deputada federal (Bahia) - Encontra Cama\\u00e7ari\",\"description\":\"Reni Do Social \\u00e9 uma candidata a deputada federal nas elei\\u00e7\\u00f5es de 2026 na Bahia.\",\"inLanguage\":\"pt-BR\",\"isPartOf\":{\"@id\":\"https:\\\/\\\/www.encontracamacari.com.br\\\/sobre\\\/#website\"},\"breadcrumb\":{\"@id\":\"https:\\\/\\\/www.encontracamacari.com.br\\\/sobre\\\/eleicoes-2026-quem-e-reni-do-social-candidata-a-deputada-federal-bahia\\\/#breadcrumblist\"},\"author\":{\"@id\":\"https:\\\/\\\/www.encontracamacari.com.br\\\/sobre\\\/author\\\/ecamacari\\\/#author\"},\"creator\":{\"@id\":\"https:\\\/\\\/www.encontracamacari.com.br\\\/sobre\\\/author\\\/ecamacari\\\/#author\"},\"image\":{\"@type\":\"ImageObject\",\"url\":\"https:\\\/\\\/www.encontracamacari.com.br\\\/sobre\\\/wp-content\\\/uploads\\\/2026\\\/08\\\/eleicoes-2026-quem-e-reni-do-social-candidata-a-deputada-federal-bahia.webp\",\"@id\":\"https:\\\/\\\/www.encontracamacari.com.br\\\/sobre\\\/eleicoes-2026-quem-e-reni-do-social-candidata-a-deputada-federal-bahia\\\/#mainImage\",\"width\":280,\"height\":280,\"caption\":\"Elei\\u00e7\\u00f5es 2026\"},\"primaryImageOfPage\":{\"@id\":\"https:\\\/\\\/www.encontracamacari.com.br\\\/sobre\\\/eleicoes-2026-quem-e-reni-do-social-candidata-a-deputada-federal-bahia\\\/#mainImage\"},\"datePublished\":\"2026-08-17T00:03:11+00:00\",\"dateModified\":\"2026-08-17T00:03:11+00:00\"},{\"@type\":\"WebSite\",\"@id\":\"https:\\\/\\\/www.encontracamacari.com.br\\\/sobre\\\/#website\",\"url\":\"https:\\\/\\\/www.encontracamacari.com.br\\\/sobre\\\/\",\"name\":\"Encontra Cama\\u00e7ari\",\"description\":\"Not\\u00edcias, eventos, informa\\u00e7\\u00f5es e dicas na cidade de Cama\\u00e7ari e regi\\u00e3o.\",\"inLanguage\":\"pt-BR\",\"publisher\":{\"@id\":\"https:\\\/\\\/www.encontracamacari.com.br\\\/sobre\\\/#organization\"}}]}\n\t\t<\/script>\n\t\t<!-- All in One SEO -->\n\n","aioseo_head_json":{"title":"Elei\u00e7\u00f5es 2026: quem \u00e9 Reni Do Social, candidata a deputada federal (Bahia) - Encontra Cama\u00e7ari","description":"Reni Do Social \u00e9 uma candidata a deputada federal nas elei\u00e7\u00f5es de 2026 na Bahia.","canonical_url":"https:\/\/www.encontracamacari.com.br\/sobre\/eleicoes-2026-quem-e-reni-do-social-candidata-a-deputada-federal-bahia\/","robots":"max-image-preview:large","keywords":"","webmasterTools":{"miscellaneous":""},"schema":{"@context":"https:\/\/schema.org","@graph":[{"@type":"BlogPosting","@id":"https:\/\/www.encontracamacari.com.br\/sobre\/eleicoes-2026-quem-e-reni-do-social-candidata-a-deputada-federal-bahia\/#blogposting","name":"Elei\u00e7\u00f5es 2026: quem \u00e9 Reni Do Social, candidata a deputada federal (Bahia) - Encontra Cama\u00e7ari","headline":"Elei\u00e7\u00f5es 2026: quem \u00e9 Reni Do Social, candidata a deputada federal (Bahia)","author":{"@id":"https:\/\/www.encontracamacari.com.br\/sobre\/author\/ecamacari\/#author"},"publisher":{"@id":"https:\/\/www.encontracamacari.com.br\/sobre\/#organization"},"image":{"@type":"ImageObject","url":"https:\/\/www.encontracamacari.com.br\/sobre\/wp-content\/uploads\/2026\/08\/eleicoes-2026-quem-e-reni-do-social-candidata-a-deputada-federal-bahia.webp","width":280,"height":280,"caption":"Elei\u00e7\u00f5es 2026"},"datePublished":"2026-08-17T00:03:11+00:00","dateModified":"2026-08-17T00:03:11+00:00","inLanguage":"pt-BR","mainEntityOfPage":{"@id":"https:\/\/www.encontracamacari.com.br\/sobre\/eleicoes-2026-quem-e-reni-do-social-candidata-a-deputada-federal-bahia\/#webpage"},"isPartOf":{"@id":"https:\/\/www.encontracamacari.com.br\/sobre\/eleicoes-2026-quem-e-reni-do-social-candidata-a-deputada-federal-bahia\/#webpage"},"articleSection":"Not\u00edcias Cama\u00e7ari"},{"@type":"BreadcrumbList","@id":"https:\/\/www.encontracamacari.com.br\/sobre\/eleicoes-2026-quem-e-reni-do-social-candidata-a-deputada-federal-bahia\/#breadcrumblist","itemListElement":[{"@type":"ListItem","@id":"https:\/\/www.encontracamacari.com.br\/sobre#listItem","position":1,"name":"Home","item":"https:\/\/www.encontracamacari.com.br\/sobre","nextItem":{"@type":"ListItem","@id":"https:\/\/www.encontracamacari.com.br\/sobre\/noticias-em-camacari\/#listItem","name":"Not\u00edcias Cama\u00e7ari"}},{"@type":"ListItem","@id":"https:\/\/www.encontracamacari.com.br\/sobre\/noticias-em-camacari\/#listItem","position":2,"name":"Not\u00edcias Cama\u00e7ari","item":"https:\/\/www.encontracamacari.com.br\/sobre\/noticias-em-camacari\/","nextItem":{"@type":"ListItem","@id":"https:\/\/www.encontracamacari.com.br\/sobre\/eleicoes-2026-quem-e-reni-do-social-candidata-a-deputada-federal-bahia\/#listItem","name":"Elei\u00e7\u00f5es 2026: quem \u00e9 Reni Do Social, candidata a deputada federal (Bahia)"},"previousItem":{"@type":"ListItem","@id":"https:\/\/www.encontracamacari.com.br\/sobre#listItem","name":"Home"}},{"@type":"ListItem","@id":"https:\/\/www.encontracamacari.com.br\/sobre\/eleicoes-2026-quem-e-reni-do-social-candidata-a-deputada-federal-bahia\/#listItem","position":3,"name":"Elei\u00e7\u00f5es 2026: quem \u00e9 Reni Do Social, candidata a deputada federal (Bahia)","previousItem":{"@type":"ListItem","@id":"https:\/\/www.encontracamacari.com.br\/sobre\/noticias-em-camacari\/#listItem","name":"Not\u00edcias Cama\u00e7ari"}}]},{"@type":"Organization","@id":"https:\/\/www.encontracamacari.com.br\/sobre\/#organization","name":"Encontra Cama\u00e7ari","description":"Not\u00edcias, eventos, informa\u00e7\u00f5es e dicas na cidade de Cama\u00e7ari e regi\u00e3o.","url":"https:\/\/www.encontracamacari.com.br\/sobre\/"},{"@type":"Person","@id":"https:\/\/www.encontracamacari.com.br\/sobre\/author\/ecamacari\/#author","url":"https:\/\/www.encontracamacari.com.br\/sobre\/author\/ecamacari\/","name":"Encontra Cama\u00e7ari","image":{"@type":"ImageObject","@id":"https:\/\/www.encontracamacari.com.br\/sobre\/eleicoes-2026-quem-e-reni-do-social-candidata-a-deputada-federal-bahia\/#authorImage","url":"https:\/\/secure.gravatar.com\/avatar\/507340682b8270222e1f208e23198b6ae7e2c6a1033ae84e99bc6bce4f82a387?s=96&d=mm&r=g","width":96,"height":96,"caption":"Encontra Cama\u00e7ari"}},{"@type":"WebPage","@id":"https:\/\/www.encontracamacari.com.br\/sobre\/eleicoes-2026-quem-e-reni-do-social-candidata-a-deputada-federal-bahia\/#webpage","url":"https:\/\/www.encontracamacari.com.br\/sobre\/eleicoes-2026-quem-e-reni-do-social-candidata-a-deputada-federal-bahia\/","name":"Elei\u00e7\u00f5es 2026: quem \u00e9 Reni Do Social, candidata a deputada federal (Bahia) - Encontra Cama\u00e7ari","description":"Reni Do Social \u00e9 uma candidata a deputada federal nas elei\u00e7\u00f5es de 2026 na Bahia.","inLanguage":"pt-BR","isPartOf":{"@id":"https:\/\/www.encontracamacari.com.br\/sobre\/#website"},"breadcrumb":{"@id":"https:\/\/www.encontracamacari.com.br\/sobre\/eleicoes-2026-quem-e-reni-do-social-candidata-a-deputada-federal-bahia\/#breadcrumblist"},"author":{"@id":"https:\/\/www.encontracamacari.com.br\/sobre\/author\/ecamacari\/#author"},"creator":{"@id":"https:\/\/www.encontracamacari.com.br\/sobre\/author\/ecamacari\/#author"},"image":{"@type":"ImageObject","url":"https:\/\/www.encontracamacari.com.br\/sobre\/wp-content\/uploads\/2026\/08\/eleicoes-2026-quem-e-reni-do-social-candidata-a-deputada-federal-bahia.webp","@id":"https:\/\/www.encontracamacari.com.br\/sobre\/eleicoes-2026-quem-e-reni-do-social-candidata-a-deputada-federal-bahia\/#mainImage","width":280,"height":280,"caption":"Elei\u00e7\u00f5es 2026"},"primaryImageOfPage":{"@id":"https:\/\/www.encontracamacari.com.br\/sobre\/eleicoes-2026-quem-e-reni-do-social-candidata-a-deputada-federal-bahia\/#mainImage"},"datePublished":"2026-08-17T00:03:11+00:00","dateModified":"2026-08-17T00:03:11+00:00"},{"@type":"WebSite","@id":"https:\/\/www.encontracamacari.com.br\/sobre\/#website","url":"https:\/\/www.encontracamacari.com.br\/sobre\/","name":"Encontra Cama\u00e7ari","description":"Not\u00edcias, eventos, informa\u00e7\u00f5es e dicas na cidade de Cama\u00e7ari e regi\u00e3o.","inLanguage":"pt-BR","publisher":{"@id":"https:\/\/www.encontracamacari.com.br\/sobre\/#organization"}}]},"og:locale":"pt_BR","og:site_name":"Encontra Cama\u00e7ari - Not\u00edcias, eventos, informa\u00e7\u00f5es e dicas na cidade de Cama\u00e7ari e regi\u00e3o.","og:type":"article","og:title":"Elei\u00e7\u00f5es 2026: quem \u00e9 Reni Do Social, candidata a deputada federal (Bahia) - Encontra Cama\u00e7ari","og:description":"Reni Do Social \u00e9 uma candidata a deputada federal nas elei\u00e7\u00f5es de 2026 na Bahia.","og:url":"https:\/\/www.encontracamacari.com.br\/sobre\/eleicoes-2026-quem-e-reni-do-social-candidata-a-deputada-federal-bahia\/","article:published_time":"2026-08-17T00:03:11+00:00","article:modified_time":"2026-08-17T00:03:11+00:00","twitter:card":"summary_large_image","twitter:title":"Elei\u00e7\u00f5es 2026: quem \u00e9 Reni Do Social, candidata a deputada federal (Bahia) - Encontra Cama\u00e7ari","twitter:description":"Reni Do Social \u00e9 uma candidata a deputada federal nas elei\u00e7\u00f5es de 2026 na Bahia."},"aioseo_meta_data":{"post_id":"1727","title":null,"description":null,"keywords":null,"keyphrases":null,"primary_term":null,"canonical_url":null,"og_title":null,"og_description":null,"og_object_type":"default","og_image_type":"default","og_image_url":null,"og_image_width":null,"og_image_height":null,"og_image_custom_url":null,"og_image_custom_fields":null,"og_video":null,"og_custom_url":null,"og_article_section":null,"og_article_tags":null,"twitter_use_og":false,"twitter_card":"default","twitter_image_type":"default","twitter_image_url":null,"twitter_image_custom_url":null,"twitter_image_custom_fields":null,"twitter_title":null,"twitter_description":null,"schema":{"blockGraphs":[],"customGraphs":[],"default":{"data":{"Article":[],"Course":[],"Dataset":[],"FAQPage":[],"Movie":[],"Person":[],"Product":[],"ProductReview":[],"Car":[],"Recipe":[],"Service":[],"SoftwareApplication":[],"WebPage":[]},"graphName":"BlogPosting","isEnabled":true},"graphs":[]},"schema_type":"default","schema_type_options":null,"pillar_content":false,"robots_default":true,"robots_noindex":false,"robots_noarchive":false,"robots_nosnippet":false,"robots_nofollow":false,"robots_noimageindex":false,"robots_noodp":false,"robots_notranslate":false,"robots_max_snippet":null,"robots_max_videopreview":null,"robots_max_imagepreview":"large","priority":null,"frequency":null,"local_seo":null,"limit_modified_date":false,"created":"2026-08-17 00:03:11","updated":"2026-08-17 01:00:42","focus_keyword":null,"additional_keywords":null,"truseo_locale":null,"ai":null,"breadcrumb_settings":null,"seo_analyzer_scan_date":null},"aioseo_breadcrumb":"<div class=\"aioseo-breadcrumbs\"><span class=\"aioseo-breadcrumb\">\n\t\t\t<a href=\"https:\/\/www.encontracamacari.com.br\/sobre\" title=\"Home\">Home<\/a>\n\t\t<\/span><span class=\"aioseo-breadcrumb-separator\">&raquo;<\/span><span class=\"aioseo-breadcrumb\">\n\t\t\t<a href=\"https:\/\/www.encontracamacari.com.br\/sobre\/noticias-em-camacari\/\" title=\"Not\u00edcias Cama\u00e7ari\">Not\u00edcias Cama\u00e7ari<\/a>\n\t\t<\/span><span class=\"aioseo-breadcrumb-separator\">&raquo;<\/span><span class=\"aioseo-breadcrumb\">\n\t\t\tElei\u00e7\u00f5es 2026: quem \u00e9 Reni Do Social, candidata a deputada federal (Bahia)\n\t\t<\/span><\/div>","aioseo_breadcrumb_json":[{"label":"Home","link":"https:\/\/www.encontracamacari.com.br\/sobre"},{"label":"Not\u00edcias Cama\u00e7ari","link":"https:\/\/www.encontracamacari.com.br\/sobre\/noticias-em-camacari\/"},{"label":"Elei\u00e7\u00f5es 2026: quem \u00e9 Reni Do Social, candidata a deputada federal (Bahia)","link":"https:\/\/www.encontracamacari.com.br\/sobre\/eleicoes-2026-quem-e-reni-do-social-candidata-a-deputada-federal-bahia\/"}],"_links":{"self":[{"href":"https:\/\/www.encontracamacari.com.br\/sobre\/wp-json\/wp\/v2\/posts\/1727","targetHints":{"allow":["GET"]}}],"collection":[{"href":"https:\/\/www.encontracamacari.com.br\/sobre\/wp-json\/wp\/v2\/posts"}],"about":[{"href":"https:\/\/www.encontracamacari.com.br\/sobre\/wp-json\/wp\/v2\/types\/post"}],"author":[{"embeddable":true,"href":"https:\/\/www.encontracamacari.com.br\/sobre\/wp-json\/wp\/v2\/users\/1"}],"replies":[{"embeddable":true,"href":"https:\/\/www.encontracamacari.com.br\/sobre\/wp-json\/wp\/v2\/comments?post=1727"}],"version-history":[{"count":0,"href":"https:\/\/www.encontracamacari.com.br\/sobre\/wp-json\/wp\/v2\/posts\/1727\/revisions"}],"wp:featuredmedia":[{"embeddable":true,"href":"https:\/\/www.encontracamacari.com.br\/sobre\/wp-json\/wp\/v2\/media\/1726"}],"wp:attachment":[{"href":"https:\/\/www.encontracamacari.com.br\/sobre\/wp-json\/wp\/v2\/media?parent=1727"}],"wp:term":[{"taxonomy":"category","embeddable":true,"href":"https:\/\/www.encontracamacari.com.br\/sobre\/wp-json\/wp\/v2\/categories?post=1727"},{"taxonomy":"post_tag","embeddable":true,"href":"https:\/\/www.encontracamacari.com.br\/sobre\/wp-json\/wp\/v2\/tags?post=1727"}],"curies":[{"name":"wp","href":"https:\/\/api.w.org\/{rel}","templated":true}]}}