{"id":1689,"date":"2026-08-13T00:31:08","date_gmt":"2026-08-13T00:31:08","guid":{"rendered":"https:\/\/www.encontracamacari.com.br\/sobre\/agenda-bahia-polo-de-camacari-representa-22-do-pib-da-industria-de-transformacao\/"},"modified":"2026-08-13T00:31:08","modified_gmt":"2026-08-13T00:31:08","slug":"agenda-bahia-polo-de-camacari-representa-22-do-pib-da-industria-de-transformacao","status":"publish","type":"post","link":"https:\/\/www.encontracamacari.com.br\/sobre\/agenda-bahia-polo-de-camacari-representa-22-do-pib-da-industria-de-transformacao\/","title":{"rendered":"Agenda Bahia: Polo de Cama\u00e7ari representa 22% do PIB da ind\u00fastria de transforma\u00e7\u00e3o"},"content":{"rendered":"<div class=\"2410bb7248a64bb1f71103797e0f239b\" data-index=\"1\" style=\"float: none; margin:0px;\">\n<ins class=\"adsbygoogle\"\r\n     style=\"display:block\"\r\n     data-ad-client=\"ca-pub-8585364105181520\"\r\n     data-ad-slot=\"8789329856\"\r\n     data-ad-format=\"auto\"\r\n     data-full-width-responsive=\"true\"><\/ins>\r\n<script>\r\n     (adsbygoogle = window.adsbygoogle || []).push({});\r\n<\/script>\n<\/div>\n<h2>O que \u00e9 o Polo Industrial de Cama\u00e7ari?<\/h2>\n<p>Localizado a 50 km de Salvador, na Bahia, o Polo Industrial de Cama\u00e7ari \u00e9 um dos principais complexos industriais do Brasil. Iniciando suas atividades em 29 de junho de 1978, tornou-se o primeiro complexo petroqu\u00edmico planejado do pa\u00eds. Hoje, abriga mais de 90 empresas que atuam em variados setores, como qu\u00edmicos, petroqu\u00edmicos, ind\u00fastrias de pneus, celulose, metalurgia, t\u00eaxtil, fertilizantes, entre outros.<\/p>\n<h2>A import\u00e2ncia da ind\u00fastria de transforma\u00e7\u00e3o na Bahia<\/h2>\n<p>A ind\u00fastria de transforma\u00e7\u00e3o desempenha um papel crucial na economia baiana, contribuindo significativamente para a gera\u00e7\u00e3o de empregos e a movimenta\u00e7\u00e3o do PIB estadual. O Polo de Cama\u00e7ari, especificamente, responde por aproximadamente 22% do PIB da ind\u00fastria de transforma\u00e7\u00e3o da Bahia, destacando a relev\u00e2ncia do setor na estrutura econ\u00f4mica da regi\u00e3o.<\/p>\n<h2>Dados sobre o PIB da ind\u00fastria baiana<\/h2>\n<p>Dados recentes revelam que a contribui\u00e7\u00e3o do Polo Industrial para a economia da Bahia \u00e9 substancial. Durante um evento recente chamado Agenda Bahia, ficou evidenciado que a ind\u00fastria de transforma\u00e7\u00e3o na regi\u00e3o, impulsionada por complexos como o de Cama\u00e7ari, \u00e9 um pilar do crescimento econ\u00f4mico e da inova\u00e7\u00e3o tecnol\u00f3gica.<\/p>\n<p><img decoding=\"async\" src=\"https:\/\/www.encontracamacari.com.br\/sobre\/wp-content\/uploads\/2026\/08\/agenda-bahia-polo-de-camacari-representa-22-do-pib-da-industria-de-transformacao.webp\" alt=\"Polo de Cama\u00e7ari\" loading=\"lazy\" \/><\/p>\n<h2>O papel da Braskem no Polo de Cama\u00e7ari<\/h2>\n<p>A Braskem, uma das maiores empresas do setor qu\u00edmico, possui uma presen\u00e7a significativa no Polo de Cama\u00e7ari. Com opera\u00e7\u00f5es focadas em sustentabilidade e inova\u00e7\u00e3o, a empresa se destaca pela utiliza\u00e7\u00e3o de tecnologias avan\u00e7adas, como intelig\u00eancia artificial, que s\u00e3o fundamentais para a redu\u00e7\u00e3o de falhas e otimiza\u00e7\u00e3o de processos produtivos. A Braskem est\u00e1 comprometida em colaborar para o fortalecimento da competitividade da ind\u00fastria local.<\/p>\n<h2>Como a intelig\u00eancia artificial est\u00e1 mudando a ind\u00fastria<\/h2>\n<p>A aplica\u00e7\u00e3o de intelig\u00eancia artificial (IA) na ind\u00fastria tem revolucionado a forma como as opera\u00e7\u00f5es s\u00e3o conduzidas. No Polo de Cama\u00e7ari, a IA \u00e9 usada para prever falhas e reduzir custos, tornando os processos mais eficientes. Essa transforma\u00e7\u00e3o tecnol\u00f3gica possibilita uma tomada de decis\u00e3o mais precisa e a implementa\u00e7\u00e3o de pr\u00e1ticas industriais mais sustent\u00e1veis, alinhadas \u00e0s exig\u00eancias do mercado atual.<\/p><div class=\"2410bb7248a64bb1f71103797e0f239b\" data-index=\"2\" style=\"float: none; margin:0px;\">\n<ins class=\"adsbygoogle\"\r\n     style=\"display:block; text-align:center;\"\r\n     data-ad-layout=\"in-article\"\r\n     data-ad-format=\"fluid\"\r\n     data-ad-client=\"ca-pub-8585364105181520\"\r\n     data-ad-slot=\"2899217073\"><\/ins>\r\n<script>\r\n     (adsbygoogle = window.adsbygoogle || []).push({});\r\n<\/script>\r\n\r\n<\/br><\/br>\n<\/div>\n\n<h2>Desafios enfrentados pela ind\u00fastria de Cama\u00e7ari<\/h2>\n<p>Apesar do avan\u00e7o tecnol\u00f3gico e do crescimento que o Polo Industrial tem demonstrado, v\u00e1rios desafios permanecem. A necessidade de investimentos cont\u00ednuos em inova\u00e7\u00e3o, a adapta\u00e7\u00e3o a novas regulamenta\u00e7\u00f5es ambientais e a concorr\u00eancia global acirrada s\u00e3o fatores que exigem resili\u00eancia e uma adapta\u00e7\u00e3o constante por parte das empresas. O esfor\u00e7o para robustecer a competitividade diante desses obst\u00e1culos \u00e9 essencial.<\/p>\n<h2>Impactos econ\u00f4micos do Polo para a comunidade local<\/h2>\n<p>O Polo Industrial de Cama\u00e7ari n\u00e3o s\u00f3 alimenta a economia do setor, mas tamb\u00e9m tem um impacto direto na comunidade local. A gera\u00e7\u00e3o de empregos e a cria\u00e7\u00e3o de cadeias produtivas ligadas \u00e0s grandes ind\u00fastrias t\u00eam contribu\u00eddo para uma transforma\u00e7\u00e3o social significativa. Com um ambiente econ\u00f4mico mais din\u00e2mico, a vida dos moradores da regi\u00e3o \u00e9 impactada positivamente, promovendo desenvolvimento e oportunidades.<\/p>\n<h2>Inova\u00e7\u00f5es tecnol\u00f3gicas e sustentabilidade<\/h2>\n<p>A busca por inova\u00e7\u00f5es sustent\u00e1veis \u00e9 um foco crucial para as ind\u00fastrias do Polo de Cama\u00e7ari. Os esfor\u00e7os s\u00e3o direcionados para a implementa\u00e7\u00e3o de tecnologias que n\u00e3o apenas aumentem a efici\u00eancia produtiva, mas que tamb\u00e9m minimizem os impactos ambientais. A sustentabilidade est\u00e1 se tornando um diferencial competitivo, com empresas investindo em processos que respeitem o meio ambiente e promovam a responsabilidade social.<\/p>\n<h2>Perspectivas futuras para o setor industrial na Bahia<\/h2>\n<p>O futuro do setor industrial na Bahia, especialmente no Polo de Cama\u00e7ari, parece promissor. Com o cont\u00ednuo avan\u00e7o tecnol\u00f3gico e a incorpora\u00e7\u00e3o de pr\u00e1ticas sustent\u00e1veis, as ind\u00fastrias est\u00e3o se preparando para atender \u00e0s exig\u00eancias do mercado global. O fortalecimento das parcerias e o incentivo \u00e0 inova\u00e7\u00e3o ser\u00e3o fundamentais para garantir que o estado permane\u00e7a competitivo.<\/p>\n<h2>O que significa competitividade na ind\u00fastria atual?<\/h2>\n<p>Competitividade na ind\u00fastria atual vai al\u00e9m da efici\u00eancia produtiva. Envolve a capacidade de adapta\u00e7\u00e3o \u00e0s mudan\u00e7as do mercado, a inova\u00e7\u00e3o constante e o compromisso com pr\u00e1ticas sustent\u00e1veis. No contexto do Polo Industrial de Cama\u00e7ari, a competitividade \u00e9 impulsionada pela colabora\u00e7\u00e3o entre empresas e institui\u00e7\u00f5es, buscando a excel\u00eancia no desenvolvimento de produtos e processos.<\/p>\n<div class=\"2410bb7248a64bb1f71103797e0f239b\" data-index=\"3\" style=\"float: none; margin:0px;\">\n<\/br><\/br>\r\n\r\n<ins class=\"adsbygoogle\"\r\n     style=\"display:block\"\r\n     data-ad-format=\"fluid\"\r\n     data-ad-layout-key=\"-63+do+n-1s+9e\"\r\n     data-ad-client=\"ca-pub-8585364105181520\"\r\n     data-ad-slot=\"6838462089\"><\/ins>\r\n<script>\r\n     (adsbygoogle = window.adsbygoogle || []).push({});\r\n<\/script>\n<\/div>\n\n<div style=\"font-size: 0px; height: 0px; line-height: 0px; margin: 0; padding: 0; clear: both;\"><\/div>","protected":false},"excerpt":{"rendered":"<p>Agenda Bahia destaca o papel de Cama\u00e7ari com 22% do PIB da ind\u00fastria de transforma\u00e7\u00e3o.<\/p>\n","protected":false},"author":1,"featured_media":1688,"comment_status":"open","ping_status":"closed","sticky":false,"template":"","format":"standard","meta":{"footnotes":""},"categories":[1],"tags":[],"class_list":["post-1689","post","type-post","status-publish","format-standard","has-post-thumbnail","hentry","category-noticias-em-camacari","has_thumb"],"aioseo_notices":[],"aioseo_head":"\n\t\t<!-- All in One SEO 5.0.0.1 - aioseo.com -->\n\t<meta name=\"description\" content=\"Agenda Bahia destaca o papel de Cama\u00e7ari com 22% do PIB da ind\u00fastria de transforma\u00e7\u00e3o.\" \/>\n\t<meta name=\"robots\" content=\"max-image-preview:large\" \/>\n\t<meta name=\"author\" content=\"Encontra Cama\u00e7ari\"\/>\n\t<link rel=\"canonical\" href=\"https:\/\/www.encontracamacari.com.br\/sobre\/agenda-bahia-polo-de-camacari-representa-22-do-pib-da-industria-de-transformacao\/\" \/>\n\t<meta name=\"generator\" content=\"All in One SEO (AIOSEO) 5.0.0.1\" \/>\n\t\t<meta property=\"og:locale\" content=\"pt_BR\" \/>\n\t\t<meta property=\"og:site_name\" content=\"Encontra Cama\u00e7ari - Not\u00edcias, eventos, informa\u00e7\u00f5es e dicas na cidade de Cama\u00e7ari e regi\u00e3o.\" \/>\n\t\t<meta property=\"og:type\" content=\"article\" \/>\n\t\t<meta property=\"og:title\" content=\"Agenda Bahia: Polo de Cama\u00e7ari representa 22% do PIB da ind\u00fastria de transforma\u00e7\u00e3o - Encontra Cama\u00e7ari\" \/>\n\t\t<meta property=\"og:description\" content=\"Agenda Bahia destaca o papel de Cama\u00e7ari com 22% do PIB da ind\u00fastria de transforma\u00e7\u00e3o.\" \/>\n\t\t<meta property=\"og:url\" content=\"https:\/\/www.encontracamacari.com.br\/sobre\/agenda-bahia-polo-de-camacari-representa-22-do-pib-da-industria-de-transformacao\/\" \/>\n\t\t<meta property=\"article:published_time\" content=\"2026-08-13T00:31:08+00:00\" \/>\n\t\t<meta property=\"article:modified_time\" content=\"2026-08-13T00:31:08+00:00\" \/>\n\t\t<meta name=\"twitter:card\" content=\"summary_large_image\" \/>\n\t\t<meta name=\"twitter:title\" content=\"Agenda Bahia: Polo de Cama\u00e7ari representa 22% do PIB da ind\u00fastria de transforma\u00e7\u00e3o - Encontra Cama\u00e7ari\" \/>\n\t\t<meta name=\"twitter:description\" content=\"Agenda Bahia destaca o papel de Cama\u00e7ari com 22% do PIB da ind\u00fastria de transforma\u00e7\u00e3o.\" \/>\n\t\t<script type=\"application\/ld+json\" class=\"aioseo-schema\">\n\t\t\t{\"@context\":\"https:\\\/\\\/schema.org\",\"@graph\":[{\"@type\":\"BlogPosting\",\"@id\":\"https:\\\/\\\/www.encontracamacari.com.br\\\/sobre\\\/agenda-bahia-polo-de-camacari-representa-22-do-pib-da-industria-de-transformacao\\\/#blogposting\",\"name\":\"Agenda Bahia: Polo de Cama\\u00e7ari representa 22% do PIB da ind\\u00fastria de transforma\\u00e7\\u00e3o - Encontra Cama\\u00e7ari\",\"headline\":\"Agenda Bahia: Polo de Cama\\u00e7ari representa 22% do PIB da ind\\u00fastria de transforma\\u00e7\\u00e3o\",\"author\":{\"@id\":\"https:\\\/\\\/www.encontracamacari.com.br\\\/sobre\\\/author\\\/ecamacari\\\/#author\"},\"publisher\":{\"@id\":\"https:\\\/\\\/www.encontracamacari.com.br\\\/sobre\\\/#organization\"},\"image\":{\"@type\":\"ImageObject\",\"url\":\"https:\\\/\\\/www.encontracamacari.com.br\\\/sobre\\\/wp-content\\\/uploads\\\/2026\\\/08\\\/agenda-bahia-polo-de-camacari-representa-22-do-pib-da-industria-de-transformacao.webp\",\"width\":280,\"height\":280,\"caption\":\"Polo de Cama\\u00e7ari\"},\"datePublished\":\"2026-08-13T00:31:08+00:00\",\"dateModified\":\"2026-08-13T00:31:08+00:00\",\"inLanguage\":\"pt-BR\",\"mainEntityOfPage\":{\"@id\":\"https:\\\/\\\/www.encontracamacari.com.br\\\/sobre\\\/agenda-bahia-polo-de-camacari-representa-22-do-pib-da-industria-de-transformacao\\\/#webpage\"},\"isPartOf\":{\"@id\":\"https:\\\/\\\/www.encontracamacari.com.br\\\/sobre\\\/agenda-bahia-polo-de-camacari-representa-22-do-pib-da-industria-de-transformacao\\\/#webpage\"},\"articleSection\":\"Not\\u00edcias Cama\\u00e7ari\"},{\"@type\":\"BreadcrumbList\",\"@id\":\"https:\\\/\\\/www.encontracamacari.com.br\\\/sobre\\\/agenda-bahia-polo-de-camacari-representa-22-do-pib-da-industria-de-transformacao\\\/#breadcrumblist\",\"itemListElement\":[{\"@type\":\"ListItem\",\"@id\":\"https:\\\/\\\/www.encontracamacari.com.br\\\/sobre#listItem\",\"position\":1,\"name\":\"Home\",\"item\":\"https:\\\/\\\/www.encontracamacari.com.br\\\/sobre\",\"nextItem\":{\"@type\":\"ListItem\",\"@id\":\"https:\\\/\\\/www.encontracamacari.com.br\\\/sobre\\\/noticias-em-camacari\\\/#listItem\",\"name\":\"Not\\u00edcias Cama\\u00e7ari\"}},{\"@type\":\"ListItem\",\"@id\":\"https:\\\/\\\/www.encontracamacari.com.br\\\/sobre\\\/noticias-em-camacari\\\/#listItem\",\"position\":2,\"name\":\"Not\\u00edcias Cama\\u00e7ari\",\"item\":\"https:\\\/\\\/www.encontracamacari.com.br\\\/sobre\\\/noticias-em-camacari\\\/\",\"nextItem\":{\"@type\":\"ListItem\",\"@id\":\"https:\\\/\\\/www.encontracamacari.com.br\\\/sobre\\\/agenda-bahia-polo-de-camacari-representa-22-do-pib-da-industria-de-transformacao\\\/#listItem\",\"name\":\"Agenda Bahia: Polo de Cama\\u00e7ari representa 22% do PIB da ind\\u00fastria de transforma\\u00e7\\u00e3o\"},\"previousItem\":{\"@type\":\"ListItem\",\"@id\":\"https:\\\/\\\/www.encontracamacari.com.br\\\/sobre#listItem\",\"name\":\"Home\"}},{\"@type\":\"ListItem\",\"@id\":\"https:\\\/\\\/www.encontracamacari.com.br\\\/sobre\\\/agenda-bahia-polo-de-camacari-representa-22-do-pib-da-industria-de-transformacao\\\/#listItem\",\"position\":3,\"name\":\"Agenda Bahia: Polo de Cama\\u00e7ari representa 22% do PIB da ind\\u00fastria de transforma\\u00e7\\u00e3o\",\"previousItem\":{\"@type\":\"ListItem\",\"@id\":\"https:\\\/\\\/www.encontracamacari.com.br\\\/sobre\\\/noticias-em-camacari\\\/#listItem\",\"name\":\"Not\\u00edcias Cama\\u00e7ari\"}}]},{\"@type\":\"Organization\",\"@id\":\"https:\\\/\\\/www.encontracamacari.com.br\\\/sobre\\\/#organization\",\"name\":\"Encontra Cama\\u00e7ari\",\"description\":\"Not\\u00edcias, eventos, informa\\u00e7\\u00f5es e dicas na cidade de Cama\\u00e7ari e regi\\u00e3o.\",\"url\":\"https:\\\/\\\/www.encontracamacari.com.br\\\/sobre\\\/\"},{\"@type\":\"Person\",\"@id\":\"https:\\\/\\\/www.encontracamacari.com.br\\\/sobre\\\/author\\\/ecamacari\\\/#author\",\"url\":\"https:\\\/\\\/www.encontracamacari.com.br\\\/sobre\\\/author\\\/ecamacari\\\/\",\"name\":\"Encontra Cama\\u00e7ari\",\"image\":{\"@type\":\"ImageObject\",\"@id\":\"https:\\\/\\\/www.encontracamacari.com.br\\\/sobre\\\/agenda-bahia-polo-de-camacari-representa-22-do-pib-da-industria-de-transformacao\\\/#authorImage\",\"url\":\"https:\\\/\\\/secure.gravatar.com\\\/avatar\\\/507340682b8270222e1f208e23198b6ae7e2c6a1033ae84e99bc6bce4f82a387?s=96&d=mm&r=g\",\"width\":96,\"height\":96,\"caption\":\"Encontra Cama\\u00e7ari\"}},{\"@type\":\"WebPage\",\"@id\":\"https:\\\/\\\/www.encontracamacari.com.br\\\/sobre\\\/agenda-bahia-polo-de-camacari-representa-22-do-pib-da-industria-de-transformacao\\\/#webpage\",\"url\":\"https:\\\/\\\/www.encontracamacari.com.br\\\/sobre\\\/agenda-bahia-polo-de-camacari-representa-22-do-pib-da-industria-de-transformacao\\\/\",\"name\":\"Agenda Bahia: Polo de Cama\\u00e7ari representa 22% do PIB da ind\\u00fastria de transforma\\u00e7\\u00e3o - Encontra Cama\\u00e7ari\",\"description\":\"Agenda Bahia destaca o papel de Cama\\u00e7ari com 22% do PIB da ind\\u00fastria de transforma\\u00e7\\u00e3o.\",\"inLanguage\":\"pt-BR\",\"isPartOf\":{\"@id\":\"https:\\\/\\\/www.encontracamacari.com.br\\\/sobre\\\/#website\"},\"breadcrumb\":{\"@id\":\"https:\\\/\\\/www.encontracamacari.com.br\\\/sobre\\\/agenda-bahia-polo-de-camacari-representa-22-do-pib-da-industria-de-transformacao\\\/#breadcrumblist\"},\"author\":{\"@id\":\"https:\\\/\\\/www.encontracamacari.com.br\\\/sobre\\\/author\\\/ecamacari\\\/#author\"},\"creator\":{\"@id\":\"https:\\\/\\\/www.encontracamacari.com.br\\\/sobre\\\/author\\\/ecamacari\\\/#author\"},\"image\":{\"@type\":\"ImageObject\",\"url\":\"https:\\\/\\\/www.encontracamacari.com.br\\\/sobre\\\/wp-content\\\/uploads\\\/2026\\\/08\\\/agenda-bahia-polo-de-camacari-representa-22-do-pib-da-industria-de-transformacao.webp\",\"@id\":\"https:\\\/\\\/www.encontracamacari.com.br\\\/sobre\\\/agenda-bahia-polo-de-camacari-representa-22-do-pib-da-industria-de-transformacao\\\/#mainImage\",\"width\":280,\"height\":280,\"caption\":\"Polo de Cama\\u00e7ari\"},\"primaryImageOfPage\":{\"@id\":\"https:\\\/\\\/www.encontracamacari.com.br\\\/sobre\\\/agenda-bahia-polo-de-camacari-representa-22-do-pib-da-industria-de-transformacao\\\/#mainImage\"},\"datePublished\":\"2026-08-13T00:31:08+00:00\",\"dateModified\":\"2026-08-13T00:31:08+00:00\"},{\"@type\":\"WebSite\",\"@id\":\"https:\\\/\\\/www.encontracamacari.com.br\\\/sobre\\\/#website\",\"url\":\"https:\\\/\\\/www.encontracamacari.com.br\\\/sobre\\\/\",\"name\":\"Encontra Cama\\u00e7ari\",\"description\":\"Not\\u00edcias, eventos, informa\\u00e7\\u00f5es e dicas na cidade de Cama\\u00e7ari e regi\\u00e3o.\",\"inLanguage\":\"pt-BR\",\"publisher\":{\"@id\":\"https:\\\/\\\/www.encontracamacari.com.br\\\/sobre\\\/#organization\"}}]}\n\t\t<\/script>\n\t\t<!-- All in One SEO -->\n\n","aioseo_head_json":{"title":"Agenda Bahia: Polo de Cama\u00e7ari representa 22% do PIB da ind\u00fastria de transforma\u00e7\u00e3o - Encontra Cama\u00e7ari","description":"Agenda Bahia destaca o papel de Cama\u00e7ari com 22% do PIB da ind\u00fastria de transforma\u00e7\u00e3o.","canonical_url":"https:\/\/www.encontracamacari.com.br\/sobre\/agenda-bahia-polo-de-camacari-representa-22-do-pib-da-industria-de-transformacao\/","robots":"max-image-preview:large","keywords":"","webmasterTools":{"miscellaneous":""},"schema":{"@context":"https:\/\/schema.org","@graph":[{"@type":"BlogPosting","@id":"https:\/\/www.encontracamacari.com.br\/sobre\/agenda-bahia-polo-de-camacari-representa-22-do-pib-da-industria-de-transformacao\/#blogposting","name":"Agenda Bahia: Polo de Cama\u00e7ari representa 22% do PIB da ind\u00fastria de transforma\u00e7\u00e3o - Encontra Cama\u00e7ari","headline":"Agenda Bahia: Polo de Cama\u00e7ari representa 22% do PIB da ind\u00fastria de transforma\u00e7\u00e3o","author":{"@id":"https:\/\/www.encontracamacari.com.br\/sobre\/author\/ecamacari\/#author"},"publisher":{"@id":"https:\/\/www.encontracamacari.com.br\/sobre\/#organization"},"image":{"@type":"ImageObject","url":"https:\/\/www.encontracamacari.com.br\/sobre\/wp-content\/uploads\/2026\/08\/agenda-bahia-polo-de-camacari-representa-22-do-pib-da-industria-de-transformacao.webp","width":280,"height":280,"caption":"Polo de Cama\u00e7ari"},"datePublished":"2026-08-13T00:31:08+00:00","dateModified":"2026-08-13T00:31:08+00:00","inLanguage":"pt-BR","mainEntityOfPage":{"@id":"https:\/\/www.encontracamacari.com.br\/sobre\/agenda-bahia-polo-de-camacari-representa-22-do-pib-da-industria-de-transformacao\/#webpage"},"isPartOf":{"@id":"https:\/\/www.encontracamacari.com.br\/sobre\/agenda-bahia-polo-de-camacari-representa-22-do-pib-da-industria-de-transformacao\/#webpage"},"articleSection":"Not\u00edcias Cama\u00e7ari"},{"@type":"BreadcrumbList","@id":"https:\/\/www.encontracamacari.com.br\/sobre\/agenda-bahia-polo-de-camacari-representa-22-do-pib-da-industria-de-transformacao\/#breadcrumblist","itemListElement":[{"@type":"ListItem","@id":"https:\/\/www.encontracamacari.com.br\/sobre#listItem","position":1,"name":"Home","item":"https:\/\/www.encontracamacari.com.br\/sobre","nextItem":{"@type":"ListItem","@id":"https:\/\/www.encontracamacari.com.br\/sobre\/noticias-em-camacari\/#listItem","name":"Not\u00edcias Cama\u00e7ari"}},{"@type":"ListItem","@id":"https:\/\/www.encontracamacari.com.br\/sobre\/noticias-em-camacari\/#listItem","position":2,"name":"Not\u00edcias Cama\u00e7ari","item":"https:\/\/www.encontracamacari.com.br\/sobre\/noticias-em-camacari\/","nextItem":{"@type":"ListItem","@id":"https:\/\/www.encontracamacari.com.br\/sobre\/agenda-bahia-polo-de-camacari-representa-22-do-pib-da-industria-de-transformacao\/#listItem","name":"Agenda Bahia: Polo de Cama\u00e7ari representa 22% do PIB da ind\u00fastria de transforma\u00e7\u00e3o"},"previousItem":{"@type":"ListItem","@id":"https:\/\/www.encontracamacari.com.br\/sobre#listItem","name":"Home"}},{"@type":"ListItem","@id":"https:\/\/www.encontracamacari.com.br\/sobre\/agenda-bahia-polo-de-camacari-representa-22-do-pib-da-industria-de-transformacao\/#listItem","position":3,"name":"Agenda Bahia: Polo de Cama\u00e7ari representa 22% do PIB da ind\u00fastria de transforma\u00e7\u00e3o","previousItem":{"@type":"ListItem","@id":"https:\/\/www.encontracamacari.com.br\/sobre\/noticias-em-camacari\/#listItem","name":"Not\u00edcias Cama\u00e7ari"}}]},{"@type":"Organization","@id":"https:\/\/www.encontracamacari.com.br\/sobre\/#organization","name":"Encontra Cama\u00e7ari","description":"Not\u00edcias, eventos, informa\u00e7\u00f5es e dicas na cidade de Cama\u00e7ari e regi\u00e3o.","url":"https:\/\/www.encontracamacari.com.br\/sobre\/"},{"@type":"Person","@id":"https:\/\/www.encontracamacari.com.br\/sobre\/author\/ecamacari\/#author","url":"https:\/\/www.encontracamacari.com.br\/sobre\/author\/ecamacari\/","name":"Encontra Cama\u00e7ari","image":{"@type":"ImageObject","@id":"https:\/\/www.encontracamacari.com.br\/sobre\/agenda-bahia-polo-de-camacari-representa-22-do-pib-da-industria-de-transformacao\/#authorImage","url":"https:\/\/secure.gravatar.com\/avatar\/507340682b8270222e1f208e23198b6ae7e2c6a1033ae84e99bc6bce4f82a387?s=96&d=mm&r=g","width":96,"height":96,"caption":"Encontra Cama\u00e7ari"}},{"@type":"WebPage","@id":"https:\/\/www.encontracamacari.com.br\/sobre\/agenda-bahia-polo-de-camacari-representa-22-do-pib-da-industria-de-transformacao\/#webpage","url":"https:\/\/www.encontracamacari.com.br\/sobre\/agenda-bahia-polo-de-camacari-representa-22-do-pib-da-industria-de-transformacao\/","name":"Agenda Bahia: Polo de Cama\u00e7ari representa 22% do PIB da ind\u00fastria de transforma\u00e7\u00e3o - Encontra Cama\u00e7ari","description":"Agenda Bahia destaca o papel de Cama\u00e7ari com 22% do PIB da ind\u00fastria de transforma\u00e7\u00e3o.","inLanguage":"pt-BR","isPartOf":{"@id":"https:\/\/www.encontracamacari.com.br\/sobre\/#website"},"breadcrumb":{"@id":"https:\/\/www.encontracamacari.com.br\/sobre\/agenda-bahia-polo-de-camacari-representa-22-do-pib-da-industria-de-transformacao\/#breadcrumblist"},"author":{"@id":"https:\/\/www.encontracamacari.com.br\/sobre\/author\/ecamacari\/#author"},"creator":{"@id":"https:\/\/www.encontracamacari.com.br\/sobre\/author\/ecamacari\/#author"},"image":{"@type":"ImageObject","url":"https:\/\/www.encontracamacari.com.br\/sobre\/wp-content\/uploads\/2026\/08\/agenda-bahia-polo-de-camacari-representa-22-do-pib-da-industria-de-transformacao.webp","@id":"https:\/\/www.encontracamacari.com.br\/sobre\/agenda-bahia-polo-de-camacari-representa-22-do-pib-da-industria-de-transformacao\/#mainImage","width":280,"height":280,"caption":"Polo de Cama\u00e7ari"},"primaryImageOfPage":{"@id":"https:\/\/www.encontracamacari.com.br\/sobre\/agenda-bahia-polo-de-camacari-representa-22-do-pib-da-industria-de-transformacao\/#mainImage"},"datePublished":"2026-08-13T00:31:08+00:00","dateModified":"2026-08-13T00:31:08+00:00"},{"@type":"WebSite","@id":"https:\/\/www.encontracamacari.com.br\/sobre\/#website","url":"https:\/\/www.encontracamacari.com.br\/sobre\/","name":"Encontra Cama\u00e7ari","description":"Not\u00edcias, eventos, informa\u00e7\u00f5es e dicas na cidade de Cama\u00e7ari e regi\u00e3o.","inLanguage":"pt-BR","publisher":{"@id":"https:\/\/www.encontracamacari.com.br\/sobre\/#organization"}}]},"og:locale":"pt_BR","og:site_name":"Encontra Cama\u00e7ari - Not\u00edcias, eventos, informa\u00e7\u00f5es e dicas na cidade de Cama\u00e7ari e regi\u00e3o.","og:type":"article","og:title":"Agenda Bahia: Polo de Cama\u00e7ari representa 22% do PIB da ind\u00fastria de transforma\u00e7\u00e3o - Encontra Cama\u00e7ari","og:description":"Agenda Bahia destaca o papel de Cama\u00e7ari com 22% do PIB da ind\u00fastria de transforma\u00e7\u00e3o.","og:url":"https:\/\/www.encontracamacari.com.br\/sobre\/agenda-bahia-polo-de-camacari-representa-22-do-pib-da-industria-de-transformacao\/","article:published_time":"2026-08-13T00:31:08+00:00","article:modified_time":"2026-08-13T00:31:08+00:00","twitter:card":"summary_large_image","twitter:title":"Agenda Bahia: Polo de Cama\u00e7ari representa 22% do PIB da ind\u00fastria de transforma\u00e7\u00e3o - Encontra Cama\u00e7ari","twitter:description":"Agenda Bahia destaca o papel de Cama\u00e7ari com 22% do PIB da ind\u00fastria de transforma\u00e7\u00e3o."},"aioseo_meta_data":{"post_id":"1689","title":null,"description":null,"keywords":null,"keyphrases":null,"primary_term":null,"canonical_url":null,"og_title":null,"og_description":null,"og_object_type":"default","og_image_type":"default","og_image_url":null,"og_image_width":null,"og_image_height":null,"og_image_custom_url":null,"og_image_custom_fields":null,"og_video":null,"og_custom_url":null,"og_article_section":null,"og_article_tags":null,"twitter_use_og":false,"twitter_card":"default","twitter_image_type":"default","twitter_image_url":null,"twitter_image_custom_url":null,"twitter_image_custom_fields":null,"twitter_title":null,"twitter_description":null,"schema":{"blockGraphs":[],"customGraphs":[],"default":{"data":{"Article":[],"Course":[],"Dataset":[],"FAQPage":[],"Movie":[],"Person":[],"Product":[],"ProductReview":[],"Car":[],"Recipe":[],"Service":[],"SoftwareApplication":[],"WebPage":[]},"graphName":"BlogPosting","isEnabled":true},"graphs":[]},"schema_type":"default","schema_type_options":null,"pillar_content":false,"robots_default":true,"robots_noindex":false,"robots_noarchive":false,"robots_nosnippet":false,"robots_nofollow":false,"robots_noimageindex":false,"robots_noodp":false,"robots_notranslate":false,"robots_max_snippet":null,"robots_max_videopreview":null,"robots_max_imagepreview":"large","priority":null,"frequency":null,"local_seo":null,"limit_modified_date":false,"created":"2026-08-13 00:31:08","updated":"2026-08-13 00:43:53","focus_keyword":null,"additional_keywords":null,"truseo_locale":null,"ai":null,"breadcrumb_settings":null,"seo_analyzer_scan_date":null},"aioseo_breadcrumb":"<div class=\"aioseo-breadcrumbs\"><span class=\"aioseo-breadcrumb\">\n\t\t\t<a href=\"https:\/\/www.encontracamacari.com.br\/sobre\" title=\"Home\">Home<\/a>\n\t\t<\/span><span class=\"aioseo-breadcrumb-separator\">&raquo;<\/span><span class=\"aioseo-breadcrumb\">\n\t\t\t<a href=\"https:\/\/www.encontracamacari.com.br\/sobre\/noticias-em-camacari\/\" title=\"Not\u00edcias Cama\u00e7ari\">Not\u00edcias Cama\u00e7ari<\/a>\n\t\t<\/span><span class=\"aioseo-breadcrumb-separator\">&raquo;<\/span><span class=\"aioseo-breadcrumb\">\n\t\t\tAgenda Bahia: Polo de Cama\u00e7ari representa 22% do PIB da ind\u00fastria de transforma\u00e7\u00e3o\n\t\t<\/span><\/div>","aioseo_breadcrumb_json":[{"label":"Home","link":"https:\/\/www.encontracamacari.com.br\/sobre"},{"label":"Not\u00edcias Cama\u00e7ari","link":"https:\/\/www.encontracamacari.com.br\/sobre\/noticias-em-camacari\/"},{"label":"Agenda Bahia: Polo de Cama\u00e7ari representa 22% do PIB da ind\u00fastria de transforma\u00e7\u00e3o","link":"https:\/\/www.encontracamacari.com.br\/sobre\/agenda-bahia-polo-de-camacari-representa-22-do-pib-da-industria-de-transformacao\/"}],"_links":{"self":[{"href":"https:\/\/www.encontracamacari.com.br\/sobre\/wp-json\/wp\/v2\/posts\/1689","targetHints":{"allow":["GET"]}}],"collection":[{"href":"https:\/\/www.encontracamacari.com.br\/sobre\/wp-json\/wp\/v2\/posts"}],"about":[{"href":"https:\/\/www.encontracamacari.com.br\/sobre\/wp-json\/wp\/v2\/types\/post"}],"author":[{"embeddable":true,"href":"https:\/\/www.encontracamacari.com.br\/sobre\/wp-json\/wp\/v2\/users\/1"}],"replies":[{"embeddable":true,"href":"https:\/\/www.encontracamacari.com.br\/sobre\/wp-json\/wp\/v2\/comments?post=1689"}],"version-history":[{"count":0,"href":"https:\/\/www.encontracamacari.com.br\/sobre\/wp-json\/wp\/v2\/posts\/1689\/revisions"}],"wp:featuredmedia":[{"embeddable":true,"href":"https:\/\/www.encontracamacari.com.br\/sobre\/wp-json\/wp\/v2\/media\/1688"}],"wp:attachment":[{"href":"https:\/\/www.encontracamacari.com.br\/sobre\/wp-json\/wp\/v2\/media?parent=1689"}],"wp:term":[{"taxonomy":"category","embeddable":true,"href":"https:\/\/www.encontracamacari.com.br\/sobre\/wp-json\/wp\/v2\/categories?post=1689"},{"taxonomy":"post_tag","embeddable":true,"href":"https:\/\/www.encontracamacari.com.br\/sobre\/wp-json\/wp\/v2\/tags?post=1689"}],"curies":[{"name":"wp","href":"https:\/\/api.w.org\/{rel}","templated":true}]}}