{"id":1435,"date":"2026-07-18T13:38:06","date_gmt":"2026-07-18T13:38:06","guid":{"rendered":"https:\/\/www.encontracamacari.com.br\/sobre\/byd-acelera-producao-nacional-e-alcanca-100-mil-veiculos-fabricados-em-camacari\/"},"modified":"2026-07-18T13:38:06","modified_gmt":"2026-07-18T13:38:06","slug":"byd-acelera-producao-nacional-e-alcanca-100-mil-veiculos-fabricados-em-camacari","status":"publish","type":"post","link":"https:\/\/www.encontracamacari.com.br\/sobre\/byd-acelera-producao-nacional-e-alcanca-100-mil-veiculos-fabricados-em-camacari\/","title":{"rendered":"BYD acelera produ\u00e7\u00e3o nacional e alcan\u00e7a 100 mil ve\u00edculos fabricados em Cama\u00e7ari"},"content":{"rendered":"<div class=\"2410bb7248a64bb1f71103797e0f239b\" data-index=\"1\" style=\"float: none; margin:0px;\">\n<ins class=\"adsbygoogle\"\r\n     style=\"display:block\"\r\n     data-ad-client=\"ca-pub-8585364105181520\"\r\n     data-ad-slot=\"8789329856\"\r\n     data-ad-format=\"auto\"\r\n     data-full-width-responsive=\"true\"><\/ins>\r\n<script>\r\n     (adsbygoogle = window.adsbygoogle || []).push({});\r\n<\/script>\n<\/div>\n<h2>O Impacto da BYD em Cama\u00e7ari<\/h2>\n<p>A BYD tem demonstrado um crescimento substancial em sua planta localizada em Cama\u00e7ari, na Bahia, refletindo sua estrat\u00e9gia de expans\u00e3o no Brasil. Desde a inaugura\u00e7\u00e3o do complexo em outubro de 2025, a planta tem operado em um ritmo impressionante, levando a montadora a atingir a significativa marca de 100 mil ve\u00edculos eletrificados produzidos em territ\u00f3rio brasileiro. Este marco n\u00e3o apenas destaca a capacidade produtiva da empresa, mas tamb\u00e9m ressalta a relev\u00e2ncia econ\u00f4mica da unidade para a regi\u00e3o e para o pa\u00eds.<\/p>\n<h2>Crescimento da Ind\u00fastria de Ve\u00edculos El\u00e9tricos<\/h2>\n<p>A crescente demanda por ve\u00edculos el\u00e9tricos em todo o mundo impulsiona o setor automotivo, e a BYD est\u00e1 na vanguarda dessa mudan\u00e7a no Brasil. Com a consci\u00eancia ambiental crescente e a busca por tecnologias sustent\u00e1veis, a produ\u00e7\u00e3o de ve\u00edculos el\u00e9tricos se torna uma prioridade n\u00e3o apenas para a BYD, mas tamb\u00e9m para toda a ind\u00fastria. A f\u00e1brica de Cama\u00e7ari, com sua moderna infraestrutura, se estabelece como um dos centros de excel\u00eancia na produ\u00e7\u00e3o de autom\u00f3veis el\u00e9tricos no Brasil.<\/p>\n<h2>A Import\u00e2ncia dos Ve\u00edculos Eletrificados<\/h2>\n<p>Os ve\u00edculos eletrificados representam uma mudan\u00e7a significativa na maneira como nos deslocamos. A ado\u00e7\u00e3o de autom\u00f3veis mais limpos e eficientes \u00e9 essencial no processo de redu\u00e7\u00e3o das emiss\u00f5es de carbono e na luta contra as mudan\u00e7as clim\u00e1ticas. O modelo de neg\u00f3cio da BYD concentra-se em oferecer solu\u00e7\u00f5es que n\u00e3o apenas atendem \u00e0 demanda do consumidor, mas tamb\u00e9m protegem o meio ambiente, contribuindo para uma mobilidade mais sustent\u00e1vel.<\/p>\n<p><img decoding=\"async\" src=\"https:\/\/www.encontracamacari.com.br\/sobre\/wp-content\/uploads\/2026\/07\/byd-acelera-producao-nacional-e-alcanca-100-mil-veiculos-fabricados-em-camacari.webp\" alt=\"BYD\" loading=\"lazy\" \/><\/p>\n<h2>O Modelo Mais Vendido: BYD Dolphin Mini<\/h2>\n<p>O BYD Dolphin Mini se destacou como o carro el\u00e9trico mais vendido do varejo no Brasil nos \u00faltimos meses, evidenciando sua popularidade crescente entre os consumidores brasileiros. A versatilidade e a efici\u00eancia deste modelo, junto com um pre\u00e7o competitivo, tornam-no atraente para um p\u00fablico amplo. Com mais de 35 mil unidades vendidas apenas em 2026, o Dolphin Mini \u00e9 emblem\u00e1tico do sucesso da marca no pa\u00eds.<\/p>\n<h2>Gera\u00e7\u00e3o de Empregos em Cama\u00e7ari<\/h2>\n<p>A opera\u00e7\u00e3o da BYD em Cama\u00e7ari n\u00e3o s\u00f3 contribui para a ind\u00fastria automotiva, mas tamb\u00e9m cria um impacto positivo significativo no mercado de trabalho local. Atualmente, a empresa emprega 5,5 mil colaboradores diretos, um crescimento consider\u00e1vel desde o in\u00edcio das opera\u00e7\u00f5es. A maioria dos empregados \u00e9 proveniente da pr\u00f3pria Bahia, o que sublinha o impacto da f\u00e1brica na gera\u00e7\u00e3o de empregos e na melhoria das condi\u00e7\u00f5es de vida na regi\u00e3o.<\/p><div class=\"2410bb7248a64bb1f71103797e0f239b\" data-index=\"2\" style=\"float: none; margin:0px;\">\n<ins class=\"adsbygoogle\"\r\n     style=\"display:block; text-align:center;\"\r\n     data-ad-layout=\"in-article\"\r\n     data-ad-format=\"fluid\"\r\n     data-ad-client=\"ca-pub-8585364105181520\"\r\n     data-ad-slot=\"2899217073\"><\/ins>\r\n<script>\r\n     (adsbygoogle = window.adsbygoogle || []).push({});\r\n<\/script>\r\n\r\n<\/br><\/br>\n<\/div>\n\n<h2>Expans\u00e3o do Complexo Industrial<\/h2>\n<p>Com um investimento robusto de R$ 5,5 bilh\u00f5es, a BYD continua a expandir suas opera\u00e7\u00f5es. Novas \u00e1reas, como estamparia, soldagem e pintura, dever\u00e3o entrar em opera\u00e7\u00e3o no segundo semestre de 2026. Essa expans\u00e3o n\u00e3o apenas intensifica a produ\u00e7\u00e3o local, mas tamb\u00e9m eleva o \u00edndice de nacionaliza\u00e7\u00e3o dos ve\u00edculos fabricados, solidificando a posi\u00e7\u00e3o da BYD no Brasil como um grande player da ind\u00fastria automotiva.<\/p>\n<h2>Investimento e Sustentabilidade<\/h2>\n<p>A sustentabilidade \u00e9 um dos pilares da estrat\u00e9gia da BYD. O investimento em tecnologias limpas e produ\u00e7\u00e3o h\u00eddrica \u00e9 fundamental para reduzir impactos ambientais. A empresa j\u00e1 comprovou a efic\u00e1cia de sua opera\u00e7\u00e3o, com mais de 300 mil ve\u00edculos em circula\u00e7\u00e3o no Brasil, os quais ajudaram a evitar a emiss\u00e3o de mais de 1,1 milh\u00e3o de toneladas de CO\u2082. Este compromisso com a\u00e7\u00f5es sustent\u00e1veis refor\u00e7a a imagem da marca est\u00e1 alinhada com as expectativas de um futuro mais verde.<\/p>\n<h2>Empregos Diretos e Indiretos Criados<\/h2>\n<p>O impacto da BYD na economia local vai al\u00e9m do n\u00famero de funcion\u00e1rios diretos. As opera\u00e7\u00f5es da f\u00e1brica geram uma rede de empregos indiretos significativos, que, estimados, podem alcan\u00e7ar at\u00e9 20 mil postos de trabalho ao se considerar a cadeia produtiva. A fortifica\u00e7\u00e3o da economia local e o aumento da renda s\u00e3o aspectos que refletem os benef\u00edcios da instala\u00e7\u00e3o da montadora na regi\u00e3o.<\/p>\n<h2>Resultados Ambientais da Eletrifica\u00e7\u00e3o<\/h2>\n<p>Al\u00e9m dos benef\u00edcios econ\u00f4micos, a eletrifica\u00e7\u00e3o da mobilidade tem demonstrado efeitos positivos no ambiente. Os ve\u00edculos da BYD s\u00e3o protagonistas na redu\u00e7\u00e3o das emiss\u00f5es de poluentes. A eletrifica\u00e7\u00e3o n\u00e3o apenas responde ao chamado global das mudan\u00e7as clim\u00e1ticas, mas tamb\u00e9m melhora a qualidade do ar nas zonas urbanas. Esses resultados s\u00e3o cruciais para o bem-estar das popula\u00e7\u00f5es e para a preserva\u00e7\u00e3o ambiental a longo prazo.<\/p>\n<h2>Futuro da Mobilidade no Brasil<\/h2>\n<p>O futuro da mobilidade no Brasil parece promissor com o crescente investimento em tecnologias de ve\u00edculos el\u00e9tricos. A BYD, com sua forte presen\u00e7a em Cama\u00e7ari, \u00e9 uma vitrine do que pode ser alcan\u00e7ado. A inova\u00e7\u00e3o, aliada ao compromisso com a sustentabilidade e gera\u00e7\u00e3o de empregos, posiciona a empresa como uma refer\u00eancia para o mercado automotivo nacional. A continuidade desta trajet\u00f3ria pode resultar em um Brasil mais sustent\u00e1vel e com uma economia robusta focada em ve\u00edculos modernos e ambientalmente corretos.<\/p>\n<div class=\"2410bb7248a64bb1f71103797e0f239b\" data-index=\"3\" style=\"float: none; margin:0px;\">\n<\/br><\/br>\r\n\r\n<ins class=\"adsbygoogle\"\r\n     style=\"display:block\"\r\n     data-ad-format=\"fluid\"\r\n     data-ad-layout-key=\"-63+do+n-1s+9e\"\r\n     data-ad-client=\"ca-pub-8585364105181520\"\r\n     data-ad-slot=\"6838462089\"><\/ins>\r\n<script>\r\n     (adsbygoogle = window.adsbygoogle || []).push({});\r\n<\/script>\n<\/div>\n\n<div style=\"font-size: 0px; height: 0px; line-height: 0px; margin: 0; padding: 0; clear: both;\"><\/div>","protected":false},"excerpt":{"rendered":"<p>BYD acelera produ\u00e7\u00e3o nacional e j\u00e1 fabrica 100 mil ve\u00edculos em Cama\u00e7ari.<\/p>\n","protected":false},"author":1,"featured_media":1434,"comment_status":"open","ping_status":"closed","sticky":false,"template":"","format":"standard","meta":{"footnotes":""},"categories":[21],"tags":[],"class_list":["post-1435","post","type-post","status-publish","format-standard","has-post-thumbnail","hentry","category-veiculos-em-camacari","has_thumb"],"aioseo_notices":[],"aioseo_head":"\n\t\t<!-- All in One SEO 5.0.0.1 - aioseo.com -->\n\t<meta name=\"description\" content=\"BYD acelera produ\u00e7\u00e3o nacional e j\u00e1 fabrica 100 mil ve\u00edculos em Cama\u00e7ari.\" \/>\n\t<meta name=\"robots\" content=\"max-image-preview:large\" \/>\n\t<meta name=\"author\" content=\"Encontra Cama\u00e7ari\"\/>\n\t<link rel=\"canonical\" href=\"https:\/\/www.encontracamacari.com.br\/sobre\/byd-acelera-producao-nacional-e-alcanca-100-mil-veiculos-fabricados-em-camacari\/\" \/>\n\t<meta name=\"generator\" content=\"All in One SEO (AIOSEO) 5.0.0.1\" \/>\n\t\t<meta property=\"og:locale\" content=\"pt_BR\" \/>\n\t\t<meta property=\"og:site_name\" content=\"Encontra Cama\u00e7ari - Not\u00edcias, eventos, informa\u00e7\u00f5es e dicas na cidade de Cama\u00e7ari e regi\u00e3o.\" \/>\n\t\t<meta property=\"og:type\" content=\"article\" \/>\n\t\t<meta property=\"og:title\" content=\"BYD acelera produ\u00e7\u00e3o nacional e alcan\u00e7a 100 mil ve\u00edculos fabricados em Cama\u00e7ari - Encontra Cama\u00e7ari\" \/>\n\t\t<meta property=\"og:description\" content=\"BYD acelera produ\u00e7\u00e3o nacional e j\u00e1 fabrica 100 mil ve\u00edculos em Cama\u00e7ari.\" \/>\n\t\t<meta property=\"og:url\" content=\"https:\/\/www.encontracamacari.com.br\/sobre\/byd-acelera-producao-nacional-e-alcanca-100-mil-veiculos-fabricados-em-camacari\/\" \/>\n\t\t<meta property=\"article:published_time\" content=\"2026-07-18T13:38:06+00:00\" \/>\n\t\t<meta property=\"article:modified_time\" content=\"2026-07-18T13:38:06+00:00\" \/>\n\t\t<meta name=\"twitter:card\" content=\"summary_large_image\" \/>\n\t\t<meta name=\"twitter:title\" content=\"BYD acelera produ\u00e7\u00e3o nacional e alcan\u00e7a 100 mil ve\u00edculos fabricados em Cama\u00e7ari - Encontra Cama\u00e7ari\" \/>\n\t\t<meta name=\"twitter:description\" content=\"BYD acelera produ\u00e7\u00e3o nacional e j\u00e1 fabrica 100 mil ve\u00edculos em Cama\u00e7ari.\" \/>\n\t\t<script type=\"application\/ld+json\" class=\"aioseo-schema\">\n\t\t\t{\"@context\":\"https:\\\/\\\/schema.org\",\"@graph\":[{\"@type\":\"BlogPosting\",\"@id\":\"https:\\\/\\\/www.encontracamacari.com.br\\\/sobre\\\/byd-acelera-producao-nacional-e-alcanca-100-mil-veiculos-fabricados-em-camacari\\\/#blogposting\",\"name\":\"BYD acelera produ\\u00e7\\u00e3o nacional e alcan\\u00e7a 100 mil ve\\u00edculos fabricados em Cama\\u00e7ari - Encontra Cama\\u00e7ari\",\"headline\":\"BYD acelera produ\\u00e7\\u00e3o nacional e alcan\\u00e7a 100 mil ve\\u00edculos fabricados em Cama\\u00e7ari\",\"author\":{\"@id\":\"https:\\\/\\\/www.encontracamacari.com.br\\\/sobre\\\/author\\\/ecamacari\\\/#author\"},\"publisher\":{\"@id\":\"https:\\\/\\\/www.encontracamacari.com.br\\\/sobre\\\/#organization\"},\"image\":{\"@type\":\"ImageObject\",\"url\":\"https:\\\/\\\/www.encontracamacari.com.br\\\/sobre\\\/wp-content\\\/uploads\\\/2026\\\/07\\\/byd-acelera-producao-nacional-e-alcanca-100-mil-veiculos-fabricados-em-camacari.webp\",\"width\":280,\"height\":280,\"caption\":\"BYD\"},\"datePublished\":\"2026-07-18T13:38:06+00:00\",\"dateModified\":\"2026-07-18T13:38:06+00:00\",\"inLanguage\":\"pt-BR\",\"mainEntityOfPage\":{\"@id\":\"https:\\\/\\\/www.encontracamacari.com.br\\\/sobre\\\/byd-acelera-producao-nacional-e-alcanca-100-mil-veiculos-fabricados-em-camacari\\\/#webpage\"},\"isPartOf\":{\"@id\":\"https:\\\/\\\/www.encontracamacari.com.br\\\/sobre\\\/byd-acelera-producao-nacional-e-alcanca-100-mil-veiculos-fabricados-em-camacari\\\/#webpage\"},\"articleSection\":\"Ve\\u00edculos Cama\\u00e7ari\"},{\"@type\":\"BreadcrumbList\",\"@id\":\"https:\\\/\\\/www.encontracamacari.com.br\\\/sobre\\\/byd-acelera-producao-nacional-e-alcanca-100-mil-veiculos-fabricados-em-camacari\\\/#breadcrumblist\",\"itemListElement\":[{\"@type\":\"ListItem\",\"@id\":\"https:\\\/\\\/www.encontracamacari.com.br\\\/sobre#listItem\",\"position\":1,\"name\":\"Home\",\"item\":\"https:\\\/\\\/www.encontracamacari.com.br\\\/sobre\",\"nextItem\":{\"@type\":\"ListItem\",\"@id\":\"https:\\\/\\\/www.encontracamacari.com.br\\\/sobre\\\/veiculos-em-camacari\\\/#listItem\",\"name\":\"Ve\\u00edculos Cama\\u00e7ari\"}},{\"@type\":\"ListItem\",\"@id\":\"https:\\\/\\\/www.encontracamacari.com.br\\\/sobre\\\/veiculos-em-camacari\\\/#listItem\",\"position\":2,\"name\":\"Ve\\u00edculos Cama\\u00e7ari\",\"item\":\"https:\\\/\\\/www.encontracamacari.com.br\\\/sobre\\\/veiculos-em-camacari\\\/\",\"nextItem\":{\"@type\":\"ListItem\",\"@id\":\"https:\\\/\\\/www.encontracamacari.com.br\\\/sobre\\\/byd-acelera-producao-nacional-e-alcanca-100-mil-veiculos-fabricados-em-camacari\\\/#listItem\",\"name\":\"BYD acelera produ\\u00e7\\u00e3o nacional e alcan\\u00e7a 100 mil ve\\u00edculos fabricados em Cama\\u00e7ari\"},\"previousItem\":{\"@type\":\"ListItem\",\"@id\":\"https:\\\/\\\/www.encontracamacari.com.br\\\/sobre#listItem\",\"name\":\"Home\"}},{\"@type\":\"ListItem\",\"@id\":\"https:\\\/\\\/www.encontracamacari.com.br\\\/sobre\\\/byd-acelera-producao-nacional-e-alcanca-100-mil-veiculos-fabricados-em-camacari\\\/#listItem\",\"position\":3,\"name\":\"BYD acelera produ\\u00e7\\u00e3o nacional e alcan\\u00e7a 100 mil ve\\u00edculos fabricados em Cama\\u00e7ari\",\"previousItem\":{\"@type\":\"ListItem\",\"@id\":\"https:\\\/\\\/www.encontracamacari.com.br\\\/sobre\\\/veiculos-em-camacari\\\/#listItem\",\"name\":\"Ve\\u00edculos Cama\\u00e7ari\"}}]},{\"@type\":\"Organization\",\"@id\":\"https:\\\/\\\/www.encontracamacari.com.br\\\/sobre\\\/#organization\",\"name\":\"Encontra Cama\\u00e7ari\",\"description\":\"Not\\u00edcias, eventos, informa\\u00e7\\u00f5es e dicas na cidade de Cama\\u00e7ari e regi\\u00e3o.\",\"url\":\"https:\\\/\\\/www.encontracamacari.com.br\\\/sobre\\\/\"},{\"@type\":\"Person\",\"@id\":\"https:\\\/\\\/www.encontracamacari.com.br\\\/sobre\\\/author\\\/ecamacari\\\/#author\",\"url\":\"https:\\\/\\\/www.encontracamacari.com.br\\\/sobre\\\/author\\\/ecamacari\\\/\",\"name\":\"Encontra Cama\\u00e7ari\",\"image\":{\"@type\":\"ImageObject\",\"@id\":\"https:\\\/\\\/www.encontracamacari.com.br\\\/sobre\\\/byd-acelera-producao-nacional-e-alcanca-100-mil-veiculos-fabricados-em-camacari\\\/#authorImage\",\"url\":\"https:\\\/\\\/secure.gravatar.com\\\/avatar\\\/507340682b8270222e1f208e23198b6ae7e2c6a1033ae84e99bc6bce4f82a387?s=96&d=mm&r=g\",\"width\":96,\"height\":96,\"caption\":\"Encontra Cama\\u00e7ari\"}},{\"@type\":\"WebPage\",\"@id\":\"https:\\\/\\\/www.encontracamacari.com.br\\\/sobre\\\/byd-acelera-producao-nacional-e-alcanca-100-mil-veiculos-fabricados-em-camacari\\\/#webpage\",\"url\":\"https:\\\/\\\/www.encontracamacari.com.br\\\/sobre\\\/byd-acelera-producao-nacional-e-alcanca-100-mil-veiculos-fabricados-em-camacari\\\/\",\"name\":\"BYD acelera produ\\u00e7\\u00e3o nacional e alcan\\u00e7a 100 mil ve\\u00edculos fabricados em Cama\\u00e7ari - Encontra Cama\\u00e7ari\",\"description\":\"BYD acelera produ\\u00e7\\u00e3o nacional e j\\u00e1 fabrica 100 mil ve\\u00edculos em Cama\\u00e7ari.\",\"inLanguage\":\"pt-BR\",\"isPartOf\":{\"@id\":\"https:\\\/\\\/www.encontracamacari.com.br\\\/sobre\\\/#website\"},\"breadcrumb\":{\"@id\":\"https:\\\/\\\/www.encontracamacari.com.br\\\/sobre\\\/byd-acelera-producao-nacional-e-alcanca-100-mil-veiculos-fabricados-em-camacari\\\/#breadcrumblist\"},\"author\":{\"@id\":\"https:\\\/\\\/www.encontracamacari.com.br\\\/sobre\\\/author\\\/ecamacari\\\/#author\"},\"creator\":{\"@id\":\"https:\\\/\\\/www.encontracamacari.com.br\\\/sobre\\\/author\\\/ecamacari\\\/#author\"},\"image\":{\"@type\":\"ImageObject\",\"url\":\"https:\\\/\\\/www.encontracamacari.com.br\\\/sobre\\\/wp-content\\\/uploads\\\/2026\\\/07\\\/byd-acelera-producao-nacional-e-alcanca-100-mil-veiculos-fabricados-em-camacari.webp\",\"@id\":\"https:\\\/\\\/www.encontracamacari.com.br\\\/sobre\\\/byd-acelera-producao-nacional-e-alcanca-100-mil-veiculos-fabricados-em-camacari\\\/#mainImage\",\"width\":280,\"height\":280,\"caption\":\"BYD\"},\"primaryImageOfPage\":{\"@id\":\"https:\\\/\\\/www.encontracamacari.com.br\\\/sobre\\\/byd-acelera-producao-nacional-e-alcanca-100-mil-veiculos-fabricados-em-camacari\\\/#mainImage\"},\"datePublished\":\"2026-07-18T13:38:06+00:00\",\"dateModified\":\"2026-07-18T13:38:06+00:00\"},{\"@type\":\"WebSite\",\"@id\":\"https:\\\/\\\/www.encontracamacari.com.br\\\/sobre\\\/#website\",\"url\":\"https:\\\/\\\/www.encontracamacari.com.br\\\/sobre\\\/\",\"name\":\"Encontra Cama\\u00e7ari\",\"description\":\"Not\\u00edcias, eventos, informa\\u00e7\\u00f5es e dicas na cidade de Cama\\u00e7ari e regi\\u00e3o.\",\"inLanguage\":\"pt-BR\",\"publisher\":{\"@id\":\"https:\\\/\\\/www.encontracamacari.com.br\\\/sobre\\\/#organization\"}}]}\n\t\t<\/script>\n\t\t<!-- All in One SEO -->\n\n","aioseo_head_json":{"title":"BYD acelera produ\u00e7\u00e3o nacional e alcan\u00e7a 100 mil ve\u00edculos fabricados em Cama\u00e7ari - Encontra Cama\u00e7ari","description":"BYD acelera produ\u00e7\u00e3o nacional e j\u00e1 fabrica 100 mil ve\u00edculos em Cama\u00e7ari.","canonical_url":"https:\/\/www.encontracamacari.com.br\/sobre\/byd-acelera-producao-nacional-e-alcanca-100-mil-veiculos-fabricados-em-camacari\/","robots":"max-image-preview:large","keywords":"","webmasterTools":{"miscellaneous":""},"schema":{"@context":"https:\/\/schema.org","@graph":[{"@type":"BlogPosting","@id":"https:\/\/www.encontracamacari.com.br\/sobre\/byd-acelera-producao-nacional-e-alcanca-100-mil-veiculos-fabricados-em-camacari\/#blogposting","name":"BYD acelera produ\u00e7\u00e3o nacional e alcan\u00e7a 100 mil ve\u00edculos fabricados em Cama\u00e7ari - Encontra Cama\u00e7ari","headline":"BYD acelera produ\u00e7\u00e3o nacional e alcan\u00e7a 100 mil ve\u00edculos fabricados em Cama\u00e7ari","author":{"@id":"https:\/\/www.encontracamacari.com.br\/sobre\/author\/ecamacari\/#author"},"publisher":{"@id":"https:\/\/www.encontracamacari.com.br\/sobre\/#organization"},"image":{"@type":"ImageObject","url":"https:\/\/www.encontracamacari.com.br\/sobre\/wp-content\/uploads\/2026\/07\/byd-acelera-producao-nacional-e-alcanca-100-mil-veiculos-fabricados-em-camacari.webp","width":280,"height":280,"caption":"BYD"},"datePublished":"2026-07-18T13:38:06+00:00","dateModified":"2026-07-18T13:38:06+00:00","inLanguage":"pt-BR","mainEntityOfPage":{"@id":"https:\/\/www.encontracamacari.com.br\/sobre\/byd-acelera-producao-nacional-e-alcanca-100-mil-veiculos-fabricados-em-camacari\/#webpage"},"isPartOf":{"@id":"https:\/\/www.encontracamacari.com.br\/sobre\/byd-acelera-producao-nacional-e-alcanca-100-mil-veiculos-fabricados-em-camacari\/#webpage"},"articleSection":"Ve\u00edculos Cama\u00e7ari"},{"@type":"BreadcrumbList","@id":"https:\/\/www.encontracamacari.com.br\/sobre\/byd-acelera-producao-nacional-e-alcanca-100-mil-veiculos-fabricados-em-camacari\/#breadcrumblist","itemListElement":[{"@type":"ListItem","@id":"https:\/\/www.encontracamacari.com.br\/sobre#listItem","position":1,"name":"Home","item":"https:\/\/www.encontracamacari.com.br\/sobre","nextItem":{"@type":"ListItem","@id":"https:\/\/www.encontracamacari.com.br\/sobre\/veiculos-em-camacari\/#listItem","name":"Ve\u00edculos Cama\u00e7ari"}},{"@type":"ListItem","@id":"https:\/\/www.encontracamacari.com.br\/sobre\/veiculos-em-camacari\/#listItem","position":2,"name":"Ve\u00edculos Cama\u00e7ari","item":"https:\/\/www.encontracamacari.com.br\/sobre\/veiculos-em-camacari\/","nextItem":{"@type":"ListItem","@id":"https:\/\/www.encontracamacari.com.br\/sobre\/byd-acelera-producao-nacional-e-alcanca-100-mil-veiculos-fabricados-em-camacari\/#listItem","name":"BYD acelera produ\u00e7\u00e3o nacional e alcan\u00e7a 100 mil ve\u00edculos fabricados em Cama\u00e7ari"},"previousItem":{"@type":"ListItem","@id":"https:\/\/www.encontracamacari.com.br\/sobre#listItem","name":"Home"}},{"@type":"ListItem","@id":"https:\/\/www.encontracamacari.com.br\/sobre\/byd-acelera-producao-nacional-e-alcanca-100-mil-veiculos-fabricados-em-camacari\/#listItem","position":3,"name":"BYD acelera produ\u00e7\u00e3o nacional e alcan\u00e7a 100 mil ve\u00edculos fabricados em Cama\u00e7ari","previousItem":{"@type":"ListItem","@id":"https:\/\/www.encontracamacari.com.br\/sobre\/veiculos-em-camacari\/#listItem","name":"Ve\u00edculos Cama\u00e7ari"}}]},{"@type":"Organization","@id":"https:\/\/www.encontracamacari.com.br\/sobre\/#organization","name":"Encontra Cama\u00e7ari","description":"Not\u00edcias, eventos, informa\u00e7\u00f5es e dicas na cidade de Cama\u00e7ari e regi\u00e3o.","url":"https:\/\/www.encontracamacari.com.br\/sobre\/"},{"@type":"Person","@id":"https:\/\/www.encontracamacari.com.br\/sobre\/author\/ecamacari\/#author","url":"https:\/\/www.encontracamacari.com.br\/sobre\/author\/ecamacari\/","name":"Encontra Cama\u00e7ari","image":{"@type":"ImageObject","@id":"https:\/\/www.encontracamacari.com.br\/sobre\/byd-acelera-producao-nacional-e-alcanca-100-mil-veiculos-fabricados-em-camacari\/#authorImage","url":"https:\/\/secure.gravatar.com\/avatar\/507340682b8270222e1f208e23198b6ae7e2c6a1033ae84e99bc6bce4f82a387?s=96&d=mm&r=g","width":96,"height":96,"caption":"Encontra Cama\u00e7ari"}},{"@type":"WebPage","@id":"https:\/\/www.encontracamacari.com.br\/sobre\/byd-acelera-producao-nacional-e-alcanca-100-mil-veiculos-fabricados-em-camacari\/#webpage","url":"https:\/\/www.encontracamacari.com.br\/sobre\/byd-acelera-producao-nacional-e-alcanca-100-mil-veiculos-fabricados-em-camacari\/","name":"BYD acelera produ\u00e7\u00e3o nacional e alcan\u00e7a 100 mil ve\u00edculos fabricados em Cama\u00e7ari - Encontra Cama\u00e7ari","description":"BYD acelera produ\u00e7\u00e3o nacional e j\u00e1 fabrica 100 mil ve\u00edculos em Cama\u00e7ari.","inLanguage":"pt-BR","isPartOf":{"@id":"https:\/\/www.encontracamacari.com.br\/sobre\/#website"},"breadcrumb":{"@id":"https:\/\/www.encontracamacari.com.br\/sobre\/byd-acelera-producao-nacional-e-alcanca-100-mil-veiculos-fabricados-em-camacari\/#breadcrumblist"},"author":{"@id":"https:\/\/www.encontracamacari.com.br\/sobre\/author\/ecamacari\/#author"},"creator":{"@id":"https:\/\/www.encontracamacari.com.br\/sobre\/author\/ecamacari\/#author"},"image":{"@type":"ImageObject","url":"https:\/\/www.encontracamacari.com.br\/sobre\/wp-content\/uploads\/2026\/07\/byd-acelera-producao-nacional-e-alcanca-100-mil-veiculos-fabricados-em-camacari.webp","@id":"https:\/\/www.encontracamacari.com.br\/sobre\/byd-acelera-producao-nacional-e-alcanca-100-mil-veiculos-fabricados-em-camacari\/#mainImage","width":280,"height":280,"caption":"BYD"},"primaryImageOfPage":{"@id":"https:\/\/www.encontracamacari.com.br\/sobre\/byd-acelera-producao-nacional-e-alcanca-100-mil-veiculos-fabricados-em-camacari\/#mainImage"},"datePublished":"2026-07-18T13:38:06+00:00","dateModified":"2026-07-18T13:38:06+00:00"},{"@type":"WebSite","@id":"https:\/\/www.encontracamacari.com.br\/sobre\/#website","url":"https:\/\/www.encontracamacari.com.br\/sobre\/","name":"Encontra Cama\u00e7ari","description":"Not\u00edcias, eventos, informa\u00e7\u00f5es e dicas na cidade de Cama\u00e7ari e regi\u00e3o.","inLanguage":"pt-BR","publisher":{"@id":"https:\/\/www.encontracamacari.com.br\/sobre\/#organization"}}]},"og:locale":"pt_BR","og:site_name":"Encontra Cama\u00e7ari - Not\u00edcias, eventos, informa\u00e7\u00f5es e dicas na cidade de Cama\u00e7ari e regi\u00e3o.","og:type":"article","og:title":"BYD acelera produ\u00e7\u00e3o nacional e alcan\u00e7a 100 mil ve\u00edculos fabricados em Cama\u00e7ari - Encontra Cama\u00e7ari","og:description":"BYD acelera produ\u00e7\u00e3o nacional e j\u00e1 fabrica 100 mil ve\u00edculos em Cama\u00e7ari.","og:url":"https:\/\/www.encontracamacari.com.br\/sobre\/byd-acelera-producao-nacional-e-alcanca-100-mil-veiculos-fabricados-em-camacari\/","article:published_time":"2026-07-18T13:38:06+00:00","article:modified_time":"2026-07-18T13:38:06+00:00","twitter:card":"summary_large_image","twitter:title":"BYD acelera produ\u00e7\u00e3o nacional e alcan\u00e7a 100 mil ve\u00edculos fabricados em Cama\u00e7ari - Encontra Cama\u00e7ari","twitter:description":"BYD acelera produ\u00e7\u00e3o nacional e j\u00e1 fabrica 100 mil ve\u00edculos em Cama\u00e7ari."},"aioseo_meta_data":{"post_id":"1435","title":null,"description":null,"keywords":null,"keyphrases":null,"primary_term":null,"canonical_url":null,"og_title":null,"og_description":null,"og_object_type":"default","og_image_type":"default","og_image_url":null,"og_image_width":null,"og_image_height":null,"og_image_custom_url":null,"og_image_custom_fields":null,"og_video":null,"og_custom_url":null,"og_article_section":null,"og_article_tags":null,"twitter_use_og":false,"twitter_card":"default","twitter_image_type":"default","twitter_image_url":null,"twitter_image_custom_url":null,"twitter_image_custom_fields":null,"twitter_title":null,"twitter_description":null,"schema":{"blockGraphs":[],"customGraphs":[],"default":{"data":{"Article":[],"Course":[],"Dataset":[],"FAQPage":[],"Movie":[],"Person":[],"Product":[],"ProductReview":[],"Car":[],"Recipe":[],"Service":[],"SoftwareApplication":[],"WebPage":[]},"graphName":"BlogPosting","isEnabled":true},"graphs":[]},"schema_type":"default","schema_type_options":null,"pillar_content":false,"robots_default":true,"robots_noindex":false,"robots_noarchive":false,"robots_nosnippet":false,"robots_nofollow":false,"robots_noimageindex":false,"robots_noodp":false,"robots_notranslate":false,"robots_max_snippet":null,"robots_max_videopreview":null,"robots_max_imagepreview":"large","priority":null,"frequency":null,"local_seo":null,"limit_modified_date":false,"created":"2026-07-18 13:38:08","updated":"2026-08-06 03:49:50","focus_keyword":null,"additional_keywords":null,"truseo_locale":null,"ai":null,"breadcrumb_settings":null,"seo_analyzer_scan_date":null},"aioseo_breadcrumb":"<div class=\"aioseo-breadcrumbs\"><span class=\"aioseo-breadcrumb\">\n\t\t\t<a href=\"https:\/\/www.encontracamacari.com.br\/sobre\" title=\"Home\">Home<\/a>\n\t\t<\/span><span class=\"aioseo-breadcrumb-separator\">&raquo;<\/span><span class=\"aioseo-breadcrumb\">\n\t\t\t<a href=\"https:\/\/www.encontracamacari.com.br\/sobre\/veiculos-em-camacari\/\" title=\"Ve\u00edculos Cama\u00e7ari\">Ve\u00edculos Cama\u00e7ari<\/a>\n\t\t<\/span><span class=\"aioseo-breadcrumb-separator\">&raquo;<\/span><span class=\"aioseo-breadcrumb\">\n\t\t\tBYD acelera produ\u00e7\u00e3o nacional e alcan\u00e7a 100 mil ve\u00edculos fabricados em Cama\u00e7ari\n\t\t<\/span><\/div>","aioseo_breadcrumb_json":[{"label":"Home","link":"https:\/\/www.encontracamacari.com.br\/sobre"},{"label":"Ve\u00edculos Cama\u00e7ari","link":"https:\/\/www.encontracamacari.com.br\/sobre\/veiculos-em-camacari\/"},{"label":"BYD acelera produ\u00e7\u00e3o nacional e alcan\u00e7a 100 mil ve\u00edculos fabricados em Cama\u00e7ari","link":"https:\/\/www.encontracamacari.com.br\/sobre\/byd-acelera-producao-nacional-e-alcanca-100-mil-veiculos-fabricados-em-camacari\/"}],"_links":{"self":[{"href":"https:\/\/www.encontracamacari.com.br\/sobre\/wp-json\/wp\/v2\/posts\/1435","targetHints":{"allow":["GET"]}}],"collection":[{"href":"https:\/\/www.encontracamacari.com.br\/sobre\/wp-json\/wp\/v2\/posts"}],"about":[{"href":"https:\/\/www.encontracamacari.com.br\/sobre\/wp-json\/wp\/v2\/types\/post"}],"author":[{"embeddable":true,"href":"https:\/\/www.encontracamacari.com.br\/sobre\/wp-json\/wp\/v2\/users\/1"}],"replies":[{"embeddable":true,"href":"https:\/\/www.encontracamacari.com.br\/sobre\/wp-json\/wp\/v2\/comments?post=1435"}],"version-history":[{"count":0,"href":"https:\/\/www.encontracamacari.com.br\/sobre\/wp-json\/wp\/v2\/posts\/1435\/revisions"}],"wp:featuredmedia":[{"embeddable":true,"href":"https:\/\/www.encontracamacari.com.br\/sobre\/wp-json\/wp\/v2\/media\/1434"}],"wp:attachment":[{"href":"https:\/\/www.encontracamacari.com.br\/sobre\/wp-json\/wp\/v2\/media?parent=1435"}],"wp:term":[{"taxonomy":"category","embeddable":true,"href":"https:\/\/www.encontracamacari.com.br\/sobre\/wp-json\/wp\/v2\/categories?post=1435"},{"taxonomy":"post_tag","embeddable":true,"href":"https:\/\/www.encontracamacari.com.br\/sobre\/wp-json\/wp\/v2\/tags?post=1435"}],"curies":[{"name":"wp","href":"https:\/\/api.w.org\/{rel}","templated":true}]}}