{"id":1384,"date":"2026-07-14T16:38:02","date_gmt":"2026-07-14T16:38:02","guid":{"rendered":"https:\/\/www.encontracamacari.com.br\/sobre\/julio-esteves-assume-gerencia-geral-da-fabrica-da-byd-em-camacari\/"},"modified":"2026-07-14T16:38:02","modified_gmt":"2026-07-14T16:38:02","slug":"julio-esteves-assume-gerencia-geral-da-fabrica-da-byd-em-camacari","status":"publish","type":"post","link":"https:\/\/www.encontracamacari.com.br\/sobre\/julio-esteves-assume-gerencia-geral-da-fabrica-da-byd-em-camacari\/","title":{"rendered":"J\u00falio Esteves assume ger\u00eancia geral da f\u00e1brica da BYD em Cama\u00e7ari"},"content":{"rendered":"<div class=\"2410bb7248a64bb1f71103797e0f239b\" data-index=\"1\" style=\"float: none; margin:0px;\">\n<ins class=\"adsbygoogle\"\r\n     style=\"display:block\"\r\n     data-ad-client=\"ca-pub-8585364105181520\"\r\n     data-ad-slot=\"8789329856\"\r\n     data-ad-format=\"auto\"\r\n     data-full-width-responsive=\"true\"><\/ins>\r\n<script>\r\n     (adsbygoogle = window.adsbygoogle || []).push({});\r\n<\/script>\n<\/div>\n<h2>O Papel de J\u00falio Esteves na BYD<\/h2>\n<p>J\u00falio Esteves, reconhecido engenheiro mec\u00e2nico, foi recentemente nomeado como o novo gerente geral da f\u00e1brica da <strong>BYD<\/strong> situada em Cama\u00e7ari (BA). Com uma s\u00f3lida trajet\u00f3ria de 26 anos na ind\u00fastria, ele assume a responsabilidade de fortalecer a gest\u00e3o deste complexo industrial, que se posiciona como a maior unidade fora da \u00c1sia. A estrat\u00e9gia de Esteves \u00e9 voltada para a nacionaliza\u00e7\u00e3o da lideran\u00e7a, visando acelerar a forma\u00e7\u00e3o de novos l\u00edderes brasileiros dentro da companhia.<\/p>\n<h2>Impacto da Nacionaliza\u00e7\u00e3o da Lideran\u00e7a<\/h2>\n<p>A iniciativa de nacionaliza\u00e7\u00e3o da lideran\u00e7a na BYD busca n\u00e3o apenas diversificar a gest\u00e3o, mas tamb\u00e9m garantir que a m\u00e3o de obra local tenha um papel significativo em posi\u00e7\u00f5es estrat\u00e9gicas. Existe uma meta clara de potencializar a presen\u00e7a de profissionais brasileiros em fun\u00e7\u00f5es de lideran\u00e7a, refletindo um compromisso com o desenvolvimento da for\u00e7a de trabalho regional. Este passo \u00e9 crucial \u00e0 medida que a BYD amplia sua atua\u00e7\u00e3o no Brasil, ajustando-se \u00e0s demandas locais e promovendo um ambiente de trabalho inclusivo.<\/p>\n<h2>Hist\u00f3rico Profissional de J\u00falio Esteves<\/h2>\n<p>Antes de ingressar na BYD, J\u00falio Esteves acumulou vasta experi\u00eancia em empresas renomadas como <strong>BMW<\/strong>, <strong>Toyota<\/strong> e <strong>Embraer<\/strong>. Sua trajet\u00f3ria inclui diversas responsabilidades na gest\u00e3o industrial, onde practicou a manufatura eficiente, desenvolvimento de processos e a lideran\u00e7a de equipes diversificadas. Essa experi\u00eancia \u00e9 fundamental para seus novos desafios na BYD, onde buscar\u00e1 promover a integra\u00e7\u00e3o entre equipes brasileiras e os profissionais globais da marca.<\/p>\n<p><img decoding=\"async\" src=\"https:\/\/www.encontracamacari.com.br\/sobre\/wp-content\/uploads\/2026\/07\/julio-esteves-assume-gerencia-geral-da-fabrica-da-byd-em-camacari.webp\" alt=\"nacionaliza\u00e7\u00e3o da lideran\u00e7a\" loading=\"lazy\" \/><\/p>\n<h2>Cama\u00e7ari: Um Polo Industrial em Ascens\u00e3o<\/h2>\n<p>A f\u00e1brica da BYD em Cama\u00e7ari representa um dos maiores investimentos da empresa no mercado internacional. A unidade, que chega a um total de R$ 5,5 bilh\u00f5es, se destaca como a principal instala\u00e7\u00e3o da BYD fora do continente asi\u00e1tico. Localizada na Regi\u00e3o Metropolitana de Salvador, a f\u00e1brica n\u00e3o s\u00f3 impulsiona a produ\u00e7\u00e3o local, mas tamb\u00e9m posiciona a Bahia como um polo estrat\u00e9gico para a ind\u00fastria automotiva.<\/p>\n<h2>Investimentos da BYD na Bahia<\/h2>\n<p>Os investimentos na f\u00e1brica de Cama\u00e7ari possibilitam a produ\u00e7\u00e3o de ve\u00edculos eletrificados, que s\u00e3o cada vez mais relevantes no contexto atual de transforma\u00e7\u00e3o da mobilidade sustent\u00e1vel. Com um compromisso s\u00f3lido de expans\u00e3o, a BYD espera aumentar a produ\u00e7\u00e3o \u00e0 medida que avan\u00e7a nas etapas de implementa\u00e7\u00e3o de sua planta. A expectativa \u00e9 que, uma vez totalmente operacional, a unidade possa produzir at\u00e9 600 mil ve\u00edculos anualmente, criando um impacto significativo na economia local.<\/p><div class=\"2410bb7248a64bb1f71103797e0f239b\" data-index=\"2\" style=\"float: none; margin:0px;\">\n<ins class=\"adsbygoogle\"\r\n     style=\"display:block; text-align:center;\"\r\n     data-ad-layout=\"in-article\"\r\n     data-ad-format=\"fluid\"\r\n     data-ad-client=\"ca-pub-8585364105181520\"\r\n     data-ad-slot=\"2899217073\"><\/ins>\r\n<script>\r\n     (adsbygoogle = window.adsbygoogle || []).push({});\r\n<\/script>\r\n\r\n<\/br><\/br>\n<\/div>\n\n<h2>A Import\u00e2ncia da M\u00e3o de Obra Local<\/h2>\n<p>Com quase 5 mil colaboradores, dos quais 198 j\u00e1 ocupam cargos de chefia, a BYD tem se dedicado a contratar e desenvolver talentos locais. A nacionaliza\u00e7\u00e3o das fun\u00e7\u00f5es de lideran\u00e7a \u00e9 vista como uma forma de fortalecer a m\u00e3o de obra nacional e criar uma opera\u00e7\u00e3o mais coesa e focada nas necessidades do mercado. Isso tamb\u00e9m proporciona uma base s\u00f3lida para o crescimento e a continuidade do desenvolvimento profissional na regi\u00e3o.<\/p>\n<h2>Desafios da Nova Gest\u00e3o<\/h2>\n<p>Os principais desafios que J\u00falio Esteves enfrentar\u00e1 incluem a acelera\u00e7\u00e3o do desenvolvimento de lideran\u00e7as brasileiras e a consolida\u00e7\u00e3o de pr\u00e1ticas de governan\u00e7a eficazes dentro da opera\u00e7\u00e3o. Outro foco ser\u00e1 promover a colabora\u00e7\u00e3o entre as equipes globais e locais, assegurando que a cultura organizacional da BYD seja disseminada adequadamente e que as inova\u00e7\u00f5es implementadas em Cama\u00e7ari atendam \u00e0s expectativas do mercado.<\/p>\n<h2>Produ\u00e7\u00e3o e Capacidade da F\u00e1brica<\/h2>\n<p>Atualmente, a f\u00e1brica da BYD em Cama\u00e7ari j\u00e1 produz modelos como <strong>Dolphin Mini<\/strong>, <strong>King<\/strong> e <strong>Song Pro<\/strong>. A planta foi projetada para aumentar gradualmente sua capacidade produtiva e, assim, contribuir para o crescimento do setor automotivo brasileiro. A meta de produ\u00e7\u00e3o de at\u00e9 600 mil ve\u00edculos por ano reflete um compromisso com a expans\u00e3o e sustentabilidade da ind\u00fastria.<\/p>\n<h2>Perspectivas para o Mercado Automotivo Brasileiro<\/h2>\n<p>A presen\u00e7a da BYD em Cama\u00e7ari e seu compromisso com a nacionaliza\u00e7\u00e3o da lideran\u00e7a s\u00e3o indicativos de uma mudan\u00e7a essencial no mercado automotivo brasileiro. Com uma abordagem focada na sustentabilidade e inova\u00e7\u00e3o, a BYD se posiciona para ser uma das principais players na transforma\u00e7\u00e3o da mobilidade no Brasil, atendendo \u00e0 crescente demanda por ve\u00edculos eletrificados e refor\u00e7ando seu papel no desenvolvimento econ\u00f4mico da regi\u00e3o.<\/p>\n<h2>Compromissos com a Sustentabilidade e Inova\u00e7\u00e3o<\/h2>\n<p>A BYD n\u00e3o apenas se concentra na efici\u00eancia de sua produ\u00e7\u00e3o, mas tamb\u00e9m no impacto ambiental de suas opera\u00e7\u00f5es. Ao investir em solu\u00e7\u00f5es sustent\u00e1veis, a empresa est\u00e1 alineada com as diretrizes globais para a redu\u00e7\u00e3o de emiss\u00f5es e a promo\u00e7\u00e3o da mobilidade el\u00e9trica. Os planos para o futuro incluem a cria\u00e7\u00e3o de uma infraestrutura que permita a expans\u00e3o da produ\u00e7\u00e3o de ve\u00edculos el\u00e9tricos, consolidando a estrela crescente do setor no Brasil e na Am\u00e9rica Latina.<\/p>\n<div class=\"2410bb7248a64bb1f71103797e0f239b\" data-index=\"3\" style=\"float: none; margin:0px;\">\n<\/br><\/br>\r\n\r\n<ins class=\"adsbygoogle\"\r\n     style=\"display:block\"\r\n     data-ad-format=\"fluid\"\r\n     data-ad-layout-key=\"-63+do+n-1s+9e\"\r\n     data-ad-client=\"ca-pub-8585364105181520\"\r\n     data-ad-slot=\"6838462089\"><\/ins>\r\n<script>\r\n     (adsbygoogle = window.adsbygoogle || []).push({});\r\n<\/script>\n<\/div>\n\n<div style=\"font-size: 0px; height: 0px; line-height: 0px; margin: 0; padding: 0; clear: both;\"><\/div>","protected":false},"excerpt":{"rendered":"<p>J\u00falio Esteves \u00e9 o novo gerente geral da BYD em Cama\u00e7ari, refor\u00e7ando a nacionaliza\u00e7\u00e3o.<\/p>\n","protected":false},"author":1,"featured_media":1383,"comment_status":"open","ping_status":"closed","sticky":false,"template":"","format":"standard","meta":{"footnotes":""},"categories":[1],"tags":[],"class_list":["post-1384","post","type-post","status-publish","format-standard","has-post-thumbnail","hentry","category-noticias-em-camacari","has_thumb"],"aioseo_notices":[],"aioseo_head":"\n\t\t<!-- All in One SEO 5.0.0.1 - aioseo.com -->\n\t<meta name=\"description\" content=\"J\u00falio Esteves \u00e9 o novo gerente geral da BYD em Cama\u00e7ari, refor\u00e7ando a nacionaliza\u00e7\u00e3o.\" \/>\n\t<meta name=\"robots\" content=\"max-image-preview:large\" \/>\n\t<meta name=\"author\" content=\"Encontra Cama\u00e7ari\"\/>\n\t<link rel=\"canonical\" href=\"https:\/\/www.encontracamacari.com.br\/sobre\/julio-esteves-assume-gerencia-geral-da-fabrica-da-byd-em-camacari\/\" \/>\n\t<meta name=\"generator\" content=\"All in One SEO (AIOSEO) 5.0.0.1\" \/>\n\t\t<meta property=\"og:locale\" content=\"pt_BR\" \/>\n\t\t<meta property=\"og:site_name\" content=\"Encontra Cama\u00e7ari - Not\u00edcias, eventos, informa\u00e7\u00f5es e dicas na cidade de Cama\u00e7ari e regi\u00e3o.\" \/>\n\t\t<meta property=\"og:type\" content=\"article\" \/>\n\t\t<meta property=\"og:title\" content=\"J\u00falio Esteves assume ger\u00eancia geral da f\u00e1brica da BYD em Cama\u00e7ari - Encontra Cama\u00e7ari\" \/>\n\t\t<meta property=\"og:description\" content=\"J\u00falio Esteves \u00e9 o novo gerente geral da BYD em Cama\u00e7ari, refor\u00e7ando a nacionaliza\u00e7\u00e3o.\" \/>\n\t\t<meta property=\"og:url\" content=\"https:\/\/www.encontracamacari.com.br\/sobre\/julio-esteves-assume-gerencia-geral-da-fabrica-da-byd-em-camacari\/\" \/>\n\t\t<meta property=\"article:published_time\" content=\"2026-07-14T16:38:02+00:00\" \/>\n\t\t<meta property=\"article:modified_time\" content=\"2026-07-14T16:38:02+00:00\" \/>\n\t\t<meta name=\"twitter:card\" content=\"summary_large_image\" \/>\n\t\t<meta name=\"twitter:title\" content=\"J\u00falio Esteves assume ger\u00eancia geral da f\u00e1brica da BYD em Cama\u00e7ari - Encontra Cama\u00e7ari\" \/>\n\t\t<meta name=\"twitter:description\" content=\"J\u00falio Esteves \u00e9 o novo gerente geral da BYD em Cama\u00e7ari, refor\u00e7ando a nacionaliza\u00e7\u00e3o.\" \/>\n\t\t<script type=\"application\/ld+json\" class=\"aioseo-schema\">\n\t\t\t{\"@context\":\"https:\\\/\\\/schema.org\",\"@graph\":[{\"@type\":\"BlogPosting\",\"@id\":\"https:\\\/\\\/www.encontracamacari.com.br\\\/sobre\\\/julio-esteves-assume-gerencia-geral-da-fabrica-da-byd-em-camacari\\\/#blogposting\",\"name\":\"J\\u00falio Esteves assume ger\\u00eancia geral da f\\u00e1brica da BYD em Cama\\u00e7ari - Encontra Cama\\u00e7ari\",\"headline\":\"J\\u00falio Esteves assume ger\\u00eancia geral da f\\u00e1brica da BYD em Cama\\u00e7ari\",\"author\":{\"@id\":\"https:\\\/\\\/www.encontracamacari.com.br\\\/sobre\\\/author\\\/ecamacari\\\/#author\"},\"publisher\":{\"@id\":\"https:\\\/\\\/www.encontracamacari.com.br\\\/sobre\\\/#organization\"},\"image\":{\"@type\":\"ImageObject\",\"url\":\"https:\\\/\\\/www.encontracamacari.com.br\\\/sobre\\\/wp-content\\\/uploads\\\/2026\\\/07\\\/julio-esteves-assume-gerencia-geral-da-fabrica-da-byd-em-camacari.webp\",\"width\":280,\"height\":280,\"caption\":\"nacionaliza\\u00e7\\u00e3o da lideran\\u00e7a\"},\"datePublished\":\"2026-07-14T16:38:02+00:00\",\"dateModified\":\"2026-07-14T16:38:02+00:00\",\"inLanguage\":\"pt-BR\",\"mainEntityOfPage\":{\"@id\":\"https:\\\/\\\/www.encontracamacari.com.br\\\/sobre\\\/julio-esteves-assume-gerencia-geral-da-fabrica-da-byd-em-camacari\\\/#webpage\"},\"isPartOf\":{\"@id\":\"https:\\\/\\\/www.encontracamacari.com.br\\\/sobre\\\/julio-esteves-assume-gerencia-geral-da-fabrica-da-byd-em-camacari\\\/#webpage\"},\"articleSection\":\"Not\\u00edcias Cama\\u00e7ari\"},{\"@type\":\"BreadcrumbList\",\"@id\":\"https:\\\/\\\/www.encontracamacari.com.br\\\/sobre\\\/julio-esteves-assume-gerencia-geral-da-fabrica-da-byd-em-camacari\\\/#breadcrumblist\",\"itemListElement\":[{\"@type\":\"ListItem\",\"@id\":\"https:\\\/\\\/www.encontracamacari.com.br\\\/sobre#listItem\",\"position\":1,\"name\":\"Home\",\"item\":\"https:\\\/\\\/www.encontracamacari.com.br\\\/sobre\",\"nextItem\":{\"@type\":\"ListItem\",\"@id\":\"https:\\\/\\\/www.encontracamacari.com.br\\\/sobre\\\/noticias-em-camacari\\\/#listItem\",\"name\":\"Not\\u00edcias Cama\\u00e7ari\"}},{\"@type\":\"ListItem\",\"@id\":\"https:\\\/\\\/www.encontracamacari.com.br\\\/sobre\\\/noticias-em-camacari\\\/#listItem\",\"position\":2,\"name\":\"Not\\u00edcias Cama\\u00e7ari\",\"item\":\"https:\\\/\\\/www.encontracamacari.com.br\\\/sobre\\\/noticias-em-camacari\\\/\",\"nextItem\":{\"@type\":\"ListItem\",\"@id\":\"https:\\\/\\\/www.encontracamacari.com.br\\\/sobre\\\/julio-esteves-assume-gerencia-geral-da-fabrica-da-byd-em-camacari\\\/#listItem\",\"name\":\"J\\u00falio Esteves assume ger\\u00eancia geral da f\\u00e1brica da BYD em Cama\\u00e7ari\"},\"previousItem\":{\"@type\":\"ListItem\",\"@id\":\"https:\\\/\\\/www.encontracamacari.com.br\\\/sobre#listItem\",\"name\":\"Home\"}},{\"@type\":\"ListItem\",\"@id\":\"https:\\\/\\\/www.encontracamacari.com.br\\\/sobre\\\/julio-esteves-assume-gerencia-geral-da-fabrica-da-byd-em-camacari\\\/#listItem\",\"position\":3,\"name\":\"J\\u00falio Esteves assume ger\\u00eancia geral da f\\u00e1brica da BYD em Cama\\u00e7ari\",\"previousItem\":{\"@type\":\"ListItem\",\"@id\":\"https:\\\/\\\/www.encontracamacari.com.br\\\/sobre\\\/noticias-em-camacari\\\/#listItem\",\"name\":\"Not\\u00edcias Cama\\u00e7ari\"}}]},{\"@type\":\"Organization\",\"@id\":\"https:\\\/\\\/www.encontracamacari.com.br\\\/sobre\\\/#organization\",\"name\":\"Encontra Cama\\u00e7ari\",\"description\":\"Not\\u00edcias, eventos, informa\\u00e7\\u00f5es e dicas na cidade de Cama\\u00e7ari e regi\\u00e3o.\",\"url\":\"https:\\\/\\\/www.encontracamacari.com.br\\\/sobre\\\/\"},{\"@type\":\"Person\",\"@id\":\"https:\\\/\\\/www.encontracamacari.com.br\\\/sobre\\\/author\\\/ecamacari\\\/#author\",\"url\":\"https:\\\/\\\/www.encontracamacari.com.br\\\/sobre\\\/author\\\/ecamacari\\\/\",\"name\":\"Encontra Cama\\u00e7ari\",\"image\":{\"@type\":\"ImageObject\",\"@id\":\"https:\\\/\\\/www.encontracamacari.com.br\\\/sobre\\\/julio-esteves-assume-gerencia-geral-da-fabrica-da-byd-em-camacari\\\/#authorImage\",\"url\":\"https:\\\/\\\/secure.gravatar.com\\\/avatar\\\/507340682b8270222e1f208e23198b6ae7e2c6a1033ae84e99bc6bce4f82a387?s=96&d=mm&r=g\",\"width\":96,\"height\":96,\"caption\":\"Encontra Cama\\u00e7ari\"}},{\"@type\":\"WebPage\",\"@id\":\"https:\\\/\\\/www.encontracamacari.com.br\\\/sobre\\\/julio-esteves-assume-gerencia-geral-da-fabrica-da-byd-em-camacari\\\/#webpage\",\"url\":\"https:\\\/\\\/www.encontracamacari.com.br\\\/sobre\\\/julio-esteves-assume-gerencia-geral-da-fabrica-da-byd-em-camacari\\\/\",\"name\":\"J\\u00falio Esteves assume ger\\u00eancia geral da f\\u00e1brica da BYD em Cama\\u00e7ari - Encontra Cama\\u00e7ari\",\"description\":\"J\\u00falio Esteves \\u00e9 o novo gerente geral da BYD em Cama\\u00e7ari, refor\\u00e7ando a nacionaliza\\u00e7\\u00e3o.\",\"inLanguage\":\"pt-BR\",\"isPartOf\":{\"@id\":\"https:\\\/\\\/www.encontracamacari.com.br\\\/sobre\\\/#website\"},\"breadcrumb\":{\"@id\":\"https:\\\/\\\/www.encontracamacari.com.br\\\/sobre\\\/julio-esteves-assume-gerencia-geral-da-fabrica-da-byd-em-camacari\\\/#breadcrumblist\"},\"author\":{\"@id\":\"https:\\\/\\\/www.encontracamacari.com.br\\\/sobre\\\/author\\\/ecamacari\\\/#author\"},\"creator\":{\"@id\":\"https:\\\/\\\/www.encontracamacari.com.br\\\/sobre\\\/author\\\/ecamacari\\\/#author\"},\"image\":{\"@type\":\"ImageObject\",\"url\":\"https:\\\/\\\/www.encontracamacari.com.br\\\/sobre\\\/wp-content\\\/uploads\\\/2026\\\/07\\\/julio-esteves-assume-gerencia-geral-da-fabrica-da-byd-em-camacari.webp\",\"@id\":\"https:\\\/\\\/www.encontracamacari.com.br\\\/sobre\\\/julio-esteves-assume-gerencia-geral-da-fabrica-da-byd-em-camacari\\\/#mainImage\",\"width\":280,\"height\":280,\"caption\":\"nacionaliza\\u00e7\\u00e3o da lideran\\u00e7a\"},\"primaryImageOfPage\":{\"@id\":\"https:\\\/\\\/www.encontracamacari.com.br\\\/sobre\\\/julio-esteves-assume-gerencia-geral-da-fabrica-da-byd-em-camacari\\\/#mainImage\"},\"datePublished\":\"2026-07-14T16:38:02+00:00\",\"dateModified\":\"2026-07-14T16:38:02+00:00\"},{\"@type\":\"WebSite\",\"@id\":\"https:\\\/\\\/www.encontracamacari.com.br\\\/sobre\\\/#website\",\"url\":\"https:\\\/\\\/www.encontracamacari.com.br\\\/sobre\\\/\",\"name\":\"Encontra Cama\\u00e7ari\",\"description\":\"Not\\u00edcias, eventos, informa\\u00e7\\u00f5es e dicas na cidade de Cama\\u00e7ari e regi\\u00e3o.\",\"inLanguage\":\"pt-BR\",\"publisher\":{\"@id\":\"https:\\\/\\\/www.encontracamacari.com.br\\\/sobre\\\/#organization\"}}]}\n\t\t<\/script>\n\t\t<!-- All in One SEO -->\n\n","aioseo_head_json":{"title":"J\u00falio Esteves assume ger\u00eancia geral da f\u00e1brica da BYD em Cama\u00e7ari - Encontra Cama\u00e7ari","description":"J\u00falio Esteves \u00e9 o novo gerente geral da BYD em Cama\u00e7ari, refor\u00e7ando a nacionaliza\u00e7\u00e3o.","canonical_url":"https:\/\/www.encontracamacari.com.br\/sobre\/julio-esteves-assume-gerencia-geral-da-fabrica-da-byd-em-camacari\/","robots":"max-image-preview:large","keywords":"","webmasterTools":{"miscellaneous":""},"schema":{"@context":"https:\/\/schema.org","@graph":[{"@type":"BlogPosting","@id":"https:\/\/www.encontracamacari.com.br\/sobre\/julio-esteves-assume-gerencia-geral-da-fabrica-da-byd-em-camacari\/#blogposting","name":"J\u00falio Esteves assume ger\u00eancia geral da f\u00e1brica da BYD em Cama\u00e7ari - Encontra Cama\u00e7ari","headline":"J\u00falio Esteves assume ger\u00eancia geral da f\u00e1brica da BYD em Cama\u00e7ari","author":{"@id":"https:\/\/www.encontracamacari.com.br\/sobre\/author\/ecamacari\/#author"},"publisher":{"@id":"https:\/\/www.encontracamacari.com.br\/sobre\/#organization"},"image":{"@type":"ImageObject","url":"https:\/\/www.encontracamacari.com.br\/sobre\/wp-content\/uploads\/2026\/07\/julio-esteves-assume-gerencia-geral-da-fabrica-da-byd-em-camacari.webp","width":280,"height":280,"caption":"nacionaliza\u00e7\u00e3o da lideran\u00e7a"},"datePublished":"2026-07-14T16:38:02+00:00","dateModified":"2026-07-14T16:38:02+00:00","inLanguage":"pt-BR","mainEntityOfPage":{"@id":"https:\/\/www.encontracamacari.com.br\/sobre\/julio-esteves-assume-gerencia-geral-da-fabrica-da-byd-em-camacari\/#webpage"},"isPartOf":{"@id":"https:\/\/www.encontracamacari.com.br\/sobre\/julio-esteves-assume-gerencia-geral-da-fabrica-da-byd-em-camacari\/#webpage"},"articleSection":"Not\u00edcias Cama\u00e7ari"},{"@type":"BreadcrumbList","@id":"https:\/\/www.encontracamacari.com.br\/sobre\/julio-esteves-assume-gerencia-geral-da-fabrica-da-byd-em-camacari\/#breadcrumblist","itemListElement":[{"@type":"ListItem","@id":"https:\/\/www.encontracamacari.com.br\/sobre#listItem","position":1,"name":"Home","item":"https:\/\/www.encontracamacari.com.br\/sobre","nextItem":{"@type":"ListItem","@id":"https:\/\/www.encontracamacari.com.br\/sobre\/noticias-em-camacari\/#listItem","name":"Not\u00edcias Cama\u00e7ari"}},{"@type":"ListItem","@id":"https:\/\/www.encontracamacari.com.br\/sobre\/noticias-em-camacari\/#listItem","position":2,"name":"Not\u00edcias Cama\u00e7ari","item":"https:\/\/www.encontracamacari.com.br\/sobre\/noticias-em-camacari\/","nextItem":{"@type":"ListItem","@id":"https:\/\/www.encontracamacari.com.br\/sobre\/julio-esteves-assume-gerencia-geral-da-fabrica-da-byd-em-camacari\/#listItem","name":"J\u00falio Esteves assume ger\u00eancia geral da f\u00e1brica da BYD em Cama\u00e7ari"},"previousItem":{"@type":"ListItem","@id":"https:\/\/www.encontracamacari.com.br\/sobre#listItem","name":"Home"}},{"@type":"ListItem","@id":"https:\/\/www.encontracamacari.com.br\/sobre\/julio-esteves-assume-gerencia-geral-da-fabrica-da-byd-em-camacari\/#listItem","position":3,"name":"J\u00falio Esteves assume ger\u00eancia geral da f\u00e1brica da BYD em Cama\u00e7ari","previousItem":{"@type":"ListItem","@id":"https:\/\/www.encontracamacari.com.br\/sobre\/noticias-em-camacari\/#listItem","name":"Not\u00edcias Cama\u00e7ari"}}]},{"@type":"Organization","@id":"https:\/\/www.encontracamacari.com.br\/sobre\/#organization","name":"Encontra Cama\u00e7ari","description":"Not\u00edcias, eventos, informa\u00e7\u00f5es e dicas na cidade de Cama\u00e7ari e regi\u00e3o.","url":"https:\/\/www.encontracamacari.com.br\/sobre\/"},{"@type":"Person","@id":"https:\/\/www.encontracamacari.com.br\/sobre\/author\/ecamacari\/#author","url":"https:\/\/www.encontracamacari.com.br\/sobre\/author\/ecamacari\/","name":"Encontra Cama\u00e7ari","image":{"@type":"ImageObject","@id":"https:\/\/www.encontracamacari.com.br\/sobre\/julio-esteves-assume-gerencia-geral-da-fabrica-da-byd-em-camacari\/#authorImage","url":"https:\/\/secure.gravatar.com\/avatar\/507340682b8270222e1f208e23198b6ae7e2c6a1033ae84e99bc6bce4f82a387?s=96&d=mm&r=g","width":96,"height":96,"caption":"Encontra Cama\u00e7ari"}},{"@type":"WebPage","@id":"https:\/\/www.encontracamacari.com.br\/sobre\/julio-esteves-assume-gerencia-geral-da-fabrica-da-byd-em-camacari\/#webpage","url":"https:\/\/www.encontracamacari.com.br\/sobre\/julio-esteves-assume-gerencia-geral-da-fabrica-da-byd-em-camacari\/","name":"J\u00falio Esteves assume ger\u00eancia geral da f\u00e1brica da BYD em Cama\u00e7ari - Encontra Cama\u00e7ari","description":"J\u00falio Esteves \u00e9 o novo gerente geral da BYD em Cama\u00e7ari, refor\u00e7ando a nacionaliza\u00e7\u00e3o.","inLanguage":"pt-BR","isPartOf":{"@id":"https:\/\/www.encontracamacari.com.br\/sobre\/#website"},"breadcrumb":{"@id":"https:\/\/www.encontracamacari.com.br\/sobre\/julio-esteves-assume-gerencia-geral-da-fabrica-da-byd-em-camacari\/#breadcrumblist"},"author":{"@id":"https:\/\/www.encontracamacari.com.br\/sobre\/author\/ecamacari\/#author"},"creator":{"@id":"https:\/\/www.encontracamacari.com.br\/sobre\/author\/ecamacari\/#author"},"image":{"@type":"ImageObject","url":"https:\/\/www.encontracamacari.com.br\/sobre\/wp-content\/uploads\/2026\/07\/julio-esteves-assume-gerencia-geral-da-fabrica-da-byd-em-camacari.webp","@id":"https:\/\/www.encontracamacari.com.br\/sobre\/julio-esteves-assume-gerencia-geral-da-fabrica-da-byd-em-camacari\/#mainImage","width":280,"height":280,"caption":"nacionaliza\u00e7\u00e3o da lideran\u00e7a"},"primaryImageOfPage":{"@id":"https:\/\/www.encontracamacari.com.br\/sobre\/julio-esteves-assume-gerencia-geral-da-fabrica-da-byd-em-camacari\/#mainImage"},"datePublished":"2026-07-14T16:38:02+00:00","dateModified":"2026-07-14T16:38:02+00:00"},{"@type":"WebSite","@id":"https:\/\/www.encontracamacari.com.br\/sobre\/#website","url":"https:\/\/www.encontracamacari.com.br\/sobre\/","name":"Encontra Cama\u00e7ari","description":"Not\u00edcias, eventos, informa\u00e7\u00f5es e dicas na cidade de Cama\u00e7ari e regi\u00e3o.","inLanguage":"pt-BR","publisher":{"@id":"https:\/\/www.encontracamacari.com.br\/sobre\/#organization"}}]},"og:locale":"pt_BR","og:site_name":"Encontra Cama\u00e7ari - Not\u00edcias, eventos, informa\u00e7\u00f5es e dicas na cidade de Cama\u00e7ari e regi\u00e3o.","og:type":"article","og:title":"J\u00falio Esteves assume ger\u00eancia geral da f\u00e1brica da BYD em Cama\u00e7ari - Encontra Cama\u00e7ari","og:description":"J\u00falio Esteves \u00e9 o novo gerente geral da BYD em Cama\u00e7ari, refor\u00e7ando a nacionaliza\u00e7\u00e3o.","og:url":"https:\/\/www.encontracamacari.com.br\/sobre\/julio-esteves-assume-gerencia-geral-da-fabrica-da-byd-em-camacari\/","article:published_time":"2026-07-14T16:38:02+00:00","article:modified_time":"2026-07-14T16:38:02+00:00","twitter:card":"summary_large_image","twitter:title":"J\u00falio Esteves assume ger\u00eancia geral da f\u00e1brica da BYD em Cama\u00e7ari - Encontra Cama\u00e7ari","twitter:description":"J\u00falio Esteves \u00e9 o novo gerente geral da BYD em Cama\u00e7ari, refor\u00e7ando a nacionaliza\u00e7\u00e3o."},"aioseo_meta_data":{"post_id":"1384","title":null,"description":null,"keywords":null,"keyphrases":null,"primary_term":null,"canonical_url":null,"og_title":null,"og_description":null,"og_object_type":"default","og_image_type":"default","og_image_url":null,"og_image_width":null,"og_image_height":null,"og_image_custom_url":null,"og_image_custom_fields":null,"og_video":null,"og_custom_url":null,"og_article_section":null,"og_article_tags":null,"twitter_use_og":false,"twitter_card":"default","twitter_image_type":"default","twitter_image_url":null,"twitter_image_custom_url":null,"twitter_image_custom_fields":null,"twitter_title":null,"twitter_description":null,"schema":{"blockGraphs":[],"customGraphs":[],"default":{"data":{"Article":[],"Course":[],"Dataset":[],"FAQPage":[],"Movie":[],"Person":[],"Product":[],"ProductReview":[],"Car":[],"Recipe":[],"Service":[],"SoftwareApplication":[],"WebPage":[]},"graphName":"BlogPosting","isEnabled":true},"graphs":[]},"schema_type":"default","schema_type_options":null,"pillar_content":false,"robots_default":true,"robots_noindex":false,"robots_noarchive":false,"robots_nosnippet":false,"robots_nofollow":false,"robots_noimageindex":false,"robots_noodp":false,"robots_notranslate":false,"robots_max_snippet":null,"robots_max_videopreview":null,"robots_max_imagepreview":"large","priority":null,"frequency":null,"local_seo":null,"limit_modified_date":false,"created":"2026-07-14 16:38:06","updated":"2026-08-06 03:43:45","focus_keyword":null,"additional_keywords":null,"truseo_locale":null,"ai":null,"breadcrumb_settings":null,"seo_analyzer_scan_date":null},"aioseo_breadcrumb":"<div class=\"aioseo-breadcrumbs\"><span class=\"aioseo-breadcrumb\">\n\t\t\t<a href=\"https:\/\/www.encontracamacari.com.br\/sobre\" title=\"Home\">Home<\/a>\n\t\t<\/span><span class=\"aioseo-breadcrumb-separator\">&raquo;<\/span><span class=\"aioseo-breadcrumb\">\n\t\t\t<a href=\"https:\/\/www.encontracamacari.com.br\/sobre\/noticias-em-camacari\/\" title=\"Not\u00edcias Cama\u00e7ari\">Not\u00edcias Cama\u00e7ari<\/a>\n\t\t<\/span><span class=\"aioseo-breadcrumb-separator\">&raquo;<\/span><span class=\"aioseo-breadcrumb\">\n\t\t\tJ\u00falio Esteves assume ger\u00eancia geral da f\u00e1brica da BYD em Cama\u00e7ari\n\t\t<\/span><\/div>","aioseo_breadcrumb_json":[{"label":"Home","link":"https:\/\/www.encontracamacari.com.br\/sobre"},{"label":"Not\u00edcias Cama\u00e7ari","link":"https:\/\/www.encontracamacari.com.br\/sobre\/noticias-em-camacari\/"},{"label":"J\u00falio Esteves assume ger\u00eancia geral da f\u00e1brica da BYD em Cama\u00e7ari","link":"https:\/\/www.encontracamacari.com.br\/sobre\/julio-esteves-assume-gerencia-geral-da-fabrica-da-byd-em-camacari\/"}],"_links":{"self":[{"href":"https:\/\/www.encontracamacari.com.br\/sobre\/wp-json\/wp\/v2\/posts\/1384","targetHints":{"allow":["GET"]}}],"collection":[{"href":"https:\/\/www.encontracamacari.com.br\/sobre\/wp-json\/wp\/v2\/posts"}],"about":[{"href":"https:\/\/www.encontracamacari.com.br\/sobre\/wp-json\/wp\/v2\/types\/post"}],"author":[{"embeddable":true,"href":"https:\/\/www.encontracamacari.com.br\/sobre\/wp-json\/wp\/v2\/users\/1"}],"replies":[{"embeddable":true,"href":"https:\/\/www.encontracamacari.com.br\/sobre\/wp-json\/wp\/v2\/comments?post=1384"}],"version-history":[{"count":0,"href":"https:\/\/www.encontracamacari.com.br\/sobre\/wp-json\/wp\/v2\/posts\/1384\/revisions"}],"wp:featuredmedia":[{"embeddable":true,"href":"https:\/\/www.encontracamacari.com.br\/sobre\/wp-json\/wp\/v2\/media\/1383"}],"wp:attachment":[{"href":"https:\/\/www.encontracamacari.com.br\/sobre\/wp-json\/wp\/v2\/media?parent=1384"}],"wp:term":[{"taxonomy":"category","embeddable":true,"href":"https:\/\/www.encontracamacari.com.br\/sobre\/wp-json\/wp\/v2\/categories?post=1384"},{"taxonomy":"post_tag","embeddable":true,"href":"https:\/\/www.encontracamacari.com.br\/sobre\/wp-json\/wp\/v2\/tags?post=1384"}],"curies":[{"name":"wp","href":"https:\/\/api.w.org\/{rel}","templated":true}]}}