{"id":1354,"date":"2026-07-10T15:16:39","date_gmt":"2026-07-10T15:16:39","guid":{"rendered":"https:\/\/www.encontracamacari.com.br\/sobre\/plano-de-mobilidade-na-bahia-projeta-metro-ate-a-barra-e-vlt-em-camacari\/"},"modified":"2026-07-10T15:16:39","modified_gmt":"2026-07-10T15:16:39","slug":"plano-de-mobilidade-na-bahia-projeta-metro-ate-a-barra-e-vlt-em-camacari","status":"publish","type":"post","link":"https:\/\/www.encontracamacari.com.br\/sobre\/plano-de-mobilidade-na-bahia-projeta-metro-ate-a-barra-e-vlt-em-camacari\/","title":{"rendered":"Plano de mobilidade na Bahia projeta Metr\u00f4 at\u00e9 a Barra e VLT em Cama\u00e7ari"},"content":{"rendered":"<div class=\"2410bb7248a64bb1f71103797e0f239b\" data-index=\"1\" style=\"float: none; margin:0px;\">\n<ins class=\"adsbygoogle\"\r\n     style=\"display:block\"\r\n     data-ad-client=\"ca-pub-8585364105181520\"\r\n     data-ad-slot=\"8789329856\"\r\n     data-ad-format=\"auto\"\r\n     data-full-width-responsive=\"true\"><\/ins>\r\n<script>\r\n     (adsbygoogle = window.adsbygoogle || []).push({});\r\n<\/script>\n<\/div>\n<h2>A Necessidade de Melhorar a Mobilidade na Bahia<\/h2>\n<p>A melhoria da mobilidade na Bahia \u00e9 uma quest\u00e3o crucial, especialmente na Regi\u00e3o Metropolitana de Salvador (RMS). Com um quadro populacional crescente e um aumento significativo no n\u00famero de ve\u00edculos, a demanda por um sistema de transporte eficiente tornou-se uma prioridade. O Estudo Nacional de Mobilidade Urbana (ENMU) prop\u00f5e um cen\u00e1rio onde o transporte p\u00fablico atenda a 1,3 milh\u00e3o de passageiros diariamente, evidenciando a urg\u00eancia de investimentos e reformas na infraestrutura rodovi\u00e1ria e de transporte da regi\u00e3o.<\/p>\n<h2>Como o Metr\u00f4 Transformar\u00e1 a Barra<\/h2>\n<p>O destaque do plano de mobilidade \u00e9 a extens\u00e3o da Linha 1 do Metr\u00f4 de Salvador, que ir\u00e1 conectar a Lapa \u00e0 Barra. Essa linha representa uma parte essencial do projeto, pois a Barra \u00e9 considerada um ponto tur\u00edstico crucial e um centro de grande movimenta\u00e7\u00e3o econ\u00f4mica. Com um investimento projetado de aproximadamente R$ 2,5 bilh\u00f5es, espera-se que a nova linha atenda cerca de 120 mil passageiros por dia ao final do horizonte projetado para 2054.<\/p>\n<h2>VLT em Cama\u00e7ari: O Que Esperar?<\/h2>\n<p>Outro aspecto relevante do plano \u00e9 a introdu\u00e7\u00e3o do Ve\u00edculo Leve sobre Trilhos (VLT). A proposta para Cama\u00e7ari inclui a implementa\u00e7\u00e3o de um VLT que se ligar\u00e1 a Salvador. Essa linha tem a expectativa de percorrer 30 km e servir a um grande fluxo de cidad\u00e3os entre as duas cidades. Os investimentos para esse projeto s\u00e3o de R$ 2,3 bilh\u00f5es em infraestrutura e trens, promovendo o deslocamento de aproximadamente 44 mil passageiros diariamente.<\/p>\n<p><img decoding=\"async\" src=\"https:\/\/www.encontracamacari.com.br\/sobre\/wp-content\/uploads\/2026\/07\/plano-de-mobilidade-na-bahia-projeta-metro-ate-a-barra-e-vlt-em-camacari.webp\" alt=\"plano de mobilidade na Bahia\" loading=\"lazy\" \/><\/p>\n<h2>Investimentos Necess\u00e1rios para a Expans\u00e3o<\/h2>\n<p>Para tornar toda essa vis\u00e3o uma realidade, os investimentos totais estimados para o desenvolvimento do transporte p\u00fablico na RMS variam entre R$ 11,47 bilh\u00f5es e R$ 13,14 bilh\u00f5es. Esse aporte financeiro n\u00e3o s\u00f3 contribuir\u00e1 para a expans\u00e3o da rede de transporte, como tamb\u00e9m permitir\u00e1 uma redu\u00e7\u00e3o de custos nas tarifas, tornando o transporte p\u00fablico uma op\u00e7\u00e3o ainda mais atrativa para os usu\u00e1rios.<\/p>\n<h2>Impacto Ambiental do Novo Plano<\/h2>\n<p>Um dos objetivos centrais do plano \u00e9 a redu\u00e7\u00e3o das emiss\u00f5es de di\u00f3xido de carbono (CO\u2082). Com a expectativa de evitar mais de 100 mil toneladas de CO\u2082 por ano, a expans\u00e3o do sistema de transporte p\u00fablico vai n\u00e3o apenas beneficiar os cidad\u00e3os em termos de mobilidade, mas tamb\u00e9m promover um ambiente mais limpo e sustent\u00e1vel. Isso contribui para diminuir o impacto ambiental causado pelo aumento do tr\u00e1fego de autom\u00f3veis.<\/p><div class=\"2410bb7248a64bb1f71103797e0f239b\" data-index=\"2\" style=\"float: none; margin:0px;\">\n<ins class=\"adsbygoogle\"\r\n     style=\"display:block; text-align:center;\"\r\n     data-ad-layout=\"in-article\"\r\n     data-ad-format=\"fluid\"\r\n     data-ad-client=\"ca-pub-8585364105181520\"\r\n     data-ad-slot=\"2899217073\"><\/ins>\r\n<script>\r\n     (adsbygoogle = window.adsbygoogle || []).push({});\r\n<\/script>\r\n\r\n<\/br><\/br>\n<\/div>\n\n<h2>Benef\u00edcios Sociais e Econ\u00f4micos para a Popula\u00e7\u00e3o<\/h2>\n<p>Al\u00e9m da quest\u00e3o ambiental, o estudo tamb\u00e9m aponta para benef\u00edcios sociais significativos. A melhoria na mobilidade urbana \u00e9 diretamente relacionada \u00e0 qualidade de vida dos cidad\u00e3os. Com mais op\u00e7\u00f5es de transporte, a popula\u00e7\u00e3o ter\u00e1 maior acesso a empregos, servi\u00e7os de sa\u00fade e educa\u00e7\u00e3o. O potencial de gera\u00e7\u00e3o de empregos durante a implementa\u00e7\u00e3o do projeto \u00e9 outro fator positivo, com a expectativa de mais de 1 milh\u00e3o de postos de trabalho.<\/p>\n<h2>Integra\u00e7\u00e3o entre Diferentes Modais de Transporte<\/h2>\n<p>A integra\u00e7\u00e3o entre os diversos modais de transporte, como metr\u00f4, VLT e BRT, \u00e9 um dos pilares essenciais do planejamento. O intuito \u00e9 criar um sistema coeso que ligue \u00e1reas centrais e perif\u00e9ricas, facilitando o deslocamento das pessoas. Essa articula\u00e7\u00e3o otimiza o fluxo de passageiros, reduzindo tempos de espera e melhorando a conectividade entre os diferentes meios de transporte.<\/p>\n<h2>Desafios na Implanta\u00e7\u00e3o do Projeto<\/h2>\n<p>Cabe ressaltar que, apesar dos benef\u00edcios projetados, a implementa\u00e7\u00e3o do plano enfrenta desafios. Quest\u00f5es como desapropria\u00e7\u00f5es, resist\u00eancia da comunidade e a necessidade de garantir a seguran\u00e7a durante a constru\u00e7\u00e3o representam obst\u00e1culos a serem superados. Al\u00e9m disso, a coordena\u00e7\u00e3o entre as diferentes esferas de governo \u00e9 vital para o sucesso do projeto.<\/p>\n<h2>Expectativas at\u00e9 2054 para o Transporte P\u00fablico<\/h2>\n<p>As expectativas s\u00e3o altas at\u00e9 2054, com a previs\u00e3o de que o tempo m\u00e9dio de deslocamento da popula\u00e7\u00e3o possa ser reduzido em at\u00e9 4%. Isso ser\u00e1 poss\u00edvel n\u00e3o somente pela expans\u00e3o da rede de transporte, mas tamb\u00e9m pela moderniza\u00e7\u00e3o da infraestrutura existente. Portanto, as interven\u00e7\u00f5es planejadas representam um passo significativo para uma mobilidade mais eficiente na Bahia.<\/p>\n<h2>A Import\u00e2ncia da Participa\u00e7\u00e3o da Comunidade<\/h2>\n<p>Finalmente, \u00e9 fundamental que a comunidade esteja engajada no processo de planejamento e execu\u00e7\u00e3o dos projetos de mobilidade. A participa\u00e7\u00e3o da popula\u00e7\u00e3o em audi\u00eancias p\u00fablicas e debates sobre as mudan\u00e7as na infraestrutura ajuda a garantir que as necessidades e preocupa\u00e7\u00f5es dos cidad\u00e3os sejam devidamente consideradas. Um di\u00e1logo aberto entre governo e sociedade \u00e9 essencial para construir um sistema de transporte que atenda a todos.<\/p>\n<div class=\"2410bb7248a64bb1f71103797e0f239b\" data-index=\"3\" style=\"float: none; margin:0px;\">\n<\/br><\/br>\r\n\r\n<ins class=\"adsbygoogle\"\r\n     style=\"display:block\"\r\n     data-ad-format=\"fluid\"\r\n     data-ad-layout-key=\"-63+do+n-1s+9e\"\r\n     data-ad-client=\"ca-pub-8585364105181520\"\r\n     data-ad-slot=\"6838462089\"><\/ins>\r\n<script>\r\n     (adsbygoogle = window.adsbygoogle || []).push({});\r\n<\/script>\n<\/div>\n\n<div style=\"font-size: 0px; height: 0px; line-height: 0px; margin: 0; padding: 0; clear: both;\"><\/div>","protected":false},"excerpt":{"rendered":"<p>Metr\u00f4 at\u00e9 a Barra e VLT em Cama\u00e7ari: descubra o novo plano de mobilidade.<\/p>\n","protected":false},"author":1,"featured_media":1353,"comment_status":"open","ping_status":"closed","sticky":false,"template":"","format":"standard","meta":{"footnotes":""},"categories":[1],"tags":[],"class_list":["post-1354","post","type-post","status-publish","format-standard","has-post-thumbnail","hentry","category-noticias-em-camacari","has_thumb"],"aioseo_notices":[],"aioseo_head":"\n\t\t<!-- All in One SEO 5.0.0.1 - aioseo.com -->\n\t<meta name=\"description\" content=\"Metr\u00f4 at\u00e9 a Barra e VLT em Cama\u00e7ari: descubra o novo plano de mobilidade.\" \/>\n\t<meta name=\"robots\" content=\"max-image-preview:large\" \/>\n\t<meta name=\"author\" content=\"Encontra Cama\u00e7ari\"\/>\n\t<link rel=\"canonical\" href=\"https:\/\/www.encontracamacari.com.br\/sobre\/plano-de-mobilidade-na-bahia-projeta-metro-ate-a-barra-e-vlt-em-camacari\/\" \/>\n\t<meta name=\"generator\" content=\"All in One SEO (AIOSEO) 5.0.0.1\" \/>\n\t\t<meta property=\"og:locale\" content=\"pt_BR\" \/>\n\t\t<meta property=\"og:site_name\" content=\"Encontra Cama\u00e7ari - Not\u00edcias, eventos, informa\u00e7\u00f5es e dicas na cidade de Cama\u00e7ari e regi\u00e3o.\" \/>\n\t\t<meta property=\"og:type\" content=\"article\" \/>\n\t\t<meta property=\"og:title\" content=\"Plano de mobilidade na Bahia projeta Metr\u00f4 at\u00e9 a Barra e VLT em Cama\u00e7ari - Encontra Cama\u00e7ari\" \/>\n\t\t<meta property=\"og:description\" content=\"Metr\u00f4 at\u00e9 a Barra e VLT em Cama\u00e7ari: descubra o novo plano de mobilidade.\" \/>\n\t\t<meta property=\"og:url\" content=\"https:\/\/www.encontracamacari.com.br\/sobre\/plano-de-mobilidade-na-bahia-projeta-metro-ate-a-barra-e-vlt-em-camacari\/\" \/>\n\t\t<meta property=\"article:published_time\" content=\"2026-07-10T15:16:39+00:00\" \/>\n\t\t<meta property=\"article:modified_time\" content=\"2026-07-10T15:16:39+00:00\" \/>\n\t\t<meta name=\"twitter:card\" content=\"summary_large_image\" \/>\n\t\t<meta name=\"twitter:title\" content=\"Plano de mobilidade na Bahia projeta Metr\u00f4 at\u00e9 a Barra e VLT em Cama\u00e7ari - Encontra Cama\u00e7ari\" \/>\n\t\t<meta name=\"twitter:description\" content=\"Metr\u00f4 at\u00e9 a Barra e VLT em Cama\u00e7ari: descubra o novo plano de mobilidade.\" \/>\n\t\t<script type=\"application\/ld+json\" class=\"aioseo-schema\">\n\t\t\t{\"@context\":\"https:\\\/\\\/schema.org\",\"@graph\":[{\"@type\":\"BlogPosting\",\"@id\":\"https:\\\/\\\/www.encontracamacari.com.br\\\/sobre\\\/plano-de-mobilidade-na-bahia-projeta-metro-ate-a-barra-e-vlt-em-camacari\\\/#blogposting\",\"name\":\"Plano de mobilidade na Bahia projeta Metr\\u00f4 at\\u00e9 a Barra e VLT em Cama\\u00e7ari - Encontra Cama\\u00e7ari\",\"headline\":\"Plano de mobilidade na Bahia projeta Metr\\u00f4 at\\u00e9 a Barra e VLT em Cama\\u00e7ari\",\"author\":{\"@id\":\"https:\\\/\\\/www.encontracamacari.com.br\\\/sobre\\\/author\\\/ecamacari\\\/#author\"},\"publisher\":{\"@id\":\"https:\\\/\\\/www.encontracamacari.com.br\\\/sobre\\\/#organization\"},\"image\":{\"@type\":\"ImageObject\",\"url\":\"https:\\\/\\\/www.encontracamacari.com.br\\\/sobre\\\/wp-content\\\/uploads\\\/2026\\\/07\\\/plano-de-mobilidade-na-bahia-projeta-metro-ate-a-barra-e-vlt-em-camacari.webp\",\"width\":280,\"height\":280,\"caption\":\"plano de mobilidade na Bahia\"},\"datePublished\":\"2026-07-10T15:16:39+00:00\",\"dateModified\":\"2026-07-10T15:16:39+00:00\",\"inLanguage\":\"pt-BR\",\"mainEntityOfPage\":{\"@id\":\"https:\\\/\\\/www.encontracamacari.com.br\\\/sobre\\\/plano-de-mobilidade-na-bahia-projeta-metro-ate-a-barra-e-vlt-em-camacari\\\/#webpage\"},\"isPartOf\":{\"@id\":\"https:\\\/\\\/www.encontracamacari.com.br\\\/sobre\\\/plano-de-mobilidade-na-bahia-projeta-metro-ate-a-barra-e-vlt-em-camacari\\\/#webpage\"},\"articleSection\":\"Not\\u00edcias Cama\\u00e7ari\"},{\"@type\":\"BreadcrumbList\",\"@id\":\"https:\\\/\\\/www.encontracamacari.com.br\\\/sobre\\\/plano-de-mobilidade-na-bahia-projeta-metro-ate-a-barra-e-vlt-em-camacari\\\/#breadcrumblist\",\"itemListElement\":[{\"@type\":\"ListItem\",\"@id\":\"https:\\\/\\\/www.encontracamacari.com.br\\\/sobre#listItem\",\"position\":1,\"name\":\"Home\",\"item\":\"https:\\\/\\\/www.encontracamacari.com.br\\\/sobre\",\"nextItem\":{\"@type\":\"ListItem\",\"@id\":\"https:\\\/\\\/www.encontracamacari.com.br\\\/sobre\\\/noticias-em-camacari\\\/#listItem\",\"name\":\"Not\\u00edcias Cama\\u00e7ari\"}},{\"@type\":\"ListItem\",\"@id\":\"https:\\\/\\\/www.encontracamacari.com.br\\\/sobre\\\/noticias-em-camacari\\\/#listItem\",\"position\":2,\"name\":\"Not\\u00edcias Cama\\u00e7ari\",\"item\":\"https:\\\/\\\/www.encontracamacari.com.br\\\/sobre\\\/noticias-em-camacari\\\/\",\"nextItem\":{\"@type\":\"ListItem\",\"@id\":\"https:\\\/\\\/www.encontracamacari.com.br\\\/sobre\\\/plano-de-mobilidade-na-bahia-projeta-metro-ate-a-barra-e-vlt-em-camacari\\\/#listItem\",\"name\":\"Plano de mobilidade na Bahia projeta Metr\\u00f4 at\\u00e9 a Barra e VLT em Cama\\u00e7ari\"},\"previousItem\":{\"@type\":\"ListItem\",\"@id\":\"https:\\\/\\\/www.encontracamacari.com.br\\\/sobre#listItem\",\"name\":\"Home\"}},{\"@type\":\"ListItem\",\"@id\":\"https:\\\/\\\/www.encontracamacari.com.br\\\/sobre\\\/plano-de-mobilidade-na-bahia-projeta-metro-ate-a-barra-e-vlt-em-camacari\\\/#listItem\",\"position\":3,\"name\":\"Plano de mobilidade na Bahia projeta Metr\\u00f4 at\\u00e9 a Barra e VLT em Cama\\u00e7ari\",\"previousItem\":{\"@type\":\"ListItem\",\"@id\":\"https:\\\/\\\/www.encontracamacari.com.br\\\/sobre\\\/noticias-em-camacari\\\/#listItem\",\"name\":\"Not\\u00edcias Cama\\u00e7ari\"}}]},{\"@type\":\"Organization\",\"@id\":\"https:\\\/\\\/www.encontracamacari.com.br\\\/sobre\\\/#organization\",\"name\":\"Encontra Cama\\u00e7ari\",\"description\":\"Not\\u00edcias, eventos, informa\\u00e7\\u00f5es e dicas na cidade de Cama\\u00e7ari e regi\\u00e3o.\",\"url\":\"https:\\\/\\\/www.encontracamacari.com.br\\\/sobre\\\/\"},{\"@type\":\"Person\",\"@id\":\"https:\\\/\\\/www.encontracamacari.com.br\\\/sobre\\\/author\\\/ecamacari\\\/#author\",\"url\":\"https:\\\/\\\/www.encontracamacari.com.br\\\/sobre\\\/author\\\/ecamacari\\\/\",\"name\":\"Encontra Cama\\u00e7ari\",\"image\":{\"@type\":\"ImageObject\",\"@id\":\"https:\\\/\\\/www.encontracamacari.com.br\\\/sobre\\\/plano-de-mobilidade-na-bahia-projeta-metro-ate-a-barra-e-vlt-em-camacari\\\/#authorImage\",\"url\":\"https:\\\/\\\/secure.gravatar.com\\\/avatar\\\/507340682b8270222e1f208e23198b6ae7e2c6a1033ae84e99bc6bce4f82a387?s=96&d=mm&r=g\",\"width\":96,\"height\":96,\"caption\":\"Encontra Cama\\u00e7ari\"}},{\"@type\":\"WebPage\",\"@id\":\"https:\\\/\\\/www.encontracamacari.com.br\\\/sobre\\\/plano-de-mobilidade-na-bahia-projeta-metro-ate-a-barra-e-vlt-em-camacari\\\/#webpage\",\"url\":\"https:\\\/\\\/www.encontracamacari.com.br\\\/sobre\\\/plano-de-mobilidade-na-bahia-projeta-metro-ate-a-barra-e-vlt-em-camacari\\\/\",\"name\":\"Plano de mobilidade na Bahia projeta Metr\\u00f4 at\\u00e9 a Barra e VLT em Cama\\u00e7ari - Encontra Cama\\u00e7ari\",\"description\":\"Metr\\u00f4 at\\u00e9 a Barra e VLT em Cama\\u00e7ari: descubra o novo plano de mobilidade.\",\"inLanguage\":\"pt-BR\",\"isPartOf\":{\"@id\":\"https:\\\/\\\/www.encontracamacari.com.br\\\/sobre\\\/#website\"},\"breadcrumb\":{\"@id\":\"https:\\\/\\\/www.encontracamacari.com.br\\\/sobre\\\/plano-de-mobilidade-na-bahia-projeta-metro-ate-a-barra-e-vlt-em-camacari\\\/#breadcrumblist\"},\"author\":{\"@id\":\"https:\\\/\\\/www.encontracamacari.com.br\\\/sobre\\\/author\\\/ecamacari\\\/#author\"},\"creator\":{\"@id\":\"https:\\\/\\\/www.encontracamacari.com.br\\\/sobre\\\/author\\\/ecamacari\\\/#author\"},\"image\":{\"@type\":\"ImageObject\",\"url\":\"https:\\\/\\\/www.encontracamacari.com.br\\\/sobre\\\/wp-content\\\/uploads\\\/2026\\\/07\\\/plano-de-mobilidade-na-bahia-projeta-metro-ate-a-barra-e-vlt-em-camacari.webp\",\"@id\":\"https:\\\/\\\/www.encontracamacari.com.br\\\/sobre\\\/plano-de-mobilidade-na-bahia-projeta-metro-ate-a-barra-e-vlt-em-camacari\\\/#mainImage\",\"width\":280,\"height\":280,\"caption\":\"plano de mobilidade na Bahia\"},\"primaryImageOfPage\":{\"@id\":\"https:\\\/\\\/www.encontracamacari.com.br\\\/sobre\\\/plano-de-mobilidade-na-bahia-projeta-metro-ate-a-barra-e-vlt-em-camacari\\\/#mainImage\"},\"datePublished\":\"2026-07-10T15:16:39+00:00\",\"dateModified\":\"2026-07-10T15:16:39+00:00\"},{\"@type\":\"WebSite\",\"@id\":\"https:\\\/\\\/www.encontracamacari.com.br\\\/sobre\\\/#website\",\"url\":\"https:\\\/\\\/www.encontracamacari.com.br\\\/sobre\\\/\",\"name\":\"Encontra Cama\\u00e7ari\",\"description\":\"Not\\u00edcias, eventos, informa\\u00e7\\u00f5es e dicas na cidade de Cama\\u00e7ari e regi\\u00e3o.\",\"inLanguage\":\"pt-BR\",\"publisher\":{\"@id\":\"https:\\\/\\\/www.encontracamacari.com.br\\\/sobre\\\/#organization\"}}]}\n\t\t<\/script>\n\t\t<!-- All in One SEO -->\n\n","aioseo_head_json":{"title":"Plano de mobilidade na Bahia projeta Metr\u00f4 at\u00e9 a Barra e VLT em Cama\u00e7ari - Encontra Cama\u00e7ari","description":"Metr\u00f4 at\u00e9 a Barra e VLT em Cama\u00e7ari: descubra o novo plano de mobilidade.","canonical_url":"https:\/\/www.encontracamacari.com.br\/sobre\/plano-de-mobilidade-na-bahia-projeta-metro-ate-a-barra-e-vlt-em-camacari\/","robots":"max-image-preview:large","keywords":"","webmasterTools":{"miscellaneous":""},"schema":{"@context":"https:\/\/schema.org","@graph":[{"@type":"BlogPosting","@id":"https:\/\/www.encontracamacari.com.br\/sobre\/plano-de-mobilidade-na-bahia-projeta-metro-ate-a-barra-e-vlt-em-camacari\/#blogposting","name":"Plano de mobilidade na Bahia projeta Metr\u00f4 at\u00e9 a Barra e VLT em Cama\u00e7ari - Encontra Cama\u00e7ari","headline":"Plano de mobilidade na Bahia projeta Metr\u00f4 at\u00e9 a Barra e VLT em Cama\u00e7ari","author":{"@id":"https:\/\/www.encontracamacari.com.br\/sobre\/author\/ecamacari\/#author"},"publisher":{"@id":"https:\/\/www.encontracamacari.com.br\/sobre\/#organization"},"image":{"@type":"ImageObject","url":"https:\/\/www.encontracamacari.com.br\/sobre\/wp-content\/uploads\/2026\/07\/plano-de-mobilidade-na-bahia-projeta-metro-ate-a-barra-e-vlt-em-camacari.webp","width":280,"height":280,"caption":"plano de mobilidade na Bahia"},"datePublished":"2026-07-10T15:16:39+00:00","dateModified":"2026-07-10T15:16:39+00:00","inLanguage":"pt-BR","mainEntityOfPage":{"@id":"https:\/\/www.encontracamacari.com.br\/sobre\/plano-de-mobilidade-na-bahia-projeta-metro-ate-a-barra-e-vlt-em-camacari\/#webpage"},"isPartOf":{"@id":"https:\/\/www.encontracamacari.com.br\/sobre\/plano-de-mobilidade-na-bahia-projeta-metro-ate-a-barra-e-vlt-em-camacari\/#webpage"},"articleSection":"Not\u00edcias Cama\u00e7ari"},{"@type":"BreadcrumbList","@id":"https:\/\/www.encontracamacari.com.br\/sobre\/plano-de-mobilidade-na-bahia-projeta-metro-ate-a-barra-e-vlt-em-camacari\/#breadcrumblist","itemListElement":[{"@type":"ListItem","@id":"https:\/\/www.encontracamacari.com.br\/sobre#listItem","position":1,"name":"Home","item":"https:\/\/www.encontracamacari.com.br\/sobre","nextItem":{"@type":"ListItem","@id":"https:\/\/www.encontracamacari.com.br\/sobre\/noticias-em-camacari\/#listItem","name":"Not\u00edcias Cama\u00e7ari"}},{"@type":"ListItem","@id":"https:\/\/www.encontracamacari.com.br\/sobre\/noticias-em-camacari\/#listItem","position":2,"name":"Not\u00edcias Cama\u00e7ari","item":"https:\/\/www.encontracamacari.com.br\/sobre\/noticias-em-camacari\/","nextItem":{"@type":"ListItem","@id":"https:\/\/www.encontracamacari.com.br\/sobre\/plano-de-mobilidade-na-bahia-projeta-metro-ate-a-barra-e-vlt-em-camacari\/#listItem","name":"Plano de mobilidade na Bahia projeta Metr\u00f4 at\u00e9 a Barra e VLT em Cama\u00e7ari"},"previousItem":{"@type":"ListItem","@id":"https:\/\/www.encontracamacari.com.br\/sobre#listItem","name":"Home"}},{"@type":"ListItem","@id":"https:\/\/www.encontracamacari.com.br\/sobre\/plano-de-mobilidade-na-bahia-projeta-metro-ate-a-barra-e-vlt-em-camacari\/#listItem","position":3,"name":"Plano de mobilidade na Bahia projeta Metr\u00f4 at\u00e9 a Barra e VLT em Cama\u00e7ari","previousItem":{"@type":"ListItem","@id":"https:\/\/www.encontracamacari.com.br\/sobre\/noticias-em-camacari\/#listItem","name":"Not\u00edcias Cama\u00e7ari"}}]},{"@type":"Organization","@id":"https:\/\/www.encontracamacari.com.br\/sobre\/#organization","name":"Encontra Cama\u00e7ari","description":"Not\u00edcias, eventos, informa\u00e7\u00f5es e dicas na cidade de Cama\u00e7ari e regi\u00e3o.","url":"https:\/\/www.encontracamacari.com.br\/sobre\/"},{"@type":"Person","@id":"https:\/\/www.encontracamacari.com.br\/sobre\/author\/ecamacari\/#author","url":"https:\/\/www.encontracamacari.com.br\/sobre\/author\/ecamacari\/","name":"Encontra Cama\u00e7ari","image":{"@type":"ImageObject","@id":"https:\/\/www.encontracamacari.com.br\/sobre\/plano-de-mobilidade-na-bahia-projeta-metro-ate-a-barra-e-vlt-em-camacari\/#authorImage","url":"https:\/\/secure.gravatar.com\/avatar\/507340682b8270222e1f208e23198b6ae7e2c6a1033ae84e99bc6bce4f82a387?s=96&d=mm&r=g","width":96,"height":96,"caption":"Encontra Cama\u00e7ari"}},{"@type":"WebPage","@id":"https:\/\/www.encontracamacari.com.br\/sobre\/plano-de-mobilidade-na-bahia-projeta-metro-ate-a-barra-e-vlt-em-camacari\/#webpage","url":"https:\/\/www.encontracamacari.com.br\/sobre\/plano-de-mobilidade-na-bahia-projeta-metro-ate-a-barra-e-vlt-em-camacari\/","name":"Plano de mobilidade na Bahia projeta Metr\u00f4 at\u00e9 a Barra e VLT em Cama\u00e7ari - Encontra Cama\u00e7ari","description":"Metr\u00f4 at\u00e9 a Barra e VLT em Cama\u00e7ari: descubra o novo plano de mobilidade.","inLanguage":"pt-BR","isPartOf":{"@id":"https:\/\/www.encontracamacari.com.br\/sobre\/#website"},"breadcrumb":{"@id":"https:\/\/www.encontracamacari.com.br\/sobre\/plano-de-mobilidade-na-bahia-projeta-metro-ate-a-barra-e-vlt-em-camacari\/#breadcrumblist"},"author":{"@id":"https:\/\/www.encontracamacari.com.br\/sobre\/author\/ecamacari\/#author"},"creator":{"@id":"https:\/\/www.encontracamacari.com.br\/sobre\/author\/ecamacari\/#author"},"image":{"@type":"ImageObject","url":"https:\/\/www.encontracamacari.com.br\/sobre\/wp-content\/uploads\/2026\/07\/plano-de-mobilidade-na-bahia-projeta-metro-ate-a-barra-e-vlt-em-camacari.webp","@id":"https:\/\/www.encontracamacari.com.br\/sobre\/plano-de-mobilidade-na-bahia-projeta-metro-ate-a-barra-e-vlt-em-camacari\/#mainImage","width":280,"height":280,"caption":"plano de mobilidade na Bahia"},"primaryImageOfPage":{"@id":"https:\/\/www.encontracamacari.com.br\/sobre\/plano-de-mobilidade-na-bahia-projeta-metro-ate-a-barra-e-vlt-em-camacari\/#mainImage"},"datePublished":"2026-07-10T15:16:39+00:00","dateModified":"2026-07-10T15:16:39+00:00"},{"@type":"WebSite","@id":"https:\/\/www.encontracamacari.com.br\/sobre\/#website","url":"https:\/\/www.encontracamacari.com.br\/sobre\/","name":"Encontra Cama\u00e7ari","description":"Not\u00edcias, eventos, informa\u00e7\u00f5es e dicas na cidade de Cama\u00e7ari e regi\u00e3o.","inLanguage":"pt-BR","publisher":{"@id":"https:\/\/www.encontracamacari.com.br\/sobre\/#organization"}}]},"og:locale":"pt_BR","og:site_name":"Encontra Cama\u00e7ari - Not\u00edcias, eventos, informa\u00e7\u00f5es e dicas na cidade de Cama\u00e7ari e regi\u00e3o.","og:type":"article","og:title":"Plano de mobilidade na Bahia projeta Metr\u00f4 at\u00e9 a Barra e VLT em Cama\u00e7ari - Encontra Cama\u00e7ari","og:description":"Metr\u00f4 at\u00e9 a Barra e VLT em Cama\u00e7ari: descubra o novo plano de mobilidade.","og:url":"https:\/\/www.encontracamacari.com.br\/sobre\/plano-de-mobilidade-na-bahia-projeta-metro-ate-a-barra-e-vlt-em-camacari\/","article:published_time":"2026-07-10T15:16:39+00:00","article:modified_time":"2026-07-10T15:16:39+00:00","twitter:card":"summary_large_image","twitter:title":"Plano de mobilidade na Bahia projeta Metr\u00f4 at\u00e9 a Barra e VLT em Cama\u00e7ari - Encontra Cama\u00e7ari","twitter:description":"Metr\u00f4 at\u00e9 a Barra e VLT em Cama\u00e7ari: descubra o novo plano de mobilidade."},"aioseo_meta_data":{"post_id":"1354","title":null,"description":null,"keywords":null,"keyphrases":null,"primary_term":null,"canonical_url":null,"og_title":null,"og_description":null,"og_object_type":"default","og_image_type":"default","og_image_url":null,"og_image_width":null,"og_image_height":null,"og_image_custom_url":null,"og_image_custom_fields":null,"og_video":null,"og_custom_url":null,"og_article_section":null,"og_article_tags":null,"twitter_use_og":false,"twitter_card":"default","twitter_image_type":"default","twitter_image_url":null,"twitter_image_custom_url":null,"twitter_image_custom_fields":null,"twitter_title":null,"twitter_description":null,"schema":{"blockGraphs":[],"customGraphs":[],"default":{"data":{"Article":[],"Course":[],"Dataset":[],"FAQPage":[],"Movie":[],"Person":[],"Product":[],"ProductReview":[],"Car":[],"Recipe":[],"Service":[],"SoftwareApplication":[],"WebPage":[]},"graphName":"BlogPosting","isEnabled":true},"graphs":[]},"schema_type":"default","schema_type_options":null,"pillar_content":false,"robots_default":true,"robots_noindex":false,"robots_noarchive":false,"robots_nosnippet":false,"robots_nofollow":false,"robots_noimageindex":false,"robots_noodp":false,"robots_notranslate":false,"robots_max_snippet":null,"robots_max_videopreview":null,"robots_max_imagepreview":"large","priority":null,"frequency":null,"local_seo":null,"limit_modified_date":false,"created":"2026-07-10 15:16:41","updated":"2026-08-06 03:41:20","focus_keyword":null,"additional_keywords":null,"truseo_locale":null,"ai":null,"breadcrumb_settings":null,"seo_analyzer_scan_date":null},"aioseo_breadcrumb":"<div class=\"aioseo-breadcrumbs\"><span class=\"aioseo-breadcrumb\">\n\t\t\t<a href=\"https:\/\/www.encontracamacari.com.br\/sobre\" title=\"Home\">Home<\/a>\n\t\t<\/span><span class=\"aioseo-breadcrumb-separator\">&raquo;<\/span><span class=\"aioseo-breadcrumb\">\n\t\t\t<a href=\"https:\/\/www.encontracamacari.com.br\/sobre\/noticias-em-camacari\/\" title=\"Not\u00edcias Cama\u00e7ari\">Not\u00edcias Cama\u00e7ari<\/a>\n\t\t<\/span><span class=\"aioseo-breadcrumb-separator\">&raquo;<\/span><span class=\"aioseo-breadcrumb\">\n\t\t\tPlano de mobilidade na Bahia projeta Metr\u00f4 at\u00e9 a Barra e VLT em Cama\u00e7ari\n\t\t<\/span><\/div>","aioseo_breadcrumb_json":[{"label":"Home","link":"https:\/\/www.encontracamacari.com.br\/sobre"},{"label":"Not\u00edcias Cama\u00e7ari","link":"https:\/\/www.encontracamacari.com.br\/sobre\/noticias-em-camacari\/"},{"label":"Plano de mobilidade na Bahia projeta Metr\u00f4 at\u00e9 a Barra e VLT em Cama\u00e7ari","link":"https:\/\/www.encontracamacari.com.br\/sobre\/plano-de-mobilidade-na-bahia-projeta-metro-ate-a-barra-e-vlt-em-camacari\/"}],"_links":{"self":[{"href":"https:\/\/www.encontracamacari.com.br\/sobre\/wp-json\/wp\/v2\/posts\/1354","targetHints":{"allow":["GET"]}}],"collection":[{"href":"https:\/\/www.encontracamacari.com.br\/sobre\/wp-json\/wp\/v2\/posts"}],"about":[{"href":"https:\/\/www.encontracamacari.com.br\/sobre\/wp-json\/wp\/v2\/types\/post"}],"author":[{"embeddable":true,"href":"https:\/\/www.encontracamacari.com.br\/sobre\/wp-json\/wp\/v2\/users\/1"}],"replies":[{"embeddable":true,"href":"https:\/\/www.encontracamacari.com.br\/sobre\/wp-json\/wp\/v2\/comments?post=1354"}],"version-history":[{"count":0,"href":"https:\/\/www.encontracamacari.com.br\/sobre\/wp-json\/wp\/v2\/posts\/1354\/revisions"}],"wp:featuredmedia":[{"embeddable":true,"href":"https:\/\/www.encontracamacari.com.br\/sobre\/wp-json\/wp\/v2\/media\/1353"}],"wp:attachment":[{"href":"https:\/\/www.encontracamacari.com.br\/sobre\/wp-json\/wp\/v2\/media?parent=1354"}],"wp:term":[{"taxonomy":"category","embeddable":true,"href":"https:\/\/www.encontracamacari.com.br\/sobre\/wp-json\/wp\/v2\/categories?post=1354"},{"taxonomy":"post_tag","embeddable":true,"href":"https:\/\/www.encontracamacari.com.br\/sobre\/wp-json\/wp\/v2\/tags?post=1354"}],"curies":[{"name":"wp","href":"https:\/\/api.w.org\/{rel}","templated":true}]}}