{"id":1326,"date":"2026-07-08T07:29:09","date_gmt":"2026-07-08T07:29:09","guid":{"rendered":"https:\/\/www.encontracamacari.com.br\/sobre\/policlinica-de-camacari-ja-tem-data-para-ser-entregue-revela-caetano\/"},"modified":"2026-07-08T07:29:09","modified_gmt":"2026-07-08T07:29:09","slug":"policlinica-de-camacari-ja-tem-data-para-ser-entregue-revela-caetano","status":"publish","type":"post","link":"https:\/\/www.encontracamacari.com.br\/sobre\/policlinica-de-camacari-ja-tem-data-para-ser-entregue-revela-caetano\/","title":{"rendered":"Policl\u00ednica de Cama\u00e7ari j\u00e1 tem data para ser entregue, revela Caetano"},"content":{"rendered":"<div class=\"2410bb7248a64bb1f71103797e0f239b\" data-index=\"1\" style=\"float: none; margin:0px;\">\n<ins class=\"adsbygoogle\"\r\n     style=\"display:block\"\r\n     data-ad-client=\"ca-pub-8585364105181520\"\r\n     data-ad-slot=\"8789329856\"\r\n     data-ad-format=\"auto\"\r\n     data-full-width-responsive=\"true\"><\/ins>\r\n<script>\r\n     (adsbygoogle = window.adsbygoogle || []).push({});\r\n<\/script>\n<\/div>\n<h2>Import\u00e2ncia da Policl\u00ednica para Cama\u00e7ari<\/h2>\n<p>A Policl\u00ednica de Cama\u00e7ari surge como um marco significativo no avan\u00e7o da sa\u00fade p\u00fablica na cidade, representando um investimento in\u00e9dito na \u00faltima d\u00e9cada. Com a entrega prevista para o final deste m\u00eas de junho, essa unidade foi projetada para atender uma demanda crescente por servi\u00e7os de sa\u00fade especializados, servindo a um p\u00fablico que, at\u00e9 ent\u00e3o, enfrentava dificuldades de acesso a atendimentos m\u00e9dicos adequados. Ao longo dos \u00faltimos 40 anos, nada se compara ao que esta nova estrutura ir\u00e1 proporcionar \u00e0 popula\u00e7\u00e3o local.<\/p>\n<h2>Composi\u00e7\u00e3o da Nova Unidade de Sa\u00fade<\/h2>\n<p>Essa nova unidade contar\u00e1 com uma configura\u00e7\u00e3o moderna e abrangente, oferecendo 25 consult\u00f3rios dedicados a diversas especialidades m\u00e9dicas. Entre as \u00e1reas cobertas est\u00e3o oftalmologia, otorrinolaringologia, al\u00e9m de recursos voltados para fisioterapia e um espa\u00e7o destinado ao atendimento de crian\u00e7as, focando na estimula\u00e7\u00e3o precoce. Este projeto foi meticulosamente desenvolvido com o objetivo de criar um ambiente que promova a efici\u00eancia dos fluxos de atendimento e assegure a qualidade do atendimento prestado.<\/p>\n<h2>Expectativa para os Primeiros Atendimentos<\/h2>\n<p>Com a abertura da Policl\u00ednica, a expectativa \u00e9 de que nos primeiros meses de funcionamento a unidade opere sob a gest\u00e3o da Prefeitura, permitindo uma experi\u00eancia direta para os usu\u00e1rios. O prefeito Luiz Caetano destacou a amplia\u00e7\u00e3o prevista na oferta de servi\u00e7os, que deve ser gradual e responder \u00e0 demanda da popula\u00e7\u00e3o conforme a unidade se estabiliza em suas opera\u00e7\u00f5es.<\/p>\n<p><img decoding=\"async\" src=\"https:\/\/www.encontracamacari.com.br\/sobre\/wp-content\/uploads\/2026\/07\/policlinica-de-camacari-ja-tem-data-para-ser-entregue-revela-caetano.webp\" alt=\"Policl\u00ednica de Cama\u00e7ari\" loading=\"lazy\" \/><\/p>\n<h2>Impactos na Sa\u00fade P\u00fablica Local<\/h2>\n<p>A nova Policl\u00ednica n\u00e3o apenas oferecer\u00e1 servi\u00e7os m\u00e9dicos, mas tamb\u00e9m trar\u00e1 um impacto profundo na sa\u00fade p\u00fablica de Cama\u00e7ari como um todo. Com capacidade para realizar at\u00e9 54 mil atendimentos mensais, a unidade poder\u00e1 aliviar a press\u00e3o sobre outros servi\u00e7os de sa\u00fade da localidade, permitindo um atendimento mais \u00e1gil e eficiente para os cidad\u00e3os.<\/p>\n<h2>Desafios na Implementa\u00e7\u00e3o do Projeto<\/h2>\n<p>Apesar do entusiasmo em torno da nova unidade de sa\u00fade, o processo de implementa\u00e7\u00e3o n\u00e3o foi isento de desafios. O prefeito fez cr\u00edticas \u00e0 oposi\u00e7\u00e3o na C\u00e2mara Municipal que, segundo ele, teria barrado iniciativas para estabelecer uma gest\u00e3o compartilhada com o governo do Estado. Essa forma\u00e7\u00e3o de cons\u00f3rcio buscava ampliar as capacidades operacionais da Policl\u00ednica, mas os entraves administrativos devem ser superados para otimizar ainda mais o funcionamento da estrutura.<\/p><div class=\"2410bb7248a64bb1f71103797e0f239b\" data-index=\"2\" style=\"float: none; margin:0px;\">\n<ins class=\"adsbygoogle\"\r\n     style=\"display:block; text-align:center;\"\r\n     data-ad-layout=\"in-article\"\r\n     data-ad-format=\"fluid\"\r\n     data-ad-client=\"ca-pub-8585364105181520\"\r\n     data-ad-slot=\"2899217073\"><\/ins>\r\n<script>\r\n     (adsbygoogle = window.adsbygoogle || []).push({});\r\n<\/script>\r\n\r\n<\/br><\/br>\n<\/div>\n\n<h2>Rea\u00e7\u00f5es da Comunidade sobre a Nova Policl\u00ednica<\/h2>\n<p>A comunidade de Cama\u00e7ari expressa um misto de otimismo e expectativa em rela\u00e7\u00e3o ao novo servi\u00e7o de sa\u00fade. Muitos moradores acreditam que a Policl\u00ednica ser\u00e1 uma solu\u00e7\u00e3o eficaz para a car\u00eancia de servi\u00e7os especializados na regi\u00e3o, promovendo um acesso mais igualit\u00e1rio e justo \u00e0 sa\u00fade. O envolvimento comunit\u00e1rio e a ades\u00e3o ao novo modelo de sa\u00fade s\u00e3o cruciais para garantir que a Policl\u00ednica atenda \u00e0s reais necessidades da popula\u00e7\u00e3o.<\/p>\n<h2>Investimentos em Sa\u00fade em Cama\u00e7ari<\/h2>\n<p>Com um investimento superior a R$ 24,4 milh\u00f5es, a constru\u00e7\u00e3o da Policl\u00ednica representa um esfor\u00e7o significativo para melhorar a infraestrutura de sa\u00fade em Cama\u00e7ari. Al\u00e9m de ser a primeira da Regi\u00e3o Metropolitana de Salvador a ser constru\u00edda dentro do Novo Programa de Acelera\u00e7\u00e3o do Crescimento (PAC), a unidade simboliza um compromisso com a melhoria cont\u00ednua do acesso a servi\u00e7os de sa\u00fade qualificados.<\/p>\n<h2>Tenha Acesso a Especialidades M\u00e9dicas<\/h2>\n<p>A Policl\u00ednica ir\u00e1 proporcionar uma variedade de especialidades m\u00e9dicas, permitindo que os cidad\u00e3os possam obter diagn\u00f3sticos e tratamentos em um \u00fanico local. Isso n\u00e3o apenas melhora a experi\u00eancia do usu\u00e1rio, mas tamb\u00e9m promove uma maior integra\u00e7\u00e3o entre as diferentes \u00e1reas da sa\u00fade, otimizando o atendimento e os resultados cl\u00ednicos para os pacientes.<\/p>\n<h2> futuro da Gest\u00e3o da Policl\u00ednica<\/h2>\n<p>Uma vez em opera\u00e7\u00e3o, a unidade de sa\u00fade ter\u00e1 sua gest\u00e3o sob responsabilidade direta da Prefeitura, com um plano claro de expans\u00e3o dos servi\u00e7os oferecidos. O objetivo \u00e9 garantir que a Policl\u00ednica evolua constantemente, ajustando-se \u00e0s demandas da popula\u00e7\u00e3o e \u00e0s necessidades emergentes da sa\u00fade p\u00fablica local.<\/p>\n<h2>Cr\u00edticas e Desafios Pol\u00edticos Enfrentados<\/h2>\n<p>Uma preocupa\u00e7\u00e3o constante expressa pelo prefeito refere-se \u00e0 oposi\u00e7\u00e3o pol\u00edtica, que poderia dificultar o progresso da sa\u00fade p\u00fablica em Cama\u00e7ari. O desbloqueio de propostas essenciais para a gest\u00e3o do novo equipamento \u00e9 indispens\u00e1vel para garantir que a Policl\u00ednica alcance sua capacidade total de atendimento e efetividade. Adaptar-se a esse cen\u00e1rio pol\u00edtico ser\u00e1 um desafio, mas fundamental para o sucesso do projeto.<\/p>\n<div class=\"2410bb7248a64bb1f71103797e0f239b\" data-index=\"3\" style=\"float: none; margin:0px;\">\n<\/br><\/br>\r\n\r\n<ins class=\"adsbygoogle\"\r\n     style=\"display:block\"\r\n     data-ad-format=\"fluid\"\r\n     data-ad-layout-key=\"-63+do+n-1s+9e\"\r\n     data-ad-client=\"ca-pub-8585364105181520\"\r\n     data-ad-slot=\"6838462089\"><\/ins>\r\n<script>\r\n     (adsbygoogle = window.adsbygoogle || []).push({});\r\n<\/script>\n<\/div>\n\n<div style=\"font-size: 0px; height: 0px; line-height: 0px; margin: 0; padding: 0; clear: both;\"><\/div>","protected":false},"excerpt":{"rendered":"<p>Saiba tudo sobre a nova Policl\u00ednica de Cama\u00e7ari e sua data de entrega!<\/p>\n","protected":false},"author":1,"featured_media":1325,"comment_status":"open","ping_status":"closed","sticky":false,"template":"","format":"standard","meta":{"footnotes":""},"categories":[1],"tags":[],"class_list":["post-1326","post","type-post","status-publish","format-standard","has-post-thumbnail","hentry","category-noticias-em-camacari","has_thumb"],"aioseo_notices":[],"aioseo_head":"\n\t\t<!-- All in One SEO 5.0.0.1 - aioseo.com -->\n\t<meta name=\"description\" content=\"Saiba tudo sobre a nova Policl\u00ednica de Cama\u00e7ari e sua data de entrega!\" \/>\n\t<meta name=\"robots\" content=\"max-image-preview:large\" \/>\n\t<meta name=\"author\" content=\"Encontra Cama\u00e7ari\"\/>\n\t<link rel=\"canonical\" href=\"https:\/\/www.encontracamacari.com.br\/sobre\/policlinica-de-camacari-ja-tem-data-para-ser-entregue-revela-caetano\/\" \/>\n\t<meta name=\"generator\" content=\"All in One SEO (AIOSEO) 5.0.0.1\" \/>\n\t\t<meta property=\"og:locale\" content=\"pt_BR\" \/>\n\t\t<meta property=\"og:site_name\" content=\"Encontra Cama\u00e7ari - Not\u00edcias, eventos, informa\u00e7\u00f5es e dicas na cidade de Cama\u00e7ari e regi\u00e3o.\" \/>\n\t\t<meta property=\"og:type\" content=\"article\" \/>\n\t\t<meta property=\"og:title\" content=\"Policl\u00ednica de Cama\u00e7ari j\u00e1 tem data para ser entregue, revela Caetano - Encontra Cama\u00e7ari\" \/>\n\t\t<meta property=\"og:description\" content=\"Saiba tudo sobre a nova Policl\u00ednica de Cama\u00e7ari e sua data de entrega!\" \/>\n\t\t<meta property=\"og:url\" content=\"https:\/\/www.encontracamacari.com.br\/sobre\/policlinica-de-camacari-ja-tem-data-para-ser-entregue-revela-caetano\/\" \/>\n\t\t<meta property=\"article:published_time\" content=\"2026-07-08T07:29:09+00:00\" \/>\n\t\t<meta property=\"article:modified_time\" content=\"2026-07-08T07:29:09+00:00\" \/>\n\t\t<meta name=\"twitter:card\" content=\"summary_large_image\" \/>\n\t\t<meta name=\"twitter:title\" content=\"Policl\u00ednica de Cama\u00e7ari j\u00e1 tem data para ser entregue, revela Caetano - Encontra Cama\u00e7ari\" \/>\n\t\t<meta name=\"twitter:description\" content=\"Saiba tudo sobre a nova Policl\u00ednica de Cama\u00e7ari e sua data de entrega!\" \/>\n\t\t<script type=\"application\/ld+json\" class=\"aioseo-schema\">\n\t\t\t{\"@context\":\"https:\\\/\\\/schema.org\",\"@graph\":[{\"@type\":\"BlogPosting\",\"@id\":\"https:\\\/\\\/www.encontracamacari.com.br\\\/sobre\\\/policlinica-de-camacari-ja-tem-data-para-ser-entregue-revela-caetano\\\/#blogposting\",\"name\":\"Policl\\u00ednica de Cama\\u00e7ari j\\u00e1 tem data para ser entregue, revela Caetano - Encontra Cama\\u00e7ari\",\"headline\":\"Policl\\u00ednica de Cama\\u00e7ari j\\u00e1 tem data para ser entregue, revela Caetano\",\"author\":{\"@id\":\"https:\\\/\\\/www.encontracamacari.com.br\\\/sobre\\\/author\\\/ecamacari\\\/#author\"},\"publisher\":{\"@id\":\"https:\\\/\\\/www.encontracamacari.com.br\\\/sobre\\\/#organization\"},\"image\":{\"@type\":\"ImageObject\",\"url\":\"https:\\\/\\\/www.encontracamacari.com.br\\\/sobre\\\/wp-content\\\/uploads\\\/2026\\\/07\\\/policlinica-de-camacari-ja-tem-data-para-ser-entregue-revela-caetano.webp\",\"width\":280,\"height\":280,\"caption\":\"Policl\\u00ednica de Cama\\u00e7ari\"},\"datePublished\":\"2026-07-08T07:29:09+00:00\",\"dateModified\":\"2026-07-08T07:29:09+00:00\",\"inLanguage\":\"pt-BR\",\"mainEntityOfPage\":{\"@id\":\"https:\\\/\\\/www.encontracamacari.com.br\\\/sobre\\\/policlinica-de-camacari-ja-tem-data-para-ser-entregue-revela-caetano\\\/#webpage\"},\"isPartOf\":{\"@id\":\"https:\\\/\\\/www.encontracamacari.com.br\\\/sobre\\\/policlinica-de-camacari-ja-tem-data-para-ser-entregue-revela-caetano\\\/#webpage\"},\"articleSection\":\"Not\\u00edcias Cama\\u00e7ari\"},{\"@type\":\"BreadcrumbList\",\"@id\":\"https:\\\/\\\/www.encontracamacari.com.br\\\/sobre\\\/policlinica-de-camacari-ja-tem-data-para-ser-entregue-revela-caetano\\\/#breadcrumblist\",\"itemListElement\":[{\"@type\":\"ListItem\",\"@id\":\"https:\\\/\\\/www.encontracamacari.com.br\\\/sobre#listItem\",\"position\":1,\"name\":\"Home\",\"item\":\"https:\\\/\\\/www.encontracamacari.com.br\\\/sobre\",\"nextItem\":{\"@type\":\"ListItem\",\"@id\":\"https:\\\/\\\/www.encontracamacari.com.br\\\/sobre\\\/noticias-em-camacari\\\/#listItem\",\"name\":\"Not\\u00edcias Cama\\u00e7ari\"}},{\"@type\":\"ListItem\",\"@id\":\"https:\\\/\\\/www.encontracamacari.com.br\\\/sobre\\\/noticias-em-camacari\\\/#listItem\",\"position\":2,\"name\":\"Not\\u00edcias Cama\\u00e7ari\",\"item\":\"https:\\\/\\\/www.encontracamacari.com.br\\\/sobre\\\/noticias-em-camacari\\\/\",\"nextItem\":{\"@type\":\"ListItem\",\"@id\":\"https:\\\/\\\/www.encontracamacari.com.br\\\/sobre\\\/policlinica-de-camacari-ja-tem-data-para-ser-entregue-revela-caetano\\\/#listItem\",\"name\":\"Policl\\u00ednica de Cama\\u00e7ari j\\u00e1 tem data para ser entregue, revela Caetano\"},\"previousItem\":{\"@type\":\"ListItem\",\"@id\":\"https:\\\/\\\/www.encontracamacari.com.br\\\/sobre#listItem\",\"name\":\"Home\"}},{\"@type\":\"ListItem\",\"@id\":\"https:\\\/\\\/www.encontracamacari.com.br\\\/sobre\\\/policlinica-de-camacari-ja-tem-data-para-ser-entregue-revela-caetano\\\/#listItem\",\"position\":3,\"name\":\"Policl\\u00ednica de Cama\\u00e7ari j\\u00e1 tem data para ser entregue, revela Caetano\",\"previousItem\":{\"@type\":\"ListItem\",\"@id\":\"https:\\\/\\\/www.encontracamacari.com.br\\\/sobre\\\/noticias-em-camacari\\\/#listItem\",\"name\":\"Not\\u00edcias Cama\\u00e7ari\"}}]},{\"@type\":\"Organization\",\"@id\":\"https:\\\/\\\/www.encontracamacari.com.br\\\/sobre\\\/#organization\",\"name\":\"Encontra Cama\\u00e7ari\",\"description\":\"Not\\u00edcias, eventos, informa\\u00e7\\u00f5es e dicas na cidade de Cama\\u00e7ari e regi\\u00e3o.\",\"url\":\"https:\\\/\\\/www.encontracamacari.com.br\\\/sobre\\\/\"},{\"@type\":\"Person\",\"@id\":\"https:\\\/\\\/www.encontracamacari.com.br\\\/sobre\\\/author\\\/ecamacari\\\/#author\",\"url\":\"https:\\\/\\\/www.encontracamacari.com.br\\\/sobre\\\/author\\\/ecamacari\\\/\",\"name\":\"Encontra Cama\\u00e7ari\",\"image\":{\"@type\":\"ImageObject\",\"@id\":\"https:\\\/\\\/www.encontracamacari.com.br\\\/sobre\\\/policlinica-de-camacari-ja-tem-data-para-ser-entregue-revela-caetano\\\/#authorImage\",\"url\":\"https:\\\/\\\/secure.gravatar.com\\\/avatar\\\/507340682b8270222e1f208e23198b6ae7e2c6a1033ae84e99bc6bce4f82a387?s=96&d=mm&r=g\",\"width\":96,\"height\":96,\"caption\":\"Encontra Cama\\u00e7ari\"}},{\"@type\":\"WebPage\",\"@id\":\"https:\\\/\\\/www.encontracamacari.com.br\\\/sobre\\\/policlinica-de-camacari-ja-tem-data-para-ser-entregue-revela-caetano\\\/#webpage\",\"url\":\"https:\\\/\\\/www.encontracamacari.com.br\\\/sobre\\\/policlinica-de-camacari-ja-tem-data-para-ser-entregue-revela-caetano\\\/\",\"name\":\"Policl\\u00ednica de Cama\\u00e7ari j\\u00e1 tem data para ser entregue, revela Caetano - Encontra Cama\\u00e7ari\",\"description\":\"Saiba tudo sobre a nova Policl\\u00ednica de Cama\\u00e7ari e sua data de entrega!\",\"inLanguage\":\"pt-BR\",\"isPartOf\":{\"@id\":\"https:\\\/\\\/www.encontracamacari.com.br\\\/sobre\\\/#website\"},\"breadcrumb\":{\"@id\":\"https:\\\/\\\/www.encontracamacari.com.br\\\/sobre\\\/policlinica-de-camacari-ja-tem-data-para-ser-entregue-revela-caetano\\\/#breadcrumblist\"},\"author\":{\"@id\":\"https:\\\/\\\/www.encontracamacari.com.br\\\/sobre\\\/author\\\/ecamacari\\\/#author\"},\"creator\":{\"@id\":\"https:\\\/\\\/www.encontracamacari.com.br\\\/sobre\\\/author\\\/ecamacari\\\/#author\"},\"image\":{\"@type\":\"ImageObject\",\"url\":\"https:\\\/\\\/www.encontracamacari.com.br\\\/sobre\\\/wp-content\\\/uploads\\\/2026\\\/07\\\/policlinica-de-camacari-ja-tem-data-para-ser-entregue-revela-caetano.webp\",\"@id\":\"https:\\\/\\\/www.encontracamacari.com.br\\\/sobre\\\/policlinica-de-camacari-ja-tem-data-para-ser-entregue-revela-caetano\\\/#mainImage\",\"width\":280,\"height\":280,\"caption\":\"Policl\\u00ednica de Cama\\u00e7ari\"},\"primaryImageOfPage\":{\"@id\":\"https:\\\/\\\/www.encontracamacari.com.br\\\/sobre\\\/policlinica-de-camacari-ja-tem-data-para-ser-entregue-revela-caetano\\\/#mainImage\"},\"datePublished\":\"2026-07-08T07:29:09+00:00\",\"dateModified\":\"2026-07-08T07:29:09+00:00\"},{\"@type\":\"WebSite\",\"@id\":\"https:\\\/\\\/www.encontracamacari.com.br\\\/sobre\\\/#website\",\"url\":\"https:\\\/\\\/www.encontracamacari.com.br\\\/sobre\\\/\",\"name\":\"Encontra Cama\\u00e7ari\",\"description\":\"Not\\u00edcias, eventos, informa\\u00e7\\u00f5es e dicas na cidade de Cama\\u00e7ari e regi\\u00e3o.\",\"inLanguage\":\"pt-BR\",\"publisher\":{\"@id\":\"https:\\\/\\\/www.encontracamacari.com.br\\\/sobre\\\/#organization\"}}]}\n\t\t<\/script>\n\t\t<!-- All in One SEO -->\n\n","aioseo_head_json":{"title":"Policl\u00ednica de Cama\u00e7ari j\u00e1 tem data para ser entregue, revela Caetano - Encontra Cama\u00e7ari","description":"Saiba tudo sobre a nova Policl\u00ednica de Cama\u00e7ari e sua data de entrega!","canonical_url":"https:\/\/www.encontracamacari.com.br\/sobre\/policlinica-de-camacari-ja-tem-data-para-ser-entregue-revela-caetano\/","robots":"max-image-preview:large","keywords":"","webmasterTools":{"miscellaneous":""},"schema":{"@context":"https:\/\/schema.org","@graph":[{"@type":"BlogPosting","@id":"https:\/\/www.encontracamacari.com.br\/sobre\/policlinica-de-camacari-ja-tem-data-para-ser-entregue-revela-caetano\/#blogposting","name":"Policl\u00ednica de Cama\u00e7ari j\u00e1 tem data para ser entregue, revela Caetano - Encontra Cama\u00e7ari","headline":"Policl\u00ednica de Cama\u00e7ari j\u00e1 tem data para ser entregue, revela Caetano","author":{"@id":"https:\/\/www.encontracamacari.com.br\/sobre\/author\/ecamacari\/#author"},"publisher":{"@id":"https:\/\/www.encontracamacari.com.br\/sobre\/#organization"},"image":{"@type":"ImageObject","url":"https:\/\/www.encontracamacari.com.br\/sobre\/wp-content\/uploads\/2026\/07\/policlinica-de-camacari-ja-tem-data-para-ser-entregue-revela-caetano.webp","width":280,"height":280,"caption":"Policl\u00ednica de Cama\u00e7ari"},"datePublished":"2026-07-08T07:29:09+00:00","dateModified":"2026-07-08T07:29:09+00:00","inLanguage":"pt-BR","mainEntityOfPage":{"@id":"https:\/\/www.encontracamacari.com.br\/sobre\/policlinica-de-camacari-ja-tem-data-para-ser-entregue-revela-caetano\/#webpage"},"isPartOf":{"@id":"https:\/\/www.encontracamacari.com.br\/sobre\/policlinica-de-camacari-ja-tem-data-para-ser-entregue-revela-caetano\/#webpage"},"articleSection":"Not\u00edcias Cama\u00e7ari"},{"@type":"BreadcrumbList","@id":"https:\/\/www.encontracamacari.com.br\/sobre\/policlinica-de-camacari-ja-tem-data-para-ser-entregue-revela-caetano\/#breadcrumblist","itemListElement":[{"@type":"ListItem","@id":"https:\/\/www.encontracamacari.com.br\/sobre#listItem","position":1,"name":"Home","item":"https:\/\/www.encontracamacari.com.br\/sobre","nextItem":{"@type":"ListItem","@id":"https:\/\/www.encontracamacari.com.br\/sobre\/noticias-em-camacari\/#listItem","name":"Not\u00edcias Cama\u00e7ari"}},{"@type":"ListItem","@id":"https:\/\/www.encontracamacari.com.br\/sobre\/noticias-em-camacari\/#listItem","position":2,"name":"Not\u00edcias Cama\u00e7ari","item":"https:\/\/www.encontracamacari.com.br\/sobre\/noticias-em-camacari\/","nextItem":{"@type":"ListItem","@id":"https:\/\/www.encontracamacari.com.br\/sobre\/policlinica-de-camacari-ja-tem-data-para-ser-entregue-revela-caetano\/#listItem","name":"Policl\u00ednica de Cama\u00e7ari j\u00e1 tem data para ser entregue, revela Caetano"},"previousItem":{"@type":"ListItem","@id":"https:\/\/www.encontracamacari.com.br\/sobre#listItem","name":"Home"}},{"@type":"ListItem","@id":"https:\/\/www.encontracamacari.com.br\/sobre\/policlinica-de-camacari-ja-tem-data-para-ser-entregue-revela-caetano\/#listItem","position":3,"name":"Policl\u00ednica de Cama\u00e7ari j\u00e1 tem data para ser entregue, revela Caetano","previousItem":{"@type":"ListItem","@id":"https:\/\/www.encontracamacari.com.br\/sobre\/noticias-em-camacari\/#listItem","name":"Not\u00edcias Cama\u00e7ari"}}]},{"@type":"Organization","@id":"https:\/\/www.encontracamacari.com.br\/sobre\/#organization","name":"Encontra Cama\u00e7ari","description":"Not\u00edcias, eventos, informa\u00e7\u00f5es e dicas na cidade de Cama\u00e7ari e regi\u00e3o.","url":"https:\/\/www.encontracamacari.com.br\/sobre\/"},{"@type":"Person","@id":"https:\/\/www.encontracamacari.com.br\/sobre\/author\/ecamacari\/#author","url":"https:\/\/www.encontracamacari.com.br\/sobre\/author\/ecamacari\/","name":"Encontra Cama\u00e7ari","image":{"@type":"ImageObject","@id":"https:\/\/www.encontracamacari.com.br\/sobre\/policlinica-de-camacari-ja-tem-data-para-ser-entregue-revela-caetano\/#authorImage","url":"https:\/\/secure.gravatar.com\/avatar\/507340682b8270222e1f208e23198b6ae7e2c6a1033ae84e99bc6bce4f82a387?s=96&d=mm&r=g","width":96,"height":96,"caption":"Encontra Cama\u00e7ari"}},{"@type":"WebPage","@id":"https:\/\/www.encontracamacari.com.br\/sobre\/policlinica-de-camacari-ja-tem-data-para-ser-entregue-revela-caetano\/#webpage","url":"https:\/\/www.encontracamacari.com.br\/sobre\/policlinica-de-camacari-ja-tem-data-para-ser-entregue-revela-caetano\/","name":"Policl\u00ednica de Cama\u00e7ari j\u00e1 tem data para ser entregue, revela Caetano - Encontra Cama\u00e7ari","description":"Saiba tudo sobre a nova Policl\u00ednica de Cama\u00e7ari e sua data de entrega!","inLanguage":"pt-BR","isPartOf":{"@id":"https:\/\/www.encontracamacari.com.br\/sobre\/#website"},"breadcrumb":{"@id":"https:\/\/www.encontracamacari.com.br\/sobre\/policlinica-de-camacari-ja-tem-data-para-ser-entregue-revela-caetano\/#breadcrumblist"},"author":{"@id":"https:\/\/www.encontracamacari.com.br\/sobre\/author\/ecamacari\/#author"},"creator":{"@id":"https:\/\/www.encontracamacari.com.br\/sobre\/author\/ecamacari\/#author"},"image":{"@type":"ImageObject","url":"https:\/\/www.encontracamacari.com.br\/sobre\/wp-content\/uploads\/2026\/07\/policlinica-de-camacari-ja-tem-data-para-ser-entregue-revela-caetano.webp","@id":"https:\/\/www.encontracamacari.com.br\/sobre\/policlinica-de-camacari-ja-tem-data-para-ser-entregue-revela-caetano\/#mainImage","width":280,"height":280,"caption":"Policl\u00ednica de Cama\u00e7ari"},"primaryImageOfPage":{"@id":"https:\/\/www.encontracamacari.com.br\/sobre\/policlinica-de-camacari-ja-tem-data-para-ser-entregue-revela-caetano\/#mainImage"},"datePublished":"2026-07-08T07:29:09+00:00","dateModified":"2026-07-08T07:29:09+00:00"},{"@type":"WebSite","@id":"https:\/\/www.encontracamacari.com.br\/sobre\/#website","url":"https:\/\/www.encontracamacari.com.br\/sobre\/","name":"Encontra Cama\u00e7ari","description":"Not\u00edcias, eventos, informa\u00e7\u00f5es e dicas na cidade de Cama\u00e7ari e regi\u00e3o.","inLanguage":"pt-BR","publisher":{"@id":"https:\/\/www.encontracamacari.com.br\/sobre\/#organization"}}]},"og:locale":"pt_BR","og:site_name":"Encontra Cama\u00e7ari - Not\u00edcias, eventos, informa\u00e7\u00f5es e dicas na cidade de Cama\u00e7ari e regi\u00e3o.","og:type":"article","og:title":"Policl\u00ednica de Cama\u00e7ari j\u00e1 tem data para ser entregue, revela Caetano - Encontra Cama\u00e7ari","og:description":"Saiba tudo sobre a nova Policl\u00ednica de Cama\u00e7ari e sua data de entrega!","og:url":"https:\/\/www.encontracamacari.com.br\/sobre\/policlinica-de-camacari-ja-tem-data-para-ser-entregue-revela-caetano\/","article:published_time":"2026-07-08T07:29:09+00:00","article:modified_time":"2026-07-08T07:29:09+00:00","twitter:card":"summary_large_image","twitter:title":"Policl\u00ednica de Cama\u00e7ari j\u00e1 tem data para ser entregue, revela Caetano - Encontra Cama\u00e7ari","twitter:description":"Saiba tudo sobre a nova Policl\u00ednica de Cama\u00e7ari e sua data de entrega!"},"aioseo_meta_data":{"post_id":"1326","title":null,"description":null,"keywords":null,"keyphrases":null,"primary_term":null,"canonical_url":null,"og_title":null,"og_description":null,"og_object_type":"default","og_image_type":"default","og_image_url":null,"og_image_width":null,"og_image_height":null,"og_image_custom_url":null,"og_image_custom_fields":null,"og_video":null,"og_custom_url":null,"og_article_section":null,"og_article_tags":null,"twitter_use_og":false,"twitter_card":"default","twitter_image_type":"default","twitter_image_url":null,"twitter_image_custom_url":null,"twitter_image_custom_fields":null,"twitter_title":null,"twitter_description":null,"schema":{"blockGraphs":[],"customGraphs":[],"default":{"data":{"Article":[],"Course":[],"Dataset":[],"FAQPage":[],"Movie":[],"Person":[],"Product":[],"ProductReview":[],"Car":[],"Recipe":[],"Service":[],"SoftwareApplication":[],"WebPage":[]},"graphName":"BlogPosting","isEnabled":true},"graphs":[]},"schema_type":"default","schema_type_options":null,"pillar_content":false,"robots_default":true,"robots_noindex":false,"robots_noarchive":false,"robots_nosnippet":false,"robots_nofollow":false,"robots_noimageindex":false,"robots_noodp":false,"robots_notranslate":false,"robots_max_snippet":null,"robots_max_videopreview":null,"robots_max_imagepreview":"large","priority":null,"frequency":null,"local_seo":null,"limit_modified_date":false,"created":"2026-07-08 07:29:12","updated":"2026-08-06 03:40:06","focus_keyword":null,"additional_keywords":null,"truseo_locale":null,"ai":null,"breadcrumb_settings":null,"seo_analyzer_scan_date":null},"aioseo_breadcrumb":"<div class=\"aioseo-breadcrumbs\"><span class=\"aioseo-breadcrumb\">\n\t\t\t<a href=\"https:\/\/www.encontracamacari.com.br\/sobre\" title=\"Home\">Home<\/a>\n\t\t<\/span><span class=\"aioseo-breadcrumb-separator\">&raquo;<\/span><span class=\"aioseo-breadcrumb\">\n\t\t\t<a href=\"https:\/\/www.encontracamacari.com.br\/sobre\/noticias-em-camacari\/\" title=\"Not\u00edcias Cama\u00e7ari\">Not\u00edcias Cama\u00e7ari<\/a>\n\t\t<\/span><span class=\"aioseo-breadcrumb-separator\">&raquo;<\/span><span class=\"aioseo-breadcrumb\">\n\t\t\tPolicl\u00ednica de Cama\u00e7ari j\u00e1 tem data para ser entregue, revela Caetano\n\t\t<\/span><\/div>","aioseo_breadcrumb_json":[{"label":"Home","link":"https:\/\/www.encontracamacari.com.br\/sobre"},{"label":"Not\u00edcias Cama\u00e7ari","link":"https:\/\/www.encontracamacari.com.br\/sobre\/noticias-em-camacari\/"},{"label":"Policl\u00ednica de Cama\u00e7ari j\u00e1 tem data para ser entregue, revela Caetano","link":"https:\/\/www.encontracamacari.com.br\/sobre\/policlinica-de-camacari-ja-tem-data-para-ser-entregue-revela-caetano\/"}],"_links":{"self":[{"href":"https:\/\/www.encontracamacari.com.br\/sobre\/wp-json\/wp\/v2\/posts\/1326","targetHints":{"allow":["GET"]}}],"collection":[{"href":"https:\/\/www.encontracamacari.com.br\/sobre\/wp-json\/wp\/v2\/posts"}],"about":[{"href":"https:\/\/www.encontracamacari.com.br\/sobre\/wp-json\/wp\/v2\/types\/post"}],"author":[{"embeddable":true,"href":"https:\/\/www.encontracamacari.com.br\/sobre\/wp-json\/wp\/v2\/users\/1"}],"replies":[{"embeddable":true,"href":"https:\/\/www.encontracamacari.com.br\/sobre\/wp-json\/wp\/v2\/comments?post=1326"}],"version-history":[{"count":0,"href":"https:\/\/www.encontracamacari.com.br\/sobre\/wp-json\/wp\/v2\/posts\/1326\/revisions"}],"wp:featuredmedia":[{"embeddable":true,"href":"https:\/\/www.encontracamacari.com.br\/sobre\/wp-json\/wp\/v2\/media\/1325"}],"wp:attachment":[{"href":"https:\/\/www.encontracamacari.com.br\/sobre\/wp-json\/wp\/v2\/media?parent=1326"}],"wp:term":[{"taxonomy":"category","embeddable":true,"href":"https:\/\/www.encontracamacari.com.br\/sobre\/wp-json\/wp\/v2\/categories?post=1326"},{"taxonomy":"post_tag","embeddable":true,"href":"https:\/\/www.encontracamacari.com.br\/sobre\/wp-json\/wp\/v2\/tags?post=1326"}],"curies":[{"name":"wp","href":"https:\/\/api.w.org\/{rel}","templated":true}]}}