{"id":1306,"date":"2026-07-06T13:05:16","date_gmt":"2026-07-06T13:05:16","guid":{"rendered":"https:\/\/www.encontracamacari.com.br\/sobre\/polo-industrial-de-camacari-completa-48-anos-e-mantem-papel-estrategico-na-economia-da-bahia\/"},"modified":"2026-07-06T13:05:16","modified_gmt":"2026-07-06T13:05:16","slug":"polo-industrial-de-camacari-completa-48-anos-e-mantem-papel-estrategico-na-economia-da-bahia","status":"publish","type":"post","link":"https:\/\/www.encontracamacari.com.br\/sobre\/polo-industrial-de-camacari-completa-48-anos-e-mantem-papel-estrategico-na-economia-da-bahia\/","title":{"rendered":"Polo Industrial de Cama\u00e7ari completa 48 anos e mant\u00e9m papel estrat\u00e9gico na economia da Bahia"},"content":{"rendered":"<div class=\"2410bb7248a64bb1f71103797e0f239b\" data-index=\"1\" style=\"float: none; margin:0px;\">\n<ins class=\"adsbygoogle\"\r\n     style=\"display:block\"\r\n     data-ad-client=\"ca-pub-8585364105181520\"\r\n     data-ad-slot=\"8789329856\"\r\n     data-ad-format=\"auto\"\r\n     data-full-width-responsive=\"true\"><\/ins>\r\n<script>\r\n     (adsbygoogle = window.adsbygoogle || []).push({});\r\n<\/script>\n<\/div>\n<h2>Hist\u00f3ria e Evolu\u00e7\u00e3o do Polo Industrial de Cama\u00e7ari<\/h2>\n<p>Desde a sua funda\u00e7\u00e3o em 29 de junho de 1978, o Polo Industrial de Cama\u00e7ari se estabeleceu como o maior complexo industrial integrado da Am\u00e9rica Latina. Inicialmente, foi criado para fomentar o desenvolvimento econ\u00f4mico da Bahia por meio da atra\u00e7\u00e3o de investimentos e da gera\u00e7\u00e3o de empregos. Com o passar dos anos, o Polo evoluiu, expandindo suas opera\u00e7\u00f5es e diversificando seus setores.<\/p>\n<p>A Braskem \u00e9 uma das principais empresas que fazem parte deste complexo desde os prim\u00f3rdios, contribuindo significativamente para o crescimento do setor petroqu\u00edmico na regi\u00e3o. O investimento em tecnologia e a integra\u00e7\u00e3o de processos foram fundamentais para que o Polo se mantivesse competitivo e relevante no cen\u00e1rio industrial brasileiro.<\/p>\n<h2>Contribui\u00e7\u00e3o do Polo para o PIB da Bahia<\/h2>\n<p>O Polo Industrial de Cama\u00e7ari representa uma parcela significativa da economia da Bahia, sendo respons\u00e1vel por aproximadamente 22% do Produto Interno Bruto (PIB) da ind\u00fastria de transforma\u00e7\u00e3o estadual. Esta contribui\u00e7\u00e3o \u00e9 refletida n\u00e3o apenas em termos de produ\u00e7\u00e3o, mas tamb\u00e9m na arrecada\u00e7\u00e3o de impostos, especialmente o ICMS, que ultrapassa R$ 3 bilh\u00f5es anualmente.<\/p>\n<p><img decoding=\"async\" src=\"https:\/\/www.encontracamacari.com.br\/sobre\/wp-content\/uploads\/2026\/07\/polo-industrial-de-camacari-completa-48-anos-e-mantem-papel-estrategico-na-economia-da-bahia.webp\" alt=\"Polo Industrial de Cama\u00e7ari\" loading=\"lazy\" \/><\/p>\n<p>Essa capacidade de gerar riqueza e crescimento econ\u00f4mico faz do Polo um ativo inestim\u00e1vel para o estado, influenciando positivamente outras cadeias produtivas e promovendo o desenvolvimento sustent\u00e1vel da regi\u00e3o.<\/p>\n<h2>Empregos Diretamente Gerados pelo Complexo<\/h2>\n<p>Atrav\u00e9s de suas opera\u00e7\u00f5es, o Polo Industrial de Cama\u00e7ari \u00e9 um grande respons\u00e1vel pela gera\u00e7\u00e3o de empregos na Bahia. Estima-se que o complexo confira cerca de 7,5 mil postos de trabalho diretos, al\u00e9m de impactar a cria\u00e7\u00e3o de mais de 13 mil empregos indiretos. Essa din\u00e2mica ocorre devido \u00e0 alta demanda por m\u00e3o de obra qualificada e ao efeito-renda que o Polo gera na economia local.<\/p>\n<p>O impacto das atividades do Polo ultrapassa as fronteiras do complexo, promovendo um efeito multiplicador que beneficia diversas comunidades ao redor, estimulando servi\u00e7os e pequenas empresas.<\/p>\n<h2>A Integra\u00e7\u00e3o das Ind\u00fastrias no Polo<\/h2>\n<p>Um dos principais diferenciais do Polo Industrial de Cama\u00e7ari \u00e9 a sua estrutura integrada, que permite a conviv\u00eancia e a colabora\u00e7\u00e3o entre ind\u00fastrias de diferentes setores. Essa arquitetura facilita a sinergia operacional, reduz os custos log\u00edsticos e oferece uma competitividade superior \u00e0s empresas instaladas.<\/p>\n<p>Dentro do Polo, as ind\u00fastrias coexistem em um ambiente que favorece a troca de insumos e tecnologia, potencializando a efici\u00eancia produtiva e minimizando desperd\u00edcios. Essa integra\u00e7\u00e3o se estende desde ind\u00fastrias prim\u00e1rias at\u00e9 empresas de tecnologia, fortalecendo todo o ecossistema industrial.<\/p>\n<h2>Empresas Marcantes no Polo Industrial<\/h2>\n<p>Dentre as diversas empresas que atuam no Polo, a Braskem se destaca como um dos pilares fundamentais do complexo. Al\u00e9m da Braskem, outras empresas relevantes tamb\u00e9m est\u00e3o presentes, abrangendo setores como a petroqu\u00edmica, automobil\u00edstica e de constru\u00e7\u00e3o civil. Essa diversidade \u00e9 crucial para a sustentabilidade econ\u00f4mica e a resili\u00eancia do Polo.<\/p>\n<p>Empresas l\u00edderes em seus nichos, como a Cama\u00e7ari S.A e a Petroqu\u00edmica Bahia, tamb\u00e9m comp\u00f5em este cen\u00e1rio, refor\u00e7ando o potencial de inova\u00e7\u00e3o e produ\u00e7\u00e3o que o Polo oferece.<\/p><div class=\"2410bb7248a64bb1f71103797e0f239b\" data-index=\"2\" style=\"float: none; margin:0px;\">\n<ins class=\"adsbygoogle\"\r\n     style=\"display:block; text-align:center;\"\r\n     data-ad-layout=\"in-article\"\r\n     data-ad-format=\"fluid\"\r\n     data-ad-client=\"ca-pub-8585364105181520\"\r\n     data-ad-slot=\"2899217073\"><\/ins>\r\n<script>\r\n     (adsbygoogle = window.adsbygoogle || []).push({});\r\n<\/script>\r\n\r\n<\/br><\/br>\n<\/div>\n\n<h2>Inova\u00e7\u00e3o e Sustentabilidade no Polo<\/h2>\n<p>A mudan\u00e7a do paradigma industrial tamb\u00e9m \u00e9 uma prioridade no Polo Industrial de Cama\u00e7ari. Nos \u00faltimos anos, a busca por pr\u00e1ticas sustent\u00e1veis e inova\u00e7\u00f5es tecnol\u00f3gicas se tornou uma prioridade. A Braskem, por exemplo, tem investido fortemente em descarboniza\u00e7\u00e3o, efici\u00eancia energ\u00e9tica e transforma\u00e7\u00e3o digital.<\/p>\n<p>Essas iniciativas visam n\u00e3o apenas a redu\u00e7\u00e3o de emiss\u00f5es, mas tamb\u00e9m a melhoria das condi\u00e7\u00f5es operacionais e a valoriza\u00e7\u00e3o dos recursos naturais. O Polo busca alinhar suas atividades com as demandas contempor\u00e2neas de conserva\u00e7\u00e3o ambiental, garantindo seu lugar como l\u00edder em pr\u00e1ticas industriais respons\u00e1veis.<\/p>\n<h2>Impacto da Braskem na Economia Local<\/h2>\n<p>A presen\u00e7a da Braskem tem um impacto direto e significativo na economia local. Com suas oito unidades industriais em opera\u00e7\u00e3o no Polo, a companhia gera um volume consider\u00e1vel de produ\u00e7\u00e3o, contribuindo sensivelmente para a arrecada\u00e7\u00e3o de impostos e o fortalecimento das cadeias produtivas locais.<\/p>\n<p>Al\u00e9m da gera\u00e7\u00e3o de empregos, a Braskem impulsiona o desenvolvimento de fornecedores e servi\u00e7os auxiliares, fomentando uma rede de economia que vai al\u00e9m dos muros do complexo industrial. Esta rela\u00e7\u00e3o simbi\u00f3tica entre a Braskem e a comunidade \u00e9 vital para a promo\u00e7\u00e3o do bem-estar social e econ\u00f4mico da regi\u00e3o.<\/p>\n<h2>Mudan\u00e7as Culturais ao Longo dos Anos<\/h2>\n<p>O Polo Industrial de Cama\u00e7ari evoluiu n\u00e3o apenas em termos de tecnologia e produ\u00e7\u00e3o, mas tamb\u00e9m em aspectos culturais e sociais. A inclus\u00e3o e a diversidade ganharam destaque nas discuss\u00f5es empresariais e na cultura organizacional ao longo dos anos. O testemunho de profissionais que atuam no complexo evidencia essas transforma\u00e7\u00f5es, sendo a mudan\u00e7a cultural um reflexo do novo paradigma industrial.<\/p>\n<p>Esse movimento come\u00e7ou a ser impulsionado por um ambiente de trabalho mais inclusivo, promovendo equity em g\u00eanero, ra\u00e7a e orienta\u00e7\u00e3o sexual. Essa evolu\u00e7\u00e3o cultural \u00e9 um indicativo do reconhecimento da import\u00e2ncia do capital humano na constru\u00e7\u00e3o de um futuro mais sustent\u00e1vel e igualit\u00e1rio.<\/p>\n<h2>O Papel da Educa\u00e7\u00e3o e Inclus\u00e3o no Complexo<\/h2>\n<p>A educa\u00e7\u00e3o e a forma\u00e7\u00e3o profissional desempenham pap\u00e9is essenciais no Polo Industrial de Cama\u00e7ari. As empresas, em colabora\u00e7\u00e3o com institui\u00e7\u00f5es de ensino, t\u00eam se comprometido em oferecer programas de capacita\u00e7\u00e3o e desenvolvimento cont\u00ednuo, preparando a for\u00e7a de trabalho local para os desafios do futuro.<\/p>\n<p>A inclus\u00e3o, manifestada atrav\u00e9s de programas de treinamento e interc\u00e2mbio com universidades, \u00e9 crucial para o desenvolvimento de habilidades necess\u00e1rias na ind\u00fastria 4.0, promovendo uma gama de oportunidades para a comunidade local e facilitando a ascens\u00e3o profissional.<\/p>\n<h2>O Futuro do Polo Industrial de Cama\u00e7ari<\/h2>\n<p>O Polo Industrial de Cama\u00e7ari \u00e9 um exemplo de como a integra\u00e7\u00e3o industrial pode promover desenvolvimento econ\u00f4mico sustent\u00e1vel e criar oportunidades para a comunidade. Com o compromisso das empresas em inova\u00e7\u00e3o e responsabilidade social, o futuro do Polo se mostra promissor.<\/p>\n<p>Iniciativas de descarboniza\u00e7\u00e3o, transforma\u00e7\u00e3o digital e uma estrat\u00e9gia focada em sustentabilidade n\u00e3o apenas assegurar\u00e3o a competitividade do Polo, mas tamb\u00e9m definir\u00e3o novos padr\u00f5es para a ind\u00fastria brasileira. O apoio cont\u00ednuo ao desenvolvimento da educa\u00e7\u00e3o e inclus\u00e3o social refor\u00e7a a posi\u00e7\u00e3o do Polo como modelo de excel\u00eancia e inova\u00e7\u00e3o no cen\u00e1rio industrial.<\/p>\n<div class=\"2410bb7248a64bb1f71103797e0f239b\" data-index=\"3\" style=\"float: none; margin:0px;\">\n<\/br><\/br>\r\n\r\n<ins class=\"adsbygoogle\"\r\n     style=\"display:block\"\r\n     data-ad-format=\"fluid\"\r\n     data-ad-layout-key=\"-63+do+n-1s+9e\"\r\n     data-ad-client=\"ca-pub-8585364105181520\"\r\n     data-ad-slot=\"6838462089\"><\/ins>\r\n<script>\r\n     (adsbygoogle = window.adsbygoogle || []).push({});\r\n<\/script>\n<\/div>\n\n<div style=\"font-size: 0px; height: 0px; line-height: 0px; margin: 0; padding: 0; clear: both;\"><\/div>","protected":false},"excerpt":{"rendered":"<p>Polo Industrial de Cama\u00e7ari completa 48 anos e fortalece a economia baiana.<\/p>\n","protected":false},"author":1,"featured_media":1305,"comment_status":"open","ping_status":"closed","sticky":false,"template":"","format":"standard","meta":{"footnotes":""},"categories":[1],"tags":[],"class_list":["post-1306","post","type-post","status-publish","format-standard","has-post-thumbnail","hentry","category-noticias-em-camacari","has_thumb"],"aioseo_notices":[],"aioseo_head":"\n\t\t<!-- All in One SEO 5.0.0.1 - aioseo.com -->\n\t<meta name=\"description\" content=\"Polo Industrial de Cama\u00e7ari completa 48 anos e fortalece a economia baiana.\" \/>\n\t<meta name=\"robots\" content=\"max-image-preview:large\" \/>\n\t<meta name=\"author\" content=\"Encontra Cama\u00e7ari\"\/>\n\t<link rel=\"canonical\" href=\"https:\/\/www.encontracamacari.com.br\/sobre\/polo-industrial-de-camacari-completa-48-anos-e-mantem-papel-estrategico-na-economia-da-bahia\/\" \/>\n\t<meta name=\"generator\" content=\"All in One SEO (AIOSEO) 5.0.0.1\" \/>\n\t\t<meta property=\"og:locale\" content=\"pt_BR\" \/>\n\t\t<meta property=\"og:site_name\" content=\"Encontra Cama\u00e7ari - Not\u00edcias, eventos, informa\u00e7\u00f5es e dicas na cidade de Cama\u00e7ari e regi\u00e3o.\" \/>\n\t\t<meta property=\"og:type\" content=\"article\" \/>\n\t\t<meta property=\"og:title\" content=\"Polo Industrial de Cama\u00e7ari completa 48 anos e mant\u00e9m papel estrat\u00e9gico na economia da Bahia - Encontra Cama\u00e7ari\" \/>\n\t\t<meta property=\"og:description\" content=\"Polo Industrial de Cama\u00e7ari completa 48 anos e fortalece a economia baiana.\" \/>\n\t\t<meta property=\"og:url\" content=\"https:\/\/www.encontracamacari.com.br\/sobre\/polo-industrial-de-camacari-completa-48-anos-e-mantem-papel-estrategico-na-economia-da-bahia\/\" \/>\n\t\t<meta property=\"article:published_time\" content=\"2026-07-06T13:05:16+00:00\" \/>\n\t\t<meta property=\"article:modified_time\" content=\"2026-07-06T13:05:16+00:00\" \/>\n\t\t<meta name=\"twitter:card\" content=\"summary_large_image\" \/>\n\t\t<meta name=\"twitter:title\" content=\"Polo Industrial de Cama\u00e7ari completa 48 anos e mant\u00e9m papel estrat\u00e9gico na economia da Bahia - Encontra Cama\u00e7ari\" \/>\n\t\t<meta name=\"twitter:description\" content=\"Polo Industrial de Cama\u00e7ari completa 48 anos e fortalece a economia baiana.\" \/>\n\t\t<script type=\"application\/ld+json\" class=\"aioseo-schema\">\n\t\t\t{\"@context\":\"https:\\\/\\\/schema.org\",\"@graph\":[{\"@type\":\"BlogPosting\",\"@id\":\"https:\\\/\\\/www.encontracamacari.com.br\\\/sobre\\\/polo-industrial-de-camacari-completa-48-anos-e-mantem-papel-estrategico-na-economia-da-bahia\\\/#blogposting\",\"name\":\"Polo Industrial de Cama\\u00e7ari completa 48 anos e mant\\u00e9m papel estrat\\u00e9gico na economia da Bahia - Encontra Cama\\u00e7ari\",\"headline\":\"Polo Industrial de Cama\\u00e7ari completa 48 anos e mant\\u00e9m papel estrat\\u00e9gico na economia da Bahia\",\"author\":{\"@id\":\"https:\\\/\\\/www.encontracamacari.com.br\\\/sobre\\\/author\\\/ecamacari\\\/#author\"},\"publisher\":{\"@id\":\"https:\\\/\\\/www.encontracamacari.com.br\\\/sobre\\\/#organization\"},\"image\":{\"@type\":\"ImageObject\",\"url\":\"https:\\\/\\\/www.encontracamacari.com.br\\\/sobre\\\/wp-content\\\/uploads\\\/2026\\\/07\\\/polo-industrial-de-camacari-completa-48-anos-e-mantem-papel-estrategico-na-economia-da-bahia.webp\",\"width\":280,\"height\":280,\"caption\":\"Polo Industrial de Cama\\u00e7ari\"},\"datePublished\":\"2026-07-06T13:05:16+00:00\",\"dateModified\":\"2026-07-06T13:05:16+00:00\",\"inLanguage\":\"pt-BR\",\"mainEntityOfPage\":{\"@id\":\"https:\\\/\\\/www.encontracamacari.com.br\\\/sobre\\\/polo-industrial-de-camacari-completa-48-anos-e-mantem-papel-estrategico-na-economia-da-bahia\\\/#webpage\"},\"isPartOf\":{\"@id\":\"https:\\\/\\\/www.encontracamacari.com.br\\\/sobre\\\/polo-industrial-de-camacari-completa-48-anos-e-mantem-papel-estrategico-na-economia-da-bahia\\\/#webpage\"},\"articleSection\":\"Not\\u00edcias Cama\\u00e7ari\"},{\"@type\":\"BreadcrumbList\",\"@id\":\"https:\\\/\\\/www.encontracamacari.com.br\\\/sobre\\\/polo-industrial-de-camacari-completa-48-anos-e-mantem-papel-estrategico-na-economia-da-bahia\\\/#breadcrumblist\",\"itemListElement\":[{\"@type\":\"ListItem\",\"@id\":\"https:\\\/\\\/www.encontracamacari.com.br\\\/sobre#listItem\",\"position\":1,\"name\":\"Home\",\"item\":\"https:\\\/\\\/www.encontracamacari.com.br\\\/sobre\",\"nextItem\":{\"@type\":\"ListItem\",\"@id\":\"https:\\\/\\\/www.encontracamacari.com.br\\\/sobre\\\/noticias-em-camacari\\\/#listItem\",\"name\":\"Not\\u00edcias Cama\\u00e7ari\"}},{\"@type\":\"ListItem\",\"@id\":\"https:\\\/\\\/www.encontracamacari.com.br\\\/sobre\\\/noticias-em-camacari\\\/#listItem\",\"position\":2,\"name\":\"Not\\u00edcias Cama\\u00e7ari\",\"item\":\"https:\\\/\\\/www.encontracamacari.com.br\\\/sobre\\\/noticias-em-camacari\\\/\",\"nextItem\":{\"@type\":\"ListItem\",\"@id\":\"https:\\\/\\\/www.encontracamacari.com.br\\\/sobre\\\/polo-industrial-de-camacari-completa-48-anos-e-mantem-papel-estrategico-na-economia-da-bahia\\\/#listItem\",\"name\":\"Polo Industrial de Cama\\u00e7ari completa 48 anos e mant\\u00e9m papel estrat\\u00e9gico na economia da Bahia\"},\"previousItem\":{\"@type\":\"ListItem\",\"@id\":\"https:\\\/\\\/www.encontracamacari.com.br\\\/sobre#listItem\",\"name\":\"Home\"}},{\"@type\":\"ListItem\",\"@id\":\"https:\\\/\\\/www.encontracamacari.com.br\\\/sobre\\\/polo-industrial-de-camacari-completa-48-anos-e-mantem-papel-estrategico-na-economia-da-bahia\\\/#listItem\",\"position\":3,\"name\":\"Polo Industrial de Cama\\u00e7ari completa 48 anos e mant\\u00e9m papel estrat\\u00e9gico na economia da Bahia\",\"previousItem\":{\"@type\":\"ListItem\",\"@id\":\"https:\\\/\\\/www.encontracamacari.com.br\\\/sobre\\\/noticias-em-camacari\\\/#listItem\",\"name\":\"Not\\u00edcias Cama\\u00e7ari\"}}]},{\"@type\":\"Organization\",\"@id\":\"https:\\\/\\\/www.encontracamacari.com.br\\\/sobre\\\/#organization\",\"name\":\"Encontra Cama\\u00e7ari\",\"description\":\"Not\\u00edcias, eventos, informa\\u00e7\\u00f5es e dicas na cidade de Cama\\u00e7ari e regi\\u00e3o.\",\"url\":\"https:\\\/\\\/www.encontracamacari.com.br\\\/sobre\\\/\"},{\"@type\":\"Person\",\"@id\":\"https:\\\/\\\/www.encontracamacari.com.br\\\/sobre\\\/author\\\/ecamacari\\\/#author\",\"url\":\"https:\\\/\\\/www.encontracamacari.com.br\\\/sobre\\\/author\\\/ecamacari\\\/\",\"name\":\"Encontra Cama\\u00e7ari\",\"image\":{\"@type\":\"ImageObject\",\"@id\":\"https:\\\/\\\/www.encontracamacari.com.br\\\/sobre\\\/polo-industrial-de-camacari-completa-48-anos-e-mantem-papel-estrategico-na-economia-da-bahia\\\/#authorImage\",\"url\":\"https:\\\/\\\/secure.gravatar.com\\\/avatar\\\/507340682b8270222e1f208e23198b6ae7e2c6a1033ae84e99bc6bce4f82a387?s=96&d=mm&r=g\",\"width\":96,\"height\":96,\"caption\":\"Encontra Cama\\u00e7ari\"}},{\"@type\":\"WebPage\",\"@id\":\"https:\\\/\\\/www.encontracamacari.com.br\\\/sobre\\\/polo-industrial-de-camacari-completa-48-anos-e-mantem-papel-estrategico-na-economia-da-bahia\\\/#webpage\",\"url\":\"https:\\\/\\\/www.encontracamacari.com.br\\\/sobre\\\/polo-industrial-de-camacari-completa-48-anos-e-mantem-papel-estrategico-na-economia-da-bahia\\\/\",\"name\":\"Polo Industrial de Cama\\u00e7ari completa 48 anos e mant\\u00e9m papel estrat\\u00e9gico na economia da Bahia - Encontra Cama\\u00e7ari\",\"description\":\"Polo Industrial de Cama\\u00e7ari completa 48 anos e fortalece a economia baiana.\",\"inLanguage\":\"pt-BR\",\"isPartOf\":{\"@id\":\"https:\\\/\\\/www.encontracamacari.com.br\\\/sobre\\\/#website\"},\"breadcrumb\":{\"@id\":\"https:\\\/\\\/www.encontracamacari.com.br\\\/sobre\\\/polo-industrial-de-camacari-completa-48-anos-e-mantem-papel-estrategico-na-economia-da-bahia\\\/#breadcrumblist\"},\"author\":{\"@id\":\"https:\\\/\\\/www.encontracamacari.com.br\\\/sobre\\\/author\\\/ecamacari\\\/#author\"},\"creator\":{\"@id\":\"https:\\\/\\\/www.encontracamacari.com.br\\\/sobre\\\/author\\\/ecamacari\\\/#author\"},\"image\":{\"@type\":\"ImageObject\",\"url\":\"https:\\\/\\\/www.encontracamacari.com.br\\\/sobre\\\/wp-content\\\/uploads\\\/2026\\\/07\\\/polo-industrial-de-camacari-completa-48-anos-e-mantem-papel-estrategico-na-economia-da-bahia.webp\",\"@id\":\"https:\\\/\\\/www.encontracamacari.com.br\\\/sobre\\\/polo-industrial-de-camacari-completa-48-anos-e-mantem-papel-estrategico-na-economia-da-bahia\\\/#mainImage\",\"width\":280,\"height\":280,\"caption\":\"Polo Industrial de Cama\\u00e7ari\"},\"primaryImageOfPage\":{\"@id\":\"https:\\\/\\\/www.encontracamacari.com.br\\\/sobre\\\/polo-industrial-de-camacari-completa-48-anos-e-mantem-papel-estrategico-na-economia-da-bahia\\\/#mainImage\"},\"datePublished\":\"2026-07-06T13:05:16+00:00\",\"dateModified\":\"2026-07-06T13:05:16+00:00\"},{\"@type\":\"WebSite\",\"@id\":\"https:\\\/\\\/www.encontracamacari.com.br\\\/sobre\\\/#website\",\"url\":\"https:\\\/\\\/www.encontracamacari.com.br\\\/sobre\\\/\",\"name\":\"Encontra Cama\\u00e7ari\",\"description\":\"Not\\u00edcias, eventos, informa\\u00e7\\u00f5es e dicas na cidade de Cama\\u00e7ari e regi\\u00e3o.\",\"inLanguage\":\"pt-BR\",\"publisher\":{\"@id\":\"https:\\\/\\\/www.encontracamacari.com.br\\\/sobre\\\/#organization\"}}]}\n\t\t<\/script>\n\t\t<!-- All in One SEO -->\n\n","aioseo_head_json":{"title":"Polo Industrial de Cama\u00e7ari completa 48 anos e mant\u00e9m papel estrat\u00e9gico na economia da Bahia - Encontra Cama\u00e7ari","description":"Polo Industrial de Cama\u00e7ari completa 48 anos e fortalece a economia baiana.","canonical_url":"https:\/\/www.encontracamacari.com.br\/sobre\/polo-industrial-de-camacari-completa-48-anos-e-mantem-papel-estrategico-na-economia-da-bahia\/","robots":"max-image-preview:large","keywords":"","webmasterTools":{"miscellaneous":""},"schema":{"@context":"https:\/\/schema.org","@graph":[{"@type":"BlogPosting","@id":"https:\/\/www.encontracamacari.com.br\/sobre\/polo-industrial-de-camacari-completa-48-anos-e-mantem-papel-estrategico-na-economia-da-bahia\/#blogposting","name":"Polo Industrial de Cama\u00e7ari completa 48 anos e mant\u00e9m papel estrat\u00e9gico na economia da Bahia - Encontra Cama\u00e7ari","headline":"Polo Industrial de Cama\u00e7ari completa 48 anos e mant\u00e9m papel estrat\u00e9gico na economia da Bahia","author":{"@id":"https:\/\/www.encontracamacari.com.br\/sobre\/author\/ecamacari\/#author"},"publisher":{"@id":"https:\/\/www.encontracamacari.com.br\/sobre\/#organization"},"image":{"@type":"ImageObject","url":"https:\/\/www.encontracamacari.com.br\/sobre\/wp-content\/uploads\/2026\/07\/polo-industrial-de-camacari-completa-48-anos-e-mantem-papel-estrategico-na-economia-da-bahia.webp","width":280,"height":280,"caption":"Polo Industrial de Cama\u00e7ari"},"datePublished":"2026-07-06T13:05:16+00:00","dateModified":"2026-07-06T13:05:16+00:00","inLanguage":"pt-BR","mainEntityOfPage":{"@id":"https:\/\/www.encontracamacari.com.br\/sobre\/polo-industrial-de-camacari-completa-48-anos-e-mantem-papel-estrategico-na-economia-da-bahia\/#webpage"},"isPartOf":{"@id":"https:\/\/www.encontracamacari.com.br\/sobre\/polo-industrial-de-camacari-completa-48-anos-e-mantem-papel-estrategico-na-economia-da-bahia\/#webpage"},"articleSection":"Not\u00edcias Cama\u00e7ari"},{"@type":"BreadcrumbList","@id":"https:\/\/www.encontracamacari.com.br\/sobre\/polo-industrial-de-camacari-completa-48-anos-e-mantem-papel-estrategico-na-economia-da-bahia\/#breadcrumblist","itemListElement":[{"@type":"ListItem","@id":"https:\/\/www.encontracamacari.com.br\/sobre#listItem","position":1,"name":"Home","item":"https:\/\/www.encontracamacari.com.br\/sobre","nextItem":{"@type":"ListItem","@id":"https:\/\/www.encontracamacari.com.br\/sobre\/noticias-em-camacari\/#listItem","name":"Not\u00edcias Cama\u00e7ari"}},{"@type":"ListItem","@id":"https:\/\/www.encontracamacari.com.br\/sobre\/noticias-em-camacari\/#listItem","position":2,"name":"Not\u00edcias Cama\u00e7ari","item":"https:\/\/www.encontracamacari.com.br\/sobre\/noticias-em-camacari\/","nextItem":{"@type":"ListItem","@id":"https:\/\/www.encontracamacari.com.br\/sobre\/polo-industrial-de-camacari-completa-48-anos-e-mantem-papel-estrategico-na-economia-da-bahia\/#listItem","name":"Polo Industrial de Cama\u00e7ari completa 48 anos e mant\u00e9m papel estrat\u00e9gico na economia da Bahia"},"previousItem":{"@type":"ListItem","@id":"https:\/\/www.encontracamacari.com.br\/sobre#listItem","name":"Home"}},{"@type":"ListItem","@id":"https:\/\/www.encontracamacari.com.br\/sobre\/polo-industrial-de-camacari-completa-48-anos-e-mantem-papel-estrategico-na-economia-da-bahia\/#listItem","position":3,"name":"Polo Industrial de Cama\u00e7ari completa 48 anos e mant\u00e9m papel estrat\u00e9gico na economia da Bahia","previousItem":{"@type":"ListItem","@id":"https:\/\/www.encontracamacari.com.br\/sobre\/noticias-em-camacari\/#listItem","name":"Not\u00edcias Cama\u00e7ari"}}]},{"@type":"Organization","@id":"https:\/\/www.encontracamacari.com.br\/sobre\/#organization","name":"Encontra Cama\u00e7ari","description":"Not\u00edcias, eventos, informa\u00e7\u00f5es e dicas na cidade de Cama\u00e7ari e regi\u00e3o.","url":"https:\/\/www.encontracamacari.com.br\/sobre\/"},{"@type":"Person","@id":"https:\/\/www.encontracamacari.com.br\/sobre\/author\/ecamacari\/#author","url":"https:\/\/www.encontracamacari.com.br\/sobre\/author\/ecamacari\/","name":"Encontra Cama\u00e7ari","image":{"@type":"ImageObject","@id":"https:\/\/www.encontracamacari.com.br\/sobre\/polo-industrial-de-camacari-completa-48-anos-e-mantem-papel-estrategico-na-economia-da-bahia\/#authorImage","url":"https:\/\/secure.gravatar.com\/avatar\/507340682b8270222e1f208e23198b6ae7e2c6a1033ae84e99bc6bce4f82a387?s=96&d=mm&r=g","width":96,"height":96,"caption":"Encontra Cama\u00e7ari"}},{"@type":"WebPage","@id":"https:\/\/www.encontracamacari.com.br\/sobre\/polo-industrial-de-camacari-completa-48-anos-e-mantem-papel-estrategico-na-economia-da-bahia\/#webpage","url":"https:\/\/www.encontracamacari.com.br\/sobre\/polo-industrial-de-camacari-completa-48-anos-e-mantem-papel-estrategico-na-economia-da-bahia\/","name":"Polo Industrial de Cama\u00e7ari completa 48 anos e mant\u00e9m papel estrat\u00e9gico na economia da Bahia - Encontra Cama\u00e7ari","description":"Polo Industrial de Cama\u00e7ari completa 48 anos e fortalece a economia baiana.","inLanguage":"pt-BR","isPartOf":{"@id":"https:\/\/www.encontracamacari.com.br\/sobre\/#website"},"breadcrumb":{"@id":"https:\/\/www.encontracamacari.com.br\/sobre\/polo-industrial-de-camacari-completa-48-anos-e-mantem-papel-estrategico-na-economia-da-bahia\/#breadcrumblist"},"author":{"@id":"https:\/\/www.encontracamacari.com.br\/sobre\/author\/ecamacari\/#author"},"creator":{"@id":"https:\/\/www.encontracamacari.com.br\/sobre\/author\/ecamacari\/#author"},"image":{"@type":"ImageObject","url":"https:\/\/www.encontracamacari.com.br\/sobre\/wp-content\/uploads\/2026\/07\/polo-industrial-de-camacari-completa-48-anos-e-mantem-papel-estrategico-na-economia-da-bahia.webp","@id":"https:\/\/www.encontracamacari.com.br\/sobre\/polo-industrial-de-camacari-completa-48-anos-e-mantem-papel-estrategico-na-economia-da-bahia\/#mainImage","width":280,"height":280,"caption":"Polo Industrial de Cama\u00e7ari"},"primaryImageOfPage":{"@id":"https:\/\/www.encontracamacari.com.br\/sobre\/polo-industrial-de-camacari-completa-48-anos-e-mantem-papel-estrategico-na-economia-da-bahia\/#mainImage"},"datePublished":"2026-07-06T13:05:16+00:00","dateModified":"2026-07-06T13:05:16+00:00"},{"@type":"WebSite","@id":"https:\/\/www.encontracamacari.com.br\/sobre\/#website","url":"https:\/\/www.encontracamacari.com.br\/sobre\/","name":"Encontra Cama\u00e7ari","description":"Not\u00edcias, eventos, informa\u00e7\u00f5es e dicas na cidade de Cama\u00e7ari e regi\u00e3o.","inLanguage":"pt-BR","publisher":{"@id":"https:\/\/www.encontracamacari.com.br\/sobre\/#organization"}}]},"og:locale":"pt_BR","og:site_name":"Encontra Cama\u00e7ari - Not\u00edcias, eventos, informa\u00e7\u00f5es e dicas na cidade de Cama\u00e7ari e regi\u00e3o.","og:type":"article","og:title":"Polo Industrial de Cama\u00e7ari completa 48 anos e mant\u00e9m papel estrat\u00e9gico na economia da Bahia - Encontra Cama\u00e7ari","og:description":"Polo Industrial de Cama\u00e7ari completa 48 anos e fortalece a economia baiana.","og:url":"https:\/\/www.encontracamacari.com.br\/sobre\/polo-industrial-de-camacari-completa-48-anos-e-mantem-papel-estrategico-na-economia-da-bahia\/","article:published_time":"2026-07-06T13:05:16+00:00","article:modified_time":"2026-07-06T13:05:16+00:00","twitter:card":"summary_large_image","twitter:title":"Polo Industrial de Cama\u00e7ari completa 48 anos e mant\u00e9m papel estrat\u00e9gico na economia da Bahia - Encontra Cama\u00e7ari","twitter:description":"Polo Industrial de Cama\u00e7ari completa 48 anos e fortalece a economia baiana."},"aioseo_meta_data":{"post_id":"1306","title":null,"description":null,"keywords":null,"keyphrases":null,"primary_term":null,"canonical_url":null,"og_title":null,"og_description":null,"og_object_type":"default","og_image_type":"default","og_image_url":null,"og_image_width":null,"og_image_height":null,"og_image_custom_url":null,"og_image_custom_fields":null,"og_video":null,"og_custom_url":null,"og_article_section":null,"og_article_tags":null,"twitter_use_og":false,"twitter_card":"default","twitter_image_type":"default","twitter_image_url":null,"twitter_image_custom_url":null,"twitter_image_custom_fields":null,"twitter_title":null,"twitter_description":null,"schema":{"blockGraphs":[],"customGraphs":[],"default":{"data":{"Article":[],"Course":[],"Dataset":[],"FAQPage":[],"Movie":[],"Person":[],"Product":[],"ProductReview":[],"Car":[],"Recipe":[],"Service":[],"SoftwareApplication":[],"WebPage":[]},"graphName":"BlogPosting","isEnabled":true},"graphs":[]},"schema_type":"default","schema_type_options":null,"pillar_content":false,"robots_default":true,"robots_noindex":false,"robots_noarchive":false,"robots_nosnippet":false,"robots_nofollow":false,"robots_noimageindex":false,"robots_noodp":false,"robots_notranslate":false,"robots_max_snippet":null,"robots_max_videopreview":null,"robots_max_imagepreview":"large","priority":null,"frequency":null,"local_seo":null,"limit_modified_date":false,"created":"2026-07-06 13:05:20","updated":"2026-08-06 03:36:51","focus_keyword":null,"additional_keywords":null,"truseo_locale":null,"ai":null,"breadcrumb_settings":null,"seo_analyzer_scan_date":null},"aioseo_breadcrumb":"<div class=\"aioseo-breadcrumbs\"><span class=\"aioseo-breadcrumb\">\n\t\t\t<a href=\"https:\/\/www.encontracamacari.com.br\/sobre\" title=\"Home\">Home<\/a>\n\t\t<\/span><span class=\"aioseo-breadcrumb-separator\">&raquo;<\/span><span class=\"aioseo-breadcrumb\">\n\t\t\t<a href=\"https:\/\/www.encontracamacari.com.br\/sobre\/noticias-em-camacari\/\" title=\"Not\u00edcias Cama\u00e7ari\">Not\u00edcias Cama\u00e7ari<\/a>\n\t\t<\/span><span class=\"aioseo-breadcrumb-separator\">&raquo;<\/span><span class=\"aioseo-breadcrumb\">\n\t\t\tPolo Industrial de Cama\u00e7ari completa 48 anos e mant\u00e9m papel estrat\u00e9gico na economia da Bahia\n\t\t<\/span><\/div>","aioseo_breadcrumb_json":[{"label":"Home","link":"https:\/\/www.encontracamacari.com.br\/sobre"},{"label":"Not\u00edcias Cama\u00e7ari","link":"https:\/\/www.encontracamacari.com.br\/sobre\/noticias-em-camacari\/"},{"label":"Polo Industrial de Cama\u00e7ari completa 48 anos e mant\u00e9m papel estrat\u00e9gico na economia da Bahia","link":"https:\/\/www.encontracamacari.com.br\/sobre\/polo-industrial-de-camacari-completa-48-anos-e-mantem-papel-estrategico-na-economia-da-bahia\/"}],"_links":{"self":[{"href":"https:\/\/www.encontracamacari.com.br\/sobre\/wp-json\/wp\/v2\/posts\/1306","targetHints":{"allow":["GET"]}}],"collection":[{"href":"https:\/\/www.encontracamacari.com.br\/sobre\/wp-json\/wp\/v2\/posts"}],"about":[{"href":"https:\/\/www.encontracamacari.com.br\/sobre\/wp-json\/wp\/v2\/types\/post"}],"author":[{"embeddable":true,"href":"https:\/\/www.encontracamacari.com.br\/sobre\/wp-json\/wp\/v2\/users\/1"}],"replies":[{"embeddable":true,"href":"https:\/\/www.encontracamacari.com.br\/sobre\/wp-json\/wp\/v2\/comments?post=1306"}],"version-history":[{"count":0,"href":"https:\/\/www.encontracamacari.com.br\/sobre\/wp-json\/wp\/v2\/posts\/1306\/revisions"}],"wp:featuredmedia":[{"embeddable":true,"href":"https:\/\/www.encontracamacari.com.br\/sobre\/wp-json\/wp\/v2\/media\/1305"}],"wp:attachment":[{"href":"https:\/\/www.encontracamacari.com.br\/sobre\/wp-json\/wp\/v2\/media?parent=1306"}],"wp:term":[{"taxonomy":"category","embeddable":true,"href":"https:\/\/www.encontracamacari.com.br\/sobre\/wp-json\/wp\/v2\/categories?post=1306"},{"taxonomy":"post_tag","embeddable":true,"href":"https:\/\/www.encontracamacari.com.br\/sobre\/wp-json\/wp\/v2\/tags?post=1306"}],"curies":[{"name":"wp","href":"https:\/\/api.w.org\/{rel}","templated":true}]}}